{"id":28417,"date":"2017-09-23T12:14:09","date_gmt":"2017-09-23T15:14:09","guid":{"rendered":"http:\/\/rioonwatch.org.br\/?p=28417"},"modified":"2024-06-20T13:36:23","modified_gmt":"2024-06-20T16:36:23","slug":"gizele-martins-da-mare-recebe-a-principal-comenda-da-cidade-do-rio-de-janeiro","status":"publish","type":"post","link":"https:\/\/rioonwatch.org.br\/?p=28417","title":{"rendered":"Gizele Martins da Mar\u00e9 Recebe a Principal Comenda da Cidade do Rio de Janeiro"},"content":{"rendered":"<p style=\"text-align: right;\"><em><strong><a href=\"http:\/\/bit.ly\/2fd2Yz8\" target=\"_blank\" rel=\"noopener noreferrer\">Click Here for English<img decoding=\"async\" width=\"20\" height=\"20\" class=\"alignright wp-image-15790\" src=\"http:\/\/rioonwatch.org.br\/wp-content\/uploads\/2012\/08\/EN-standard-e1439583104716.jpg\" alt=\"\" \/><\/a><\/strong><\/em><\/p>\n<p><span style=\"font-weight: 400;\">No dia 16 de setembro, a ativista, comunicadora comunit\u00e1ria, e moradora do <\/span><a href=\"http:\/\/bit.ly\/U0MiGm\" target=\"_blank\" rel=\"noopener noreferrer\"><span style=\"font-weight: 400;\">Complexo<\/span> <span style=\"font-weight: 400;\">da<\/span> <span style=\"font-weight: 400;\">Mar\u00e9<\/span><\/a><span style=\"font-weight: 400;\">, <\/span><a href=\"http:\/\/bit.ly\/24KePW5\" target=\"_blank\" rel=\"noopener noreferrer\"><span style=\"font-weight: 400;\">Gizele<\/span> <span style=\"font-weight: 400;\">Martins<\/span><\/a><span style=\"font-weight: 400;\">, recebeu a Medalha Pedro Ernesto em uma cerim\u00f4nia no <\/span><a href=\"http:\/\/bit.ly\/1MXq2w7\" target=\"_blank\" rel=\"noopener noreferrer\"><span style=\"font-weight: 400;\">Museu da Mar\u00e9<\/span><\/a><span style=\"font-weight: 400;\">.<\/span><span style=\"font-weight: 400;\"> A Medalha Pedro Ernesto \u00e9 a <\/span><a href=\"http:\/\/bit.ly\/2yeEmOb\" target=\"_blank\" rel=\"noopener noreferrer\"><span style=\"font-weight: 400;\">mais alta condecora\u00e7\u00e3o<\/span><\/a><span style=\"font-weight: 400;\"> concedida pela C\u00e2mara Municipal do Rio de Janeiro, e \u00e9 destinada a indiv\u00edduos que fizeram contribui\u00e7\u00f5es de destaque para a sociedade brasileira ou internacional.<\/span><\/p>\n<p><span style=\"font-weight: 400;\">No dia, aproximadamente cem pessoas estiveram presentes para uma s\u00e9rie de atividades organizadas para comemorar a homenagem \u00e0 Gizele. Gizele trabalhou como jornalista e editora-chefe do <\/span><a href=\"http:\/\/bit.ly\/2c6eb1y\" target=\"_blank\" rel=\"noopener noreferrer\"><em><span style=\"font-weight: 400;\">O Cidad\u00e3o<\/span><\/em><\/a><span style=\"font-weight: 400;\">, um jornal dedicado \u00e0s dezesseis favelas da <\/span><a href=\"http:\/\/bit.ly\/WximDf\" target=\"_blank\" rel=\"noopener noreferrer\"><span style=\"font-weight: 400;\">Zona Norte<\/span><\/a><span style=\"font-weight: 400;\"> que comp\u00f5em a Mar\u00e9, mas isso \u00e9 somente um de seus muitos projetos. Ela organizou<\/span> <a href=\"http:\/\/bit.ly\/2crZojj\" target=\"_blank\" rel=\"noopener noreferrer\"><span style=\"font-weight: 400;\">confer\u00eancias sobre comunica\u00e7\u00e3o<\/span><\/a><span style=\"font-weight: 400;\"> e cursos para moradores da Mar\u00e9 e conduziu oficinas para ensinar aos moradores sobre seus <\/span><span style=\"font-weight: 400;\"><a href=\"http:\/\/bit.ly\/1iqdzi3\" target=\"_blank\" rel=\"noopener noreferrer\">direitos<\/a>\u00a0e tamb\u00e9m<\/span><span style=\"font-weight: 400;\">\u00a0sobre<\/span><span style=\"font-weight: 400;\">\u00a0<a href=\"http:\/\/bit.ly\/1J37ZQ2\" target=\"_blank\" rel=\"noopener noreferrer\">desigualdades de g\u00eanero<\/a> e <a href=\"http:\/\/bit.ly\/1uqz3CW\" target=\"_blank\" rel=\"noopener noreferrer\">raciais<\/a><\/span><span style=\"font-weight: 400;\">. Gizele tamb\u00e9m faz parte do <a href=\"http:\/\/bit.ly\/1pK8M6N\" target=\"_blank\" rel=\"noopener noreferrer\">F\u00f3rum de Juventudes do Rio de Janeiro<\/a>&#8211;o qual \u00e9 respons\u00e1vel pela cria\u00e7\u00e3o do aplicativo <\/span><span style=\"font-weight: 400;\">\u201c<a href=\"http:\/\/bit.ly\/1YMTWrh\" target=\"_blank\" rel=\"noopener noreferrer\">N\u00f3s por N\u00f3s<\/a>\u201d<\/span><span style=\"font-weight: 400;\">\u00a0que ajuda a relatar a viol\u00eancia policial&#8211;e tem guiado <\/span><a href=\"http:\/\/bit.ly\/2l07NfM\" target=\"_blank\" rel=\"noopener noreferrer\"><span style=\"font-weight: 400;\">t<\/span><span style=\"font-weight: 400;\">ours para\u00a0desestigmatizar as favelas<\/span><\/a><span style=\"font-weight: 400;\">.<\/span><\/p>\n<p><a href=\"http:\/\/rioonwatch.org.br\/wp-content\/uploads\/2017\/09\/IMG_55451.jpg\"><img fetchpriority=\"high\" decoding=\"async\" class=\"aligncenter wp-image-28424 size-content\" title=\"Da esquerda para a direita: Glaucia Marinho, Renata Souza, Renato Cinco, Maria dos Camel\u00f4s e Patr\u00edcia Oliveira.\" src=\"http:\/\/rioonwatch.org.br\/wp-content\/uploads\/2017\/09\/IMG_55451-620x264.jpg\" alt=\"\" width=\"620\" height=\"264\" srcset=\"https:\/\/rioonwatch.org.br\/wp-content\/uploads\/2017\/09\/IMG_55451-620x264.jpg 620w, https:\/\/rioonwatch.org.br\/wp-content\/uploads\/2017\/09\/IMG_55451-940x400.jpg 940w\" sizes=\"(max-width: 620px) 100vw, 620px\" \/><\/a><\/p>\n<p><span style=\"font-weight: 400;\">A primeira atividade do evento foi um painel de discuss\u00e3o com o nome \u201cMilitariza\u00e7\u00e3o da Vida e Resist\u00eancia nas Favelas Cariocas\u201d. O painel contou com a comunicadora comunit\u00e1ria Dra. Renata Souza, a vendedora ambulante Maria dos Camel\u00f4s, a especialista na preven\u00e7\u00e3o e combate \u00e0 tortura Patr\u00edcia Oliveira e a coordenadora da Justi\u00e7a Global, Glaucia Marinho.<\/span><\/p>\n<p><span style=\"font-weight: 400;\">Elas conversaram sobre a militariza\u00e7\u00e3o e a <\/span><a href=\"http:\/\/bit.ly\/1qwYRu4\" target=\"_blank\" rel=\"noopener noreferrer\"><span style=\"font-weight: 400;\">ocupa\u00e7\u00e3o das favelas<\/span><\/a><span style=\"font-weight: 400;\">, com \u00eanfase particular nos impactos na <\/span><a href=\"http:\/\/bit.ly\/2l0pM9h\" target=\"_blank\" rel=\"noopener noreferrer\"><span style=\"font-weight: 400;\">educa\u00e7\u00e3o<\/span><\/a><span style=\"font-weight: 400;\">. Renata informou ao p\u00fablico que \u201cas opera\u00e7\u00f5es t\u00eam sido t\u00e3o constantes que um pesquisador da Mar\u00e9 descobriu que os estudantes da Mar\u00e9 perderam vinte dias de aulas em 2016. Agora vamos fazer um r\u00e1pido c\u00e1lculo&#8211;vinte dias sem aulas significa que os estudantes perderam um m\u00eas de aulas. Em doze anos, esse mesmo estudante\u2026 perder\u00e1 um ano de doze anos de educa\u00e7\u00e3o que ele ou ela deveria ter\u201d. Os palestrantes tamb\u00e9m criticaram a <\/span><a href=\"http:\/\/bit.ly\/1IuqD7P\" target=\"_blank\" rel=\"noopener noreferrer\"><span style=\"font-weight: 400;\">grande m\u00eddia<\/span><\/a><span style=\"font-weight: 400;\"> pelo papel dela na <\/span><a href=\"http:\/\/bit.ly\/2buISj2\" target=\"_blank\" rel=\"noopener noreferrer\"><span style=\"font-weight: 400;\">criminaliza\u00e7\u00e3o da pobreza<\/span><\/a><span style=\"font-weight: 400;\"> atrav\u00e9s de <\/span><a href=\"http:\/\/bit.ly\/2jGz0Zu\" target=\"_blank\" rel=\"noopener noreferrer\"><span style=\"font-weight: 400;\">reportagens unilaterais<\/span><\/a><span style=\"font-weight: 400;\"> sobre as opera\u00e7\u00f5es militares nas favelas.<\/span><\/p>\n<p><span style=\"font-weight: 400;\">Ap\u00f3s o debate, comidas e bebidas foram oferecidas aos participantes antes que os atores do <\/span><a href=\"http:\/\/bit.ly\/2ctlDcj\" target=\"_blank\" rel=\"noopener noreferrer\"><span style=\"font-weight: 400;\">Grupo Atiro e Mar\u00e9MoTO<\/span><\/a><span style=\"font-weight: 400;\"> (parte do <\/span><a href=\"http:\/\/bit.ly\/2hKr5cm\" target=\"_blank\" rel=\"noopener noreferrer\"><span style=\"font-weight: 400;\">Teatro do Oprimido na Mar\u00e9<\/span><\/a><span style=\"font-weight: 400;\">) apresentassem cenas retratando racismo, sa\u00fade e f\u00e9.<\/span><\/p>\n<p><a href=\"http:\/\/rioonwatch.org.br\/wp-content\/uploads\/2017\/09\/Grupo-Atiro-e-Mar\u00e9MoTO.jpg\"><img decoding=\"async\" class=\"aligncenter wp-image-28426 size-content\" title=\"Performance do Grupo Atiro e Mar\u00e9MoTO. Foto de Sidney Magana\" src=\"http:\/\/rioonwatch.org.br\/wp-content\/uploads\/2017\/09\/Grupo-Atiro-e-Mar\u00e9MoTO-620x264.jpg\" alt=\"\" width=\"620\" height=\"264\" srcset=\"https:\/\/rioonwatch.org.br\/wp-content\/uploads\/2017\/09\/Grupo-Atiro-e-Mar\u00e9MoTO-620x264.jpg 620w, https:\/\/rioonwatch.org.br\/wp-content\/uploads\/2017\/09\/Grupo-Atiro-e-Mar\u00e9MoTO-940x400.jpg 940w\" sizes=\"(max-width: 620px) 100vw, 620px\" \/><\/a><\/p>\n<div>Ap\u00f3s isso, mudando o foco para a homenageada, membros da comunidade se revezaram elogiando Gizele pelas suas muitas realiza\u00e7\u00f5es. Oradores compartilharam hist\u00f3rias pessoais envolvendo os triunfos e a resili\u00eancia de Gizele e descreveram-na como uma farol na comunidade. De m\u00e3es que perderam seus filhos a pastores e mobilizadores locais, todos concordaram que Gizele representa n\u00e3o apenas ela e sua fam\u00edlia, mas toda a Mar\u00e9. Ela \u00e9 uma \u201cguerreira\u201d, disseram.\u00a0<span style=\"font-weight: 400;\">Esses sentimentos ecoaram ao longo dos dias seguintes nas m\u00eddias sociais. Uma pessoa <\/span><span style=\"font-weight: 400;\"><a href=\"http:\/\/bit.ly\/2hm9sN4\" target=\"_blank\" rel=\"noopener noreferrer\">comentou na p\u00e1gina do Facebook de Gizele<\/a>:<\/span><span style=\"font-weight: 400;\"> \u201cVoc\u00ea \u00e9 muito merecedora [da comenda] e eu como moradora de favela me sinto representada por sua conquista!\u201d <\/span><a href=\"http:\/\/bit.ly\/2hmI29B\" target=\"_blank\" rel=\"noopener noreferrer\"><span style=\"font-weight: 400;\">Outra declarou<\/span><\/a><span style=\"font-weight: 400;\">: \u201cValeu\u00a0Gizele Martins\u00a0por todo seu trabalho escancarando a persegui\u00e7\u00e3o e o genoc\u00eddio ao\/do povo negro e favelado!\u201d.\u00a0<\/span><a href=\"http:\/\/bit.ly\/2hkhohu\" target=\"_blank\" rel=\"noopener noreferrer\"><span style=\"font-weight: 400;\">Outro coment\u00e1rio descreveu-a <\/span><\/a><span style=\"font-weight: 400;\">como \u201cincans\u00e1vel\u201d, destacando que no dia ap\u00f3s receber a medalha, Gizele <\/span><span style=\"font-weight: 400;\">estava na <a href=\"http:\/\/bit.ly\/2xTTzbi\" target=\"_blank\" rel=\"noopener noreferrer\">passeata contra a intoler\u00e2ncia religiosa<\/a>.<\/span><\/div>\n<p><span style=\"font-weight: 400;\">Antes de entregar a medalha, o vereador Renato Cinco reiterou a ideia de Gizele ser representante de um grande grupo, explicando que ao celebrar o trabalho dela, a <a href=\"http:\/\/bit.ly\/1piRAgk\" target=\"_blank\" rel=\"noopener noreferrer\">resist\u00eancia<\/a> das favelas e as pr\u00f3prias favelas mais amplamente tamb\u00e9m estavam sendo celebradas.<\/span><\/p>\n<p><span style=\"font-weight: 400;\">Durante seu discurso de agradecimento, Gizele falou da sua luta como uma moradora da Mar\u00e9 estudando na PUC-Rio, uma conceituada universidade localizada na rica\u00a0<\/span><a href=\"http:\/\/bit.ly\/1mNsDyk\" target=\"_blank\" rel=\"noopener noreferrer\"><span style=\"font-weight: 400;\">Zona Sul<\/span><\/a><span style=\"font-weight: 400;\">. Ela lembrou a plateia que: \u201cNa Mar\u00e9, n\u00f3s n\u00e3o temos um \u00f4nibus que vai direto para a Zona Sul\u201d. Al\u00e9m disso, ela falou <\/span><a href=\"http:\/\/bit.ly\/2kMXvQK\" target=\"_blank\" rel=\"noopener noreferrer\"><span style=\"font-weight: 400;\">do modo que ela foi tratada e se sentiu como uma moradora de favela na universidade<\/span><\/a><span style=\"font-weight: 400;\">, relatando que \u201ca faculdade nos trata como lixo porque n\u00e3o somos ricos&#8221;, e descreveu como os outros estudantes julgavam suas roupas. Ainda assim, desafiar <a href=\"http:\/\/bit.ly\/P4itK0\" target=\"_blank\" rel=\"noopener noreferrer\">essas atitudes<\/a> tornou-se parte de sua luta<\/span><span style=\"font-weight: 400;\">: \u201cN\u00e3o temos que ter vergonha\u2026 s\u00e3o eles que t\u00eam que ter vergonha, aqueles que n\u00e3o nos respeitam&#8221;.<\/span><\/p>\n<p><span style=\"font-weight: 400;\">Exemplificando o porqu\u00ea de muitas pessoas a verem como uma representante, durante o seu discurso, Gizele repetiu: \u201cEu sou a favela, eu sou gay, eu sou ind\u00edgena&#8230;\u201d, reconhecendo e declarando solidariedade com um grande contingente de marginalizados no Brasil.<\/span><\/p>\n<p><span style=\"font-weight: 400;\">Ela dedicou a condecora\u00e7\u00e3o \u00e0s favelas da Mar\u00e9 como um s\u00edmbolo para todos os moradores que buscam suas vozes e resistem \u00e0s opress\u00f5es. Ela chamou todos para agirem, declarando que \u201ca favela vive, existe e resiste&#8221;.<\/span><\/p>\n<p><a href=\"http:\/\/rioonwatch.org.br\/wp-content\/uploads\/2017\/09\/IMG_55771-e1505848231536.jpg\"><img loading=\"lazy\" decoding=\"async\" class=\"aligncenter wp-image-28427 size-content\" title=\"Gizele Martins recebe a medalha de Pedro Ernesto. Foto de Sidney Magana\" src=\"http:\/\/rioonwatch.org.br\/wp-content\/uploads\/2017\/09\/IMG_55771-e1505848231536-620x264.jpg\" alt=\"\" width=\"620\" height=\"264\" srcset=\"https:\/\/rioonwatch.org.br\/wp-content\/uploads\/2017\/09\/IMG_55771-e1505848231536-620x264.jpg 620w, https:\/\/rioonwatch.org.br\/wp-content\/uploads\/2017\/09\/IMG_55771-e1505848231536-940x400.jpg 940w\" sizes=\"(max-width: 620px) 100vw, 620px\" \/><\/a><\/p>\n<p><span style=\"font-weight: 400;\">O Museu da Mar\u00e9, local da cerim\u00f4nia de premia\u00e7\u00e3o no s\u00e1bado, foi criado por moradores da Mar\u00e9 que perceberam que haviam grandes mal-entendidos sobre a <\/span><a href=\"http:\/\/bit.ly\/2upxtLo\" target=\"_blank\" rel=\"noopener noreferrer\"><span style=\"font-weight: 400;\">hist\u00f3ria da \u00e1rea<\/span><\/a><span style=\"font-weight: 400;\"> e <a href=\"http:\/\/bit.ly\/2jQgHwX\" target=\"_blank\" rel=\"noopener noreferrer\">como ela veio a existir<\/a>. Com a inaugura\u00e7\u00e3o do museu, <\/span><a href=\"http:\/\/bit.ly\/1T7pRnW\" target=\"_blank\" rel=\"noopener noreferrer\"><span style=\"font-weight: 400;\">h\u00e1 onze anos<\/span><\/a><span style=\"font-weight: 400;\">, eles procuraram inspirar uma imagem mais positiva das favelas e ampliar as vozes de seus moradores. Desse modo, o museu foi o local perfeito para Gizele ser homenageada.<\/span><\/p>\n<p><a href=\"http:\/\/rioonwatch.org.br\/wp-content\/uploads\/2017\/09\/Mare.jpg\"><img loading=\"lazy\" decoding=\"async\" class=\"aligncenter wp-image-28428 size-content\" title=\"Foto por Sidney Magana\" src=\"http:\/\/rioonwatch.org.br\/wp-content\/uploads\/2017\/09\/Mare-620x264.jpg\" alt=\"\" width=\"620\" height=\"264\" srcset=\"https:\/\/rioonwatch.org.br\/wp-content\/uploads\/2017\/09\/Mare-620x264.jpg 620w, https:\/\/rioonwatch.org.br\/wp-content\/uploads\/2017\/09\/Mare-940x400.jpg 940w\" sizes=\"(max-width: 620px) 100vw, 620px\" \/><\/a><\/p>\n<!-- AddThis Advanced Settings generic via filter on the_content --><!-- AddThis Share Buttons generic via filter on the_content -->","protected":false},"excerpt":{"rendered":"<div class=\"mh-excerpt\"><p>Click Here for English No dia 16 de setembro, a ativista, comunicadora comunit\u00e1ria, e moradora do Complexo da Mar\u00e9, Gizele Martins, recebeu a Medalha Pedro Ernesto em uma cerim\u00f4nia no Museu da Mar\u00e9. A Medalha <a class=\"mh-excerpt-more\" href=\"https:\/\/rioonwatch.org.br\/?p=28417\" title=\"Gizele Martins da Mar\u00e9 Recebe a Principal Comenda da Cidade do Rio de Janeiro\">[&#8230;]<\/a><!-- AddThis Advanced Settings generic via filter on get_the_excerpt --><!-- AddThis Share Buttons generic via filter on get_the_excerpt --><\/p>\n<\/div>","protected":false},"author":129,"featured_media":28422,"comment_status":"closed","ping_status":"closed","sticky":false,"template":"","format":"standard","meta":{"_acf_changed":false,"_monsterinsights_skip_tracking":false,"_monsterinsights_sitenote_active":false,"_monsterinsights_sitenote_note":"","_monsterinsights_sitenote_category":0,"footnotes":""},"categories":[1621,1627,1629,1626,1613],"tags":[1754,1464,332,1530,1795,1106,1704,758,298,950,2337,218],"writer":[2212],"translator":[1870],"source":[],"ilustrador":[],"fotografo":[],"class_list":{"0":"post-28417","1":"post","2":"type-post","3":"status-publish","4":"format-standard","5":"has-post-thumbnail","7":"category-destaque","8":"category-relato-de-evento","9":"category-entrevistas-e-perfis","10":"category-por-observadores-internacionais","11":"category-midia-comunitaria","12":"tag-camara-dos-vereadores","13":"tag-comemoracao","14":"tag-complexo-da-mare","15":"tag-midia-comunitaria","16":"tag-lideranca-comunitaria","17":"tag-museu-da-mare","18":"tag-o-cidadao","19":"tag-orgulho-comunitario","20":"tag-perfil-de-lideranca","21":"tag-premio","22":"tag-vereador-renato-cinco-psol","23":"tag-zona-norte","24":"writer-sidney-magana","25":"translator-halina-machado"},"acf":[],"yoast_head":"<!-- This site is optimized with the Yoast SEO plugin v25.6 - https:\/\/yoast.com\/wordpress\/plugins\/seo\/ -->\n<title>Gizele Martins da Mar\u00e9 Recebe a Principal Comenda da Cidade do Rio de Janeiro - RioOnWatch<\/title>\n<meta name=\"robots\" content=\"index, follow, max-snippet:-1, max-image-preview:large, max-video-preview:-1\" \/>\n<link rel=\"canonical\" href=\"https:\/\/rioonwatch.org.br\/?p=28417\" \/>\n<meta property=\"og:locale\" content=\"pt_BR\" \/>\n<meta property=\"og:type\" content=\"article\" \/>\n<meta property=\"og:title\" content=\"Gizele Martins da Mar\u00e9 Recebe a Principal Comenda da Cidade do Rio de Janeiro - RioOnWatch\" \/>\n<meta property=\"og:description\" content=\"Click Here for English No dia 16 de setembro, a ativista, comunicadora comunit\u00e1ria, e moradora do Complexo da Mar\u00e9, Gizele Martins, recebeu a Medalha Pedro Ernesto em uma cerim\u00f4nia no Museu da Mar\u00e9. A Medalha [...]\" \/>\n<meta property=\"og:url\" content=\"https:\/\/rioonwatch.org.br\/?p=28417\" \/>\n<meta property=\"og:site_name\" content=\"RioOnWatch\" \/>\n<meta property=\"article:published_time\" content=\"2017-09-23T15:14:09+00:00\" \/>\n<meta property=\"article:modified_time\" content=\"2024-06-20T16:36:23+00:00\" \/>\n<meta property=\"og:image\" content=\"https:\/\/rioonwatch.org.br\/wp-content\/uploads\/2017\/09\/Gizele-Martins-Pedro-Ernesto-ceremony-e1505961967279.jpg\" \/>\n\t<meta property=\"og:image:width\" content=\"1077\" \/>\n\t<meta property=\"og:image:height\" content=\"626\" \/>\n\t<meta property=\"og:image:type\" content=\"image\/jpeg\" \/>\n<meta name=\"author\" content=\"Admin\" \/>\n<meta name=\"twitter:card\" content=\"summary_large_image\" \/>\n<meta name=\"twitter:label1\" content=\"Escrito por\" \/>\n\t<meta name=\"twitter:data1\" content=\"Admin\" \/>\n\t<meta name=\"twitter:label2\" content=\"Est. tempo de leitura\" \/>\n\t<meta name=\"twitter:data2\" content=\"4 minutos\" \/>\n<script type=\"application\/ld+json\" class=\"yoast-schema-graph\">{\"@context\":\"https:\/\/schema.org\",\"@graph\":[{\"@type\":\"Article\",\"@id\":\"https:\/\/rioonwatch.org.br\/?p=28417#article\",\"isPartOf\":{\"@id\":\"https:\/\/rioonwatch.org.br\/?p=28417\"},\"author\":{\"name\":\"Admin\",\"@id\":\"https:\/\/rioonwatch.org.br\/#\/schema\/person\/11d64c290506f9df50c71b850c473f68\"},\"headline\":\"Gizele Martins da Mar\u00e9 Recebe a Principal Comenda da Cidade do Rio de Janeiro\",\"datePublished\":\"2017-09-23T15:14:09+00:00\",\"dateModified\":\"2024-06-20T16:36:23+00:00\",\"mainEntityOfPage\":{\"@id\":\"https:\/\/rioonwatch.org.br\/?p=28417\"},\"wordCount\":912,\"publisher\":{\"@id\":\"https:\/\/rioonwatch.org.br\/#organization\"},\"image\":{\"@id\":\"https:\/\/rioonwatch.org.br\/?p=28417#primaryimage\"},\"thumbnailUrl\":\"https:\/\/rioonwatch.org.br\/wp-content\/uploads\/2017\/09\/Gizele-Martins-Pedro-Ernesto-ceremony-e1505961967279.jpg\",\"keywords\":[\"C\u00e2mara dos Vereadores\",\"comemora\u00e7\u00e3o\",\"Complexo da Mar\u00e9\",\"Comunica\u00e7\u00e3o Comunit\u00e1ria\",\"lideran\u00e7a comunit\u00e1ria\",\"Museu da Mar\u00e9\",\"O Cidad\u00e3o\",\"orgulho comunit\u00e1rio\",\"perfil de lideran\u00e7a\",\"pr\u00eamio\",\"Renato Cinco (PSOL)\",\"Zona Norte\"],\"articleSection\":[\"*Destaque\",\"Cobertura de Eventos\",\"Entrevistas e Perfis\",\"Escrito por Aliados\",\"M\u00eddia Comunit\u00e1ria\"],\"inLanguage\":\"pt-BR\"},{\"@type\":\"WebPage\",\"@id\":\"https:\/\/rioonwatch.org.br\/?p=28417\",\"url\":\"https:\/\/rioonwatch.org.br\/?p=28417\",\"name\":\"Gizele Martins da Mar\u00e9 Recebe a Principal Comenda da Cidade do Rio de Janeiro - RioOnWatch\",\"isPartOf\":{\"@id\":\"https:\/\/rioonwatch.org.br\/#website\"},\"primaryImageOfPage\":{\"@id\":\"https:\/\/rioonwatch.org.br\/?p=28417#primaryimage\"},\"image\":{\"@id\":\"https:\/\/rioonwatch.org.br\/?p=28417#primaryimage\"},\"thumbnailUrl\":\"https:\/\/rioonwatch.org.br\/wp-content\/uploads\/2017\/09\/Gizele-Martins-Pedro-Ernesto-ceremony-e1505961967279.jpg\",\"datePublished\":\"2017-09-23T15:14:09+00:00\",\"dateModified\":\"2024-06-20T16:36:23+00:00\",\"breadcrumb\":{\"@id\":\"https:\/\/rioonwatch.org.br\/?p=28417#breadcrumb\"},\"inLanguage\":\"pt-BR\",\"potentialAction\":[{\"@type\":\"ReadAction\",\"target\":[\"https:\/\/rioonwatch.org.br\/?p=28417\"]}]},{\"@type\":\"ImageObject\",\"inLanguage\":\"pt-BR\",\"@id\":\"https:\/\/rioonwatch.org.br\/?p=28417#primaryimage\",\"url\":\"https:\/\/rioonwatch.org.br\/wp-content\/uploads\/2017\/09\/Gizele-Martins-Pedro-Ernesto-ceremony-e1505961967279.jpg\",\"contentUrl\":\"https:\/\/rioonwatch.org.br\/wp-content\/uploads\/2017\/09\/Gizele-Martins-Pedro-Ernesto-ceremony-e1505961967279.jpg\",\"width\":1077,\"height\":626},{\"@type\":\"BreadcrumbList\",\"@id\":\"https:\/\/rioonwatch.org.br\/?p=28417#breadcrumb\",\"itemListElement\":[{\"@type\":\"ListItem\",\"position\":1,\"name\":\"In\u00edcio\",\"item\":\"https:\/\/rioonwatch.org.br\/\"},{\"@type\":\"ListItem\",\"position\":2,\"name\":\"Gizele Martins da Mar\u00e9 Recebe a Principal Comenda da Cidade do Rio de Janeiro\"}]},{\"@type\":\"WebSite\",\"@id\":\"https:\/\/rioonwatch.org.br\/#website\",\"url\":\"https:\/\/rioonwatch.org.br\/\",\"name\":\"RioOnWatch\",\"description\":\"relatos das favelas cariocas\",\"publisher\":{\"@id\":\"https:\/\/rioonwatch.org.br\/#organization\"},\"potentialAction\":[{\"@type\":\"SearchAction\",\"target\":{\"@type\":\"EntryPoint\",\"urlTemplate\":\"https:\/\/rioonwatch.org.br\/?s={search_term_string}\"},\"query-input\":{\"@type\":\"PropertyValueSpecification\",\"valueRequired\":true,\"valueName\":\"search_term_string\"}}],\"inLanguage\":\"pt-BR\"},{\"@type\":\"Organization\",\"@id\":\"https:\/\/rioonwatch.org.br\/#organization\",\"name\":\"RioOnWatch\",\"url\":\"https:\/\/rioonwatch.org.br\/\",\"logo\":{\"@type\":\"ImageObject\",\"inLanguage\":\"pt-BR\",\"@id\":\"https:\/\/rioonwatch.org.br\/#\/schema\/logo\/image\/\",\"url\":\"https:\/\/rioonwatch.org.br\/wp-content\/uploads\/2021\/06\/RioOnWatchcabecalhoPT11anos-2.png\",\"contentUrl\":\"https:\/\/rioonwatch.org.br\/wp-content\/uploads\/2021\/06\/RioOnWatchcabecalhoPT11anos-2.png\",\"width\":779,\"height\":277,\"caption\":\"RioOnWatch\"},\"image\":{\"@id\":\"https:\/\/rioonwatch.org.br\/#\/schema\/logo\/image\/\"}},{\"@type\":\"Person\",\"@id\":\"https:\/\/rioonwatch.org.br\/#\/schema\/person\/11d64c290506f9df50c71b850c473f68\",\"name\":\"Admin\",\"image\":{\"@type\":\"ImageObject\",\"inLanguage\":\"pt-BR\",\"@id\":\"https:\/\/rioonwatch.org.br\/#\/schema\/person\/image\/\",\"url\":\"https:\/\/secure.gravatar.com\/avatar\/56211ac74568383903349a1485e3c325?s=96&d=blank&r=g\",\"contentUrl\":\"https:\/\/secure.gravatar.com\/avatar\/56211ac74568383903349a1485e3c325?s=96&d=blank&r=g\",\"caption\":\"Admin\"},\"url\":\"https:\/\/rioonwatch.org.br\/?author=129\"}]}<\/script>\n<!-- \/ Yoast SEO plugin. -->","yoast_head_json":{"title":"Gizele Martins da Mar\u00e9 Recebe a Principal Comenda da Cidade do Rio de Janeiro - RioOnWatch","robots":{"index":"index","follow":"follow","max-snippet":"max-snippet:-1","max-image-preview":"max-image-preview:large","max-video-preview":"max-video-preview:-1"},"canonical":"https:\/\/rioonwatch.org.br\/?p=28417","og_locale":"pt_BR","og_type":"article","og_title":"Gizele Martins da Mar\u00e9 Recebe a Principal Comenda da Cidade do Rio de Janeiro - RioOnWatch","og_description":"Click Here for English No dia 16 de setembro, a ativista, comunicadora comunit\u00e1ria, e moradora do Complexo da Mar\u00e9, Gizele Martins, recebeu a Medalha Pedro Ernesto em uma cerim\u00f4nia no Museu da Mar\u00e9. A Medalha [...]","og_url":"https:\/\/rioonwatch.org.br\/?p=28417","og_site_name":"RioOnWatch","article_published_time":"2017-09-23T15:14:09+00:00","article_modified_time":"2024-06-20T16:36:23+00:00","og_image":[{"width":1077,"height":626,"url":"https:\/\/rioonwatch.org.br\/wp-content\/uploads\/2017\/09\/Gizele-Martins-Pedro-Ernesto-ceremony-e1505961967279.jpg","type":"image\/jpeg"}],"author":"Admin","twitter_card":"summary_large_image","twitter_misc":{"Escrito por":"Admin","Est. tempo de leitura":"4 minutos"},"schema":{"@context":"https:\/\/schema.org","@graph":[{"@type":"Article","@id":"https:\/\/rioonwatch.org.br\/?p=28417#article","isPartOf":{"@id":"https:\/\/rioonwatch.org.br\/?p=28417"},"author":{"name":"Admin","@id":"https:\/\/rioonwatch.org.br\/#\/schema\/person\/11d64c290506f9df50c71b850c473f68"},"headline":"Gizele Martins da Mar\u00e9 Recebe a Principal Comenda da Cidade do Rio de Janeiro","datePublished":"2017-09-23T15:14:09+00:00","dateModified":"2024-06-20T16:36:23+00:00","mainEntityOfPage":{"@id":"https:\/\/rioonwatch.org.br\/?p=28417"},"wordCount":912,"publisher":{"@id":"https:\/\/rioonwatch.org.br\/#organization"},"image":{"@id":"https:\/\/rioonwatch.org.br\/?p=28417#primaryimage"},"thumbnailUrl":"https:\/\/rioonwatch.org.br\/wp-content\/uploads\/2017\/09\/Gizele-Martins-Pedro-Ernesto-ceremony-e1505961967279.jpg","keywords":["C\u00e2mara dos Vereadores","comemora\u00e7\u00e3o","Complexo da Mar\u00e9","Comunica\u00e7\u00e3o Comunit\u00e1ria","lideran\u00e7a comunit\u00e1ria","Museu da Mar\u00e9","O Cidad\u00e3o","orgulho comunit\u00e1rio","perfil de lideran\u00e7a","pr\u00eamio","Renato Cinco (PSOL)","Zona Norte"],"articleSection":["*Destaque","Cobertura de Eventos","Entrevistas e Perfis","Escrito por Aliados","M\u00eddia Comunit\u00e1ria"],"inLanguage":"pt-BR"},{"@type":"WebPage","@id":"https:\/\/rioonwatch.org.br\/?p=28417","url":"https:\/\/rioonwatch.org.br\/?p=28417","name":"Gizele Martins da Mar\u00e9 Recebe a Principal Comenda da Cidade do Rio de Janeiro - RioOnWatch","isPartOf":{"@id":"https:\/\/rioonwatch.org.br\/#website"},"primaryImageOfPage":{"@id":"https:\/\/rioonwatch.org.br\/?p=28417#primaryimage"},"image":{"@id":"https:\/\/rioonwatch.org.br\/?p=28417#primaryimage"},"thumbnailUrl":"https:\/\/rioonwatch.org.br\/wp-content\/uploads\/2017\/09\/Gizele-Martins-Pedro-Ernesto-ceremony-e1505961967279.jpg","datePublished":"2017-09-23T15:14:09+00:00","dateModified":"2024-06-20T16:36:23+00:00","breadcrumb":{"@id":"https:\/\/rioonwatch.org.br\/?p=28417#breadcrumb"},"inLanguage":"pt-BR","potentialAction":[{"@type":"ReadAction","target":["https:\/\/rioonwatch.org.br\/?p=28417"]}]},{"@type":"ImageObject","inLanguage":"pt-BR","@id":"https:\/\/rioonwatch.org.br\/?p=28417#primaryimage","url":"https:\/\/rioonwatch.org.br\/wp-content\/uploads\/2017\/09\/Gizele-Martins-Pedro-Ernesto-ceremony-e1505961967279.jpg","contentUrl":"https:\/\/rioonwatch.org.br\/wp-content\/uploads\/2017\/09\/Gizele-Martins-Pedro-Ernesto-ceremony-e1505961967279.jpg","width":1077,"height":626},{"@type":"BreadcrumbList","@id":"https:\/\/rioonwatch.org.br\/?p=28417#breadcrumb","itemListElement":[{"@type":"ListItem","position":1,"name":"In\u00edcio","item":"https:\/\/rioonwatch.org.br\/"},{"@type":"ListItem","position":2,"name":"Gizele Martins da Mar\u00e9 Recebe a Principal Comenda da Cidade do Rio de Janeiro"}]},{"@type":"WebSite","@id":"https:\/\/rioonwatch.org.br\/#website","url":"https:\/\/rioonwatch.org.br\/","name":"RioOnWatch","description":"relatos das favelas cariocas","publisher":{"@id":"https:\/\/rioonwatch.org.br\/#organization"},"potentialAction":[{"@type":"SearchAction","target":{"@type":"EntryPoint","urlTemplate":"https:\/\/rioonwatch.org.br\/?s={search_term_string}"},"query-input":{"@type":"PropertyValueSpecification","valueRequired":true,"valueName":"search_term_string"}}],"inLanguage":"pt-BR"},{"@type":"Organization","@id":"https:\/\/rioonwatch.org.br\/#organization","name":"RioOnWatch","url":"https:\/\/rioonwatch.org.br\/","logo":{"@type":"ImageObject","inLanguage":"pt-BR","@id":"https:\/\/rioonwatch.org.br\/#\/schema\/logo\/image\/","url":"https:\/\/rioonwatch.org.br\/wp-content\/uploads\/2021\/06\/RioOnWatchcabecalhoPT11anos-2.png","contentUrl":"https:\/\/rioonwatch.org.br\/wp-content\/uploads\/2021\/06\/RioOnWatchcabecalhoPT11anos-2.png","width":779,"height":277,"caption":"RioOnWatch"},"image":{"@id":"https:\/\/rioonwatch.org.br\/#\/schema\/logo\/image\/"}},{"@type":"Person","@id":"https:\/\/rioonwatch.org.br\/#\/schema\/person\/11d64c290506f9df50c71b850c473f68","name":"Admin","image":{"@type":"ImageObject","inLanguage":"pt-BR","@id":"https:\/\/rioonwatch.org.br\/#\/schema\/person\/image\/","url":"https:\/\/secure.gravatar.com\/avatar\/56211ac74568383903349a1485e3c325?s=96&d=blank&r=g","contentUrl":"https:\/\/secure.gravatar.com\/avatar\/56211ac74568383903349a1485e3c325?s=96&d=blank&r=g","caption":"Admin"},"url":"https:\/\/rioonwatch.org.br\/?author=129"}]}},"_links":{"self":[{"href":"https:\/\/rioonwatch.org.br\/index.php?rest_route=\/wp\/v2\/posts\/28417"}],"collection":[{"href":"https:\/\/rioonwatch.org.br\/index.php?rest_route=\/wp\/v2\/posts"}],"about":[{"href":"https:\/\/rioonwatch.org.br\/index.php?rest_route=\/wp\/v2\/types\/post"}],"author":[{"embeddable":true,"href":"https:\/\/rioonwatch.org.br\/index.php?rest_route=\/wp\/v2\/users\/129"}],"replies":[{"embeddable":true,"href":"https:\/\/rioonwatch.org.br\/index.php?rest_route=%2Fwp%2Fv2%2Fcomments&post=28417"}],"version-history":[{"count":12,"href":"https:\/\/rioonwatch.org.br\/index.php?rest_route=\/wp\/v2\/posts\/28417\/revisions"}],"predecessor-version":[{"id":50471,"href":"https:\/\/rioonwatch.org.br\/index.php?rest_route=\/wp\/v2\/posts\/28417\/revisions\/50471"}],"wp:featuredmedia":[{"embeddable":true,"href":"https:\/\/rioonwatch.org.br\/index.php?rest_route=\/wp\/v2\/media\/28422"}],"wp:attachment":[{"href":"https:\/\/rioonwatch.org.br\/index.php?rest_route=%2Fwp%2Fv2%2Fmedia&parent=28417"}],"wp:term":[{"taxonomy":"category","embeddable":true,"href":"https:\/\/rioonwatch.org.br\/index.php?rest_route=%2Fwp%2Fv2%2Fcategories&post=28417"},{"taxonomy":"post_tag","embeddable":true,"href":"https:\/\/rioonwatch.org.br\/index.php?rest_route=%2Fwp%2Fv2%2Ftags&post=28417"},{"taxonomy":"writer","embeddable":true,"href":"https:\/\/rioonwatch.org.br\/index.php?rest_route=%2Fwp%2Fv2%2Fwriter&post=28417"},{"taxonomy":"translator","embeddable":true,"href":"https:\/\/rioonwatch.org.br\/index.php?rest_route=%2Fwp%2Fv2%2Ftranslator&post=28417"},{"taxonomy":"source","embeddable":true,"href":"https:\/\/rioonwatch.org.br\/index.php?rest_route=%2Fwp%2Fv2%2Fsource&post=28417"},{"taxonomy":"ilustrador","embeddable":true,"href":"https:\/\/rioonwatch.org.br\/index.php?rest_route=%2Fwp%2Fv2%2Filustrador&post=28417"},{"taxonomy":"fotografo","embeddable":true,"href":"https:\/\/rioonwatch.org.br\/index.php?rest_route=%2Fwp%2Fv2%2Ffotografo&post=28417"}],"curies":[{"name":"wp","href":"https:\/\/api.w.org\/{rel}","templated":true}]}}