{"id":28438,"date":"2017-09-26T09:06:23","date_gmt":"2017-09-26T12:06:23","guid":{"rendered":"http:\/\/rioonwatch.org.br\/?p=28438"},"modified":"2024-06-20T16:24:09","modified_gmt":"2024-06-20T19:24:09","slug":"a-luta-so-comecou-o-museu-da-remocao-da-vila-autodromo-apresenta-seu-plano-estrategico","status":"publish","type":"post","link":"https:\/\/rioonwatch.org.br\/?p=28438","title":{"rendered":"&#8216;A Luta S\u00f3 Come\u00e7ou&#8217;: O Museu das Remo\u00e7\u00f5es da Vila Aut\u00f3dromo Apresenta Seu Plano Estrat\u00e9gico"},"content":{"rendered":"<p style=\"text-align: right;\"><em><strong><a href=\"http:\/\/bit.ly\/2yonvZb\" target=\"_blank\" rel=\"noopener noreferrer\">Click Here for English<img decoding=\"async\" width=\"20\" height=\"20\" class=\"alignright wp-image-15790\" src=\"http:\/\/rioonwatch.org.br\/wp-content\/uploads\/2012\/08\/EN-standard-e1439583104716.jpg\" alt=\"\" \/><\/a><\/strong><\/em><\/p>\n<p><span style=\"font-weight: 400;\">Na ter\u00e7a-feira, 19 de setembro, uma equipe composta por muse\u00f3logos e moradores da <\/span><a href=\"http:\/\/bit.ly\/Nfddvg\" target=\"_blank\" rel=\"noopener\"><span style=\"font-weight: 400;\">Vila Aut\u00f3dromo<\/span><\/a><span style=\"font-weight: 400;\"> apresentou o <\/span><a href=\"http:\/\/bit.ly\/2fmRVaw\" target=\"_blank\" rel=\"noopener\"><span style=\"font-weight: 400;\">Plano Museol\u00f3gico para o Museu das Remo\u00e7\u00f5es<\/span><\/a><span style=\"font-weight: 400;\">, um museu territorial a c\u00e9u aberto criado em maio de 2016 para documentar o <\/span><a href=\"http:\/\/bit.ly\/1rtuaxu\"><span style=\"font-weight: 400;\">processo de remo\u00e7\u00e3o da comunidade e a luta contra isto<\/span><\/a><span style=\"font-weight: 400;\">. A apresenta\u00e7\u00e3o foi realizada na Igreja Cat\u00f3lica da Vila Aut\u00f3dromo, um simb\u00f3lico local de luta salvo da demoli\u00e7\u00e3o.<\/span><\/p>\n<p><span style=\"font-weight: 400;\">A muse\u00f3loga Joy Mendes explicou que um plano museol\u00f3gico \u00e9 &#8220;um plano de a\u00e7\u00f5es, um plano de estrat\u00e9gia\u201d. O seu colega Alex Rodrigues Venancio descreveu-o como uma ferramenta essencial para definir e organizar as prioridades e atividades de qualquer projeto do museu.<\/span><\/p>\n<p><span style=\"font-weight: 400;\">O Plano Museol\u00f3gico do <\/span><a href=\"http:\/\/bit.ly\/2rPGSHs\" target=\"_blank\" rel=\"noopener\"><span style=\"font-weight: 400;\">Museu das Remo\u00e7\u00f5es<\/span><\/a> <span style=\"font-weight: 400;\">foi <\/span><a href=\"http:\/\/bit.ly\/2r8iRxL\" target=\"_blank\" rel=\"noopener\"><span style=\"font-weight: 400;\">desenvolvido atrav\u00e9s de um processo coletivo<\/span><\/a> <span style=\"font-weight: 400;\">com contribui\u00e7\u00f5es dos moradores da Vila Aut\u00f3dromo e uma gama de apoiadores&#8211;n\u00e3o apenas muse\u00f3logos como tamb\u00e9m arquitetos, urbanistas, soci\u00f3logos e moradores de outras favelas no Rio.<\/span><\/p>\n<p><span style=\"font-weight: 400;\">Na ter\u00e7a-feira, a moradora e ativista <a href=\"http:\/\/bit.ly\/2xy0iqh\" target=\"_blank\" rel=\"noopener\">Sandra Maria<\/a><\/span>\u00a0<span style=\"font-weight: 400;\">contextualizou<\/span><span style=\"font-weight: 400;\"> a luta da Vila Aut\u00f3dromo contra a remo\u00e7\u00e3o na<\/span> <span style=\"font-weight: 400;\"><a href=\"http:\/\/bit.ly\/VV4Ddn\" target=\"_blank\" rel=\"noopener\">longa hist\u00f3ria de projetos do governo<\/a> do Rio<\/span>\u00a0para<span style=\"font-weight: 400;\">\u00a0remover os pobres. Outras comunidades, ela refletiu, experienciaram \u201ccovardias\u201d e as remo\u00e7\u00f5es foram \u201cpouco documentadas\u201d. Ao contr\u00e1rio, na Vila Aut\u00f3dromo houve uma cobertura midi\u00e1tica sem precedentes enquanto os seus moradores lutaram para permanecer ao lado do <\/span><a href=\"http:\/\/bit.ly\/PkLXlQ\" target=\"_blank\" rel=\"noopener\"><span style=\"font-weight: 400;\">Parque Ol\u00edmpico<\/span><\/a><span style=\"font-weight: 400;\">.<\/span><\/p>\n<p><a href=\"http:\/\/rioonwatch.org.br\/wp-content\/uploads\/2017\/09\/Luiz-Museu-das-Remocoes.jpg\"><img fetchpriority=\"high\" decoding=\"async\" class=\"alignright wp-image-28443\" title=\"Luiz Cl\u00e1udio da Silva com seis \u00e1lbuns que documentam a hist\u00f3ria de Vila Aut\u00f3dromo. Foto de Cerianne Robertson\" src=\"http:\/\/rioonwatch.org.br\/wp-content\/uploads\/2017\/09\/Luiz-Museu-das-Remocoes.jpg\" alt=\"\" width=\"225\" height=\"300\" srcset=\"https:\/\/rioonwatch.org.br\/wp-content\/uploads\/2017\/09\/Luiz-Museu-das-Remocoes.jpg 1000w, https:\/\/rioonwatch.org.br\/wp-content\/uploads\/2017\/09\/Luiz-Museu-das-Remocoes-198x264.jpg 198w, https:\/\/rioonwatch.org.br\/wp-content\/uploads\/2017\/09\/Luiz-Museu-das-Remocoes-465x620.jpg 465w, https:\/\/rioonwatch.org.br\/wp-content\/uploads\/2017\/09\/Luiz-Museu-das-Remocoes-768x1024.jpg 768w\" sizes=\"(max-width: 225px) 100vw, 225px\" \/><\/a><span style=\"font-weight: 400;\">No entanto, n\u00e3o foram s\u00f3 os jornalistas que documentaram a hist\u00f3ria conforme ia acontecendo, mas tamb\u00e9m os pr\u00f3prios moradores. O morador-ativista <\/span><a href=\"http:\/\/bit.ly\/2y4Isw7\" target=\"_blank\" rel=\"noopener\"><span style=\"font-weight: 400;\">Luiz Cl\u00e1udio da Silva<\/span><\/a><span style=\"font-weight: 400;\">, por exemplo, est\u00e1 atualmente organizando \u00e1lbuns com milhares de fotos, documentos oficiais, e recortes de materiais <\/span><a href=\"http:\/\/on.fb.me\/1QL05nb\" target=\"_blank\" rel=\"noopener\"><span style=\"font-weight: 400;\">postados nas m\u00eddias sociais<\/span><\/a><span style=\"font-weight: 400;\">, com muitas fotos dos anos anteriores \u00e0s remo\u00e7\u00f5es. Neste sentido, o Museu das Remo\u00e7\u00f5es pode ser visto como um passo mais estrat\u00e9gico e formalizado em um processo de documenta\u00e7\u00e3o e preserva\u00e7\u00e3o que come\u00e7ou bem antes do lan\u00e7amento oficial do museu.<\/span><\/p>\n<p><span style=\"font-weight: 400;\">Um objetivo principal do Museu das Remo\u00e7\u00f5es, explicou Sandra Maria, \u00e9 a preserva\u00e7\u00e3o da <\/span><a href=\"http:\/\/bit.ly\/1OcSEDn\" target=\"_blank\" rel=\"noopener\"><span style=\"font-weight: 400;\">mem\u00f3ria<\/span><\/a><span style=\"font-weight: 400;\">&#8211;<\/span><span style=\"font-weight: 400;\">&#8211;<\/span><span style=\"font-weight: 400;\">\u201cn\u00e3o s\u00f3 da popula\u00e7\u00e3o removida da Vila Aut\u00f3dromo, mas de todas as popula\u00e7\u00f5es removidas ou amea\u00e7adas de remo\u00e7\u00e3o\u201d. Um segundo objetivo \u00e9 o museu \u201cservir como ferramenta de luta\u201d, pois durante a luta dos moradores da Vila Aut\u00f3dromo, eles viram em primeira m\u00e3o a evid\u00eancia de que \u201ca mem\u00f3ria \u00e9 o maior instrumento nesta luta de resist\u00eancia\u201d. Sandra Maria leu uma declara\u00e7\u00e3o formal escrita por quatro moradores sobre a emerg\u00eancia e o prop\u00f3sito do museu, que termina com a simples declara\u00e7\u00e3o que \u00e9 a base do projeto: &#8220;Mem\u00f3ria n\u00e3o se remove\u201d.<\/span><\/p>\n<p><a href=\"http:\/\/rioonwatch.org.br\/wp-content\/uploads\/2017\/09\/Sandra-Museu-das-Remocoes-e1506025676908.jpg\"><img decoding=\"async\" class=\"aligncenter wp-image-28445 size-content\" title=\"Sandra Maria conta a hist\u00f3ria da Vila Aut\u00f3dromo e do Museu das Remo\u00e7\u00f5es. Foto de Cerianne Robertson\" src=\"http:\/\/rioonwatch.org.br\/wp-content\/uploads\/2017\/09\/Sandra-Museu-das-Remocoes-e1506025676908-620x264.jpg\" alt=\"\" width=\"620\" height=\"264\" srcset=\"https:\/\/rioonwatch.org.br\/wp-content\/uploads\/2017\/09\/Sandra-Museu-das-Remocoes-e1506025676908-620x264.jpg 620w, https:\/\/rioonwatch.org.br\/wp-content\/uploads\/2017\/09\/Sandra-Museu-das-Remocoes-e1506025676908-940x400.jpg 940w\" sizes=\"(max-width: 620px) 100vw, 620px\" \/><\/a><\/p>\n<p><span style=\"font-weight: 400;\">O muse\u00f3logo Alex Venancio delineou o Plano Museol\u00f3gico, introduzindo sete \u00e1reas principais do plano: acervo e documenta\u00e7\u00e3o, exposi\u00e7\u00f5es, educa\u00e7\u00e3o, pesquisa, arquitetura e urbanismo, organiza\u00e7\u00e3o institucional e angaria\u00e7\u00e3o de fundos, e comunica\u00e7\u00e3o.<\/span><\/p>\n<p><span style=\"font-weight: 400;\">Al\u00e9m do tipo de materiais visuais que Luiz Cl\u00e1udio da Silva est\u00e1 coletando nos \u00e1lbuns, um aspecto primordial do Museu das Remo\u00e7\u00f5es \u00e9 a sua natureza \u201cviva\u201d&#8211;todo o territ\u00f3rio da Vila Aut\u00f3dromo em si faz parte do \u201cacervo vivo&#8221;. Portanto, um dos projetos do museu \u00e9 usar as <\/span><a href=\"http:\/\/bit.ly\/2aWmvRL\" target=\"_blank\" rel=\"noopener\"><span style=\"font-weight: 400;\">20 casas do bairro<\/span><\/a><span style=\"font-weight: 400;\"> para exposi\u00e7\u00e3o e \u201ccontar a historia da Vila Aut\u00f3dromo nas paredes da Vila, atrav\u00e9s do grafite\u201d, explicou Alex.<\/span><\/p>\n<p><a href=\"http:\/\/rioonwatch.org.br\/wp-content\/uploads\/2017\/09\/Museu-das-remocoes.jpg\"><img loading=\"lazy\" decoding=\"async\" class=\"aligncenter size-content wp-image-28446\" src=\"http:\/\/rioonwatch.org.br\/wp-content\/uploads\/2017\/09\/Museu-das-remocoes-620x264.jpg\" alt=\"\" width=\"620\" height=\"264\" srcset=\"https:\/\/rioonwatch.org.br\/wp-content\/uploads\/2017\/09\/Museu-das-remocoes-620x264.jpg 620w, https:\/\/rioonwatch.org.br\/wp-content\/uploads\/2017\/09\/Museu-das-remocoes-940x400.jpg 940w\" sizes=\"(max-width: 620px) 100vw, 620px\" \/><\/a><\/p>\n<p><span style=\"font-weight: 400;\">A equipe planeja fazer conex\u00f5es entre os elementos \u201cvivos\u201d e os virtuais do museu entrevistando os moradores sobre suas mem\u00f3rias do espa\u00e7o f\u00edsico da Vila Aut\u00f3dromo, e arquivando v\u00eddeos destas entrevistas no <\/span><a href=\"http:\/\/bit.ly\/2w9it29\" target=\"_blank\" rel=\"noopener\"><span style=\"font-weight: 400;\">canal no YouTube do Museu das Remo\u00e7\u00f5es<\/span><\/a><span style=\"font-weight: 400;\">. Estas entrevistas ser\u00e3o cruciais para os planos de publicar um livro sobre a Vila Aut\u00f3dromo, bem como para a meta de engajar as gera\u00e7\u00f5es mais novas na preserva\u00e7\u00e3o desta <\/span><a href=\"http:\/\/bit.ly\/1PXkANu\" target=\"_blank\" rel=\"noopener\"><span style=\"font-weight: 400;\">hist\u00f3ria<\/span><\/a><span style=\"font-weight: 400;\">\u00a0no futuro.<\/span><\/p>\n<p><span style=\"font-weight: 400;\">Outro projeto do museu, denominado \u201cgeolocaliza\u00e7\u00e3o online\u201d, tem o objetivo de reconstruir comunidades removidas ou amea\u00e7adas documentando e mapeando os seus elementos geo-espaciais online. Alex afirmou que como \u201cno territ\u00f3rio f\u00edsico, a estrada j\u00e1 foi feita, as casas foram derrubadas, o Centro Ol\u00edmpico j\u00e1 foi feito, e o hotel est\u00e1 a\u00ed&#8230; muito provavelmente a gente n\u00e3o vai conseguir viver pra ver esse hotel sendo derrubado, o Centro Ol\u00edmpico sendo derrubado, a Vila retomando o seu espa\u00e7o f\u00edsico\u201d. Mas o espa\u00e7o virtual oferece uma nova oportunidade, ele argumentou. \u201cOnde foi removida l\u00e1, a gente volta e consegue, virtualmente, colocar essas comunidades de volta naquele local, n\u00e3o fisicamente mas virtualmente&#8221;.<\/span><\/p>\n<p><a href=\"http:\/\/rioonwatch.org.br\/wp-content\/uploads\/2017\/09\/presentation-Museu-das-Remocoes-e1506025611195.jpg\"><img loading=\"lazy\" decoding=\"async\" class=\"aligncenter wp-image-28447 size-content\" title=\"Apresenta\u00e7\u00e3o de fotos que documentam a Vila Aut\u00f3dromo. Foto de Cerianne Robertson\" src=\"http:\/\/rioonwatch.org.br\/wp-content\/uploads\/2017\/09\/presentation-Museu-das-Remocoes-e1506025611195-620x264.jpg\" alt=\"\" width=\"620\" height=\"264\" srcset=\"https:\/\/rioonwatch.org.br\/wp-content\/uploads\/2017\/09\/presentation-Museu-das-Remocoes-e1506025611195-620x264.jpg 620w, https:\/\/rioonwatch.org.br\/wp-content\/uploads\/2017\/09\/presentation-Museu-das-Remocoes-e1506025611195-940x400.jpg 940w\" sizes=\"(max-width: 620px) 100vw, 620px\" \/><\/a><\/p>\n<p><span style=\"font-weight: 400;\">O Museu das Remo\u00e7\u00f5es tem ambi\u00e7\u00f5es internacionais. O plano museol\u00f3gico ressalta a import\u00e2ncia de estimular a pesquisa sobre a Vila Aut\u00f3dromo por acad\u00eamicos em todo o mundo, aumentando o j\u00e1 consider\u00e1vel n\u00famero de artigos e disserta\u00e7\u00f5es sobre a comunidade. Sandra Maria enfatizou a relev\u00e2ncia do museu para quest\u00f5es globais de <\/span><a href=\"http:\/\/bit.ly\/1iqdzi3\" target=\"_blank\" rel=\"noopener\"><span style=\"font-weight: 400;\">direitos<\/span><\/a><span style=\"font-weight: 400;\">, <\/span><a href=\"http:\/\/bit.ly\/2dFwbV4\" target=\"_blank\" rel=\"noopener\"><span style=\"font-weight: 400;\">territ\u00f3rio<\/span><\/a><span style=\"font-weight: 400;\">, e <\/span><a href=\"http:\/\/bit.ly\/1owRf9p\" target=\"_blank\" rel=\"noopener\"><span style=\"font-weight: 400;\">desigualdade<\/span><\/a><span style=\"font-weight: 400;\">, afirmando que a luta da Vila Aut\u00f3dromo reflete uma \u201cquest\u00e3o internacional, que est\u00e1 ligada \u00e0 quest\u00e3o de disputa da terra, que \u00e9 a base do capitalismo&#8221;.<\/span><\/p>\n<p><span style=\"font-weight: 400;\">Ao mesmo tempo, o museu tamb\u00e9m tem um papel urgente para desempenhar perto de casa, onde a amea\u00e7a de remo\u00e7\u00e3o paira sobre a pequena <\/span><a href=\"http:\/\/bit.ly\/2xaTj6e\" target=\"_blank\" rel=\"noopener\"><span style=\"font-weight: 400;\">comunidade do Horto<\/span><\/a><span style=\"font-weight: 400;\"> e a grande <\/span><a href=\"http:\/\/bit.ly\/2xrmnGG\" target=\"_blank\" rel=\"noopener\"><span style=\"font-weight: 400;\">Rio das Pedras<\/span><\/a><span style=\"font-weight: 400;\">, entre outras. \u201cA luta s\u00f3 come\u00e7ou\u201d, afirmou <\/span><a href=\"http:\/\/bit.ly\/1pcDODu\" target=\"_blank\" rel=\"noopener\"><span style=\"font-weight: 400;\">Maria da Penha<\/span><\/a><span style=\"font-weight: 400;\">, outra moradora ativista da Vila Aut\u00f3dromo que tem um importante papel no desenvolvimento do museu. \u201cO cidad\u00e3o, especialmente a gente favelada&#8221;, ela continuou, &#8220;tem que ter entendimento da import\u00e2ncia de cobrar os nossos direitos\u201d.<\/span><\/p>\n<p><span style=\"font-weight: 400;\">Maria da Penha concluiu o evento imaginando o grande potencial do Museu das Remo\u00e7\u00f5es:\u00a0<\/span><span style=\"font-weight: 400;\">\u201cO meu sonho \u00e9 que um dia o museu chegasse em qualquer remo\u00e7\u00e3o, e dissesse assim: \u2018Pare! Tem um museu das remo\u00e7\u00f5es, voc\u00eas n\u00e3o v\u00e3o me remover'&#8221;.<\/span><\/p>\n<p><b>Leia o <\/b><a href=\"http:\/\/bit.ly\/2fmRVaw\" target=\"_blank\" rel=\"noopener\"><b>Plano Museol\u00f3gico Museu das Remo\u00e7\u00f5es aqui<\/b><\/a><b>, e siga as atualiza\u00e7\u00f5es do Museu das Remo\u00e7\u00f5es no <\/b><a href=\"http:\/\/bit.ly\/2jM0Weo\" target=\"_blank\" rel=\"noopener\"><b>Facebook<\/b><\/a><b>, <\/b><a href=\"http:\/\/bit.ly\/2wJRLwi\" target=\"_blank\" rel=\"noopener\"><b>Instagram<\/b><\/a><b>, e <\/b><a href=\"http:\/\/bit.ly\/2w9it29\" target=\"_blank\" rel=\"noopener\"><b>YouTube<\/b><\/a><b>.<\/b><\/p>\n<!-- AddThis Advanced Settings generic via filter on the_content --><!-- AddThis Share Buttons generic via filter on the_content -->","protected":false},"excerpt":{"rendered":"<div class=\"mh-excerpt\"><p>Click Here for English Na ter\u00e7a-feira, 19 de setembro, uma equipe composta por muse\u00f3logos e moradores da Vila Aut\u00f3dromo apresentou o Plano Museol\u00f3gico para o Museu das Remo\u00e7\u00f5es, um museu territorial a c\u00e9u aberto criado <a class=\"mh-excerpt-more\" href=\"https:\/\/rioonwatch.org.br\/?p=28438\" title=\"&#8216;A Luta S\u00f3 Come\u00e7ou&#8217;: O Museu das Remo\u00e7\u00f5es da Vila Aut\u00f3dromo Apresenta Seu Plano Estrat\u00e9gico\">[&#8230;]<\/a><!-- AddThis Advanced Settings generic via filter on get_the_excerpt --><!-- AddThis Share Buttons generic via filter on get_the_excerpt --><\/p>\n<\/div>","protected":false},"author":129,"featured_media":28441,"comment_status":"closed","ping_status":"closed","sticky":false,"template":"","format":"standard","meta":{"_acf_changed":false,"_monsterinsights_skip_tracking":false,"_monsterinsights_sitenote_active":false,"_monsterinsights_sitenote_note":"","_monsterinsights_sitenote_category":0,"footnotes":""},"categories":[1635,1627,1626,1612,342],"tags":[128,733,1240,469,1151,1111,2040,78,14,432,1393,476,1308,55,184],"writer":[1199],"translator":[1875],"source":[],"ilustrador":[],"fotografo":[],"class_list":{"0":"post-28438","1":"post","2":"type-post","3":"status-publish","4":"format-standard","5":"has-post-thumbnail","7":"category-1635","8":"category-relato-de-evento","9":"category-por-observadores-internacionais","10":"category-sociedade-civil","11":"category-solucoes","12":"tag-historia","13":"tag-horto","14":"tag-megaeventos","15":"tag-memoria","16":"tag-organizacao","17":"tag-museu","18":"tag-museu-das-remocoes","19":"tag-olimpiadas","20":"tag-remocao","21":"tag-resistencia","22":"tag-rio-das-pedras","23":"tag-solucao-comunitaria","24":"tag-taticas-de-organizacao","25":"tag-vila-autodromo","26":"tag-zona-oeste","27":"writer-cerianne-robertson","28":"translator-marina-hennies"},"acf":[],"yoast_head":"<!-- This site is optimized with the Yoast SEO plugin v25.6 - https:\/\/yoast.com\/wordpress\/plugins\/seo\/ -->\n<title>&#039;A Luta S\u00f3 Come\u00e7ou&#039;: O Museu das Remo\u00e7\u00f5es da Vila Aut\u00f3dromo Apresenta Seu Plano Estrat\u00e9gico - RioOnWatch<\/title>\n<meta name=\"robots\" content=\"index, follow, max-snippet:-1, max-image-preview:large, max-video-preview:-1\" \/>\n<link rel=\"canonical\" href=\"https:\/\/rioonwatch.org.br\/?p=28438\" \/>\n<meta property=\"og:locale\" content=\"pt_BR\" \/>\n<meta property=\"og:type\" content=\"article\" \/>\n<meta property=\"og:title\" content=\"&#039;A Luta S\u00f3 Come\u00e7ou&#039;: O Museu das Remo\u00e7\u00f5es da Vila Aut\u00f3dromo Apresenta Seu Plano Estrat\u00e9gico - RioOnWatch\" \/>\n<meta property=\"og:description\" content=\"Click Here for English Na ter\u00e7a-feira, 19 de setembro, uma equipe composta por muse\u00f3logos e moradores da Vila Aut\u00f3dromo apresentou o Plano Museol\u00f3gico para o Museu das Remo\u00e7\u00f5es, um museu territorial a c\u00e9u aberto criado [...]\" \/>\n<meta property=\"og:url\" content=\"https:\/\/rioonwatch.org.br\/?p=28438\" \/>\n<meta property=\"og:site_name\" content=\"RioOnWatch\" \/>\n<meta property=\"article:published_time\" content=\"2017-09-26T12:06:23+00:00\" \/>\n<meta property=\"article:modified_time\" content=\"2024-06-20T19:24:09+00:00\" \/>\n<meta property=\"og:image\" content=\"https:\/\/rioonwatch.org.br\/wp-content\/uploads\/2017\/09\/Memoria-nao-se-remove-Museu-das-remocoes-1.jpg\" \/>\n\t<meta property=\"og:image:width\" content=\"1000\" \/>\n\t<meta property=\"og:image:height\" content=\"598\" \/>\n\t<meta property=\"og:image:type\" content=\"image\/jpeg\" \/>\n<meta name=\"author\" content=\"Admin\" \/>\n<meta name=\"twitter:card\" content=\"summary_large_image\" \/>\n<meta name=\"twitter:label1\" content=\"Escrito por\" \/>\n\t<meta name=\"twitter:data1\" content=\"Admin\" \/>\n\t<meta name=\"twitter:label2\" content=\"Est. tempo de leitura\" \/>\n\t<meta name=\"twitter:data2\" content=\"5 minutos\" \/>\n<script type=\"application\/ld+json\" class=\"yoast-schema-graph\">{\"@context\":\"https:\/\/schema.org\",\"@graph\":[{\"@type\":\"Article\",\"@id\":\"https:\/\/rioonwatch.org.br\/?p=28438#article\",\"isPartOf\":{\"@id\":\"https:\/\/rioonwatch.org.br\/?p=28438\"},\"author\":{\"name\":\"Admin\",\"@id\":\"https:\/\/rioonwatch.org.br\/#\/schema\/person\/11d64c290506f9df50c71b850c473f68\"},\"headline\":\"&#8216;A Luta S\u00f3 Come\u00e7ou&#8217;: O Museu das Remo\u00e7\u00f5es da Vila Aut\u00f3dromo Apresenta Seu Plano Estrat\u00e9gico\",\"datePublished\":\"2017-09-26T12:06:23+00:00\",\"dateModified\":\"2024-06-20T19:24:09+00:00\",\"mainEntityOfPage\":{\"@id\":\"https:\/\/rioonwatch.org.br\/?p=28438\"},\"wordCount\":1054,\"publisher\":{\"@id\":\"https:\/\/rioonwatch.org.br\/#organization\"},\"image\":{\"@id\":\"https:\/\/rioonwatch.org.br\/?p=28438#primaryimage\"},\"thumbnailUrl\":\"https:\/\/rioonwatch.org.br\/wp-content\/uploads\/2017\/09\/Memoria-nao-se-remove-Museu-das-remocoes-1.jpg\",\"keywords\":[\"hist\u00f3ria\",\"Horto\",\"Megaeventos\",\"Mem\u00f3rias Faveladas\",\"mobiliza\u00e7\u00e3o\",\"museu\",\"Museu das Remo\u00e7\u00f5es\",\"Olimp\u00edadas\",\"Remo\u00e7\u00e3o\",\"resist\u00eancia\",\"Rio das Pedras\",\"solu\u00e7\u00e3o comunit\u00e1ria\",\"t\u00e1ticas de organiza\u00e7\u00e3o\",\"Vila Aut\u00f3dromo\",\"Zona Oeste\"],\"articleSection\":[\"#Rio2016\",\"Cobertura de Eventos\",\"Escrito por Aliados\",\"Sociedade Civil\",\"Solu\u00e7\u00f5es\"],\"inLanguage\":\"pt-BR\"},{\"@type\":\"WebPage\",\"@id\":\"https:\/\/rioonwatch.org.br\/?p=28438\",\"url\":\"https:\/\/rioonwatch.org.br\/?p=28438\",\"name\":\"'A Luta S\u00f3 Come\u00e7ou': O Museu das Remo\u00e7\u00f5es da Vila Aut\u00f3dromo Apresenta Seu Plano Estrat\u00e9gico - RioOnWatch\",\"isPartOf\":{\"@id\":\"https:\/\/rioonwatch.org.br\/#website\"},\"primaryImageOfPage\":{\"@id\":\"https:\/\/rioonwatch.org.br\/?p=28438#primaryimage\"},\"image\":{\"@id\":\"https:\/\/rioonwatch.org.br\/?p=28438#primaryimage\"},\"thumbnailUrl\":\"https:\/\/rioonwatch.org.br\/wp-content\/uploads\/2017\/09\/Memoria-nao-se-remove-Museu-das-remocoes-1.jpg\",\"datePublished\":\"2017-09-26T12:06:23+00:00\",\"dateModified\":\"2024-06-20T19:24:09+00:00\",\"breadcrumb\":{\"@id\":\"https:\/\/rioonwatch.org.br\/?p=28438#breadcrumb\"},\"inLanguage\":\"pt-BR\",\"potentialAction\":[{\"@type\":\"ReadAction\",\"target\":[\"https:\/\/rioonwatch.org.br\/?p=28438\"]}]},{\"@type\":\"ImageObject\",\"inLanguage\":\"pt-BR\",\"@id\":\"https:\/\/rioonwatch.org.br\/?p=28438#primaryimage\",\"url\":\"https:\/\/rioonwatch.org.br\/wp-content\/uploads\/2017\/09\/Memoria-nao-se-remove-Museu-das-remocoes-1.jpg\",\"contentUrl\":\"https:\/\/rioonwatch.org.br\/wp-content\/uploads\/2017\/09\/Memoria-nao-se-remove-Museu-das-remocoes-1.jpg\",\"width\":1000,\"height\":598},{\"@type\":\"BreadcrumbList\",\"@id\":\"https:\/\/rioonwatch.org.br\/?p=28438#breadcrumb\",\"itemListElement\":[{\"@type\":\"ListItem\",\"position\":1,\"name\":\"In\u00edcio\",\"item\":\"https:\/\/rioonwatch.org.br\/\"},{\"@type\":\"ListItem\",\"position\":2,\"name\":\"&#8216;A Luta S\u00f3 Come\u00e7ou&#8217;: O Museu das Remo\u00e7\u00f5es da Vila Aut\u00f3dromo Apresenta Seu Plano Estrat\u00e9gico\"}]},{\"@type\":\"WebSite\",\"@id\":\"https:\/\/rioonwatch.org.br\/#website\",\"url\":\"https:\/\/rioonwatch.org.br\/\",\"name\":\"RioOnWatch\",\"description\":\"relatos das favelas cariocas\",\"publisher\":{\"@id\":\"https:\/\/rioonwatch.org.br\/#organization\"},\"potentialAction\":[{\"@type\":\"SearchAction\",\"target\":{\"@type\":\"EntryPoint\",\"urlTemplate\":\"https:\/\/rioonwatch.org.br\/?s={search_term_string}\"},\"query-input\":{\"@type\":\"PropertyValueSpecification\",\"valueRequired\":true,\"valueName\":\"search_term_string\"}}],\"inLanguage\":\"pt-BR\"},{\"@type\":\"Organization\",\"@id\":\"https:\/\/rioonwatch.org.br\/#organization\",\"name\":\"RioOnWatch\",\"url\":\"https:\/\/rioonwatch.org.br\/\",\"logo\":{\"@type\":\"ImageObject\",\"inLanguage\":\"pt-BR\",\"@id\":\"https:\/\/rioonwatch.org.br\/#\/schema\/logo\/image\/\",\"url\":\"https:\/\/rioonwatch.org.br\/wp-content\/uploads\/2021\/06\/RioOnWatchcabecalhoPT11anos-2.png\",\"contentUrl\":\"https:\/\/rioonwatch.org.br\/wp-content\/uploads\/2021\/06\/RioOnWatchcabecalhoPT11anos-2.png\",\"width\":779,\"height\":277,\"caption\":\"RioOnWatch\"},\"image\":{\"@id\":\"https:\/\/rioonwatch.org.br\/#\/schema\/logo\/image\/\"}},{\"@type\":\"Person\",\"@id\":\"https:\/\/rioonwatch.org.br\/#\/schema\/person\/11d64c290506f9df50c71b850c473f68\",\"name\":\"Admin\",\"image\":{\"@type\":\"ImageObject\",\"inLanguage\":\"pt-BR\",\"@id\":\"https:\/\/rioonwatch.org.br\/#\/schema\/person\/image\/\",\"url\":\"https:\/\/secure.gravatar.com\/avatar\/56211ac74568383903349a1485e3c325?s=96&d=blank&r=g\",\"contentUrl\":\"https:\/\/secure.gravatar.com\/avatar\/56211ac74568383903349a1485e3c325?s=96&d=blank&r=g\",\"caption\":\"Admin\"},\"url\":\"https:\/\/rioonwatch.org.br\/?author=129\"}]}<\/script>\n<!-- \/ Yoast SEO plugin. -->","yoast_head_json":{"title":"'A Luta S\u00f3 Come\u00e7ou': O Museu das Remo\u00e7\u00f5es da Vila Aut\u00f3dromo Apresenta Seu Plano Estrat\u00e9gico - RioOnWatch","robots":{"index":"index","follow":"follow","max-snippet":"max-snippet:-1","max-image-preview":"max-image-preview:large","max-video-preview":"max-video-preview:-1"},"canonical":"https:\/\/rioonwatch.org.br\/?p=28438","og_locale":"pt_BR","og_type":"article","og_title":"'A Luta S\u00f3 Come\u00e7ou': O Museu das Remo\u00e7\u00f5es da Vila Aut\u00f3dromo Apresenta Seu Plano Estrat\u00e9gico - RioOnWatch","og_description":"Click Here for English Na ter\u00e7a-feira, 19 de setembro, uma equipe composta por muse\u00f3logos e moradores da Vila Aut\u00f3dromo apresentou o Plano Museol\u00f3gico para o Museu das Remo\u00e7\u00f5es, um museu territorial a c\u00e9u aberto criado [...]","og_url":"https:\/\/rioonwatch.org.br\/?p=28438","og_site_name":"RioOnWatch","article_published_time":"2017-09-26T12:06:23+00:00","article_modified_time":"2024-06-20T19:24:09+00:00","og_image":[{"width":1000,"height":598,"url":"https:\/\/rioonwatch.org.br\/wp-content\/uploads\/2017\/09\/Memoria-nao-se-remove-Museu-das-remocoes-1.jpg","type":"image\/jpeg"}],"author":"Admin","twitter_card":"summary_large_image","twitter_misc":{"Escrito por":"Admin","Est. tempo de leitura":"5 minutos"},"schema":{"@context":"https:\/\/schema.org","@graph":[{"@type":"Article","@id":"https:\/\/rioonwatch.org.br\/?p=28438#article","isPartOf":{"@id":"https:\/\/rioonwatch.org.br\/?p=28438"},"author":{"name":"Admin","@id":"https:\/\/rioonwatch.org.br\/#\/schema\/person\/11d64c290506f9df50c71b850c473f68"},"headline":"&#8216;A Luta S\u00f3 Come\u00e7ou&#8217;: O Museu das Remo\u00e7\u00f5es da Vila Aut\u00f3dromo Apresenta Seu Plano Estrat\u00e9gico","datePublished":"2017-09-26T12:06:23+00:00","dateModified":"2024-06-20T19:24:09+00:00","mainEntityOfPage":{"@id":"https:\/\/rioonwatch.org.br\/?p=28438"},"wordCount":1054,"publisher":{"@id":"https:\/\/rioonwatch.org.br\/#organization"},"image":{"@id":"https:\/\/rioonwatch.org.br\/?p=28438#primaryimage"},"thumbnailUrl":"https:\/\/rioonwatch.org.br\/wp-content\/uploads\/2017\/09\/Memoria-nao-se-remove-Museu-das-remocoes-1.jpg","keywords":["hist\u00f3ria","Horto","Megaeventos","Mem\u00f3rias Faveladas","mobiliza\u00e7\u00e3o","museu","Museu das Remo\u00e7\u00f5es","Olimp\u00edadas","Remo\u00e7\u00e3o","resist\u00eancia","Rio das Pedras","solu\u00e7\u00e3o comunit\u00e1ria","t\u00e1ticas de organiza\u00e7\u00e3o","Vila Aut\u00f3dromo","Zona Oeste"],"articleSection":["#Rio2016","Cobertura de Eventos","Escrito por Aliados","Sociedade Civil","Solu\u00e7\u00f5es"],"inLanguage":"pt-BR"},{"@type":"WebPage","@id":"https:\/\/rioonwatch.org.br\/?p=28438","url":"https:\/\/rioonwatch.org.br\/?p=28438","name":"'A Luta S\u00f3 Come\u00e7ou': O Museu das Remo\u00e7\u00f5es da Vila Aut\u00f3dromo Apresenta Seu Plano Estrat\u00e9gico - RioOnWatch","isPartOf":{"@id":"https:\/\/rioonwatch.org.br\/#website"},"primaryImageOfPage":{"@id":"https:\/\/rioonwatch.org.br\/?p=28438#primaryimage"},"image":{"@id":"https:\/\/rioonwatch.org.br\/?p=28438#primaryimage"},"thumbnailUrl":"https:\/\/rioonwatch.org.br\/wp-content\/uploads\/2017\/09\/Memoria-nao-se-remove-Museu-das-remocoes-1.jpg","datePublished":"2017-09-26T12:06:23+00:00","dateModified":"2024-06-20T19:24:09+00:00","breadcrumb":{"@id":"https:\/\/rioonwatch.org.br\/?p=28438#breadcrumb"},"inLanguage":"pt-BR","potentialAction":[{"@type":"ReadAction","target":["https:\/\/rioonwatch.org.br\/?p=28438"]}]},{"@type":"ImageObject","inLanguage":"pt-BR","@id":"https:\/\/rioonwatch.org.br\/?p=28438#primaryimage","url":"https:\/\/rioonwatch.org.br\/wp-content\/uploads\/2017\/09\/Memoria-nao-se-remove-Museu-das-remocoes-1.jpg","contentUrl":"https:\/\/rioonwatch.org.br\/wp-content\/uploads\/2017\/09\/Memoria-nao-se-remove-Museu-das-remocoes-1.jpg","width":1000,"height":598},{"@type":"BreadcrumbList","@id":"https:\/\/rioonwatch.org.br\/?p=28438#breadcrumb","itemListElement":[{"@type":"ListItem","position":1,"name":"In\u00edcio","item":"https:\/\/rioonwatch.org.br\/"},{"@type":"ListItem","position":2,"name":"&#8216;A Luta S\u00f3 Come\u00e7ou&#8217;: O Museu das Remo\u00e7\u00f5es da Vila Aut\u00f3dromo Apresenta Seu Plano Estrat\u00e9gico"}]},{"@type":"WebSite","@id":"https:\/\/rioonwatch.org.br\/#website","url":"https:\/\/rioonwatch.org.br\/","name":"RioOnWatch","description":"relatos das favelas cariocas","publisher":{"@id":"https:\/\/rioonwatch.org.br\/#organization"},"potentialAction":[{"@type":"SearchAction","target":{"@type":"EntryPoint","urlTemplate":"https:\/\/rioonwatch.org.br\/?s={search_term_string}"},"query-input":{"@type":"PropertyValueSpecification","valueRequired":true,"valueName":"search_term_string"}}],"inLanguage":"pt-BR"},{"@type":"Organization","@id":"https:\/\/rioonwatch.org.br\/#organization","name":"RioOnWatch","url":"https:\/\/rioonwatch.org.br\/","logo":{"@type":"ImageObject","inLanguage":"pt-BR","@id":"https:\/\/rioonwatch.org.br\/#\/schema\/logo\/image\/","url":"https:\/\/rioonwatch.org.br\/wp-content\/uploads\/2021\/06\/RioOnWatchcabecalhoPT11anos-2.png","contentUrl":"https:\/\/rioonwatch.org.br\/wp-content\/uploads\/2021\/06\/RioOnWatchcabecalhoPT11anos-2.png","width":779,"height":277,"caption":"RioOnWatch"},"image":{"@id":"https:\/\/rioonwatch.org.br\/#\/schema\/logo\/image\/"}},{"@type":"Person","@id":"https:\/\/rioonwatch.org.br\/#\/schema\/person\/11d64c290506f9df50c71b850c473f68","name":"Admin","image":{"@type":"ImageObject","inLanguage":"pt-BR","@id":"https:\/\/rioonwatch.org.br\/#\/schema\/person\/image\/","url":"https:\/\/secure.gravatar.com\/avatar\/56211ac74568383903349a1485e3c325?s=96&d=blank&r=g","contentUrl":"https:\/\/secure.gravatar.com\/avatar\/56211ac74568383903349a1485e3c325?s=96&d=blank&r=g","caption":"Admin"},"url":"https:\/\/rioonwatch.org.br\/?author=129"}]}},"_links":{"self":[{"href":"https:\/\/rioonwatch.org.br\/index.php?rest_route=\/wp\/v2\/posts\/28438"}],"collection":[{"href":"https:\/\/rioonwatch.org.br\/index.php?rest_route=\/wp\/v2\/posts"}],"about":[{"href":"https:\/\/rioonwatch.org.br\/index.php?rest_route=\/wp\/v2\/types\/post"}],"author":[{"embeddable":true,"href":"https:\/\/rioonwatch.org.br\/index.php?rest_route=\/wp\/v2\/users\/129"}],"replies":[{"embeddable":true,"href":"https:\/\/rioonwatch.org.br\/index.php?rest_route=%2Fwp%2Fv2%2Fcomments&post=28438"}],"version-history":[{"count":15,"href":"https:\/\/rioonwatch.org.br\/index.php?rest_route=\/wp\/v2\/posts\/28438\/revisions"}],"predecessor-version":[{"id":28495,"href":"https:\/\/rioonwatch.org.br\/index.php?rest_route=\/wp\/v2\/posts\/28438\/revisions\/28495"}],"wp:featuredmedia":[{"embeddable":true,"href":"https:\/\/rioonwatch.org.br\/index.php?rest_route=\/wp\/v2\/media\/28441"}],"wp:attachment":[{"href":"https:\/\/rioonwatch.org.br\/index.php?rest_route=%2Fwp%2Fv2%2Fmedia&parent=28438"}],"wp:term":[{"taxonomy":"category","embeddable":true,"href":"https:\/\/rioonwatch.org.br\/index.php?rest_route=%2Fwp%2Fv2%2Fcategories&post=28438"},{"taxonomy":"post_tag","embeddable":true,"href":"https:\/\/rioonwatch.org.br\/index.php?rest_route=%2Fwp%2Fv2%2Ftags&post=28438"},{"taxonomy":"writer","embeddable":true,"href":"https:\/\/rioonwatch.org.br\/index.php?rest_route=%2Fwp%2Fv2%2Fwriter&post=28438"},{"taxonomy":"translator","embeddable":true,"href":"https:\/\/rioonwatch.org.br\/index.php?rest_route=%2Fwp%2Fv2%2Ftranslator&post=28438"},{"taxonomy":"source","embeddable":true,"href":"https:\/\/rioonwatch.org.br\/index.php?rest_route=%2Fwp%2Fv2%2Fsource&post=28438"},{"taxonomy":"ilustrador","embeddable":true,"href":"https:\/\/rioonwatch.org.br\/index.php?rest_route=%2Fwp%2Fv2%2Filustrador&post=28438"},{"taxonomy":"fotografo","embeddable":true,"href":"https:\/\/rioonwatch.org.br\/index.php?rest_route=%2Fwp%2Fv2%2Ffotografo&post=28438"}],"curies":[{"name":"wp","href":"https:\/\/api.w.org\/{rel}","templated":true}]}}