{"id":28471,"date":"2017-10-14T08:00:27","date_gmt":"2017-10-14T11:00:27","guid":{"rendered":"http:\/\/rioonwatch.org.br\/?p=28471"},"modified":"2017-12-06T12:21:14","modified_gmt":"2017-12-06T15:21:14","slug":"pediatra-dr-daniel-becker-reflete-sobre-a-saude-da-infancia-na-favela-e-no-asfalto-entrevista","status":"publish","type":"post","link":"https:\/\/rioonwatch.org.br\/?p=28471","title":{"rendered":"Pediatra Dr. Daniel Becker Reflete Sobre a Sa\u00fade da Inf\u00e2ncia na Favela e no Asfalto [ENTREVISTA]"},"content":{"rendered":"<p style=\"text-align: right;\"><em><strong><a href=\"http:\/\/bit.ly\/2kr5EiC\" target=\"_blank\" rel=\"noopener noreferrer\">Click Here for English<img decoding=\"async\" width=\"20\" height=\"20\" class=\"alignright wp-image-15790\" src=\"http:\/\/rioonwatch.org.br\/wp-content\/uploads\/2012\/08\/EN-standard-e1439583104716.jpg\" \/><\/a><\/strong><\/em><\/p>\n<p>Daniel Becker, pediatra proeminente e especialista em sa\u00fade comunit\u00e1ria, se graduou em Medicina pela UFRJ e fez seu mestrado em Sa\u00fade P\u00fablica na ENSP &#8211; FIOCRUZ. Al\u00e9m de atender crian\u00e7as ha anos em seu consult\u00f3rio particular, Daniel \u00e9 um <a href=\"http:\/\/bit.ly\/2v9OWaM\" target=\"_blank\" rel=\"noopener\">fellow da Ashoka<\/a>, organiza\u00e7\u00e3o internacional que <a href=\"http:\/\/bit.ly\/2y960zR\" target=\"_blank\" rel=\"noopener\">reconhece e apoia empreendedores sociais<\/a>, por seu papel no\u00a0<a href=\"http:\/\/bit.ly\/16FStZb\" target=\"_blank\" rel=\"noopener\">CEDAPS<\/a>, Centro de Promo\u00e7\u00e3o da Sa\u00fade, ONG que atua desde 1993 promovendo a sa\u00fade com agentes locais em centenas de favelas cariocas. At\u00e9 o momento, sua p\u00e1gina no Facebook,\u00a0<em><a href=\"http:\/\/bit.ly\/2v6Mdzq\" target=\"_blank\" rel=\"noopener\">Pediatria Integral<\/a>,<\/em>\u00a0conta com mais de 74.000 curtidas.\u00a0Ele est\u00e1 tamb\u00e9m no <a href=\"http:\/\/bit.ly\/2ibHYh4\" target=\"_blank\" rel=\"noopener\">Canal Criar e Crescer do YouTube<\/a>. Daniel\u00a0<a href=\"http:\/\/bit.ly\/2v6ahm4\" target=\"_blank\" rel=\"noopener\">esteve no programa\u00a0<em>Roda Viva<\/em><\/a> para falar sobre inf\u00e2ncia brasileira nos dias de hoje.\u00a0O<em> RioOnWatch\u00a0<\/em>entrevistou Daniel sobre sua trajet\u00f3ria e suas conclus\u00f5es sobre a situa\u00e7\u00e3o da juventude no asfalto e na favela.<\/p>\n<h3><em>RioOnWatch<\/em>: Brevemente, voc\u00ea pode nos contar sobre seu trabalho como pediatra? Aonde e quando come\u00e7ou, com quais aspectos voc\u00ea t\u00eam trabalhado em comunidades de baixa renda e em bairros de alta renda?<\/h3>\n<p><strong>Daniel:<\/strong> Eu comecei minha vida em pediatria h\u00e1 trinta anos, e eu fiz a resid\u00eancia em pediatria na UFRJ. Pouco tempo depois eu fui viajar, fiz dois anos de treinamento em Pediatria Cl\u00ednica, Medicina do Adolescente e Pediatria Social na Fran\u00e7a e depois passei quase um ano com o\u00a0<a href=\"http:\/\/bit.ly\/2jXWx6t\" target=\"_blank\" rel=\"noopener\">M\u00e9dicos Sem Fronteiras<\/a> na Tail\u00e2ndia, trabalhando com refugiados cambojanos. Quando eu voltei, <a href=\"http:\/\/bit.ly\/2u88pEE\" target=\"_blank\" rel=\"noopener\">eu me associei ao grupo CEDAPS<\/a> que estava trabalhando numa favela chamada\u00a0<a href=\"http:\/\/bit.ly\/2ft0bSA\" target=\"_blank\" rel=\"noopener\">Vila Canoas<\/a> e a gente criou ali um pequeno posto de sa\u00fade. Come\u00e7ei como pediatra, mas depois eu passei a ser coordenador do projeto, apoiado pela Dreyfus Health Foundation, dos EUA. N\u00f3s percebemos que a gente estava fazendo mais do mesmo&#8211;est\u00e1vamos fazendo uma repeti\u00e7\u00e3o do que existia nos postos de sa\u00fade, e que na \u00e9poca fazia pouca diferen\u00e7a na vida daquela popula\u00e7\u00e3o.<\/p>\n<p><a href=\"http:\/\/rioonwatch.org.br\/wp-content\/uploads\/2017\/09\/Screen-Shot-2017-07-30-at-12.06.52-PM.png\"><img fetchpriority=\"high\" decoding=\"async\" class=\"aligncenter wp-image-28477 size-content\" title=\"Daniel Becker trabalhando junto ao M\u00e9dicos Sem Fronteiras na Tail\u00e2ndia.\" src=\"http:\/\/rioonwatch.org.br\/wp-content\/uploads\/2017\/09\/Screen-Shot-2017-07-30-at-12.06.52-PM-620x264.png\" alt=\"\" width=\"620\" height=\"264\" srcset=\"https:\/\/rioonwatch.org.br\/wp-content\/uploads\/2017\/09\/Screen-Shot-2017-07-30-at-12.06.52-PM-620x264.png 620w, https:\/\/rioonwatch.org.br\/wp-content\/uploads\/2017\/09\/Screen-Shot-2017-07-30-at-12.06.52-PM-940x400.png 940w\" sizes=\"(max-width: 620px) 100vw, 620px\" \/><\/a><\/p>\n<p>A gente resolveu, ent\u00e3o, mudar esta proposta e criar um modelo que gerasse um v\u00ednculo de responsabilidade de rela\u00e7\u00e3o, de troca com a comunidade. N\u00f3s estudamos um pouco as op\u00e7\u00f5es e vimos os\u00a0<a href=\"http:\/\/bit.ly\/2u8tKhi\" target=\"_blank\" rel=\"noopener\">modelos cubanos e ingleses<\/a>. Decidimos agregar a figura do agente comunit\u00e1rio de sa\u00fade, que no Brasil come\u00e7ava no Cear\u00e1, com sucesso. E inauguramos ent\u00e3o a primeira equipe de Sa\u00fade da Fam\u00edlia no Rio. Fomos portanto pioneiros do <a href=\"http:\/\/bit.ly\/2sGykHN\" target=\"_blank\" rel=\"noopener\">Programa de Sa\u00fade da Fam\u00edlia<\/a> no Rio, e junto com outras entidades em S\u00e3o Paulo, Rio Grande do Sul, Minas Gerais, Cear\u00e1, Niter\u00f3i, n\u00f3s levamos essa ideia para o Ministro de Sa\u00fade que adotou e expandiu o\u00a0<a href=\"http:\/\/bit.ly\/2sGykHN\" target=\"_blank\" rel=\"noopener\">Programa<\/a>, tornando-o a principal pol\u00edtica de sa\u00fade no Brasil, um orgulho perante a comunidade internacional.<\/p>\n<p>Ent\u00e3o, essa \u00e9 uma coisa sobre a qual eu tenho muito orgulho. Eu fui um dos pioneiros desse modelo, que \u00e9 o modelo mais apropriado para o atendimento de comunidades populares. Voc\u00ea tem a equipe de sa\u00fade junto com a comunidade, trabalhando aonde a comunidade est\u00e1, aonde as pessoas vivem. Podemos compreender melhor quais s\u00e3o as necessidades das pessoas a partir do local de moradia delas. E depois n\u00f3s come\u00e7amos a trabalhar com essa ideia da promo\u00e7\u00e3o da sa\u00fade, <a href=\"http:\/\/bit.ly\/2v8Pyy1\" target=\"_blank\" rel=\"noopener\">que \u00e9 a ideia de que sa\u00fade n\u00e3o se conquista atrav\u00e9s do atendimento m\u00e9dico<\/a>. A sa\u00fade se conquista com o desenvolvimento, com afeto, com uma boa alimenta\u00e7\u00e3o, com uma boa moradia, com recrea\u00e7\u00e3o, cultura, educa\u00e7\u00e3o, paz e seguran\u00e7a. Direitos, n\u00e9?!\u00a0<a href=\"http:\/\/bit.ly\/1iqdzi3\" target=\"_blank\" rel=\"noopener\">Direitos fundamentais<\/a>.<\/p>\n<p>O trabalho come\u00e7ou a fortalecer as comunidades, empoderando\u00a0<a href=\"http:\/\/bit.ly\/2xLCFeb\" target=\"_blank\" rel=\"noopener\">lideran\u00e7as comunit\u00e1rias<\/a> para que elas conseguissem promover mais sa\u00fade nos seus territ\u00f3rios. Isso tudo foi ao longo de 20, quase 25 anos. Depois a funda\u00e7\u00e3o que nos financiava fechou as portas.<\/p>\n<p><a href=\"http:\/\/rioonwatch.org.br\/wp-content\/uploads\/2017\/09\/Banner-CEDAPS.jpg\"><img decoding=\"async\" class=\"aligncenter wp-image-28502 size-content\" title=\"Trabalho da Rede de Comunidades Saud\u00e1veis do CEDAPS\" src=\"http:\/\/rioonwatch.org.br\/wp-content\/uploads\/2017\/09\/Banner-CEDAPS-620x264.jpg\" alt=\"\" width=\"620\" height=\"264\" srcset=\"https:\/\/rioonwatch.org.br\/wp-content\/uploads\/2017\/09\/Banner-CEDAPS-620x264.jpg 620w, https:\/\/rioonwatch.org.br\/wp-content\/uploads\/2017\/09\/Banner-CEDAPS-940x400.jpg 940w\" sizes=\"(max-width: 620px) 100vw, 620px\" \/><\/a><\/p>\n<p>Nessa \u00e9poca em diante eu me dediquei mais\u00a0<a href=\"http:\/\/bit.ly\/2v9NNAb\" target=\"_blank\" rel=\"noopener\">ao consult\u00f3rio<\/a>\u00a0e isso deu bastante certo. Hoje fa\u00e7o parte do conselho do CEDAPS.<\/p>\n<p>Ent\u00e3o minha experi\u00eancia com comunidades n\u00e3o \u00e9 s\u00f3 com a pediatria, \u00e9 com a vida, com o dia a dia das crian\u00e7as, e das fam\u00edlias em geral. No consult\u00f3rio trabalho com fam\u00edlias e crian\u00e7as de classe m\u00e9dia e alta que podem pagar um pediatra que n\u00e3o tem conv\u00eanio. Mas tamb\u00e9m na minha pr\u00e1tica de consult\u00f3rio, eu continuei a me preocupar com o coletivo. N\u00e3o fico s\u00f3 restrito ao mundo da fam\u00edlia. Sempre tento entender e fazer refletir sobre o contexto social, ambiental e cultural que nos cerca. Ent\u00e3o eu comecei a <a href=\"http:\/\/bit.ly\/2v6ahm4\" target=\"_blank\" rel=\"noopener\">conversar<\/a>, falar, <a href=\"http:\/\/bit.ly\/2ibHYh4\" target=\"_blank\" rel=\"noopener\">palestrar<\/a> e escrever <a href=\"http:\/\/bit.ly\/2hbYmxi\" target=\"_blank\" rel=\"noopener\">no meu blog<\/a> sobre o que \u00e9 ser pai e m\u00e3e hoje em dia, no s\u00e9culo 21, nessas condi\u00e7\u00f5es que a gente vive no Brasil com as caracter\u00edsticas da nossa sociedade, e tentar fazer as pessoas entenderem que os fatores sociais s\u00e3o muito influentes na vida das fam\u00edlias e na forma que a gente cria nossos filhos.<\/p>\n<h3><em>RioOnWatch<\/em>: E foi nessa \u00e9poca que voc\u00ea fez o Tedx Talk?<\/h3>\n<p><strong>Daniel:<\/strong>\u00a0O TedTalk foi nessa \u00e9poca, 2015. O Tedx justamente foi uma s\u00edntese de v\u00e1rios aspectos, que eu resumi com essa ideia de \u201c<a href=\"http:\/\/bit.ly\/1e1Bold\" target=\"_blank\" rel=\"noopener\">sete pecados<\/a>&#8220;. E agora estou escrevendo um livro sobre isso tamb\u00e9m, pela Editora Objetiva.<\/p>\n<blockquote><p>Os &#8216;sete pecados&#8217; contra as crian\u00e7as, seguindo o Dr. Daniel Becker:<\/p>\n<p>1 \u2013 Priva\u00e7\u00e3o do nascimento natural e do aleitamento materno<br \/>\n2 \u2013 Terceiriza\u00e7\u00e3o da inf\u00e2ncia<br \/>\n3\u00a0\u2013 Intoxica\u00e7\u00e3o da inf\u00e2ncia<br \/>\n4 \u2013 Confinamento e distra\u00e7\u00e3o permanente<br \/>\n5 \u2013 Mercantiliza\u00e7\u00e3o da inf\u00e2ncia e consumismo infantil<br \/>\n6 \u2013 Adultiza\u00e7\u00e3o e erotiza\u00e7\u00e3o precoce<br \/>\n7 \u2013 Entroniza\u00e7\u00e3o e superprote\u00e7\u00e3o da inf\u00e2ncia<\/p><\/blockquote>\n<p><iframe title=\"Crian\u00e7as, j\u00e1 para fora | Daniel Becker | TEDxLa\u00e7ador\" width=\"500\" height=\"281\" src=\"https:\/\/www.youtube.com\/embed\/1Kxffmj78Os?feature=oembed\" frameborder=\"0\" allow=\"accelerometer; autoplay; clipboard-write; encrypted-media; gyroscope; picture-in-picture; web-share\" referrerpolicy=\"strict-origin-when-cross-origin\" allowfullscreen><\/iframe><\/p>\n<h3><em>RioOnWatch<\/em>: O que voc\u00ea v\u00ea como as maiores diferen\u00e7as entre jovens criados na favela e no asfalto?<\/h3>\n<p><strong>Daniel:<\/strong>\u00a0Isso \u00e9 justamente uma diferen\u00e7a de acesso a direitos. A crian\u00e7a da favela tem uma moradia ruim, em geral. Muitas vezes ela n\u00e3o tem <a href=\"http:\/\/bit.ly\/1diQ7Xa\" target=\"_blank\" rel=\"noopener\">saneamento b\u00e1sico ou adequado<\/a>. Muitas vezes vivem ao lado de esgoto a c\u00e9u aberto. Ela n\u00e3o tem servi\u00e7os de <a href=\"http:\/\/bit.ly\/2l0pM9h\" target=\"_blank\" rel=\"noopener\">educa\u00e7\u00e3o<\/a> e de <a href=\"http:\/\/bit.ly\/1KWha5E\" target=\"_blank\" rel=\"noopener\">sa\u00fade<\/a> de boa qualidade. Ajuda muito quando tem <a href=\"http:\/\/bit.ly\/1XCU1j4\" target=\"_blank\" rel=\"noopener\">Cl\u00ednica da Fam\u00edlia<\/a> em casa, mas por exemplo se a crian\u00e7a precisa de um especialista ou de um exame mais complexo, isso \u00e9 mais dif\u00edcil conseguir.<\/p>\n<p>Apesar que no\u00a0Rio de Janeiro nessa parte melhorou bastante. O que tem hoje est\u00e1 bem mais organizado. Isso \u00e9 uma grande melhoria que houve na gest\u00e3o anterior, uma das poucas coisas que realmente que se pode apreciar no governo do <a href=\"http:\/\/bit.ly\/1k4eA6c\" target=\"_blank\" rel=\"noopener\">Eduardo Paes<\/a>&#8211;a melhoria da organiza\u00e7\u00e3o da rede de sa\u00fade. A equipe de sa\u00fade dele era boa. \u00c9 claro, o acesso e o direito \u00e0 liberdade&#8211;o direito ao brincar e o direito \u00e0 circula\u00e7\u00e3o&#8211;ficam muito amea\u00e7ados pela presen\u00e7a da viol\u00eancia, tanto <a href=\"http:\/\/bit.ly\/1i0t9Hc\" target=\"_blank\" rel=\"noopener\">policial<\/a> quanto pelo <a href=\"http:\/\/bit.ly\/NRIxaP\">crime organizado<\/a>. Isso \u00e9 terr\u00edvel e a viol\u00eancia \u00e9 impeditiva da implementa\u00e7\u00e3o de outros direitos. Ent\u00e3o a crian\u00e7a [nesta situa\u00e7\u00e3o] n\u00e3o pode brincar na rua, n\u00e3o pode acessar uma \u00e1rea natural. Ela <a href=\"http:\/\/bit.ly\/1PHlaNC\" target=\"_blank\" rel=\"noopener\">n\u00e3o pode acessar sequer a praia<\/a> porque \u00e0s vezes n\u00e3o tem dinheiro para o \u00f4nibus. \u00c9 muito tr\u00e1gico.<\/p>\n<p><a href=\"http:\/\/rioonwatch.org.br\/wp-content\/uploads\/2017\/09\/Lins-Foto-Luiz-Baltar.jpg\"><img loading=\"lazy\" decoding=\"async\" class=\"aligncenter wp-image-28506 size-content\" title=\"Pacifica\u00e7\u00e3o no Complexo do Lins. Foto por Luiz Baltar\" src=\"http:\/\/rioonwatch.org.br\/wp-content\/uploads\/2017\/09\/Lins-Foto-Luiz-Baltar-620x264.jpg\" alt=\"\" width=\"620\" height=\"264\" srcset=\"https:\/\/rioonwatch.org.br\/wp-content\/uploads\/2017\/09\/Lins-Foto-Luiz-Baltar-620x264.jpg 620w, https:\/\/rioonwatch.org.br\/wp-content\/uploads\/2017\/09\/Lins-Foto-Luiz-Baltar-940x400.jpg 940w\" sizes=\"(max-width: 620px) 100vw, 620px\" \/><\/a><\/p>\n<p>A gente estava feliz na \u00e9poca em que as <a href=\"http:\/\/bit.ly\/R5ueio\" target=\"_blank\" rel=\"noopener\">UPPs<\/a> conseguiram funcionar bem. Depois elas entraram em decad\u00eancia, e <a href=\"http:\/\/bit.ly\/2j3iT3H\" target=\"_blank\" rel=\"noopener\">agora est\u00e1 pior do que estava antes<\/a>. Agora voc\u00ea tem a viol\u00eancia da pol\u00edcia e a viol\u00eancia do crime organizado, configurando uma opress\u00e3o de todos os lados, com consequ\u00eancias terr\u00edveis para o bem estar f\u00edsico e emocional de todos os moradores. H\u00e1 tamb\u00e9m o <a href=\"http:\/\/bit.ly\/2prkLWe\" target=\"_blank\" rel=\"noopener\">problema da alimenta\u00e7\u00e3o<\/a>. As crian\u00e7as da periferia t\u00eam pouco acesso \u00e0 comida natural, que \u00e9 mais cara que a industrial. Nas biroscas do entorno n\u00e3o se encontra frutas e legumes, s\u00f3 comida de baixa qualidade&#8211;o salgadinho, o refrigerante, o biscoito. Essa comida tem mais a\u00e7\u00facar, mais sal e mais gordura, e \u00e9 mais cheia de subst\u00e2ncias qu\u00edmicas. Ent\u00e3o as crian\u00e7as comem pouca comida saud\u00e1vel, e tendem a ficar mal nutridas e com sobrepeso, at\u00e9 obesidade. Ent\u00e3o o direito \u00e0 alimenta\u00e7\u00e3o saud\u00e1vel \u00e9 um problema s\u00e9rio tamb\u00e9m para estas crian\u00e7as.<\/p>\n<p>Al\u00e9m disso, as fam\u00edlias que s\u00e3o pobres e t\u00eam que trabalhar muito, convivem pouco com as crian\u00e7as. Ficam trabalhando mais tempo, trabalham mais longe, s\u00e3o comunidades na periferia. Ent\u00e3o, a <a href=\"http:\/\/bit.ly\/2w820KB\" target=\"_blank\" rel=\"noopener\">m\u00e3e e o pai levam mais tempo para chegar l\u00e1<\/a>. O percentual de fam\u00edlias chefiadas por mulheres, em que o pai abandona, \u00e9 muito alto &#8212; por isso o trabalho com a paternidade \u00e9 muito importante.<\/p>\n<p><a href=\"http:\/\/rioonwatch.org.br\/wp-content\/uploads\/2017\/09\/\u00f4nibus-lotado-Foto-EBC.jpg\"><img loading=\"lazy\" decoding=\"async\" class=\"aligncenter wp-image-28507 size-content\" title=\"\u00f4nibus lotado - Foto EBC\" src=\"http:\/\/rioonwatch.org.br\/wp-content\/uploads\/2017\/09\/\u00f4nibus-lotado-Foto-EBC-620x264.jpg\" alt=\"\" width=\"620\" height=\"264\" \/><\/a><\/p>\n<p>Uma outra coisa que eu sempre coloco \u00e9 que a crian\u00e7a tem que ter acesso ao ar livre e \u00e0 natureza para se desenvolver bem. Uma \u00e1rea natural aonde t\u00eam \u00e1rvores, pedrinhas, terra, bichos, \u00e9 t\u00e3o importante para o desenvolvimento dela. \u00c0s vezes t\u00eam favelas em \u00e1reas verdes, s\u00f3 que as crian\u00e7as n\u00e3o chegam l\u00e1 porque o tr\u00e1fico n\u00e3o permite.<\/p>\n<p>No &#8216;asfalto&#8217; ha muitos privil\u00e9gios, mas tamb\u00e9m h\u00e1 muitos problemas. Voc\u00ea tem crian\u00e7as hoje que t\u00eam boas moradias, que t\u00eam casas adequadas, que t\u00eam saneamento e comida e bab\u00e1s. Mas, s\u00e3o crian\u00e7as que veem pouco os pais tamb\u00e9m. <a href=\"http:\/\/abr.ai\/2vah11O\" target=\"_blank\" rel=\"noopener\">Os pais s\u00e3o ausentes a maior parte do tempo<\/a>. Voc\u00ea tem a quest\u00e3o tamb\u00e9m da\u00a0<a href=\"http:\/\/bit.ly\/2eWCAN4\" target=\"_blank\" rel=\"noopener\">alimenta\u00e7\u00e3o industrial<\/a> porque as pessoas n\u00e3o t\u00eam tempo para cozinhar, e assistem a televis\u00e3o ou a internet e ficam influenciadas pela propaganda. S\u00e3o crian\u00e7as que muitas vezes n\u00e3o podem sair de casa. Interessante notar que na favela as crian\u00e7as brincando ficam mais na rua&#8211;apesar do risco de viol\u00eancia ser muito maior [em favelas com tr\u00e1fico]\u2013a percep\u00e7\u00e3o de risco \u00e9 diferente. Um vizinho fica olhando. Ela fica bem mais fora de casa, que pode ser muito bom para [o desenvolvimento] dela. As fam\u00edlias do &#8216;asfalto&#8217; tem mais medo. A crian\u00e7a n\u00e3o pode sair porque [teme que] vai ter tiroteio, vai ser atropelada. Voc\u00ea acaba de verdade brincando menos fora de casa, na pra\u00e7a. Fica ali passando muito tempo em frente\u00a0<a href=\"http:\/\/bit.ly\/2eWD5GW\" target=\"_blank\" rel=\"noopener\">ao tablete, \u00e0 televis\u00e3o<\/a>, e isso \u00e9 ruim para o desenvolvimento dela.<\/p>\n<h3><em>RioOnWatch<\/em>: Quais s\u00e3o as vantagens de ter sido criado na favela?<\/h3>\n<p><strong>Daniel:<\/strong>\u00a0Muitas vezes voc\u00ea tem uma rede de afeto, uma rede amorosa mais presente na favela. \u00c9 comum voc\u00ea ter na mesma \u00e1rea, av\u00f3, tia, vizinha, todo mundo&#8211;uma rede social mais presente. Ent\u00e3o, a crian\u00e7a \u00e9 mais mergulhada numa rede afetiva e de cuidadores que conhecem ela e que cuidam dela duma forma mais amorosa. E isso \u00e9 bom para ela, para seu desenvolvimento. Ela tem mais liberdade de brincar, porque muitas vezes tem um quintalzinho l\u00e1, t\u00eam \u00e1rvores ali perto, e muitas vezes ela n\u00e3o tem tanto medo assim de sair na rua. Essas s\u00e3o as principais vantagens. O resto \u00e9 mais desvantagem.\u00a0Talvez haja menos superprote\u00e7\u00e3o tamb\u00e9m. A tend\u00eancia de n\u00e3o conseguir dar limites, educar com um m\u00ednimo de disciplina positiva \u00e9 muito forte na classe m\u00e9dia-alta. \u00c9 uma superprote\u00e7\u00e3o t\u00f3xica mesmo.<\/p>\n<p><a href=\"http:\/\/rioonwatch.org.br\/wp-content\/uploads\/2017\/09\/Crian\u00e7as-brincando-na-Asa-Brancaok.jpg\"><img loading=\"lazy\" decoding=\"async\" class=\"aligncenter wp-image-28510 size-content\" title=\"Crian\u00e7as brincando na comunidade Asa Branca.\" src=\"http:\/\/rioonwatch.org.br\/wp-content\/uploads\/2017\/09\/Crian\u00e7as-brincando-na-Asa-Brancaok-620x264.jpg\" alt=\"\" width=\"620\" height=\"264\" srcset=\"https:\/\/rioonwatch.org.br\/wp-content\/uploads\/2017\/09\/Crian\u00e7as-brincando-na-Asa-Brancaok-620x264.jpg 620w, https:\/\/rioonwatch.org.br\/wp-content\/uploads\/2017\/09\/Crian\u00e7as-brincando-na-Asa-Brancaok-768x327.jpg 768w, https:\/\/rioonwatch.org.br\/wp-content\/uploads\/2017\/09\/Crian\u00e7as-brincando-na-Asa-Brancaok-1024x436.jpg 1024w, https:\/\/rioonwatch.org.br\/wp-content\/uploads\/2017\/09\/Crian\u00e7as-brincando-na-Asa-Brancaok-940x400.jpg 940w, https:\/\/rioonwatch.org.br\/wp-content\/uploads\/2017\/09\/Crian\u00e7as-brincando-na-Asa-Brancaok.jpg 2048w\" sizes=\"(max-width: 620px) 100vw, 620px\" \/><\/a><\/p>\n<h3><em>RioOnWatch<\/em>: Voc\u00ea pode elaborar um pouco mais sobre isso?<\/h3>\n<p><strong>Daniel:<\/strong>\u00a0\u00c9 a chamada &#8216;cria\u00e7\u00e3o de helic\u00f3ptero&#8217;. Quando um pai que trabalha muito est\u00e1 com seu filho, ele j\u00e1 se sente culpado, pois quase n\u00e3o viu a crian\u00e7a durante a semana. Ent\u00e3o, no fim de semana voc\u00ea o leva ao shopping. Se quiser brinquedo, d\u00e1 brinquedo. Se quiser um presente, d\u00e1 mais presentes. Leva no play, n\u00e3o deixa ele se machucar. Fica o tempo todo em cima, &#8216;n\u00e3o pode isso, n\u00e3o pode aquilo, n\u00e3o faz isso, n\u00e3o faz aquilo, voc\u00ea vai se machucar, voc\u00ea vai cair&#8217;. A crian\u00e7a vive sem possibilidade de ter um pouco mais de risco na vida dela. Qual \u00e9 o risco? O risco de cair e ralar o joelho, por exemplo: uma coisa muito importante porque a crian\u00e7a vai aprender a ter coragem, a avaliar riscos a perceber que os problemas passam e as feridas cicatrizam, a considerar a vida uma aventura. Uma crian\u00e7a superprotegida vai achar que ela manda na fam\u00edlia e ela vai se tornar mais narcisista por isso&#8211;mimada. A possibilidade de sentir dor e sentir frustra\u00e7\u00e3o e saber que &#8216;isso aqui n\u00e3o pode agora&#8217;\u00a0<a href=\"http:\/\/bit.ly\/2uMkT6R\" target=\"_blank\" rel=\"noopener\">\u00e9 muito importante para a cria\u00e7\u00e3o dela<\/a>. Talvez numa favela aonde h\u00e1 mais pobreza, a crian\u00e7a acaba tendo que enfrentar um pouco mais isso e ela tem mais afazeres, tem que ajudar em casa. Enfim, ela acaba mais preparada, mais bem-educada. A superprote\u00e7\u00e3o pode ser muito nociva para a crian\u00e7a. Ela \u00e9 muito comum na classe m\u00e9dia-alta.<\/p>\n<h3><em>RioOnWatch<\/em>: Qual foi a maior mudan\u00e7a, ao longo dos seus anos de trabalho, no desenvolvimento de jovens de favelas?<\/h3>\n<p><strong>Daniel:<\/strong>\u00a0Na \u00e9poca em que as UPPs come\u00e7aram a funcionar melhor, houve mais atividade econ\u00f4mica. Houve uma melhoria da vida em geral nas comunidades. Atividades sociais, havia mais liberdade com isso. De novo, a viol\u00eancia \u00e9 muito opressora para as crian\u00e7as, especialmente a <a href=\"http:\/\/bit.ly\/1fGmPzz\" target=\"_blank\" rel=\"noopener\">viol\u00eancia policial em caso de jovens negros<\/a>.<\/p>\n<h3><em>RioOnWatch<\/em>:\u00a0Voc\u00ea poderia elaborar um pouco mais por favor, sobre o impacto do estigma social nos jovens da favela?<\/h3>\n<p><strong>Daniel:<\/strong>\u00a0Eu acho a quest\u00e3o de <a href=\"http:\/\/bit.ly\/P4itK0\" target=\"_blank\" rel=\"noopener\">estigma<\/a> muito importante. Mais do que isso, tem o agravamento da <a href=\"http:\/\/bit.ly\/1owRf9p\" target=\"_blank\" rel=\"noopener\">desigualdade<\/a> no Brasil, especialmente com o governo recente, que ir\u00e1 <a href=\"http:\/\/bit.ly\/2xxfnZx\" target=\"_blank\" rel=\"noopener\">agravar essa desigualdade<\/a>. A desigualdade em sa\u00fade \u00e9 reconhecida como uma das coisas mais nocivas. \u00c9 cientificamente estudado pela sa\u00fade publica, pela economia e as ci\u00eancias sociais, que a desigualdade faz mal a todos, a sociedade inteira. O afastamento extremo entre dois lados da sociedade cria uma no\u00e7\u00e3o de que <a href=\"http:\/\/bit.ly\/2kZlcpd\" target=\"_blank\" rel=\"noopener\">o &#8216;Outro&#8217; \u00e9 meu inimigo<\/a>. O &#8216;outro&#8217; que \u00e9 o pobre, e algu\u00e9m que eu desprezo, que \u00e9 meu inimigo, que eu tenho medo, que eu prefiro n\u00e3o ver, ou at\u00e9 eliminar. A vida do outro passa a n\u00e3o ter o mesmo valor. Ent\u00e3o jovens pobres e negros entram num processo de estigmatiza\u00e7\u00e3o terr\u00edvel aonde <a href=\"http:\/\/bit.ly\/2buISj2\" target=\"_blank\" rel=\"noopener\">eles representam o crime<\/a>, a amea\u00e7a, o outro. E a <a href=\"http:\/\/bit.ly\/2qTopcb\" target=\"_blank\" rel=\"noopener\">popula\u00e7\u00e3o branca e rica come\u00e7a a desprezar<\/a> e odiar essas pessoas. Numa sociedade onde a \u00e9tica da vida fica t\u00e3o deformada, onde a vida n\u00e3o tem o mesmo valor, tudo fica desprovido de \u00e9tica. E da\u00ed a corrup\u00e7\u00e3o, e a toler\u00e2ncia com ela. O rico n\u00e3o se importa com a qualidade do transporte p\u00fablico por que n\u00e3o usa, e a\u00ed todos ficam engarrafados. O rico n\u00e3o se importa com a qualidade da escola p\u00fablica por que suas crian\u00e7as estudam na particular, mas a\u00ed os pobres ficam pouco educados, e facilmente manipulados por pol\u00edticos corruptos ou fascistas. E por a\u00ed vai, numa espiral que deixa tudo pior para todos.<\/p>\n<h3><em>RioOnWatch<\/em>: Como isso impacta o desenvolvimento social e emocional de uma crian\u00e7a?<\/h3>\n<p><strong>Daniel:<\/strong>\u00a0Um jovem negro e pobre, morador de favela, n\u00e3o tem direito, sequer, de <a href=\"http:\/\/bit.ly\/LHkZFh\" target=\"_blank\" rel=\"noopener\">andar nas ruas da Zona Sul<\/a>. Ele \u00e9 visto como um inimigo. <a href=\"http:\/\/bit.ly\/1ZrpHZ8\" target=\"_blank\" rel=\"noopener\">Se algu\u00e9m achar que ele roubou alguma coisa, ele vai ser espancado<\/a>. H\u00e1 pouco houve uma opera\u00e7\u00e3o da pol\u00edcia que n\u00e3o permitia que as crian\u00e7as negras que n\u00e3o tivessem dinheiro chegassem at\u00e9 \u00e0 praia. A praia \u00e9 um programa p\u00fablico e gratuito, um dos poucos. Acho que a sensa\u00e7\u00e3o tamb\u00e9m de ser menos, de n\u00e3o ter direitos, de ser estigmatizado como criminoso, \u00e9 muito cruel para a psique de uma crian\u00e7a ou de um jovem. Isso torna a vida dele mais dif\u00edcil, com menos prop\u00f3sito e menos sentido. \u00c9 bem dif\u00edcil.<\/p>\n<h3><em>RioOnWatch<\/em>: O que os pais de crian\u00e7as que est\u00e3o crescendo em bairros formais poderiam aprender com pais de crian\u00e7as de favelas, e o que os pais de favelas podem aprender com os pais do asfalto?<\/h3>\n<p><strong>Daniel:\u00a0<\/strong>Para os pais da favela, eu diria que eles devem saber que eles podem ocupar os espa\u00e7os culturais e recreativos da cidade. Voc\u00ea vai na praia ou no Parque Lage, espa\u00e7os gratuitos, e voc\u00ea v\u00ea pouca gente de classe baixa. Tem gente do Alem\u00e3o que nunca foi a praia&#8211;s\u00e3o 20km. Voc\u00ea vai no <a href=\"http:\/\/bit.ly\/2uKBWIh\" target=\"_blank\" rel=\"noopener\">Centro Cultural Banco do Brasil<\/a>, que tem espet\u00e1culos e exposi\u00e7\u00f5es incr\u00edveis, tudo de gra\u00e7a. Ao redor tem a <a href=\"http:\/\/bit.ly\/2vjfsPM\" target=\"_blank\" rel=\"noopener\">Casa Fran\u00e7a-Brasil<\/a>, o <a href=\"http:\/\/bit.ly\/2vVxDs4\" target=\"_blank\" rel=\"noopener\">Centro Cultural Correios<\/a>, o <a href=\"http:\/\/bit.ly\/2vVBGnY\" target=\"_blank\" rel=\"noopener\">Centro Cultural da Justi\u00e7a Federal<\/a>&#8211;todos na mesma \u00e1rea&#8211;e n\u00e3o precisa pagar nada. Mas muitas pessoas n\u00e3o sabem que elas podem ir nesses lugares. Em geral, nestes espa\u00e7os s\u00f3 t\u00eam branco, n\u00e3o t\u00eam pessoas negras, n\u00e3o t\u00eam pessoas pobres. E aqui tem o <a href=\"http:\/\/bit.ly\/XuDNKV\" target=\"_blank\" rel=\"noopener\">Vidigal<\/a>, tem a <a href=\"http:\/\/bit.ly\/16w2zz1\" target=\"_blank\" rel=\"noopener\">Rocinha<\/a>, tem a <a href=\"http:\/\/bit.ly\/KJyNyH\" target=\"_blank\" rel=\"noopener\">Mangueira<\/a>, \u00e9 um \u00f4nibus de distancia tamb\u00e9m. Alguns podem vir a p\u00e9. Da Rocinha d\u00e1 para chegar no <a href=\"http:\/\/bit.ly\/1UfSVGa\" target=\"_blank\" rel=\"noopener\">Jardim Bot\u00e2nico<\/a> a p\u00e9. Ent\u00e3o, eu diria para os pais das favelas que eles t\u00eam que ocupar esses espa\u00e7os culturais e naturais da cidade porque esses espa\u00e7os s\u00e3o deles tamb\u00e9m. N\u00e3o \u00e9 s\u00f3 para os ricos, mas s\u00e3o s\u00f3 os ricos que aproveitam.<\/p>\n<p>Para os ricos, diria a mesma coisa, que eles devem continuar a ocupar esses espa\u00e7os e permitir que seus filhos se encontrem com as crian\u00e7as da favela e brinquem com as crian\u00e7as da favela. Quanto menos segrega\u00e7\u00e3o, quanto mais encontro e afeto melhor. Esse encontro \u00e9 que vai gerar empatia, compreens\u00e3o. Vai gerar uma redu\u00e7\u00e3o de estigma, o que \u00e9 muito importante para essa cidade. Para entendermos que todos precisamos de uma cidade mais justa, mais igualit\u00e1ria, mais sustent\u00e1vel\u2013e que isso s\u00f3 \u00e9 poss\u00edvel pressionando os governantes, exigindo mais transpar\u00eancia e um governo voltado para os reais interesses da popula\u00e7\u00e3o, e n\u00e3o de grupos de interesse que circulam em torno dos pol\u00edticos. \u00c9 o que chamo de governan\u00e7a participativa. Para isso, temos que nos encontrar e debater.<\/p>\n<!-- AddThis Advanced Settings generic via filter on the_content --><!-- AddThis Share Buttons generic via filter on the_content -->","protected":false},"excerpt":{"rendered":"<div class=\"mh-excerpt\"><p>Click Here for English Daniel Becker, pediatra proeminente e especialista em sa\u00fade comunit\u00e1ria, se graduou em Medicina pela UFRJ e fez seu mestrado em Sa\u00fade P\u00fablica na ENSP &#8211; FIOCRUZ. Al\u00e9m de atender crian\u00e7as ha <a class=\"mh-excerpt-more\" href=\"https:\/\/rioonwatch.org.br\/?p=28471\" title=\"Pediatra Dr. Daniel Becker Reflete Sobre a Sa\u00fade da Inf\u00e2ncia na Favela e no Asfalto [ENTREVISTA]\">[&#8230;]<\/a><!-- AddThis Advanced Settings generic via filter on get_the_excerpt --><!-- AddThis Share Buttons generic via filter on get_the_excerpt --><\/p>\n<\/div>","protected":false},"author":129,"featured_media":28922,"comment_status":"closed","ping_status":"closed","sticky":false,"template":"","format":"standard","meta":{"_acf_changed":false,"_monsterinsights_skip_tracking":false,"_monsterinsights_sitenote_active":false,"_monsterinsights_sitenote_note":"","_monsterinsights_sitenote_category":0,"footnotes":""},"categories":[1621,1631,1629,1626],"tags":[386,299,531,1361,750,1239,413,2070,876,88,688,1258,113,719,417,294,2069,1390,1144],"writer":[2111],"translator":[],"source":[],"ilustrador":[],"fotografo":[],"class_list":{"0":"post-28471","1":"post","2":"type-post","3":"status-publish","4":"format-standard","5":"has-post-thumbnail","7":"category-destaque","8":"category-entendendo-o-rio","9":"category-entrevistas-e-perfis","10":"category-por-observadores-internacionais","11":"tag-estigma","12":"tag-alimentacao","13":"tag-area-de-lazer","14":"tag-autoestima","15":"tag-clinica-da-familia","16":"tag-criminalizacao-da-pobreza","17":"tag-desigualdade","18":"tag-direito-a-educacao","19":"tag-direitos-da-crianca","20":"tag-direitos-humanos","21":"tag-empoderamento","22":"tag-entrevista","23":"tag-juventude","24":"tag-lazer","25":"tag-negligencia-do-estado","26":"tag-saude","27":"tag-saude-mental","28":"tag-vila-canoas","29":"tag-violencia-urbana","30":"writer-evan-fantozzi"},"acf":[],"yoast_head":"<!-- This site is optimized with the Yoast SEO plugin v25.6 - https:\/\/yoast.com\/wordpress\/plugins\/seo\/ -->\n<title>Pediatra Dr. Daniel Becker Reflete Sobre a Sa\u00fade da Inf\u00e2ncia na Favela e no Asfalto [ENTREVISTA] - RioOnWatch<\/title>\n<meta name=\"robots\" content=\"index, follow, max-snippet:-1, max-image-preview:large, max-video-preview:-1\" \/>\n<link rel=\"canonical\" href=\"https:\/\/rioonwatch.org.br\/?p=28471\" \/>\n<meta property=\"og:locale\" content=\"pt_BR\" \/>\n<meta property=\"og:type\" content=\"article\" \/>\n<meta property=\"og:title\" content=\"Pediatra Dr. Daniel Becker Reflete Sobre a Sa\u00fade da Inf\u00e2ncia na Favela e no Asfalto [ENTREVISTA] - RioOnWatch\" \/>\n<meta property=\"og:description\" content=\"Click Here for English Daniel Becker, pediatra proeminente e especialista em sa\u00fade comunit\u00e1ria, se graduou em Medicina pela UFRJ e fez seu mestrado em Sa\u00fade P\u00fablica na ENSP &#8211; FIOCRUZ. Al\u00e9m de atender crian\u00e7as ha [...]\" \/>\n<meta property=\"og:url\" content=\"https:\/\/rioonwatch.org.br\/?p=28471\" \/>\n<meta property=\"og:site_name\" content=\"RioOnWatch\" \/>\n<meta property=\"article:published_time\" content=\"2017-10-14T11:00:27+00:00\" \/>\n<meta property=\"article:modified_time\" content=\"2017-12-06T15:21:14+00:00\" \/>\n<meta property=\"og:image\" content=\"https:\/\/rioonwatch.org.br\/wp-content\/uploads\/2017\/10\/Daniel-Becker.png\" \/>\n\t<meta property=\"og:image:width\" content=\"1280\" \/>\n\t<meta property=\"og:image:height\" content=\"619\" \/>\n\t<meta property=\"og:image:type\" content=\"image\/png\" \/>\n<meta name=\"author\" content=\"Admin\" \/>\n<meta name=\"twitter:card\" content=\"summary_large_image\" \/>\n<meta name=\"twitter:label1\" content=\"Escrito por\" \/>\n\t<meta name=\"twitter:data1\" content=\"Admin\" \/>\n\t<meta name=\"twitter:label2\" content=\"Est. tempo de leitura\" \/>\n\t<meta name=\"twitter:data2\" content=\"15 minutos\" \/>\n<script type=\"application\/ld+json\" class=\"yoast-schema-graph\">{\"@context\":\"https:\/\/schema.org\",\"@graph\":[{\"@type\":\"Article\",\"@id\":\"https:\/\/rioonwatch.org.br\/?p=28471#article\",\"isPartOf\":{\"@id\":\"https:\/\/rioonwatch.org.br\/?p=28471\"},\"author\":{\"name\":\"Admin\",\"@id\":\"https:\/\/rioonwatch.org.br\/#\/schema\/person\/11d64c290506f9df50c71b850c473f68\"},\"headline\":\"Pediatra Dr. Daniel Becker Reflete Sobre a Sa\u00fade da Inf\u00e2ncia na Favela e no Asfalto [ENTREVISTA]\",\"datePublished\":\"2017-10-14T11:00:27+00:00\",\"dateModified\":\"2017-12-06T15:21:14+00:00\",\"mainEntityOfPage\":{\"@id\":\"https:\/\/rioonwatch.org.br\/?p=28471\"},\"wordCount\":3072,\"publisher\":{\"@id\":\"https:\/\/rioonwatch.org.br\/#organization\"},\"image\":{\"@id\":\"https:\/\/rioonwatch.org.br\/?p=28471#primaryimage\"},\"thumbnailUrl\":\"https:\/\/rioonwatch.org.br\/wp-content\/uploads\/2017\/10\/Daniel-Becker.png\",\"keywords\":[\"#StopFavelaStigma\",\"alimenta\u00e7\u00e3o\",\"\u00e1rea de lazer\",\"autoestima\",\"Cl\u00ednica da Fam\u00edlia\",\"criminaliza\u00e7\u00e3o da pobreza\",\"desigualdade\",\"direito \u00e0 educa\u00e7\u00e3o\",\"direitos da crian\u00e7a\",\"Direitos Humanos\",\"empoderamento\",\"entrevista\",\"juventude\",\"lazer\",\"Neglig\u00eancia do Estado\",\"sa\u00fade\",\"sa\u00fade mental\",\"Vila Canoas\",\"viol\u00eancia urbana\"],\"articleSection\":[\"*Destaque\",\"Entendendo o Rio\",\"Entrevistas e Perfis\",\"Escrito por Aliados\"],\"inLanguage\":\"pt-BR\"},{\"@type\":\"WebPage\",\"@id\":\"https:\/\/rioonwatch.org.br\/?p=28471\",\"url\":\"https:\/\/rioonwatch.org.br\/?p=28471\",\"name\":\"Pediatra Dr. Daniel Becker Reflete Sobre a Sa\u00fade da Inf\u00e2ncia na Favela e no Asfalto [ENTREVISTA] - RioOnWatch\",\"isPartOf\":{\"@id\":\"https:\/\/rioonwatch.org.br\/#website\"},\"primaryImageOfPage\":{\"@id\":\"https:\/\/rioonwatch.org.br\/?p=28471#primaryimage\"},\"image\":{\"@id\":\"https:\/\/rioonwatch.org.br\/?p=28471#primaryimage\"},\"thumbnailUrl\":\"https:\/\/rioonwatch.org.br\/wp-content\/uploads\/2017\/10\/Daniel-Becker.png\",\"datePublished\":\"2017-10-14T11:00:27+00:00\",\"dateModified\":\"2017-12-06T15:21:14+00:00\",\"breadcrumb\":{\"@id\":\"https:\/\/rioonwatch.org.br\/?p=28471#breadcrumb\"},\"inLanguage\":\"pt-BR\",\"potentialAction\":[{\"@type\":\"ReadAction\",\"target\":[\"https:\/\/rioonwatch.org.br\/?p=28471\"]}]},{\"@type\":\"ImageObject\",\"inLanguage\":\"pt-BR\",\"@id\":\"https:\/\/rioonwatch.org.br\/?p=28471#primaryimage\",\"url\":\"https:\/\/rioonwatch.org.br\/wp-content\/uploads\/2017\/10\/Daniel-Becker.png\",\"contentUrl\":\"https:\/\/rioonwatch.org.br\/wp-content\/uploads\/2017\/10\/Daniel-Becker.png\",\"width\":1280,\"height\":619},{\"@type\":\"BreadcrumbList\",\"@id\":\"https:\/\/rioonwatch.org.br\/?p=28471#breadcrumb\",\"itemListElement\":[{\"@type\":\"ListItem\",\"position\":1,\"name\":\"In\u00edcio\",\"item\":\"https:\/\/rioonwatch.org.br\/\"},{\"@type\":\"ListItem\",\"position\":2,\"name\":\"Pediatra Dr. Daniel Becker Reflete Sobre a Sa\u00fade da Inf\u00e2ncia na Favela e no Asfalto [ENTREVISTA]\"}]},{\"@type\":\"WebSite\",\"@id\":\"https:\/\/rioonwatch.org.br\/#website\",\"url\":\"https:\/\/rioonwatch.org.br\/\",\"name\":\"RioOnWatch\",\"description\":\"relatos das favelas cariocas\",\"publisher\":{\"@id\":\"https:\/\/rioonwatch.org.br\/#organization\"},\"potentialAction\":[{\"@type\":\"SearchAction\",\"target\":{\"@type\":\"EntryPoint\",\"urlTemplate\":\"https:\/\/rioonwatch.org.br\/?s={search_term_string}\"},\"query-input\":{\"@type\":\"PropertyValueSpecification\",\"valueRequired\":true,\"valueName\":\"search_term_string\"}}],\"inLanguage\":\"pt-BR\"},{\"@type\":\"Organization\",\"@id\":\"https:\/\/rioonwatch.org.br\/#organization\",\"name\":\"RioOnWatch\",\"url\":\"https:\/\/rioonwatch.org.br\/\",\"logo\":{\"@type\":\"ImageObject\",\"inLanguage\":\"pt-BR\",\"@id\":\"https:\/\/rioonwatch.org.br\/#\/schema\/logo\/image\/\",\"url\":\"https:\/\/rioonwatch.org.br\/wp-content\/uploads\/2021\/06\/RioOnWatchcabecalhoPT11anos-2.png\",\"contentUrl\":\"https:\/\/rioonwatch.org.br\/wp-content\/uploads\/2021\/06\/RioOnWatchcabecalhoPT11anos-2.png\",\"width\":779,\"height\":277,\"caption\":\"RioOnWatch\"},\"image\":{\"@id\":\"https:\/\/rioonwatch.org.br\/#\/schema\/logo\/image\/\"}},{\"@type\":\"Person\",\"@id\":\"https:\/\/rioonwatch.org.br\/#\/schema\/person\/11d64c290506f9df50c71b850c473f68\",\"name\":\"Admin\",\"image\":{\"@type\":\"ImageObject\",\"inLanguage\":\"pt-BR\",\"@id\":\"https:\/\/rioonwatch.org.br\/#\/schema\/person\/image\/\",\"url\":\"https:\/\/secure.gravatar.com\/avatar\/56211ac74568383903349a1485e3c325?s=96&d=blank&r=g\",\"contentUrl\":\"https:\/\/secure.gravatar.com\/avatar\/56211ac74568383903349a1485e3c325?s=96&d=blank&r=g\",\"caption\":\"Admin\"},\"url\":\"https:\/\/rioonwatch.org.br\/?author=129\"}]}<\/script>\n<!-- \/ Yoast SEO plugin. -->","yoast_head_json":{"title":"Pediatra Dr. Daniel Becker Reflete Sobre a Sa\u00fade da Inf\u00e2ncia na Favela e no Asfalto [ENTREVISTA] - RioOnWatch","robots":{"index":"index","follow":"follow","max-snippet":"max-snippet:-1","max-image-preview":"max-image-preview:large","max-video-preview":"max-video-preview:-1"},"canonical":"https:\/\/rioonwatch.org.br\/?p=28471","og_locale":"pt_BR","og_type":"article","og_title":"Pediatra Dr. Daniel Becker Reflete Sobre a Sa\u00fade da Inf\u00e2ncia na Favela e no Asfalto [ENTREVISTA] - RioOnWatch","og_description":"Click Here for English Daniel Becker, pediatra proeminente e especialista em sa\u00fade comunit\u00e1ria, se graduou em Medicina pela UFRJ e fez seu mestrado em Sa\u00fade P\u00fablica na ENSP &#8211; FIOCRUZ. Al\u00e9m de atender crian\u00e7as ha [...]","og_url":"https:\/\/rioonwatch.org.br\/?p=28471","og_site_name":"RioOnWatch","article_published_time":"2017-10-14T11:00:27+00:00","article_modified_time":"2017-12-06T15:21:14+00:00","og_image":[{"width":1280,"height":619,"url":"https:\/\/rioonwatch.org.br\/wp-content\/uploads\/2017\/10\/Daniel-Becker.png","type":"image\/png"}],"author":"Admin","twitter_card":"summary_large_image","twitter_misc":{"Escrito por":"Admin","Est. tempo de leitura":"15 minutos"},"schema":{"@context":"https:\/\/schema.org","@graph":[{"@type":"Article","@id":"https:\/\/rioonwatch.org.br\/?p=28471#article","isPartOf":{"@id":"https:\/\/rioonwatch.org.br\/?p=28471"},"author":{"name":"Admin","@id":"https:\/\/rioonwatch.org.br\/#\/schema\/person\/11d64c290506f9df50c71b850c473f68"},"headline":"Pediatra Dr. Daniel Becker Reflete Sobre a Sa\u00fade da Inf\u00e2ncia na Favela e no Asfalto [ENTREVISTA]","datePublished":"2017-10-14T11:00:27+00:00","dateModified":"2017-12-06T15:21:14+00:00","mainEntityOfPage":{"@id":"https:\/\/rioonwatch.org.br\/?p=28471"},"wordCount":3072,"publisher":{"@id":"https:\/\/rioonwatch.org.br\/#organization"},"image":{"@id":"https:\/\/rioonwatch.org.br\/?p=28471#primaryimage"},"thumbnailUrl":"https:\/\/rioonwatch.org.br\/wp-content\/uploads\/2017\/10\/Daniel-Becker.png","keywords":["#StopFavelaStigma","alimenta\u00e7\u00e3o","\u00e1rea de lazer","autoestima","Cl\u00ednica da Fam\u00edlia","criminaliza\u00e7\u00e3o da pobreza","desigualdade","direito \u00e0 educa\u00e7\u00e3o","direitos da crian\u00e7a","Direitos Humanos","empoderamento","entrevista","juventude","lazer","Neglig\u00eancia do Estado","sa\u00fade","sa\u00fade mental","Vila Canoas","viol\u00eancia urbana"],"articleSection":["*Destaque","Entendendo o Rio","Entrevistas e Perfis","Escrito por Aliados"],"inLanguage":"pt-BR"},{"@type":"WebPage","@id":"https:\/\/rioonwatch.org.br\/?p=28471","url":"https:\/\/rioonwatch.org.br\/?p=28471","name":"Pediatra Dr. Daniel Becker Reflete Sobre a Sa\u00fade da Inf\u00e2ncia na Favela e no Asfalto [ENTREVISTA] - RioOnWatch","isPartOf":{"@id":"https:\/\/rioonwatch.org.br\/#website"},"primaryImageOfPage":{"@id":"https:\/\/rioonwatch.org.br\/?p=28471#primaryimage"},"image":{"@id":"https:\/\/rioonwatch.org.br\/?p=28471#primaryimage"},"thumbnailUrl":"https:\/\/rioonwatch.org.br\/wp-content\/uploads\/2017\/10\/Daniel-Becker.png","datePublished":"2017-10-14T11:00:27+00:00","dateModified":"2017-12-06T15:21:14+00:00","breadcrumb":{"@id":"https:\/\/rioonwatch.org.br\/?p=28471#breadcrumb"},"inLanguage":"pt-BR","potentialAction":[{"@type":"ReadAction","target":["https:\/\/rioonwatch.org.br\/?p=28471"]}]},{"@type":"ImageObject","inLanguage":"pt-BR","@id":"https:\/\/rioonwatch.org.br\/?p=28471#primaryimage","url":"https:\/\/rioonwatch.org.br\/wp-content\/uploads\/2017\/10\/Daniel-Becker.png","contentUrl":"https:\/\/rioonwatch.org.br\/wp-content\/uploads\/2017\/10\/Daniel-Becker.png","width":1280,"height":619},{"@type":"BreadcrumbList","@id":"https:\/\/rioonwatch.org.br\/?p=28471#breadcrumb","itemListElement":[{"@type":"ListItem","position":1,"name":"In\u00edcio","item":"https:\/\/rioonwatch.org.br\/"},{"@type":"ListItem","position":2,"name":"Pediatra Dr. Daniel Becker Reflete Sobre a Sa\u00fade da Inf\u00e2ncia na Favela e no Asfalto [ENTREVISTA]"}]},{"@type":"WebSite","@id":"https:\/\/rioonwatch.org.br\/#website","url":"https:\/\/rioonwatch.org.br\/","name":"RioOnWatch","description":"relatos das favelas cariocas","publisher":{"@id":"https:\/\/rioonwatch.org.br\/#organization"},"potentialAction":[{"@type":"SearchAction","target":{"@type":"EntryPoint","urlTemplate":"https:\/\/rioonwatch.org.br\/?s={search_term_string}"},"query-input":{"@type":"PropertyValueSpecification","valueRequired":true,"valueName":"search_term_string"}}],"inLanguage":"pt-BR"},{"@type":"Organization","@id":"https:\/\/rioonwatch.org.br\/#organization","name":"RioOnWatch","url":"https:\/\/rioonwatch.org.br\/","logo":{"@type":"ImageObject","inLanguage":"pt-BR","@id":"https:\/\/rioonwatch.org.br\/#\/schema\/logo\/image\/","url":"https:\/\/rioonwatch.org.br\/wp-content\/uploads\/2021\/06\/RioOnWatchcabecalhoPT11anos-2.png","contentUrl":"https:\/\/rioonwatch.org.br\/wp-content\/uploads\/2021\/06\/RioOnWatchcabecalhoPT11anos-2.png","width":779,"height":277,"caption":"RioOnWatch"},"image":{"@id":"https:\/\/rioonwatch.org.br\/#\/schema\/logo\/image\/"}},{"@type":"Person","@id":"https:\/\/rioonwatch.org.br\/#\/schema\/person\/11d64c290506f9df50c71b850c473f68","name":"Admin","image":{"@type":"ImageObject","inLanguage":"pt-BR","@id":"https:\/\/rioonwatch.org.br\/#\/schema\/person\/image\/","url":"https:\/\/secure.gravatar.com\/avatar\/56211ac74568383903349a1485e3c325?s=96&d=blank&r=g","contentUrl":"https:\/\/secure.gravatar.com\/avatar\/56211ac74568383903349a1485e3c325?s=96&d=blank&r=g","caption":"Admin"},"url":"https:\/\/rioonwatch.org.br\/?author=129"}]}},"_links":{"self":[{"href":"https:\/\/rioonwatch.org.br\/index.php?rest_route=\/wp\/v2\/posts\/28471"}],"collection":[{"href":"https:\/\/rioonwatch.org.br\/index.php?rest_route=\/wp\/v2\/posts"}],"about":[{"href":"https:\/\/rioonwatch.org.br\/index.php?rest_route=\/wp\/v2\/types\/post"}],"author":[{"embeddable":true,"href":"https:\/\/rioonwatch.org.br\/index.php?rest_route=\/wp\/v2\/users\/129"}],"replies":[{"embeddable":true,"href":"https:\/\/rioonwatch.org.br\/index.php?rest_route=%2Fwp%2Fv2%2Fcomments&post=28471"}],"version-history":[{"count":40,"href":"https:\/\/rioonwatch.org.br\/index.php?rest_route=\/wp\/v2\/posts\/28471\/revisions"}],"predecessor-version":[{"id":43425,"href":"https:\/\/rioonwatch.org.br\/index.php?rest_route=\/wp\/v2\/posts\/28471\/revisions\/43425"}],"wp:featuredmedia":[{"embeddable":true,"href":"https:\/\/rioonwatch.org.br\/index.php?rest_route=\/wp\/v2\/media\/28922"}],"wp:attachment":[{"href":"https:\/\/rioonwatch.org.br\/index.php?rest_route=%2Fwp%2Fv2%2Fmedia&parent=28471"}],"wp:term":[{"taxonomy":"category","embeddable":true,"href":"https:\/\/rioonwatch.org.br\/index.php?rest_route=%2Fwp%2Fv2%2Fcategories&post=28471"},{"taxonomy":"post_tag","embeddable":true,"href":"https:\/\/rioonwatch.org.br\/index.php?rest_route=%2Fwp%2Fv2%2Ftags&post=28471"},{"taxonomy":"writer","embeddable":true,"href":"https:\/\/rioonwatch.org.br\/index.php?rest_route=%2Fwp%2Fv2%2Fwriter&post=28471"},{"taxonomy":"translator","embeddable":true,"href":"https:\/\/rioonwatch.org.br\/index.php?rest_route=%2Fwp%2Fv2%2Ftranslator&post=28471"},{"taxonomy":"source","embeddable":true,"href":"https:\/\/rioonwatch.org.br\/index.php?rest_route=%2Fwp%2Fv2%2Fsource&post=28471"},{"taxonomy":"ilustrador","embeddable":true,"href":"https:\/\/rioonwatch.org.br\/index.php?rest_route=%2Fwp%2Fv2%2Filustrador&post=28471"},{"taxonomy":"fotografo","embeddable":true,"href":"https:\/\/rioonwatch.org.br\/index.php?rest_route=%2Fwp%2Fv2%2Ffotografo&post=28471"}],"curies":[{"name":"wp","href":"https:\/\/api.w.org\/{rel}","templated":true}]}}