{"id":28551,"date":"2017-10-02T11:09:54","date_gmt":"2017-10-02T14:09:54","guid":{"rendered":"http:\/\/rioonwatch.org.br\/?p=28551"},"modified":"2017-10-04T14:08:27","modified_gmt":"2017-10-04T17:08:27","slug":"coletivo-papo-reto-combate-a-violencia-policial","status":"publish","type":"post","link":"https:\/\/rioonwatch.org.br\/?p=28551","title":{"rendered":"Coletivo Papo Reto: Combate a Viol\u00eancia Policial"},"content":{"rendered":"<p style=\"text-align: right;\"><em><strong><a href=\"http:\/\/bit.ly\/2fP7OmR\" target=\"_blank\" rel=\"noopener noreferrer\">Click Here for English<img decoding=\"async\" width=\"20\" height=\"20\" class=\"alignright wp-image-15790\" src=\"http:\/\/rioonwatch.org.br\/wp-content\/uploads\/2012\/08\/EN-standard-e1439583104716.jpg\" alt=\"\" \/><\/a><\/strong><\/em><\/p>\n<p><em>Leia a mat\u00e9ria original em ingl\u00eas publicada no site da WITNESS\u00a0<a href=\"http:\/\/bit.ly\/2fP7OmR\" target=\"_blank\" rel=\"noopener\">aqui<\/a>.\u00a0O RioOnWatch traduz mat\u00e9rias do ingl\u00eas para que brasileiros possam ter acesso e acompanhar\u00a0temas ou an\u00e1lises cobertos fora do pa\u00eds que nem sempre s\u00e3o cobertos no Brasil.<\/em><\/p>\n<p><span style=\"font-weight: 400;\">Na semana passada, <a href=\"http:\/\/bit.ly\/1cWno5Z\" target=\"_blank\" rel=\"noopener\">Raull Santiago<\/a> e Renata Trajano&#8211;uns dos nosso parceiros mais inspiradores&#8211;do <\/span><a href=\"http:\/\/bit.ly\/1zT24bf\" target=\"_blank\" rel=\"noopener\"><span style=\"font-weight: 400;\">Coletivo Papo Reto<\/span><\/a><span style=\"font-weight: 400;\">\u00a0juntaram-se \u00e0\u00a0<a href=\"http:\/\/bit.ly\/2xIxdq0\" target=\"_blank\" rel=\"noopener\">WITNESS<\/a> na nossa sede no <a href=\"http:\/\/bit.ly\/2x2FHLy\" target=\"_blank\" rel=\"noopener\">Brooklyn<\/a>.\u00a0<a href=\"http:\/\/bit.ly\/1CLd514\" target=\"_blank\" rel=\"noopener\">Papo Reto<\/a> \u00e9 um grupo de ativistas comunit\u00e1rios que usam telefones celulares e m\u00eddias sociais para combater as narrativas da grande m\u00eddia, documentar abusos e <a href=\"http:\/\/bit.ly\/1pABiXX\" target=\"_blank\" rel=\"noopener\">relatar a viol\u00eancia policial<\/a> no <a href=\"http:\/\/bit.ly\/U0MiGm\" target=\"_blank\" rel=\"noopener\">Complexo do Alem\u00e3o<\/a>, um grupo de 16 favelas na <a href=\"http:\/\/bit.ly\/WximDf\" target=\"_blank\" rel=\"noopener\">Zona Norte<\/a> do Rio de Janeiro no Brasil.<\/span><\/p>\n<p><span style=\"font-weight: 400;\">A parceria do WITNESS com o <a href=\"http:\/\/bit.ly\/1CLd514\" target=\"_blank\" rel=\"noopener\">Coletivo Papo Reto<\/a> come\u00e7ou em 2014.\u00a0Ao saber que as comunidades nas linhas de frente da viol\u00eancia policial no Brasil estavam abra\u00e7ando o potencial das m\u00eddias de v\u00eddeo e sociais para protestar&#8211;com grande risco pessoal&#8211;a equipe latino-americana do WITNESS ofereceu <a href=\"http:\/\/bit.ly\/2hE2neB\" target=\"_blank\" rel=\"noopener\">recursos de seguran\u00e7a e prote\u00e7\u00e3o<\/a>.\u00a0Em colabora\u00e7\u00e3o com os representantes do WITNESS no Brasil (Gerente de Programas Priscila Neri e Coordenador de Programas no Brasil Victor Ribeiro), Papo Reto tamb\u00e9m re\u00fane uma equipe de aliados que incluem ativistas, defensores p\u00fablicos e advogados, para considerar criticamente como usar documenta\u00e7\u00e3o visual para defesa, prote\u00e7\u00e3o e evid\u00eancia.<\/span><\/p>\n<p><span style=\"font-weight: 400;\">Na nossa reuni\u00e3o semanal da equipe, o pessoal do WITNESS, os parceiros e os aliados reuniram-se para ouvir os co-fundadores do Papo Reto, Raull e Renata, falarem sobre a vida no Complexo do Alem\u00e3o, bem como os processos, desafios e realiza\u00e7\u00f5es do coletivo no combate \u00e0 impunidade nas favelas.\u00a0A <a href=\"http:\/\/bit.ly\/1OKE065\" target=\"_blank\" rel=\"noopener\">m\u00eddia est\u00e1 repleta de hist\u00f3rias<\/a> mostrando a comunidade de Raull e Renata assolada pelo tr\u00e1fico de drogas e pela viol\u00eancia, <a href=\"http:\/\/bit.ly\/1ZVXkRS\" target=\"_blank\" rel=\"noopener\">refor\u00e7ando a principal narrativa<\/a> que n\u00e3o leva em considera\u00e7\u00e3o a experi\u00eancia total daqueles que vivem na comunidade.\u00a0Raull descreveu a \u201cguerra contra as drogas\u201d e o sistema legal como ferramentas racistas de conten\u00e7\u00e3o e controle sobre as comunidades pobres no Brasil.\u00a0Como exemplo, ele invocou o caso de <a href=\"http:\/\/bit.ly\/2woP2t7\" target=\"_blank\" rel=\"noopener\">Eduardo de Jesus<\/a>, um menino de dez anos que foi fatalmente baleado na cabe\u00e7a em 2015 por um policial que supostamente achou que o seu telefone era uma arma, enquanto ele brincava na varanda da frente da sua casa.<\/span><\/p>\n<p><span style=\"font-weight: 400;\">Ap\u00f3s o <a href=\"http:\/\/bit.ly\/1qxWuyB\" target=\"_blank\" rel=\"noopener\">assassinato do Eduardo<\/a>, Papo Reto foi o primeiro que apareceu no local e rapidamente come\u00e7ou a filmar e tirar fotografias para preservar a evid\u00eancia crucial. A presen\u00e7a do Papo Reto e as c\u00e2meras evitaram que a pol\u00edcia adulterasse a cena do crime, uma t\u00e1tica comum usada para mascarar as mortes extrajudiciais.\u00a0O seu envolvimento tamb\u00e9m iniciou uma an\u00e1lise forense da cena, algo que Raull lembra como \u201ca primeira an\u00e1lise forense de uma morte em uma favela que j\u00e1 vi nos meus 28 anos de vida no Complexo do Alem\u00e3o&#8221;.<\/span><\/p>\n<p><iframe src=\"https:\/\/www.youtube.com\/embed\/oO38dKlWwZU\" width=\"620\" height=\"349\" frameborder=\"0\" allowfullscreen=\"allowfullscreen\"><\/iframe><\/p>\n<p><span style=\"font-weight: 400;\">Sem a documenta\u00e7\u00e3o visual do Papo Reto, certas vit\u00f3rias n\u00e3o seriam poss\u00edveis: a preserva\u00e7\u00e3o da evid\u00eancia e uma investiga\u00e7\u00e3o profunda (rara), bem como a conclus\u00e3o final que Eduardo foi realmente morto pela pol\u00edcia (mais raro ainda).\u00a0No entanto, o <a href=\"http:\/\/bit.ly\/2x3dDmB\" target=\"_blank\" rel=\"noopener\">policial nunca foi julgado no tribunal<\/a>.\u00a0A hist\u00f3ria de Eduardo refere-se ao paradigma da atividade policial no Rio: os policiais raramente s\u00e3o responsabilizados pelas suas a\u00e7\u00f5es, e as estat\u00edsticas que citam esta frequ\u00eancia s\u00e3o chocantes.<\/span><\/p>\n<blockquote><p>\u201c<span style=\"font-weight: 400;\">No Brasil,\u201d Renata informou a todos, \u201cum jovem negro morre a cada 11 minutos.\u201d*<\/span><\/p><\/blockquote>\n<p><span style=\"font-weight: 400;\">\u201cE a realidade no Brasil \u00e9 que uma pessoa \u00e9 morta v\u00e1rias vezes\u201d, Raull explicou.\u00a0\u201cPrimeiro, s\u00e3o mortos com a bala em si.\u00a0Depois, s\u00e3o mortos pela narrativa da m\u00eddia, que papagueia a vers\u00e3o da pol\u00edcia sobre os eventos descrevendo aquela pessoa como criminosa assassinando a sua reputa\u00e7\u00e3o.\u00a0E finalmente, s\u00e3o mortos pelos sistema legal que deixam de responsabilizar os criminosos.&#8221;<\/span><\/p>\n<p><span style=\"font-weight: 400;\">No caso de mortes extrajudiciais como a de Eduardo, ou as <a href=\"http:\/\/bit.ly\/2xIbuyB\" target=\"_blank\" rel=\"noopener\">cont\u00ednuas invas\u00f5es de moradias<\/a> particulares no Complexo do Alem\u00e3o, Papo Reto recebe e produz documenta\u00e7\u00e3o sobre a viol\u00eancia, e utiliza-a para demonstrar publicamente o impacto destas viola\u00e7\u00f5es sobre os moradores&#8211;com a meta final de criar presta\u00e7\u00e3o de contas e mudan\u00e7a.\u00a0Para o coletivo, os telefones celulares s\u00e3o \u201carmas de defesa e prote\u00e7\u00e3o\u201d. Os membros descarregam seus telefones rapidamente, filmando de forma cont\u00ednua e incansavelmente para capturar a verdade, frequentemente acumulando uma s\u00e9rie de v\u00eddeos expl\u00edcitos e claros que podem ser usados como evid\u00eancia.<\/span><\/p>\n<p><span style=\"font-weight: 400;\">Neste ver\u00e3o, Papo Reto comemorou <\/span><span style=\"font-weight: 400;\">uma <a href=\"http:\/\/bit.ly\/2xEZgJE\" target=\"_blank\" rel=\"noopener\">vit\u00f3ria importante<\/a><\/span><span style=\"font-weight: 400;\">, quando uma cole\u00e7\u00e3o de filmagem de v\u00eddeo foi usada co<\/span><span style=\"font-weight: 400;\">mo evid\u00eancia no tribunal para condenar dois comandantes de alto n\u00edvel pela sua responsabilidade quanto \u00e0 invas\u00e3o ilegal em moradias particulares.\u00a0Este caso \u00e9 um <a href=\"http:\/\/bit.ly\/2oSIhuT\" target=\"_blank\" rel=\"noopener\">sucesso significativo<\/a>, considerando a impunidade disseminada quanto aos abusos cometidos pela pol\u00edcia nas favelas.<\/span><\/p>\n<p><span style=\"font-weight: 400;\">Contrastando com a narrativa convencional sobre a sua comunidade, Raull descreve o Complexo do Alem\u00e3o como \u201cum lugar com muito poder e ideias extraordin\u00e1rias&#8211;um espa\u00e7o de <a href=\"http:\/\/bit.ly\/1piRAgk\" target=\"_blank\" rel=\"noopener\">resist\u00eancia<\/a> para as fam\u00edlias pobres e negras\u201d, que lutam diariamente para combater os grandes sistemas que intencionalmente buscam lucrar com as vidas dos moradores marginalizados.\u00a0Raull e Renata tamb\u00e9m se apressam a esclarecer que para eles, \u201cn\u00e3o \u00e9 uma escolha ser ativista\u201d. A viol\u00eancia enfrentada pelos moradores do Complexo do Alem\u00e3o \u00e9 uma realidade, e a documenta\u00e7\u00e3o dessa viol\u00eancia \u00e9 uma quest\u00e3o de sobreviv\u00eancia di\u00e1ria.<\/span><\/p>\n<p style=\"text-align: left;\">\u201c<span style=\"font-weight: 400;\">Tenho mais medo de desistir e n\u00e3o lutar por um amanh\u00e3 melhor\u201d, Renata explicou. Um sentimento que Raull ecoou com forte confian\u00e7a:\u00a0\u201cApenas preciso saber que voc\u00ea est\u00e1 comigo, e que voc\u00ea saiba que estou com voc\u00ea.\u00a0Acredito nisso\u201d.<\/span><\/p>\n<p><span style=\"font-weight: 400;\">A nossa sess\u00e3o terminou com Renata pedindo a todos os presentes que compartilhassem a seguinte mensagem:\u00a0\u201cParem de matar os nossos jovens&#8211;a <a href=\"http:\/\/bit.ly\/1fGmPzz\" target=\"_blank\" rel=\"noopener\">extermina\u00e7\u00e3o dos jovens negros no Brasil<\/a> precisa acabar&#8221;.<\/span><\/p>\n<p>Siga o Coletivo Papo Reto no\u00a0<a href=\"https:\/\/www.facebook.com\/ColetivoPapoReto\/\">Facebook<\/a>,\u00a0<a href=\"https:\/\/twitter.com\/CPapo_Reto\">Twitter<\/a> e\u00a0<a href=\"https:\/\/www.instagram.com\/cpapo_reto\/\">Instagram<\/a>.<\/p>\n<p><i><span style=\"font-weight: 400;\">*Oficialmente, a pol\u00edcia foi respons\u00e1vel por <a href=\"http:\/\/bit.ly\/2xPJPhb\" target=\"_blank\" rel=\"noopener\">920<\/a> mortes em 2016 na\u00a0cidade\u00a0do Rio de Janeiro\u00a0somente, e p\u00f3s-Olimp\u00edadas, esse\u00a0n\u00famero continua aumentando. O n\u00famero de mortes por policiais foi <a href=\"http:\/\/bit.ly\/2xRx5qE\" target=\"_blank\" rel=\"noopener\">78% maior<\/a>\u00a0<\/span><\/i><i><span style=\"font-weight: 400;\">nos primeiros dois meses de 2017 comparando-se com o mesmo per\u00edodo de 2016.\u00a0No entanto, <a href=\"http:\/\/bbc.in\/2x281xK\" target=\"_blank\" rel=\"noopener\">como tamb\u00e9m acontece nos Estados Unidos<\/a>, as estat\u00edsticas tendem a n\u00e3o ser confi\u00e1veis. Os relat\u00f3rios das mortes extrajudiciais pela pol\u00edcia acabam mascaradas como &#8220;atos de resist\u00eancia&#8221;, com termos como \u201cbalas perdidas\u201d usados para desviar a responsabilidade.\u00a0Os ativistas acreditam que o n\u00famero real de pessoas mortas pela pol\u00edcia no Brasil \u00e9 quatro ou cinco vezes maior do que a contagem oficial; em 2014, a\u00a0<\/span><\/i><a href=\"http:\/\/bbc.in\/2yeSr2b\" target=\"_blank\" rel=\"noopener\"><em><span style=\"font-weight: 400;\">BBC<\/span><\/em><\/a><i><span style=\"font-weight: 400;\"> informou que a pol\u00edcia brasileira mata seis pessoas por dia.<\/span><\/i><\/p>\n<!-- AddThis Advanced Settings generic via filter on the_content --><!-- AddThis Share Buttons generic via filter on the_content -->","protected":false},"excerpt":{"rendered":"<div class=\"mh-excerpt\"><p>Click Here for English Leia a mat\u00e9ria original em ingl\u00eas publicada no site da WITNESS\u00a0aqui.\u00a0O RioOnWatch traduz mat\u00e9rias do ingl\u00eas para que brasileiros possam ter acesso e acompanhar\u00a0temas ou an\u00e1lises cobertos fora do pa\u00eds que <a class=\"mh-excerpt-more\" href=\"https:\/\/rioonwatch.org.br\/?p=28551\" title=\"Coletivo Papo Reto: Combate a Viol\u00eancia Policial\">[&#8230;]<\/a><!-- AddThis Advanced Settings generic via filter on get_the_excerpt --><!-- AddThis Share Buttons generic via filter on get_the_excerpt --><\/p>\n<\/div>","protected":false},"author":129,"featured_media":28555,"comment_status":"closed","ping_status":"closed","sticky":false,"template":"","format":"standard","meta":{"_acf_changed":false,"_monsterinsights_skip_tracking":false,"_monsterinsights_sitenote_active":false,"_monsterinsights_sitenote_note":"","_monsterinsights_sitenote_category":0,"footnotes":""},"categories":[1616,1620,1612,342,1634],"tags":[217,1239,88,1418,379,1760,432,1364,920,52,218],"writer":[2221],"translator":[1875],"source":[2215],"ilustrador":[],"fotografo":[],"class_list":{"0":"post-28551","1":"post","2":"type-post","3":"status-publish","4":"format-standard","5":"has-post-thumbnail","7":"category-qualidades-da-favela","8":"category-olhonaupp","9":"category-sociedade-civil","10":"category-solucoes","11":"category-traducoes","12":"tag-complexo-do-alemao","13":"tag-criminalizacao-da-pobreza","14":"tag-direitos-humanos","15":"tag-coletivo-papo-reto","16":"tag-midia-social","17":"tag-narrativa-midiatica","18":"tag-resistencia","19":"tag-violacoes","20":"tag-violencia-de-estado","21":"tag-violencia-policial","22":"tag-zona-norte","23":"writer-witness","24":"translator-marina-hennies","25":"source-witness"},"acf":[],"yoast_head":"<!-- This site is optimized with the Yoast SEO plugin v25.6 - https:\/\/yoast.com\/wordpress\/plugins\/seo\/ -->\n<title>Coletivo Papo Reto: Combate a Viol\u00eancia Policial - RioOnWatch<\/title>\n<meta name=\"robots\" content=\"index, follow, max-snippet:-1, max-image-preview:large, max-video-preview:-1\" \/>\n<link rel=\"canonical\" href=\"https:\/\/rioonwatch.org.br\/?p=28551\" \/>\n<meta property=\"og:locale\" content=\"pt_BR\" \/>\n<meta property=\"og:type\" content=\"article\" \/>\n<meta property=\"og:title\" content=\"Coletivo Papo Reto: Combate a Viol\u00eancia Policial - RioOnWatch\" \/>\n<meta property=\"og:description\" content=\"Click Here for English Leia a mat\u00e9ria original em ingl\u00eas publicada no site da WITNESS\u00a0aqui.\u00a0O RioOnWatch traduz mat\u00e9rias do ingl\u00eas para que brasileiros possam ter acesso e acompanhar\u00a0temas ou an\u00e1lises cobertos fora do pa\u00eds que [...]\" \/>\n<meta property=\"og:url\" content=\"https:\/\/rioonwatch.org.br\/?p=28551\" \/>\n<meta property=\"og:site_name\" content=\"RioOnWatch\" \/>\n<meta property=\"article:published_time\" content=\"2017-10-02T14:09:54+00:00\" \/>\n<meta property=\"article:modified_time\" content=\"2017-10-04T17:08:27+00:00\" \/>\n<meta property=\"og:image\" content=\"https:\/\/rioonwatch.org.br\/wp-content\/uploads\/2017\/09\/RaullRenata_CPR_Sept2017.jpg\" \/>\n\t<meta property=\"og:image:width\" content=\"700\" \/>\n\t<meta property=\"og:image:height\" content=\"340\" \/>\n\t<meta property=\"og:image:type\" content=\"image\/jpeg\" \/>\n<meta name=\"author\" content=\"Admin\" \/>\n<meta name=\"twitter:card\" content=\"summary_large_image\" \/>\n<meta name=\"twitter:label1\" content=\"Escrito por\" \/>\n\t<meta name=\"twitter:data1\" content=\"Admin\" \/>\n\t<meta name=\"twitter:label2\" content=\"Est. tempo de leitura\" \/>\n\t<meta name=\"twitter:data2\" content=\"6 minutos\" \/>\n<script type=\"application\/ld+json\" class=\"yoast-schema-graph\">{\"@context\":\"https:\/\/schema.org\",\"@graph\":[{\"@type\":\"Article\",\"@id\":\"https:\/\/rioonwatch.org.br\/?p=28551#article\",\"isPartOf\":{\"@id\":\"https:\/\/rioonwatch.org.br\/?p=28551\"},\"author\":{\"name\":\"Admin\",\"@id\":\"https:\/\/rioonwatch.org.br\/#\/schema\/person\/11d64c290506f9df50c71b850c473f68\"},\"headline\":\"Coletivo Papo Reto: Combate a Viol\u00eancia Policial\",\"datePublished\":\"2017-10-02T14:09:54+00:00\",\"dateModified\":\"2017-10-04T17:08:27+00:00\",\"mainEntityOfPage\":{\"@id\":\"https:\/\/rioonwatch.org.br\/?p=28551\"},\"wordCount\":1172,\"publisher\":{\"@id\":\"https:\/\/rioonwatch.org.br\/#organization\"},\"image\":{\"@id\":\"https:\/\/rioonwatch.org.br\/?p=28551#primaryimage\"},\"thumbnailUrl\":\"https:\/\/rioonwatch.org.br\/wp-content\/uploads\/2017\/09\/RaullRenata_CPR_Sept2017.jpg\",\"keywords\":[\"Complexo do Alem\u00e3o\",\"criminaliza\u00e7\u00e3o da pobreza\",\"Direitos Humanos\",\"Instituto Papo Reto\",\"m\u00eddia social\",\"narrativa midi\u00e1tica\",\"resist\u00eancia\",\"viola\u00e7\u00f5es\",\"viol\u00eancia de Estado\",\"viol\u00eancia policial\",\"Zona Norte\"],\"articleSection\":[\"Qualidades da Favela\",\"Seguran\u00e7a P\u00fablica\",\"Sociedade Civil\",\"Solu\u00e7\u00f5es\",\"Traduzidas do Ingl\u00eas\"],\"inLanguage\":\"pt-BR\"},{\"@type\":\"WebPage\",\"@id\":\"https:\/\/rioonwatch.org.br\/?p=28551\",\"url\":\"https:\/\/rioonwatch.org.br\/?p=28551\",\"name\":\"Coletivo Papo Reto: Combate a Viol\u00eancia Policial - RioOnWatch\",\"isPartOf\":{\"@id\":\"https:\/\/rioonwatch.org.br\/#website\"},\"primaryImageOfPage\":{\"@id\":\"https:\/\/rioonwatch.org.br\/?p=28551#primaryimage\"},\"image\":{\"@id\":\"https:\/\/rioonwatch.org.br\/?p=28551#primaryimage\"},\"thumbnailUrl\":\"https:\/\/rioonwatch.org.br\/wp-content\/uploads\/2017\/09\/RaullRenata_CPR_Sept2017.jpg\",\"datePublished\":\"2017-10-02T14:09:54+00:00\",\"dateModified\":\"2017-10-04T17:08:27+00:00\",\"breadcrumb\":{\"@id\":\"https:\/\/rioonwatch.org.br\/?p=28551#breadcrumb\"},\"inLanguage\":\"pt-BR\",\"potentialAction\":[{\"@type\":\"ReadAction\",\"target\":[\"https:\/\/rioonwatch.org.br\/?p=28551\"]}]},{\"@type\":\"ImageObject\",\"inLanguage\":\"pt-BR\",\"@id\":\"https:\/\/rioonwatch.org.br\/?p=28551#primaryimage\",\"url\":\"https:\/\/rioonwatch.org.br\/wp-content\/uploads\/2017\/09\/RaullRenata_CPR_Sept2017.jpg\",\"contentUrl\":\"https:\/\/rioonwatch.org.br\/wp-content\/uploads\/2017\/09\/RaullRenata_CPR_Sept2017.jpg\",\"width\":700,\"height\":340},{\"@type\":\"BreadcrumbList\",\"@id\":\"https:\/\/rioonwatch.org.br\/?p=28551#breadcrumb\",\"itemListElement\":[{\"@type\":\"ListItem\",\"position\":1,\"name\":\"In\u00edcio\",\"item\":\"https:\/\/rioonwatch.org.br\/\"},{\"@type\":\"ListItem\",\"position\":2,\"name\":\"Coletivo Papo Reto: Combate a Viol\u00eancia Policial\"}]},{\"@type\":\"WebSite\",\"@id\":\"https:\/\/rioonwatch.org.br\/#website\",\"url\":\"https:\/\/rioonwatch.org.br\/\",\"name\":\"RioOnWatch\",\"description\":\"relatos das favelas cariocas\",\"publisher\":{\"@id\":\"https:\/\/rioonwatch.org.br\/#organization\"},\"potentialAction\":[{\"@type\":\"SearchAction\",\"target\":{\"@type\":\"EntryPoint\",\"urlTemplate\":\"https:\/\/rioonwatch.org.br\/?s={search_term_string}\"},\"query-input\":{\"@type\":\"PropertyValueSpecification\",\"valueRequired\":true,\"valueName\":\"search_term_string\"}}],\"inLanguage\":\"pt-BR\"},{\"@type\":\"Organization\",\"@id\":\"https:\/\/rioonwatch.org.br\/#organization\",\"name\":\"RioOnWatch\",\"url\":\"https:\/\/rioonwatch.org.br\/\",\"logo\":{\"@type\":\"ImageObject\",\"inLanguage\":\"pt-BR\",\"@id\":\"https:\/\/rioonwatch.org.br\/#\/schema\/logo\/image\/\",\"url\":\"https:\/\/rioonwatch.org.br\/wp-content\/uploads\/2021\/06\/RioOnWatchcabecalhoPT11anos-2.png\",\"contentUrl\":\"https:\/\/rioonwatch.org.br\/wp-content\/uploads\/2021\/06\/RioOnWatchcabecalhoPT11anos-2.png\",\"width\":779,\"height\":277,\"caption\":\"RioOnWatch\"},\"image\":{\"@id\":\"https:\/\/rioonwatch.org.br\/#\/schema\/logo\/image\/\"}},{\"@type\":\"Person\",\"@id\":\"https:\/\/rioonwatch.org.br\/#\/schema\/person\/11d64c290506f9df50c71b850c473f68\",\"name\":\"Admin\",\"image\":{\"@type\":\"ImageObject\",\"inLanguage\":\"pt-BR\",\"@id\":\"https:\/\/rioonwatch.org.br\/#\/schema\/person\/image\/\",\"url\":\"https:\/\/secure.gravatar.com\/avatar\/56211ac74568383903349a1485e3c325?s=96&d=blank&r=g\",\"contentUrl\":\"https:\/\/secure.gravatar.com\/avatar\/56211ac74568383903349a1485e3c325?s=96&d=blank&r=g\",\"caption\":\"Admin\"},\"url\":\"https:\/\/rioonwatch.org.br\/?author=129\"}]}<\/script>\n<!-- \/ Yoast SEO plugin. -->","yoast_head_json":{"title":"Coletivo Papo Reto: Combate a Viol\u00eancia Policial - RioOnWatch","robots":{"index":"index","follow":"follow","max-snippet":"max-snippet:-1","max-image-preview":"max-image-preview:large","max-video-preview":"max-video-preview:-1"},"canonical":"https:\/\/rioonwatch.org.br\/?p=28551","og_locale":"pt_BR","og_type":"article","og_title":"Coletivo Papo Reto: Combate a Viol\u00eancia Policial - RioOnWatch","og_description":"Click Here for English Leia a mat\u00e9ria original em ingl\u00eas publicada no site da WITNESS\u00a0aqui.\u00a0O RioOnWatch traduz mat\u00e9rias do ingl\u00eas para que brasileiros possam ter acesso e acompanhar\u00a0temas ou an\u00e1lises cobertos fora do pa\u00eds que [...]","og_url":"https:\/\/rioonwatch.org.br\/?p=28551","og_site_name":"RioOnWatch","article_published_time":"2017-10-02T14:09:54+00:00","article_modified_time":"2017-10-04T17:08:27+00:00","og_image":[{"width":700,"height":340,"url":"https:\/\/rioonwatch.org.br\/wp-content\/uploads\/2017\/09\/RaullRenata_CPR_Sept2017.jpg","type":"image\/jpeg"}],"author":"Admin","twitter_card":"summary_large_image","twitter_misc":{"Escrito por":"Admin","Est. tempo de leitura":"6 minutos"},"schema":{"@context":"https:\/\/schema.org","@graph":[{"@type":"Article","@id":"https:\/\/rioonwatch.org.br\/?p=28551#article","isPartOf":{"@id":"https:\/\/rioonwatch.org.br\/?p=28551"},"author":{"name":"Admin","@id":"https:\/\/rioonwatch.org.br\/#\/schema\/person\/11d64c290506f9df50c71b850c473f68"},"headline":"Coletivo Papo Reto: Combate a Viol\u00eancia Policial","datePublished":"2017-10-02T14:09:54+00:00","dateModified":"2017-10-04T17:08:27+00:00","mainEntityOfPage":{"@id":"https:\/\/rioonwatch.org.br\/?p=28551"},"wordCount":1172,"publisher":{"@id":"https:\/\/rioonwatch.org.br\/#organization"},"image":{"@id":"https:\/\/rioonwatch.org.br\/?p=28551#primaryimage"},"thumbnailUrl":"https:\/\/rioonwatch.org.br\/wp-content\/uploads\/2017\/09\/RaullRenata_CPR_Sept2017.jpg","keywords":["Complexo do Alem\u00e3o","criminaliza\u00e7\u00e3o da pobreza","Direitos Humanos","Instituto Papo Reto","m\u00eddia social","narrativa midi\u00e1tica","resist\u00eancia","viola\u00e7\u00f5es","viol\u00eancia de Estado","viol\u00eancia policial","Zona Norte"],"articleSection":["Qualidades da Favela","Seguran\u00e7a P\u00fablica","Sociedade Civil","Solu\u00e7\u00f5es","Traduzidas do Ingl\u00eas"],"inLanguage":"pt-BR"},{"@type":"WebPage","@id":"https:\/\/rioonwatch.org.br\/?p=28551","url":"https:\/\/rioonwatch.org.br\/?p=28551","name":"Coletivo Papo Reto: Combate a Viol\u00eancia Policial - RioOnWatch","isPartOf":{"@id":"https:\/\/rioonwatch.org.br\/#website"},"primaryImageOfPage":{"@id":"https:\/\/rioonwatch.org.br\/?p=28551#primaryimage"},"image":{"@id":"https:\/\/rioonwatch.org.br\/?p=28551#primaryimage"},"thumbnailUrl":"https:\/\/rioonwatch.org.br\/wp-content\/uploads\/2017\/09\/RaullRenata_CPR_Sept2017.jpg","datePublished":"2017-10-02T14:09:54+00:00","dateModified":"2017-10-04T17:08:27+00:00","breadcrumb":{"@id":"https:\/\/rioonwatch.org.br\/?p=28551#breadcrumb"},"inLanguage":"pt-BR","potentialAction":[{"@type":"ReadAction","target":["https:\/\/rioonwatch.org.br\/?p=28551"]}]},{"@type":"ImageObject","inLanguage":"pt-BR","@id":"https:\/\/rioonwatch.org.br\/?p=28551#primaryimage","url":"https:\/\/rioonwatch.org.br\/wp-content\/uploads\/2017\/09\/RaullRenata_CPR_Sept2017.jpg","contentUrl":"https:\/\/rioonwatch.org.br\/wp-content\/uploads\/2017\/09\/RaullRenata_CPR_Sept2017.jpg","width":700,"height":340},{"@type":"BreadcrumbList","@id":"https:\/\/rioonwatch.org.br\/?p=28551#breadcrumb","itemListElement":[{"@type":"ListItem","position":1,"name":"In\u00edcio","item":"https:\/\/rioonwatch.org.br\/"},{"@type":"ListItem","position":2,"name":"Coletivo Papo Reto: Combate a Viol\u00eancia Policial"}]},{"@type":"WebSite","@id":"https:\/\/rioonwatch.org.br\/#website","url":"https:\/\/rioonwatch.org.br\/","name":"RioOnWatch","description":"relatos das favelas cariocas","publisher":{"@id":"https:\/\/rioonwatch.org.br\/#organization"},"potentialAction":[{"@type":"SearchAction","target":{"@type":"EntryPoint","urlTemplate":"https:\/\/rioonwatch.org.br\/?s={search_term_string}"},"query-input":{"@type":"PropertyValueSpecification","valueRequired":true,"valueName":"search_term_string"}}],"inLanguage":"pt-BR"},{"@type":"Organization","@id":"https:\/\/rioonwatch.org.br\/#organization","name":"RioOnWatch","url":"https:\/\/rioonwatch.org.br\/","logo":{"@type":"ImageObject","inLanguage":"pt-BR","@id":"https:\/\/rioonwatch.org.br\/#\/schema\/logo\/image\/","url":"https:\/\/rioonwatch.org.br\/wp-content\/uploads\/2021\/06\/RioOnWatchcabecalhoPT11anos-2.png","contentUrl":"https:\/\/rioonwatch.org.br\/wp-content\/uploads\/2021\/06\/RioOnWatchcabecalhoPT11anos-2.png","width":779,"height":277,"caption":"RioOnWatch"},"image":{"@id":"https:\/\/rioonwatch.org.br\/#\/schema\/logo\/image\/"}},{"@type":"Person","@id":"https:\/\/rioonwatch.org.br\/#\/schema\/person\/11d64c290506f9df50c71b850c473f68","name":"Admin","image":{"@type":"ImageObject","inLanguage":"pt-BR","@id":"https:\/\/rioonwatch.org.br\/#\/schema\/person\/image\/","url":"https:\/\/secure.gravatar.com\/avatar\/56211ac74568383903349a1485e3c325?s=96&d=blank&r=g","contentUrl":"https:\/\/secure.gravatar.com\/avatar\/56211ac74568383903349a1485e3c325?s=96&d=blank&r=g","caption":"Admin"},"url":"https:\/\/rioonwatch.org.br\/?author=129"}]}},"_links":{"self":[{"href":"https:\/\/rioonwatch.org.br\/index.php?rest_route=\/wp\/v2\/posts\/28551"}],"collection":[{"href":"https:\/\/rioonwatch.org.br\/index.php?rest_route=\/wp\/v2\/posts"}],"about":[{"href":"https:\/\/rioonwatch.org.br\/index.php?rest_route=\/wp\/v2\/types\/post"}],"author":[{"embeddable":true,"href":"https:\/\/rioonwatch.org.br\/index.php?rest_route=\/wp\/v2\/users\/129"}],"replies":[{"embeddable":true,"href":"https:\/\/rioonwatch.org.br\/index.php?rest_route=%2Fwp%2Fv2%2Fcomments&post=28551"}],"version-history":[{"count":22,"href":"https:\/\/rioonwatch.org.br\/index.php?rest_route=\/wp\/v2\/posts\/28551\/revisions"}],"predecessor-version":[{"id":28611,"href":"https:\/\/rioonwatch.org.br\/index.php?rest_route=\/wp\/v2\/posts\/28551\/revisions\/28611"}],"wp:featuredmedia":[{"embeddable":true,"href":"https:\/\/rioonwatch.org.br\/index.php?rest_route=\/wp\/v2\/media\/28555"}],"wp:attachment":[{"href":"https:\/\/rioonwatch.org.br\/index.php?rest_route=%2Fwp%2Fv2%2Fmedia&parent=28551"}],"wp:term":[{"taxonomy":"category","embeddable":true,"href":"https:\/\/rioonwatch.org.br\/index.php?rest_route=%2Fwp%2Fv2%2Fcategories&post=28551"},{"taxonomy":"post_tag","embeddable":true,"href":"https:\/\/rioonwatch.org.br\/index.php?rest_route=%2Fwp%2Fv2%2Ftags&post=28551"},{"taxonomy":"writer","embeddable":true,"href":"https:\/\/rioonwatch.org.br\/index.php?rest_route=%2Fwp%2Fv2%2Fwriter&post=28551"},{"taxonomy":"translator","embeddable":true,"href":"https:\/\/rioonwatch.org.br\/index.php?rest_route=%2Fwp%2Fv2%2Ftranslator&post=28551"},{"taxonomy":"source","embeddable":true,"href":"https:\/\/rioonwatch.org.br\/index.php?rest_route=%2Fwp%2Fv2%2Fsource&post=28551"},{"taxonomy":"ilustrador","embeddable":true,"href":"https:\/\/rioonwatch.org.br\/index.php?rest_route=%2Fwp%2Fv2%2Filustrador&post=28551"},{"taxonomy":"fotografo","embeddable":true,"href":"https:\/\/rioonwatch.org.br\/index.php?rest_route=%2Fwp%2Fv2%2Ffotografo&post=28551"}],"curies":[{"name":"wp","href":"https:\/\/api.w.org\/{rel}","templated":true}]}}