{"id":28571,"date":"2017-10-01T12:54:07","date_gmt":"2017-10-01T15:54:07","guid":{"rendered":"http:\/\/rioonwatch.org.br\/?p=28571"},"modified":"2026-04-14T10:00:50","modified_gmt":"2026-04-14T13:00:50","slug":"moradores-integrantes-do-conselho-popular-entregam-oficio-a-prefeitura-com-contribuicoes-ao-plano-estrategico","status":"publish","type":"post","link":"https:\/\/rioonwatch.org.br\/?p=28571","title":{"rendered":"Integrantes do Conselho Popular Entregam Of\u00edcio com Contribui\u00e7\u00f5es ao Plano Estrat\u00e9gico do Crivella"},"content":{"rendered":"<p style=\"text-align: right;\"><em><strong><a href=\"http:\/\/bit.ly\/2ytfXZ6\" target=\"_blank\" rel=\"noopener noreferrer\">Click Here for English<img decoding=\"async\" width=\"20\" height=\"20\" class=\"alignright wp-image-15790\" src=\"http:\/\/rioonwatch.org.br\/wp-content\/uploads\/2012\/08\/EN-standard-e1439583104716.jpg\" alt=\"\" \/><\/a><\/strong><\/em><\/p>\n<p>O Conselho Popular, inst\u00e2ncia composta por moradores de diversas favelas cariocas, juntamente \u00e0 <a href=\"http:\/\/bit.ly\/2k3wxsa\" target=\"_blank\" rel=\"noopener\">Pastoral das Favelas<\/a> a ao <a href=\"http:\/\/bit.ly\/2epzbUk\" target=\"_blank\" rel=\"noopener\">N\u00facleo de Terras e Habita\u00e7\u00e3o<\/a> (NUTH) da <a href=\"http:\/\/bit.ly\/1kcl02n\" target=\"_blank\" rel=\"noopener\">Defensoria P\u00fablica<\/a>, realizaram na sexta-feira, dia 29 de setembro, um ato para marcar a entrega de um of\u00edcio \u00e0 <a href=\"http:\/\/bit.ly\/2cIlnDw\" target=\"_blank\" rel=\"noopener\">prefeitura de Marcelo Crivella<\/a> com suas contribui\u00e7\u00f5es ao <a href=\"http:\/\/bit.ly\/2so0CCJ\" target=\"_blank\" rel=\"noopener\">Plano Estrat\u00e9gico<\/a>, referentes \u00e0s metas de <a href=\"http:\/\/bit.ly\/2gaxv3y\" target=\"_blank\" rel=\"noopener\">habita\u00e7\u00e3o<\/a> e <a href=\"http:\/\/bit.ly\/1aRkVxr\" target=\"_blank\" rel=\"noopener\">urbaniza\u00e7\u00e3o<\/a> de favelas (metas No. 73 at\u00e9 77). A data marcou o \u00faltimo dia previsto para a consulta popular com rela\u00e7\u00e3o ao Plano, e a entrega do of\u00edcio veio refor\u00e7ar que os canais disponibilizados pela prefeitura foram <a href=\"http:\/\/bit.ly\/2yvqpv8\" target=\"_blank\" rel=\"noopener\">insatisfat\u00f3rios para o recebimento de contribui\u00e7\u00f5es por parte dos cidad\u00e3os<\/a>.<\/p>\n<p><a href=\"http:\/\/rioonwatch.org.br\/wp-content\/uploads\/2017\/09\/PE-conselho-pop-1.jpg\"><img fetchpriority=\"high\" decoding=\"async\" class=\"aligncenter size-content wp-image-28573\" src=\"http:\/\/rioonwatch.org.br\/wp-content\/uploads\/2017\/09\/PE-conselho-pop-1-620x264.jpg\" alt=\"\" width=\"620\" height=\"264\" srcset=\"https:\/\/rioonwatch.org.br\/wp-content\/uploads\/2017\/09\/PE-conselho-pop-1-620x264.jpg 620w, https:\/\/rioonwatch.org.br\/wp-content\/uploads\/2017\/09\/PE-conselho-pop-1-768x326.jpg 768w, https:\/\/rioonwatch.org.br\/wp-content\/uploads\/2017\/09\/PE-conselho-pop-1-1024x435.jpg 1024w, https:\/\/rioonwatch.org.br\/wp-content\/uploads\/2017\/09\/PE-conselho-pop-1-940x400.jpg 940w, https:\/\/rioonwatch.org.br\/wp-content\/uploads\/2017\/09\/PE-conselho-pop-1.jpg 1278w\" sizes=\"(max-width: 620px) 100vw, 620px\" \/><\/a><\/p>\n<p>Eliane Sousa de Oliveira, integrante do Conselho, colocou: \u201cO Plano \u00e9 muito gen\u00e9rico. Fala que 21 favelas do Rio v\u00e3o ser beneficiadas com a\u00e7\u00f5es de urbaniza\u00e7\u00e3o. Mas n\u00e3o fala quais e nem o que vai ser feito exatamente\u201d. Al\u00e9m disso, o NUTH questiona o pr\u00f3prio uso da palavra \u201cbeneficiar\u201d, que sugere ser benef\u00edcio algo que na verdade \u00e9 dever da prefeitura, al\u00e9m de questionar por que\u00a0<a href=\"http:\/\/bit.ly\/1HgPoFM\" target=\"_blank\" rel=\"noopener\">Rio das Pedras<\/a> n\u00e3o \u00e9 uma das comunidades a serem contempladas pela meta de urbaniza\u00e7\u00e3o.\u00a0Em vez disso, h\u00e1 uma meta espec\u00edfica para Rio das Pedras que \u00e9 concluir um estudo de requalifica\u00e7\u00e3o urbana.<\/p>\n<p>Antes mesmo da conclus\u00e3o desse estudo, o prefeito j\u00e1 sinalizou a inten\u00e7\u00e3o de verticalizar a comunidade e j\u00e1 enviou equipes da prefeitura ao local para realizar o cadastramento dos moradores. O documento denuncia que o estudo n\u00e3o foi disponibilizado, que h\u00e1 demandas mais urgentes que a constru\u00e7\u00e3o de novas resid\u00eancias, que est\u00e3o priorizando interesses imobili\u00e1rios e que as informa\u00e7\u00f5es disponibilizadas pelas equipes enviadas s\u00e3o contradit\u00f3rias e enganosas. \u201cO ponto bom foi que <a href=\"http:\/\/bit.ly\/2xrmnGG\" target=\"_blank\" rel=\"noopener\">a comunidade se mobilizou<\/a>\u201d, ponderou Eliane. O lema do movimento que est\u00e1 surgindo \u00e9 \u201cmelhorias sim, retirada das nossas casas n\u00e3o\u201d.<\/p>\n<p><a href=\"http:\/\/rioonwatch.org.br\/wp-content\/uploads\/2017\/09\/RP4.jpg\"><img decoding=\"async\" class=\"aligncenter wp-image-28574 size-content\" title=\"Movimento de moradores de Rio das Pedras contra as remo\u00e7\u00f5es. Foto: Fabiane Ferreira.\" src=\"http:\/\/rioonwatch.org.br\/wp-content\/uploads\/2017\/09\/RP4-620x264.jpg\" alt=\"\" width=\"620\" height=\"264\" srcset=\"https:\/\/rioonwatch.org.br\/wp-content\/uploads\/2017\/09\/RP4-620x264.jpg 620w, https:\/\/rioonwatch.org.br\/wp-content\/uploads\/2017\/09\/RP4-1030x438.jpg 1030w, https:\/\/rioonwatch.org.br\/wp-content\/uploads\/2017\/09\/RP4-940x400.jpg 940w\" sizes=\"(max-width: 620px) 100vw, 620px\" \/><\/a><\/p>\n<p>\u201c\u00c9 a mesma estrat\u00e9gia de todas as prefeituras anteriores: vamos lan\u00e7ar planos, vamos fazer <a href=\"http:\/\/bit.ly\/X51Qvb\" target=\"_blank\" rel=\"noopener\">remo\u00e7\u00f5es<\/a>, mas n\u00e3o vamos sentar e conversar com os moradores. Quem sabe realmente o que \u00e9 bom pra eles \u00e9 quem mora no local. A gente sabe que Rio das Pedras tem alguns problemas, mas eles podem ser resolvidos se a prefeitura priorizar as necessidades do morador\u201d, disse Eliane. Um dos moradores integrantes do Conselho concordou: \u201cmuda a gest\u00e3o, mas n\u00e3o muda a pr\u00e1tica: eles continuam fazendo remo\u00e7\u00f5es. Se v\u00e3o remover o povo argumentando que ele est\u00e1 construindo em \u00e1rea protegida, tem que remover as mans\u00f5es nesses locais tamb\u00e9m\u201d.<\/p>\n<p>Di Souza, moradora da pequena comunidade de R\u00e1dio Sonda, que fica dentro de uma \u00e1rea militar na Ilha do Governador, ilustrou a pr\u00e1tica de remo\u00e7\u00f5es ao denunciar que a Aeron\u00e1utica entrou com uma liminar determinando a sa\u00edda de 15 fam\u00edlias que vivem em um terreno p\u00fablico ao redor da comunidade, ainda que as fam\u00edlias j\u00e1 ocupem o espa\u00e7o h\u00e1 mais de 50 anos. \u201cEles deram de 30 a 45 dias para eles sa\u00edrem. Alguns moradores tiverem inclusive que destruir as pr\u00f3prias casas. H\u00e1 tr\u00eas meses eles retiraram um casal de dentro da comunidade, sem indeniza\u00e7\u00e3o, sem nada\u201d. Na pr\u00f3xima quarta-feira, dia 4 de outubro, \u00e0s 14h30, haver\u00e1 um ato na Estrada do Maracaj\u00e1s, 514, Ilha do Governador, em protesto contra as remo\u00e7\u00f5es em curso.<\/p>\n<p><a href=\"http:\/\/rioonwatch.org.br\/wp-content\/uploads\/2017\/09\/RP-pastoral-de-fav.jpg\"><img loading=\"lazy\" decoding=\"async\" class=\"aligncenter wp-image-28576 size-content\" title=\"Reuni\u00e3o na Pastoral de Favelas para elabora\u00e7\u00e3o do documento. Foto: Gleysi Sorrab.\" src=\"http:\/\/rioonwatch.org.br\/wp-content\/uploads\/2017\/09\/RP-pastoral-de-fav-620x264.jpg\" alt=\"\" width=\"620\" height=\"264\" srcset=\"https:\/\/rioonwatch.org.br\/wp-content\/uploads\/2017\/09\/RP-pastoral-de-fav-620x264.jpg 620w, https:\/\/rioonwatch.org.br\/wp-content\/uploads\/2017\/09\/RP-pastoral-de-fav-940x400.jpg 940w\" sizes=\"(max-width: 620px) 100vw, 620px\" \/><\/a><\/p>\n<p>A elabora\u00e7\u00e3o do documento contou com a an\u00e1lise t\u00e9cnica do NUTH e a participa\u00e7\u00e3o de moradores, que colocaram suas d\u00favidas e ang\u00fastias ao longo de v\u00e1rios encontros. \u201cNosso objetivo \u00e9 buscar um di\u00e1logo, tanto com o prefeito, quanto com a [Subsecret\u00e1ria de Planejamento] <a href=\"http:\/\/bit.ly\/2x7NSS5\" target=\"_blank\" rel=\"noopener\">Asp\u00e1sia Camargo<\/a>, para fazer algo de concreto para os moradores\u201d, disse Eliane.<\/p>\n<p>O documento denuncia a <a href=\"http:\/\/bit.ly\/1rOePGu\" target=\"_blank\" rel=\"noopener\">falta de participa\u00e7\u00e3o popular<\/a> j\u00e1 no momento de elabora\u00e7\u00e3o do Plano, dizendo que as popula\u00e7\u00f5es afetadas pelas metas n\u00e3o foram procuradas pelas equipes t\u00e9cnicas da prefeitura, e tamb\u00e9m a falta de transpar\u00eancia quanto aos m\u00e9todos que ser\u00e3o empregados nas interven\u00e7\u00f5es urbanas propostas, o que eles consideram que abrir\u00e1 caminho para remo\u00e7\u00f5es. Al\u00e9m disso, demonstra que o Plano n\u00e3o responde a quest\u00f5es consideradas priorit\u00e1rias pelos moradores, como a provis\u00e3o de servi\u00e7os mais urgentes, e n\u00e3o leva em considera\u00e7\u00e3o a atua\u00e7\u00e3o pol\u00edtica e os saberes acumulados pelos moradores ao longo de anos de desenvolvimento e mobiliza\u00e7\u00e3o local.<\/p>\n<p>Finalmente, o of\u00edcio questiona o crit\u00e9rio usado para chegar a n\u00fameros aparentemente arbitr\u00e1rios, como 20.000 unidades habitacionais contratadas e 100.000 domic\u00edlios beneficiados com regulariza\u00e7\u00e3o urban\u00edstica e fundi\u00e1ria, e qual o crit\u00e9rio ser\u00e1 empregado para a escolha das comunidades e fam\u00edlias atendidas, al\u00e9m de clamar pela elabora\u00e7\u00e3o participativa de instrumentos de pol\u00edticas p\u00fablicas mais amplas, como o <a href=\"http:\/\/bit.ly\/2yMP7bu\" target=\"_blank\" rel=\"noopener\">Plano Municipal de Habita\u00e7\u00e3o de Interesse Social <\/a>(como exige o artigo 200 da Lei Complementar 111\/2011). O documento termina com coloca\u00e7\u00f5es fortes e extremamente necess\u00e1rias nesse momento de obstru\u00e7\u00e3o da participa\u00e7\u00e3o popular: \u201cA favela vive, resiste e reexiste a cada dia! Queremos ser ouvidos! N\u00e3o \u00e0s remo\u00e7\u00f5es!\u201d.<\/p>\n<!-- AddThis Advanced Settings generic via filter on the_content --><!-- AddThis Share Buttons generic via filter on the_content -->","protected":false},"excerpt":{"rendered":"<div class=\"mh-excerpt\"><p>Click Here for English O Conselho Popular, inst\u00e2ncia composta por moradores de diversas favelas cariocas, juntamente \u00e0 Pastoral das Favelas a ao N\u00facleo de Terras e Habita\u00e7\u00e3o (NUTH) da Defensoria P\u00fablica, realizaram na sexta-feira, dia <a class=\"mh-excerpt-more\" href=\"https:\/\/rioonwatch.org.br\/?p=28571\" title=\"Integrantes do Conselho Popular Entregam Of\u00edcio com Contribui\u00e7\u00f5es ao Plano Estrat\u00e9gico do Crivella\">[&#8230;]<\/a><!-- AddThis Advanced Settings generic via filter on get_the_excerpt --><!-- AddThis Share Buttons generic via filter on get_the_excerpt --><\/p>\n<\/div>","protected":false},"author":152,"featured_media":28574,"comment_status":"closed","ping_status":"closed","sticky":false,"template":"","format":"standard","meta":{"_acf_changed":false,"_monsterinsights_skip_tracking":false,"_monsterinsights_sitenote_active":false,"_monsterinsights_sitenote_note":"","_monsterinsights_sitenote_category":0,"footnotes":""},"categories":[2089,1618,1614,1857,1621],"tags":[2220,2218,90,396,2548,2219,2224,1982,1151,1037,2216,304,359,86,2148,993,2217,82,14,1393,493,184],"writer":[1994],"translator":[],"source":[],"ilustrador":[],"fotografo":[],"class_list":{"0":"post-28571","1":"post","2":"type-post","3":"status-publish","4":"format-standard","5":"has-post-thumbnail","7":"category-monitoramento","8":"category-olhonaparticipacao","9":"category-olhonasremocoes","10":"category-olhonaurbanizacao","11":"category-destaque","12":"tag-aspasia-camargo","13":"tag-conselho-popular","14":"tag-defensoria-publica","15":"tag-especulacao-imobiliaria","16":"tag-igreja-catolica","17":"tag-ilha-do-governador","18":"tag-maracajas","19":"tag-marcelo-crivella","20":"tag-organizacao","21":"tag-moradia","22":"tag-nuth","23":"tag-participacao","24":"tag-participacao-zero","25":"tag-pastoral-de-favelas","26":"tag-plano-estrategico","27":"tag-programa-habitacional","28":"tag-radio-sonda","29":"tag-regularizacao-fundiaria","30":"tag-remocao","31":"tag-rio-das-pedras","32":"tag-urbanizacao","33":"tag-zona-oeste","34":"writer-luisa-fenizola"},"acf":[],"yoast_head":"<!-- This site is optimized with the Yoast SEO plugin v25.6 - https:\/\/yoast.com\/wordpress\/plugins\/seo\/ -->\n<title>Integrantes do Conselho Popular Entregam Of\u00edcio com Contribui\u00e7\u00f5es ao Plano Estrat\u00e9gico do Crivella - RioOnWatch<\/title>\n<meta name=\"robots\" content=\"index, follow, max-snippet:-1, max-image-preview:large, max-video-preview:-1\" \/>\n<link rel=\"canonical\" href=\"https:\/\/rioonwatch.org.br\/?p=28571\" \/>\n<meta property=\"og:locale\" content=\"pt_BR\" \/>\n<meta property=\"og:type\" content=\"article\" \/>\n<meta property=\"og:title\" content=\"Integrantes do Conselho Popular Entregam Of\u00edcio com Contribui\u00e7\u00f5es ao Plano Estrat\u00e9gico do Crivella - RioOnWatch\" \/>\n<meta property=\"og:description\" content=\"Click Here for English O Conselho Popular, inst\u00e2ncia composta por moradores de diversas favelas cariocas, juntamente \u00e0 Pastoral das Favelas a ao N\u00facleo de Terras e Habita\u00e7\u00e3o (NUTH) da Defensoria P\u00fablica, realizaram na sexta-feira, dia [...]\" \/>\n<meta property=\"og:url\" content=\"https:\/\/rioonwatch.org.br\/?p=28571\" \/>\n<meta property=\"og:site_name\" content=\"RioOnWatch\" \/>\n<meta property=\"article:published_time\" content=\"2017-10-01T15:54:07+00:00\" \/>\n<meta property=\"article:modified_time\" content=\"2026-04-14T13:00:50+00:00\" \/>\n<meta property=\"og:image\" content=\"https:\/\/rioonwatch.org.br\/wp-content\/uploads\/2017\/09\/RP4.jpg\" \/>\n\t<meta property=\"og:image:width\" content=\"1440\" \/>\n\t<meta property=\"og:image:height\" content=\"810\" \/>\n\t<meta property=\"og:image:type\" content=\"image\/jpeg\" \/>\n<meta name=\"author\" content=\"Luisa Fenizola\" \/>\n<meta name=\"twitter:card\" content=\"summary_large_image\" \/>\n<meta name=\"twitter:label1\" content=\"Escrito por\" \/>\n\t<meta name=\"twitter:data1\" content=\"Luisa Fenizola\" \/>\n\t<meta name=\"twitter:label2\" content=\"Est. tempo de leitura\" \/>\n\t<meta name=\"twitter:data2\" content=\"4 minutos\" \/>\n<script type=\"application\/ld+json\" class=\"yoast-schema-graph\">{\"@context\":\"https:\/\/schema.org\",\"@graph\":[{\"@type\":\"Article\",\"@id\":\"https:\/\/rioonwatch.org.br\/?p=28571#article\",\"isPartOf\":{\"@id\":\"https:\/\/rioonwatch.org.br\/?p=28571\"},\"author\":{\"name\":\"Luisa Fenizola\",\"@id\":\"https:\/\/rioonwatch.org.br\/#\/schema\/person\/f443c6b55bb6e80842280318076491c5\"},\"headline\":\"Integrantes do Conselho Popular Entregam Of\u00edcio com Contribui\u00e7\u00f5es ao Plano Estrat\u00e9gico do Crivella\",\"datePublished\":\"2017-10-01T15:54:07+00:00\",\"dateModified\":\"2026-04-14T13:00:50+00:00\",\"mainEntityOfPage\":{\"@id\":\"https:\/\/rioonwatch.org.br\/?p=28571\"},\"wordCount\":898,\"publisher\":{\"@id\":\"https:\/\/rioonwatch.org.br\/#organization\"},\"image\":{\"@id\":\"https:\/\/rioonwatch.org.br\/?p=28571#primaryimage\"},\"thumbnailUrl\":\"https:\/\/rioonwatch.org.br\/wp-content\/uploads\/2017\/09\/RP4.jpg\",\"keywords\":[\"Asp\u00e1sia Camargo\",\"Conselho Popular\",\"Defensoria P\u00fablica\",\"especula\u00e7\u00e3o imobili\u00e1ria\",\"Igreja Cat\u00f3lica\",\"Ilha do Governador\",\"Maracaj\u00e1s\",\"Marcelo Crivella\",\"mobiliza\u00e7\u00e3o\",\"moradia\",\"NUTH\",\"participa\u00e7\u00e3o\",\"participa\u00e7\u00e3o zero\",\"Pastoral das Favelas\",\"Plano Estrat\u00e9gico\",\"programa habitacional\",\"R\u00e1dio Sonda\",\"regulariza\u00e7\u00e3o fundi\u00e1ria\",\"Remo\u00e7\u00e3o\",\"Rio das Pedras\",\"urbaniza\u00e7\u00e3o\",\"Zona Oeste\"],\"articleSection\":[\"#Monitoramento\",\"#OlhoNaParticipa\u00e7\u00e3o\",\"#OlhoNasRemo\u00e7\u00f5es\",\"#OlhoNaUrbaniza\u00e7\u00e3o\",\"*Destaque\"],\"inLanguage\":\"pt-BR\"},{\"@type\":\"WebPage\",\"@id\":\"https:\/\/rioonwatch.org.br\/?p=28571\",\"url\":\"https:\/\/rioonwatch.org.br\/?p=28571\",\"name\":\"Integrantes do Conselho Popular Entregam Of\u00edcio com Contribui\u00e7\u00f5es ao Plano Estrat\u00e9gico do Crivella - RioOnWatch\",\"isPartOf\":{\"@id\":\"https:\/\/rioonwatch.org.br\/#website\"},\"primaryImageOfPage\":{\"@id\":\"https:\/\/rioonwatch.org.br\/?p=28571#primaryimage\"},\"image\":{\"@id\":\"https:\/\/rioonwatch.org.br\/?p=28571#primaryimage\"},\"thumbnailUrl\":\"https:\/\/rioonwatch.org.br\/wp-content\/uploads\/2017\/09\/RP4.jpg\",\"datePublished\":\"2017-10-01T15:54:07+00:00\",\"dateModified\":\"2026-04-14T13:00:50+00:00\",\"breadcrumb\":{\"@id\":\"https:\/\/rioonwatch.org.br\/?p=28571#breadcrumb\"},\"inLanguage\":\"pt-BR\",\"potentialAction\":[{\"@type\":\"ReadAction\",\"target\":[\"https:\/\/rioonwatch.org.br\/?p=28571\"]}]},{\"@type\":\"ImageObject\",\"inLanguage\":\"pt-BR\",\"@id\":\"https:\/\/rioonwatch.org.br\/?p=28571#primaryimage\",\"url\":\"https:\/\/rioonwatch.org.br\/wp-content\/uploads\/2017\/09\/RP4.jpg\",\"contentUrl\":\"https:\/\/rioonwatch.org.br\/wp-content\/uploads\/2017\/09\/RP4.jpg\",\"width\":1440,\"height\":810},{\"@type\":\"BreadcrumbList\",\"@id\":\"https:\/\/rioonwatch.org.br\/?p=28571#breadcrumb\",\"itemListElement\":[{\"@type\":\"ListItem\",\"position\":1,\"name\":\"In\u00edcio\",\"item\":\"https:\/\/rioonwatch.org.br\/\"},{\"@type\":\"ListItem\",\"position\":2,\"name\":\"Integrantes do Conselho Popular Entregam Of\u00edcio com Contribui\u00e7\u00f5es ao Plano Estrat\u00e9gico do Crivella\"}]},{\"@type\":\"WebSite\",\"@id\":\"https:\/\/rioonwatch.org.br\/#website\",\"url\":\"https:\/\/rioonwatch.org.br\/\",\"name\":\"RioOnWatch\",\"description\":\"relatos das favelas cariocas\",\"publisher\":{\"@id\":\"https:\/\/rioonwatch.org.br\/#organization\"},\"potentialAction\":[{\"@type\":\"SearchAction\",\"target\":{\"@type\":\"EntryPoint\",\"urlTemplate\":\"https:\/\/rioonwatch.org.br\/?s={search_term_string}\"},\"query-input\":{\"@type\":\"PropertyValueSpecification\",\"valueRequired\":true,\"valueName\":\"search_term_string\"}}],\"inLanguage\":\"pt-BR\"},{\"@type\":\"Organization\",\"@id\":\"https:\/\/rioonwatch.org.br\/#organization\",\"name\":\"RioOnWatch\",\"url\":\"https:\/\/rioonwatch.org.br\/\",\"logo\":{\"@type\":\"ImageObject\",\"inLanguage\":\"pt-BR\",\"@id\":\"https:\/\/rioonwatch.org.br\/#\/schema\/logo\/image\/\",\"url\":\"https:\/\/rioonwatch.org.br\/wp-content\/uploads\/2021\/06\/RioOnWatchcabecalhoPT11anos-2.png\",\"contentUrl\":\"https:\/\/rioonwatch.org.br\/wp-content\/uploads\/2021\/06\/RioOnWatchcabecalhoPT11anos-2.png\",\"width\":779,\"height\":277,\"caption\":\"RioOnWatch\"},\"image\":{\"@id\":\"https:\/\/rioonwatch.org.br\/#\/schema\/logo\/image\/\"}},{\"@type\":\"Person\",\"@id\":\"https:\/\/rioonwatch.org.br\/#\/schema\/person\/f443c6b55bb6e80842280318076491c5\",\"name\":\"Luisa Fenizola\",\"image\":{\"@type\":\"ImageObject\",\"inLanguage\":\"pt-BR\",\"@id\":\"https:\/\/rioonwatch.org.br\/#\/schema\/person\/image\/\",\"url\":\"https:\/\/secure.gravatar.com\/avatar\/a3d551110162b9f876cbbdaaecf75663?s=96&d=blank&r=g\",\"contentUrl\":\"https:\/\/secure.gravatar.com\/avatar\/a3d551110162b9f876cbbdaaecf75663?s=96&d=blank&r=g\",\"caption\":\"Luisa Fenizola\"},\"url\":\"https:\/\/rioonwatch.org.br\/?author=152\"}]}<\/script>\n<!-- \/ Yoast SEO plugin. -->","yoast_head_json":{"title":"Integrantes do Conselho Popular Entregam Of\u00edcio com Contribui\u00e7\u00f5es ao Plano Estrat\u00e9gico do Crivella - RioOnWatch","robots":{"index":"index","follow":"follow","max-snippet":"max-snippet:-1","max-image-preview":"max-image-preview:large","max-video-preview":"max-video-preview:-1"},"canonical":"https:\/\/rioonwatch.org.br\/?p=28571","og_locale":"pt_BR","og_type":"article","og_title":"Integrantes do Conselho Popular Entregam Of\u00edcio com Contribui\u00e7\u00f5es ao Plano Estrat\u00e9gico do Crivella - RioOnWatch","og_description":"Click Here for English O Conselho Popular, inst\u00e2ncia composta por moradores de diversas favelas cariocas, juntamente \u00e0 Pastoral das Favelas a ao N\u00facleo de Terras e Habita\u00e7\u00e3o (NUTH) da Defensoria P\u00fablica, realizaram na sexta-feira, dia [...]","og_url":"https:\/\/rioonwatch.org.br\/?p=28571","og_site_name":"RioOnWatch","article_published_time":"2017-10-01T15:54:07+00:00","article_modified_time":"2026-04-14T13:00:50+00:00","og_image":[{"width":1440,"height":810,"url":"https:\/\/rioonwatch.org.br\/wp-content\/uploads\/2017\/09\/RP4.jpg","type":"image\/jpeg"}],"author":"Luisa Fenizola","twitter_card":"summary_large_image","twitter_misc":{"Escrito por":"Luisa Fenizola","Est. tempo de leitura":"4 minutos"},"schema":{"@context":"https:\/\/schema.org","@graph":[{"@type":"Article","@id":"https:\/\/rioonwatch.org.br\/?p=28571#article","isPartOf":{"@id":"https:\/\/rioonwatch.org.br\/?p=28571"},"author":{"name":"Luisa Fenizola","@id":"https:\/\/rioonwatch.org.br\/#\/schema\/person\/f443c6b55bb6e80842280318076491c5"},"headline":"Integrantes do Conselho Popular Entregam Of\u00edcio com Contribui\u00e7\u00f5es ao Plano Estrat\u00e9gico do Crivella","datePublished":"2017-10-01T15:54:07+00:00","dateModified":"2026-04-14T13:00:50+00:00","mainEntityOfPage":{"@id":"https:\/\/rioonwatch.org.br\/?p=28571"},"wordCount":898,"publisher":{"@id":"https:\/\/rioonwatch.org.br\/#organization"},"image":{"@id":"https:\/\/rioonwatch.org.br\/?p=28571#primaryimage"},"thumbnailUrl":"https:\/\/rioonwatch.org.br\/wp-content\/uploads\/2017\/09\/RP4.jpg","keywords":["Asp\u00e1sia Camargo","Conselho Popular","Defensoria P\u00fablica","especula\u00e7\u00e3o imobili\u00e1ria","Igreja Cat\u00f3lica","Ilha do Governador","Maracaj\u00e1s","Marcelo Crivella","mobiliza\u00e7\u00e3o","moradia","NUTH","participa\u00e7\u00e3o","participa\u00e7\u00e3o zero","Pastoral das Favelas","Plano Estrat\u00e9gico","programa habitacional","R\u00e1dio Sonda","regulariza\u00e7\u00e3o fundi\u00e1ria","Remo\u00e7\u00e3o","Rio das Pedras","urbaniza\u00e7\u00e3o","Zona Oeste"],"articleSection":["#Monitoramento","#OlhoNaParticipa\u00e7\u00e3o","#OlhoNasRemo\u00e7\u00f5es","#OlhoNaUrbaniza\u00e7\u00e3o","*Destaque"],"inLanguage":"pt-BR"},{"@type":"WebPage","@id":"https:\/\/rioonwatch.org.br\/?p=28571","url":"https:\/\/rioonwatch.org.br\/?p=28571","name":"Integrantes do Conselho Popular Entregam Of\u00edcio com Contribui\u00e7\u00f5es ao Plano Estrat\u00e9gico do Crivella - RioOnWatch","isPartOf":{"@id":"https:\/\/rioonwatch.org.br\/#website"},"primaryImageOfPage":{"@id":"https:\/\/rioonwatch.org.br\/?p=28571#primaryimage"},"image":{"@id":"https:\/\/rioonwatch.org.br\/?p=28571#primaryimage"},"thumbnailUrl":"https:\/\/rioonwatch.org.br\/wp-content\/uploads\/2017\/09\/RP4.jpg","datePublished":"2017-10-01T15:54:07+00:00","dateModified":"2026-04-14T13:00:50+00:00","breadcrumb":{"@id":"https:\/\/rioonwatch.org.br\/?p=28571#breadcrumb"},"inLanguage":"pt-BR","potentialAction":[{"@type":"ReadAction","target":["https:\/\/rioonwatch.org.br\/?p=28571"]}]},{"@type":"ImageObject","inLanguage":"pt-BR","@id":"https:\/\/rioonwatch.org.br\/?p=28571#primaryimage","url":"https:\/\/rioonwatch.org.br\/wp-content\/uploads\/2017\/09\/RP4.jpg","contentUrl":"https:\/\/rioonwatch.org.br\/wp-content\/uploads\/2017\/09\/RP4.jpg","width":1440,"height":810},{"@type":"BreadcrumbList","@id":"https:\/\/rioonwatch.org.br\/?p=28571#breadcrumb","itemListElement":[{"@type":"ListItem","position":1,"name":"In\u00edcio","item":"https:\/\/rioonwatch.org.br\/"},{"@type":"ListItem","position":2,"name":"Integrantes do Conselho Popular Entregam Of\u00edcio com Contribui\u00e7\u00f5es ao Plano Estrat\u00e9gico do Crivella"}]},{"@type":"WebSite","@id":"https:\/\/rioonwatch.org.br\/#website","url":"https:\/\/rioonwatch.org.br\/","name":"RioOnWatch","description":"relatos das favelas cariocas","publisher":{"@id":"https:\/\/rioonwatch.org.br\/#organization"},"potentialAction":[{"@type":"SearchAction","target":{"@type":"EntryPoint","urlTemplate":"https:\/\/rioonwatch.org.br\/?s={search_term_string}"},"query-input":{"@type":"PropertyValueSpecification","valueRequired":true,"valueName":"search_term_string"}}],"inLanguage":"pt-BR"},{"@type":"Organization","@id":"https:\/\/rioonwatch.org.br\/#organization","name":"RioOnWatch","url":"https:\/\/rioonwatch.org.br\/","logo":{"@type":"ImageObject","inLanguage":"pt-BR","@id":"https:\/\/rioonwatch.org.br\/#\/schema\/logo\/image\/","url":"https:\/\/rioonwatch.org.br\/wp-content\/uploads\/2021\/06\/RioOnWatchcabecalhoPT11anos-2.png","contentUrl":"https:\/\/rioonwatch.org.br\/wp-content\/uploads\/2021\/06\/RioOnWatchcabecalhoPT11anos-2.png","width":779,"height":277,"caption":"RioOnWatch"},"image":{"@id":"https:\/\/rioonwatch.org.br\/#\/schema\/logo\/image\/"}},{"@type":"Person","@id":"https:\/\/rioonwatch.org.br\/#\/schema\/person\/f443c6b55bb6e80842280318076491c5","name":"Luisa Fenizola","image":{"@type":"ImageObject","inLanguage":"pt-BR","@id":"https:\/\/rioonwatch.org.br\/#\/schema\/person\/image\/","url":"https:\/\/secure.gravatar.com\/avatar\/a3d551110162b9f876cbbdaaecf75663?s=96&d=blank&r=g","contentUrl":"https:\/\/secure.gravatar.com\/avatar\/a3d551110162b9f876cbbdaaecf75663?s=96&d=blank&r=g","caption":"Luisa Fenizola"},"url":"https:\/\/rioonwatch.org.br\/?author=152"}]}},"_links":{"self":[{"href":"https:\/\/rioonwatch.org.br\/index.php?rest_route=\/wp\/v2\/posts\/28571"}],"collection":[{"href":"https:\/\/rioonwatch.org.br\/index.php?rest_route=\/wp\/v2\/posts"}],"about":[{"href":"https:\/\/rioonwatch.org.br\/index.php?rest_route=\/wp\/v2\/types\/post"}],"author":[{"embeddable":true,"href":"https:\/\/rioonwatch.org.br\/index.php?rest_route=\/wp\/v2\/users\/152"}],"replies":[{"embeddable":true,"href":"https:\/\/rioonwatch.org.br\/index.php?rest_route=%2Fwp%2Fv2%2Fcomments&post=28571"}],"version-history":[{"count":16,"href":"https:\/\/rioonwatch.org.br\/index.php?rest_route=\/wp\/v2\/posts\/28571\/revisions"}],"predecessor-version":[{"id":28718,"href":"https:\/\/rioonwatch.org.br\/index.php?rest_route=\/wp\/v2\/posts\/28571\/revisions\/28718"}],"wp:featuredmedia":[{"embeddable":true,"href":"https:\/\/rioonwatch.org.br\/index.php?rest_route=\/wp\/v2\/media\/28574"}],"wp:attachment":[{"href":"https:\/\/rioonwatch.org.br\/index.php?rest_route=%2Fwp%2Fv2%2Fmedia&parent=28571"}],"wp:term":[{"taxonomy":"category","embeddable":true,"href":"https:\/\/rioonwatch.org.br\/index.php?rest_route=%2Fwp%2Fv2%2Fcategories&post=28571"},{"taxonomy":"post_tag","embeddable":true,"href":"https:\/\/rioonwatch.org.br\/index.php?rest_route=%2Fwp%2Fv2%2Ftags&post=28571"},{"taxonomy":"writer","embeddable":true,"href":"https:\/\/rioonwatch.org.br\/index.php?rest_route=%2Fwp%2Fv2%2Fwriter&post=28571"},{"taxonomy":"translator","embeddable":true,"href":"https:\/\/rioonwatch.org.br\/index.php?rest_route=%2Fwp%2Fv2%2Ftranslator&post=28571"},{"taxonomy":"source","embeddable":true,"href":"https:\/\/rioonwatch.org.br\/index.php?rest_route=%2Fwp%2Fv2%2Fsource&post=28571"},{"taxonomy":"ilustrador","embeddable":true,"href":"https:\/\/rioonwatch.org.br\/index.php?rest_route=%2Fwp%2Fv2%2Filustrador&post=28571"},{"taxonomy":"fotografo","embeddable":true,"href":"https:\/\/rioonwatch.org.br\/index.php?rest_route=%2Fwp%2Fv2%2Ffotografo&post=28571"}],"curies":[{"name":"wp","href":"https:\/\/api.w.org\/{rel}","templated":true}]}}