{"id":28645,"date":"2017-10-03T16:06:21","date_gmt":"2017-10-03T19:06:21","guid":{"rendered":"http:\/\/rioonwatch.org.br\/?p=28645"},"modified":"2017-10-06T09:13:46","modified_gmt":"2017-10-06T12:13:46","slug":"militares-dao-30-dias-para-comunidade-na-ilha-do-governador-destruir-suas-casas-e-partir","status":"publish","type":"post","link":"https:\/\/rioonwatch.org.br\/?p=28645","title":{"rendered":"Militares D\u00e3o 30 Dias Para Maracaj\u00e1s na Ilha do Governador Destruir Suas Casas e Partir"},"content":{"rendered":"<p style=\"text-align: right;\"><em><strong><a href=\"http:\/\/bit.ly\/2fH5DSd\" target=\"_blank\" rel=\"noopener noreferrer\">Click Here for English<img decoding=\"async\" width=\"20\" height=\"20\" class=\"alignright wp-image-15790\" src=\"http:\/\/rioonwatch.org.br\/wp-content\/uploads\/2012\/08\/EN-standard-e1439583104716.jpg\" alt=\"\" \/><\/a><\/strong><\/em><\/p>\n<h4><b>No s\u00e1bado passado, enquanto uma chuva fina caia sobre a cidade do Rio de Janeiro, as <a href=\"http:\/\/bit.ly\/2xeWINS\" target=\"_blank\" rel=\"noopener\">fam\u00edlias que moram na Estrada de Maracaj\u00e1s<\/a> no Gale\u00e3o, na <\/b><a href=\"http:\/\/bit.ly\/2fMaODR\" target=\"_blank\" rel=\"noopener\"><b>Ilha do Governador<\/b><\/a><b>,<\/b><b> encontraram-se para contar as suas hist\u00f3rias e organizar uma marcha de resist\u00eancia. A sua hist\u00f3ria dolorosa \u00e9 de perseveran\u00e7a, apesar de uma tremenda press\u00e3o externa; press\u00e3o que tem se tornado <\/b><a href=\"http:\/\/bit.ly\/X51Qvb\" target=\"_blank\" rel=\"noopener\"><b>bem conhecida<\/b><\/a><b> nas comunidades em todo o Rio. No dia 18 de setembro, elas foram informadas pela Aeron\u00e1utica (que tem uma base nas proximidades) que teriam 30 dias para destruir as casas que constru\u00edram durante d\u00e9cadas e deixar a terra completamente vazia. Restando cerca de duas semanas, as fam\u00edlias est\u00e3o se organizando, unidas em uma tentativa de salvar tudo pelo qual trabalharam. Esta mat\u00e9ria tenta retratar uma fra\u00e7\u00e3o desta hist\u00f3ria e documentar as vidas e os espa\u00e7os f\u00edsicos que est\u00e3o penduradas na balan\u00e7a.<\/b><\/h4>\n<p><span style=\"font-weight: 400;\">A \u00e1rea dentro e ao redor da base militar tem muitas cercas e muros de concreto. Quando a base foi constru\u00edda em 1945, os bairros foram divididos arbitrariamente e as casas foram destru\u00eddas. Uma comunidade na \u00e1rea, R\u00e1dio Sonda, n\u00e3o \u00e9 encontrada no Google Maps porque na realidade foi cortada do bairro do qual fazia parte. V\u00e1rias reivindica\u00e7\u00f5es de terras pelos militares t\u00eam confundido as condi\u00e7\u00f5es legais das diferentes \u00e1reas e agora s\u00e3o a base de processos legais altamente question\u00e1veis. Na R\u00e1dio Sonda, <\/span><a href=\"http:\/\/bit.ly\/2g6hLws\"><span style=\"font-weight: 400;\">os restos das casas destru\u00eddas em 2015<\/span><\/a><span style=\"font-weight: 400;\">&#8212;<\/span><span style=\"font-weight: 400;\">uma destru\u00edda pela pr\u00f3pria pessoa que a construiu&#8211;ainda continuam em ru\u00ednas sem qualquer a\u00e7\u00e3o do governo que exigiu a sua destrui\u00e7\u00e3o. Elas servem como um lembrete sinistro do que pode acontecer.<\/span><\/p>\n<p><a href=\"http:\/\/rioonwatch.org.br\/wp-content\/uploads\/2017\/10\/IMG_2004.jpg\"><img fetchpriority=\"high\" decoding=\"async\" class=\"aligncenter wp-image-28650 size-medium\" title=\"Local da casa na R\u00e1dio Sonda que foi destru\u00eddo pelo propriet\u00e1rio ap\u00f3s a intimida\u00e7\u00e3o dos militares. Foto de Tyler Strobl\" src=\"http:\/\/rioonwatch.org.br\/wp-content\/uploads\/2017\/10\/IMG_2004-620x465.jpg\" alt=\"\" width=\"620\" height=\"465\" srcset=\"https:\/\/rioonwatch.org.br\/wp-content\/uploads\/2017\/10\/IMG_2004-620x465.jpg 620w, https:\/\/rioonwatch.org.br\/wp-content\/uploads\/2017\/10\/IMG_2004-352x264.jpg 352w, https:\/\/rioonwatch.org.br\/wp-content\/uploads\/2017\/10\/IMG_2004-768x576.jpg 768w, https:\/\/rioonwatch.org.br\/wp-content\/uploads\/2017\/10\/IMG_2004-1024x768.jpg 1024w, https:\/\/rioonwatch.org.br\/wp-content\/uploads\/2017\/10\/IMG_2004-174x131.jpg 174w, https:\/\/rioonwatch.org.br\/wp-content\/uploads\/2017\/10\/IMG_2004-300x225.jpg 300w, https:\/\/rioonwatch.org.br\/wp-content\/uploads\/2017\/10\/IMG_2004-70x53.jpg 70w\" sizes=\"(max-width: 620px) 100vw, 620px\" \/><\/a><\/p>\n<p><span style=\"font-weight: 400;\">De fato, em 2015, as quase 20 fam\u00edlias da Estrada de Maracaj\u00e1s tamb\u00e9m foram ordenadas a sair. Felizmente, um morador notou que os mensageiros militares estavam apresentando um documento falso, e os soldados partiram. As fam\u00edlias estavam seguras at\u00e9 um pouco antes do Natal de 2016, quando desta vez vieram mais soldados, mais armas.\u00a0<\/span><a href=\"http:\/\/bit.ly\/1CxOPUV\" target=\"_blank\" rel=\"noopener\"><span style=\"font-weight: 400;\">Intimida\u00e7\u00e3o<\/span><\/a><span style=\"font-weight: 400;\"> \u00e9 um tra\u00e7o comum nas suas hist\u00f3rias. Mais uma vez, documentos err\u00f4neos atrasaram o processo, mas a reivindica\u00e7\u00e3o da terra pelos militares foi finalmente aprovada por um juiz em mar\u00e7o de 2017. Agora, ap\u00f3s uma breve suspens\u00e3o, a ordem de remo\u00e7\u00e3o est\u00e1 na mesa novamente. A contagem regressiva come\u00e7ou. As fam\u00edlias que viveram na \u00e1rea durante d\u00e9cadas, muito antes da base militar existir, agora est\u00e3o enfrentando a decis\u00e3o de desfazer pessoalmente as vidas que criaram ou unirem-se e resistir. Face \u00e0 press\u00e3o do governo e a intimida\u00e7\u00e3o militar, escolheram a \u00faltima op\u00e7\u00e3o<\/span>.<\/p>\n<p><span style=\"font-weight: 400;\">\u201cFam\u00edlias se acabam por causa disso. \u00c9 muito injusto o governo falar que a terra \u00e9 dele, sendo que a terra \u00e9 do povo. O governo acha que tem uma legitimidade que n\u00e3o \u00e9 t\u00e3o leg\u00edtima. As pessoas constru\u00edram, deram a vida delas para essas resid\u00eancias. Voc\u00ea pode at\u00e9 ver que elas nem est\u00e3o acabadas, porque realmente s\u00e3o fam\u00edlias humildes, que n\u00e3o t\u00eam para onde ir, n\u00e3o t\u00eam recursos nem para pagar o aluguel de algum im\u00f3vel\u201d, falou um l\u00edder da resist\u00eancia, Anderson dos Santos Pereira, cujos pais moram na \u00e1rea em quest\u00e3o.<\/span><\/p>\n<p><span style=\"font-weight: 400;\">As casas s\u00e3o lindas e as melhorias que os moradores t\u00eam feito vagarosamente ao longo do tempo est\u00e3o\u00a0<\/span><a href=\"http:\/\/bit.ly\/2r3YvFW\" target=\"_blank\" rel=\"noopener\"><span style=\"font-weight: 400;\">vis\u00edveis nas constru\u00e7\u00f5es<\/span><\/a><span style=\"font-weight: 400;\">. Muitas fam\u00edlias est\u00e3o na \u00e1rea h\u00e1 tr\u00eas ou quatro gera\u00e7\u00f5es. H\u00e1 filhos, filhas, m\u00e3es, pais, e av\u00f3s, com 18 a 93 anos de idade. \u201c<\/span><span style=\"font-weight: 400;\">Meu marido j\u00e1 est\u00e1 com 53 anos, nasceu aqui. Minhas filhas nasceram aqui. J\u00e1 estamos na terceira gera\u00e7\u00e3o. Fizemos nossa vida aqui. O pai da minha sogra ajudou construir at\u00e9 a ponte da ilha. S\u00e3o muitos anos de luta, muitos anos de moradia de todos aqui<\/span><span style=\"font-weight: 400;\">\u201d, refletiu Dea Maria Silva.<\/span><\/p>\n<p><a href=\"http:\/\/rioonwatch.org.br\/wp-content\/uploads\/2017\/10\/IMG_1930.jpg\"><img decoding=\"async\" class=\"aligncenter wp-image-28652 size-medium\" title=\"Dea Maria Silva, 54. Foto de Tyler Strobl\" src=\"http:\/\/rioonwatch.org.br\/wp-content\/uploads\/2017\/10\/IMG_1930-620x465.jpg\" alt=\"\" width=\"620\" height=\"465\" srcset=\"https:\/\/rioonwatch.org.br\/wp-content\/uploads\/2017\/10\/IMG_1930-620x465.jpg 620w, https:\/\/rioonwatch.org.br\/wp-content\/uploads\/2017\/10\/IMG_1930-352x264.jpg 352w, https:\/\/rioonwatch.org.br\/wp-content\/uploads\/2017\/10\/IMG_1930-768x576.jpg 768w, https:\/\/rioonwatch.org.br\/wp-content\/uploads\/2017\/10\/IMG_1930-1024x768.jpg 1024w, https:\/\/rioonwatch.org.br\/wp-content\/uploads\/2017\/10\/IMG_1930-174x131.jpg 174w, https:\/\/rioonwatch.org.br\/wp-content\/uploads\/2017\/10\/IMG_1930-300x225.jpg 300w, https:\/\/rioonwatch.org.br\/wp-content\/uploads\/2017\/10\/IMG_1930-70x53.jpg 70w\" sizes=\"(max-width: 620px) 100vw, 620px\" \/><\/a><\/p>\n<p><span style=\"font-weight: 400;\">Juridicamente, o processo de remo\u00e7\u00e3o encontra-se em terreno inst\u00e1vel. Em 2015, na \u00e9poca em que os militares come\u00e7aram a sua tentativa de remover os moradores, o governo finalmente deu endere\u00e7os ao bairro. Antes disso, somente o aeroporto tinha um endere\u00e7o oficial. Ao fazer isso, no entanto, o governo juntou toda a \u00e1rea em lotes com endere\u00e7os ligados aos militares, ignorando o fato de que h\u00e1 terras n\u00e3o militares espalhadas em toda a \u00e1rea.<\/span><\/p>\n<p><span style=\"font-weight: 400;\">Sem <\/span><a href=\"http:\/\/bit.ly\/1rHP7BG\" target=\"_blank\" rel=\"noopener\"><span style=\"font-weight: 400;\">t\u00edtulos de propriedade<\/span><\/a><span style=\"font-weight: 400;\">, a resist\u00eancia tem sido dif\u00edcil. Entretanto, est\u00e1 claro que h\u00e1 <\/span><a href=\"http:\/\/bit.ly\/2gQ5jz4\" target=\"_blank\" rel=\"noopener\"><span style=\"font-weight: 400;\">leis que apoiam o processo dos moradores para permanecer<\/span><\/a><span style=\"font-weight: 400;\">. As Cl\u00e1usulas 22-25 do Artigo 5 da Constitui\u00e7\u00e3o declaram que os benef\u00edcios e as desvantagens da urbaniza\u00e7\u00e3o devem ser distribu\u00eddos de maneira justa e que a pol\u00edtica urbana deve promover o interesse p\u00fablico. As leis permitem que o governo tome a terra por \u201cnecessidade ou utilidade p\u00fablica\u201d, ou interesse social, mas somente se uma <\/span><a href=\"http:\/\/bit.ly\/2g8nFxi\" target=\"_blank\" rel=\"noopener\"><span style=\"font-weight: 400;\">quantia justa de dinheiro for dada em troca<\/span><\/a><span style=\"font-weight: 400;\">. Os moradores observaram que n\u00e3o lhes foi oferecida qualquer compensa\u00e7\u00e3o pela sua terra, e que na realidade, os planos para a terra podem nem ser para fins p\u00fablicos. Parece que o hospital particular Rede D\u2019Or tem <\/span><a href=\"http:\/\/bit.ly\/2fGOImg\"><span style=\"font-weight: 400;\">mostrado interesse<\/span><\/a><span style=\"font-weight: 400;\">\u00a0na terra. Se confirmado, seria mais um caso de interesses privados usando os \u00f3rg\u00e3os p\u00fablicos para intimidar e remover moradores que n\u00e3o somente t\u00eam o direito sobre a sua terra, mas tamb\u00e9m a um processo legal justo e aberto.<\/span><\/p>\n<p><span style=\"font-weight: 400;\">&#8220;Eu n\u00e3o acho justo <a href=\"http:\/\/bit.ly\/2u24s97\" target=\"_blank\" rel=\"noopener\">tirar os moradores com mais de 70 anos, 80 anos<\/a>\u00a0daqui, pra dar para um \u00f3rg\u00e3o particular. N\u00e3o \u00e9 pra uso deles. N\u00e3o \u00e9 para o governo&#8221;, Dea afirmou.<\/span><\/p>\n<p><a href=\"http:\/\/bit.ly\/2gQ5jz4\" target=\"_blank\" rel=\"noopener\"><span style=\"font-weight: 400;\">A Lei Org\u00e2nica<\/span><\/a><span style=\"font-weight: 400;\"> do Rio de Janeiro, promulgada em 1990, oferece bases adicionais de apoio aos moradores. O Artigo 12 declara que crian\u00e7as e idosos devem ter direito \u00e0 habita\u00e7\u00e3o, alimenta\u00e7\u00e3o, dignidade, fam\u00edlia e vida em comunidade. Mais notadamente, no entanto, \u00e9 o Artigo 429, que declara que os moradores das favelas n\u00e3o podem ser removidos legalmente a n\u00e3o ser que haja um <\/span><a href=\"http:\/\/bit.ly\/RiscoFavelas\" target=\"_blank\" rel=\"noopener\"><span style=\"font-weight: 400;\">risco f\u00edsico direto<\/span><\/a><span style=\"font-weight: 400;\">. Mesmo no caso de risco f\u00edsico direto, garante-se aos moradores ajuda t\u00e9cnica nas negocia\u00e7\u00f5es e participa\u00e7\u00e3o total das partes interessadas. N\u00e3o h\u00e1 evid\u00eancia que os moradores de Maracaj\u00e1s morem ou criem uma \u00e1rea de risco, e qualquer ajuda ou comunica\u00e7\u00e3o aberta simplesmente foram negadas a eles.<\/span><\/p>\n<p><span style=\"font-weight: 400;\">&#8220;J\u00e1 moramos aqui h\u00e1 muitos anos. Minha m\u00e3e j\u00e1 morava. A gente fica triste por perder as coisas tidas com tanto sacrif\u00edcio. Tem muita gente idosa. N\u00e3o d\u00e1! Pra onde a gente vai, me diz? Morar embaixo da ponte? N\u00e3o \u00e9 justo&#8221;, lamentou Ana Maria Albano Abra\u00e3o.<\/span><\/p>\n<p><span style=\"font-weight: 400;\">Moradores tamb\u00e9m expressaram que atrav\u00e9s das d\u00e9cadas, as suas fam\u00edlias receberam permiss\u00e3o verbal e escrita para morar nas suas casas, inclusive depoimentos assinados permitindo a instala\u00e7\u00e3o de energia el\u00e9trica nas casas. \u201c<\/span><span style=\"font-weight: 400;\">Meu pai era funcion\u00e1rio do Aeron\u00e1utica. Ele falou com a prefeitura e conseguiu uma casa no Gale\u00e3o. Fomos criados aqui. <a href=\"http:\/\/bit.ly\/2g8h6KP\" target=\"_blank\" rel=\"noopener\">N\u00f3s n\u00e3o invadimos<\/a>, foi permitido. E eles nunca chamaram a gente para conversar. A gente tem que sair, mas por que? Quase todos nasceram aqui&#8221;,\u00a0falou Teresinha Parecida Nascimento.<\/span><\/p>\n<p><a href=\"http:\/\/rioonwatch.org.br\/wp-content\/uploads\/2017\/10\/IMG_1939.jpg\"><img loading=\"lazy\" decoding=\"async\" class=\"aligncenter wp-image-28653 size-medium\" title=\"Teresinha Parecida Nascimento, 67, na sua casa. Foto por Tyler Strobl\" src=\"http:\/\/rioonwatch.org.br\/wp-content\/uploads\/2017\/10\/IMG_1939-620x465.jpg\" alt=\"\" width=\"620\" height=\"465\" srcset=\"https:\/\/rioonwatch.org.br\/wp-content\/uploads\/2017\/10\/IMG_1939-620x465.jpg 620w, https:\/\/rioonwatch.org.br\/wp-content\/uploads\/2017\/10\/IMG_1939-352x264.jpg 352w, https:\/\/rioonwatch.org.br\/wp-content\/uploads\/2017\/10\/IMG_1939-768x576.jpg 768w, https:\/\/rioonwatch.org.br\/wp-content\/uploads\/2017\/10\/IMG_1939-1024x768.jpg 1024w, https:\/\/rioonwatch.org.br\/wp-content\/uploads\/2017\/10\/IMG_1939-174x131.jpg 174w, https:\/\/rioonwatch.org.br\/wp-content\/uploads\/2017\/10\/IMG_1939-300x225.jpg 300w, https:\/\/rioonwatch.org.br\/wp-content\/uploads\/2017\/10\/IMG_1939-70x53.jpg 70w\" sizes=\"(max-width: 620px) 100vw, 620px\" \/><\/a><\/p>\n<p><span style=\"font-weight: 400;\">Ao juntar as pe\u00e7as do quebra-cabe\u00e7a, esta hist\u00f3ria \u00e9 um exemplo perigoso do que a prefeitura e os militares s\u00e3o capazes de fazer por um interesse privado. Os moradores n\u00e3o t\u00eam sido informados apropriadamente sobre o caso. As suas queixas atrav\u00e9s dos canais governamentais corretos foram todas recebidas com apatia, o que n\u00e3o \u00e9 apenas frustrante, mas provavelmente ilegal. A medida em que a prefeitura revela e divulga o seu novo <\/span><a href=\"http:\/\/bit.ly\/2tPJMzV\" target=\"_blank\" rel=\"noopener\"><span style=\"font-weight: 400;\">Plano Estrat\u00e9gico<\/span><\/a><span style=\"font-weight: 400;\">, a realidade da atitude do governo para com os direitos dos cidad\u00e3os est\u00e1 sendo vista nas comunidades em toda a regi\u00e3o.\u00a0<\/span><span style=\"font-weight: 400;\">&#8220;O governo tem planos, estrat\u00e9gia de moradia, o <a href=\"http:\/\/bit.ly\/1g73xCv\" target=\"_blank\" rel=\"noopener\">direito de moradia<\/a> das pessoas. Por\u00e9m, as pessoas t\u00eam suas moradias aqui e est\u00e3o querendo tirar as pessoas das suas moradias. Ningu\u00e9m invadiu. Ningu\u00e9m invadiu nada&#8221;,\u00a0refletiu Edivalma Souza<\/span><\/p>\n<p><span style=\"font-weight: 400;\">A press\u00e3o constante do governo e a intimida\u00e7\u00e3o dos militares <\/span><a href=\"http:\/\/bit.ly\/2u24s97\" target=\"_blank\" rel=\"noopener\"><span style=\"font-weight: 400;\">t\u00eam sido estressante<\/span><\/a><span style=\"font-weight: 400;\"> para os moradores de Maracaj\u00e1s. Muitos s\u00e3o idosos, alguns doentes. O comportamento dos funcion\u00e1rios e organiza\u00e7\u00f5es do governo n\u00e3o \u00e9 apenas ilegal, mas claramente desumano. As autoridades p\u00fablicas respons\u00e1veis por este caso devem acatar a lei nacional, estadual e municipal; os moradores expressaram a sua esperan\u00e7a que o juiz descarte a ordem de retomada ap\u00f3s considera\u00e7\u00e3o \u00e0 Constitui\u00e7\u00e3o. At\u00e9 l\u00e1, os moradores de Maracaj\u00e1s e da \u00e1rea ao redor continuar\u00e3o a perseverar enfrentando as grandes dificuldades, como sempre fizeram. <\/span><\/p>\n<h4><span style=\"font-weight: 400;\">Moradores ir\u00e3o protestar contra as ordens de remo\u00e7\u00e3o amanh\u00e3, quarta-feira, 4 de outubro \u00e0s 14 horas, come\u00e7ando na Estrada de Macaraj\u00e1. Os apoiadores e a m\u00eddia s\u00e3o bem-vindos. <\/span><\/h4>\n<h3>Mostre seu apoio curtindo a nova p\u00e1gina da comunidade <a href=\"http:\/\/bit.ly\/2xeWINS\" target=\"_blank\" rel=\"noopener\">no Facebook aqui<\/a>.<\/h3>\n<h3>Veja slideshow da Estrada de Macaraj\u00e1s abaixo ou <a href=\"http:\/\/bit.ly\/2yTDsYo\" target=\"_blank\" rel=\"noopener\">no Flickr<\/a>:<\/h3>\n<h3><a title=\"Maracaj\u00e1s Road Residents\" href=\"https:\/\/www.flickr.com\/photos\/catcomm\/albums\/72157661060041028\" data-flickr-embed=\"true\"><img loading=\"lazy\" decoding=\"async\" class=\"aligncenter\" src=\"https:\/\/farm5.staticflickr.com\/4509\/36769839543_3bc12912f6_z.jpg\" alt=\"Maracaj\u00e1s Road Residents\" width=\"640\" height=\"480\" \/><\/a><script async src=\"\/\/embedr.flickr.com\/assets\/client-code.js\" charset=\"utf-8\"><\/script><\/h3>\n<!-- AddThis Advanced Settings generic via filter on the_content --><!-- AddThis Share Buttons generic via filter on the_content -->","protected":false},"excerpt":{"rendered":"<div class=\"mh-excerpt\"><p>Click Here for English No s\u00e1bado passado, enquanto uma chuva fina caia sobre a cidade do Rio de Janeiro, as fam\u00edlias que moram na Estrada de Maracaj\u00e1s no Gale\u00e3o, na Ilha do Governador, encontraram-se para <a class=\"mh-excerpt-more\" href=\"https:\/\/rioonwatch.org.br\/?p=28645\" title=\"Militares D\u00e3o 30 Dias Para Maracaj\u00e1s na Ilha do Governador Destruir Suas Casas e Partir\">[&#8230;]<\/a><!-- AddThis Advanced Settings generic via filter on get_the_excerpt --><!-- AddThis Share Buttons generic via filter on get_the_excerpt --><\/p>\n<\/div>","protected":false},"author":129,"featured_media":28647,"comment_status":"closed","ping_status":"closed","sticky":false,"template":"","format":"standard","meta":{"_acf_changed":false,"_monsterinsights_skip_tracking":false,"_monsterinsights_sitenote_active":false,"_monsterinsights_sitenote_note":"","_monsterinsights_sitenote_category":0,"footnotes":""},"categories":[1614,1621,346,1626,1633],"tags":[2223,1057,424,396,2219,278,2224,1037,358,763,2217,14,432,218],"writer":[2133],"translator":[1875],"source":[],"ilustrador":[],"fotografo":[],"class_list":{"0":"post-28645","1":"post","2":"type-post","3":"status-publish","4":"format-standard","5":"has-post-thumbnail","7":"category-olhonasremocoes","8":"category-destaque","9":"category-denuncias","10":"category-por-observadores-internacionais","11":"category-foto-reportagens","12":"tag-aeronautica","13":"tag-consequencias-das-remocoes-saude","14":"tag-direito-a-moradia","15":"tag-especulacao-imobiliaria","16":"tag-ilha-do-governador","17":"tag-intimidacao","18":"tag-maracajas","19":"tag-moradia","20":"tag-organizacao-comunitaria","21":"tag-protesto","22":"tag-radio-sonda","23":"tag-remocao","24":"tag-resistencia","25":"tag-zona-norte","26":"writer-tyler-strobl","27":"translator-marina-hennies"},"acf":[],"yoast_head":"<!-- This site is optimized with the Yoast SEO plugin v25.6 - https:\/\/yoast.com\/wordpress\/plugins\/seo\/ -->\n<title>Militares D\u00e3o 30 Dias Para Maracaj\u00e1s na Ilha do Governador Destruir Suas Casas e Partir - RioOnWatch<\/title>\n<meta name=\"robots\" content=\"index, follow, max-snippet:-1, max-image-preview:large, max-video-preview:-1\" \/>\n<link rel=\"canonical\" href=\"https:\/\/rioonwatch.org.br\/?p=28645\" \/>\n<meta property=\"og:locale\" content=\"pt_BR\" \/>\n<meta property=\"og:type\" content=\"article\" \/>\n<meta property=\"og:title\" content=\"Militares D\u00e3o 30 Dias Para Maracaj\u00e1s na Ilha do Governador Destruir Suas Casas e Partir - RioOnWatch\" \/>\n<meta property=\"og:description\" content=\"Click Here for English No s\u00e1bado passado, enquanto uma chuva fina caia sobre a cidade do Rio de Janeiro, as fam\u00edlias que moram na Estrada de Maracaj\u00e1s no Gale\u00e3o, na Ilha do Governador, encontraram-se para [...]\" \/>\n<meta property=\"og:url\" content=\"https:\/\/rioonwatch.org.br\/?p=28645\" \/>\n<meta property=\"og:site_name\" content=\"RioOnWatch\" \/>\n<meta property=\"article:published_time\" content=\"2017-10-03T19:06:21+00:00\" \/>\n<meta property=\"article:modified_time\" content=\"2017-10-06T12:13:46+00:00\" \/>\n<meta property=\"og:image\" content=\"https:\/\/rioonwatch.org.br\/wp-content\/uploads\/2017\/10\/Os-moradores-da-Estrada-dos-Maracaj\u00e1s-se-juntam-para-compartilhar-suas-hist\u00f3rias-e-se-organizar-contra-despejo.-Foto-de-Tyler-Strobl-scaled.jpg\" \/>\n\t<meta property=\"og:image:width\" content=\"2560\" \/>\n\t<meta property=\"og:image:height\" content=\"1604\" \/>\n\t<meta property=\"og:image:type\" content=\"image\/jpeg\" \/>\n<meta name=\"author\" content=\"Admin\" \/>\n<meta name=\"twitter:card\" content=\"summary_large_image\" \/>\n<meta name=\"twitter:label1\" content=\"Escrito por\" \/>\n\t<meta name=\"twitter:data1\" content=\"Admin\" \/>\n\t<meta name=\"twitter:label2\" content=\"Est. tempo de leitura\" \/>\n\t<meta name=\"twitter:data2\" content=\"8 minutos\" \/>\n<script type=\"application\/ld+json\" class=\"yoast-schema-graph\">{\"@context\":\"https:\/\/schema.org\",\"@graph\":[{\"@type\":\"Article\",\"@id\":\"https:\/\/rioonwatch.org.br\/?p=28645#article\",\"isPartOf\":{\"@id\":\"https:\/\/rioonwatch.org.br\/?p=28645\"},\"author\":{\"name\":\"Admin\",\"@id\":\"https:\/\/rioonwatch.org.br\/#\/schema\/person\/11d64c290506f9df50c71b850c473f68\"},\"headline\":\"Militares D\u00e3o 30 Dias Para Maracaj\u00e1s na Ilha do Governador Destruir Suas Casas e Partir\",\"datePublished\":\"2017-10-03T19:06:21+00:00\",\"dateModified\":\"2017-10-06T12:13:46+00:00\",\"mainEntityOfPage\":{\"@id\":\"https:\/\/rioonwatch.org.br\/?p=28645\"},\"wordCount\":1556,\"publisher\":{\"@id\":\"https:\/\/rioonwatch.org.br\/#organization\"},\"image\":{\"@id\":\"https:\/\/rioonwatch.org.br\/?p=28645#primaryimage\"},\"thumbnailUrl\":\"https:\/\/rioonwatch.org.br\/wp-content\/uploads\/2017\/10\/Os-moradores-da-Estrada-dos-Maracaj\u00e1s-se-juntam-para-compartilhar-suas-hist\u00f3rias-e-se-organizar-contra-despejo.-Foto-de-Tyler-Strobl-scaled.jpg\",\"keywords\":[\"Aeron\u00e1utica\",\"Consequ\u00eancias das remo\u00e7\u00f5es: sa\u00fade\",\"Direito \u00e0 Moradia\",\"especula\u00e7\u00e3o imobili\u00e1ria\",\"Ilha do Governador\",\"intimida\u00e7\u00e3o\",\"Maracaj\u00e1s\",\"moradia\",\"organiza\u00e7\u00e3o comunit\u00e1ria\",\"protesto\",\"R\u00e1dio Sonda\",\"Remo\u00e7\u00e3o\",\"resist\u00eancia\",\"Zona Norte\"],\"articleSection\":[\"#OlhoNasRemo\u00e7\u00f5es\",\"*Destaque\",\"Den\u00fancias\",\"Escrito por Aliados\",\"Fotorreportagens\"],\"inLanguage\":\"pt-BR\"},{\"@type\":\"WebPage\",\"@id\":\"https:\/\/rioonwatch.org.br\/?p=28645\",\"url\":\"https:\/\/rioonwatch.org.br\/?p=28645\",\"name\":\"Militares D\u00e3o 30 Dias Para Maracaj\u00e1s na Ilha do Governador Destruir Suas Casas e Partir - RioOnWatch\",\"isPartOf\":{\"@id\":\"https:\/\/rioonwatch.org.br\/#website\"},\"primaryImageOfPage\":{\"@id\":\"https:\/\/rioonwatch.org.br\/?p=28645#primaryimage\"},\"image\":{\"@id\":\"https:\/\/rioonwatch.org.br\/?p=28645#primaryimage\"},\"thumbnailUrl\":\"https:\/\/rioonwatch.org.br\/wp-content\/uploads\/2017\/10\/Os-moradores-da-Estrada-dos-Maracaj\u00e1s-se-juntam-para-compartilhar-suas-hist\u00f3rias-e-se-organizar-contra-despejo.-Foto-de-Tyler-Strobl-scaled.jpg\",\"datePublished\":\"2017-10-03T19:06:21+00:00\",\"dateModified\":\"2017-10-06T12:13:46+00:00\",\"breadcrumb\":{\"@id\":\"https:\/\/rioonwatch.org.br\/?p=28645#breadcrumb\"},\"inLanguage\":\"pt-BR\",\"potentialAction\":[{\"@type\":\"ReadAction\",\"target\":[\"https:\/\/rioonwatch.org.br\/?p=28645\"]}]},{\"@type\":\"ImageObject\",\"inLanguage\":\"pt-BR\",\"@id\":\"https:\/\/rioonwatch.org.br\/?p=28645#primaryimage\",\"url\":\"https:\/\/rioonwatch.org.br\/wp-content\/uploads\/2017\/10\/Os-moradores-da-Estrada-dos-Maracaj\u00e1s-se-juntam-para-compartilhar-suas-hist\u00f3rias-e-se-organizar-contra-despejo.-Foto-de-Tyler-Strobl-scaled.jpg\",\"contentUrl\":\"https:\/\/rioonwatch.org.br\/wp-content\/uploads\/2017\/10\/Os-moradores-da-Estrada-dos-Maracaj\u00e1s-se-juntam-para-compartilhar-suas-hist\u00f3rias-e-se-organizar-contra-despejo.-Foto-de-Tyler-Strobl-scaled.jpg\",\"width\":2560,\"height\":1604},{\"@type\":\"BreadcrumbList\",\"@id\":\"https:\/\/rioonwatch.org.br\/?p=28645#breadcrumb\",\"itemListElement\":[{\"@type\":\"ListItem\",\"position\":1,\"name\":\"In\u00edcio\",\"item\":\"https:\/\/rioonwatch.org.br\/\"},{\"@type\":\"ListItem\",\"position\":2,\"name\":\"Militares D\u00e3o 30 Dias Para Maracaj\u00e1s na Ilha do Governador Destruir Suas Casas e Partir\"}]},{\"@type\":\"WebSite\",\"@id\":\"https:\/\/rioonwatch.org.br\/#website\",\"url\":\"https:\/\/rioonwatch.org.br\/\",\"name\":\"RioOnWatch\",\"description\":\"relatos das favelas cariocas\",\"publisher\":{\"@id\":\"https:\/\/rioonwatch.org.br\/#organization\"},\"potentialAction\":[{\"@type\":\"SearchAction\",\"target\":{\"@type\":\"EntryPoint\",\"urlTemplate\":\"https:\/\/rioonwatch.org.br\/?s={search_term_string}\"},\"query-input\":{\"@type\":\"PropertyValueSpecification\",\"valueRequired\":true,\"valueName\":\"search_term_string\"}}],\"inLanguage\":\"pt-BR\"},{\"@type\":\"Organization\",\"@id\":\"https:\/\/rioonwatch.org.br\/#organization\",\"name\":\"RioOnWatch\",\"url\":\"https:\/\/rioonwatch.org.br\/\",\"logo\":{\"@type\":\"ImageObject\",\"inLanguage\":\"pt-BR\",\"@id\":\"https:\/\/rioonwatch.org.br\/#\/schema\/logo\/image\/\",\"url\":\"https:\/\/rioonwatch.org.br\/wp-content\/uploads\/2021\/06\/RioOnWatchcabecalhoPT11anos-2.png\",\"contentUrl\":\"https:\/\/rioonwatch.org.br\/wp-content\/uploads\/2021\/06\/RioOnWatchcabecalhoPT11anos-2.png\",\"width\":779,\"height\":277,\"caption\":\"RioOnWatch\"},\"image\":{\"@id\":\"https:\/\/rioonwatch.org.br\/#\/schema\/logo\/image\/\"}},{\"@type\":\"Person\",\"@id\":\"https:\/\/rioonwatch.org.br\/#\/schema\/person\/11d64c290506f9df50c71b850c473f68\",\"name\":\"Admin\",\"image\":{\"@type\":\"ImageObject\",\"inLanguage\":\"pt-BR\",\"@id\":\"https:\/\/rioonwatch.org.br\/#\/schema\/person\/image\/\",\"url\":\"https:\/\/secure.gravatar.com\/avatar\/56211ac74568383903349a1485e3c325?s=96&d=blank&r=g\",\"contentUrl\":\"https:\/\/secure.gravatar.com\/avatar\/56211ac74568383903349a1485e3c325?s=96&d=blank&r=g\",\"caption\":\"Admin\"},\"url\":\"https:\/\/rioonwatch.org.br\/?author=129\"}]}<\/script>\n<!-- \/ Yoast SEO plugin. -->","yoast_head_json":{"title":"Militares D\u00e3o 30 Dias Para Maracaj\u00e1s na Ilha do Governador Destruir Suas Casas e Partir - RioOnWatch","robots":{"index":"index","follow":"follow","max-snippet":"max-snippet:-1","max-image-preview":"max-image-preview:large","max-video-preview":"max-video-preview:-1"},"canonical":"https:\/\/rioonwatch.org.br\/?p=28645","og_locale":"pt_BR","og_type":"article","og_title":"Militares D\u00e3o 30 Dias Para Maracaj\u00e1s na Ilha do Governador Destruir Suas Casas e Partir - RioOnWatch","og_description":"Click Here for English No s\u00e1bado passado, enquanto uma chuva fina caia sobre a cidade do Rio de Janeiro, as fam\u00edlias que moram na Estrada de Maracaj\u00e1s no Gale\u00e3o, na Ilha do Governador, encontraram-se para [...]","og_url":"https:\/\/rioonwatch.org.br\/?p=28645","og_site_name":"RioOnWatch","article_published_time":"2017-10-03T19:06:21+00:00","article_modified_time":"2017-10-06T12:13:46+00:00","og_image":[{"width":2560,"height":1604,"url":"https:\/\/rioonwatch.org.br\/wp-content\/uploads\/2017\/10\/Os-moradores-da-Estrada-dos-Maracaj\u00e1s-se-juntam-para-compartilhar-suas-hist\u00f3rias-e-se-organizar-contra-despejo.-Foto-de-Tyler-Strobl-scaled.jpg","type":"image\/jpeg"}],"author":"Admin","twitter_card":"summary_large_image","twitter_misc":{"Escrito por":"Admin","Est. tempo de leitura":"8 minutos"},"schema":{"@context":"https:\/\/schema.org","@graph":[{"@type":"Article","@id":"https:\/\/rioonwatch.org.br\/?p=28645#article","isPartOf":{"@id":"https:\/\/rioonwatch.org.br\/?p=28645"},"author":{"name":"Admin","@id":"https:\/\/rioonwatch.org.br\/#\/schema\/person\/11d64c290506f9df50c71b850c473f68"},"headline":"Militares D\u00e3o 30 Dias Para Maracaj\u00e1s na Ilha do Governador Destruir Suas Casas e Partir","datePublished":"2017-10-03T19:06:21+00:00","dateModified":"2017-10-06T12:13:46+00:00","mainEntityOfPage":{"@id":"https:\/\/rioonwatch.org.br\/?p=28645"},"wordCount":1556,"publisher":{"@id":"https:\/\/rioonwatch.org.br\/#organization"},"image":{"@id":"https:\/\/rioonwatch.org.br\/?p=28645#primaryimage"},"thumbnailUrl":"https:\/\/rioonwatch.org.br\/wp-content\/uploads\/2017\/10\/Os-moradores-da-Estrada-dos-Maracaj\u00e1s-se-juntam-para-compartilhar-suas-hist\u00f3rias-e-se-organizar-contra-despejo.-Foto-de-Tyler-Strobl-scaled.jpg","keywords":["Aeron\u00e1utica","Consequ\u00eancias das remo\u00e7\u00f5es: sa\u00fade","Direito \u00e0 Moradia","especula\u00e7\u00e3o imobili\u00e1ria","Ilha do Governador","intimida\u00e7\u00e3o","Maracaj\u00e1s","moradia","organiza\u00e7\u00e3o comunit\u00e1ria","protesto","R\u00e1dio Sonda","Remo\u00e7\u00e3o","resist\u00eancia","Zona Norte"],"articleSection":["#OlhoNasRemo\u00e7\u00f5es","*Destaque","Den\u00fancias","Escrito por Aliados","Fotorreportagens"],"inLanguage":"pt-BR"},{"@type":"WebPage","@id":"https:\/\/rioonwatch.org.br\/?p=28645","url":"https:\/\/rioonwatch.org.br\/?p=28645","name":"Militares D\u00e3o 30 Dias Para Maracaj\u00e1s na Ilha do Governador Destruir Suas Casas e Partir - RioOnWatch","isPartOf":{"@id":"https:\/\/rioonwatch.org.br\/#website"},"primaryImageOfPage":{"@id":"https:\/\/rioonwatch.org.br\/?p=28645#primaryimage"},"image":{"@id":"https:\/\/rioonwatch.org.br\/?p=28645#primaryimage"},"thumbnailUrl":"https:\/\/rioonwatch.org.br\/wp-content\/uploads\/2017\/10\/Os-moradores-da-Estrada-dos-Maracaj\u00e1s-se-juntam-para-compartilhar-suas-hist\u00f3rias-e-se-organizar-contra-despejo.-Foto-de-Tyler-Strobl-scaled.jpg","datePublished":"2017-10-03T19:06:21+00:00","dateModified":"2017-10-06T12:13:46+00:00","breadcrumb":{"@id":"https:\/\/rioonwatch.org.br\/?p=28645#breadcrumb"},"inLanguage":"pt-BR","potentialAction":[{"@type":"ReadAction","target":["https:\/\/rioonwatch.org.br\/?p=28645"]}]},{"@type":"ImageObject","inLanguage":"pt-BR","@id":"https:\/\/rioonwatch.org.br\/?p=28645#primaryimage","url":"https:\/\/rioonwatch.org.br\/wp-content\/uploads\/2017\/10\/Os-moradores-da-Estrada-dos-Maracaj\u00e1s-se-juntam-para-compartilhar-suas-hist\u00f3rias-e-se-organizar-contra-despejo.-Foto-de-Tyler-Strobl-scaled.jpg","contentUrl":"https:\/\/rioonwatch.org.br\/wp-content\/uploads\/2017\/10\/Os-moradores-da-Estrada-dos-Maracaj\u00e1s-se-juntam-para-compartilhar-suas-hist\u00f3rias-e-se-organizar-contra-despejo.-Foto-de-Tyler-Strobl-scaled.jpg","width":2560,"height":1604},{"@type":"BreadcrumbList","@id":"https:\/\/rioonwatch.org.br\/?p=28645#breadcrumb","itemListElement":[{"@type":"ListItem","position":1,"name":"In\u00edcio","item":"https:\/\/rioonwatch.org.br\/"},{"@type":"ListItem","position":2,"name":"Militares D\u00e3o 30 Dias Para Maracaj\u00e1s na Ilha do Governador Destruir Suas Casas e Partir"}]},{"@type":"WebSite","@id":"https:\/\/rioonwatch.org.br\/#website","url":"https:\/\/rioonwatch.org.br\/","name":"RioOnWatch","description":"relatos das favelas cariocas","publisher":{"@id":"https:\/\/rioonwatch.org.br\/#organization"},"potentialAction":[{"@type":"SearchAction","target":{"@type":"EntryPoint","urlTemplate":"https:\/\/rioonwatch.org.br\/?s={search_term_string}"},"query-input":{"@type":"PropertyValueSpecification","valueRequired":true,"valueName":"search_term_string"}}],"inLanguage":"pt-BR"},{"@type":"Organization","@id":"https:\/\/rioonwatch.org.br\/#organization","name":"RioOnWatch","url":"https:\/\/rioonwatch.org.br\/","logo":{"@type":"ImageObject","inLanguage":"pt-BR","@id":"https:\/\/rioonwatch.org.br\/#\/schema\/logo\/image\/","url":"https:\/\/rioonwatch.org.br\/wp-content\/uploads\/2021\/06\/RioOnWatchcabecalhoPT11anos-2.png","contentUrl":"https:\/\/rioonwatch.org.br\/wp-content\/uploads\/2021\/06\/RioOnWatchcabecalhoPT11anos-2.png","width":779,"height":277,"caption":"RioOnWatch"},"image":{"@id":"https:\/\/rioonwatch.org.br\/#\/schema\/logo\/image\/"}},{"@type":"Person","@id":"https:\/\/rioonwatch.org.br\/#\/schema\/person\/11d64c290506f9df50c71b850c473f68","name":"Admin","image":{"@type":"ImageObject","inLanguage":"pt-BR","@id":"https:\/\/rioonwatch.org.br\/#\/schema\/person\/image\/","url":"https:\/\/secure.gravatar.com\/avatar\/56211ac74568383903349a1485e3c325?s=96&d=blank&r=g","contentUrl":"https:\/\/secure.gravatar.com\/avatar\/56211ac74568383903349a1485e3c325?s=96&d=blank&r=g","caption":"Admin"},"url":"https:\/\/rioonwatch.org.br\/?author=129"}]}},"_links":{"self":[{"href":"https:\/\/rioonwatch.org.br\/index.php?rest_route=\/wp\/v2\/posts\/28645"}],"collection":[{"href":"https:\/\/rioonwatch.org.br\/index.php?rest_route=\/wp\/v2\/posts"}],"about":[{"href":"https:\/\/rioonwatch.org.br\/index.php?rest_route=\/wp\/v2\/types\/post"}],"author":[{"embeddable":true,"href":"https:\/\/rioonwatch.org.br\/index.php?rest_route=\/wp\/v2\/users\/129"}],"replies":[{"embeddable":true,"href":"https:\/\/rioonwatch.org.br\/index.php?rest_route=%2Fwp%2Fv2%2Fcomments&post=28645"}],"version-history":[{"count":24,"href":"https:\/\/rioonwatch.org.br\/index.php?rest_route=\/wp\/v2\/posts\/28645\/revisions"}],"predecessor-version":[{"id":28745,"href":"https:\/\/rioonwatch.org.br\/index.php?rest_route=\/wp\/v2\/posts\/28645\/revisions\/28745"}],"wp:featuredmedia":[{"embeddable":true,"href":"https:\/\/rioonwatch.org.br\/index.php?rest_route=\/wp\/v2\/media\/28647"}],"wp:attachment":[{"href":"https:\/\/rioonwatch.org.br\/index.php?rest_route=%2Fwp%2Fv2%2Fmedia&parent=28645"}],"wp:term":[{"taxonomy":"category","embeddable":true,"href":"https:\/\/rioonwatch.org.br\/index.php?rest_route=%2Fwp%2Fv2%2Fcategories&post=28645"},{"taxonomy":"post_tag","embeddable":true,"href":"https:\/\/rioonwatch.org.br\/index.php?rest_route=%2Fwp%2Fv2%2Ftags&post=28645"},{"taxonomy":"writer","embeddable":true,"href":"https:\/\/rioonwatch.org.br\/index.php?rest_route=%2Fwp%2Fv2%2Fwriter&post=28645"},{"taxonomy":"translator","embeddable":true,"href":"https:\/\/rioonwatch.org.br\/index.php?rest_route=%2Fwp%2Fv2%2Ftranslator&post=28645"},{"taxonomy":"source","embeddable":true,"href":"https:\/\/rioonwatch.org.br\/index.php?rest_route=%2Fwp%2Fv2%2Fsource&post=28645"},{"taxonomy":"ilustrador","embeddable":true,"href":"https:\/\/rioonwatch.org.br\/index.php?rest_route=%2Fwp%2Fv2%2Filustrador&post=28645"},{"taxonomy":"fotografo","embeddable":true,"href":"https:\/\/rioonwatch.org.br\/index.php?rest_route=%2Fwp%2Fv2%2Ffotografo&post=28645"}],"curies":[{"name":"wp","href":"https:\/\/api.w.org\/{rel}","templated":true}]}}