{"id":28688,"date":"2017-10-06T09:27:21","date_gmt":"2017-10-06T12:27:21","guid":{"rendered":"http:\/\/rioonwatch.org.br\/?p=28688"},"modified":"2017-10-07T14:35:48","modified_gmt":"2017-10-07T17:35:48","slug":"cine-santa-sedia-debate-sobre-lixo-e-exibe-filme-favela-como-modelo-sustentavel","status":"publish","type":"post","link":"https:\/\/rioonwatch.org.br\/?p=28688","title":{"rendered":"Cine Santa Sedia Debate Sobre Lixo e Exibe Filme \u2018Favela Como Modelo Sustent\u00e1vel\u2019"},"content":{"rendered":"<p style=\"text-align: right;\"><em><strong><a href=\"http:\/\/bit.ly\/2xenTIE\" target=\"_blank\" rel=\"noopener noreferrer\">Click Here for English<img decoding=\"async\" width=\"20\" height=\"20\" class=\"alignright wp-image-15790\" src=\"http:\/\/rioonwatch.org.br\/wp-content\/uploads\/2012\/08\/EN-standard-e1439583104716.jpg\" alt=\"\" \/><\/a><\/strong><\/em><\/p>\n<p><span style=\"font-weight: 400;\">No dia 28 de setembro, no Cine Santa, em Santa Teresa, o curta-metragem <em><a href=\"http:\/\/bit.ly\/FavelaModelo\" target=\"_blank\" rel=\"noopener\">Favela como Modelo Sustent\u00e1vel<\/a><\/em>\u00a0realizado pela Comunidades Catalisadoras* (ComCat) foi exibido como parte do festival Santa Na Mesa, que celebra o desenvolvimento sustent\u00e1vel e a vida sustent\u00e1vel. A <a href=\"http:\/\/bit.ly\/2yQKv41\" target=\"_blank\" rel=\"noopener\">sess\u00e3o do filme<\/a> foi organizada pela Mairar\u00ea Produtora e pela Associa\u00e7\u00e3o dos Amigos e Empreendedores de Santa Teresa. Ap\u00f3s o filme, Cris dos Prazeres, da iniciativa ambiental\u00a0<a href=\"http:\/\/bit.ly\/2dV2wHI\" target=\"_blank\" rel=\"noopener\">ReciclA\u00e7\u00e3o<\/a> do <a href=\"http:\/\/bit.ly\/1eAan7M\" target=\"_blank\" rel=\"noopener\">Morro dos Prazeres<\/a>, e Fernanda Cubiaco, representando o <a href=\"http:\/\/bit.ly\/2sYnj01\" target=\"_blank\" rel=\"noopener\">Movimento Lixo Zero<\/a>, participaram de um pequeno debate sobre os desafios <a href=\"http:\/\/bit.ly\/VxnHgj\" target=\"_blank\" rel=\"noopener\">ambientais<\/a> no Rio de Janeiro. <\/span><\/p>\n<p><a href=\"http:\/\/rioonwatch.org.br\/wp-content\/uploads\/2017\/10\/Roseli-Franco.jpg\"><img fetchpriority=\"high\" decoding=\"async\" class=\"aligncenter wp-image-28723 size-content\" title=\"Roseli Franco da ComCat\" src=\"http:\/\/rioonwatch.org.br\/wp-content\/uploads\/2017\/10\/Roseli-Franco-620x264.jpg\" alt=\"\" width=\"620\" height=\"264\" srcset=\"https:\/\/rioonwatch.org.br\/wp-content\/uploads\/2017\/10\/Roseli-Franco-620x264.jpg 620w, https:\/\/rioonwatch.org.br\/wp-content\/uploads\/2017\/10\/Roseli-Franco-940x400.jpg 940w\" sizes=\"(max-width: 620px) 100vw, 620px\" \/><\/a><\/p>\n<p><span style=\"font-weight: 400;\">Ap\u00f3s a proje\u00e7\u00e3o do filme, a Diretora Institucional da ComCat e uma das produtoras do filme, Roseli Franco, explicou a ideia por tr\u00e1s da produ\u00e7\u00e3o. O prop\u00f3sito, ela disse, era aproveitar a\u00a0Confer\u00eancia das Na\u00e7\u00f5es Unidas sobre Desenvolvimento Sustent\u00e1vel Rio+20, que acontecia no Rio em 2012, para dar visibilidade a alguns dos desafios que as favelas enfrentam que podem ser desconhecidos aos n\u00e3o-moradores, e ao mesmo tempo <a href=\"http:\/\/www.bit.ly\/FavelaModelo\" target=\"_blank\" rel=\"noopener\">documentar a sustentabilidade inata<\/a> dessas comunidades e suas <a href=\"http:\/\/bit.ly\/1j5bUzA\" target=\"_blank\" rel=\"noopener\">solu\u00e7\u00f5es locais<\/a>: \u201cN\u00f3s quisemos fazer um filme sobre os problemas que surgem da <a href=\"http:\/\/bit.ly\/1K8LVUg\" target=\"_blank\" rel=\"noopener\">neglig\u00eancia governamental<\/a> e sobre as pessoas que j\u00e1 est\u00e3o criando solu\u00e7\u00f5es para esses problemas\u201d. <\/span><\/p>\n<p><span style=\"font-weight: 400;\">Roseli explicou que a ONG divulgou um chamado para projetos comunit\u00e1rios participarem do document\u00e1rio e muitos responderam, incluindo a ONG socioambiental <a href=\"http:\/\/bit.ly\/MHCswF\" target=\"_blank\" rel=\"noopener\">Verdejar<\/a>, do <a href=\"http:\/\/bit.ly\/U0MiGm\" target=\"_blank\" rel=\"noopener\">Complexo do Alem\u00e3o<\/a>, e o\u00a0<a href=\"http:\/\/on.fb.me\/1Iq9tsK\" target=\"_blank\" rel=\"noopener\">Favela Org\u00e2nica<\/a>, um projeto com base na <a href=\"http:\/\/bit.ly\/110zVNZ\" target=\"_blank\" rel=\"noopener\">Babil\u00f4nia<\/a> e no <a href=\"http:\/\/bit.ly\/15YFPnL\" target=\"_blank\" rel=\"noopener\">Chap\u00e9u-Mangueira<\/a> que utiliza restos de comida criando uma culin\u00e1ria deliciosa. Os projetos que se inscreveram abordam quest\u00f5es como <a href=\"http:\/\/bit.ly\/1TpORFB\" target=\"_blank\" rel=\"noopener\">esgoto<\/a> e <a href=\"http:\/\/bit.ly\/2ebIyay\" target=\"_blank\" rel=\"noopener\">lixo<\/a>, e a necessidade da <a href=\"http:\/\/bit.ly\/1PxZOzk\" target=\"_blank\" rel=\"noopener\">educa\u00e7\u00e3o ambiental<\/a>. A equipe da ComCat selecionou projetos de diferentes \u00e1reas da cidade para mostrar a grande variedade de favelas com iniciativas ativas e reconhecer seus valores. <\/span><\/p>\n<p><a href=\"http:\/\/rioonwatch.org.br\/wp-content\/uploads\/2017\/10\/IMG_3169-e1506954644230.jpg\"><img decoding=\"async\" class=\"aligncenter wp-image-28726 size-content\" title=\"Ao microfone Fernanda Cubiaco do Movimento Lixo Zero e ao lado Cris do projeto ReciclA\u00e7\u00e3o\" src=\"http:\/\/rioonwatch.org.br\/wp-content\/uploads\/2017\/10\/IMG_3169-e1506954644230-620x264.jpg\" alt=\"\" width=\"620\" height=\"264\" srcset=\"https:\/\/rioonwatch.org.br\/wp-content\/uploads\/2017\/10\/IMG_3169-e1506954644230-620x264.jpg 620w, https:\/\/rioonwatch.org.br\/wp-content\/uploads\/2017\/10\/IMG_3169-e1506954644230-940x400.jpg 940w\" sizes=\"(max-width: 620px) 100vw, 620px\" \/><\/a><\/p>\n<p><span style=\"font-weight: 400;\">Em seguida, o microfone foi passado \u00e0 Fernanda Cubiaco, do Movimento Lixo Zero, que abordou o quanto \u00e9 importante mostrar e dar visibilidade a esses exemplos de ativismo e resili\u00eancia. Seu pr\u00f3prio ativismo acerca do problema do lixo na cidade come\u00e7ou quando ela observou a falta de cuidado com os espa\u00e7os p\u00fablicos da cidade que frequentemente est\u00e3o cheios de lixo. Fernanda explicou que o objetivo do Projeto <a href=\"http:\/\/bit.ly\/2eXgNR6\" target=\"_blank\" rel=\"noopener\">Lixo Zero<\/a> \u00e9 levar as pessoas a repensarem o jeito com que olham para o lixo e a se conectarem com o lixo que produzem para que sejam mais conscientes do seu impacto. Ela delineou como o movimento est\u00e1 atualmente tentando encontrar formas de reduzir o lixo no meio ambiente atrav\u00e9s do trabalho com sessenta restaurantes e algumas escolas e hot\u00e9is para ajud\u00e1-los a reduzir sua produ\u00e7\u00e3o de lixo. O movimento tamb\u00e9m est\u00e1 trabalhando no momento para criar bairros com zero produ\u00e7\u00e3o de res\u00edduos e o objetivo \u00e9 continuar expandindo, para envolver mais neg\u00f3cios e ser um exemplo para outros munic\u00edpios. <\/span><\/p>\n<p><a href=\"http:\/\/rioonwatch.org.br\/wp-content\/uploads\/2017\/10\/escolares-de-Prazeres-participaram-do-evento..jpg\"><img loading=\"lazy\" decoding=\"async\" class=\"aligncenter wp-image-28728 size-content\" title=\"Estudantes do Morro dos Prazeres participaram do evento.\" src=\"http:\/\/rioonwatch.org.br\/wp-content\/uploads\/2017\/10\/escolares-de-Prazeres-participaram-do-evento.-620x264.jpg\" alt=\"\" width=\"620\" height=\"264\" srcset=\"https:\/\/rioonwatch.org.br\/wp-content\/uploads\/2017\/10\/escolares-de-Prazeres-participaram-do-evento.-620x264.jpg 620w, https:\/\/rioonwatch.org.br\/wp-content\/uploads\/2017\/10\/escolares-de-Prazeres-participaram-do-evento.-940x400.jpg 940w\" sizes=\"(max-width: 620px) 100vw, 620px\" \/><\/a><\/p>\n<p><span style=\"font-weight: 400;\">Ap\u00f3s Fernanda, Cris dos Prazeres tamb\u00e9m falou sobre a import\u00e2ncia do document\u00e1rio dar visibilidade a uma parcela da sociedade e da cidade que \u00e9 deixada de lado pelo governo. Ela se apresentou como participante do grupo <a href=\"http:\/\/bit.ly\/2yjrCdh\" target=\"_blank\" rel=\"noopener\">Preven\u00e7\u00e3o Realizada com Organiza\u00e7\u00e3o e Amor<\/a> (PROA) do Morro dos Prazeres. O grupo trabalha para apontar diversos problemas de saneamento que surgiram da neglig\u00eancia governamental ao longo de muitas d\u00e9cadas. Nos Prazeres, Cris explicou, eles possuem uma hist\u00f3ria de resili\u00eancia comunit\u00e1ria. Ela relembrou como em 2010, ap\u00f3s uma grande avalanche de lixo acumulado ter <a href=\"http:\/\/bit.ly\/2xVMVAz\" target=\"_blank\" rel=\"noopener\">matado mais de 30 pessoas<\/a>, eles decidiram agir a respeito do grande problema do lixo nas favelas. Cris disse: \u201cN\u00f3s come\u00e7amos a sensibilizar a n\u00f3s mesmos para vermos o meio ambiente de forma diferente\u201d. Da\u00ed em diante, o grupo come\u00e7ou a se conectar com diferentes comunidades e a realizar pesquisas, e assim o projeto ReciclA\u00e7\u00e3o surgiu. <\/span><\/p>\n<p><span style=\"font-weight: 400;\">O objetivo do ReciclA\u00e7\u00e3o \u00e9 \u201csair do foco do conforto e do consumismo&#8230; e come\u00e7ar a pensar sobre o lixo\u201d. Cris destacou a completa <a href=\"http:\/\/bit.ly\/1MwnQNz\" target=\"_blank\" rel=\"noopener\">falta de coleta de lixo adequada<\/a> na maior parte das favelas. Hoje, o ReciclA\u00e7\u00e3o est\u00e1 tentando mudar isso, ela disse que h\u00e1 agora 40 ecobags pelo Morro dos Prazeres, v\u00e1rias \u00e1reas para compostagem e diferentes tipos de coleta de res\u00edduos. A equipe do projeto organiza discuss\u00f5es em escolas e igrejas para\u00a0<a href=\"http:\/\/bit.ly\/1PxZOzk\" target=\"_blank\" rel=\"noopener\">educar e aumentar a conscientiza\u00e7\u00e3o dos moradores<\/a> sobre os cuidados com o meio ambiente. No debate de quinta-feira, Cris enfatizou que o ReciclA\u00e7\u00e3o est\u00e1 <a href=\"http:\/\/bit.ly\/P4itK0\" target=\"_blank\" rel=\"noopener\">desafiando a ideia equivocada<\/a> de que n\u00e3o \u00e9 poss\u00edvel desenvolver reciclagem eficaz e coleta de lixo nas favelas. <\/span><\/p>\n<p><a href=\"http:\/\/rioonwatch.org.br\/wp-content\/uploads\/2017\/10\/IMG_3192.jpg\"><img loading=\"lazy\" decoding=\"async\" class=\"aligncenter wp-image-28733 size-content\" title=\"Participantes do debate e da exibi\u00e7\u00e3o do filme\" src=\"http:\/\/rioonwatch.org.br\/wp-content\/uploads\/2017\/10\/IMG_3192-620x264.jpg\" alt=\"\" width=\"620\" height=\"264\" srcset=\"https:\/\/rioonwatch.org.br\/wp-content\/uploads\/2017\/10\/IMG_3192-620x264.jpg 620w, https:\/\/rioonwatch.org.br\/wp-content\/uploads\/2017\/10\/IMG_3192-940x400.jpg 940w\" sizes=\"(max-width: 620px) 100vw, 620px\" \/><\/a><\/p>\n<p><span style=\"font-weight: 400;\">Quanto ao p\u00fablico, um grupo de jovens estudantes do Prazeres se juntou \u00e0 discuss\u00e3o, com um menino de 10 anos dizendo que ele sabe que seu lixo \u00e9 coletado e reutilizado nos Prazeres. Outros membros do p\u00fablico reconheceram a import\u00e2ncia de falar sobre o consumo: as pessoas devem se tornar mais conscientes da constante press\u00e3o ao consumo e come\u00e7ar a reavaliar e reduzir suas necessidades. Outro membro do p\u00fablico argumentou que devemos parar de ver o problema do lixo e do consumo como algo externo e perceber que ambos o problema e a solu\u00e7\u00e3o come\u00e7am em cada um de n\u00f3s. <\/span><\/p>\n<p><span style=\"font-weight: 400;\">*Comunidades Catalisadoras \u00e9 a organiza\u00e7\u00e3o respons\u00e1vel pelo<em> RioOnWatch.<\/em><\/span><\/p>\n<h3><strong>O document\u00e1rio completo de 26 minutos est\u00e1 dispon\u00edvel no\u00a0<\/strong><a href=\"http:\/\/www.bit.ly\/FavelaModelo\" target=\"_blank\" rel=\"noopener\">YouTube<\/a>:<\/h3>\n<p><iframe src=\"https:\/\/www.youtube.com\/embed\/2sT8rhhbCUA\" width=\"620\" height=\"349\" frameborder=\"0\" allowfullscreen=\"allowfullscreen\"><\/iframe><\/p>\n<!-- AddThis Advanced Settings generic via filter on the_content --><!-- AddThis Share Buttons generic via filter on the_content -->","protected":false},"excerpt":{"rendered":"<div class=\"mh-excerpt\"><p>Click Here for English No dia 28 de setembro, no Cine Santa, em Santa Teresa, o curta-metragem Favela como Modelo Sustent\u00e1vel\u00a0realizado pela Comunidades Catalisadoras* (ComCat) foi exibido como parte do festival Santa Na Mesa, que <a class=\"mh-excerpt-more\" href=\"https:\/\/rioonwatch.org.br\/?p=28688\" title=\"Cine Santa Sedia Debate Sobre Lixo e Exibe Filme \u2018Favela Como Modelo Sustent\u00e1vel\u2019\">[&#8230;]<\/a><!-- AddThis Advanced Settings generic via filter on get_the_excerpt --><!-- AddThis Share Buttons generic via filter on get_the_excerpt --><\/p>\n<\/div>","protected":false},"author":129,"featured_media":28748,"comment_status":"closed","ping_status":"closed","sticky":false,"template":"","format":"standard","meta":{"_acf_changed":false,"_monsterinsights_skip_tracking":false,"_monsterinsights_sitenote_active":false,"_monsterinsights_sitenote_note":"","_monsterinsights_sitenote_category":0,"footnotes":""},"categories":[1621,1627,1626,1612,342,1639],"tags":[630,217,1442,363,1096,1368,360,2147,106,1151,708,44,41,358,361,35,1347,476,404,429],"writer":[2209],"translator":[1862],"source":[],"ilustrador":[],"fotografo":[],"class_list":{"0":"post-28688","1":"post","2":"type-post","3":"status-publish","4":"format-standard","5":"has-post-thumbnail","7":"category-destaque","8":"category-relato-de-evento","9":"category-por-observadores-internacionais","10":"category-sociedade-civil","11":"category-solucoes","12":"category-sustentabilidade","13":"tag-chapeu-mangueira","14":"tag-complexo-do-alemao","15":"tag-compostagem","16":"tag-educacao-ambiental","17":"tag-favela-como-modelo-sustentavel","18":"tag-filme","19":"tag-lixo","20":"tag-lixo-zero","21":"tag-meio-ambiente","22":"tag-organizacao","23":"tag-morro-da-babilonia","24":"tag-prazeres","25":"tag-organicos","26":"tag-organizacao-comunitaria","27":"tag-reciclagem","28":"tag-santa-teresa","29":"tag-solucao","30":"tag-solucao-comunitaria","31":"tag-sustentabilidade","32":"tag-verdejar","33":"writer-sophie-pizzimenti","34":"translator-caroline-quintanilha"},"acf":[],"yoast_head":"<!-- This site is optimized with the Yoast SEO plugin v25.6 - https:\/\/yoast.com\/wordpress\/plugins\/seo\/ -->\n<title>Cine Santa Sedia Debate Sobre Lixo e Exibe Filme \u2018Favela Como Modelo Sustent\u00e1vel\u2019 - RioOnWatch<\/title>\n<meta name=\"robots\" content=\"index, follow, max-snippet:-1, max-image-preview:large, max-video-preview:-1\" \/>\n<link rel=\"canonical\" href=\"https:\/\/rioonwatch.org.br\/?p=28688\" \/>\n<meta property=\"og:locale\" content=\"pt_BR\" \/>\n<meta property=\"og:type\" content=\"article\" \/>\n<meta property=\"og:title\" content=\"Cine Santa Sedia Debate Sobre Lixo e Exibe Filme \u2018Favela Como Modelo Sustent\u00e1vel\u2019 - RioOnWatch\" \/>\n<meta property=\"og:description\" content=\"Click Here for English No dia 28 de setembro, no Cine Santa, em Santa Teresa, o curta-metragem Favela como Modelo Sustent\u00e1vel\u00a0realizado pela Comunidades Catalisadoras* (ComCat) foi exibido como parte do festival Santa Na Mesa, que [...]\" \/>\n<meta property=\"og:url\" content=\"https:\/\/rioonwatch.org.br\/?p=28688\" \/>\n<meta property=\"og:site_name\" content=\"RioOnWatch\" \/>\n<meta property=\"article:published_time\" content=\"2017-10-06T12:27:21+00:00\" \/>\n<meta property=\"article:modified_time\" content=\"2017-10-07T17:35:48+00:00\" \/>\n<meta property=\"og:image\" content=\"https:\/\/rioonwatch.org.br\/wp-content\/uploads\/2017\/10\/FMS.jpg\" \/>\n\t<meta property=\"og:image:width\" content=\"1526\" \/>\n\t<meta property=\"og:image:height\" content=\"1046\" \/>\n\t<meta property=\"og:image:type\" content=\"image\/jpeg\" \/>\n<meta name=\"author\" content=\"Admin\" \/>\n<meta name=\"twitter:card\" content=\"summary_large_image\" \/>\n<meta name=\"twitter:label1\" content=\"Escrito por\" \/>\n\t<meta name=\"twitter:data1\" content=\"Admin\" \/>\n\t<meta name=\"twitter:label2\" content=\"Est. tempo de leitura\" \/>\n\t<meta name=\"twitter:data2\" content=\"5 minutos\" \/>\n<script type=\"application\/ld+json\" class=\"yoast-schema-graph\">{\"@context\":\"https:\/\/schema.org\",\"@graph\":[{\"@type\":\"Article\",\"@id\":\"https:\/\/rioonwatch.org.br\/?p=28688#article\",\"isPartOf\":{\"@id\":\"https:\/\/rioonwatch.org.br\/?p=28688\"},\"author\":{\"name\":\"Admin\",\"@id\":\"https:\/\/rioonwatch.org.br\/#\/schema\/person\/11d64c290506f9df50c71b850c473f68\"},\"headline\":\"Cine Santa Sedia Debate Sobre Lixo e Exibe Filme \u2018Favela Como Modelo Sustent\u00e1vel\u2019\",\"datePublished\":\"2017-10-06T12:27:21+00:00\",\"dateModified\":\"2017-10-07T17:35:48+00:00\",\"mainEntityOfPage\":{\"@id\":\"https:\/\/rioonwatch.org.br\/?p=28688\"},\"wordCount\":922,\"publisher\":{\"@id\":\"https:\/\/rioonwatch.org.br\/#organization\"},\"image\":{\"@id\":\"https:\/\/rioonwatch.org.br\/?p=28688#primaryimage\"},\"thumbnailUrl\":\"https:\/\/rioonwatch.org.br\/wp-content\/uploads\/2017\/10\/FMS.jpg\",\"keywords\":[\"Chap\u00e9u Mangueira\",\"Complexo do Alem\u00e3o\",\"compostagem\",\"educa\u00e7\u00e3o ambiental\",\"Favela Como Modelo Sustent\u00e1vel\",\"filme\",\"lixo\",\"lixo zero\",\"meio ambiente\",\"mobiliza\u00e7\u00e3o\",\"Morro da Babil\u00f4nia\",\"Morro dos Prazeres\",\"org\u00e2nico\",\"organiza\u00e7\u00e3o comunit\u00e1ria\",\"reciclagem\",\"Santa Teresa\",\"solu\u00e7\u00e3o\",\"solu\u00e7\u00e3o comunit\u00e1ria\",\"sustentabilidade\",\"Verdejar\"],\"articleSection\":[\"*Destaque\",\"Cobertura de Eventos\",\"Escrito por Aliados\",\"Sociedade Civil\",\"Solu\u00e7\u00f5es\",\"Sustentabilidade\"],\"inLanguage\":\"pt-BR\"},{\"@type\":\"WebPage\",\"@id\":\"https:\/\/rioonwatch.org.br\/?p=28688\",\"url\":\"https:\/\/rioonwatch.org.br\/?p=28688\",\"name\":\"Cine Santa Sedia Debate Sobre Lixo e Exibe Filme \u2018Favela Como Modelo Sustent\u00e1vel\u2019 - RioOnWatch\",\"isPartOf\":{\"@id\":\"https:\/\/rioonwatch.org.br\/#website\"},\"primaryImageOfPage\":{\"@id\":\"https:\/\/rioonwatch.org.br\/?p=28688#primaryimage\"},\"image\":{\"@id\":\"https:\/\/rioonwatch.org.br\/?p=28688#primaryimage\"},\"thumbnailUrl\":\"https:\/\/rioonwatch.org.br\/wp-content\/uploads\/2017\/10\/FMS.jpg\",\"datePublished\":\"2017-10-06T12:27:21+00:00\",\"dateModified\":\"2017-10-07T17:35:48+00:00\",\"breadcrumb\":{\"@id\":\"https:\/\/rioonwatch.org.br\/?p=28688#breadcrumb\"},\"inLanguage\":\"pt-BR\",\"potentialAction\":[{\"@type\":\"ReadAction\",\"target\":[\"https:\/\/rioonwatch.org.br\/?p=28688\"]}]},{\"@type\":\"ImageObject\",\"inLanguage\":\"pt-BR\",\"@id\":\"https:\/\/rioonwatch.org.br\/?p=28688#primaryimage\",\"url\":\"https:\/\/rioonwatch.org.br\/wp-content\/uploads\/2017\/10\/FMS.jpg\",\"contentUrl\":\"https:\/\/rioonwatch.org.br\/wp-content\/uploads\/2017\/10\/FMS.jpg\",\"width\":1526,\"height\":1046,\"caption\":\"Favela Como Modelo Sustent\u00e1vel\"},{\"@type\":\"BreadcrumbList\",\"@id\":\"https:\/\/rioonwatch.org.br\/?p=28688#breadcrumb\",\"itemListElement\":[{\"@type\":\"ListItem\",\"position\":1,\"name\":\"In\u00edcio\",\"item\":\"https:\/\/rioonwatch.org.br\/\"},{\"@type\":\"ListItem\",\"position\":2,\"name\":\"Cine Santa Sedia Debate Sobre Lixo e Exibe Filme \u2018Favela Como Modelo Sustent\u00e1vel\u2019\"}]},{\"@type\":\"WebSite\",\"@id\":\"https:\/\/rioonwatch.org.br\/#website\",\"url\":\"https:\/\/rioonwatch.org.br\/\",\"name\":\"RioOnWatch\",\"description\":\"relatos das favelas cariocas\",\"publisher\":{\"@id\":\"https:\/\/rioonwatch.org.br\/#organization\"},\"potentialAction\":[{\"@type\":\"SearchAction\",\"target\":{\"@type\":\"EntryPoint\",\"urlTemplate\":\"https:\/\/rioonwatch.org.br\/?s={search_term_string}\"},\"query-input\":{\"@type\":\"PropertyValueSpecification\",\"valueRequired\":true,\"valueName\":\"search_term_string\"}}],\"inLanguage\":\"pt-BR\"},{\"@type\":\"Organization\",\"@id\":\"https:\/\/rioonwatch.org.br\/#organization\",\"name\":\"RioOnWatch\",\"url\":\"https:\/\/rioonwatch.org.br\/\",\"logo\":{\"@type\":\"ImageObject\",\"inLanguage\":\"pt-BR\",\"@id\":\"https:\/\/rioonwatch.org.br\/#\/schema\/logo\/image\/\",\"url\":\"https:\/\/rioonwatch.org.br\/wp-content\/uploads\/2021\/06\/RioOnWatchcabecalhoPT11anos-2.png\",\"contentUrl\":\"https:\/\/rioonwatch.org.br\/wp-content\/uploads\/2021\/06\/RioOnWatchcabecalhoPT11anos-2.png\",\"width\":779,\"height\":277,\"caption\":\"RioOnWatch\"},\"image\":{\"@id\":\"https:\/\/rioonwatch.org.br\/#\/schema\/logo\/image\/\"}},{\"@type\":\"Person\",\"@id\":\"https:\/\/rioonwatch.org.br\/#\/schema\/person\/11d64c290506f9df50c71b850c473f68\",\"name\":\"Admin\",\"image\":{\"@type\":\"ImageObject\",\"inLanguage\":\"pt-BR\",\"@id\":\"https:\/\/rioonwatch.org.br\/#\/schema\/person\/image\/\",\"url\":\"https:\/\/secure.gravatar.com\/avatar\/56211ac74568383903349a1485e3c325?s=96&d=blank&r=g\",\"contentUrl\":\"https:\/\/secure.gravatar.com\/avatar\/56211ac74568383903349a1485e3c325?s=96&d=blank&r=g\",\"caption\":\"Admin\"},\"url\":\"https:\/\/rioonwatch.org.br\/?author=129\"}]}<\/script>\n<!-- \/ Yoast SEO plugin. -->","yoast_head_json":{"title":"Cine Santa Sedia Debate Sobre Lixo e Exibe Filme \u2018Favela Como Modelo Sustent\u00e1vel\u2019 - RioOnWatch","robots":{"index":"index","follow":"follow","max-snippet":"max-snippet:-1","max-image-preview":"max-image-preview:large","max-video-preview":"max-video-preview:-1"},"canonical":"https:\/\/rioonwatch.org.br\/?p=28688","og_locale":"pt_BR","og_type":"article","og_title":"Cine Santa Sedia Debate Sobre Lixo e Exibe Filme \u2018Favela Como Modelo Sustent\u00e1vel\u2019 - RioOnWatch","og_description":"Click Here for English No dia 28 de setembro, no Cine Santa, em Santa Teresa, o curta-metragem Favela como Modelo Sustent\u00e1vel\u00a0realizado pela Comunidades Catalisadoras* (ComCat) foi exibido como parte do festival Santa Na Mesa, que [...]","og_url":"https:\/\/rioonwatch.org.br\/?p=28688","og_site_name":"RioOnWatch","article_published_time":"2017-10-06T12:27:21+00:00","article_modified_time":"2017-10-07T17:35:48+00:00","og_image":[{"width":1526,"height":1046,"url":"https:\/\/rioonwatch.org.br\/wp-content\/uploads\/2017\/10\/FMS.jpg","type":"image\/jpeg"}],"author":"Admin","twitter_card":"summary_large_image","twitter_misc":{"Escrito por":"Admin","Est. tempo de leitura":"5 minutos"},"schema":{"@context":"https:\/\/schema.org","@graph":[{"@type":"Article","@id":"https:\/\/rioonwatch.org.br\/?p=28688#article","isPartOf":{"@id":"https:\/\/rioonwatch.org.br\/?p=28688"},"author":{"name":"Admin","@id":"https:\/\/rioonwatch.org.br\/#\/schema\/person\/11d64c290506f9df50c71b850c473f68"},"headline":"Cine Santa Sedia Debate Sobre Lixo e Exibe Filme \u2018Favela Como Modelo Sustent\u00e1vel\u2019","datePublished":"2017-10-06T12:27:21+00:00","dateModified":"2017-10-07T17:35:48+00:00","mainEntityOfPage":{"@id":"https:\/\/rioonwatch.org.br\/?p=28688"},"wordCount":922,"publisher":{"@id":"https:\/\/rioonwatch.org.br\/#organization"},"image":{"@id":"https:\/\/rioonwatch.org.br\/?p=28688#primaryimage"},"thumbnailUrl":"https:\/\/rioonwatch.org.br\/wp-content\/uploads\/2017\/10\/FMS.jpg","keywords":["Chap\u00e9u Mangueira","Complexo do Alem\u00e3o","compostagem","educa\u00e7\u00e3o ambiental","Favela Como Modelo Sustent\u00e1vel","filme","lixo","lixo zero","meio ambiente","mobiliza\u00e7\u00e3o","Morro da Babil\u00f4nia","Morro dos Prazeres","org\u00e2nico","organiza\u00e7\u00e3o comunit\u00e1ria","reciclagem","Santa Teresa","solu\u00e7\u00e3o","solu\u00e7\u00e3o comunit\u00e1ria","sustentabilidade","Verdejar"],"articleSection":["*Destaque","Cobertura de Eventos","Escrito por Aliados","Sociedade Civil","Solu\u00e7\u00f5es","Sustentabilidade"],"inLanguage":"pt-BR"},{"@type":"WebPage","@id":"https:\/\/rioonwatch.org.br\/?p=28688","url":"https:\/\/rioonwatch.org.br\/?p=28688","name":"Cine Santa Sedia Debate Sobre Lixo e Exibe Filme \u2018Favela Como Modelo Sustent\u00e1vel\u2019 - RioOnWatch","isPartOf":{"@id":"https:\/\/rioonwatch.org.br\/#website"},"primaryImageOfPage":{"@id":"https:\/\/rioonwatch.org.br\/?p=28688#primaryimage"},"image":{"@id":"https:\/\/rioonwatch.org.br\/?p=28688#primaryimage"},"thumbnailUrl":"https:\/\/rioonwatch.org.br\/wp-content\/uploads\/2017\/10\/FMS.jpg","datePublished":"2017-10-06T12:27:21+00:00","dateModified":"2017-10-07T17:35:48+00:00","breadcrumb":{"@id":"https:\/\/rioonwatch.org.br\/?p=28688#breadcrumb"},"inLanguage":"pt-BR","potentialAction":[{"@type":"ReadAction","target":["https:\/\/rioonwatch.org.br\/?p=28688"]}]},{"@type":"ImageObject","inLanguage":"pt-BR","@id":"https:\/\/rioonwatch.org.br\/?p=28688#primaryimage","url":"https:\/\/rioonwatch.org.br\/wp-content\/uploads\/2017\/10\/FMS.jpg","contentUrl":"https:\/\/rioonwatch.org.br\/wp-content\/uploads\/2017\/10\/FMS.jpg","width":1526,"height":1046,"caption":"Favela Como Modelo Sustent\u00e1vel"},{"@type":"BreadcrumbList","@id":"https:\/\/rioonwatch.org.br\/?p=28688#breadcrumb","itemListElement":[{"@type":"ListItem","position":1,"name":"In\u00edcio","item":"https:\/\/rioonwatch.org.br\/"},{"@type":"ListItem","position":2,"name":"Cine Santa Sedia Debate Sobre Lixo e Exibe Filme \u2018Favela Como Modelo Sustent\u00e1vel\u2019"}]},{"@type":"WebSite","@id":"https:\/\/rioonwatch.org.br\/#website","url":"https:\/\/rioonwatch.org.br\/","name":"RioOnWatch","description":"relatos das favelas cariocas","publisher":{"@id":"https:\/\/rioonwatch.org.br\/#organization"},"potentialAction":[{"@type":"SearchAction","target":{"@type":"EntryPoint","urlTemplate":"https:\/\/rioonwatch.org.br\/?s={search_term_string}"},"query-input":{"@type":"PropertyValueSpecification","valueRequired":true,"valueName":"search_term_string"}}],"inLanguage":"pt-BR"},{"@type":"Organization","@id":"https:\/\/rioonwatch.org.br\/#organization","name":"RioOnWatch","url":"https:\/\/rioonwatch.org.br\/","logo":{"@type":"ImageObject","inLanguage":"pt-BR","@id":"https:\/\/rioonwatch.org.br\/#\/schema\/logo\/image\/","url":"https:\/\/rioonwatch.org.br\/wp-content\/uploads\/2021\/06\/RioOnWatchcabecalhoPT11anos-2.png","contentUrl":"https:\/\/rioonwatch.org.br\/wp-content\/uploads\/2021\/06\/RioOnWatchcabecalhoPT11anos-2.png","width":779,"height":277,"caption":"RioOnWatch"},"image":{"@id":"https:\/\/rioonwatch.org.br\/#\/schema\/logo\/image\/"}},{"@type":"Person","@id":"https:\/\/rioonwatch.org.br\/#\/schema\/person\/11d64c290506f9df50c71b850c473f68","name":"Admin","image":{"@type":"ImageObject","inLanguage":"pt-BR","@id":"https:\/\/rioonwatch.org.br\/#\/schema\/person\/image\/","url":"https:\/\/secure.gravatar.com\/avatar\/56211ac74568383903349a1485e3c325?s=96&d=blank&r=g","contentUrl":"https:\/\/secure.gravatar.com\/avatar\/56211ac74568383903349a1485e3c325?s=96&d=blank&r=g","caption":"Admin"},"url":"https:\/\/rioonwatch.org.br\/?author=129"}]}},"_links":{"self":[{"href":"https:\/\/rioonwatch.org.br\/index.php?rest_route=\/wp\/v2\/posts\/28688"}],"collection":[{"href":"https:\/\/rioonwatch.org.br\/index.php?rest_route=\/wp\/v2\/posts"}],"about":[{"href":"https:\/\/rioonwatch.org.br\/index.php?rest_route=\/wp\/v2\/types\/post"}],"author":[{"embeddable":true,"href":"https:\/\/rioonwatch.org.br\/index.php?rest_route=\/wp\/v2\/users\/129"}],"replies":[{"embeddable":true,"href":"https:\/\/rioonwatch.org.br\/index.php?rest_route=%2Fwp%2Fv2%2Fcomments&post=28688"}],"version-history":[{"count":16,"href":"https:\/\/rioonwatch.org.br\/index.php?rest_route=\/wp\/v2\/posts\/28688\/revisions"}],"predecessor-version":[{"id":28769,"href":"https:\/\/rioonwatch.org.br\/index.php?rest_route=\/wp\/v2\/posts\/28688\/revisions\/28769"}],"wp:featuredmedia":[{"embeddable":true,"href":"https:\/\/rioonwatch.org.br\/index.php?rest_route=\/wp\/v2\/media\/28748"}],"wp:attachment":[{"href":"https:\/\/rioonwatch.org.br\/index.php?rest_route=%2Fwp%2Fv2%2Fmedia&parent=28688"}],"wp:term":[{"taxonomy":"category","embeddable":true,"href":"https:\/\/rioonwatch.org.br\/index.php?rest_route=%2Fwp%2Fv2%2Fcategories&post=28688"},{"taxonomy":"post_tag","embeddable":true,"href":"https:\/\/rioonwatch.org.br\/index.php?rest_route=%2Fwp%2Fv2%2Ftags&post=28688"},{"taxonomy":"writer","embeddable":true,"href":"https:\/\/rioonwatch.org.br\/index.php?rest_route=%2Fwp%2Fv2%2Fwriter&post=28688"},{"taxonomy":"translator","embeddable":true,"href":"https:\/\/rioonwatch.org.br\/index.php?rest_route=%2Fwp%2Fv2%2Ftranslator&post=28688"},{"taxonomy":"source","embeddable":true,"href":"https:\/\/rioonwatch.org.br\/index.php?rest_route=%2Fwp%2Fv2%2Fsource&post=28688"},{"taxonomy":"ilustrador","embeddable":true,"href":"https:\/\/rioonwatch.org.br\/index.php?rest_route=%2Fwp%2Fv2%2Filustrador&post=28688"},{"taxonomy":"fotografo","embeddable":true,"href":"https:\/\/rioonwatch.org.br\/index.php?rest_route=%2Fwp%2Fv2%2Ffotografo&post=28688"}],"curies":[{"name":"wp","href":"https:\/\/api.w.org\/{rel}","templated":true}]}}