{"id":28750,"date":"2017-10-07T14:19:21","date_gmt":"2017-10-07T17:19:21","guid":{"rendered":"http:\/\/rioonwatch.org.br\/?p=28750"},"modified":"2017-10-10T09:42:32","modified_gmt":"2017-10-10T12:42:32","slug":"moradores-da-estrada-de-maracajas-resistem-pacificamente-a-remocao-com-primeiro-protesto","status":"publish","type":"post","link":"https:\/\/rioonwatch.org.br\/?p=28750","title":{"rendered":"Moradores da Estrada de Maracaj\u00e1s Resistem Pacificamente \u00e0 Remo\u00e7\u00e3o com Primeiro Protesto"},"content":{"rendered":"<p style=\"text-align: right;\"><em><strong><a href=\"http:\/\/bit.ly\/2ysPLxQ\" target=\"_blank\" rel=\"noopener noreferrer\">Click Here for English<img decoding=\"async\" width=\"20\" height=\"20\" class=\"alignright wp-image-15790\" src=\"http:\/\/rioonwatch.org.br\/wp-content\/uploads\/2012\/08\/EN-standard-e1439583104716.jpg\" alt=\"\" \/><\/a><\/strong><\/em><\/p>\n<p><span style=\"font-weight: 400;\">Aproximadamente 50 pessoas protestaram em solidariedade aos <\/span><a href=\"http:\/\/bit.ly\/2yL8sZB\"><span style=\"font-weight: 400;\">moradores da Estrada de Maracaj\u00e1s<\/span><\/a><span style=\"font-weight: 400;\"> nessa quarta-feira, 4 de outubro. As fam\u00edlias que moram na Estrada de Maracaj\u00e1s, Gale\u00e3o, na <a href=\"http:\/\/bit.ly\/2fMaODR\" target=\"_blank\" rel=\"noopener\">Ilha do Governador<\/a><\/span><span style=\"font-weight: 400;\">, recentemente <\/span><span style=\"font-weight: 400;\">se <a href=\"http:\/\/bit.ly\/2xecIQi\" target=\"_blank\" rel=\"noopener\">organizaram contra as amea\u00e7as de remo\u00e7\u00e3o<\/a><\/span><span style=\"font-weight: 400;\"> que podem tir\u00e1-las das suas casas em menos de duas semanas; esse foi o primeiro protesto.<\/span><\/p>\n<p><a href=\"http:\/\/rioonwatch.org.br\/wp-content\/uploads\/2017\/10\/Maracajas-protest.png\"><img fetchpriority=\"high\" decoding=\"async\" class=\"aligncenter wp-image-28754 size-content\" title=\"Foto da p\u00e1gina SOS Maracaj\u00e1s no Facebook\" src=\"http:\/\/rioonwatch.org.br\/wp-content\/uploads\/2017\/10\/Maracajas-protest-620x264.png\" alt=\"\" width=\"620\" height=\"264\" srcset=\"https:\/\/rioonwatch.org.br\/wp-content\/uploads\/2017\/10\/Maracajas-protest-620x264.png 620w, https:\/\/rioonwatch.org.br\/wp-content\/uploads\/2017\/10\/Maracajas-protest-940x400.png 940w\" sizes=\"(max-width: 620px) 100vw, 620px\" \/><\/a><\/p>\n<p><span style=\"font-weight: 400;\">H\u00e1 v\u00e1rios anos, as fam\u00edlias t\u00eam sido sujeitas \u00e0 intimida\u00e7\u00e3o constante pela Aeron\u00e1utica, que tem uma grande base nas imedia\u00e7\u00f5es. Elas est\u00e3o preocupadas com boatos de que um <\/span><a href=\"http:\/\/bit.ly\/2fGOImg\" target=\"_blank\" rel=\"noopener\"><span style=\"font-weight: 400;\">hospital particular<\/span><\/a><span style=\"font-weight: 400;\">\u00a0est\u00e1 de olho em suas terras para sua expans\u00e3o na ilha<\/span><span style=\"font-weight: 400;\">. <\/span><span style=\"font-weight: 400;\">Embora as fam\u00edlias estejam vivendo na terra h\u00e1 d\u00e9cadas&#8211;desde antes da constru\u00e7\u00e3o da base a\u00e9rea&#8211;a Aeron\u00e1utica reivindicou a posse da terra. Os moradores acreditam que essa \u00e9 uma tentativa de lucrar com a <\/span><a href=\"http:\/\/bit.ly\/11tBtBo\" target=\"_blank\" rel=\"noopener\"><span style=\"font-weight: 400;\">especula\u00e7\u00e3o imobili\u00e1ria<\/span><\/a><span style=\"font-weight: 400;\"> que ocorre na \u00e1rea.<\/span><\/p>\n<p><span style=\"font-weight: 400;\">A <\/span><a href=\"http:\/\/bit.ly\/2xldGz5\" target=\"_blank\" rel=\"noopener\"><span style=\"font-weight: 400;\">primeira postagem<\/span><\/a><span style=\"font-weight: 400;\"> na p\u00e1gina rec\u00e9m-criada no Facebook no dia 3 de outubro ressaltou que, \u00e0 beira da remo\u00e7\u00e3o, os moradores est\u00e3o \u201csem nenhum tipo de indeniza\u00e7\u00e3o, sem perspectiva de onde morar\u201d. A postagem continuou: \u201cEstamos humilhados e desesperados, pois est\u00e3o menosprezando nossa hist\u00f3ria, nossas vidas n\u00e3o t\u00eam valor frente aos interesses que est\u00e3o por de tr\u00e1s dessa covardia\u201d.<\/span><\/p>\n<p><a href=\"http:\/\/rioonwatch.org.br\/wp-content\/uploads\/2017\/10\/Foto-da-p\u00e1gina-SOS-Maracaj\u00e1s-no-Facebook2.jpeg\"><img decoding=\"async\" class=\"aligncenter wp-image-28755 size-content\" title=\"Foto da p\u00e1gina SOS Maracaj\u00e1s no Facebook\" src=\"http:\/\/rioonwatch.org.br\/wp-content\/uploads\/2017\/10\/Foto-da-p\u00e1gina-SOS-Maracaj\u00e1s-no-Facebook2-620x264.jpeg\" alt=\"\" width=\"620\" height=\"264\" srcset=\"https:\/\/rioonwatch.org.br\/wp-content\/uploads\/2017\/10\/Foto-da-p\u00e1gina-SOS-Maracaj\u00e1s-no-Facebook2-620x264.jpeg 620w, https:\/\/rioonwatch.org.br\/wp-content\/uploads\/2017\/10\/Foto-da-p\u00e1gina-SOS-Maracaj\u00e1s-no-Facebook2-940x400.jpeg 940w\" sizes=\"(max-width: 620px) 100vw, 620px\" \/><\/a><\/p>\n<p><span style=\"font-weight: 400;\">Na quarta-feira \u00e0 tarde, manifestantes de todo o Rio de Janeiro reuniram-se na Ilha do Governador para apoiar as fam\u00edlias, inclusive moradores de <\/span><a href=\"http:\/\/bit.ly\/1SmE8Zn\" target=\"_blank\" rel=\"noopener\"><span style=\"font-weight: 400;\">Guaratiba<\/span><\/a><span style=\"font-weight: 400;\"> e da <\/span><a href=\"http:\/\/bit.ly\/Nfddvg\" target=\"_blank\" rel=\"noopener\"><span style=\"font-weight: 400;\">Vila Aut\u00f3dromo<\/span><\/a><span style=\"font-weight: 400;\">, que pessoalmente vivenciaram os processos desumanos da <\/span><a href=\"http:\/\/bit.ly\/X51Qvb\" target=\"_blank\" rel=\"noopener\"><span style=\"font-weight: 400;\">remo\u00e7\u00e3o<\/span><\/a><span style=\"font-weight: 400;\"> pelo poder p\u00fablico.<\/span> <span style=\"font-weight: 400;\">Cartazes de protesto enfatizaram a hist\u00f3ria dos moradores da \u00e1rea, declarando \u201cas casas s\u00e3o nossas, 100 anos \u00e9\u00a0<\/span><a href=\"http:\/\/bit.ly\/1g73xCv\" target=\"_blank\" rel=\"noopener\"><span style=\"font-weight: 400;\">direito \u00e0 moradia<\/span><\/a>&#8220;<span style=\"font-weight: 400;\">\u00a0e \u201cn\u00e3o somos invasores\u201d. Um manifestante enquadrou o caso da Estrada de Maracaj\u00e1s no contexto das amea\u00e7as de remo\u00e7\u00e3o em toda a cidade, <\/span><a href=\"http:\/\/bit.ly\/2xkoBZZ\" target=\"_blank\" rel=\"noopener\"><span style=\"font-weight: 400;\">denunciando<\/span><\/a><span style=\"font-weight: 400;\"> o \u201cprocesso de exclus\u00e3o social, de <\/span><a href=\"http:\/\/bit.ly\/1ZvxO5p\" target=\"_blank\" rel=\"noopener\"><span style=\"font-weight: 400;\">limpeza, de higieniza\u00e7\u00e3o da cidade<\/span><\/a><span style=\"font-weight: 400;\">\u201d.<\/span><\/p>\n<p><span style=\"font-weight: 400;\">Contrastando com a <\/span><a href=\"http:\/\/bit.ly\/2xldGz5\"><span style=\"font-weight: 400;\">postagem no Facebook<\/span><\/a>\u00a0d<span style=\"font-weight: 400;\">o dia anterior, onde um morador escrevera, \u201cj\u00e1 n\u00e3o temos mais esperan\u00e7a\u201d, os moradores da Estrada de Maracaj\u00e1s sa\u00edram otimistas da manifesta\u00e7\u00e3o de quarta. \u201cFoi muito boa. A mensagem foi dada. As pessoas realmente gostaram porque foi pac\u00edfica e calma\u201d, refletiu o organizador do evento Anderson dos Santos Pereira. Diante das amea\u00e7as de viol\u00eancia, os cidad\u00e3os resolveram resistir pacificamente. Eles tamb\u00e9m relataram ter recebido o apoio da unidade local da <\/span><a href=\"http:\/\/bit.ly\/1mtYvXK\" target=\"_blank\" rel=\"noopener\"><span style=\"font-weight: 400;\">Pol\u00edcia Militar<\/span><\/a><span style=\"font-weight: 400;\"> durante o protesto.<\/span><\/p>\n<p><a href=\"http:\/\/rioonwatch.org.br\/wp-content\/uploads\/2017\/10\/Protesto.jpeg\"><img loading=\"lazy\" decoding=\"async\" class=\"aligncenter wp-image-28770 size-content\" title=\"Foto da p\u00e1gina SOS Maracaj\u00e1s no Facebook\" src=\"http:\/\/rioonwatch.org.br\/wp-content\/uploads\/2017\/10\/Protesto-620x264.jpeg\" alt=\"Foto da p\u00e1gina SOS Maracaj\u00e1s no Facebook\" width=\"620\" height=\"264\" srcset=\"https:\/\/rioonwatch.org.br\/wp-content\/uploads\/2017\/10\/Protesto-620x264.jpeg 620w, https:\/\/rioonwatch.org.br\/wp-content\/uploads\/2017\/10\/Protesto-940x400.jpeg 940w\" sizes=\"(max-width: 620px) 100vw, 620px\" \/><\/a><\/p>\n<p><span style=\"font-weight: 400;\">O protesto atraiu a aten\u00e7\u00e3o da m\u00eddia por bloquear a estrada principal de acesso \u00e0 ilha, mas a <\/span><a href=\"https:\/\/glo.bo\/2xWpUvn\" target=\"_blank\" rel=\"noopener\"><span style=\"font-weight: 400;\">reportagem de <em>O Globo<\/em><\/span><\/a><span style=\"font-weight: 400;\"><em>\u00a0<\/em><\/span><span style=\"font-weight: 400;\">n\u00e3o incluiu vozes da comunidade ou informa\u00e7\u00f5es para que os leitores obtivessem uma compreens\u00e3o melhor do problema em quest\u00e3o<\/span><span style=\"font-weight: 400;\">. <\/span><span style=\"font-weight: 400;\">A manchete focou mesmo no efeito do protesto sobre o tr\u00e2nsito, e n\u00e3o na luta dos manifestantes contra a remo\u00e7\u00e3o.<\/span> <span style=\"font-weight: 400;\">As fam\u00edlias da Estrada de Maracaj\u00e1s pretendem dar entrevistas \u00e0 m\u00eddia local nas pr\u00f3ximas semanas. Haver\u00e1 tamb\u00e9m outro protesto na quarta-feira, 11 de outubro, \u00e0s 6 horas da manh\u00e3. A manifesta\u00e7\u00e3o ser\u00e1 realizada na Avenida 20 de Janeiro, perto do aeroporto internacional, em um esfor\u00e7o para chamar a aten\u00e7\u00e3o global para a luta por moradia enfrentada por eles e por outros moradores do Rio.<\/span><\/p>\n<p><strong>Mostre seu apoio, curtindo a <a href=\"http:\/\/bit.ly\/2xeWINS\" target=\"_blank\" rel=\"noopener\">p\u00e1gina do Facebook<\/a> da comunidade e compartilhando seu conte\u00fado com a hashtag, #MaracajasContraRemocoes.<\/strong><\/p>\n<!-- AddThis Advanced Settings generic via filter on the_content --><!-- AddThis Share Buttons generic via filter on the_content -->","protected":false},"excerpt":{"rendered":"<div class=\"mh-excerpt\"><p>Click Here for English Aproximadamente 50 pessoas protestaram em solidariedade aos moradores da Estrada de Maracaj\u00e1s nessa quarta-feira, 4 de outubro. As fam\u00edlias que moram na Estrada de Maracaj\u00e1s, Gale\u00e3o, na Ilha do Governador, recentemente <a class=\"mh-excerpt-more\" href=\"https:\/\/rioonwatch.org.br\/?p=28750\" title=\"Moradores da Estrada de Maracaj\u00e1s Resistem Pacificamente \u00e0 Remo\u00e7\u00e3o com Primeiro Protesto\">[&#8230;]<\/a><!-- AddThis Advanced Settings generic via filter on get_the_excerpt --><!-- AddThis Share Buttons generic via filter on get_the_excerpt --><\/p>\n<\/div>","protected":false},"author":129,"featured_media":28752,"comment_status":"closed","ping_status":"closed","sticky":false,"template":"","format":"standard","meta":{"_acf_changed":false,"_monsterinsights_skip_tracking":false,"_monsterinsights_sitenote_active":false,"_monsterinsights_sitenote_note":"","_monsterinsights_sitenote_category":0,"footnotes":""},"categories":[1617,1614,1621,1627,346,1626],"tags":[424,396,2227,732,245,2219,2224,1037,763,14,55,218],"writer":[2133],"translator":[1875],"source":[],"ilustrador":[],"fotografo":[],"class_list":{"0":"post-28750","1":"post","2":"type-post","3":"status-publish","4":"format-standard","5":"has-post-thumbnail","7":"category-olhonagentrificacao","8":"category-olhonasremocoes","9":"category-destaque","10":"category-relato-de-evento","11":"category-denuncias","12":"category-por-observadores-internacionais","13":"tag-direito-a-moradia","14":"tag-especulacao-imobiliaria","15":"tag-galeao","16":"tag-globo","17":"tag-guaratiba","18":"tag-ilha-do-governador","19":"tag-maracajas","20":"tag-moradia","21":"tag-protesto","22":"tag-remocao","23":"tag-vila-autodromo","24":"tag-zona-norte","25":"writer-tyler-strobl","26":"translator-marina-hennies"},"acf":[],"yoast_head":"<!-- This site is optimized with the Yoast SEO plugin v25.6 - https:\/\/yoast.com\/wordpress\/plugins\/seo\/ -->\n<title>Moradores da Estrada de Maracaj\u00e1s Resistem Pacificamente \u00e0 Remo\u00e7\u00e3o com Primeiro Protesto - RioOnWatch<\/title>\n<meta name=\"robots\" content=\"index, follow, max-snippet:-1, max-image-preview:large, max-video-preview:-1\" \/>\n<link rel=\"canonical\" href=\"https:\/\/rioonwatch.org.br\/?p=28750\" \/>\n<meta property=\"og:locale\" content=\"pt_BR\" \/>\n<meta property=\"og:type\" content=\"article\" \/>\n<meta property=\"og:title\" content=\"Moradores da Estrada de Maracaj\u00e1s Resistem Pacificamente \u00e0 Remo\u00e7\u00e3o com Primeiro Protesto - RioOnWatch\" \/>\n<meta property=\"og:description\" content=\"Click Here for English Aproximadamente 50 pessoas protestaram em solidariedade aos moradores da Estrada de Maracaj\u00e1s nessa quarta-feira, 4 de outubro. As fam\u00edlias que moram na Estrada de Maracaj\u00e1s, Gale\u00e3o, na Ilha do Governador, recentemente [...]\" \/>\n<meta property=\"og:url\" content=\"https:\/\/rioonwatch.org.br\/?p=28750\" \/>\n<meta property=\"og:site_name\" content=\"RioOnWatch\" \/>\n<meta property=\"article:published_time\" content=\"2017-10-07T17:19:21+00:00\" \/>\n<meta property=\"article:modified_time\" content=\"2017-10-10T12:42:32+00:00\" \/>\n<meta property=\"og:image\" content=\"https:\/\/rioonwatch.org.br\/wp-content\/uploads\/2017\/10\/Foto-da-p\u00e1gina-SOS-Maracaj\u00e1s-no-Facebook.jpeg\" \/>\n\t<meta property=\"og:image:width\" content=\"1280\" \/>\n\t<meta property=\"og:image:height\" content=\"720\" \/>\n\t<meta property=\"og:image:type\" content=\"image\/jpeg\" \/>\n<meta name=\"author\" content=\"Admin\" \/>\n<meta name=\"twitter:card\" content=\"summary_large_image\" \/>\n<meta name=\"twitter:label1\" content=\"Escrito por\" \/>\n\t<meta name=\"twitter:data1\" content=\"Admin\" \/>\n\t<meta name=\"twitter:label2\" content=\"Est. tempo de leitura\" \/>\n\t<meta name=\"twitter:data2\" content=\"3 minutos\" \/>\n<script type=\"application\/ld+json\" class=\"yoast-schema-graph\">{\"@context\":\"https:\/\/schema.org\",\"@graph\":[{\"@type\":\"Article\",\"@id\":\"https:\/\/rioonwatch.org.br\/?p=28750#article\",\"isPartOf\":{\"@id\":\"https:\/\/rioonwatch.org.br\/?p=28750\"},\"author\":{\"name\":\"Admin\",\"@id\":\"https:\/\/rioonwatch.org.br\/#\/schema\/person\/11d64c290506f9df50c71b850c473f68\"},\"headline\":\"Moradores da Estrada de Maracaj\u00e1s Resistem Pacificamente \u00e0 Remo\u00e7\u00e3o com Primeiro Protesto\",\"datePublished\":\"2017-10-07T17:19:21+00:00\",\"dateModified\":\"2017-10-10T12:42:32+00:00\",\"mainEntityOfPage\":{\"@id\":\"https:\/\/rioonwatch.org.br\/?p=28750\"},\"wordCount\":589,\"publisher\":{\"@id\":\"https:\/\/rioonwatch.org.br\/#organization\"},\"image\":{\"@id\":\"https:\/\/rioonwatch.org.br\/?p=28750#primaryimage\"},\"thumbnailUrl\":\"https:\/\/rioonwatch.org.br\/wp-content\/uploads\/2017\/10\/Foto-da-p\u00e1gina-SOS-Maracaj\u00e1s-no-Facebook.jpeg\",\"keywords\":[\"Direito \u00e0 Moradia\",\"especula\u00e7\u00e3o imobili\u00e1ria\",\"Gale\u00e3o\",\"Globo\",\"Guaratiba\",\"Ilha do Governador\",\"Maracaj\u00e1s\",\"moradia\",\"protesto\",\"Remo\u00e7\u00e3o\",\"Vila Aut\u00f3dromo\",\"Zona Norte\"],\"articleSection\":[\"#OlhoNaGentrifica\u00e7\u00e3o\",\"#OlhoNasRemo\u00e7\u00f5es\",\"*Destaque\",\"Cobertura de Eventos\",\"Den\u00fancias\",\"Escrito por Aliados\"],\"inLanguage\":\"pt-BR\"},{\"@type\":\"WebPage\",\"@id\":\"https:\/\/rioonwatch.org.br\/?p=28750\",\"url\":\"https:\/\/rioonwatch.org.br\/?p=28750\",\"name\":\"Moradores da Estrada de Maracaj\u00e1s Resistem Pacificamente \u00e0 Remo\u00e7\u00e3o com Primeiro Protesto - RioOnWatch\",\"isPartOf\":{\"@id\":\"https:\/\/rioonwatch.org.br\/#website\"},\"primaryImageOfPage\":{\"@id\":\"https:\/\/rioonwatch.org.br\/?p=28750#primaryimage\"},\"image\":{\"@id\":\"https:\/\/rioonwatch.org.br\/?p=28750#primaryimage\"},\"thumbnailUrl\":\"https:\/\/rioonwatch.org.br\/wp-content\/uploads\/2017\/10\/Foto-da-p\u00e1gina-SOS-Maracaj\u00e1s-no-Facebook.jpeg\",\"datePublished\":\"2017-10-07T17:19:21+00:00\",\"dateModified\":\"2017-10-10T12:42:32+00:00\",\"breadcrumb\":{\"@id\":\"https:\/\/rioonwatch.org.br\/?p=28750#breadcrumb\"},\"inLanguage\":\"pt-BR\",\"potentialAction\":[{\"@type\":\"ReadAction\",\"target\":[\"https:\/\/rioonwatch.org.br\/?p=28750\"]}]},{\"@type\":\"ImageObject\",\"inLanguage\":\"pt-BR\",\"@id\":\"https:\/\/rioonwatch.org.br\/?p=28750#primaryimage\",\"url\":\"https:\/\/rioonwatch.org.br\/wp-content\/uploads\/2017\/10\/Foto-da-p\u00e1gina-SOS-Maracaj\u00e1s-no-Facebook.jpeg\",\"contentUrl\":\"https:\/\/rioonwatch.org.br\/wp-content\/uploads\/2017\/10\/Foto-da-p\u00e1gina-SOS-Maracaj\u00e1s-no-Facebook.jpeg\",\"width\":1280,\"height\":720},{\"@type\":\"BreadcrumbList\",\"@id\":\"https:\/\/rioonwatch.org.br\/?p=28750#breadcrumb\",\"itemListElement\":[{\"@type\":\"ListItem\",\"position\":1,\"name\":\"In\u00edcio\",\"item\":\"https:\/\/rioonwatch.org.br\/\"},{\"@type\":\"ListItem\",\"position\":2,\"name\":\"Moradores da Estrada de Maracaj\u00e1s Resistem Pacificamente \u00e0 Remo\u00e7\u00e3o com Primeiro Protesto\"}]},{\"@type\":\"WebSite\",\"@id\":\"https:\/\/rioonwatch.org.br\/#website\",\"url\":\"https:\/\/rioonwatch.org.br\/\",\"name\":\"RioOnWatch\",\"description\":\"relatos das favelas cariocas\",\"publisher\":{\"@id\":\"https:\/\/rioonwatch.org.br\/#organization\"},\"potentialAction\":[{\"@type\":\"SearchAction\",\"target\":{\"@type\":\"EntryPoint\",\"urlTemplate\":\"https:\/\/rioonwatch.org.br\/?s={search_term_string}\"},\"query-input\":{\"@type\":\"PropertyValueSpecification\",\"valueRequired\":true,\"valueName\":\"search_term_string\"}}],\"inLanguage\":\"pt-BR\"},{\"@type\":\"Organization\",\"@id\":\"https:\/\/rioonwatch.org.br\/#organization\",\"name\":\"RioOnWatch\",\"url\":\"https:\/\/rioonwatch.org.br\/\",\"logo\":{\"@type\":\"ImageObject\",\"inLanguage\":\"pt-BR\",\"@id\":\"https:\/\/rioonwatch.org.br\/#\/schema\/logo\/image\/\",\"url\":\"https:\/\/rioonwatch.org.br\/wp-content\/uploads\/2021\/06\/RioOnWatchcabecalhoPT11anos-2.png\",\"contentUrl\":\"https:\/\/rioonwatch.org.br\/wp-content\/uploads\/2021\/06\/RioOnWatchcabecalhoPT11anos-2.png\",\"width\":779,\"height\":277,\"caption\":\"RioOnWatch\"},\"image\":{\"@id\":\"https:\/\/rioonwatch.org.br\/#\/schema\/logo\/image\/\"}},{\"@type\":\"Person\",\"@id\":\"https:\/\/rioonwatch.org.br\/#\/schema\/person\/11d64c290506f9df50c71b850c473f68\",\"name\":\"Admin\",\"image\":{\"@type\":\"ImageObject\",\"inLanguage\":\"pt-BR\",\"@id\":\"https:\/\/rioonwatch.org.br\/#\/schema\/person\/image\/\",\"url\":\"https:\/\/secure.gravatar.com\/avatar\/56211ac74568383903349a1485e3c325?s=96&d=blank&r=g\",\"contentUrl\":\"https:\/\/secure.gravatar.com\/avatar\/56211ac74568383903349a1485e3c325?s=96&d=blank&r=g\",\"caption\":\"Admin\"},\"url\":\"https:\/\/rioonwatch.org.br\/?author=129\"}]}<\/script>\n<!-- \/ Yoast SEO plugin. -->","yoast_head_json":{"title":"Moradores da Estrada de Maracaj\u00e1s Resistem Pacificamente \u00e0 Remo\u00e7\u00e3o com Primeiro Protesto - RioOnWatch","robots":{"index":"index","follow":"follow","max-snippet":"max-snippet:-1","max-image-preview":"max-image-preview:large","max-video-preview":"max-video-preview:-1"},"canonical":"https:\/\/rioonwatch.org.br\/?p=28750","og_locale":"pt_BR","og_type":"article","og_title":"Moradores da Estrada de Maracaj\u00e1s Resistem Pacificamente \u00e0 Remo\u00e7\u00e3o com Primeiro Protesto - RioOnWatch","og_description":"Click Here for English Aproximadamente 50 pessoas protestaram em solidariedade aos moradores da Estrada de Maracaj\u00e1s nessa quarta-feira, 4 de outubro. As fam\u00edlias que moram na Estrada de Maracaj\u00e1s, Gale\u00e3o, na Ilha do Governador, recentemente [...]","og_url":"https:\/\/rioonwatch.org.br\/?p=28750","og_site_name":"RioOnWatch","article_published_time":"2017-10-07T17:19:21+00:00","article_modified_time":"2017-10-10T12:42:32+00:00","og_image":[{"width":1280,"height":720,"url":"https:\/\/rioonwatch.org.br\/wp-content\/uploads\/2017\/10\/Foto-da-p\u00e1gina-SOS-Maracaj\u00e1s-no-Facebook.jpeg","type":"image\/jpeg"}],"author":"Admin","twitter_card":"summary_large_image","twitter_misc":{"Escrito por":"Admin","Est. tempo de leitura":"3 minutos"},"schema":{"@context":"https:\/\/schema.org","@graph":[{"@type":"Article","@id":"https:\/\/rioonwatch.org.br\/?p=28750#article","isPartOf":{"@id":"https:\/\/rioonwatch.org.br\/?p=28750"},"author":{"name":"Admin","@id":"https:\/\/rioonwatch.org.br\/#\/schema\/person\/11d64c290506f9df50c71b850c473f68"},"headline":"Moradores da Estrada de Maracaj\u00e1s Resistem Pacificamente \u00e0 Remo\u00e7\u00e3o com Primeiro Protesto","datePublished":"2017-10-07T17:19:21+00:00","dateModified":"2017-10-10T12:42:32+00:00","mainEntityOfPage":{"@id":"https:\/\/rioonwatch.org.br\/?p=28750"},"wordCount":589,"publisher":{"@id":"https:\/\/rioonwatch.org.br\/#organization"},"image":{"@id":"https:\/\/rioonwatch.org.br\/?p=28750#primaryimage"},"thumbnailUrl":"https:\/\/rioonwatch.org.br\/wp-content\/uploads\/2017\/10\/Foto-da-p\u00e1gina-SOS-Maracaj\u00e1s-no-Facebook.jpeg","keywords":["Direito \u00e0 Moradia","especula\u00e7\u00e3o imobili\u00e1ria","Gale\u00e3o","Globo","Guaratiba","Ilha do Governador","Maracaj\u00e1s","moradia","protesto","Remo\u00e7\u00e3o","Vila Aut\u00f3dromo","Zona Norte"],"articleSection":["#OlhoNaGentrifica\u00e7\u00e3o","#OlhoNasRemo\u00e7\u00f5es","*Destaque","Cobertura de Eventos","Den\u00fancias","Escrito por Aliados"],"inLanguage":"pt-BR"},{"@type":"WebPage","@id":"https:\/\/rioonwatch.org.br\/?p=28750","url":"https:\/\/rioonwatch.org.br\/?p=28750","name":"Moradores da Estrada de Maracaj\u00e1s Resistem Pacificamente \u00e0 Remo\u00e7\u00e3o com Primeiro Protesto - RioOnWatch","isPartOf":{"@id":"https:\/\/rioonwatch.org.br\/#website"},"primaryImageOfPage":{"@id":"https:\/\/rioonwatch.org.br\/?p=28750#primaryimage"},"image":{"@id":"https:\/\/rioonwatch.org.br\/?p=28750#primaryimage"},"thumbnailUrl":"https:\/\/rioonwatch.org.br\/wp-content\/uploads\/2017\/10\/Foto-da-p\u00e1gina-SOS-Maracaj\u00e1s-no-Facebook.jpeg","datePublished":"2017-10-07T17:19:21+00:00","dateModified":"2017-10-10T12:42:32+00:00","breadcrumb":{"@id":"https:\/\/rioonwatch.org.br\/?p=28750#breadcrumb"},"inLanguage":"pt-BR","potentialAction":[{"@type":"ReadAction","target":["https:\/\/rioonwatch.org.br\/?p=28750"]}]},{"@type":"ImageObject","inLanguage":"pt-BR","@id":"https:\/\/rioonwatch.org.br\/?p=28750#primaryimage","url":"https:\/\/rioonwatch.org.br\/wp-content\/uploads\/2017\/10\/Foto-da-p\u00e1gina-SOS-Maracaj\u00e1s-no-Facebook.jpeg","contentUrl":"https:\/\/rioonwatch.org.br\/wp-content\/uploads\/2017\/10\/Foto-da-p\u00e1gina-SOS-Maracaj\u00e1s-no-Facebook.jpeg","width":1280,"height":720},{"@type":"BreadcrumbList","@id":"https:\/\/rioonwatch.org.br\/?p=28750#breadcrumb","itemListElement":[{"@type":"ListItem","position":1,"name":"In\u00edcio","item":"https:\/\/rioonwatch.org.br\/"},{"@type":"ListItem","position":2,"name":"Moradores da Estrada de Maracaj\u00e1s Resistem Pacificamente \u00e0 Remo\u00e7\u00e3o com Primeiro Protesto"}]},{"@type":"WebSite","@id":"https:\/\/rioonwatch.org.br\/#website","url":"https:\/\/rioonwatch.org.br\/","name":"RioOnWatch","description":"relatos das favelas cariocas","publisher":{"@id":"https:\/\/rioonwatch.org.br\/#organization"},"potentialAction":[{"@type":"SearchAction","target":{"@type":"EntryPoint","urlTemplate":"https:\/\/rioonwatch.org.br\/?s={search_term_string}"},"query-input":{"@type":"PropertyValueSpecification","valueRequired":true,"valueName":"search_term_string"}}],"inLanguage":"pt-BR"},{"@type":"Organization","@id":"https:\/\/rioonwatch.org.br\/#organization","name":"RioOnWatch","url":"https:\/\/rioonwatch.org.br\/","logo":{"@type":"ImageObject","inLanguage":"pt-BR","@id":"https:\/\/rioonwatch.org.br\/#\/schema\/logo\/image\/","url":"https:\/\/rioonwatch.org.br\/wp-content\/uploads\/2021\/06\/RioOnWatchcabecalhoPT11anos-2.png","contentUrl":"https:\/\/rioonwatch.org.br\/wp-content\/uploads\/2021\/06\/RioOnWatchcabecalhoPT11anos-2.png","width":779,"height":277,"caption":"RioOnWatch"},"image":{"@id":"https:\/\/rioonwatch.org.br\/#\/schema\/logo\/image\/"}},{"@type":"Person","@id":"https:\/\/rioonwatch.org.br\/#\/schema\/person\/11d64c290506f9df50c71b850c473f68","name":"Admin","image":{"@type":"ImageObject","inLanguage":"pt-BR","@id":"https:\/\/rioonwatch.org.br\/#\/schema\/person\/image\/","url":"https:\/\/secure.gravatar.com\/avatar\/56211ac74568383903349a1485e3c325?s=96&d=blank&r=g","contentUrl":"https:\/\/secure.gravatar.com\/avatar\/56211ac74568383903349a1485e3c325?s=96&d=blank&r=g","caption":"Admin"},"url":"https:\/\/rioonwatch.org.br\/?author=129"}]}},"_links":{"self":[{"href":"https:\/\/rioonwatch.org.br\/index.php?rest_route=\/wp\/v2\/posts\/28750"}],"collection":[{"href":"https:\/\/rioonwatch.org.br\/index.php?rest_route=\/wp\/v2\/posts"}],"about":[{"href":"https:\/\/rioonwatch.org.br\/index.php?rest_route=\/wp\/v2\/types\/post"}],"author":[{"embeddable":true,"href":"https:\/\/rioonwatch.org.br\/index.php?rest_route=\/wp\/v2\/users\/129"}],"replies":[{"embeddable":true,"href":"https:\/\/rioonwatch.org.br\/index.php?rest_route=%2Fwp%2Fv2%2Fcomments&post=28750"}],"version-history":[{"count":11,"href":"https:\/\/rioonwatch.org.br\/index.php?rest_route=\/wp\/v2\/posts\/28750\/revisions"}],"predecessor-version":[{"id":28771,"href":"https:\/\/rioonwatch.org.br\/index.php?rest_route=\/wp\/v2\/posts\/28750\/revisions\/28771"}],"wp:featuredmedia":[{"embeddable":true,"href":"https:\/\/rioonwatch.org.br\/index.php?rest_route=\/wp\/v2\/media\/28752"}],"wp:attachment":[{"href":"https:\/\/rioonwatch.org.br\/index.php?rest_route=%2Fwp%2Fv2%2Fmedia&parent=28750"}],"wp:term":[{"taxonomy":"category","embeddable":true,"href":"https:\/\/rioonwatch.org.br\/index.php?rest_route=%2Fwp%2Fv2%2Fcategories&post=28750"},{"taxonomy":"post_tag","embeddable":true,"href":"https:\/\/rioonwatch.org.br\/index.php?rest_route=%2Fwp%2Fv2%2Ftags&post=28750"},{"taxonomy":"writer","embeddable":true,"href":"https:\/\/rioonwatch.org.br\/index.php?rest_route=%2Fwp%2Fv2%2Fwriter&post=28750"},{"taxonomy":"translator","embeddable":true,"href":"https:\/\/rioonwatch.org.br\/index.php?rest_route=%2Fwp%2Fv2%2Ftranslator&post=28750"},{"taxonomy":"source","embeddable":true,"href":"https:\/\/rioonwatch.org.br\/index.php?rest_route=%2Fwp%2Fv2%2Fsource&post=28750"},{"taxonomy":"ilustrador","embeddable":true,"href":"https:\/\/rioonwatch.org.br\/index.php?rest_route=%2Fwp%2Fv2%2Filustrador&post=28750"},{"taxonomy":"fotografo","embeddable":true,"href":"https:\/\/rioonwatch.org.br\/index.php?rest_route=%2Fwp%2Fv2%2Ffotografo&post=28750"}],"curies":[{"name":"wp","href":"https:\/\/api.w.org\/{rel}","templated":true}]}}