{"id":28796,"date":"2017-10-11T09:21:51","date_gmt":"2017-10-11T12:21:51","guid":{"rendered":"http:\/\/rioonwatch.org.br\/?p=28796"},"modified":"2019-07-03T12:23:47","modified_gmt":"2019-07-03T15:23:47","slug":"grupos-socioambientais-da-zona-norte-do-rio-de-janeiro-lancam-filme-e-rio-ou-valao","status":"publish","type":"post","link":"https:\/\/rioonwatch.org.br\/?p=28796","title":{"rendered":"Grupos Socioambientais da Zona Norte do Rio Lan\u00e7am Filme &#8216;\u00c9 Rio ou Val\u00e3o?&#8217;"},"content":{"rendered":"<p style=\"text-align: right;\"><em><strong><a href=\"http:\/\/bit.ly\/2hVfmIX\" target=\"_blank\" rel=\"noopener noreferrer\">Click Here for English<img decoding=\"async\" width=\"20\" height=\"20\" class=\"alignright wp-image-15790\" src=\"http:\/\/rioonwatch.org.br\/wp-content\/uploads\/2012\/08\/EN-standard-e1439583104716.jpg\" alt=\"\" \/><\/a><\/strong><\/em><\/p>\n<p><span style=\"font-weight: 400;\">No dia 3 de outubro, o curta-metragem educacional <em><a href=\"http:\/\/bit.ly\/2hPoONI\" target=\"_blank\" rel=\"noopener noreferrer\">\u00c9 Rio ou Val\u00e3o?<\/a><\/em>\u00a0foi lan\u00e7ado no campus da\u00a0<a href=\"http:\/\/bit.ly\/2fpA0dB\" target=\"_blank\" rel=\"noopener noreferrer\">Fiocruz<\/a> em <a href=\"http:\/\/bit.ly\/ZC9b6z\" target=\"_blank\" rel=\"noopener noreferrer\">Manguinhos<\/a>. A sess\u00e3o do filme foi acompanhada de um painel de discuss\u00e3o e de uma performance teatral, ao vivo, realizada por jovens engajados na organiza\u00e7\u00e3o comunit\u00e1ria <a href=\"http:\/\/bit.ly\/18qCd1y\" target=\"_blank\" rel=\"noopener noreferrer\">socioambiental Verdejar<\/a>, na <a href=\"http:\/\/bit.ly\/WximDf\" target=\"_blank\" rel=\"noopener noreferrer\">Zona Norte<\/a>, que tamb\u00e9m atuaram como protagonistas do filme. Em parceria com a Fiocruz, o filme foi desenvolvido pelo <a href=\"http:\/\/bit.ly\/2y4gMX2\" target=\"_blank\" rel=\"noopener noreferrer\">Observat\u00f3rio da Sub-bacia Hidrogr\u00e1fica do Canal do Cunha<\/a>, uma iniciativa que visa construir pol\u00edticas p\u00fablicas mais participativas e ambientalmente justas para a regi\u00e3o, liderada pelas organiza\u00e7\u00f5es comunit\u00e1rias e movimentos sociais que comp\u00f5em o <a href=\"http:\/\/bit.ly\/2y7KjQj\" target=\"_blank\" rel=\"noopener noreferrer\">Grupo de Articula\u00e7\u00e3o dos Povos da Sub-bacia do Canal do Cunha<\/a>. <\/span><\/p>\n<p><span style=\"font-weight: 400;\">Representantes de cada institui\u00e7\u00e3o envolvida na produ\u00e7\u00e3o do filme enfatizaram a natureza colaborativa do projeto&#8211;unindo movimentos sociais e outros grupos da sociedade civil com a academia e entidades p\u00fablicas em um esfor\u00e7o para <a href=\"http:\/\/bit.ly\/2oT94aC\" target=\"_blank\" rel=\"noopener noreferrer\">conectar formas de conhecimentos de base com conhecimentos t\u00e9cnicos e cient\u00edficos<\/a>. <\/span><\/p>\n<p>Em um contexto caracterizado pelo acesso desigual aos bens ambientais, press\u00f5es crescentes para sujeitar os recursos naturais que sustentam a vida \u00e0 l\u00f3gica baseada no mercado, e o desproporcional fardo de problemas ambientais enfrentados pelas popula\u00e7\u00f5es marginalizadas, torna-se ainda mais urgente e necess\u00e1rio abordar efetivamente as quest\u00f5es socioambientais comunicadas atrav\u00e9s do filme.<\/p>\n<h3><strong>\u00c9 Rio ou Val\u00e3o?<\/strong><\/h3>\n<p><span style=\"font-weight: 400;\">Tomando a quest\u00e3o da nomenclatura ostensivamente simples do t\u00edtulo como ponto de partida, o filme <em>\u00c9 Rio ou Val\u00e3o?<\/em>\u00a0explora a forma como os adolescentes Andrey, Jonas, Lucas e seus colegas percebem o Rio Faria-Timb\u00f3. Com a inten\u00e7\u00e3o de servir como uma ferramenta educativa, o filme convida o p\u00fablico a considerar a rela\u00e7\u00e3o entre os humanos e o meio ambiente no qual vivemos, sugerindo que a forma como n\u00f3s entendemos, nos engajamos e valorizamos os recursos naturais \u00e9 crucial para a garantia de sua sustentabilidade e conserva\u00e7\u00e3o. Atrav\u00e9s dessas lentes, o filme destaca a quest\u00e3o do acesso e do uso dos <a href=\"http:\/\/bit.ly\/1GyyKkX\" target=\"_blank\" rel=\"noopener noreferrer\">recursos h\u00eddricos<\/a> nas favelas, um debate altamente relevante \u00e0 luz das <a href=\"http:\/\/bit.ly\/2t2Fpkc\" target=\"_blank\" rel=\"noopener noreferrer\">viola\u00e7\u00f5es desenfreadas dos direitos socioambientais<\/a> vivenciadas por muitos moradores da Zona Norte. A Zona Norte \u00e9 a\u00a0<a href=\"http:\/\/bit.ly\/29Z6okk\" target=\"_blank\" rel=\"noopener noreferrer\">regi\u00e3o mais populosa e mais densamente habitada<\/a> do munic\u00edpio, lar de um ter\u00e7o da popula\u00e7\u00e3o da cidade e de <a href=\"http:\/\/bit.ly\/1U8FIwP\" target=\"_blank\" rel=\"noopener noreferrer\">quase metade dos moradores de favelas do Rio<\/a>. <\/span><\/p>\n<p><a href=\"http:\/\/rioonwatch.org.br\/wp-content\/uploads\/2017\/10\/Rio-ou-Vala\u0303o.jpg\"><img fetchpriority=\"high\" decoding=\"async\" class=\"aligncenter wp-image-28803 size-content\" title=\"Imagem por Observat\u00f3rio da Sub-Bacia do Canal do Cunha\" src=\"http:\/\/rioonwatch.org.br\/wp-content\/uploads\/2017\/10\/Rio-ou-Vala\u0303o-620x264.jpg\" alt=\"\" width=\"620\" height=\"264\" srcset=\"https:\/\/rioonwatch.org.br\/wp-content\/uploads\/2017\/10\/Rio-ou-Vala\u0303o-620x264.jpg 620w, https:\/\/rioonwatch.org.br\/wp-content\/uploads\/2017\/10\/Rio-ou-Vala\u0303o-618x264.jpg 618w, https:\/\/rioonwatch.org.br\/wp-content\/uploads\/2017\/10\/Rio-ou-Vala\u0303o.jpg 679w\" sizes=\"(max-width: 620px) 100vw, 620px\" \/><\/a><\/p>\n<p><span style=\"font-weight: 400;\">O Rio Faria-Timb\u00f3 forma uma fronteira natural entre as Zonas Norte e <a href=\"http:\/\/bit.ly\/11tBmFR\" target=\"_blank\" rel=\"noopener noreferrer\">Oeste<\/a> do Rio, fluindo para o leste e canalizado no <a href=\"http:\/\/bit.ly\/2zbNBj9\" target=\"_blank\" rel=\"noopener noreferrer\">Canal do Cunha<\/a>, que atravessa as favelas de Manguinhos e o <a href=\"http:\/\/bit.ly\/10BvARw\" target=\"_blank\" rel=\"noopener noreferrer\">Complexo da Mar\u00e9<\/a> antes de desaguar na <a href=\"http:\/\/bit.ly\/1i8xoT1\" target=\"_blank\" rel=\"noopener noreferrer\">Ba\u00eda de Guanabara<\/a>. <\/span><\/p>\n<p><span style=\"font-weight: 400;\">Entrevistado no filme, o ambientalista e fundador do movimento <a href=\"http:\/\/bit.ly\/290hjd8\" target=\"_blank\" rel=\"noopener noreferrer\">Ba\u00eda Viva<\/a>, S\u00e9rgio Ricardo Lima, explica: <\/span><\/p>\n<blockquote><p><span style=\"font-weight: 400;\">As ra\u00edzes dessa <a href=\"http:\/\/bit.ly\/1MUNDKv\" target=\"_blank\" rel=\"noopener noreferrer\">polui\u00e7\u00e3o<\/a> t\u00eam a ver com o grande aterramento que foi feito em toda essa regi\u00e3o aqui. Isso reduziu a profundidade dos canais e dos rios que desaguam aqui na Ba\u00eda de Guanabara.\u00a0<\/span><span style=\"font-weight: 400;\">N\u00f3s temos hoje um grande problema de assoreamento. A Ba\u00eda est\u00e1 ficando mais rasa impedindo a circula\u00e7\u00e3o das embarca\u00e7\u00f5es, inclusive dos pescadores, e\u00a0<\/span><span style=\"font-weight: 400;\">n\u00f3s temos aqui a refinaria de petr\u00f3leo de Manguinhos, que durante d\u00e9cadas lan\u00e7ou \u00f3leo e poluentes industriais nas \u00e1guas da Ba\u00eda.<\/span><\/p><\/blockquote>\n<p><span style=\"font-weight: 400;\">Na aus\u00eancia de infraestrutura de <a href=\"http:\/\/bit.ly\/14lMZGK\" target=\"_blank\" rel=\"noopener noreferrer\">saneamento<\/a>\u00a0universal e tratamento de <a href=\"http:\/\/bit.ly\/1TpORFB\" target=\"_blank\" rel=\"noopener noreferrer\">esgoto<\/a> adequado <a href=\"http:\/\/bit.ly\/1NzuogA\" target=\"_blank\" rel=\"noopener noreferrer\">na cidade como um todo<\/a>, e considerando a grande concentra\u00e7\u00e3o de ind\u00fastrias na Zona Norte (onde acontece aproximadamente <a href=\"http:\/\/bit.ly\/2y2wdzu\" target=\"_blank\" rel=\"noopener noreferrer\">58% da produ\u00e7\u00e3o industrial da cidade<\/a>), efluentes industriais e dom\u00e9sticos n\u00e3o tratados tornaram o Canal do Cunha um dos canais mais polu\u00eddos da Ba\u00eda. <\/span><\/p>\n<p><span style=\"font-weight: 400;\">Os impactos negativos que resultam das poucas condi\u00e7\u00f5es de saneamento e da degrada\u00e7\u00e3o ambiental, entretanto, n\u00e3o s\u00e3o distribu\u00eddos igualmente. Os danos resultantes da degrada\u00e7\u00e3o afetam desproporcionalmente a sa\u00fade e o bem-estar dos moradores das favelas e das periferias urbanas. <\/span><\/p>\n<p><span style=\"font-weight: 400;\">\u201cQuem sofre mais com isso \u00e9 a classe trabalhadora mais pobre de origem afrodescendente&#8211;em sua grande maioria&#8211;e nordestina. Ent\u00e3o determinados grupos de pessoas s\u00e3o mais afetados do que outros por problemas ambientais\u201d, explica Ernesto Gomes Imbroisi, o professor dos estudantes no filme. <\/span><\/p>\n<p><span style=\"font-weight: 400;\">A exposi\u00e7\u00e3o aos danos resultantes da \u00e1gua n\u00e3o tratada, do esgoto e do lixo acumulado&#8211;juntamente \u00e0 falta de acesso a recursos naturais cruciais, sob os quais as vidas e os meios de subsist\u00eancia dependem&#8211;viola o direito dessas comunidades a um meio ambiente saud\u00e1vel e constitui uma grave forma de injusti\u00e7a ambiental. <\/span><\/p>\n<p><span style=\"font-weight: 400;\">Nessa perspectiva, \u00e9 essencial expandir a nossa concep\u00e7\u00e3o de <a href=\"http:\/\/bit.ly\/1kzUmMv\" target=\"_blank\" rel=\"noopener noreferrer\">sa\u00fade<\/a>. \u201cSa\u00fade n\u00e3o \u00e9 apenas a aus\u00eancia de doen\u00e7a\u201d, o jovem narrador do filme explica. \u201cSa\u00fade tem a ver com as condi\u00e7\u00f5es gerais de vida das pessoas. \u00c9 o saneamento b\u00e1sico, a educa\u00e7\u00e3o, o trabalho, a moradia e o meio ambiente\u201d. <\/span><\/p>\n<h3><strong>\u201cVamos Verdejar!\u201d<\/strong>\u2014<strong>uma convoca\u00e7\u00e3o para proteger a Serra da Miseric\u00f3rdia<\/strong><\/h3>\n<p><span style=\"font-weight: 400;\">No filme, Edson Gomes, coordenador geral do Verdejar, enfatiza o papel crucial, <a href=\"http:\/\/bit.ly\/1Kq48Sn\" target=\"_blank\" rel=\"noopener noreferrer\">social e ecol\u00f3gico da Serra da Miseric\u00f3rdia<\/a>, um maci\u00e7o rochoso e uma floresta urbana que faz fronteira com 27 bairros e que compreende a \u00faltima \u00e1rea expansiva da Mata Atl\u00e2ntica na Zona Norte da cidade. <\/span><\/p>\n<p><a href=\"http:\/\/rioonwatch.org.br\/wp-content\/uploads\/2017\/10\/Screen-Shot-2017-10-05-at-2.48.32-PM.png\"><img decoding=\"async\" class=\"aligncenter wp-image-28820 size-content\" title=\"Foto por Ava Rose Hoffman\" src=\"http:\/\/rioonwatch.org.br\/wp-content\/uploads\/2017\/10\/Screen-Shot-2017-10-05-at-2.48.32-PM-620x264.png\" alt=\"\" width=\"620\" height=\"264\" \/><\/a><\/p>\n<p><span style=\"font-weight: 400;\">Embora a Serra da Miseric\u00f3rdia tenha <a href=\"http:\/\/bit.ly\/1Kq48Sn\" target=\"_blank\" rel=\"noopener noreferrer\">recebido o status de \u00c1rea de Prote\u00e7\u00e3o Ambiental e Recupera\u00e7\u00e3o Urbana (APARU) em 2000<\/a> e esteja localizada na zona mais populosa do Rio, companhias mineradoras continuam a operar pedreiras para a produ\u00e7\u00e3o de concreto na regi\u00e3o. A extra\u00e7\u00e3o coloca em perigo os sistemas ecol\u00f3gicos, incluindo a destrui\u00e7\u00e3o de fontes naturais&#8211;tradicionalmente utilizadas como fontes de \u00e1gua doce pelos moradores&#8211;e dist\u00farbios terrestres, impactando a sedimenta\u00e7\u00e3o da Ba\u00eda de Guanabara. Outra forma alarmante de degrada\u00e7\u00e3o ambiental na Zona Norte causada pela atividade humana \u00e9 a destrui\u00e7\u00e3o de florestas rip\u00e1rias&#8211;\u00e1rvores e vegeta\u00e7\u00e3o que atravessam corpos de \u00e1gua como rios e reservat\u00f3rios. Como explica Edson, a destrui\u00e7\u00e3o desses amortecedores de prote\u00e7\u00e3o deixa a \u00e1gua diretamente exposta a impactos ambientais negativos, como a eros\u00e3o das margens dos rios.<\/span><\/p>\n<p><span style=\"font-weight: 400;\">Edson instrui os estudantes no filme: \u201cQuer saber se \u00e9 val\u00e3o ou rio? Procura se tem uma nascente ou um cano. Infelizmente a maioria dos rios daqui dessa regi\u00e3o t\u00eam os dois\u2026 Ent\u00e3o ele originalmente \u00e9 um rio, que se torna&#8211;ou parece que \u00e9&#8211;um val\u00e3o pelo pr\u00f3prio trato que \u00e9 dado pela popula\u00e7\u00e3o e pelo poder p\u00fablico\u201d.<\/span><\/p>\n<p><span style=\"font-weight: 400;\">Acompanhando a sess\u00e3o do filme, jovens produtores culturais do <a href=\"http:\/\/bit.ly\/2xkJlf4\" target=\"_blank\" rel=\"noopener noreferrer\">Ponto de Cultura Luiz Poeta Verdejar<\/a> realizaram a performance teatral intitulada \u201cVamos Verdejar!\u201d Com a celebra\u00e7\u00e3o do 20\u00ba anivers\u00e1rio do Verdejar este ano, a performance\u00a0relatou a hist\u00f3ria da organiza\u00e7\u00e3o, decorrente da <a href=\"http:\/\/bit.ly\/QHchFt\" target=\"_blank\" rel=\"noopener noreferrer\">vis\u00e3o e do compromisso do fundador Luiz Poeta<\/a> em proteger implacavelmente a Serra da Miseric\u00f3rdia de interesses privados e da degrada\u00e7\u00e3o ambiental.<\/span><\/p>\n<p><span style=\"font-weight: 400;\">A performance concluiu com a revela\u00e7\u00e3o de cartazes, onde estavam escritos: \u201cA Serra da Miseric\u00f3rdia \u00e9 uma das \u00faltimas \u00e1reas verdes da Mata Atl\u00e2ntica na Zona Norte. A Zona Norte tem o menor\u00a0<a href=\"http:\/\/bit.ly\/2gahNGS\" target=\"_blank\" rel=\"noopener noreferrer\">espa\u00e7o verde<\/a> per capita no munic\u00edpio. N\u00f3s temos o ar mais polu\u00eddo da cidade. Chega! N\u00e3o \u00e0 viola\u00e7\u00e3o dos direitos humanos ambientais! <em>Vamos Verdejar<\/em>!\u201d<\/span><\/p>\n<p><a href=\"http:\/\/rioonwatch.org.br\/wp-content\/uploads\/2017\/10\/Group-Photo-.jpg\"><img loading=\"lazy\" decoding=\"async\" class=\"aligncenter wp-image-28822 size-content\" title=\"Foto de grupo no evento de lan\u00e7amento do filme 'Rio ou Val\u00e3o?' Foto de Adriana Sotero\" src=\"http:\/\/rioonwatch.org.br\/wp-content\/uploads\/2017\/10\/Group-Photo--620x264.jpg\" alt=\"\" width=\"620\" height=\"264\" srcset=\"https:\/\/rioonwatch.org.br\/wp-content\/uploads\/2017\/10\/Group-Photo--620x264.jpg 620w, https:\/\/rioonwatch.org.br\/wp-content\/uploads\/2017\/10\/Group-Photo--940x400.jpg 940w\" sizes=\"(max-width: 620px) 100vw, 620px\" \/><\/a><\/p>\n<p><span style=\"font-weight: 400;\">Ao refletir sobre suas experi\u00eancias, os jovens expressaram o profundo impacto de seu envolvimento na produ\u00e7\u00e3o teatral e no filme sobre o relacionamento deles mesmos com as \u00e1guas da regi\u00e3o. Nas palavras do jovem ator Jonas Santos de Oliveira Costa, \u201cSer\u00e1 que n\u00e3o temos culpa pelo rio estar sujo? \u00c9 muito triste ver crian\u00e7as pulando num po\u00e7o sujo, porque n\u00f3s o sujamos. Queremos um rio melhor, mas para ter um rio melhor, precisamos nos melhorar\u201d. Desse modo, um grau de responsabilidade recai sobre os indiv\u00edduos e as comunidades para agirem como gestores do meio ambiente. Em seus <a href=\"http:\/\/www.bit.ly\/FavelaModelo\" target=\"_blank\" rel=\"noopener noreferrer\">20 anos de experi\u00eancia disseminando pr\u00e1ticas<\/a> incluindo <a href=\"http:\/\/bit.ly\/1OB93xx\" target=\"_blank\" rel=\"noopener noreferrer\">agroecologia<\/a>, <a href=\"http:\/\/bit.ly\/2sczC9T\" target=\"_blank\" rel=\"noopener noreferrer\">permacultura<\/a> e <a href=\"http:\/\/bit.ly\/2xu2H6N\" target=\"_blank\" rel=\"noopener noreferrer\">agrofloresta<\/a>, a organiza\u00e7\u00e3o comunit\u00e1ria Verdejar tem mostrado que n\u00e3o apenas \u00e9 poss\u00edvel, como \u00e9 imperativo assumir esta responsabilidade ao elaborar solu\u00e7\u00f5es alternativas de gest\u00e3o ambiental diante da <a href=\"http:\/\/bit.ly\/1K8LVUg\" target=\"_blank\" rel=\"noopener noreferrer\">neglig\u00eancia p\u00fablica<\/a>. <\/span><\/p>\n<p><span style=\"font-weight: 400;\">Ao mesmo tempo, atrav\u00e9s de processos de mobiliza\u00e7\u00e3o comunit\u00e1ria e participa\u00e7\u00e3o popular em debates pol\u00edticos, as autoridades devem ser responsabilizadas pela garantia b\u00e1sica dos direitos socioambientais. Um jovem colega e ator Lucas Fernando dos Santos comentou: \u201cSe a gente n\u00e3o mostrar para a sociedade que temos direitos, vamos continuar vendo isso acontecer. \u00c9 muito importante ter uma concep\u00e7\u00e3o do que vai acontecer se continuarmos neste ciclo&#8221;.<\/span><\/p>\n<!-- AddThis Advanced Settings generic via filter on the_content --><!-- AddThis Share Buttons generic via filter on the_content -->","protected":false},"excerpt":{"rendered":"<div class=\"mh-excerpt\"><p>Click Here for English No dia 3 de outubro, o curta-metragem educacional \u00c9 Rio ou Val\u00e3o?\u00a0foi lan\u00e7ado no campus da\u00a0Fiocruz em Manguinhos. A sess\u00e3o do filme foi acompanhada de um painel de discuss\u00e3o e de <a class=\"mh-excerpt-more\" href=\"https:\/\/rioonwatch.org.br\/?p=28796\" title=\"Grupos Socioambientais da Zona Norte do Rio Lan\u00e7am Filme &#8216;\u00c9 Rio ou Val\u00e3o?&#8217;\">[&#8230;]<\/a><!-- AddThis Advanced Settings generic via filter on get_the_excerpt --><!-- AddThis Share Buttons generic via filter on get_the_excerpt --><\/p>\n<\/div>","protected":false},"author":129,"featured_media":28798,"comment_status":"closed","ping_status":"closed","sticky":false,"template":"","format":"standard","meta":{"_acf_changed":false,"_monsterinsights_skip_tracking":false,"_monsterinsights_sitenote_active":false,"_monsterinsights_sitenote_note":"","_monsterinsights_sitenote_category":0,"footnotes":""},"categories":[1621,1627,346,1626,1612,1639],"tags":[510,804,332,217,88,316,363,322,1368,2146,113,636,1151,304,492,294,476,404,429,218],"writer":[1599],"translator":[1862],"source":[],"ilustrador":[],"fotografo":[],"class_list":{"0":"post-28796","1":"post","2":"type-post","3":"status-publish","4":"format-standard","5":"has-post-thumbnail","7":"category-destaque","8":"category-relato-de-evento","9":"category-denuncias","10":"category-por-observadores-internacionais","11":"category-sociedade-civil","12":"category-sustentabilidade","13":"tag-agua","14":"tag-baia-da-guanabara","15":"tag-complexo-da-mare","16":"tag-complexo-do-alemao","17":"tag-direitos-humanos","18":"tag-educacao","19":"tag-educacao-ambiental","20":"tag-esgoto","21":"tag-filme","22":"tag-fiocruz","23":"tag-juventude","24":"tag-manguinhos","25":"tag-organizacao","26":"tag-participacao","27":"tag-saneamento","28":"tag-saude","29":"tag-solucao-comunitaria","30":"tag-sustentabilidade","31":"tag-verdejar","32":"tag-zona-norte","33":"writer-ava-rose-hoffman","34":"translator-caroline-quintanilha"},"acf":[],"yoast_head":"<!-- This site is optimized with the Yoast SEO plugin v25.6 - https:\/\/yoast.com\/wordpress\/plugins\/seo\/ -->\n<title>Grupos Socioambientais da Zona Norte do Rio Lan\u00e7am Filme &#039;\u00c9 Rio ou Val\u00e3o?&#039; - RioOnWatch<\/title>\n<meta name=\"robots\" content=\"index, follow, max-snippet:-1, max-image-preview:large, max-video-preview:-1\" \/>\n<link rel=\"canonical\" href=\"https:\/\/rioonwatch.org.br\/?p=28796\" \/>\n<meta property=\"og:locale\" content=\"pt_BR\" \/>\n<meta property=\"og:type\" content=\"article\" \/>\n<meta property=\"og:title\" content=\"Grupos Socioambientais da Zona Norte do Rio Lan\u00e7am Filme &#039;\u00c9 Rio ou Val\u00e3o?&#039; - RioOnWatch\" \/>\n<meta property=\"og:description\" content=\"Click Here for English No dia 3 de outubro, o curta-metragem educacional \u00c9 Rio ou Val\u00e3o?\u00a0foi lan\u00e7ado no campus da\u00a0Fiocruz em Manguinhos. A sess\u00e3o do filme foi acompanhada de um painel de discuss\u00e3o e de [...]\" \/>\n<meta property=\"og:url\" content=\"https:\/\/rioonwatch.org.br\/?p=28796\" \/>\n<meta property=\"og:site_name\" content=\"RioOnWatch\" \/>\n<meta property=\"article:published_time\" content=\"2017-10-11T12:21:51+00:00\" \/>\n<meta property=\"article:modified_time\" content=\"2019-07-03T15:23:47+00:00\" \/>\n<meta property=\"og:image\" content=\"https:\/\/rioonwatch.org.br\/wp-content\/uploads\/2017\/10\/canaldocunha-manguinhos.jpg\" \/>\n\t<meta property=\"og:image:width\" content=\"960\" \/>\n\t<meta property=\"og:image:height\" content=\"640\" \/>\n\t<meta property=\"og:image:type\" content=\"image\/jpeg\" \/>\n<meta name=\"author\" content=\"Admin\" \/>\n<meta name=\"twitter:card\" content=\"summary_large_image\" \/>\n<meta name=\"twitter:label1\" content=\"Escrito por\" \/>\n\t<meta name=\"twitter:data1\" content=\"Admin\" \/>\n\t<meta name=\"twitter:label2\" content=\"Est. tempo de leitura\" \/>\n\t<meta name=\"twitter:data2\" content=\"7 minutos\" \/>\n<script type=\"application\/ld+json\" class=\"yoast-schema-graph\">{\"@context\":\"https:\/\/schema.org\",\"@graph\":[{\"@type\":\"Article\",\"@id\":\"https:\/\/rioonwatch.org.br\/?p=28796#article\",\"isPartOf\":{\"@id\":\"https:\/\/rioonwatch.org.br\/?p=28796\"},\"author\":{\"name\":\"Admin\",\"@id\":\"https:\/\/rioonwatch.org.br\/#\/schema\/person\/11d64c290506f9df50c71b850c473f68\"},\"headline\":\"Grupos Socioambientais da Zona Norte do Rio Lan\u00e7am Filme &#8216;\u00c9 Rio ou Val\u00e3o?&#8217;\",\"datePublished\":\"2017-10-11T12:21:51+00:00\",\"dateModified\":\"2019-07-03T15:23:47+00:00\",\"mainEntityOfPage\":{\"@id\":\"https:\/\/rioonwatch.org.br\/?p=28796\"},\"wordCount\":1467,\"publisher\":{\"@id\":\"https:\/\/rioonwatch.org.br\/#organization\"},\"image\":{\"@id\":\"https:\/\/rioonwatch.org.br\/?p=28796#primaryimage\"},\"thumbnailUrl\":\"https:\/\/rioonwatch.org.br\/wp-content\/uploads\/2017\/10\/canaldocunha-manguinhos.jpg\",\"keywords\":[\"\u00e1gua\",\"Ba\u00eda da Guanabara\",\"Complexo da Mar\u00e9\",\"Complexo do Alem\u00e3o\",\"Direitos Humanos\",\"educa\u00e7\u00e3o\",\"educa\u00e7\u00e3o ambiental\",\"esgoto\",\"filme\",\"Fiocruz\",\"juventude\",\"Manguinhos\",\"mobiliza\u00e7\u00e3o\",\"participa\u00e7\u00e3o\",\"saneamento\",\"sa\u00fade\",\"solu\u00e7\u00e3o comunit\u00e1ria\",\"sustentabilidade\",\"Verdejar\",\"Zona Norte\"],\"articleSection\":[\"*Destaque\",\"Cobertura de Eventos\",\"Den\u00fancias\",\"Escrito por Aliados\",\"Sociedade Civil\",\"Sustentabilidade\"],\"inLanguage\":\"pt-BR\"},{\"@type\":\"WebPage\",\"@id\":\"https:\/\/rioonwatch.org.br\/?p=28796\",\"url\":\"https:\/\/rioonwatch.org.br\/?p=28796\",\"name\":\"Grupos Socioambientais da Zona Norte do Rio Lan\u00e7am Filme '\u00c9 Rio ou Val\u00e3o?' - RioOnWatch\",\"isPartOf\":{\"@id\":\"https:\/\/rioonwatch.org.br\/#website\"},\"primaryImageOfPage\":{\"@id\":\"https:\/\/rioonwatch.org.br\/?p=28796#primaryimage\"},\"image\":{\"@id\":\"https:\/\/rioonwatch.org.br\/?p=28796#primaryimage\"},\"thumbnailUrl\":\"https:\/\/rioonwatch.org.br\/wp-content\/uploads\/2017\/10\/canaldocunha-manguinhos.jpg\",\"datePublished\":\"2017-10-11T12:21:51+00:00\",\"dateModified\":\"2019-07-03T15:23:47+00:00\",\"breadcrumb\":{\"@id\":\"https:\/\/rioonwatch.org.br\/?p=28796#breadcrumb\"},\"inLanguage\":\"pt-BR\",\"potentialAction\":[{\"@type\":\"ReadAction\",\"target\":[\"https:\/\/rioonwatch.org.br\/?p=28796\"]}]},{\"@type\":\"ImageObject\",\"inLanguage\":\"pt-BR\",\"@id\":\"https:\/\/rioonwatch.org.br\/?p=28796#primaryimage\",\"url\":\"https:\/\/rioonwatch.org.br\/wp-content\/uploads\/2017\/10\/canaldocunha-manguinhos.jpg\",\"contentUrl\":\"https:\/\/rioonwatch.org.br\/wp-content\/uploads\/2017\/10\/canaldocunha-manguinhos.jpg\",\"width\":960,\"height\":640},{\"@type\":\"BreadcrumbList\",\"@id\":\"https:\/\/rioonwatch.org.br\/?p=28796#breadcrumb\",\"itemListElement\":[{\"@type\":\"ListItem\",\"position\":1,\"name\":\"In\u00edcio\",\"item\":\"https:\/\/rioonwatch.org.br\/\"},{\"@type\":\"ListItem\",\"position\":2,\"name\":\"Grupos Socioambientais da Zona Norte do Rio Lan\u00e7am Filme &#8216;\u00c9 Rio ou Val\u00e3o?&#8217;\"}]},{\"@type\":\"WebSite\",\"@id\":\"https:\/\/rioonwatch.org.br\/#website\",\"url\":\"https:\/\/rioonwatch.org.br\/\",\"name\":\"RioOnWatch\",\"description\":\"relatos das favelas cariocas\",\"publisher\":{\"@id\":\"https:\/\/rioonwatch.org.br\/#organization\"},\"potentialAction\":[{\"@type\":\"SearchAction\",\"target\":{\"@type\":\"EntryPoint\",\"urlTemplate\":\"https:\/\/rioonwatch.org.br\/?s={search_term_string}\"},\"query-input\":{\"@type\":\"PropertyValueSpecification\",\"valueRequired\":true,\"valueName\":\"search_term_string\"}}],\"inLanguage\":\"pt-BR\"},{\"@type\":\"Organization\",\"@id\":\"https:\/\/rioonwatch.org.br\/#organization\",\"name\":\"RioOnWatch\",\"url\":\"https:\/\/rioonwatch.org.br\/\",\"logo\":{\"@type\":\"ImageObject\",\"inLanguage\":\"pt-BR\",\"@id\":\"https:\/\/rioonwatch.org.br\/#\/schema\/logo\/image\/\",\"url\":\"https:\/\/rioonwatch.org.br\/wp-content\/uploads\/2021\/06\/RioOnWatchcabecalhoPT11anos-2.png\",\"contentUrl\":\"https:\/\/rioonwatch.org.br\/wp-content\/uploads\/2021\/06\/RioOnWatchcabecalhoPT11anos-2.png\",\"width\":779,\"height\":277,\"caption\":\"RioOnWatch\"},\"image\":{\"@id\":\"https:\/\/rioonwatch.org.br\/#\/schema\/logo\/image\/\"}},{\"@type\":\"Person\",\"@id\":\"https:\/\/rioonwatch.org.br\/#\/schema\/person\/11d64c290506f9df50c71b850c473f68\",\"name\":\"Admin\",\"image\":{\"@type\":\"ImageObject\",\"inLanguage\":\"pt-BR\",\"@id\":\"https:\/\/rioonwatch.org.br\/#\/schema\/person\/image\/\",\"url\":\"https:\/\/secure.gravatar.com\/avatar\/56211ac74568383903349a1485e3c325?s=96&d=blank&r=g\",\"contentUrl\":\"https:\/\/secure.gravatar.com\/avatar\/56211ac74568383903349a1485e3c325?s=96&d=blank&r=g\",\"caption\":\"Admin\"},\"url\":\"https:\/\/rioonwatch.org.br\/?author=129\"}]}<\/script>\n<!-- \/ Yoast SEO plugin. -->","yoast_head_json":{"title":"Grupos Socioambientais da Zona Norte do Rio Lan\u00e7am Filme '\u00c9 Rio ou Val\u00e3o?' - RioOnWatch","robots":{"index":"index","follow":"follow","max-snippet":"max-snippet:-1","max-image-preview":"max-image-preview:large","max-video-preview":"max-video-preview:-1"},"canonical":"https:\/\/rioonwatch.org.br\/?p=28796","og_locale":"pt_BR","og_type":"article","og_title":"Grupos Socioambientais da Zona Norte do Rio Lan\u00e7am Filme '\u00c9 Rio ou Val\u00e3o?' - RioOnWatch","og_description":"Click Here for English No dia 3 de outubro, o curta-metragem educacional \u00c9 Rio ou Val\u00e3o?\u00a0foi lan\u00e7ado no campus da\u00a0Fiocruz em Manguinhos. A sess\u00e3o do filme foi acompanhada de um painel de discuss\u00e3o e de [...]","og_url":"https:\/\/rioonwatch.org.br\/?p=28796","og_site_name":"RioOnWatch","article_published_time":"2017-10-11T12:21:51+00:00","article_modified_time":"2019-07-03T15:23:47+00:00","og_image":[{"width":960,"height":640,"url":"https:\/\/rioonwatch.org.br\/wp-content\/uploads\/2017\/10\/canaldocunha-manguinhos.jpg","type":"image\/jpeg"}],"author":"Admin","twitter_card":"summary_large_image","twitter_misc":{"Escrito por":"Admin","Est. tempo de leitura":"7 minutos"},"schema":{"@context":"https:\/\/schema.org","@graph":[{"@type":"Article","@id":"https:\/\/rioonwatch.org.br\/?p=28796#article","isPartOf":{"@id":"https:\/\/rioonwatch.org.br\/?p=28796"},"author":{"name":"Admin","@id":"https:\/\/rioonwatch.org.br\/#\/schema\/person\/11d64c290506f9df50c71b850c473f68"},"headline":"Grupos Socioambientais da Zona Norte do Rio Lan\u00e7am Filme &#8216;\u00c9 Rio ou Val\u00e3o?&#8217;","datePublished":"2017-10-11T12:21:51+00:00","dateModified":"2019-07-03T15:23:47+00:00","mainEntityOfPage":{"@id":"https:\/\/rioonwatch.org.br\/?p=28796"},"wordCount":1467,"publisher":{"@id":"https:\/\/rioonwatch.org.br\/#organization"},"image":{"@id":"https:\/\/rioonwatch.org.br\/?p=28796#primaryimage"},"thumbnailUrl":"https:\/\/rioonwatch.org.br\/wp-content\/uploads\/2017\/10\/canaldocunha-manguinhos.jpg","keywords":["\u00e1gua","Ba\u00eda da Guanabara","Complexo da Mar\u00e9","Complexo do Alem\u00e3o","Direitos Humanos","educa\u00e7\u00e3o","educa\u00e7\u00e3o ambiental","esgoto","filme","Fiocruz","juventude","Manguinhos","mobiliza\u00e7\u00e3o","participa\u00e7\u00e3o","saneamento","sa\u00fade","solu\u00e7\u00e3o comunit\u00e1ria","sustentabilidade","Verdejar","Zona Norte"],"articleSection":["*Destaque","Cobertura de Eventos","Den\u00fancias","Escrito por Aliados","Sociedade Civil","Sustentabilidade"],"inLanguage":"pt-BR"},{"@type":"WebPage","@id":"https:\/\/rioonwatch.org.br\/?p=28796","url":"https:\/\/rioonwatch.org.br\/?p=28796","name":"Grupos Socioambientais da Zona Norte do Rio Lan\u00e7am Filme '\u00c9 Rio ou Val\u00e3o?' - RioOnWatch","isPartOf":{"@id":"https:\/\/rioonwatch.org.br\/#website"},"primaryImageOfPage":{"@id":"https:\/\/rioonwatch.org.br\/?p=28796#primaryimage"},"image":{"@id":"https:\/\/rioonwatch.org.br\/?p=28796#primaryimage"},"thumbnailUrl":"https:\/\/rioonwatch.org.br\/wp-content\/uploads\/2017\/10\/canaldocunha-manguinhos.jpg","datePublished":"2017-10-11T12:21:51+00:00","dateModified":"2019-07-03T15:23:47+00:00","breadcrumb":{"@id":"https:\/\/rioonwatch.org.br\/?p=28796#breadcrumb"},"inLanguage":"pt-BR","potentialAction":[{"@type":"ReadAction","target":["https:\/\/rioonwatch.org.br\/?p=28796"]}]},{"@type":"ImageObject","inLanguage":"pt-BR","@id":"https:\/\/rioonwatch.org.br\/?p=28796#primaryimage","url":"https:\/\/rioonwatch.org.br\/wp-content\/uploads\/2017\/10\/canaldocunha-manguinhos.jpg","contentUrl":"https:\/\/rioonwatch.org.br\/wp-content\/uploads\/2017\/10\/canaldocunha-manguinhos.jpg","width":960,"height":640},{"@type":"BreadcrumbList","@id":"https:\/\/rioonwatch.org.br\/?p=28796#breadcrumb","itemListElement":[{"@type":"ListItem","position":1,"name":"In\u00edcio","item":"https:\/\/rioonwatch.org.br\/"},{"@type":"ListItem","position":2,"name":"Grupos Socioambientais da Zona Norte do Rio Lan\u00e7am Filme &#8216;\u00c9 Rio ou Val\u00e3o?&#8217;"}]},{"@type":"WebSite","@id":"https:\/\/rioonwatch.org.br\/#website","url":"https:\/\/rioonwatch.org.br\/","name":"RioOnWatch","description":"relatos das favelas cariocas","publisher":{"@id":"https:\/\/rioonwatch.org.br\/#organization"},"potentialAction":[{"@type":"SearchAction","target":{"@type":"EntryPoint","urlTemplate":"https:\/\/rioonwatch.org.br\/?s={search_term_string}"},"query-input":{"@type":"PropertyValueSpecification","valueRequired":true,"valueName":"search_term_string"}}],"inLanguage":"pt-BR"},{"@type":"Organization","@id":"https:\/\/rioonwatch.org.br\/#organization","name":"RioOnWatch","url":"https:\/\/rioonwatch.org.br\/","logo":{"@type":"ImageObject","inLanguage":"pt-BR","@id":"https:\/\/rioonwatch.org.br\/#\/schema\/logo\/image\/","url":"https:\/\/rioonwatch.org.br\/wp-content\/uploads\/2021\/06\/RioOnWatchcabecalhoPT11anos-2.png","contentUrl":"https:\/\/rioonwatch.org.br\/wp-content\/uploads\/2021\/06\/RioOnWatchcabecalhoPT11anos-2.png","width":779,"height":277,"caption":"RioOnWatch"},"image":{"@id":"https:\/\/rioonwatch.org.br\/#\/schema\/logo\/image\/"}},{"@type":"Person","@id":"https:\/\/rioonwatch.org.br\/#\/schema\/person\/11d64c290506f9df50c71b850c473f68","name":"Admin","image":{"@type":"ImageObject","inLanguage":"pt-BR","@id":"https:\/\/rioonwatch.org.br\/#\/schema\/person\/image\/","url":"https:\/\/secure.gravatar.com\/avatar\/56211ac74568383903349a1485e3c325?s=96&d=blank&r=g","contentUrl":"https:\/\/secure.gravatar.com\/avatar\/56211ac74568383903349a1485e3c325?s=96&d=blank&r=g","caption":"Admin"},"url":"https:\/\/rioonwatch.org.br\/?author=129"}]}},"_links":{"self":[{"href":"https:\/\/rioonwatch.org.br\/index.php?rest_route=\/wp\/v2\/posts\/28796"}],"collection":[{"href":"https:\/\/rioonwatch.org.br\/index.php?rest_route=\/wp\/v2\/posts"}],"about":[{"href":"https:\/\/rioonwatch.org.br\/index.php?rest_route=\/wp\/v2\/types\/post"}],"author":[{"embeddable":true,"href":"https:\/\/rioonwatch.org.br\/index.php?rest_route=\/wp\/v2\/users\/129"}],"replies":[{"embeddable":true,"href":"https:\/\/rioonwatch.org.br\/index.php?rest_route=%2Fwp%2Fv2%2Fcomments&post=28796"}],"version-history":[{"count":18,"href":"https:\/\/rioonwatch.org.br\/index.php?rest_route=\/wp\/v2\/posts\/28796\/revisions"}],"predecessor-version":[{"id":41592,"href":"https:\/\/rioonwatch.org.br\/index.php?rest_route=\/wp\/v2\/posts\/28796\/revisions\/41592"}],"wp:featuredmedia":[{"embeddable":true,"href":"https:\/\/rioonwatch.org.br\/index.php?rest_route=\/wp\/v2\/media\/28798"}],"wp:attachment":[{"href":"https:\/\/rioonwatch.org.br\/index.php?rest_route=%2Fwp%2Fv2%2Fmedia&parent=28796"}],"wp:term":[{"taxonomy":"category","embeddable":true,"href":"https:\/\/rioonwatch.org.br\/index.php?rest_route=%2Fwp%2Fv2%2Fcategories&post=28796"},{"taxonomy":"post_tag","embeddable":true,"href":"https:\/\/rioonwatch.org.br\/index.php?rest_route=%2Fwp%2Fv2%2Ftags&post=28796"},{"taxonomy":"writer","embeddable":true,"href":"https:\/\/rioonwatch.org.br\/index.php?rest_route=%2Fwp%2Fv2%2Fwriter&post=28796"},{"taxonomy":"translator","embeddable":true,"href":"https:\/\/rioonwatch.org.br\/index.php?rest_route=%2Fwp%2Fv2%2Ftranslator&post=28796"},{"taxonomy":"source","embeddable":true,"href":"https:\/\/rioonwatch.org.br\/index.php?rest_route=%2Fwp%2Fv2%2Fsource&post=28796"},{"taxonomy":"ilustrador","embeddable":true,"href":"https:\/\/rioonwatch.org.br\/index.php?rest_route=%2Fwp%2Fv2%2Filustrador&post=28796"},{"taxonomy":"fotografo","embeddable":true,"href":"https:\/\/rioonwatch.org.br\/index.php?rest_route=%2Fwp%2Fv2%2Ffotografo&post=28796"}],"curies":[{"name":"wp","href":"https:\/\/api.w.org\/{rel}","templated":true}]}}