{"id":28863,"date":"2017-10-13T16:05:37","date_gmt":"2017-10-13T19:05:37","guid":{"rendered":"http:\/\/rioonwatch.org.br\/?p=28863"},"modified":"2024-06-20T16:25:03","modified_gmt":"2024-06-20T19:25:03","slug":"exibicao-do-documentario-estado-de-excecao-provoca-debate-critica","status":"publish","type":"post","link":"https:\/\/rioonwatch.org.br\/?p=28863","title":{"rendered":"Exibi\u00e7\u00e3o do Document\u00e1rio \u2018Estado de Exce\u00e7\u00e3o\u2019 Provoca Debate, Cr\u00edtica"},"content":{"rendered":"<p style=\"text-align: right;\"><em><strong><a href=\"http:\/\/bit.ly\/2kGB0RY\" target=\"_blank\" rel=\"noopener noreferrer\">Click Here for English<img decoding=\"async\" width=\"20\" height=\"20\" class=\"alignright wp-image-15790\" src=\"http:\/\/rioonwatch.org.br\/wp-content\/uploads\/2012\/08\/EN-standard-e1439583104716.jpg\" alt=\"\" \/><\/a><\/strong><\/em><\/p>\n<p><span style=\"font-weight: 400;\">No dia 8 de outubro, foi exibido no Festival do Rio o rec\u00e9m-lan\u00e7ado document\u00e1rio\u00a0<em><a href=\"http:\/\/bit.ly\/2ymjeJc\" target=\"_blank\" rel=\"noopener\">Estado de Exce\u00e7\u00e3o<\/a>,<\/em> do <\/span><a href=\"http:\/\/bit.ly\/1Eq6I8i\" target=\"_blank\" rel=\"noopener\"><span style=\"font-weight: 400;\">cineasta canadense Jason O\u2019Hara<\/span><\/a><span style=\"font-weight: 400;\">,<\/span><span style=\"font-weight: 400;\">\u00a0no Cinema do Museu de Arte Moderna do Rio. O filme narra as lutas concomitantes do movimento ind\u00edgena na <\/span><a href=\"http:\/\/bit.ly\/15BSkDc\" target=\"_blank\" rel=\"noopener\"><span style=\"font-weight: 400;\">Aldeia Maracan\u00e3<\/span><\/a><span style=\"font-weight: 400;\"> e nas favelas\u00a0<\/span><a href=\"http:\/\/bit.ly\/Nfddvg\" target=\"_blank\" rel=\"noopener\"><span style=\"font-weight: 400;\">Vila Aut\u00f3dromo<\/span><\/a><span style=\"font-weight: 400;\">, <\/span><a href=\"http:\/\/bit.ly\/1sURG6a\" target=\"_blank\" rel=\"noopener\"><span style=\"font-weight: 400;\">Vila Taboinha<\/span><\/a><span style=\"font-weight: 400;\">, <\/span><a href=\"http:\/\/bit.ly\/13uRoVx\" target=\"_blank\" rel=\"noopener\"><span style=\"font-weight: 400;\">Metr\u00f4-Mangueira<\/span><\/a><span style=\"font-weight: 400;\"> (tamb\u00e9m conhecida como Favela do Metr\u00f4), e <\/span><a href=\"http:\/\/bit.ly\/11x89ZX\" target=\"_blank\" rel=\"noopener\"><span style=\"font-weight: 400;\">Pav\u00e3o-Pav\u00e3ozinho<\/span><\/a><span style=\"font-weight: 400;\"> contra as<\/span><span style=\"font-weight: 400;\"> remo\u00e7\u00f5es<\/span><span style=\"font-weight: 400;\">\u00a0durante o per\u00edodo que antecedeu a <\/span><a href=\"http:\/\/bit.ly\/WfaiMR\" target=\"_blank\" rel=\"noopener\"><span style=\"font-weight: 400;\">Copa do Mundo de 2014<\/span><\/a><span style=\"font-weight: 400;\"> e <\/span><a href=\"http:\/\/bit.ly\/PkLXlQ\" target=\"_blank\" rel=\"noopener\"><span style=\"font-weight: 400;\">os Jogos Ol\u00edmpicos de 2016<\/span><\/a><span style=\"font-weight: 400;\">.<\/span><span style=\"font-weight: 400;\"> Estavam presentes v\u00e1rios l\u00edderes ind\u00edgenas e moradores das favelas apresentados no filme, os quais experimentaram em primeira m\u00e3o este per\u00edodo de liberdades civis suspensas, enquanto o governo do Rio se preparava para receber visitantes de todo o mundo para os dois megaeventos.\u00a0<\/span>Em um painel de debate ap\u00f3s o filme, eles elaboraram as lutas cont\u00ednuas de suas comunidades e agradeceram pela cobertura do filme, reunindo no palco membros da comunidade que elogiaram e criticaram a representa\u00e7\u00e3o do document\u00e1rio sobre seus movimentos.<\/p>\n<p><span style=\"font-weight: 400;\">Jason apresentou o document\u00e1rio como um filme pertencente a todos os presentes,\u00a0referindo-se ao processo de sete anos de trabalho, com as comunidades em destaque, durante os per\u00edodos de produ\u00e7\u00e3o e edi\u00e7\u00e3o do filme.\u00a0<\/span><span style=\"font-weight: 400;\">\u00c9 o seu terceiro document\u00e1rio com foco em\u00a0<\/span><a href=\"http:\/\/bit.ly\/1iqdzi3\" target=\"_blank\" rel=\"noopener\"><span style=\"font-weight: 400;\">direitos<\/span><\/a><span style=\"font-weight: 400;\"> civis,\u00a0<\/span><a href=\"http:\/\/bit.ly\/12hqS0g\" target=\"_blank\" rel=\"noopener\"><span style=\"font-weight: 400;\">protesto<\/span><\/a><span style=\"font-weight: 400;\">, e <\/span><a href=\"http:\/\/bit.ly\/1sZ22Q6\"><span style=\"font-weight: 400;\">resist\u00eancia<\/span><\/a><span style=\"font-weight: 400;\">,<\/span><span style=\"font-weight: 400;\"> e \u00e9 o resultado de seis anos de filmagens em comunidades do Rio. O document\u00e1rio come\u00e7a com imagens do l\u00edder ind\u00edgena e professor de lingu\u00edstica <\/span><a href=\"http:\/\/bit.ly\/2ki4XI2\" target=\"_blank\" rel=\"noopener\"><span style=\"font-weight: 400;\">Jos\u00e9 Urutau Guajajara<\/span><\/a><span style=\"font-weight: 400;\"> dentro do metr\u00f4, enquanto o \u00e1udio com a voz dele descreve a discrimina\u00e7\u00e3o enfrentada pelos povos ind\u00edgenas, que segundo ele s\u00e3o imaginados pela maior parte da popula\u00e7\u00e3o como primitivos. Uma grande parte do filme se passa seguindo Guajajara e outros l\u00edderes ind\u00edgenas&#8211;origin\u00e1rios de comunidades de todo o Brasil&#8211;na ocupa\u00e7\u00e3o do pr\u00e9dio abandonado que outrora abrigara o Museu do \u00cdndio, localizado \u00e0 sombra do <\/span><a href=\"http:\/\/bit.ly\/1lgN2VO\" target=\"_blank\" rel=\"noopener\"><span style=\"font-weight: 400;\">Maracan\u00e3<\/span><\/a><span style=\"font-weight: 400;\">. Desde 2006, o movimento, agora denominado Aldeia Maracan\u00e3, recuperou este \u201cmicro-territ\u00f3rio\u201d da cidade para criar um espa\u00e7o de <\/span><a href=\"http:\/\/bit.ly\/2gx0j4x\" target=\"_blank\" rel=\"noopener\"><span style=\"font-weight: 400;\">resist\u00eancia ind\u00edgena no Rio<\/span><\/a><span style=\"font-weight: 400;\">.<\/span><\/p>\n<p><a href=\"http:\/\/rioonwatch.org.br\/wp-content\/uploads\/2017\/10\/Aldeia-Marcan\u00e3.jpg\"><img fetchpriority=\"high\" decoding=\"async\" class=\"aligncenter wp-image-28869 size-content\" title=\"Pr\u00e9dio Aldeia Maracan\u00e3, localizado ao lado do Est\u00e1dio Maracan\u00e3.\" src=\"http:\/\/rioonwatch.org.br\/wp-content\/uploads\/2017\/10\/Aldeia-Marcan\u00e3-620x264.jpg\" alt=\"\" width=\"620\" height=\"264\" srcset=\"https:\/\/rioonwatch.org.br\/wp-content\/uploads\/2017\/10\/Aldeia-Marcan\u00e3-620x264.jpg 620w, https:\/\/rioonwatch.org.br\/wp-content\/uploads\/2017\/10\/Aldeia-Marcan\u00e3-940x400.jpg 940w\" sizes=\"(max-width: 620px) 100vw, 620px\" \/><\/a><\/p>\n<p><span style=\"font-weight: 400;\">Carlos Doethyro Tukano, outro l\u00edder importante da Aldeia, tamb\u00e9m \u00e9 destacado. Em <em>Estado de Exce\u00e7\u00e3o<\/em>, Jason tem um olhar afiado sobre os eventos das remo\u00e7\u00f5es. O filme mostra a <\/span><a href=\"http:\/\/bit.ly\/24XBovR\" target=\"_blank\" rel=\"noopener\"><span style=\"font-weight: 400;\">remo\u00e7\u00e3o em mar\u00e7o de 2013 dos membros da Aldeia<\/span><\/a><span style=\"font-weight: 400;\"> pela\u00a0<\/span><a href=\"http:\/\/bit.ly\/1RSGRdy\" target=\"_blank\" rel=\"noopener\"><span style=\"font-weight: 400;\">Tropa de Choque<\/span><\/a><span style=\"font-weight: 400;\"> armada com escudos anti-motins, g\u00e1s lacrimog\u00eaneo e cassetetes antes da Copa do Mundo de 2014, para a qual o vizinho Est\u00e1dio do Maracan\u00e3 estava sendo reformado. Durante o ataque ao pr\u00e9dio, podemos ver Tukano aceitando a oferta da prefeitura do Rio para reassentamento, e conduzindo parte do grupo da Aldeia para longe da viol\u00eancia. Naquele momento, Guajajara recusou-se a sair e reocupou o pr\u00e9dio com um grupo menor de seguidores, mas foi finalmente expulso no mesmo dia. A partir deste ponto, o document\u00e1rio segue cada l\u00edder separadamente. Tukano e o seu grupo de 17 fam\u00edlias ind\u00edgenas aparecem reassentados em cont\u00eaineres sufocantes <\/span><a href=\"http:\/\/bit.ly\/2yfMCyA\" target=\"_blank\" rel=\"noopener\"><span style=\"font-weight: 400;\">col\u00f4nia de Curupaiti<\/span><\/a><span style=\"font-weight: 400;\"> em <\/span><a href=\"http:\/\/bit.ly\/1HgPTzq\" target=\"_blank\" rel=\"noopener\"><span style=\"font-weight: 400;\">Jacarepagu\u00e1<\/span><\/a><span style=\"font-weight: 400;\"> na <\/span><a href=\"http:\/\/bit.ly\/11tBmFR\" target=\"_blank\" rel=\"noopener\"><span style=\"font-weight: 400;\">Zona Oeste<\/span><\/a><span style=\"font-weight: 400;\">, onde moraram em condi\u00e7\u00f5es prec\u00e1rias durante um ano. Em seguida, o filme o mostra <\/span><a href=\"http:\/\/bit.ly\/2y9BwgX\" target=\"_blank\" rel=\"noopener\"><span style=\"font-weight: 400;\">aceitando as chaves da Presidente Dilma Rousseff<\/span><\/a><span style=\"font-weight: 400;\"> em um evento p\u00fablico para inaugurar apartamentos constru\u00eddos pelo programa <\/span><a href=\"http:\/\/bit.ly\/Y4U9oJ\" target=\"_blank\" rel=\"noopener\"><span style=\"font-weight: 400;\">Minha Casa Minha Vida<\/span><\/a><span style=\"font-weight: 400;\"> no complexo Z\u00e9 Keti no\u00a0<a href=\"http:\/\/bit.ly\/2vZ8KOi\" target=\"_blank\" rel=\"noopener\">Est\u00e1cio<\/a>, na <\/span><a href=\"http:\/\/bit.ly\/WximDf\" target=\"_blank\" rel=\"noopener\"><span style=\"font-weight: 400;\">Zona Norte<\/span><\/a><span style=\"font-weight: 400;\">. A lente de Jason concentra-se na <\/span><a href=\"http:\/\/bit.ly\/2cz1EEY\" target=\"_blank\" rel=\"noopener\"><span style=\"font-weight: 400;\">vida de Tukano nestes novos apartamentos<\/span><\/a><span style=\"font-weight: 400;\">. Ele comenta para a c\u00e2mera as <\/span><a href=\"http:\/\/bit.ly\/2cz1EEY\" target=\"_blank\" rel=\"noopener\"><span style=\"font-weight: 400;\">fortes diferen\u00e7as<\/span><\/a><span style=\"font-weight: 400;\"> entre a vida que tinha antes, rodeado de plantas e animais, e a sua exist\u00eancia nos espartanos apartamentos de concreto.<\/span><\/p>\n<p><a href=\"http:\/\/rioonwatch.org.br\/wp-content\/uploads\/2017\/10\/carlos-tukano-1.jpg\"><img decoding=\"async\" class=\"aligncenter wp-image-28873 size-content\" title=\"Carlos Doethyro Tukano. Foto por Aldeia Maracan\u00e3\" src=\"http:\/\/rioonwatch.org.br\/wp-content\/uploads\/2017\/10\/carlos-tukano-1-620x264.jpg\" alt=\"\" width=\"620\" height=\"264\" srcset=\"https:\/\/rioonwatch.org.br\/wp-content\/uploads\/2017\/10\/carlos-tukano-1-620x264.jpg 620w, https:\/\/rioonwatch.org.br\/wp-content\/uploads\/2017\/10\/carlos-tukano-1-940x400.jpg 940w\" sizes=\"(max-width: 620px) 100vw, 620px\" \/><\/a><\/p>\n<p><span style=\"font-weight: 400;\">O filme mostra como, no final de 2013, Guajajara e algumas fam\u00edlias reocuparam o local da Aldeia Maracan\u00e3, reconstruindo as estruturas destru\u00eddas pela pol\u00edcia e reassentando-se no pr\u00e9dio. Ao falar durante o debate ap\u00f3s a exibi\u00e7\u00e3o, Guajajara explicou, \u201cUma coisa \u00e9 voc\u00ea pensar em terra, outra coisa \u00e9 voc\u00ea pensar em territ\u00f3rio. Terra voc\u00ea vende, troca. Territ\u00f3rio, n\u00e3o. Porque o espa\u00e7o [da Aldeia Maracan\u00e3] \u00e9 hist\u00f3rico\u201d. Em um testemunho das suas cren\u00e7as, Guajajara subiu numa \u00e1rvore durante uma remo\u00e7\u00e3o em dezembro de 2013 antes da Copa do Mundo, <\/span><span style=\"font-weight: 400;\">e\u00a0<\/span><a href=\"http:\/\/bit.ly\/2fgCcK5\" target=\"_blank\" rel=\"noopener\"><span style=\"font-weight: 400;\">ficou l\u00e1 em protesto por mais de 24 horas<\/span><\/a><span style=\"font-weight: 400;\"> enquanto a pol\u00edcia tentava retir\u00e1-lo. O document\u00e1rio mostra este ato de resist\u00eancia e a sua subsequente pris\u00e3o.<\/span><\/p>\n<p><a href=\"http:\/\/rioonwatch.org.br\/wp-content\/uploads\/2017\/10\/urtau.jpg\"><img loading=\"lazy\" decoding=\"async\" class=\"aligncenter wp-image-28875 size-content\" title=\"Jos\u00e9 Urutau Guajajara protesta em dezembro de 2013, contra a remo\u00e7\u00e3o da Aldeia Maracan\u00e3, permanecendo em uma \u00e1rvore por 24 horas. Foto de M\u00e1rica Foletto \/ O Globo\" src=\"http:\/\/rioonwatch.org.br\/wp-content\/uploads\/2017\/10\/urtau-620x264.jpg\" alt=\"\" width=\"620\" height=\"264\" srcset=\"https:\/\/rioonwatch.org.br\/wp-content\/uploads\/2017\/10\/urtau-620x264.jpg 620w, https:\/\/rioonwatch.org.br\/wp-content\/uploads\/2017\/10\/urtau-940x400.jpg 940w\" sizes=\"(max-width: 620px) 100vw, 620px\" \/><\/a><\/p>\n<p>Ap\u00f3s o filme, um membro fundador da Aldeia que n\u00e3o aparece no filme, Ara\u00e7ari Patax\u00f3, perguntou qual foi a raz\u00e3o do filme n\u00e3o incluir a hist\u00f3ria dos anos anteriores da Aldeia, e defendeu a decis\u00e3o dele e de Tukano de aceitar a oferta de habita\u00e7\u00e3o do governo. \u201cSe eu n\u00e3o aceitasse o Z\u00e9 Keti [complexo de apartamentos], eu estava na rua hoje&#8230; N\u00e3o foi por ser vendido ou quest\u00e3o de qualidade de vida, foi para n\u00e3o ir para rua. O v\u00eddeo n\u00e3o mostra isso. O v\u00eddeo mostra a luta de Tukano como vendido&#8230; Eu espero que passe por uma corre\u00e7\u00e3o\u201d, ele disse.<\/p>\n<p>Em resposta, Jason expressou sua cren\u00e7a de que todo movimento social precisa de estrat\u00e9gias diferentes para ter sucesso, enfatizando seu apoio \u00e0 decis\u00e3o de Tukano e as medidas que tomou para transmitir a complexidade da situa\u00e7\u00e3o no filme, incluindo engajar o l\u00edder da Aldeia no processo de edi\u00e7\u00e3o do filme. O pr\u00f3prio Tukano, que falou em seguida, se concentrou n<span style=\"font-weight: 400;\">a hist\u00f3ria da sua chegada ao Rio e no processo de encontrar e unificar muitos grupos ind\u00edgenas diferentes. \u201cConstruir \u00e9 dif\u00edcil\u201d, ele disse. \u201cDestruir \u00e9 f\u00e1cil\u201d. Tukano ficou firme na sua decis\u00e3o de deixar a Aldeia, dizendo: \u201cEu fui acusado por v\u00e1rias coisas, mas isso n\u00e3o me abala n\u00e3o. Eu estou preparado&#8230; Eu estou aqui para dialogar agora&#8230; O \u00edndio n\u00e3o tem mais condi\u00e7\u00f5es de lutar s\u00f3 com arco e flecha, precisa aprender usar caneta agora\u201d.\u00a0<\/span><\/p>\n<p><span style=\"font-weight: 400;\"><em>Estado de Exce\u00e7\u00e3o<\/em> tem um \u00e2mbito amplo, tamb\u00e9m abordando as hist\u00f3rias de outras comunidades que enfrentaram remo\u00e7\u00f5es.\u00a0Em uma sequ\u00eancia particularmente impressionante, Jason intercala a filmagem do jogo da vit\u00f3ria do Brasil sobre a Espanha na Copa das Confedera\u00e7\u00f5es em 2013 com cenas de <\/span><a href=\"http:\/\/bit.ly\/11SkR77\" target=\"_blank\" rel=\"noopener\"><span style=\"font-weight: 400;\">repress\u00e3o da pol\u00edcia durantes os protestos da \u201cPrimavera Brasileira\u201d<\/span><\/a><span style=\"font-weight: 400;\"> contra os aumentos das passagens de \u00f4nibus, <\/span><a href=\"http:\/\/bit.ly\/1i0t9Hc\" target=\"_blank\" rel=\"noopener\"><span style=\"font-weight: 400;\">viol\u00eancia policial<\/span><\/a><span style=\"font-weight: 400;\">, e os gastos na Copa do Mundo no contexto da severa <\/span><a href=\"http:\/\/bit.ly\/1owRf9p\" target=\"_blank\" rel=\"noopener\"><span style=\"font-weight: 400;\">desigualdade<\/span><\/a><span style=\"font-weight: 400;\"> nacional. O filme tem um olhar especial para as pr\u00e1ticas violentas da Tropa de Choque e da pol\u00edcia com moradores desarmados&#8211;as tropas s!ao vistas usando granadas de g\u00e1s lacrimog\u00eaneo sobre um grande grupo de crian\u00e7as durante uma remo\u00e7\u00e3o no Metr\u00f4-Mangueira, um canh\u00e3o s\u00f4nico sobre membros da Aldeia Maracan\u00e3, e <\/span><a href=\"http:\/\/glo.bo\/1BNid4v\" target=\"_blank\" rel=\"noopener\"><span style=\"font-weight: 400;\">cassetetes sobre os moradores da Vila Aut\u00f3dromo<\/span><\/a><span style=\"font-weight: 400;\">, inclusive a ativista <\/span><a href=\"http:\/\/bit.ly\/1pcDODu\" target=\"_blank\" rel=\"noopener\"><span style=\"font-weight: 400;\">Maria da Penha<\/span><\/a><span style=\"font-weight: 400;\">.<\/span><\/p>\n<p><a href=\"http:\/\/rioonwatch.org.br\/wp-content\/uploads\/2017\/10\/Vila-autodromo-eviction.jpg\"><img loading=\"lazy\" decoding=\"async\" class=\"aligncenter wp-image-28880 size-content\" title=\"Viol\u00eancia policial durante remo\u00e7\u00f5es na Vila Aut\u00f3dromo em 2015, que feriu a moradora Maria da Penha.\" src=\"http:\/\/rioonwatch.org.br\/wp-content\/uploads\/2017\/10\/Vila-autodromo-eviction-620x264.jpg\" alt=\"\" width=\"620\" height=\"264\" srcset=\"https:\/\/rioonwatch.org.br\/wp-content\/uploads\/2017\/10\/Vila-autodromo-eviction-620x264.jpg 620w, https:\/\/rioonwatch.org.br\/wp-content\/uploads\/2017\/10\/Vila-autodromo-eviction-940x400.jpg 940w\" sizes=\"(max-width: 620px) 100vw, 620px\" \/><\/a><\/p>\n<p><span style=\"font-weight: 400;\">Jason tamb\u00e9m conduziu uma cr\u00edtica sobre a pol\u00edtica por detr\u00e1s das remo\u00e7\u00f5es em nome dos megaeventos. Ele captura as <\/span><a href=\"http:\/\/bit.ly\/2lNOc4u\" target=\"_blank\" rel=\"noopener\"><span style=\"font-weight: 400;\">falsas promessas<\/span><\/a><span style=\"font-weight: 400;\"> do <\/span><a href=\"http:\/\/bit.ly\/1k4eA6c\" target=\"_blank\" rel=\"noopener\"><span style=\"font-weight: 400;\">prefeito do Rio Eduardo Paes<\/span><\/a><span style=\"font-weight: 400;\"> sobre o <\/span><a href=\"http:\/\/bit.ly\/2vWIDZj\" target=\"_blank\" rel=\"noopener\"><span style=\"font-weight: 400;\">impacto e o legado supostamente positivo<\/span><\/a><span style=\"font-weight: 400;\"> da Copa do Mundo e dos Jogos Ol\u00edmpicos. V\u00eddeos promocionais da constru\u00e7\u00e3o do Parque Ol\u00edmpico e cenas da abastada <\/span><a href=\"http:\/\/bit.ly\/1pfz23A\"><span style=\"font-weight: 400;\">Zona Sul<\/span><\/a><span style=\"font-weight: 400;\"> do Rio s\u00e3o colocados ao lado da visita do morador da Vila Taboinha, C\u00e9lio Gari, ao Pav\u00e3o-Pav\u00e3ozinho. L\u00e1, ele visita um morador que explica que <\/span><a href=\"http:\/\/bit.ly\/2kMf9sr\" target=\"_blank\" rel=\"noopener\"><span style=\"font-weight: 400;\">a sua casa foi marcada para remo\u00e7\u00e3o<\/span><\/a><span style=\"font-weight: 400;\"> com um \u201caviso de morte\u201d da Secretaria Municipal de Habita\u00e7\u00e3o, um n\u00famero amea\u00e7ador pintado na porta com tinta spray ao lado de \u201c<\/span><a href=\"http:\/\/bit.ly\/O1FJbG\" target=\"_blank\" rel=\"noopener\"><span style=\"font-weight: 400;\">SMH<\/span><\/a><span style=\"font-weight: 400;\">\u201d. C\u00e9lio\u00a0<\/span><a href=\"http:\/\/bit.ly\/1IY3d8F\" target=\"_blank\" rel=\"noopener\"><span style=\"font-weight: 400;\">combateu a remo\u00e7\u00e3o na sua comunidade<\/span><\/a><span style=\"font-weight: 400;\"> e nas outras. Depois do filme, ele falou de \u201ctodo o descaso e desprezo que os pol\u00edticos profissionais t\u00eam pelo povo. Eles amam dinheiro, mas n\u00e3o amam aqueles que produzem, aqueles que de fato, movem a economia do Brasil&#8221;.<\/span><\/p>\n<p><span style=\"font-weight: 400;\">Tamb\u00e9m foram destacados no filme <\/span><a href=\"http:\/\/bit.ly\/2xEoPq8\" target=\"_blank\" rel=\"noopener\"><span style=\"font-weight: 400;\">Altair Guimar\u00e3es<\/span><\/a><span style=\"font-weight: 400;\"> e <\/span><a href=\"http:\/\/bit.ly\/19UK9Xq\" target=\"_blank\" rel=\"noopener\"><span style=\"font-weight: 400;\">Jane Nascimento<\/span><\/a><span style=\"font-weight: 400;\">, l\u00edderes da forte resist\u00eancia na Vila Aut\u00f3dromo contra os planos do Prefeito Paes de terraplenar a comunidade localizada ao lado do Parque Ol\u00edmpico na Zona Oeste do Rio. Altair, <\/span><a href=\"http:\/\/bit.ly\/2yooPi9\" target=\"_blank\" rel=\"noopener\"><span style=\"font-weight: 400;\">que passou por duas remo\u00e7\u00f5es anteriores<\/span><\/a><span style=\"font-weight: 400;\"> antes de mudar-se para a Vila Aut\u00f3dromo, aparece mobilizando os moradores e pressionando os pol\u00edticos antes de finalmente ver a sua casa ser destru\u00edda. C\u00e9lio, Altair, e Jane continuam ativos ajudando <\/span><a href=\"http:\/\/bit.ly\/X51Qvb\" target=\"_blank\" rel=\"noopener\"><span style=\"font-weight: 400;\">outras comunidades nas suas lutas cont\u00ednuas<\/span><\/a><span style=\"font-weight: 400;\"> para permanecer nas suas casas. Jane concluiu o debate dizendo, \u201cEu continuo minha luta hoje incentivando as pessoas&#8211;n\u00e3o s\u00f3 favelados, mas da classe m\u00e9dia e de todas as comunidades resistentes que n\u00e3o s\u00e3o s\u00f3 de baixa renda&#8211;que se re\u00fanam&#8230; N\u00f3s n\u00e3o podemos esperar o governo criar nada para n\u00f3s. Somos n\u00f3s que temos que nos juntar e criar, e sair batendo de porta em porta\u201d.<\/span><\/p>\n<h3><em><b>Estado de Exce\u00e7\u00e3o<\/b><\/em><b> ser\u00e1 exibido mais duas vezes como parte do Festival de Filmes do Rio:<\/b><\/h3>\n<p><b>Sexta-feira (HOJE), 13 de outubro, \u00e0s 20:00 horas no Instituto Moreira Salles<\/b><span style=\"font-weight: 400;\"><br \/>\n<\/span><b>S\u00e1bado, 14 de outubro, \u00e0s 15:30 horas na Esta\u00e7\u00e3o NET Rio 3<\/b><\/p>\n<!-- AddThis Advanced Settings generic via filter on the_content --><!-- AddThis Share Buttons generic via filter on the_content -->","protected":false},"excerpt":{"rendered":"<div class=\"mh-excerpt\"><p>Click Here for English No dia 8 de outubro, foi exibido no Festival do Rio o rec\u00e9m-lan\u00e7ado document\u00e1rio\u00a0Estado de Exce\u00e7\u00e3o, do cineasta canadense Jason O\u2019Hara,\u00a0no Cinema do Museu de Arte Moderna do Rio. O filme <a class=\"mh-excerpt-more\" href=\"https:\/\/rioonwatch.org.br\/?p=28863\" title=\"Exibi\u00e7\u00e3o do Document\u00e1rio \u2018Estado de Exce\u00e7\u00e3o\u2019 Provoca Debate, Cr\u00edtica\">[&#8230;]<\/a><!-- AddThis Advanced Settings generic via filter on get_the_excerpt --><!-- AddThis Share Buttons generic via filter on get_the_excerpt --><\/p>\n<\/div>","protected":false},"author":129,"featured_media":28865,"comment_status":"closed","ping_status":"closed","sticky":false,"template":"","format":"standard","meta":{"_acf_changed":false,"_monsterinsights_skip_tracking":false,"_monsterinsights_sitenote_active":false,"_monsterinsights_sitenote_note":"","_monsterinsights_sitenote_category":0,"footnotes":""},"categories":[1635,1621,1627,1626,1624],"tags":[614,772,389,1163,484,437,1368,1574,466,1240,246,439,763,14,3437,432,258,1367,1763,55,442,52],"writer":[2198],"translator":[1875],"source":[],"ilustrador":[],"fotografo":[],"class_list":{"0":"post-28863","1":"post","2":"type-post","3":"status-publish","4":"format-standard","5":"has-post-thumbnail","7":"category-1635","8":"category-destaque","9":"category-relato-de-evento","10":"category-por-observadores-internacionais","11":"category-resenha","12":"tag-aldeia-maracana","13":"tag-copa-das-confederacoes","14":"tag-copa-do-mundo","15":"tag-presidente-dilma-rousseff","16":"tag-prefeito-eduardo-paes","17":"tag-favela-do-metro","18":"tag-filme","19":"tag-indigenas","20":"tag-maracana","21":"tag-megaeventos","22":"tag-minha-casa-minha-vida","23":"tag-pavao-pavaozinho","24":"tag-protesto","25":"tag-remocao","26":"tag-resenha-de-filme","27":"tag-resistencia","28":"tag-smh","29":"tag-taticas-de-remocao-dividir-para-conquistar","30":"tag-tropa-de-choque","31":"tag-vila-autodromo","32":"tag-vila-taboinha","33":"tag-violencia-policial","34":"writer-lucas-smolcic-larson","35":"translator-marina-hennies"},"acf":[],"yoast_head":"<!-- This site is optimized with the Yoast SEO plugin v25.6 - https:\/\/yoast.com\/wordpress\/plugins\/seo\/ -->\n<title>Exibi\u00e7\u00e3o do Document\u00e1rio \u2018Estado de Exce\u00e7\u00e3o\u2019 Provoca Debate, Cr\u00edtica - RioOnWatch<\/title>\n<meta name=\"robots\" content=\"index, follow, max-snippet:-1, max-image-preview:large, max-video-preview:-1\" \/>\n<link rel=\"canonical\" href=\"https:\/\/rioonwatch.org.br\/?p=28863\" \/>\n<meta property=\"og:locale\" content=\"pt_BR\" \/>\n<meta property=\"og:type\" content=\"article\" \/>\n<meta property=\"og:title\" content=\"Exibi\u00e7\u00e3o do Document\u00e1rio \u2018Estado de Exce\u00e7\u00e3o\u2019 Provoca Debate, Cr\u00edtica - RioOnWatch\" \/>\n<meta property=\"og:description\" content=\"Click Here for English No dia 8 de outubro, foi exibido no Festival do Rio o rec\u00e9m-lan\u00e7ado document\u00e1rio\u00a0Estado de Exce\u00e7\u00e3o, do cineasta canadense Jason O\u2019Hara,\u00a0no Cinema do Museu de Arte Moderna do Rio. O filme [...]\" \/>\n<meta property=\"og:url\" content=\"https:\/\/rioonwatch.org.br\/?p=28863\" \/>\n<meta property=\"og:site_name\" content=\"RioOnWatch\" \/>\n<meta property=\"article:published_time\" content=\"2017-10-13T19:05:37+00:00\" \/>\n<meta property=\"article:modified_time\" content=\"2024-06-20T19:25:03+00:00\" \/>\n<meta property=\"og:image\" content=\"https:\/\/rioonwatch.org.br\/wp-content\/uploads\/2017\/10\/Painel-de-discuss\u00e3o.-Foto-de-Paco-Ohad-Frans-Loffler.jpeg\" \/>\n\t<meta property=\"og:image:width\" content=\"1321\" \/>\n\t<meta property=\"og:image:height\" content=\"607\" \/>\n\t<meta property=\"og:image:type\" content=\"image\/jpeg\" \/>\n<meta name=\"author\" content=\"Admin\" \/>\n<meta name=\"twitter:card\" content=\"summary_large_image\" \/>\n<meta name=\"twitter:label1\" content=\"Escrito por\" \/>\n\t<meta name=\"twitter:data1\" content=\"Admin\" \/>\n\t<meta name=\"twitter:label2\" content=\"Est. tempo de leitura\" \/>\n\t<meta name=\"twitter:data2\" content=\"8 minutos\" \/>\n<script type=\"application\/ld+json\" class=\"yoast-schema-graph\">{\"@context\":\"https:\/\/schema.org\",\"@graph\":[{\"@type\":\"Article\",\"@id\":\"https:\/\/rioonwatch.org.br\/?p=28863#article\",\"isPartOf\":{\"@id\":\"https:\/\/rioonwatch.org.br\/?p=28863\"},\"author\":{\"name\":\"Admin\",\"@id\":\"https:\/\/rioonwatch.org.br\/#\/schema\/person\/11d64c290506f9df50c71b850c473f68\"},\"headline\":\"Exibi\u00e7\u00e3o do Document\u00e1rio \u2018Estado de Exce\u00e7\u00e3o\u2019 Provoca Debate, Cr\u00edtica\",\"datePublished\":\"2017-10-13T19:05:37+00:00\",\"dateModified\":\"2024-06-20T19:25:03+00:00\",\"mainEntityOfPage\":{\"@id\":\"https:\/\/rioonwatch.org.br\/?p=28863\"},\"wordCount\":1570,\"publisher\":{\"@id\":\"https:\/\/rioonwatch.org.br\/#organization\"},\"image\":{\"@id\":\"https:\/\/rioonwatch.org.br\/?p=28863#primaryimage\"},\"thumbnailUrl\":\"https:\/\/rioonwatch.org.br\/wp-content\/uploads\/2017\/10\/Painel-de-discuss\u00e3o.-Foto-de-Paco-Ohad-Frans-Loffler.jpeg\",\"keywords\":[\"Aldeia Maracan\u00e3\",\"Copa das Confedera\u00e7\u00f5es\",\"Copa do Mundo\",\"Dilma Rousseff\",\"Eduardo Paes\",\"Favela do Metr\u00f4\",\"filme\",\"ind\u00edgenas\",\"Maracan\u00e3\",\"Megaeventos\",\"Minha Casa Minha Vida\",\"Pav\u00e3o-Pav\u00e3ozinho\",\"protesto\",\"Remo\u00e7\u00e3o\",\"Resenha de filme\",\"resist\u00eancia\",\"Secretaria Municipal de Habita\u00e7\u00e3o (SMH)\",\"T\u00e1ticas de remo\u00e7\u00e3o: dividir para conquistar\",\"Tropa de Choque\",\"Vila Aut\u00f3dromo\",\"Vila Taboinha\",\"viol\u00eancia policial\"],\"articleSection\":[\"#Rio2016\",\"*Destaque\",\"Cobertura de Eventos\",\"Escrito por Aliados\",\"Resenhas\"],\"inLanguage\":\"pt-BR\"},{\"@type\":\"WebPage\",\"@id\":\"https:\/\/rioonwatch.org.br\/?p=28863\",\"url\":\"https:\/\/rioonwatch.org.br\/?p=28863\",\"name\":\"Exibi\u00e7\u00e3o do Document\u00e1rio \u2018Estado de Exce\u00e7\u00e3o\u2019 Provoca Debate, Cr\u00edtica - RioOnWatch\",\"isPartOf\":{\"@id\":\"https:\/\/rioonwatch.org.br\/#website\"},\"primaryImageOfPage\":{\"@id\":\"https:\/\/rioonwatch.org.br\/?p=28863#primaryimage\"},\"image\":{\"@id\":\"https:\/\/rioonwatch.org.br\/?p=28863#primaryimage\"},\"thumbnailUrl\":\"https:\/\/rioonwatch.org.br\/wp-content\/uploads\/2017\/10\/Painel-de-discuss\u00e3o.-Foto-de-Paco-Ohad-Frans-Loffler.jpeg\",\"datePublished\":\"2017-10-13T19:05:37+00:00\",\"dateModified\":\"2024-06-20T19:25:03+00:00\",\"breadcrumb\":{\"@id\":\"https:\/\/rioonwatch.org.br\/?p=28863#breadcrumb\"},\"inLanguage\":\"pt-BR\",\"potentialAction\":[{\"@type\":\"ReadAction\",\"target\":[\"https:\/\/rioonwatch.org.br\/?p=28863\"]}]},{\"@type\":\"ImageObject\",\"inLanguage\":\"pt-BR\",\"@id\":\"https:\/\/rioonwatch.org.br\/?p=28863#primaryimage\",\"url\":\"https:\/\/rioonwatch.org.br\/wp-content\/uploads\/2017\/10\/Painel-de-discuss\u00e3o.-Foto-de-Paco-Ohad-Frans-Loffler.jpeg\",\"contentUrl\":\"https:\/\/rioonwatch.org.br\/wp-content\/uploads\/2017\/10\/Painel-de-discuss\u00e3o.-Foto-de-Paco-Ohad-Frans-Loffler.jpeg\",\"width\":1321,\"height\":607},{\"@type\":\"BreadcrumbList\",\"@id\":\"https:\/\/rioonwatch.org.br\/?p=28863#breadcrumb\",\"itemListElement\":[{\"@type\":\"ListItem\",\"position\":1,\"name\":\"In\u00edcio\",\"item\":\"https:\/\/rioonwatch.org.br\/\"},{\"@type\":\"ListItem\",\"position\":2,\"name\":\"Exibi\u00e7\u00e3o do Document\u00e1rio \u2018Estado de Exce\u00e7\u00e3o\u2019 Provoca Debate, Cr\u00edtica\"}]},{\"@type\":\"WebSite\",\"@id\":\"https:\/\/rioonwatch.org.br\/#website\",\"url\":\"https:\/\/rioonwatch.org.br\/\",\"name\":\"RioOnWatch\",\"description\":\"relatos das favelas cariocas\",\"publisher\":{\"@id\":\"https:\/\/rioonwatch.org.br\/#organization\"},\"potentialAction\":[{\"@type\":\"SearchAction\",\"target\":{\"@type\":\"EntryPoint\",\"urlTemplate\":\"https:\/\/rioonwatch.org.br\/?s={search_term_string}\"},\"query-input\":{\"@type\":\"PropertyValueSpecification\",\"valueRequired\":true,\"valueName\":\"search_term_string\"}}],\"inLanguage\":\"pt-BR\"},{\"@type\":\"Organization\",\"@id\":\"https:\/\/rioonwatch.org.br\/#organization\",\"name\":\"RioOnWatch\",\"url\":\"https:\/\/rioonwatch.org.br\/\",\"logo\":{\"@type\":\"ImageObject\",\"inLanguage\":\"pt-BR\",\"@id\":\"https:\/\/rioonwatch.org.br\/#\/schema\/logo\/image\/\",\"url\":\"https:\/\/rioonwatch.org.br\/wp-content\/uploads\/2021\/06\/RioOnWatchcabecalhoPT11anos-2.png\",\"contentUrl\":\"https:\/\/rioonwatch.org.br\/wp-content\/uploads\/2021\/06\/RioOnWatchcabecalhoPT11anos-2.png\",\"width\":779,\"height\":277,\"caption\":\"RioOnWatch\"},\"image\":{\"@id\":\"https:\/\/rioonwatch.org.br\/#\/schema\/logo\/image\/\"}},{\"@type\":\"Person\",\"@id\":\"https:\/\/rioonwatch.org.br\/#\/schema\/person\/11d64c290506f9df50c71b850c473f68\",\"name\":\"Admin\",\"image\":{\"@type\":\"ImageObject\",\"inLanguage\":\"pt-BR\",\"@id\":\"https:\/\/rioonwatch.org.br\/#\/schema\/person\/image\/\",\"url\":\"https:\/\/secure.gravatar.com\/avatar\/56211ac74568383903349a1485e3c325?s=96&d=blank&r=g\",\"contentUrl\":\"https:\/\/secure.gravatar.com\/avatar\/56211ac74568383903349a1485e3c325?s=96&d=blank&r=g\",\"caption\":\"Admin\"},\"url\":\"https:\/\/rioonwatch.org.br\/?author=129\"}]}<\/script>\n<!-- \/ Yoast SEO plugin. -->","yoast_head_json":{"title":"Exibi\u00e7\u00e3o do Document\u00e1rio \u2018Estado de Exce\u00e7\u00e3o\u2019 Provoca Debate, Cr\u00edtica - RioOnWatch","robots":{"index":"index","follow":"follow","max-snippet":"max-snippet:-1","max-image-preview":"max-image-preview:large","max-video-preview":"max-video-preview:-1"},"canonical":"https:\/\/rioonwatch.org.br\/?p=28863","og_locale":"pt_BR","og_type":"article","og_title":"Exibi\u00e7\u00e3o do Document\u00e1rio \u2018Estado de Exce\u00e7\u00e3o\u2019 Provoca Debate, Cr\u00edtica - RioOnWatch","og_description":"Click Here for English No dia 8 de outubro, foi exibido no Festival do Rio o rec\u00e9m-lan\u00e7ado document\u00e1rio\u00a0Estado de Exce\u00e7\u00e3o, do cineasta canadense Jason O\u2019Hara,\u00a0no Cinema do Museu de Arte Moderna do Rio. O filme [...]","og_url":"https:\/\/rioonwatch.org.br\/?p=28863","og_site_name":"RioOnWatch","article_published_time":"2017-10-13T19:05:37+00:00","article_modified_time":"2024-06-20T19:25:03+00:00","og_image":[{"width":1321,"height":607,"url":"https:\/\/rioonwatch.org.br\/wp-content\/uploads\/2017\/10\/Painel-de-discuss\u00e3o.-Foto-de-Paco-Ohad-Frans-Loffler.jpeg","type":"image\/jpeg"}],"author":"Admin","twitter_card":"summary_large_image","twitter_misc":{"Escrito por":"Admin","Est. tempo de leitura":"8 minutos"},"schema":{"@context":"https:\/\/schema.org","@graph":[{"@type":"Article","@id":"https:\/\/rioonwatch.org.br\/?p=28863#article","isPartOf":{"@id":"https:\/\/rioonwatch.org.br\/?p=28863"},"author":{"name":"Admin","@id":"https:\/\/rioonwatch.org.br\/#\/schema\/person\/11d64c290506f9df50c71b850c473f68"},"headline":"Exibi\u00e7\u00e3o do Document\u00e1rio \u2018Estado de Exce\u00e7\u00e3o\u2019 Provoca Debate, Cr\u00edtica","datePublished":"2017-10-13T19:05:37+00:00","dateModified":"2024-06-20T19:25:03+00:00","mainEntityOfPage":{"@id":"https:\/\/rioonwatch.org.br\/?p=28863"},"wordCount":1570,"publisher":{"@id":"https:\/\/rioonwatch.org.br\/#organization"},"image":{"@id":"https:\/\/rioonwatch.org.br\/?p=28863#primaryimage"},"thumbnailUrl":"https:\/\/rioonwatch.org.br\/wp-content\/uploads\/2017\/10\/Painel-de-discuss\u00e3o.-Foto-de-Paco-Ohad-Frans-Loffler.jpeg","keywords":["Aldeia Maracan\u00e3","Copa das Confedera\u00e7\u00f5es","Copa do Mundo","Dilma Rousseff","Eduardo Paes","Favela do Metr\u00f4","filme","ind\u00edgenas","Maracan\u00e3","Megaeventos","Minha Casa Minha Vida","Pav\u00e3o-Pav\u00e3ozinho","protesto","Remo\u00e7\u00e3o","Resenha de filme","resist\u00eancia","Secretaria Municipal de Habita\u00e7\u00e3o (SMH)","T\u00e1ticas de remo\u00e7\u00e3o: dividir para conquistar","Tropa de Choque","Vila Aut\u00f3dromo","Vila Taboinha","viol\u00eancia policial"],"articleSection":["#Rio2016","*Destaque","Cobertura de Eventos","Escrito por Aliados","Resenhas"],"inLanguage":"pt-BR"},{"@type":"WebPage","@id":"https:\/\/rioonwatch.org.br\/?p=28863","url":"https:\/\/rioonwatch.org.br\/?p=28863","name":"Exibi\u00e7\u00e3o do Document\u00e1rio \u2018Estado de Exce\u00e7\u00e3o\u2019 Provoca Debate, Cr\u00edtica - RioOnWatch","isPartOf":{"@id":"https:\/\/rioonwatch.org.br\/#website"},"primaryImageOfPage":{"@id":"https:\/\/rioonwatch.org.br\/?p=28863#primaryimage"},"image":{"@id":"https:\/\/rioonwatch.org.br\/?p=28863#primaryimage"},"thumbnailUrl":"https:\/\/rioonwatch.org.br\/wp-content\/uploads\/2017\/10\/Painel-de-discuss\u00e3o.-Foto-de-Paco-Ohad-Frans-Loffler.jpeg","datePublished":"2017-10-13T19:05:37+00:00","dateModified":"2024-06-20T19:25:03+00:00","breadcrumb":{"@id":"https:\/\/rioonwatch.org.br\/?p=28863#breadcrumb"},"inLanguage":"pt-BR","potentialAction":[{"@type":"ReadAction","target":["https:\/\/rioonwatch.org.br\/?p=28863"]}]},{"@type":"ImageObject","inLanguage":"pt-BR","@id":"https:\/\/rioonwatch.org.br\/?p=28863#primaryimage","url":"https:\/\/rioonwatch.org.br\/wp-content\/uploads\/2017\/10\/Painel-de-discuss\u00e3o.-Foto-de-Paco-Ohad-Frans-Loffler.jpeg","contentUrl":"https:\/\/rioonwatch.org.br\/wp-content\/uploads\/2017\/10\/Painel-de-discuss\u00e3o.-Foto-de-Paco-Ohad-Frans-Loffler.jpeg","width":1321,"height":607},{"@type":"BreadcrumbList","@id":"https:\/\/rioonwatch.org.br\/?p=28863#breadcrumb","itemListElement":[{"@type":"ListItem","position":1,"name":"In\u00edcio","item":"https:\/\/rioonwatch.org.br\/"},{"@type":"ListItem","position":2,"name":"Exibi\u00e7\u00e3o do Document\u00e1rio \u2018Estado de Exce\u00e7\u00e3o\u2019 Provoca Debate, Cr\u00edtica"}]},{"@type":"WebSite","@id":"https:\/\/rioonwatch.org.br\/#website","url":"https:\/\/rioonwatch.org.br\/","name":"RioOnWatch","description":"relatos das favelas cariocas","publisher":{"@id":"https:\/\/rioonwatch.org.br\/#organization"},"potentialAction":[{"@type":"SearchAction","target":{"@type":"EntryPoint","urlTemplate":"https:\/\/rioonwatch.org.br\/?s={search_term_string}"},"query-input":{"@type":"PropertyValueSpecification","valueRequired":true,"valueName":"search_term_string"}}],"inLanguage":"pt-BR"},{"@type":"Organization","@id":"https:\/\/rioonwatch.org.br\/#organization","name":"RioOnWatch","url":"https:\/\/rioonwatch.org.br\/","logo":{"@type":"ImageObject","inLanguage":"pt-BR","@id":"https:\/\/rioonwatch.org.br\/#\/schema\/logo\/image\/","url":"https:\/\/rioonwatch.org.br\/wp-content\/uploads\/2021\/06\/RioOnWatchcabecalhoPT11anos-2.png","contentUrl":"https:\/\/rioonwatch.org.br\/wp-content\/uploads\/2021\/06\/RioOnWatchcabecalhoPT11anos-2.png","width":779,"height":277,"caption":"RioOnWatch"},"image":{"@id":"https:\/\/rioonwatch.org.br\/#\/schema\/logo\/image\/"}},{"@type":"Person","@id":"https:\/\/rioonwatch.org.br\/#\/schema\/person\/11d64c290506f9df50c71b850c473f68","name":"Admin","image":{"@type":"ImageObject","inLanguage":"pt-BR","@id":"https:\/\/rioonwatch.org.br\/#\/schema\/person\/image\/","url":"https:\/\/secure.gravatar.com\/avatar\/56211ac74568383903349a1485e3c325?s=96&d=blank&r=g","contentUrl":"https:\/\/secure.gravatar.com\/avatar\/56211ac74568383903349a1485e3c325?s=96&d=blank&r=g","caption":"Admin"},"url":"https:\/\/rioonwatch.org.br\/?author=129"}]}},"_links":{"self":[{"href":"https:\/\/rioonwatch.org.br\/index.php?rest_route=\/wp\/v2\/posts\/28863"}],"collection":[{"href":"https:\/\/rioonwatch.org.br\/index.php?rest_route=\/wp\/v2\/posts"}],"about":[{"href":"https:\/\/rioonwatch.org.br\/index.php?rest_route=\/wp\/v2\/types\/post"}],"author":[{"embeddable":true,"href":"https:\/\/rioonwatch.org.br\/index.php?rest_route=\/wp\/v2\/users\/129"}],"replies":[{"embeddable":true,"href":"https:\/\/rioonwatch.org.br\/index.php?rest_route=%2Fwp%2Fv2%2Fcomments&post=28863"}],"version-history":[{"count":28,"href":"https:\/\/rioonwatch.org.br\/index.php?rest_route=\/wp\/v2\/posts\/28863\/revisions"}],"predecessor-version":[{"id":32739,"href":"https:\/\/rioonwatch.org.br\/index.php?rest_route=\/wp\/v2\/posts\/28863\/revisions\/32739"}],"wp:featuredmedia":[{"embeddable":true,"href":"https:\/\/rioonwatch.org.br\/index.php?rest_route=\/wp\/v2\/media\/28865"}],"wp:attachment":[{"href":"https:\/\/rioonwatch.org.br\/index.php?rest_route=%2Fwp%2Fv2%2Fmedia&parent=28863"}],"wp:term":[{"taxonomy":"category","embeddable":true,"href":"https:\/\/rioonwatch.org.br\/index.php?rest_route=%2Fwp%2Fv2%2Fcategories&post=28863"},{"taxonomy":"post_tag","embeddable":true,"href":"https:\/\/rioonwatch.org.br\/index.php?rest_route=%2Fwp%2Fv2%2Ftags&post=28863"},{"taxonomy":"writer","embeddable":true,"href":"https:\/\/rioonwatch.org.br\/index.php?rest_route=%2Fwp%2Fv2%2Fwriter&post=28863"},{"taxonomy":"translator","embeddable":true,"href":"https:\/\/rioonwatch.org.br\/index.php?rest_route=%2Fwp%2Fv2%2Ftranslator&post=28863"},{"taxonomy":"source","embeddable":true,"href":"https:\/\/rioonwatch.org.br\/index.php?rest_route=%2Fwp%2Fv2%2Fsource&post=28863"},{"taxonomy":"ilustrador","embeddable":true,"href":"https:\/\/rioonwatch.org.br\/index.php?rest_route=%2Fwp%2Fv2%2Filustrador&post=28863"},{"taxonomy":"fotografo","embeddable":true,"href":"https:\/\/rioonwatch.org.br\/index.php?rest_route=%2Fwp%2Fv2%2Ffotografo&post=28863"}],"curies":[{"name":"wp","href":"https:\/\/api.w.org\/{rel}","templated":true}]}}