{"id":28891,"date":"2017-10-14T11:00:10","date_gmt":"2017-10-14T14:00:10","guid":{"rendered":"http:\/\/rioonwatch.org.br\/?p=28891"},"modified":"2017-10-17T09:02:40","modified_gmt":"2017-10-17T12:02:40","slug":"visibilidade-cresce-e-familias-de-maracajas-resistem-com-segundo-protesto-contra-remocao","status":"publish","type":"post","link":"https:\/\/rioonwatch.org.br\/?p=28891","title":{"rendered":"Visibilidade Cresce e Fam\u00edlias de Maracaj\u00e1s Resistem com Segundo Protesto Contra Remo\u00e7\u00e3o"},"content":{"rendered":"<p style=\"text-align: right;\"><em><strong><a href=\"http:\/\/bit.ly\/2xDiZFr\" target=\"_blank\" rel=\"noopener noreferrer\">Click Here for English<img decoding=\"async\" width=\"20\" height=\"20\" class=\"alignright wp-image-15790\" src=\"http:\/\/rioonwatch.org.br\/wp-content\/uploads\/2012\/08\/EN-standard-e1439583104716.jpg\" alt=\"\" \/><\/a><\/strong><\/em><\/p>\n<p><span style=\"font-weight: 400;\">As fam\u00edlias da <\/span><a href=\"http:\/\/bit.ly\/2wT6J3X\" target=\"_blank\" rel=\"noopener\"><span style=\"font-weight: 400;\">Estrada de Maracaj\u00e1s<\/span><\/a><span style=\"font-weight: 400;\">\u00a0realizaram a sua segunda manifesta\u00e7\u00e3o na manh\u00e3 da quarta-feira, 11 de outubro, na principal avenida que leva ao aeroporto internacional do Rio de Janeiro, situada perto das suas casas na <\/span><a href=\"http:\/\/bit.ly\/2fMaODR\" target=\"_blank\" rel=\"noopener\"><span style=\"font-weight: 400;\">Ilha do Governador<\/span><\/a><span style=\"font-weight: 400;\">. Sob <\/span><a href=\"http:\/\/bit.ly\/2xecIQi\" target=\"_blank\" rel=\"noopener\"><span style=\"font-weight: 400;\">amea\u00e7a imediata de remo\u00e7\u00e3o pela vizinha Aeron\u00e1utica<\/span><\/a><span style=\"font-weight: 400;\">&#8212;<\/span><span style=\"font-weight: 400;\">que parece estar\u00a0<\/span><a href=\"http:\/\/bit.ly\/2ylcue0\" target=\"_blank\" rel=\"noopener\"><span style=\"font-weight: 400;\">de olho na terra para vend\u00ea-la a um hospital particular<\/span><\/a><span style=\"font-weight: 400;\">&#8212;<\/span><span style=\"font-weight: 400;\">os moradores se mobilizaram rapidamente e ganharam visibilidade atrav\u00e9s de <\/span><a href=\"http:\/\/bit.ly\/2kwRtYY\" target=\"_blank\" rel=\"noopener\"><span style=\"font-weight: 400;\">protesto organizado<\/span><\/a><span style=\"font-weight: 400;\">,\u00a0<\/span><span style=\"font-weight: 400;\">processos jur\u00eddicos, e <\/span><a href=\"http:\/\/bit.ly\/2ylJZgf\" target=\"_blank\" rel=\"noopener\"><span style=\"font-weight: 400;\">ativismo nas m\u00eddias sociais<\/span><\/a><span style=\"font-weight: 400;\">. O ato de quarta-feira de manh\u00e3 foi a sua segunda chamada para agir, visando em parte chamar a aten\u00e7\u00e3o dos turistas estrangeiros que estavam chegando ao Rio nos v\u00f4os da manh\u00e3. Os moradores ficaram felizes com o resultado.<\/span><\/p>\n<p><span style=\"font-weight: 400;\">\u201cEst\u00e1 sendo muito boa essa manifesta\u00e7\u00e3o. Todas as manifesta\u00e7\u00f5es est\u00e3o causando o efeito necess\u00e1rio para que possamos chamar aten\u00e7\u00e3o de autoridades, <a href=\"http:\/\/bit.ly\/2ylcue0\" target=\"_blank\" rel=\"noopener\">das televis\u00f5es e r\u00e1dios<\/a>&#8220;,\u00a0<\/span><span style=\"font-weight: 400;\">refletiu o organizador da resist\u00eancia Anderson dos Santos Pereira.<\/span><\/p>\n<p><a href=\"http:\/\/rioonwatch.org.br\/wp-content\/uploads\/2017\/10\/WhatsApp-Image-2017-10-11-at-15.01.04-e1507902499264.jpeg\"><img fetchpriority=\"high\" decoding=\"async\" class=\"aligncenter wp-image-28907 size-content\" title=\"Por Electra Bolotas\" src=\"http:\/\/rioonwatch.org.br\/wp-content\/uploads\/2017\/10\/WhatsApp-Image-2017-10-11-at-15.01.04-e1507902499264-620x264.jpeg\" alt=\"\" width=\"620\" height=\"264\" srcset=\"https:\/\/rioonwatch.org.br\/wp-content\/uploads\/2017\/10\/WhatsApp-Image-2017-10-11-at-15.01.04-e1507902499264-620x264.jpeg 620w, https:\/\/rioonwatch.org.br\/wp-content\/uploads\/2017\/10\/WhatsApp-Image-2017-10-11-at-15.01.04-e1507902499264-940x400.jpeg 940w\" sizes=\"(max-width: 620px) 100vw, 620px\" \/><\/a><\/p>\n<p><span style=\"font-weight: 400;\">Ap\u00f3s a sua primeira manifesta\u00e7\u00e3o no Gale\u00e3o, a comunidade recebeu uma onda de aten\u00e7\u00e3o da m\u00eddia. Enquanto <em>O Globo<\/em> focou principalmente nos <\/span><a href=\"https:\/\/glo.bo\/2xWpUvn\" target=\"_blank\" rel=\"noopener\"><span style=\"font-weight: 400;\">efeitos sobre o tr\u00e2nsito dos esfor\u00e7os de resist\u00eancia<\/span><\/a><span style=\"font-weight: 400;\">, outras fontes de not\u00edcias tiveram uma abordagem mais responsiva.\u00a0A <em>TV Record<\/em> levou ao ar <\/span><a href=\"http:\/\/bit.ly\/2g45WXo\" target=\"_blank\" rel=\"noopener\"><span style=\"font-weight: 400;\">uma reportagem completa<\/span><\/a><span style=\"font-weight: 400;\">\u00a0<\/span><span style=\"font-weight: 400;\">dois dias seguidos, ressaltando que alguns moradores moram na Estrada de Maracaj\u00e1s h\u00e1 d\u00e9cadas (antes da chegada da base da Aeron\u00e1utica), enfatizando a total <\/span><a href=\"http:\/\/bit.ly\/2c9efPw\" target=\"_blank\" rel=\"noopener\"><span style=\"font-weight: 400;\">aus\u00eancia de indeniza\u00e7\u00e3o<\/span><\/a><span style=\"font-weight: 400;\">, e discutindo o <\/span><a href=\"http:\/\/bit.ly\/11tBtBo\" target=\"_blank\" rel=\"noopener\"><span style=\"font-weight: 400;\">interesse<\/span><\/a><span style=\"font-weight: 400;\">\u00a0nas terras por uma rede de hospitais particulares.\u00a0A <em>Ag\u00eancia Brasil <\/em><\/span><a href=\"http:\/\/bit.ly\/2yfiju4\" target=\"_blank\" rel=\"noopener\"><span style=\"font-weight: 400;\">publicou uma mat\u00e9ria<\/span><\/a><span style=\"font-weight: 400;\">\u00a0<\/span><span style=\"font-weight: 400;\">que situa estas amea\u00e7as mais recentes de <\/span><a href=\"http:\/\/bit.ly\/X51Qvb\" target=\"_blank\" rel=\"noopener\"><span style=\"font-weight: 400;\">remo\u00e7\u00e3o<\/span><\/a><span style=\"font-weight: 400;\"> no contexto de uma tend\u00eancia de remo\u00e7\u00f5es \u201cseletivas\u201d&#8211;retirando duas ou tr\u00eas fam\u00edlias de cada vez&#8211;na Ilha do Governador desde a privatiza\u00e7\u00e3o do <\/span><a href=\"http:\/\/bit.ly\/2zmQuxN\" target=\"_blank\" rel=\"noopener\"><span style=\"font-weight: 400;\">Aeroporto Internacional do Gale\u00e3o<\/span><\/a><span style=\"font-weight: 400;\"> em 2013. Esta mat\u00e9ria tamb\u00e9m confirma que, de acordo com a Aeron\u00e1utica, a terra em quest\u00e3o \u00e9 terra federal atualmente sob a administra\u00e7\u00e3o da Aeron\u00e1utica, que recorreu ao tribunal federal para a reintegra\u00e7\u00e3o de posse da terra.<\/span><\/p>\n<p><span style=\"font-weight: 400;\">No Facebook, os moradores de Maracaj\u00e1s e da <\/span><a href=\"http:\/\/bit.ly\/Nfddvg\" target=\"_blank\" rel=\"noopener\"><span style=\"font-weight: 400;\">Vila Aut\u00f3dromo<\/span><\/a><span style=\"font-weight: 400;\">, <\/span><a href=\"http:\/\/bit.ly\/11b2TzL\" target=\"_blank\" rel=\"noopener\"><span style=\"font-weight: 400;\">Horto<\/span><\/a><span style=\"font-weight: 400;\">, e <\/span><a href=\"http:\/\/bit.ly\/1HgPoFM\" target=\"_blank\" rel=\"noopener\"><span style=\"font-weight: 400;\">Rio das Pedras <\/span><\/a><span style=\"font-weight: 400;\">tamb\u00e9m est\u00e3o produzindo a sua pr\u00f3pria m\u00eddia. Em um <\/span><a href=\"http:\/\/bit.ly\/2zkYNua\" target=\"_blank\" rel=\"noopener\"><span style=\"font-weight: 400;\">v\u00eddeo bastante assistido<\/span><\/a><span style=\"font-weight: 400;\">, moradores de Rio das Pedras ligaram as <\/span><a href=\"http:\/\/bit.ly\/2xwnhye\" target=\"_blank\" rel=\"noopener\"><span style=\"font-weight: 400;\">amea\u00e7as que est\u00e3o enfrentando no seu bairro<\/span><\/a><span style=\"font-weight: 400;\"> \u00e0s amea\u00e7as mais imediatas enfrentadas em Maracaj\u00e1s, dizendo, \u201co que est\u00e1 acontecendo aqui [em Maracaj\u00e1s] \u00e9 o nosso amanh\u00e3, se a gente n\u00e3o lutar\u201d, e pediram a uni\u00e3o dos movimentos entre as comunidades para <\/span><a href=\"http:\/\/bit.ly\/2k0r1GI\" target=\"_blank\" rel=\"noopener\"><span style=\"font-weight: 400;\">ajudar uns aos outros a resistir \u00e0 remo\u00e7\u00e3o<\/span><\/a><span style=\"font-weight: 400;\">, enquanto Maria da Penha, da Vila Aut\u00f3dromo conduziu o grupo entoando: \u201cAeron\u00e1utica, respeite os direitos dessas fam\u00edlias!&#8221;<\/span><\/p>\n<p><span style=\"font-weight: 400;\">O grupo de Maracaj\u00e1s tamb\u00e9m chamou a aten\u00e7\u00e3o das autoridades municipais e estaduais, refor\u00e7ando os seus esfor\u00e7os de resist\u00eancia. \u201cDepois que come\u00e7aram as manifesta\u00e7\u00f5es, fui convidado pela Secretaria de Estado de Direitos Humanos e Pol\u00edticas para Mulheres e Idosos\u00a0para falar sobre o que est\u00e1 acontecendo com as fam\u00edlias aqui\u201d, disse Anderson sobre uma pr\u00f3xima reuni\u00e3o. A sua esperan\u00e7a \u00e9 que a aten\u00e7\u00e3o adie as <\/span><a href=\"http:\/\/bit.ly\/2xecIQi\" target=\"_blank\" rel=\"noopener\"><span style=\"font-weight: 400;\">amea\u00e7as pendentes da Aeron\u00e1utica<\/span><\/a><span style=\"font-weight: 400;\">.<\/span><span style=\"font-weight: 400;\"> No Facebook, no entanto, <\/span><a href=\"http:\/\/bit.ly\/2z46hRi\"><span style=\"font-weight: 400;\">os moradores est\u00e3o mencionando 18 de outubro<\/span><\/a><span style=\"font-weight: 400;\"> como uma poss\u00edvel primeira data de remo\u00e7\u00e3o de tr\u00eas fam\u00edlias. Todavia, as fam\u00edlias continuam a se mobilizar efetivamente e rapidamente, fazendo liga\u00e7\u00f5es e levando adiante os argumentos jur\u00eddicos, <\/span><a href=\"http:\/\/bit.ly\/2wTeoPQ\" target=\"_blank\" rel=\"noopener\"><span style=\"font-weight: 400;\">citando as estipula\u00e7\u00f5es da Lei Org\u00e2nica Municipal<\/span><\/a><span style=\"font-weight: 400;\"> contra a retirada de fam\u00edlias de baixa renda. Como uma <\/span><a href=\"http:\/\/bit.ly\/2wTeoPQ\"><span style=\"font-weight: 400;\">postagem p\u00fablica recente no Facebook declara<\/span><\/a><span style=\"font-weight: 400;\">, eles est\u00e3o pedindo o apoio de todos os moradores da regi\u00e3o, pois as &#8220;outras 60 casas e fam\u00edlias da Estrada Maracaj\u00e1 poder\u00e3o ser as pr\u00f3ximas v\u00edtimas desta crueldade&#8221;.<\/span><\/p>\n<p><a href=\"http:\/\/rioonwatch.org.br\/wp-content\/uploads\/2017\/10\/Protesto-Maracaj\u00e1s.jpeg\"><img decoding=\"async\" class=\"aligncenter wp-image-28916 size-content\" title=\"&quot;Lei Org\u00e2nica do Rio, Artigo 429, VI, Po\u00edbe a Remo\u00e7\u00e3o de Moradores!!!&quot; Foto por Electra Bolotas\" src=\"http:\/\/rioonwatch.org.br\/wp-content\/uploads\/2017\/10\/Protesto-Maracaj\u00e1s-620x264.jpeg\" alt=\"\" width=\"620\" height=\"264\" srcset=\"https:\/\/rioonwatch.org.br\/wp-content\/uploads\/2017\/10\/Protesto-Maracaj\u00e1s-620x264.jpeg 620w, https:\/\/rioonwatch.org.br\/wp-content\/uploads\/2017\/10\/Protesto-Maracaj\u00e1s-940x400.jpeg 940w\" sizes=\"(max-width: 620px) 100vw, 620px\" \/><\/a><\/p>\n<p><strong>Mostre seu apoio, curtindo a\u00a0<a href=\"http:\/\/bit.ly\/2xeWINS\" target=\"_blank\" rel=\"noopener\">p\u00e1gina do Facebook<\/a>\u00a0da comunidade e compartilhando seu conte\u00fado com a hashtag, #MaracajasContraRemocoes.<\/strong><\/p>\n<!-- AddThis Advanced Settings generic via filter on the_content --><!-- AddThis Share Buttons generic via filter on the_content -->","protected":false},"excerpt":{"rendered":"<div class=\"mh-excerpt\"><p>Click Here for English As fam\u00edlias da Estrada de Maracaj\u00e1s\u00a0realizaram a sua segunda manifesta\u00e7\u00e3o na manh\u00e3 da quarta-feira, 11 de outubro, na principal avenida que leva ao aeroporto internacional do Rio de Janeiro, situada perto <a class=\"mh-excerpt-more\" href=\"https:\/\/rioonwatch.org.br\/?p=28891\" title=\"Visibilidade Cresce e Fam\u00edlias de Maracaj\u00e1s Resistem com Segundo Protesto Contra Remo\u00e7\u00e3o\">[&#8230;]<\/a><!-- AddThis Advanced Settings generic via filter on get_the_excerpt --><!-- AddThis Share Buttons generic via filter on get_the_excerpt --><\/p>\n<\/div>","protected":false},"author":129,"featured_media":28899,"comment_status":"closed","ping_status":"closed","sticky":false,"template":"","format":"standard","meta":{"_acf_changed":false,"_monsterinsights_skip_tracking":false,"_monsterinsights_sitenote_active":false,"_monsterinsights_sitenote_note":"","_monsterinsights_sitenote_category":0,"footnotes":""},"categories":[1614,1621,346,1625,1613],"tags":[424,396,2227,2219,752,2224,1151,1037,763,14,432,1393,380,218],"writer":[2133],"translator":[1875],"source":[],"ilustrador":[],"fotografo":[],"class_list":{"0":"post-28891","1":"post","2":"type-post","3":"status-publish","4":"format-standard","5":"has-post-thumbnail","7":"category-olhonasremocoes","8":"category-destaque","9":"category-denuncias","10":"category-por-correspondentes-comunitarios","11":"category-midia-comunitaria","12":"tag-direito-a-moradia","13":"tag-especulacao-imobiliaria","14":"tag-galeao","15":"tag-ilha-do-governador","16":"tag-indenizacao-injusta","17":"tag-maracajas","18":"tag-organizacao","19":"tag-moradia","20":"tag-protesto","21":"tag-remocao","22":"tag-resistencia","23":"tag-rio-das-pedras","24":"tag-solidariedade","25":"tag-zona-norte","26":"writer-tyler-strobl","27":"translator-marina-hennies"},"acf":[],"yoast_head":"<!-- This site is optimized with the Yoast SEO plugin v25.6 - https:\/\/yoast.com\/wordpress\/plugins\/seo\/ -->\n<title>Visibilidade Cresce e Fam\u00edlias de Maracaj\u00e1s Resistem com Segundo Protesto Contra Remo\u00e7\u00e3o - RioOnWatch<\/title>\n<meta name=\"robots\" content=\"index, follow, max-snippet:-1, max-image-preview:large, max-video-preview:-1\" \/>\n<link rel=\"canonical\" href=\"https:\/\/rioonwatch.org.br\/?p=28891\" \/>\n<meta property=\"og:locale\" content=\"pt_BR\" \/>\n<meta property=\"og:type\" content=\"article\" \/>\n<meta property=\"og:title\" content=\"Visibilidade Cresce e Fam\u00edlias de Maracaj\u00e1s Resistem com Segundo Protesto Contra Remo\u00e7\u00e3o - RioOnWatch\" \/>\n<meta property=\"og:description\" content=\"Click Here for English As fam\u00edlias da Estrada de Maracaj\u00e1s\u00a0realizaram a sua segunda manifesta\u00e7\u00e3o na manh\u00e3 da quarta-feira, 11 de outubro, na principal avenida que leva ao aeroporto internacional do Rio de Janeiro, situada perto [...]\" \/>\n<meta property=\"og:url\" content=\"https:\/\/rioonwatch.org.br\/?p=28891\" \/>\n<meta property=\"og:site_name\" content=\"RioOnWatch\" \/>\n<meta property=\"article:published_time\" content=\"2017-10-14T14:00:10+00:00\" \/>\n<meta property=\"article:modified_time\" content=\"2017-10-17T12:02:40+00:00\" \/>\n<meta property=\"og:image\" content=\"https:\/\/rioonwatch.org.br\/wp-content\/uploads\/2017\/10\/Maracaj\u00e1-2.jpeg\" \/>\n\t<meta property=\"og:image:width\" content=\"1440\" \/>\n\t<meta property=\"og:image:height\" content=\"1080\" \/>\n\t<meta property=\"og:image:type\" content=\"image\/jpeg\" \/>\n<meta name=\"author\" content=\"Admin\" \/>\n<meta name=\"twitter:card\" content=\"summary_large_image\" \/>\n<meta name=\"twitter:label1\" content=\"Escrito por\" \/>\n\t<meta name=\"twitter:data1\" content=\"Admin\" \/>\n\t<meta name=\"twitter:label2\" content=\"Est. tempo de leitura\" \/>\n\t<meta name=\"twitter:data2\" content=\"3 minutos\" \/>\n<script type=\"application\/ld+json\" class=\"yoast-schema-graph\">{\"@context\":\"https:\/\/schema.org\",\"@graph\":[{\"@type\":\"Article\",\"@id\":\"https:\/\/rioonwatch.org.br\/?p=28891#article\",\"isPartOf\":{\"@id\":\"https:\/\/rioonwatch.org.br\/?p=28891\"},\"author\":{\"name\":\"Admin\",\"@id\":\"https:\/\/rioonwatch.org.br\/#\/schema\/person\/11d64c290506f9df50c71b850c473f68\"},\"headline\":\"Visibilidade Cresce e Fam\u00edlias de Maracaj\u00e1s Resistem com Segundo Protesto Contra Remo\u00e7\u00e3o\",\"datePublished\":\"2017-10-14T14:00:10+00:00\",\"dateModified\":\"2017-10-17T12:02:40+00:00\",\"mainEntityOfPage\":{\"@id\":\"https:\/\/rioonwatch.org.br\/?p=28891\"},\"wordCount\":711,\"publisher\":{\"@id\":\"https:\/\/rioonwatch.org.br\/#organization\"},\"image\":{\"@id\":\"https:\/\/rioonwatch.org.br\/?p=28891#primaryimage\"},\"thumbnailUrl\":\"https:\/\/rioonwatch.org.br\/wp-content\/uploads\/2017\/10\/Maracaj\u00e1-2.jpeg\",\"keywords\":[\"Direito \u00e0 Moradia\",\"especula\u00e7\u00e3o imobili\u00e1ria\",\"Gale\u00e3o\",\"Ilha do Governador\",\"indeniza\u00e7\u00e3o injusta\",\"Maracaj\u00e1s\",\"mobiliza\u00e7\u00e3o\",\"moradia\",\"protesto\",\"Remo\u00e7\u00e3o\",\"resist\u00eancia\",\"Rio das Pedras\",\"solidariedade\",\"Zona Norte\"],\"articleSection\":[\"#OlhoNasRemo\u00e7\u00f5es\",\"*Destaque\",\"Den\u00fancias\",\"Escrito por Comunicadores Populares\",\"M\u00eddia Comunit\u00e1ria\"],\"inLanguage\":\"pt-BR\"},{\"@type\":\"WebPage\",\"@id\":\"https:\/\/rioonwatch.org.br\/?p=28891\",\"url\":\"https:\/\/rioonwatch.org.br\/?p=28891\",\"name\":\"Visibilidade Cresce e Fam\u00edlias de Maracaj\u00e1s Resistem com Segundo Protesto Contra Remo\u00e7\u00e3o - RioOnWatch\",\"isPartOf\":{\"@id\":\"https:\/\/rioonwatch.org.br\/#website\"},\"primaryImageOfPage\":{\"@id\":\"https:\/\/rioonwatch.org.br\/?p=28891#primaryimage\"},\"image\":{\"@id\":\"https:\/\/rioonwatch.org.br\/?p=28891#primaryimage\"},\"thumbnailUrl\":\"https:\/\/rioonwatch.org.br\/wp-content\/uploads\/2017\/10\/Maracaj\u00e1-2.jpeg\",\"datePublished\":\"2017-10-14T14:00:10+00:00\",\"dateModified\":\"2017-10-17T12:02:40+00:00\",\"breadcrumb\":{\"@id\":\"https:\/\/rioonwatch.org.br\/?p=28891#breadcrumb\"},\"inLanguage\":\"pt-BR\",\"potentialAction\":[{\"@type\":\"ReadAction\",\"target\":[\"https:\/\/rioonwatch.org.br\/?p=28891\"]}]},{\"@type\":\"ImageObject\",\"inLanguage\":\"pt-BR\",\"@id\":\"https:\/\/rioonwatch.org.br\/?p=28891#primaryimage\",\"url\":\"https:\/\/rioonwatch.org.br\/wp-content\/uploads\/2017\/10\/Maracaj\u00e1-2.jpeg\",\"contentUrl\":\"https:\/\/rioonwatch.org.br\/wp-content\/uploads\/2017\/10\/Maracaj\u00e1-2.jpeg\",\"width\":1440,\"height\":1080},{\"@type\":\"BreadcrumbList\",\"@id\":\"https:\/\/rioonwatch.org.br\/?p=28891#breadcrumb\",\"itemListElement\":[{\"@type\":\"ListItem\",\"position\":1,\"name\":\"In\u00edcio\",\"item\":\"https:\/\/rioonwatch.org.br\/\"},{\"@type\":\"ListItem\",\"position\":2,\"name\":\"Visibilidade Cresce e Fam\u00edlias de Maracaj\u00e1s Resistem com Segundo Protesto Contra Remo\u00e7\u00e3o\"}]},{\"@type\":\"WebSite\",\"@id\":\"https:\/\/rioonwatch.org.br\/#website\",\"url\":\"https:\/\/rioonwatch.org.br\/\",\"name\":\"RioOnWatch\",\"description\":\"relatos das favelas cariocas\",\"publisher\":{\"@id\":\"https:\/\/rioonwatch.org.br\/#organization\"},\"potentialAction\":[{\"@type\":\"SearchAction\",\"target\":{\"@type\":\"EntryPoint\",\"urlTemplate\":\"https:\/\/rioonwatch.org.br\/?s={search_term_string}\"},\"query-input\":{\"@type\":\"PropertyValueSpecification\",\"valueRequired\":true,\"valueName\":\"search_term_string\"}}],\"inLanguage\":\"pt-BR\"},{\"@type\":\"Organization\",\"@id\":\"https:\/\/rioonwatch.org.br\/#organization\",\"name\":\"RioOnWatch\",\"url\":\"https:\/\/rioonwatch.org.br\/\",\"logo\":{\"@type\":\"ImageObject\",\"inLanguage\":\"pt-BR\",\"@id\":\"https:\/\/rioonwatch.org.br\/#\/schema\/logo\/image\/\",\"url\":\"https:\/\/rioonwatch.org.br\/wp-content\/uploads\/2021\/06\/RioOnWatchcabecalhoPT11anos-2.png\",\"contentUrl\":\"https:\/\/rioonwatch.org.br\/wp-content\/uploads\/2021\/06\/RioOnWatchcabecalhoPT11anos-2.png\",\"width\":779,\"height\":277,\"caption\":\"RioOnWatch\"},\"image\":{\"@id\":\"https:\/\/rioonwatch.org.br\/#\/schema\/logo\/image\/\"}},{\"@type\":\"Person\",\"@id\":\"https:\/\/rioonwatch.org.br\/#\/schema\/person\/11d64c290506f9df50c71b850c473f68\",\"name\":\"Admin\",\"image\":{\"@type\":\"ImageObject\",\"inLanguage\":\"pt-BR\",\"@id\":\"https:\/\/rioonwatch.org.br\/#\/schema\/person\/image\/\",\"url\":\"https:\/\/secure.gravatar.com\/avatar\/56211ac74568383903349a1485e3c325?s=96&d=blank&r=g\",\"contentUrl\":\"https:\/\/secure.gravatar.com\/avatar\/56211ac74568383903349a1485e3c325?s=96&d=blank&r=g\",\"caption\":\"Admin\"},\"url\":\"https:\/\/rioonwatch.org.br\/?author=129\"}]}<\/script>\n<!-- \/ Yoast SEO plugin. -->","yoast_head_json":{"title":"Visibilidade Cresce e Fam\u00edlias de Maracaj\u00e1s Resistem com Segundo Protesto Contra Remo\u00e7\u00e3o - RioOnWatch","robots":{"index":"index","follow":"follow","max-snippet":"max-snippet:-1","max-image-preview":"max-image-preview:large","max-video-preview":"max-video-preview:-1"},"canonical":"https:\/\/rioonwatch.org.br\/?p=28891","og_locale":"pt_BR","og_type":"article","og_title":"Visibilidade Cresce e Fam\u00edlias de Maracaj\u00e1s Resistem com Segundo Protesto Contra Remo\u00e7\u00e3o - RioOnWatch","og_description":"Click Here for English As fam\u00edlias da Estrada de Maracaj\u00e1s\u00a0realizaram a sua segunda manifesta\u00e7\u00e3o na manh\u00e3 da quarta-feira, 11 de outubro, na principal avenida que leva ao aeroporto internacional do Rio de Janeiro, situada perto [...]","og_url":"https:\/\/rioonwatch.org.br\/?p=28891","og_site_name":"RioOnWatch","article_published_time":"2017-10-14T14:00:10+00:00","article_modified_time":"2017-10-17T12:02:40+00:00","og_image":[{"width":1440,"height":1080,"url":"https:\/\/rioonwatch.org.br\/wp-content\/uploads\/2017\/10\/Maracaj\u00e1-2.jpeg","type":"image\/jpeg"}],"author":"Admin","twitter_card":"summary_large_image","twitter_misc":{"Escrito por":"Admin","Est. tempo de leitura":"3 minutos"},"schema":{"@context":"https:\/\/schema.org","@graph":[{"@type":"Article","@id":"https:\/\/rioonwatch.org.br\/?p=28891#article","isPartOf":{"@id":"https:\/\/rioonwatch.org.br\/?p=28891"},"author":{"name":"Admin","@id":"https:\/\/rioonwatch.org.br\/#\/schema\/person\/11d64c290506f9df50c71b850c473f68"},"headline":"Visibilidade Cresce e Fam\u00edlias de Maracaj\u00e1s Resistem com Segundo Protesto Contra Remo\u00e7\u00e3o","datePublished":"2017-10-14T14:00:10+00:00","dateModified":"2017-10-17T12:02:40+00:00","mainEntityOfPage":{"@id":"https:\/\/rioonwatch.org.br\/?p=28891"},"wordCount":711,"publisher":{"@id":"https:\/\/rioonwatch.org.br\/#organization"},"image":{"@id":"https:\/\/rioonwatch.org.br\/?p=28891#primaryimage"},"thumbnailUrl":"https:\/\/rioonwatch.org.br\/wp-content\/uploads\/2017\/10\/Maracaj\u00e1-2.jpeg","keywords":["Direito \u00e0 Moradia","especula\u00e7\u00e3o imobili\u00e1ria","Gale\u00e3o","Ilha do Governador","indeniza\u00e7\u00e3o injusta","Maracaj\u00e1s","mobiliza\u00e7\u00e3o","moradia","protesto","Remo\u00e7\u00e3o","resist\u00eancia","Rio das Pedras","solidariedade","Zona Norte"],"articleSection":["#OlhoNasRemo\u00e7\u00f5es","*Destaque","Den\u00fancias","Escrito por Comunicadores Populares","M\u00eddia Comunit\u00e1ria"],"inLanguage":"pt-BR"},{"@type":"WebPage","@id":"https:\/\/rioonwatch.org.br\/?p=28891","url":"https:\/\/rioonwatch.org.br\/?p=28891","name":"Visibilidade Cresce e Fam\u00edlias de Maracaj\u00e1s Resistem com Segundo Protesto Contra Remo\u00e7\u00e3o - RioOnWatch","isPartOf":{"@id":"https:\/\/rioonwatch.org.br\/#website"},"primaryImageOfPage":{"@id":"https:\/\/rioonwatch.org.br\/?p=28891#primaryimage"},"image":{"@id":"https:\/\/rioonwatch.org.br\/?p=28891#primaryimage"},"thumbnailUrl":"https:\/\/rioonwatch.org.br\/wp-content\/uploads\/2017\/10\/Maracaj\u00e1-2.jpeg","datePublished":"2017-10-14T14:00:10+00:00","dateModified":"2017-10-17T12:02:40+00:00","breadcrumb":{"@id":"https:\/\/rioonwatch.org.br\/?p=28891#breadcrumb"},"inLanguage":"pt-BR","potentialAction":[{"@type":"ReadAction","target":["https:\/\/rioonwatch.org.br\/?p=28891"]}]},{"@type":"ImageObject","inLanguage":"pt-BR","@id":"https:\/\/rioonwatch.org.br\/?p=28891#primaryimage","url":"https:\/\/rioonwatch.org.br\/wp-content\/uploads\/2017\/10\/Maracaj\u00e1-2.jpeg","contentUrl":"https:\/\/rioonwatch.org.br\/wp-content\/uploads\/2017\/10\/Maracaj\u00e1-2.jpeg","width":1440,"height":1080},{"@type":"BreadcrumbList","@id":"https:\/\/rioonwatch.org.br\/?p=28891#breadcrumb","itemListElement":[{"@type":"ListItem","position":1,"name":"In\u00edcio","item":"https:\/\/rioonwatch.org.br\/"},{"@type":"ListItem","position":2,"name":"Visibilidade Cresce e Fam\u00edlias de Maracaj\u00e1s Resistem com Segundo Protesto Contra Remo\u00e7\u00e3o"}]},{"@type":"WebSite","@id":"https:\/\/rioonwatch.org.br\/#website","url":"https:\/\/rioonwatch.org.br\/","name":"RioOnWatch","description":"relatos das favelas cariocas","publisher":{"@id":"https:\/\/rioonwatch.org.br\/#organization"},"potentialAction":[{"@type":"SearchAction","target":{"@type":"EntryPoint","urlTemplate":"https:\/\/rioonwatch.org.br\/?s={search_term_string}"},"query-input":{"@type":"PropertyValueSpecification","valueRequired":true,"valueName":"search_term_string"}}],"inLanguage":"pt-BR"},{"@type":"Organization","@id":"https:\/\/rioonwatch.org.br\/#organization","name":"RioOnWatch","url":"https:\/\/rioonwatch.org.br\/","logo":{"@type":"ImageObject","inLanguage":"pt-BR","@id":"https:\/\/rioonwatch.org.br\/#\/schema\/logo\/image\/","url":"https:\/\/rioonwatch.org.br\/wp-content\/uploads\/2021\/06\/RioOnWatchcabecalhoPT11anos-2.png","contentUrl":"https:\/\/rioonwatch.org.br\/wp-content\/uploads\/2021\/06\/RioOnWatchcabecalhoPT11anos-2.png","width":779,"height":277,"caption":"RioOnWatch"},"image":{"@id":"https:\/\/rioonwatch.org.br\/#\/schema\/logo\/image\/"}},{"@type":"Person","@id":"https:\/\/rioonwatch.org.br\/#\/schema\/person\/11d64c290506f9df50c71b850c473f68","name":"Admin","image":{"@type":"ImageObject","inLanguage":"pt-BR","@id":"https:\/\/rioonwatch.org.br\/#\/schema\/person\/image\/","url":"https:\/\/secure.gravatar.com\/avatar\/56211ac74568383903349a1485e3c325?s=96&d=blank&r=g","contentUrl":"https:\/\/secure.gravatar.com\/avatar\/56211ac74568383903349a1485e3c325?s=96&d=blank&r=g","caption":"Admin"},"url":"https:\/\/rioonwatch.org.br\/?author=129"}]}},"_links":{"self":[{"href":"https:\/\/rioonwatch.org.br\/index.php?rest_route=\/wp\/v2\/posts\/28891"}],"collection":[{"href":"https:\/\/rioonwatch.org.br\/index.php?rest_route=\/wp\/v2\/posts"}],"about":[{"href":"https:\/\/rioonwatch.org.br\/index.php?rest_route=\/wp\/v2\/types\/post"}],"author":[{"embeddable":true,"href":"https:\/\/rioonwatch.org.br\/index.php?rest_route=\/wp\/v2\/users\/129"}],"replies":[{"embeddable":true,"href":"https:\/\/rioonwatch.org.br\/index.php?rest_route=%2Fwp%2Fv2%2Fcomments&post=28891"}],"version-history":[{"count":19,"href":"https:\/\/rioonwatch.org.br\/index.php?rest_route=\/wp\/v2\/posts\/28891\/revisions"}],"predecessor-version":[{"id":28933,"href":"https:\/\/rioonwatch.org.br\/index.php?rest_route=\/wp\/v2\/posts\/28891\/revisions\/28933"}],"wp:featuredmedia":[{"embeddable":true,"href":"https:\/\/rioonwatch.org.br\/index.php?rest_route=\/wp\/v2\/media\/28899"}],"wp:attachment":[{"href":"https:\/\/rioonwatch.org.br\/index.php?rest_route=%2Fwp%2Fv2%2Fmedia&parent=28891"}],"wp:term":[{"taxonomy":"category","embeddable":true,"href":"https:\/\/rioonwatch.org.br\/index.php?rest_route=%2Fwp%2Fv2%2Fcategories&post=28891"},{"taxonomy":"post_tag","embeddable":true,"href":"https:\/\/rioonwatch.org.br\/index.php?rest_route=%2Fwp%2Fv2%2Ftags&post=28891"},{"taxonomy":"writer","embeddable":true,"href":"https:\/\/rioonwatch.org.br\/index.php?rest_route=%2Fwp%2Fv2%2Fwriter&post=28891"},{"taxonomy":"translator","embeddable":true,"href":"https:\/\/rioonwatch.org.br\/index.php?rest_route=%2Fwp%2Fv2%2Ftranslator&post=28891"},{"taxonomy":"source","embeddable":true,"href":"https:\/\/rioonwatch.org.br\/index.php?rest_route=%2Fwp%2Fv2%2Fsource&post=28891"},{"taxonomy":"ilustrador","embeddable":true,"href":"https:\/\/rioonwatch.org.br\/index.php?rest_route=%2Fwp%2Fv2%2Filustrador&post=28891"},{"taxonomy":"fotografo","embeddable":true,"href":"https:\/\/rioonwatch.org.br\/index.php?rest_route=%2Fwp%2Fv2%2Ffotografo&post=28891"}],"curies":[{"name":"wp","href":"https:\/\/api.w.org\/{rel}","templated":true}]}}