{"id":28941,"date":"2017-10-18T09:50:10","date_gmt":"2017-10-18T12:50:10","guid":{"rendered":"http:\/\/rioonwatch.org.br\/?p=28941"},"modified":"2022-06-29T17:20:57","modified_gmt":"2022-06-29T20:20:57","slug":"refugiadas-africanas-relatam-luta-pela-sobrevivencia-em-duque-de-caxias","status":"publish","type":"post","link":"https:\/\/rioonwatch.org.br\/?p=28941","title":{"rendered":"Refugiadas Africanas Relatam Luta pela Sobreviv\u00eancia em Duque de Caxias"},"content":{"rendered":"<p style=\"text-align: right;\"><em><strong><a href=\"http:\/\/bit.ly\/2yc7PIX\" target=\"_blank\" rel=\"noopener noreferrer\">Click Here for English<\/a><a href=\"http:\/\/bit.ly\/2yc7PIX\" target=\"_blank\" rel=\"noopener noreferrer\"><img decoding=\"async\" class=\"alignright wp-image-15790\" src=\"https:\/\/rioonwatch.org.br\/wp-content\/uploads\/2012\/08\/EN-standard-e1439583104716.jpg\" alt=\"\" width=\"20\" height=\"20\" \/><\/a><\/strong><\/em><\/p>\n<p>Mariza Reis Almeida j\u00e1 havia completado mais de 10 anos de trabalho na Secretaria Municipal de Educa\u00e7\u00e3o da prefeitura de <a href=\"http:\/\/bit.ly\/1xSlxft\" target=\"_blank\" rel=\"noopener\">Duque de Caxias<\/a>\u00a0na <a href=\"http:\/\/bit.ly\/NjmYR6\" target=\"_blank\" rel=\"noopener\">Baixada Fluminense<\/a> quando recebeu, enfim, a not\u00edcia esperada. A pasta iria contar, a partir desse ano, com um novo departamento chamado DAE (Divis\u00e3o de Assuntos Especiais). A nomenclatura, um tanto misteriosa, concretizava a decis\u00e3o do poder executivo local de se montar uma equipe de atendimento para as cerca de <a href=\"https:\/\/glo.bo\/2yrVSj1\" target=\"_blank\" rel=\"noopener\">60 fam\u00edlias de refugiados africanos<\/a> que j\u00e1 circulavam pelas ruas de <a href=\"http:\/\/bit.ly\/2gnEd7I\" target=\"_blank\" rel=\"noopener\">Gramacho<\/a>, bairro distante uns 15 minutos de trem do centro da cidade de Caxias, desde o in\u00edcio de 2014.<\/p>\n<p>Meses antes, Mariza j\u00e1 tinha conhecimento do fen\u00f4meno que come\u00e7ava a se concretizar. Integrante da <a href=\"http:\/\/bit.ly\/2zvPozR\" target=\"_blank\" rel=\"noopener\">Sociedade S\u00e3o Vicente de Paulo<\/a>, uma organiza\u00e7\u00e3o sem fins lucrativos para acolhimento de popula\u00e7\u00f5es em situa\u00e7\u00e3o de vulnerabilidade, havia recebido um pedido da <a href=\"http:\/\/bit.ly\/2iiXcRn\" target=\"_blank\" rel=\"noopener\">C\u00e1ritas<\/a>, entidade n\u00e3o-governamental ligada \u00e0 Igreja Cat\u00f3lica que atua em projetos sociais, entre os quais a acolhida aos refugiados. Fazia-se necess\u00e1rio montar uma comiss\u00e3o na Diocese do munic\u00edpio, especialmente para ampliar os trabalhos de acolhimento. \u201cEra um pedido um tanto urgente, pois a C\u00e1ritas havia obtido a informa\u00e7\u00e3o de que as primeiras dez pessoas j\u00e1 teriam desembarcado no Rio de Janeiro em condi\u00e7\u00f5es de ref\u00fagio. E que esse n\u00famero poderia aumentar\u201d, explica Mariza.<\/p>\n<p><a href=\"http:\/\/rioonwatch.org.br\/wp-content\/uploads\/2017\/10\/Mariza-1.jpg\"><img fetchpriority=\"high\" decoding=\"async\" class=\"aligncenter wp-image-28942 size-content\" title=\"Mariza Reis Ameida (em p\u00e9) da Secretaria Municipal de Duque de Caxias, em passeio com refugiadas no Museu de Arte Contempor\u00e2nea de Niter\u00f3i. Foto: Arquivo Pessoal\" src=\"http:\/\/rioonwatch.org.br\/wp-content\/uploads\/2017\/10\/Mariza-1-620x264.jpg\" alt=\"\" width=\"620\" height=\"264\" srcset=\"https:\/\/rioonwatch.org.br\/wp-content\/uploads\/2017\/10\/Mariza-1-620x264.jpg 620w, https:\/\/rioonwatch.org.br\/wp-content\/uploads\/2017\/10\/Mariza-1-940x400.jpg 940w\" sizes=\"(max-width: 620px) 100vw, 620px\" \/><\/a><\/p>\n<p>O pedido da C\u00e1ritas foi apenas mais um que se somou a uma longa contabilidade de vidas humanas que sofrem as consequ\u00eancias de uma <a href=\"http:\/\/bit.ly\/2yQglRG\" target=\"_blank\" rel=\"noopener\">guerra civil no Congo que j\u00e1 dura intermin\u00e1veis 23 anos<\/a>, considerada como um dos maiores holocaustos da hist\u00f3ria da humanidade. Mil\u00edcias e grupos rebeldes interessados no contrabando de min\u00e9rios atacam vilarejos, estupram mulheres, matam inocentes. Rica em recursos e belezas naturais, a Rep\u00fablica Democr\u00e1tica do Congo poderia ser a representa\u00e7\u00e3o de um para\u00edso tropical em pleno cora\u00e7\u00e3o da \u00c1frica, n\u00e3o fosse a <a href=\"http:\/\/bit.ly\/2kXIIaF\" target=\"_blank\" rel=\"noopener\">cobi\u00e7a de pa\u00edses vizinhos<\/a> e empresas internacionais por ouro, diamante, cobalto, cobre, carv\u00e3o e coltan, min\u00e9rio que cont\u00e9m t\u00e2ntalo, usado na fabrica\u00e7\u00e3o de componentes eletr\u00f4nicos presentes em aparelhos de celular, tablets e processadores para computadores, que s\u00e3o contrabandeados para pa\u00edses vizinhos como Ruanda, Uganda e Burundi. Uma s\u00e9rie de guerras j\u00e1 deixou cerca de seis milh\u00f5es de mortos desde 1993.<\/p>\n<p>\u00c9 desse cen\u00e1rio de horror e explora\u00e7\u00e3o que fugiu Christine Kamba, de 27 anos. Nascida na cidade de Bandudu, na prov\u00edncia de Kenge, diz que Gramacho \u201cparece uma cidade do interior\u201d, entre um sorriso e outro. Ainda desempregada tendo chegado ao Brasil h\u00e1 dois anos, Christine tem 4 filhos, entre eles o pequeno e esperto Emanoel, de um ano e 4 meses. Vivendo de doa\u00e7\u00f5es para sobreviver com dignidade, j\u00e1 tentou se manter em dois empregos sem muito sucesso. O primeiro, como empregada dom\u00e9stica, foi na \u00e9poca em que ainda estava gr\u00e1vida do filho ca\u00e7ula. Apesar de salientar que desempenhava com efici\u00eancia as tarefas de casa, a patroa a demitiu por motivos que ela ainda hoje n\u00e3o compreende. \u201cEla simplesmente disse que eu n\u00e3o daria conta porque eu estava aparentando cansa\u00e7o e tristeza demais, mas eu me esfor\u00e7ava, eu n\u00e3o estava doente\u201d, lamenta.<\/p>\n<p>A segunda tentativa foi como balconista na Cobal do Humait\u00e1, em Botafogo, <a href=\"http:\/\/bit.ly\/1mNsDyk\" target=\"_blank\" rel=\"noopener\">Zona Sul<\/a> do Rio. Hoje os outros afazeres dom\u00e9sticos se misturam \u00e0s responsabilidades de m\u00e3e. Para amenizar o extenuado expediente, Christine conta com a ajuda do marido, tamb\u00e9m desempregado, na cria\u00e7\u00e3o dos filhos. As horas mais apraz\u00edveis s\u00e3o quando aquece o diafragma para cantar louvores gospel em um templo evang\u00e9lico nas proximidades de uma vila onde mora, perto da escola municipal Rui Barbosa, num dos trechos mais movimentados de Gramacho.<\/p>\n<p><a href=\"http:\/\/rioonwatch.org.br\/wp-content\/uploads\/2017\/10\/Christine2.jpg\"><img decoding=\"async\" class=\"aligncenter wp-image-28951 size-content\" title=\"Christine Kamba. Foto: F\u00e1bio Leon\" src=\"http:\/\/rioonwatch.org.br\/wp-content\/uploads\/2017\/10\/Christine2-620x264.jpg\" alt=\"\" width=\"620\" height=\"264\" srcset=\"https:\/\/rioonwatch.org.br\/wp-content\/uploads\/2017\/10\/Christine2-620x264.jpg 620w, https:\/\/rioonwatch.org.br\/wp-content\/uploads\/2017\/10\/Christine2-1030x438.jpg 1030w, https:\/\/rioonwatch.org.br\/wp-content\/uploads\/2017\/10\/Christine2-940x400.jpg 940w\" sizes=\"(max-width: 620px) 100vw, 620px\" \/><\/a><\/p>\n<p>Embora de certa forma livres da opress\u00e3o que rondava seus cotidianos no Congo, as fam\u00edlias de refugiados enfrentam diversos obst\u00e1culos de adapta\u00e7\u00e3o na <a href=\"http:\/\/bit.ly\/1IgJzSA\" target=\"_blank\" rel=\"noopener\">Baixada Fluminense<\/a>. Quase a totalidade delas \u00e9 formada por desempregados, situa\u00e7\u00e3o que passaram a dividir com a popula\u00e7\u00e3o brasileira, em meio \u00e0 crise econ\u00f4mica que se abateu sobre o pa\u00eds.\u00a0Alguns s\u00e3o bem qualificados profissionalmente, mas muitos somente agora est\u00e3o come\u00e7ando a dominar o idioma portugu\u00eas, o que dificulta a contrata\u00e7\u00e3o, j\u00e1 que o Congo \u00e9 ex-col\u00f4nia belga e o franc\u00eas, junto com outras dezenas de dialetos locais, como o lingala, \u00e9 a forma de se comunicar do pa\u00eds. \u201cNa nossa primeira reuni\u00e3o de acolhimento na Diocese de Duque de Caxias, tentamos nos comunicar com eles. S\u00f3 depois de horas \u00e9 que conseguimos entender que estavam morrendo de fome\u201d, explica Mariza.<\/p>\n<p>Falar a l\u00edngua de Cam\u00f5es, entretanto, n\u00e3o foi dificuldade para outra refugiada. Vinda de Angola, ex-col\u00f4nia portuguesa e pa\u00eds vizinho da Rep\u00fablica Democr\u00e1tica do Congo, Dorcas Marta Lituanga, carrega, literalmente, uma grande coincid\u00eancia. Conhecida de Christine na vila onde habitam (elas preferiram n\u00e3o revelar o endere\u00e7o do local por quest\u00f5es de seguran\u00e7a) tamb\u00e9m tem um beb\u00ea de um ano e poucos meses chamado Emanoel. Com 21 anos, Dorcas tem uma hist\u00f3ria semelhante \u00e0 da congolesa.<\/p>\n<p><a href=\"http:\/\/bit.ly\/2zfBOQo\" target=\"_blank\" rel=\"noopener\">A Angola tem vastos recursos naturais<\/a>, como grandes reservas de minerais e de petr\u00f3leo e, desde 1990, sua economia tem apresentado taxas de crescimento consider\u00e1veis. No entanto, os padr\u00f5es de vida angolanos continuam baixos; cerca de 70% da popula\u00e7\u00e3o vive com menos de seis reais por dia, enquanto as taxas de expectativa de vida e mortalidade infantil no pa\u00eds continuam entre os piores do mundo, al\u00e9m da proeminente desigualdade econ\u00f4mica. Essa foi a motiva\u00e7\u00e3o principal para Dorcas atravessar o Atl\u00e2ntico.<\/p>\n<p>\u201cMorava na capital, Luanda, mas minha m\u00e3e n\u00e3o tinha condi\u00e7\u00f5es financeiras pra nos sustentar. Como conhecia algumas pessoas no Rio de Janeiro, tentei encontrar formas para vir pra c\u00e1 e consegui\u201d, diz a jovem, enquanto ajeita o bon\u00e9 azul de Emanoel, que se encaixa com dificuldade na vasta cabeleira do beb\u00ea.<\/p>\n<p><a href=\"http:\/\/rioonwatch.org.br\/wp-content\/uploads\/2017\/10\/Dorcas2.jpg\"><img loading=\"lazy\" decoding=\"async\" class=\"aligncenter wp-image-28952 size-content\" title=\"A jovem Dorcas. Foto: F\u00e1bio Leon\" src=\"http:\/\/rioonwatch.org.br\/wp-content\/uploads\/2017\/10\/Dorcas2-620x264.jpg\" alt=\"\" width=\"620\" height=\"264\" srcset=\"https:\/\/rioonwatch.org.br\/wp-content\/uploads\/2017\/10\/Dorcas2-620x264.jpg 620w, https:\/\/rioonwatch.org.br\/wp-content\/uploads\/2017\/10\/Dorcas2-940x400.jpg 940w\" sizes=\"(max-width: 620px) 100vw, 620px\" \/><\/a><\/p>\n<p>Comparativamente, pode-se dizer que Dorcas teve mais sorte que Christine. Tinha uma s\u00e9rie de vantagens para a concretiza\u00e7\u00e3o de seus planos. Uma delas era a presen\u00e7a de m\u00eddias sociais, o que facilitou a comunica\u00e7\u00e3o com pessoas que poderiam ajud\u00e1-la a sair de Angola. Pergunto por que ela escolheu o Brasil: \u201cPoderia ter escolhido qualquer lugar da Europa, como a Fran\u00e7a, mas era muito caro e n\u00e3o conhe\u00e7o outros idiomas. Aqui me senti mais tranquila pra recome\u00e7ar\u201d, explica. Entretanto, o processo foi se tornando mais espinhoso. Assim como Christine, Dorcas desembarcou no Brasil gr\u00e1vida, completando a terceira coincid\u00eancia entre ambas. \u201cDescobri quando cheguei aqui. Fui ter meu beb\u00ea em um hospital da prefeitura do Rio, l\u00e1 longe. Estava completamente sozinha\u201d, diz com o olhar perdido e direcionado ao ch\u00e3o.<\/p>\n<p>Desprovidas de p\u00e1tria e vulner\u00e1veis financeiramente, elas foram incorporadas ao <a href=\"http:\/\/bit.ly\/2xLkW2t\" target=\"_blank\" rel=\"noopener\">Bolsa Fam\u00edlia<\/a>, o maior programa de transfer\u00eancia de renda do governo federal. Sobrevivem com apenas R$105 mensais, fora as doa\u00e7\u00f5es de comida, roupas e moradia providas pela <a href=\"http:\/\/bit.ly\/2yr3Ds8\" target=\"_blank\" rel=\"noopener\">C\u00e1ritas<\/a>. \u201cTemos pouca ajuda do governo. Toda a nossa documenta\u00e7\u00e3o \u00e9 provis\u00f3ria. N\u00e3o temos identidade ou CPF. Eu sei que est\u00e1 dif\u00edcil at\u00e9 para os brasileiros arranjarem emprego, mas viver nessa situa\u00e7\u00e3o nos d\u00e1 mais ang\u00fastia\u201d, lamenta Christine.<\/p>\n<p>Embora com hist\u00f3rias dram\u00e1ticas e tr\u00e1gicas em suas lembran\u00e7as, os seus semblantes carregam esperan\u00e7a. Ao fim da entrevista, elas se despedem aos sorrisos, recolhem os filhos pequenos e seguem seus rumos. A impress\u00e3o que se tem \u00e9: se chegaram at\u00e9 aqui, elas podem continuar.<\/p>\n<p><em>Mat\u00e9ria escrita por Fabio Leon\u00a0e produzida por parceria entre RioOnWatch e o\u00a0<a href=\"http:\/\/bit.ly\/2uOOkXZ\" target=\"_blank\" rel=\"noopener\">F\u00f3rum Grita Baixada<\/a>. Fabio Leon \u00e9 jornalista e ativista dos direitos humanos e assessor de comunica\u00e7\u00e3o no F\u00f3rum Grita Baixada. O F\u00f3rum Grita Baixada \u00e9 um f\u00f3rum de pessoas e institui\u00e7\u00f5es articuladas em torno da Baixada Fluminense, tendo como foco o desenvolvimento de estrat\u00e9gias, o fomento de articula\u00e7\u00f5es e a incid\u00eancia pol\u00edtica no campo da seguran\u00e7a p\u00fablica, entendida como elemento para a cidadania e efetiva\u00e7\u00e3o do direito \u00e0 cidade.\u00a0Siga o F\u00f3rum Grita Baixada\u00a0pelo\u00a0<a href=\"http:\/\/bit.ly\/2vwxO06\" target=\"_blank\" rel=\"noopener\">Facebook aqui<\/a>.<\/em><\/p>\n<!-- AddThis Advanced Settings generic via filter on the_content --><!-- AddThis Share Buttons generic via filter on the_content -->","protected":false},"excerpt":{"rendered":"<div class=\"mh-excerpt\"><p>Click Here for English Mariza Reis Almeida j\u00e1 havia completado mais de 10 anos de trabalho na Secretaria Municipal de Educa\u00e7\u00e3o da prefeitura de Duque de Caxias\u00a0na Baixada Fluminense quando recebeu, enfim, a not\u00edcia esperada. <a class=\"mh-excerpt-more\" href=\"https:\/\/rioonwatch.org.br\/?p=28941\" title=\"Refugiadas Africanas Relatam Luta pela Sobreviv\u00eancia em Duque de Caxias\">[&#8230;]<\/a><!-- AddThis Advanced Settings generic via filter on get_the_excerpt --><!-- AddThis Share Buttons generic via filter on get_the_excerpt --><\/p>\n<\/div>","protected":false},"author":152,"featured_media":28951,"comment_status":"closed","ping_status":"closed","sticky":false,"template":"","format":"standard","meta":{"_acf_changed":false,"_monsterinsights_skip_tracking":false,"_monsterinsights_sitenote_active":false,"_monsterinsights_sitenote_note":"","_monsterinsights_sitenote_category":0,"footnotes":""},"categories":[1621,1625,1388],"tags":[329,328,959,893,2229,2195,88,1091,2179,1372,330,2230,331,380],"writer":[2177],"translator":[],"source":[],"ilustrador":[],"fotografo":[],"class_list":{"0":"post-28941","1":"post","2":"type-post","3":"status-publish","4":"format-standard","5":"has-post-thumbnail","7":"category-destaque","8":"category-por-correspondentes-comunitarios","9":"category-formas-de-apoiar","10":"tag-africa","11":"tag-angola","12":"tag-baixada-fluminense","13":"tag-bolsa-familia","14":"tag-congo","15":"tag-crise-economica","16":"tag-direitos-humanos","17":"tag-duque-de-caxias","18":"tag-forum-grita-baixada","19":"tag-grande-rio","20":"tag-imigracao","21":"tag-fome","22":"tag-refugiados","23":"tag-solidariedade","24":"writer-fabio-leon"},"acf":[],"yoast_head":"<!-- This site is optimized with the Yoast SEO plugin v25.6 - https:\/\/yoast.com\/wordpress\/plugins\/seo\/ -->\n<title>Refugiadas Africanas Relatam Luta pela Sobreviv\u00eancia em Duque de Caxias - RioOnWatch<\/title>\n<meta name=\"robots\" content=\"index, follow, max-snippet:-1, max-image-preview:large, max-video-preview:-1\" \/>\n<link rel=\"canonical\" href=\"https:\/\/rioonwatch.org.br\/?p=28941\" \/>\n<meta property=\"og:locale\" content=\"pt_BR\" \/>\n<meta property=\"og:type\" content=\"article\" \/>\n<meta property=\"og:title\" content=\"Refugiadas Africanas Relatam Luta pela Sobreviv\u00eancia em Duque de Caxias - RioOnWatch\" \/>\n<meta property=\"og:description\" content=\"Click Here for English Mariza Reis Almeida j\u00e1 havia completado mais de 10 anos de trabalho na Secretaria Municipal de Educa\u00e7\u00e3o da prefeitura de Duque de Caxias\u00a0na Baixada Fluminense quando recebeu, enfim, a not\u00edcia esperada. [...]\" \/>\n<meta property=\"og:url\" content=\"https:\/\/rioonwatch.org.br\/?p=28941\" \/>\n<meta property=\"og:site_name\" content=\"RioOnWatch\" \/>\n<meta property=\"article:published_time\" content=\"2017-10-18T12:50:10+00:00\" \/>\n<meta property=\"article:modified_time\" content=\"2022-06-29T20:20:57+00:00\" \/>\n<meta property=\"og:image\" content=\"https:\/\/rioonwatch.org.br\/wp-content\/uploads\/2017\/10\/Christine2.jpg\" \/>\n\t<meta property=\"og:image:width\" content=\"2556\" \/>\n\t<meta property=\"og:image:height\" content=\"1164\" \/>\n\t<meta property=\"og:image:type\" content=\"image\/jpeg\" \/>\n<meta name=\"author\" content=\"Luisa Fenizola\" \/>\n<meta name=\"twitter:card\" content=\"summary_large_image\" \/>\n<meta name=\"twitter:label1\" content=\"Escrito por\" \/>\n\t<meta name=\"twitter:data1\" content=\"Luisa Fenizola\" \/>\n\t<meta name=\"twitter:label2\" content=\"Est. tempo de leitura\" \/>\n\t<meta name=\"twitter:data2\" content=\"8 minutos\" \/>\n<script type=\"application\/ld+json\" class=\"yoast-schema-graph\">{\"@context\":\"https:\/\/schema.org\",\"@graph\":[{\"@type\":\"Article\",\"@id\":\"https:\/\/rioonwatch.org.br\/?p=28941#article\",\"isPartOf\":{\"@id\":\"https:\/\/rioonwatch.org.br\/?p=28941\"},\"author\":{\"name\":\"Luisa Fenizola\",\"@id\":\"https:\/\/rioonwatch.org.br\/#\/schema\/person\/f443c6b55bb6e80842280318076491c5\"},\"headline\":\"Refugiadas Africanas Relatam Luta pela Sobreviv\u00eancia em Duque de Caxias\",\"datePublished\":\"2017-10-18T12:50:10+00:00\",\"dateModified\":\"2022-06-29T20:20:57+00:00\",\"mainEntityOfPage\":{\"@id\":\"https:\/\/rioonwatch.org.br\/?p=28941\"},\"wordCount\":1408,\"publisher\":{\"@id\":\"https:\/\/rioonwatch.org.br\/#organization\"},\"image\":{\"@id\":\"https:\/\/rioonwatch.org.br\/?p=28941#primaryimage\"},\"thumbnailUrl\":\"https:\/\/rioonwatch.org.br\/wp-content\/uploads\/2017\/10\/Christine2.jpg\",\"keywords\":[\"\u00c1frica\",\"Angola\",\"Baixada Fluminense\",\"Bolsa Fam\u00edlia\",\"Congo\",\"crise econ\u00f4mica\",\"Direitos Humanos\",\"Duque de Caxias\",\"F\u00f3rum Grita Baixada\",\"Grande Rio\",\"imigra\u00e7\u00e3o\",\"Inseguran\u00e7a alimentar\",\"refugiado\",\"solidariedade\"],\"articleSection\":[\"*Destaque\",\"Escrito por Comunicadores Populares\",\"Formas de Apoiar\"],\"inLanguage\":\"pt-BR\"},{\"@type\":\"WebPage\",\"@id\":\"https:\/\/rioonwatch.org.br\/?p=28941\",\"url\":\"https:\/\/rioonwatch.org.br\/?p=28941\",\"name\":\"Refugiadas Africanas Relatam Luta pela Sobreviv\u00eancia em Duque de Caxias - RioOnWatch\",\"isPartOf\":{\"@id\":\"https:\/\/rioonwatch.org.br\/#website\"},\"primaryImageOfPage\":{\"@id\":\"https:\/\/rioonwatch.org.br\/?p=28941#primaryimage\"},\"image\":{\"@id\":\"https:\/\/rioonwatch.org.br\/?p=28941#primaryimage\"},\"thumbnailUrl\":\"https:\/\/rioonwatch.org.br\/wp-content\/uploads\/2017\/10\/Christine2.jpg\",\"datePublished\":\"2017-10-18T12:50:10+00:00\",\"dateModified\":\"2022-06-29T20:20:57+00:00\",\"breadcrumb\":{\"@id\":\"https:\/\/rioonwatch.org.br\/?p=28941#breadcrumb\"},\"inLanguage\":\"pt-BR\",\"potentialAction\":[{\"@type\":\"ReadAction\",\"target\":[\"https:\/\/rioonwatch.org.br\/?p=28941\"]}]},{\"@type\":\"ImageObject\",\"inLanguage\":\"pt-BR\",\"@id\":\"https:\/\/rioonwatch.org.br\/?p=28941#primaryimage\",\"url\":\"https:\/\/rioonwatch.org.br\/wp-content\/uploads\/2017\/10\/Christine2.jpg\",\"contentUrl\":\"https:\/\/rioonwatch.org.br\/wp-content\/uploads\/2017\/10\/Christine2.jpg\",\"width\":2556,\"height\":1164},{\"@type\":\"BreadcrumbList\",\"@id\":\"https:\/\/rioonwatch.org.br\/?p=28941#breadcrumb\",\"itemListElement\":[{\"@type\":\"ListItem\",\"position\":1,\"name\":\"In\u00edcio\",\"item\":\"https:\/\/rioonwatch.org.br\/\"},{\"@type\":\"ListItem\",\"position\":2,\"name\":\"Refugiadas Africanas Relatam Luta pela Sobreviv\u00eancia em Duque de Caxias\"}]},{\"@type\":\"WebSite\",\"@id\":\"https:\/\/rioonwatch.org.br\/#website\",\"url\":\"https:\/\/rioonwatch.org.br\/\",\"name\":\"RioOnWatch\",\"description\":\"relatos das favelas cariocas\",\"publisher\":{\"@id\":\"https:\/\/rioonwatch.org.br\/#organization\"},\"potentialAction\":[{\"@type\":\"SearchAction\",\"target\":{\"@type\":\"EntryPoint\",\"urlTemplate\":\"https:\/\/rioonwatch.org.br\/?s={search_term_string}\"},\"query-input\":{\"@type\":\"PropertyValueSpecification\",\"valueRequired\":true,\"valueName\":\"search_term_string\"}}],\"inLanguage\":\"pt-BR\"},{\"@type\":\"Organization\",\"@id\":\"https:\/\/rioonwatch.org.br\/#organization\",\"name\":\"RioOnWatch\",\"url\":\"https:\/\/rioonwatch.org.br\/\",\"logo\":{\"@type\":\"ImageObject\",\"inLanguage\":\"pt-BR\",\"@id\":\"https:\/\/rioonwatch.org.br\/#\/schema\/logo\/image\/\",\"url\":\"https:\/\/rioonwatch.org.br\/wp-content\/uploads\/2021\/06\/RioOnWatchcabecalhoPT11anos-2.png\",\"contentUrl\":\"https:\/\/rioonwatch.org.br\/wp-content\/uploads\/2021\/06\/RioOnWatchcabecalhoPT11anos-2.png\",\"width\":779,\"height\":277,\"caption\":\"RioOnWatch\"},\"image\":{\"@id\":\"https:\/\/rioonwatch.org.br\/#\/schema\/logo\/image\/\"}},{\"@type\":\"Person\",\"@id\":\"https:\/\/rioonwatch.org.br\/#\/schema\/person\/f443c6b55bb6e80842280318076491c5\",\"name\":\"Luisa Fenizola\",\"image\":{\"@type\":\"ImageObject\",\"inLanguage\":\"pt-BR\",\"@id\":\"https:\/\/rioonwatch.org.br\/#\/schema\/person\/image\/\",\"url\":\"https:\/\/secure.gravatar.com\/avatar\/a3d551110162b9f876cbbdaaecf75663?s=96&d=blank&r=g\",\"contentUrl\":\"https:\/\/secure.gravatar.com\/avatar\/a3d551110162b9f876cbbdaaecf75663?s=96&d=blank&r=g\",\"caption\":\"Luisa Fenizola\"},\"url\":\"https:\/\/rioonwatch.org.br\/?author=152\"}]}<\/script>\n<!-- \/ Yoast SEO plugin. -->","yoast_head_json":{"title":"Refugiadas Africanas Relatam Luta pela Sobreviv\u00eancia em Duque de Caxias - RioOnWatch","robots":{"index":"index","follow":"follow","max-snippet":"max-snippet:-1","max-image-preview":"max-image-preview:large","max-video-preview":"max-video-preview:-1"},"canonical":"https:\/\/rioonwatch.org.br\/?p=28941","og_locale":"pt_BR","og_type":"article","og_title":"Refugiadas Africanas Relatam Luta pela Sobreviv\u00eancia em Duque de Caxias - RioOnWatch","og_description":"Click Here for English Mariza Reis Almeida j\u00e1 havia completado mais de 10 anos de trabalho na Secretaria Municipal de Educa\u00e7\u00e3o da prefeitura de Duque de Caxias\u00a0na Baixada Fluminense quando recebeu, enfim, a not\u00edcia esperada. [...]","og_url":"https:\/\/rioonwatch.org.br\/?p=28941","og_site_name":"RioOnWatch","article_published_time":"2017-10-18T12:50:10+00:00","article_modified_time":"2022-06-29T20:20:57+00:00","og_image":[{"width":2556,"height":1164,"url":"https:\/\/rioonwatch.org.br\/wp-content\/uploads\/2017\/10\/Christine2.jpg","type":"image\/jpeg"}],"author":"Luisa Fenizola","twitter_card":"summary_large_image","twitter_misc":{"Escrito por":"Luisa Fenizola","Est. tempo de leitura":"8 minutos"},"schema":{"@context":"https:\/\/schema.org","@graph":[{"@type":"Article","@id":"https:\/\/rioonwatch.org.br\/?p=28941#article","isPartOf":{"@id":"https:\/\/rioonwatch.org.br\/?p=28941"},"author":{"name":"Luisa Fenizola","@id":"https:\/\/rioonwatch.org.br\/#\/schema\/person\/f443c6b55bb6e80842280318076491c5"},"headline":"Refugiadas Africanas Relatam Luta pela Sobreviv\u00eancia em Duque de Caxias","datePublished":"2017-10-18T12:50:10+00:00","dateModified":"2022-06-29T20:20:57+00:00","mainEntityOfPage":{"@id":"https:\/\/rioonwatch.org.br\/?p=28941"},"wordCount":1408,"publisher":{"@id":"https:\/\/rioonwatch.org.br\/#organization"},"image":{"@id":"https:\/\/rioonwatch.org.br\/?p=28941#primaryimage"},"thumbnailUrl":"https:\/\/rioonwatch.org.br\/wp-content\/uploads\/2017\/10\/Christine2.jpg","keywords":["\u00c1frica","Angola","Baixada Fluminense","Bolsa Fam\u00edlia","Congo","crise econ\u00f4mica","Direitos Humanos","Duque de Caxias","F\u00f3rum Grita Baixada","Grande Rio","imigra\u00e7\u00e3o","Inseguran\u00e7a alimentar","refugiado","solidariedade"],"articleSection":["*Destaque","Escrito por Comunicadores Populares","Formas de Apoiar"],"inLanguage":"pt-BR"},{"@type":"WebPage","@id":"https:\/\/rioonwatch.org.br\/?p=28941","url":"https:\/\/rioonwatch.org.br\/?p=28941","name":"Refugiadas Africanas Relatam Luta pela Sobreviv\u00eancia em Duque de Caxias - RioOnWatch","isPartOf":{"@id":"https:\/\/rioonwatch.org.br\/#website"},"primaryImageOfPage":{"@id":"https:\/\/rioonwatch.org.br\/?p=28941#primaryimage"},"image":{"@id":"https:\/\/rioonwatch.org.br\/?p=28941#primaryimage"},"thumbnailUrl":"https:\/\/rioonwatch.org.br\/wp-content\/uploads\/2017\/10\/Christine2.jpg","datePublished":"2017-10-18T12:50:10+00:00","dateModified":"2022-06-29T20:20:57+00:00","breadcrumb":{"@id":"https:\/\/rioonwatch.org.br\/?p=28941#breadcrumb"},"inLanguage":"pt-BR","potentialAction":[{"@type":"ReadAction","target":["https:\/\/rioonwatch.org.br\/?p=28941"]}]},{"@type":"ImageObject","inLanguage":"pt-BR","@id":"https:\/\/rioonwatch.org.br\/?p=28941#primaryimage","url":"https:\/\/rioonwatch.org.br\/wp-content\/uploads\/2017\/10\/Christine2.jpg","contentUrl":"https:\/\/rioonwatch.org.br\/wp-content\/uploads\/2017\/10\/Christine2.jpg","width":2556,"height":1164},{"@type":"BreadcrumbList","@id":"https:\/\/rioonwatch.org.br\/?p=28941#breadcrumb","itemListElement":[{"@type":"ListItem","position":1,"name":"In\u00edcio","item":"https:\/\/rioonwatch.org.br\/"},{"@type":"ListItem","position":2,"name":"Refugiadas Africanas Relatam Luta pela Sobreviv\u00eancia em Duque de Caxias"}]},{"@type":"WebSite","@id":"https:\/\/rioonwatch.org.br\/#website","url":"https:\/\/rioonwatch.org.br\/","name":"RioOnWatch","description":"relatos das favelas cariocas","publisher":{"@id":"https:\/\/rioonwatch.org.br\/#organization"},"potentialAction":[{"@type":"SearchAction","target":{"@type":"EntryPoint","urlTemplate":"https:\/\/rioonwatch.org.br\/?s={search_term_string}"},"query-input":{"@type":"PropertyValueSpecification","valueRequired":true,"valueName":"search_term_string"}}],"inLanguage":"pt-BR"},{"@type":"Organization","@id":"https:\/\/rioonwatch.org.br\/#organization","name":"RioOnWatch","url":"https:\/\/rioonwatch.org.br\/","logo":{"@type":"ImageObject","inLanguage":"pt-BR","@id":"https:\/\/rioonwatch.org.br\/#\/schema\/logo\/image\/","url":"https:\/\/rioonwatch.org.br\/wp-content\/uploads\/2021\/06\/RioOnWatchcabecalhoPT11anos-2.png","contentUrl":"https:\/\/rioonwatch.org.br\/wp-content\/uploads\/2021\/06\/RioOnWatchcabecalhoPT11anos-2.png","width":779,"height":277,"caption":"RioOnWatch"},"image":{"@id":"https:\/\/rioonwatch.org.br\/#\/schema\/logo\/image\/"}},{"@type":"Person","@id":"https:\/\/rioonwatch.org.br\/#\/schema\/person\/f443c6b55bb6e80842280318076491c5","name":"Luisa Fenizola","image":{"@type":"ImageObject","inLanguage":"pt-BR","@id":"https:\/\/rioonwatch.org.br\/#\/schema\/person\/image\/","url":"https:\/\/secure.gravatar.com\/avatar\/a3d551110162b9f876cbbdaaecf75663?s=96&d=blank&r=g","contentUrl":"https:\/\/secure.gravatar.com\/avatar\/a3d551110162b9f876cbbdaaecf75663?s=96&d=blank&r=g","caption":"Luisa Fenizola"},"url":"https:\/\/rioonwatch.org.br\/?author=152"}]}},"_links":{"self":[{"href":"https:\/\/rioonwatch.org.br\/index.php?rest_route=\/wp\/v2\/posts\/28941"}],"collection":[{"href":"https:\/\/rioonwatch.org.br\/index.php?rest_route=\/wp\/v2\/posts"}],"about":[{"href":"https:\/\/rioonwatch.org.br\/index.php?rest_route=\/wp\/v2\/types\/post"}],"author":[{"embeddable":true,"href":"https:\/\/rioonwatch.org.br\/index.php?rest_route=\/wp\/v2\/users\/152"}],"replies":[{"embeddable":true,"href":"https:\/\/rioonwatch.org.br\/index.php?rest_route=%2Fwp%2Fv2%2Fcomments&post=28941"}],"version-history":[{"count":10,"href":"https:\/\/rioonwatch.org.br\/index.php?rest_route=\/wp\/v2\/posts\/28941\/revisions"}],"predecessor-version":[{"id":62015,"href":"https:\/\/rioonwatch.org.br\/index.php?rest_route=\/wp\/v2\/posts\/28941\/revisions\/62015"}],"wp:featuredmedia":[{"embeddable":true,"href":"https:\/\/rioonwatch.org.br\/index.php?rest_route=\/wp\/v2\/media\/28951"}],"wp:attachment":[{"href":"https:\/\/rioonwatch.org.br\/index.php?rest_route=%2Fwp%2Fv2%2Fmedia&parent=28941"}],"wp:term":[{"taxonomy":"category","embeddable":true,"href":"https:\/\/rioonwatch.org.br\/index.php?rest_route=%2Fwp%2Fv2%2Fcategories&post=28941"},{"taxonomy":"post_tag","embeddable":true,"href":"https:\/\/rioonwatch.org.br\/index.php?rest_route=%2Fwp%2Fv2%2Ftags&post=28941"},{"taxonomy":"writer","embeddable":true,"href":"https:\/\/rioonwatch.org.br\/index.php?rest_route=%2Fwp%2Fv2%2Fwriter&post=28941"},{"taxonomy":"translator","embeddable":true,"href":"https:\/\/rioonwatch.org.br\/index.php?rest_route=%2Fwp%2Fv2%2Ftranslator&post=28941"},{"taxonomy":"source","embeddable":true,"href":"https:\/\/rioonwatch.org.br\/index.php?rest_route=%2Fwp%2Fv2%2Fsource&post=28941"},{"taxonomy":"ilustrador","embeddable":true,"href":"https:\/\/rioonwatch.org.br\/index.php?rest_route=%2Fwp%2Fv2%2Filustrador&post=28941"},{"taxonomy":"fotografo","embeddable":true,"href":"https:\/\/rioonwatch.org.br\/index.php?rest_route=%2Fwp%2Fv2%2Ffotografo&post=28941"}],"curies":[{"name":"wp","href":"https:\/\/api.w.org\/{rel}","templated":true}]}}