{"id":28993,"date":"2017-10-21T11:44:19","date_gmt":"2017-10-21T14:44:19","guid":{"rendered":"http:\/\/rioonwatch.org.br\/?p=28993"},"modified":"2017-10-30T12:44:47","modified_gmt":"2017-10-30T15:44:47","slug":"direito-a-assistencia-tecnica-publica-em-arquitetura-e-urbanismo-em-debate","status":"publish","type":"post","link":"https:\/\/rioonwatch.org.br\/?p=28993","title":{"rendered":"Direito \u00e0 Assist\u00eancia T\u00e9cnica P\u00fablica em Arquitetura e Urbanismo em Debate"},"content":{"rendered":"<p style=\"text-align: right;\"><em><strong><a href=\"http:\/\/bit.ly\/2yYfdc1\" target=\"_blank\" rel=\"noopener noreferrer\">Click Here for English<img decoding=\"async\" width=\"20\" height=\"20\" class=\"alignright wp-image-15790\" src=\"http:\/\/rioonwatch.org.br\/wp-content\/uploads\/2012\/08\/EN-standard-e1439583104716.jpg\" \/><\/a><\/strong><\/em><\/p>\n<p>Na segunda-feira, 16 de outubro, integrantes de movimentos sociais, arquitetos e urbanistas se reuniram na <a href=\"http:\/\/bit.ly\/2gxIB4d\" target=\"_blank\" rel=\"noopener\">Casa de Estudos Urbanos<\/a>, na Gl\u00f3ria, para a\u00a0<a href=\"http:\/\/bit.ly\/2zmzkzy\">Roda de Conversa: Assist\u00eancia T\u00e9cnica em Arquitetura e Urbanismo<\/a>. No evento organizado pela Chapa 3, que concorre \u00e0s elei\u00e7\u00f5es para <a href=\"http:\/\/bit.ly\/2yuz1Wv\" target=\"_blank\" rel=\"noopener\">Conselheiros do Conselho de Arquitetura e Urbanismo do Rio de Janeiro <\/a>(CAU\/RJ), integrantes dos <a href=\"http:\/\/bit.ly\/2yApnkk\" target=\"_blank\" rel=\"noopener\">movimentos<\/a> e profissionais da \u00e1rea de arquitetura e urbanismo relataram suas experi\u00eancias e os desafios encarados na luta pelo <a href=\"http:\/\/bit.ly\/ON6sUH\" target=\"_blank\" rel=\"noopener\">direito \u00e0 moradia<\/a>.<\/p>\n<p>Apesar da <a href=\"http:\/\/bit.ly\/2yCatL6\" target=\"_blank\" rel=\"noopener\">Lei Federal n\u00b011.888 de 2008<\/a> instituir o <a href=\"http:\/\/bit.ly\/2zBrkeW\" target=\"_blank\" rel=\"noopener\">direito \u00e0 assist\u00eancia t\u00e9cnica p\u00fablica<\/a> e gratuita para fam\u00edlias de at\u00e9 tr\u00eas sal\u00e1rios m\u00ednimos, Luciana Ximenes, arquiteta e urbanista integrante da Chapa 3, destaca as dificuldades enfrentadas para a sua implementa\u00e7\u00e3o. Segundo a arquiteta, em 2017 o CAU\/BR determinou que 2% das verbas dos CAUs estaduais seriam destinados \u00e0 assist\u00eancia t\u00e9cnica, mas al\u00e9m de ainda ser uma quantia pequena, n\u00e3o se sabe como \u00e9 ou como ser\u00e1 aplicado. Tain\u00e1 de Paula, candidata \u00e0 conselheira federal pela Chapa 3, complementa dizendo que hoje os 2% do CAU\/RJ equivaleria \u00e0 R$240.000.<\/p>\n<p>Jurema Const\u00e2ncio, coordenadora da <a href=\"http:\/\/bit.ly\/2xzs4Ql\" target=\"_blank\" rel=\"noopener\">Uni\u00e3o Nacional por Moradia Popular <\/a>(UNMP) exp\u00f5e sua preocupa\u00e7\u00e3o sobre o assunto: \u201cA gente brigou muito em Bras\u00edlia para poder lan\u00e7ar m\u00e3o dos 2%, e ficamos muito preocupado quando a gente v\u00ea que esse dinheiro est\u00e1 parado. N\u00e3o foi tocado nele. H\u00e1 uma necessidade grande desse dinheiro vir para atender os movimentos, e a gente conseguir atender tamb\u00e9m a demanda&#8221;.<\/p>\n<p><a href=\"http:\/\/rioonwatch.org.br\/wp-content\/uploads\/2017\/10\/Jurema-Const\u00e2ncio-fala-da-sua-experi\u00eancia-com-assist\u00eancia-t\u00e9cnica-a-partir-do-UNMP.jpg\"><img fetchpriority=\"high\" decoding=\"async\" class=\"aligncenter wp-image-29015 size-content\" title=\"Jurema Const\u00e2ncio fala da sua experi\u00eancia com assist\u00eancia t\u00e9cnica a partir do UNMP.\" src=\"http:\/\/rioonwatch.org.br\/wp-content\/uploads\/2017\/10\/Jurema-Const\u00e2ncio-fala-da-sua-experi\u00eancia-com-assist\u00eancia-t\u00e9cnica-a-partir-do-UNMP-620x264.jpg\" alt=\"\" width=\"620\" height=\"264\" srcset=\"https:\/\/rioonwatch.org.br\/wp-content\/uploads\/2017\/10\/Jurema-Const\u00e2ncio-fala-da-sua-experi\u00eancia-com-assist\u00eancia-t\u00e9cnica-a-partir-do-UNMP-620x264.jpg 620w, https:\/\/rioonwatch.org.br\/wp-content\/uploads\/2017\/10\/Jurema-Const\u00e2ncio-fala-da-sua-experi\u00eancia-com-assist\u00eancia-t\u00e9cnica-a-partir-do-UNMP-940x400.jpg 940w\" sizes=\"(max-width: 620px) 100vw, 620px\" \/><\/a><\/p>\n<p>Segundo a integrante da UNMP, hoje o movimento atua em diferentes projetos de <a href=\"http:\/\/bit.ly\/2gmP1iT\" target=\"_blank\" rel=\"noopener\">habita\u00e7\u00e3o social<\/a> no Rio de Janeiro, mostrando a demanda que existe para a constru\u00e7\u00e3o de habita\u00e7\u00f5es: tr\u00eas em <a href=\"http:\/\/bit.ly\/1HgPTzq\" target=\"_blank\" rel=\"noopener\">Jacarepagu\u00e1<\/a>\u00a0(onde um foi finalizado e dois est\u00e3o na luta pelo acesso \u00e0 terra), um em <a href=\"http:\/\/bit.ly\/1Iuqpxq\" target=\"_blank\" rel=\"noopener\">S\u00e3o Gon\u00e7alo<\/a>, um em <a href=\"http:\/\/bit.ly\/1m4QAQR\" target=\"_blank\" rel=\"noopener\">Campo Grande<\/a>, um na <a href=\"http:\/\/bit.ly\/2klnZti\" target=\"_blank\" rel=\"noopener\">Gamboa<\/a> (<a href=\"http:\/\/bit.ly\/1kmbrP9\" target=\"_blank\" rel=\"noopener\">Quilombo da Gamboa<\/a>), um em Santo Cristo (<a href=\"http:\/\/bit.ly\/2a5f1yt\" target=\"_blank\" rel=\"noopener\">Ocupa\u00e7\u00e3o Vito Giannotti<\/a>) e um em Teres\u00f3polis para v\u00edtimas das enchentes.<\/p>\n<p>&#8220;Tem tanto movimento no Rio de Janeiro, tem tanto projeto, mas de assessoria n\u00f3s estamos muito ruim. Hoje voc\u00ea tem um leque muito grande de assistentes sociais. Mas arquitetos, engenheiros, quando \u00e9 preciso \u00e9 muito complicado&#8221;, disse Jurema.<\/p>\n<p>No entanto, a demanda por mais atua\u00e7\u00e3o de arquitetos e urbanistas na \u00e1rea n\u00e3o \u00e9 livre de conflitos. A atua\u00e7\u00e3o do profissional \u00e9 muitas vezes questionada, levantando o debate sobre a sua forma\u00e7\u00e3o e sobre a pr\u00f3pria ideologia intr\u00ednseca ao termo assist\u00eancia ou assessoria. Para Grazia de Grazia, assistente social da assessoria da Uni\u00e3o, o termo denota uma ideia de domina\u00e7\u00e3o entre o arquiteto e o cliente, e que \u201cna medida em que se quer transformar essa rela\u00e7\u00e3o, a primeira coisa \u00e9 transformar essa bendita palavra\u201d.<\/p>\n<p>\u201cNosso processo foi um pouco dolorido em rela\u00e7\u00e3o a essa quest\u00e3o do arquiteto entender ou achar que ele \u00e9 que sabe tudo, e n\u00f3s que somos os donos n\u00e3o sabemos nada. Ent\u00e3o esse \u00e9 um momento de conflito, mas como eu j\u00e1 falei \u00e9 um momento de conflito gostoso, um conflito que d\u00e1 para voc\u00ea debater\u201d, conta Jurema sobre a sua experi\u00eancia em atuar junto ao profissional de arquitetura e urbanismo.<\/p>\n<p>A posi\u00e7\u00e3o elitista e distanciada do arquiteto e urbanista com a realidade social do pa\u00eds \u00e9 evidente, mas \u00e9 pass\u00edvel de ser transformada. Luciana Andrade, integrante da Chapa 3 e professora da Faculdade de Arquitetura e Urbanismo (FAU) da UFRJ e do Programa de P\u00f3s-Gradua\u00e7\u00e3o em Urbanismo (PROURB) da UFRJ, explica como a sua aproxima\u00e7\u00e3o com a assist\u00eancia t\u00e9cnica e como a sua atua\u00e7\u00e3o na <a href=\"http:\/\/bit.ly\/1qq2Puz\" target=\"_blank\" rel=\"noopener\">Ocupa\u00e7\u00e3o Solano Trindade<\/a> permitiu com que fizesse importantes reflex\u00f5es sobre o ensino, extens\u00e3o e pesquisa dentro da academia. Para a professora, ainda \u00e9 preciso transformar radicalmente a forma\u00e7\u00e3o do arquiteto e urbanista repensando a fun\u00e7\u00e3o social do ensino, e assim discutir a cidade e a fun\u00e7\u00e3o social da propriedade.<\/p>\n<p>A aproxima\u00e7\u00e3o com as lutas sociais n\u00e3o contribui apenas para a forma\u00e7\u00e3o do estudante ou do profissional j\u00e1 formado. Como contou Fab\u00edola Oliveira, integrante do <a href=\"http:\/\/bit.ly\/1UdqtEV\" target=\"_blank\" rel=\"noopener\">MTST<\/a>, a milit\u00e2ncia e a participa\u00e7\u00e3o na ocupa\u00e7\u00e3o em S\u00e3o Gon\u00e7alo foi importante para o processo de aceita\u00e7\u00e3o da sua <a href=\"http:\/\/bit.ly\/2xVnUGG\" target=\"_blank\" rel=\"noopener\">negritude<\/a>. Para ela, todo o processo \u00e9 um aprendizado muito grande de aceita\u00e7\u00e3o das diferen\u00e7as, de entend\u00ea-las e de caminhar junto com elas.<\/p>\n<p>No que diz respeito \u00e0 atua\u00e7\u00e3o do profissional de arquitetura e urbanismo, \u00e9 preciso que o arquiteto dialogue com outros campos de atua\u00e7\u00e3o, pois na pr\u00e1tica ele \u201c\u00e9 pouco compreendido pra dialogar\u00a0com outras profiss\u00f5es e tamb\u00e9m com os movimentos sociais\u201d, diz Luciana Andrade.<\/p>\n<p>\u201cO movimento entende que assist\u00eancia t\u00e9cnica para a gente n\u00e3o \u00e9 s\u00f3 o arquiteto, n\u00e3o \u00e9 s\u00f3 o engenheiro. A gente tem advogado, a gente tem assistente social, tem o psic\u00f3logo que trabalha nos projetos. A gente entende como uma coisa maior\u201d, diz Jurema, expondo a import\u00e2ncia da interdisciplinaridade na luta pelo <a href=\"http:\/\/bit.ly\/1g73xCv\" target=\"_blank\" rel=\"noopener\">direito \u00e0 moradia<\/a>.<\/p>\n<p><a href=\"http:\/\/rioonwatch.org.br\/wp-content\/uploads\/2017\/10\/Tain\u00e1-de-Paula-fala-dos-projetos-da-chapa-3-para-o-CAU.jpg\"><img decoding=\"async\" class=\"aligncenter wp-image-29017 size-content\" title=\"Tain\u00e1 de Paula fala dos projetos da chapa 3 para o CAU.\" src=\"http:\/\/rioonwatch.org.br\/wp-content\/uploads\/2017\/10\/Tain\u00e1-de-Paula-fala-dos-projetos-da-chapa-3-para-o-CAU-620x264.jpg\" alt=\"\" width=\"620\" height=\"264\" srcset=\"https:\/\/rioonwatch.org.br\/wp-content\/uploads\/2017\/10\/Tain\u00e1-de-Paula-fala-dos-projetos-da-chapa-3-para-o-CAU-620x264.jpg 620w, https:\/\/rioonwatch.org.br\/wp-content\/uploads\/2017\/10\/Tain\u00e1-de-Paula-fala-dos-projetos-da-chapa-3-para-o-CAU-940x400.jpg 940w\" sizes=\"(max-width: 620px) 100vw, 620px\" \/><\/a><\/p>\n<p>O papel do CAU\u00a0\u00e9 muito\u00a0importante tanto no incentivo ao <a href=\"http:\/\/bit.ly\/1SBqNL8\" target=\"_blank\" rel=\"noopener\">ensino<\/a> quanto na pr\u00f3pria atua\u00e7\u00e3o do arquiteto e urbanista no campo da assist\u00eancia t\u00e9cnica. Como afirma a candidata \u00e0 conselheira, Tain\u00e1: \u201cO conselho precisa promover um redesenho e uma nova perspectiva profissional de atua\u00e7\u00e3o numa l\u00f3gica de fun\u00e7\u00e3o social que a gente quer\u201d, e al\u00e9m disso \u201cextens\u00f5es universit\u00e1rias t\u00eam que ser fomentadas, n\u00e3o apenas por professores do campo ativista. A gente tem que pressionar, vamos dizer assim, que a <a href=\"http:\/\/bit.ly\/2oT94aC\" target=\"_blank\" rel=\"noopener\">academia efetivamente replique a sua fun\u00e7\u00e3o social<\/a> tamb\u00e9m no seu campo de reflex\u00e3o\u201d,\u00a0afirmando que o Conselho profissional tem a fun\u00e7\u00e3o e tarefa de fazer essa articula\u00e7\u00e3o. Segundo a candidata, existe um campo enorme de atua\u00e7\u00e3o, mas tanto as pessoas desconhecem os servi\u00e7os que os arquitetos podem fazer pela cidade, quanto os pr\u00f3prios arquitetos desconhecem as suas possibilidades de desenvolver esse papel. Por isso, \u00e9 importante que o Conselho de Arquitetura e Urbanismo atue para minimizar esses distanciamentos e para garantir o <a href=\"http:\/\/bit.ly\/1FKOexi\" target=\"_blank\" rel=\"noopener\">acesso \u00e0 cidade<\/a> e \u00e0 moradia.<\/p>\n<!-- AddThis Advanced Settings generic via filter on the_content --><!-- AddThis Share Buttons generic via filter on the_content -->","protected":false},"excerpt":{"rendered":"<div class=\"mh-excerpt\"><p>Click Here for English Na segunda-feira, 16 de outubro, integrantes de movimentos sociais, arquitetos e urbanistas se reuniram na Casa de Estudos Urbanos, na Gl\u00f3ria, para a\u00a0Roda de Conversa: Assist\u00eancia T\u00e9cnica em Arquitetura e Urbanismo. <a class=\"mh-excerpt-more\" href=\"https:\/\/rioonwatch.org.br\/?p=28993\" title=\"Direito \u00e0 Assist\u00eancia T\u00e9cnica P\u00fablica em Arquitetura e Urbanismo em Debate\">[&#8230;]<\/a><!-- AddThis Advanced Settings generic via filter on get_the_excerpt --><!-- AddThis Share Buttons generic via filter on get_the_excerpt --><\/p>\n<\/div>","protected":false},"author":156,"featured_media":29014,"comment_status":"closed","ping_status":"closed","sticky":false,"template":"","format":"standard","meta":{"_acf_changed":false,"_monsterinsights_skip_tracking":false,"_monsterinsights_sitenote_active":false,"_monsterinsights_sitenote_note":"","_monsterinsights_sitenote_category":0,"footnotes":""},"categories":[1618,1621,1627,344,1612,342],"tags":[1050,436,831,424,316,457,447,1037,797,1217,1774,304,980,231,1770,1065],"writer":[2234],"translator":[],"source":[],"ilustrador":[],"fotografo":[],"class_list":{"0":"post-28993","1":"post","2":"type-post","3":"status-publish","4":"format-standard","5":"has-post-thumbnail","7":"category-olhonaparticipacao","8":"category-destaque","9":"category-relato-de-evento","10":"category-politicas","11":"category-sociedade-civil","12":"category-solucoes","13":"tag-arquitetura","14":"tag-campo-grande","15":"tag-direito-a-cidade","16":"tag-direito-a-moradia","17":"tag-educacao","18":"tag-eleicoes","19":"tag-jacarepagua","20":"tag-moradia","21":"tag-movimentos-sociais","22":"tag-mtst","23":"tag-ocupacao-vito-gianotti","24":"tag-participacao","25":"tag-quilombo-da-gamboa","26":"tag-sao-goncalo","27":"tag-unmp","28":"tag-urbanismo","29":"writer-priscilla-mayrink"},"acf":[],"yoast_head":"<!-- This site is optimized with the Yoast SEO plugin v25.6 - https:\/\/yoast.com\/wordpress\/plugins\/seo\/ -->\n<title>Direito \u00e0 Assist\u00eancia T\u00e9cnica P\u00fablica em Arquitetura e Urbanismo em Debate - RioOnWatch<\/title>\n<meta name=\"robots\" content=\"index, follow, max-snippet:-1, max-image-preview:large, max-video-preview:-1\" \/>\n<link rel=\"canonical\" href=\"https:\/\/rioonwatch.org.br\/?p=28993\" \/>\n<meta property=\"og:locale\" content=\"pt_BR\" \/>\n<meta property=\"og:type\" content=\"article\" \/>\n<meta property=\"og:title\" content=\"Direito \u00e0 Assist\u00eancia T\u00e9cnica P\u00fablica em Arquitetura e Urbanismo em Debate - RioOnWatch\" \/>\n<meta property=\"og:description\" content=\"Click Here for English Na segunda-feira, 16 de outubro, integrantes de movimentos sociais, arquitetos e urbanistas se reuniram na Casa de Estudos Urbanos, na Gl\u00f3ria, para a\u00a0Roda de Conversa: Assist\u00eancia T\u00e9cnica em Arquitetura e Urbanismo. [...]\" \/>\n<meta property=\"og:url\" content=\"https:\/\/rioonwatch.org.br\/?p=28993\" \/>\n<meta property=\"og:site_name\" content=\"RioOnWatch\" \/>\n<meta property=\"article:published_time\" content=\"2017-10-21T14:44:19+00:00\" \/>\n<meta property=\"article:modified_time\" content=\"2017-10-30T15:44:47+00:00\" \/>\n<meta property=\"og:image\" content=\"https:\/\/rioonwatch.org.br\/wp-content\/uploads\/2017\/10\/Roda-de-debate-sobre-assist\u00eancia-t\u00e9cnica-na-Casa-de-Estudos-Urbanos-scaled.jpg\" \/>\n\t<meta property=\"og:image:width\" content=\"2560\" \/>\n\t<meta property=\"og:image:height\" content=\"1438\" \/>\n\t<meta property=\"og:image:type\" content=\"image\/jpeg\" \/>\n<meta name=\"author\" content=\"Priscilla Mayrink\" \/>\n<meta name=\"twitter:card\" content=\"summary_large_image\" \/>\n<meta name=\"twitter:label1\" content=\"Escrito por\" \/>\n\t<meta name=\"twitter:data1\" content=\"Priscilla Mayrink\" \/>\n\t<meta name=\"twitter:label2\" content=\"Est. tempo de leitura\" \/>\n\t<meta name=\"twitter:data2\" content=\"5 minutos\" \/>\n<script type=\"application\/ld+json\" class=\"yoast-schema-graph\">{\"@context\":\"https:\/\/schema.org\",\"@graph\":[{\"@type\":\"Article\",\"@id\":\"https:\/\/rioonwatch.org.br\/?p=28993#article\",\"isPartOf\":{\"@id\":\"https:\/\/rioonwatch.org.br\/?p=28993\"},\"author\":{\"name\":\"Priscilla Mayrink\",\"@id\":\"https:\/\/rioonwatch.org.br\/#\/schema\/person\/c8ad3f16310ae28b257d40db56c3953d\"},\"headline\":\"Direito \u00e0 Assist\u00eancia T\u00e9cnica P\u00fablica em Arquitetura e Urbanismo em Debate\",\"datePublished\":\"2017-10-21T14:44:19+00:00\",\"dateModified\":\"2017-10-30T15:44:47+00:00\",\"mainEntityOfPage\":{\"@id\":\"https:\/\/rioonwatch.org.br\/?p=28993\"},\"wordCount\":1051,\"publisher\":{\"@id\":\"https:\/\/rioonwatch.org.br\/#organization\"},\"image\":{\"@id\":\"https:\/\/rioonwatch.org.br\/?p=28993#primaryimage\"},\"thumbnailUrl\":\"https:\/\/rioonwatch.org.br\/wp-content\/uploads\/2017\/10\/Roda-de-debate-sobre-assist\u00eancia-t\u00e9cnica-na-Casa-de-Estudos-Urbanos-scaled.jpg\",\"keywords\":[\"arquitetura\",\"Campo Grande\",\"Direito \u00e0 Cidade\",\"Direito \u00e0 Moradia\",\"educa\u00e7\u00e3o\",\"Elei\u00e7\u00f5es\",\"Jacarepagu\u00e1\",\"moradia\",\"movimentos sociais\",\"MTST\",\"Ocupa\u00e7\u00e3o Vito Giannotti\",\"participa\u00e7\u00e3o\",\"Quilombo da Gamboa\",\"S\u00e3o Gon\u00e7alo\",\"UNMP\",\"urbanismo\"],\"articleSection\":[\"#OlhoNaParticipa\u00e7\u00e3o\",\"*Destaque\",\"Cobertura de Eventos\",\"Pol\u00edticas\",\"Sociedade Civil\",\"Solu\u00e7\u00f5es\"],\"inLanguage\":\"pt-BR\"},{\"@type\":\"WebPage\",\"@id\":\"https:\/\/rioonwatch.org.br\/?p=28993\",\"url\":\"https:\/\/rioonwatch.org.br\/?p=28993\",\"name\":\"Direito \u00e0 Assist\u00eancia T\u00e9cnica P\u00fablica em Arquitetura e Urbanismo em Debate - RioOnWatch\",\"isPartOf\":{\"@id\":\"https:\/\/rioonwatch.org.br\/#website\"},\"primaryImageOfPage\":{\"@id\":\"https:\/\/rioonwatch.org.br\/?p=28993#primaryimage\"},\"image\":{\"@id\":\"https:\/\/rioonwatch.org.br\/?p=28993#primaryimage\"},\"thumbnailUrl\":\"https:\/\/rioonwatch.org.br\/wp-content\/uploads\/2017\/10\/Roda-de-debate-sobre-assist\u00eancia-t\u00e9cnica-na-Casa-de-Estudos-Urbanos-scaled.jpg\",\"datePublished\":\"2017-10-21T14:44:19+00:00\",\"dateModified\":\"2017-10-30T15:44:47+00:00\",\"breadcrumb\":{\"@id\":\"https:\/\/rioonwatch.org.br\/?p=28993#breadcrumb\"},\"inLanguage\":\"pt-BR\",\"potentialAction\":[{\"@type\":\"ReadAction\",\"target\":[\"https:\/\/rioonwatch.org.br\/?p=28993\"]}]},{\"@type\":\"ImageObject\",\"inLanguage\":\"pt-BR\",\"@id\":\"https:\/\/rioonwatch.org.br\/?p=28993#primaryimage\",\"url\":\"https:\/\/rioonwatch.org.br\/wp-content\/uploads\/2017\/10\/Roda-de-debate-sobre-assist\u00eancia-t\u00e9cnica-na-Casa-de-Estudos-Urbanos-scaled.jpg\",\"contentUrl\":\"https:\/\/rioonwatch.org.br\/wp-content\/uploads\/2017\/10\/Roda-de-debate-sobre-assist\u00eancia-t\u00e9cnica-na-Casa-de-Estudos-Urbanos-scaled.jpg\",\"width\":2560,\"height\":1438},{\"@type\":\"BreadcrumbList\",\"@id\":\"https:\/\/rioonwatch.org.br\/?p=28993#breadcrumb\",\"itemListElement\":[{\"@type\":\"ListItem\",\"position\":1,\"name\":\"In\u00edcio\",\"item\":\"https:\/\/rioonwatch.org.br\/\"},{\"@type\":\"ListItem\",\"position\":2,\"name\":\"Direito \u00e0 Assist\u00eancia T\u00e9cnica P\u00fablica em Arquitetura e Urbanismo em Debate\"}]},{\"@type\":\"WebSite\",\"@id\":\"https:\/\/rioonwatch.org.br\/#website\",\"url\":\"https:\/\/rioonwatch.org.br\/\",\"name\":\"RioOnWatch\",\"description\":\"relatos das favelas cariocas\",\"publisher\":{\"@id\":\"https:\/\/rioonwatch.org.br\/#organization\"},\"potentialAction\":[{\"@type\":\"SearchAction\",\"target\":{\"@type\":\"EntryPoint\",\"urlTemplate\":\"https:\/\/rioonwatch.org.br\/?s={search_term_string}\"},\"query-input\":{\"@type\":\"PropertyValueSpecification\",\"valueRequired\":true,\"valueName\":\"search_term_string\"}}],\"inLanguage\":\"pt-BR\"},{\"@type\":\"Organization\",\"@id\":\"https:\/\/rioonwatch.org.br\/#organization\",\"name\":\"RioOnWatch\",\"url\":\"https:\/\/rioonwatch.org.br\/\",\"logo\":{\"@type\":\"ImageObject\",\"inLanguage\":\"pt-BR\",\"@id\":\"https:\/\/rioonwatch.org.br\/#\/schema\/logo\/image\/\",\"url\":\"https:\/\/rioonwatch.org.br\/wp-content\/uploads\/2021\/06\/RioOnWatchcabecalhoPT11anos-2.png\",\"contentUrl\":\"https:\/\/rioonwatch.org.br\/wp-content\/uploads\/2021\/06\/RioOnWatchcabecalhoPT11anos-2.png\",\"width\":779,\"height\":277,\"caption\":\"RioOnWatch\"},\"image\":{\"@id\":\"https:\/\/rioonwatch.org.br\/#\/schema\/logo\/image\/\"}},{\"@type\":\"Person\",\"@id\":\"https:\/\/rioonwatch.org.br\/#\/schema\/person\/c8ad3f16310ae28b257d40db56c3953d\",\"name\":\"Priscilla Mayrink\",\"image\":{\"@type\":\"ImageObject\",\"inLanguage\":\"pt-BR\",\"@id\":\"https:\/\/rioonwatch.org.br\/#\/schema\/person\/image\/\",\"url\":\"https:\/\/secure.gravatar.com\/avatar\/cfa59f123794425f97e70626d615736e?s=96&d=blank&r=g\",\"contentUrl\":\"https:\/\/secure.gravatar.com\/avatar\/cfa59f123794425f97e70626d615736e?s=96&d=blank&r=g\",\"caption\":\"Priscilla Mayrink\"},\"url\":\"https:\/\/rioonwatch.org.br\/?author=156\"}]}<\/script>\n<!-- \/ Yoast SEO plugin. -->","yoast_head_json":{"title":"Direito \u00e0 Assist\u00eancia T\u00e9cnica P\u00fablica em Arquitetura e Urbanismo em Debate - RioOnWatch","robots":{"index":"index","follow":"follow","max-snippet":"max-snippet:-1","max-image-preview":"max-image-preview:large","max-video-preview":"max-video-preview:-1"},"canonical":"https:\/\/rioonwatch.org.br\/?p=28993","og_locale":"pt_BR","og_type":"article","og_title":"Direito \u00e0 Assist\u00eancia T\u00e9cnica P\u00fablica em Arquitetura e Urbanismo em Debate - RioOnWatch","og_description":"Click Here for English Na segunda-feira, 16 de outubro, integrantes de movimentos sociais, arquitetos e urbanistas se reuniram na Casa de Estudos Urbanos, na Gl\u00f3ria, para a\u00a0Roda de Conversa: Assist\u00eancia T\u00e9cnica em Arquitetura e Urbanismo. [...]","og_url":"https:\/\/rioonwatch.org.br\/?p=28993","og_site_name":"RioOnWatch","article_published_time":"2017-10-21T14:44:19+00:00","article_modified_time":"2017-10-30T15:44:47+00:00","og_image":[{"width":2560,"height":1438,"url":"https:\/\/rioonwatch.org.br\/wp-content\/uploads\/2017\/10\/Roda-de-debate-sobre-assist\u00eancia-t\u00e9cnica-na-Casa-de-Estudos-Urbanos-scaled.jpg","type":"image\/jpeg"}],"author":"Priscilla Mayrink","twitter_card":"summary_large_image","twitter_misc":{"Escrito por":"Priscilla Mayrink","Est. tempo de leitura":"5 minutos"},"schema":{"@context":"https:\/\/schema.org","@graph":[{"@type":"Article","@id":"https:\/\/rioonwatch.org.br\/?p=28993#article","isPartOf":{"@id":"https:\/\/rioonwatch.org.br\/?p=28993"},"author":{"name":"Priscilla Mayrink","@id":"https:\/\/rioonwatch.org.br\/#\/schema\/person\/c8ad3f16310ae28b257d40db56c3953d"},"headline":"Direito \u00e0 Assist\u00eancia T\u00e9cnica P\u00fablica em Arquitetura e Urbanismo em Debate","datePublished":"2017-10-21T14:44:19+00:00","dateModified":"2017-10-30T15:44:47+00:00","mainEntityOfPage":{"@id":"https:\/\/rioonwatch.org.br\/?p=28993"},"wordCount":1051,"publisher":{"@id":"https:\/\/rioonwatch.org.br\/#organization"},"image":{"@id":"https:\/\/rioonwatch.org.br\/?p=28993#primaryimage"},"thumbnailUrl":"https:\/\/rioonwatch.org.br\/wp-content\/uploads\/2017\/10\/Roda-de-debate-sobre-assist\u00eancia-t\u00e9cnica-na-Casa-de-Estudos-Urbanos-scaled.jpg","keywords":["arquitetura","Campo Grande","Direito \u00e0 Cidade","Direito \u00e0 Moradia","educa\u00e7\u00e3o","Elei\u00e7\u00f5es","Jacarepagu\u00e1","moradia","movimentos sociais","MTST","Ocupa\u00e7\u00e3o Vito Giannotti","participa\u00e7\u00e3o","Quilombo da Gamboa","S\u00e3o Gon\u00e7alo","UNMP","urbanismo"],"articleSection":["#OlhoNaParticipa\u00e7\u00e3o","*Destaque","Cobertura de Eventos","Pol\u00edticas","Sociedade Civil","Solu\u00e7\u00f5es"],"inLanguage":"pt-BR"},{"@type":"WebPage","@id":"https:\/\/rioonwatch.org.br\/?p=28993","url":"https:\/\/rioonwatch.org.br\/?p=28993","name":"Direito \u00e0 Assist\u00eancia T\u00e9cnica P\u00fablica em Arquitetura e Urbanismo em Debate - RioOnWatch","isPartOf":{"@id":"https:\/\/rioonwatch.org.br\/#website"},"primaryImageOfPage":{"@id":"https:\/\/rioonwatch.org.br\/?p=28993#primaryimage"},"image":{"@id":"https:\/\/rioonwatch.org.br\/?p=28993#primaryimage"},"thumbnailUrl":"https:\/\/rioonwatch.org.br\/wp-content\/uploads\/2017\/10\/Roda-de-debate-sobre-assist\u00eancia-t\u00e9cnica-na-Casa-de-Estudos-Urbanos-scaled.jpg","datePublished":"2017-10-21T14:44:19+00:00","dateModified":"2017-10-30T15:44:47+00:00","breadcrumb":{"@id":"https:\/\/rioonwatch.org.br\/?p=28993#breadcrumb"},"inLanguage":"pt-BR","potentialAction":[{"@type":"ReadAction","target":["https:\/\/rioonwatch.org.br\/?p=28993"]}]},{"@type":"ImageObject","inLanguage":"pt-BR","@id":"https:\/\/rioonwatch.org.br\/?p=28993#primaryimage","url":"https:\/\/rioonwatch.org.br\/wp-content\/uploads\/2017\/10\/Roda-de-debate-sobre-assist\u00eancia-t\u00e9cnica-na-Casa-de-Estudos-Urbanos-scaled.jpg","contentUrl":"https:\/\/rioonwatch.org.br\/wp-content\/uploads\/2017\/10\/Roda-de-debate-sobre-assist\u00eancia-t\u00e9cnica-na-Casa-de-Estudos-Urbanos-scaled.jpg","width":2560,"height":1438},{"@type":"BreadcrumbList","@id":"https:\/\/rioonwatch.org.br\/?p=28993#breadcrumb","itemListElement":[{"@type":"ListItem","position":1,"name":"In\u00edcio","item":"https:\/\/rioonwatch.org.br\/"},{"@type":"ListItem","position":2,"name":"Direito \u00e0 Assist\u00eancia T\u00e9cnica P\u00fablica em Arquitetura e Urbanismo em Debate"}]},{"@type":"WebSite","@id":"https:\/\/rioonwatch.org.br\/#website","url":"https:\/\/rioonwatch.org.br\/","name":"RioOnWatch","description":"relatos das favelas cariocas","publisher":{"@id":"https:\/\/rioonwatch.org.br\/#organization"},"potentialAction":[{"@type":"SearchAction","target":{"@type":"EntryPoint","urlTemplate":"https:\/\/rioonwatch.org.br\/?s={search_term_string}"},"query-input":{"@type":"PropertyValueSpecification","valueRequired":true,"valueName":"search_term_string"}}],"inLanguage":"pt-BR"},{"@type":"Organization","@id":"https:\/\/rioonwatch.org.br\/#organization","name":"RioOnWatch","url":"https:\/\/rioonwatch.org.br\/","logo":{"@type":"ImageObject","inLanguage":"pt-BR","@id":"https:\/\/rioonwatch.org.br\/#\/schema\/logo\/image\/","url":"https:\/\/rioonwatch.org.br\/wp-content\/uploads\/2021\/06\/RioOnWatchcabecalhoPT11anos-2.png","contentUrl":"https:\/\/rioonwatch.org.br\/wp-content\/uploads\/2021\/06\/RioOnWatchcabecalhoPT11anos-2.png","width":779,"height":277,"caption":"RioOnWatch"},"image":{"@id":"https:\/\/rioonwatch.org.br\/#\/schema\/logo\/image\/"}},{"@type":"Person","@id":"https:\/\/rioonwatch.org.br\/#\/schema\/person\/c8ad3f16310ae28b257d40db56c3953d","name":"Priscilla Mayrink","image":{"@type":"ImageObject","inLanguage":"pt-BR","@id":"https:\/\/rioonwatch.org.br\/#\/schema\/person\/image\/","url":"https:\/\/secure.gravatar.com\/avatar\/cfa59f123794425f97e70626d615736e?s=96&d=blank&r=g","contentUrl":"https:\/\/secure.gravatar.com\/avatar\/cfa59f123794425f97e70626d615736e?s=96&d=blank&r=g","caption":"Priscilla Mayrink"},"url":"https:\/\/rioonwatch.org.br\/?author=156"}]}},"_links":{"self":[{"href":"https:\/\/rioonwatch.org.br\/index.php?rest_route=\/wp\/v2\/posts\/28993"}],"collection":[{"href":"https:\/\/rioonwatch.org.br\/index.php?rest_route=\/wp\/v2\/posts"}],"about":[{"href":"https:\/\/rioonwatch.org.br\/index.php?rest_route=\/wp\/v2\/types\/post"}],"author":[{"embeddable":true,"href":"https:\/\/rioonwatch.org.br\/index.php?rest_route=\/wp\/v2\/users\/156"}],"replies":[{"embeddable":true,"href":"https:\/\/rioonwatch.org.br\/index.php?rest_route=%2Fwp%2Fv2%2Fcomments&post=28993"}],"version-history":[{"count":35,"href":"https:\/\/rioonwatch.org.br\/index.php?rest_route=\/wp\/v2\/posts\/28993\/revisions"}],"predecessor-version":[{"id":29234,"href":"https:\/\/rioonwatch.org.br\/index.php?rest_route=\/wp\/v2\/posts\/28993\/revisions\/29234"}],"wp:featuredmedia":[{"embeddable":true,"href":"https:\/\/rioonwatch.org.br\/index.php?rest_route=\/wp\/v2\/media\/29014"}],"wp:attachment":[{"href":"https:\/\/rioonwatch.org.br\/index.php?rest_route=%2Fwp%2Fv2%2Fmedia&parent=28993"}],"wp:term":[{"taxonomy":"category","embeddable":true,"href":"https:\/\/rioonwatch.org.br\/index.php?rest_route=%2Fwp%2Fv2%2Fcategories&post=28993"},{"taxonomy":"post_tag","embeddable":true,"href":"https:\/\/rioonwatch.org.br\/index.php?rest_route=%2Fwp%2Fv2%2Ftags&post=28993"},{"taxonomy":"writer","embeddable":true,"href":"https:\/\/rioonwatch.org.br\/index.php?rest_route=%2Fwp%2Fv2%2Fwriter&post=28993"},{"taxonomy":"translator","embeddable":true,"href":"https:\/\/rioonwatch.org.br\/index.php?rest_route=%2Fwp%2Fv2%2Ftranslator&post=28993"},{"taxonomy":"source","embeddable":true,"href":"https:\/\/rioonwatch.org.br\/index.php?rest_route=%2Fwp%2Fv2%2Fsource&post=28993"},{"taxonomy":"ilustrador","embeddable":true,"href":"https:\/\/rioonwatch.org.br\/index.php?rest_route=%2Fwp%2Fv2%2Filustrador&post=28993"},{"taxonomy":"fotografo","embeddable":true,"href":"https:\/\/rioonwatch.org.br\/index.php?rest_route=%2Fwp%2Fv2%2Ffotografo&post=28993"}],"curies":[{"name":"wp","href":"https:\/\/api.w.org\/{rel}","templated":true}]}}