{"id":29177,"date":"2017-11-02T06:00:44","date_gmt":"2017-11-02T09:00:44","guid":{"rendered":"http:\/\/rioonwatch.org.br\/?p=29177"},"modified":"2023-05-09T09:56:33","modified_gmt":"2023-05-09T12:56:33","slug":"debatedores-dissecam-plano-estrategico-da-prefeitura-de-crivella-e-apontam-inumeras-deficiencias","status":"publish","type":"post","link":"https:\/\/rioonwatch.org.br\/?p=29177","title":{"rendered":"Debatedores Dissecam Plano Estrat\u00e9gico da Prefeitura de Crivella e Apontam In\u00fameras Defici\u00eancias"},"content":{"rendered":"<p style=\"text-align: right;\"><em><strong><a href=\"http:\/\/bit.ly\/2ixMS4k\" target=\"_blank\" rel=\"noopener noreferrer\">Click Here for English<img decoding=\"async\" width=\"20\" height=\"20\" class=\"alignright wp-image-15790\" src=\"http:\/\/rioonwatch.org.br\/wp-content\/uploads\/2012\/08\/EN-standard-e1439583104716.jpg\" alt=\"\" \/><\/a><\/strong><\/em><\/p>\n<p>No dia 23 de outubro, aconteceu o segundo encontro do F\u00f3rum de Debates A Metr\u00f3pole do Rio de Janeiro, com o tema <a href=\"http:\/\/bit.ly\/2i9zL9y\" target=\"_blank\" rel=\"noopener noreferrer\">O\u00a0Plano Estrat\u00e9gico da Cidade do Rio: Empreendedorismo Urbano e Fragmenta\u00e7\u00e3o Institucional da Metr\u00f3pole<\/a>\u00a0organizado pelo <a href=\"http:\/\/bit.ly\/2zWsGkT\" target=\"_blank\" rel=\"noopener noreferrer\">Comit\u00ea Popular de Luta<\/a> e pelo <a href=\"http:\/\/bit.ly\/2yRj6Q6\" target=\"_blank\" rel=\"noopener noreferrer\">Observat\u00f3rio das Metr\u00f3poles<\/a>, no IFCS\/UFRJ. O evento contou com a presen\u00e7a de Tain\u00e1 de Paula (<a href=\"http:\/\/bit.ly\/2gMZh7P\" target=\"_blank\" rel=\"noopener noreferrer\">Funda\u00e7\u00e3o Bento Rubi\u00e3o<\/a>), <a href=\"http:\/\/bit.ly\/2deYUii\" target=\"_blank\" rel=\"noopener noreferrer\">Marielle Franco<\/a> (<a href=\"http:\/\/bit.ly\/2dV81nj\" target=\"_blank\" rel=\"noopener noreferrer\">C\u00e2mara dos Vereadores<\/a>), Henrique Silveira (<a href=\"http:\/\/bit.ly\/2dIaCD9\" target=\"_blank\" rel=\"noopener noreferrer\">Casa Fluminense<\/a>) e Adauto Cardoso <a href=\"http:\/\/bit.ly\/2ln1EzP\" target=\"_blank\" rel=\"noopener noreferrer\">(Observat\u00f3rio das Metr\u00f3poles<\/a>\/IPPUR) para debater <a href=\"http:\/\/bit.ly\/2tWrpKW\" target=\"_blank\" rel=\"noopener noreferrer\">o Plano apresentado pela prefeitura de Marcelo Crivella<\/a>. Na ocasi\u00e3o, foram discutidas algumas das metas, sobretudo aquelas referentes ao <a href=\"http:\/\/bit.ly\/GRb6lx\" target=\"_blank\" rel=\"noopener noreferrer\">direito \u00e0 cidade<\/a> e \u00e0 <a href=\"http:\/\/bit.ly\/2gaxv3y\" target=\"_blank\" rel=\"noopener noreferrer\">habita\u00e7\u00e3o<\/a>.<\/p>\n<p>As principais cr\u00edticas ao\u00a0<a href=\"http:\/\/bit.ly\/2yNRC03\" target=\"_blank\" rel=\"noopener noreferrer\">Plano Estrat\u00e9gico<\/a> se concentraram na falta de especifica\u00e7\u00e3o das metas, na falta de participa\u00e7\u00e3o popular e por a prefeitura se apoiar nas\u00a0<a href=\"http:\/\/bit.ly\/2iDQW6T\" target=\"_blank\" rel=\"noopener noreferrer\">opera\u00e7\u00f5es urbanas consorciadas<\/a> e <a href=\"http:\/\/bit.ly\/1Rq1j7H\" target=\"_blank\" rel=\"noopener noreferrer\">Parcerias P\u00fablico-Privadas<\/a>\u00a0para a realiza\u00e7\u00e3o de propostas habitacionais.<\/p>\n<p><a href=\"http:\/\/rioonwatch.org.br\/wp-content\/uploads\/2017\/10\/ForumRio7.jpg\"><img fetchpriority=\"high\" decoding=\"async\" class=\"aligncenter wp-image-29187 size-content\" title=\"Compondo a mesa do debate: da direita para a esquerda Adauto Cardoso, Marielle Franco, Hertz Leal (mediador do debate), Tain\u00e1 de Paula e Henrique Silveira\" src=\"http:\/\/rioonwatch.org.br\/wp-content\/uploads\/2017\/10\/ForumRio7-620x264.jpg\" alt=\"\" width=\"620\" height=\"264\" srcset=\"https:\/\/rioonwatch.org.br\/wp-content\/uploads\/2017\/10\/ForumRio7-620x264.jpg 620w, https:\/\/rioonwatch.org.br\/wp-content\/uploads\/2017\/10\/ForumRio7-940x400.jpg 940w\" sizes=\"(max-width: 620px) 100vw, 620px\" \/><\/a><\/p>\n<p>Segundo Adauto Cardoso, que vem realizando monitoramento e avalia\u00e7\u00e3o das pol\u00edticas urbanas da cidade, as propostas do plano s\u00e3o muito gen\u00e9ricas, pouco detalhadas e pouco embasadas: \u201cN\u00e3o tem diagn\u00f3stico. E com um plano sem diagn\u00f3stico, como \u00e9 que voc\u00ea vai saber quais s\u00e3o os problemas? Como \u00e9 que voc\u00ea vai saber que aquela meta \u00e9 adequada? Qual \u00e9 o impacto daquela meta em rela\u00e7\u00e3o ao programa, a um problema espec\u00edfico?\u201d disse ele alegando que faltam informa\u00e7\u00f5es para que a qualidade do plano e seus impactos possam ser mensurados. Para al\u00e9m da falta de clareza do que ser\u00e1 realizado, falta a especifica\u00e7\u00e3o de como essas metas ser\u00e3o viabilizadas no plano econ\u00f4mico, como pontuou Tain\u00e1 de Paula, que considerou algumas metas muito ambiciosas para a realidade econ\u00f4mica atual.<\/p>\n<p>Ao que parece, a viabiliza\u00e7\u00e3o econ\u00f4mica de metas relacionadas \u00e0 habita\u00e7\u00e3o ser\u00e1 realizada sobretudo a partir de verbas federais provenientes de programas como o <a href=\"http:\/\/bit.ly\/Y4U9oJ\" target=\"_blank\" rel=\"noopener noreferrer\">Minha Casa Minha Vida<\/a>\u00a0(MCMV), <a href=\"http:\/\/bit.ly\/NnSmIP\" target=\"_blank\" rel=\"noopener noreferrer\">PAC<\/a> e Programa de Assentamentos Populares (PROAP III), como indicado por Adauto Cardoso ao analisar o <a href=\"http:\/\/bit.ly\/2gQo6jl\" target=\"_blank\" rel=\"noopener noreferrer\">Plano Purianual<\/a>\u00a0(PPA). Apoiar a pol\u00edtica habitacional com recursos federais, sem aloca\u00e7\u00e3o de recurso pr\u00f3prio da prefeitura, \u00e9 considerado um problema para o professor e pesquisador, uma vez que esses recursos sejam de prazo incerto.<\/p>\n<p>As propostas da pol\u00edtica habitacional do Plano Estrat\u00e9gico dizem respeito \u00e0 realiza\u00e7\u00e3o de <a href=\"http:\/\/bit.ly\/2tPJMzV\" target=\"_blank\" rel=\"noopener noreferrer\">obras de urbaniza\u00e7\u00e3o em 21 favelas<\/a> (meta N\u00b0 73), realiza\u00e7\u00e3o de interven\u00e7\u00e3o urbana em\u00a0<a href=\"http:\/\/bit.ly\/1HgPoFM\" target=\"_blank\" rel=\"noopener noreferrer\">Rio das Pedras<\/a> (meta N\u00b0 74), <a href=\"http:\/\/bit.ly\/2sw4nIx\" target=\"_blank\" rel=\"noopener noreferrer\">regulariza\u00e7\u00e3o fundi\u00e1ria<\/a> de 100.000 domic\u00edlios at\u00e9 2020 (meta N\u00b0 75), contrata\u00e7\u00e3o de 20.000 Unidades Habitacionais de Interesse Social at\u00e9 dezembro de 2020 (meta N\u00b0 77) e realiza\u00e7\u00e3o do programa &#8220;Mais Moradias&#8221;, que visa a constru\u00e7\u00e3o habitacional para fam\u00edlias de at\u00e9 10 sal\u00e1rios m\u00ednimos a partir do MCMV, e\u00a0<a href=\"http:\/\/bit.ly\/X51Qvb\" target=\"_blank\" rel=\"noopener noreferrer\">remo\u00e7\u00e3o<\/a> de 14.204 moradias da \u00e1rea do Maci\u00e7o da Tijuca por <a href=\"http:\/\/bit.ly\/RiscoFavelas\" target=\"_blank\" rel=\"noopener noreferrer\">risco geol\u00f3gico-geot\u00e9cnico<\/a> (meta N\u00b0 76)&#8211;levantando o debate sobre o <a href=\"http:\/\/bit.ly\/184DRpn\" target=\"_blank\" rel=\"noopener noreferrer\">discurso de risco ambiental para a remo\u00e7\u00e3o de moradias<\/a>. Os participantes tiveram d\u00favidas sobre a forma que esses projetos ser\u00e3o realizados; e aonde e a partir de quais recursos, j\u00e1 que n\u00e3o h\u00e1 especifica\u00e7\u00f5es detalhadas e, ao que parece, os recursos se baseiam em verbas do governo federal.<\/p>\n<p>\u201cUma coisa que apareceu no plano foi a ideia de beneficiar 21 favelas com obras de urbaniza\u00e7\u00e3o at\u00e9 2020, ou seja, nos pr\u00f3ximos 3 anos. Uma meta ambiciosa. Quando a gente foi olhar para essa meta, a gente viu que esses recursos, pra essas metas, eram recursos do PAC e do PROAP III. O PROAP III \u00e9 o herdeiro do <a href=\"http:\/\/bit.ly\/XVcGa0\" target=\"_blank\" rel=\"noopener noreferrer\">Favela-Bairro<\/a>\u00a0que tem restos a gastar, e que portanto \u00e9 uma continuidade das obras que j\u00e1 vinham sendo feitas. Por conta da varia\u00e7\u00e3o do d\u00f3lar, sobrou um pouco de recurso, ent\u00e3o est\u00e1 sendo feito um remanejamento pra investir. O PAC tamb\u00e9m \u00e9 recurso do governo federal. N\u00e3o tem aloca\u00e7\u00e3o de recurso pr\u00f3prio da prefeitura espec\u00edfico pra isso\u201d, analisa Adauto, pontuando que \u00e9 a primeira vez que n\u00e3o \u00e9 proposto nenhum programa de <a href=\"http:\/\/bit.ly\/2gYyj8m\" target=\"_blank\" rel=\"noopener noreferrer\">urbaniza\u00e7\u00e3o de favelas<\/a> pela prefeitura desde 1993.<\/p>\n<p>Dentro do Programa \u201cMais Moradias\u201d est\u00e1 indicado a inten\u00e7\u00e3o de construir unidades habitacionais no terreno da General Electric, na favela do <a href=\"http:\/\/bit.ly\/19t7wK0\" target=\"_blank\" rel=\"noopener noreferrer\">Jacarezinho<\/a>, uma quest\u00e3o importante a ser pensada, como colocou Adauto, uma vez que este terreno requer um custo enorme de descontamina\u00e7\u00e3o.<\/p>\n<p>J\u00e1 o plano para Rio das Pedras, que diz respeito ao programa \u201cTerrit\u00f3rios Integrados\u201d, especifica apenas o objetivo de \u201cconcluir os estudos para Requalifica\u00e7\u00e3o Urbana de Rio das Pedras at\u00e9 2018\u201d. Contudo, j\u00e1 foi indicada a <a href=\"https:\/\/glo.bo\/2xVph59\" target=\"_blank\" rel=\"noopener noreferrer\">inten\u00e7\u00e3o de verticalizar a \u00e1rea<\/a> a partir da constru\u00e7\u00e3o de 100 blocos de apartamentos, cada um com at\u00e9 12 andares, <a href=\"http:\/\/bit.ly\/2xwnhye\" target=\"_blank\" rel=\"noopener noreferrer\">o que vem gerando grande mobiliza\u00e7\u00e3o de moradores<\/a>. Este projeto <a href=\"http:\/\/bit.ly\/2tPJMzV\" target=\"_blank\" rel=\"noopener noreferrer\">vai na contram\u00e3o do que um projeto de urbaniza\u00e7\u00e3o de favelas deveria se basear<\/a>: respeitar o m\u00e1ximo poss\u00edvel a tipologia local, evitar deslocamentos e realizar obras de melhorias a partir da demanda e do di\u00e1logo com os moradores. Contudo, apesar da falta de transpar\u00eancia do que ser\u00e1 feito e da falta de participa\u00e7\u00e3o dos moradores no processo de elabora\u00e7\u00e3o da proposta para a \u00e1rea, Adauto indica que j\u00e1 <a href=\"http:\/\/bit.ly\/11tBtBo\" target=\"_blank\" rel=\"noopener noreferrer\">existem grandes construtoras interessadas<\/a> no projeto.<\/p>\n<p>\u201cE tem uma reitera\u00e7\u00e3o cont\u00ednua das parcerias p\u00fablico-privadas e das opera\u00e7\u00f5es urbanas consorciadas como grandes estrat\u00e9gias para conseguir recursos. A\u00ed quando a gente olha essas opera\u00e7\u00f5es urbanas, as duas que est\u00e3o citadas s\u00e3o a <a href=\"http:\/\/bit.ly\/2yTNYPS\" target=\"_blank\" rel=\"noopener noreferrer\">Central do Brasil<\/a> e Rio da Pedras\u201d, indica o pesquisador. A opera\u00e7\u00e3o urbana referente \u00e0 Central do Brasil diz respeito \u00e0 meta N\u00b0 67 que tem por objetivo \u201clan\u00e7ar Procedimento de Manifesta\u00e7\u00e3o de Interesse para realiza\u00e7\u00e3o da Opera\u00e7\u00e3o Urbana Presidente Vargas em 2017\u201d, com o intuito de promover reestrutura\u00e7\u00e3o urbana local a partir do programa \u201cCentralidades Cariocas\u201d.<\/p>\n<p>\u201cOu seja, voc\u00ea tem um volume ainda de espa\u00e7o pra construir na \u00e1rea do <a href=\"http:\/\/bit.ly\/1cVBDvL\" target=\"_blank\" rel=\"noopener noreferrer\">Porto<\/a> e voc\u00ea vai lan\u00e7ar outra opera\u00e7\u00e3o na \u00e1rea da Central para produzir mais espa\u00e7o pra quem?\u201d, questiona Adauto Cardoso.<\/p>\n<p><a href=\"http:\/\/rioonwatch.org.br\/wp-content\/uploads\/2017\/10\/Henrique_CasaFluminense4.jpg\"><img decoding=\"async\" class=\"aligncenter wp-image-29185 size-content\" title=\"Henrique Silveira fala no debate.\" src=\"http:\/\/rioonwatch.org.br\/wp-content\/uploads\/2017\/10\/Henrique_CasaFluminense4-620x264.jpg\" alt=\"\" width=\"620\" height=\"264\" srcset=\"https:\/\/rioonwatch.org.br\/wp-content\/uploads\/2017\/10\/Henrique_CasaFluminense4-620x264.jpg 620w, https:\/\/rioonwatch.org.br\/wp-content\/uploads\/2017\/10\/Henrique_CasaFluminense4-940x400.jpg 940w\" sizes=\"(max-width: 620px) 100vw, 620px\" \/><\/a><\/p>\n<p>Outro tema que gerou questionamento foi a meta N\u00b0 43 do plano de Crivella que tem por objetivo &#8220;reduzir em 50% os \u00edndices criminais de baixa letalidade na orla da cidade do Rio de Janeiro, at\u00e9 2020&#8221;. Como argumentou Henrique Silveira, da Casa Fluminense, essa proposta \u201crefor\u00e7a uma ideia de que algumas pessoas t\u00eam direito \u00e0 <a href=\"http:\/\/bit.ly\/1fRNcBs\" target=\"_blank\" rel=\"noopener noreferrer\">seguran\u00e7a p\u00fablica<\/a> na cidade e outras n\u00e3o. \u00c9 uma l\u00f3gica que voc\u00ea est\u00e1 protegendo essa parte da cidade do restante. Porque s\u00f3 na orla?\u201d, questionando o motivo de n\u00e3o ter sido proposto alocar esta meta para os locais que, segundo dados oficiais, apresentem maior incid\u00eancia de crimes de baixa letalidade.<\/p>\n<p>Al\u00e9m destas quest\u00f5es, alguns pontos importantes n\u00e3o constam no Plano Estrat\u00e9gico, como a <a href=\"http:\/\/bit.ly\/1kmbrP9\" target=\"_blank\" rel=\"noopener noreferrer\">autogest\u00e3o habitacional<\/a>, o estudo de vazios urbanos e da <a href=\"http:\/\/bit.ly\/2v5qhFK\" target=\"_blank\" rel=\"noopener noreferrer\">economia solid\u00e1ria<\/a>. Tain\u00e1 de Paula indica que a partir do estudo de vazios urbanos municipais no Plano de Habita\u00e7\u00e3o chegou-se \u00e0 quantia de cerca de 20-22% de \u00e1rea da cidade que poderia servir para estoque habitacional, ressaltando a import\u00e2ncia de incluir este tema no planejamento urbano da cidade. J\u00e1 Marielle Franco, que preside a frente pela valoriza\u00e7\u00e3o da <a href=\"http:\/\/bit.ly\/2h6msG4\" target=\"_blank\" rel=\"noopener noreferrer\">economia solid\u00e1ria<\/a>, critica que \u201cno Plano s\u00f3 aparece enquanto feira. No plano n\u00e3o aparece como <a href=\"http:\/\/bit.ly\/2h6msG4\" target=\"_blank\" rel=\"noopener noreferrer\">alternativa econ\u00f4mica<\/a>, como gera\u00e7\u00e3o de emprego, de renda, como expans\u00e3o desse lugar metropolitano\u201d, evidenciando a import\u00e2ncia deste debate \u00e0 n\u00edvel da metr\u00f3pole, uma vez que o grupo mais interessado \u00e9 o de moradores de outros munic\u00edpios, que n\u00e3o o do Rio de Janeiro.<\/p>\n<p>A desarticula\u00e7\u00e3o das metas com a realidade urbana da cidade, com a demanda existente e com a viabilidade econ\u00f4mica evidencia a <a href=\"http:\/\/bit.ly\/2yvqpv8\" target=\"_blank\" rel=\"noopener noreferrer\">falta de participa\u00e7\u00e3o social no processo de elabora\u00e7\u00e3o do Plano Estrat\u00e9gico<\/a>. Segundo Henrique Silveira, a Prefeitura n\u00e3o abriu verdadeiramente um <a href=\"http:\/\/bit.ly\/EscadaParticipacao\" target=\"_blank\" rel=\"noopener noreferrer\">processo participativo<\/a> para a constru\u00e7\u00e3o do Plano.<\/p>\n<p>\u201cAbriram um processo de consulta online e foi rid\u00edculo. Foi um processo rid\u00edculo que eles fizeram e que n\u00e3o te permitia comentar a meta. O que estava l\u00e1 eram perguntas gen\u00e9ricas, com estere\u00f3tipos da cidade do Rio de Janeiro\u201d, comenta Henrique, indicando que n\u00e3o existia sequer um e-mail para que interessados pudessem enviar sugest\u00f5es, fazer coment\u00e1rios ou saber como poderiam participar do processo.<\/p>\n<p>Dessa forma, a Casa Fluminense, que realiza o monitoramento de pol\u00edticas p\u00fablicas, organizou diversos debates com a sociedade civil para discutir quest\u00f5es tem\u00e1ticas do Plano, e ao final tomou a decis\u00e3o de <a href=\"http:\/\/bit.ly\/2fySA8G\" target=\"_blank\" rel=\"noopener noreferrer\">realizar um documento<\/a> com 44 metas comentadas, elegendo 12 pontos que consideraram ser priorit\u00e1rios para serem revisados. Ao final, o grupo realizou uma interven\u00e7\u00e3o no <a href=\"http:\/\/bit.ly\/1qX7nZG\" target=\"_blank\" rel=\"noopener noreferrer\">Centro<\/a> para divulga\u00e7\u00e3o tanto do Plano Estrat\u00e9gico quanto das propostas elaboradas, mas comentou que a maioria das pessoas sequer sabiam do que se tratava.<\/p>\n<p>Por fim, Henrique coloca a necessidade de mais transpar\u00eancia e <a href=\"http:\/\/bit.ly\/2xPNBac\" target=\"_blank\" rel=\"noopener noreferrer\">di\u00e1logo com a popula\u00e7\u00e3o<\/a>, assim como a realiza\u00e7\u00e3o de audi\u00eancias tem\u00e1ticas em diversos locais da cidade. Marielle Franco colocou que \u00e9 preciso debater e utilizar espa\u00e7os para poder remodelar as metas, enquanto Tain\u00e1 de Paula evidencia a necessidade de discutir temas como cidades resilientes, cidades compactas e cidades para pessoas.<\/p>\n<!-- AddThis Advanced Settings generic via filter on the_content --><!-- AddThis Share Buttons generic via filter on the_content -->","protected":false},"excerpt":{"rendered":"<div class=\"mh-excerpt\"><p>Click Here for English No dia 23 de outubro, aconteceu o segundo encontro do F\u00f3rum de Debates A Metr\u00f3pole do Rio de Janeiro, com o tema O\u00a0Plano Estrat\u00e9gico da Cidade do Rio: Empreendedorismo Urbano e <a class=\"mh-excerpt-more\" href=\"https:\/\/rioonwatch.org.br\/?p=29177\" title=\"Debatedores Dissecam Plano Estrat\u00e9gico da Prefeitura de Crivella e Apontam In\u00fameras Defici\u00eancias\">[&#8230;]<\/a><!-- AddThis Advanced Settings generic via filter on get_the_excerpt --><!-- AddThis Share Buttons generic via filter on get_the_excerpt --><\/p>\n<\/div>","protected":false},"author":156,"featured_media":29186,"comment_status":"closed","ping_status":"closed","sticky":false,"template":"","format":"standard","meta":{"_acf_changed":false,"_monsterinsights_skip_tracking":false,"_monsterinsights_sitenote_active":false,"_monsterinsights_sitenote_note":"","_monsterinsights_sitenote_category":0,"footnotes":""},"categories":[2089,1618,1614,1857,1621,1627,344,1612],"tags":[911,1754,1597,2187,709,1220,2196,396,271,599,1982,2033,246,1037,36,505,304,2148,1511,494,82,14,1393,493],"writer":[2234],"translator":[],"source":[],"ilustrador":[],"fotografo":[],"class_list":{"0":"post-29177","1":"post","2":"type-post","3":"status-publish","4":"format-standard","5":"has-post-thumbnail","7":"category-monitoramento","8":"category-olhonaparticipacao","9":"category-olhonasremocoes","10":"category-olhonaurbanizacao","11":"category-destaque","12":"category-relato-de-evento","13":"category-politicas","14":"category-sociedade-civil","15":"tag-area-de-risco","16":"tag-camara-dos-vereadores","17":"tag-casa-fluminense","18":"tag-central-do-brasil","19":"tag-debate","20":"tag-deficit-habitacional","21":"tag-economia-solidaria","22":"tag-especulacao-imobiliaria","23":"tag-favela-bairro","24":"tag-jacarezinho","25":"tag-marcelo-crivella","26":"tag-marielle-franco","27":"tag-minha-casa-minha-vida","28":"tag-moradia","29":"tag-pac","30":"tag-parceria-publico-privado","31":"tag-participacao","32":"tag-plano-estrategico","33":"tag-politica-de-seguranca","34":"tag-regiao-do-porto","35":"tag-regularizacao-fundiaria","36":"tag-remocao","37":"tag-rio-das-pedras","38":"tag-urbanizacao","39":"writer-priscilla-mayrink"},"acf":[],"yoast_head":"<!-- This site is optimized with the Yoast SEO plugin v25.6 - https:\/\/yoast.com\/wordpress\/plugins\/seo\/ -->\n<title>Debatedores Dissecam Plano Estrat\u00e9gico da Prefeitura de Crivella e Apontam In\u00fameras Defici\u00eancias - RioOnWatch<\/title>\n<meta name=\"robots\" content=\"index, follow, max-snippet:-1, max-image-preview:large, max-video-preview:-1\" \/>\n<link rel=\"canonical\" href=\"https:\/\/rioonwatch.org.br\/?p=29177\" \/>\n<meta property=\"og:locale\" content=\"pt_BR\" \/>\n<meta property=\"og:type\" content=\"article\" \/>\n<meta property=\"og:title\" content=\"Debatedores Dissecam Plano Estrat\u00e9gico da Prefeitura de Crivella e Apontam In\u00fameras Defici\u00eancias - RioOnWatch\" \/>\n<meta property=\"og:description\" content=\"Click Here for English No dia 23 de outubro, aconteceu o segundo encontro do F\u00f3rum de Debates A Metr\u00f3pole do Rio de Janeiro, com o tema O\u00a0Plano Estrat\u00e9gico da Cidade do Rio: Empreendedorismo Urbano e [...]\" \/>\n<meta property=\"og:url\" content=\"https:\/\/rioonwatch.org.br\/?p=29177\" \/>\n<meta property=\"og:site_name\" content=\"RioOnWatch\" \/>\n<meta property=\"article:published_time\" content=\"2017-11-02T09:00:44+00:00\" \/>\n<meta property=\"article:modified_time\" content=\"2023-05-09T12:56:33+00:00\" \/>\n<meta property=\"og:image\" content=\"https:\/\/rioonwatch.org.br\/wp-content\/uploads\/2017\/10\/ForumRio8-scaled.jpg\" \/>\n\t<meta property=\"og:image:width\" content=\"2560\" \/>\n\t<meta property=\"og:image:height\" content=\"866\" \/>\n\t<meta property=\"og:image:type\" content=\"image\/jpeg\" \/>\n<meta name=\"author\" content=\"Priscilla Mayrink\" \/>\n<meta name=\"twitter:card\" content=\"summary_large_image\" \/>\n<meta name=\"twitter:label1\" content=\"Escrito por\" \/>\n\t<meta name=\"twitter:data1\" content=\"Priscilla Mayrink\" \/>\n\t<meta name=\"twitter:label2\" content=\"Est. tempo de leitura\" \/>\n\t<meta name=\"twitter:data2\" content=\"8 minutos\" \/>\n<script type=\"application\/ld+json\" class=\"yoast-schema-graph\">{\"@context\":\"https:\/\/schema.org\",\"@graph\":[{\"@type\":\"Article\",\"@id\":\"https:\/\/rioonwatch.org.br\/?p=29177#article\",\"isPartOf\":{\"@id\":\"https:\/\/rioonwatch.org.br\/?p=29177\"},\"author\":{\"name\":\"Priscilla Mayrink\",\"@id\":\"https:\/\/rioonwatch.org.br\/#\/schema\/person\/c8ad3f16310ae28b257d40db56c3953d\"},\"headline\":\"Debatedores Dissecam Plano Estrat\u00e9gico da Prefeitura de Crivella e Apontam In\u00fameras Defici\u00eancias\",\"datePublished\":\"2017-11-02T09:00:44+00:00\",\"dateModified\":\"2023-05-09T12:56:33+00:00\",\"mainEntityOfPage\":{\"@id\":\"https:\/\/rioonwatch.org.br\/?p=29177\"},\"wordCount\":1584,\"publisher\":{\"@id\":\"https:\/\/rioonwatch.org.br\/#organization\"},\"image\":{\"@id\":\"https:\/\/rioonwatch.org.br\/?p=29177#primaryimage\"},\"thumbnailUrl\":\"https:\/\/rioonwatch.org.br\/wp-content\/uploads\/2017\/10\/ForumRio8-scaled.jpg\",\"keywords\":[\"\\\"\u00e1rea de risco\\\"\",\"C\u00e2mara dos Vereadores\",\"Casa Fluminense\",\"Central do Brasil\",\"debate\",\"d\u00e9ficit habitacional\",\"economia solid\u00e1ria\",\"especula\u00e7\u00e3o imobili\u00e1ria\",\"Favela-Bairro\",\"Jacarezinho\",\"Marcelo Crivella\",\"Marielle Franco\",\"Minha Casa Minha Vida\",\"moradia\",\"PAC\",\"Parceria P\u00fablico-Privada\",\"participa\u00e7\u00e3o\",\"Plano Estrat\u00e9gico\",\"pol\u00edtica de seguran\u00e7a\",\"Regi\u00e3o do Porto\",\"regulariza\u00e7\u00e3o fundi\u00e1ria\",\"Remo\u00e7\u00e3o\",\"Rio das Pedras\",\"urbaniza\u00e7\u00e3o\"],\"articleSection\":[\"#Monitoramento\",\"#OlhoNaParticipa\u00e7\u00e3o\",\"#OlhoNasRemo\u00e7\u00f5es\",\"#OlhoNaUrbaniza\u00e7\u00e3o\",\"*Destaque\",\"Cobertura de Eventos\",\"Pol\u00edticas\",\"Sociedade Civil\"],\"inLanguage\":\"pt-BR\"},{\"@type\":\"WebPage\",\"@id\":\"https:\/\/rioonwatch.org.br\/?p=29177\",\"url\":\"https:\/\/rioonwatch.org.br\/?p=29177\",\"name\":\"Debatedores Dissecam Plano Estrat\u00e9gico da Prefeitura de Crivella e Apontam In\u00fameras Defici\u00eancias - RioOnWatch\",\"isPartOf\":{\"@id\":\"https:\/\/rioonwatch.org.br\/#website\"},\"primaryImageOfPage\":{\"@id\":\"https:\/\/rioonwatch.org.br\/?p=29177#primaryimage\"},\"image\":{\"@id\":\"https:\/\/rioonwatch.org.br\/?p=29177#primaryimage\"},\"thumbnailUrl\":\"https:\/\/rioonwatch.org.br\/wp-content\/uploads\/2017\/10\/ForumRio8-scaled.jpg\",\"datePublished\":\"2017-11-02T09:00:44+00:00\",\"dateModified\":\"2023-05-09T12:56:33+00:00\",\"breadcrumb\":{\"@id\":\"https:\/\/rioonwatch.org.br\/?p=29177#breadcrumb\"},\"inLanguage\":\"pt-BR\",\"potentialAction\":[{\"@type\":\"ReadAction\",\"target\":[\"https:\/\/rioonwatch.org.br\/?p=29177\"]}]},{\"@type\":\"ImageObject\",\"inLanguage\":\"pt-BR\",\"@id\":\"https:\/\/rioonwatch.org.br\/?p=29177#primaryimage\",\"url\":\"https:\/\/rioonwatch.org.br\/wp-content\/uploads\/2017\/10\/ForumRio8-scaled.jpg\",\"contentUrl\":\"https:\/\/rioonwatch.org.br\/wp-content\/uploads\/2017\/10\/ForumRio8-scaled.jpg\",\"width\":2560,\"height\":866},{\"@type\":\"BreadcrumbList\",\"@id\":\"https:\/\/rioonwatch.org.br\/?p=29177#breadcrumb\",\"itemListElement\":[{\"@type\":\"ListItem\",\"position\":1,\"name\":\"In\u00edcio\",\"item\":\"https:\/\/rioonwatch.org.br\/\"},{\"@type\":\"ListItem\",\"position\":2,\"name\":\"Debatedores Dissecam Plano Estrat\u00e9gico da Prefeitura de Crivella e Apontam In\u00fameras Defici\u00eancias\"}]},{\"@type\":\"WebSite\",\"@id\":\"https:\/\/rioonwatch.org.br\/#website\",\"url\":\"https:\/\/rioonwatch.org.br\/\",\"name\":\"RioOnWatch\",\"description\":\"relatos das favelas cariocas\",\"publisher\":{\"@id\":\"https:\/\/rioonwatch.org.br\/#organization\"},\"potentialAction\":[{\"@type\":\"SearchAction\",\"target\":{\"@type\":\"EntryPoint\",\"urlTemplate\":\"https:\/\/rioonwatch.org.br\/?s={search_term_string}\"},\"query-input\":{\"@type\":\"PropertyValueSpecification\",\"valueRequired\":true,\"valueName\":\"search_term_string\"}}],\"inLanguage\":\"pt-BR\"},{\"@type\":\"Organization\",\"@id\":\"https:\/\/rioonwatch.org.br\/#organization\",\"name\":\"RioOnWatch\",\"url\":\"https:\/\/rioonwatch.org.br\/\",\"logo\":{\"@type\":\"ImageObject\",\"inLanguage\":\"pt-BR\",\"@id\":\"https:\/\/rioonwatch.org.br\/#\/schema\/logo\/image\/\",\"url\":\"https:\/\/rioonwatch.org.br\/wp-content\/uploads\/2021\/06\/RioOnWatchcabecalhoPT11anos-2.png\",\"contentUrl\":\"https:\/\/rioonwatch.org.br\/wp-content\/uploads\/2021\/06\/RioOnWatchcabecalhoPT11anos-2.png\",\"width\":779,\"height\":277,\"caption\":\"RioOnWatch\"},\"image\":{\"@id\":\"https:\/\/rioonwatch.org.br\/#\/schema\/logo\/image\/\"}},{\"@type\":\"Person\",\"@id\":\"https:\/\/rioonwatch.org.br\/#\/schema\/person\/c8ad3f16310ae28b257d40db56c3953d\",\"name\":\"Priscilla Mayrink\",\"image\":{\"@type\":\"ImageObject\",\"inLanguage\":\"pt-BR\",\"@id\":\"https:\/\/rioonwatch.org.br\/#\/schema\/person\/image\/\",\"url\":\"https:\/\/secure.gravatar.com\/avatar\/cfa59f123794425f97e70626d615736e?s=96&d=blank&r=g\",\"contentUrl\":\"https:\/\/secure.gravatar.com\/avatar\/cfa59f123794425f97e70626d615736e?s=96&d=blank&r=g\",\"caption\":\"Priscilla Mayrink\"},\"url\":\"https:\/\/rioonwatch.org.br\/?author=156\"}]}<\/script>\n<!-- \/ Yoast SEO plugin. -->","yoast_head_json":{"title":"Debatedores Dissecam Plano Estrat\u00e9gico da Prefeitura de Crivella e Apontam In\u00fameras Defici\u00eancias - RioOnWatch","robots":{"index":"index","follow":"follow","max-snippet":"max-snippet:-1","max-image-preview":"max-image-preview:large","max-video-preview":"max-video-preview:-1"},"canonical":"https:\/\/rioonwatch.org.br\/?p=29177","og_locale":"pt_BR","og_type":"article","og_title":"Debatedores Dissecam Plano Estrat\u00e9gico da Prefeitura de Crivella e Apontam In\u00fameras Defici\u00eancias - RioOnWatch","og_description":"Click Here for English No dia 23 de outubro, aconteceu o segundo encontro do F\u00f3rum de Debates A Metr\u00f3pole do Rio de Janeiro, com o tema O\u00a0Plano Estrat\u00e9gico da Cidade do Rio: Empreendedorismo Urbano e [...]","og_url":"https:\/\/rioonwatch.org.br\/?p=29177","og_site_name":"RioOnWatch","article_published_time":"2017-11-02T09:00:44+00:00","article_modified_time":"2023-05-09T12:56:33+00:00","og_image":[{"width":2560,"height":866,"url":"https:\/\/rioonwatch.org.br\/wp-content\/uploads\/2017\/10\/ForumRio8-scaled.jpg","type":"image\/jpeg"}],"author":"Priscilla Mayrink","twitter_card":"summary_large_image","twitter_misc":{"Escrito por":"Priscilla Mayrink","Est. tempo de leitura":"8 minutos"},"schema":{"@context":"https:\/\/schema.org","@graph":[{"@type":"Article","@id":"https:\/\/rioonwatch.org.br\/?p=29177#article","isPartOf":{"@id":"https:\/\/rioonwatch.org.br\/?p=29177"},"author":{"name":"Priscilla Mayrink","@id":"https:\/\/rioonwatch.org.br\/#\/schema\/person\/c8ad3f16310ae28b257d40db56c3953d"},"headline":"Debatedores Dissecam Plano Estrat\u00e9gico da Prefeitura de Crivella e Apontam In\u00fameras Defici\u00eancias","datePublished":"2017-11-02T09:00:44+00:00","dateModified":"2023-05-09T12:56:33+00:00","mainEntityOfPage":{"@id":"https:\/\/rioonwatch.org.br\/?p=29177"},"wordCount":1584,"publisher":{"@id":"https:\/\/rioonwatch.org.br\/#organization"},"image":{"@id":"https:\/\/rioonwatch.org.br\/?p=29177#primaryimage"},"thumbnailUrl":"https:\/\/rioonwatch.org.br\/wp-content\/uploads\/2017\/10\/ForumRio8-scaled.jpg","keywords":["\"\u00e1rea de risco\"","C\u00e2mara dos Vereadores","Casa Fluminense","Central do Brasil","debate","d\u00e9ficit habitacional","economia solid\u00e1ria","especula\u00e7\u00e3o imobili\u00e1ria","Favela-Bairro","Jacarezinho","Marcelo Crivella","Marielle Franco","Minha Casa Minha Vida","moradia","PAC","Parceria P\u00fablico-Privada","participa\u00e7\u00e3o","Plano Estrat\u00e9gico","pol\u00edtica de seguran\u00e7a","Regi\u00e3o do Porto","regulariza\u00e7\u00e3o fundi\u00e1ria","Remo\u00e7\u00e3o","Rio das Pedras","urbaniza\u00e7\u00e3o"],"articleSection":["#Monitoramento","#OlhoNaParticipa\u00e7\u00e3o","#OlhoNasRemo\u00e7\u00f5es","#OlhoNaUrbaniza\u00e7\u00e3o","*Destaque","Cobertura de Eventos","Pol\u00edticas","Sociedade Civil"],"inLanguage":"pt-BR"},{"@type":"WebPage","@id":"https:\/\/rioonwatch.org.br\/?p=29177","url":"https:\/\/rioonwatch.org.br\/?p=29177","name":"Debatedores Dissecam Plano Estrat\u00e9gico da Prefeitura de Crivella e Apontam In\u00fameras Defici\u00eancias - RioOnWatch","isPartOf":{"@id":"https:\/\/rioonwatch.org.br\/#website"},"primaryImageOfPage":{"@id":"https:\/\/rioonwatch.org.br\/?p=29177#primaryimage"},"image":{"@id":"https:\/\/rioonwatch.org.br\/?p=29177#primaryimage"},"thumbnailUrl":"https:\/\/rioonwatch.org.br\/wp-content\/uploads\/2017\/10\/ForumRio8-scaled.jpg","datePublished":"2017-11-02T09:00:44+00:00","dateModified":"2023-05-09T12:56:33+00:00","breadcrumb":{"@id":"https:\/\/rioonwatch.org.br\/?p=29177#breadcrumb"},"inLanguage":"pt-BR","potentialAction":[{"@type":"ReadAction","target":["https:\/\/rioonwatch.org.br\/?p=29177"]}]},{"@type":"ImageObject","inLanguage":"pt-BR","@id":"https:\/\/rioonwatch.org.br\/?p=29177#primaryimage","url":"https:\/\/rioonwatch.org.br\/wp-content\/uploads\/2017\/10\/ForumRio8-scaled.jpg","contentUrl":"https:\/\/rioonwatch.org.br\/wp-content\/uploads\/2017\/10\/ForumRio8-scaled.jpg","width":2560,"height":866},{"@type":"BreadcrumbList","@id":"https:\/\/rioonwatch.org.br\/?p=29177#breadcrumb","itemListElement":[{"@type":"ListItem","position":1,"name":"In\u00edcio","item":"https:\/\/rioonwatch.org.br\/"},{"@type":"ListItem","position":2,"name":"Debatedores Dissecam Plano Estrat\u00e9gico da Prefeitura de Crivella e Apontam In\u00fameras Defici\u00eancias"}]},{"@type":"WebSite","@id":"https:\/\/rioonwatch.org.br\/#website","url":"https:\/\/rioonwatch.org.br\/","name":"RioOnWatch","description":"relatos das favelas cariocas","publisher":{"@id":"https:\/\/rioonwatch.org.br\/#organization"},"potentialAction":[{"@type":"SearchAction","target":{"@type":"EntryPoint","urlTemplate":"https:\/\/rioonwatch.org.br\/?s={search_term_string}"},"query-input":{"@type":"PropertyValueSpecification","valueRequired":true,"valueName":"search_term_string"}}],"inLanguage":"pt-BR"},{"@type":"Organization","@id":"https:\/\/rioonwatch.org.br\/#organization","name":"RioOnWatch","url":"https:\/\/rioonwatch.org.br\/","logo":{"@type":"ImageObject","inLanguage":"pt-BR","@id":"https:\/\/rioonwatch.org.br\/#\/schema\/logo\/image\/","url":"https:\/\/rioonwatch.org.br\/wp-content\/uploads\/2021\/06\/RioOnWatchcabecalhoPT11anos-2.png","contentUrl":"https:\/\/rioonwatch.org.br\/wp-content\/uploads\/2021\/06\/RioOnWatchcabecalhoPT11anos-2.png","width":779,"height":277,"caption":"RioOnWatch"},"image":{"@id":"https:\/\/rioonwatch.org.br\/#\/schema\/logo\/image\/"}},{"@type":"Person","@id":"https:\/\/rioonwatch.org.br\/#\/schema\/person\/c8ad3f16310ae28b257d40db56c3953d","name":"Priscilla Mayrink","image":{"@type":"ImageObject","inLanguage":"pt-BR","@id":"https:\/\/rioonwatch.org.br\/#\/schema\/person\/image\/","url":"https:\/\/secure.gravatar.com\/avatar\/cfa59f123794425f97e70626d615736e?s=96&d=blank&r=g","contentUrl":"https:\/\/secure.gravatar.com\/avatar\/cfa59f123794425f97e70626d615736e?s=96&d=blank&r=g","caption":"Priscilla Mayrink"},"url":"https:\/\/rioonwatch.org.br\/?author=156"}]}},"_links":{"self":[{"href":"https:\/\/rioonwatch.org.br\/index.php?rest_route=\/wp\/v2\/posts\/29177"}],"collection":[{"href":"https:\/\/rioonwatch.org.br\/index.php?rest_route=\/wp\/v2\/posts"}],"about":[{"href":"https:\/\/rioonwatch.org.br\/index.php?rest_route=\/wp\/v2\/types\/post"}],"author":[{"embeddable":true,"href":"https:\/\/rioonwatch.org.br\/index.php?rest_route=\/wp\/v2\/users\/156"}],"replies":[{"embeddable":true,"href":"https:\/\/rioonwatch.org.br\/index.php?rest_route=%2Fwp%2Fv2%2Fcomments&post=29177"}],"version-history":[{"count":33,"href":"https:\/\/rioonwatch.org.br\/index.php?rest_route=\/wp\/v2\/posts\/29177\/revisions"}],"predecessor-version":[{"id":45868,"href":"https:\/\/rioonwatch.org.br\/index.php?rest_route=\/wp\/v2\/posts\/29177\/revisions\/45868"}],"wp:featuredmedia":[{"embeddable":true,"href":"https:\/\/rioonwatch.org.br\/index.php?rest_route=\/wp\/v2\/media\/29186"}],"wp:attachment":[{"href":"https:\/\/rioonwatch.org.br\/index.php?rest_route=%2Fwp%2Fv2%2Fmedia&parent=29177"}],"wp:term":[{"taxonomy":"category","embeddable":true,"href":"https:\/\/rioonwatch.org.br\/index.php?rest_route=%2Fwp%2Fv2%2Fcategories&post=29177"},{"taxonomy":"post_tag","embeddable":true,"href":"https:\/\/rioonwatch.org.br\/index.php?rest_route=%2Fwp%2Fv2%2Ftags&post=29177"},{"taxonomy":"writer","embeddable":true,"href":"https:\/\/rioonwatch.org.br\/index.php?rest_route=%2Fwp%2Fv2%2Fwriter&post=29177"},{"taxonomy":"translator","embeddable":true,"href":"https:\/\/rioonwatch.org.br\/index.php?rest_route=%2Fwp%2Fv2%2Ftranslator&post=29177"},{"taxonomy":"source","embeddable":true,"href":"https:\/\/rioonwatch.org.br\/index.php?rest_route=%2Fwp%2Fv2%2Fsource&post=29177"},{"taxonomy":"ilustrador","embeddable":true,"href":"https:\/\/rioonwatch.org.br\/index.php?rest_route=%2Fwp%2Fv2%2Filustrador&post=29177"},{"taxonomy":"fotografo","embeddable":true,"href":"https:\/\/rioonwatch.org.br\/index.php?rest_route=%2Fwp%2Fv2%2Ffotografo&post=29177"}],"curies":[{"name":"wp","href":"https:\/\/api.w.org\/{rel}","templated":true}]}}