{"id":29266,"date":"2017-11-01T09:55:36","date_gmt":"2017-11-01T12:55:36","guid":{"rendered":"http:\/\/rioonwatch.org.br\/?p=29266"},"modified":"2017-11-01T23:35:02","modified_gmt":"2017-11-02T02:35:02","slug":"nao-havera-nenhuma-remocao-rio-das-pedras-ganha-uma-batalha-enfrenta-outra","status":"publish","type":"post","link":"https:\/\/rioonwatch.org.br\/?p=29266","title":{"rendered":"&#8216;N\u00e3o Haver\u00e1 Nenhuma Remo\u00e7\u00e3o&#8217;: Rio das Pedras Ganha Batalha, Enfrenta Outra"},"content":{"rendered":"<p style=\"text-align: right;\"><em><strong><a href=\"http:\/\/bit.ly\/2lrkUw1\" target=\"_blank\" rel=\"noopener noreferrer\">Click Here for English<img decoding=\"async\" width=\"20\" height=\"20\" class=\"alignright wp-image-15790\" src=\"http:\/\/rioonwatch.org.br\/wp-content\/uploads\/2012\/08\/EN-standard-e1439583104716.jpg\" alt=\"\" \/><\/a><\/strong><\/em><\/p>\n<p><span style=\"font-weight: 400;\">Centenas de pessoas se reuniram no Campo da Via Light, em\u00a0<a href=\"http:\/\/bit.ly\/1HgPoFM\" target=\"_blank\" rel=\"noopener\">Rio das Pedras<\/a>, na <a href=\"http:\/\/bit.ly\/11tBmFR\" target=\"_blank\" rel=\"noopener\">Zona Oeste<\/a> do Rio de Janeiro, na quinta-feira, 26 de outubro, para ouvir um importante an\u00fancio da prefeitura sobre o projeto de verticaliza\u00e7\u00e3o <a href=\"http:\/\/bit.ly\/2tWrpKW\" target=\"_blank\" rel=\"noopener\">proposto no Plano Estrat\u00e9gico<\/a> do <a href=\"http:\/\/bit.ly\/2cIlnDw\" target=\"_blank\" rel=\"noopener\">Prefeito Marcelo Crivella<\/a><\/span><span style=\"font-weight: 400;\">. <\/span><span style=\"font-weight: 400;\">Depois de v\u00e1rios palestrantes, foi a vez do vereador e representante de Crivella, Paulo Santos Messina, dirigir-se \u00e0 multid\u00e3o, que esperou a noite toda para ouvir o que ele tinha a <a href=\"http:\/\/bit.ly\/2iLlJ1V\" target=\"_blank\" rel=\"noopener\">dizer:<\/a> \u201c<\/span><span style=\"font-weight: 400;\">Ontem se chegou \u00e0 decis\u00e3o do projeto&#8230; Todo <a href=\"https:\/\/glo.bo\/2xVph59\" target=\"_blank\" rel=\"noopener\">recurso que seria arrecadado para fazer esses pr\u00e9dios<\/a>, essas pra\u00e7as, ser\u00e1 utilizado para fazer <a href=\"http:\/\/bit.ly\/14lMZGK\" target=\"_blank\" rel=\"noopener\">saneamento<\/a> b\u00e1sico, para fazer o asfaltamento, para fazer coleta de \u00e1gua fluvial, para fazer canaliza\u00e7\u00e3o de rio. Infraestrutura para a comunidade como ela est\u00e1. N\u00e3o haver\u00e1 nenhuma <a href=\"http:\/\/bit.ly\/X51Qvb\" target=\"_blank\" rel=\"noopener\">remo\u00e7\u00e3o<\/a>\u201d.\u00a0<\/span><span style=\"font-weight: 400;\">A multid\u00e3o aplaudiu e comemorou. Mais tarde, Messina foi mais longe, afirmando que n\u00e3o haveria remo\u00e7\u00f5es em qualquer lugar do Rio sob a administra\u00e7\u00e3o Crivella.<\/span><\/p>\n<p><span style=\"font-weight: 400;\">Depois de <a href=\"http:\/\/bit.ly\/2xwnhye\" target=\"_blank\" rel=\"noopener\">organizar e mobilizar<\/a> milhares de seus vizinhos, a comiss\u00e3o de moradores de <a href=\"http:\/\/bit.ly\/2l0Hf1G\" target=\"_blank\" rel=\"noopener\">Rio das Pedras<\/a> teve uma grande vit\u00f3ria na luta contra a remo\u00e7\u00e3o com esse an\u00fancio. No entanto, essa luta est\u00e1 longe de terminar. Com o novo plano surgem novos e imprevistos problemas, e a comiss\u00e3o est\u00e1 ativa, mantendo-se atenta \u00e0s mudan\u00e7as, mobilizando a comunidade e lutando por <a href=\"http:\/\/bit.ly\/2gHLayC\" target=\"_blank\" rel=\"noopener\">planos de urbaniza\u00e7\u00e3o justos e humanos<\/a>, n\u00e3o apenas para Rio das Pedras, mas para comunidades em toda a cidade.<\/span><\/p>\n<h3><strong>Rio das Pedras e o Plano Estrat\u00e9gico<\/strong><\/h3>\n<p><span style=\"font-weight: 400;\">Rio das Pedras \u00e9 <a href=\"http:\/\/bit.ly\/2tPJMzV\" target=\"_blank\" rel=\"noopener\">uma das poucas tr\u00eas favelas explicitamente mencionadas no Plano Estrat\u00e9gico<\/a> de Crivella. Da comunidade, os moradores podem ver o condom\u00ednio de pr\u00e9dios altos onde ele mora, e vice-versa; como resultado, muitos moradores come\u00e7aram a chamar sua proposta de &#8220;<a href=\"http:\/\/bit.ly\/1ZvxO5p\" target=\"_blank\" rel=\"noopener\">limpeza social<\/a>&#8220;.<\/span> <span style=\"font-weight: 400;\">O plano original exigiu a conclus\u00e3o de um estudo sobre requalifica\u00e7\u00e3o urbana em Rio das Pedras at\u00e9 2018, e Crivella elaborou uma proposta para um processo de verticaliza\u00e7\u00e3o<\/span><span style=\"font-weight: 400;\">. <\/span><span style=\"font-weight: 400;\">Isso incluiria a destrui\u00e7\u00e3o de grandes extens\u00f5es da comunidade, a constru\u00e7\u00e3o de grandes complexos de condom\u00ednios e, posteriormente, o financiamento desses apartamentos para os atuais moradores.<\/span> <span style=\"font-weight: 400;\">A proposta n\u00e3o abordou <a href=\"http:\/\/bit.ly\/19kjZ0Z\" target=\"_blank\" rel=\"noopener\">defici\u00eancias no estilo proposto de habita\u00e7\u00e3o p\u00fablica<\/a> e nunca esbo\u00e7ou como subsidiar habita\u00e7\u00e3o para os moradores mais pobres ou para onde os membros da comunidade iriam durante o projeto de constru\u00e7\u00e3o, que provavelmente levaria meses, sen\u00e3o anos, para se completar.<\/span> <span style=\"font-weight: 400;\">O an\u00fancio da prefeitura na \u00faltima quinta-feira foi, portanto, um suspiro de al\u00edvio para muitas pessoas<\/span><span style=\"font-weight: 400;\">. <\/span><span style=\"font-weight: 400;\">Contudo, a nova proposta da prefeitura \u00e9 t\u00e3o nebulosa quanto a primeira<\/span><span style=\"font-weight: 400;\">. <\/span><span style=\"font-weight: 400;\">Enquanto um documento oficial ainda n\u00e3o foi divulgado, a comiss\u00e3o recebeu informa\u00e7\u00f5es de autoridades do governo detalhando algumas partes do projeto.<\/span><\/p>\n<p><a href=\"http:\/\/rioonwatch.org.br\/wp-content\/uploads\/2017\/10\/Reuni\u00e3o-em-Rio-das-Pedras.jpg\"><img fetchpriority=\"high\" decoding=\"async\" class=\"aligncenter wp-image-29270 size-content\" title=\"Multid\u00e3o na reuni\u00e3o de organiza\u00e7\u00e3o da comunidade Rio das Pedras em 26 de outubro. Foto de David Miranda\" src=\"http:\/\/rioonwatch.org.br\/wp-content\/uploads\/2017\/10\/Reuni\u00e3o-em-Rio-das-Pedras-620x264.jpg\" alt=\"\" width=\"620\" height=\"264\" srcset=\"https:\/\/rioonwatch.org.br\/wp-content\/uploads\/2017\/10\/Reuni\u00e3o-em-Rio-das-Pedras-620x264.jpg 620w, https:\/\/rioonwatch.org.br\/wp-content\/uploads\/2017\/10\/Reuni\u00e3o-em-Rio-das-Pedras-940x400.jpg 940w\" sizes=\"(max-width: 620px) 100vw, 620px\" \/><\/a><\/p>\n<p><span style=\"font-weight: 400;\">Os moradores est\u00e3o c\u00e9ticos, e com raz\u00e3o. Foi dito a eles que parte da nova proposta inclui a perfura\u00e7\u00e3o at\u00e9 atingir a rocha e, em seguida, refor\u00e7ar as funda\u00e7\u00f5es das constru\u00e7\u00f5es em um n\u00edvel mais profundo.<\/span> <span style=\"font-weight: 400;\">Embora teoricamente isso proporcionasse mais estabilidade, esse processo poderia ter efeitos desastrosos para uma comunidade \u00e0 beira de um rio, como Rio das Pedras, constru\u00edda na antiga regi\u00e3o de p\u00e2ntano que agora \u00e9 a\u00a0<a href=\"http:\/\/bit.ly\/19BBUhf\" target=\"_blank\" rel=\"noopener\">Barra da Tijuca<\/a>. O membro da comiss\u00e3o da comunidade, Evandro Teixeira Tavares, elaborou:<\/span><\/p>\n<blockquote><p>\u201c<span style=\"font-weight: 400;\">O prefeito diz que vai entrar com um novo projeto que n\u00e3o seria verticaliza\u00e7\u00e3o, mas urbaniza\u00e7\u00e3o. S\u00f3 que a quest\u00e3o \u00e9 que ele diz que vai entrar em becos e vielas com trabalho de estaqueamento. Como ele vai fazer estaqueamento em becos e vielas se n\u00e3o tem condi\u00e7\u00e3o para entrar com a m\u00e1quina de estaquear? E mesmo se pudesse entrar, no momento que as m\u00e1quinas estiverem perfurando o solo para fazer esse trabalho, as casas n\u00e3o v\u00e3o suportar e v\u00e3o vir abaixo. As casas v\u00e3o come\u00e7ar a tombar, e, obviamente, a Defesa Civil vai interditar essas casas. E, no nosso entendimento, isso seria um prato feito para o prefeito justificar, legitimar o que ele quer fazer, que n\u00e3o \u00e9&#8230; a verticaliza\u00e7\u00e3o.&#8221;<\/span><\/p><\/blockquote>\n<p><span style=\"font-weight: 400;\">O vereador Messina tamb\u00e9m anunciou \u00e0 multid\u00e3o, na quinta-feira, que uma linha do <a href=\"http:\/\/bit.ly\/19EtYAY\" target=\"_blank\" rel=\"noopener\">BRT<\/a>\u00a0seria constru\u00edda ao longo da comunidade, com uma esta\u00e7\u00e3o e tr\u00eas pontos de \u00f4nibus. A multid\u00e3o ficou visivelmente irritada com o an\u00fancio. A integrante da comiss\u00e3o, Andr\u00e9ia Ferreira, declarou<\/span><span style=\"font-weight: 400;\">: <\/span><span style=\"font-weight: 400;\">&#8220;N\u00f3s temos a quest\u00e3o do BRT. N\u00f3s temos um grande exemplo aqui, da <a href=\"http:\/\/bit.ly\/14vgDEk\" target=\"_blank\" rel=\"noopener\">Vila Recreio<\/a>, que foi uma comunidade que falaram que o BRT ia passar, e por isso precisaria retirar a comunidade. Por\u00e9m o <a href=\"http:\/\/bit.ly\/17z5mlO\" target=\"_blank\" rel=\"noopener\">BRT passou metros \u00e0 frente<\/a> e a comunidade <a href=\"http:\/\/bit.ly\/21viYNt\" target=\"_blank\" rel=\"noopener\">foi toda removida<\/a> com esse discurso de BRT&#8221;.<\/span> <span style=\"font-weight: 400;\">Evandro tamb\u00e9m observou que o plano do BRT envolveria ampliar a estrada principal atrav\u00e9s da favela Rio das Pedras em 50 metros, algo que certamente levaria a remo\u00e7\u00f5es.<\/span><\/p>\n<p><a href=\"http:\/\/rioonwatch.org.br\/wp-content\/uploads\/2017\/10\/Vista-do-condominio-de-Crivella-do-Rio-das-Pedras.-Foto-de-Tyler-Stroblista.jpg\"><img decoding=\"async\" class=\"aligncenter wp-image-29273 size-content\" title=\"Vis\u00e3o do condom\u00ednio onde mora Crivella a partir de Rio das Pedras. Foto por Tyler Strobl\" src=\"http:\/\/rioonwatch.org.br\/wp-content\/uploads\/2017\/10\/Vista-do-condominio-de-Crivella-do-Rio-das-Pedras.-Foto-de-Tyler-Stroblista-620x264.jpg\" alt=\"\" width=\"620\" height=\"264\" srcset=\"https:\/\/rioonwatch.org.br\/wp-content\/uploads\/2017\/10\/Vista-do-condominio-de-Crivella-do-Rio-das-Pedras.-Foto-de-Tyler-Stroblista-620x264.jpg 620w, https:\/\/rioonwatch.org.br\/wp-content\/uploads\/2017\/10\/Vista-do-condominio-de-Crivella-do-Rio-das-Pedras.-Foto-de-Tyler-Stroblista-940x400.jpg 940w\" sizes=\"(max-width: 620px) 100vw, 620px\" \/><\/a><\/p>\n<p><span style=\"font-weight: 400;\">Em uma declara\u00e7\u00e3o ao <em>O Globo<\/em> sobre a nova proposta, <a href=\"https:\/\/glo.bo\/2yd3XLO\" target=\"_blank\" rel=\"noopener\">Crivella afirmou<\/a>: &#8220;Conversamos com os moradores e discutimos alternativas. Por falta de <a href=\"http:\/\/bit.ly\/1TpORFB\" target=\"_blank\" rel=\"noopener\">tratamento de esgoto<\/a>, aquela regi\u00e3o se transformou em uma esp\u00e9cie de latrina da Barra. A proposta \u00e9 mudar isso. \u00c9 poss\u00edvel que a execu\u00e7\u00e3o do novo projeto ainda exija o reassentamento de algumas fam\u00edlias. Mas ser\u00e1 de forma negociada&#8221;.<\/span> <span style=\"font-weight: 400;\">No entanto, moradores dizem que a comunica\u00e7\u00e3o <a href=\"http:\/\/bit.ly\/1rOePGu\" target=\"_blank\" rel=\"noopener\">foi quase inexistente<\/a> e salientam que a comunidade j\u00e1 possui v\u00e1rias bombas de \u00e1gua instaladas pelo governo para bombear res\u00edduos para uma instala\u00e7\u00e3o de tratamento.<\/span> <span style=\"font-weight: 400;\">Contudo, essas bombas nunca foram ativadas, de modo que os res\u00edduos fluem diretamente para a lagoa vizinha ao condom\u00ednio do prefeito.<\/span> <span style=\"font-weight: 400;\">Al\u00e9m disso, deve notar-se que a falta de <a href=\"http:\/\/bit.ly\/20VNpMK\" target=\"_blank\" rel=\"noopener\">tratamento de esgoto \u00e9 um problema na Barra da Tijuca<\/a> e no Rio como um todo, com condom\u00ednios fechados que tamb\u00e9m contribuem para as \u00e1guas polu\u00eddas. O fato de Crivella j\u00e1 estar contradizendo a afirma\u00e7\u00e3o de seu representante de que n\u00e3o haver\u00e1 remo\u00e7\u00f5es tamb\u00e9m \u00e9 preocupante.<\/span><\/p>\n<h3><strong>Situa\u00e7\u00e3o Legal<\/strong><\/h3>\n<p><span style=\"font-weight: 400;\">Adriana Britto, da equipe de cinco advogados da <a href=\"http:\/\/bit.ly\/1kcl02n\" target=\"_blank\" rel=\"noopener\">Defensoria P\u00fablica<\/a>\u00a0representando Rio das Pedras, falou sobre muitas das preocupa\u00e7\u00f5es da comunidade na reuni\u00e3o de quinta-feira passada. Ela lembrou aos moradores que a maioria das favelas era designada <a href=\"http:\/\/bit.ly\/2izP6C1\" target=\"_blank\" rel=\"noopener\">\u00c1rea de Especial Interesse Social<\/a> (AEIS) atrav\u00e9s da <a href=\"http:\/\/bit.ly\/2zYtNAw\" target=\"_blank\" rel=\"noopener\">Lei Municipal 2616\/1998<\/a> e da <a href=\"http:\/\/bit.ly\/2hjsW5w\" target=\"_blank\" rel=\"noopener\">Lei Municipal 2818\/1999<\/a><\/span><span style=\"font-weight: 400;\">. <\/span><span style=\"font-weight: 400;\">Muitas vezes aplicada \u00e0s favelas, a designa\u00e7\u00e3o AEIS marca e teoricamente garante o valor social particular da terra como assentamento habitacional predominantemente para fam\u00edlias de baixa renda.<\/span> <span style=\"font-weight: 400;\">A advogada explicou que a designa\u00e7\u00e3o reconhece Rio das Pedras como uma comunidade da classe trabalhadora e afirma os direitos de habita\u00e7\u00e3o dos moradores em face da potencial <a href=\"http:\/\/bit.ly\/11tBtBo\" target=\"_blank\" rel=\"noopener\">especula\u00e7\u00e3o imobili\u00e1ria<\/a><\/span><span style=\"font-weight: 400;\">. <\/span><span style=\"font-weight: 400;\">Essa designa\u00e7\u00e3o tem sido uma <a href=\"http:\/\/bit.ly\/2gc3EDS\" target=\"_blank\" rel=\"noopener\">ferramenta legal eficiente<\/a> na luta contra remo\u00e7\u00f5es for\u00e7adas, embora casos como <a href=\"http:\/\/bit.ly\/Nfddvg\" target=\"_blank\" rel=\"noopener\">Vila Aut\u00f3dromo<\/a> mostrem que o governo pode \u00e0s vezes romper com a pr\u00f3pria inten\u00e7\u00e3o da lei, removendo o status de AEIS de uma comunidade para facilitar a remo\u00e7\u00e3o.<\/span><\/p>\n<p><span style=\"font-weight: 400;\">No n\u00edvel federal, o presidente do Brasil, Michel Temer, <a href=\"http:\/\/bit.ly\/2urz5E7\" target=\"_blank\" rel=\"noopener\">assinou recentemente a Lei 13.465\/2017<\/a>, que visa simplificar a regulariza\u00e7\u00e3o fundi\u00e1ria, mas foi criticado por potencialmente enfraquecer a designa\u00e7\u00e3o de AEIS, expondo as favelas \u00e0s for\u00e7as especulativas do mercado. A Defensoria P\u00fablica cita a <a href=\"https:\/\/glo.bo\/2xVph59\" target=\"_blank\" rel=\"noopener\">legisla\u00e7\u00e3o municipal<\/a> em defesa de Rio das Pedras. O <a href=\"http:\/\/bit.ly\/2gQ5jz4\" target=\"_blank\" rel=\"noopener\">artigo 429 da Lei Org\u00e2nica de 1990<\/a> previne a remo\u00e7\u00e3o de favelas, a menos que haja risco f\u00edsico direto para os moradores.<\/span><\/p>\n<p><a href=\"http:\/\/rioonwatch.org.br\/wp-content\/uploads\/2017\/10\/IMG_2088.jpg\"><img loading=\"lazy\" decoding=\"async\" class=\"aligncenter wp-image-29275 size-content\" title=\"Rio das Pedras. Foto por Tyler Strobl\" src=\"http:\/\/rioonwatch.org.br\/wp-content\/uploads\/2017\/10\/IMG_2088-620x264.jpg\" alt=\"\" width=\"620\" height=\"264\" srcset=\"https:\/\/rioonwatch.org.br\/wp-content\/uploads\/2017\/10\/IMG_2088-620x264.jpg 620w, https:\/\/rioonwatch.org.br\/wp-content\/uploads\/2017\/10\/IMG_2088-940x400.jpg 940w\" sizes=\"(max-width: 620px) 100vw, 620px\" \/><\/a><\/p>\n<p><span style=\"font-weight: 400;\">Com isso em mente, Adriana afirmou que, do ponto de vista legal, em Rio das Pedras<\/span> <span style=\"font-weight: 400;\">&#8220;n\u00e3o h\u00e1 <a href=\"http:\/\/bit.ly\/171nQjb\" target=\"_blank\" rel=\"noopener\">\u00e1rea de risco<\/a>, ent\u00e3o n\u00e3o pode haver remo\u00e7\u00e3o&#8221;. Todavia, advertiu que, dado que a comunidade se expandiu para uma popula\u00e7\u00e3o de 140.000 pessoas, de acordo com uma estimativa fornecida pela associa\u00e7\u00e3o de moradores, uma vez que a AEIS foi criada no final dos anos 1990, partes dela est\u00e3o agora fora da \u00e1rea protegida.<\/span> <span style=\"font-weight: 400;\">A defensora p\u00fablica disse que os moradores devem promover a inclus\u00e3o de toda a comunidade sob a designa\u00e7\u00e3o de AEIS. Ela explicou que AEIS significa que a prefeitura \u00e9 respons\u00e1vel por implementar melhorias de infraestrutura e <a href=\"http:\/\/bit.ly\/1rHP7BG\" target=\"_blank\" rel=\"noopener\">regulariza\u00e7\u00e3o fundi\u00e1ria<\/a> na favela.<\/span><\/p>\n<p><span style=\"font-weight: 400;\">Ela disse que nesses projetos &#8220;t\u00eam que observar a lei. E nesse sentido, a lei exige duas coisas: ela exige que o poder p\u00fablico n\u00e3o imponha [seus termos], e tamb\u00e9m exige do poder p\u00fablico que ele n\u00e3o tente convencer. N\u00e3o se trata nem de um processo de convencimento, nem de imposi\u00e7\u00e3o. \u00c9 um processo diferente, \u00e9 um <a href=\"http:\/\/bit.ly\/1rOePGu\" target=\"_blank\" rel=\"noopener\">processo de di\u00e1logo<\/a>&#8220;.<\/span> <span style=\"font-weight: 400;\">Com essas palavras , ela retratou a <a href=\"http:\/\/bit.ly\/WClMpp\" target=\"_blank\" rel=\"noopener\">falta de participa\u00e7\u00e3o popular<\/a> nas decis\u00f5es sobre pol\u00edticas p\u00fablicas como uma falha fundamental da administra\u00e7\u00e3o Crivella at\u00e9 agora.<\/span> <span style=\"font-weight: 400;\">Os protagonistas de Rio das Pedras alcan\u00e7aram sua recente vit\u00f3ria mobilizando os moradores para <a href=\"http:\/\/bit.ly\/2jyCGqO\" target=\"_blank\" rel=\"noopener\">exigir tal di\u00e1logo<\/a>.<\/span> <span style=\"font-weight: 400;\">As coaliz\u00f5es de favelas do outro lado do Rio <a href=\"http:\/\/bit.ly\/2xPNBac\" target=\"_blank\" rel=\"noopener\">fizeram o mesmo<\/a> em torno do Plano Estrat\u00e9gico do Prefeito Crivella de forma mais ampla. As melhorias prometidas em Rio das Pedras ir\u00e3o demonstrar o qu\u00e3o comprometida a prefeitura est\u00e1 com a consulta popular \u00e0 medida que avan\u00e7ar e revelar seus planos espec\u00edficos.<\/span><\/p>\n<h3><strong>Organizando Esfor\u00e7os<\/strong><\/h3>\n<p><span style=\"font-weight: 400;\">A comiss\u00e3o de Rio das Pedras n\u00e3o apenas conseguiu frustrar uma tentativa de remo\u00e7\u00f5es ilegais pela prefeitura, como tamb\u00e9m mobilizou um grande n\u00famero de moradores da comunidade de 140 mil habitantes para faz\u00ea-lo<\/span><span style=\"font-weight: 400;\">. <\/span><span style=\"font-weight: 400;\">Onde h\u00e1 for\u00e7a em n\u00fameros, no entanto, tamb\u00e9m h\u00e1 dificuldade<\/span><span style=\"font-weight: 400;\">. <\/span><span style=\"font-weight: 400;\">A comiss\u00e3o foi encarregada de organizar grandes eventos e da log\u00edstica de <a href=\"http:\/\/bit.ly\/2xwnhye\" target=\"_blank\" rel=\"noopener\">conseguir multid\u00f5es para eles<\/a>, informando moradores de diversas origens em toda a comunidade sobre o plano do governo e seus esfor\u00e7os de <a href=\"http:\/\/bit.ly\/1piRAgk\" target=\"_blank\" rel=\"noopener\">resist\u00eancia<\/a>, e incentivando o envolvimento no processo pol\u00edtico.<\/span> <span style=\"font-weight: 400;\">Muitos membros da comiss\u00e3o paralisaram completamente outros aspectos de suas vidas para dedicar seu tempo e esfor\u00e7o ao movimento. Quando perguntada sobre como eles conseguiram fazer tudo isso, Andr\u00e9ia Ferreira riu e lembrou que isso \u00e9 perguntado a ela\u00a0muitas vezes, mas refletiu:<\/span><\/p>\n<blockquote><p>\u201c<span style=\"font-weight: 400;\">A gente consegue mobilizar porque nossos argumentos s\u00e3o muito fortes. A gente tem a verdade a nosso favor. A popula\u00e7\u00e3o de Rio das Pedras j\u00e1 entendeu isso. A gente somente conscientiza. N\u00f3s somos o povo. \u00c9 um movimento totalmente mobilizado, iniciado pelo povo. E o povo abra\u00e7ou a gente. Eles viram em n\u00f3s a esperan\u00e7a de serem ouvidos. Quando a gente trabalha com a verdade, fica tudo mais f\u00e1cil. N\u00e3o precisa mentir, n\u00e3o precisa enganar.&#8221;<\/span><\/p><\/blockquote>\n<p><a href=\"http:\/\/rioonwatch.org.br\/wp-content\/uploads\/2017\/10\/Rio-das-Pedras-no-dia-de-limpeza-de-28-de-outubro.-Foto-de-Tyler-Strobl.jpg\"><img loading=\"lazy\" decoding=\"async\" class=\"aligncenter wp-image-29278 size-content\" title=\"L\u00edderes da comiss\u00e3o de Rio das Pedras no dia de limpeza em 28 de outubro. Foto por Tyler Strobl\" src=\"http:\/\/rioonwatch.org.br\/wp-content\/uploads\/2017\/10\/Rio-das-Pedras-no-dia-de-limpeza-de-28-de-outubro.-Foto-de-Tyler-Strobl-620x264.jpg\" alt=\"\" width=\"620\" height=\"264\" srcset=\"https:\/\/rioonwatch.org.br\/wp-content\/uploads\/2017\/10\/Rio-das-Pedras-no-dia-de-limpeza-de-28-de-outubro.-Foto-de-Tyler-Strobl-620x264.jpg 620w, https:\/\/rioonwatch.org.br\/wp-content\/uploads\/2017\/10\/Rio-das-Pedras-no-dia-de-limpeza-de-28-de-outubro.-Foto-de-Tyler-Strobl-940x400.jpg 940w\" sizes=\"(max-width: 620px) 100vw, 620px\" \/><\/a><\/p>\n<p><span style=\"font-weight: 400;\">Suas palavras fornecem um forte contraste com as da prefeitura. Enquanto Crivella cita sua f\u00e9 crist\u00e3 e afirma estar &#8220;cuidando&#8221; do povo do Rio, suas propostas amea\u00e7am prejudicar os moradores mais vulner\u00e1veis da cidade. Com declara\u00e7\u00f5es contradit\u00f3rias sobre se ainda h\u00e1 algum risco de remo\u00e7\u00f5es, o prefeito parece n\u00e3o ter a verdade do lado dele.<\/span><\/p>\n<p><span style=\"font-weight: 400;\">Uma coisa \u00e9 certa: a comiss\u00e3o e os moradores de Rio das Pedras continuar\u00e3o sua luta contra a remo\u00e7\u00e3o e pelo melhoramento de sua comunidade. Eles recebem com prazer urbaniza\u00e7\u00f5es, mas tamb\u00e9m querem deixar claro que n\u00e3o s\u00e3o a prioridade. Andr\u00e9ia afirmou:<\/span><\/p>\n<blockquote><p>\u201c<span style=\"font-weight: 400;\">N\u00e3o vamos aceitar a covardia. Desde o in\u00edcio da gest\u00e3o do Crivella, n\u00f3s temos uma escola aqui que parou as obras. N\u00f3s temos uma Cl\u00ednica da Fam\u00edlia que n\u00e3o tem antibi\u00f3tico, n\u00e3o tem recurso nenhum. Demora sete, oito horas para uma ambul\u00e2ncia chegar. Pessoas est\u00e3o morrendo. Se ele tem R$500 milh\u00f5es para investir, que seja prioritariamente na <a href=\"http:\/\/bit.ly\/1kzUmMv\" target=\"_blank\" rel=\"noopener\">sa\u00fade<\/a>, e na\u00a0<a href=\"http:\/\/bit.ly\/1acNApR\" target=\"_blank\" rel=\"noopener\">educa\u00e7\u00e3o<\/a>. E depois sim, saneamento, mas saneamento sem remo\u00e7\u00e3o. A gente sabe que j\u00e1 existe <a href=\"http:\/\/bit.ly\/2bPSTVX\" target=\"_blank\" rel=\"noopener\">modernidade, novas tecnologias, ent\u00e3o n\u00e3o precisa remover ningu\u00e9m<\/a>. Esse \u00e9 um projeto do interesse de empres\u00e1rios, n\u00e3o \u00e9 do interesse da comunidade. A gente est\u00e1 de olho, a gente vai continuar fiscalizando.&#8221;<\/span><\/p><\/blockquote>\n<h3><strong>Seguindo em Frente<\/strong><\/h3>\n<p><span style=\"font-weight: 400;\">No \u00faltimo s\u00e1bado, 28 de outubro, a comiss\u00e3o de Rio das Pedras organizou um <a href=\"http:\/\/bit.ly\/1thwVvp\" target=\"_blank\" rel=\"noopener\">mutir\u00e3o<\/a>, um\u00a0<a href=\"http:\/\/bit.ly\/P5Qw38\" target=\"_blank\" rel=\"noopener\">dia de limpeza da comunidade<\/a>, em que os moradores se uniram para limpar as ruas e volunt\u00e1rios passaram horas limpando o canal que leva ao lago.<\/span> <span style=\"font-weight: 400;\">A <a href=\"http:\/\/bit.ly\/1tvc3sB\" target=\"_blank\" rel=\"noopener\">coleta de lixo<\/a> municipal \u00e9 irregular, na melhor das hip\u00f3teses, e isso tem um impacto negativo no saneamento da comunidade.<\/span> <span style=\"font-weight: 400;\">A comiss\u00e3o est\u00e1 tomando medidas diretas para melhorar a comunidade e lutar contra a <a href=\"http:\/\/bit.ly\/2v2enLx\" target=\"_blank\" rel=\"noopener\">ret\u00f3rica estigmatizante da prefeitura<\/a>.<\/span> <span style=\"font-weight: 400;\">&#8220;A gente est\u00e1 fazendo trabalho volunt\u00e1rio, os moradores se mobilizaram para fazer a limpeza. Isso deveria ser feito pelo poder p\u00fablico. \u00c9 uma comunidade <a href=\"http:\/\/bit.ly\/1K8LVUg\" target=\"_blank\" rel=\"noopener\">totalmente abandonada<\/a>, ent\u00e3o se os moradores n\u00e3o fizerem, ningu\u00e9m faz. N\u00f3s amamos nossa comunidade&#8221;, afirmou Andr\u00e9ia.<\/span><\/p>\n<p><a href=\"http:\/\/rioonwatch.org.br\/wp-content\/uploads\/2017\/10\/Rio-das-Pedras-clean-up-on-October-28.-Photo-by-Rafael-Brito.jpg\"><img loading=\"lazy\" decoding=\"async\" class=\"aligncenter wp-image-29280 size-content\" title=\"Rio das Pedras, limpeza em 28 de outubro. Foto por Rafael Brito\" src=\"http:\/\/rioonwatch.org.br\/wp-content\/uploads\/2017\/10\/Rio-das-Pedras-clean-up-on-October-28.-Photo-by-Rafael-Brito-620x264.jpg\" alt=\"\" width=\"620\" height=\"264\" srcset=\"https:\/\/rioonwatch.org.br\/wp-content\/uploads\/2017\/10\/Rio-das-Pedras-clean-up-on-October-28.-Photo-by-Rafael-Brito-620x264.jpg 620w, https:\/\/rioonwatch.org.br\/wp-content\/uploads\/2017\/10\/Rio-das-Pedras-clean-up-on-October-28.-Photo-by-Rafael-Brito-940x400.jpg 940w\" sizes=\"(max-width: 620px) 100vw, 620px\" \/><\/a><\/p>\n<p><span style=\"font-weight: 400;\">H\u00e1 algo especial sobre Rio das Pedras. Ao entrar na comunidade, h\u00e1 uma sensa\u00e7\u00e3o tang\u00edvel de camaradagem e confian\u00e7a. Faz sentido. A maioria das fam\u00edlias de Rio das Pedras <a href=\"http:\/\/bit.ly\/2l0Hf1G\" target=\"_blank\" rel=\"noopener\">tem suas ra\u00edzes no nordeste<\/a>, e migraram para o Rio em busca de oportunidade<\/span><span style=\"font-weight: 400;\">. <\/span><span style=\"font-weight: 400;\">Suas hist\u00f3rias compartilham t\u00f3picos semelhantes, e eles s\u00e3o orgulhosos do progresso que conquistaram juntos ao longo de d\u00e9cadas. Muitos moradores de Rio das Pedras s\u00e3o os trabalhadores da constru\u00e7\u00e3o civil ou parentes dos trabalhadores que constru\u00edram a imensa Barra da Tijuca, o que faz com que as tentativas de remov\u00ea-los da \u00e1rea sejam ainda mais sinistras.<\/span><\/p>\n<p><span style=\"font-weight: 400;\">A narrativa de Andr\u00e9ia sobre a <a href=\"http:\/\/bit.ly\/1PXkANu\" target=\"_blank\" rel=\"noopener\">hist\u00f3ria<\/a> de sua comunidade \u00e9 um poderoso argumento em defesa da sua perman\u00eancia:<\/span><\/p>\n<blockquote><p>\u201c<span style=\"font-weight: 400;\">Quando falamos de Rio das Pedras, estamos falando de um exemplo, porque s\u00e3o pessoas que n\u00e3o t\u00eam escolaridade, n\u00e3o t\u00eam acesso a oportunidade de vida nenhuma, s\u00e3o pessoas que viveram no Nordeste passando fome, e vieram para o Rio de Janeiro em busca de uma oportunidade. Foi uma hist\u00f3ria muito bonita porque aqui era tudo um areal, n\u00e3o era nada. A gente chegou aqui, a gente lutou muito para poder ocupar esse espa\u00e7o&#8230; A gente, inicialmente, tinha um barrac\u00e3o gigante onde todo mundo morava junto. Imagina essa conviv\u00eancia, v\u00e1rios fam\u00edlias em um local s\u00f3. E depois fomos loteando. As pessoas trabalhavam, as mulheres tinham que carregar seus aterros, porque os homens estavam trabalhando. Aquelas fam\u00edlias que s\u00f3 tinham mulheres, a gente pegava o vizinho e ajudava. Uma [grande] fam\u00edlia construiu Rio das Pedras, inicialmente com barracos de madeira, e muita dificuldade. Depois de anos, voc\u00ea v\u00ea pr\u00e9dios, casas maravilhosas. No in\u00edcio era muito pior. Hoje a gente se sente vitorioso. <a href=\"http:\/\/bit.ly\/2dpOIAy\" target=\"_blank\" rel=\"noopener\">Cada tijolo tem uma hist\u00f3ria de vida<\/a>.<\/span><\/p>\n<p><span style=\"font-weight: 400;\">Minha av\u00f3 chegou aqui analfabeta, trabalhou a vida inteira em casa de fam\u00edlia e conseguiu construir a casa dela. Foi com muito trabalho. Agora voc\u00ea <a href=\"http:\/\/bit.ly\/2u24s97\" target=\"_blank\" rel=\"noopener\">imagina minha av\u00f3, uma senhora de idade<\/a> que trabalhou a vida inteira, hoje ela n\u00e3o tem mais condi\u00e7\u00e3o de trabalhar na forma que trabalhou, e o prefeito destr\u00f3i a casa dela e d\u00e1 para ela um financiamento. Como que ela vai pagar um financiamento de um condom\u00ednio com sal\u00e1rio m\u00ednimo? \u00c9 um absurdo. Eu estou falando dessa hist\u00f3ria da minha avo porque \u00e9 a hist\u00f3ria de todos aqui. Ningu\u00e9m aqui roubou. Foi tudo muito suado, mas muito mesmo. Anos e anos de vidas trabalhados, muito honestidade, muito suo, muita dor. <\/span><\/p>\n<p><span style=\"font-weight: 400;\">E agora o prefeito vem&#8211;uma covardia, uma falta de respeito com a nossa cultura, com a nossa hist\u00f3ria. Hoje n\u00f3s temos orgulho de falar que n\u00f3s temos uma casa. A gente <a href=\"http:\/\/bit.ly\/1rd8iG1\" target=\"_blank\" rel=\"noopener\">n\u00e3o est\u00e1 acostumado com condom\u00ednio<\/a>, luxo, essas coisas. As pessoas aqui gostam de forr\u00f3, de churrasco, gostam desse acolhimento de vizinhos, todo mundo junto. N\u00f3s somos\u00a0<a href=\"http:\/\/bit.ly\/1K8LVUg\" target=\"_blank\" rel=\"noopener\">ausentes<\/a>\u00a0da vida inteira deles [das autoridades do governo] h\u00e1 tantos anos e quando eles aparecem \u00e9 para destruir. \u00c9 inadmiss\u00edvel e inaceit\u00e1vel.&#8221;<\/span><\/p><\/blockquote>\n<h3><strong>Veja imagens do dia de limpeza no Rio das Pedras abaixo ou <a href=\"http:\/\/bit.ly\/2hpp43c\" target=\"_blank\" rel=\"noopener\">no Flickr<\/a>:<\/strong><\/h3>\n<p><a title=\"Rio das Pedras - October 28, 2017\" href=\"https:\/\/www.flickr.com\/photos\/catcomm\/albums\/72157686726938822\" data-flickr-embed=\"true\"><img loading=\"lazy\" decoding=\"async\" class=\"aligncenter\" src=\"https:\/\/farm5.staticflickr.com\/4467\/37309328584_40810e45e1_z.jpg\" alt=\"Rio das Pedras - October 28, 2017\" width=\"620\" height=\"465\" \/><\/a><script async src=\"\/\/embedr.flickr.com\/assets\/client-code.js\" charset=\"utf-8\"><\/script><\/p>\n<!-- AddThis Advanced Settings generic via filter on the_content --><!-- AddThis Share Buttons generic via filter on the_content -->","protected":false},"excerpt":{"rendered":"<div class=\"mh-excerpt\"><p>Click Here for English Centenas de pessoas se reuniram no Campo da Via Light, em\u00a0Rio das Pedras, na Zona Oeste do Rio de Janeiro, na quinta-feira, 26 de outubro, para ouvir um importante an\u00fancio da <a class=\"mh-excerpt-more\" href=\"https:\/\/rioonwatch.org.br\/?p=29266\" title=\"&#8216;N\u00e3o Haver\u00e1 Nenhuma Remo\u00e7\u00e3o&#8217;: Rio das Pedras Ganha Batalha, Enfrenta Outra\">[&#8230;]<\/a><!-- AddThis Advanced Settings generic via filter on get_the_excerpt --><!-- AddThis Share Buttons generic via filter on get_the_excerpt --><\/p>\n<\/div>","protected":false},"author":129,"featured_media":29268,"comment_status":"closed","ping_status":"closed","sticky":false,"template":"","format":"standard","meta":{"_acf_changed":false,"_monsterinsights_skip_tracking":false,"_monsterinsights_sitenote_active":false,"_monsterinsights_sitenote_note":"","_monsterinsights_sitenote_category":0,"footnotes":""},"categories":[2089,1617,1618,1614,1621,1627,1615,346,1625],"tags":[2056,274,813,1057,90,424,316,322,396,395,360,1982,1151,1037,276,417,304,359,2148,839,14,1393,492,294,1482,900,493,184],"writer":[2198,2133],"translator":[1971],"source":[],"ilustrador":[],"fotografo":[],"class_list":{"0":"post-29266","1":"post","2":"type-post","3":"status-publish","4":"format-standard","5":"has-post-thumbnail","7":"category-monitoramento","8":"category-olhonagentrificacao","9":"category-olhonaparticipacao","10":"category-olhonasremocoes","11":"category-destaque","12":"category-relato-de-evento","13":"category-cultura-da-favela","14":"category-denuncias","15":"category-por-correspondentes-comunitarios","16":"tag-aeis-zeis","17":"tag-barra-da-tijuca","18":"tag-condominios-fechados","19":"tag-consequencias-das-remocoes-saude","20":"tag-defensoria-publica","21":"tag-direito-a-moradia","22":"tag-educacao","23":"tag-esgoto","24":"tag-especulacao-imobiliaria","25":"tag-gentrificacao-remocao-branca","26":"tag-lixo","27":"tag-marcelo-crivella","28":"tag-organizacao","29":"tag-moradia","30":"tag-mutirao","31":"tag-negligencia-do-estado","32":"tag-participacao","33":"tag-participacao-zero","34":"tag-plano-estrategico","35":"tag-prioridades-publicas-equivocadas","36":"tag-remocao","37":"tag-rio-das-pedras","38":"tag-saneamento","39":"tag-saude","40":"tag-taticas-de-remocao-desinformacao","41":"tag-titulacao-de-terras","42":"tag-urbanizacao","43":"tag-zona-oeste","44":"writer-lucas-smolcic-larson","45":"writer-tyler-strobl","46":"translator-geovanna-giannini"},"acf":[],"yoast_head":"<!-- This site is optimized with the Yoast SEO plugin v25.6 - https:\/\/yoast.com\/wordpress\/plugins\/seo\/ -->\n<title>&#039;N\u00e3o Haver\u00e1 Nenhuma Remo\u00e7\u00e3o&#039;: Rio das Pedras Ganha Batalha, Enfrenta Outra - RioOnWatch<\/title>\n<meta name=\"robots\" content=\"index, follow, max-snippet:-1, max-image-preview:large, max-video-preview:-1\" \/>\n<link rel=\"canonical\" href=\"https:\/\/rioonwatch.org.br\/?p=29266\" \/>\n<meta property=\"og:locale\" content=\"pt_BR\" \/>\n<meta property=\"og:type\" content=\"article\" \/>\n<meta property=\"og:title\" content=\"&#039;N\u00e3o Haver\u00e1 Nenhuma Remo\u00e7\u00e3o&#039;: Rio das Pedras Ganha Batalha, Enfrenta Outra - RioOnWatch\" \/>\n<meta property=\"og:description\" content=\"Click Here for English Centenas de pessoas se reuniram no Campo da Via Light, em\u00a0Rio das Pedras, na Zona Oeste do Rio de Janeiro, na quinta-feira, 26 de outubro, para ouvir um importante an\u00fancio da [...]\" \/>\n<meta property=\"og:url\" content=\"https:\/\/rioonwatch.org.br\/?p=29266\" \/>\n<meta property=\"og:site_name\" content=\"RioOnWatch\" \/>\n<meta property=\"article:published_time\" content=\"2017-11-01T12:55:36+00:00\" \/>\n<meta property=\"article:modified_time\" content=\"2017-11-02T02:35:02+00:00\" \/>\n<meta property=\"og:image\" content=\"https:\/\/rioonwatch.org.br\/wp-content\/uploads\/2017\/10\/Rio-das-Pedras.jpg\" \/>\n\t<meta property=\"og:image:width\" content=\"2048\" \/>\n\t<meta property=\"og:image:height\" content=\"1189\" \/>\n\t<meta property=\"og:image:type\" content=\"image\/jpeg\" \/>\n<meta name=\"author\" content=\"Admin\" \/>\n<meta name=\"twitter:card\" content=\"summary_large_image\" \/>\n<meta name=\"twitter:label1\" content=\"Escrito por\" \/>\n\t<meta name=\"twitter:data1\" content=\"Admin\" \/>\n\t<meta name=\"twitter:label2\" content=\"Est. tempo de leitura\" \/>\n\t<meta name=\"twitter:data2\" content=\"14 minutos\" \/>\n<script type=\"application\/ld+json\" class=\"yoast-schema-graph\">{\"@context\":\"https:\/\/schema.org\",\"@graph\":[{\"@type\":\"Article\",\"@id\":\"https:\/\/rioonwatch.org.br\/?p=29266#article\",\"isPartOf\":{\"@id\":\"https:\/\/rioonwatch.org.br\/?p=29266\"},\"author\":{\"name\":\"Admin\",\"@id\":\"https:\/\/rioonwatch.org.br\/#\/schema\/person\/11d64c290506f9df50c71b850c473f68\"},\"headline\":\"&#8216;N\u00e3o Haver\u00e1 Nenhuma Remo\u00e7\u00e3o&#8217;: Rio das Pedras Ganha Batalha, Enfrenta Outra\",\"datePublished\":\"2017-11-01T12:55:36+00:00\",\"dateModified\":\"2017-11-02T02:35:02+00:00\",\"mainEntityOfPage\":{\"@id\":\"https:\/\/rioonwatch.org.br\/?p=29266\"},\"wordCount\":2728,\"publisher\":{\"@id\":\"https:\/\/rioonwatch.org.br\/#organization\"},\"image\":{\"@id\":\"https:\/\/rioonwatch.org.br\/?p=29266#primaryimage\"},\"thumbnailUrl\":\"https:\/\/rioonwatch.org.br\/wp-content\/uploads\/2017\/10\/Rio-das-Pedras.jpg\",\"keywords\":[\"AEIS \/ ZEIS\",\"Barra da Tijuca\",\"condom\u00ednios fechados\",\"Consequ\u00eancias das remo\u00e7\u00f5es: sa\u00fade\",\"Defensoria P\u00fablica\",\"Direito \u00e0 Moradia\",\"educa\u00e7\u00e3o\",\"esgoto\",\"especula\u00e7\u00e3o imobili\u00e1ria\",\"gentrifica\u00e7\u00e3o\",\"lixo\",\"Marcelo Crivella\",\"mobiliza\u00e7\u00e3o\",\"moradia\",\"mutir\u00e3o\",\"Neglig\u00eancia do Estado\",\"participa\u00e7\u00e3o\",\"participa\u00e7\u00e3o zero\",\"Plano Estrat\u00e9gico\",\"prioridades p\u00fablicas equivocadas\",\"Remo\u00e7\u00e3o\",\"Rio das Pedras\",\"saneamento\",\"sa\u00fade\",\"T\u00e1ticas de remo\u00e7\u00e3o: desinforma\u00e7\u00e3o\",\"titula\u00e7\u00e3o de terras\",\"urbaniza\u00e7\u00e3o\",\"Zona Oeste\"],\"articleSection\":[\"#Monitoramento\",\"#OlhoNaGentrifica\u00e7\u00e3o\",\"#OlhoNaParticipa\u00e7\u00e3o\",\"#OlhoNasRemo\u00e7\u00f5es\",\"*Destaque\",\"Cobertura de Eventos\",\"Cultura da Favela\",\"Den\u00fancias\",\"Escrito por Comunicadores Populares\"],\"inLanguage\":\"pt-BR\"},{\"@type\":\"WebPage\",\"@id\":\"https:\/\/rioonwatch.org.br\/?p=29266\",\"url\":\"https:\/\/rioonwatch.org.br\/?p=29266\",\"name\":\"'N\u00e3o Haver\u00e1 Nenhuma Remo\u00e7\u00e3o': Rio das Pedras Ganha Batalha, Enfrenta Outra - RioOnWatch\",\"isPartOf\":{\"@id\":\"https:\/\/rioonwatch.org.br\/#website\"},\"primaryImageOfPage\":{\"@id\":\"https:\/\/rioonwatch.org.br\/?p=29266#primaryimage\"},\"image\":{\"@id\":\"https:\/\/rioonwatch.org.br\/?p=29266#primaryimage\"},\"thumbnailUrl\":\"https:\/\/rioonwatch.org.br\/wp-content\/uploads\/2017\/10\/Rio-das-Pedras.jpg\",\"datePublished\":\"2017-11-01T12:55:36+00:00\",\"dateModified\":\"2017-11-02T02:35:02+00:00\",\"breadcrumb\":{\"@id\":\"https:\/\/rioonwatch.org.br\/?p=29266#breadcrumb\"},\"inLanguage\":\"pt-BR\",\"potentialAction\":[{\"@type\":\"ReadAction\",\"target\":[\"https:\/\/rioonwatch.org.br\/?p=29266\"]}]},{\"@type\":\"ImageObject\",\"inLanguage\":\"pt-BR\",\"@id\":\"https:\/\/rioonwatch.org.br\/?p=29266#primaryimage\",\"url\":\"https:\/\/rioonwatch.org.br\/wp-content\/uploads\/2017\/10\/Rio-das-Pedras.jpg\",\"contentUrl\":\"https:\/\/rioonwatch.org.br\/wp-content\/uploads\/2017\/10\/Rio-das-Pedras.jpg\",\"width\":2048,\"height\":1189},{\"@type\":\"BreadcrumbList\",\"@id\":\"https:\/\/rioonwatch.org.br\/?p=29266#breadcrumb\",\"itemListElement\":[{\"@type\":\"ListItem\",\"position\":1,\"name\":\"In\u00edcio\",\"item\":\"https:\/\/rioonwatch.org.br\/\"},{\"@type\":\"ListItem\",\"position\":2,\"name\":\"&#8216;N\u00e3o Haver\u00e1 Nenhuma Remo\u00e7\u00e3o&#8217;: Rio das Pedras Ganha Batalha, Enfrenta Outra\"}]},{\"@type\":\"WebSite\",\"@id\":\"https:\/\/rioonwatch.org.br\/#website\",\"url\":\"https:\/\/rioonwatch.org.br\/\",\"name\":\"RioOnWatch\",\"description\":\"relatos das favelas cariocas\",\"publisher\":{\"@id\":\"https:\/\/rioonwatch.org.br\/#organization\"},\"potentialAction\":[{\"@type\":\"SearchAction\",\"target\":{\"@type\":\"EntryPoint\",\"urlTemplate\":\"https:\/\/rioonwatch.org.br\/?s={search_term_string}\"},\"query-input\":{\"@type\":\"PropertyValueSpecification\",\"valueRequired\":true,\"valueName\":\"search_term_string\"}}],\"inLanguage\":\"pt-BR\"},{\"@type\":\"Organization\",\"@id\":\"https:\/\/rioonwatch.org.br\/#organization\",\"name\":\"RioOnWatch\",\"url\":\"https:\/\/rioonwatch.org.br\/\",\"logo\":{\"@type\":\"ImageObject\",\"inLanguage\":\"pt-BR\",\"@id\":\"https:\/\/rioonwatch.org.br\/#\/schema\/logo\/image\/\",\"url\":\"https:\/\/rioonwatch.org.br\/wp-content\/uploads\/2021\/06\/RioOnWatchcabecalhoPT11anos-2.png\",\"contentUrl\":\"https:\/\/rioonwatch.org.br\/wp-content\/uploads\/2021\/06\/RioOnWatchcabecalhoPT11anos-2.png\",\"width\":779,\"height\":277,\"caption\":\"RioOnWatch\"},\"image\":{\"@id\":\"https:\/\/rioonwatch.org.br\/#\/schema\/logo\/image\/\"}},{\"@type\":\"Person\",\"@id\":\"https:\/\/rioonwatch.org.br\/#\/schema\/person\/11d64c290506f9df50c71b850c473f68\",\"name\":\"Admin\",\"image\":{\"@type\":\"ImageObject\",\"inLanguage\":\"pt-BR\",\"@id\":\"https:\/\/rioonwatch.org.br\/#\/schema\/person\/image\/\",\"url\":\"https:\/\/secure.gravatar.com\/avatar\/56211ac74568383903349a1485e3c325?s=96&d=blank&r=g\",\"contentUrl\":\"https:\/\/secure.gravatar.com\/avatar\/56211ac74568383903349a1485e3c325?s=96&d=blank&r=g\",\"caption\":\"Admin\"},\"url\":\"https:\/\/rioonwatch.org.br\/?author=129\"}]}<\/script>\n<!-- \/ Yoast SEO plugin. -->","yoast_head_json":{"title":"'N\u00e3o Haver\u00e1 Nenhuma Remo\u00e7\u00e3o': Rio das Pedras Ganha Batalha, Enfrenta Outra - RioOnWatch","robots":{"index":"index","follow":"follow","max-snippet":"max-snippet:-1","max-image-preview":"max-image-preview:large","max-video-preview":"max-video-preview:-1"},"canonical":"https:\/\/rioonwatch.org.br\/?p=29266","og_locale":"pt_BR","og_type":"article","og_title":"'N\u00e3o Haver\u00e1 Nenhuma Remo\u00e7\u00e3o': Rio das Pedras Ganha Batalha, Enfrenta Outra - RioOnWatch","og_description":"Click Here for English Centenas de pessoas se reuniram no Campo da Via Light, em\u00a0Rio das Pedras, na Zona Oeste do Rio de Janeiro, na quinta-feira, 26 de outubro, para ouvir um importante an\u00fancio da [...]","og_url":"https:\/\/rioonwatch.org.br\/?p=29266","og_site_name":"RioOnWatch","article_published_time":"2017-11-01T12:55:36+00:00","article_modified_time":"2017-11-02T02:35:02+00:00","og_image":[{"width":2048,"height":1189,"url":"https:\/\/rioonwatch.org.br\/wp-content\/uploads\/2017\/10\/Rio-das-Pedras.jpg","type":"image\/jpeg"}],"author":"Admin","twitter_card":"summary_large_image","twitter_misc":{"Escrito por":"Admin","Est. tempo de leitura":"14 minutos"},"schema":{"@context":"https:\/\/schema.org","@graph":[{"@type":"Article","@id":"https:\/\/rioonwatch.org.br\/?p=29266#article","isPartOf":{"@id":"https:\/\/rioonwatch.org.br\/?p=29266"},"author":{"name":"Admin","@id":"https:\/\/rioonwatch.org.br\/#\/schema\/person\/11d64c290506f9df50c71b850c473f68"},"headline":"&#8216;N\u00e3o Haver\u00e1 Nenhuma Remo\u00e7\u00e3o&#8217;: Rio das Pedras Ganha Batalha, Enfrenta Outra","datePublished":"2017-11-01T12:55:36+00:00","dateModified":"2017-11-02T02:35:02+00:00","mainEntityOfPage":{"@id":"https:\/\/rioonwatch.org.br\/?p=29266"},"wordCount":2728,"publisher":{"@id":"https:\/\/rioonwatch.org.br\/#organization"},"image":{"@id":"https:\/\/rioonwatch.org.br\/?p=29266#primaryimage"},"thumbnailUrl":"https:\/\/rioonwatch.org.br\/wp-content\/uploads\/2017\/10\/Rio-das-Pedras.jpg","keywords":["AEIS \/ ZEIS","Barra da Tijuca","condom\u00ednios fechados","Consequ\u00eancias das remo\u00e7\u00f5es: sa\u00fade","Defensoria P\u00fablica","Direito \u00e0 Moradia","educa\u00e7\u00e3o","esgoto","especula\u00e7\u00e3o imobili\u00e1ria","gentrifica\u00e7\u00e3o","lixo","Marcelo Crivella","mobiliza\u00e7\u00e3o","moradia","mutir\u00e3o","Neglig\u00eancia do Estado","participa\u00e7\u00e3o","participa\u00e7\u00e3o zero","Plano Estrat\u00e9gico","prioridades p\u00fablicas equivocadas","Remo\u00e7\u00e3o","Rio das Pedras","saneamento","sa\u00fade","T\u00e1ticas de remo\u00e7\u00e3o: desinforma\u00e7\u00e3o","titula\u00e7\u00e3o de terras","urbaniza\u00e7\u00e3o","Zona Oeste"],"articleSection":["#Monitoramento","#OlhoNaGentrifica\u00e7\u00e3o","#OlhoNaParticipa\u00e7\u00e3o","#OlhoNasRemo\u00e7\u00f5es","*Destaque","Cobertura de Eventos","Cultura da Favela","Den\u00fancias","Escrito por Comunicadores Populares"],"inLanguage":"pt-BR"},{"@type":"WebPage","@id":"https:\/\/rioonwatch.org.br\/?p=29266","url":"https:\/\/rioonwatch.org.br\/?p=29266","name":"'N\u00e3o Haver\u00e1 Nenhuma Remo\u00e7\u00e3o': Rio das Pedras Ganha Batalha, Enfrenta Outra - RioOnWatch","isPartOf":{"@id":"https:\/\/rioonwatch.org.br\/#website"},"primaryImageOfPage":{"@id":"https:\/\/rioonwatch.org.br\/?p=29266#primaryimage"},"image":{"@id":"https:\/\/rioonwatch.org.br\/?p=29266#primaryimage"},"thumbnailUrl":"https:\/\/rioonwatch.org.br\/wp-content\/uploads\/2017\/10\/Rio-das-Pedras.jpg","datePublished":"2017-11-01T12:55:36+00:00","dateModified":"2017-11-02T02:35:02+00:00","breadcrumb":{"@id":"https:\/\/rioonwatch.org.br\/?p=29266#breadcrumb"},"inLanguage":"pt-BR","potentialAction":[{"@type":"ReadAction","target":["https:\/\/rioonwatch.org.br\/?p=29266"]}]},{"@type":"ImageObject","inLanguage":"pt-BR","@id":"https:\/\/rioonwatch.org.br\/?p=29266#primaryimage","url":"https:\/\/rioonwatch.org.br\/wp-content\/uploads\/2017\/10\/Rio-das-Pedras.jpg","contentUrl":"https:\/\/rioonwatch.org.br\/wp-content\/uploads\/2017\/10\/Rio-das-Pedras.jpg","width":2048,"height":1189},{"@type":"BreadcrumbList","@id":"https:\/\/rioonwatch.org.br\/?p=29266#breadcrumb","itemListElement":[{"@type":"ListItem","position":1,"name":"In\u00edcio","item":"https:\/\/rioonwatch.org.br\/"},{"@type":"ListItem","position":2,"name":"&#8216;N\u00e3o Haver\u00e1 Nenhuma Remo\u00e7\u00e3o&#8217;: Rio das Pedras Ganha Batalha, Enfrenta Outra"}]},{"@type":"WebSite","@id":"https:\/\/rioonwatch.org.br\/#website","url":"https:\/\/rioonwatch.org.br\/","name":"RioOnWatch","description":"relatos das favelas cariocas","publisher":{"@id":"https:\/\/rioonwatch.org.br\/#organization"},"potentialAction":[{"@type":"SearchAction","target":{"@type":"EntryPoint","urlTemplate":"https:\/\/rioonwatch.org.br\/?s={search_term_string}"},"query-input":{"@type":"PropertyValueSpecification","valueRequired":true,"valueName":"search_term_string"}}],"inLanguage":"pt-BR"},{"@type":"Organization","@id":"https:\/\/rioonwatch.org.br\/#organization","name":"RioOnWatch","url":"https:\/\/rioonwatch.org.br\/","logo":{"@type":"ImageObject","inLanguage":"pt-BR","@id":"https:\/\/rioonwatch.org.br\/#\/schema\/logo\/image\/","url":"https:\/\/rioonwatch.org.br\/wp-content\/uploads\/2021\/06\/RioOnWatchcabecalhoPT11anos-2.png","contentUrl":"https:\/\/rioonwatch.org.br\/wp-content\/uploads\/2021\/06\/RioOnWatchcabecalhoPT11anos-2.png","width":779,"height":277,"caption":"RioOnWatch"},"image":{"@id":"https:\/\/rioonwatch.org.br\/#\/schema\/logo\/image\/"}},{"@type":"Person","@id":"https:\/\/rioonwatch.org.br\/#\/schema\/person\/11d64c290506f9df50c71b850c473f68","name":"Admin","image":{"@type":"ImageObject","inLanguage":"pt-BR","@id":"https:\/\/rioonwatch.org.br\/#\/schema\/person\/image\/","url":"https:\/\/secure.gravatar.com\/avatar\/56211ac74568383903349a1485e3c325?s=96&d=blank&r=g","contentUrl":"https:\/\/secure.gravatar.com\/avatar\/56211ac74568383903349a1485e3c325?s=96&d=blank&r=g","caption":"Admin"},"url":"https:\/\/rioonwatch.org.br\/?author=129"}]}},"_links":{"self":[{"href":"https:\/\/rioonwatch.org.br\/index.php?rest_route=\/wp\/v2\/posts\/29266"}],"collection":[{"href":"https:\/\/rioonwatch.org.br\/index.php?rest_route=\/wp\/v2\/posts"}],"about":[{"href":"https:\/\/rioonwatch.org.br\/index.php?rest_route=\/wp\/v2\/types\/post"}],"author":[{"embeddable":true,"href":"https:\/\/rioonwatch.org.br\/index.php?rest_route=\/wp\/v2\/users\/129"}],"replies":[{"embeddable":true,"href":"https:\/\/rioonwatch.org.br\/index.php?rest_route=%2Fwp%2Fv2%2Fcomments&post=29266"}],"version-history":[{"count":30,"href":"https:\/\/rioonwatch.org.br\/index.php?rest_route=\/wp\/v2\/posts\/29266\/revisions"}],"predecessor-version":[{"id":29309,"href":"https:\/\/rioonwatch.org.br\/index.php?rest_route=\/wp\/v2\/posts\/29266\/revisions\/29309"}],"wp:featuredmedia":[{"embeddable":true,"href":"https:\/\/rioonwatch.org.br\/index.php?rest_route=\/wp\/v2\/media\/29268"}],"wp:attachment":[{"href":"https:\/\/rioonwatch.org.br\/index.php?rest_route=%2Fwp%2Fv2%2Fmedia&parent=29266"}],"wp:term":[{"taxonomy":"category","embeddable":true,"href":"https:\/\/rioonwatch.org.br\/index.php?rest_route=%2Fwp%2Fv2%2Fcategories&post=29266"},{"taxonomy":"post_tag","embeddable":true,"href":"https:\/\/rioonwatch.org.br\/index.php?rest_route=%2Fwp%2Fv2%2Ftags&post=29266"},{"taxonomy":"writer","embeddable":true,"href":"https:\/\/rioonwatch.org.br\/index.php?rest_route=%2Fwp%2Fv2%2Fwriter&post=29266"},{"taxonomy":"translator","embeddable":true,"href":"https:\/\/rioonwatch.org.br\/index.php?rest_route=%2Fwp%2Fv2%2Ftranslator&post=29266"},{"taxonomy":"source","embeddable":true,"href":"https:\/\/rioonwatch.org.br\/index.php?rest_route=%2Fwp%2Fv2%2Fsource&post=29266"},{"taxonomy":"ilustrador","embeddable":true,"href":"https:\/\/rioonwatch.org.br\/index.php?rest_route=%2Fwp%2Fv2%2Filustrador&post=29266"},{"taxonomy":"fotografo","embeddable":true,"href":"https:\/\/rioonwatch.org.br\/index.php?rest_route=%2Fwp%2Fv2%2Ffotografo&post=29266"}],"curies":[{"name":"wp","href":"https:\/\/api.w.org\/{rel}","templated":true}]}}