{"id":29325,"date":"2017-11-04T16:07:52","date_gmt":"2017-11-04T19:07:52","guid":{"rendered":"http:\/\/rioonwatch.org.br\/?p=29325"},"modified":"2019-01-23T10:09:38","modified_gmt":"2019-01-23T13:09:38","slug":"nao-aguarde-o-urbanista-o-potencial-da-uniao-do-urbanismo-tatico-com-a-cpted-nas-favelas-do-rio","status":"publish","type":"post","link":"https:\/\/rioonwatch.org.br\/?p=29325","title":{"rendered":"N\u00e3o Aguarde O Urbanista: O Potencial do Urbanismo T\u00e1tico + CPTED nas Favelas do Rio"},"content":{"rendered":"<p style=\"text-align: right;\"><em><strong><a href=\"http:\/\/bit.ly\/2yLnxxr\" target=\"_blank\" rel=\"noopener noreferrer\">Click Here for English<img decoding=\"async\" width=\"20\" height=\"20\" class=\"alignright wp-image-15790\" src=\"http:\/\/rioonwatch.org.br\/wp-content\/uploads\/2012\/08\/EN-standard-e1439583104716.jpg\" alt=\"\" \/><\/a><\/strong><\/em><\/p>\n<p><i><span style=\"font-weight: 400;\">Esta \u00e9 a segunda mat\u00e9ria de uma <\/span><\/i><a href=\"http:\/\/bit.ly\/2zxm5Ab\" target=\"_blank\" rel=\"noopener\"><i><span style=\"font-weight: 400;\">s\u00e9rie de quatro partes<\/span><\/i><\/a><i><span style=\"font-weight: 400;\"> sobre a\u00a0<\/span><\/i><em>Preven\u00e7\u00e3o de Crimes Atrav\u00e9s do Design Ambiental (CPTED)<\/em>.<\/p>\n<p><span style=\"font-weight: 400;\">Quando se trata das favelas do Rio, algo est\u00e1 claro&#8211;particularmente com o <\/span><a href=\"http:\/\/bit.ly\/2saIwVc\" target=\"_blank\" rel=\"noopener\"><span style=\"font-weight: 400;\">anivers\u00e1rio de 120 anos da favela mais antiga da cidade estar por acontecer este m\u00eas<\/span><\/a>&#8212;<span style=\"font-weight: 400;\">o governo n\u00e3o tem proporcionado alternativas adequadas ou dedicado a aten\u00e7\u00e3o apropriada a elas por doze d\u00e9cadas, e\u00a0<\/span><a href=\"http:\/\/bit.ly\/2wmJFNX\" target=\"_blank\" rel=\"noopener\"><span style=\"font-weight: 400;\">n\u00e3o h\u00e1 sinal de que essa pol\u00edtica v\u00e1 mudar<\/span><\/a><span style=\"font-weight: 400;\">.<\/span><\/p>\n<p><span style=\"font-weight: 400;\">Como comunidades que emergiram devido \u00e0\u00a0<\/span><a href=\"http:\/\/bit.ly\/1K8LVUg\" target=\"_blank\" rel=\"noopener\"><span style=\"font-weight: 400;\">neglig\u00eancia do estado<\/span><\/a><span style=\"font-weight: 400;\">, as favelas sempre estiveram e continuam encarregadas do seu pr\u00f3prio <\/span><a href=\"http:\/\/bit.ly\/2h8Rko5\" target=\"_blank\" rel=\"noopener\"><span style=\"font-weight: 400;\">planejamento urbano<\/span><\/a><span style=\"font-weight: 400;\">. Moradores n\u00e3o podem esperar que planejadores urbanos apare\u00e7am e salvem a situa\u00e7\u00e3o quando enfrentam problemas que requerem solu\u00e7\u00f5es imediatas <\/span><a href=\"http:\/\/bit.ly\/1B5nVCA\" target=\"_blank\" rel=\"noopener\"><span style=\"font-weight: 400;\">ou at\u00e9 n\u00e3o t\u00e3o imediatas<\/span><\/a><span style=\"font-weight: 400;\">. Al\u00e9m disso, quando se trata de prevenir a viol\u00eancia, a experi\u00eancia mostra que a interven\u00e7\u00e3o do estado <\/span><a href=\"http:\/\/bit.ly\/2hutjx6\" target=\"_blank\" rel=\"noopener\"><span style=\"font-weight: 400;\">nem sempre \u00e9 o que os moradores querem ou precisam<\/span><\/a><span style=\"font-weight: 400;\">.<\/span><\/p>\n<p><span style=\"font-weight: 400;\">Mesmo assim, os princ\u00edpios de planejamento urbano e design para combater a viol\u00eancia geralmente s\u00e3o vistos como t\u00e9cnicos e inacess\u00edveis, aparentemente s\u00f3 aplic\u00e1veis apenas por burocratas e pela pol\u00edcia. Mesmo as t\u00e9cnicas da Preven\u00e7\u00e3o de Crimes Atrav\u00e9s do Design Ambiental\u00a0(CPTED), <\/span><a href=\"http:\/\/bit.ly\/2xjSyV9\" target=\"_blank\" rel=\"noopener\"><span style=\"font-weight: 400;\">descritas na primeira mat\u00e9ria desta s\u00e9rie<\/span><\/a><span style=\"font-weight: 400;\">, tornaram-se extremamente t\u00e9cnicas. No contexto da seguran\u00e7a, ent\u00e3o, o que moradores das favelas podem fazer para assumir o controle?<\/span><\/p>\n<h3><b>Introduzindo o Urbanismo T\u00e1tico<\/b><\/h3>\n<p><span style=\"font-weight: 400;\">Durante os \u00faltimos anos, <\/span><span style=\"font-weight: 400;\">o\u00a0<\/span><a href=\"http:\/\/bit.ly\/2iQRxSX\" target=\"_blank\" rel=\"noopener\"><span style=\"font-weight: 400;\">urbanismo t\u00e1tico<\/span><\/a><span style=\"font-weight: 400;\">, especialmente nos Estados Unidos, tem sido um <\/span><a href=\"http:\/\/bit.ly\/2tZ0SeD\" target=\"_blank\" rel=\"noopener\"><span style=\"font-weight: 400;\">t\u00f3pico muito debatido<\/span><\/a> <span style=\"font-weight: 400;\">entre os urbanistas e os moradores frustrados pela vagarosa (ou inexistente) entrega dos servi\u00e7os de planejamento e manuten\u00e7\u00e3o do governo. O urbanismo t\u00e1tico \u00e9 caracterizado por interven\u00e7\u00f5es imediatas, de baixo custo e bastante simples, que tornam um bairro ou uma \u00e1rea mais agrad\u00e1vel, mais segura, ou mais eficiente. A natureza destes projetos varia. Alguns s\u00e3o <\/span><a href=\"http:\/\/bit.ly\/2vz2R7s\" target=\"_blank\" rel=\"noopener\"><span style=\"font-weight: 400;\">implementados por moradores fartos<\/span><\/a> <span style=\"font-weight: 400;\">da falta de a\u00e7\u00e3o do governo local, enquanto outros s\u00e3o implementados<\/span> <a href=\"http:\/\/bit.ly\/2uplNbB\" target=\"_blank\" rel=\"noopener\"><span style=\"font-weight: 400;\">pelas prefeituras como projetos<\/span> <span style=\"font-weight: 400;\">piloto<\/span><\/a><span style=\"font-weight: 400;\"> ou <\/span><span style=\"font-weight: 400;\">mesmo\u00a0<\/span><a href=\"http:\/\/bit.ly\/2vrPYvB\" target=\"_blank\" rel=\"noopener\"><span style=\"font-weight: 400;\">medidas<\/span><span style=\"font-weight: 400;\"> paliativas para aplacar os moradores<\/span><\/a><span style=\"font-weight: 400;\">.<\/span><\/p>\n<p><a href=\"http:\/\/www.rioonwatch.org\/wp-content\/uploads\/2017\/10\/2870321543_4008821fbb_b.jpg\"><img fetchpriority=\"high\" decoding=\"async\" class=\"aligncenter wp-image-39590\" title=\"Um uso diferente do &quot;estacionamento&quot; na cidade de S\u00e3o Francisco. Moradores tomam o espa\u00e7o dos carros. Foto de Andrew Mager\" src=\"http:\/\/www.rioonwatch.org\/wp-content\/uploads\/2017\/10\/2870321543_4008821fbb_b.jpg\" alt=\"\" width=\"620\" height=\"465\" \/><\/a><\/p>\n<p><span style=\"font-weight: 400;\">\u00c9 este m\u00e9todo&#8211;o m\u00e9todo r\u00e1pido e acess\u00edvel do urbanismo t\u00e1tico&#8211;que \u00e9 extremamente promissor para tornar o inacess\u00edvel, como a CPTED, acess\u00edvel e at\u00e9 mudar a maneira como os cidad\u00e3os <\/span><a href=\"http:\/\/bit.ly\/1rOePGu\" target=\"_blank\" rel=\"noopener\"><span style=\"font-weight: 400;\">se engajam e conduzem o planejamento da cidade<\/span><\/a><span style=\"font-weight: 400;\">. Embora o conceito de seguran\u00e7a no urbanismo t\u00e1tico tenha sido relegado \u00e0 <\/span><a href=\"http:\/\/bit.ly\/2uFfRfc\" target=\"_blank\" rel=\"noopener\"><span style=\"font-weight: 400;\">seguran\u00e7a dos pedestres e dos ciclistas<\/span><\/a><span style=\"font-weight: 400;\">, ao expandir a sua utiliza\u00e7\u00e3o \u00e0 seguran\u00e7a p\u00fablica, o urbanismo t\u00e1tico pode dar apoio aos moradores na condu\u00e7\u00e3o dos esfor\u00e7os de planejamento e de design para criar comunidades mais seguras e vibrantes.<\/span><\/p>\n<h3><b>Urbanismo T\u00e1tico nas Favelas<\/b><\/h3>\n<p><span style=\"font-weight: 400;\">Embora as favelas possam ser descritas como, na sua ess\u00eancia, o urbanismo t\u00e1tico para produ\u00e7\u00e3o habitacional, o termo \u00e9 aplicado mais frequentemente em contextos de privil\u00e9gio. Ironicamente, nas favelas do Rio de Janeiro, foi o\u00a0<\/span><a href=\"http:\/\/bit.ly\/2utpqwQ\" target=\"_blank\" rel=\"noopener\"><span style=\"font-weight: 400;\">Favela Painting<\/span><\/a><span style=\"font-weight: 400;\">&#8212;<\/span><span style=\"font-weight: 400;\">um projeto liderado por dois artistas holandeses que <\/span><a href=\"http:\/\/kck.st\/2gzBa8N\" target=\"_blank\" rel=\"noopener\"><span style=\"font-weight: 400;\">arrecadaram mais de R$300.000 para \u201cpintar toda uma favela\u201d<\/span><\/a><span style=\"font-weight: 400;\">&#8212;<\/span><span style=\"font-weight: 400;\">que <\/span><a href=\"http:\/\/bit.ly\/2yF4jKt\" target=\"_blank\" rel=\"noopener\"><span style=\"font-weight: 400;\">trouxe aten\u00e7\u00e3o internacional<\/span><\/a><span style=\"font-weight: 400;\"> para o potencial do urbanismo t\u00e1tico mudar as <\/span><a href=\"http:\/\/bit.ly\/2d30Pnn\" target=\"_blank\" rel=\"noopener\"><span style=\"font-weight: 400;\">percep\u00e7\u00f5es de uma \u00e1rea estigmatizada<\/span><\/a><span style=\"font-weight: 400;\"> atrav\u00e9s de uma simples interven\u00e7\u00e3o, embora o projeto em si n\u00e3o fosse barato nem conduzido pela comunidade. <\/span><\/p>\n<p><span style=\"font-weight: 400;\">Depois, em 2014, o Museu de Arte Moderna\u00a0(MoMA) na Cidade de Nova Iorque promoveu uma exposi\u00e7\u00e3o intitulada \u201c<\/span><a href=\"http:\/\/mo.ma\/2uyW2Gu\" target=\"_blank\" rel=\"noopener\"><span style=\"font-weight: 400;\">Crescimento Desigual: Urbanismo T\u00e1tico para a Expans\u00e3o de Megacidades<\/span><\/a><span style=\"font-weight: 400;\">\u201d. Como o t\u00edtulo sugere, focalizava no urbanismo t\u00e1tico como sendo o ponto crucial da transforma\u00e7\u00e3o urbana em seis megacidades, que inclu\u00eda o Rio de Janeiro.<\/span><\/p>\n<p><a href=\"http:\/\/rioonwatch.org.br\/wp-content\/uploads\/2017\/11\/plastic-chair.png\"><img decoding=\"async\" class=\"aligncenter wp-image-29338 size-content\" title=\"Recomenda\u00e7\u00e3o do cat\u00e1logo da exibi\u00e7\u00e3o para cadeiras de pl\u00e1stico. Imagem do Varanda Products\" src=\"http:\/\/rioonwatch.org.br\/wp-content\/uploads\/2017\/11\/plastic-chair-620x264.png\" alt=\"\" width=\"620\" height=\"264\" srcset=\"https:\/\/rioonwatch.org.br\/wp-content\/uploads\/2017\/11\/plastic-chair-620x264.png 620w, https:\/\/rioonwatch.org.br\/wp-content\/uploads\/2017\/11\/plastic-chair-940x400.png 940w\" sizes=\"(max-width: 620px) 100vw, 620px\" \/><\/a><\/p>\n<p><span style=\"font-weight: 400;\">A mostra\u00a0<\/span><a href=\"http:\/\/bit.ly\/2uth5JG\" target=\"_blank\" rel=\"noopener\"><span style=\"font-weight: 400;\">continha um cat\u00e1logo<\/span><\/a><span style=\"font-weight: 400;\"> sobre como transformar produtos do dia a dia em ferramentas para ativar espa\u00e7os p\u00fablicos e privados nas favelas. Os produtos em si s\u00e3o ou bem \u00f3bvios e j\u00e1 bastante aplicados&#8211;a primeira interven\u00e7\u00e3o listada \u00e9 o uso de cadeiras de pl\u00e1stico comuns para sentar nas favelas&#8211;ou impratic\u00e1veis, pois a maior parte dos materiais listados n\u00e3o s\u00e3o facilmente acess\u00edveis (em um caso deve comprar as pe\u00e7as em uma escola de design em Zurique). E a utilidade dos resultados no cat\u00e1logo s\u00e3o altamente question\u00e1veis.<\/span><\/p>\n<p>A exposi\u00e7\u00e3o, particularmente no que diz respeito ao Rio de Janeiro, deixou clara a necessidade de uma melhor an\u00e1lise, assim como um engajamento mais profundo com <a href=\"http:\/\/bit.ly\/2gZopFE\" target=\"_blank\" rel=\"noopener\">as estrat\u00e9gias t\u00e1ticas j\u00e1 utilizadas<\/a> pelos moradores das favelas.<\/p>\n<h3><b>Criticando e Transformando o Urbanismo T\u00e1tico<\/b><\/h3>\n<p><span style=\"font-weight: 400;\">O pr\u00f3prio urbanismo t\u00e1tico n\u00e3o tem sido imune a cr\u00edticas, especialmente com refer\u00eancia \u00e0 <\/span><a href=\"http:\/\/wapo.st\/2u2KiJh\" target=\"_blank\" rel=\"noopener\"><span style=\"font-weight: 400;\">viabilidade para pessoas negras impulsionarem a t\u00e1tica<\/span><\/a><span style=\"font-weight: 400;\">. Ao olhar para os casos bem-sucedidos de urbanismo t\u00e1tico podemos ter a impress\u00e3o que \u00e9 uma forma de arte reservada na maior parte para os moradores ricos e brancos que est\u00e3o impacientes com os servi\u00e7os med\u00edocres do seu governo local e t\u00eam tempo, energia e recursos para resolver os problemas sozinhos. Al\u00e9m disso, como a implementa\u00e7\u00e3o destas estrat\u00e9gias pode significar infringir a lei ou pelo menos violar algum c\u00f3digo de conduta previsto, o urbanismo t\u00e1tico traz a tona a pol\u00edtica espacial, ou quem pode e n\u00e3o pode ocupar o espa\u00e7o e participar de certos comportamentos sem ser condenado, expulso ou\u00a0<\/span><a href=\"http:\/\/bit.ly\/2alCmJC\" target=\"_blank\" rel=\"noopener\"><span style=\"font-weight: 400;\">marginalizado<\/span><\/a><span style=\"font-weight: 400;\">.<\/span><\/p>\n<p><span style=\"font-weight: 400;\">Em 2015, um caso interessante em que estas din\u00e2micas aconteceram ocorreu no estado de Minnesota nos Estados Unidos. O caso centrou-se em torno do Nicolet Mall, um centro de restaurantes e de compras ao ar livre no centro de Minneapolis. L\u00e1, <\/span><a href=\"http:\/\/bit.ly\/2tnbzZG\" target=\"_blank\" rel=\"noopener\"><span style=\"font-weight: 400;\">JXTA<\/span><\/a><span style=\"font-weight: 400;\">, uma organiza\u00e7\u00e3o local sem fins lucrativos especializada em urbanismo t\u00e1tico, foi contratada para aprimorar<\/span><span style=\"font-weight: 400;\">\u00a0a \u00e1rea deste centro de compras, <\/span><a href=\"http:\/\/bit.ly\/2ut9drW\" target=\"_blank\" rel=\"noopener\"><span style=\"font-weight: 400;\">uma oportunidade que eles aproveitaram<\/span><\/a><span style=\"font-weight: 400;\">\u00a0p<\/span><span style=\"font-weight: 400;\">ara criar espa\u00e7os n\u00e3o somente para os clientes da \u00e1rea, mas tamb\u00e9m para jovens negros e pardos e para a popula\u00e7\u00e3o sem-teto. Criaram <\/span><a href=\"http:\/\/juxtapositionarts.org\/tactical-urbanism\/\"><span style=\"font-weight: 400;\">espa\u00e7os p\u00fablicos de engajamento<\/span><\/a><span style=\"font-weight: 400;\"> para os moradores atrav\u00e9s do fazer art\u00edstico, bolhas de sab\u00e3o e jogos e pediram aos moradores a sua opini\u00e3o sobre os diversos aspectos dos espa\u00e7os urbanos. A JXTA fez com que a pol\u00edtica espacial negra fosse uma parte expl\u00edcita do seu trabalho e buscou normalizar a presen\u00e7a das popula\u00e7\u00f5es estigmatizadas atrav\u00e9s destas interven\u00e7\u00f5es t\u00e1ticas.\u00a0<\/span>Como parte do seu trabalho, tamb\u00e9m defenderam a revoga\u00e7\u00e3o das leis contra pessoas que estivessem &#8220;<a href=\"http:\/\/bit.ly\/2tmSB5n\" target=\"_blank\" rel=\"noopener\">cuspindo ou vagando<\/a>&#8221; por l\u00e1, o que justificava legalmente a discrimina\u00e7\u00e3o racial.<\/p>\n<p><a href=\"http:\/\/rioonwatch.org.br\/wp-content\/uploads\/2017\/11\/7791682266_941bfdf2cc_k.jpg\"><img loading=\"lazy\" decoding=\"async\" class=\"aligncenter wp-image-29342 size-content\" title=\"Nicollet Mall em Minneapolis, Minnesota. Foto por PROjpellgen\" src=\"http:\/\/rioonwatch.org.br\/wp-content\/uploads\/2017\/11\/7791682266_941bfdf2cc_k-620x264.jpg\" alt=\"\" width=\"620\" height=\"264\" srcset=\"https:\/\/rioonwatch.org.br\/wp-content\/uploads\/2017\/11\/7791682266_941bfdf2cc_k-620x264.jpg 620w, https:\/\/rioonwatch.org.br\/wp-content\/uploads\/2017\/11\/7791682266_941bfdf2cc_k-940x400.jpg 940w\" sizes=\"(max-width: 620px) 100vw, 620px\" \/><\/a><\/p>\n<p><span style=\"font-weight: 400;\">O que fez o trabalho da JXTA ser singular foi a cria\u00e7\u00e3o de<\/span> <a href=\"http:\/\/bit.ly\/2uzwd88\" target=\"_blank\" rel=\"noopener\"><span style=\"font-weight: 400;\">novos espa\u00e7os para intera\u00e7\u00e3o<\/span><\/a> <span style=\"font-weight: 400;\">entre grupos diversos que consequentemente empoderaram os grupos marginalizados a ponto de engajar o governo local em uma mudan\u00e7a mais permanente com foco nos problemas de seguran\u00e7a. Eles buscaram desestigmatizar e descriminalizar as popula\u00e7\u00f5es jovens e adultas que eram frequentemente expulsas dos espa\u00e7os com a suposi\u00e7\u00e3o de serem um perigo para o p\u00fablico, contestando acerca de quem podia e n\u00e3o podia ocupar aqueles espa\u00e7os.<\/span><\/p>\n<h3><b>Unindo o Urbanismo T\u00e1tico e a CPTED<\/b><\/h3>\n<p><span style=\"font-weight: 400;\">Em um outro lugar, em Santa Cruz, na Calif\u00f3rnia, os moradores da Lower Ocean Street formaram um <\/span><a href=\"http:\/\/bit.ly\/2vvKe3V\" target=\"_blank\" rel=\"noopener\"><span style=\"font-weight: 400;\">grupo informal do bairro<\/span><\/a><span style=\"font-weight: 400;\"> para<\/span> <a href=\"http:\/\/bit.ly\/2vbfkyL\" target=\"_blank\" rel=\"noopener\"><span style=\"font-weight: 400;\">tratar de problemas de seguran\u00e7a na \u00e1rea<\/span><\/a><span style=\"font-weight: 400;\">. Usando os princ\u00edpios da CPTED, pintaram por cima dos grafites, tiraram o lixo das ruas e proporcionaram atividades para as crian\u00e7as. Tornaram-se, tamb\u00e9m, defensores e se aproximaram do governo local para a instala\u00e7\u00e3o de ilumina\u00e7\u00e3o p\u00fablica, para a abertura de um novo parque e para o fechamento de um bar com liga\u00e7\u00f5es ao crime organizado. Lower Ocean Street teve uma queda de 70% na sua taxa de crimes nos tr\u00eas anos ap\u00f3s a forma\u00e7\u00e3o do grupo do bairro.<\/span><\/p>\n<p><span style=\"font-weight: 400;\">Esta discuss\u00e3o se baseia no potencial de mesclar o urbanismo t\u00e1tico e a CPTED. Usando interven\u00e7\u00f5es de pequena escala, baixo custo e em curto prazo, moradores locais podem ter o poder de atender as necessidades imediatas das comunidades, enquanto tamb\u00e9m <a href=\"http:\/\/bit.ly\/2le2AGx\" target=\"_blank\" rel=\"noopener\">mudam a percep\u00e7\u00e3o dos espa\u00e7os e das pessoas que os ocupam<\/a>. Estas estrat\u00e9gias s\u00e3o especialmente relevantes \u00e0s favelas do Rio de Janeiro, onde os servi\u00e7os municipais t\u00eam cronicamente servido mal as comunidades e onde as din\u00e2micas espaciais e o <\/span><a href=\"http:\/\/bit.ly\/P4itK0\" target=\"_blank\" rel=\"noopener\"><span style=\"font-weight: 400;\">e<\/span><span style=\"font-weight: 400;\">stigma<\/span><\/a> <span style=\"font-weight: 400;\">continuam<\/span><span style=\"font-weight: 400;\">\u00a0<\/span><a href=\"http:\/\/bit.ly\/16ogZS6\" target=\"_blank\" rel=\"noopener\"><span style=\"font-weight: 400;\">impedindo a seguran\u00e7a e a mobilidade econ\u00f4mica<\/span><\/a><span style=\"font-weight: 400;\">\u00a0dos moradores.<\/span><\/p>\n<p><span style=\"font-weight: 400;\">Sem d\u00favida, o urbanismo t\u00e1tico esteve presente nas favelas do Rio desde o primeiro dia, mesmo que n\u00e3o tenha sido conhecido como tal. Nas partes tr\u00eas e quatro desta s\u00e9rie, veremos exemplos na <\/span><a href=\"http:\/\/bit.ly\/110zVNZ\" target=\"_blank\" rel=\"noopener\"><span style=\"font-weight: 400;\">Babil\u00f4nia<\/span><\/a><span style=\"font-weight: 400;\"> e <\/span><a href=\"http:\/\/bit.ly\/UKOXUX\" target=\"_blank\" rel=\"noopener\"><span style=\"font-weight: 400;\">Asa Branca<\/span><\/a><span style=\"font-weight: 400;\">, respectivamente. Ao incorporar explicitamente o empoderamento dos moradores e levando em conta a democracia e a justi\u00e7a social, o planejamento conduzido pelos cidad\u00e3os sob a forma da CPTED t\u00e1tica tem o potencial de criar novos caminhos para a seguran\u00e7a, crescimento e desenvolvimento urbano.<\/span><\/p>\n<p><i>Esta \u00e9 a segunda mat\u00e9ria de uma <\/i><a href=\"http:\/\/bit.ly\/2zxm5Ab\" target=\"_blank\" rel=\"noopener\"><i>s\u00e9rie de quatro partes<\/i><\/a><i> sobre a\u00a0<\/i><em>Preven\u00e7\u00e3o de Crimes Atrav\u00e9s do Design Ambiental (CPTED)<\/em>.<\/p>\n<p><em>Mayu Takeda \u00e9 mestranda em planejamento urbano na Harvard Graduate School of Design.<\/em><\/p>\n<!-- AddThis Advanced Settings generic via filter on the_content --><!-- AddThis Share Buttons generic via filter on the_content -->","protected":false},"excerpt":{"rendered":"<div class=\"mh-excerpt\"><p>Click Here for English Esta \u00e9 a segunda mat\u00e9ria de uma s\u00e9rie de quatro partes sobre a\u00a0Preven\u00e7\u00e3o de Crimes Atrav\u00e9s do Design Ambiental (CPTED). Quando se trata das favelas do Rio, algo est\u00e1 claro&#8211;particularmente com <a class=\"mh-excerpt-more\" href=\"https:\/\/rioonwatch.org.br\/?p=29325\" title=\"N\u00e3o Aguarde O Urbanista: O Potencial do Urbanismo T\u00e1tico + CPTED nas Favelas do Rio\">[&#8230;]<\/a><!-- AddThis Advanced Settings generic via filter on get_the_excerpt --><!-- AddThis Share Buttons generic via filter on get_the_excerpt --><\/p>\n<\/div>","protected":false},"author":129,"featured_media":29329,"comment_status":"closed","ping_status":"closed","sticky":false,"template":"","format":"standard","meta":{"_acf_changed":false,"_monsterinsights_skip_tracking":false,"_monsterinsights_sitenote_active":false,"_monsterinsights_sitenote_note":"","_monsterinsights_sitenote_category":0,"footnotes":""},"categories":[1618,1621,1615,1632,1626,1616,1612,342],"tags":[386,321,837,759,2226,688,818,1151,708,417,304,812,279,672,2236,1347,476],"writer":[2225],"translator":[1875],"source":[],"ilustrador":[],"fotografo":[],"class_list":{"0":"post-29325","1":"post","2":"type-post","3":"status-publish","4":"format-standard","5":"has-post-thumbnail","7":"category-olhonaparticipacao","8":"category-destaque","9":"category-cultura-da-favela","10":"category-pesquisa-e-analise","11":"category-por-observadores-internacionais","12":"category-qualidades-da-favela","13":"category-sociedade-civil","14":"category-solucoes","15":"tag-estigma","16":"tag-asa-branca","17":"tag-auto-planejamento","18":"tag-comparacao-internacional","19":"tag-cpted","20":"tag-empoderamento","21":"tag-eua","22":"tag-organizacao","23":"tag-morro-da-babilonia","24":"tag-negligencia-do-estado","25":"tag-participacao","26":"tag-planejamento-urbano","27":"tag-seguranca","28":"tag-seguranca-publica","29":"tag-serie-cpted","30":"tag-solucao","31":"tag-solucao-comunitaria","32":"writer-mayu-takeda","33":"translator-marina-hennies"},"acf":[],"yoast_head":"<!-- This site is optimized with the Yoast SEO plugin v25.6 - https:\/\/yoast.com\/wordpress\/plugins\/seo\/ -->\n<title>N\u00e3o Aguarde O Urbanista: O Potencial do Urbanismo T\u00e1tico + CPTED nas Favelas do Rio - RioOnWatch<\/title>\n<meta name=\"robots\" content=\"index, follow, max-snippet:-1, max-image-preview:large, max-video-preview:-1\" \/>\n<link rel=\"canonical\" href=\"https:\/\/rioonwatch.org.br\/?p=29325\" \/>\n<meta property=\"og:locale\" content=\"pt_BR\" \/>\n<meta property=\"og:type\" content=\"article\" \/>\n<meta property=\"og:title\" content=\"N\u00e3o Aguarde O Urbanista: O Potencial do Urbanismo T\u00e1tico + CPTED nas Favelas do Rio - RioOnWatch\" \/>\n<meta property=\"og:description\" content=\"Click Here for English Esta \u00e9 a segunda mat\u00e9ria de uma s\u00e9rie de quatro partes sobre a\u00a0Preven\u00e7\u00e3o de Crimes Atrav\u00e9s do Design Ambiental (CPTED). Quando se trata das favelas do Rio, algo est\u00e1 claro&#8211;particularmente com [...]\" \/>\n<meta property=\"og:url\" content=\"https:\/\/rioonwatch.org.br\/?p=29325\" \/>\n<meta property=\"og:site_name\" content=\"RioOnWatch\" \/>\n<meta property=\"article:published_time\" content=\"2017-11-04T19:07:52+00:00\" \/>\n<meta property=\"article:modified_time\" content=\"2019-01-23T13:09:38+00:00\" \/>\n<meta property=\"og:image\" content=\"https:\/\/rioonwatch.org.br\/wp-content\/uploads\/2017\/11\/35402229845_2a192a2f35_k.jpg\" \/>\n\t<meta property=\"og:image:width\" content=\"2048\" \/>\n\t<meta property=\"og:image:height\" content=\"1151\" \/>\n\t<meta property=\"og:image:type\" content=\"image\/jpeg\" \/>\n<meta name=\"author\" content=\"Admin\" \/>\n<meta name=\"twitter:card\" content=\"summary_large_image\" \/>\n<meta name=\"twitter:label1\" content=\"Escrito por\" \/>\n\t<meta name=\"twitter:data1\" content=\"Admin\" \/>\n\t<meta name=\"twitter:label2\" content=\"Est. tempo de leitura\" \/>\n\t<meta name=\"twitter:data2\" content=\"8 minutos\" \/>\n<script type=\"application\/ld+json\" class=\"yoast-schema-graph\">{\"@context\":\"https:\/\/schema.org\",\"@graph\":[{\"@type\":\"Article\",\"@id\":\"https:\/\/rioonwatch.org.br\/?p=29325#article\",\"isPartOf\":{\"@id\":\"https:\/\/rioonwatch.org.br\/?p=29325\"},\"author\":{\"name\":\"Admin\",\"@id\":\"https:\/\/rioonwatch.org.br\/#\/schema\/person\/11d64c290506f9df50c71b850c473f68\"},\"headline\":\"N\u00e3o Aguarde O Urbanista: O Potencial do Urbanismo T\u00e1tico + CPTED nas Favelas do Rio\",\"datePublished\":\"2017-11-04T19:07:52+00:00\",\"dateModified\":\"2019-01-23T13:09:38+00:00\",\"mainEntityOfPage\":{\"@id\":\"https:\/\/rioonwatch.org.br\/?p=29325\"},\"wordCount\":1575,\"publisher\":{\"@id\":\"https:\/\/rioonwatch.org.br\/#organization\"},\"image\":{\"@id\":\"https:\/\/rioonwatch.org.br\/?p=29325#primaryimage\"},\"thumbnailUrl\":\"https:\/\/rioonwatch.org.br\/wp-content\/uploads\/2017\/11\/35402229845_2a192a2f35_k.jpg\",\"keywords\":[\"#StopFavelaStigma\",\"Asa Branca\",\"auto-planejamento\",\"compara\u00e7\u00e3o internacional\",\"CPTED\",\"empoderamento\",\"EUA\",\"mobiliza\u00e7\u00e3o\",\"Morro da Babil\u00f4nia\",\"Neglig\u00eancia do Estado\",\"participa\u00e7\u00e3o\",\"planejamento urbano\",\"seguran\u00e7a\",\"seguran\u00e7a p\u00fablica\",\"S\u00e9rie: CPTED\",\"solu\u00e7\u00e3o\",\"solu\u00e7\u00e3o comunit\u00e1ria\"],\"articleSection\":[\"#OlhoNaParticipa\u00e7\u00e3o\",\"*Destaque\",\"Cultura da Favela\",\"Dados e Pesquisa\",\"Escrito por Aliados\",\"Qualidades da Favela\",\"Sociedade Civil\",\"Solu\u00e7\u00f5es\"],\"inLanguage\":\"pt-BR\"},{\"@type\":\"WebPage\",\"@id\":\"https:\/\/rioonwatch.org.br\/?p=29325\",\"url\":\"https:\/\/rioonwatch.org.br\/?p=29325\",\"name\":\"N\u00e3o Aguarde O Urbanista: O Potencial do Urbanismo T\u00e1tico + CPTED nas Favelas do Rio - RioOnWatch\",\"isPartOf\":{\"@id\":\"https:\/\/rioonwatch.org.br\/#website\"},\"primaryImageOfPage\":{\"@id\":\"https:\/\/rioonwatch.org.br\/?p=29325#primaryimage\"},\"image\":{\"@id\":\"https:\/\/rioonwatch.org.br\/?p=29325#primaryimage\"},\"thumbnailUrl\":\"https:\/\/rioonwatch.org.br\/wp-content\/uploads\/2017\/11\/35402229845_2a192a2f35_k.jpg\",\"datePublished\":\"2017-11-04T19:07:52+00:00\",\"dateModified\":\"2019-01-23T13:09:38+00:00\",\"breadcrumb\":{\"@id\":\"https:\/\/rioonwatch.org.br\/?p=29325#breadcrumb\"},\"inLanguage\":\"pt-BR\",\"potentialAction\":[{\"@type\":\"ReadAction\",\"target\":[\"https:\/\/rioonwatch.org.br\/?p=29325\"]}]},{\"@type\":\"ImageObject\",\"inLanguage\":\"pt-BR\",\"@id\":\"https:\/\/rioonwatch.org.br\/?p=29325#primaryimage\",\"url\":\"https:\/\/rioonwatch.org.br\/wp-content\/uploads\/2017\/11\/35402229845_2a192a2f35_k.jpg\",\"contentUrl\":\"https:\/\/rioonwatch.org.br\/wp-content\/uploads\/2017\/11\/35402229845_2a192a2f35_k.jpg\",\"width\":2048,\"height\":1151},{\"@type\":\"BreadcrumbList\",\"@id\":\"https:\/\/rioonwatch.org.br\/?p=29325#breadcrumb\",\"itemListElement\":[{\"@type\":\"ListItem\",\"position\":1,\"name\":\"In\u00edcio\",\"item\":\"https:\/\/rioonwatch.org.br\/\"},{\"@type\":\"ListItem\",\"position\":2,\"name\":\"N\u00e3o Aguarde O Urbanista: O Potencial do Urbanismo T\u00e1tico + CPTED nas Favelas do Rio\"}]},{\"@type\":\"WebSite\",\"@id\":\"https:\/\/rioonwatch.org.br\/#website\",\"url\":\"https:\/\/rioonwatch.org.br\/\",\"name\":\"RioOnWatch\",\"description\":\"relatos das favelas cariocas\",\"publisher\":{\"@id\":\"https:\/\/rioonwatch.org.br\/#organization\"},\"potentialAction\":[{\"@type\":\"SearchAction\",\"target\":{\"@type\":\"EntryPoint\",\"urlTemplate\":\"https:\/\/rioonwatch.org.br\/?s={search_term_string}\"},\"query-input\":{\"@type\":\"PropertyValueSpecification\",\"valueRequired\":true,\"valueName\":\"search_term_string\"}}],\"inLanguage\":\"pt-BR\"},{\"@type\":\"Organization\",\"@id\":\"https:\/\/rioonwatch.org.br\/#organization\",\"name\":\"RioOnWatch\",\"url\":\"https:\/\/rioonwatch.org.br\/\",\"logo\":{\"@type\":\"ImageObject\",\"inLanguage\":\"pt-BR\",\"@id\":\"https:\/\/rioonwatch.org.br\/#\/schema\/logo\/image\/\",\"url\":\"https:\/\/rioonwatch.org.br\/wp-content\/uploads\/2021\/06\/RioOnWatchcabecalhoPT11anos-2.png\",\"contentUrl\":\"https:\/\/rioonwatch.org.br\/wp-content\/uploads\/2021\/06\/RioOnWatchcabecalhoPT11anos-2.png\",\"width\":779,\"height\":277,\"caption\":\"RioOnWatch\"},\"image\":{\"@id\":\"https:\/\/rioonwatch.org.br\/#\/schema\/logo\/image\/\"}},{\"@type\":\"Person\",\"@id\":\"https:\/\/rioonwatch.org.br\/#\/schema\/person\/11d64c290506f9df50c71b850c473f68\",\"name\":\"Admin\",\"image\":{\"@type\":\"ImageObject\",\"inLanguage\":\"pt-BR\",\"@id\":\"https:\/\/rioonwatch.org.br\/#\/schema\/person\/image\/\",\"url\":\"https:\/\/secure.gravatar.com\/avatar\/56211ac74568383903349a1485e3c325?s=96&d=blank&r=g\",\"contentUrl\":\"https:\/\/secure.gravatar.com\/avatar\/56211ac74568383903349a1485e3c325?s=96&d=blank&r=g\",\"caption\":\"Admin\"},\"url\":\"https:\/\/rioonwatch.org.br\/?author=129\"}]}<\/script>\n<!-- \/ Yoast SEO plugin. -->","yoast_head_json":{"title":"N\u00e3o Aguarde O Urbanista: O Potencial do Urbanismo T\u00e1tico + CPTED nas Favelas do Rio - RioOnWatch","robots":{"index":"index","follow":"follow","max-snippet":"max-snippet:-1","max-image-preview":"max-image-preview:large","max-video-preview":"max-video-preview:-1"},"canonical":"https:\/\/rioonwatch.org.br\/?p=29325","og_locale":"pt_BR","og_type":"article","og_title":"N\u00e3o Aguarde O Urbanista: O Potencial do Urbanismo T\u00e1tico + CPTED nas Favelas do Rio - RioOnWatch","og_description":"Click Here for English Esta \u00e9 a segunda mat\u00e9ria de uma s\u00e9rie de quatro partes sobre a\u00a0Preven\u00e7\u00e3o de Crimes Atrav\u00e9s do Design Ambiental (CPTED). Quando se trata das favelas do Rio, algo est\u00e1 claro&#8211;particularmente com [...]","og_url":"https:\/\/rioonwatch.org.br\/?p=29325","og_site_name":"RioOnWatch","article_published_time":"2017-11-04T19:07:52+00:00","article_modified_time":"2019-01-23T13:09:38+00:00","og_image":[{"width":2048,"height":1151,"url":"https:\/\/rioonwatch.org.br\/wp-content\/uploads\/2017\/11\/35402229845_2a192a2f35_k.jpg","type":"image\/jpeg"}],"author":"Admin","twitter_card":"summary_large_image","twitter_misc":{"Escrito por":"Admin","Est. tempo de leitura":"8 minutos"},"schema":{"@context":"https:\/\/schema.org","@graph":[{"@type":"Article","@id":"https:\/\/rioonwatch.org.br\/?p=29325#article","isPartOf":{"@id":"https:\/\/rioonwatch.org.br\/?p=29325"},"author":{"name":"Admin","@id":"https:\/\/rioonwatch.org.br\/#\/schema\/person\/11d64c290506f9df50c71b850c473f68"},"headline":"N\u00e3o Aguarde O Urbanista: O Potencial do Urbanismo T\u00e1tico + CPTED nas Favelas do Rio","datePublished":"2017-11-04T19:07:52+00:00","dateModified":"2019-01-23T13:09:38+00:00","mainEntityOfPage":{"@id":"https:\/\/rioonwatch.org.br\/?p=29325"},"wordCount":1575,"publisher":{"@id":"https:\/\/rioonwatch.org.br\/#organization"},"image":{"@id":"https:\/\/rioonwatch.org.br\/?p=29325#primaryimage"},"thumbnailUrl":"https:\/\/rioonwatch.org.br\/wp-content\/uploads\/2017\/11\/35402229845_2a192a2f35_k.jpg","keywords":["#StopFavelaStigma","Asa Branca","auto-planejamento","compara\u00e7\u00e3o internacional","CPTED","empoderamento","EUA","mobiliza\u00e7\u00e3o","Morro da Babil\u00f4nia","Neglig\u00eancia do Estado","participa\u00e7\u00e3o","planejamento urbano","seguran\u00e7a","seguran\u00e7a p\u00fablica","S\u00e9rie: CPTED","solu\u00e7\u00e3o","solu\u00e7\u00e3o comunit\u00e1ria"],"articleSection":["#OlhoNaParticipa\u00e7\u00e3o","*Destaque","Cultura da Favela","Dados e Pesquisa","Escrito por Aliados","Qualidades da Favela","Sociedade Civil","Solu\u00e7\u00f5es"],"inLanguage":"pt-BR"},{"@type":"WebPage","@id":"https:\/\/rioonwatch.org.br\/?p=29325","url":"https:\/\/rioonwatch.org.br\/?p=29325","name":"N\u00e3o Aguarde O Urbanista: O Potencial do Urbanismo T\u00e1tico + CPTED nas Favelas do Rio - RioOnWatch","isPartOf":{"@id":"https:\/\/rioonwatch.org.br\/#website"},"primaryImageOfPage":{"@id":"https:\/\/rioonwatch.org.br\/?p=29325#primaryimage"},"image":{"@id":"https:\/\/rioonwatch.org.br\/?p=29325#primaryimage"},"thumbnailUrl":"https:\/\/rioonwatch.org.br\/wp-content\/uploads\/2017\/11\/35402229845_2a192a2f35_k.jpg","datePublished":"2017-11-04T19:07:52+00:00","dateModified":"2019-01-23T13:09:38+00:00","breadcrumb":{"@id":"https:\/\/rioonwatch.org.br\/?p=29325#breadcrumb"},"inLanguage":"pt-BR","potentialAction":[{"@type":"ReadAction","target":["https:\/\/rioonwatch.org.br\/?p=29325"]}]},{"@type":"ImageObject","inLanguage":"pt-BR","@id":"https:\/\/rioonwatch.org.br\/?p=29325#primaryimage","url":"https:\/\/rioonwatch.org.br\/wp-content\/uploads\/2017\/11\/35402229845_2a192a2f35_k.jpg","contentUrl":"https:\/\/rioonwatch.org.br\/wp-content\/uploads\/2017\/11\/35402229845_2a192a2f35_k.jpg","width":2048,"height":1151},{"@type":"BreadcrumbList","@id":"https:\/\/rioonwatch.org.br\/?p=29325#breadcrumb","itemListElement":[{"@type":"ListItem","position":1,"name":"In\u00edcio","item":"https:\/\/rioonwatch.org.br\/"},{"@type":"ListItem","position":2,"name":"N\u00e3o Aguarde O Urbanista: O Potencial do Urbanismo T\u00e1tico + CPTED nas Favelas do Rio"}]},{"@type":"WebSite","@id":"https:\/\/rioonwatch.org.br\/#website","url":"https:\/\/rioonwatch.org.br\/","name":"RioOnWatch","description":"relatos das favelas cariocas","publisher":{"@id":"https:\/\/rioonwatch.org.br\/#organization"},"potentialAction":[{"@type":"SearchAction","target":{"@type":"EntryPoint","urlTemplate":"https:\/\/rioonwatch.org.br\/?s={search_term_string}"},"query-input":{"@type":"PropertyValueSpecification","valueRequired":true,"valueName":"search_term_string"}}],"inLanguage":"pt-BR"},{"@type":"Organization","@id":"https:\/\/rioonwatch.org.br\/#organization","name":"RioOnWatch","url":"https:\/\/rioonwatch.org.br\/","logo":{"@type":"ImageObject","inLanguage":"pt-BR","@id":"https:\/\/rioonwatch.org.br\/#\/schema\/logo\/image\/","url":"https:\/\/rioonwatch.org.br\/wp-content\/uploads\/2021\/06\/RioOnWatchcabecalhoPT11anos-2.png","contentUrl":"https:\/\/rioonwatch.org.br\/wp-content\/uploads\/2021\/06\/RioOnWatchcabecalhoPT11anos-2.png","width":779,"height":277,"caption":"RioOnWatch"},"image":{"@id":"https:\/\/rioonwatch.org.br\/#\/schema\/logo\/image\/"}},{"@type":"Person","@id":"https:\/\/rioonwatch.org.br\/#\/schema\/person\/11d64c290506f9df50c71b850c473f68","name":"Admin","image":{"@type":"ImageObject","inLanguage":"pt-BR","@id":"https:\/\/rioonwatch.org.br\/#\/schema\/person\/image\/","url":"https:\/\/secure.gravatar.com\/avatar\/56211ac74568383903349a1485e3c325?s=96&d=blank&r=g","contentUrl":"https:\/\/secure.gravatar.com\/avatar\/56211ac74568383903349a1485e3c325?s=96&d=blank&r=g","caption":"Admin"},"url":"https:\/\/rioonwatch.org.br\/?author=129"}]}},"_links":{"self":[{"href":"https:\/\/rioonwatch.org.br\/index.php?rest_route=\/wp\/v2\/posts\/29325"}],"collection":[{"href":"https:\/\/rioonwatch.org.br\/index.php?rest_route=\/wp\/v2\/posts"}],"about":[{"href":"https:\/\/rioonwatch.org.br\/index.php?rest_route=\/wp\/v2\/types\/post"}],"author":[{"embeddable":true,"href":"https:\/\/rioonwatch.org.br\/index.php?rest_route=\/wp\/v2\/users\/129"}],"replies":[{"embeddable":true,"href":"https:\/\/rioonwatch.org.br\/index.php?rest_route=%2Fwp%2Fv2%2Fcomments&post=29325"}],"version-history":[{"count":26,"href":"https:\/\/rioonwatch.org.br\/index.php?rest_route=\/wp\/v2\/posts\/29325\/revisions"}],"predecessor-version":[{"id":38530,"href":"https:\/\/rioonwatch.org.br\/index.php?rest_route=\/wp\/v2\/posts\/29325\/revisions\/38530"}],"wp:featuredmedia":[{"embeddable":true,"href":"https:\/\/rioonwatch.org.br\/index.php?rest_route=\/wp\/v2\/media\/29329"}],"wp:attachment":[{"href":"https:\/\/rioonwatch.org.br\/index.php?rest_route=%2Fwp%2Fv2%2Fmedia&parent=29325"}],"wp:term":[{"taxonomy":"category","embeddable":true,"href":"https:\/\/rioonwatch.org.br\/index.php?rest_route=%2Fwp%2Fv2%2Fcategories&post=29325"},{"taxonomy":"post_tag","embeddable":true,"href":"https:\/\/rioonwatch.org.br\/index.php?rest_route=%2Fwp%2Fv2%2Ftags&post=29325"},{"taxonomy":"writer","embeddable":true,"href":"https:\/\/rioonwatch.org.br\/index.php?rest_route=%2Fwp%2Fv2%2Fwriter&post=29325"},{"taxonomy":"translator","embeddable":true,"href":"https:\/\/rioonwatch.org.br\/index.php?rest_route=%2Fwp%2Fv2%2Ftranslator&post=29325"},{"taxonomy":"source","embeddable":true,"href":"https:\/\/rioonwatch.org.br\/index.php?rest_route=%2Fwp%2Fv2%2Fsource&post=29325"},{"taxonomy":"ilustrador","embeddable":true,"href":"https:\/\/rioonwatch.org.br\/index.php?rest_route=%2Fwp%2Fv2%2Filustrador&post=29325"},{"taxonomy":"fotografo","embeddable":true,"href":"https:\/\/rioonwatch.org.br\/index.php?rest_route=%2Fwp%2Fv2%2Ffotografo&post=29325"}],"curies":[{"name":"wp","href":"https:\/\/api.w.org\/{rel}","templated":true}]}}