{"id":29490,"date":"2017-11-11T09:47:53","date_gmt":"2017-11-11T12:47:53","guid":{"rendered":"http:\/\/rioonwatch.org.br\/?p=29490"},"modified":"2017-11-15T12:09:38","modified_gmt":"2017-11-15T15:09:38","slug":"a-casa-e-derrubada-maria-da-penha-nao-a-permanencia-da-memoria-na-vila-autodromo","status":"publish","type":"post","link":"https:\/\/rioonwatch.org.br\/?p=29490","title":{"rendered":"&#8216;A Casa \u00e9 Derrubada, Maria da Penha N\u00e3o&#8217;: A Perman\u00eancia da Mem\u00f3ria na Vila Aut\u00f3dromo"},"content":{"rendered":"<p style=\"text-align: right;\"><em><strong><a href=\"http:\/\/bit.ly\/2yISz6w\" target=\"_blank\" rel=\"noopener noreferrer\">Click Here for English<img decoding=\"async\" width=\"20\" height=\"20\" class=\"alignright wp-image-15790\" src=\"http:\/\/rioonwatch.org.br\/wp-content\/uploads\/2012\/08\/EN-standard-e1439583104716.jpg\" alt=\"\" \/><\/a><\/strong><\/em><\/p>\n<p>\u201cA casa \u00e9 derrubada, <a href=\"http:\/\/bit.ly\/1pcDODu\" target=\"_blank\" rel=\"noopener\">Maria da Penha<\/a> n\u00e3o.\u201d Foi com essa frase, repetida in\u00fameras vezes em um v\u00eddeo projetado na parede da <a href=\"http:\/\/bit.ly\/2gxIB4d\" target=\"_blank\" rel=\"noopener\">Casa de Estudos Urbanos<\/a>, que iniciou-se a fala p\u00fablica sobre o projeto <a href=\"http:\/\/bit.ly\/2yMYpaW\" target=\"_blank\" rel=\"noopener\">C\u00e9u Aberto<\/a> na \u00faltima ter\u00e7a-feira, dia 7 de novembro, denotando que a mem\u00f3ria da Vila Aut\u00f3dromo vive nos corpos e na luta de seus moradores, dos quais <a href=\"http:\/\/bit.ly\/1pcDODu\" target=\"_blank\" rel=\"noopener\">Maria da Penha talvez seja a mais ilustre<\/a>. Desenvolvido pelos moradores da <a href=\"http:\/\/bit.ly\/Nfddvg\" target=\"_blank\" rel=\"noopener\">Vila Aut\u00f3dromo<\/a>\u00a0juntamente a um grupo de artistas, arquitetos, pesquisadores e curadores, o projeto C\u00e9u Aberto faz parte de uma iniciativa desenvolvida pelo <a href=\"http:\/\/bit.ly\/2AqsFFg\" target=\"_blank\" rel=\"noopener\">Instituto Goethe<\/a> em seis cidades da Am\u00e9rica Latina chamada <a href=\"http:\/\/bit.ly\/2Au4eHz\" target=\"_blank\" rel=\"noopener\">O Futuro da Mem\u00f3ria<\/a>. A iniciativa busca articular a <a href=\"http:\/\/bit.ly\/1OcSEDn\" target=\"_blank\" rel=\"noopener\">mem\u00f3ria<\/a> aos processos hist\u00f3ricos de <a href=\"http:\/\/bit.ly\/1zLJ2W9\" target=\"_blank\" rel=\"noopener\">viol\u00eancia do Estado<\/a>, conflitos armados e movimentos de <a href=\"http:\/\/bit.ly\/1piRAgk\" target=\"_blank\" rel=\"noopener\">resist\u00eancia<\/a> social, buscando disputar as narrativas oficiais e contribuir para as lutas locais.<\/p>\n<p>\u201cA luta n\u00e3o acabou. A Vila formava uma grande fam\u00edlia que infelizmente foi dividida. Mas conseguimos nos reerguer e formar uma nova fam\u00edlia com todos os apoiadores. E agora \u00e9 hora de honrar a luta de cada morador que lutou pela comunidade e cada apoiador. Aqui tudo foi sempre feito no amor e de forma coletiva. Quando realizamos um protesto interrompendo o tr\u00e2nsito, pensamos em como pod\u00edamos tornar a situa\u00e7\u00e3o mais agrad\u00e1vel para quem n\u00e3o tinha nada a ver com isso. <a href=\"http:\/\/bit.ly\/1tF9GSe\" target=\"_blank\" rel=\"noopener\">A gente fez um caf\u00e9 da manh\u00e3 pra servir<\/a>, explicando a causa, por que a gente estava incomodando, e teve uma troca muito legal. Um protesto com um cafezinho e um biscoitinho arranca um sorriso. <a href=\"http:\/\/bit.ly\/2blISo8\" target=\"_blank\" rel=\"noopener\">\u00c9 uma luta com amor, com alegria<\/a>\u201d, resumiu Maria da Penha.<\/p>\n<p><a href=\"http:\/\/rioonwatch.org.br\/wp-content\/uploads\/2017\/11\/VA4.jpg\"><img fetchpriority=\"high\" decoding=\"async\" class=\"aligncenter wp-image-29491 size-content\" title=\"Foto: Luiz Claudio.\" src=\"http:\/\/rioonwatch.org.br\/wp-content\/uploads\/2017\/11\/VA4-620x264.jpg\" alt=\"\" width=\"620\" height=\"264\" srcset=\"https:\/\/rioonwatch.org.br\/wp-content\/uploads\/2017\/11\/VA4-620x264.jpg 620w, https:\/\/rioonwatch.org.br\/wp-content\/uploads\/2017\/11\/VA4-940x400.jpg 940w\" sizes=\"(max-width: 620px) 100vw, 620px\" \/><\/a><\/p>\n<p>A partir de oficinas realizadas com os moradores para estimular a recupera\u00e7\u00e3o de s\u00edmbolos e lembran\u00e7as, para entender as proje\u00e7\u00f5es e vontades para aquele espa\u00e7o urbano e para estimular a express\u00e3o corporal, foram desenvolvidas <a href=\"http:\/\/bit.ly\/2zqbg2n\" target=\"_blank\" rel=\"noopener\">interven\u00e7\u00f5es art\u00edsticas e urbanas na comunidade<\/a>. As interven\u00e7\u00f5es integram o <a href=\"http:\/\/bit.ly\/2rPGSHs\" target=\"_blank\" rel=\"noopener\">Museu das Remo\u00e7\u00f5es<\/a>, um <a href=\"http:\/\/bit.ly\/2r8iRxL\" target=\"_blank\" rel=\"noopener\">museu a c\u00e9u aberto<\/a> que se aproveita dos restos de casas demolidas e dejetos de obras abandonadas para contar a hist\u00f3ria daqueles que n\u00e3o s\u00e3o tradicionalmente lembrados na historiografia oficial. \u00c9 um museu que tem sede, mas que ocorre tamb\u00e9m fora das paredes dela, na rua, no resto, no corpo e na voz de cada morador e apoiador da luta.<\/p>\n<p><a href=\"http:\/\/rioonwatch.org.br\/wp-content\/uploads\/2017\/11\/VA7.png\"><img decoding=\"async\" class=\"aligncenter wp-image-29501 size-content\" title=\"Bandeira sinalizando a resist\u00eancia e a pr\u00f3pria Vila. Foto: Goethe Institut.\" src=\"http:\/\/rioonwatch.org.br\/wp-content\/uploads\/2017\/11\/VA7-620x264.png\" alt=\"\" width=\"620\" height=\"264\" \/><\/a><\/p>\n<p>Um resultado das oficinas foi a recupera\u00e7\u00e3o da lembran\u00e7a de uma bandeira do Brasil que, em um epis\u00f3dio em que a prefeitura entendeu a presen\u00e7a da bandeira durante uma festa de anivers\u00e1rio na comunidade como um protesto, foi ordenada a ser retirada. A bandeira, que antes n\u00e3o tinha um simbolismo maior para os moradores do que para qualquer outro brasileiro, tornou-se um elemento de <a href=\"http:\/\/bit.ly\/1piRAgk\" target=\"_blank\" rel=\"noopener\">resist\u00eancia<\/a>. Assim, foram produzidas v\u00e1rias bandeiras, que hoje servem a dupla fun\u00e7\u00e3o de concretizar a mem\u00f3ria e realizar uma fun\u00e7\u00e3o est\u00e9tica de visibilidade, de sinalizar para os motoristas que passam pelas vias expressas que a circundam a exist\u00eancia de uma comunidade, <a href=\"http:\/\/bit.ly\/2nTDJqX\" target=\"_blank\" rel=\"noopener\">hoje pequena e quase invisibilizada no meio do concreto do seu entorno<\/a>. A ideia inicial era apenas colocar uma placa que servisse o prop\u00f3sito de sinalizar a exist\u00eancia da Vila para quem passasse, mas a partir das oficinas participativas percebeu-se que haviam outros espa\u00e7os simb\u00f3licos a serem disputados.<\/p>\n<p><a href=\"http:\/\/rioonwatch.org.br\/wp-content\/uploads\/2017\/11\/VA8.jpg\"><img loading=\"lazy\" decoding=\"async\" class=\"aligncenter wp-image-29497 size-content\" title=\"Churrasqueira port\u00e1til sobre um carrinho de m\u00e3o. Foto: Goethe Institut.\" src=\"http:\/\/rioonwatch.org.br\/wp-content\/uploads\/2017\/11\/VA8-620x264.jpg\" alt=\"\" width=\"620\" height=\"264\" \/><\/a><\/p>\n<p>Outra dimens\u00e3o importante do projeto foi a retomada dos espa\u00e7os p\u00fablicos negados pela interven\u00e7\u00e3o da prefeitura, que <a href=\"http:\/\/bit.ly\/1khmTxR\" target=\"_blank\" rel=\"noopener\">desarticulou a \u00e1rea de lazer das crian\u00e7as<\/a>, <a href=\"http:\/\/bit.ly\/25y5Vx4\" target=\"_blank\" rel=\"noopener\">reduziu a \u00e1rea verde<\/a> e acabou com as esquinas da comunidade, entendidas como espa\u00e7o de encontro, ao transform\u00e1-la em uma \u00fanica rua. Para isso, dentro do or\u00e7amento dispon\u00edvel, optou-se pela confec\u00e7\u00e3o de uma churrasqueira port\u00e1til como mobili\u00e1rio urbano que permitisse a retomada desse espa\u00e7o p\u00fablico, especialmente simb\u00f3lica pelo hist\u00f3rico de churrascos coletivos promovidos nos eventos de ocupa\u00e7\u00e3o cultural e resist\u00eancia da comunidade, e pela constru\u00e7\u00e3o de uma pra\u00e7a. A op\u00e7\u00e3o por construir uma pra\u00e7a com pedras refletiu uma reivindica\u00e7\u00e3o vocalizada por <a href=\"http:\/\/bit.ly\/2xy0iqh\" target=\"_blank\" rel=\"noopener\">Sandra Maria<\/a>, uma das l\u00edderes da resist\u00eancia na comunidade, na \u00e9poca, de que mesmo que a verba fosse pouca, os moradores n\u00e3o queriam mais nada provis\u00f3rio, queriam algo fixo, que permanecesse no ambiente.<\/p>\n<p><a href=\"http:\/\/rioonwatch.org.br\/wp-content\/uploads\/2017\/11\/IMG_20170902_172722699_HDR.gif\"><img loading=\"lazy\" decoding=\"async\" class=\"aligncenter wp-image-29499 size-content\" title=\"Inaugura\u00e7\u00e3o da pra\u00e7a. Foto: Goethe Institut.\" src=\"http:\/\/rioonwatch.org.br\/wp-content\/uploads\/2017\/11\/IMG_20170902_172722699_HDR-620x264.gif\" alt=\"\" width=\"620\" height=\"264\" \/><\/a><\/p>\n<p>Houve ainda a realiza\u00e7\u00e3o de uma cartografia do acervo de imagens constru\u00eddo pelo <a href=\"http:\/\/bit.ly\/2y4Isw7\" target=\"_blank\" rel=\"noopener\">Luiz Cl\u00e1udio Silva<\/a>, morador e documentarista ativista, como ele foi definido pelos participantes do projeto. Ao examinarem as milhares de fotografias que documentavam o processo de luta e tamb\u00e9m as alegrias, e tentarem mapear a l\u00f3gica de sua organiza\u00e7\u00e3o, perceberam que elas estavam organizadas em pastas que levavam o nome do evento em que foram tirados, do aniversariante da festa, de uma data simb\u00f3lica, de um elemento que distingue a comunidade das outras, de um morador espec\u00edfico. Assim, chegaram \u00e0 conclus\u00e3o que o elemento orientador dessa cataloga\u00e7\u00e3o era o afeto e chamaram-na de uma cartografia afetiva.<\/p>\n<p>\u201cPor mais de um ano eu ganhei a presen\u00e7a dessas novas pessoas na comunidade e foi encantador. O projeto foi feito no amor. <a href=\"http:\/\/bit.ly\/1JeDBbH\" target=\"_blank\" rel=\"noopener\">Criamos um grande la\u00e7o, que n\u00e3o tem pre\u00e7o<\/a>: do carinho, da fraternidade, da compaix\u00e3o, do entendimento, do abra\u00e7o, da partilha. A gente aprende um pouco de <a href=\"http:\/\/bit.ly\/1U9DcMd\" target=\"_blank\" rel=\"noopener\">arquitetura<\/a>, de <a href=\"http:\/\/bit.ly\/1N7w66v\" target=\"_blank\" rel=\"noopener\">arte<\/a>, de <a href=\"http:\/\/bit.ly\/1TDWJkq\" target=\"_blank\" rel=\"noopener\">m\u00fasica<\/a>. \u00c9 uma grande troca. Espero que esse trabalho continue em outras comunidades e lhes d\u00ea voz e que a gente possa continuar trabalhando em coletivo e crescendo essa grande fam\u00edlia\u201d, disse Maria da Penha. Essas visitas e conversas foram compiladas em uma publica\u00e7\u00e3o-gloss\u00e1rio intitulada &#8220;<a href=\"http:\/\/bit.ly\/2yMkgiM\" target=\"_blank\" rel=\"noopener\">vocabul\u00e1rios em movimento \/\\ vidas em resist\u00eancia<\/a>&#8220;.<\/p>\n<p><a href=\"http:\/\/rioonwatch.org.br\/wp-content\/uploads\/2017\/11\/37467103426_db8d718aa3_o.jpg\"><img loading=\"lazy\" decoding=\"async\" class=\"aligncenter wp-image-29496 size-content\" title=\"Estandarte que figurou em v\u00e1rias a\u00e7\u00f5es de ocupa\u00e7\u00e3o e resist\u00eancia. Foto: Tyler Strobl.\" src=\"http:\/\/rioonwatch.org.br\/wp-content\/uploads\/2017\/11\/37467103426_db8d718aa3_o-620x264.jpg\" alt=\"\" width=\"620\" height=\"264\" srcset=\"https:\/\/rioonwatch.org.br\/wp-content\/uploads\/2017\/11\/37467103426_db8d718aa3_o-620x264.jpg 620w, https:\/\/rioonwatch.org.br\/wp-content\/uploads\/2017\/11\/37467103426_db8d718aa3_o-940x400.jpg 940w\" sizes=\"(max-width: 620px) 100vw, 620px\" \/><\/a><\/p>\n<p>Os moradores remanescentes da Vila Aut\u00f3dromo ainda resistem. Essa <a href=\"http:\/\/bit.ly\/2k0r1GI\" target=\"_blank\" rel=\"noopener\">resist\u00eancia est\u00e1 fortemente marcada no plano simb\u00f3lico da mem\u00f3ria<\/a>. Mem\u00f3ria para n\u00e3o esquecer das <a href=\"http:\/\/bit.ly\/2m4W8B8\" target=\"_blank\" rel=\"noopener\">centenas de fam\u00edlias que se foram<\/a>, das casas que foram <a href=\"http:\/\/bit.ly\/1WLtygo\" target=\"_blank\" rel=\"noopener\">demolidas<\/a>, de um hist\u00f3rico de <a href=\"http:\/\/bit.ly\/2aVohC0\" target=\"_blank\" rel=\"noopener\">amea\u00e7as<\/a> de remo\u00e7\u00f5es <a href=\"http:\/\/bit.ly\/1rtuaxu\" target=\"_blank\" rel=\"noopener\">que remonta \u00e0 1992<\/a> e do processo de <a href=\"http:\/\/bit.ly\/2v2f5b8\" target=\"_blank\" rel=\"noopener\">resist\u00eancia ao ciclo Ol\u00edmpico de remo\u00e7\u00f5es<\/a> que durou cerca de seis anos. \u201cNossa hist\u00f3ria, nossos direitos, <a href=\"http:\/\/bit.ly\/1E1iG7x\" target=\"_blank\" rel=\"noopener\">nossa moradia n\u00e3o t\u00eam pre\u00e7o<\/a>. Nem todos conseguiram ficar, porque a luta \u00e9 muito cruel, muito desigual, muito desgastante. Eu lutei e nunca foi com \u00f3dio. Foi dif\u00edcil, mas eu n\u00e3o sa\u00ed. Continuo aqui firme e forte. \u00d4 baixinha abusada, n\u00e9?\u201d, disse Maria da Penha com o seu caracter\u00edstico bom humor.<\/p>\n<!-- AddThis Advanced Settings generic via filter on the_content --><!-- AddThis Share Buttons generic via filter on the_content -->","protected":false},"excerpt":{"rendered":"<div class=\"mh-excerpt\"><p>Click Here for English \u201cA casa \u00e9 derrubada, Maria da Penha n\u00e3o.\u201d Foi com essa frase, repetida in\u00fameras vezes em um v\u00eddeo projetado na parede da Casa de Estudos Urbanos, que iniciou-se a fala p\u00fablica <a class=\"mh-excerpt-more\" href=\"https:\/\/rioonwatch.org.br\/?p=29490\" title=\"&#8216;A Casa \u00e9 Derrubada, Maria da Penha N\u00e3o&#8217;: A Perman\u00eancia da Mem\u00f3ria na Vila Aut\u00f3dromo\">[&#8230;]<\/a><!-- AddThis Advanced Settings generic via filter on get_the_excerpt --><!-- AddThis Share Buttons generic via filter on get_the_excerpt --><\/p>\n<\/div>","protected":false},"author":152,"featured_media":29493,"comment_status":"closed","ping_status":"closed","sticky":false,"template":"","format":"standard","meta":{"_acf_changed":false,"_monsterinsights_skip_tracking":false,"_monsterinsights_sitenote_active":false,"_monsterinsights_sitenote_note":"","_monsterinsights_sitenote_category":0,"footnotes":""},"categories":[1614,2051,1621,1627,1616,342],"tags":[334,128,469,1151,2188,2040,14,432,380,1065,55,184],"writer":[1994],"translator":[],"source":[],"ilustrador":[],"fotografo":[],"class_list":{"0":"post-29490","1":"post","2":"type-post","3":"status-publish","4":"format-standard","5":"has-post-thumbnail","7":"category-olhonasremocoes","8":"category-olhonolegado","9":"category-destaque","10":"category-relato-de-evento","11":"category-qualidades-da-favela","12":"category-solucoes","13":"tag-arte","14":"tag-historia","15":"tag-memoria","16":"tag-organizacao","17":"tag-museologia-social","18":"tag-museu-das-remocoes","19":"tag-remocao","20":"tag-resistencia","21":"tag-solidariedade","22":"tag-urbanismo","23":"tag-vila-autodromo","24":"tag-zona-oeste","25":"writer-luisa-fenizola"},"acf":[],"yoast_head":"<!-- This site is optimized with the Yoast SEO plugin v25.6 - https:\/\/yoast.com\/wordpress\/plugins\/seo\/ -->\n<title>&#039;A Casa \u00e9 Derrubada, Maria da Penha N\u00e3o&#039;: A Perman\u00eancia da Mem\u00f3ria na Vila Aut\u00f3dromo - RioOnWatch<\/title>\n<meta name=\"robots\" content=\"index, follow, max-snippet:-1, max-image-preview:large, max-video-preview:-1\" \/>\n<link rel=\"canonical\" href=\"https:\/\/rioonwatch.org.br\/?p=29490\" \/>\n<meta property=\"og:locale\" content=\"pt_BR\" \/>\n<meta property=\"og:type\" content=\"article\" \/>\n<meta property=\"og:title\" content=\"&#039;A Casa \u00e9 Derrubada, Maria da Penha N\u00e3o&#039;: A Perman\u00eancia da Mem\u00f3ria na Vila Aut\u00f3dromo - RioOnWatch\" \/>\n<meta property=\"og:description\" content=\"Click Here for English \u201cA casa \u00e9 derrubada, Maria da Penha n\u00e3o.\u201d Foi com essa frase, repetida in\u00fameras vezes em um v\u00eddeo projetado na parede da Casa de Estudos Urbanos, que iniciou-se a fala p\u00fablica [...]\" \/>\n<meta property=\"og:url\" content=\"https:\/\/rioonwatch.org.br\/?p=29490\" \/>\n<meta property=\"og:site_name\" content=\"RioOnWatch\" \/>\n<meta property=\"article:published_time\" content=\"2017-11-11T12:47:53+00:00\" \/>\n<meta property=\"article:modified_time\" content=\"2017-11-15T15:09:38+00:00\" \/>\n<meta property=\"og:image\" content=\"https:\/\/rioonwatch.org.br\/wp-content\/uploads\/2017\/11\/VA2.jpg\" \/>\n\t<meta property=\"og:image:width\" content=\"2048\" \/>\n\t<meta property=\"og:image:height\" content=\"1365\" \/>\n\t<meta property=\"og:image:type\" content=\"image\/jpeg\" \/>\n<meta name=\"author\" content=\"Luisa Fenizola\" \/>\n<meta name=\"twitter:card\" content=\"summary_large_image\" \/>\n<meta name=\"twitter:label1\" content=\"Escrito por\" \/>\n\t<meta name=\"twitter:data1\" content=\"Luisa Fenizola\" \/>\n\t<meta name=\"twitter:label2\" content=\"Est. tempo de leitura\" \/>\n\t<meta name=\"twitter:data2\" content=\"6 minutos\" \/>\n<script type=\"application\/ld+json\" class=\"yoast-schema-graph\">{\"@context\":\"https:\/\/schema.org\",\"@graph\":[{\"@type\":\"Article\",\"@id\":\"https:\/\/rioonwatch.org.br\/?p=29490#article\",\"isPartOf\":{\"@id\":\"https:\/\/rioonwatch.org.br\/?p=29490\"},\"author\":{\"name\":\"Luisa Fenizola\",\"@id\":\"https:\/\/rioonwatch.org.br\/#\/schema\/person\/f443c6b55bb6e80842280318076491c5\"},\"headline\":\"&#8216;A Casa \u00e9 Derrubada, Maria da Penha N\u00e3o&#8217;: A Perman\u00eancia da Mem\u00f3ria na Vila Aut\u00f3dromo\",\"datePublished\":\"2017-11-11T12:47:53+00:00\",\"dateModified\":\"2017-11-15T15:09:38+00:00\",\"mainEntityOfPage\":{\"@id\":\"https:\/\/rioonwatch.org.br\/?p=29490\"},\"wordCount\":1131,\"publisher\":{\"@id\":\"https:\/\/rioonwatch.org.br\/#organization\"},\"image\":{\"@id\":\"https:\/\/rioonwatch.org.br\/?p=29490#primaryimage\"},\"thumbnailUrl\":\"https:\/\/rioonwatch.org.br\/wp-content\/uploads\/2017\/11\/VA2.jpg\",\"keywords\":[\"arte\",\"hist\u00f3ria\",\"Mem\u00f3rias Faveladas\",\"mobiliza\u00e7\u00e3o\",\"museologia social\",\"Museu das Remo\u00e7\u00f5es\",\"Remo\u00e7\u00e3o\",\"resist\u00eancia\",\"solidariedade\",\"urbanismo\",\"Vila Aut\u00f3dromo\",\"Zona Oeste\"],\"articleSection\":[\"#OlhoNasRemo\u00e7\u00f5es\",\"#OlhoNoLegado\",\"*Destaque\",\"Cobertura de Eventos\",\"Qualidades da Favela\",\"Solu\u00e7\u00f5es\"],\"inLanguage\":\"pt-BR\"},{\"@type\":\"WebPage\",\"@id\":\"https:\/\/rioonwatch.org.br\/?p=29490\",\"url\":\"https:\/\/rioonwatch.org.br\/?p=29490\",\"name\":\"'A Casa \u00e9 Derrubada, Maria da Penha N\u00e3o': A Perman\u00eancia da Mem\u00f3ria na Vila Aut\u00f3dromo - RioOnWatch\",\"isPartOf\":{\"@id\":\"https:\/\/rioonwatch.org.br\/#website\"},\"primaryImageOfPage\":{\"@id\":\"https:\/\/rioonwatch.org.br\/?p=29490#primaryimage\"},\"image\":{\"@id\":\"https:\/\/rioonwatch.org.br\/?p=29490#primaryimage\"},\"thumbnailUrl\":\"https:\/\/rioonwatch.org.br\/wp-content\/uploads\/2017\/11\/VA2.jpg\",\"datePublished\":\"2017-11-11T12:47:53+00:00\",\"dateModified\":\"2017-11-15T15:09:38+00:00\",\"breadcrumb\":{\"@id\":\"https:\/\/rioonwatch.org.br\/?p=29490#breadcrumb\"},\"inLanguage\":\"pt-BR\",\"potentialAction\":[{\"@type\":\"ReadAction\",\"target\":[\"https:\/\/rioonwatch.org.br\/?p=29490\"]}]},{\"@type\":\"ImageObject\",\"inLanguage\":\"pt-BR\",\"@id\":\"https:\/\/rioonwatch.org.br\/?p=29490#primaryimage\",\"url\":\"https:\/\/rioonwatch.org.br\/wp-content\/uploads\/2017\/11\/VA2.jpg\",\"contentUrl\":\"https:\/\/rioonwatch.org.br\/wp-content\/uploads\/2017\/11\/VA2.jpg\",\"width\":2048,\"height\":1365},{\"@type\":\"BreadcrumbList\",\"@id\":\"https:\/\/rioonwatch.org.br\/?p=29490#breadcrumb\",\"itemListElement\":[{\"@type\":\"ListItem\",\"position\":1,\"name\":\"In\u00edcio\",\"item\":\"https:\/\/rioonwatch.org.br\/\"},{\"@type\":\"ListItem\",\"position\":2,\"name\":\"&#8216;A Casa \u00e9 Derrubada, Maria da Penha N\u00e3o&#8217;: A Perman\u00eancia da Mem\u00f3ria na Vila Aut\u00f3dromo\"}]},{\"@type\":\"WebSite\",\"@id\":\"https:\/\/rioonwatch.org.br\/#website\",\"url\":\"https:\/\/rioonwatch.org.br\/\",\"name\":\"RioOnWatch\",\"description\":\"relatos das favelas cariocas\",\"publisher\":{\"@id\":\"https:\/\/rioonwatch.org.br\/#organization\"},\"potentialAction\":[{\"@type\":\"SearchAction\",\"target\":{\"@type\":\"EntryPoint\",\"urlTemplate\":\"https:\/\/rioonwatch.org.br\/?s={search_term_string}\"},\"query-input\":{\"@type\":\"PropertyValueSpecification\",\"valueRequired\":true,\"valueName\":\"search_term_string\"}}],\"inLanguage\":\"pt-BR\"},{\"@type\":\"Organization\",\"@id\":\"https:\/\/rioonwatch.org.br\/#organization\",\"name\":\"RioOnWatch\",\"url\":\"https:\/\/rioonwatch.org.br\/\",\"logo\":{\"@type\":\"ImageObject\",\"inLanguage\":\"pt-BR\",\"@id\":\"https:\/\/rioonwatch.org.br\/#\/schema\/logo\/image\/\",\"url\":\"https:\/\/rioonwatch.org.br\/wp-content\/uploads\/2021\/06\/RioOnWatchcabecalhoPT11anos-2.png\",\"contentUrl\":\"https:\/\/rioonwatch.org.br\/wp-content\/uploads\/2021\/06\/RioOnWatchcabecalhoPT11anos-2.png\",\"width\":779,\"height\":277,\"caption\":\"RioOnWatch\"},\"image\":{\"@id\":\"https:\/\/rioonwatch.org.br\/#\/schema\/logo\/image\/\"}},{\"@type\":\"Person\",\"@id\":\"https:\/\/rioonwatch.org.br\/#\/schema\/person\/f443c6b55bb6e80842280318076491c5\",\"name\":\"Luisa Fenizola\",\"image\":{\"@type\":\"ImageObject\",\"inLanguage\":\"pt-BR\",\"@id\":\"https:\/\/rioonwatch.org.br\/#\/schema\/person\/image\/\",\"url\":\"https:\/\/secure.gravatar.com\/avatar\/a3d551110162b9f876cbbdaaecf75663?s=96&d=blank&r=g\",\"contentUrl\":\"https:\/\/secure.gravatar.com\/avatar\/a3d551110162b9f876cbbdaaecf75663?s=96&d=blank&r=g\",\"caption\":\"Luisa Fenizola\"},\"url\":\"https:\/\/rioonwatch.org.br\/?author=152\"}]}<\/script>\n<!-- \/ Yoast SEO plugin. -->","yoast_head_json":{"title":"'A Casa \u00e9 Derrubada, Maria da Penha N\u00e3o': A Perman\u00eancia da Mem\u00f3ria na Vila Aut\u00f3dromo - RioOnWatch","robots":{"index":"index","follow":"follow","max-snippet":"max-snippet:-1","max-image-preview":"max-image-preview:large","max-video-preview":"max-video-preview:-1"},"canonical":"https:\/\/rioonwatch.org.br\/?p=29490","og_locale":"pt_BR","og_type":"article","og_title":"'A Casa \u00e9 Derrubada, Maria da Penha N\u00e3o': A Perman\u00eancia da Mem\u00f3ria na Vila Aut\u00f3dromo - RioOnWatch","og_description":"Click Here for English \u201cA casa \u00e9 derrubada, Maria da Penha n\u00e3o.\u201d Foi com essa frase, repetida in\u00fameras vezes em um v\u00eddeo projetado na parede da Casa de Estudos Urbanos, que iniciou-se a fala p\u00fablica [...]","og_url":"https:\/\/rioonwatch.org.br\/?p=29490","og_site_name":"RioOnWatch","article_published_time":"2017-11-11T12:47:53+00:00","article_modified_time":"2017-11-15T15:09:38+00:00","og_image":[{"width":2048,"height":1365,"url":"https:\/\/rioonwatch.org.br\/wp-content\/uploads\/2017\/11\/VA2.jpg","type":"image\/jpeg"}],"author":"Luisa Fenizola","twitter_card":"summary_large_image","twitter_misc":{"Escrito por":"Luisa Fenizola","Est. tempo de leitura":"6 minutos"},"schema":{"@context":"https:\/\/schema.org","@graph":[{"@type":"Article","@id":"https:\/\/rioonwatch.org.br\/?p=29490#article","isPartOf":{"@id":"https:\/\/rioonwatch.org.br\/?p=29490"},"author":{"name":"Luisa Fenizola","@id":"https:\/\/rioonwatch.org.br\/#\/schema\/person\/f443c6b55bb6e80842280318076491c5"},"headline":"&#8216;A Casa \u00e9 Derrubada, Maria da Penha N\u00e3o&#8217;: A Perman\u00eancia da Mem\u00f3ria na Vila Aut\u00f3dromo","datePublished":"2017-11-11T12:47:53+00:00","dateModified":"2017-11-15T15:09:38+00:00","mainEntityOfPage":{"@id":"https:\/\/rioonwatch.org.br\/?p=29490"},"wordCount":1131,"publisher":{"@id":"https:\/\/rioonwatch.org.br\/#organization"},"image":{"@id":"https:\/\/rioonwatch.org.br\/?p=29490#primaryimage"},"thumbnailUrl":"https:\/\/rioonwatch.org.br\/wp-content\/uploads\/2017\/11\/VA2.jpg","keywords":["arte","hist\u00f3ria","Mem\u00f3rias Faveladas","mobiliza\u00e7\u00e3o","museologia social","Museu das Remo\u00e7\u00f5es","Remo\u00e7\u00e3o","resist\u00eancia","solidariedade","urbanismo","Vila Aut\u00f3dromo","Zona Oeste"],"articleSection":["#OlhoNasRemo\u00e7\u00f5es","#OlhoNoLegado","*Destaque","Cobertura de Eventos","Qualidades da Favela","Solu\u00e7\u00f5es"],"inLanguage":"pt-BR"},{"@type":"WebPage","@id":"https:\/\/rioonwatch.org.br\/?p=29490","url":"https:\/\/rioonwatch.org.br\/?p=29490","name":"'A Casa \u00e9 Derrubada, Maria da Penha N\u00e3o': A Perman\u00eancia da Mem\u00f3ria na Vila Aut\u00f3dromo - RioOnWatch","isPartOf":{"@id":"https:\/\/rioonwatch.org.br\/#website"},"primaryImageOfPage":{"@id":"https:\/\/rioonwatch.org.br\/?p=29490#primaryimage"},"image":{"@id":"https:\/\/rioonwatch.org.br\/?p=29490#primaryimage"},"thumbnailUrl":"https:\/\/rioonwatch.org.br\/wp-content\/uploads\/2017\/11\/VA2.jpg","datePublished":"2017-11-11T12:47:53+00:00","dateModified":"2017-11-15T15:09:38+00:00","breadcrumb":{"@id":"https:\/\/rioonwatch.org.br\/?p=29490#breadcrumb"},"inLanguage":"pt-BR","potentialAction":[{"@type":"ReadAction","target":["https:\/\/rioonwatch.org.br\/?p=29490"]}]},{"@type":"ImageObject","inLanguage":"pt-BR","@id":"https:\/\/rioonwatch.org.br\/?p=29490#primaryimage","url":"https:\/\/rioonwatch.org.br\/wp-content\/uploads\/2017\/11\/VA2.jpg","contentUrl":"https:\/\/rioonwatch.org.br\/wp-content\/uploads\/2017\/11\/VA2.jpg","width":2048,"height":1365},{"@type":"BreadcrumbList","@id":"https:\/\/rioonwatch.org.br\/?p=29490#breadcrumb","itemListElement":[{"@type":"ListItem","position":1,"name":"In\u00edcio","item":"https:\/\/rioonwatch.org.br\/"},{"@type":"ListItem","position":2,"name":"&#8216;A Casa \u00e9 Derrubada, Maria da Penha N\u00e3o&#8217;: A Perman\u00eancia da Mem\u00f3ria na Vila Aut\u00f3dromo"}]},{"@type":"WebSite","@id":"https:\/\/rioonwatch.org.br\/#website","url":"https:\/\/rioonwatch.org.br\/","name":"RioOnWatch","description":"relatos das favelas cariocas","publisher":{"@id":"https:\/\/rioonwatch.org.br\/#organization"},"potentialAction":[{"@type":"SearchAction","target":{"@type":"EntryPoint","urlTemplate":"https:\/\/rioonwatch.org.br\/?s={search_term_string}"},"query-input":{"@type":"PropertyValueSpecification","valueRequired":true,"valueName":"search_term_string"}}],"inLanguage":"pt-BR"},{"@type":"Organization","@id":"https:\/\/rioonwatch.org.br\/#organization","name":"RioOnWatch","url":"https:\/\/rioonwatch.org.br\/","logo":{"@type":"ImageObject","inLanguage":"pt-BR","@id":"https:\/\/rioonwatch.org.br\/#\/schema\/logo\/image\/","url":"https:\/\/rioonwatch.org.br\/wp-content\/uploads\/2021\/06\/RioOnWatchcabecalhoPT11anos-2.png","contentUrl":"https:\/\/rioonwatch.org.br\/wp-content\/uploads\/2021\/06\/RioOnWatchcabecalhoPT11anos-2.png","width":779,"height":277,"caption":"RioOnWatch"},"image":{"@id":"https:\/\/rioonwatch.org.br\/#\/schema\/logo\/image\/"}},{"@type":"Person","@id":"https:\/\/rioonwatch.org.br\/#\/schema\/person\/f443c6b55bb6e80842280318076491c5","name":"Luisa Fenizola","image":{"@type":"ImageObject","inLanguage":"pt-BR","@id":"https:\/\/rioonwatch.org.br\/#\/schema\/person\/image\/","url":"https:\/\/secure.gravatar.com\/avatar\/a3d551110162b9f876cbbdaaecf75663?s=96&d=blank&r=g","contentUrl":"https:\/\/secure.gravatar.com\/avatar\/a3d551110162b9f876cbbdaaecf75663?s=96&d=blank&r=g","caption":"Luisa Fenizola"},"url":"https:\/\/rioonwatch.org.br\/?author=152"}]}},"_links":{"self":[{"href":"https:\/\/rioonwatch.org.br\/index.php?rest_route=\/wp\/v2\/posts\/29490"}],"collection":[{"href":"https:\/\/rioonwatch.org.br\/index.php?rest_route=\/wp\/v2\/posts"}],"about":[{"href":"https:\/\/rioonwatch.org.br\/index.php?rest_route=\/wp\/v2\/types\/post"}],"author":[{"embeddable":true,"href":"https:\/\/rioonwatch.org.br\/index.php?rest_route=\/wp\/v2\/users\/152"}],"replies":[{"embeddable":true,"href":"https:\/\/rioonwatch.org.br\/index.php?rest_route=%2Fwp%2Fv2%2Fcomments&post=29490"}],"version-history":[{"count":15,"href":"https:\/\/rioonwatch.org.br\/index.php?rest_route=\/wp\/v2\/posts\/29490\/revisions"}],"predecessor-version":[{"id":29601,"href":"https:\/\/rioonwatch.org.br\/index.php?rest_route=\/wp\/v2\/posts\/29490\/revisions\/29601"}],"wp:featuredmedia":[{"embeddable":true,"href":"https:\/\/rioonwatch.org.br\/index.php?rest_route=\/wp\/v2\/media\/29493"}],"wp:attachment":[{"href":"https:\/\/rioonwatch.org.br\/index.php?rest_route=%2Fwp%2Fv2%2Fmedia&parent=29490"}],"wp:term":[{"taxonomy":"category","embeddable":true,"href":"https:\/\/rioonwatch.org.br\/index.php?rest_route=%2Fwp%2Fv2%2Fcategories&post=29490"},{"taxonomy":"post_tag","embeddable":true,"href":"https:\/\/rioonwatch.org.br\/index.php?rest_route=%2Fwp%2Fv2%2Ftags&post=29490"},{"taxonomy":"writer","embeddable":true,"href":"https:\/\/rioonwatch.org.br\/index.php?rest_route=%2Fwp%2Fv2%2Fwriter&post=29490"},{"taxonomy":"translator","embeddable":true,"href":"https:\/\/rioonwatch.org.br\/index.php?rest_route=%2Fwp%2Fv2%2Ftranslator&post=29490"},{"taxonomy":"source","embeddable":true,"href":"https:\/\/rioonwatch.org.br\/index.php?rest_route=%2Fwp%2Fv2%2Fsource&post=29490"},{"taxonomy":"ilustrador","embeddable":true,"href":"https:\/\/rioonwatch.org.br\/index.php?rest_route=%2Fwp%2Fv2%2Filustrador&post=29490"},{"taxonomy":"fotografo","embeddable":true,"href":"https:\/\/rioonwatch.org.br\/index.php?rest_route=%2Fwp%2Fv2%2Ffotografo&post=29490"}],"curies":[{"name":"wp","href":"https:\/\/api.w.org\/{rel}","templated":true}]}}