{"id":29512,"date":"2017-11-13T10:46:37","date_gmt":"2017-11-13T13:46:37","guid":{"rendered":"http:\/\/rioonwatch.org.br\/?p=29512"},"modified":"2024-06-20T16:25:03","modified_gmt":"2024-06-20T19:25:03","slug":"chegaram-os-dados-caros-projetos-de-transporte-dos-megaeventos-nao-resolveram-a-mobilidade-nem-a-desigualdade","status":"publish","type":"post","link":"https:\/\/rioonwatch.org.br\/?p=29512","title":{"rendered":"Caros Projetos de Transporte dos Megaeventos N\u00e3o Resolveram a Mobilidade, Nem a Desigualdade"},"content":{"rendered":"<p style=\"text-align: right;\"><em><strong><a href=\"http:\/\/bit.ly\/2ztCinh\" target=\"_blank\" rel=\"noopener noreferrer\">Click Here for English<img decoding=\"async\" width=\"20\" height=\"20\" class=\"alignright wp-image-15790\" src=\"http:\/\/rioonwatch.org.br\/wp-content\/uploads\/2012\/08\/EN-standard-e1439583104716.jpg\" alt=\"\" \/><\/a><\/strong><\/em><\/p>\n<blockquote><p>\u201cA decis\u00e3o da cidade de se candidatar a sede dos Jogos de 2016 foi tomada a partir de uma vis\u00e3o de longo prazo: percorrer o caminho, aberto com uma vit\u00f3ria da candidatura, da transforma\u00e7\u00e3o do Rio em uma cidade melhor para se viver e trabalhar&#8230;\u00a0Os Jogos poderiam ajudar a reduzir dist\u00e2ncias geogr\u00e1ficas e sociais e tornar a cidade e suas diferentes regi\u00f5es mais integradas.&#8221;\u00a0\u2014\u00a0<a href=\"http:\/\/bit.ly\/1TLqQ7q\" target=\"_blank\" rel=\"noopener\">Rio 2016 Jogos Ol\u00edmpicos e Legados Cadernos de Pol\u00edticas P\u00fablicas<\/a><\/p>\n<p>\u201cE o maior beneficiado ser\u00e1 o trabalhador de menor renda, morador dos bairros mais distantes, que hoje gasta mais tempo de seu dia no tr\u00e2nsito.\u201d\u00a0\u2014\u00a0<a href=\"http:\/\/bit.ly\/2zI10mz\" target=\"_blank\" rel=\"noopener\">Rio2016 Cidade Candidata &#8211; Caderno do Legado Urbano e Ambiental<\/a><\/p><\/blockquote>\n<p><span style=\"font-weight: 400;\">H\u00e1 uma longa lista de promessas de <a href=\"http:\/\/bit.ly\/2cFnKIv\" target=\"_blank\" rel=\"noopener\">legados das Olimp\u00edadas do Rio<\/a> que foram abandonadas antes dos Jogos come\u00e7arem (ver: <a href=\"http:\/\/bit.ly\/2jdOowN\" target=\"_blank\" rel=\"noopener\">cada um dos legados ambientais<\/a>) ou que efetivamente entraram em colapso (ver: o <a href=\"http:\/\/bit.ly\/2hiTHXl\" target=\"_blank\" rel=\"noopener\">programa de pacifica\u00e7\u00e3o<\/a>; a <a href=\"http:\/\/bit.ly\/2lNOc4u\" target=\"_blank\" rel=\"noopener\">infraestrutura esportiva subutilizada<\/a>). <\/span><\/p>\n<p><span style=\"font-weight: 400;\">O <a href=\"http:\/\/bit.ly\/1yzeVVK\" target=\"_blank\" rel=\"noopener\">transporte<\/a> se destacou como a \u00e1rea em que a Prefeitura do Rio mais entregou os elementos tang\u00edveis que foram prometidos: tr\u00eas corredores de <a href=\"http:\/\/bit.ly\/19EtYAY\" target=\"_blank\" rel=\"noopener\">BRT<\/a>, um\u00a0VLT (<a href=\"http:\/\/bit.ly\/2gRYcpk\" target=\"_blank\" rel=\"noopener\">ainda inacabado<\/a>) e uma linha de extens\u00e3o do <a href=\"http:\/\/bit.ly\/2zwYgrw\" target=\"_blank\" rel=\"noopener\">metr\u00f4<\/a>. Com poucos dados oficiais que mostrem os impactos desses novos projetos de transporte, a l\u00f3gica por tr\u00e1s da ret\u00f3rica das autoridades da prefeitura e do Comit\u00ea Ol\u00edmpico parece ser: &#8216;essas rotas n\u00e3o existiam antes e existem agora, portanto a <a href=\"http:\/\/bit.ly\/1WkJojx\" target=\"_blank\" rel=\"noopener\">mobilidade<\/a> urbana melhorou!&#8217;<\/span><\/p>\n<p><span style=\"font-weight: 400;\">Em um <a href=\"http:\/\/bit.ly\/2iwF8Dp\" target=\"_blank\" rel=\"noopener\">evento sobre mobilidade urbana<\/a> organizado pelo <a href=\"http:\/\/bit.ly\/2jc0OoM\" target=\"_blank\" rel=\"noopener\">Instituto de Pesquisa Econ\u00f4mica Aplicada<\/a> (Ipea) na segunda-feira, 6 de novembro, o pesquisador Juciano Rodrigues do <a href=\"http:\/\/bit.ly\/2eI3i8H\" target=\"_blank\" rel=\"noopener\">Observat\u00f3rio das Metr\u00f3poles<\/a> explicou que a \u00eanfase em transporte serviu para legitimar mais amplamente o\u00a0<a href=\"http:\/\/bit.ly\/1ohImlp\" target=\"_blank\" rel=\"noopener\">discurso do legado<\/a> Ol\u00edmpico, e assim &#8220;justificar todos aqueles gastos que estavam sendo feitos&#8221;. No entanto, o primeiro painel do evento do Ipea ofereceu provas e argumentos contundentes para desbancar afirma\u00e7\u00f5es do governo de que esses extensos investimentos recentes em transporte tiveram um impacto transformativo.<\/span><\/p>\n<p><a href=\"http:\/\/rioonwatch.org.br\/wp-content\/uploads\/2017\/11\/citacao-Eduardo-Paes.jpg\"><img fetchpriority=\"high\" decoding=\"async\" class=\"aligncenter wp-image-29530 size-content\" title=\"Cita\u00e7\u00f5es do prefeito Paes apresentadas\u00a0nos Cadernos de Pol\u00edticas P\u00fablicas Rio 2016 Jogos Ol\u00edmpicos e Legados.\" src=\"http:\/\/rioonwatch.org.br\/wp-content\/uploads\/2017\/11\/citacao-Eduardo-Paes-620x264.jpg\" alt=\"\" width=\"620\" height=\"264\" \/><\/a><\/p>\n<h3><b>A nova infraestrutura de transporte melhorou a mobilidade?<\/b><\/h3>\n<p><span style=\"font-weight: 400;\">Rafael Pereira, um pesquisador no Ipea e na Universidade de Oxford, tra\u00e7ou sua rigorosa investiga\u00e7\u00e3o acerca dos impactos da infraestrutura na mobilidade urbana e demonstrou que o acesso \u00e0 <a href=\"http:\/\/bit.ly\/1jbCBX3\" target=\"_blank\" rel=\"noopener\">empregos formais<\/a> e <a href=\"http:\/\/bit.ly\/1acNApR\" target=\"_blank\" rel=\"noopener\">escolas secund\u00e1rias p\u00fablicas<\/a> na realidade diminuiu de abril de 2014 para mar\u00e7o de 2017.<\/span><\/p>\n<p>Ap\u00f3s coletar dados sobre distribui\u00e7\u00e3o da popula\u00e7\u00e3o, distribui\u00e7\u00e3o de escolas p\u00fablicas e empregos formais, e sobre os locais e cronogramas do transporte p\u00fablico no munic\u00edpio do Rio, Pereira descobriu que, em m\u00e9dia, o percentual de empregos formais acess\u00edveis aos moradores em menos de uma hora de viagem de porta \u00e0 porta caiu em 4,5%, enquanto o n\u00famero de escolas p\u00fablicas acess\u00edveis em menos de uma hora caiu em 6,1%. Ou seja, comparado ao come\u00e7o de 2014 quando <a href=\"http:\/\/bit.ly\/TPHnbi\" target=\"_blank\" rel=\"noopener\">s\u00f3 uma linha BRT estava operando<\/a>, hoje o morador m\u00e9dio tem acesso a menos empregos e oportunidades educacionais a uma dist\u00e2ncia de menos de uma hora de suas casas.<\/p>\n<p><span style=\"font-weight: 400;\">Como essa redu\u00e7\u00e3o \u00e9 poss\u00edvel, considerando a introdu\u00e7\u00e3o de uma nova infraestrutura de transporte? O problema, Rafael explicou, tem origem em outras mudan\u00e7as no transporte p\u00fablico feitas entre 2014 e 2017: o sistema de \u00f4nibus passou por um processo de &#8220;racionaliza\u00e7\u00e3o&#8221; no qual <a href=\"http:\/\/bit.ly\/1PHlaNC\" target=\"_blank\" rel=\"noopener\">muitas linhas foram alteradas ou extintas<\/a>, e algumas companhias de \u00f4nibus <a href=\"http:\/\/bit.ly\/2iIurtR\" target=\"_blank\" rel=\"noopener\">faliram<\/a> no contexto da crise financeira de modo que os servi\u00e7os foram mais reduzidos. O pesquisador concluiu que isso &#8220;reduziu significativamente os potenciais ganhos de acessibilidade dos investimentos do legado&#8221;. Ele e seus colegas refizeram os c\u00e1lculos para um cen\u00e1rio &#8220;contrafactual&#8221; imagin\u00e1rio, onde a infraestrutura de legado havia sido introduzida, mas essas outras mudan\u00e7as n\u00e3o haviam acontecido; nesse caso, eles descobriram que a introdu\u00e7\u00e3o da nova infraestrutura teria aumentado o acesso da popula\u00e7\u00e3o \u00e0 empregos e escolas (em 13.4% e 11.7%, respectivamente).<\/span><\/p>\n<p>Sendo assim, defensores das Olimp\u00edadas podem tentar argumentar que os investimentos em transporte teriam de fato deixado um legado positivo se n\u00e3o fosse pela crise financeira, que estava (majoritariamente) fora do controle das autoridades da prefeitura. No entanto, <a href=\"http:\/\/bit.ly\/1Dk72zz\" target=\"_blank\" rel=\"noopener\">muitos cortes \u00e0 linhas de \u00f4nibus<\/a> j\u00e1 estavam programados para seguir a implanta\u00e7\u00e3o das rotas do BRT; n\u00e3o \u00e9 claro quanto da redu\u00e7\u00e3o dos servi\u00e7os de \u00f4nibus aconteceram como resultado da crise. Como\u00a0Juciano apontou, algumas das linhas de \u00f4nibus que foram cortadas devido ao processo de <a href=\"http:\/\/bit.ly\/1PHlaNC\" target=\"_blank\" rel=\"noopener\">&#8216;racionaliza\u00e7\u00e3o&#8217; iam da Zona Norte, que concentra a classe trabalhadora, para a Zona Sul<\/a>, o que <a href=\"http:\/\/bit.ly\/1ZrpHZ8\" target=\"_blank\" rel=\"noopener\">causou protestos p\u00fablicos<\/a> pois isto foi visto como um esfor\u00e7o intencional para excluir cidad\u00e3os mais pobres de \u00e1reas tur\u00edsticas. Para somar mais uma cr\u00edtica \u00e0 \u201cracionaliza\u00e7\u00e3o\u201d, a participante do painel e diretora executiva do <a href=\"http:\/\/bit.ly\/2yJjMtY\" target=\"_blank\" rel=\"noopener\">Instituto de Pol\u00edticas de Transporte e Desenvolvimento<\/a>\u00a0(ITDP), Clarisse Cunha Linke, observou que a restrutura\u00e7\u00e3o marcou n\u00e3o s\u00f3 a perda de certas linhas de \u00f4nibus, mas tamb\u00e9m interrompeu a \u201cleitura afetiva da cidade\u201d da popula\u00e7\u00e3o, j\u00e1 que os moradores perderam a sensa\u00e7\u00e3o de seguran\u00e7a, familiaridade, e at\u00e9 da identidade como cidad\u00e3os decorrente de conhecer quais \u00f4nibus iam para onde.<\/p>\n<h3><b>Quem se beneficiou?<\/b><\/h3>\n<p><span style=\"font-weight: 400;\">Independentemente dos impactos da crise econ\u00f4mica, a pesquisa de Rafael tamb\u00e9m mostra que o legado em infraestrutura de transporte beneficiou mais moradores de \u00e1reas mais abastadas do que moradores de \u00e1reas de renda baixa. O maior benefici\u00e1rio portanto n\u00e3o foi&#8211;como defendido no <a href=\"http:\/\/bit.ly\/1TLqQ7q\" target=\"_blank\" rel=\"noopener\">Cadernos de Pol\u00edticas P\u00fablicas\u00a0<\/a><a href=\"http:\/\/bit.ly\/1TLqQ7q\" target=\"_blank\" rel=\"noopener\">Rio 2016 Jogos Ol\u00edmpicos e Legados<\/a>&#8211;\u201co trabalhador de menor renda, morador dos bairros mais distantes, que hoje gasta mais tempo de seu dia no tr\u00e2nsito\u201d. At\u00e9 na situa\u00e7\u00e3o contrafactual na qual o Rio de Janeiro evitava a crise financeira, os bairros mais ricos iriam ganhar mais com os investimentos de legado.<\/span><\/p>\n<figure id=\"attachment_29538\" aria-describedby=\"caption-attachment-29538\" style=\"width: 620px\" class=\"wp-caption aligncenter\"><a href=\"http:\/\/rioonwatch.org.br\/wp-content\/uploads\/2017\/11\/chart_diff_jobsmatch_60.png\"><img decoding=\"async\" class=\"wp-image-29538 size-large\" src=\"http:\/\/rioonwatch.org.br\/wp-content\/uploads\/2017\/11\/chart_diff_jobsmatch_60-824x1024.png\" alt=\"\" width=\"620\" height=\"770\" srcset=\"https:\/\/rioonwatch.org.br\/wp-content\/uploads\/2017\/11\/chart_diff_jobsmatch_60-824x1024.png 824w, https:\/\/rioonwatch.org.br\/wp-content\/uploads\/2017\/11\/chart_diff_jobsmatch_60-212x264.png 212w, https:\/\/rioonwatch.org.br\/wp-content\/uploads\/2017\/11\/chart_diff_jobsmatch_60-499x620.png 499w, https:\/\/rioonwatch.org.br\/wp-content\/uploads\/2017\/11\/chart_diff_jobsmatch_60-768x954.png 768w, https:\/\/rioonwatch.org.br\/wp-content\/uploads\/2017\/11\/chart_diff_jobsmatch_60.png 1948w\" sizes=\"(max-width: 620px) 100vw, 620px\" \/><\/a><figcaption id=\"caption-attachment-29538\" class=\"wp-caption-text\">Esses gr\u00e1ficos mostram que a maioria das \u00e1reas que viram maior acesso a empregos formais (representados por bolhas acima da linha diagonal) eram bairros de renda mais alta (representados em azul). As \u00e1reas de menor renda (representadas em vermelho), em contraste, s\u00e3o mais freq\u00fcentemente abaixo da linha, o que significa que seu acesso a postos de trabalho diminuiu. Gr\u00e1ficos de Pereira et al., In Press.<\/figcaption><\/figure>\n<p><span style=\"font-weight: 400;\">Clarisse Linke, do ITDP, defende que \u00e9 essencial estudar esses tipos de dados em termos de <a href=\"http:\/\/bit.ly\/29Z6okk\" target=\"_blank\" rel=\"noopener\">distribui\u00e7\u00e3o espacial em mapas<\/a>, porque \u201cs\u00f3 um n\u00famero n\u00e3o conta uma hist\u00f3ria suficiente para a gente discutir politica p\u00fablica no Rio\u201d. Ela notou que entre 2010 e 2015, a porcentagem da popula\u00e7\u00e3o do Rio morando a uma dist\u00e2ncia menor de um quil\u00f4metro (uma caminhada de 15 minutos aproximadamente) de um transporte p\u00fablico teve uma melhora significativa, mas desmembrar esses dados por localiza\u00e7\u00e3o e n\u00edvel de renda evidencia uma <a href=\"http:\/\/bit.ly\/1owRf9p\" target=\"_blank\" rel=\"noopener\">desigualdade<\/a> substancial, com porcentagens menores para bairros de baixa renda e moradores da <a href=\"http:\/\/bit.ly\/1IuqD7P\" target=\"_blank\" rel=\"noopener\">regi\u00e3o metropolitana<\/a> mais ampla.<\/span><\/p>\n<figure id=\"attachment_29540\" aria-describedby=\"caption-attachment-29540\" style=\"width: 620px\" class=\"wp-caption aligncenter\"><a href=\"http:\/\/rioonwatch.org.br\/wp-content\/uploads\/2017\/11\/Rio-income-distribution-map-e1510198651468.jpg\"><img loading=\"lazy\" decoding=\"async\" class=\"wp-image-29540 size-medium\" src=\"http:\/\/rioonwatch.org.br\/wp-content\/uploads\/2017\/11\/Rio-income-distribution-map-e1510198651468-620x307.jpg\" alt=\"\" width=\"620\" height=\"307\" srcset=\"https:\/\/rioonwatch.org.br\/wp-content\/uploads\/2017\/11\/Rio-income-distribution-map-e1510198651468-620x307.jpg 620w, https:\/\/rioonwatch.org.br\/wp-content\/uploads\/2017\/11\/Rio-income-distribution-map-e1510198651468-534x264.jpg 534w, https:\/\/rioonwatch.org.br\/wp-content\/uploads\/2017\/11\/Rio-income-distribution-map-e1510198651468-768x380.jpg 768w, https:\/\/rioonwatch.org.br\/wp-content\/uploads\/2017\/11\/Rio-income-distribution-map-e1510198651468.jpg 938w\" sizes=\"(max-width: 620px) 100vw, 620px\" \/><\/a><figcaption id=\"caption-attachment-29540\" class=\"wp-caption-text\">Distribui\u00e7\u00e3o de renda no Rio (vermelho = baixa renda, azul = alta renda). Imagem de Pereira et al., In Press.<\/figcaption><\/figure>\n<p><span style=\"font-weight: 400;\">Um membro da plateia, no evento de segunda-feira, questionou se todos os investimentos em transporte podem, inevitavelmente, melhorar o acesso principalmente para \u00e1reas mais abastadas, j\u00e1 que \u00e1reas mais ricas t\u00eam uma chance maior de j\u00e1 estarem conectadas ao sistema. Essa observa\u00e7\u00e3o bate de frente com a linguagem de \u201c<a href=\"https:\/\/glo.bo\/2zNz1SR\" target=\"_blank\" rel=\"noopener\">transforma\u00e7\u00e3o<\/a>\u201d e \u201c<a href=\"http:\/\/bit.ly\/1LIshnS\" target=\"_blank\" rel=\"noopener\">inclus\u00e3o<\/a>\u201d usadas na promo\u00e7\u00e3o dos projetos de legados Ol\u00edmpicos, e sublinha que simplesmente construir alguma coisa n\u00e3o garante impactos positivos para quem mais precisa.<\/span><\/p>\n<h3><b>Fatores que contribuem para desigualdades em mobilidade<\/b><\/h3>\n<p><span style=\"font-weight: 400;\">Todos os painelistas enfatizaram que um punhado de problemas simult\u00e2neos tiveram um papel na manuten\u00e7\u00e3o ou crescimento das desigualdades no Rio pr\u00e9-Olimp\u00edadas. Primeiramente, quando perguntamos quem se beneficiou dos investimentos no transporte, como aponta Rafael, a resposta claramente n\u00e3o \u00e9 as <a href=\"http:\/\/bit.ly\/2gvfp8O\" target=\"_blank\" rel=\"noopener\">fam\u00edlias que foram removidas, explicitamente, para abrir espa\u00e7o para a infraestrutura<\/a> entre 2009 e 2015. Muitas dessas fam\u00edlias foram reassentadas em unidades habitacionais do <a href=\"http:\/\/bit.ly\/Y4U9oJ\" target=\"_blank\" rel=\"noopener\">Minha Casa Minha Vida<\/a> (MCMV), 90% das quais est\u00e3o na parte da extrema <a href=\"http:\/\/bit.ly\/11tBmFR\" target=\"_blank\" rel=\"noopener\">Zona Oeste<\/a> nomeada de \u00c1rea de Planejamento 5, onde Clarisse notou que apenas 30% dos complexos do MCMV est\u00e3o localizados dentro de um quil\u00f4metro de uma esta\u00e7\u00e3o ou parada de \u00f4nibus.<\/span><\/p>\n<p><span style=\"font-weight: 400;\">O fracasso em integrar melhor pol\u00edticas de <a href=\"http:\/\/bit.ly\/1rKFP6K\" target=\"_blank\" rel=\"noopener\">moradia<\/a> e transporte no desenvolvimento do megaevento foi uma oportunidade perdida, ela refletiu: \u201cAo mesmo tempo a gente tem uma pol\u00edtica habitacional que coloca um empreendimento como o Minha Casa Minha Vida Jesu\u00edtas, por exemplo, a seis quil\u00f4metros de <a href=\"http:\/\/bit.ly\/1eH5Mym\" target=\"_blank\" rel=\"noopener\">Santa Cruz<\/a>, a centralidade mais pr\u00f3xima. Na \u00e9poca que a gente fez a pesquisa, [o MCMV Jesu\u00edtas] estava a um quil\u00f4metro e meio de um ponto de \u00f4nibus. E sem nenhuma forma de pegar um trem&#8211;s\u00f3 um ponto de \u00f4nibus!\u201d Ela completou que esse isolamento traz o risco de tornar o complexo habitacional um &#8220;gueto&#8221;, exacerbando desigualdades sociais.<\/span><\/p>\n<figure id=\"attachment_29542\" aria-describedby=\"caption-attachment-29542\" style=\"width: 1022px\" class=\"wp-caption aligncenter\"><a href=\"http:\/\/rioonwatch.org.br\/wp-content\/uploads\/2017\/11\/Commute-map.jpg\"><img loading=\"lazy\" decoding=\"async\" class=\"wp-image-29542 size-full\" src=\"http:\/\/rioonwatch.org.br\/wp-content\/uploads\/2017\/11\/Commute-map.jpg\" alt=\"\" width=\"1022\" height=\"580\" srcset=\"https:\/\/rioonwatch.org.br\/wp-content\/uploads\/2017\/11\/Commute-map.jpg 1022w, https:\/\/rioonwatch.org.br\/wp-content\/uploads\/2017\/11\/Commute-map-465x264.jpg 465w, https:\/\/rioonwatch.org.br\/wp-content\/uploads\/2017\/11\/Commute-map-620x352.jpg 620w, https:\/\/rioonwatch.org.br\/wp-content\/uploads\/2017\/11\/Commute-map-768x436.jpg 768w, https:\/\/rioonwatch.org.br\/wp-content\/uploads\/2017\/11\/Commute-map-174x98.jpg 174w\" sizes=\"(max-width: 1022px) 100vw, 1022px\" \/><\/a><figcaption id=\"caption-attachment-29542\" class=\"wp-caption-text\">Porcentagem de pessoas que passam mais de uma hora se deslocando para o trabalho. Em Japeri, 47% trabalham no Rio e 54% deslocam-se mais de uma hora. Mapa da Casa Fluminense.<\/figcaption><\/figure>\n<p><span style=\"font-weight: 400;\">Al\u00e9m das <a href=\"http:\/\/bit.ly\/X51Qvb\" target=\"_blank\" rel=\"noopener\">remo\u00e7\u00f5es<\/a>, Clarisse destacou que os recentes projetos de transporte n\u00e3o conseguiram abordar outras tend\u00eancias de moradia e emprego: \u201cA gente continua empurrando a cidade para a Zona Oeste&#8211;a moradia para a Zona Oeste, <a href=\"http:\/\/bit.ly\/2ApTLvQ\" target=\"_blank\" rel=\"noopener\">n\u00e3o necessariamente as novas oportunidades<\/a>, n\u00e3o necessariamente fortalecendo emprego&#8221;. Ela enfatiza que a \u00c1rea de Planejamento 5, a parte do munic\u00edpio mais distante do <a href=\"http:\/\/bit.ly\/1qX7nZG\" target=\"_blank\" rel=\"noopener\">Centro do Rio<\/a>, \u00e9 respons\u00e1vel por 27% das moradias, mas apenas 4% dos empregos. Em contraste, a \u00c1rea de Planejamento 1, que engloba o Centro do Rio e a <a href=\"http:\/\/bit.ly\/1cVBDvL\" target=\"_blank\" rel=\"noopener\">Zona Portu\u00e1ria<\/a>, \u00e9 respons\u00e1vel por 4% das moradias, mas 38% dos empregos. Ela descreve esse cen\u00e1rio como \u201cum problema que nasce na moradia, mas na verdade \u00e9 um problema que vai cair na mobilidade\u201d. Ao inv\u00e9s de desenvolver rotas caras de transporte que exigem que os trabalhadores gastem horas se locomovendo, Clarisse defende que se desenvolvam oportunidades em \u00e1reas concentradas da Zona Oeste ou outros munic\u00edpios na regi\u00e3o metropolitana.<\/span><\/p>\n<p><span style=\"font-weight: 400;\">Al\u00e9m disso, h\u00e1 a <a href=\"http:\/\/bit.ly\/2umaTzc\" target=\"_blank\" rel=\"noopener\">quest\u00e3o da acessibilidade dos pre\u00e7os<\/a>. Rafael apresentou dados mostrando que as viagens di\u00e1rias para o trabalho que demandam apenas um \u00f4nibus ou BRT representam 43% da renda dos 10% mais pobres. Essa porcentagem aumenta se a viagem di\u00e1ria envolve o trem ou metr\u00f4, pois o pre\u00e7o dessas passagens \u00e9 mais alto e n\u00e3o h\u00e1 integra\u00e7\u00e3o. <a href=\"http:\/\/bit.ly\/2iIurtR\" target=\"_blank\" rel=\"noopener\">Como os custos do transporte aumentaram ao longo dos \u00faltimos anos<\/a>&#8211;al\u00e9m da taxa de infla\u00e7\u00e3o, como nota Juciano&#8211;o n\u00famero de passageiros em \u00f4nibus e linhas de BRT diminuiu, aumentando o rombo financeiro das empresas de \u00f4nibus. O aumento da inacessibilidade e diminui\u00e7\u00e3o do n\u00famero de passageiros sugerem que o acesso da popula\u00e7\u00e3o de baixa renda a trabalho e escola podem ter reduzido ainda mais no per\u00edodo de 2014-2017 do que a quantidade registrada no estudo de Rafael.<\/span><\/p>\n<h3><b>Pensamentos finais<\/b><\/h3>\n<p><span style=\"font-weight: 400;\">Juciano\u00a0deixou claro que as outras cidades-sede da <a href=\"http:\/\/bit.ly\/WfaiMR\" target=\"_blank\" rel=\"noopener\">Copa do Mundo<\/a> ao redor do Brasil tiveram <a href=\"http:\/\/bit.ly\/2hrn6T1\" target=\"_blank\" rel=\"noopener\">planos ambiciosos similares com alguns resultados desastrosos<\/a>. Ele evidencia como apenas uma fra\u00e7\u00e3o dos R$8 bilh\u00f5es direcionados \u00e0 desenvolvimentos em transporte atrav\u00e9s de 11 cidades-sede foi de fato gasta, mesmo enquanto diversos dos projetos implementados custaram mais que o or\u00e7amento devido \u00e0 corrup\u00e7\u00e3o e atrasos. O pesquisador concluiu que em contraste com as afirma\u00e7\u00f5es grandiosas feitas no discurso do legado do megaevento, a nova infraestrutura de transporte \u201creproduziu um modelo de desenvolvimento urbano segregado, fragmentado, e excludente&#8221;.<\/span><\/p>\n<p><span style=\"font-weight: 400;\">Em resposta a um membro da plateia que sugeriu que os <a href=\"http:\/\/bit.ly\/29ISmnx\" target=\"_blank\" rel=\"noopener\">resultados da pesquisa sobre a continuidade das desigualdades n\u00e3o eram nenhuma novidade<\/a>, Rafael observou que \u201c\u00e9 um paradoxo\u201d pois \u201c n\u00f3s falamos as mesmas coisas h\u00e1 30 ou 40 anos\u201d, mas o governo \u201c<\/span><span style=\"font-weight: 400;\">continua refazendo investimentos que refor\u00e7am as desigualdades\u201d<\/span><span style=\"font-weight: 400;\">. Ao inv\u00e9s disso, membros do governo&#8211;seja municipal, estatal ou federal&#8211; deveriam incorporar o tipo de metodologia modelado pela pesquisa de Rafael, patrocinando pesquisas independentes para proje\u00e7\u00f5es de impacto e avalia\u00e7\u00f5es, e em seguida compartilhar esses resultados publicamente para aumentar a\u00a0<a href=\"http:\/\/bit.ly\/24Ua8ZK\" target=\"_blank\" rel=\"noopener\">transpar\u00eancia<\/a>\u00a0de\u00a0projetos que afirmam transformar a sociedade.<\/span><\/p>\n<!-- AddThis Advanced Settings generic via filter on the_content --><!-- AddThis Share Buttons generic via filter on the_content -->","protected":false},"excerpt":{"rendered":"<div class=\"mh-excerpt\"><p>Click Here for English \u201cA decis\u00e3o da cidade de se candidatar a sede dos Jogos de 2016 foi tomada a partir de uma vis\u00e3o de longo prazo: percorrer o caminho, aberto com uma vit\u00f3ria da <a class=\"mh-excerpt-more\" href=\"https:\/\/rioonwatch.org.br\/?p=29512\" title=\"Caros Projetos de Transporte dos Megaeventos N\u00e3o Resolveram a Mobilidade, Nem a Desigualdade\">[&#8230;]<\/a><!-- AddThis Advanced Settings generic via filter on get_the_excerpt --><!-- AddThis Share Buttons generic via filter on get_the_excerpt --><\/p>\n<\/div>","protected":false},"author":129,"featured_media":29522,"comment_status":"closed","ping_status":"closed","sticky":false,"template":"","format":"standard","meta":{"_acf_changed":false,"_monsterinsights_skip_tracking":false,"_monsterinsights_sitenote_active":false,"_monsterinsights_sitenote_note":"","_monsterinsights_sitenote_category":0,"footnotes":""},"categories":[2051,1635,1621,1627,1632,344,1726],"tags":[934,497,1597,389,2195,413,316,1306,1372,2164,722,1240,616,246,1021,560,1037,78,673,588,522,578,764,370,1724,218,184,383],"writer":[1199],"translator":[2238],"source":[],"ilustrador":[],"fotografo":[],"class_list":{"0":"post-29512","1":"post","2":"type-post","3":"status-publish","4":"format-standard","5":"has-post-thumbnail","7":"category-olhonolegado","8":"category-1635","9":"category-destaque","10":"category-relato-de-evento","11":"category-pesquisa-e-analise","12":"category-politicas","13":"category-transporte","14":"tag-acesso","15":"tag-brt","16":"tag-casa-fluminense","17":"tag-copa-do-mundo","18":"tag-crise-economica","19":"tag-desigualdade","20":"tag-educacao","21":"tag-exclusao","22":"tag-grande-rio","23":"tag-ipea","24":"tag-legado","25":"tag-megaeventos","26":"tag-metro","27":"tag-minha-casa-minha-vida","28":"tag-mito-do-legado","29":"tag-mobilidade","30":"tag-moradia","31":"tag-olimpiadas","32":"tag-onibus","33":"tag-pesquisa","34":"tag-regiao-dormitorio","35":"tag-trabalho-e-renda","36":"tag-transporte","37":"tag-transporte-publico","38":"tag-vlt","39":"tag-zona-norte","40":"tag-zona-oeste","41":"tag-zona-sul","42":"writer-cerianne-robertson","43":"translator-julia-hara-medeiros"},"acf":[],"yoast_head":"<!-- This site is optimized with the Yoast SEO plugin v25.6 - https:\/\/yoast.com\/wordpress\/plugins\/seo\/ -->\n<title>Caros Projetos de Transporte dos Megaeventos N\u00e3o Resolveram a Mobilidade, Nem a Desigualdade - RioOnWatch<\/title>\n<meta name=\"robots\" content=\"index, follow, max-snippet:-1, max-image-preview:large, max-video-preview:-1\" \/>\n<link rel=\"canonical\" href=\"https:\/\/rioonwatch.org.br\/?p=29512\" \/>\n<meta property=\"og:locale\" content=\"pt_BR\" \/>\n<meta property=\"og:type\" content=\"article\" \/>\n<meta property=\"og:title\" content=\"Caros Projetos de Transporte dos Megaeventos N\u00e3o Resolveram a Mobilidade, Nem a Desigualdade - RioOnWatch\" \/>\n<meta property=\"og:description\" content=\"Click Here for English \u201cA decis\u00e3o da cidade de se candidatar a sede dos Jogos de 2016 foi tomada a partir de uma vis\u00e3o de longo prazo: percorrer o caminho, aberto com uma vit\u00f3ria da [...]\" \/>\n<meta property=\"og:url\" content=\"https:\/\/rioonwatch.org.br\/?p=29512\" \/>\n<meta property=\"og:site_name\" content=\"RioOnWatch\" \/>\n<meta property=\"article:published_time\" content=\"2017-11-13T13:46:37+00:00\" \/>\n<meta property=\"article:modified_time\" content=\"2024-06-20T19:25:03+00:00\" \/>\n<meta property=\"og:image\" content=\"https:\/\/rioonwatch.org.br\/wp-content\/uploads\/2017\/11\/Jobs-Housing-Casa-Fluminense-map-e1510232227194.jpg\" \/>\n\t<meta property=\"og:image:width\" content=\"1010\" \/>\n\t<meta property=\"og:image:height\" content=\"529\" \/>\n\t<meta property=\"og:image:type\" content=\"image\/jpeg\" \/>\n<meta name=\"author\" content=\"Admin\" \/>\n<meta name=\"twitter:card\" content=\"summary_large_image\" \/>\n<meta name=\"twitter:label1\" content=\"Escrito por\" \/>\n\t<meta name=\"twitter:data1\" content=\"Admin\" \/>\n\t<meta name=\"twitter:label2\" content=\"Est. tempo de leitura\" \/>\n\t<meta name=\"twitter:data2\" content=\"10 minutos\" \/>\n<script type=\"application\/ld+json\" class=\"yoast-schema-graph\">{\"@context\":\"https:\/\/schema.org\",\"@graph\":[{\"@type\":\"Article\",\"@id\":\"https:\/\/rioonwatch.org.br\/?p=29512#article\",\"isPartOf\":{\"@id\":\"https:\/\/rioonwatch.org.br\/?p=29512\"},\"author\":{\"name\":\"Admin\",\"@id\":\"https:\/\/rioonwatch.org.br\/#\/schema\/person\/11d64c290506f9df50c71b850c473f68\"},\"headline\":\"Caros Projetos de Transporte dos Megaeventos N\u00e3o Resolveram a Mobilidade, Nem a Desigualdade\",\"datePublished\":\"2017-11-13T13:46:37+00:00\",\"dateModified\":\"2024-06-20T19:25:03+00:00\",\"mainEntityOfPage\":{\"@id\":\"https:\/\/rioonwatch.org.br\/?p=29512\"},\"wordCount\":2065,\"publisher\":{\"@id\":\"https:\/\/rioonwatch.org.br\/#organization\"},\"image\":{\"@id\":\"https:\/\/rioonwatch.org.br\/?p=29512#primaryimage\"},\"thumbnailUrl\":\"https:\/\/rioonwatch.org.br\/wp-content\/uploads\/2017\/11\/Jobs-Housing-Casa-Fluminense-map-e1510232227194.jpg\",\"keywords\":[\"acesso\",\"BRT\",\"Casa Fluminense\",\"Copa do Mundo\",\"crise econ\u00f4mica\",\"desigualdade\",\"educa\u00e7\u00e3o\",\"exclus\u00e3o\",\"Grande Rio\",\"IPEA\",\"Legado Ol\u00edmpico\",\"Megaeventos\",\"metr\u00f4\",\"Minha Casa Minha Vida\",\"mito do legado\",\"mobilidade\",\"moradia\",\"Olimp\u00edadas\",\"\u00f4nibus\",\"pesquisa\",\"regi\u00e3o dormit\u00f3rio\",\"Trabalho e renda\",\"transporte\",\"transporte p\u00fablico\",\"VLT\",\"Zona Norte\",\"Zona Oeste\",\"Zona Sul\"],\"articleSection\":[\"#OlhoNoLegado\",\"#Rio2016\",\"*Destaque\",\"Cobertura de Eventos\",\"Dados e Pesquisa\",\"Pol\u00edticas\",\"Transporte\"],\"inLanguage\":\"pt-BR\"},{\"@type\":\"WebPage\",\"@id\":\"https:\/\/rioonwatch.org.br\/?p=29512\",\"url\":\"https:\/\/rioonwatch.org.br\/?p=29512\",\"name\":\"Caros Projetos de Transporte dos Megaeventos N\u00e3o Resolveram a Mobilidade, Nem a Desigualdade - RioOnWatch\",\"isPartOf\":{\"@id\":\"https:\/\/rioonwatch.org.br\/#website\"},\"primaryImageOfPage\":{\"@id\":\"https:\/\/rioonwatch.org.br\/?p=29512#primaryimage\"},\"image\":{\"@id\":\"https:\/\/rioonwatch.org.br\/?p=29512#primaryimage\"},\"thumbnailUrl\":\"https:\/\/rioonwatch.org.br\/wp-content\/uploads\/2017\/11\/Jobs-Housing-Casa-Fluminense-map-e1510232227194.jpg\",\"datePublished\":\"2017-11-13T13:46:37+00:00\",\"dateModified\":\"2024-06-20T19:25:03+00:00\",\"breadcrumb\":{\"@id\":\"https:\/\/rioonwatch.org.br\/?p=29512#breadcrumb\"},\"inLanguage\":\"pt-BR\",\"potentialAction\":[{\"@type\":\"ReadAction\",\"target\":[\"https:\/\/rioonwatch.org.br\/?p=29512\"]}]},{\"@type\":\"ImageObject\",\"inLanguage\":\"pt-BR\",\"@id\":\"https:\/\/rioonwatch.org.br\/?p=29512#primaryimage\",\"url\":\"https:\/\/rioonwatch.org.br\/wp-content\/uploads\/2017\/11\/Jobs-Housing-Casa-Fluminense-map-e1510232227194.jpg\",\"contentUrl\":\"https:\/\/rioonwatch.org.br\/wp-content\/uploads\/2017\/11\/Jobs-Housing-Casa-Fluminense-map-e1510232227194.jpg\",\"width\":1010,\"height\":529},{\"@type\":\"BreadcrumbList\",\"@id\":\"https:\/\/rioonwatch.org.br\/?p=29512#breadcrumb\",\"itemListElement\":[{\"@type\":\"ListItem\",\"position\":1,\"name\":\"In\u00edcio\",\"item\":\"https:\/\/rioonwatch.org.br\/\"},{\"@type\":\"ListItem\",\"position\":2,\"name\":\"Caros Projetos de Transporte dos Megaeventos N\u00e3o Resolveram a Mobilidade, Nem a Desigualdade\"}]},{\"@type\":\"WebSite\",\"@id\":\"https:\/\/rioonwatch.org.br\/#website\",\"url\":\"https:\/\/rioonwatch.org.br\/\",\"name\":\"RioOnWatch\",\"description\":\"relatos das favelas cariocas\",\"publisher\":{\"@id\":\"https:\/\/rioonwatch.org.br\/#organization\"},\"potentialAction\":[{\"@type\":\"SearchAction\",\"target\":{\"@type\":\"EntryPoint\",\"urlTemplate\":\"https:\/\/rioonwatch.org.br\/?s={search_term_string}\"},\"query-input\":{\"@type\":\"PropertyValueSpecification\",\"valueRequired\":true,\"valueName\":\"search_term_string\"}}],\"inLanguage\":\"pt-BR\"},{\"@type\":\"Organization\",\"@id\":\"https:\/\/rioonwatch.org.br\/#organization\",\"name\":\"RioOnWatch\",\"url\":\"https:\/\/rioonwatch.org.br\/\",\"logo\":{\"@type\":\"ImageObject\",\"inLanguage\":\"pt-BR\",\"@id\":\"https:\/\/rioonwatch.org.br\/#\/schema\/logo\/image\/\",\"url\":\"https:\/\/rioonwatch.org.br\/wp-content\/uploads\/2021\/06\/RioOnWatchcabecalhoPT11anos-2.png\",\"contentUrl\":\"https:\/\/rioonwatch.org.br\/wp-content\/uploads\/2021\/06\/RioOnWatchcabecalhoPT11anos-2.png\",\"width\":779,\"height\":277,\"caption\":\"RioOnWatch\"},\"image\":{\"@id\":\"https:\/\/rioonwatch.org.br\/#\/schema\/logo\/image\/\"}},{\"@type\":\"Person\",\"@id\":\"https:\/\/rioonwatch.org.br\/#\/schema\/person\/11d64c290506f9df50c71b850c473f68\",\"name\":\"Admin\",\"image\":{\"@type\":\"ImageObject\",\"inLanguage\":\"pt-BR\",\"@id\":\"https:\/\/rioonwatch.org.br\/#\/schema\/person\/image\/\",\"url\":\"https:\/\/secure.gravatar.com\/avatar\/56211ac74568383903349a1485e3c325?s=96&d=blank&r=g\",\"contentUrl\":\"https:\/\/secure.gravatar.com\/avatar\/56211ac74568383903349a1485e3c325?s=96&d=blank&r=g\",\"caption\":\"Admin\"},\"url\":\"https:\/\/rioonwatch.org.br\/?author=129\"}]}<\/script>\n<!-- \/ Yoast SEO plugin. -->","yoast_head_json":{"title":"Caros Projetos de Transporte dos Megaeventos N\u00e3o Resolveram a Mobilidade, Nem a Desigualdade - RioOnWatch","robots":{"index":"index","follow":"follow","max-snippet":"max-snippet:-1","max-image-preview":"max-image-preview:large","max-video-preview":"max-video-preview:-1"},"canonical":"https:\/\/rioonwatch.org.br\/?p=29512","og_locale":"pt_BR","og_type":"article","og_title":"Caros Projetos de Transporte dos Megaeventos N\u00e3o Resolveram a Mobilidade, Nem a Desigualdade - RioOnWatch","og_description":"Click Here for English \u201cA decis\u00e3o da cidade de se candidatar a sede dos Jogos de 2016 foi tomada a partir de uma vis\u00e3o de longo prazo: percorrer o caminho, aberto com uma vit\u00f3ria da [...]","og_url":"https:\/\/rioonwatch.org.br\/?p=29512","og_site_name":"RioOnWatch","article_published_time":"2017-11-13T13:46:37+00:00","article_modified_time":"2024-06-20T19:25:03+00:00","og_image":[{"width":1010,"height":529,"url":"https:\/\/rioonwatch.org.br\/wp-content\/uploads\/2017\/11\/Jobs-Housing-Casa-Fluminense-map-e1510232227194.jpg","type":"image\/jpeg"}],"author":"Admin","twitter_card":"summary_large_image","twitter_misc":{"Escrito por":"Admin","Est. tempo de leitura":"10 minutos"},"schema":{"@context":"https:\/\/schema.org","@graph":[{"@type":"Article","@id":"https:\/\/rioonwatch.org.br\/?p=29512#article","isPartOf":{"@id":"https:\/\/rioonwatch.org.br\/?p=29512"},"author":{"name":"Admin","@id":"https:\/\/rioonwatch.org.br\/#\/schema\/person\/11d64c290506f9df50c71b850c473f68"},"headline":"Caros Projetos de Transporte dos Megaeventos N\u00e3o Resolveram a Mobilidade, Nem a Desigualdade","datePublished":"2017-11-13T13:46:37+00:00","dateModified":"2024-06-20T19:25:03+00:00","mainEntityOfPage":{"@id":"https:\/\/rioonwatch.org.br\/?p=29512"},"wordCount":2065,"publisher":{"@id":"https:\/\/rioonwatch.org.br\/#organization"},"image":{"@id":"https:\/\/rioonwatch.org.br\/?p=29512#primaryimage"},"thumbnailUrl":"https:\/\/rioonwatch.org.br\/wp-content\/uploads\/2017\/11\/Jobs-Housing-Casa-Fluminense-map-e1510232227194.jpg","keywords":["acesso","BRT","Casa Fluminense","Copa do Mundo","crise econ\u00f4mica","desigualdade","educa\u00e7\u00e3o","exclus\u00e3o","Grande Rio","IPEA","Legado Ol\u00edmpico","Megaeventos","metr\u00f4","Minha Casa Minha Vida","mito do legado","mobilidade","moradia","Olimp\u00edadas","\u00f4nibus","pesquisa","regi\u00e3o dormit\u00f3rio","Trabalho e renda","transporte","transporte p\u00fablico","VLT","Zona Norte","Zona Oeste","Zona Sul"],"articleSection":["#OlhoNoLegado","#Rio2016","*Destaque","Cobertura de Eventos","Dados e Pesquisa","Pol\u00edticas","Transporte"],"inLanguage":"pt-BR"},{"@type":"WebPage","@id":"https:\/\/rioonwatch.org.br\/?p=29512","url":"https:\/\/rioonwatch.org.br\/?p=29512","name":"Caros Projetos de Transporte dos Megaeventos N\u00e3o Resolveram a Mobilidade, Nem a Desigualdade - RioOnWatch","isPartOf":{"@id":"https:\/\/rioonwatch.org.br\/#website"},"primaryImageOfPage":{"@id":"https:\/\/rioonwatch.org.br\/?p=29512#primaryimage"},"image":{"@id":"https:\/\/rioonwatch.org.br\/?p=29512#primaryimage"},"thumbnailUrl":"https:\/\/rioonwatch.org.br\/wp-content\/uploads\/2017\/11\/Jobs-Housing-Casa-Fluminense-map-e1510232227194.jpg","datePublished":"2017-11-13T13:46:37+00:00","dateModified":"2024-06-20T19:25:03+00:00","breadcrumb":{"@id":"https:\/\/rioonwatch.org.br\/?p=29512#breadcrumb"},"inLanguage":"pt-BR","potentialAction":[{"@type":"ReadAction","target":["https:\/\/rioonwatch.org.br\/?p=29512"]}]},{"@type":"ImageObject","inLanguage":"pt-BR","@id":"https:\/\/rioonwatch.org.br\/?p=29512#primaryimage","url":"https:\/\/rioonwatch.org.br\/wp-content\/uploads\/2017\/11\/Jobs-Housing-Casa-Fluminense-map-e1510232227194.jpg","contentUrl":"https:\/\/rioonwatch.org.br\/wp-content\/uploads\/2017\/11\/Jobs-Housing-Casa-Fluminense-map-e1510232227194.jpg","width":1010,"height":529},{"@type":"BreadcrumbList","@id":"https:\/\/rioonwatch.org.br\/?p=29512#breadcrumb","itemListElement":[{"@type":"ListItem","position":1,"name":"In\u00edcio","item":"https:\/\/rioonwatch.org.br\/"},{"@type":"ListItem","position":2,"name":"Caros Projetos de Transporte dos Megaeventos N\u00e3o Resolveram a Mobilidade, Nem a Desigualdade"}]},{"@type":"WebSite","@id":"https:\/\/rioonwatch.org.br\/#website","url":"https:\/\/rioonwatch.org.br\/","name":"RioOnWatch","description":"relatos das favelas cariocas","publisher":{"@id":"https:\/\/rioonwatch.org.br\/#organization"},"potentialAction":[{"@type":"SearchAction","target":{"@type":"EntryPoint","urlTemplate":"https:\/\/rioonwatch.org.br\/?s={search_term_string}"},"query-input":{"@type":"PropertyValueSpecification","valueRequired":true,"valueName":"search_term_string"}}],"inLanguage":"pt-BR"},{"@type":"Organization","@id":"https:\/\/rioonwatch.org.br\/#organization","name":"RioOnWatch","url":"https:\/\/rioonwatch.org.br\/","logo":{"@type":"ImageObject","inLanguage":"pt-BR","@id":"https:\/\/rioonwatch.org.br\/#\/schema\/logo\/image\/","url":"https:\/\/rioonwatch.org.br\/wp-content\/uploads\/2021\/06\/RioOnWatchcabecalhoPT11anos-2.png","contentUrl":"https:\/\/rioonwatch.org.br\/wp-content\/uploads\/2021\/06\/RioOnWatchcabecalhoPT11anos-2.png","width":779,"height":277,"caption":"RioOnWatch"},"image":{"@id":"https:\/\/rioonwatch.org.br\/#\/schema\/logo\/image\/"}},{"@type":"Person","@id":"https:\/\/rioonwatch.org.br\/#\/schema\/person\/11d64c290506f9df50c71b850c473f68","name":"Admin","image":{"@type":"ImageObject","inLanguage":"pt-BR","@id":"https:\/\/rioonwatch.org.br\/#\/schema\/person\/image\/","url":"https:\/\/secure.gravatar.com\/avatar\/56211ac74568383903349a1485e3c325?s=96&d=blank&r=g","contentUrl":"https:\/\/secure.gravatar.com\/avatar\/56211ac74568383903349a1485e3c325?s=96&d=blank&r=g","caption":"Admin"},"url":"https:\/\/rioonwatch.org.br\/?author=129"}]}},"_links":{"self":[{"href":"https:\/\/rioonwatch.org.br\/index.php?rest_route=\/wp\/v2\/posts\/29512"}],"collection":[{"href":"https:\/\/rioonwatch.org.br\/index.php?rest_route=\/wp\/v2\/posts"}],"about":[{"href":"https:\/\/rioonwatch.org.br\/index.php?rest_route=\/wp\/v2\/types\/post"}],"author":[{"embeddable":true,"href":"https:\/\/rioonwatch.org.br\/index.php?rest_route=\/wp\/v2\/users\/129"}],"replies":[{"embeddable":true,"href":"https:\/\/rioonwatch.org.br\/index.php?rest_route=%2Fwp%2Fv2%2Fcomments&post=29512"}],"version-history":[{"count":34,"href":"https:\/\/rioonwatch.org.br\/index.php?rest_route=\/wp\/v2\/posts\/29512\/revisions"}],"predecessor-version":[{"id":29558,"href":"https:\/\/rioonwatch.org.br\/index.php?rest_route=\/wp\/v2\/posts\/29512\/revisions\/29558"}],"wp:featuredmedia":[{"embeddable":true,"href":"https:\/\/rioonwatch.org.br\/index.php?rest_route=\/wp\/v2\/media\/29522"}],"wp:attachment":[{"href":"https:\/\/rioonwatch.org.br\/index.php?rest_route=%2Fwp%2Fv2%2Fmedia&parent=29512"}],"wp:term":[{"taxonomy":"category","embeddable":true,"href":"https:\/\/rioonwatch.org.br\/index.php?rest_route=%2Fwp%2Fv2%2Fcategories&post=29512"},{"taxonomy":"post_tag","embeddable":true,"href":"https:\/\/rioonwatch.org.br\/index.php?rest_route=%2Fwp%2Fv2%2Ftags&post=29512"},{"taxonomy":"writer","embeddable":true,"href":"https:\/\/rioonwatch.org.br\/index.php?rest_route=%2Fwp%2Fv2%2Fwriter&post=29512"},{"taxonomy":"translator","embeddable":true,"href":"https:\/\/rioonwatch.org.br\/index.php?rest_route=%2Fwp%2Fv2%2Ftranslator&post=29512"},{"taxonomy":"source","embeddable":true,"href":"https:\/\/rioonwatch.org.br\/index.php?rest_route=%2Fwp%2Fv2%2Fsource&post=29512"},{"taxonomy":"ilustrador","embeddable":true,"href":"https:\/\/rioonwatch.org.br\/index.php?rest_route=%2Fwp%2Fv2%2Filustrador&post=29512"},{"taxonomy":"fotografo","embeddable":true,"href":"https:\/\/rioonwatch.org.br\/index.php?rest_route=%2Fwp%2Fv2%2Ffotografo&post=29512"}],"curies":[{"name":"wp","href":"https:\/\/api.w.org\/{rel}","templated":true}]}}