{"id":29609,"date":"2017-11-20T12:12:51","date_gmt":"2017-11-20T15:12:51","guid":{"rendered":"http:\/\/rioonwatch.org.br\/?p=29609"},"modified":"2017-11-22T13:13:24","modified_gmt":"2017-11-22T16:13:24","slug":"favela-sustentavel","status":"publish","type":"post","link":"https:\/\/rioonwatch.org.br\/?p=29609","title":{"rendered":"Favela Sustent\u00e1vel? Favelas e Ecologia Contra Remo\u00e7\u00e3o"},"content":{"rendered":"<p style=\"text-align: right;\"><em><strong><a href=\"http:\/\/bit.ly\/2A5Tx16\" target=\"_blank\" rel=\"noopener noreferrer\">Click Here for English<img decoding=\"async\" width=\"20\" height=\"20\" class=\"alignright wp-image-15790\" src=\"http:\/\/rioonwatch.org.br\/wp-content\/uploads\/2012\/08\/EN-standard-e1439583104716.jpg\" alt=\"\" \/><\/a><\/strong><\/em><\/p>\n<div class=\"field field-name-field-teaser field-type-text-long field-label-hidden\">\n<div class=\"field-items\">\n<div class=\"field-item even\">\n<p><em>Leia\u00a0a mat\u00e9ria original por\u00a0<a href=\"http:\/\/bit.ly\/2zQOGxX\" target=\"_blank\" rel=\"noopener\">Jennifer Chisholm<\/a>\u00a0em ingl\u00eas no site da NACLA\u00a0<a href=\"http:\/\/bit.ly\/2A5Tx16\" target=\"_blank\" rel=\"noopener noreferrer\">aqui<\/a>.\u00a0O RioOnWatch traduz mat\u00e9rias do ingl\u00eas para que brasileiros possam ter acesso e acompanhar\u00a0temas ou an\u00e1lises cobertos fora do pa\u00eds que nem sempre s\u00e3o cobertos no Brasil.\u00a0<\/em><\/p>\n<h3>Moradores de favelas do Rio est\u00e3o lutando contra amea\u00e7as de remo\u00e7\u00e3o, criando novas identidades baseadas na preserva\u00e7\u00e3o ecol\u00f3gica.<\/h3>\n<\/div>\n<\/div>\n<\/div>\n<div class=\"field field-name-body field-type-text-with-summary field-label-hidden\">\n<div class=\"field-items\">\n<div class=\"field-item even\">\n<p><span style=\"font-weight: 400;\">Durante os preparativos para a <a href=\"http:\/\/bit.ly\/WfaiMR\" target=\"_blank\" rel=\"noopener\">Copa do Mundo<\/a> de 2014 e para os <a href=\"http:\/\/bit.ly\/PkLXlQ\" target=\"_blank\" rel=\"noopener\">Jogos Ol\u00edmpicos<\/a> de 2016 no Rio de Janeiro, remo\u00e7\u00f5es em massa <a href=\"http:\/\/n.pr\/2ipdt4o\" target=\"_blank\" rel=\"noopener\">deslocaram milhares de moradores<\/a>\u00a0na cidade. No entanto, moradores das favelas continuam sofrendo amea\u00e7as de remo\u00e7\u00e3o desde os megaeventos citados. A nova administra\u00e7\u00e3o da cidade, liderada pelo Prefeito <a href=\"http:\/\/bit.ly\/2cIlnDw\" target=\"_blank\" rel=\"noopener\">Marcelo Crivella<\/a>, lamentou que a \u201cmoradia irregular\u201d vem pressionando indevidamente um meio ambiente supostamente j\u00e1 fr\u00e1gil, e idealizou a cria\u00e7\u00e3o de mais parques p\u00fablicos e \u00e1reas de lazer na <a href=\"http:\/\/bit.ly\/11tBmFR\" target=\"_blank\" rel=\"noopener\">Zona Oeste<\/a> da cidade atrav\u00e9s de remo\u00e7\u00f5es, em seu novo <a href=\"http:\/\/bit.ly\/2tPJMzV\" target=\"_blank\" rel=\"noopener\">Plano Estrat\u00e9gico para 2017-2020<\/a>.<\/span> <span style=\"font-weight: 400;\">Embora esses planos <a href=\"http:\/\/bit.ly\/2A11LEt\" target=\"_blank\" rel=\"noopener\">tenham sido cancelados<\/a>\u00a0ap\u00f3s protestos p\u00fablicos de moradores e aliados, os ativistas continuam preocupados com futuras tentativas de remo\u00e7\u00e3o, em raz\u00e3o da conhecida antipatia de Crivella pelas favelas.<\/span><\/p>\n<p><span style=\"font-weight: 400;\">O <a href=\"http:\/\/bit.ly\/P4itK0\" target=\"_blank\" rel=\"noopener\">estigma<\/a> em rela\u00e7\u00e3o \u00e0s favelas expressado por Crivella e outros em sua administra\u00e7\u00e3o n\u00e3o \u00e9 novo. A primeira favela, <a href=\"http:\/\/bit.ly\/2a9OZb5\" target=\"_blank\" rel=\"noopener\">Morro da Provid\u00eancia<\/a>, foi fundada em 1897 por soldados que retornavam da <a href=\"http:\/\/bit.ly\/1jxeLb5\" target=\"_blank\" rel=\"noopener\">Guerra de Canudos<\/a>, a guerra mais sangrenta da hist\u00f3ria do Brasil. Os soldados a quem tinham sido prometidas terras caso o ex\u00e9rcito imperial brasileiro vencesse&#8211;mas o governo n\u00e3o manteve sua palavra&#8211;decidiram ocupar o morro, onde logo se juntaram a eles moradores pobres despejados de corti\u00e7os prec\u00e1rios<\/span><span style=\"font-weight: 400;\">. <\/span><span style=\"font-weight: 400;\">As administra\u00e7\u00f5es municipais da \u00e9poca viam esses assentamentos n\u00e3o sancionados como um risco para a sa\u00fade p\u00fablica e contr\u00e1rios ao objetivo de criar cidades brasileiras modernas. Por esse motivo, foram alvo de remo\u00e7\u00e3o.<\/span><\/p>\n<p><span style=\"font-weight: 400;\">Atualmente muitos cariocas ainda acreditam que as favelas s\u00e3o perigosas, sujas e ocupa\u00e7\u00f5es ilegais que degradam a cidade.<\/span> <span style=\"font-weight: 400;\">O governo tamb\u00e9m afirma que algumas favelas est\u00e3o em \u201c<a href=\"http:\/\/bit.ly\/184DRpn\" target=\"_blank\" rel=\"noopener\">\u00e1reas de risco<\/a>\u201d, particularmente aquelas constru\u00eddas em encostas ou margens de rios, argumentando que representam risco ao meio ambiente e aos moradores.<\/span> <span style=\"font-weight: 400;\">Certamente, h\u00e1 viol\u00eancia em algumas favelas, e h\u00e1 problemas com inadequados sistemas de esgoto a c\u00e9u aberto em certas comunidades, devido ao fato de que o governo frequentemente n\u00e3o fornece esses servi\u00e7os nas favelas. Ainda assim, o estigma contra essas comunidades serve como justificativa para remo\u00e7\u00f5es.<\/span><\/p>\n<p>Ativistas que moram nas favelas e seus apoiadores t\u00eam trabalhado para combater esse preconceito. Por exemplo, o\u00a0<a href=\"http:\/\/bit.ly\/2z7bSdP\" target=\"_blank\" rel=\"noopener\">Observat\u00f3rio de Favelas<\/a>, no <a href=\"http:\/\/bit.ly\/10BvARw\" target=\"_blank\" rel=\"noopener\">Complexo da Mar\u00e9<\/a>, realiza regularmente reuni\u00f5es, semin\u00e1rios e eventos culturais para instruir todos os moradores do Rio&#8211;tanto os que vivem em favelas como os que n\u00e3o vivem&#8211;sobre os problemas que afetam os seus moradores e para promover atividades culturais, como o baile funk, que s\u00e3o produzidos nessas comunidades. Outras comunidades, especialmente as que est\u00e3o dentro ou perto de reservas ecol\u00f3gicas protegidas, t\u00eam buscado contestar a ideia de que moradores de favelas s\u00e3o invasores e poluidores, ressaltando suas pr\u00f3prias <a href=\"http:\/\/bit.ly\/2AvXYyX\" target=\"_blank\" rel=\"noopener\">contribui\u00e7\u00f5es para a preserva\u00e7\u00e3o ambiental<\/a>.<\/p>\n<p><span style=\"font-weight: 400;\">Ativistas t\u00eam procurado mudar o discurso sobre favelas adotando uma identidade baseada na ideia daquilo que a soci\u00f3loga Camila Moraes chama de \u201c<a href=\"http:\/\/bit.ly\/2hEXi65\" target=\"_blank\" rel=\"noopener\">favela ecol\u00f3gica<\/a>\u201d. Essa ideia defende que o ambiente natural em torno das favelas, em \u00e1reas de prote\u00e7\u00e3o ambiental, se torna parte caracter\u00edstica da comunidade e fomenta a administra\u00e7\u00e3o entre os moradores<\/span><span style=\"font-weight: 400;\">. <\/span><span style=\"font-weight: 400;\">Na mesma linha, favelas envolvidas ativamente com projetos ambientais s\u00e3o reconhecidas como <a href=\"http:\/\/bit.ly\/FavelaModelo\" target=\"_blank\" rel=\"noopener\">modelos de desenvolvimento urbano sustent\u00e1vel<\/a><\/span><span style=\"font-weight: 400;\">.<\/span><\/p>\n<p><span style=\"font-weight: 400;\">Uma das favelas que exemplifica essa ideia \u00e9 o\u00a0<a href=\"http:\/\/bit.ly\/1qm7REb\" target=\"_blank\" rel=\"noopener\">Vale Encantado<\/a>, uma comunidade com cerca de vinte fam\u00edlias que vivem na <a href=\"http:\/\/bit.ly\/1CGbQBS\" target=\"_blank\" rel=\"noopener\">Floresta da Tijuca<\/a>, no <a href=\"http:\/\/bit.ly\/2nysjZt\" target=\"_blank\" rel=\"noopener\">Alto da Boa Vista<\/a>. De acordo com <a href=\"http:\/\/bit.ly\/2nKccIF\" target=\"_blank\" rel=\"noopener\">Ot\u00e1vio Barros<\/a>,\u00a0presidente da\u00a0Associa\u00e7\u00e3o de Moradores\u00a0e Amigos do\u00a0Alto da Boa Vista, tr\u00eas fam\u00edlias que chegaram ap\u00f3s a funda\u00e7\u00e3o da primeira planta\u00e7\u00e3o de caf\u00e9 na \u00e1rea fundaram o Vale Encantado, no final do s\u00e9culo 18. Ao longo dos anos 1900, essas fam\u00edlias cultivavam seus pr\u00f3prios legumes e os vendiam na cidade, mais tarde passando para a floricultura, j\u00e1 que a concorr\u00eancia de vendedores com mercadorias de baixo pre\u00e7o fazia com que a venda de legumes n\u00e3o fosse lucrativa.<\/span><\/p>\n<p><a href=\"http:\/\/rioonwatch.org.br\/wp-content\/uploads\/2017\/11\/Vale.png\"><img fetchpriority=\"high\" decoding=\"async\" class=\"aligncenter wp-image-29684\" src=\"http:\/\/rioonwatch.org.br\/wp-content\/uploads\/2017\/11\/Vale.png\" alt=\"\" width=\"621\" height=\"465\" srcset=\"https:\/\/rioonwatch.org.br\/wp-content\/uploads\/2017\/11\/Vale.png 650w, https:\/\/rioonwatch.org.br\/wp-content\/uploads\/2017\/11\/Vale-352x264.png 352w, https:\/\/rioonwatch.org.br\/wp-content\/uploads\/2017\/11\/Vale-620x465.png 620w, https:\/\/rioonwatch.org.br\/wp-content\/uploads\/2017\/11\/Vale-174x131.png 174w, https:\/\/rioonwatch.org.br\/wp-content\/uploads\/2017\/11\/Vale-300x225.png 300w, https:\/\/rioonwatch.org.br\/wp-content\/uploads\/2017\/11\/Vale-70x53.png 70w\" sizes=\"(max-width: 621px) 100vw, 621px\" \/><\/a><\/p>\n<p><span style=\"font-weight: 400;\">Em pouco tempo, a venda de flores tamb\u00e9m se tornou invi\u00e1vel, e uma <a href=\"http:\/\/bit.ly\/1eeielu\" target=\"_blank\" rel=\"noopener\">pedreira de granito<\/a> que operava no Vale Encantado surgiu como a \u00fanica fonte de renda local<\/span><span style=\"font-weight: 400;\">. <\/span><span style=\"font-weight: 400;\">O trabalho na minera\u00e7\u00e3o do granito para vender como material de constru\u00e7\u00e3o trouxe novas fam\u00edlias para a comunidade, mas tamb\u00e9m causou o desmatamento<\/span><span style=\"font-weight: 400;\">. <\/span><span style=\"font-weight: 400;\">Quando o Minist\u00e9rio P\u00fablico Federal for\u00e7ou o fechamento da pedreira [por motivos ambientais], em 1988, muitos dos que haviam chegado mais recentemente \u00e0 comunidade foram embora.<\/span> <span style=\"font-weight: 400;\">Para a comunidade, ficou a tarefa monumental de <a href=\"http:\/\/bit.ly\/18YNox0\" target=\"_blank\" rel=\"noopener\">reabilitar a \u00e1rea<\/a> e encontrar novas op\u00e7\u00f5es de emprego para seus moradores.<\/span><\/p>\n<p><span style=\"font-weight: 400;\">Em 2005, o Minist\u00e9rio P\u00fablico solicitou a remo\u00e7\u00e3o do Vale Encantado, alegando que a favela era uma ocupa\u00e7\u00e3o ilegal que polu\u00eda o ambiente<\/span><span style=\"font-weight: 400;\">. <\/span><span style=\"font-weight: 400;\">Doze anos depois, o caso ainda est\u00e1 em curso na justi\u00e7a. Enquanto isso, Ot\u00e1vio est\u00e1 fazendo o que pode para <a href=\"http:\/\/bit.ly\/1IJxsBN\" target=\"_blank\" rel=\"noopener\">mostrar a favela de um \u00e2ngulo favor\u00e1vel<\/a>, contrariando imagens negativas de que os moradores da comunidade s\u00e3o invasores e poluidores.<\/span><\/p>\n<p><span style=\"font-weight: 400;\">Com a ajuda de alguns moradores amigos, Ot\u00e1vio come\u00e7ou uma <a href=\"http:\/\/bit.ly\/J2wajw\" target=\"_blank\" rel=\"noopener\">cooperativa de ecoturismo<\/a>, que organiza <\/span><span style=\"font-weight: 400;\">tours <\/span><span style=\"font-weight: 400;\">que atendem principalmente ecoturistas estrangeiros e brasileiros e estudantes universit\u00e1rios. Em um passeio t\u00edpico, Ot\u00e1vio explica como, com a ajuda de universidades locais e organiza\u00e7\u00f5es estrangeiras sem fins lucrativos, moradores foram capazes de <a href=\"http:\/\/bit.ly\/1Hawg6U\" target=\"_blank\" rel=\"noopener\">construir sistemas de esgoto ambientalmente correto<\/a> e compostagem, ou <a href=\"http:\/\/bit.ly\/2AO9u8y\" target=\"_blank\" rel=\"noopener\">biodigestores<\/a><\/span><span style=\"font-weight: 400;\">. <\/span><span style=\"font-weight: 400;\">Esses biodigestores coletam lixo org\u00e2nico que, depois de fermentado, produz um biog\u00e1s semelhante ao g\u00e1s natural, que o Vale Encantado usa para aquecimento de \u00e1gua e cozimento de alimentos<\/span><span style=\"font-weight: 400;\">. <\/span><span style=\"font-weight: 400;\">Ele tamb\u00e9m mostra pain\u00e9is solares rudimentares que trazem eletricidade para casas com maior necessidade, enquanto ensina aos turistas os nomes de plantas silvestres nativas que crescem nessa \u00e1rea, explicando seus usos tradicionais.<\/span> <span style=\"font-weight: 400;\">Todos os passeios terminam com uma refei\u00e7\u00e3o preparada pelos moradores empregados pela cooperativa, usando produtos cultivados na comunidade<\/span><span style=\"font-weight: 400;\">. <\/span><span style=\"font-weight: 400;\">Al\u00e9m de gerar renda necess\u00e1ria numa comunidade com altos n\u00edveis de desemprego, Ot\u00e1vio espera usar o neg\u00f3cio de ecoturismo para educar seus vizinhos sobre sua responsabilidade em tomar conta do meio ambiente. <\/span><\/p>\n<figure id=\"attachment_29614\" aria-describedby=\"caption-attachment-29614\" style=\"width: 612px\" class=\"wp-caption aligncenter\"><a href=\"http:\/\/rioonwatch.org.br\/wp-content\/uploads\/2017\/11\/Horto-Fica.png\"><img decoding=\"async\" class=\"wp-image-29614 size-full\" title=\"Horto Fica! (Trabalho do autor)\" src=\"http:\/\/rioonwatch.org.br\/wp-content\/uploads\/2017\/11\/Horto-Fica.png\" alt=\"\" width=\"612\" height=\"817\" srcset=\"https:\/\/rioonwatch.org.br\/wp-content\/uploads\/2017\/11\/Horto-Fica.png 612w, https:\/\/rioonwatch.org.br\/wp-content\/uploads\/2017\/11\/Horto-Fica-198x264.png 198w, https:\/\/rioonwatch.org.br\/wp-content\/uploads\/2017\/11\/Horto-Fica-464x620.png 464w\" sizes=\"(max-width: 612px) 100vw, 612px\" \/><\/a><figcaption id=\"caption-attachment-29614\" class=\"wp-caption-text\">Horto Fica! (Trabalho da autora).<\/figcaption><\/figure>\n<p><span style=\"font-weight: 400;\">Enquanto uma identidade ambiental se desenvolve no Vale Encantado, ela j\u00e1 existe no <a href=\"http:\/\/bit.ly\/16nL7Yz\" target=\"_blank\" rel=\"noopener\">Horto<\/a>, uma comunidade localizada ao lado do <a href=\"http:\/\/bit.ly\/1UfSVGa\" target=\"_blank\" rel=\"noopener\">Jardim Bot\u00e2nico<\/a> do Rio. O <a href=\"http:\/\/bit.ly\/11b2TzL\" target=\"_blank\" rel=\"noopener\">Horto<\/a> tem uma hist\u00f3ria que remonta \u00e0 \u00e9poca colonial, mas seu estabelecimento mais recente foi como um assentamento de funcion\u00e1rios do Jardim Bot\u00e2nico que receberam permiss\u00e3o&#8211;muitas vezes informal&#8211;<a href=\"http:\/\/bit.ly\/2bYn6qA\" target=\"_blank\" rel=\"noopener\">para constru\u00edrem casas nas proximidades, no final dos anos 1800<\/a>. Como no Vale Encantado, os moradores do Horto tamb\u00e9m vendiam plantas de seu jardim hom\u00f4nimo.<\/span><\/p>\n<p><span style=\"font-weight: 400;\">Por\u00e9m uma identidade ambiental mais evidente emergiu atrav\u00e9s dos anos com a luta do Horto contra a remo\u00e7\u00e3o de seus moradores. <\/span><span style=\"font-weight: 400;\">215 <\/span><span style=\"font-weight: 400;\">das <a href=\"http:\/\/bit.ly\/2t2Fpkc\" target=\"_blank\" rel=\"noopener\">589 fam\u00edlias que vivem no Horto<\/a> j\u00e1 receberam notifica\u00e7\u00e3o de despejo<\/span><span style=\"font-weight: 400;\">, e enquanto a grande maioria delas ainda est\u00e1 parada na justi\u00e7a, outras <a href=\"http:\/\/bit.ly\/2fhlcRc\" target=\"_blank\" rel=\"noopener\">cumpriram-se rapidamente<\/a>. Isso acontece de fato com as casas mais pr\u00f3ximas ao Jardim Bot\u00e2nico&#8211;que espera retomar a \u00e1rea do Horto para expandir-se. <a href=\"http:\/\/bit.ly\/2cUtiMY\" target=\"_blank\" rel=\"noopener\">O Jardim Bot\u00e2nico, junto \u00e0 Rede Globo<\/a>, cuja sede est\u00e1 localizada no final da rua, e outros cr\u00edticos, acusam os moradores do Horto de invadir e denegrir o ambiente.<\/span><\/p>\n<p><span style=\"font-weight: 400;\">Al\u00e9m de tentarem <a href=\"http:\/\/bit.ly\/12lVeS2\" target=\"_blank\" rel=\"noopener\">mostrar que n\u00e3o s\u00e3o invasores<\/a>, falando sobre a <a href=\"http:\/\/bit.ly\/2xODctn\" target=\"_blank\" rel=\"noopener\">ocupa\u00e7\u00e3o de longo prazo da \u00e1rea<\/a> por certas fam\u00edlias, ativistas comunit\u00e1rios protestaram contra as acusa\u00e7\u00f5es de que eles destroem o meio ambiente. A Comiss\u00e3o de Moradores do Horto promove regularmente campanhas de reciclagem onde estimulam as crian\u00e7as a reciclarem. Alguns moradores tamb\u00e9m j\u00e1 organizaram projetos para ensinar as crian\u00e7as do Horto sobre as plantas nativas, enquanto elas ajudam a plantar mudas em \u00e1reas \u00e1ridas da comunidade. Outros ainda conduzem projetos para criar jardins comunit\u00e1rios em espa\u00e7os vazios de terra, incluindo \u00e1reas de casas demolidas. Pelo Horto, v\u00e1rios cartazes e murais permanentes declaram a resist\u00eancia da favela enquanto comunicam a import\u00e2ncia da consci\u00eancia ambiental dos moradores. <\/span><\/p>\n<p><span style=\"font-weight: 400;\">Os projetos comunit\u00e1rios realizados no Vale Encantado e no Horto fazem mais do que orientar os moradores a respeito do meio ambiente, promover emprego, e criar um senso de comunidade mais forte; eles tamb\u00e9m proporcionam uma via adicional por onde essas favelas possam lutar pelo direito de ficar. Assumindo e promovendo uma identidade ecol\u00f3gica dentro de suas comunidades, ativistas subvertem os discursos que comparam favelas com um tipo de esp\u00e9cie destrutiva e invasiva, salvaguardam-se como comunidades que est\u00e3o de fato vivendo pr\u00f3ximas a natureza, sendo zeladores naturais. Essas <a href=\"http:\/\/bit.ly\/1KGbf9K\" target=\"_blank\" rel=\"noopener\">favelas sustent\u00e1veis<\/a> e ecol\u00f3gicas t\u00eam o potencial de come\u00e7ar o movimento por um Rio de Janeiro mais verde, e ao faz\u00ea-lo, anulam o argumento a favor das\u00a0<a href=\"http:\/\/bit.ly\/X51Qvb\" target=\"_blank\" rel=\"noopener\">remo\u00e7\u00f5es<\/a> das favelas. <\/span><\/p>\n<p><em>Jennifer Chisholm \u00e9 estudante do terceiro ano de doutorado no Departamento de Sociologia da Universidade de Cambridge, e pesquisadora visitante na PUC Rio. No Rio, ela est\u00e1 pesquisando as estrat\u00e9gias contra remo\u00e7\u00f5es de favelas dentro e ao redor de reservas naturais. Seu \u00faltimo artigo foi &#8220;<a href=\"http:\/\/bit.ly\/2zayKZY\" target=\"_blank\" rel=\"noopener\">Forced Evictions and Black-Indigenous Land Rights in the Marvelous City<\/a>&#8220;.<\/em><\/p>\n<\/div>\n<\/div>\n<\/div>\n<!-- AddThis Advanced Settings generic via filter on the_content --><!-- AddThis Share Buttons generic via filter on the_content -->","protected":false},"excerpt":{"rendered":"<div class=\"mh-excerpt\"><p>Click Here for English Leia\u00a0a mat\u00e9ria original por\u00a0Jennifer Chisholm\u00a0em ingl\u00eas no site da NACLA\u00a0aqui.\u00a0O RioOnWatch traduz mat\u00e9rias do ingl\u00eas para que brasileiros possam ter acesso e acompanhar\u00a0temas ou an\u00e1lises cobertos fora do pa\u00eds que nem <a class=\"mh-excerpt-more\" href=\"https:\/\/rioonwatch.org.br\/?p=29609\" title=\"Favela Sustent\u00e1vel? Favelas e Ecologia Contra Remo\u00e7\u00e3o\">[&#8230;]<\/a><!-- AddThis Advanced Settings generic via filter on get_the_excerpt --><!-- AddThis Share Buttons generic via filter on get_the_excerpt --><\/p>\n<\/div>","protected":false},"author":129,"featured_media":29686,"comment_status":"closed","ping_status":"closed","sticky":false,"template":"","format":"standard","meta":{"_acf_changed":false,"_monsterinsights_skip_tracking":false,"_monsterinsights_sitenote_active":false,"_monsterinsights_sitenote_note":"","_monsterinsights_sitenote_category":0,"footnotes":""},"categories":[1621,1632,1626,1616,342,1639,1634,1628],"tags":[1506,821,1442,424,550,1096,1447,733,734,1982,1191,663,2148,14,432,492,1347,476,404,1168,820],"writer":[2095],"translator":[1503],"source":[2241],"ilustrador":[],"fotografo":[],"class_list":{"0":"post-29609","1":"post","2":"type-post","3":"status-publish","4":"format-standard","5":"has-post-thumbnail","7":"category-destaque","8":"category-pesquisa-e-analise","9":"category-por-observadores-internacionais","10":"category-qualidades-da-favela","11":"category-solucoes","12":"category-sustentabilidade","13":"category-traducoes","14":"category-turismo-na-favela","15":"tag-alto-da-boa-vista","16":"tag-biodigestor","17":"tag-compostagem","18":"tag-direito-a-moradia","19":"tag-direito-a-terra","20":"tag-favela-como-modelo-sustentavel","21":"tag-favela-tour","22":"tag-horto","23":"tag-jardim-botanico","24":"tag-marcelo-crivella","25":"tag-museu-do-horto","26":"tag-observatorio-de-favelas","27":"tag-plano-estrategico","28":"tag-remocao","29":"tag-resistencia","30":"tag-saneamento","31":"tag-solucao","32":"tag-solucao-comunitaria","33":"tag-sustentabilidade","34":"tag-traducao","35":"tag-vale-encantado","36":"writer-jennifer-chisholm","37":"translator-ana-lidia-guerrero","38":"source-nacla"},"acf":[],"yoast_head":"<!-- This site is optimized with the Yoast SEO plugin v25.6 - https:\/\/yoast.com\/wordpress\/plugins\/seo\/ -->\n<title>Favela Sustent\u00e1vel? Favelas e Ecologia Contra Remo\u00e7\u00e3o - RioOnWatch<\/title>\n<meta name=\"robots\" content=\"index, follow, max-snippet:-1, max-image-preview:large, max-video-preview:-1\" \/>\n<link rel=\"canonical\" href=\"https:\/\/rioonwatch.org.br\/?p=29609\" \/>\n<meta property=\"og:locale\" content=\"pt_BR\" \/>\n<meta property=\"og:type\" content=\"article\" \/>\n<meta property=\"og:title\" content=\"Favela Sustent\u00e1vel? Favelas e Ecologia Contra Remo\u00e7\u00e3o - RioOnWatch\" \/>\n<meta property=\"og:description\" content=\"Click Here for English Leia\u00a0a mat\u00e9ria original por\u00a0Jennifer Chisholm\u00a0em ingl\u00eas no site da NACLA\u00a0aqui.\u00a0O RioOnWatch traduz mat\u00e9rias do ingl\u00eas para que brasileiros possam ter acesso e acompanhar\u00a0temas ou an\u00e1lises cobertos fora do pa\u00eds que nem [...]\" \/>\n<meta property=\"og:url\" content=\"https:\/\/rioonwatch.org.br\/?p=29609\" \/>\n<meta property=\"og:site_name\" content=\"RioOnWatch\" \/>\n<meta property=\"article:published_time\" content=\"2017-11-20T15:12:51+00:00\" \/>\n<meta property=\"article:modified_time\" content=\"2017-11-22T16:13:24+00:00\" \/>\n<meta property=\"og:image\" content=\"https:\/\/rioonwatch.org.br\/wp-content\/uploads\/2017\/11\/Vale.jpg\" \/>\n\t<meta property=\"og:image:width\" content=\"1024\" \/>\n\t<meta property=\"og:image:height\" content=\"576\" \/>\n\t<meta property=\"og:image:type\" content=\"image\/jpeg\" \/>\n<meta name=\"author\" content=\"Admin\" \/>\n<meta name=\"twitter:card\" content=\"summary_large_image\" \/>\n<meta name=\"twitter:label1\" content=\"Escrito por\" \/>\n\t<meta name=\"twitter:data1\" content=\"Admin\" \/>\n\t<meta name=\"twitter:label2\" content=\"Est. tempo de leitura\" \/>\n\t<meta name=\"twitter:data2\" content=\"8 minutos\" \/>\n<script type=\"application\/ld+json\" class=\"yoast-schema-graph\">{\"@context\":\"https:\/\/schema.org\",\"@graph\":[{\"@type\":\"Article\",\"@id\":\"https:\/\/rioonwatch.org.br\/?p=29609#article\",\"isPartOf\":{\"@id\":\"https:\/\/rioonwatch.org.br\/?p=29609\"},\"author\":{\"name\":\"Admin\",\"@id\":\"https:\/\/rioonwatch.org.br\/#\/schema\/person\/11d64c290506f9df50c71b850c473f68\"},\"headline\":\"Favela Sustent\u00e1vel? Favelas e Ecologia Contra Remo\u00e7\u00e3o\",\"datePublished\":\"2017-11-20T15:12:51+00:00\",\"dateModified\":\"2017-11-22T16:13:24+00:00\",\"mainEntityOfPage\":{\"@id\":\"https:\/\/rioonwatch.org.br\/?p=29609\"},\"wordCount\":1653,\"publisher\":{\"@id\":\"https:\/\/rioonwatch.org.br\/#organization\"},\"image\":{\"@id\":\"https:\/\/rioonwatch.org.br\/?p=29609#primaryimage\"},\"thumbnailUrl\":\"https:\/\/rioonwatch.org.br\/wp-content\/uploads\/2017\/11\/Vale.jpg\",\"keywords\":[\"Alto da Boa Vista\",\"biodigestor\",\"compostagem\",\"Direito \u00e0 Moradia\",\"direito \u00e0 terra\",\"Favela Como Modelo Sustent\u00e1vel\",\"Favela Tours Comunit\u00e1rios\",\"Horto\",\"Jardim Bot\u00e2nico\",\"Marcelo Crivella\",\"Museu do Horto\",\"Observat\u00f3rio de Favelas\",\"Plano Estrat\u00e9gico\",\"Remo\u00e7\u00e3o\",\"resist\u00eancia\",\"saneamento\",\"solu\u00e7\u00e3o\",\"solu\u00e7\u00e3o comunit\u00e1ria\",\"sustentabilidade\",\"tradu\u00e7\u00e3o\",\"Vale Encantado\"],\"articleSection\":[\"*Destaque\",\"Dados e Pesquisa\",\"Escrito por Aliados\",\"Qualidades da Favela\",\"Solu\u00e7\u00f5es\",\"Sustentabilidade\",\"Traduzidas do Ingl\u00eas\",\"Turismo na Favela\"],\"inLanguage\":\"pt-BR\"},{\"@type\":\"WebPage\",\"@id\":\"https:\/\/rioonwatch.org.br\/?p=29609\",\"url\":\"https:\/\/rioonwatch.org.br\/?p=29609\",\"name\":\"Favela Sustent\u00e1vel? Favelas e Ecologia Contra Remo\u00e7\u00e3o - RioOnWatch\",\"isPartOf\":{\"@id\":\"https:\/\/rioonwatch.org.br\/#website\"},\"primaryImageOfPage\":{\"@id\":\"https:\/\/rioonwatch.org.br\/?p=29609#primaryimage\"},\"image\":{\"@id\":\"https:\/\/rioonwatch.org.br\/?p=29609#primaryimage\"},\"thumbnailUrl\":\"https:\/\/rioonwatch.org.br\/wp-content\/uploads\/2017\/11\/Vale.jpg\",\"datePublished\":\"2017-11-20T15:12:51+00:00\",\"dateModified\":\"2017-11-22T16:13:24+00:00\",\"breadcrumb\":{\"@id\":\"https:\/\/rioonwatch.org.br\/?p=29609#breadcrumb\"},\"inLanguage\":\"pt-BR\",\"potentialAction\":[{\"@type\":\"ReadAction\",\"target\":[\"https:\/\/rioonwatch.org.br\/?p=29609\"]}]},{\"@type\":\"ImageObject\",\"inLanguage\":\"pt-BR\",\"@id\":\"https:\/\/rioonwatch.org.br\/?p=29609#primaryimage\",\"url\":\"https:\/\/rioonwatch.org.br\/wp-content\/uploads\/2017\/11\/Vale.jpg\",\"contentUrl\":\"https:\/\/rioonwatch.org.br\/wp-content\/uploads\/2017\/11\/Vale.jpg\",\"width\":1024,\"height\":576},{\"@type\":\"BreadcrumbList\",\"@id\":\"https:\/\/rioonwatch.org.br\/?p=29609#breadcrumb\",\"itemListElement\":[{\"@type\":\"ListItem\",\"position\":1,\"name\":\"In\u00edcio\",\"item\":\"https:\/\/rioonwatch.org.br\/\"},{\"@type\":\"ListItem\",\"position\":2,\"name\":\"Favela Sustent\u00e1vel? Favelas e Ecologia Contra Remo\u00e7\u00e3o\"}]},{\"@type\":\"WebSite\",\"@id\":\"https:\/\/rioonwatch.org.br\/#website\",\"url\":\"https:\/\/rioonwatch.org.br\/\",\"name\":\"RioOnWatch\",\"description\":\"relatos das favelas cariocas\",\"publisher\":{\"@id\":\"https:\/\/rioonwatch.org.br\/#organization\"},\"potentialAction\":[{\"@type\":\"SearchAction\",\"target\":{\"@type\":\"EntryPoint\",\"urlTemplate\":\"https:\/\/rioonwatch.org.br\/?s={search_term_string}\"},\"query-input\":{\"@type\":\"PropertyValueSpecification\",\"valueRequired\":true,\"valueName\":\"search_term_string\"}}],\"inLanguage\":\"pt-BR\"},{\"@type\":\"Organization\",\"@id\":\"https:\/\/rioonwatch.org.br\/#organization\",\"name\":\"RioOnWatch\",\"url\":\"https:\/\/rioonwatch.org.br\/\",\"logo\":{\"@type\":\"ImageObject\",\"inLanguage\":\"pt-BR\",\"@id\":\"https:\/\/rioonwatch.org.br\/#\/schema\/logo\/image\/\",\"url\":\"https:\/\/rioonwatch.org.br\/wp-content\/uploads\/2021\/06\/RioOnWatchcabecalhoPT11anos-2.png\",\"contentUrl\":\"https:\/\/rioonwatch.org.br\/wp-content\/uploads\/2021\/06\/RioOnWatchcabecalhoPT11anos-2.png\",\"width\":779,\"height\":277,\"caption\":\"RioOnWatch\"},\"image\":{\"@id\":\"https:\/\/rioonwatch.org.br\/#\/schema\/logo\/image\/\"}},{\"@type\":\"Person\",\"@id\":\"https:\/\/rioonwatch.org.br\/#\/schema\/person\/11d64c290506f9df50c71b850c473f68\",\"name\":\"Admin\",\"image\":{\"@type\":\"ImageObject\",\"inLanguage\":\"pt-BR\",\"@id\":\"https:\/\/rioonwatch.org.br\/#\/schema\/person\/image\/\",\"url\":\"https:\/\/secure.gravatar.com\/avatar\/56211ac74568383903349a1485e3c325?s=96&d=blank&r=g\",\"contentUrl\":\"https:\/\/secure.gravatar.com\/avatar\/56211ac74568383903349a1485e3c325?s=96&d=blank&r=g\",\"caption\":\"Admin\"},\"url\":\"https:\/\/rioonwatch.org.br\/?author=129\"}]}<\/script>\n<!-- \/ Yoast SEO plugin. -->","yoast_head_json":{"title":"Favela Sustent\u00e1vel? Favelas e Ecologia Contra Remo\u00e7\u00e3o - RioOnWatch","robots":{"index":"index","follow":"follow","max-snippet":"max-snippet:-1","max-image-preview":"max-image-preview:large","max-video-preview":"max-video-preview:-1"},"canonical":"https:\/\/rioonwatch.org.br\/?p=29609","og_locale":"pt_BR","og_type":"article","og_title":"Favela Sustent\u00e1vel? Favelas e Ecologia Contra Remo\u00e7\u00e3o - RioOnWatch","og_description":"Click Here for English Leia\u00a0a mat\u00e9ria original por\u00a0Jennifer Chisholm\u00a0em ingl\u00eas no site da NACLA\u00a0aqui.\u00a0O RioOnWatch traduz mat\u00e9rias do ingl\u00eas para que brasileiros possam ter acesso e acompanhar\u00a0temas ou an\u00e1lises cobertos fora do pa\u00eds que nem [...]","og_url":"https:\/\/rioonwatch.org.br\/?p=29609","og_site_name":"RioOnWatch","article_published_time":"2017-11-20T15:12:51+00:00","article_modified_time":"2017-11-22T16:13:24+00:00","og_image":[{"width":1024,"height":576,"url":"https:\/\/rioonwatch.org.br\/wp-content\/uploads\/2017\/11\/Vale.jpg","type":"image\/jpeg"}],"author":"Admin","twitter_card":"summary_large_image","twitter_misc":{"Escrito por":"Admin","Est. tempo de leitura":"8 minutos"},"schema":{"@context":"https:\/\/schema.org","@graph":[{"@type":"Article","@id":"https:\/\/rioonwatch.org.br\/?p=29609#article","isPartOf":{"@id":"https:\/\/rioonwatch.org.br\/?p=29609"},"author":{"name":"Admin","@id":"https:\/\/rioonwatch.org.br\/#\/schema\/person\/11d64c290506f9df50c71b850c473f68"},"headline":"Favela Sustent\u00e1vel? Favelas e Ecologia Contra Remo\u00e7\u00e3o","datePublished":"2017-11-20T15:12:51+00:00","dateModified":"2017-11-22T16:13:24+00:00","mainEntityOfPage":{"@id":"https:\/\/rioonwatch.org.br\/?p=29609"},"wordCount":1653,"publisher":{"@id":"https:\/\/rioonwatch.org.br\/#organization"},"image":{"@id":"https:\/\/rioonwatch.org.br\/?p=29609#primaryimage"},"thumbnailUrl":"https:\/\/rioonwatch.org.br\/wp-content\/uploads\/2017\/11\/Vale.jpg","keywords":["Alto da Boa Vista","biodigestor","compostagem","Direito \u00e0 Moradia","direito \u00e0 terra","Favela Como Modelo Sustent\u00e1vel","Favela Tours Comunit\u00e1rios","Horto","Jardim Bot\u00e2nico","Marcelo Crivella","Museu do Horto","Observat\u00f3rio de Favelas","Plano Estrat\u00e9gico","Remo\u00e7\u00e3o","resist\u00eancia","saneamento","solu\u00e7\u00e3o","solu\u00e7\u00e3o comunit\u00e1ria","sustentabilidade","tradu\u00e7\u00e3o","Vale Encantado"],"articleSection":["*Destaque","Dados e Pesquisa","Escrito por Aliados","Qualidades da Favela","Solu\u00e7\u00f5es","Sustentabilidade","Traduzidas do Ingl\u00eas","Turismo na Favela"],"inLanguage":"pt-BR"},{"@type":"WebPage","@id":"https:\/\/rioonwatch.org.br\/?p=29609","url":"https:\/\/rioonwatch.org.br\/?p=29609","name":"Favela Sustent\u00e1vel? Favelas e Ecologia Contra Remo\u00e7\u00e3o - RioOnWatch","isPartOf":{"@id":"https:\/\/rioonwatch.org.br\/#website"},"primaryImageOfPage":{"@id":"https:\/\/rioonwatch.org.br\/?p=29609#primaryimage"},"image":{"@id":"https:\/\/rioonwatch.org.br\/?p=29609#primaryimage"},"thumbnailUrl":"https:\/\/rioonwatch.org.br\/wp-content\/uploads\/2017\/11\/Vale.jpg","datePublished":"2017-11-20T15:12:51+00:00","dateModified":"2017-11-22T16:13:24+00:00","breadcrumb":{"@id":"https:\/\/rioonwatch.org.br\/?p=29609#breadcrumb"},"inLanguage":"pt-BR","potentialAction":[{"@type":"ReadAction","target":["https:\/\/rioonwatch.org.br\/?p=29609"]}]},{"@type":"ImageObject","inLanguage":"pt-BR","@id":"https:\/\/rioonwatch.org.br\/?p=29609#primaryimage","url":"https:\/\/rioonwatch.org.br\/wp-content\/uploads\/2017\/11\/Vale.jpg","contentUrl":"https:\/\/rioonwatch.org.br\/wp-content\/uploads\/2017\/11\/Vale.jpg","width":1024,"height":576},{"@type":"BreadcrumbList","@id":"https:\/\/rioonwatch.org.br\/?p=29609#breadcrumb","itemListElement":[{"@type":"ListItem","position":1,"name":"In\u00edcio","item":"https:\/\/rioonwatch.org.br\/"},{"@type":"ListItem","position":2,"name":"Favela Sustent\u00e1vel? Favelas e Ecologia Contra Remo\u00e7\u00e3o"}]},{"@type":"WebSite","@id":"https:\/\/rioonwatch.org.br\/#website","url":"https:\/\/rioonwatch.org.br\/","name":"RioOnWatch","description":"relatos das favelas cariocas","publisher":{"@id":"https:\/\/rioonwatch.org.br\/#organization"},"potentialAction":[{"@type":"SearchAction","target":{"@type":"EntryPoint","urlTemplate":"https:\/\/rioonwatch.org.br\/?s={search_term_string}"},"query-input":{"@type":"PropertyValueSpecification","valueRequired":true,"valueName":"search_term_string"}}],"inLanguage":"pt-BR"},{"@type":"Organization","@id":"https:\/\/rioonwatch.org.br\/#organization","name":"RioOnWatch","url":"https:\/\/rioonwatch.org.br\/","logo":{"@type":"ImageObject","inLanguage":"pt-BR","@id":"https:\/\/rioonwatch.org.br\/#\/schema\/logo\/image\/","url":"https:\/\/rioonwatch.org.br\/wp-content\/uploads\/2021\/06\/RioOnWatchcabecalhoPT11anos-2.png","contentUrl":"https:\/\/rioonwatch.org.br\/wp-content\/uploads\/2021\/06\/RioOnWatchcabecalhoPT11anos-2.png","width":779,"height":277,"caption":"RioOnWatch"},"image":{"@id":"https:\/\/rioonwatch.org.br\/#\/schema\/logo\/image\/"}},{"@type":"Person","@id":"https:\/\/rioonwatch.org.br\/#\/schema\/person\/11d64c290506f9df50c71b850c473f68","name":"Admin","image":{"@type":"ImageObject","inLanguage":"pt-BR","@id":"https:\/\/rioonwatch.org.br\/#\/schema\/person\/image\/","url":"https:\/\/secure.gravatar.com\/avatar\/56211ac74568383903349a1485e3c325?s=96&d=blank&r=g","contentUrl":"https:\/\/secure.gravatar.com\/avatar\/56211ac74568383903349a1485e3c325?s=96&d=blank&r=g","caption":"Admin"},"url":"https:\/\/rioonwatch.org.br\/?author=129"}]}},"_links":{"self":[{"href":"https:\/\/rioonwatch.org.br\/index.php?rest_route=\/wp\/v2\/posts\/29609"}],"collection":[{"href":"https:\/\/rioonwatch.org.br\/index.php?rest_route=\/wp\/v2\/posts"}],"about":[{"href":"https:\/\/rioonwatch.org.br\/index.php?rest_route=\/wp\/v2\/types\/post"}],"author":[{"embeddable":true,"href":"https:\/\/rioonwatch.org.br\/index.php?rest_route=\/wp\/v2\/users\/129"}],"replies":[{"embeddable":true,"href":"https:\/\/rioonwatch.org.br\/index.php?rest_route=%2Fwp%2Fv2%2Fcomments&post=29609"}],"version-history":[{"count":29,"href":"https:\/\/rioonwatch.org.br\/index.php?rest_route=\/wp\/v2\/posts\/29609\/revisions"}],"predecessor-version":[{"id":29691,"href":"https:\/\/rioonwatch.org.br\/index.php?rest_route=\/wp\/v2\/posts\/29609\/revisions\/29691"}],"wp:featuredmedia":[{"embeddable":true,"href":"https:\/\/rioonwatch.org.br\/index.php?rest_route=\/wp\/v2\/media\/29686"}],"wp:attachment":[{"href":"https:\/\/rioonwatch.org.br\/index.php?rest_route=%2Fwp%2Fv2%2Fmedia&parent=29609"}],"wp:term":[{"taxonomy":"category","embeddable":true,"href":"https:\/\/rioonwatch.org.br\/index.php?rest_route=%2Fwp%2Fv2%2Fcategories&post=29609"},{"taxonomy":"post_tag","embeddable":true,"href":"https:\/\/rioonwatch.org.br\/index.php?rest_route=%2Fwp%2Fv2%2Ftags&post=29609"},{"taxonomy":"writer","embeddable":true,"href":"https:\/\/rioonwatch.org.br\/index.php?rest_route=%2Fwp%2Fv2%2Fwriter&post=29609"},{"taxonomy":"translator","embeddable":true,"href":"https:\/\/rioonwatch.org.br\/index.php?rest_route=%2Fwp%2Fv2%2Ftranslator&post=29609"},{"taxonomy":"source","embeddable":true,"href":"https:\/\/rioonwatch.org.br\/index.php?rest_route=%2Fwp%2Fv2%2Fsource&post=29609"},{"taxonomy":"ilustrador","embeddable":true,"href":"https:\/\/rioonwatch.org.br\/index.php?rest_route=%2Fwp%2Fv2%2Filustrador&post=29609"},{"taxonomy":"fotografo","embeddable":true,"href":"https:\/\/rioonwatch.org.br\/index.php?rest_route=%2Fwp%2Fv2%2Ffotografo&post=29609"}],"curies":[{"name":"wp","href":"https:\/\/api.w.org\/{rel}","templated":true}]}}