{"id":29669,"date":"2017-11-23T11:26:20","date_gmt":"2017-11-23T14:26:20","guid":{"rendered":"http:\/\/rioonwatch.org.br\/?p=29669"},"modified":"2017-11-27T14:52:36","modified_gmt":"2017-11-27T17:52:36","slug":"flup-parque-resgata-a-memoria-do-vidigal-junto-aos-moradores","status":"publish","type":"post","link":"https:\/\/rioonwatch.org.br\/?p=29669","title":{"rendered":"Na FLUP, Gincana Resgata Mem\u00f3ria das Cinco \u00c1reas do Vidigal"},"content":{"rendered":"<p style=\"text-align: right;\"><em><strong><a href=\"http:\/\/bit.ly\/2ztjZxu\" target=\"_blank\" rel=\"noopener noreferrer\">Click Here for English<img decoding=\"async\" width=\"20\" height=\"20\" class=\"alignright wp-image-15790\" src=\"http:\/\/rioonwatch.org.br\/wp-content\/uploads\/2012\/08\/EN-standard-e1439583104716.jpg\" alt=\"\" \/><\/a><\/strong><\/em><\/p>\n<p><a href=\"http:\/\/bit.ly\/2zRLMLx\" target=\"_blank\" rel=\"noopener\">A Festa Liter\u00e1ria das Periferias (FLUP)<\/a>, realizou neste ano a sua sexta edi\u00e7\u00e3o do evento, nesta vez no\u00a0<a href=\"http:\/\/bit.ly\/XuDNKV\" target=\"_blank\" rel=\"noopener\">Vidigal<\/a>, <a href=\"http:\/\/bit.ly\/1mNsDyk\" target=\"_blank\" rel=\"noopener\">Zona Sul<\/a>, com o tema \u201cRevolu\u00e7\u00e3o, escolha a sua\u201d, que busca dialogar com os 100 anos da Revolu\u00e7\u00e3o Russa e os 50 anos de Maio de 1968. <a href=\"http:\/\/bit.ly\/2AfPjnt\" target=\"_blank\" rel=\"noopener\">O homenageado desta edi\u00e7\u00e3o foi o dramaturgo e ator Oduvaldo Vianna Filho<\/a>, o Vianinha, artista militante preocupado com quest\u00f5es sociais que teve algumas de suas obras censuradas durante a <a href=\"http:\/\/bit.ly\/1ODiDRd\" target=\"_blank\" rel=\"noopener\">ditadura militar<\/a>.<\/p>\n<p>O evento, que ocorreu do dia 10 a 15 de novembro, contou com a presen\u00e7a de in\u00fameras figuras nacionais e internacionais importantes do campo art\u00edstico, acad\u00eamico e midi\u00e1tico, dentre eles fil\u00f3sofa pol\u00edtica, ativista e feminista\u00a0<a href=\"http:\/\/bit.ly\/2B5Fea7\" target=\"_blank\" rel=\"noopener\">Djamila Ribeiro<\/a>; escritor e autor de <em><a href=\"http:\/\/bit.ly\/2pjuVeQ\" target=\"_blank\" rel=\"noopener\">Cidade de Deus<\/a>,<\/em>\u00a0<a href=\"http:\/\/bit.ly\/2AmF7K8\" target=\"_blank\" rel=\"noopener\">Paulo Lins<\/a>;\u00a0jornalista e cientista pol\u00edtico\u00a0<a href=\"http:\/\/bit.ly\/1QhIBOu\" target=\"_blank\" rel=\"noopener\">Leonardo Sakamoto<\/a>; a antrop\u00f3loga francesa\u00a0<a href=\"http:\/\/bit.ly\/2mNN1Gy\" target=\"_blank\" rel=\"noopener\">Fran\u00e7oise Verg\u00e9s<\/a>;\u00a0ativista queer franc\u00eas\u00a0<a href=\"http:\/\/bit.ly\/2B6gSwW\" target=\"_blank\" rel=\"noopener\">Sam Bourcier<\/a>; refer\u00eancia mundial em poesia falada\u00a0<a href=\"http:\/\/bit.ly\/2z5KXLD\" target=\"_blank\" rel=\"noopener\">Saul Williams<\/a>; e\u00a0cineasta franc\u00eas\u00a0<a href=\"http:\/\/bit.ly\/2B7YBiK\" target=\"_blank\" rel=\"noopener\">Laurent Cantet<\/a>.<\/p>\n<p><a href=\"http:\/\/bit.ly\/1W2uxwn\" target=\"_blank\" rel=\"noopener\">A FLUP<\/a> sediou diversas atividades como o <a href=\"http:\/\/bit.ly\/2AkF8y9\" target=\"_blank\" rel=\"noopener\">Rio Poetry Slam<\/a>,\u00a0competi\u00e7\u00e3o de poesia falada; a <a href=\"http:\/\/bit.ly\/2jKYWUo\" target=\"_blank\" rel=\"noopener\">FLUP Pensa<\/a>, que busca formar autores, revelar novos talentos e publicar um livro com os melhores trabalhos; e a <a href=\"http:\/\/bit.ly\/2hOLAWn\" target=\"_blank\" rel=\"noopener\">FLUP Parque<\/a>, gincana art\u00edstica e liter\u00e1ria com as crian\u00e7as.<\/p>\n<p>Nesta edi\u00e7\u00e3o, a FLUP Parque foi al\u00e9m e, atrav\u00e9s da \u201c<a href=\"http:\/\/bit.ly\/2zXCpHI\" target=\"_blank\" rel=\"noopener\">Gincana da Mem\u00f3ria do Vidigal<\/a>\u201d&#8211;coordenada por <a href=\"http:\/\/bit.ly\/1ASz0RG\" target=\"_blank\" rel=\"noopener\">B\u00e1rbara Nascimento<\/a>&#8211;realizou diversas atividades para <a href=\"http:\/\/bit.ly\/2ozqxIf\" target=\"_blank\" rel=\"noopener\">resgatar as mem\u00f3rias do Vidigal<\/a>, dando protagonismo aos moradores da comunidade. B\u00e1rbara, professora e pesquisadora, foi convidada por J\u00falio Ludemir, idealizador da FLUP, para participar do evento e ser curadora da FLUP Parque. Dessa forma, ela pensou em articular a sua pesquisa acad\u00eamica e pessoal sobre mem\u00f3ria com a atividade da FLUP Parque no Vidigal.<\/p>\n<p style=\"text-align: center;\"><a href=\"http:\/\/rioonwatch.org.br\/wp-content\/uploads\/2017\/11\/2017-11-19-PHOTO-00033449.jpg\"><img fetchpriority=\"high\" decoding=\"async\" class=\"alignnone wp-image-29675 size-content\" title=\"Tapete contando a hist\u00f3ria local.\" src=\"http:\/\/rioonwatch.org.br\/wp-content\/uploads\/2017\/11\/2017-11-19-PHOTO-00033449-620x264.jpg\" alt=\"\" width=\"620\" height=\"264\" srcset=\"https:\/\/rioonwatch.org.br\/wp-content\/uploads\/2017\/11\/2017-11-19-PHOTO-00033449-620x264.jpg 620w, https:\/\/rioonwatch.org.br\/wp-content\/uploads\/2017\/11\/2017-11-19-PHOTO-00033449-940x400.jpg 940w\" sizes=\"(max-width: 620px) 100vw, 620px\" \/><\/a><\/p>\n<p>\u201cO primeiro desafio foi o seguinte: a FLUP Parque, que \u00e9 essa modalidade da FLUP com crian\u00e7as, sempre atua em escolas. \u00c9 uma disputa intercolegial. No caso do <a href=\"http:\/\/bit.ly\/1bxrGpX\" target=\"_blank\" rel=\"noopener\">Vidigal<\/a> isso foi dif\u00edcil, primeiro porque s\u00e3o poucas escolas&#8230; A\u00ed eu falei assim, cara se n\u00e3o d\u00e1\u00a0pra\u00a0fazer uma competi\u00e7\u00e3o intercolegial, vamos fazer uma disputa dentro do Vidigal\u201d, conta B\u00e1rbara.<\/p>\n<p>Sendo assim, B\u00e1rbara decidiu que dividiria as equipes da gincana de acordo com as \u00e1reas da <a href=\"http:\/\/bit.ly\/2brHHyf\" target=\"_blank\" rel=\"noopener\">favela<\/a>. O Vidigal foi dividido em 5 \u00e1reas diferentes, cada uma contando com um l\u00edder e uma equipe de crian\u00e7as e jovens para cumprir as tarefas de resgate da mem\u00f3ria de cada \u00e1rea. Esta divis\u00e3o foi feita entre a \u00e1rea conhecida do 314, a Pedrinha, a Principal (trecho da via principal, Avenida Presidente Jo\u00e3o Goulart), Rua Nova e Rua Tr\u00eas (\u00e1rea localizada na parte baixa) e a <a href=\"http:\/\/bit.ly\/SS0fc7\" target=\"_blank\" rel=\"noopener\">\u00c1rea do Alto<\/a> (que englobou o Arvr\u00e3o, Jocabal, Alto e 25).<\/p>\n<p>\u201cE o\u00a0mais\u00a0bacana \u00e9 que a gente, al\u00e9m de dividir por \u00e1reas, a gente contemplou as institui\u00e7\u00f5es. <a href=\"http:\/\/bit.ly\/1J5wY92\" target=\"_blank\" rel=\"noopener\">Instituto Todos na Luta<\/a>, as escolas locais, as creches,\u00a0<a href=\"http:\/\/bit.ly\/2mTVEv7\" target=\"_blank\" rel=\"noopener\">N\u00f3s\u00a0do Morro<\/a>, capoeira, futebol\u201d, conta B\u00e1rbara, e complementa: \u201cO resultado foi incr\u00edvel\u201d.<\/p>\n<p>Os l\u00edderes escolhidos para cada equipe s\u00e3o moradores do Vidigal, e, por isso, j\u00e1 apresentavam uma narrativa local que combinava com a proposta da gincana. A proposta era que cada equipe realizasse uma pesquisa&#8211;iniciada antes do evento&#8211;com os <a href=\"http:\/\/bit.ly\/TNLGFo\" target=\"_blank\" rel=\"noopener\">moradores de suas \u00e1reas para contar a hist\u00f3ria local<\/a>. Esta apresenta\u00e7\u00e3o deveria favorecer a narrativa dos moradores sobre as <a href=\"http:\/\/bit.ly\/2mJ7Pii\" target=\"_blank\" rel=\"noopener\">transforma\u00e7\u00f5es urbanas<\/a>, <a href=\"http:\/\/bit.ly\/2hHdU9J\" target=\"_blank\" rel=\"noopener\">hist\u00f3rico de resist\u00eancia dos moradores e de remo\u00e7\u00f5es<\/a>, atrelando tamb\u00e9m a representatividade musical e art\u00edstica. A gincana, que durou 3 dias, teve v\u00e1rias atividades: cada equipe deveria apresentar um <a href=\"http:\/\/bit.ly\/27bj6FX\" target=\"_blank\" rel=\"noopener\">ritmo musical<\/a> de sua \u00e1rea, elaborar um tapete e pipas que contassem o hist\u00f3rico local, ter participa\u00e7\u00e3o de cartunistas, entre outras atividades art\u00edsticas e <a href=\"http:\/\/bit.ly\/1Y1P5lT\" target=\"_blank\" rel=\"noopener\">liter\u00e1rias<\/a>.<\/p>\n<p>Cida Costa, poeta e integrante do grupo N\u00f3s do Morro, conta um pouco sobre a sua experi\u00eancia na gincana: \u201cEu estava\u00a0representando a Pedrinha. E nisso eu fiz essa parceria com esses grupos, com essas escolas,\u00a0para\u00a0contar essa hist\u00f3ria dessa \u00e1rea espec\u00edfica, que eu peguei desde o <a href=\"http:\/\/bit.ly\/XVcGa0\" target=\"_blank\" rel=\"noopener\">Favela-Bairro<\/a> em 98, 99, at\u00e9 mais ou menos essa d\u00e9cada\u201d.<\/p>\n<p>Moradora da Pedrinha e l\u00edder da equipe, ela comenta o quanto o resgate hist\u00f3rico da \u00e1rea a emocionou: \u201cO hist\u00f3rico da Pedrinha me emocionou profundamente, e acho que n\u00e3o s\u00f3 a mim, acho que aos amigos, aos companheiros e ao Vidigal, porque \u00e9 uma \u00e1rea que sempre foi vista como A Faixa de Gaza. E de repente, a gente para de verdade\u00a0pra\u00a0mergulhar em um hist\u00f3rico e contar a hist\u00f3ria de uma localidade\u201d.<\/p>\n<p>Durante o per\u00edodo de pesquisa, a sua equipe foi atr\u00e1s de fotos antigas dos moradores locais que retratassem como era a Pedrinha de antigamente. Al\u00e9m disso, buscou retratar figuras hist\u00f3ricas da \u00e1rea e o ritmo musical que marcou o hist\u00f3rico local: <a href=\"http:\/\/bit.ly\/2tJwrpY\" target=\"_blank\" rel=\"noopener\">o funk<\/a>.<\/p>\n<p>\u201cPrincipalmente na Pedrinha, porque o baile funk na \u00e9poca era no Largo do Santinho, por isso que ela ficou com o <a href=\"http:\/\/bit.ly\/VbdiK7\" target=\"_blank\" rel=\"noopener\">ritmo funk<\/a>\u201d, conta B\u00e1rbara. Cida complementa dizendo que \u201co Largo do Santinho \u00e9 a boca da entrada da Pedrinha. E esse baile funk era\u00a0muito,\u00a0muito famoso&#8230; Subia gente de fora\u00a0pra\u00a0curtir o baile do Largo do Santinho. E aquela galera em peso da Pedrinha se preparava a semana inteira\u201d.<\/p>\n<p>S\u00e9rgio Henrique, integrante do grupo N\u00f3s do Morro e realizador de trabalhos sociais ligados \u00e0 <a href=\"http:\/\/bit.ly\/1NzHxSq\" target=\"_blank\" rel=\"noopener\">cultura<\/a>, e Robert Pacheco, professor da escolinha de futebol feminino no Vidigal, foram os l\u00edderes da equipe que representou a \u00e1rea do alto do Vidigal. Para eles, a atividade foi importante para resgatar e descobrir hist\u00f3rias da \u00e1rea, integrar os moradores e servir como base para lutas e atividades futuras.<\/p>\n<p>\u201cE a\u00ed nessa pesquisa de correr atr\u00e1s da comunidade, bater de porta em porta, at\u00e9 mesmo n\u00f3s que fomos criados aqui no Vidigal, descobrimos diversas coisas: que tinha uma nascente do lado da nossa casa, que o povo n\u00e3o tinha encanamento e ia\u00a0para\u00a0uma nascente l\u00e1 em cima, carregava baldes no cabo de vassoura e ia passando, revezando sabe, fazia aquela fila de balde em balde de \u00e1gua\u201d, conta S\u00e9rgio.<\/p>\n<p><a href=\"http:\/\/rioonwatch.org.br\/wp-content\/uploads\/2017\/11\/2017-11-19-PHOTO-00033447.jpg\"><img decoding=\"async\" class=\"aligncenter wp-image-29676 size-content\" title=\"Painel de mem\u00f3rias dos representantes da \u00c1rea do Alto\" src=\"http:\/\/rioonwatch.org.br\/wp-content\/uploads\/2017\/11\/2017-11-19-PHOTO-00033447-620x264.jpg\" alt=\"\" width=\"620\" height=\"264\" srcset=\"https:\/\/rioonwatch.org.br\/wp-content\/uploads\/2017\/11\/2017-11-19-PHOTO-00033447-620x264.jpg 620w, https:\/\/rioonwatch.org.br\/wp-content\/uploads\/2017\/11\/2017-11-19-PHOTO-00033447-940x400.jpg 940w\" sizes=\"(max-width: 620px) 100vw, 620px\" \/><\/a><\/p>\n<p>Al\u00e9m disso, a pesquisa levantou dois acontecimentos marcantes para os moradores da regi\u00e3o: um deslizamento de terra em 1996 que matou 21 pessoas e o rolamento de uma pedra que matou moradores na \u00e1rea da 25. As fam\u00edlias atingidas n\u00e3o foram remuneradas e n\u00e3o tiveram ajuda do poder p\u00fablico para reconstruir suas vidas. A constru\u00e7\u00e3o da Vila Ol\u00edmpica, um dos principais locais do Vidigal para atividades esportivas e comunit\u00e1rias, e a <a href=\"http:\/\/bit.ly\/2hDEhgB\" target=\"_blank\" rel=\"noopener\">cria\u00e7\u00e3o do Siti\u00ea, um antigo lix\u00e3o que foi transformado em parque ecol\u00f3gico local por moradores<\/a>, tamb\u00e9m foram retratados na pesquisa realizada pela equipe. Em rela\u00e7\u00e3o aos acontecimentos mais recentes, esta equipe tamb\u00e9m retratou o <a href=\"http:\/\/bit.ly\/Xfv5To\" target=\"_blank\" rel=\"noopener\">processo de gentrifica\u00e7\u00e3o do Vidigal<\/a>, com o <a href=\"http:\/\/bit.ly\/1dHqgrX\" target=\"_blank\" rel=\"noopener\">aumento do custo de vida, aumento do pre\u00e7o dos im\u00f3veis<\/a>, <a href=\"http:\/\/bit.ly\/1fXj9ZW\" target=\"_blank\" rel=\"noopener\">chegada de novos moradores e sa\u00edda de moradores antigos<\/a> que atinge principalmente essa localidade.<\/p>\n<p>J\u00e1 Ninho de Paula, professor de capoeira, ficou encarregado de liderar a equipe que deveria resgatar a hist\u00f3ria da \u00e1rea do 314. \u201cEu falei sobre o 314, uma \u00e1rea simb\u00f3lica nesse processo dos 40 anos de resist\u00eancia contra a <a href=\"http:\/\/bit.ly\/X51Qvb\" target=\"_blank\" rel=\"noopener\">remo\u00e7\u00e3o<\/a>\u201d, comenta Ninho.<\/p>\n<p>A localidade \u00e9 bastante importante por ter sido por onde come\u00e7aram as ocupa\u00e7\u00f5es do Vidigal. Al\u00e9m disso, foi <a href=\"http:\/\/bit.ly\/2zSekVj\" target=\"_blank\" rel=\"noopener\">a \u00e1rea visitada pelo Papa na d\u00e9cada de 80<\/a> e onde se encontram importantes lideran\u00e7as hist\u00f3ricas locais das lutas contra as remo\u00e7\u00f5es. Para representar a visita do Papa, momento importante para o Vidigal e para o 314, foi elaborada uma encena\u00e7\u00e3o da visita por uma crian\u00e7a junto com <a href=\"https:\/\/glo.bo\/2hNOJWL\" target=\"_blank\" rel=\"noopener\">Armando, lideran\u00e7a da Associa\u00e7\u00e3o de Moradores na luta contra as remo\u00e7\u00f5es no passado<\/a>, que cantou uma m\u00fasica.<\/p>\n<p><a href=\"http:\/\/rioonwatch.org.br\/wp-content\/uploads\/2017\/11\/2017-11-19-PHOTO-00033460-e1511190009718.jpg\"><img loading=\"lazy\" decoding=\"async\" class=\"wp-image-29678 alignright\" src=\"http:\/\/rioonwatch.org.br\/wp-content\/uploads\/2017\/11\/2017-11-19-PHOTO-00033460-e1511190009718-415x620.jpg\" alt=\"\" width=\"300\" height=\"448\" srcset=\"https:\/\/rioonwatch.org.br\/wp-content\/uploads\/2017\/11\/2017-11-19-PHOTO-00033460-e1511190009718-415x620.jpg 415w, https:\/\/rioonwatch.org.br\/wp-content\/uploads\/2017\/11\/2017-11-19-PHOTO-00033460-e1511190009718-177x264.jpg 177w, https:\/\/rioonwatch.org.br\/wp-content\/uploads\/2017\/11\/2017-11-19-PHOTO-00033460-e1511190009718.jpg 681w\" sizes=\"(max-width: 300px) 100vw, 300px\" \/><\/a><\/p>\n<p>Enquanto isso, a \u00e1rea da Principal foi representada pela equipe liderada por J\u00falia Giglio, advogada e treinadora na ONG Todos na Luta, que retratou principalmente a d\u00e9cada de 80.<\/p>\n<p>\u201cFoi a \u00e9poca que tiveram muitos <a href=\"http:\/\/bit.ly\/P5Qw38\" target=\"_blank\" rel=\"noopener\">mutir\u00f5es<\/a>, que chegou a \u00e1gua, projetos de infraestrutura. E como l\u00e1 no projeto [Todos na Luta] tamb\u00e9m a gente j\u00e1 fez v\u00e1rios mutir\u00f5es agora nos anos 10, ent\u00e3o a gente fez uma associa\u00e7\u00e3o de uma coisa com a outra&#8230; Principalmente\u00a0pra\u00a0dizer que a uni\u00e3o foi importante nos anos 80, a <a href=\"http:\/\/bit.ly\/1DLIFlK\" target=\"_blank\" rel=\"noopener\">solidariedade<\/a> foi importante,\u00a0e ela continua sendo importante&#8230; Porque acho que \u00e9 tempo de resgatar uni\u00e3o, n\u00e9?\u201d, comenta J\u00falia.<\/p>\n<p>A pesquisa hist\u00f3rica da \u00e1rea tamb\u00e9m atrelou a atua\u00e7\u00e3o da ONG Todos na Luta com o hist\u00f3rico da \u00e1rea. Criada por seu pai, Raff Giglio, o Instituto Todos na Luta busca a pr\u00e1tica da educa\u00e7\u00e3o atrav\u00e9s do esporte para as crian\u00e7as da favela, e j\u00e1 revelou talentos locais promissores. Al\u00e9m disso, a equipe de J\u00falia escolheu o Black Music como ritmo musical, representado atrav\u00e9s de uma coreografia apresentada pelas crian\u00e7as da equipe.<\/p>\n<p>\u201c\u00c9 a primeira vez, em 39 anos trabalhando com arte, que eu vi o Vidigal sendo contado dessa maneira com todas as \u00e1reas&#8230; Essa separa\u00e7\u00e3o dividida por \u00e1rea que n\u00f3s chamamos de gincana liter\u00e1ria, fez com que mobilizasse toda a comunidade, porque n\u00f3s fizemos um evento transversal, n\u00e3o s\u00f3 com as escolas mas com todas as institui\u00e7\u00f5es\u201d, resume Ninho.<\/p>\n<p><a href=\"http:\/\/rioonwatch.org.br\/wp-content\/uploads\/2017\/11\/2017-11-19-PHOTO-00033456-e1511190200265.jpg\"><img loading=\"lazy\" decoding=\"async\" class=\"aligncenter wp-image-29679 size-medium\" src=\"http:\/\/rioonwatch.org.br\/wp-content\/uploads\/2017\/11\/2017-11-19-PHOTO-00033456-e1511190200265-620x456.jpg\" alt=\"\" width=\"620\" height=\"456\" srcset=\"https:\/\/rioonwatch.org.br\/wp-content\/uploads\/2017\/11\/2017-11-19-PHOTO-00033456-e1511190200265-620x456.jpg 620w, https:\/\/rioonwatch.org.br\/wp-content\/uploads\/2017\/11\/2017-11-19-PHOTO-00033456-e1511190200265-359x264.jpg 359w, https:\/\/rioonwatch.org.br\/wp-content\/uploads\/2017\/11\/2017-11-19-PHOTO-00033456-e1511190200265-768x565.jpg 768w, https:\/\/rioonwatch.org.br\/wp-content\/uploads\/2017\/11\/2017-11-19-PHOTO-00033456-e1511190200265.jpg 979w\" sizes=\"(max-width: 620px) 100vw, 620px\" \/><\/a><\/p>\n<p>Para toda a equipe, o evento foi importante para resgatar hist\u00f3rias, la\u00e7os comunit\u00e1rios e para inspirar projetos futuros de <a href=\"http:\/\/bit.ly\/2oljQXB\" target=\"_blank\" rel=\"noopener\">educa\u00e7\u00e3o<\/a> e <a href=\"http:\/\/bit.ly\/1a1M6kK\" target=\"_blank\" rel=\"noopener\">cultura no Vidigal<\/a>.<\/p>\n<p>\u201cTodos n\u00f3s vencemos nessa gincana,\u00a0nessa parceria com a FLUP, nesse trabalho de mem\u00f3ria, nesse trabalho de pesquisa. Daqui desse trabalho estamos tendo v\u00e1rias ideias&#8211;nas nossas cabe\u00e7as que est\u00e3o fervilhando&#8211;da ramifica\u00e7\u00e3o que a gente pode fazer desse trabalho\u201d, comenta Cida Costa.<\/p>\n<p>\u201cQue as crian\u00e7as, hoje em dia, elas possam ter um olhar melhor sobre o Vidigal. Um aprendizado para o futuro delas\u201d, deseja Robert Pacheco, e complementa: \u201cTomara que daqui saiam grandes escritores, poetas\u201d.<\/p>\n<!-- AddThis Advanced Settings generic via filter on the_content --><!-- AddThis Share Buttons generic via filter on the_content -->","protected":false},"excerpt":{"rendered":"<div class=\"mh-excerpt\"><p>Click Here for English A Festa Liter\u00e1ria das Periferias (FLUP), realizou neste ano a sua sexta edi\u00e7\u00e3o do evento, nesta vez no\u00a0Vidigal, Zona Sul, com o tema \u201cRevolu\u00e7\u00e3o, escolha a sua\u201d, que busca dialogar com <a class=\"mh-excerpt-more\" href=\"https:\/\/rioonwatch.org.br\/?p=29669\" title=\"Na FLUP, Gincana Resgata Mem\u00f3ria das Cinco \u00c1reas do Vidigal\">[&#8230;]<\/a><!-- AddThis Advanced Settings generic via filter on get_the_excerpt --><!-- AddThis Share Buttons generic via filter on get_the_excerpt --><\/p>\n<\/div>","protected":false},"author":156,"featured_media":29674,"comment_status":"closed","ping_status":"closed","sticky":false,"template":"","format":"standard","meta":{"_acf_changed":false,"_monsterinsights_skip_tracking":false,"_monsterinsights_sitenote_active":false,"_monsterinsights_sitenote_note":"","_monsterinsights_sitenote_category":0,"footnotes":""},"categories":[1618,1621,1627,1615,1616,342],"tags":[334,81,421,922,503,502,395,128,841,469,1304,358,758,304,1297,432,476,354,383],"writer":[2234],"translator":[],"source":[],"ilustrador":[],"fotografo":[],"class_list":{"0":"post-29669","1":"post","2":"type-post","3":"status-publish","4":"format-standard","5":"has-post-thumbnail","7":"category-olhonaparticipacao","8":"category-destaque","9":"category-relato-de-evento","10":"category-cultura-da-favela","11":"category-qualidades-da-favela","12":"category-solucoes","13":"tag-arte","14":"tag-cultura","15":"tag-cultura-da-favela","16":"tag-evento","17":"tag-flupp","18":"tag-funk","19":"tag-gentrificacao-remocao-branca","20":"tag-historia","21":"tag-historia-oral","22":"tag-memoria","23":"tag-organizacao-criativa","24":"tag-organizacao-comunitaria","25":"tag-orgulho-comunitario","26":"tag-participacao","27":"tag-preservacao-historica","28":"tag-resistencia","29":"tag-solucao-comunitaria","30":"tag-vidigal","31":"tag-zona-sul","32":"writer-priscilla-mayrink"},"acf":[],"yoast_head":"<!-- This site is optimized with the Yoast SEO plugin v25.6 - https:\/\/yoast.com\/wordpress\/plugins\/seo\/ -->\n<title>Na FLUP, Gincana Resgata Mem\u00f3ria das Cinco \u00c1reas do Vidigal - RioOnWatch<\/title>\n<meta name=\"robots\" content=\"index, follow, max-snippet:-1, max-image-preview:large, max-video-preview:-1\" \/>\n<link rel=\"canonical\" href=\"https:\/\/rioonwatch.org.br\/?p=29669\" \/>\n<meta property=\"og:locale\" content=\"pt_BR\" \/>\n<meta property=\"og:type\" content=\"article\" \/>\n<meta property=\"og:title\" content=\"Na FLUP, Gincana Resgata Mem\u00f3ria das Cinco \u00c1reas do Vidigal - RioOnWatch\" \/>\n<meta property=\"og:description\" content=\"Click Here for English A Festa Liter\u00e1ria das Periferias (FLUP), realizou neste ano a sua sexta edi\u00e7\u00e3o do evento, nesta vez no\u00a0Vidigal, Zona Sul, com o tema \u201cRevolu\u00e7\u00e3o, escolha a sua\u201d, que busca dialogar com [...]\" \/>\n<meta property=\"og:url\" content=\"https:\/\/rioonwatch.org.br\/?p=29669\" \/>\n<meta property=\"og:site_name\" content=\"RioOnWatch\" \/>\n<meta property=\"article:published_time\" content=\"2017-11-23T14:26:20+00:00\" \/>\n<meta property=\"article:modified_time\" content=\"2017-11-27T17:52:36+00:00\" \/>\n<meta property=\"og:image\" content=\"https:\/\/rioonwatch.org.br\/wp-content\/uploads\/2017\/11\/2017-11-19-PHOTO-00033446-e1511189598177.jpg\" \/>\n\t<meta property=\"og:image:width\" content=\"1270\" \/>\n\t<meta property=\"og:image:height\" content=\"678\" \/>\n\t<meta property=\"og:image:type\" content=\"image\/jpeg\" \/>\n<meta name=\"author\" content=\"Priscilla Mayrink\" \/>\n<meta name=\"twitter:card\" content=\"summary_large_image\" \/>\n<meta name=\"twitter:label1\" content=\"Escrito por\" \/>\n\t<meta name=\"twitter:data1\" content=\"Priscilla Mayrink\" \/>\n\t<meta name=\"twitter:label2\" content=\"Est. tempo de leitura\" \/>\n\t<meta name=\"twitter:data2\" content=\"8 minutos\" \/>\n<script type=\"application\/ld+json\" class=\"yoast-schema-graph\">{\"@context\":\"https:\/\/schema.org\",\"@graph\":[{\"@type\":\"Article\",\"@id\":\"https:\/\/rioonwatch.org.br\/?p=29669#article\",\"isPartOf\":{\"@id\":\"https:\/\/rioonwatch.org.br\/?p=29669\"},\"author\":{\"name\":\"Priscilla Mayrink\",\"@id\":\"https:\/\/rioonwatch.org.br\/#\/schema\/person\/c8ad3f16310ae28b257d40db56c3953d\"},\"headline\":\"Na FLUP, Gincana Resgata Mem\u00f3ria das Cinco \u00c1reas do Vidigal\",\"datePublished\":\"2017-11-23T14:26:20+00:00\",\"dateModified\":\"2017-11-27T17:52:36+00:00\",\"mainEntityOfPage\":{\"@id\":\"https:\/\/rioonwatch.org.br\/?p=29669\"},\"wordCount\":1707,\"publisher\":{\"@id\":\"https:\/\/rioonwatch.org.br\/#organization\"},\"image\":{\"@id\":\"https:\/\/rioonwatch.org.br\/?p=29669#primaryimage\"},\"thumbnailUrl\":\"https:\/\/rioonwatch.org.br\/wp-content\/uploads\/2017\/11\/2017-11-19-PHOTO-00033446-e1511189598177.jpg\",\"keywords\":[\"arte\",\"cultura\",\"cultura da favela\",\"evento\",\"FLUP\",\"funk\",\"gentrifica\u00e7\u00e3o\",\"hist\u00f3ria\",\"hist\u00f3ria oral\",\"Mem\u00f3rias Faveladas\",\"mobiliza\u00e7\u00e3o criativa\",\"organiza\u00e7\u00e3o comunit\u00e1ria\",\"orgulho comunit\u00e1rio\",\"participa\u00e7\u00e3o\",\"preserva\u00e7\u00e3o hist\u00f3rica\",\"resist\u00eancia\",\"solu\u00e7\u00e3o comunit\u00e1ria\",\"Vidigal\",\"Zona Sul\"],\"articleSection\":[\"#OlhoNaParticipa\u00e7\u00e3o\",\"*Destaque\",\"Cobertura de Eventos\",\"Cultura da Favela\",\"Qualidades da Favela\",\"Solu\u00e7\u00f5es\"],\"inLanguage\":\"pt-BR\"},{\"@type\":\"WebPage\",\"@id\":\"https:\/\/rioonwatch.org.br\/?p=29669\",\"url\":\"https:\/\/rioonwatch.org.br\/?p=29669\",\"name\":\"Na FLUP, Gincana Resgata Mem\u00f3ria das Cinco \u00c1reas do Vidigal - RioOnWatch\",\"isPartOf\":{\"@id\":\"https:\/\/rioonwatch.org.br\/#website\"},\"primaryImageOfPage\":{\"@id\":\"https:\/\/rioonwatch.org.br\/?p=29669#primaryimage\"},\"image\":{\"@id\":\"https:\/\/rioonwatch.org.br\/?p=29669#primaryimage\"},\"thumbnailUrl\":\"https:\/\/rioonwatch.org.br\/wp-content\/uploads\/2017\/11\/2017-11-19-PHOTO-00033446-e1511189598177.jpg\",\"datePublished\":\"2017-11-23T14:26:20+00:00\",\"dateModified\":\"2017-11-27T17:52:36+00:00\",\"breadcrumb\":{\"@id\":\"https:\/\/rioonwatch.org.br\/?p=29669#breadcrumb\"},\"inLanguage\":\"pt-BR\",\"potentialAction\":[{\"@type\":\"ReadAction\",\"target\":[\"https:\/\/rioonwatch.org.br\/?p=29669\"]}]},{\"@type\":\"ImageObject\",\"inLanguage\":\"pt-BR\",\"@id\":\"https:\/\/rioonwatch.org.br\/?p=29669#primaryimage\",\"url\":\"https:\/\/rioonwatch.org.br\/wp-content\/uploads\/2017\/11\/2017-11-19-PHOTO-00033446-e1511189598177.jpg\",\"contentUrl\":\"https:\/\/rioonwatch.org.br\/wp-content\/uploads\/2017\/11\/2017-11-19-PHOTO-00033446-e1511189598177.jpg\",\"width\":1270,\"height\":678},{\"@type\":\"BreadcrumbList\",\"@id\":\"https:\/\/rioonwatch.org.br\/?p=29669#breadcrumb\",\"itemListElement\":[{\"@type\":\"ListItem\",\"position\":1,\"name\":\"In\u00edcio\",\"item\":\"https:\/\/rioonwatch.org.br\/\"},{\"@type\":\"ListItem\",\"position\":2,\"name\":\"Na FLUP, Gincana Resgata Mem\u00f3ria das Cinco \u00c1reas do Vidigal\"}]},{\"@type\":\"WebSite\",\"@id\":\"https:\/\/rioonwatch.org.br\/#website\",\"url\":\"https:\/\/rioonwatch.org.br\/\",\"name\":\"RioOnWatch\",\"description\":\"relatos das favelas cariocas\",\"publisher\":{\"@id\":\"https:\/\/rioonwatch.org.br\/#organization\"},\"potentialAction\":[{\"@type\":\"SearchAction\",\"target\":{\"@type\":\"EntryPoint\",\"urlTemplate\":\"https:\/\/rioonwatch.org.br\/?s={search_term_string}\"},\"query-input\":{\"@type\":\"PropertyValueSpecification\",\"valueRequired\":true,\"valueName\":\"search_term_string\"}}],\"inLanguage\":\"pt-BR\"},{\"@type\":\"Organization\",\"@id\":\"https:\/\/rioonwatch.org.br\/#organization\",\"name\":\"RioOnWatch\",\"url\":\"https:\/\/rioonwatch.org.br\/\",\"logo\":{\"@type\":\"ImageObject\",\"inLanguage\":\"pt-BR\",\"@id\":\"https:\/\/rioonwatch.org.br\/#\/schema\/logo\/image\/\",\"url\":\"https:\/\/rioonwatch.org.br\/wp-content\/uploads\/2021\/06\/RioOnWatchcabecalhoPT11anos-2.png\",\"contentUrl\":\"https:\/\/rioonwatch.org.br\/wp-content\/uploads\/2021\/06\/RioOnWatchcabecalhoPT11anos-2.png\",\"width\":779,\"height\":277,\"caption\":\"RioOnWatch\"},\"image\":{\"@id\":\"https:\/\/rioonwatch.org.br\/#\/schema\/logo\/image\/\"}},{\"@type\":\"Person\",\"@id\":\"https:\/\/rioonwatch.org.br\/#\/schema\/person\/c8ad3f16310ae28b257d40db56c3953d\",\"name\":\"Priscilla Mayrink\",\"image\":{\"@type\":\"ImageObject\",\"inLanguage\":\"pt-BR\",\"@id\":\"https:\/\/rioonwatch.org.br\/#\/schema\/person\/image\/\",\"url\":\"https:\/\/secure.gravatar.com\/avatar\/cfa59f123794425f97e70626d615736e?s=96&d=blank&r=g\",\"contentUrl\":\"https:\/\/secure.gravatar.com\/avatar\/cfa59f123794425f97e70626d615736e?s=96&d=blank&r=g\",\"caption\":\"Priscilla Mayrink\"},\"url\":\"https:\/\/rioonwatch.org.br\/?author=156\"}]}<\/script>\n<!-- \/ Yoast SEO plugin. -->","yoast_head_json":{"title":"Na FLUP, Gincana Resgata Mem\u00f3ria das Cinco \u00c1reas do Vidigal - RioOnWatch","robots":{"index":"index","follow":"follow","max-snippet":"max-snippet:-1","max-image-preview":"max-image-preview:large","max-video-preview":"max-video-preview:-1"},"canonical":"https:\/\/rioonwatch.org.br\/?p=29669","og_locale":"pt_BR","og_type":"article","og_title":"Na FLUP, Gincana Resgata Mem\u00f3ria das Cinco \u00c1reas do Vidigal - RioOnWatch","og_description":"Click Here for English A Festa Liter\u00e1ria das Periferias (FLUP), realizou neste ano a sua sexta edi\u00e7\u00e3o do evento, nesta vez no\u00a0Vidigal, Zona Sul, com o tema \u201cRevolu\u00e7\u00e3o, escolha a sua\u201d, que busca dialogar com [...]","og_url":"https:\/\/rioonwatch.org.br\/?p=29669","og_site_name":"RioOnWatch","article_published_time":"2017-11-23T14:26:20+00:00","article_modified_time":"2017-11-27T17:52:36+00:00","og_image":[{"width":1270,"height":678,"url":"https:\/\/rioonwatch.org.br\/wp-content\/uploads\/2017\/11\/2017-11-19-PHOTO-00033446-e1511189598177.jpg","type":"image\/jpeg"}],"author":"Priscilla Mayrink","twitter_card":"summary_large_image","twitter_misc":{"Escrito por":"Priscilla Mayrink","Est. tempo de leitura":"8 minutos"},"schema":{"@context":"https:\/\/schema.org","@graph":[{"@type":"Article","@id":"https:\/\/rioonwatch.org.br\/?p=29669#article","isPartOf":{"@id":"https:\/\/rioonwatch.org.br\/?p=29669"},"author":{"name":"Priscilla Mayrink","@id":"https:\/\/rioonwatch.org.br\/#\/schema\/person\/c8ad3f16310ae28b257d40db56c3953d"},"headline":"Na FLUP, Gincana Resgata Mem\u00f3ria das Cinco \u00c1reas do Vidigal","datePublished":"2017-11-23T14:26:20+00:00","dateModified":"2017-11-27T17:52:36+00:00","mainEntityOfPage":{"@id":"https:\/\/rioonwatch.org.br\/?p=29669"},"wordCount":1707,"publisher":{"@id":"https:\/\/rioonwatch.org.br\/#organization"},"image":{"@id":"https:\/\/rioonwatch.org.br\/?p=29669#primaryimage"},"thumbnailUrl":"https:\/\/rioonwatch.org.br\/wp-content\/uploads\/2017\/11\/2017-11-19-PHOTO-00033446-e1511189598177.jpg","keywords":["arte","cultura","cultura da favela","evento","FLUP","funk","gentrifica\u00e7\u00e3o","hist\u00f3ria","hist\u00f3ria oral","Mem\u00f3rias Faveladas","mobiliza\u00e7\u00e3o criativa","organiza\u00e7\u00e3o comunit\u00e1ria","orgulho comunit\u00e1rio","participa\u00e7\u00e3o","preserva\u00e7\u00e3o hist\u00f3rica","resist\u00eancia","solu\u00e7\u00e3o comunit\u00e1ria","Vidigal","Zona Sul"],"articleSection":["#OlhoNaParticipa\u00e7\u00e3o","*Destaque","Cobertura de Eventos","Cultura da Favela","Qualidades da Favela","Solu\u00e7\u00f5es"],"inLanguage":"pt-BR"},{"@type":"WebPage","@id":"https:\/\/rioonwatch.org.br\/?p=29669","url":"https:\/\/rioonwatch.org.br\/?p=29669","name":"Na FLUP, Gincana Resgata Mem\u00f3ria das Cinco \u00c1reas do Vidigal - RioOnWatch","isPartOf":{"@id":"https:\/\/rioonwatch.org.br\/#website"},"primaryImageOfPage":{"@id":"https:\/\/rioonwatch.org.br\/?p=29669#primaryimage"},"image":{"@id":"https:\/\/rioonwatch.org.br\/?p=29669#primaryimage"},"thumbnailUrl":"https:\/\/rioonwatch.org.br\/wp-content\/uploads\/2017\/11\/2017-11-19-PHOTO-00033446-e1511189598177.jpg","datePublished":"2017-11-23T14:26:20+00:00","dateModified":"2017-11-27T17:52:36+00:00","breadcrumb":{"@id":"https:\/\/rioonwatch.org.br\/?p=29669#breadcrumb"},"inLanguage":"pt-BR","potentialAction":[{"@type":"ReadAction","target":["https:\/\/rioonwatch.org.br\/?p=29669"]}]},{"@type":"ImageObject","inLanguage":"pt-BR","@id":"https:\/\/rioonwatch.org.br\/?p=29669#primaryimage","url":"https:\/\/rioonwatch.org.br\/wp-content\/uploads\/2017\/11\/2017-11-19-PHOTO-00033446-e1511189598177.jpg","contentUrl":"https:\/\/rioonwatch.org.br\/wp-content\/uploads\/2017\/11\/2017-11-19-PHOTO-00033446-e1511189598177.jpg","width":1270,"height":678},{"@type":"BreadcrumbList","@id":"https:\/\/rioonwatch.org.br\/?p=29669#breadcrumb","itemListElement":[{"@type":"ListItem","position":1,"name":"In\u00edcio","item":"https:\/\/rioonwatch.org.br\/"},{"@type":"ListItem","position":2,"name":"Na FLUP, Gincana Resgata Mem\u00f3ria das Cinco \u00c1reas do Vidigal"}]},{"@type":"WebSite","@id":"https:\/\/rioonwatch.org.br\/#website","url":"https:\/\/rioonwatch.org.br\/","name":"RioOnWatch","description":"relatos das favelas cariocas","publisher":{"@id":"https:\/\/rioonwatch.org.br\/#organization"},"potentialAction":[{"@type":"SearchAction","target":{"@type":"EntryPoint","urlTemplate":"https:\/\/rioonwatch.org.br\/?s={search_term_string}"},"query-input":{"@type":"PropertyValueSpecification","valueRequired":true,"valueName":"search_term_string"}}],"inLanguage":"pt-BR"},{"@type":"Organization","@id":"https:\/\/rioonwatch.org.br\/#organization","name":"RioOnWatch","url":"https:\/\/rioonwatch.org.br\/","logo":{"@type":"ImageObject","inLanguage":"pt-BR","@id":"https:\/\/rioonwatch.org.br\/#\/schema\/logo\/image\/","url":"https:\/\/rioonwatch.org.br\/wp-content\/uploads\/2021\/06\/RioOnWatchcabecalhoPT11anos-2.png","contentUrl":"https:\/\/rioonwatch.org.br\/wp-content\/uploads\/2021\/06\/RioOnWatchcabecalhoPT11anos-2.png","width":779,"height":277,"caption":"RioOnWatch"},"image":{"@id":"https:\/\/rioonwatch.org.br\/#\/schema\/logo\/image\/"}},{"@type":"Person","@id":"https:\/\/rioonwatch.org.br\/#\/schema\/person\/c8ad3f16310ae28b257d40db56c3953d","name":"Priscilla Mayrink","image":{"@type":"ImageObject","inLanguage":"pt-BR","@id":"https:\/\/rioonwatch.org.br\/#\/schema\/person\/image\/","url":"https:\/\/secure.gravatar.com\/avatar\/cfa59f123794425f97e70626d615736e?s=96&d=blank&r=g","contentUrl":"https:\/\/secure.gravatar.com\/avatar\/cfa59f123794425f97e70626d615736e?s=96&d=blank&r=g","caption":"Priscilla Mayrink"},"url":"https:\/\/rioonwatch.org.br\/?author=156"}]}},"_links":{"self":[{"href":"https:\/\/rioonwatch.org.br\/index.php?rest_route=\/wp\/v2\/posts\/29669"}],"collection":[{"href":"https:\/\/rioonwatch.org.br\/index.php?rest_route=\/wp\/v2\/posts"}],"about":[{"href":"https:\/\/rioonwatch.org.br\/index.php?rest_route=\/wp\/v2\/types\/post"}],"author":[{"embeddable":true,"href":"https:\/\/rioonwatch.org.br\/index.php?rest_route=\/wp\/v2\/users\/156"}],"replies":[{"embeddable":true,"href":"https:\/\/rioonwatch.org.br\/index.php?rest_route=%2Fwp%2Fv2%2Fcomments&post=29669"}],"version-history":[{"count":22,"href":"https:\/\/rioonwatch.org.br\/index.php?rest_route=\/wp\/v2\/posts\/29669\/revisions"}],"predecessor-version":[{"id":29804,"href":"https:\/\/rioonwatch.org.br\/index.php?rest_route=\/wp\/v2\/posts\/29669\/revisions\/29804"}],"wp:featuredmedia":[{"embeddable":true,"href":"https:\/\/rioonwatch.org.br\/index.php?rest_route=\/wp\/v2\/media\/29674"}],"wp:attachment":[{"href":"https:\/\/rioonwatch.org.br\/index.php?rest_route=%2Fwp%2Fv2%2Fmedia&parent=29669"}],"wp:term":[{"taxonomy":"category","embeddable":true,"href":"https:\/\/rioonwatch.org.br\/index.php?rest_route=%2Fwp%2Fv2%2Fcategories&post=29669"},{"taxonomy":"post_tag","embeddable":true,"href":"https:\/\/rioonwatch.org.br\/index.php?rest_route=%2Fwp%2Fv2%2Ftags&post=29669"},{"taxonomy":"writer","embeddable":true,"href":"https:\/\/rioonwatch.org.br\/index.php?rest_route=%2Fwp%2Fv2%2Fwriter&post=29669"},{"taxonomy":"translator","embeddable":true,"href":"https:\/\/rioonwatch.org.br\/index.php?rest_route=%2Fwp%2Fv2%2Ftranslator&post=29669"},{"taxonomy":"source","embeddable":true,"href":"https:\/\/rioonwatch.org.br\/index.php?rest_route=%2Fwp%2Fv2%2Fsource&post=29669"},{"taxonomy":"ilustrador","embeddable":true,"href":"https:\/\/rioonwatch.org.br\/index.php?rest_route=%2Fwp%2Fv2%2Filustrador&post=29669"},{"taxonomy":"fotografo","embeddable":true,"href":"https:\/\/rioonwatch.org.br\/index.php?rest_route=%2Fwp%2Fv2%2Ffotografo&post=29669"}],"curies":[{"name":"wp","href":"https:\/\/api.w.org\/{rel}","templated":true}]}}