{"id":29692,"date":"2017-11-22T13:10:09","date_gmt":"2017-11-22T16:10:09","guid":{"rendered":"http:\/\/rioonwatch.org.br\/?p=29692"},"modified":"2017-11-24T12:13:43","modified_gmt":"2017-11-24T15:13:43","slug":"entrar-e-sair-do-complexo-do-alemao-em-tempo-de-violencia-e-falencia-do-estado","status":"publish","type":"post","link":"https:\/\/rioonwatch.org.br\/?p=29692","title":{"rendered":"Entrar e Sair do Complexo do Alem\u00e3o em Tempo de Viol\u00eancia e Fal\u00eancia do Estado"},"content":{"rendered":"<p style=\"text-align: right;\"><em><strong><a href=\"http:\/\/bit.ly\/2mW2Niu\" target=\"_blank\" rel=\"noopener noreferrer\">Click Here for English<img decoding=\"async\" width=\"20\" height=\"20\" class=\"alignright wp-image-15790\" src=\"http:\/\/rioonwatch.org.br\/wp-content\/uploads\/2012\/08\/EN-standard-e1439583104716.jpg\" alt=\"\" \/><\/a><\/strong><\/em><\/p>\n<p>No dia 14 de novembro, foi realizado na\u00a0<a href=\"http:\/\/bit.ly\/2jcFUlC\" target=\"_blank\" rel=\"noopener\">BRICS Policy Center<\/a> o <a href=\"http:\/\/bit.ly\/2zlPUU5\" target=\"_blank\" rel=\"noopener\">lan\u00e7amento da publica\u00e7\u00e3o <em>Ningu\u00e9m Entra, Ningu\u00e9m Sai &#8211; Mobilidade Urbana e Direito \u00e0 Cidade no Complexo do Alem\u00e3o<\/em><\/a>, resultado da parceria entre os pesquisadores S\u00e9rgio Veloso e Vin\u00edcius Santiago, da PUC-Rio, com o <a href=\"http:\/\/bit.ly\/1CLd514\" target=\"_blank\" rel=\"noopener\">Coletivo Papo Reto<\/a> do <a href=\"http:\/\/bit.ly\/U0MiGm\" target=\"_blank\" rel=\"noopener\">Complexo do Alem\u00e3o<\/a>.<\/p>\n<p>No evento de lan\u00e7amento houve um debate com a presen\u00e7a dos dois autores do livro, S\u00e9rgio Veloso e Vin\u00edcius Santiago, pesquisadores do BRICS Policy Center (BPC); <a href=\"http:\/\/bit.ly\/2B1M933\" target=\"_blank\" rel=\"noopener\">Thain\u00e3 de Medeiros<\/a> do Coletivo Papo Reto e Raquel Barros, da Ong <a href=\"http:\/\/bit.ly\/2mRRcks\" target=\"_blank\" rel=\"noopener\">FASE<\/a>.<\/p>\n<p>O estudo quis ressaltar as duas dimens\u00f5es da <a href=\"http:\/\/bit.ly\/1WkJojx\" target=\"_blank\" rel=\"noopener\">mobilidade<\/a>: para dentro e para fora da favela. Por\u00e9m, um dado da pesquisa se tornou estruturante a medida que a pesquisa avan\u00e7ou: a <a href=\"http:\/\/bit.ly\/1wLR1Ef\" target=\"_blank\" rel=\"noopener\">viol\u00eancia<\/a>. No final de janeiro, o conflito armado se intensificou e a <a href=\"http:\/\/bit.ly\/2zXpmIP\" target=\"_blank\" rel=\"noopener\">Pol\u00edcia Militar invadiu onze casas na favela de Nova Brasilia<\/a>, ponto estrat\u00e9gico do Complexo do Alem\u00e3o. Essa situa\u00e7\u00e3o levou \u00e0 suspens\u00e3o da pesquisa, modificando seu sentido e seu conte\u00fado. Os pesquisadores passaram a integrar a viol\u00eancia como um dado estruturante da pesquisa. E o direito \u00e0 vida, ainda mais fundamental que o <a href=\"http:\/\/bit.ly\/1FKOexi\" target=\"_blank\" rel=\"noopener\">direito \u00e0 cidade<\/a>, surgiu como priorit\u00e1rio.<\/p>\n<p><a href=\"http:\/\/rioonwatch.org.br\/wp-content\/uploads\/2017\/11\/foto-1.jpg\"><img fetchpriority=\"high\" decoding=\"async\" class=\"aligncenter wp-image-29696 size-content\" title=\"De esquerda \u00e0 direita: S\u00e9rgio Veloso, Vin\u00edcius Santiago, Anette von Schoenfeld (Funda\u00e7\u00e3o Heinrich B\u00f6ll Brasil), Thain\u00e3 de Medeiros e Rachel Barros\" src=\"http:\/\/rioonwatch.org.br\/wp-content\/uploads\/2017\/11\/foto-1-620x264.jpg\" alt=\"\" width=\"620\" height=\"264\" srcset=\"https:\/\/rioonwatch.org.br\/wp-content\/uploads\/2017\/11\/foto-1-620x264.jpg 620w, https:\/\/rioonwatch.org.br\/wp-content\/uploads\/2017\/11\/foto-1-940x400.jpg 940w\" sizes=\"(max-width: 620px) 100vw, 620px\" \/><\/a><\/p>\n<h3><strong>O que \u00e9 se sentir seguro no Complexo do Alem\u00e3o?<\/strong><\/h3>\n<p>V\u00e1rios riscos s\u00e3o percebidos como sendo mais elevados fora da favela do que dentro, como os de ser assaltado ou de ser abordado pela pol\u00edcia. A entrada na favela traz para muitos um sentimento de seguran\u00e7a, como expressado por Thain\u00e3 de Medeiros. Enquanto morador da favela e militante ativo do Coletivo Papo Reto, ele declarou sentir mais inseguran\u00e7a no trecho que ele caminha diariamente entre a esta\u00e7\u00e3o do metr\u00f4 e a entrada da favela do que dentro da favela. Durante este trecho, ele sente o medo de ser revistado pela <a href=\"http:\/\/bit.ly\/1mtYvXK\" target=\"_blank\" rel=\"noopener\">Policia Militar<\/a> al\u00e9m do medo de ser assaltado. Mas isso n\u00e3o impede que, dentro da favela, outros direitos n\u00e3o venham a ser negados, como o <a href=\"http:\/\/bit.ly\/1wt8EWG\" target=\"_blank\" rel=\"noopener\">direito de circular<\/a> e estar na rua, e at\u00e9 o direito de estar seguro dentro da pr\u00f3pria casa, por causa dos <a href=\"http:\/\/bit.ly\/2fKoHig\" target=\"_blank\" rel=\"noopener\">tiroteios que podem surgir a qualquer hora<\/a>.<\/p>\n<h3><strong>O Estado: entre presen\u00e7a e aus\u00eancia<\/strong><\/h3>\n<p>\u201cO estado n\u00e3o entra, ele entra s\u00f3 com fuzil\u201d, explica Thain\u00e3. Num jogo entre presen\u00e7a e aus\u00eancia, o Estado do Rio de Janeiro est\u00e1 presente nesta zona atrav\u00e9s das suas for\u00e7as armadas, mas est\u00e1 ausente em termos de servi\u00e7os p\u00fablicos b\u00e1sicos. A <a href=\"http:\/\/bit.ly\/1PHlaNC\" target=\"_blank\" rel=\"noopener\">reestrutura\u00e7\u00e3o das linhas de \u00f4nibus<\/a> foi uma das principais queixas formuladas nos question\u00e1rios pelos moradores do Alem\u00e3o, pois depois disso eles n\u00e3o conseguem mais ir diretamente para <a href=\"http:\/\/bit.ly\/1mNsDyk\" target=\"_blank\" rel=\"noopener\">Zona Sul<\/a>. Esta reestrutura\u00e7\u00e3o da rede de transporte p\u00fablico, como tamb\u00e9m a escolha de certos hor\u00e1rios para que \u201co trem funcione bem na <a href=\"http:\/\/bit.ly\/NjmYR6\" target=\"_blank\" rel=\"noopener\">Baixada<\/a>, mas no fim de semana feche \u00e0s seis horas, s\u00e3o outras formas de segrega\u00e7\u00e3o&#8221;, disse Raquel Barros. A educadora da Fase interpreta essa aus\u00eancia do estado como &#8220;uma modalidade de presen\u00e7a do estado\u201d.<\/p>\n<h3><strong>Estrat\u00e9gias para entrar, sair e circular dentro da favela<\/strong><\/h3>\n<p>Frente a essa <a href=\"http:\/\/bit.ly\/1K8LVUg\" target=\"_blank\" rel=\"noopener\">presen\u00e7a deficiente do estado<\/a>, os moradores constroem uma coletividade atrav\u00e9s do \u201cn\u00f3s por n\u00f3s: eu fa\u00e7o por voc\u00ea e voc\u00ea faz por mim\u201d. Desta forma, os pr\u00f3prios moradores criam os servi\u00e7os e mecanismos que o estado s\u00f3 traz de forma parcial. Os meios de transporte alternativos representam estrat\u00e9gias de mobilidade para acessar \u00e0 cidade e para circular dentro do Complexo de Alem\u00e3o. O representante do Coletivo Papo Reto completa: \u201co favelado \u00e9 quem mais circula na cidade e para isso ele precisa inventar formas de viver nela: dormir na Central, pular a catraca, andar de Kombi\u201d. Os <a href=\"http:\/\/bit.ly\/2cWdZlH\" target=\"_blank\" rel=\"noopener\">motot\u00e1xis<\/a> precisam conhecer em detalhe a favela e saber onde podem passar de forma segura, assumindo um papel fundamental para a mobilidade dos moradores. Assim, o estudo mostra que 57% dos moradores da regi\u00e3o da <a href=\"http:\/\/bit.ly\/2zdQPlR\" target=\"_blank\" rel=\"noopener\">Grota<\/a> e de Nova Bras\u00edlia utilizam o \u00f4nibus, 12% o moto-t\u00e1xi e 12% a Kombi. Estas estrat\u00e9gias, diante um estado falido e ausente, permitem aos moradores circular e \u201candar pelo canto\u201d, entrando e saindo diariamente do Complexo de Alem\u00e3o.<\/p>\n<!-- AddThis Advanced Settings generic via filter on the_content --><!-- AddThis Share Buttons generic via filter on the_content -->","protected":false},"excerpt":{"rendered":"<div class=\"mh-excerpt\"><p>Click Here for English No dia 14 de novembro, foi realizado na\u00a0BRICS Policy Center o lan\u00e7amento da publica\u00e7\u00e3o Ningu\u00e9m Entra, Ningu\u00e9m Sai &#8211; Mobilidade Urbana e Direito \u00e0 Cidade no Complexo do Alem\u00e3o, resultado da <a class=\"mh-excerpt-more\" href=\"https:\/\/rioonwatch.org.br\/?p=29692\" title=\"Entrar e Sair do Complexo do Alem\u00e3o em Tempo de Viol\u00eancia e Fal\u00eancia do Estado\">[&#8230;]<\/a><!-- AddThis Advanced Settings generic via filter on get_the_excerpt --><!-- AddThis Share Buttons generic via filter on get_the_excerpt --><\/p>\n<\/div>","protected":false},"author":157,"featured_media":29718,"comment_status":"closed","ping_status":"closed","sticky":false,"template":"","format":"standard","meta":{"_acf_changed":false,"_monsterinsights_skip_tracking":false,"_monsterinsights_sitenote_active":false,"_monsterinsights_sitenote_note":"","_monsterinsights_sitenote_category":0,"footnotes":""},"categories":[1621,1627,1632,1620,342,1726],"tags":[934,217,709,831,937,922,1753,1182,1418,1494,560,95,417,646,839,1545,279,764,370,30,218],"writer":[2243],"translator":[],"source":[],"ilustrador":[],"fotografo":[],"class_list":{"0":"post-29692","1":"post","2":"type-post","3":"status-publish","4":"format-standard","5":"has-post-thumbnail","7":"category-destaque","8":"category-relato-de-evento","9":"category-pesquisa-e-analise","10":"category-olhonaupp","11":"category-solucoes","12":"category-transporte","13":"tag-acesso","14":"tag-complexo-do-alemao","15":"tag-debate","16":"tag-direito-a-cidade","17":"tag-direito-de-ir-e-vir","18":"tag-evento","19":"tag-fase","20":"tag-grota","21":"tag-coletivo-papo-reto","22":"tag-kombi","23":"tag-mobilidade","24":"tag-mototaxis","25":"tag-negligencia-do-estado","26":"tag-nova-brasilia","27":"tag-prioridades-publicas-equivocadas","28":"tag-puc","29":"tag-seguranca","30":"tag-transporte","31":"tag-transporte-publico","32":"tag-violencia","33":"tag-zona-norte","34":"writer-tania-de-oliveira"},"acf":[],"yoast_head":"<!-- This site is optimized with the Yoast SEO plugin v25.6 - https:\/\/yoast.com\/wordpress\/plugins\/seo\/ -->\n<title>Entrar e Sair do Complexo do Alem\u00e3o em Tempo de Viol\u00eancia e Fal\u00eancia do Estado - RioOnWatch<\/title>\n<meta name=\"robots\" content=\"index, follow, max-snippet:-1, max-image-preview:large, max-video-preview:-1\" \/>\n<link rel=\"canonical\" href=\"https:\/\/rioonwatch.org.br\/?p=29692\" \/>\n<meta property=\"og:locale\" content=\"pt_BR\" \/>\n<meta property=\"og:type\" content=\"article\" \/>\n<meta property=\"og:title\" content=\"Entrar e Sair do Complexo do Alem\u00e3o em Tempo de Viol\u00eancia e Fal\u00eancia do Estado - RioOnWatch\" \/>\n<meta property=\"og:description\" content=\"Click Here for English No dia 14 de novembro, foi realizado na\u00a0BRICS Policy Center o lan\u00e7amento da publica\u00e7\u00e3o Ningu\u00e9m Entra, Ningu\u00e9m Sai &#8211; Mobilidade Urbana e Direito \u00e0 Cidade no Complexo do Alem\u00e3o, resultado da [...]\" \/>\n<meta property=\"og:url\" content=\"https:\/\/rioonwatch.org.br\/?p=29692\" \/>\n<meta property=\"og:site_name\" content=\"RioOnWatch\" \/>\n<meta property=\"article:published_time\" content=\"2017-11-22T16:10:09+00:00\" \/>\n<meta property=\"article:modified_time\" content=\"2017-11-24T15:13:43+00:00\" \/>\n<meta property=\"og:image\" content=\"https:\/\/rioonwatch.org.br\/wp-content\/uploads\/2017\/11\/original_Convite_Mobilidade.jpg\" \/>\n\t<meta property=\"og:image:width\" content=\"662\" \/>\n\t<meta property=\"og:image:height\" content=\"450\" \/>\n\t<meta property=\"og:image:type\" content=\"image\/jpeg\" \/>\n<meta name=\"author\" content=\"Tania De Oliveira\" \/>\n<meta name=\"twitter:card\" content=\"summary_large_image\" \/>\n<meta name=\"twitter:label1\" content=\"Escrito por\" \/>\n\t<meta name=\"twitter:data1\" content=\"Tania De Oliveira\" \/>\n\t<meta name=\"twitter:label2\" content=\"Est. tempo de leitura\" \/>\n\t<meta name=\"twitter:data2\" content=\"4 minutos\" \/>\n<script type=\"application\/ld+json\" class=\"yoast-schema-graph\">{\"@context\":\"https:\/\/schema.org\",\"@graph\":[{\"@type\":\"Article\",\"@id\":\"https:\/\/rioonwatch.org.br\/?p=29692#article\",\"isPartOf\":{\"@id\":\"https:\/\/rioonwatch.org.br\/?p=29692\"},\"author\":{\"name\":\"Tania De Oliveira\",\"@id\":\"https:\/\/rioonwatch.org.br\/#\/schema\/person\/956a332d1ffeb21ab5bb83f55ceda5f4\"},\"headline\":\"Entrar e Sair do Complexo do Alem\u00e3o em Tempo de Viol\u00eancia e Fal\u00eancia do Estado\",\"datePublished\":\"2017-11-22T16:10:09+00:00\",\"dateModified\":\"2017-11-24T15:13:43+00:00\",\"mainEntityOfPage\":{\"@id\":\"https:\/\/rioonwatch.org.br\/?p=29692\"},\"wordCount\":744,\"publisher\":{\"@id\":\"https:\/\/rioonwatch.org.br\/#organization\"},\"image\":{\"@id\":\"https:\/\/rioonwatch.org.br\/?p=29692#primaryimage\"},\"thumbnailUrl\":\"https:\/\/rioonwatch.org.br\/wp-content\/uploads\/2017\/11\/original_Convite_Mobilidade.jpg\",\"keywords\":[\"acesso\",\"Complexo do Alem\u00e3o\",\"debate\",\"Direito \u00e0 Cidade\",\"direito de ir e vir\",\"evento\",\"FASE\",\"Grota\",\"Instituto Papo Reto\",\"kombi\",\"mobilidade\",\"mototaxi\",\"Neglig\u00eancia do Estado\",\"Nova Bras\u00edlia\",\"prioridades p\u00fablicas equivocadas\",\"PUC\",\"seguran\u00e7a\",\"transporte\",\"transporte p\u00fablico\",\"viol\u00eancia\",\"Zona Norte\"],\"articleSection\":[\"*Destaque\",\"Cobertura de Eventos\",\"Dados e Pesquisa\",\"Seguran\u00e7a P\u00fablica\",\"Solu\u00e7\u00f5es\",\"Transporte\"],\"inLanguage\":\"pt-BR\"},{\"@type\":\"WebPage\",\"@id\":\"https:\/\/rioonwatch.org.br\/?p=29692\",\"url\":\"https:\/\/rioonwatch.org.br\/?p=29692\",\"name\":\"Entrar e Sair do Complexo do Alem\u00e3o em Tempo de Viol\u00eancia e Fal\u00eancia do Estado - RioOnWatch\",\"isPartOf\":{\"@id\":\"https:\/\/rioonwatch.org.br\/#website\"},\"primaryImageOfPage\":{\"@id\":\"https:\/\/rioonwatch.org.br\/?p=29692#primaryimage\"},\"image\":{\"@id\":\"https:\/\/rioonwatch.org.br\/?p=29692#primaryimage\"},\"thumbnailUrl\":\"https:\/\/rioonwatch.org.br\/wp-content\/uploads\/2017\/11\/original_Convite_Mobilidade.jpg\",\"datePublished\":\"2017-11-22T16:10:09+00:00\",\"dateModified\":\"2017-11-24T15:13:43+00:00\",\"breadcrumb\":{\"@id\":\"https:\/\/rioonwatch.org.br\/?p=29692#breadcrumb\"},\"inLanguage\":\"pt-BR\",\"potentialAction\":[{\"@type\":\"ReadAction\",\"target\":[\"https:\/\/rioonwatch.org.br\/?p=29692\"]}]},{\"@type\":\"ImageObject\",\"inLanguage\":\"pt-BR\",\"@id\":\"https:\/\/rioonwatch.org.br\/?p=29692#primaryimage\",\"url\":\"https:\/\/rioonwatch.org.br\/wp-content\/uploads\/2017\/11\/original_Convite_Mobilidade.jpg\",\"contentUrl\":\"https:\/\/rioonwatch.org.br\/wp-content\/uploads\/2017\/11\/original_Convite_Mobilidade.jpg\",\"width\":662,\"height\":450},{\"@type\":\"BreadcrumbList\",\"@id\":\"https:\/\/rioonwatch.org.br\/?p=29692#breadcrumb\",\"itemListElement\":[{\"@type\":\"ListItem\",\"position\":1,\"name\":\"In\u00edcio\",\"item\":\"https:\/\/rioonwatch.org.br\/\"},{\"@type\":\"ListItem\",\"position\":2,\"name\":\"Entrar e Sair do Complexo do Alem\u00e3o em Tempo de Viol\u00eancia e Fal\u00eancia do Estado\"}]},{\"@type\":\"WebSite\",\"@id\":\"https:\/\/rioonwatch.org.br\/#website\",\"url\":\"https:\/\/rioonwatch.org.br\/\",\"name\":\"RioOnWatch\",\"description\":\"relatos das favelas cariocas\",\"publisher\":{\"@id\":\"https:\/\/rioonwatch.org.br\/#organization\"},\"potentialAction\":[{\"@type\":\"SearchAction\",\"target\":{\"@type\":\"EntryPoint\",\"urlTemplate\":\"https:\/\/rioonwatch.org.br\/?s={search_term_string}\"},\"query-input\":{\"@type\":\"PropertyValueSpecification\",\"valueRequired\":true,\"valueName\":\"search_term_string\"}}],\"inLanguage\":\"pt-BR\"},{\"@type\":\"Organization\",\"@id\":\"https:\/\/rioonwatch.org.br\/#organization\",\"name\":\"RioOnWatch\",\"url\":\"https:\/\/rioonwatch.org.br\/\",\"logo\":{\"@type\":\"ImageObject\",\"inLanguage\":\"pt-BR\",\"@id\":\"https:\/\/rioonwatch.org.br\/#\/schema\/logo\/image\/\",\"url\":\"https:\/\/rioonwatch.org.br\/wp-content\/uploads\/2021\/06\/RioOnWatchcabecalhoPT11anos-2.png\",\"contentUrl\":\"https:\/\/rioonwatch.org.br\/wp-content\/uploads\/2021\/06\/RioOnWatchcabecalhoPT11anos-2.png\",\"width\":779,\"height\":277,\"caption\":\"RioOnWatch\"},\"image\":{\"@id\":\"https:\/\/rioonwatch.org.br\/#\/schema\/logo\/image\/\"}},{\"@type\":\"Person\",\"@id\":\"https:\/\/rioonwatch.org.br\/#\/schema\/person\/956a332d1ffeb21ab5bb83f55ceda5f4\",\"name\":\"Tania De Oliveira\",\"image\":{\"@type\":\"ImageObject\",\"inLanguage\":\"pt-BR\",\"@id\":\"https:\/\/rioonwatch.org.br\/#\/schema\/person\/image\/\",\"url\":\"https:\/\/secure.gravatar.com\/avatar\/023ae5a9d17ce348a9c2c9024062edef?s=96&d=blank&r=g\",\"contentUrl\":\"https:\/\/secure.gravatar.com\/avatar\/023ae5a9d17ce348a9c2c9024062edef?s=96&d=blank&r=g\",\"caption\":\"Tania De Oliveira\"},\"url\":\"https:\/\/rioonwatch.org.br\/?author=157\"}]}<\/script>\n<!-- \/ Yoast SEO plugin. -->","yoast_head_json":{"title":"Entrar e Sair do Complexo do Alem\u00e3o em Tempo de Viol\u00eancia e Fal\u00eancia do Estado - RioOnWatch","robots":{"index":"index","follow":"follow","max-snippet":"max-snippet:-1","max-image-preview":"max-image-preview:large","max-video-preview":"max-video-preview:-1"},"canonical":"https:\/\/rioonwatch.org.br\/?p=29692","og_locale":"pt_BR","og_type":"article","og_title":"Entrar e Sair do Complexo do Alem\u00e3o em Tempo de Viol\u00eancia e Fal\u00eancia do Estado - RioOnWatch","og_description":"Click Here for English No dia 14 de novembro, foi realizado na\u00a0BRICS Policy Center o lan\u00e7amento da publica\u00e7\u00e3o Ningu\u00e9m Entra, Ningu\u00e9m Sai &#8211; Mobilidade Urbana e Direito \u00e0 Cidade no Complexo do Alem\u00e3o, resultado da [...]","og_url":"https:\/\/rioonwatch.org.br\/?p=29692","og_site_name":"RioOnWatch","article_published_time":"2017-11-22T16:10:09+00:00","article_modified_time":"2017-11-24T15:13:43+00:00","og_image":[{"width":662,"height":450,"url":"https:\/\/rioonwatch.org.br\/wp-content\/uploads\/2017\/11\/original_Convite_Mobilidade.jpg","type":"image\/jpeg"}],"author":"Tania De Oliveira","twitter_card":"summary_large_image","twitter_misc":{"Escrito por":"Tania De Oliveira","Est. tempo de leitura":"4 minutos"},"schema":{"@context":"https:\/\/schema.org","@graph":[{"@type":"Article","@id":"https:\/\/rioonwatch.org.br\/?p=29692#article","isPartOf":{"@id":"https:\/\/rioonwatch.org.br\/?p=29692"},"author":{"name":"Tania De Oliveira","@id":"https:\/\/rioonwatch.org.br\/#\/schema\/person\/956a332d1ffeb21ab5bb83f55ceda5f4"},"headline":"Entrar e Sair do Complexo do Alem\u00e3o em Tempo de Viol\u00eancia e Fal\u00eancia do Estado","datePublished":"2017-11-22T16:10:09+00:00","dateModified":"2017-11-24T15:13:43+00:00","mainEntityOfPage":{"@id":"https:\/\/rioonwatch.org.br\/?p=29692"},"wordCount":744,"publisher":{"@id":"https:\/\/rioonwatch.org.br\/#organization"},"image":{"@id":"https:\/\/rioonwatch.org.br\/?p=29692#primaryimage"},"thumbnailUrl":"https:\/\/rioonwatch.org.br\/wp-content\/uploads\/2017\/11\/original_Convite_Mobilidade.jpg","keywords":["acesso","Complexo do Alem\u00e3o","debate","Direito \u00e0 Cidade","direito de ir e vir","evento","FASE","Grota","Instituto Papo Reto","kombi","mobilidade","mototaxi","Neglig\u00eancia do Estado","Nova Bras\u00edlia","prioridades p\u00fablicas equivocadas","PUC","seguran\u00e7a","transporte","transporte p\u00fablico","viol\u00eancia","Zona Norte"],"articleSection":["*Destaque","Cobertura de Eventos","Dados e Pesquisa","Seguran\u00e7a P\u00fablica","Solu\u00e7\u00f5es","Transporte"],"inLanguage":"pt-BR"},{"@type":"WebPage","@id":"https:\/\/rioonwatch.org.br\/?p=29692","url":"https:\/\/rioonwatch.org.br\/?p=29692","name":"Entrar e Sair do Complexo do Alem\u00e3o em Tempo de Viol\u00eancia e Fal\u00eancia do Estado - RioOnWatch","isPartOf":{"@id":"https:\/\/rioonwatch.org.br\/#website"},"primaryImageOfPage":{"@id":"https:\/\/rioonwatch.org.br\/?p=29692#primaryimage"},"image":{"@id":"https:\/\/rioonwatch.org.br\/?p=29692#primaryimage"},"thumbnailUrl":"https:\/\/rioonwatch.org.br\/wp-content\/uploads\/2017\/11\/original_Convite_Mobilidade.jpg","datePublished":"2017-11-22T16:10:09+00:00","dateModified":"2017-11-24T15:13:43+00:00","breadcrumb":{"@id":"https:\/\/rioonwatch.org.br\/?p=29692#breadcrumb"},"inLanguage":"pt-BR","potentialAction":[{"@type":"ReadAction","target":["https:\/\/rioonwatch.org.br\/?p=29692"]}]},{"@type":"ImageObject","inLanguage":"pt-BR","@id":"https:\/\/rioonwatch.org.br\/?p=29692#primaryimage","url":"https:\/\/rioonwatch.org.br\/wp-content\/uploads\/2017\/11\/original_Convite_Mobilidade.jpg","contentUrl":"https:\/\/rioonwatch.org.br\/wp-content\/uploads\/2017\/11\/original_Convite_Mobilidade.jpg","width":662,"height":450},{"@type":"BreadcrumbList","@id":"https:\/\/rioonwatch.org.br\/?p=29692#breadcrumb","itemListElement":[{"@type":"ListItem","position":1,"name":"In\u00edcio","item":"https:\/\/rioonwatch.org.br\/"},{"@type":"ListItem","position":2,"name":"Entrar e Sair do Complexo do Alem\u00e3o em Tempo de Viol\u00eancia e Fal\u00eancia do Estado"}]},{"@type":"WebSite","@id":"https:\/\/rioonwatch.org.br\/#website","url":"https:\/\/rioonwatch.org.br\/","name":"RioOnWatch","description":"relatos das favelas cariocas","publisher":{"@id":"https:\/\/rioonwatch.org.br\/#organization"},"potentialAction":[{"@type":"SearchAction","target":{"@type":"EntryPoint","urlTemplate":"https:\/\/rioonwatch.org.br\/?s={search_term_string}"},"query-input":{"@type":"PropertyValueSpecification","valueRequired":true,"valueName":"search_term_string"}}],"inLanguage":"pt-BR"},{"@type":"Organization","@id":"https:\/\/rioonwatch.org.br\/#organization","name":"RioOnWatch","url":"https:\/\/rioonwatch.org.br\/","logo":{"@type":"ImageObject","inLanguage":"pt-BR","@id":"https:\/\/rioonwatch.org.br\/#\/schema\/logo\/image\/","url":"https:\/\/rioonwatch.org.br\/wp-content\/uploads\/2021\/06\/RioOnWatchcabecalhoPT11anos-2.png","contentUrl":"https:\/\/rioonwatch.org.br\/wp-content\/uploads\/2021\/06\/RioOnWatchcabecalhoPT11anos-2.png","width":779,"height":277,"caption":"RioOnWatch"},"image":{"@id":"https:\/\/rioonwatch.org.br\/#\/schema\/logo\/image\/"}},{"@type":"Person","@id":"https:\/\/rioonwatch.org.br\/#\/schema\/person\/956a332d1ffeb21ab5bb83f55ceda5f4","name":"Tania De Oliveira","image":{"@type":"ImageObject","inLanguage":"pt-BR","@id":"https:\/\/rioonwatch.org.br\/#\/schema\/person\/image\/","url":"https:\/\/secure.gravatar.com\/avatar\/023ae5a9d17ce348a9c2c9024062edef?s=96&d=blank&r=g","contentUrl":"https:\/\/secure.gravatar.com\/avatar\/023ae5a9d17ce348a9c2c9024062edef?s=96&d=blank&r=g","caption":"Tania De Oliveira"},"url":"https:\/\/rioonwatch.org.br\/?author=157"}]}},"_links":{"self":[{"href":"https:\/\/rioonwatch.org.br\/index.php?rest_route=\/wp\/v2\/posts\/29692"}],"collection":[{"href":"https:\/\/rioonwatch.org.br\/index.php?rest_route=\/wp\/v2\/posts"}],"about":[{"href":"https:\/\/rioonwatch.org.br\/index.php?rest_route=\/wp\/v2\/types\/post"}],"author":[{"embeddable":true,"href":"https:\/\/rioonwatch.org.br\/index.php?rest_route=\/wp\/v2\/users\/157"}],"replies":[{"embeddable":true,"href":"https:\/\/rioonwatch.org.br\/index.php?rest_route=%2Fwp%2Fv2%2Fcomments&post=29692"}],"version-history":[{"count":23,"href":"https:\/\/rioonwatch.org.br\/index.php?rest_route=\/wp\/v2\/posts\/29692\/revisions"}],"predecessor-version":[{"id":29746,"href":"https:\/\/rioonwatch.org.br\/index.php?rest_route=\/wp\/v2\/posts\/29692\/revisions\/29746"}],"wp:featuredmedia":[{"embeddable":true,"href":"https:\/\/rioonwatch.org.br\/index.php?rest_route=\/wp\/v2\/media\/29718"}],"wp:attachment":[{"href":"https:\/\/rioonwatch.org.br\/index.php?rest_route=%2Fwp%2Fv2%2Fmedia&parent=29692"}],"wp:term":[{"taxonomy":"category","embeddable":true,"href":"https:\/\/rioonwatch.org.br\/index.php?rest_route=%2Fwp%2Fv2%2Fcategories&post=29692"},{"taxonomy":"post_tag","embeddable":true,"href":"https:\/\/rioonwatch.org.br\/index.php?rest_route=%2Fwp%2Fv2%2Ftags&post=29692"},{"taxonomy":"writer","embeddable":true,"href":"https:\/\/rioonwatch.org.br\/index.php?rest_route=%2Fwp%2Fv2%2Fwriter&post=29692"},{"taxonomy":"translator","embeddable":true,"href":"https:\/\/rioonwatch.org.br\/index.php?rest_route=%2Fwp%2Fv2%2Ftranslator&post=29692"},{"taxonomy":"source","embeddable":true,"href":"https:\/\/rioonwatch.org.br\/index.php?rest_route=%2Fwp%2Fv2%2Fsource&post=29692"},{"taxonomy":"ilustrador","embeddable":true,"href":"https:\/\/rioonwatch.org.br\/index.php?rest_route=%2Fwp%2Fv2%2Filustrador&post=29692"},{"taxonomy":"fotografo","embeddable":true,"href":"https:\/\/rioonwatch.org.br\/index.php?rest_route=%2Fwp%2Fv2%2Ffotografo&post=29692"}],"curies":[{"name":"wp","href":"https:\/\/api.w.org\/{rel}","templated":true}]}}