{"id":29731,"date":"2017-11-24T12:13:15","date_gmt":"2017-11-24T15:13:15","guid":{"rendered":"http:\/\/rioonwatch.org.br\/?p=29731"},"modified":"2022-08-24T09:38:12","modified_gmt":"2022-08-24T12:38:12","slug":"debate-sobre-racismo-e-resistencia-e-rolezinho-ocupam-camara-municipal","status":"publish","type":"post","link":"https:\/\/rioonwatch.org.br\/?p=29731","title":{"rendered":"Debate Sobre Racismo e Resist\u00eancia, e Rolezinho Ocupam C\u00e2mara Municipal"},"content":{"rendered":"<p style=\"text-align: right;\"><em><strong><a href=\"http:\/\/bit.ly\/2zXwYv5\" target=\"_blank\" rel=\"noopener noreferrer\">Click Here for English<img decoding=\"async\" width=\"20\" height=\"20\" class=\"alignright wp-image-15790\" src=\"http:\/\/rioonwatch.org.br\/wp-content\/uploads\/2012\/08\/EN-standard-e1439583104716.jpg\" alt=\"\" \/><\/a><\/strong><\/em><\/p>\n<p><span style=\"font-weight: 400;\">Ao anoitecer do dia 13 de novembro, no pr\u00e9dio da <\/span><a href=\"http:\/\/bit.ly\/2dV81nj\" target=\"_blank\" rel=\"noopener\"><span style=\"font-weight: 400;\">C\u00e2mara Municipal<\/span><\/a><span style=\"font-weight: 400;\"> do Rio de Janeiro aconteceu, no <\/span><a href=\"http:\/\/bit.ly\/HQ9VTK\" target=\"_blank\" rel=\"noopener\"><span style=\"font-weight: 400;\">M\u00eas da Consci\u00eancia Negra<\/span><\/a><span style=\"font-weight: 400;\">,<\/span><span style=\"font-weight: 400;\"> um rolezinho no pr\u00e9dio e um painel de discuss\u00e3o sobre &#8220;<\/span><a href=\"http:\/\/bit.ly\/2zm7ach\" target=\"_blank\" rel=\"noopener\">Direito \u00e0 Favela: Racismo e Resist\u00eancia + Rolezinho<\/a>&#8220;<span style=\"font-weight: 400;\">. O evento foi organizado por <\/span><a href=\"http:\/\/bit.ly\/2ibXBBl\" target=\"_blank\" rel=\"noopener\"><span style=\"font-weight: 400;\">Marielle Franco<\/span><\/a><span style=\"font-weight: 400;\">, vereadora nascida na Mar\u00e9 cuja campanha no ano passado ressaltou a import\u00e2ncia da representa\u00e7\u00e3o negra da favela no governo municipal.<\/span><\/p>\n<p>Um <a href=\"http:\/\/bit.ly\/LYZ10v\" target=\"_blank\" rel=\"noopener\"><span style=\"font-weight: 400;\">rolezinho<\/span><\/a><span style=\"font-weight: 400;\">\u00a0\u00e9 quando um\u00a0<\/span><span style=\"font-weight: 400;\">grupo de pessoas\u00a0<\/span><a href=\"http:\/\/bit.ly\/LHkZFh\" target=\"_blank\" rel=\"noopener\"><span style=\"font-weight: 400;\">caminha em um espa\u00e7o p\u00fablico<\/span><\/a>\u00a0<span style=\"font-weight: 400;\">que n\u00e3o foi inicialmente criado para elas&#8211;geralmente jovens pardos ou negros&#8211;demonstrando que este tamb\u00e9m \u00e9 o seu espa\u00e7o. \u00c9 um movimento que pretende mostrar os efeitos cont\u00ednuos da opress\u00e3o e do tratamento desigual das pessoas com base na ra\u00e7a e na classe. A <\/span><a href=\"http:\/\/bit.ly\/1txCOdX\" target=\"_blank\" rel=\"noopener\"><span style=\"font-weight: 400;\">s\u00e9rie de rolezinhos em shoppings em bairros abastados<\/span><\/a><span style=\"font-weight: 400;\"> que se espalhou nas cidades brasileiras no final de 2013 e no in\u00edcio de 2014, por exemplo, chamou a aten\u00e7\u00e3o de outros fregueses, algumas vezes provocou a a\u00e7\u00e3o dos seguran\u00e7as, e obteve cobertura da m\u00eddia.\u00a0Ao aparecer nos shoppings em grande quantidade e provocar uma rea\u00e7\u00e3o simplesmente por estarem l\u00e1, os manifestantes for\u00e7am perguntas sobre porque a sua presen\u00e7a provoca desconforto, ressaltando a aus\u00eancia usual de conversas sobre estas din\u00e2micas pela sociedade.<\/span><\/p>\n<p><a href=\"http:\/\/rioonwatch.org.br\/wp-content\/uploads\/2017\/11\/rolezinho-ninja1.jpg\"><img fetchpriority=\"high\" decoding=\"async\" class=\"aligncenter wp-image-29735 size-content\" title=\"Rolezinho. Foto por M\u00eddia Ninja\" src=\"http:\/\/rioonwatch.org.br\/wp-content\/uploads\/2017\/11\/rolezinho-ninja1-620x264.jpg\" alt=\"\" width=\"620\" height=\"264\" srcset=\"https:\/\/rioonwatch.org.br\/wp-content\/uploads\/2017\/11\/rolezinho-ninja1-620x264.jpg 620w, https:\/\/rioonwatch.org.br\/wp-content\/uploads\/2017\/11\/rolezinho-ninja1-940x400.jpg 940w\" sizes=\"(max-width: 620px) 100vw, 620px\" \/><\/a><\/p>\n<p><span style=\"font-weight: 400;\">Rolezinhos podem ser vistos como atos de desobedi\u00eancia civil e compartilham caracter\u00edsticas com os <\/span><a href=\"http:\/\/bit.ly\/2zY0GPU\" target=\"_blank\" rel=\"noopener\"><span style=\"font-weight: 400;\">protestos sobre direitos civis nos Estados Unidos<\/span><\/a><span style=\"font-weight: 400;\"> nos anos sessenta, quando os envolvidos ocupavam pacificamente restaurantes, bibliotecas, e outros espa\u00e7os p\u00fablicos. Em um toque mais moderno, os rolezinhos trazem \u00e0 vida a ideia, entre os marginalizados nos Estados Unidos e no Brasil&#8211;bem como em todo o mundo&#8211;que \u201ca exist\u00eancia \u00e9 <\/span><a href=\"http:\/\/bit.ly\/1piRAgk\" target=\"_blank\" rel=\"noopener\"><span style=\"font-weight: 400;\">resist\u00eancia<\/span><\/a><span style=\"font-weight: 400;\">&#8220;<\/span><span style=\"font-weight: 400;\">. Ambas as ideias ressaltam a necessidade de romper barreiras, tornar as pessoas desconfort\u00e1veis, e desafiar os conceitos de normalidade para que questionem <em>porque<\/em> est\u00e3o desconfort\u00e1veis e reconhe\u00e7am o seu privil\u00e9gio. O reconhecimento da exist\u00eancia como resist\u00eancia fortalece os grupos marginalizados para continuar a alcan\u00e7ar alturas novas em lugares novos, tornando o \u201cinvis\u00edvel\u201d vis\u00edvel, e buscando direitos iguais, face a tantas formas de discrimina\u00e7\u00e3o cont\u00ednua.<\/span><\/p>\n<p><span style=\"font-weight: 400;\">O rolezinho na \u00faltima segunda-feira em um espa\u00e7o de poder e governan\u00e7a convidou as pessoas a conhecerem o pr\u00e9dio da C\u00e2mara Municipal, o lugar onde vereadores votam nas leis que afetam moradores de favelas diretamente, bem como todos os cidad\u00e3os. A <\/span><a href=\"http:\/\/bit.ly\/2AiPUAH\"><span style=\"font-weight: 400;\">p\u00e1gina do evento no Facebook explicou<\/span><\/a><span style=\"font-weight: 400;\">: &#8220;Vamos ocupar a casa do povo com nossos corpos negros e debater sobre a resist\u00eancia nos <a href=\"http:\/\/bit.ly\/1ykJIW4\" target=\"_blank\" rel=\"noopener\">quilombos<\/a>, nas favelas, no asfalto e no poder p\u00fablico!&#8221;<\/span><span style=\"font-weight: 400;\">\u00a0Como um membro do p\u00fablico observou: &#8220;Nunca havia entrado neste pr\u00e9dio. Nunca tive um motivo, e agora estamos aqui&#8221;.<\/span><\/p>\n<p><a href=\"http:\/\/rioonwatch.org.br\/wp-content\/uploads\/2017\/11\/Rolezinho-panel.jpg\"><img decoding=\"async\" class=\"aligncenter size-content wp-image-29736\" src=\"http:\/\/rioonwatch.org.br\/wp-content\/uploads\/2017\/11\/Rolezinho-panel-620x264.jpg\" alt=\"\" width=\"620\" height=\"264\" \/><\/a><\/p>\n<p><span style=\"font-weight: 400;\">O painel incluiu Ana Paula Oliveira de <\/span><a href=\"http:\/\/bit.ly\/ZC9b6z\" target=\"_blank\" rel=\"noopener\"><span style=\"font-weight: 400;\">Manguinhos<\/span><\/a><span style=\"font-weight: 400;\">, que co-fundou <\/span><a href=\"http:\/\/bit.ly\/2v6aTs2\" target=\"_blank\" rel=\"noopener\"><span style=\"font-weight: 400;\">M\u00e3es de Manguinhos<\/span><\/a><span style=\"font-weight: 400;\"> ap\u00f3s <\/span><a href=\"http:\/\/bit.ly\/2i1XAEj\" target=\"_blank\" rel=\"noopener\"><span style=\"font-weight: 400;\">perder seu filho Jonathan<\/span><\/a><span style=\"font-weight: 400;\">\u00a0<\/span><span style=\"font-weight: 400;\">nas m\u00e3os da Pol\u00edcia Militar em 2014. Ela e outros membros formaram o grupo como um sistema de apoio para aquelas que perderam seus filhos para tal viol\u00eancia. &#8220;S\u00f3 comecei a entender porque o meu filho foi assassinado ap\u00f3s come\u00e7ar a me encontrar com outras m\u00e3es, pois olhei e percebi que as outras m\u00e3es tamb\u00e9m eram negras e moradoras de favelas&#8221;, ela compartilhou, antes de continuar: &#8220;Os nossos filhos t\u00eam fam\u00edlia, nossos filhos n\u00e3o podem ser apenas <\/span><a href=\"http:\/\/bit.ly\/2htikRa\" target=\"_blank\" rel=\"noopener\"><span style=\"font-weight: 400;\">n\u00fameros nas estat\u00edsticas da viol\u00eancia<\/span><\/a><span style=\"font-weight: 400;\">&#8220;<\/span><span style=\"font-weight: 400;\">.<\/span><\/p>\n<p><span style=\"font-weight: 400;\">Marilene Nunes \u00e9 uma contadora de hist\u00f3rias e coordenadora da <\/span><a href=\"http:\/\/bit.ly\/2zqlBLC\" target=\"_blank\" rel=\"noopener\"><span style=\"font-weight: 400;\">biblioteca<\/span><\/a><span style=\"font-weight: 400;\"> no <\/span><a href=\"http:\/\/bit.ly\/1qhz1JJ\" target=\"_blank\" rel=\"noopener\"><span style=\"font-weight: 400;\">Museu da Mar\u00e9<\/span><\/a><span style=\"font-weight: 400;\"> no <\/span><a href=\"http:\/\/bit.ly\/10BvARw\" target=\"_blank\" rel=\"noopener\"><span style=\"font-weight: 400;\">Complexo da Mar\u00e9<\/span><\/a><span style=\"font-weight: 400;\">, bem como de uma rede de bibliotecas em v\u00e1rias favelas. Ela ressaltou a import\u00e2ncia da extensa gama de eventos do museu para a comunidade, que continuam apesar de <\/span><a href=\"http:\/\/bit.ly\/1F8V4jK\" target=\"_blank\" rel=\"noopener\"><span style=\"font-weight: 400;\">enfrentar amea\u00e7as de remo\u00e7\u00e3o desde 2014<\/span><\/a><span style=\"font-weight: 400;\">. Marilene tamb\u00e9m compartilhou que est\u00e1 trabalhando para disponibilizar mais <\/span><a href=\"http:\/\/bit.ly\/1Y1P5lT\" target=\"_blank\" rel=\"noopener\"><span style=\"font-weight: 400;\">literatura<\/span><\/a><span style=\"font-weight: 400;\"> de autores negros nas bibliotecas da Mar\u00e9 e em outros sete bairros. Sobre o rolezinho e o evento do painel em si, ela refletiu: &#8220;Foi preciso\u00a0<\/span><a href=\"http:\/\/bit.ly\/2dXL8AQ\" target=\"_blank\" rel=\"noopener\"><span style=\"font-weight: 400;\">algu\u00e9m da favela ser nomeada<\/span><\/a><span style=\"font-weight: 400;\"> para chegarmos aqui, mas estamos aqui com o p\u00e9 na porta&#8221;.<\/span><\/p>\n<p><span style=\"font-weight: 400;\">Diego Santos Francisco, jornalista e morador do <\/span><a href=\"http:\/\/bit.ly\/1DGhXtG\"><span style=\"font-weight: 400;\">Borel<\/span><\/a><span style=\"font-weight: 400;\">, refor\u00e7ou a import\u00e2ncia da representa\u00e7\u00e3o e reconhecimento das <\/span><a href=\"http:\/\/bit.ly\/1nCyg4U\"><span style=\"font-weight: 400;\">narrativas dos moradores<\/span><\/a><span style=\"font-weight: 400;\"> das favelas: &#8220;N\u00f3s temos m\u00e3es que vivem sem os seus filhos. Temos que parar para pensar: que experi\u00eancia \u00e9 essa, de um jovem, negro e pobre, no territ\u00f3rio da favela? As pessoas n\u00e3o podem ignorar ou esquecer que estamos sendo exterminados&#8221;.<\/span><\/p>\n<p><span style=\"font-weight: 400;\">Hellen Andrews da comunidade Bosque das Caboclas em <\/span><a href=\"http:\/\/bit.ly\/1m4QAQR\" target=\"_blank\" rel=\"noopener\"><span style=\"font-weight: 400;\">Campo Grande<\/span><\/a><span style=\"font-weight: 400;\">, na <\/span><a href=\"http:\/\/bit.ly\/11tBmFR\" target=\"_blank\" rel=\"noopener\"><span style=\"font-weight: 400;\">Zona Oeste<\/span><\/a><span style=\"font-weight: 400;\">, compartilhou a sua hist\u00f3ria de luta como mulher negra, ativista, e l\u00edder comunit\u00e1ria, tendo sido presidente da Associa\u00e7\u00e3o de Moradores do Bosque das Caboclas.\u00a0<\/span><a href=\"http:\/\/bit.ly\/2AjkUER\" target=\"_blank\" rel=\"noopener\"><span style=\"font-weight: 400;\">A lideran\u00e7a feminina tem sido uma caracter\u00edstica chave<\/span><\/a> <span style=\"font-weight: 400;\">do Bosque das Caboclas, que se desenvolveu a partir de uma <\/span><a href=\"http:\/\/bit.ly\/1KFgDu1\" target=\"_blank\" rel=\"noopener\"><span style=\"font-weight: 400;\">ocupa\u00e7\u00e3o<\/span><\/a><span style=\"font-weight: 400;\"> urbana nos anos sessenta, mas Hellen contou que ainda tem lutado para ser ouvida como mulher durante os seus anos de ativismo. (Vale notar que a Vereadora Marielle Franco \u00e9 uma das <\/span><a href=\"http:\/\/bit.ly\/2zxB9yc\" target=\"_blank\" rel=\"noopener\"><span style=\"font-weight: 400;\">apenas seis mulheres<\/span><\/a><span style=\"font-weight: 400;\"> de um total de 51 vereadores na C\u00e2mara do Rio.) Tendo vindo de Uganda para o Brasil quando crian\u00e7a, Hellen apresentou uma can\u00e7\u00e3o tradicional de Uganda para o p\u00fablico na segunda-feira, contribuindo ainda mais para a mensagem do evento de que a cultura negra e a resist\u00eancia t\u00eam sim um lugar na C\u00e2mara de Vereadores do Rio.<\/span><\/p>\n<p><span style=\"font-weight: 400;\">Durante a conversa, os oradores ressaltaram o direito \u00e0 favela, e especificamente o &#8220;direito de ter as favelas de volta&#8221; no contexto da <\/span><a href=\"http:\/\/bit.ly\/2hutjx6\" target=\"_blank\" rel=\"noopener\"><span style=\"font-weight: 400;\">ocupa\u00e7\u00e3o militar<\/span><\/a><span style=\"font-weight: 400;\">, <\/span><a href=\"http:\/\/bit.ly\/2ypVzaS\" target=\"_blank\" rel=\"noopener\"><span style=\"font-weight: 400;\">opera\u00e7\u00f5es policiais intermin\u00e1veis<\/span><\/a><span style=\"font-weight: 400;\">, e <\/span><a href=\"http:\/\/bit.ly\/2zPcWTe\" target=\"_blank\" rel=\"noopener\"><span style=\"font-weight: 400;\">amea\u00e7as de remo\u00e7\u00e3o<\/span><\/a><span style=\"font-weight: 400;\">. Marielle anteriormente <\/span><a href=\"http:\/\/bit.ly\/2AjUvac\" target=\"_blank\" rel=\"noopener\"><span style=\"font-weight: 400;\">descreveu o &#8220;direito \u00e0 favela&#8221;<\/span><\/a><span style=\"font-weight: 400;\"> como abrangendo uma gama extensa de quest\u00f5es desde <\/span><a href=\"http:\/\/bit.ly\/1rKFP6K\" target=\"_blank\" rel=\"noopener\"><span style=\"font-weight: 400;\">habita\u00e7\u00e3o<\/span><\/a><span style=\"font-weight: 400;\">, <\/span><a href=\"http:\/\/bit.ly\/14lMZGK\" target=\"_blank\" rel=\"noopener\"><span style=\"font-weight: 400;\">saneamento<\/span><\/a><span style=\"font-weight: 400;\">, <\/span><a href=\"http:\/\/bit.ly\/1kzUmMv\" target=\"_blank\" rel=\"noopener\"><span style=\"font-weight: 400;\">sa\u00fade<\/span><\/a><span style=\"font-weight: 400;\">, <\/span><a href=\"http:\/\/bit.ly\/1acNApR\" target=\"_blank\" rel=\"noopener\"><span style=\"font-weight: 400;\">educa\u00e7\u00e3o<\/span><\/a><span style=\"font-weight: 400;\">, e <a href=\"http:\/\/bit.ly\/1NzHxSq\" target=\"_blank\" rel=\"noopener\">cultura<\/a> at\u00e9 <\/span><a href=\"http:\/\/bit.ly\/1fRNcBs\" target=\"_blank\" rel=\"noopener\"><span style=\"font-weight: 400;\">seguran\u00e7a p\u00fablica<\/span><\/a><span style=\"font-weight: 400;\"> e <\/span><a href=\"http:\/\/bit.ly\/2j1IcaE\" target=\"_blank\" rel=\"noopener\"><span style=\"font-weight: 400;\">pol\u00edtica das drogas<\/span><\/a><span style=\"font-weight: 400;\">. Neste evento, ela apresentou um folheto entitulado &#8220;Direito \u00e0 Favela&#8221;, que inclui uma <\/span><a href=\"http:\/\/bit.ly\/1uRzOcM\" target=\"_blank\" rel=\"noopener\"><span style=\"font-weight: 400;\">explica\u00e7\u00e3o das favelas<\/span><\/a><span style=\"font-weight: 400;\">, os m\u00e9todos do movimento Direito \u00e0 Favela, resumos das <\/span><a href=\"http:\/\/bit.ly\/2uBMLJs\" target=\"_blank\" rel=\"noopener\"><span style=\"font-weight: 400;\">discuss\u00f5es nos pain\u00e9is anteriores sobre o t\u00f3pico<\/span><\/a><span style=\"font-weight: 400;\">, e uma chamada para a\u00e7\u00e3o. Mas como a \u00eanfase do evento sobre a ocupa\u00e7\u00e3o do rolezinho na sede do poder legislativo municipal real\u00e7ou, o direito \u00e0 favela n\u00e3o \u00e9 somente sobre a atividade nas favelas em si, mas tamb\u00e9m requer um movimento para normalizar a exist\u00eancia dos moradores de favelas em outros lugares. Como Ana Paula Oliveira concluiu, deve haver um movimento para &#8220;o direito \u00e0 favela, mas n\u00e3o s\u00f3 \u00e0 favela, <\/span><a href=\"http:\/\/bit.ly\/1FKOexi\" target=\"_blank\" rel=\"noopener\"><span style=\"font-weight: 400;\">mas a todos os espa\u00e7os<\/span><\/a><span style=\"font-weight: 400;\">&#8220;<\/span><span style=\"font-weight: 400;\">.<\/span><\/p>\n<!-- AddThis Advanced Settings generic via filter on the_content --><!-- AddThis Share Buttons generic via filter on the_content -->","protected":false},"excerpt":{"rendered":"<div class=\"mh-excerpt\"><p>Click Here for English Ao anoitecer do dia 13 de novembro, no pr\u00e9dio da C\u00e2mara Municipal do Rio de Janeiro aconteceu, no M\u00eas da Consci\u00eancia Negra, um rolezinho no pr\u00e9dio e um painel de discuss\u00e3o <a class=\"mh-excerpt-more\" href=\"https:\/\/rioonwatch.org.br\/?p=29731\" title=\"Debate Sobre Racismo e Resist\u00eancia, e Rolezinho Ocupam C\u00e2mara Municipal\">[&#8230;]<\/a><!-- AddThis Advanced Settings generic via filter on get_the_excerpt --><!-- AddThis Share Buttons generic via filter on get_the_excerpt --><\/p>\n<\/div>","protected":false},"author":129,"featured_media":29734,"comment_status":"closed","ping_status":"closed","sticky":false,"template":"","format":"standard","meta":{"_acf_changed":false,"_monsterinsights_skip_tracking":false,"_monsterinsights_sitenote_active":false,"_monsterinsights_sitenote_note":"","_monsterinsights_sitenote_category":0,"footnotes":""},"categories":[1618,1621,1615,1626],"tags":[1754,759,413,831,3143,1306,42,1307,2033,915,936,432,52],"writer":[2212],"translator":[1875],"source":[],"ilustrador":[],"fotografo":[],"class_list":{"0":"post-29731","1":"post","2":"type-post","3":"status-publish","4":"format-standard","5":"has-post-thumbnail","7":"category-olhonaparticipacao","8":"category-destaque","9":"category-cultura-da-favela","10":"category-por-observadores-internacionais","11":"tag-camara-dos-vereadores","12":"tag-comparacao-internacional","13":"tag-desigualdade","14":"tag-direito-a-cidade","15":"tag-direito-a-favela","16":"tag-exclusao","17":"tag-genero","18":"tag-inclusao","19":"tag-marielle-franco","20":"tag-mes-da-consciencia-negra","21":"tag-raca","22":"tag-resistencia","23":"tag-violencia-policial","24":"writer-sidney-magana","25":"translator-marina-hennies"},"acf":[],"yoast_head":"<!-- This site is optimized with the Yoast SEO plugin v25.6 - https:\/\/yoast.com\/wordpress\/plugins\/seo\/ -->\n<title>Debate Sobre Racismo e Resist\u00eancia, e Rolezinho Ocupam C\u00e2mara Municipal - RioOnWatch<\/title>\n<meta name=\"robots\" content=\"index, follow, max-snippet:-1, max-image-preview:large, max-video-preview:-1\" \/>\n<link rel=\"canonical\" href=\"https:\/\/rioonwatch.org.br\/?p=29731\" \/>\n<meta property=\"og:locale\" content=\"pt_BR\" \/>\n<meta property=\"og:type\" content=\"article\" \/>\n<meta property=\"og:title\" content=\"Debate Sobre Racismo e Resist\u00eancia, e Rolezinho Ocupam C\u00e2mara Municipal - RioOnWatch\" \/>\n<meta property=\"og:description\" content=\"Click Here for English Ao anoitecer do dia 13 de novembro, no pr\u00e9dio da C\u00e2mara Municipal do Rio de Janeiro aconteceu, no M\u00eas da Consci\u00eancia Negra, um rolezinho no pr\u00e9dio e um painel de discuss\u00e3o [...]\" \/>\n<meta property=\"og:url\" content=\"https:\/\/rioonwatch.org.br\/?p=29731\" \/>\n<meta property=\"og:site_name\" content=\"RioOnWatch\" \/>\n<meta property=\"article:published_time\" content=\"2017-11-24T15:13:15+00:00\" \/>\n<meta property=\"article:modified_time\" content=\"2022-08-24T12:38:12+00:00\" \/>\n<meta property=\"og:image\" content=\"https:\/\/rioonwatch.org.br\/wp-content\/uploads\/2017\/11\/folder.jpg\" \/>\n\t<meta property=\"og:image:width\" content=\"1355\" \/>\n\t<meta property=\"og:image:height\" content=\"544\" \/>\n\t<meta property=\"og:image:type\" content=\"image\/jpeg\" \/>\n<meta name=\"author\" content=\"Admin\" \/>\n<meta name=\"twitter:card\" content=\"summary_large_image\" \/>\n<meta name=\"twitter:label1\" content=\"Escrito por\" \/>\n\t<meta name=\"twitter:data1\" content=\"Admin\" \/>\n\t<meta name=\"twitter:label2\" content=\"Est. tempo de leitura\" \/>\n\t<meta name=\"twitter:data2\" content=\"6 minutos\" \/>\n<script type=\"application\/ld+json\" class=\"yoast-schema-graph\">{\"@context\":\"https:\/\/schema.org\",\"@graph\":[{\"@type\":\"Article\",\"@id\":\"https:\/\/rioonwatch.org.br\/?p=29731#article\",\"isPartOf\":{\"@id\":\"https:\/\/rioonwatch.org.br\/?p=29731\"},\"author\":{\"name\":\"Admin\",\"@id\":\"https:\/\/rioonwatch.org.br\/#\/schema\/person\/11d64c290506f9df50c71b850c473f68\"},\"headline\":\"Debate Sobre Racismo e Resist\u00eancia, e Rolezinho Ocupam C\u00e2mara Municipal\",\"datePublished\":\"2017-11-24T15:13:15+00:00\",\"dateModified\":\"2022-08-24T12:38:12+00:00\",\"mainEntityOfPage\":{\"@id\":\"https:\/\/rioonwatch.org.br\/?p=29731\"},\"wordCount\":1124,\"publisher\":{\"@id\":\"https:\/\/rioonwatch.org.br\/#organization\"},\"image\":{\"@id\":\"https:\/\/rioonwatch.org.br\/?p=29731#primaryimage\"},\"thumbnailUrl\":\"https:\/\/rioonwatch.org.br\/wp-content\/uploads\/2017\/11\/folder.jpg\",\"keywords\":[\"C\u00e2mara dos Vereadores\",\"compara\u00e7\u00e3o internacional\",\"desigualdade\",\"Direito \u00e0 Cidade\",\"Direito \u00e0 favela\",\"exclus\u00e3o\",\"g\u00eanero\",\"inclus\u00e3o\",\"Marielle Franco\",\"M\u00eas da Consci\u00eancia Negra\",\"ra\u00e7a\",\"resist\u00eancia\",\"viol\u00eancia policial\"],\"articleSection\":[\"#OlhoNaParticipa\u00e7\u00e3o\",\"*Destaque\",\"Cultura da Favela\",\"Escrito por Aliados\"],\"inLanguage\":\"pt-BR\"},{\"@type\":\"WebPage\",\"@id\":\"https:\/\/rioonwatch.org.br\/?p=29731\",\"url\":\"https:\/\/rioonwatch.org.br\/?p=29731\",\"name\":\"Debate Sobre Racismo e Resist\u00eancia, e Rolezinho Ocupam C\u00e2mara Municipal - RioOnWatch\",\"isPartOf\":{\"@id\":\"https:\/\/rioonwatch.org.br\/#website\"},\"primaryImageOfPage\":{\"@id\":\"https:\/\/rioonwatch.org.br\/?p=29731#primaryimage\"},\"image\":{\"@id\":\"https:\/\/rioonwatch.org.br\/?p=29731#primaryimage\"},\"thumbnailUrl\":\"https:\/\/rioonwatch.org.br\/wp-content\/uploads\/2017\/11\/folder.jpg\",\"datePublished\":\"2017-11-24T15:13:15+00:00\",\"dateModified\":\"2022-08-24T12:38:12+00:00\",\"breadcrumb\":{\"@id\":\"https:\/\/rioonwatch.org.br\/?p=29731#breadcrumb\"},\"inLanguage\":\"pt-BR\",\"potentialAction\":[{\"@type\":\"ReadAction\",\"target\":[\"https:\/\/rioonwatch.org.br\/?p=29731\"]}]},{\"@type\":\"ImageObject\",\"inLanguage\":\"pt-BR\",\"@id\":\"https:\/\/rioonwatch.org.br\/?p=29731#primaryimage\",\"url\":\"https:\/\/rioonwatch.org.br\/wp-content\/uploads\/2017\/11\/folder.jpg\",\"contentUrl\":\"https:\/\/rioonwatch.org.br\/wp-content\/uploads\/2017\/11\/folder.jpg\",\"width\":1355,\"height\":544},{\"@type\":\"BreadcrumbList\",\"@id\":\"https:\/\/rioonwatch.org.br\/?p=29731#breadcrumb\",\"itemListElement\":[{\"@type\":\"ListItem\",\"position\":1,\"name\":\"In\u00edcio\",\"item\":\"https:\/\/rioonwatch.org.br\/\"},{\"@type\":\"ListItem\",\"position\":2,\"name\":\"Debate Sobre Racismo e Resist\u00eancia, e Rolezinho Ocupam C\u00e2mara Municipal\"}]},{\"@type\":\"WebSite\",\"@id\":\"https:\/\/rioonwatch.org.br\/#website\",\"url\":\"https:\/\/rioonwatch.org.br\/\",\"name\":\"RioOnWatch\",\"description\":\"relatos das favelas cariocas\",\"publisher\":{\"@id\":\"https:\/\/rioonwatch.org.br\/#organization\"},\"potentialAction\":[{\"@type\":\"SearchAction\",\"target\":{\"@type\":\"EntryPoint\",\"urlTemplate\":\"https:\/\/rioonwatch.org.br\/?s={search_term_string}\"},\"query-input\":{\"@type\":\"PropertyValueSpecification\",\"valueRequired\":true,\"valueName\":\"search_term_string\"}}],\"inLanguage\":\"pt-BR\"},{\"@type\":\"Organization\",\"@id\":\"https:\/\/rioonwatch.org.br\/#organization\",\"name\":\"RioOnWatch\",\"url\":\"https:\/\/rioonwatch.org.br\/\",\"logo\":{\"@type\":\"ImageObject\",\"inLanguage\":\"pt-BR\",\"@id\":\"https:\/\/rioonwatch.org.br\/#\/schema\/logo\/image\/\",\"url\":\"https:\/\/rioonwatch.org.br\/wp-content\/uploads\/2021\/06\/RioOnWatchcabecalhoPT11anos-2.png\",\"contentUrl\":\"https:\/\/rioonwatch.org.br\/wp-content\/uploads\/2021\/06\/RioOnWatchcabecalhoPT11anos-2.png\",\"width\":779,\"height\":277,\"caption\":\"RioOnWatch\"},\"image\":{\"@id\":\"https:\/\/rioonwatch.org.br\/#\/schema\/logo\/image\/\"}},{\"@type\":\"Person\",\"@id\":\"https:\/\/rioonwatch.org.br\/#\/schema\/person\/11d64c290506f9df50c71b850c473f68\",\"name\":\"Admin\",\"image\":{\"@type\":\"ImageObject\",\"inLanguage\":\"pt-BR\",\"@id\":\"https:\/\/rioonwatch.org.br\/#\/schema\/person\/image\/\",\"url\":\"https:\/\/secure.gravatar.com\/avatar\/56211ac74568383903349a1485e3c325?s=96&d=blank&r=g\",\"contentUrl\":\"https:\/\/secure.gravatar.com\/avatar\/56211ac74568383903349a1485e3c325?s=96&d=blank&r=g\",\"caption\":\"Admin\"},\"url\":\"https:\/\/rioonwatch.org.br\/?author=129\"}]}<\/script>\n<!-- \/ Yoast SEO plugin. -->","yoast_head_json":{"title":"Debate Sobre Racismo e Resist\u00eancia, e Rolezinho Ocupam C\u00e2mara Municipal - RioOnWatch","robots":{"index":"index","follow":"follow","max-snippet":"max-snippet:-1","max-image-preview":"max-image-preview:large","max-video-preview":"max-video-preview:-1"},"canonical":"https:\/\/rioonwatch.org.br\/?p=29731","og_locale":"pt_BR","og_type":"article","og_title":"Debate Sobre Racismo e Resist\u00eancia, e Rolezinho Ocupam C\u00e2mara Municipal - RioOnWatch","og_description":"Click Here for English Ao anoitecer do dia 13 de novembro, no pr\u00e9dio da C\u00e2mara Municipal do Rio de Janeiro aconteceu, no M\u00eas da Consci\u00eancia Negra, um rolezinho no pr\u00e9dio e um painel de discuss\u00e3o [...]","og_url":"https:\/\/rioonwatch.org.br\/?p=29731","og_site_name":"RioOnWatch","article_published_time":"2017-11-24T15:13:15+00:00","article_modified_time":"2022-08-24T12:38:12+00:00","og_image":[{"width":1355,"height":544,"url":"https:\/\/rioonwatch.org.br\/wp-content\/uploads\/2017\/11\/folder.jpg","type":"image\/jpeg"}],"author":"Admin","twitter_card":"summary_large_image","twitter_misc":{"Escrito por":"Admin","Est. tempo de leitura":"6 minutos"},"schema":{"@context":"https:\/\/schema.org","@graph":[{"@type":"Article","@id":"https:\/\/rioonwatch.org.br\/?p=29731#article","isPartOf":{"@id":"https:\/\/rioonwatch.org.br\/?p=29731"},"author":{"name":"Admin","@id":"https:\/\/rioonwatch.org.br\/#\/schema\/person\/11d64c290506f9df50c71b850c473f68"},"headline":"Debate Sobre Racismo e Resist\u00eancia, e Rolezinho Ocupam C\u00e2mara Municipal","datePublished":"2017-11-24T15:13:15+00:00","dateModified":"2022-08-24T12:38:12+00:00","mainEntityOfPage":{"@id":"https:\/\/rioonwatch.org.br\/?p=29731"},"wordCount":1124,"publisher":{"@id":"https:\/\/rioonwatch.org.br\/#organization"},"image":{"@id":"https:\/\/rioonwatch.org.br\/?p=29731#primaryimage"},"thumbnailUrl":"https:\/\/rioonwatch.org.br\/wp-content\/uploads\/2017\/11\/folder.jpg","keywords":["C\u00e2mara dos Vereadores","compara\u00e7\u00e3o internacional","desigualdade","Direito \u00e0 Cidade","Direito \u00e0 favela","exclus\u00e3o","g\u00eanero","inclus\u00e3o","Marielle Franco","M\u00eas da Consci\u00eancia Negra","ra\u00e7a","resist\u00eancia","viol\u00eancia policial"],"articleSection":["#OlhoNaParticipa\u00e7\u00e3o","*Destaque","Cultura da Favela","Escrito por Aliados"],"inLanguage":"pt-BR"},{"@type":"WebPage","@id":"https:\/\/rioonwatch.org.br\/?p=29731","url":"https:\/\/rioonwatch.org.br\/?p=29731","name":"Debate Sobre Racismo e Resist\u00eancia, e Rolezinho Ocupam C\u00e2mara Municipal - RioOnWatch","isPartOf":{"@id":"https:\/\/rioonwatch.org.br\/#website"},"primaryImageOfPage":{"@id":"https:\/\/rioonwatch.org.br\/?p=29731#primaryimage"},"image":{"@id":"https:\/\/rioonwatch.org.br\/?p=29731#primaryimage"},"thumbnailUrl":"https:\/\/rioonwatch.org.br\/wp-content\/uploads\/2017\/11\/folder.jpg","datePublished":"2017-11-24T15:13:15+00:00","dateModified":"2022-08-24T12:38:12+00:00","breadcrumb":{"@id":"https:\/\/rioonwatch.org.br\/?p=29731#breadcrumb"},"inLanguage":"pt-BR","potentialAction":[{"@type":"ReadAction","target":["https:\/\/rioonwatch.org.br\/?p=29731"]}]},{"@type":"ImageObject","inLanguage":"pt-BR","@id":"https:\/\/rioonwatch.org.br\/?p=29731#primaryimage","url":"https:\/\/rioonwatch.org.br\/wp-content\/uploads\/2017\/11\/folder.jpg","contentUrl":"https:\/\/rioonwatch.org.br\/wp-content\/uploads\/2017\/11\/folder.jpg","width":1355,"height":544},{"@type":"BreadcrumbList","@id":"https:\/\/rioonwatch.org.br\/?p=29731#breadcrumb","itemListElement":[{"@type":"ListItem","position":1,"name":"In\u00edcio","item":"https:\/\/rioonwatch.org.br\/"},{"@type":"ListItem","position":2,"name":"Debate Sobre Racismo e Resist\u00eancia, e Rolezinho Ocupam C\u00e2mara Municipal"}]},{"@type":"WebSite","@id":"https:\/\/rioonwatch.org.br\/#website","url":"https:\/\/rioonwatch.org.br\/","name":"RioOnWatch","description":"relatos das favelas cariocas","publisher":{"@id":"https:\/\/rioonwatch.org.br\/#organization"},"potentialAction":[{"@type":"SearchAction","target":{"@type":"EntryPoint","urlTemplate":"https:\/\/rioonwatch.org.br\/?s={search_term_string}"},"query-input":{"@type":"PropertyValueSpecification","valueRequired":true,"valueName":"search_term_string"}}],"inLanguage":"pt-BR"},{"@type":"Organization","@id":"https:\/\/rioonwatch.org.br\/#organization","name":"RioOnWatch","url":"https:\/\/rioonwatch.org.br\/","logo":{"@type":"ImageObject","inLanguage":"pt-BR","@id":"https:\/\/rioonwatch.org.br\/#\/schema\/logo\/image\/","url":"https:\/\/rioonwatch.org.br\/wp-content\/uploads\/2021\/06\/RioOnWatchcabecalhoPT11anos-2.png","contentUrl":"https:\/\/rioonwatch.org.br\/wp-content\/uploads\/2021\/06\/RioOnWatchcabecalhoPT11anos-2.png","width":779,"height":277,"caption":"RioOnWatch"},"image":{"@id":"https:\/\/rioonwatch.org.br\/#\/schema\/logo\/image\/"}},{"@type":"Person","@id":"https:\/\/rioonwatch.org.br\/#\/schema\/person\/11d64c290506f9df50c71b850c473f68","name":"Admin","image":{"@type":"ImageObject","inLanguage":"pt-BR","@id":"https:\/\/rioonwatch.org.br\/#\/schema\/person\/image\/","url":"https:\/\/secure.gravatar.com\/avatar\/56211ac74568383903349a1485e3c325?s=96&d=blank&r=g","contentUrl":"https:\/\/secure.gravatar.com\/avatar\/56211ac74568383903349a1485e3c325?s=96&d=blank&r=g","caption":"Admin"},"url":"https:\/\/rioonwatch.org.br\/?author=129"}]}},"_links":{"self":[{"href":"https:\/\/rioonwatch.org.br\/index.php?rest_route=\/wp\/v2\/posts\/29731"}],"collection":[{"href":"https:\/\/rioonwatch.org.br\/index.php?rest_route=\/wp\/v2\/posts"}],"about":[{"href":"https:\/\/rioonwatch.org.br\/index.php?rest_route=\/wp\/v2\/types\/post"}],"author":[{"embeddable":true,"href":"https:\/\/rioonwatch.org.br\/index.php?rest_route=\/wp\/v2\/users\/129"}],"replies":[{"embeddable":true,"href":"https:\/\/rioonwatch.org.br\/index.php?rest_route=%2Fwp%2Fv2%2Fcomments&post=29731"}],"version-history":[{"count":16,"href":"https:\/\/rioonwatch.org.br\/index.php?rest_route=\/wp\/v2\/posts\/29731\/revisions"}],"predecessor-version":[{"id":29759,"href":"https:\/\/rioonwatch.org.br\/index.php?rest_route=\/wp\/v2\/posts\/29731\/revisions\/29759"}],"wp:featuredmedia":[{"embeddable":true,"href":"https:\/\/rioonwatch.org.br\/index.php?rest_route=\/wp\/v2\/media\/29734"}],"wp:attachment":[{"href":"https:\/\/rioonwatch.org.br\/index.php?rest_route=%2Fwp%2Fv2%2Fmedia&parent=29731"}],"wp:term":[{"taxonomy":"category","embeddable":true,"href":"https:\/\/rioonwatch.org.br\/index.php?rest_route=%2Fwp%2Fv2%2Fcategories&post=29731"},{"taxonomy":"post_tag","embeddable":true,"href":"https:\/\/rioonwatch.org.br\/index.php?rest_route=%2Fwp%2Fv2%2Ftags&post=29731"},{"taxonomy":"writer","embeddable":true,"href":"https:\/\/rioonwatch.org.br\/index.php?rest_route=%2Fwp%2Fv2%2Fwriter&post=29731"},{"taxonomy":"translator","embeddable":true,"href":"https:\/\/rioonwatch.org.br\/index.php?rest_route=%2Fwp%2Fv2%2Ftranslator&post=29731"},{"taxonomy":"source","embeddable":true,"href":"https:\/\/rioonwatch.org.br\/index.php?rest_route=%2Fwp%2Fv2%2Fsource&post=29731"},{"taxonomy":"ilustrador","embeddable":true,"href":"https:\/\/rioonwatch.org.br\/index.php?rest_route=%2Fwp%2Fv2%2Filustrador&post=29731"},{"taxonomy":"fotografo","embeddable":true,"href":"https:\/\/rioonwatch.org.br\/index.php?rest_route=%2Fwp%2Fv2%2Ffotografo&post=29731"}],"curies":[{"name":"wp","href":"https:\/\/api.w.org\/{rel}","templated":true}]}}