{"id":29760,"date":"2017-11-27T10:53:10","date_gmt":"2017-11-27T13:53:10","guid":{"rendered":"http:\/\/rioonwatch.org.br\/?p=29760"},"modified":"2018-07-24T15:43:04","modified_gmt":"2018-07-24T18:43:04","slug":"educap-espaco-democratico-e-abrangente-do-alemao-redefavelasustentavel-perfil","status":"publish","type":"post","link":"https:\/\/rioonwatch.org.br\/?p=29760","title":{"rendered":"EDUCAP: Espa\u00e7o Democr\u00e1tico e Abrangente do Alem\u00e3o #RedeFavelaSustent\u00e1vel [PERFIL]"},"content":{"rendered":"<p style=\"text-align: right;\"><em><strong><a href=\"http:\/\/bit.ly\/2zoFmnV\" target=\"_blank\" rel=\"noopener noreferrer\">Click Here for English<img decoding=\"async\" width=\"20\" height=\"20\" class=\"alignright wp-image-15790\" src=\"http:\/\/rioonwatch.org.br\/wp-content\/uploads\/2012\/08\/EN-standard-e1439583104716.jpg\" alt=\"\" \/><\/a><\/strong><\/em><\/p>\n<blockquote><p><strong><span style=\"text-decoration: underline;\">Iniciativa<\/span><\/strong>:\u00a0Espa\u00e7o Democr\u00e1tico de Uni\u00e3o, Conviv\u00eancia, Aprendizagem e Preven\u00e7\u00e3o (EDUCAP)<br \/>\n<span style=\"text-decoration: underline;\"><strong>Contato<\/strong><\/span>:\u00a0<a href=\"http:\/\/bit.ly\/2gCl2DJ\" target=\"_blank\" rel=\"noopener\">Facebook<\/a>\u00a0|\u00a0<a href=\"mailto:educap@favelasustentavel.org\">Email<\/a><br \/>\n<span style=\"text-decoration: underline;\"><strong>Ano de Funda\u00e7\u00e3o<\/strong><\/span>: 2008<br \/>\n<span style=\"text-decoration: underline;\"><strong> Comunidade<\/strong><\/span>: Complexo do Alem\u00e3o<br \/>\n<span style=\"text-decoration: underline;\"><strong> Miss\u00e3o<\/strong><\/span>:\u00a0Contribuir com a promo\u00e7\u00e3o da cidadania para os moradores do complexo de favelas do Alem\u00e3o e demais contextos populares, prestando acolhimentos \u00e0s demandas socia<span class=\"text_exposed_show\">is, estimulando a autonomia, a participa\u00e7\u00e3o comunit\u00e1ria e desenvolvendo metodologias que possam cooperar com as pol\u00edticas p\u00fablicas nas \u00e1reas de educa\u00e7\u00e3o, sa\u00fade, empregabilidade, lazer e direitos humanos.<\/span><br \/>\n<span style=\"text-decoration: underline;\"><strong>Eventos P\u00fablicos<\/strong><\/span>:\u00a0<span style=\"font-weight: 400;\">Uma s\u00e9rie de oportunidades educacionais para os moradores do Alem\u00e3o de todas as idades. Frequentes oficinas de arte, debates e reuni\u00f5es comunit\u00e1rias.<\/span><br \/>\n<span style=\"text-decoration: underline;\"><strong>Como Contribuir<\/strong><\/span>:<span style=\"font-weight: 400;\">\u00a0EDUCAP solicita doa\u00e7\u00f5es de alimentos, material escolar, papel, tinta spray e outros materiais para uso em programas de educa\u00e7\u00e3o e arte. Tamb\u00e9m s\u00e3o bem vindas colabora\u00e7\u00f5es com organiza\u00e7\u00f5es sociais locais e internacionais. Entre em contato com a equipe da EDUCAP <a href=\"http:\/\/bit.ly\/2gCl2DJ\" target=\"_blank\" rel=\"noopener\">pelo Facebook<\/a>.<\/span><\/p><\/blockquote>\n<p><span style=\"font-weight: 400;\">O Espa\u00e7o Democr\u00e1tico de Uni\u00e3o, Conviv\u00eancia, Aprendizagem e Preven\u00e7\u00e3o, conhecido como <a href=\"http:\/\/bit.ly\/2gCl2DJ\" target=\"_blank\" rel=\"noopener\">EDUCAP<\/a>, \u00e9 uma ONG comunit\u00e1ria localizada no <a href=\"http:\/\/bit.ly\/U0MiGm\" target=\"_blank\" rel=\"noopener\">Complexo do Alem\u00e3o<\/a> na <a href=\"http:\/\/bit.ly\/WximDf\" target=\"_blank\" rel=\"noopener\">Zona Norte<\/a>\u00a0do Rio de Janeiro. A educadora e organizadora, nascida e criada no Alem\u00e3o, <a href=\"http:\/\/bit.ly\/2ixwi8z\" target=\"_blank\" rel=\"noopener\">L\u00facia Cabral<\/a>, fundou a organiza\u00e7\u00e3o em 2008 para adotar uma gama de projetos com foco na <a href=\"http:\/\/bit.ly\/1kzUmMv\" target=\"_blank\" rel=\"noopener\">sa\u00fade<\/a> e <a href=\"http:\/\/bit.ly\/1acNApR\" target=\"_blank\" rel=\"noopener\">educa\u00e7\u00e3o<\/a> dos moradores da favela. Nove anos depois, o EDUCAP ocupa uma colorida sede feita de\u00a0cont\u00eaineres empilhados na rua Canitar, constru\u00eddo em parceria com a Embaixada Brit\u00e2nica e <a href=\"https:\/\/glo.bo\/2i522Oh\" target=\"_blank\" rel=\"noopener\">inaugurada pelo Pr\u00edncipe Harry<\/a>. L\u00facia tornou o EDUCAP um espa\u00e7o de aprendizagem, eventos comunit\u00e1rios e parcerias produtivas com outras ONGs e <a href=\"http:\/\/rioonwatch.org.br\/?p=29731\" target=\"_blank\" rel=\"noopener\">projetos comunit\u00e1rios<\/a>.<\/span><\/p>\n<p><a href=\"http:\/\/rioonwatch.org.br\/wp-content\/uploads\/2017\/11\/L\u00facia-Cabral-at-EDUCAP-in-Alem\u00e3o.jpg\"><img fetchpriority=\"high\" decoding=\"async\" class=\"aligncenter wp-image-29769 size-content\" title=\"L\u00facia Cabral no EDUCAP no Alem\u00e3o. Foto por Sophie Pizzimenti\" src=\"http:\/\/rioonwatch.org.br\/wp-content\/uploads\/2017\/11\/L\u00facia-Cabral-at-EDUCAP-in-Alem\u00e3o-620x264.jpg\" alt=\"\" width=\"620\" height=\"264\" srcset=\"https:\/\/rioonwatch.org.br\/wp-content\/uploads\/2017\/11\/L\u00facia-Cabral-at-EDUCAP-in-Alem\u00e3o-620x264.jpg 620w, https:\/\/rioonwatch.org.br\/wp-content\/uploads\/2017\/11\/L\u00facia-Cabral-at-EDUCAP-in-Alem\u00e3o-940x400.jpg 940w\" sizes=\"(max-width: 620px) 100vw, 620px\" \/><\/a><\/p>\n<p><span style=\"font-weight: 400;\">L\u00facia se iniciou na educa\u00e7\u00e3o quando crian\u00e7a. Em 1967, com seis meses de idade, sua fam\u00edlia se mudou para o Alem\u00e3o vindo da Para\u00edba, seguindo uma <a href=\"http:\/\/bit.ly\/2iMhEYi\" target=\"_blank\" rel=\"noopener\">onda de migra\u00e7\u00e3o<\/a> do Nordeste para centros industriais como o Rio no Sudeste. A maior parte do crescimento do complexo de favelas se deu <a href=\"http:\/\/bit.ly\/2nOBYrR\" target=\"_blank\" rel=\"noopener\">durante as d\u00e9cadas de 1960 e 1970<\/a>, conforme as fam\u00edlias se estabeleceram nos arredores de seus <a href=\"http:\/\/bit.ly\/2gF40oe\" target=\"_blank\" rel=\"noopener\">empregos industriais<\/a>. Em 2012, o complexo era composto de 15 comunidades com uma combina\u00e7\u00e3o <a href=\"http:\/\/bit.ly\/2zcqOaj\" target=\"_blank\" rel=\"noopener\">populacional de 70.000 pessoas<\/a>, tornando-o uma das maiores favelas do Rio.<\/span><\/p>\n<p><span style=\"font-weight: 400;\">L\u00facia conta: &#8220;C<\/span><span style=\"font-weight: 400;\">om doze anos eu resolvi que eu tinha que ser professora, mas era porque meu pai tamb\u00e9m amava o profiss\u00e3o. Professora para ele era uma deusa&#8230; Eu queria alfabetizar os adultos que chegavam do Nordeste e queriam escrever para os familiares [na cidade natal]. A\u00ed, eu ia e escrevia as cartas, e eles mandaram&#8221;.\u00a0<\/span><\/p>\n<p><span style=\"font-weight: 400;\">Como a maioria das favelas, o Alem\u00e3o tem sido historicamente desatendido e <a href=\"http:\/\/bit.ly\/1K8LVUg\" target=\"_blank\" rel=\"noopener\">negligenciado pela prefeitura<\/a>. <a href=\"http:\/\/bit.ly\/2drO7zQ\" target=\"_blank\" rel=\"noopener\">Opera\u00e7\u00f5es policiais violentas<\/a> contra traficantes de drogas e uma <a href=\"http:\/\/bit.ly\/1b3U4PY\" target=\"_blank\" rel=\"noopener\">rela\u00e7\u00e3o tensa<\/a> com as <a href=\"http:\/\/bit.ly\/R5ueio\" target=\"_blank\" rel=\"noopener\">UPPs<\/a> instaladas em 2012 <a href=\"http:\/\/bit.ly\/2kzOiye\" target=\"_blank\" rel=\"noopener\">frequentemente fecham escolas<\/a> e impedem os moradores de sair de casa. O Alem\u00e3o tamb\u00e9m <a href=\"https:\/\/glo.bo\/2zU1e6Y\" target=\"_blank\" rel=\"noopener\">carece de institui\u00e7\u00f5es educacionais de qualidade<\/a> para sua popula\u00e7\u00e3o. Em 2014, <a href=\"http:\/\/bit.ly\/2zcqOaj\" target=\"_blank\" rel=\"noopener\">72% dos alunos de escolas p\u00fablicas de ensino m\u00e9dio<\/a> estavam dois ou mais anos atrasados em seus estudos, e <a href=\"http:\/\/bit.ly\/2zcqOaj\" target=\"_blank\" rel=\"noopener\">22% abandonaram a escola totalmente<\/a>.<\/span><\/p>\n<p><a href=\"http:\/\/rioonwatch.org.br\/wp-content\/uploads\/2017\/11\/Map-Complexo-do-Alema\u0303o.jpg\"><img decoding=\"async\" class=\"aligncenter wp-image-29774 size-content\" title=\"Mapa com localiza\u00e7\u00e3o do Complexo do Alem\u00e3o\" src=\"http:\/\/rioonwatch.org.br\/wp-content\/uploads\/2017\/11\/Map-Complexo-do-Alema\u0303o-620x264.jpg\" alt=\"\" width=\"620\" height=\"264\" srcset=\"https:\/\/rioonwatch.org.br\/wp-content\/uploads\/2017\/11\/Map-Complexo-do-Alema\u0303o-620x264.jpg 620w, https:\/\/rioonwatch.org.br\/wp-content\/uploads\/2017\/11\/Map-Complexo-do-Alema\u0303o-940x400.jpg 940w\" sizes=\"(max-width: 620px) 100vw, 620px\" \/><\/a><\/p>\n<p><span style=\"font-weight: 400;\">Observando essa realidade, L\u00facia se envolveu em muitos esfor\u00e7os para proporcionar educa\u00e7\u00e3o \u00e0s comunidades do Alem\u00e3o. Ela come\u00e7ou usando sua casa como uma pequena escola em 1986. Em muitos momentos dos anos que se seguiram, ela trabalhou com o <a href=\"http:\/\/bit.ly\/2yNozY5\" target=\"_blank\" rel=\"noopener\">projeto de alfabetiza\u00e7\u00e3o<\/a> do Servi\u00e7o Social da Ind\u00fastria (SESI), participou de projetos administrados pelo Centro de Promo\u00e7\u00e3o da Sa\u00fade (<a href=\"http:\/\/bit.ly\/2iygvGq\" target=\"_blank\" rel=\"noopener\">CEDAPS<\/a>) relacionados \u00e0 sa\u00fade sexual e reprodutiva, e gerenciou uma pequena escola. L\u00facia tamb\u00e9m lutou pelos <a href=\"http:\/\/bit.ly\/1iqdzi3\" target=\"_blank\" rel=\"noopener\">direitos humanos<\/a> dos moradores do Alem\u00e3o, trabalhando com a <a href=\"http:\/\/bit.ly\/2eZV4cP\" target=\"_blank\" rel=\"noopener\">Anistia Internacional<\/a> para expor as viola\u00e7\u00f5es que ocorreram durante a <a href=\"http:\/\/bit.ly\/2hQuGmU\" target=\"_blank\" rel=\"noopener\">opera\u00e7\u00e3o policial de 2007<\/a> que matou 19 pessoas na favela.<\/span><\/p>\n<p><span style=\"font-weight: 400;\">Morar no Alem\u00e3o teve um impacto em L\u00facia. &#8220;Esse lugar aqui te faz fazer parte dos movimentos: movimentos sociais por <a href=\"http:\/\/bit.ly\/2n0Var2\" target=\"_blank\" rel=\"noopener\">saneamento b\u00e1sico<\/a>, por <a href=\"http:\/\/bit.ly\/1g73xCv\" target=\"_blank\" rel=\"noopener\">melhor moradia<\/a>, por <a href=\"http:\/\/bit.ly\/15capNT\" target=\"_blank\" rel=\"noopener\">direito \u00e0 educa\u00e7\u00e3o<\/a> e sa\u00fade. E eu fui crescendo nesse meio, das <a href=\"http:\/\/bit.ly\/1yiwr0i\" target=\"_blank\" rel=\"noopener\">associa\u00e7\u00f5es de moradores<\/a>, dos <a href=\"http:\/\/bit.ly\/1XjdXct\" target=\"_blank\" rel=\"noopener\">movimentos sociais<\/a> da favela. E a\u00ed se tornou um pacote, uma milit\u00e2ncia. E da\u00ed eu n\u00e3o parei mais&#8221;, ela disse. L\u00facia \u00e9 membro de uma vibrante sociedade civil no Alem\u00e3o que inclui <a href=\"http:\/\/bit.ly\/1zT24bf\" target=\"_blank\" rel=\"noopener\">jornalistas cidad\u00e3os<\/a>, <a href=\"http:\/\/bit.ly\/2a2Cjo6\" target=\"_blank\" rel=\"noopener\">historiadores sociais<\/a> e <a href=\"http:\/\/bit.ly\/1LwVyjk\" target=\"_blank\" rel=\"noopener\">artistas<\/a>.<\/span><\/p>\n<p><span style=\"font-weight: 400;\">Em 2007, L\u00facia uniu um grupo de jovens trabalhando em diversos projetos de sa\u00fade p\u00fablica e ganhou uma subvens\u00e3o para fundar o EDUCAP. Quando os fundos acabaram, a organiza\u00e7\u00e3o deixou seu local inicial em 2009. Foi ent\u00e3o poss\u00edvel que ocupasse sua localiza\u00e7\u00e3o atual no Campo do Sargento. L\u00e1, uma equipe de seis pessoas deu aulas em um barraco de madeira para grandes quantidades de crian\u00e7as. Gra\u00e7as ao trabalho incans\u00e1vel do grupo, o EDUCAP se registrou como ONG em 2011, e a proposta de L\u00facia para o programa da Embaixada Brit\u00e2nica resultou na <a href=\"http:\/\/bit.ly\/2yQ5HHJ\" target=\"_blank\" rel=\"noopener\">constru\u00e7\u00e3o de sua atual instala\u00e7\u00e3o em 2012<\/a>, com tr\u00eas salas de aula, escrit\u00f3rios, uma cozinha e um espa\u00e7o ao ar livre.<\/span><\/p>\n<p><a href=\"http:\/\/rioonwatch.org.br\/wp-content\/uploads\/2017\/11\/Front-of-EDUCAP-Building-in-Alem\u00e3o.jpg\"><img loading=\"lazy\" decoding=\"async\" class=\"aligncenter wp-image-29777 size-content\" title=\"Frente da sede do EDUCAP, inaugurada em 2012 pelo Pr\u00edncipe Harry e constru\u00edda em apenas 21 dias. Foto por Sophie Pizzimenti\" src=\"http:\/\/rioonwatch.org.br\/wp-content\/uploads\/2017\/11\/Front-of-EDUCAP-Building-in-Alem\u00e3o-620x264.jpg\" alt=\"\" width=\"620\" height=\"264\" srcset=\"https:\/\/rioonwatch.org.br\/wp-content\/uploads\/2017\/11\/Front-of-EDUCAP-Building-in-Alem\u00e3o-620x264.jpg 620w, https:\/\/rioonwatch.org.br\/wp-content\/uploads\/2017\/11\/Front-of-EDUCAP-Building-in-Alem\u00e3o-940x400.jpg 940w\" sizes=\"(max-width: 620px) 100vw, 620px\" \/><\/a><\/p>\n<p><span style=\"font-weight: 400;\">Uma tarde na EDUCAP acorre uma agitada enxurrada de atividades. L\u00facia critica os programas sociais com seus escopos limitados que excluem moradores. &#8220;<\/span><span style=\"font-weight: 400;\">O EDUCAP \u00e9 um espa\u00e7o aberto, um espa\u00e7o de conviv\u00eancia&#8230; A gente j\u00e1 vive num lugar t\u00e3o violado, ent\u00e3o \u00e9 muito triste ver que algu\u00e9m precisa de um espa\u00e7o e est\u00e1 limitado. Eu sei que na minha adolesc\u00eancia aqui no morro, eu sempre quis estar num espa\u00e7o assim e n\u00e3o tinha&#8230; A primeira turma de ensino m\u00e9dio deu quase 40 alunos, n\u00e3o cabia na sala, mas eles queriam tanto estudar. A gente colocou cadeiras&#8230; Eu costumo trabalhar assim, eu n\u00e3o gosto de dizer n\u00e3o&#8221;.<\/span><\/p>\n<p><span style=\"font-weight: 400;\">O EDUCAP no momento sedia diversos programas educacionais. Tr\u00eas dias por semana, volunt\u00e1rios da ONG\u00a0<a href=\"http:\/\/bit.ly\/2haKVLq\" target=\"_blank\" rel=\"noopener\">Comunidade em A\u00e7\u00e3o<\/a> est\u00e3o no centro dando aulas de ingl\u00eas e computa\u00e7\u00e3o gratuitas para grupos de alunos de diferentes idades. A\u00a0<a href=\"http:\/\/bit.ly\/2xrtfkH\" target=\"_blank\" rel=\"noopener\">Rede Winner<\/a> se juntou ao EDUCAP para oferecer cursos supletivos, que permitem que aqueles que abandonaram o ensino m\u00e9dio tenham uma chance de conseguirem seus diplomas atrav\u00e9s de uma s\u00e9rie de exames. Alunos pagam uma taxa m\u00ednima por essas aulas, e uma parte \u00e9 retornada ao EDUCAP para cobrir material escolar e gastos do local.<\/span><\/p>\n<p><a href=\"http:\/\/rioonwatch.org.br\/wp-content\/uploads\/2017\/11\/Supletivo-Graduates-at-EDUCAP-in-Alem\u00e3o-e1509128052201.jpg\"><img loading=\"lazy\" decoding=\"async\" class=\"aligncenter wp-image-29781 size-content\" title=\"Formandos da \u00faltima turma de supletivo com seus diplomas. Foto por equipe do EDUCAP\" src=\"http:\/\/rioonwatch.org.br\/wp-content\/uploads\/2017\/11\/Supletivo-Graduates-at-EDUCAP-in-Alem\u00e3o-e1509128052201-620x264.jpg\" alt=\"\" width=\"620\" height=\"264\" srcset=\"https:\/\/rioonwatch.org.br\/wp-content\/uploads\/2017\/11\/Supletivo-Graduates-at-EDUCAP-in-Alem\u00e3o-e1509128052201-620x264.jpg 620w, https:\/\/rioonwatch.org.br\/wp-content\/uploads\/2017\/11\/Supletivo-Graduates-at-EDUCAP-in-Alem\u00e3o-e1509128052201-940x400.jpg 940w\" sizes=\"(max-width: 620px) 100vw, 620px\" \/><\/a><\/p>\n<p><span style=\"font-weight: 400;\">L\u00facia contou a hist\u00f3ria de uma moradora do Alem\u00e3o que recentemente completou a forma\u00e7\u00e3o do ensino m\u00e9dio com esse programa. &#8220;Ela j\u00e1 concluiu, j\u00e1 vai pegar o certificado dela&#8230; Ela n\u00e3o tinha esperan\u00e7a de voltar para escola. Isso \u00e9 gratificante porque voc\u00ea consegue realizar o sonho de uma pessoa. E ela agora vai fazer faculdade de pedagogia. Ela quer se formar, ela gostou de voltar para sala de aula. Essas coisas s\u00e3o sustent\u00e1veis&#8221;.<\/span><\/p>\n<p><span style=\"font-weight: 400;\">O EDUCAP usa o espa\u00e7o de sua sala de aula para outras parcerias que ensinam habilidades espec\u00edficas.\u00a0<a href=\"http:\/\/bit.ly\/2yMIXs9\" target=\"_blank\" rel=\"noopener\">Vai Na Web<\/a> <a href=\"http:\/\/bit.ly\/2zSYVRQ\" target=\"_blank\" rel=\"noopener\">oferece cursos de programa\u00e7\u00e3o gr\u00e1tis<\/a> para jovens do Alem\u00e3o com o objetivo de usar tecnologia digital como uma for\u00e7a democratizante. Graduandos do programa podem avan\u00e7ar a n\u00edveis mais altos e encontrar emprego nas \u00e1reas de design de aplicativos e codifica\u00e7\u00e3o. L\u00facia conheceu os l\u00edderes da iniciativa em uma oficina de <a href=\"http:\/\/bit.ly\/2bSN9Qc\" target=\"_blank\" rel=\"noopener\">comunica\u00e7\u00e3o n\u00e3o violenta<\/a>. Ela construiu muitas das parcerias da EDUCAP dessa maneira.<\/span><\/p>\n<p><a href=\"http:\/\/rioonwatch.org.br\/wp-content\/uploads\/2017\/11\/Vai-Na-Web-Class-at-EDUCAP-in-Alem\u00e3o.jpg\"><img loading=\"lazy\" decoding=\"async\" class=\"aligncenter wp-image-29780 size-content\" title=\"Professor do Vai Na Web com um grupo de estudantes da EDUCAP. Foto por Sophie Pizzimenti\" src=\"http:\/\/rioonwatch.org.br\/wp-content\/uploads\/2017\/11\/Vai-Na-Web-Class-at-EDUCAP-in-Alem\u00e3o-620x264.jpg\" alt=\"\" width=\"620\" height=\"264\" srcset=\"https:\/\/rioonwatch.org.br\/wp-content\/uploads\/2017\/11\/Vai-Na-Web-Class-at-EDUCAP-in-Alem\u00e3o-620x264.jpg 620w, https:\/\/rioonwatch.org.br\/wp-content\/uploads\/2017\/11\/Vai-Na-Web-Class-at-EDUCAP-in-Alem\u00e3o-940x400.jpg 940w\" sizes=\"(max-width: 620px) 100vw, 620px\" \/><\/a><\/p>\n<p><span style=\"font-weight: 400;\">&#8220;N\u00e3o tem mist\u00e9rio. Eu participo sempre de atividades, de encontros, de reuni\u00f5es. A rede acontece por que eu estou nos espa\u00e7os onde tem muita gente, onde t\u00eam grupos que est\u00e3o discutindo sobre o mesmo tema, com os mesmos objetivos. E a\u00ed acaba que essa rede vai crescendo&#8221;. Dado o tempo que ela j\u00e1 passou trabalhando no Alem\u00e3o e a visibilidade que o EDUCAP atingiu, a organiza\u00e7\u00e3o \u00e9 capaz de se auto sustentar atrav\u00e9s de doa\u00e7\u00f5es e parcerias, mantendo muitos de sua programa\u00e7\u00e3o de gra\u00e7a ou com baixo custo.<\/span><\/p>\n<p><span style=\"font-weight: 400;\">Os projetos citados aqui s\u00e3o s\u00f3 um pouco do enorme engajamento de L\u00facia. O EDUCAP se uniu com a ONG internacional\u00a0<a href=\"http:\/\/bit.ly\/2iAWqzn\" target=\"_blank\" rel=\"noopener\">Love.F\u00fatbol<\/a> para melhorar seus campos de futebol e agora sedia treinos semanais para moradores mais jovens do Alem\u00e3o. Atualmente, eles garantiram um recurso para trazer artistas <a href=\"http:\/\/bit.ly\/1RIYG0S\" target=\"_blank\" rel=\"noopener\">grafiteiros<\/a> locais para o espa\u00e7o e ensinar sua arte enquanto trabalham para pintar uma parede na sede.<\/span><\/p>\n<p><span style=\"font-weight: 400;\">O EDUCAP tamb\u00e9m funciona como uma incubadora para iniciativas comunit\u00e1rias incipientes, como a <a href=\"http:\/\/bit.ly\/2yXiMkI\" target=\"_blank\" rel=\"noopener\">Maternidade Consciente<\/a>, <a href=\"http:\/\/bit.ly\/2hgApm5\" target=\"_blank\" rel=\"noopener\">um projeto iniciado pela assistente social Camila Habdallah<\/a> para promover o parto natural e educar doulas, companheiras n\u00e3o m\u00e9dicas que assistem uma mulher durante o trabalho de parto. No Brasil, <a href=\"http:\/\/bit.ly\/2hePpkb\" target=\"_blank\" rel=\"noopener\">85% de todos os partos s\u00e3o por cesarianas<\/a>, embora a recomenda\u00e7\u00e3o da Organiza\u00e7\u00e3o Mundial da Sa\u00fade \u00e9 de que esse n\u00famero seja 15%, s\u00f3 em casos de necessidade. A parceria de Camila com o EDUCAP tem como objetivo reduzir a viol\u00eancia obst\u00e9trica promovendo a uni\u00e3o das m\u00e3es do Alem\u00e3o atrav\u00e9s da educa\u00e7\u00e3o.<\/span><\/p>\n<p><a href=\"http:\/\/rioonwatch.org.br\/wp-content\/uploads\/2017\/11\/EDUCAP-Youth-Soccer-in-Alem\u00e3o-e1509128570565.jpg\"><img loading=\"lazy\" decoding=\"async\" class=\"aligncenter wp-image-29787 size-content\" title=\"EDUCAP - jovens jogadores de futebol do Alem\u00e3o no campo restaurado em parceria com Love.F\u00fatbol. Foto da equipe do EDUCAP\" src=\"http:\/\/rioonwatch.org.br\/wp-content\/uploads\/2017\/11\/EDUCAP-Youth-Soccer-in-Alem\u00e3o-e1509128570565-620x264.jpg\" alt=\"\" width=\"620\" height=\"264\" srcset=\"https:\/\/rioonwatch.org.br\/wp-content\/uploads\/2017\/11\/EDUCAP-Youth-Soccer-in-Alem\u00e3o-e1509128570565-620x264.jpg 620w, https:\/\/rioonwatch.org.br\/wp-content\/uploads\/2017\/11\/EDUCAP-Youth-Soccer-in-Alem\u00e3o-e1509128570565-940x400.jpg 940w\" sizes=\"(max-width: 620px) 100vw, 620px\" \/><\/a><\/p>\n<p><span style=\"font-weight: 400;\">O EDUCAP conta com uma equipe de 20 pessoas para gerenciar suas opera\u00e7\u00f5es regulares, com L\u00facia como presidente. Dentre esse grupo h\u00e1 estagi\u00e1rios, como Tamyres Alves, que estuda Servi\u00e7o Social na Universidade Veiga de Almeida. Ela explica que a EDUCAP fornece apoio di\u00e1rio aos moradores do Alem\u00e3o de diversas maneiras. Isso inclui imprimir e revisar documentos, fornecer liga\u00e7\u00f5es \u00e0 outros servi\u00e7os sociais, e facilitar suas metas educacionais. &#8220;N<\/span><span style=\"font-weight: 400;\">as condi\u00e7\u00f5es em que o Brasil vive hoje, <a href=\"http:\/\/bbc.in\/2hSli29\" target=\"_blank\" rel=\"noopener\">da crise, do desemprego<\/a>, j\u00e1 \u00e9 dif\u00edcil [encontrar trabalho] com estudo. Sem estudo fica mais dif\u00edcil ainda. Ent\u00e3o, essas pessoas est\u00e3o aqui batalhando para conseguir&#8221;, disse Tamyres.<\/span><\/p>\n<p><span style=\"font-weight: 400;\">L\u00facia falou da verdadeira luta financeira para manter tantos programas e servi\u00e7os. &#8220;<\/span><span style=\"font-weight: 400;\">\u00c9 legal ser volunt\u00e1rio, mas como voc\u00ea pode ser volunt\u00e1rio se voc\u00ea n\u00e3o consegue pagar a sua passagem? Como voc\u00ea vai ser volunt\u00e1rio se voc\u00ea n\u00e3o tem dinheiro para comprar uma \u00e1gua quando voc\u00ea est\u00e1 na rua com sede? Ou para se alimentar no lugar que voc\u00ea vai trabalhar? \u00c9 nessas horas que voc\u00ea p\u00f5e a m\u00e3o na cabe\u00e7a e pensa: voluntariar, trabalhar sem dinheiro, como voc\u00ea vai se manter na \u00e9poca que a gente vive hoje?&#8221;<\/span><\/p>\n<p><span style=\"font-weight: 400;\">Ela compreende <a href=\"http:\/\/bit.ly\/1v5zfI2\" target=\"_blank\" rel=\"noopener\">sustentabilidade<\/a> como a habilidade de manter os projetos sociais que come\u00e7ou. &#8220;Para ser sustent\u00e1vel, voc\u00ea tem que ter um equil\u00edbrio, tem que ter um capital que vai girar em torno do que voc\u00ea quer fazer&#8221;, ela afirma. O EDUCAP claramente valoriza seu capital humano. Ela prospera como um espa\u00e7o de for\u00e7a de vontade combinada com reciprocidade. Durante a visita do <em>RioOnWatch<\/em>, suas tr\u00eas salas de aula estavam cheias de alunos, e a equipe do EDUCAP n\u00e3o deixou de atender as necessidades dos moradores, distribuindo canetas e at\u00e9 ajudando uma fam\u00edlia a conseguir a passagem de \u00f4nibus para levar um familiar doente para o hospital.<\/span><\/p>\n<p><a href=\"http:\/\/rioonwatch.org.br\/wp-content\/uploads\/2017\/11\/EDUCAP-Maternidade-Consciente-Group.jpg\"><img loading=\"lazy\" decoding=\"async\" class=\"aligncenter wp-image-29791 size-content\" title=\"Grupo de mulheres do Alem\u00e3o que fazem parte do projeto Maternidade Consciente, hospedado no EDUCAP. Foto da equipe do EDUCAP\" src=\"http:\/\/rioonwatch.org.br\/wp-content\/uploads\/2017\/11\/EDUCAP-Maternidade-Consciente-Group-620x264.jpg\" alt=\"\" width=\"620\" height=\"264\" srcset=\"https:\/\/rioonwatch.org.br\/wp-content\/uploads\/2017\/11\/EDUCAP-Maternidade-Consciente-Group-620x264.jpg 620w, https:\/\/rioonwatch.org.br\/wp-content\/uploads\/2017\/11\/EDUCAP-Maternidade-Consciente-Group-940x400.jpg 940w\" sizes=\"(max-width: 620px) 100vw, 620px\" \/><\/a><\/p>\n<p><span style=\"font-weight: 400;\">&#8220;A gente acaba conseguindo se sustentar com o desejo, a vontade, o amor, o acolhimento e todo desejo que a gente tem de continuar a receber as pessoas&#8221;, disse L\u00facia. Ela reflete: &#8220;Quando eu comecei, eu nunca imaginei ter um espa\u00e7o como esse. Imaginava tudo, menos ter um espa\u00e7o assim e poder atender o tanto da gente que a gente atende aqui&#8221;. Por esse motivo, ela sabe que o EDUCAP vai continuar a alcan\u00e7ar e ultrapassar seus sonhos, como um marco de sucesso em servi\u00e7os e educa\u00e7\u00e3o na favela no Alem\u00e3o e no Rio como um todo.<\/span><\/p>\n<p>*EDUCAP \u00e9 um dos mais de 100 projetos comunit\u00e1rios mapeados pela\u00a0<a href=\"http:\/\/bit.ly\/1aI.gif\" rel=\"prettyPhoto\">Comunidades Catalisadoras<\/a>\u00a0(ComCat)\u2013a organiza\u00e7\u00e3o que publica o\u00a0<em>RioOnWatch\u2013<\/em>como parte do nosso programa paralelo &#8216;<a href=\"http:\/\/bit.ly\/2zIHshe\" target=\"_blank\" rel=\"noopener\">Rede Favela Sustent\u00e1vel<\/a>&#8216; lan\u00e7ado em 2017 para reconhecer, apoiar, fortalecer e expandir as\u00a0<a href=\"http:\/\/www.bit.ly\/FavelaModelo\" target=\"_blank\" rel=\"noopener\">qualidades sustent\u00e1veis e movimentos comunit\u00e1rios inerentes \u00e0s<\/a>\u00a0favelas do Rio de Janeiro. Siga a <a href=\"http:\/\/bit.ly\/FBRFS\" target=\"_blank\" rel=\"noopener\">Rede Favela Sustent\u00e1vel no Facebook<\/a>.<\/p>\n<!-- AddThis Advanced Settings generic via filter on the_content --><!-- AddThis Share Buttons generic via filter on the_content -->","protected":false},"excerpt":{"rendered":"<div class=\"mh-excerpt\"><p>Click Here for English Iniciativa:\u00a0Espa\u00e7o Democr\u00e1tico de Uni\u00e3o, Conviv\u00eancia, Aprendizagem e Preven\u00e7\u00e3o (EDUCAP) Contato:\u00a0Facebook\u00a0|\u00a0Email Ano de Funda\u00e7\u00e3o: 2008 Comunidade: Complexo do Alem\u00e3o Miss\u00e3o:\u00a0Contribuir com a promo\u00e7\u00e3o da cidadania para os moradores do complexo de favelas <a class=\"mh-excerpt-more\" href=\"https:\/\/rioonwatch.org.br\/?p=29760\" title=\"EDUCAP: Espa\u00e7o Democr\u00e1tico e Abrangente do Alem\u00e3o #RedeFavelaSustent\u00e1vel [PERFIL]\">[&#8230;]<\/a><!-- AddThis Advanced Settings generic via filter on get_the_excerpt --><!-- AddThis Share Buttons generic via filter on get_the_excerpt --><\/p>\n<\/div>","protected":false},"author":129,"featured_media":29766,"comment_status":"closed","ping_status":"closed","sticky":false,"template":"","format":"standard","meta":{"_acf_changed":false,"_monsterinsights_skip_tracking":false,"_monsterinsights_sitenote_active":false,"_monsterinsights_sitenote_note":"","_monsterinsights_sitenote_category":0,"footnotes":""},"categories":[1621,1629,1626,1388,1616,342,1639],"tags":[334,217,1808,2070,424,876,88,316,1786,1304,1957,417,358,2074,2245,294,1109,1308,92,52,218],"writer":[2198],"translator":[2238],"source":[],"ilustrador":[],"fotografo":[],"class_list":{"0":"post-29760","1":"post","2":"type-post","3":"status-publish","4":"format-standard","5":"has-post-thumbnail","7":"category-destaque","8":"category-entrevistas-e-perfis","9":"category-por-observadores-internacionais","10":"category-formas-de-apoiar","11":"category-qualidades-da-favela","12":"category-solucoes","13":"category-sustentabilidade","14":"tag-arte","15":"tag-complexo-do-alemao","16":"tag-criatividade","17":"tag-direito-a-educacao","18":"tag-direito-a-moradia","19":"tag-direitos-da-crianca","20":"tag-direitos-humanos","21":"tag-educacao","22":"tag-espaco-comunitario","23":"tag-organizacao-criativa","24":"tag-nao-violencia","25":"tag-negligencia-do-estado","26":"tag-organizacao-comunitaria","27":"tag-rede-favela-sustentavel","28":"tag-redes","29":"tag-saude","30":"tag-sociedade-civil","31":"tag-taticas-de-organizacao","32":"tag-upp","33":"tag-violencia-policial","34":"tag-zona-norte","35":"writer-lucas-smolcic-larson","36":"translator-julia-hara-medeiros"},"acf":[],"yoast_head":"<!-- This site is optimized with the Yoast SEO plugin v25.6 - https:\/\/yoast.com\/wordpress\/plugins\/seo\/ -->\n<title>EDUCAP: Espa\u00e7o Democr\u00e1tico e Abrangente do Alem\u00e3o #RedeFavelaSustent\u00e1vel [PERFIL] - RioOnWatch<\/title>\n<meta name=\"robots\" content=\"index, follow, max-snippet:-1, max-image-preview:large, max-video-preview:-1\" \/>\n<link rel=\"canonical\" href=\"https:\/\/rioonwatch.org.br\/?p=29760\" \/>\n<meta property=\"og:locale\" content=\"pt_BR\" \/>\n<meta property=\"og:type\" content=\"article\" \/>\n<meta property=\"og:title\" content=\"EDUCAP: Espa\u00e7o Democr\u00e1tico e Abrangente do Alem\u00e3o #RedeFavelaSustent\u00e1vel [PERFIL] - RioOnWatch\" \/>\n<meta property=\"og:description\" content=\"Click Here for English Iniciativa:\u00a0Espa\u00e7o Democr\u00e1tico de Uni\u00e3o, Conviv\u00eancia, Aprendizagem e Preven\u00e7\u00e3o (EDUCAP) Contato:\u00a0Facebook\u00a0|\u00a0Email Ano de Funda\u00e7\u00e3o: 2008 Comunidade: Complexo do Alem\u00e3o Miss\u00e3o:\u00a0Contribuir com a promo\u00e7\u00e3o da cidadania para os moradores do complexo de favelas [...]\" \/>\n<meta property=\"og:url\" content=\"https:\/\/rioonwatch.org.br\/?p=29760\" \/>\n<meta property=\"og:site_name\" content=\"RioOnWatch\" \/>\n<meta property=\"article:published_time\" content=\"2017-11-27T13:53:10+00:00\" \/>\n<meta property=\"article:modified_time\" content=\"2018-07-24T18:43:04+00:00\" \/>\n<meta property=\"og:image\" content=\"https:\/\/rioonwatch.org.br\/wp-content\/uploads\/2017\/11\/EDUCAP-Building-in-Alem\u00e3o-scaled.jpg\" \/>\n\t<meta property=\"og:image:width\" content=\"2560\" \/>\n\t<meta property=\"og:image:height\" content=\"1714\" \/>\n\t<meta property=\"og:image:type\" content=\"image\/jpeg\" \/>\n<meta name=\"author\" content=\"Admin\" \/>\n<meta name=\"twitter:card\" content=\"summary_large_image\" \/>\n<meta name=\"twitter:label1\" content=\"Escrito por\" \/>\n\t<meta name=\"twitter:data1\" content=\"Admin\" \/>\n\t<meta name=\"twitter:label2\" content=\"Est. tempo de leitura\" \/>\n\t<meta name=\"twitter:data2\" content=\"10 minutos\" \/>\n<script type=\"application\/ld+json\" class=\"yoast-schema-graph\">{\"@context\":\"https:\/\/schema.org\",\"@graph\":[{\"@type\":\"Article\",\"@id\":\"https:\/\/rioonwatch.org.br\/?p=29760#article\",\"isPartOf\":{\"@id\":\"https:\/\/rioonwatch.org.br\/?p=29760\"},\"author\":{\"name\":\"Admin\",\"@id\":\"https:\/\/rioonwatch.org.br\/#\/schema\/person\/11d64c290506f9df50c71b850c473f68\"},\"headline\":\"EDUCAP: Espa\u00e7o Democr\u00e1tico e Abrangente do Alem\u00e3o #RedeFavelaSustent\u00e1vel [PERFIL]\",\"datePublished\":\"2017-11-27T13:53:10+00:00\",\"dateModified\":\"2018-07-24T18:43:04+00:00\",\"mainEntityOfPage\":{\"@id\":\"https:\/\/rioonwatch.org.br\/?p=29760\"},\"wordCount\":2043,\"publisher\":{\"@id\":\"https:\/\/rioonwatch.org.br\/#organization\"},\"image\":{\"@id\":\"https:\/\/rioonwatch.org.br\/?p=29760#primaryimage\"},\"thumbnailUrl\":\"https:\/\/rioonwatch.org.br\/wp-content\/uploads\/2017\/11\/EDUCAP-Building-in-Alem\u00e3o-scaled.jpg\",\"keywords\":[\"arte\",\"Complexo do Alem\u00e3o\",\"criatividade\",\"direito \u00e0 educa\u00e7\u00e3o\",\"Direito \u00e0 Moradia\",\"direitos da crian\u00e7a\",\"Direitos Humanos\",\"educa\u00e7\u00e3o\",\"espa\u00e7o comunit\u00e1rio\",\"mobiliza\u00e7\u00e3o criativa\",\"n\u00e3o-viol\u00eancia\",\"Neglig\u00eancia do Estado\",\"organiza\u00e7\u00e3o comunit\u00e1ria\",\"Perfis Integrantes da Rede Favela Sustent\u00e1vel\",\"redes\",\"sa\u00fade\",\"sociedade civil\",\"t\u00e1ticas de organiza\u00e7\u00e3o\",\"UPP\",\"viol\u00eancia policial\",\"Zona Norte\"],\"articleSection\":[\"*Destaque\",\"Entrevistas e Perfis\",\"Escrito por Aliados\",\"Formas de Apoiar\",\"Qualidades da Favela\",\"Solu\u00e7\u00f5es\",\"Sustentabilidade\"],\"inLanguage\":\"pt-BR\"},{\"@type\":\"WebPage\",\"@id\":\"https:\/\/rioonwatch.org.br\/?p=29760\",\"url\":\"https:\/\/rioonwatch.org.br\/?p=29760\",\"name\":\"EDUCAP: Espa\u00e7o Democr\u00e1tico e Abrangente do Alem\u00e3o #RedeFavelaSustent\u00e1vel [PERFIL] - RioOnWatch\",\"isPartOf\":{\"@id\":\"https:\/\/rioonwatch.org.br\/#website\"},\"primaryImageOfPage\":{\"@id\":\"https:\/\/rioonwatch.org.br\/?p=29760#primaryimage\"},\"image\":{\"@id\":\"https:\/\/rioonwatch.org.br\/?p=29760#primaryimage\"},\"thumbnailUrl\":\"https:\/\/rioonwatch.org.br\/wp-content\/uploads\/2017\/11\/EDUCAP-Building-in-Alem\u00e3o-scaled.jpg\",\"datePublished\":\"2017-11-27T13:53:10+00:00\",\"dateModified\":\"2018-07-24T18:43:04+00:00\",\"breadcrumb\":{\"@id\":\"https:\/\/rioonwatch.org.br\/?p=29760#breadcrumb\"},\"inLanguage\":\"pt-BR\",\"potentialAction\":[{\"@type\":\"ReadAction\",\"target\":[\"https:\/\/rioonwatch.org.br\/?p=29760\"]}]},{\"@type\":\"ImageObject\",\"inLanguage\":\"pt-BR\",\"@id\":\"https:\/\/rioonwatch.org.br\/?p=29760#primaryimage\",\"url\":\"https:\/\/rioonwatch.org.br\/wp-content\/uploads\/2017\/11\/EDUCAP-Building-in-Alem\u00e3o-scaled.jpg\",\"contentUrl\":\"https:\/\/rioonwatch.org.br\/wp-content\/uploads\/2017\/11\/EDUCAP-Building-in-Alem\u00e3o-scaled.jpg\",\"width\":2560,\"height\":1714},{\"@type\":\"BreadcrumbList\",\"@id\":\"https:\/\/rioonwatch.org.br\/?p=29760#breadcrumb\",\"itemListElement\":[{\"@type\":\"ListItem\",\"position\":1,\"name\":\"In\u00edcio\",\"item\":\"https:\/\/rioonwatch.org.br\/\"},{\"@type\":\"ListItem\",\"position\":2,\"name\":\"EDUCAP: Espa\u00e7o Democr\u00e1tico e Abrangente do Alem\u00e3o #RedeFavelaSustent\u00e1vel [PERFIL]\"}]},{\"@type\":\"WebSite\",\"@id\":\"https:\/\/rioonwatch.org.br\/#website\",\"url\":\"https:\/\/rioonwatch.org.br\/\",\"name\":\"RioOnWatch\",\"description\":\"relatos das favelas cariocas\",\"publisher\":{\"@id\":\"https:\/\/rioonwatch.org.br\/#organization\"},\"potentialAction\":[{\"@type\":\"SearchAction\",\"target\":{\"@type\":\"EntryPoint\",\"urlTemplate\":\"https:\/\/rioonwatch.org.br\/?s={search_term_string}\"},\"query-input\":{\"@type\":\"PropertyValueSpecification\",\"valueRequired\":true,\"valueName\":\"search_term_string\"}}],\"inLanguage\":\"pt-BR\"},{\"@type\":\"Organization\",\"@id\":\"https:\/\/rioonwatch.org.br\/#organization\",\"name\":\"RioOnWatch\",\"url\":\"https:\/\/rioonwatch.org.br\/\",\"logo\":{\"@type\":\"ImageObject\",\"inLanguage\":\"pt-BR\",\"@id\":\"https:\/\/rioonwatch.org.br\/#\/schema\/logo\/image\/\",\"url\":\"https:\/\/rioonwatch.org.br\/wp-content\/uploads\/2021\/06\/RioOnWatchcabecalhoPT11anos-2.png\",\"contentUrl\":\"https:\/\/rioonwatch.org.br\/wp-content\/uploads\/2021\/06\/RioOnWatchcabecalhoPT11anos-2.png\",\"width\":779,\"height\":277,\"caption\":\"RioOnWatch\"},\"image\":{\"@id\":\"https:\/\/rioonwatch.org.br\/#\/schema\/logo\/image\/\"}},{\"@type\":\"Person\",\"@id\":\"https:\/\/rioonwatch.org.br\/#\/schema\/person\/11d64c290506f9df50c71b850c473f68\",\"name\":\"Admin\",\"image\":{\"@type\":\"ImageObject\",\"inLanguage\":\"pt-BR\",\"@id\":\"https:\/\/rioonwatch.org.br\/#\/schema\/person\/image\/\",\"url\":\"https:\/\/secure.gravatar.com\/avatar\/56211ac74568383903349a1485e3c325?s=96&d=blank&r=g\",\"contentUrl\":\"https:\/\/secure.gravatar.com\/avatar\/56211ac74568383903349a1485e3c325?s=96&d=blank&r=g\",\"caption\":\"Admin\"},\"url\":\"https:\/\/rioonwatch.org.br\/?author=129\"}]}<\/script>\n<!-- \/ Yoast SEO plugin. -->","yoast_head_json":{"title":"EDUCAP: Espa\u00e7o Democr\u00e1tico e Abrangente do Alem\u00e3o #RedeFavelaSustent\u00e1vel [PERFIL] - RioOnWatch","robots":{"index":"index","follow":"follow","max-snippet":"max-snippet:-1","max-image-preview":"max-image-preview:large","max-video-preview":"max-video-preview:-1"},"canonical":"https:\/\/rioonwatch.org.br\/?p=29760","og_locale":"pt_BR","og_type":"article","og_title":"EDUCAP: Espa\u00e7o Democr\u00e1tico e Abrangente do Alem\u00e3o #RedeFavelaSustent\u00e1vel [PERFIL] - RioOnWatch","og_description":"Click Here for English Iniciativa:\u00a0Espa\u00e7o Democr\u00e1tico de Uni\u00e3o, Conviv\u00eancia, Aprendizagem e Preven\u00e7\u00e3o (EDUCAP) Contato:\u00a0Facebook\u00a0|\u00a0Email Ano de Funda\u00e7\u00e3o: 2008 Comunidade: Complexo do Alem\u00e3o Miss\u00e3o:\u00a0Contribuir com a promo\u00e7\u00e3o da cidadania para os moradores do complexo de favelas [...]","og_url":"https:\/\/rioonwatch.org.br\/?p=29760","og_site_name":"RioOnWatch","article_published_time":"2017-11-27T13:53:10+00:00","article_modified_time":"2018-07-24T18:43:04+00:00","og_image":[{"width":2560,"height":1714,"url":"https:\/\/rioonwatch.org.br\/wp-content\/uploads\/2017\/11\/EDUCAP-Building-in-Alem\u00e3o-scaled.jpg","type":"image\/jpeg"}],"author":"Admin","twitter_card":"summary_large_image","twitter_misc":{"Escrito por":"Admin","Est. tempo de leitura":"10 minutos"},"schema":{"@context":"https:\/\/schema.org","@graph":[{"@type":"Article","@id":"https:\/\/rioonwatch.org.br\/?p=29760#article","isPartOf":{"@id":"https:\/\/rioonwatch.org.br\/?p=29760"},"author":{"name":"Admin","@id":"https:\/\/rioonwatch.org.br\/#\/schema\/person\/11d64c290506f9df50c71b850c473f68"},"headline":"EDUCAP: Espa\u00e7o Democr\u00e1tico e Abrangente do Alem\u00e3o #RedeFavelaSustent\u00e1vel [PERFIL]","datePublished":"2017-11-27T13:53:10+00:00","dateModified":"2018-07-24T18:43:04+00:00","mainEntityOfPage":{"@id":"https:\/\/rioonwatch.org.br\/?p=29760"},"wordCount":2043,"publisher":{"@id":"https:\/\/rioonwatch.org.br\/#organization"},"image":{"@id":"https:\/\/rioonwatch.org.br\/?p=29760#primaryimage"},"thumbnailUrl":"https:\/\/rioonwatch.org.br\/wp-content\/uploads\/2017\/11\/EDUCAP-Building-in-Alem\u00e3o-scaled.jpg","keywords":["arte","Complexo do Alem\u00e3o","criatividade","direito \u00e0 educa\u00e7\u00e3o","Direito \u00e0 Moradia","direitos da crian\u00e7a","Direitos Humanos","educa\u00e7\u00e3o","espa\u00e7o comunit\u00e1rio","mobiliza\u00e7\u00e3o criativa","n\u00e3o-viol\u00eancia","Neglig\u00eancia do Estado","organiza\u00e7\u00e3o comunit\u00e1ria","Perfis Integrantes da Rede Favela Sustent\u00e1vel","redes","sa\u00fade","sociedade civil","t\u00e1ticas de organiza\u00e7\u00e3o","UPP","viol\u00eancia policial","Zona Norte"],"articleSection":["*Destaque","Entrevistas e Perfis","Escrito por Aliados","Formas de Apoiar","Qualidades da Favela","Solu\u00e7\u00f5es","Sustentabilidade"],"inLanguage":"pt-BR"},{"@type":"WebPage","@id":"https:\/\/rioonwatch.org.br\/?p=29760","url":"https:\/\/rioonwatch.org.br\/?p=29760","name":"EDUCAP: Espa\u00e7o Democr\u00e1tico e Abrangente do Alem\u00e3o #RedeFavelaSustent\u00e1vel [PERFIL] - RioOnWatch","isPartOf":{"@id":"https:\/\/rioonwatch.org.br\/#website"},"primaryImageOfPage":{"@id":"https:\/\/rioonwatch.org.br\/?p=29760#primaryimage"},"image":{"@id":"https:\/\/rioonwatch.org.br\/?p=29760#primaryimage"},"thumbnailUrl":"https:\/\/rioonwatch.org.br\/wp-content\/uploads\/2017\/11\/EDUCAP-Building-in-Alem\u00e3o-scaled.jpg","datePublished":"2017-11-27T13:53:10+00:00","dateModified":"2018-07-24T18:43:04+00:00","breadcrumb":{"@id":"https:\/\/rioonwatch.org.br\/?p=29760#breadcrumb"},"inLanguage":"pt-BR","potentialAction":[{"@type":"ReadAction","target":["https:\/\/rioonwatch.org.br\/?p=29760"]}]},{"@type":"ImageObject","inLanguage":"pt-BR","@id":"https:\/\/rioonwatch.org.br\/?p=29760#primaryimage","url":"https:\/\/rioonwatch.org.br\/wp-content\/uploads\/2017\/11\/EDUCAP-Building-in-Alem\u00e3o-scaled.jpg","contentUrl":"https:\/\/rioonwatch.org.br\/wp-content\/uploads\/2017\/11\/EDUCAP-Building-in-Alem\u00e3o-scaled.jpg","width":2560,"height":1714},{"@type":"BreadcrumbList","@id":"https:\/\/rioonwatch.org.br\/?p=29760#breadcrumb","itemListElement":[{"@type":"ListItem","position":1,"name":"In\u00edcio","item":"https:\/\/rioonwatch.org.br\/"},{"@type":"ListItem","position":2,"name":"EDUCAP: Espa\u00e7o Democr\u00e1tico e Abrangente do Alem\u00e3o #RedeFavelaSustent\u00e1vel [PERFIL]"}]},{"@type":"WebSite","@id":"https:\/\/rioonwatch.org.br\/#website","url":"https:\/\/rioonwatch.org.br\/","name":"RioOnWatch","description":"relatos das favelas cariocas","publisher":{"@id":"https:\/\/rioonwatch.org.br\/#organization"},"potentialAction":[{"@type":"SearchAction","target":{"@type":"EntryPoint","urlTemplate":"https:\/\/rioonwatch.org.br\/?s={search_term_string}"},"query-input":{"@type":"PropertyValueSpecification","valueRequired":true,"valueName":"search_term_string"}}],"inLanguage":"pt-BR"},{"@type":"Organization","@id":"https:\/\/rioonwatch.org.br\/#organization","name":"RioOnWatch","url":"https:\/\/rioonwatch.org.br\/","logo":{"@type":"ImageObject","inLanguage":"pt-BR","@id":"https:\/\/rioonwatch.org.br\/#\/schema\/logo\/image\/","url":"https:\/\/rioonwatch.org.br\/wp-content\/uploads\/2021\/06\/RioOnWatchcabecalhoPT11anos-2.png","contentUrl":"https:\/\/rioonwatch.org.br\/wp-content\/uploads\/2021\/06\/RioOnWatchcabecalhoPT11anos-2.png","width":779,"height":277,"caption":"RioOnWatch"},"image":{"@id":"https:\/\/rioonwatch.org.br\/#\/schema\/logo\/image\/"}},{"@type":"Person","@id":"https:\/\/rioonwatch.org.br\/#\/schema\/person\/11d64c290506f9df50c71b850c473f68","name":"Admin","image":{"@type":"ImageObject","inLanguage":"pt-BR","@id":"https:\/\/rioonwatch.org.br\/#\/schema\/person\/image\/","url":"https:\/\/secure.gravatar.com\/avatar\/56211ac74568383903349a1485e3c325?s=96&d=blank&r=g","contentUrl":"https:\/\/secure.gravatar.com\/avatar\/56211ac74568383903349a1485e3c325?s=96&d=blank&r=g","caption":"Admin"},"url":"https:\/\/rioonwatch.org.br\/?author=129"}]}},"_links":{"self":[{"href":"https:\/\/rioonwatch.org.br\/index.php?rest_route=\/wp\/v2\/posts\/29760"}],"collection":[{"href":"https:\/\/rioonwatch.org.br\/index.php?rest_route=\/wp\/v2\/posts"}],"about":[{"href":"https:\/\/rioonwatch.org.br\/index.php?rest_route=\/wp\/v2\/types\/post"}],"author":[{"embeddable":true,"href":"https:\/\/rioonwatch.org.br\/index.php?rest_route=\/wp\/v2\/users\/129"}],"replies":[{"embeddable":true,"href":"https:\/\/rioonwatch.org.br\/index.php?rest_route=%2Fwp%2Fv2%2Fcomments&post=29760"}],"version-history":[{"count":34,"href":"https:\/\/rioonwatch.org.br\/index.php?rest_route=\/wp\/v2\/posts\/29760\/revisions"}],"predecessor-version":[{"id":34917,"href":"https:\/\/rioonwatch.org.br\/index.php?rest_route=\/wp\/v2\/posts\/29760\/revisions\/34917"}],"wp:featuredmedia":[{"embeddable":true,"href":"https:\/\/rioonwatch.org.br\/index.php?rest_route=\/wp\/v2\/media\/29766"}],"wp:attachment":[{"href":"https:\/\/rioonwatch.org.br\/index.php?rest_route=%2Fwp%2Fv2%2Fmedia&parent=29760"}],"wp:term":[{"taxonomy":"category","embeddable":true,"href":"https:\/\/rioonwatch.org.br\/index.php?rest_route=%2Fwp%2Fv2%2Fcategories&post=29760"},{"taxonomy":"post_tag","embeddable":true,"href":"https:\/\/rioonwatch.org.br\/index.php?rest_route=%2Fwp%2Fv2%2Ftags&post=29760"},{"taxonomy":"writer","embeddable":true,"href":"https:\/\/rioonwatch.org.br\/index.php?rest_route=%2Fwp%2Fv2%2Fwriter&post=29760"},{"taxonomy":"translator","embeddable":true,"href":"https:\/\/rioonwatch.org.br\/index.php?rest_route=%2Fwp%2Fv2%2Ftranslator&post=29760"},{"taxonomy":"source","embeddable":true,"href":"https:\/\/rioonwatch.org.br\/index.php?rest_route=%2Fwp%2Fv2%2Fsource&post=29760"},{"taxonomy":"ilustrador","embeddable":true,"href":"https:\/\/rioonwatch.org.br\/index.php?rest_route=%2Fwp%2Fv2%2Filustrador&post=29760"},{"taxonomy":"fotografo","embeddable":true,"href":"https:\/\/rioonwatch.org.br\/index.php?rest_route=%2Fwp%2Fv2%2Ffotografo&post=29760"}],"curies":[{"name":"wp","href":"https:\/\/api.w.org\/{rel}","templated":true}]}}