{"id":30047,"date":"2017-12-13T10:40:00","date_gmt":"2017-12-13T13:40:00","guid":{"rendered":"http:\/\/rioonwatch.org.br\/?p=30047"},"modified":"2017-12-13T22:30:01","modified_gmt":"2017-12-14T01:30:01","slug":"outra-mare-e-possivel-forum-aborda-modelo-participativo-para-planejamento-de-seguranca-publica","status":"publish","type":"post","link":"https:\/\/rioonwatch.org.br\/?p=30047","title":{"rendered":"&#8216;Outra Mar\u00e9 \u00c9 Poss\u00edvel&#8217; F\u00f3rum Aborda Modelo Participativo Para Planejamento de Seguran\u00e7a P\u00fablica"},"content":{"rendered":"<p style=\"text-align: right;\"><em><strong><a href=\"http:\/\/bit.ly\/2z2VkCg\" target=\"_blank\" rel=\"noopener noreferrer\">Click Here for English<img decoding=\"async\" width=\"20\" height=\"20\" class=\"alignright wp-image-15790\" src=\"http:\/\/rioonwatch.org.br\/wp-content\/uploads\/2012\/08\/EN-standard-e1439583104716.jpg\" alt=\"\" \/><\/a><\/strong><\/em><\/p>\n<p><span style=\"font-weight: 400;\">No dia 4 de dezembro, o <a href=\"http:\/\/bit.ly\/10BvARw\" target=\"_blank\" rel=\"noopener\">Complexo da Mar\u00e9<\/a>\u00a0na <a href=\"http:\/\/bit.ly\/WximDf\" target=\"_blank\" rel=\"noopener\">Zona Norte<\/a> sediou um <a href=\"http:\/\/bit.ly\/2AFbBfS\" target=\"_blank\" rel=\"noopener\">debate p\u00fablico sobre formas de reduzir a viol\u00eancia<\/a>\u00a0com cerca de cem moradores, autoridades p\u00fablicas e representantes da sociedade civil.<\/span><\/p>\n<p><span style=\"font-weight: 400;\">O debate, que aconteceu na <a href=\"http:\/\/bit.ly\/29y251c\" target=\"_blank\" rel=\"noopener\">Vila do Jo\u00e3o<\/a>, foi o segundo maior evento organizado pelo F\u00f3rum \u201c<a href=\"http:\/\/bit.ly\/2nDEeXT\" target=\"_blank\" rel=\"noopener\">Basta de Viol\u00eancia! Outra Mar\u00e9 \u00e9 Poss\u00edvel!<\/a>\u201d, que visa pressionar o poder p\u00fablico para mudar a atua\u00e7\u00e3o da\u00a0<a href=\"http:\/\/bit.ly\/1fRNcBs\" target=\"_blank\" rel=\"noopener\">seguran\u00e7a p\u00fablica<\/a> e as opera\u00e7\u00f5es policiais na Mar\u00e9. O F\u00f3rum \u00e9 uma iniciativa das organiza\u00e7\u00f5es\u00a0<a href=\"http:\/\/bit.ly\/Xdpruu\" target=\"_blank\" rel=\"noopener\">Redes de Desenvolvimento da Mar\u00e9<\/a>,\u00a0<a href=\"http:\/\/bit.ly\/nkkyvm\" target=\"_blank\" rel=\"noopener\">Observat\u00f3rio de Favelas<\/a> e <a href=\"http:\/\/bit.ly\/1LtPfRl\" target=\"_blank\" rel=\"noopener\">Luta pela Paz<\/a> em parceria com outras <a href=\"http:\/\/bit.ly\/29mn8Bw\" target=\"_blank\" rel=\"noopener\">associa\u00e7\u00f5es da Mar\u00e9<\/a> e seus moradores. O F\u00f3rum iniciou suas atividades esse ano, levando mais de 5.000 pessoas a <a href=\"http:\/\/bit.ly\/2rouam7\" target=\"_blank\" rel=\"noopener\">marcharem contra a viol\u00eancia em maio<\/a>. <\/span><\/p>\n<p><a href=\"http:\/\/rioonwatch.org.br\/wp-content\/uploads\/2017\/12\/Basta-de-Violencia-public-debate.jpg\"><img fetchpriority=\"high\" decoding=\"async\" class=\"aligncenter wp-image-30053 size-content\" title=\"Moradores se engajam no debate p\u00fablico sobre a seguran\u00e7a da Mar\u00e9.\" src=\"http:\/\/rioonwatch.org.br\/wp-content\/uploads\/2017\/12\/Basta-de-Violencia-public-debate-620x264.jpg\" alt=\"\" width=\"620\" height=\"264\" srcset=\"https:\/\/rioonwatch.org.br\/wp-content\/uploads\/2017\/12\/Basta-de-Violencia-public-debate-620x264.jpg 620w, https:\/\/rioonwatch.org.br\/wp-content\/uploads\/2017\/12\/Basta-de-Violencia-public-debate-940x400.jpg 940w\" sizes=\"(max-width: 620px) 100vw, 620px\" \/><\/a><\/p>\n<p><span style=\"font-weight: 400;\">Os participantes do debate apontaram as for\u00e7as de seguran\u00e7a do Estado como fontes fundamentais da viol\u00eancia na Mar\u00e9, condenando a <a href=\"http:\/\/bit.ly\/2sFYLtG\" target=\"_blank\" rel=\"noopener\">estrat\u00e9gia policial do Estado de \u201cguerra \u00e0s drogas\u201d<\/a>. De acordo com um <a href=\"http:\/\/bit.ly\/2kCWW0U\" target=\"_blank\" rel=\"noopener\">relat\u00f3rio da Redes da Mar\u00e9<\/a>, somente em 2016, a Mar\u00e9 presenciou 33 opera\u00e7\u00f5es policiais, resultando em 20 dias \u00fateis (um m\u00eas) de cl\u00ednicas de sa\u00fade e <a href=\"http:\/\/bit.ly\/2CcdSzI\" target=\"_blank\" rel=\"noopener\">escolas fechadas<\/a>. No mesmo ano, 17 pessoas foram mortas em confrontos com a pol\u00edcia, resultando em uma taxa de 12.8 mortes relacionadas \u00e0 pol\u00edcia por 100.000 habitantes&#8211;<a href=\"http:\/\/bit.ly\/2iAJsOP\" target=\"_blank\" rel=\"noopener\">mais que o dobro da m\u00e9dia de 5.6 mortes no Estado do Rio de Janeiro<\/a>.<\/span><\/p>\n<p><span style=\"font-weight: 400;\">Um representante do Observat\u00f3rio de Favelas informou aos participantes que a Mar\u00e9 j\u00e1 recebeu mais opera\u00e7\u00f5es policiais em 2017 que em 2016. No dia do debate, uma segunda-feira, escolas e cl\u00ednicas estavam fechadas, j\u00e1 que a pol\u00edcia conduzia uma opera\u00e7\u00e3o nas favelas <a href=\"http:\/\/bit.ly\/1sscKdX\" target=\"_blank\" rel=\"noopener\">Nova Holanda<\/a> e <a href=\"http:\/\/bit.ly\/1YHFX7V\" target=\"_blank\" rel=\"noopener\">Parque Uni\u00e3o<\/a>, ambas no Complexo da Mar\u00e9. Na manh\u00e3 seguinte, uma opera\u00e7\u00e3o envolvendo <a href=\"https:\/\/glo.bo\/2A0Onjm\" target=\"_blank\" rel=\"noopener\">troca de tiros entre grupos armados e um helic\u00f3ptero da pol\u00edcia<\/a> for\u00e7ou crian\u00e7as a se protegerem em uma creche local. <\/span><\/p>\n<p><span style=\"font-weight: 400;\"><a href=\"http:\/\/bit.ly\/2nM2OpI\" target=\"_blank\" rel=\"noopener\">De acordo com o F\u00f3rum<\/a>, essas opera\u00e7\u00f5es refletem que \u201co Estado usa o confronto armado como principal forma de combater a quest\u00e3o das drogas e da criminalidade&#8230; tratando a favela e seus moradores como o inimigo a ser <a href=\"http:\/\/bit.ly\/2qwOz46\" target=\"_blank\" rel=\"noopener\">combatido em um contexto de Guerra<\/a>\u201d. Um <a href=\"http:\/\/bit.ly\/1kcl02n\" target=\"_blank\" rel=\"noopener\">defensor p\u00fablico<\/a> que estava no evento adicionou que \u201cmuitas vezes a justi\u00e7a acaba legitimando os ataques&#8221;, embora os moradores da Mar\u00e9 tenham <a href=\"http:\/\/bit.ly\/29yeeop\" target=\"_blank\" rel=\"noopener\">vencido algumas disputas legais nos \u00faltimos anos<\/a>.<\/span><\/p>\n<p><a href=\"http:\/\/rioonwatch.org.br\/wp-content\/uploads\/2017\/12\/Kids-taking-cover-at-creche.jpeg\"><img decoding=\"async\" class=\"aligncenter wp-image-30054 size-content\" title=\"Uma imagem que reverberou em todas as m\u00eddias sociais: as crian\u00e7as se protegendo na creche de Mar\u00e9. O fot\u00f3grafo original \u00e9 desconhecido.\" src=\"http:\/\/rioonwatch.org.br\/wp-content\/uploads\/2017\/12\/Kids-taking-cover-at-creche-620x264.jpeg\" alt=\"\" width=\"620\" height=\"264\" srcset=\"https:\/\/rioonwatch.org.br\/wp-content\/uploads\/2017\/12\/Kids-taking-cover-at-creche-620x264.jpeg 620w, https:\/\/rioonwatch.org.br\/wp-content\/uploads\/2017\/12\/Kids-taking-cover-at-creche-940x400.jpeg 940w\" sizes=\"(max-width: 620px) 100vw, 620px\" \/><\/a><\/p>\n<p><span style=\"font-weight: 400;\">O F\u00f3rum busca avan\u00e7ar no debate da seguran\u00e7a p\u00fablica por um processo democr\u00e1tico e transparente, unindo os moradores do bairro e <a href=\"http:\/\/bit.ly\/1CKy6Jl\" target=\"_blank\" rel=\"noopener\">organiza\u00e7\u00f5es da sociedade civil<\/a> em discuss\u00f5es regulares e planos de defesa, bem como mapeando as opera\u00e7\u00f5es policiais e publicando seus relat\u00f3rios de impacto. O grupo denuncia a viol\u00eancia causada pela pol\u00edcia e as mortes na Mar\u00e9, e encoraja o Minist\u00e9rio P\u00fablico, a Secretaria de Estado de Seguran\u00e7a e a Defensoria P\u00fablica a trabalharem juntas, construindo um plano de seguran\u00e7a p\u00fablica efetivo para o complexo de favelas. <\/span><\/p>\n<p><span style=\"font-weight: 400;\">Em junho, o <a href=\"http:\/\/bit.ly\/2ADFFZl\" target=\"_blank\" rel=\"noopener\">F\u00f3rum e a Defensoria P\u00fablica entraram com uma a\u00e7\u00e3o civil p\u00fablica&#8211;e venceram<\/a>&#8211;contra a Secretaria de Estado de Seguran\u00e7a, que d\u00e1 ao Estado at\u00e9 seis meses para elaborar um plano s\u00f3lido para reduzir a <a href=\"http:\/\/bit.ly\/21moYM5\" target=\"_blank\" rel=\"noopener\">viol\u00eancia que atinge os moradores da Mar\u00e9 durante as opera\u00e7\u00f5es policiais<\/a>. <\/span><\/p>\n<p><span style=\"font-weight: 400;\">O F\u00f3rum continua ativo desde ent\u00e3o, sendo um <a href=\"http:\/\/bit.ly\/1rOePGu\" target=\"_blank\" rel=\"noopener\">exemplo positivo de organiza\u00e7\u00e3o participativa<\/a> por realizar reuni\u00f5es p\u00fablicas mensalmente na Mar\u00e9, <a href=\"http:\/\/bit.ly\/2BWvwqV\" target=\"_blank\" rel=\"noopener\">publicar question\u00e1rios online e realizar pesquisas<\/a> nas ruas, com a participa\u00e7\u00e3o de mais de 300 moradores da Mar\u00e9. As informa\u00e7\u00f5es coletadas na comunidade, bem como o retorno e opini\u00f5es alcan\u00e7ado com o debate, ir\u00e3o dar forma ao plano oficial do F\u00f3rum para combater a viol\u00eancia na Mar\u00e9. Pr\u00f3ximo ao fim do prazo de seis meses, dado pela decis\u00e3o judicial, o F\u00f3rum planeja pressionar ainda mais as for\u00e7as estatais, elaborando seu <a href=\"http:\/\/bit.ly\/1iuwNKq\" target=\"_blank\" rel=\"noopener\">pr\u00f3prio plano de seguran\u00e7a<\/a> e submetendo-o \u00e0 Secretaria de Estado de Seguran\u00e7a em janeiro. A <a href=\"http:\/\/bit.ly\/2kioSTN\" target=\"_blank\" rel=\"noopener\">p\u00e1gina do F\u00f3rum no <em>Facebook<\/em><\/a><\/span><span style=\"font-weight: 400;\">\u00a0explica que este ser\u00e1 \u201cu<\/span>m plano com participa\u00e7\u00e3o popular, mas tamb\u00e9m com a participa\u00e7\u00e3o de \u00f3rg\u00e3os do Estado respons\u00e1veis pela garantia de direitos. Um plano que reflita os desejos e anseios dos moradores da Mar\u00e9&#8221;.<\/p>\n<p><a href=\"http:\/\/rioonwatch.org.br\/wp-content\/uploads\/2017\/12\/Basta-de-Violencia-public-survey.jpg\"><img loading=\"lazy\" decoding=\"async\" class=\"aligncenter wp-image-30055 size-content\" title=\"O que o governo pode fazer para acabar com a viol\u00eancia na Mar\u00e9?\" src=\"http:\/\/rioonwatch.org.br\/wp-content\/uploads\/2017\/12\/Basta-de-Violencia-public-survey-620x264.jpg\" alt=\"\" width=\"620\" height=\"264\" srcset=\"https:\/\/rioonwatch.org.br\/wp-content\/uploads\/2017\/12\/Basta-de-Violencia-public-survey-620x264.jpg 620w, https:\/\/rioonwatch.org.br\/wp-content\/uploads\/2017\/12\/Basta-de-Violencia-public-survey-940x400.jpg 940w\" sizes=\"(max-width: 620px) 100vw, 620px\" \/><\/a><\/p>\n<p><span style=\"font-weight: 400;\">A pesquisa e os participantes do debate deram \u00eanfase \u00e0 necessidade de garantir transpar\u00eancia, pedindo por c\u00e2meras nos ve\u00edculos e acoplada aos corpos durante as opera\u00e7\u00f5es policiais, o aumento da presen\u00e7a institucional na Mar\u00e9 e que as investiga\u00e7\u00f5es sobre viol\u00eancia policial sejam mais r\u00e1pidas. Outros enfatizaram a necessidade de um melhor treinamento da pol\u00edcia, de <a href=\"http:\/\/bit.ly\/29yeeop\" target=\"_blank\" rel=\"noopener\">campanhas educativas para conscientiza\u00e7\u00e3o dos moradores sobre seus direitos<\/a> e do fortalecimento dos canais existentes respons\u00e1veis por denunciar a viol\u00eancia policial.<\/span><\/p>\n<p><a href=\"http:\/\/rioonwatch.org.br\/wp-content\/uploads\/2017\/12\/Mare.jpg\"><img loading=\"lazy\" decoding=\"async\" class=\"aligncenter wp-image-30051 size-content\" title=\"Cartaz do question\u00e1rio no debate p\u00fablico\" src=\"http:\/\/rioonwatch.org.br\/wp-content\/uploads\/2017\/12\/Mare-620x264.jpg\" alt=\"Cartaz do question\u00e1rio no debate p\u00fablico\" width=\"620\" height=\"264\" srcset=\"https:\/\/rioonwatch.org.br\/wp-content\/uploads\/2017\/12\/Mare-620x264.jpg 620w, https:\/\/rioonwatch.org.br\/wp-content\/uploads\/2017\/12\/Mare-940x400.jpg 940w\" sizes=\"(max-width: 620px) 100vw, 620px\" \/><\/a><\/p>\n<p><span style=\"font-weight: 400;\">At\u00e9 agora, a Secretaria de Estado de Seguran\u00e7a recusou os pedidos de uma audi\u00eancia p\u00fablica na Mar\u00e9. Com o tempo se esgotando para responder a A\u00e7\u00e3o Civil P\u00fablica do F\u00f3rum, n\u00e3o \u00e9 claro o que o Estado far\u00e1&#8211;se far\u00e1&#8211;em resposta \u00e0 crescente\u00a0<a href=\"http:\/\/bit.ly\/1hbVyYn\" target=\"_blank\" rel=\"noopener\">press\u00e3o da sociedade civil da Mar\u00e9<\/a>. Se as opera\u00e7\u00f5es policiais dessa semana revelam algo, \u00e9 que com a aus\u00eancia de um engajamento ativo e de uma reforma significativa, a viol\u00eancia ir\u00e1 continuar. <\/span><\/p>\n<p>A Mar\u00e9, entretanto, n\u00e3o ser\u00e1 ignorada. \u201cVamos mostrar para a cidade que a gente existe\u201d, disse uma participante do debate.<\/p>\n<!-- AddThis Advanced Settings generic via filter on the_content --><!-- AddThis Share Buttons generic via filter on the_content -->","protected":false},"excerpt":{"rendered":"<div class=\"mh-excerpt\"><p>Click Here for English No dia 4 de dezembro, o Complexo da Mar\u00e9\u00a0na Zona Norte sediou um debate p\u00fablico sobre formas de reduzir a viol\u00eancia\u00a0com cerca de cem moradores, autoridades p\u00fablicas e representantes da sociedade <a class=\"mh-excerpt-more\" href=\"https:\/\/rioonwatch.org.br\/?p=30047\" title=\"&#8216;Outra Mar\u00e9 \u00c9 Poss\u00edvel&#8217; F\u00f3rum Aborda Modelo Participativo Para Planejamento de Seguran\u00e7a P\u00fablica\">[&#8230;]<\/a><!-- AddThis Advanced Settings generic via filter on get_the_excerpt --><!-- AddThis Share Buttons generic via filter on get_the_excerpt --><\/p>\n<\/div>","protected":false},"author":129,"featured_media":30099,"comment_status":"closed","ping_status":"closed","sticky":false,"template":"","format":"standard","meta":{"_acf_changed":false,"_monsterinsights_skip_tracking":false,"_monsterinsights_sitenote_active":false,"_monsterinsights_sitenote_note":"","_monsterinsights_sitenote_category":0,"footnotes":""},"categories":[1618,1627,344,1612,342],"tags":[332,90,2252,2253,1151,350,663,349,774,763,1107,672,1109,1347,1081,920,52,1144,218],"writer":[2249],"translator":[2032],"source":[],"ilustrador":[],"fotografo":[],"class_list":{"0":"post-30047","1":"post","2":"type-post","3":"status-publish","4":"format-standard","5":"has-post-thumbnail","7":"category-olhonaparticipacao","8":"category-relato-de-evento","9":"category-politicas","10":"category-sociedade-civil","11":"category-solucoes","12":"tag-complexo-da-mare","13":"tag-defensoria-publica","14":"tag-escolas-fechadas","15":"tag-guerra-as-drogas","16":"tag-organizacao","17":"tag-nova-holanda","18":"tag-observatorio-de-favelas","19":"tag-parque-uniao","20":"tag-policia-militar","21":"tag-protesto","22":"tag-redes-da-mare","23":"tag-seguranca-publica","24":"tag-sociedade-civil","25":"tag-solucao","26":"tag-vila-do-joao","27":"tag-violencia-de-estado","28":"tag-violencia-policial","29":"tag-violencia-urbana","30":"tag-zona-norte","31":"writer-edmund-ruge","32":"translator-bruno-ferreira"},"acf":[],"yoast_head":"<!-- This site is optimized with the Yoast SEO plugin v25.6 - https:\/\/yoast.com\/wordpress\/plugins\/seo\/ -->\n<title>&#039;Outra Mar\u00e9 \u00c9 Poss\u00edvel&#039; F\u00f3rum Aborda Modelo Participativo Para Planejamento de Seguran\u00e7a P\u00fablica - RioOnWatch<\/title>\n<meta name=\"robots\" content=\"index, follow, max-snippet:-1, max-image-preview:large, max-video-preview:-1\" \/>\n<link rel=\"canonical\" href=\"https:\/\/rioonwatch.org.br\/?p=30047\" \/>\n<meta property=\"og:locale\" content=\"pt_BR\" \/>\n<meta property=\"og:type\" content=\"article\" \/>\n<meta property=\"og:title\" content=\"&#039;Outra Mar\u00e9 \u00c9 Poss\u00edvel&#039; F\u00f3rum Aborda Modelo Participativo Para Planejamento de Seguran\u00e7a P\u00fablica - RioOnWatch\" \/>\n<meta property=\"og:description\" content=\"Click Here for English No dia 4 de dezembro, o Complexo da Mar\u00e9\u00a0na Zona Norte sediou um debate p\u00fablico sobre formas de reduzir a viol\u00eancia\u00a0com cerca de cem moradores, autoridades p\u00fablicas e representantes da sociedade [...]\" \/>\n<meta property=\"og:url\" content=\"https:\/\/rioonwatch.org.br\/?p=30047\" \/>\n<meta property=\"og:site_name\" content=\"RioOnWatch\" \/>\n<meta property=\"article:published_time\" content=\"2017-12-13T13:40:00+00:00\" \/>\n<meta property=\"article:modified_time\" content=\"2017-12-14T01:30:01+00:00\" \/>\n<meta property=\"og:image\" content=\"https:\/\/rioonwatch.org.br\/wp-content\/uploads\/2017\/12\/Forum-Basta-de-Violencia.jpg\" \/>\n\t<meta property=\"og:image:width\" content=\"960\" \/>\n\t<meta property=\"og:image:height\" content=\"640\" \/>\n\t<meta property=\"og:image:type\" content=\"image\/jpeg\" \/>\n<meta name=\"author\" content=\"Admin\" \/>\n<meta name=\"twitter:card\" content=\"summary_large_image\" \/>\n<meta name=\"twitter:label1\" content=\"Escrito por\" \/>\n\t<meta name=\"twitter:data1\" content=\"Admin\" \/>\n\t<meta name=\"twitter:label2\" content=\"Est. tempo de leitura\" \/>\n\t<meta name=\"twitter:data2\" content=\"5 minutos\" \/>\n<script type=\"application\/ld+json\" class=\"yoast-schema-graph\">{\"@context\":\"https:\/\/schema.org\",\"@graph\":[{\"@type\":\"Article\",\"@id\":\"https:\/\/rioonwatch.org.br\/?p=30047#article\",\"isPartOf\":{\"@id\":\"https:\/\/rioonwatch.org.br\/?p=30047\"},\"author\":{\"name\":\"Admin\",\"@id\":\"https:\/\/rioonwatch.org.br\/#\/schema\/person\/11d64c290506f9df50c71b850c473f68\"},\"headline\":\"&#8216;Outra Mar\u00e9 \u00c9 Poss\u00edvel&#8217; F\u00f3rum Aborda Modelo Participativo Para Planejamento de Seguran\u00e7a P\u00fablica\",\"datePublished\":\"2017-12-13T13:40:00+00:00\",\"dateModified\":\"2017-12-14T01:30:01+00:00\",\"mainEntityOfPage\":{\"@id\":\"https:\/\/rioonwatch.org.br\/?p=30047\"},\"wordCount\":948,\"publisher\":{\"@id\":\"https:\/\/rioonwatch.org.br\/#organization\"},\"image\":{\"@id\":\"https:\/\/rioonwatch.org.br\/?p=30047#primaryimage\"},\"thumbnailUrl\":\"https:\/\/rioonwatch.org.br\/wp-content\/uploads\/2017\/12\/Forum-Basta-de-Violencia.jpg\",\"keywords\":[\"Complexo da Mar\u00e9\",\"Defensoria P\u00fablica\",\"escolas fechadas\",\"guerra \u00e0s drogas\",\"mobiliza\u00e7\u00e3o\",\"Nova Holanda\",\"Observat\u00f3rio de Favelas\",\"Parque Uni\u00e3o\",\"Pol\u00edcia Militar\",\"protesto\",\"Redes da Mar\u00e9\",\"seguran\u00e7a p\u00fablica\",\"sociedade civil\",\"solu\u00e7\u00e3o\",\"Vila do Jo\u00e3o\",\"viol\u00eancia de Estado\",\"viol\u00eancia policial\",\"viol\u00eancia urbana\",\"Zona Norte\"],\"articleSection\":[\"#OlhoNaParticipa\u00e7\u00e3o\",\"Cobertura de Eventos\",\"Pol\u00edticas\",\"Sociedade Civil\",\"Solu\u00e7\u00f5es\"],\"inLanguage\":\"pt-BR\"},{\"@type\":\"WebPage\",\"@id\":\"https:\/\/rioonwatch.org.br\/?p=30047\",\"url\":\"https:\/\/rioonwatch.org.br\/?p=30047\",\"name\":\"'Outra Mar\u00e9 \u00c9 Poss\u00edvel' F\u00f3rum Aborda Modelo Participativo Para Planejamento de Seguran\u00e7a P\u00fablica - RioOnWatch\",\"isPartOf\":{\"@id\":\"https:\/\/rioonwatch.org.br\/#website\"},\"primaryImageOfPage\":{\"@id\":\"https:\/\/rioonwatch.org.br\/?p=30047#primaryimage\"},\"image\":{\"@id\":\"https:\/\/rioonwatch.org.br\/?p=30047#primaryimage\"},\"thumbnailUrl\":\"https:\/\/rioonwatch.org.br\/wp-content\/uploads\/2017\/12\/Forum-Basta-de-Violencia.jpg\",\"datePublished\":\"2017-12-13T13:40:00+00:00\",\"dateModified\":\"2017-12-14T01:30:01+00:00\",\"breadcrumb\":{\"@id\":\"https:\/\/rioonwatch.org.br\/?p=30047#breadcrumb\"},\"inLanguage\":\"pt-BR\",\"potentialAction\":[{\"@type\":\"ReadAction\",\"target\":[\"https:\/\/rioonwatch.org.br\/?p=30047\"]}]},{\"@type\":\"ImageObject\",\"inLanguage\":\"pt-BR\",\"@id\":\"https:\/\/rioonwatch.org.br\/?p=30047#primaryimage\",\"url\":\"https:\/\/rioonwatch.org.br\/wp-content\/uploads\/2017\/12\/Forum-Basta-de-Violencia.jpg\",\"contentUrl\":\"https:\/\/rioonwatch.org.br\/wp-content\/uploads\/2017\/12\/Forum-Basta-de-Violencia.jpg\",\"width\":960,\"height\":640,\"caption\":\"Imagem da P\u00e1gina do Facebook do F\u00f3rum BASTA DE VIOL\u00caNCIA Outra Mar\u00e9 \u00e9 Poss\u00edvel\"},{\"@type\":\"BreadcrumbList\",\"@id\":\"https:\/\/rioonwatch.org.br\/?p=30047#breadcrumb\",\"itemListElement\":[{\"@type\":\"ListItem\",\"position\":1,\"name\":\"In\u00edcio\",\"item\":\"https:\/\/rioonwatch.org.br\/\"},{\"@type\":\"ListItem\",\"position\":2,\"name\":\"&#8216;Outra Mar\u00e9 \u00c9 Poss\u00edvel&#8217; F\u00f3rum Aborda Modelo Participativo Para Planejamento de Seguran\u00e7a P\u00fablica\"}]},{\"@type\":\"WebSite\",\"@id\":\"https:\/\/rioonwatch.org.br\/#website\",\"url\":\"https:\/\/rioonwatch.org.br\/\",\"name\":\"RioOnWatch\",\"description\":\"relatos das favelas cariocas\",\"publisher\":{\"@id\":\"https:\/\/rioonwatch.org.br\/#organization\"},\"potentialAction\":[{\"@type\":\"SearchAction\",\"target\":{\"@type\":\"EntryPoint\",\"urlTemplate\":\"https:\/\/rioonwatch.org.br\/?s={search_term_string}\"},\"query-input\":{\"@type\":\"PropertyValueSpecification\",\"valueRequired\":true,\"valueName\":\"search_term_string\"}}],\"inLanguage\":\"pt-BR\"},{\"@type\":\"Organization\",\"@id\":\"https:\/\/rioonwatch.org.br\/#organization\",\"name\":\"RioOnWatch\",\"url\":\"https:\/\/rioonwatch.org.br\/\",\"logo\":{\"@type\":\"ImageObject\",\"inLanguage\":\"pt-BR\",\"@id\":\"https:\/\/rioonwatch.org.br\/#\/schema\/logo\/image\/\",\"url\":\"https:\/\/rioonwatch.org.br\/wp-content\/uploads\/2021\/06\/RioOnWatchcabecalhoPT11anos-2.png\",\"contentUrl\":\"https:\/\/rioonwatch.org.br\/wp-content\/uploads\/2021\/06\/RioOnWatchcabecalhoPT11anos-2.png\",\"width\":779,\"height\":277,\"caption\":\"RioOnWatch\"},\"image\":{\"@id\":\"https:\/\/rioonwatch.org.br\/#\/schema\/logo\/image\/\"}},{\"@type\":\"Person\",\"@id\":\"https:\/\/rioonwatch.org.br\/#\/schema\/person\/11d64c290506f9df50c71b850c473f68\",\"name\":\"Admin\",\"image\":{\"@type\":\"ImageObject\",\"inLanguage\":\"pt-BR\",\"@id\":\"https:\/\/rioonwatch.org.br\/#\/schema\/person\/image\/\",\"url\":\"https:\/\/secure.gravatar.com\/avatar\/56211ac74568383903349a1485e3c325?s=96&d=blank&r=g\",\"contentUrl\":\"https:\/\/secure.gravatar.com\/avatar\/56211ac74568383903349a1485e3c325?s=96&d=blank&r=g\",\"caption\":\"Admin\"},\"url\":\"https:\/\/rioonwatch.org.br\/?author=129\"}]}<\/script>\n<!-- \/ Yoast SEO plugin. -->","yoast_head_json":{"title":"'Outra Mar\u00e9 \u00c9 Poss\u00edvel' F\u00f3rum Aborda Modelo Participativo Para Planejamento de Seguran\u00e7a P\u00fablica - RioOnWatch","robots":{"index":"index","follow":"follow","max-snippet":"max-snippet:-1","max-image-preview":"max-image-preview:large","max-video-preview":"max-video-preview:-1"},"canonical":"https:\/\/rioonwatch.org.br\/?p=30047","og_locale":"pt_BR","og_type":"article","og_title":"'Outra Mar\u00e9 \u00c9 Poss\u00edvel' F\u00f3rum Aborda Modelo Participativo Para Planejamento de Seguran\u00e7a P\u00fablica - RioOnWatch","og_description":"Click Here for English No dia 4 de dezembro, o Complexo da Mar\u00e9\u00a0na Zona Norte sediou um debate p\u00fablico sobre formas de reduzir a viol\u00eancia\u00a0com cerca de cem moradores, autoridades p\u00fablicas e representantes da sociedade [...]","og_url":"https:\/\/rioonwatch.org.br\/?p=30047","og_site_name":"RioOnWatch","article_published_time":"2017-12-13T13:40:00+00:00","article_modified_time":"2017-12-14T01:30:01+00:00","og_image":[{"width":960,"height":640,"url":"https:\/\/rioonwatch.org.br\/wp-content\/uploads\/2017\/12\/Forum-Basta-de-Violencia.jpg","type":"image\/jpeg"}],"author":"Admin","twitter_card":"summary_large_image","twitter_misc":{"Escrito por":"Admin","Est. tempo de leitura":"5 minutos"},"schema":{"@context":"https:\/\/schema.org","@graph":[{"@type":"Article","@id":"https:\/\/rioonwatch.org.br\/?p=30047#article","isPartOf":{"@id":"https:\/\/rioonwatch.org.br\/?p=30047"},"author":{"name":"Admin","@id":"https:\/\/rioonwatch.org.br\/#\/schema\/person\/11d64c290506f9df50c71b850c473f68"},"headline":"&#8216;Outra Mar\u00e9 \u00c9 Poss\u00edvel&#8217; F\u00f3rum Aborda Modelo Participativo Para Planejamento de Seguran\u00e7a P\u00fablica","datePublished":"2017-12-13T13:40:00+00:00","dateModified":"2017-12-14T01:30:01+00:00","mainEntityOfPage":{"@id":"https:\/\/rioonwatch.org.br\/?p=30047"},"wordCount":948,"publisher":{"@id":"https:\/\/rioonwatch.org.br\/#organization"},"image":{"@id":"https:\/\/rioonwatch.org.br\/?p=30047#primaryimage"},"thumbnailUrl":"https:\/\/rioonwatch.org.br\/wp-content\/uploads\/2017\/12\/Forum-Basta-de-Violencia.jpg","keywords":["Complexo da Mar\u00e9","Defensoria P\u00fablica","escolas fechadas","guerra \u00e0s drogas","mobiliza\u00e7\u00e3o","Nova Holanda","Observat\u00f3rio de Favelas","Parque Uni\u00e3o","Pol\u00edcia Militar","protesto","Redes da Mar\u00e9","seguran\u00e7a p\u00fablica","sociedade civil","solu\u00e7\u00e3o","Vila do Jo\u00e3o","viol\u00eancia de Estado","viol\u00eancia policial","viol\u00eancia urbana","Zona Norte"],"articleSection":["#OlhoNaParticipa\u00e7\u00e3o","Cobertura de Eventos","Pol\u00edticas","Sociedade Civil","Solu\u00e7\u00f5es"],"inLanguage":"pt-BR"},{"@type":"WebPage","@id":"https:\/\/rioonwatch.org.br\/?p=30047","url":"https:\/\/rioonwatch.org.br\/?p=30047","name":"'Outra Mar\u00e9 \u00c9 Poss\u00edvel' F\u00f3rum Aborda Modelo Participativo Para Planejamento de Seguran\u00e7a P\u00fablica - RioOnWatch","isPartOf":{"@id":"https:\/\/rioonwatch.org.br\/#website"},"primaryImageOfPage":{"@id":"https:\/\/rioonwatch.org.br\/?p=30047#primaryimage"},"image":{"@id":"https:\/\/rioonwatch.org.br\/?p=30047#primaryimage"},"thumbnailUrl":"https:\/\/rioonwatch.org.br\/wp-content\/uploads\/2017\/12\/Forum-Basta-de-Violencia.jpg","datePublished":"2017-12-13T13:40:00+00:00","dateModified":"2017-12-14T01:30:01+00:00","breadcrumb":{"@id":"https:\/\/rioonwatch.org.br\/?p=30047#breadcrumb"},"inLanguage":"pt-BR","potentialAction":[{"@type":"ReadAction","target":["https:\/\/rioonwatch.org.br\/?p=30047"]}]},{"@type":"ImageObject","inLanguage":"pt-BR","@id":"https:\/\/rioonwatch.org.br\/?p=30047#primaryimage","url":"https:\/\/rioonwatch.org.br\/wp-content\/uploads\/2017\/12\/Forum-Basta-de-Violencia.jpg","contentUrl":"https:\/\/rioonwatch.org.br\/wp-content\/uploads\/2017\/12\/Forum-Basta-de-Violencia.jpg","width":960,"height":640,"caption":"Imagem da P\u00e1gina do Facebook do F\u00f3rum BASTA DE VIOL\u00caNCIA Outra Mar\u00e9 \u00e9 Poss\u00edvel"},{"@type":"BreadcrumbList","@id":"https:\/\/rioonwatch.org.br\/?p=30047#breadcrumb","itemListElement":[{"@type":"ListItem","position":1,"name":"In\u00edcio","item":"https:\/\/rioonwatch.org.br\/"},{"@type":"ListItem","position":2,"name":"&#8216;Outra Mar\u00e9 \u00c9 Poss\u00edvel&#8217; F\u00f3rum Aborda Modelo Participativo Para Planejamento de Seguran\u00e7a P\u00fablica"}]},{"@type":"WebSite","@id":"https:\/\/rioonwatch.org.br\/#website","url":"https:\/\/rioonwatch.org.br\/","name":"RioOnWatch","description":"relatos das favelas cariocas","publisher":{"@id":"https:\/\/rioonwatch.org.br\/#organization"},"potentialAction":[{"@type":"SearchAction","target":{"@type":"EntryPoint","urlTemplate":"https:\/\/rioonwatch.org.br\/?s={search_term_string}"},"query-input":{"@type":"PropertyValueSpecification","valueRequired":true,"valueName":"search_term_string"}}],"inLanguage":"pt-BR"},{"@type":"Organization","@id":"https:\/\/rioonwatch.org.br\/#organization","name":"RioOnWatch","url":"https:\/\/rioonwatch.org.br\/","logo":{"@type":"ImageObject","inLanguage":"pt-BR","@id":"https:\/\/rioonwatch.org.br\/#\/schema\/logo\/image\/","url":"https:\/\/rioonwatch.org.br\/wp-content\/uploads\/2021\/06\/RioOnWatchcabecalhoPT11anos-2.png","contentUrl":"https:\/\/rioonwatch.org.br\/wp-content\/uploads\/2021\/06\/RioOnWatchcabecalhoPT11anos-2.png","width":779,"height":277,"caption":"RioOnWatch"},"image":{"@id":"https:\/\/rioonwatch.org.br\/#\/schema\/logo\/image\/"}},{"@type":"Person","@id":"https:\/\/rioonwatch.org.br\/#\/schema\/person\/11d64c290506f9df50c71b850c473f68","name":"Admin","image":{"@type":"ImageObject","inLanguage":"pt-BR","@id":"https:\/\/rioonwatch.org.br\/#\/schema\/person\/image\/","url":"https:\/\/secure.gravatar.com\/avatar\/56211ac74568383903349a1485e3c325?s=96&d=blank&r=g","contentUrl":"https:\/\/secure.gravatar.com\/avatar\/56211ac74568383903349a1485e3c325?s=96&d=blank&r=g","caption":"Admin"},"url":"https:\/\/rioonwatch.org.br\/?author=129"}]}},"_links":{"self":[{"href":"https:\/\/rioonwatch.org.br\/index.php?rest_route=\/wp\/v2\/posts\/30047"}],"collection":[{"href":"https:\/\/rioonwatch.org.br\/index.php?rest_route=\/wp\/v2\/posts"}],"about":[{"href":"https:\/\/rioonwatch.org.br\/index.php?rest_route=\/wp\/v2\/types\/post"}],"author":[{"embeddable":true,"href":"https:\/\/rioonwatch.org.br\/index.php?rest_route=\/wp\/v2\/users\/129"}],"replies":[{"embeddable":true,"href":"https:\/\/rioonwatch.org.br\/index.php?rest_route=%2Fwp%2Fv2%2Fcomments&post=30047"}],"version-history":[{"count":14,"href":"https:\/\/rioonwatch.org.br\/index.php?rest_route=\/wp\/v2\/posts\/30047\/revisions"}],"predecessor-version":[{"id":30100,"href":"https:\/\/rioonwatch.org.br\/index.php?rest_route=\/wp\/v2\/posts\/30047\/revisions\/30100"}],"wp:featuredmedia":[{"embeddable":true,"href":"https:\/\/rioonwatch.org.br\/index.php?rest_route=\/wp\/v2\/media\/30099"}],"wp:attachment":[{"href":"https:\/\/rioonwatch.org.br\/index.php?rest_route=%2Fwp%2Fv2%2Fmedia&parent=30047"}],"wp:term":[{"taxonomy":"category","embeddable":true,"href":"https:\/\/rioonwatch.org.br\/index.php?rest_route=%2Fwp%2Fv2%2Fcategories&post=30047"},{"taxonomy":"post_tag","embeddable":true,"href":"https:\/\/rioonwatch.org.br\/index.php?rest_route=%2Fwp%2Fv2%2Ftags&post=30047"},{"taxonomy":"writer","embeddable":true,"href":"https:\/\/rioonwatch.org.br\/index.php?rest_route=%2Fwp%2Fv2%2Fwriter&post=30047"},{"taxonomy":"translator","embeddable":true,"href":"https:\/\/rioonwatch.org.br\/index.php?rest_route=%2Fwp%2Fv2%2Ftranslator&post=30047"},{"taxonomy":"source","embeddable":true,"href":"https:\/\/rioonwatch.org.br\/index.php?rest_route=%2Fwp%2Fv2%2Fsource&post=30047"},{"taxonomy":"ilustrador","embeddable":true,"href":"https:\/\/rioonwatch.org.br\/index.php?rest_route=%2Fwp%2Fv2%2Filustrador&post=30047"},{"taxonomy":"fotografo","embeddable":true,"href":"https:\/\/rioonwatch.org.br\/index.php?rest_route=%2Fwp%2Fv2%2Ffotografo&post=30047"}],"curies":[{"name":"wp","href":"https:\/\/api.w.org\/{rel}","templated":true}]}}