{"id":30106,"date":"2018-01-26T01:19:34","date_gmt":"2018-01-26T04:19:34","guid":{"rendered":"http:\/\/rioonwatch.org.br\/?p=30106"},"modified":"2024-09-05T13:13:04","modified_gmt":"2024-09-05T16:13:04","slug":"a-nova-onda-no-jornalismo-global-positive-news-e-jornalismo-de-solucoes","status":"publish","type":"post","link":"https:\/\/rioonwatch.org.br\/?p=30106","title":{"rendered":"A Nova Onda no Jornalismo Global: &#8216;Positive News&#8217; e Jornalismo de Solu\u00e7\u00f5es"},"content":{"rendered":"<p style=\"text-align: right; padding-left: 30px;\"><em><strong><a href=\"http:\/\/bit.ly\/2qkb924\" target=\"_blank\" rel=\"noopener noreferrer\">Click Here for English<\/a><a href=\"http:\/\/bit.ly\/2QzhW33\" target=\"_blank\" rel=\"noopener noreferrer\"><img decoding=\"async\" width=\"20\" height=\"20\" class=\"alignright wp-image-15790\" src=\"http:\/\/rioonwatch.org.br\/wp-content\/uploads\/2012\/08\/EN-standard-e1439583104716.jpg\" \/><\/a><\/strong><\/em><\/p>\n<h4><b>A\u00a0<\/b><a href=\"http:\/\/bit.ly\/pRqZSl\" target=\"_blank\" rel=\"noopener\"><b>Comunidades Catalisadoras<\/b><\/a><b>\u2014<\/b><b>organiza\u00e7\u00e3o respons\u00e1vel pelo\u00a0<em>RioOnWatch\u2013<\/em><a href=\"http:\/\/bit.ly\/2B9GJ6R\" target=\"_blank\" rel=\"noopener\">acaba de lan\u00e7ar<\/a>\u00a0o\u00a0<a href=\"http:\/\/www.bit.ly\/RFSMapa\" target=\"_blank\" rel=\"noopener\">mapa da Rede Favela Sustent\u00e1vel<\/a> (RFS)\u00a0<\/b><b>com 111 iniciativas comunit\u00e1rias, na Regi\u00e3o Metropolitana do Rio, que fortalecem a resili\u00eancia social e sustentabilidade ambiental local. O texto<\/b><b>\u00a0apresentado abaixo sobre a import\u00e2ncia do jornalismo de solu\u00e7\u00f5es da pesquisadora Sophie Pizzimenti, da Universidade de Leiden, faz parte do\u00a0<a href=\"http:\/\/www.bit.ly\/RFSRelatorio\" target=\"_blank\" rel=\"noopener\">relat\u00f3rio completo, \u201cRede Favela Sustent\u00e1vel: Mapeamento (2017)\u201d<\/a>,<\/b><b>\u00a0que descreve t<\/b><b>odo o processo do trabalho e os resultados obtidos.<\/b><\/h4>\n<p><span style=\"font-weight: 400;\">Ao longo da \u00faltima d\u00e9cada, uma nova tend\u00eancia t\u00eam se tornado evidente na m\u00eddia internacional: o compartilhamento de not\u00edcias orientadas para solu\u00e7\u00f5es como resposta ao desejo crescente do p\u00fablico por algo que diverge da negatividade t\u00edpica e constante vinda da m\u00eddia. Essa onda tamb\u00e9m chega na m\u00eddia de massa, com exemplos no <\/span><a href=\"http:\/\/bit.ly\/2jBxBA5\" target=\"_blank\" rel=\"noopener\"><i><span style=\"font-weight: 400;\">The Guardian<\/span><\/i><\/a><span style=\"font-weight: 400;\">, <\/span><i><span style=\"font-weight: 400;\">Al Jazeera<\/span><\/i><span style=\"font-weight: 400;\">, <\/span><a href=\"http:\/\/bbc.in\/2AyXU15\" target=\"_blank\" rel=\"noopener\"><i><span style=\"font-weight: 400;\">BBC<\/span><\/i><\/a><span style=\"font-weight: 400;\">\u00a0e outros, mas tem sido vista com mais frequ\u00eancia no surgimento de novos tipos de revista, document\u00e1rios e sites focando em <\/span><i><span style=\"font-weight: 400;\">positive news<\/span><\/i><span style=\"font-weight: 400;\">\u00a0(not\u00edcias positivas) e dependendo de um crescente corpo de pesquisadores. A professora <a href=\"http:\/\/bit.ly\/2Ckb3eX\" target=\"_blank\" rel=\"noopener\">Denise Baden<\/a>, do departamento de neg\u00f3cios da Universidade de Southampton, Inglaterra, mostra em suas pesquisas como o constante bombardeamento de not\u00edcias negativas desencoraja e dessensibiliza o p\u00fablico, que consequentemente se desengaja do problema sendo discutido. <\/span><\/p>\n<p><span style=\"font-weight: 400;\">Por outro lado, a implementa\u00e7\u00e3o de <\/span><i><span style=\"font-weight: 400;\">positive news<\/span><\/i><span style=\"font-weight: 400;\"> e not\u00edcias orientadas para solu\u00e7\u00f5es, aparentam levar ao leitor para outra conclus\u00e3o: de interesse e engajamento. Com isso, a nova abordagem de reportagens positivas chega como uma brisa fresca para leitores que, em pesquisas diferentes conduzidas ao longo dos \u00faltimos anos, se mostram mais responsivos e inclinados a compartilhar not\u00edcias positivas ao inv\u00e9s de not\u00edcias negativas. N\u00e3o s\u00f3 suas respostas e compartilhamentos s\u00e3o mais altos, mas os leitores mostram um desejo maior por tomar a\u00e7\u00f5es positivas, como explicado por <a href=\"http:\/\/bit.ly\/2ATSjqi\" target=\"_blank\" rel=\"noopener\">Jessica Prois<\/a>, editora de <\/span><a href=\"http:\/\/bit.ly\/2ATF2OH\" target=\"_blank\" rel=\"noopener\"><i><span style=\"font-weight: 400;\">Good News<\/span><\/i><\/a><span style=\"font-weight: 400;\"> e <\/span><a href=\"http:\/\/bit.ly\/2j7l2MY\" target=\"_blank\" rel=\"noopener\"><i><span style=\"font-weight: 400;\">Impact<\/span><\/i><\/a>\u00a0<span style=\"font-weight: 400;\">do <\/span><i><span style=\"font-weight: 400;\">Huffington Post<\/span><\/i><span style=\"font-weight: 400;\">. <\/span><\/p>\n<p><span style=\"font-weight: 400;\">Al\u00e9m disso, <\/span><i><span style=\"font-weight: 400;\">positive news<\/span><\/i><span style=\"font-weight: 400;\"> aparenta ter um impacto direto sobre a percep\u00e7\u00e3o de autoefic\u00e1cia do leitor (quer dizer, o leitor deste tipo de not\u00edcia se v\u00ea mais capaz de enfrentar desafios, problemas e escolhas), como explicado por Christoph Klimmt em seu livro <\/span><i><span style=\"font-weight: 400;\">The Routledge Handbook of Media Use and Well-being <\/span><\/i><span style=\"font-weight: 400;\">(Manual de Uso Midi\u00e1tico e Bem Estar)<\/span><span style=\"font-weight: 400;\">. No livro, Christoph ressalta pesquisas mostrando a alta liga\u00e7\u00e3o entre os tipos de not\u00edcias compartilhados por indiv\u00edduos, e seus graus de bem-estar e engajamento. Pesquisas mostram como uma &#8220;dose&#8221; constante de not\u00edcias positivas e orientadas para a\u00e7\u00e3o contribui para o sentimento de capacidade de agir e enfrentar desafios (di\u00e1rios) com resili\u00eancia. Com tom parecido, a Rede de Jornalismo de Solu\u00e7\u00f5es (<a href=\"http:\/\/bit.ly\/2kzbniA\" target=\"_blank\" rel=\"noopener\">Solutions Journalism Network<\/a>) mostra como jornalismo baseado em solu\u00e7\u00f5es aumenta o sentimento de efic\u00e1cia do p\u00fablico e o potencial de engajamento no t\u00f3pico discutido na mat\u00e9ria em quest\u00e3o. Para a maioria de editores, jornalistas e leitores engajado nesta onda jornal\u00edstica, criar uma resposta positiva do p\u00fablico para uma mudan\u00e7a positiva (na sociedade) \u00e9 o principal objetivo. Como Jessica Prois disse, \u201cMinhas hist\u00f3rias favoritas s\u00e3o as nas quais direcionamos o leitor para tomar uma a\u00e7\u00e3o concreta\u201d. <\/span><\/p>\n<p><span style=\"font-weight: 400;\"><a href=\"http:\/\/rioonwatch.org.br\/wp-content\/uploads\/2017\/12\/COLAGEM-PERFIS.jpg\"><img fetchpriority=\"high\" decoding=\"async\" class=\"aligncenter wp-image-30155 size-medium\" title=\"Lideran\u00e7as de projetos mapeados - Cris dos Prazeres (RecicLa\u00e7\u00e3o), Danielle Oliveira (Frutch\u00e1), Bianca Wild, Silva Guedes, Sinvaldo do Nascimento (Ecomuseu de Sepetiba) e L\u00facia Cabral (EDUCAP) \" src=\"http:\/\/rioonwatch.org.br\/wp-content\/uploads\/2017\/12\/COLAGEM-PERFIS-620x264.jpg\" alt=\"\" width=\"620\" height=\"264\" \/><\/a><br \/>\n<\/span><span style=\"font-weight: 400;\">O\u00a0<em>RioOnWatch<\/em> est\u00e1 seguindo este movimento, atualizando nossa linha editorial em 2017 para concentrar no jornalismo de solu\u00e7\u00f5es para prover ferramentas para a transforma\u00e7\u00e3o propositiva de nossos leitores e da sociedade como um todo. Dentro desta linha estamos construindo uma s\u00e9rie de reportagens \u00e0 partir das iniciativas da <a href=\"http:\/\/bit.ly\/2B9GJ6R\" target=\"_blank\" rel=\"noopener\">Rede de Favela Sustent\u00e1vel<\/a> para real\u00e7ar a percep\u00e7\u00e3o positiva do p\u00fablico e engajamento com os projetos descritos, e para que o leitor toma iniciativa pr\u00f3pria em prol da sustentabilidade, sendo inspirado por estes projetos. <\/span><\/p>\n<p><span style=\"font-weight: 400;\">As favelas do Rio s\u00e3o \u00e1reas da cidade principalmente noticiadas quando se trata de atos de viol\u00eancia ou, no melhor dos casos, neglig\u00eancia do Estado. Por\u00e9m, como colocado por Lidiane Malanquini da <a href=\"http:\/\/bit.ly\/1EqXkA7\" target=\"_blank\" rel=\"noopener\">Redes de Desenvolvimento da Mar\u00e9<\/a>, h\u00e1 uma necessidade de mudar essa narrativa orientada para viol\u00eancia e para sublinhar as a\u00e7\u00f5es positivas e iniciativas que existem dentro destas comunidades. Ao expor uma diversa gama de projetos comunit\u00e1rios construindo favelas cada vez mais <a href=\"http:\/\/bit.ly\/1v5zfI2\" target=\"_blank\" rel=\"noopener\">sustent\u00e1veis<\/a>\u00a0 e <a href=\"http:\/\/bit.ly\/2ksCmOD\" target=\"_blank\" rel=\"noopener\">resilientes<\/a>, a s\u00e9rie de perfis da Rede Favela Sustent\u00e1vel no <\/span><i><span style=\"font-weight: 400;\">RioOnWatch<\/span><\/i><span style=\"font-weight: 400;\"> ajuda a responder por esta demanda e necessidade por jornalismo propositivo.<\/span><span style=\"font-weight: 400;\"><br \/>\n<\/span><\/p>\n<h3><strong>Leia abaixo os primeiros perfis\u00a0da\u00a0<a href=\"http:\/\/bit.ly\/RFSPerfis\" target=\"_blank\" rel=\"noopener\">s\u00e9rie Rede Favela Sustent\u00e1vel<\/a>&#8211;em andamento:<\/strong><\/h3>\n<ol>\n<li><a href=\"http:\/\/bit.ly\/2Aek5dA\" target=\"_blank\" rel=\"bookmark noopener\">EDUCAP: Espa\u00e7o Democr\u00e1tico e Abrangente do Alem\u00e3o<\/a><\/li>\n<li><a href=\"http:\/\/bit.ly\/2gLgo9U\" target=\"_blank\" rel=\"noopener\">ReciclA\u00e7\u00e3o no Morro dos Prazeres<\/a><\/li>\n<li><a href=\"http:\/\/bit.ly\/2h7KBx7\" target=\"_blank\" rel=\"noopener\">Frutch\u00e1-Oficina de Alimenta\u00e7\u00e3o Consciente Viva e Vegana na CDD<\/a><\/li>\n<li><a href=\"http:\/\/bit.ly\/2yiVC7W\" target=\"_blank\" rel=\"noopener\">O Ecomuseu de Sepetiba<\/a><\/li>\n<li>\u00a0<a href=\"http:\/\/bit.ly\/2AQ0cIL\" target=\"_blank\" rel=\"noopener\">Devas \u2013 Artes\u00e3s da Mar\u00e9<\/a><\/li>\n<\/ol>\n<!-- AddThis Advanced Settings generic via filter on the_content --><!-- AddThis Share Buttons generic via filter on the_content -->","protected":false},"excerpt":{"rendered":"<div class=\"mh-excerpt\"><p>Click Here for English A\u00a0Comunidades Catalisadoras\u2014organiza\u00e7\u00e3o respons\u00e1vel pelo\u00a0RioOnWatch\u2013acaba de lan\u00e7ar\u00a0o\u00a0mapa da Rede Favela Sustent\u00e1vel (RFS)\u00a0com 111 iniciativas comunit\u00e1rias, na Regi\u00e3o Metropolitana do Rio, que fortalecem a resili\u00eancia social e sustentabilidade ambiental local. O texto\u00a0apresentado abaixo <a class=\"mh-excerpt-more\" href=\"https:\/\/rioonwatch.org.br\/?p=30106\" title=\"A Nova Onda no Jornalismo Global: &#8216;Positive News&#8217; e Jornalismo de Solu\u00e7\u00f5es\">[&#8230;]<\/a><!-- AddThis Advanced Settings generic via filter on get_the_excerpt --><!-- AddThis Share Buttons generic via filter on get_the_excerpt --><\/p>\n<\/div>","protected":false},"author":129,"featured_media":30154,"comment_status":"closed","ping_status":"closed","sticky":false,"template":"","format":"standard","meta":{"_acf_changed":false,"_monsterinsights_skip_tracking":false,"_monsterinsights_sitenote_active":false,"_monsterinsights_sitenote_note":"","_monsterinsights_sitenote_category":0,"footnotes":""},"categories":[1621,1626,1616,342,1639],"tags":[1167,1166,3142,2901,1107,1966,1347,476,404],"writer":[2209],"translator":[],"source":[],"ilustrador":[],"fotografo":[],"class_list":{"0":"post-30106","1":"post","2":"type-post","3":"status-publish","4":"format-standard","5":"has-post-thumbnail","7":"category-destaque","8":"category-por-observadores-internacionais","9":"category-qualidades-da-favela","10":"category-solucoes","11":"category-sustentabilidade","12":"tag-grande-midia","13":"tag-jornalismo","14":"tag-jornalismo-de-solucao","15":"tag-rfs","16":"tag-redes-da-mare","17":"tag-resiliencia","18":"tag-solucao","19":"tag-solucao-comunitaria","20":"tag-sustentabilidade","21":"writer-sophie-pizzimenti"},"acf":[],"yoast_head":"<!-- This site is optimized with the Yoast SEO plugin v25.6 - https:\/\/yoast.com\/wordpress\/plugins\/seo\/ -->\n<title>A Nova Onda no Jornalismo Global: &#039;Positive News&#039; e Jornalismo de Solu\u00e7\u00f5es - RioOnWatch<\/title>\n<meta name=\"robots\" content=\"index, follow, max-snippet:-1, max-image-preview:large, max-video-preview:-1\" \/>\n<link rel=\"canonical\" href=\"https:\/\/rioonwatch.org.br\/?p=30106\" \/>\n<meta property=\"og:locale\" content=\"pt_BR\" \/>\n<meta property=\"og:type\" content=\"article\" \/>\n<meta property=\"og:title\" content=\"A Nova Onda no Jornalismo Global: &#039;Positive News&#039; e Jornalismo de Solu\u00e7\u00f5es - RioOnWatch\" \/>\n<meta property=\"og:description\" content=\"Click Here for English A\u00a0Comunidades Catalisadoras\u2014organiza\u00e7\u00e3o respons\u00e1vel pelo\u00a0RioOnWatch\u2013acaba de lan\u00e7ar\u00a0o\u00a0mapa da Rede Favela Sustent\u00e1vel (RFS)\u00a0com 111 iniciativas comunit\u00e1rias, na Regi\u00e3o Metropolitana do Rio, que fortalecem a resili\u00eancia social e sustentabilidade ambiental local. O texto\u00a0apresentado abaixo [...]\" \/>\n<meta property=\"og:url\" content=\"https:\/\/rioonwatch.org.br\/?p=30106\" \/>\n<meta property=\"og:site_name\" content=\"RioOnWatch\" \/>\n<meta property=\"article:published_time\" content=\"2018-01-26T04:19:34+00:00\" \/>\n<meta property=\"article:modified_time\" content=\"2024-09-05T16:13:04+00:00\" \/>\n<meta property=\"og:image\" content=\"https:\/\/rioonwatch.org.br\/wp-content\/uploads\/2017\/12\/ACOES.jpg\" \/>\n\t<meta property=\"og:image:width\" content=\"620\" \/>\n\t<meta property=\"og:image:height\" content=\"264\" \/>\n\t<meta property=\"og:image:type\" content=\"image\/jpeg\" \/>\n<meta name=\"author\" content=\"Admin\" \/>\n<meta name=\"twitter:card\" content=\"summary_large_image\" \/>\n<meta name=\"twitter:label1\" content=\"Escrito por\" \/>\n\t<meta name=\"twitter:data1\" content=\"Admin\" \/>\n\t<meta name=\"twitter:label2\" content=\"Est. tempo de leitura\" \/>\n\t<meta name=\"twitter:data2\" content=\"5 minutos\" \/>\n<script type=\"application\/ld+json\" class=\"yoast-schema-graph\">{\"@context\":\"https:\/\/schema.org\",\"@graph\":[{\"@type\":\"Article\",\"@id\":\"https:\/\/rioonwatch.org.br\/?p=30106#article\",\"isPartOf\":{\"@id\":\"https:\/\/rioonwatch.org.br\/?p=30106\"},\"author\":{\"name\":\"Admin\",\"@id\":\"https:\/\/rioonwatch.org.br\/#\/schema\/person\/11d64c290506f9df50c71b850c473f68\"},\"headline\":\"A Nova Onda no Jornalismo Global: &#8216;Positive News&#8217; e Jornalismo de Solu\u00e7\u00f5es\",\"datePublished\":\"2018-01-26T04:19:34+00:00\",\"dateModified\":\"2024-09-05T16:13:04+00:00\",\"mainEntityOfPage\":{\"@id\":\"https:\/\/rioonwatch.org.br\/?p=30106\"},\"wordCount\":814,\"publisher\":{\"@id\":\"https:\/\/rioonwatch.org.br\/#organization\"},\"image\":{\"@id\":\"https:\/\/rioonwatch.org.br\/?p=30106#primaryimage\"},\"thumbnailUrl\":\"https:\/\/rioonwatch.org.br\/wp-content\/uploads\/2017\/12\/ACOES.jpg\",\"keywords\":[\"grande m\u00eddia\",\"jornalismo\",\"jornalismo de solu\u00e7\u00e3o\",\"Rede Favela Sustent\u00e1vel\",\"Redes da Mar\u00e9\",\"resili\u00eancia\",\"solu\u00e7\u00e3o\",\"solu\u00e7\u00e3o comunit\u00e1ria\",\"sustentabilidade\"],\"articleSection\":[\"*Destaque\",\"Escrito por Aliados\",\"Qualidades da Favela\",\"Solu\u00e7\u00f5es\",\"Sustentabilidade\"],\"inLanguage\":\"pt-BR\"},{\"@type\":\"WebPage\",\"@id\":\"https:\/\/rioonwatch.org.br\/?p=30106\",\"url\":\"https:\/\/rioonwatch.org.br\/?p=30106\",\"name\":\"A Nova Onda no Jornalismo Global: 'Positive News' e Jornalismo de Solu\u00e7\u00f5es - RioOnWatch\",\"isPartOf\":{\"@id\":\"https:\/\/rioonwatch.org.br\/#website\"},\"primaryImageOfPage\":{\"@id\":\"https:\/\/rioonwatch.org.br\/?p=30106#primaryimage\"},\"image\":{\"@id\":\"https:\/\/rioonwatch.org.br\/?p=30106#primaryimage\"},\"thumbnailUrl\":\"https:\/\/rioonwatch.org.br\/wp-content\/uploads\/2017\/12\/ACOES.jpg\",\"datePublished\":\"2018-01-26T04:19:34+00:00\",\"dateModified\":\"2024-09-05T16:13:04+00:00\",\"breadcrumb\":{\"@id\":\"https:\/\/rioonwatch.org.br\/?p=30106#breadcrumb\"},\"inLanguage\":\"pt-BR\",\"potentialAction\":[{\"@type\":\"ReadAction\",\"target\":[\"https:\/\/rioonwatch.org.br\/?p=30106\"]}]},{\"@type\":\"ImageObject\",\"inLanguage\":\"pt-BR\",\"@id\":\"https:\/\/rioonwatch.org.br\/?p=30106#primaryimage\",\"url\":\"https:\/\/rioonwatch.org.br\/wp-content\/uploads\/2017\/12\/ACOES.jpg\",\"contentUrl\":\"https:\/\/rioonwatch.org.br\/wp-content\/uploads\/2017\/12\/ACOES.jpg\",\"width\":620,\"height\":264},{\"@type\":\"BreadcrumbList\",\"@id\":\"https:\/\/rioonwatch.org.br\/?p=30106#breadcrumb\",\"itemListElement\":[{\"@type\":\"ListItem\",\"position\":1,\"name\":\"In\u00edcio\",\"item\":\"https:\/\/rioonwatch.org.br\/\"},{\"@type\":\"ListItem\",\"position\":2,\"name\":\"A Nova Onda no Jornalismo Global: &#8216;Positive News&#8217; e Jornalismo de Solu\u00e7\u00f5es\"}]},{\"@type\":\"WebSite\",\"@id\":\"https:\/\/rioonwatch.org.br\/#website\",\"url\":\"https:\/\/rioonwatch.org.br\/\",\"name\":\"RioOnWatch\",\"description\":\"relatos das favelas cariocas\",\"publisher\":{\"@id\":\"https:\/\/rioonwatch.org.br\/#organization\"},\"potentialAction\":[{\"@type\":\"SearchAction\",\"target\":{\"@type\":\"EntryPoint\",\"urlTemplate\":\"https:\/\/rioonwatch.org.br\/?s={search_term_string}\"},\"query-input\":{\"@type\":\"PropertyValueSpecification\",\"valueRequired\":true,\"valueName\":\"search_term_string\"}}],\"inLanguage\":\"pt-BR\"},{\"@type\":\"Organization\",\"@id\":\"https:\/\/rioonwatch.org.br\/#organization\",\"name\":\"RioOnWatch\",\"url\":\"https:\/\/rioonwatch.org.br\/\",\"logo\":{\"@type\":\"ImageObject\",\"inLanguage\":\"pt-BR\",\"@id\":\"https:\/\/rioonwatch.org.br\/#\/schema\/logo\/image\/\",\"url\":\"https:\/\/rioonwatch.org.br\/wp-content\/uploads\/2021\/06\/RioOnWatchcabecalhoPT11anos-2.png\",\"contentUrl\":\"https:\/\/rioonwatch.org.br\/wp-content\/uploads\/2021\/06\/RioOnWatchcabecalhoPT11anos-2.png\",\"width\":779,\"height\":277,\"caption\":\"RioOnWatch\"},\"image\":{\"@id\":\"https:\/\/rioonwatch.org.br\/#\/schema\/logo\/image\/\"}},{\"@type\":\"Person\",\"@id\":\"https:\/\/rioonwatch.org.br\/#\/schema\/person\/11d64c290506f9df50c71b850c473f68\",\"name\":\"Admin\",\"image\":{\"@type\":\"ImageObject\",\"inLanguage\":\"pt-BR\",\"@id\":\"https:\/\/rioonwatch.org.br\/#\/schema\/person\/image\/\",\"url\":\"https:\/\/secure.gravatar.com\/avatar\/56211ac74568383903349a1485e3c325?s=96&d=blank&r=g\",\"contentUrl\":\"https:\/\/secure.gravatar.com\/avatar\/56211ac74568383903349a1485e3c325?s=96&d=blank&r=g\",\"caption\":\"Admin\"},\"url\":\"https:\/\/rioonwatch.org.br\/?author=129\"}]}<\/script>\n<!-- \/ Yoast SEO plugin. -->","yoast_head_json":{"title":"A Nova Onda no Jornalismo Global: 'Positive News' e Jornalismo de Solu\u00e7\u00f5es - RioOnWatch","robots":{"index":"index","follow":"follow","max-snippet":"max-snippet:-1","max-image-preview":"max-image-preview:large","max-video-preview":"max-video-preview:-1"},"canonical":"https:\/\/rioonwatch.org.br\/?p=30106","og_locale":"pt_BR","og_type":"article","og_title":"A Nova Onda no Jornalismo Global: 'Positive News' e Jornalismo de Solu\u00e7\u00f5es - RioOnWatch","og_description":"Click Here for English A\u00a0Comunidades Catalisadoras\u2014organiza\u00e7\u00e3o respons\u00e1vel pelo\u00a0RioOnWatch\u2013acaba de lan\u00e7ar\u00a0o\u00a0mapa da Rede Favela Sustent\u00e1vel (RFS)\u00a0com 111 iniciativas comunit\u00e1rias, na Regi\u00e3o Metropolitana do Rio, que fortalecem a resili\u00eancia social e sustentabilidade ambiental local. O texto\u00a0apresentado abaixo [...]","og_url":"https:\/\/rioonwatch.org.br\/?p=30106","og_site_name":"RioOnWatch","article_published_time":"2018-01-26T04:19:34+00:00","article_modified_time":"2024-09-05T16:13:04+00:00","og_image":[{"width":620,"height":264,"url":"https:\/\/rioonwatch.org.br\/wp-content\/uploads\/2017\/12\/ACOES.jpg","type":"image\/jpeg"}],"author":"Admin","twitter_card":"summary_large_image","twitter_misc":{"Escrito por":"Admin","Est. tempo de leitura":"5 minutos"},"schema":{"@context":"https:\/\/schema.org","@graph":[{"@type":"Article","@id":"https:\/\/rioonwatch.org.br\/?p=30106#article","isPartOf":{"@id":"https:\/\/rioonwatch.org.br\/?p=30106"},"author":{"name":"Admin","@id":"https:\/\/rioonwatch.org.br\/#\/schema\/person\/11d64c290506f9df50c71b850c473f68"},"headline":"A Nova Onda no Jornalismo Global: &#8216;Positive News&#8217; e Jornalismo de Solu\u00e7\u00f5es","datePublished":"2018-01-26T04:19:34+00:00","dateModified":"2024-09-05T16:13:04+00:00","mainEntityOfPage":{"@id":"https:\/\/rioonwatch.org.br\/?p=30106"},"wordCount":814,"publisher":{"@id":"https:\/\/rioonwatch.org.br\/#organization"},"image":{"@id":"https:\/\/rioonwatch.org.br\/?p=30106#primaryimage"},"thumbnailUrl":"https:\/\/rioonwatch.org.br\/wp-content\/uploads\/2017\/12\/ACOES.jpg","keywords":["grande m\u00eddia","jornalismo","jornalismo de solu\u00e7\u00e3o","Rede Favela Sustent\u00e1vel","Redes da Mar\u00e9","resili\u00eancia","solu\u00e7\u00e3o","solu\u00e7\u00e3o comunit\u00e1ria","sustentabilidade"],"articleSection":["*Destaque","Escrito por Aliados","Qualidades da Favela","Solu\u00e7\u00f5es","Sustentabilidade"],"inLanguage":"pt-BR"},{"@type":"WebPage","@id":"https:\/\/rioonwatch.org.br\/?p=30106","url":"https:\/\/rioonwatch.org.br\/?p=30106","name":"A Nova Onda no Jornalismo Global: 'Positive News' e Jornalismo de Solu\u00e7\u00f5es - RioOnWatch","isPartOf":{"@id":"https:\/\/rioonwatch.org.br\/#website"},"primaryImageOfPage":{"@id":"https:\/\/rioonwatch.org.br\/?p=30106#primaryimage"},"image":{"@id":"https:\/\/rioonwatch.org.br\/?p=30106#primaryimage"},"thumbnailUrl":"https:\/\/rioonwatch.org.br\/wp-content\/uploads\/2017\/12\/ACOES.jpg","datePublished":"2018-01-26T04:19:34+00:00","dateModified":"2024-09-05T16:13:04+00:00","breadcrumb":{"@id":"https:\/\/rioonwatch.org.br\/?p=30106#breadcrumb"},"inLanguage":"pt-BR","potentialAction":[{"@type":"ReadAction","target":["https:\/\/rioonwatch.org.br\/?p=30106"]}]},{"@type":"ImageObject","inLanguage":"pt-BR","@id":"https:\/\/rioonwatch.org.br\/?p=30106#primaryimage","url":"https:\/\/rioonwatch.org.br\/wp-content\/uploads\/2017\/12\/ACOES.jpg","contentUrl":"https:\/\/rioonwatch.org.br\/wp-content\/uploads\/2017\/12\/ACOES.jpg","width":620,"height":264},{"@type":"BreadcrumbList","@id":"https:\/\/rioonwatch.org.br\/?p=30106#breadcrumb","itemListElement":[{"@type":"ListItem","position":1,"name":"In\u00edcio","item":"https:\/\/rioonwatch.org.br\/"},{"@type":"ListItem","position":2,"name":"A Nova Onda no Jornalismo Global: &#8216;Positive News&#8217; e Jornalismo de Solu\u00e7\u00f5es"}]},{"@type":"WebSite","@id":"https:\/\/rioonwatch.org.br\/#website","url":"https:\/\/rioonwatch.org.br\/","name":"RioOnWatch","description":"relatos das favelas cariocas","publisher":{"@id":"https:\/\/rioonwatch.org.br\/#organization"},"potentialAction":[{"@type":"SearchAction","target":{"@type":"EntryPoint","urlTemplate":"https:\/\/rioonwatch.org.br\/?s={search_term_string}"},"query-input":{"@type":"PropertyValueSpecification","valueRequired":true,"valueName":"search_term_string"}}],"inLanguage":"pt-BR"},{"@type":"Organization","@id":"https:\/\/rioonwatch.org.br\/#organization","name":"RioOnWatch","url":"https:\/\/rioonwatch.org.br\/","logo":{"@type":"ImageObject","inLanguage":"pt-BR","@id":"https:\/\/rioonwatch.org.br\/#\/schema\/logo\/image\/","url":"https:\/\/rioonwatch.org.br\/wp-content\/uploads\/2021\/06\/RioOnWatchcabecalhoPT11anos-2.png","contentUrl":"https:\/\/rioonwatch.org.br\/wp-content\/uploads\/2021\/06\/RioOnWatchcabecalhoPT11anos-2.png","width":779,"height":277,"caption":"RioOnWatch"},"image":{"@id":"https:\/\/rioonwatch.org.br\/#\/schema\/logo\/image\/"}},{"@type":"Person","@id":"https:\/\/rioonwatch.org.br\/#\/schema\/person\/11d64c290506f9df50c71b850c473f68","name":"Admin","image":{"@type":"ImageObject","inLanguage":"pt-BR","@id":"https:\/\/rioonwatch.org.br\/#\/schema\/person\/image\/","url":"https:\/\/secure.gravatar.com\/avatar\/56211ac74568383903349a1485e3c325?s=96&d=blank&r=g","contentUrl":"https:\/\/secure.gravatar.com\/avatar\/56211ac74568383903349a1485e3c325?s=96&d=blank&r=g","caption":"Admin"},"url":"https:\/\/rioonwatch.org.br\/?author=129"}]}},"_links":{"self":[{"href":"https:\/\/rioonwatch.org.br\/index.php?rest_route=\/wp\/v2\/posts\/30106"}],"collection":[{"href":"https:\/\/rioonwatch.org.br\/index.php?rest_route=\/wp\/v2\/posts"}],"about":[{"href":"https:\/\/rioonwatch.org.br\/index.php?rest_route=\/wp\/v2\/types\/post"}],"author":[{"embeddable":true,"href":"https:\/\/rioonwatch.org.br\/index.php?rest_route=\/wp\/v2\/users\/129"}],"replies":[{"embeddable":true,"href":"https:\/\/rioonwatch.org.br\/index.php?rest_route=%2Fwp%2Fv2%2Fcomments&post=30106"}],"version-history":[{"count":27,"href":"https:\/\/rioonwatch.org.br\/index.php?rest_route=\/wp\/v2\/posts\/30106\/revisions"}],"predecessor-version":[{"id":37284,"href":"https:\/\/rioonwatch.org.br\/index.php?rest_route=\/wp\/v2\/posts\/30106\/revisions\/37284"}],"wp:featuredmedia":[{"embeddable":true,"href":"https:\/\/rioonwatch.org.br\/index.php?rest_route=\/wp\/v2\/media\/30154"}],"wp:attachment":[{"href":"https:\/\/rioonwatch.org.br\/index.php?rest_route=%2Fwp%2Fv2%2Fmedia&parent=30106"}],"wp:term":[{"taxonomy":"category","embeddable":true,"href":"https:\/\/rioonwatch.org.br\/index.php?rest_route=%2Fwp%2Fv2%2Fcategories&post=30106"},{"taxonomy":"post_tag","embeddable":true,"href":"https:\/\/rioonwatch.org.br\/index.php?rest_route=%2Fwp%2Fv2%2Ftags&post=30106"},{"taxonomy":"writer","embeddable":true,"href":"https:\/\/rioonwatch.org.br\/index.php?rest_route=%2Fwp%2Fv2%2Fwriter&post=30106"},{"taxonomy":"translator","embeddable":true,"href":"https:\/\/rioonwatch.org.br\/index.php?rest_route=%2Fwp%2Fv2%2Ftranslator&post=30106"},{"taxonomy":"source","embeddable":true,"href":"https:\/\/rioonwatch.org.br\/index.php?rest_route=%2Fwp%2Fv2%2Fsource&post=30106"},{"taxonomy":"ilustrador","embeddable":true,"href":"https:\/\/rioonwatch.org.br\/index.php?rest_route=%2Fwp%2Fv2%2Filustrador&post=30106"},{"taxonomy":"fotografo","embeddable":true,"href":"https:\/\/rioonwatch.org.br\/index.php?rest_route=%2Fwp%2Fv2%2Ffotografo&post=30106"}],"curies":[{"name":"wp","href":"https:\/\/api.w.org\/{rel}","templated":true}]}}