{"id":30120,"date":"2017-12-15T11:19:44","date_gmt":"2017-12-15T14:19:44","guid":{"rendered":"http:\/\/rioonwatch.org.br\/?p=30120"},"modified":"2017-12-18T13:38:07","modified_gmt":"2017-12-18T16:38:07","slug":"maes-de-jovens-mortos-pela-policia-manifestam-se-no-lancamento-da-campanha-caveirao-nao","status":"publish","type":"post","link":"https:\/\/rioonwatch.org.br\/?p=30120","title":{"rendered":"M\u00e3es de Jovens Mortos pela Pol\u00edcia Manifestam-se no Lan\u00e7amento da Campanha &#8216;Caveir\u00e3o N\u00e3o!&#8217;"},"content":{"rendered":"<p style=\"text-align: right;\"><em><strong><a href=\"http:\/\/bit.ly\/2Bo39Ez\" target=\"_blank\" rel=\"noopener noreferrer\">Click Here for English<img decoding=\"async\" width=\"20\" height=\"20\" class=\"alignright wp-image-15790\" src=\"http:\/\/rioonwatch.org.br\/wp-content\/uploads\/2012\/08\/EN-standard-e1439583104716.jpg\" alt=\"\" \/><\/a><\/strong><\/em><\/p>\n<p><span style=\"font-weight: 400;\">Ativistas comunit\u00e1rios e familiares de v\u00edtimas de viol\u00eancia policial lotaram o <\/span><span style=\"font-weight: 400;\"><a href=\"http:\/\/bit.ly\/2hKr5cm\" target=\"_blank\" rel=\"noopener\">Centro do Teatro do Oprimido<\/a>\u00a0<\/span><span style=\"font-weight: 400;\">no Rio de Janeiro <\/span><span style=\"font-weight: 400;\">na <a href=\"http:\/\/bit.ly\/2AgEVs9\" target=\"_blank\" rel=\"noopener\">noite de 8 de dezembro<\/a><\/span><span style=\"font-weight: 400;\">, como parte de uma campanha comunit\u00e1ria contra as opera\u00e7\u00f5es policiais nas favelas da cidade.<\/span><\/p>\n<p><span style=\"font-weight: 400;\">A campanha, &#8220;<a href=\"http:\/\/bit.ly\/2BDkfPr\" target=\"_blank\" rel=\"noopener\">Caveir\u00e3o N\u00e3o: Favelas Pela Vida e Contra as Opera\u00e7\u00f5es<\/a>&#8220;, foi lan\u00e7ada<\/span><span style=\"font-weight: 400;\">\u00a0com tr\u00eas dias de eventos na semana passada, liderada e organizada pela <\/span><a href=\"http:\/\/bit.ly\/2qOqv0z\" target=\"_blank\" rel=\"noopener\"><span style=\"font-weight: 400;\">Rede de Comunidades e Movimentos Contra a Viol\u00eancia<\/span><\/a><span style=\"font-weight: 400;\">. Protestos, reuni\u00f5es com a imprensa, e exibi\u00e7\u00f5es de filmes chamaram a aten\u00e7\u00e3o para a <\/span><a href=\"http:\/\/bit.ly\/1i0t9Hc\" target=\"_blank\" rel=\"noopener\"><span style=\"font-weight: 400;\">viol\u00eancia policial<\/span><\/a><span style=\"font-weight: 400;\">, ressaltando o seu <\/span><a href=\"http:\/\/bit.ly\/2htikRa\" target=\"_blank\" rel=\"noopener\"><span style=\"font-weight: 400;\">impacto desproporcional sobre jovens negros no Rio<\/span><\/a><span style=\"font-weight: 400;\">.\u00a0<\/span><\/p>\n<p><a href=\"http:\/\/bit.ly\/2iUM5eH\" target=\"_blank\" rel=\"noopener\">De acordo com o F\u00f3rum Brasileiro de Seguran\u00e7a P\u00fablica<\/a>, quase 22.000 brasileiros perderam a vida em opera\u00e7\u00f5es policiais entre 2009 e 2016. Destes mortos, 99,3% eram homens, 81,8% tinham entre 12 e 19 anos de idade, e 76,2% eram negros. Apenas em 2016, houve 4.224 mortes atribu\u00eddas ao conflito com a pol\u00edcia civil e militar&#8211;25,8% a mais do que em 2015. No evento da sexta-feira, jornalista do <a href=\"http:\/\/bit.ly\/10BvARw\" target=\"_blank\" rel=\"noopener\">Complexo da Mar\u00e9<\/a> e representante da Rede Contra a Viol\u00eancia,\u00a0<a href=\"http:\/\/bit.ly\/2up4hR1\" target=\"_blank\" rel=\"noopener\">Gizele Martins<\/a>, lembrou ao p\u00fablico que &#8220;a\u00a0pauta do povo negro n\u00e3o pode ser uma pauta secund\u00e1ria&#8230; Necessita ser primordial em qualquer pauta&#8221;.<\/p>\n<p><a href=\"http:\/\/rioonwatch.org.br\/wp-content\/uploads\/2017\/12\/Caveirao-Nao-mothers-and-allie.jpg\"><img fetchpriority=\"high\" decoding=\"async\" class=\"aligncenter wp-image-30126 size-content\" title=\"Caveir\u00e3o N\u00e3o: m\u00e3es e aliados\" src=\"http:\/\/rioonwatch.org.br\/wp-content\/uploads\/2017\/12\/Caveirao-Nao-mothers-and-allie-620x264.jpg\" alt=\"\" width=\"620\" height=\"264\" srcset=\"https:\/\/rioonwatch.org.br\/wp-content\/uploads\/2017\/12\/Caveirao-Nao-mothers-and-allie-620x264.jpg 620w, https:\/\/rioonwatch.org.br\/wp-content\/uploads\/2017\/12\/Caveirao-Nao-mothers-and-allie-940x400.jpg 940w\" sizes=\"(max-width: 620px) 100vw, 620px\" \/><\/a><\/p>\n<p>\u00c9 dif\u00edcil encontrar dados sobre opera\u00e7\u00f5es policiais em favelas, mas a campanha Caveir\u00e3o N\u00e3o! espera mudar isso. Os organizadores da campanha est\u00e3o montando um dossi\u00ea documentando o n\u00fameros de opera\u00e7\u00f5es policiais nas favelas, o seu impacto local e os fundos p\u00fablicos utilizados nestas opera\u00e7\u00f5es. Gizele relatou que os integrantes da campanha come\u00e7aram a se reunir mensalmente tanto com membros das comunidades como com parceiros internacionais. &#8220;A gente quer que a campanha v\u00e1 para o mundo todo&#8221;, ela disse.<\/p>\n<p><a href=\"http:\/\/bit.ly\/29GfPqt\" target=\"_blank\" rel=\"noopener\"><span style=\"font-weight: 400;\">M\u00e3es de v\u00edtimas da viol\u00eancia policial<\/span><\/a><span style=\"font-weight: 400;\"> tamb\u00e9m falaram naquela noite, exigindo justi\u00e7a para os assassinos dos seus filhos e apoio aos moradores das favelas. Duas representantes da Rede Contra Viol\u00eancia, Ana Lucia de Oliveira e Maria Dalva Correa, ambas m\u00e3es de filhos mortos pela pol\u00edcia, lideraram a discuss\u00e3o de abertura naquele anoitecer. Michel Antonio de Oliveira da Silva, filho de Ana Lucia de Oliveira foi <\/span><a href=\"http:\/\/bit.ly\/2C4sUav\" target=\"_blank\" rel=\"noopener\"><span style=\"font-weight: 400;\">torturado e morto<\/span><\/a><span style=\"font-weight: 400;\"> pela <a href=\"http:\/\/bit.ly\/1fQqGHL\" target=\"_blank\" rel=\"noopener\">mil\u00edcia<\/a><\/span><span style=\"font-weight: 400;\">\u00a0<\/span><span style=\"font-weight: 400;\">em<\/span>\u00a0<a href=\"http:\/\/bit.ly\/2hh5d4o\" target=\"_blank\" rel=\"noopener\"><span style=\"font-weight: 400;\">Ramos<\/span><\/a> <span style=\"font-weight: 400;\">na <a href=\"http:\/\/bit.ly\/WximDf\" target=\"_blank\" rel=\"noopener\">Zona Norte<\/a><\/span><span style=\"font-weight: 400;\"> em 2008. Maria Dalva Correa perdeu o seu filho no <\/span><a href=\"http:\/\/bit.ly\/1QJlokN\" target=\"_blank\" rel=\"noopener\"><span style=\"font-weight: 400;\">Massacre do Borel em 2003<\/span><\/a><span style=\"font-weight: 400;\"> quando quatro jovens foram mortos em uma opera\u00e7\u00e3o policial na\u00a0<\/span><a href=\"http:\/\/bit.ly\/1KFTsNJ\" target=\"_blank\" rel=\"noopener\"><span style=\"font-weight: 400;\">Tijuca<\/span><\/a><span style=\"font-weight: 400;\">. Embora nenhum dos assassinos tenha sido acusado, ambas as mulheres continuam esperan\u00e7osas. &#8220;A comunidade est\u00e1 avan\u00e7ando&#8221;, disse Ana Lucia, &#8220;e vai avan\u00e7ar muito mais&#8221;.<\/span><\/p>\n<p><a href=\"http:\/\/rioonwatch.org.br\/wp-content\/uploads\/2017\/12\/Mothers-of-victims-at-Caveira\u0303o-Na\u0303o.jpg\"><img decoding=\"async\" class=\"aligncenter wp-image-30128 size-content\" title=\"Ana Lucia de Oliveira e Maria Dalva Correa\" src=\"http:\/\/rioonwatch.org.br\/wp-content\/uploads\/2017\/12\/Mothers-of-victims-at-Caveira\u0303o-Na\u0303o-620x264.jpg\" alt=\"\" width=\"620\" height=\"264\" srcset=\"https:\/\/rioonwatch.org.br\/wp-content\/uploads\/2017\/12\/Mothers-of-victims-at-Caveira\u0303o-Na\u0303o-620x264.jpg 620w, https:\/\/rioonwatch.org.br\/wp-content\/uploads\/2017\/12\/Mothers-of-victims-at-Caveira\u0303o-Na\u0303o-940x400.jpg 940w\" sizes=\"(max-width: 620px) 100vw, 620px\" \/><\/a><\/p>\n<p><span style=\"font-weight: 400;\">Em seguida, os organizadores mostraram o document\u00e1rio <\/span><em><a href=\"https:\/\/glo.bo\/2iUZ8N4\" target=\"_blank\" rel=\"noopener\"><span style=\"font-weight: 400;\">Luto Como M\u00e3e<\/span><\/a><\/em><span style=\"font-weight: 400;\">\u00a0e uma pr\u00e9via do filme a ser lan\u00e7ado <\/span><em><a href=\"http:\/\/bit.ly\/2kmgPpd\" target=\"_blank\" rel=\"noopener\"><span style=\"font-weight: 400;\">Nossos Mortos T\u00eam Voz<\/span><\/a><\/em><span style=\"font-weight: 400;\">. H\u00e1 sete anos,\u00a0<em>Luto Como M\u00e3e<\/em>\u00a0mostrou os protestos corajosos das m\u00e3es das v\u00edtimas dos massacres de <\/span><a href=\"https:\/\/glo.bo\/2jy29af\" target=\"_blank\" rel=\"noopener\"><span style=\"font-weight: 400;\">Acari<\/span><\/a><span style=\"font-weight: 400;\">, <\/span><a href=\"https:\/\/glo.bo\/2BC7dl7\" target=\"_blank\" rel=\"noopener\"><span style=\"font-weight: 400;\">Via Show<\/span><\/a><span style=\"font-weight: 400;\">, e <\/span><a href=\"http:\/\/bit.ly\/2AafrMT\" target=\"_blank\" rel=\"noopener\"><span style=\"font-weight: 400;\">Baixada Fluminense<\/span><\/a><span style=\"font-weight: 400;\"> em 1990, 2003 e 2005, respectivamente. Agora, Fernando Sousa e Gabriel Barbosa, diretores do\u00a0<em>Nossos Mortos T\u00eam Voz\u00a0<\/em>esperam contribuir com a luta cont\u00ednua contra a impunidade policial. Produzido pelo\u00a0<\/span><a href=\"http:\/\/bit.ly\/2kq9NzQ\" target=\"_blank\" rel=\"noopener\"><span style=\"font-weight: 400;\">Quiproc\u00f3 Filmes<\/span><\/a><span style=\"font-weight: 400;\"> em parceria com o <\/span><a href=\"http:\/\/bit.ly\/2vsUzij\" target=\"_blank\" rel=\"noopener\"><span style=\"font-weight: 400;\">F\u00f3rum Grita Baixada<\/span><\/a><span style=\"font-weight: 400;\">, o <\/span><a href=\"http:\/\/bit.ly\/2o9Uc8b\" target=\"_blank\" rel=\"noopener\"><span style=\"font-weight: 400;\">Centro dos Direitos Humanos da Diocese de Nova Igua\u00e7u<\/span><\/a><span style=\"font-weight: 400;\">, e <\/span><a href=\"http:\/\/bit.ly\/2B1WY6u\" target=\"_blank\" rel=\"noopener\"><span style=\"font-weight: 400;\">Misereor<\/span><\/a><span style=\"font-weight: 400;\">, o document\u00e1rio retorna \u00e0 regi\u00e3o da Baixada Fluminense, no Grande Rio, para acompanhar a luta de seis mulheres que buscam justi\u00e7a para os seus filhos e irm\u00e3os.<\/span><\/p>\n<p><iframe title=\"Nossos Mortos T\u00eam Voz | Trailer\" width=\"500\" height=\"281\" src=\"https:\/\/www.youtube.com\/embed\/nsVFbAtgl1M?feature=oembed\" frameborder=\"0\" allow=\"accelerometer; autoplay; clipboard-write; encrypted-media; gyroscope; picture-in-picture; web-share\" referrerpolicy=\"strict-origin-when-cross-origin\" allowfullscreen><\/iframe><\/p>\n<p><span style=\"font-weight: 400;\">Uma das protagonistas do filme, Joanna D&#8217;Arc Mendes, esteve presente na noite de sexta-feira. Joanna perdeu o seu filho mais novo, Fl\u00e1vio Mendes Pontes, em mar\u00e7o de 2004. Ap\u00f3s treze anos, ela conta a hist\u00f3ria como se fosse ontem: &#8220;Tr\u00eas policiais invadiram a minha casa dizendo que receberam uma den\u00fancia an\u00f4nima que a gente estava guardando drogas dentro da casa. Revisaram tudo e n\u00e3o acharam nada&#8230; Tiraram meu filho dos meus bra\u00e7os e atiraram nele na rua&#8221;. Um dos policiais envolvidos teve as acusa\u00e7\u00f5es anuladas, enquanto os outros dois <\/span><a href=\"https:\/\/glo.bo\/2z2dSCK\" target=\"_blank\" rel=\"noopener\"><span style=\"font-weight: 400;\">iriam participar do massacre na Baixada em 2005<\/span><\/a>&#8211;a\u00a0<a href=\"https:\/\/glo.bo\/2knMeYj\" target=\"_blank\" rel=\"noopener\"><span style=\"font-weight: 400;\">mais sangrento da hist\u00f3ria<\/span><\/a><span style=\"font-weight: 400;\"> do Rio de Janeiro.<\/span><\/p>\n<p><span style=\"font-weight: 400;\">Joanna, Ana Lucia, Maria Dalva, e todas as outras mulheres que continuam a protestar pelos entes queridos que perderam s\u00e3o destemidas. Todas elas<\/span><span style=\"font-weight: 400;\">&#8212;<\/span><span style=\"font-weight: 400;\">apesar do <\/span><a href=\"http:\/\/bit.ly\/2jTRAbr\" target=\"_blank\" rel=\"noopener\"><span style=\"font-weight: 400;\">trauma psicol\u00f3gico, sa\u00fade em decl\u00ednio<\/span><\/a>\u00a0<span style=\"font-weight: 400;\">e<\/span><span style=\"font-weight: 400;\">\u00a0at\u00e9 amea\u00e7as de morte&#8211;<\/span><span style=\"font-weight: 400;\">continuam a buscar por justi\u00e7a face \u00e0 impunidade desenfreada. Com o apoio de cineastas, de organiza\u00e7\u00f5es comunit\u00e1rias e de parceiros internacionais, elas podem ainda encontrar consolo. No entanto, h\u00e1 algo que est\u00e1 claro. Elas n\u00e3o ir\u00e3o parar. &#8220;Temos que lutar&#8221;, disse Ana Lucia. &#8220;N\u00e3o podemos desistir. Jamais podemos recuar.&#8221;<\/span><\/p>\n<!-- AddThis Advanced Settings generic via filter on the_content --><!-- AddThis Share Buttons generic via filter on the_content -->","protected":false},"excerpt":{"rendered":"<div class=\"mh-excerpt\"><p>Click Here for English Ativistas comunit\u00e1rios e familiares de v\u00edtimas de viol\u00eancia policial lotaram o Centro do Teatro do Oprimido\u00a0no Rio de Janeiro na noite de 8 de dezembro, como parte de uma campanha comunit\u00e1ria <a class=\"mh-excerpt-more\" href=\"https:\/\/rioonwatch.org.br\/?p=30120\" title=\"M\u00e3es de Jovens Mortos pela Pol\u00edcia Manifestam-se no Lan\u00e7amento da Campanha &#8216;Caveir\u00e3o N\u00e3o!&#8217;\">[&#8230;]<\/a><!-- AddThis Advanced Settings generic via filter on get_the_excerpt --><!-- AddThis Share Buttons generic via filter on get_the_excerpt --><\/p>\n<\/div>","protected":false},"author":129,"featured_media":30123,"comment_status":"closed","ping_status":"closed","sticky":false,"template":"","format":"standard","meta":{"_acf_changed":false,"_monsterinsights_skip_tracking":false,"_monsterinsights_sitenote_active":false,"_monsterinsights_sitenote_note":"","_monsterinsights_sitenote_category":0,"footnotes":""},"categories":[1621,1627,346,1626,344,1612],"tags":[592,959,704,332,88,1368,2255,1372,1151,961,763,2011,283,432,672,2055,920,52,1144],"writer":[2249],"translator":[1875],"source":[],"ilustrador":[],"fotografo":[],"class_list":{"0":"post-30120","1":"post","2":"type-post","3":"status-publish","4":"format-standard","5":"has-post-thumbnail","7":"category-destaque","8":"category-relato-de-evento","9":"category-denuncias","10":"category-por-observadores-internacionais","11":"category-politicas","12":"category-sociedade-civil","13":"tag-acari","14":"tag-baixada-fluminense","15":"tag-borel","16":"tag-complexo-da-mare","17":"tag-direitos-humanos","18":"tag-filme","19":"tag-forum-brasileiro-de-seguranca-publica","20":"tag-grande-rio","21":"tag-organizacao","22":"tag-nova-iguacu","23":"tag-protesto","24":"tag-ramos","25":"tag-rede-contra-violencia","26":"tag-resistencia","27":"tag-seguranca-publica","28":"tag-teatro-do-oprimido","29":"tag-violencia-de-estado","30":"tag-violencia-policial","31":"tag-violencia-urbana","32":"writer-edmund-ruge","33":"translator-marina-hennies"},"acf":[],"yoast_head":"<!-- This site is optimized with the Yoast SEO plugin v25.6 - https:\/\/yoast.com\/wordpress\/plugins\/seo\/ -->\n<title>M\u00e3es de Jovens Mortos pela Pol\u00edcia Manifestam-se no Lan\u00e7amento da Campanha &#039;Caveir\u00e3o N\u00e3o!&#039; - RioOnWatch<\/title>\n<meta name=\"robots\" content=\"index, follow, max-snippet:-1, max-image-preview:large, max-video-preview:-1\" \/>\n<link rel=\"canonical\" href=\"https:\/\/rioonwatch.org.br\/?p=30120\" \/>\n<meta property=\"og:locale\" content=\"pt_BR\" \/>\n<meta property=\"og:type\" content=\"article\" \/>\n<meta property=\"og:title\" content=\"M\u00e3es de Jovens Mortos pela Pol\u00edcia Manifestam-se no Lan\u00e7amento da Campanha &#039;Caveir\u00e3o N\u00e3o!&#039; - RioOnWatch\" \/>\n<meta property=\"og:description\" content=\"Click Here for English Ativistas comunit\u00e1rios e familiares de v\u00edtimas de viol\u00eancia policial lotaram o Centro do Teatro do Oprimido\u00a0no Rio de Janeiro na noite de 8 de dezembro, como parte de uma campanha comunit\u00e1ria [...]\" \/>\n<meta property=\"og:url\" content=\"https:\/\/rioonwatch.org.br\/?p=30120\" \/>\n<meta property=\"og:site_name\" content=\"RioOnWatch\" \/>\n<meta property=\"article:published_time\" content=\"2017-12-15T14:19:44+00:00\" \/>\n<meta property=\"article:modified_time\" content=\"2017-12-18T16:38:07+00:00\" \/>\n<meta property=\"og:image\" content=\"https:\/\/rioonwatch.org.br\/wp-content\/uploads\/2017\/12\/caveirao.jpg\" \/>\n\t<meta property=\"og:image:width\" content=\"768\" \/>\n\t<meta property=\"og:image:height\" content=\"372\" \/>\n\t<meta property=\"og:image:type\" content=\"image\/jpeg\" \/>\n<meta name=\"author\" content=\"Admin\" \/>\n<meta name=\"twitter:card\" content=\"summary_large_image\" \/>\n<meta name=\"twitter:label1\" content=\"Escrito por\" \/>\n\t<meta name=\"twitter:data1\" content=\"Admin\" \/>\n\t<meta name=\"twitter:label2\" content=\"Est. tempo de leitura\" \/>\n\t<meta name=\"twitter:data2\" content=\"4 minutos\" \/>\n<script type=\"application\/ld+json\" class=\"yoast-schema-graph\">{\"@context\":\"https:\/\/schema.org\",\"@graph\":[{\"@type\":\"Article\",\"@id\":\"https:\/\/rioonwatch.org.br\/?p=30120#article\",\"isPartOf\":{\"@id\":\"https:\/\/rioonwatch.org.br\/?p=30120\"},\"author\":{\"name\":\"Admin\",\"@id\":\"https:\/\/rioonwatch.org.br\/#\/schema\/person\/11d64c290506f9df50c71b850c473f68\"},\"headline\":\"M\u00e3es de Jovens Mortos pela Pol\u00edcia Manifestam-se no Lan\u00e7amento da Campanha &#8216;Caveir\u00e3o N\u00e3o!&#8217;\",\"datePublished\":\"2017-12-15T14:19:44+00:00\",\"dateModified\":\"2017-12-18T16:38:07+00:00\",\"mainEntityOfPage\":{\"@id\":\"https:\/\/rioonwatch.org.br\/?p=30120\"},\"wordCount\":812,\"publisher\":{\"@id\":\"https:\/\/rioonwatch.org.br\/#organization\"},\"image\":{\"@id\":\"https:\/\/rioonwatch.org.br\/?p=30120#primaryimage\"},\"thumbnailUrl\":\"https:\/\/rioonwatch.org.br\/wp-content\/uploads\/2017\/12\/caveirao.jpg\",\"keywords\":[\"Acari\",\"Baixada Fluminense\",\"Borel\",\"Complexo da Mar\u00e9\",\"Direitos Humanos\",\"filme\",\"F\u00f3rum Brasileiro de Seguran\u00e7a P\u00fablica\",\"Grande Rio\",\"mobiliza\u00e7\u00e3o\",\"Nova Igua\u00e7u\",\"protesto\",\"Ramos\",\"Rede Contra Viol\u00eancia\",\"resist\u00eancia\",\"seguran\u00e7a p\u00fablica\",\"Teatro do Oprimido\",\"viol\u00eancia de Estado\",\"viol\u00eancia policial\",\"viol\u00eancia urbana\"],\"articleSection\":[\"*Destaque\",\"Cobertura de Eventos\",\"Den\u00fancias\",\"Escrito por Aliados\",\"Pol\u00edticas\",\"Sociedade Civil\"],\"inLanguage\":\"pt-BR\"},{\"@type\":\"WebPage\",\"@id\":\"https:\/\/rioonwatch.org.br\/?p=30120\",\"url\":\"https:\/\/rioonwatch.org.br\/?p=30120\",\"name\":\"M\u00e3es de Jovens Mortos pela Pol\u00edcia Manifestam-se no Lan\u00e7amento da Campanha 'Caveir\u00e3o N\u00e3o!' - RioOnWatch\",\"isPartOf\":{\"@id\":\"https:\/\/rioonwatch.org.br\/#website\"},\"primaryImageOfPage\":{\"@id\":\"https:\/\/rioonwatch.org.br\/?p=30120#primaryimage\"},\"image\":{\"@id\":\"https:\/\/rioonwatch.org.br\/?p=30120#primaryimage\"},\"thumbnailUrl\":\"https:\/\/rioonwatch.org.br\/wp-content\/uploads\/2017\/12\/caveirao.jpg\",\"datePublished\":\"2017-12-15T14:19:44+00:00\",\"dateModified\":\"2017-12-18T16:38:07+00:00\",\"breadcrumb\":{\"@id\":\"https:\/\/rioonwatch.org.br\/?p=30120#breadcrumb\"},\"inLanguage\":\"pt-BR\",\"potentialAction\":[{\"@type\":\"ReadAction\",\"target\":[\"https:\/\/rioonwatch.org.br\/?p=30120\"]}]},{\"@type\":\"ImageObject\",\"inLanguage\":\"pt-BR\",\"@id\":\"https:\/\/rioonwatch.org.br\/?p=30120#primaryimage\",\"url\":\"https:\/\/rioonwatch.org.br\/wp-content\/uploads\/2017\/12\/caveirao.jpg\",\"contentUrl\":\"https:\/\/rioonwatch.org.br\/wp-content\/uploads\/2017\/12\/caveirao.jpg\",\"width\":768,\"height\":372},{\"@type\":\"BreadcrumbList\",\"@id\":\"https:\/\/rioonwatch.org.br\/?p=30120#breadcrumb\",\"itemListElement\":[{\"@type\":\"ListItem\",\"position\":1,\"name\":\"In\u00edcio\",\"item\":\"https:\/\/rioonwatch.org.br\/\"},{\"@type\":\"ListItem\",\"position\":2,\"name\":\"M\u00e3es de Jovens Mortos pela Pol\u00edcia Manifestam-se no Lan\u00e7amento da Campanha &#8216;Caveir\u00e3o N\u00e3o!&#8217;\"}]},{\"@type\":\"WebSite\",\"@id\":\"https:\/\/rioonwatch.org.br\/#website\",\"url\":\"https:\/\/rioonwatch.org.br\/\",\"name\":\"RioOnWatch\",\"description\":\"relatos das favelas cariocas\",\"publisher\":{\"@id\":\"https:\/\/rioonwatch.org.br\/#organization\"},\"potentialAction\":[{\"@type\":\"SearchAction\",\"target\":{\"@type\":\"EntryPoint\",\"urlTemplate\":\"https:\/\/rioonwatch.org.br\/?s={search_term_string}\"},\"query-input\":{\"@type\":\"PropertyValueSpecification\",\"valueRequired\":true,\"valueName\":\"search_term_string\"}}],\"inLanguage\":\"pt-BR\"},{\"@type\":\"Organization\",\"@id\":\"https:\/\/rioonwatch.org.br\/#organization\",\"name\":\"RioOnWatch\",\"url\":\"https:\/\/rioonwatch.org.br\/\",\"logo\":{\"@type\":\"ImageObject\",\"inLanguage\":\"pt-BR\",\"@id\":\"https:\/\/rioonwatch.org.br\/#\/schema\/logo\/image\/\",\"url\":\"https:\/\/rioonwatch.org.br\/wp-content\/uploads\/2021\/06\/RioOnWatchcabecalhoPT11anos-2.png\",\"contentUrl\":\"https:\/\/rioonwatch.org.br\/wp-content\/uploads\/2021\/06\/RioOnWatchcabecalhoPT11anos-2.png\",\"width\":779,\"height\":277,\"caption\":\"RioOnWatch\"},\"image\":{\"@id\":\"https:\/\/rioonwatch.org.br\/#\/schema\/logo\/image\/\"}},{\"@type\":\"Person\",\"@id\":\"https:\/\/rioonwatch.org.br\/#\/schema\/person\/11d64c290506f9df50c71b850c473f68\",\"name\":\"Admin\",\"image\":{\"@type\":\"ImageObject\",\"inLanguage\":\"pt-BR\",\"@id\":\"https:\/\/rioonwatch.org.br\/#\/schema\/person\/image\/\",\"url\":\"https:\/\/secure.gravatar.com\/avatar\/56211ac74568383903349a1485e3c325?s=96&d=blank&r=g\",\"contentUrl\":\"https:\/\/secure.gravatar.com\/avatar\/56211ac74568383903349a1485e3c325?s=96&d=blank&r=g\",\"caption\":\"Admin\"},\"url\":\"https:\/\/rioonwatch.org.br\/?author=129\"}]}<\/script>\n<!-- \/ Yoast SEO plugin. -->","yoast_head_json":{"title":"M\u00e3es de Jovens Mortos pela Pol\u00edcia Manifestam-se no Lan\u00e7amento da Campanha 'Caveir\u00e3o N\u00e3o!' - RioOnWatch","robots":{"index":"index","follow":"follow","max-snippet":"max-snippet:-1","max-image-preview":"max-image-preview:large","max-video-preview":"max-video-preview:-1"},"canonical":"https:\/\/rioonwatch.org.br\/?p=30120","og_locale":"pt_BR","og_type":"article","og_title":"M\u00e3es de Jovens Mortos pela Pol\u00edcia Manifestam-se no Lan\u00e7amento da Campanha 'Caveir\u00e3o N\u00e3o!' - RioOnWatch","og_description":"Click Here for English Ativistas comunit\u00e1rios e familiares de v\u00edtimas de viol\u00eancia policial lotaram o Centro do Teatro do Oprimido\u00a0no Rio de Janeiro na noite de 8 de dezembro, como parte de uma campanha comunit\u00e1ria [...]","og_url":"https:\/\/rioonwatch.org.br\/?p=30120","og_site_name":"RioOnWatch","article_published_time":"2017-12-15T14:19:44+00:00","article_modified_time":"2017-12-18T16:38:07+00:00","og_image":[{"width":768,"height":372,"url":"https:\/\/rioonwatch.org.br\/wp-content\/uploads\/2017\/12\/caveirao.jpg","type":"image\/jpeg"}],"author":"Admin","twitter_card":"summary_large_image","twitter_misc":{"Escrito por":"Admin","Est. tempo de leitura":"4 minutos"},"schema":{"@context":"https:\/\/schema.org","@graph":[{"@type":"Article","@id":"https:\/\/rioonwatch.org.br\/?p=30120#article","isPartOf":{"@id":"https:\/\/rioonwatch.org.br\/?p=30120"},"author":{"name":"Admin","@id":"https:\/\/rioonwatch.org.br\/#\/schema\/person\/11d64c290506f9df50c71b850c473f68"},"headline":"M\u00e3es de Jovens Mortos pela Pol\u00edcia Manifestam-se no Lan\u00e7amento da Campanha &#8216;Caveir\u00e3o N\u00e3o!&#8217;","datePublished":"2017-12-15T14:19:44+00:00","dateModified":"2017-12-18T16:38:07+00:00","mainEntityOfPage":{"@id":"https:\/\/rioonwatch.org.br\/?p=30120"},"wordCount":812,"publisher":{"@id":"https:\/\/rioonwatch.org.br\/#organization"},"image":{"@id":"https:\/\/rioonwatch.org.br\/?p=30120#primaryimage"},"thumbnailUrl":"https:\/\/rioonwatch.org.br\/wp-content\/uploads\/2017\/12\/caveirao.jpg","keywords":["Acari","Baixada Fluminense","Borel","Complexo da Mar\u00e9","Direitos Humanos","filme","F\u00f3rum Brasileiro de Seguran\u00e7a P\u00fablica","Grande Rio","mobiliza\u00e7\u00e3o","Nova Igua\u00e7u","protesto","Ramos","Rede Contra Viol\u00eancia","resist\u00eancia","seguran\u00e7a p\u00fablica","Teatro do Oprimido","viol\u00eancia de Estado","viol\u00eancia policial","viol\u00eancia urbana"],"articleSection":["*Destaque","Cobertura de Eventos","Den\u00fancias","Escrito por Aliados","Pol\u00edticas","Sociedade Civil"],"inLanguage":"pt-BR"},{"@type":"WebPage","@id":"https:\/\/rioonwatch.org.br\/?p=30120","url":"https:\/\/rioonwatch.org.br\/?p=30120","name":"M\u00e3es de Jovens Mortos pela Pol\u00edcia Manifestam-se no Lan\u00e7amento da Campanha 'Caveir\u00e3o N\u00e3o!' - RioOnWatch","isPartOf":{"@id":"https:\/\/rioonwatch.org.br\/#website"},"primaryImageOfPage":{"@id":"https:\/\/rioonwatch.org.br\/?p=30120#primaryimage"},"image":{"@id":"https:\/\/rioonwatch.org.br\/?p=30120#primaryimage"},"thumbnailUrl":"https:\/\/rioonwatch.org.br\/wp-content\/uploads\/2017\/12\/caveirao.jpg","datePublished":"2017-12-15T14:19:44+00:00","dateModified":"2017-12-18T16:38:07+00:00","breadcrumb":{"@id":"https:\/\/rioonwatch.org.br\/?p=30120#breadcrumb"},"inLanguage":"pt-BR","potentialAction":[{"@type":"ReadAction","target":["https:\/\/rioonwatch.org.br\/?p=30120"]}]},{"@type":"ImageObject","inLanguage":"pt-BR","@id":"https:\/\/rioonwatch.org.br\/?p=30120#primaryimage","url":"https:\/\/rioonwatch.org.br\/wp-content\/uploads\/2017\/12\/caveirao.jpg","contentUrl":"https:\/\/rioonwatch.org.br\/wp-content\/uploads\/2017\/12\/caveirao.jpg","width":768,"height":372},{"@type":"BreadcrumbList","@id":"https:\/\/rioonwatch.org.br\/?p=30120#breadcrumb","itemListElement":[{"@type":"ListItem","position":1,"name":"In\u00edcio","item":"https:\/\/rioonwatch.org.br\/"},{"@type":"ListItem","position":2,"name":"M\u00e3es de Jovens Mortos pela Pol\u00edcia Manifestam-se no Lan\u00e7amento da Campanha &#8216;Caveir\u00e3o N\u00e3o!&#8217;"}]},{"@type":"WebSite","@id":"https:\/\/rioonwatch.org.br\/#website","url":"https:\/\/rioonwatch.org.br\/","name":"RioOnWatch","description":"relatos das favelas cariocas","publisher":{"@id":"https:\/\/rioonwatch.org.br\/#organization"},"potentialAction":[{"@type":"SearchAction","target":{"@type":"EntryPoint","urlTemplate":"https:\/\/rioonwatch.org.br\/?s={search_term_string}"},"query-input":{"@type":"PropertyValueSpecification","valueRequired":true,"valueName":"search_term_string"}}],"inLanguage":"pt-BR"},{"@type":"Organization","@id":"https:\/\/rioonwatch.org.br\/#organization","name":"RioOnWatch","url":"https:\/\/rioonwatch.org.br\/","logo":{"@type":"ImageObject","inLanguage":"pt-BR","@id":"https:\/\/rioonwatch.org.br\/#\/schema\/logo\/image\/","url":"https:\/\/rioonwatch.org.br\/wp-content\/uploads\/2021\/06\/RioOnWatchcabecalhoPT11anos-2.png","contentUrl":"https:\/\/rioonwatch.org.br\/wp-content\/uploads\/2021\/06\/RioOnWatchcabecalhoPT11anos-2.png","width":779,"height":277,"caption":"RioOnWatch"},"image":{"@id":"https:\/\/rioonwatch.org.br\/#\/schema\/logo\/image\/"}},{"@type":"Person","@id":"https:\/\/rioonwatch.org.br\/#\/schema\/person\/11d64c290506f9df50c71b850c473f68","name":"Admin","image":{"@type":"ImageObject","inLanguage":"pt-BR","@id":"https:\/\/rioonwatch.org.br\/#\/schema\/person\/image\/","url":"https:\/\/secure.gravatar.com\/avatar\/56211ac74568383903349a1485e3c325?s=96&d=blank&r=g","contentUrl":"https:\/\/secure.gravatar.com\/avatar\/56211ac74568383903349a1485e3c325?s=96&d=blank&r=g","caption":"Admin"},"url":"https:\/\/rioonwatch.org.br\/?author=129"}]}},"_links":{"self":[{"href":"https:\/\/rioonwatch.org.br\/index.php?rest_route=\/wp\/v2\/posts\/30120"}],"collection":[{"href":"https:\/\/rioonwatch.org.br\/index.php?rest_route=\/wp\/v2\/posts"}],"about":[{"href":"https:\/\/rioonwatch.org.br\/index.php?rest_route=\/wp\/v2\/types\/post"}],"author":[{"embeddable":true,"href":"https:\/\/rioonwatch.org.br\/index.php?rest_route=\/wp\/v2\/users\/129"}],"replies":[{"embeddable":true,"href":"https:\/\/rioonwatch.org.br\/index.php?rest_route=%2Fwp%2Fv2%2Fcomments&post=30120"}],"version-history":[{"count":14,"href":"https:\/\/rioonwatch.org.br\/index.php?rest_route=\/wp\/v2\/posts\/30120\/revisions"}],"predecessor-version":[{"id":30148,"href":"https:\/\/rioonwatch.org.br\/index.php?rest_route=\/wp\/v2\/posts\/30120\/revisions\/30148"}],"wp:featuredmedia":[{"embeddable":true,"href":"https:\/\/rioonwatch.org.br\/index.php?rest_route=\/wp\/v2\/media\/30123"}],"wp:attachment":[{"href":"https:\/\/rioonwatch.org.br\/index.php?rest_route=%2Fwp%2Fv2%2Fmedia&parent=30120"}],"wp:term":[{"taxonomy":"category","embeddable":true,"href":"https:\/\/rioonwatch.org.br\/index.php?rest_route=%2Fwp%2Fv2%2Fcategories&post=30120"},{"taxonomy":"post_tag","embeddable":true,"href":"https:\/\/rioonwatch.org.br\/index.php?rest_route=%2Fwp%2Fv2%2Ftags&post=30120"},{"taxonomy":"writer","embeddable":true,"href":"https:\/\/rioonwatch.org.br\/index.php?rest_route=%2Fwp%2Fv2%2Fwriter&post=30120"},{"taxonomy":"translator","embeddable":true,"href":"https:\/\/rioonwatch.org.br\/index.php?rest_route=%2Fwp%2Fv2%2Ftranslator&post=30120"},{"taxonomy":"source","embeddable":true,"href":"https:\/\/rioonwatch.org.br\/index.php?rest_route=%2Fwp%2Fv2%2Fsource&post=30120"},{"taxonomy":"ilustrador","embeddable":true,"href":"https:\/\/rioonwatch.org.br\/index.php?rest_route=%2Fwp%2Fv2%2Filustrador&post=30120"},{"taxonomy":"fotografo","embeddable":true,"href":"https:\/\/rioonwatch.org.br\/index.php?rest_route=%2Fwp%2Fv2%2Ffotografo&post=30120"}],"curies":[{"name":"wp","href":"https:\/\/api.w.org\/{rel}","templated":true}]}}