{"id":30215,"date":"2018-01-05T15:03:29","date_gmt":"2018-01-05T18:03:29","guid":{"rendered":"http:\/\/rioonwatch.org.br\/?p=30215"},"modified":"2018-08-07T14:46:24","modified_gmt":"2018-08-07T17:46:24","slug":"poder-do-povo-no-porto-rico-como-uma-favela-no-centro-de-san-juan-escapou-da-gentrificacao","status":"publish","type":"post","link":"https:\/\/rioonwatch.org.br\/?p=30215","title":{"rendered":"Poder do Povo no Porto Rico: Como Uma Favela no Centro de San Juan Escapou da Gentrifica\u00e7\u00e3o"},"content":{"rendered":"<p style=\"text-align: right;\"><em><strong><a href=\"http:\/\/bit.ly\/2qbzmqo\" target=\"_blank\" rel=\"noopener noreferrer\">Click Here for English<img decoding=\"async\" width=\"20\" height=\"20\" class=\"alignright wp-image-15790\" src=\"http:\/\/rioonwatch.org.br\/wp-content\/uploads\/2012\/08\/EN-standard-e1439583104716.jpg\" alt=\"\" \/><\/a><\/strong><\/em><\/p>\n<p><em>Leia\u00a0a mat\u00e9ria original por\u00a0Maritza Stanchich\u00a0em ingl\u00eas no The Guardian\u00a0<a href=\"http:\/\/bit.ly\/2qbzmqo\" target=\"_blank\" rel=\"noopener\">aqui<\/a>.\u00a0O RioOnWatch traduz mat\u00e9rias do ingl\u00eas para que brasileiros possam ter acesso e acompanhar\u00a0temas ou an\u00e1lises cobertos fora do pa\u00eds que nem sempre s\u00e3o cobertos no Brasil. Mat\u00e9ria atualizada em termos de datas apresentadas para refletir eventos que passaram desde sua publica\u00e7\u00e3o original em ingl\u00eas.<\/em><\/p>\n<p>Como desenvolver uma comunidade sem fazer subir os pre\u00e7os da terra? Moradores ao longo de um canal polu\u00eddo em San Juan formaram um<strong>\u00a0<\/strong><a href=\"http:\/\/bit.ly\/1mig1hx\" target=\"_blank\" rel=\"noopener\">Termo Territorial Coletivo<\/a>* (Community Land Trust, ou CLT, na sigla em ingl\u00eas) para ajudar a salvar suas casas, bem como o meio ambiente.<\/p>\n<p><span style=\"font-weight: 400;\">Durante anos, uma mensagem de grafite tem aparecido por toda San Juan, capital de <a href=\"http:\/\/bit.ly\/2D2Z06S\" target=\"_blank\" rel=\"noopener\">Porto Rico<\/a>, como uma demanda urgente: <\/span><i><span style=\"font-weight: 400;\">Dragado ya!<\/span><\/i><span style=\"font-weight: 400;\"> (que significa &#8220;dragagem agora!&#8221;).<\/span><\/p>\n<p><span style=\"font-weight: 400;\">Mesmo os transeuntes que nunca pisaram nos oitos <em>barrios<\/em>\u00a0(comunidades) que comp\u00f5em a favela Canal Mart\u00edn Pe\u00f1a&#8211;um grande assentamento informal ao longo de 6 km do canal no centro da cidade&#8211;sabem que a mensagem aponta para a extrema necessidade de dragar a via naveg\u00e1vel, que se tornou t\u00e3o entupida com lixo que quem dirige com as janelas abertas pr\u00f3ximo ao local pode sentir imediatamente o cheiro das \u00e1guas estagnadas.<\/span><\/p>\n<p><span style=\"font-weight: 400;\">Esta \u00e1rea anteriormente negligenciada foi originalmente estabelecida em zonas de manguezais e n\u00e3o possui sistemas adequados de drenagem de \u00e1gua, de modo que mesmo temporais moderados causavam inunda\u00e7\u00f5es e entupimentos no esgoto, causando problemas de sa\u00fade e ambientais para seus 26 mil habitantes.<\/span><\/p>\n<p><span style=\"font-weight: 400;\">Desesperados para aliviar esses problemas, a comunidade local come\u00e7ou a se organizar para exigir a dragagem do canal, mas temia o aumento dos valores da terra e o deslocamento de fam\u00edlias que essa melhoria nestas comunidades tende a trazer.<\/span><\/p>\n<p><span style=\"font-weight: 400;\">Moradores passaram dois anos elaborando coletivamente planos para a futuro da \u00e1rea, criando um plano formal de desenvolvimento e uso do solo que foi adotado pelo conselho de planejamento de Porto Rico. Com a ajuda do apoio do governo nacional e municipal, moradores locais e as organiza\u00e7\u00f5es criaram um <a href=\"http:\/\/bit.ly\/2CznhQY\" target=\"_blank\" rel=\"noopener\">projeto colaborativo chamado Enlace<\/a> para ajudar a implementar o plano para melhorar o canal e suas comunidades adjacentes de forma inclusiva.<\/span><\/p>\n<p><span style=\"font-weight: 400;\">Uma parte crucial envolveu o <a href=\"http:\/\/bit.ly\/2sDUcQj\" target=\"_blank\" rel=\"noopener\">estabelecimento de um CLT<\/a>, para proteger os moradores da <a href=\"http:\/\/bit.ly\/184FqS4\" target=\"_blank\" rel=\"noopener\">gentrifica\u00e7\u00e3o<\/a> atrav\u00e9s da propriedade coletiva da terra. 2.000 fam\u00edlias do El Ca\u00f1o&#8211;como a \u00e1rea \u00e9 conhecida localmente&#8211;agora possuem coletivamente 200 acres (80.9372 m2) de terras\u00a0<a href=\"http:\/\/bit.ly\/2jOtulR\" target=\"_blank\" rel=\"noopener\">que n\u00e3o podem ser vendidas<\/a>\u00a0[por\u00e9m as fam\u00edlias do CLT s\u00e3o donas integrais e t\u00eam o direito de vender suas <em>casas<\/em> sobre essas terras].<\/span><\/p>\n<p><span style=\"font-weight: 400;\">Como parte mais ampla do projeto Enlace, os <a href=\"http:\/\/bit.ly\/1rOePGu\" target=\"_blank\" rel=\"noopener\">moradores est\u00e3o envolvidos na tomada de decis\u00f5es<\/a> em rela\u00e7\u00e3o a transforma\u00e7\u00e3o social e ambiental de sua \u00e1rea, e podem se sentir mais seguros quanto ao seu futuro como propriet\u00e1rios de terras.<\/span><\/p>\n<p><span style=\"font-weight: 400;\">A participa\u00e7\u00e3o cidad\u00e3 e a consci\u00eancia cr\u00edtica foram fomentadas atrav\u00e9s de v\u00e1rios programas: abordagem e desenvolvimento da justi\u00e7a ambiental, <a href=\"http:\/\/bit.ly\/1WEkeyX\" target=\"_blank\" rel=\"noopener\">habita\u00e7\u00e3o a pre\u00e7os acess\u00edveis<\/a>, seguran\u00e7a alimentar, preven\u00e7\u00e3o \u00e0 viol\u00eancia, empreendedorismo local, lideran\u00e7a juvenil e alfabetiza\u00e7\u00e3o de adultos.<\/span><\/p>\n<figure id=\"img-2\" class=\"element element-image img--landscape fig--narrow-caption fig--has-shares \" data-component=\"image\" data-media-id=\"929eba0aef828b3f044213df74a089cb356c0e2e\">\n<div class=\"u-responsive-ratio\">\n<figure id=\"attachment_30233\" aria-describedby=\"caption-attachment-30233\" style=\"width: 620px\" class=\"wp-caption aligncenter\"><a href=\"http:\/\/rioonwatch.org.br\/wp-content\/uploads\/2017\/12\/3412.jpg\"><img fetchpriority=\"high\" decoding=\"async\" class=\"wp-image-30233 size-medium\" title=\"A comunidade Canal Mart\u00edn Pe\u00f1a de San Juan antes do projeto Enlace. Fotografia: Stephanie Maze \/ National Geographic \/ Getty Images\" src=\"http:\/\/rioonwatch.org.br\/wp-content\/uploads\/2017\/12\/3412-620x371.jpg\" alt=\"\" width=\"620\" height=\"371\" srcset=\"https:\/\/rioonwatch.org.br\/wp-content\/uploads\/2017\/12\/3412-620x371.jpg 620w, https:\/\/rioonwatch.org.br\/wp-content\/uploads\/2017\/12\/3412-441x264.jpg 441w, https:\/\/rioonwatch.org.br\/wp-content\/uploads\/2017\/12\/3412-768x460.jpg 768w, https:\/\/rioonwatch.org.br\/wp-content\/uploads\/2017\/12\/3412-1024x614.jpg 1024w, https:\/\/rioonwatch.org.br\/wp-content\/uploads\/2017\/12\/3412.jpg 1225w\" sizes=\"(max-width: 620px) 100vw, 620px\" \/><\/a><figcaption id=\"caption-attachment-30233\" class=\"wp-caption-text\">A comunidade Canal Mart\u00edn Pe\u00f1a de San Juan antes do projeto Enlace. Fotografia: Stephanie Maze \/ National Geographic \/ Getty Images<\/figcaption><\/figure>\n<\/div>\n<\/figure>\n<p><span style=\"font-weight: 400;\">Os la\u00e7os comunit\u00e1rios s\u00e3o evidentes no momento em que voc\u00ea pisa o p\u00e9 na comunidade. Em uma tarde recente, a moradora Carmen Febres aproximou seu carro a dois adolescentes, que estavam andando de bicicleta, e perguntou se eles tinham ido bem na escola naquele dia. &#8220;Sim&#8221;, assentiram os meninos com defer\u00eancia. Ela fez um gesto para eles com os dedos, &#8220;eu estou de olho em voc\u00eas!&#8221; Enquanto eles pedalavam, e pareciam gostar de sua aten\u00e7\u00e3o admoestadora.<\/span><\/p>\n<p><span style=\"font-weight: 400;\">Como\u00a0 parte da lideran\u00e7a, Carmen \u00e9 presidente do G8, uma organiza\u00e7\u00e3o central das oito comunidades, que opera sob um pluralismo que reconhece os interesses comuns, respeitando a diversidade pol\u00edtica, religiosa ou cultural entre eles. O G8 trabalha em conjunto com o CLT e a prefeitura para progredir no projeto Enlace, garantindo que os moradores tenham voz em todos os aspectos na tomada de decis\u00f5es do projeto.<\/span><\/p>\n<p><span style=\"font-weight: 400;\">O trabalho em <a href=\"http:\/\/bit.ly\/2rBUppD\" target=\"_blank\" rel=\"noopener\">hortas comunit\u00e1rias<\/a> tem sido uma atividade central no distrito, ajudando a facilitar a lideran\u00e7a juvenil a melhorar a seguran\u00e7a alimentar, e a real\u00e7ar a educa\u00e7\u00e3o sobre alimentos sustent\u00e1veis. Existem v\u00e1rias hortas urbanas geridas comunitariamente no distrito e por toda a cidade&#8211;as quais s\u00e3o vistas como uma resposta ao fato de que 85% dos alimentos s\u00e3o importados em <a href=\"http:\/\/bit.ly\/2CWova3\" target=\"_blank\" rel=\"noopener\">Porto Rico<\/a>.<\/span><\/p>\n<p><span style=\"font-weight: 400;\">Essas atividades ajudaram a comunidade a se tornar um modelo de autoaperfei\u00e7oamento e sustentabilidade, al\u00e9m de promover o orgulho e um maior senso de seguran\u00e7a e pertencimento entre os moradores. Tamb\u00e9m atraiu a aten\u00e7\u00e3o internacional: outubro de 2016, o projeto recebeu o <a href=\"http:\/\/bit.ly\/2Badtkt\" target=\"_blank\" rel=\"noopener\">Pr\u00eamio World Habitat<\/a> 2016 das Na\u00e7\u00f5es Unidas.<\/span><\/p>\n<p><span style=\"font-weight: 400;\">Genesis Col\u00f3n, 20, viajou para o <a href=\"http:\/\/bit.ly\/2eGfaey\" target=\"_blank\" rel=\"noopener\">Habitat III<\/a> em Quito em outubro 2016, como membro do projeto de desenvolvimento de lideran\u00e7a juvenil, devido ao pr\u00eamio. A terceira de quatro irm\u00e3os, ela est\u00e1 estudando enfermagem e \u00e9 a primeira em sua fam\u00edlia a estar na universidade. Genesis diz que quer &#8220;ver no futuro, a dragagem e a luta pela comunidade&#8221;. Ela acrescenta: &#8220;Minha fam\u00edlia est\u00e1 considerando sair de Porto Rico, mas eu quero ficar&#8221;.<\/span><\/p>\n<p><span style=\"font-weight: 400;\">Este n\u00e3o \u00e9 um compromisso pequeno em um pa\u00eds que enfrenta uma d\u00edvida hist\u00f3rica de <a href=\"http:\/\/bbc.in\/2Bu8sQj\" target=\"_blank\" rel=\"noopener\">$72 bilh\u00f5es<\/a> e um <a href=\"http:\/\/bbc.in\/2kMdEr1\" target=\"_blank\" rel=\"noopener\">colapso econ\u00f4mico<\/a>\u00a0[al\u00e9m das consequ\u00eancias do Furac\u00e3o Maria, que vieram ap\u00f3s a publica\u00e7\u00e3o desta mat\u00e9ria originalmente em ingl\u00eas]. O impulso para sair neste momento \u00e9 forte, com n\u00edveis de emigra\u00e7\u00e3o cada vez mais crescentes (<a href=\"http:\/\/pewrsr.ch\/2yUoVdL\" target=\"_blank\" rel=\"noopener\">84 mil pessoas<\/a>\u00a0<\/span><span style=\"font-weight: 400;\">sa\u00edram<\/span><span style=\"font-weight: 400;\"> para o continente americano em 2014-15), enfraquecendo ainda mais a base tribut\u00e1ria e, por sua vez, aprofundando a crise. O Congresso dos EUA imp\u00f4s um conselho federal de controle fiscal em Porto Rico&#8211;um territ\u00f3rio dos EUA de 3,4 milh\u00f5es de pessoas&#8211;e agora est\u00e1 pronto para promulgar medidas de austeridade que provavelmente ir\u00e1 esvaziar o setor p\u00fablico.<\/span><\/p>\n<p>Uma parte consider\u00e1vel da d\u00edvida se deve aos predat\u00f3rios hedge funds (fundo multimercado) de oporturnistas dos EUA&#8211;duas decis\u00f5es da Suprema <a href=\"https:\/\/glo.bo\/2oLCUTC\" target=\"_blank\" rel=\"noopener\">Corte dos EUA anularam a suposta autonomia de Porto Rico<\/a> em rela\u00e7\u00e3o aos EUA como uma <em>commonwealth<\/em> americana, exacerbando a sua condi\u00e7\u00e3o colonial.\u00a0Ao mesmo tempo, as leis locais destinadas a criar um para\u00edso fiscal para os mega-ricos est\u00e3o atraindo especuladores de fora.<\/p>\n<figure id=\"img-3\" class=\"element element-image img--landscape element--showcase fig--narrow-caption fig--has-shares \" data-component=\"image\" data-media-id=\"83e0b623f7d833522d7359f5c448bd63b67c39f9\">\n<div class=\"u-responsive-ratio\">\n<figure id=\"attachment_30251\" aria-describedby=\"caption-attachment-30251\" style=\"width: 620px\" class=\"wp-caption aligncenter\"><a href=\"http:\/\/rioonwatch.org.br\/wp-content\/uploads\/2017\/12\/3200.jpg\"><img decoding=\"async\" class=\"wp-image-30251 size-medium\" title=\"&quot;Usar um modelo de CLT d\u00e1 a comunidade uma chance de lutar para seus moradores se manterem onde pertencem.&quot; Fotografia: Line Algoed\" src=\"http:\/\/rioonwatch.org.br\/wp-content\/uploads\/2017\/12\/3200-620x372.jpg\" alt=\"\" width=\"620\" height=\"372\" srcset=\"https:\/\/rioonwatch.org.br\/wp-content\/uploads\/2017\/12\/3200-620x372.jpg 620w, https:\/\/rioonwatch.org.br\/wp-content\/uploads\/2017\/12\/3200-440x264.jpg 440w, https:\/\/rioonwatch.org.br\/wp-content\/uploads\/2017\/12\/3200-768x461.jpg 768w, https:\/\/rioonwatch.org.br\/wp-content\/uploads\/2017\/12\/3200-1024x614.jpg 1024w, https:\/\/rioonwatch.org.br\/wp-content\/uploads\/2017\/12\/3200.jpg 1920w\" sizes=\"(max-width: 620px) 100vw, 620px\" \/><\/a><figcaption id=\"caption-attachment-30251\" class=\"wp-caption-text\">&#8220;<span style=\"font-weight: 400;\">Embora n\u00e3o seja uma garantia, (pelo CLT) \u00e9 oferecido um n\u00edvel de prote\u00e7\u00e3o, e d\u00e1 a uma comunidade uma chance de lutar para se manter onde eles pertencem<\/span>: Line Algoed<\/figcaption><\/figure>\n<\/div><figcaption><\/figcaption><\/figure>\n<p><span style=\"font-weight: 400;\">Esta \u00e9 uma perspectiva amea\u00e7adora para as comunidades sem os tipos de prote\u00e7\u00e3o que o G8 do Canal Martin Pe\u00f1a engendrou. &#8220;\u00c9 f\u00e1cil para as comunidades perderem o controle por n\u00e3o ter o peda\u00e7o de papel certo&#8221;, diz David Ireland, diretor da <a href=\"http:\/\/bit.ly\/2kJcI6D\" target=\"_blank\" rel=\"noopener\">Funda\u00e7\u00e3o de Constru\u00e7\u00e3o e Habita\u00e7\u00e3o Social<\/a>, que \u00e9 parceira da ONU Habitat para organizar os Pr\u00eamios World Habitat. Ele acrescenta que usar um CLT para lidar com especuladores que miram propriedades, uma a uma, para compra e especula\u00e7\u00e3o, \u00e9 raro fora de um contexto de alto desenvolvimento. &#8220;Embora n\u00e3o seja uma garantia, \u00e9 oferecido um n\u00edvel de prote\u00e7\u00e3o, e d\u00e1 a uma comunidade uma chance de lutar para se manter onde eles pertencem&#8221;.<\/span><\/p>\n<p><span style=\"font-weight: 400;\">O CLT tamb\u00e9m ajuda a sustentar a \u00e1rea, gerando renda atrav\u00e9s do aluguel de suas propriedades, desenvolvendo lotes vagos e implementando v\u00e1rios projetos. Casas individuais tamb\u00e9m podem ser vendidas, com o direito de usar as terras de propriedade coletiva onde est\u00e3o.<\/span><\/p>\n<p><span style=\"font-weight: 400;\">Construir confian\u00e7a entre moradores, especialmente em tal clima especulativo, tem sido uma conquista importante nos n\u00edveis macro e micro. Talvez o programa mais delicado do projeto envolve o reassentamento de fam\u00edlias cujas casas s\u00e3o mais propensas a inunda\u00e7\u00f5es ou est\u00e3o no caminho da dragagem. Integrar membros das 130 fam\u00edlias que j\u00e1 se mudaram, como facilitadores que ajudem outras fam\u00edlias a enfrentarem o reassentamento, tem sido a chave para o sucesso, de acordo com Lyvia Rodr\u00edguez, que dirige o projeto Enlace.<\/span><\/p>\n<p><span style=\"font-weight: 400;\">Na sua vis\u00e3o, o desafio \u00e9 criar esperan\u00e7a para a sociedade e o pa\u00eds como um todo, com uma pol\u00edtica ambiental influenciando positivamente o avan\u00e7o econ\u00f4mico.<\/span><\/p>\n<p><span style=\"font-weight: 400;\">Com mais de 100 colaboradores e aliados, desde projetos universit\u00e1rios de hist\u00f3ria oral at\u00e9 <a href=\"http:\/\/bit.ly\/1DLIFlK\" target=\"_blank\" rel=\"noopener\">solidariedade<\/a> com outras lutas comunit\u00e1rias&#8211;como o ativismo que combate o descarte de cinzas t\u00f3xicas em Pe\u00f1uelas, no sul do pa\u00eds&#8211;o esp\u00edrito de troca floresceu.<\/span><\/p>\n<p><span style=\"font-weight: 400;\">Esse tipo de vis\u00e3o atraiu Line Algoed, uma antrop\u00f3loga urbana da B\u00e9lgica, para trabalhar com o Canal<\/span><span style=\"font-weight: 400;\">. Ela pretende estabelecer um observat\u00f3rio internacional de <a href=\"http:\/\/bit.ly\/2neFgYb\" target=\"_blank\" rel=\"noopener\">conhecimento popular sobre os CLTs em assentamentos informais<\/a>, &#8220;desse modo l\u00edderes comunit\u00e1rios nos chamados &#8216;slums&#8217; (termo derrogat\u00f3rio em ingl\u00eas para bairro informal), em todo o mundo, podem encontrar o caminho at\u00e9 o El Ca\u00f1o, e trocar informa\u00e7\u00f5es com pessoas como Carmen Febres, para obter este modelo traduzido para outras comunidades em todo o mundo&#8221;.<\/span><\/p>\n<p><span style=\"font-weight: 400;\">Para compartilhar esse CLT e desenvolver o modelo com comunidades em todo o mundo, um grupo de cerca de 20 pessoas de ONGs e iniciativas comunit\u00e1rias da Am\u00e9rica Latina, Am\u00e9rica do Norte e Europa visitaram El Ca\u00f1o em fevereiro passado.<\/span><\/p>\n<p><span style=\"font-weight: 400;\">Line tamb\u00e9m v\u00ea uma mudan\u00e7a importante no afastamento da \u00eanfase nos t\u00edtulos individuais de terras na regulariza\u00e7\u00e3o dos assentamentos informais, para a propriedade coletiva da terra como uma prote\u00e7\u00e3o mais efetiva das comunidades hist\u00f3ricas e culturais. Ela diz que o projeto tamb\u00e9m constitui um exemplo para arquitetos e engenheiros participarem de iniciativas comunit\u00e1rias, ao inv\u00e9s de esperar conquistar o interesse dos moradores sem o trabalho de base.<\/span><\/p>\n<p><span style=\"font-weight: 400;\">David Ireland compartilha uma vis\u00e3o hol\u00edstica semelhante na promo\u00e7\u00e3o n\u00e3o apenas da comunidade, de forma isolada, mas em rela\u00e7\u00e3o ao resto da cidade. &#8220;Quando as pessoas pobres s\u00e3o deslocadas&#8221;, ele diz, &#8220;muitas vezes elas se tornam mais pobres por isso, e as cont\u00ednuas desloca\u00e7\u00f5es pioram a vida da cidade como um todo. Uma cidade mista onde todos se beneficiam forma um tecido social mais saud\u00e1vel&#8221;.<\/span><\/p>\n<p><span style=\"font-weight: 400;\">As mensagens de grafite ao longo de San Juan mostram que, embora o desenvolvimento da comunidade esteja crescendo, o progresso ambiental \u00e9 mais lento: o governo continua a adiar a dragagem do canal&#8211;com um custo estimado de centenas de milh\u00f5es de d\u00f3lares&#8211;devido \u00e0 crise financeira do pa\u00eds.<\/span><\/p>\n<p><span style=\"font-weight: 400;\">Ainda assim, a poucos passos da esta\u00e7\u00e3o de trem da Universidade do Sagrado do Cora\u00e7\u00e3o, na repleta \u00e1rea de Santurce em San Juan, com os altos edif\u00edcios do distrito banc\u00e1rio de Golden Mile aparecendo ao fundo, agora pode-se sentir a mudan\u00e7a no ar no canal.<\/span><\/p>\n<p>*A partir de junho de 2018, adotamos a nomenclatura <a href=\"http:\/\/bit.ly\/ROW-TTC\" target=\"_blank\" rel=\"noopener\">&#8216;Termo Territorial Coletivo&#8217; (TTC)<\/a> para traduzir o conceito, em ingl\u00eas, de\u00a0 &#8216;Community Land Trust&#8217;. Anteriormente, o conceito foi traduzido livremente como &#8216;Fundo de Posse Coletiva&#8217;. A nova nomenclatura melhor descreve o instrumento internacional que atualmente est\u00e1 sendo adequado \u00e0s especificidades brasileiras, especialmente sob o aspecto jur\u00eddico.<\/p>\n<!-- AddThis Advanced Settings generic via filter on the_content --><!-- AddThis Share Buttons generic via filter on the_content -->","protected":false},"excerpt":{"rendered":"<div class=\"mh-excerpt\"><p>Click Here for English Leia\u00a0a mat\u00e9ria original por\u00a0Maritza Stanchich\u00a0em ingl\u00eas no The Guardian\u00a0aqui.\u00a0O RioOnWatch traduz mat\u00e9rias do ingl\u00eas para que brasileiros possam ter acesso e acompanhar\u00a0temas ou an\u00e1lises cobertos fora do pa\u00eds que nem sempre <a class=\"mh-excerpt-more\" href=\"https:\/\/rioonwatch.org.br\/?p=30215\" title=\"Poder do Povo no Porto Rico: Como Uma Favela no Centro de San Juan Escapou da Gentrifica\u00e7\u00e3o\">[&#8230;]<\/a><!-- AddThis Advanced Settings generic via filter on get_the_excerpt --><!-- AddThis Share Buttons generic via filter on get_the_excerpt --><\/p>\n<\/div>","protected":false},"author":129,"featured_media":30232,"comment_status":"closed","ping_status":"closed","sticky":false,"template":"","format":"standard","meta":{"_acf_changed":false,"_monsterinsights_skip_tracking":false,"_monsterinsights_sitenote_active":false,"_monsterinsights_sitenote_note":"","_monsterinsights_sitenote_category":0,"footnotes":""},"categories":[1617,1621,342,1639,1634],"tags":[759,424,550,688,396,818,395,1097,106,304,2138,82,492,1347,476,404,711,1168],"writer":[2257],"translator":[2256],"source":[547],"ilustrador":[],"fotografo":[],"class_list":{"0":"post-30215","1":"post","2":"type-post","3":"status-publish","4":"format-standard","5":"has-post-thumbnail","7":"category-olhonagentrificacao","8":"category-destaque","9":"category-solucoes","10":"category-sustentabilidade","11":"category-traducoes","12":"tag-comparacao-internacional","13":"tag-direito-a-moradia","14":"tag-direito-a-terra","15":"tag-empoderamento","16":"tag-especulacao-imobiliaria","17":"tag-eua","18":"tag-gentrificacao-remocao-branca","19":"tag-horta-comunitaria","20":"tag-meio-ambiente","21":"tag-participacao","22":"tag-porto-rico","23":"tag-regularizacao-fundiaria","24":"tag-saneamento","25":"tag-solucao","26":"tag-solucao-comunitaria","27":"tag-sustentabilidade","28":"tag-clt","29":"tag-traducao","30":"writer-maritza-stanchich","31":"translator-karen-waneska","32":"source-the-guardian"},"acf":[],"yoast_head":"<!-- This site is optimized with the Yoast SEO plugin v25.6 - https:\/\/yoast.com\/wordpress\/plugins\/seo\/ -->\n<title>Poder do Povo no Porto Rico: Como Uma Favela no Centro de San Juan Escapou da Gentrifica\u00e7\u00e3o - RioOnWatch<\/title>\n<meta name=\"robots\" content=\"index, follow, max-snippet:-1, max-image-preview:large, max-video-preview:-1\" \/>\n<link rel=\"canonical\" href=\"https:\/\/rioonwatch.org.br\/?p=30215\" \/>\n<meta property=\"og:locale\" content=\"pt_BR\" \/>\n<meta property=\"og:type\" content=\"article\" \/>\n<meta property=\"og:title\" content=\"Poder do Povo no Porto Rico: Como Uma Favela no Centro de San Juan Escapou da Gentrifica\u00e7\u00e3o - RioOnWatch\" \/>\n<meta property=\"og:description\" content=\"Click Here for English Leia\u00a0a mat\u00e9ria original por\u00a0Maritza Stanchich\u00a0em ingl\u00eas no The Guardian\u00a0aqui.\u00a0O RioOnWatch traduz mat\u00e9rias do ingl\u00eas para que brasileiros possam ter acesso e acompanhar\u00a0temas ou an\u00e1lises cobertos fora do pa\u00eds que nem sempre [...]\" \/>\n<meta property=\"og:url\" content=\"https:\/\/rioonwatch.org.br\/?p=30215\" \/>\n<meta property=\"og:site_name\" content=\"RioOnWatch\" \/>\n<meta property=\"article:published_time\" content=\"2018-01-05T18:03:29+00:00\" \/>\n<meta property=\"article:modified_time\" content=\"2018-08-07T17:46:24+00:00\" \/>\n<meta property=\"og:image\" content=\"https:\/\/rioonwatch.org.br\/wp-content\/uploads\/2017\/12\/Canal.jpg\" \/>\n\t<meta property=\"og:image:width\" content=\"1181\" \/>\n\t<meta property=\"og:image:height\" content=\"583\" \/>\n\t<meta property=\"og:image:type\" content=\"image\/jpeg\" \/>\n<meta name=\"author\" content=\"Admin\" \/>\n<meta name=\"twitter:card\" content=\"summary_large_image\" \/>\n<meta name=\"twitter:label1\" content=\"Escrito por\" \/>\n\t<meta name=\"twitter:data1\" content=\"Admin\" \/>\n\t<meta name=\"twitter:label2\" content=\"Est. tempo de leitura\" \/>\n\t<meta name=\"twitter:data2\" content=\"10 minutos\" \/>\n<script type=\"application\/ld+json\" class=\"yoast-schema-graph\">{\"@context\":\"https:\/\/schema.org\",\"@graph\":[{\"@type\":\"Article\",\"@id\":\"https:\/\/rioonwatch.org.br\/?p=30215#article\",\"isPartOf\":{\"@id\":\"https:\/\/rioonwatch.org.br\/?p=30215\"},\"author\":{\"name\":\"Admin\",\"@id\":\"https:\/\/rioonwatch.org.br\/#\/schema\/person\/11d64c290506f9df50c71b850c473f68\"},\"headline\":\"Poder do Povo no Porto Rico: Como Uma Favela no Centro de San Juan Escapou da Gentrifica\u00e7\u00e3o\",\"datePublished\":\"2018-01-05T18:03:29+00:00\",\"dateModified\":\"2018-08-07T17:46:24+00:00\",\"mainEntityOfPage\":{\"@id\":\"https:\/\/rioonwatch.org.br\/?p=30215\"},\"wordCount\":1944,\"publisher\":{\"@id\":\"https:\/\/rioonwatch.org.br\/#organization\"},\"image\":{\"@id\":\"https:\/\/rioonwatch.org.br\/?p=30215#primaryimage\"},\"thumbnailUrl\":\"https:\/\/rioonwatch.org.br\/wp-content\/uploads\/2017\/12\/Canal.jpg\",\"keywords\":[\"compara\u00e7\u00e3o internacional\",\"Direito \u00e0 Moradia\",\"direito \u00e0 terra\",\"empoderamento\",\"especula\u00e7\u00e3o imobili\u00e1ria\",\"EUA\",\"gentrifica\u00e7\u00e3o\",\"horta comunit\u00e1ria\",\"meio ambiente\",\"participa\u00e7\u00e3o\",\"Porto Rico\",\"regulariza\u00e7\u00e3o fundi\u00e1ria\",\"saneamento\",\"solu\u00e7\u00e3o\",\"solu\u00e7\u00e3o comunit\u00e1ria\",\"sustentabilidade\",\"Termo Territorial Coletivo (TTC) \/ Community Land Trust (CLT)\",\"tradu\u00e7\u00e3o\"],\"articleSection\":[\"#OlhoNaGentrifica\u00e7\u00e3o\",\"*Destaque\",\"Solu\u00e7\u00f5es\",\"Sustentabilidade\",\"Traduzidas do Ingl\u00eas\"],\"inLanguage\":\"pt-BR\"},{\"@type\":\"WebPage\",\"@id\":\"https:\/\/rioonwatch.org.br\/?p=30215\",\"url\":\"https:\/\/rioonwatch.org.br\/?p=30215\",\"name\":\"Poder do Povo no Porto Rico: Como Uma Favela no Centro de San Juan Escapou da Gentrifica\u00e7\u00e3o - RioOnWatch\",\"isPartOf\":{\"@id\":\"https:\/\/rioonwatch.org.br\/#website\"},\"primaryImageOfPage\":{\"@id\":\"https:\/\/rioonwatch.org.br\/?p=30215#primaryimage\"},\"image\":{\"@id\":\"https:\/\/rioonwatch.org.br\/?p=30215#primaryimage\"},\"thumbnailUrl\":\"https:\/\/rioonwatch.org.br\/wp-content\/uploads\/2017\/12\/Canal.jpg\",\"datePublished\":\"2018-01-05T18:03:29+00:00\",\"dateModified\":\"2018-08-07T17:46:24+00:00\",\"breadcrumb\":{\"@id\":\"https:\/\/rioonwatch.org.br\/?p=30215#breadcrumb\"},\"inLanguage\":\"pt-BR\",\"potentialAction\":[{\"@type\":\"ReadAction\",\"target\":[\"https:\/\/rioonwatch.org.br\/?p=30215\"]}]},{\"@type\":\"ImageObject\",\"inLanguage\":\"pt-BR\",\"@id\":\"https:\/\/rioonwatch.org.br\/?p=30215#primaryimage\",\"url\":\"https:\/\/rioonwatch.org.br\/wp-content\/uploads\/2017\/12\/Canal.jpg\",\"contentUrl\":\"https:\/\/rioonwatch.org.br\/wp-content\/uploads\/2017\/12\/Canal.jpg\",\"width\":1181,\"height\":583},{\"@type\":\"BreadcrumbList\",\"@id\":\"https:\/\/rioonwatch.org.br\/?p=30215#breadcrumb\",\"itemListElement\":[{\"@type\":\"ListItem\",\"position\":1,\"name\":\"In\u00edcio\",\"item\":\"https:\/\/rioonwatch.org.br\/\"},{\"@type\":\"ListItem\",\"position\":2,\"name\":\"Poder do Povo no Porto Rico: Como Uma Favela no Centro de San Juan Escapou da Gentrifica\u00e7\u00e3o\"}]},{\"@type\":\"WebSite\",\"@id\":\"https:\/\/rioonwatch.org.br\/#website\",\"url\":\"https:\/\/rioonwatch.org.br\/\",\"name\":\"RioOnWatch\",\"description\":\"relatos das favelas cariocas\",\"publisher\":{\"@id\":\"https:\/\/rioonwatch.org.br\/#organization\"},\"potentialAction\":[{\"@type\":\"SearchAction\",\"target\":{\"@type\":\"EntryPoint\",\"urlTemplate\":\"https:\/\/rioonwatch.org.br\/?s={search_term_string}\"},\"query-input\":{\"@type\":\"PropertyValueSpecification\",\"valueRequired\":true,\"valueName\":\"search_term_string\"}}],\"inLanguage\":\"pt-BR\"},{\"@type\":\"Organization\",\"@id\":\"https:\/\/rioonwatch.org.br\/#organization\",\"name\":\"RioOnWatch\",\"url\":\"https:\/\/rioonwatch.org.br\/\",\"logo\":{\"@type\":\"ImageObject\",\"inLanguage\":\"pt-BR\",\"@id\":\"https:\/\/rioonwatch.org.br\/#\/schema\/logo\/image\/\",\"url\":\"https:\/\/rioonwatch.org.br\/wp-content\/uploads\/2021\/06\/RioOnWatchcabecalhoPT11anos-2.png\",\"contentUrl\":\"https:\/\/rioonwatch.org.br\/wp-content\/uploads\/2021\/06\/RioOnWatchcabecalhoPT11anos-2.png\",\"width\":779,\"height\":277,\"caption\":\"RioOnWatch\"},\"image\":{\"@id\":\"https:\/\/rioonwatch.org.br\/#\/schema\/logo\/image\/\"}},{\"@type\":\"Person\",\"@id\":\"https:\/\/rioonwatch.org.br\/#\/schema\/person\/11d64c290506f9df50c71b850c473f68\",\"name\":\"Admin\",\"image\":{\"@type\":\"ImageObject\",\"inLanguage\":\"pt-BR\",\"@id\":\"https:\/\/rioonwatch.org.br\/#\/schema\/person\/image\/\",\"url\":\"https:\/\/secure.gravatar.com\/avatar\/56211ac74568383903349a1485e3c325?s=96&d=blank&r=g\",\"contentUrl\":\"https:\/\/secure.gravatar.com\/avatar\/56211ac74568383903349a1485e3c325?s=96&d=blank&r=g\",\"caption\":\"Admin\"},\"url\":\"https:\/\/rioonwatch.org.br\/?author=129\"}]}<\/script>\n<!-- \/ Yoast SEO plugin. -->","yoast_head_json":{"title":"Poder do Povo no Porto Rico: Como Uma Favela no Centro de San Juan Escapou da Gentrifica\u00e7\u00e3o - RioOnWatch","robots":{"index":"index","follow":"follow","max-snippet":"max-snippet:-1","max-image-preview":"max-image-preview:large","max-video-preview":"max-video-preview:-1"},"canonical":"https:\/\/rioonwatch.org.br\/?p=30215","og_locale":"pt_BR","og_type":"article","og_title":"Poder do Povo no Porto Rico: Como Uma Favela no Centro de San Juan Escapou da Gentrifica\u00e7\u00e3o - RioOnWatch","og_description":"Click Here for English Leia\u00a0a mat\u00e9ria original por\u00a0Maritza Stanchich\u00a0em ingl\u00eas no The Guardian\u00a0aqui.\u00a0O RioOnWatch traduz mat\u00e9rias do ingl\u00eas para que brasileiros possam ter acesso e acompanhar\u00a0temas ou an\u00e1lises cobertos fora do pa\u00eds que nem sempre [...]","og_url":"https:\/\/rioonwatch.org.br\/?p=30215","og_site_name":"RioOnWatch","article_published_time":"2018-01-05T18:03:29+00:00","article_modified_time":"2018-08-07T17:46:24+00:00","og_image":[{"width":1181,"height":583,"url":"https:\/\/rioonwatch.org.br\/wp-content\/uploads\/2017\/12\/Canal.jpg","type":"image\/jpeg"}],"author":"Admin","twitter_card":"summary_large_image","twitter_misc":{"Escrito por":"Admin","Est. tempo de leitura":"10 minutos"},"schema":{"@context":"https:\/\/schema.org","@graph":[{"@type":"Article","@id":"https:\/\/rioonwatch.org.br\/?p=30215#article","isPartOf":{"@id":"https:\/\/rioonwatch.org.br\/?p=30215"},"author":{"name":"Admin","@id":"https:\/\/rioonwatch.org.br\/#\/schema\/person\/11d64c290506f9df50c71b850c473f68"},"headline":"Poder do Povo no Porto Rico: Como Uma Favela no Centro de San Juan Escapou da Gentrifica\u00e7\u00e3o","datePublished":"2018-01-05T18:03:29+00:00","dateModified":"2018-08-07T17:46:24+00:00","mainEntityOfPage":{"@id":"https:\/\/rioonwatch.org.br\/?p=30215"},"wordCount":1944,"publisher":{"@id":"https:\/\/rioonwatch.org.br\/#organization"},"image":{"@id":"https:\/\/rioonwatch.org.br\/?p=30215#primaryimage"},"thumbnailUrl":"https:\/\/rioonwatch.org.br\/wp-content\/uploads\/2017\/12\/Canal.jpg","keywords":["compara\u00e7\u00e3o internacional","Direito \u00e0 Moradia","direito \u00e0 terra","empoderamento","especula\u00e7\u00e3o imobili\u00e1ria","EUA","gentrifica\u00e7\u00e3o","horta comunit\u00e1ria","meio ambiente","participa\u00e7\u00e3o","Porto Rico","regulariza\u00e7\u00e3o fundi\u00e1ria","saneamento","solu\u00e7\u00e3o","solu\u00e7\u00e3o comunit\u00e1ria","sustentabilidade","Termo Territorial Coletivo (TTC) \/ Community Land Trust (CLT)","tradu\u00e7\u00e3o"],"articleSection":["#OlhoNaGentrifica\u00e7\u00e3o","*Destaque","Solu\u00e7\u00f5es","Sustentabilidade","Traduzidas do Ingl\u00eas"],"inLanguage":"pt-BR"},{"@type":"WebPage","@id":"https:\/\/rioonwatch.org.br\/?p=30215","url":"https:\/\/rioonwatch.org.br\/?p=30215","name":"Poder do Povo no Porto Rico: Como Uma Favela no Centro de San Juan Escapou da Gentrifica\u00e7\u00e3o - RioOnWatch","isPartOf":{"@id":"https:\/\/rioonwatch.org.br\/#website"},"primaryImageOfPage":{"@id":"https:\/\/rioonwatch.org.br\/?p=30215#primaryimage"},"image":{"@id":"https:\/\/rioonwatch.org.br\/?p=30215#primaryimage"},"thumbnailUrl":"https:\/\/rioonwatch.org.br\/wp-content\/uploads\/2017\/12\/Canal.jpg","datePublished":"2018-01-05T18:03:29+00:00","dateModified":"2018-08-07T17:46:24+00:00","breadcrumb":{"@id":"https:\/\/rioonwatch.org.br\/?p=30215#breadcrumb"},"inLanguage":"pt-BR","potentialAction":[{"@type":"ReadAction","target":["https:\/\/rioonwatch.org.br\/?p=30215"]}]},{"@type":"ImageObject","inLanguage":"pt-BR","@id":"https:\/\/rioonwatch.org.br\/?p=30215#primaryimage","url":"https:\/\/rioonwatch.org.br\/wp-content\/uploads\/2017\/12\/Canal.jpg","contentUrl":"https:\/\/rioonwatch.org.br\/wp-content\/uploads\/2017\/12\/Canal.jpg","width":1181,"height":583},{"@type":"BreadcrumbList","@id":"https:\/\/rioonwatch.org.br\/?p=30215#breadcrumb","itemListElement":[{"@type":"ListItem","position":1,"name":"In\u00edcio","item":"https:\/\/rioonwatch.org.br\/"},{"@type":"ListItem","position":2,"name":"Poder do Povo no Porto Rico: Como Uma Favela no Centro de San Juan Escapou da Gentrifica\u00e7\u00e3o"}]},{"@type":"WebSite","@id":"https:\/\/rioonwatch.org.br\/#website","url":"https:\/\/rioonwatch.org.br\/","name":"RioOnWatch","description":"relatos das favelas cariocas","publisher":{"@id":"https:\/\/rioonwatch.org.br\/#organization"},"potentialAction":[{"@type":"SearchAction","target":{"@type":"EntryPoint","urlTemplate":"https:\/\/rioonwatch.org.br\/?s={search_term_string}"},"query-input":{"@type":"PropertyValueSpecification","valueRequired":true,"valueName":"search_term_string"}}],"inLanguage":"pt-BR"},{"@type":"Organization","@id":"https:\/\/rioonwatch.org.br\/#organization","name":"RioOnWatch","url":"https:\/\/rioonwatch.org.br\/","logo":{"@type":"ImageObject","inLanguage":"pt-BR","@id":"https:\/\/rioonwatch.org.br\/#\/schema\/logo\/image\/","url":"https:\/\/rioonwatch.org.br\/wp-content\/uploads\/2021\/06\/RioOnWatchcabecalhoPT11anos-2.png","contentUrl":"https:\/\/rioonwatch.org.br\/wp-content\/uploads\/2021\/06\/RioOnWatchcabecalhoPT11anos-2.png","width":779,"height":277,"caption":"RioOnWatch"},"image":{"@id":"https:\/\/rioonwatch.org.br\/#\/schema\/logo\/image\/"}},{"@type":"Person","@id":"https:\/\/rioonwatch.org.br\/#\/schema\/person\/11d64c290506f9df50c71b850c473f68","name":"Admin","image":{"@type":"ImageObject","inLanguage":"pt-BR","@id":"https:\/\/rioonwatch.org.br\/#\/schema\/person\/image\/","url":"https:\/\/secure.gravatar.com\/avatar\/56211ac74568383903349a1485e3c325?s=96&d=blank&r=g","contentUrl":"https:\/\/secure.gravatar.com\/avatar\/56211ac74568383903349a1485e3c325?s=96&d=blank&r=g","caption":"Admin"},"url":"https:\/\/rioonwatch.org.br\/?author=129"}]}},"_links":{"self":[{"href":"https:\/\/rioonwatch.org.br\/index.php?rest_route=\/wp\/v2\/posts\/30215"}],"collection":[{"href":"https:\/\/rioonwatch.org.br\/index.php?rest_route=\/wp\/v2\/posts"}],"about":[{"href":"https:\/\/rioonwatch.org.br\/index.php?rest_route=\/wp\/v2\/types\/post"}],"author":[{"embeddable":true,"href":"https:\/\/rioonwatch.org.br\/index.php?rest_route=\/wp\/v2\/users\/129"}],"replies":[{"embeddable":true,"href":"https:\/\/rioonwatch.org.br\/index.php?rest_route=%2Fwp%2Fv2%2Fcomments&post=30215"}],"version-history":[{"count":24,"href":"https:\/\/rioonwatch.org.br\/index.php?rest_route=\/wp\/v2\/posts\/30215\/revisions"}],"predecessor-version":[{"id":35353,"href":"https:\/\/rioonwatch.org.br\/index.php?rest_route=\/wp\/v2\/posts\/30215\/revisions\/35353"}],"wp:featuredmedia":[{"embeddable":true,"href":"https:\/\/rioonwatch.org.br\/index.php?rest_route=\/wp\/v2\/media\/30232"}],"wp:attachment":[{"href":"https:\/\/rioonwatch.org.br\/index.php?rest_route=%2Fwp%2Fv2%2Fmedia&parent=30215"}],"wp:term":[{"taxonomy":"category","embeddable":true,"href":"https:\/\/rioonwatch.org.br\/index.php?rest_route=%2Fwp%2Fv2%2Fcategories&post=30215"},{"taxonomy":"post_tag","embeddable":true,"href":"https:\/\/rioonwatch.org.br\/index.php?rest_route=%2Fwp%2Fv2%2Ftags&post=30215"},{"taxonomy":"writer","embeddable":true,"href":"https:\/\/rioonwatch.org.br\/index.php?rest_route=%2Fwp%2Fv2%2Fwriter&post=30215"},{"taxonomy":"translator","embeddable":true,"href":"https:\/\/rioonwatch.org.br\/index.php?rest_route=%2Fwp%2Fv2%2Ftranslator&post=30215"},{"taxonomy":"source","embeddable":true,"href":"https:\/\/rioonwatch.org.br\/index.php?rest_route=%2Fwp%2Fv2%2Fsource&post=30215"},{"taxonomy":"ilustrador","embeddable":true,"href":"https:\/\/rioonwatch.org.br\/index.php?rest_route=%2Fwp%2Fv2%2Filustrador&post=30215"},{"taxonomy":"fotografo","embeddable":true,"href":"https:\/\/rioonwatch.org.br\/index.php?rest_route=%2Fwp%2Fv2%2Ffotografo&post=30215"}],"curies":[{"name":"wp","href":"https:\/\/api.w.org\/{rel}","templated":true}]}}