{"id":3023,"date":"2012-04-03T11:13:35","date_gmt":"2012-04-03T14:13:35","guid":{"rendered":"http:\/\/rioonwatch.org.br\/?p=3023"},"modified":"2024-06-20T16:31:27","modified_gmt":"2024-06-20T19:31:27","slug":"uma-oportunidade-perdida-no-rio-2","status":"publish","type":"post","link":"https:\/\/rioonwatch.org.br\/?p=3023","title":{"rendered":"Uma Oportunidade Perdida no Rio"},"content":{"rendered":"<p style=\"text-align: right;\"><em><strong><a href=\"http:\/\/bit.ly\/HFxLvA\" target=\"_blank\" rel=\"noopener\">Click Here for English<img decoding=\"async\" width=\"20\" height=\"20\" class=\"alignright wp-image-15790\" src=\"http:\/\/rioonwatch.org.br\/wp-content\/uploads\/2012\/08\/EN-standard-e1439583104716.jpg\" alt=\"\" \/><\/a><\/strong><\/em><\/p>\n<div><img decoding=\"async\" class=\"alignleft\" src=\"http:\/\/graphics8.nytimes.com\/images\/2012\/04\/02\/opinion\/theresa_williamson\/theresa_williamson-thumbStandard.jpg\" alt=\"Theresa Williamson\" \/><\/div>\n<p><em>Diretora Executiva da <a href=\"http:\/\/www.comcat.org\">ComCat<\/a>, Theresa\u00a0Williamson, foi debatedora convidada do\u00a0<a href=\"http:\/\/nyti.ms\/H9zkVp\">f\u00f3rum de debate do <em>The New York Times<\/em><\/a>\u00a0sobre o legado dos megaeventos. Veja aqui a tradu\u00e7\u00e3o da mat\u00e9ria do debate:<\/em><\/p>\n<div>\n<div>\n<div>\n<p>O Rio de Janeiro est\u00e1 se preparando para sediar a Copa do Mundo em 2014 e as Olimp\u00edadas em 2016. Esses mega-eventos dar\u00e3o a elite do pa\u00eds uma chance de acelerar quaisquer estrat\u00e9gias que estejam em sua lista de desejos. No Rio de Janeiro, onde os interesses imobili\u00e1rios controlam os pol\u00edticos e a m\u00eddia, as decis\u00f5es s\u00e3o tomadas em seu favor.<\/p>\n<p><a href=\"http:\/\/rioonwatch.org.br\/?attachment_id=3004\" rel=\"attachment wp-att-3004\"><img fetchpriority=\"high\" decoding=\"async\" class=\"alignright\" title=\"ruaasabranca\" src=\"http:\/\/rioonwatch.org.br\/wp-content\/uploads\/2012\/04\/ruaasabranca-300x203.jpg\" alt=\"\" width=\"300\" height=\"203\" \/><\/a>Cerca de 1,2 milh\u00f5es de pessoas, ou 22% da popula\u00e7\u00e3o do Rio moram em favelas. A \u00fanica solu\u00e7\u00e3o de moradia capaz de satisfazer as necessidades da cidade \u00e9 melhorar os servi\u00e7os, integrando as favelas a cidade. Substitu\u00ed-las n\u00e3o \u00e9 uma op\u00e7\u00e3o. Desde o final dos anos de 1800, imigrantes instalaram-se em terras desocupadas em torno das grandes cidades brasileiras. Os moradores fizeram grandes investimentos em suas casas, ao longo das gera\u00e7\u00f5es, mesmo a fam\u00edlia n\u00e3o obtendo a escritura do local. Essas favelas enfrentaram despejo durante a ditadura militar dos anos 60 at\u00e9 os 80, mas alcan\u00e7ou vit\u00f3ria significativa em 1988, quando a Constitui\u00e7\u00e3o Brasileira estabeleceu 5 (cinco) anos para o \u201cUso Capi\u00e3o\u201d, nome dado ao processo de aquisi\u00e7\u00e3o de propriedade por uso e n\u00e3o atrav\u00e9s de pagamento.<\/p>\n<div>\n<blockquote><p>Na prepara\u00e7\u00e3o para a Copa do Mundo e as Olimp\u00edadas, o Rio poderia fazer investimentos a longo prazo para integrar as favelas. Ao inv\u00e9s disso est\u00e1 agravando ainda mais os problemas.<\/p><\/blockquote>\n<\/div>\n<p>Muito se tem alcan\u00e7ado. Um estudo recente com 92.000 pessoas de seis favelas pacificadas demonstrou que 95% das casas s\u00e3o de tijolos e concreto, 75% t\u00eam piso e azulejo, 44% possuem computadores e 90% dos moradores em idade de trabalho est\u00e3o empregados. Como o diplomata chin\u00eas Sha Zukang exclamou em recente visita,\u00a0\u201cThis is not a slum!\u201d (Isso n\u00e3o \u00e9 um local de moradias miser\u00e1veis!).<\/p>\n<p><a href=\"http:\/\/rioonwatch.org.br\/wp-content\/uploads\/2012\/04\/RoomForDebateCover1.jpg\"><img decoding=\"async\" class=\"size-full wp-image-3028 alignright\" src=\"http:\/\/rioonwatch.org.br\/wp-content\/uploads\/2012\/04\/RoomForDebateCover1.jpg\" alt=\"RoomForDebateCover\" width=\"300\" height=\"211\" \/><\/a>Durante a prepara\u00e7\u00e3o para a Copa do Mundo e as Olimp\u00edadas, a cidade tem uma oportunidade de fazer investimentos a longo prazo e integrar as favelas fornecendo os servi\u00e7os que ainda faltam como educa\u00e7\u00e3o, capacita\u00e7\u00e3o profissional, sa\u00fade, creche, saneamento, seguran\u00e7a e legaliza\u00e7\u00e3o fundi\u00e1ria. Ao inv\u00e9s disso as interven\u00e7\u00f5es est\u00e3o tomando duas formas contraproducentes.<\/p>\n<p>Primeiro: favelas menores, desconhecidas e pac\u00edficas, que ocupam terrenos valiosos, agora s\u00e3o despejados a for\u00e7a sob o pretexto do desenvolvimento dos mega eventos, muitas vezes sem uma justificativa clara. Os moradores s\u00e3o realocados para pequenos apartamentos em isoladas unidades habitacionais, a duas horas do centro da cidade. Existem v\u00e1rios casos not\u00e1veis de despejo que deixaram pessoas sem casa, que tiveram que recome\u00e7ar a vida em outro lugar. \u00c9 estimado que <a href=\"http:\/\/nyti.ms\/HFxLvA\">170.000 pessoas<\/a>\u00a0ser\u00e3o despejadas para os mega eventos por todo Brasil.<\/p>\n<p>Segundo: favelas grandes e conhecidas recebem \u201cprogramas de integra\u00e7\u00e3o\u201d principalmente as unidades de pol\u00edcia pacificadora. O aumento da presen\u00e7a da pol\u00edcia na favela traz seguran\u00e7a o que conseq\u00fcentemente faz com que a localidade seja mais valorizada ocasionando o aumento nos alugu\u00e9is. Em seguida vem a formaliza\u00e7\u00e3o dos neg\u00f3cios locais e os pagamentos dos servi\u00e7os. O pr\u00f3ximo passo \u00e9 a escritura do terreno. O resultado: um caminho r\u00e1pido para a gentrifica\u00e7\u00e3o (&#8220;remo\u00e7\u00e3o branca&#8221;) pago com dinheiro p\u00fablico em nome do \u201ccombate a pobreza\u201d e \u201cintegra\u00e7\u00e3o da cidade\u201d.<\/p>\n<p><a href=\"http:\/\/rioonwatch.org.br\/?attachment_id=3005\" rel=\"attachment wp-att-3005\"><img loading=\"lazy\" decoding=\"async\" class=\"alignright\" title=\"Muzema\" src=\"http:\/\/rioonwatch.org.br\/wp-content\/uploads\/2012\/04\/MuzemaBarraFromAbove-300x198.jpg\" alt=\"\" width=\"300\" height=\"198\" \/><\/a>O Rio aparentemente ficar\u00e1 \u201cseguro para as olimp\u00edadas\u201d atrav\u00e9s da expuls\u00e3o de seus moradores de baixa renda para a periferia, para onde o crime tamb\u00e9m est\u00e1 indo. Aqui no Brasil e especialmente no Rio, n\u00f3s temos uma tradi\u00e7\u00e3o de desigualdade \u2013 e sua conseq\u00fc\u00eancia natural, a criminalidade \u2013 e parece que os <a href=\"http:\/\/rioonwatch.org\/?p=3367\">pr\u00f3ximos mega eventos s\u00f3 ir\u00e3o aument\u00e1-los.<\/a><\/p>\n<p>Seria muito mais criativo, eficaz e fortalecedor se os recursos fossem direcionadas para a integra\u00e7\u00e3o participativa. Isso seria um legado, deixado pelas Olimp\u00edadas, de se orgulhar: o Rio poder oferecer um modelo a ser aplicado em todo o mundo. Com a ONU-Habitat prevendo que <a href=\"http:\/\/bit.ly\/HQ0pMo\">3 bilh\u00f5es de pessoas<\/a> ir\u00e3o morar em \u00e1reas prec\u00e1rias urbanas em 2050, o mundo poderia usar essa lideran\u00e7a.<\/p>\n<\/div>\n<\/div>\n<\/div>\n<!-- AddThis Advanced Settings generic via filter on the_content --><!-- AddThis Share Buttons generic via filter on the_content -->","protected":false},"excerpt":{"rendered":"<div class=\"mh-excerpt\"><p>Click Here for English Diretora Executiva da ComCat, Theresa\u00a0Williamson, foi debatedora convidada do\u00a0f\u00f3rum de debate do The New York Times\u00a0sobre o legado dos megaeventos. Veja aqui a tradu\u00e7\u00e3o da mat\u00e9ria do debate: O Rio de <a class=\"mh-excerpt-more\" href=\"https:\/\/rioonwatch.org.br\/?p=3023\" title=\"Uma Oportunidade Perdida no Rio\">[&#8230;]<\/a><!-- AddThis Advanced Settings generic via filter on get_the_excerpt --><!-- AddThis Share Buttons generic via filter on get_the_excerpt --><\/p>\n<\/div>","protected":false},"author":129,"featured_media":3028,"comment_status":"closed","ping_status":"closed","sticky":false,"template":"","format":"standard","meta":{"_acf_changed":false,"_monsterinsights_skip_tracking":false,"_monsterinsights_sitenote_active":false,"_monsterinsights_sitenote_note":"","_monsterinsights_sitenote_category":0,"footnotes":""},"categories":[1617,1614,1635,344,342],"tags":[389,395,1240,78,14],"writer":[284],"translator":[289],"source":[],"ilustrador":[],"fotografo":[],"class_list":{"0":"post-3023","1":"post","2":"type-post","3":"status-publish","4":"format-standard","5":"has-post-thumbnail","7":"category-olhonagentrificacao","8":"category-olhonasremocoes","9":"category-1635","10":"category-politicas","11":"category-solucoes","12":"tag-copa-do-mundo","13":"tag-gentrificacao-remocao-branca","14":"tag-megaeventos","15":"tag-olimpiadas","16":"tag-remocao","17":"writer-theresa-williamson","18":"translator-ana-rosa-santos"},"acf":[],"yoast_head":"<!-- This site is optimized with the Yoast SEO plugin v25.6 - https:\/\/yoast.com\/wordpress\/plugins\/seo\/ -->\n<title>Uma Oportunidade Perdida no Rio - RioOnWatch<\/title>\n<meta name=\"robots\" content=\"index, follow, max-snippet:-1, max-image-preview:large, max-video-preview:-1\" \/>\n<link rel=\"canonical\" href=\"https:\/\/rioonwatch.org.br\/?p=3023\" \/>\n<meta property=\"og:locale\" content=\"pt_BR\" \/>\n<meta property=\"og:type\" content=\"article\" \/>\n<meta property=\"og:title\" content=\"Uma Oportunidade Perdida no Rio - RioOnWatch\" \/>\n<meta property=\"og:description\" content=\"Click Here for English Diretora Executiva da ComCat, Theresa\u00a0Williamson, foi debatedora convidada do\u00a0f\u00f3rum de debate do The New York Times\u00a0sobre o legado dos megaeventos. Veja aqui a tradu\u00e7\u00e3o da mat\u00e9ria do debate: O Rio de [...]\" \/>\n<meta property=\"og:url\" content=\"https:\/\/rioonwatch.org.br\/?p=3023\" \/>\n<meta property=\"og:site_name\" content=\"RioOnWatch\" \/>\n<meta property=\"article:published_time\" content=\"2012-04-03T14:13:35+00:00\" \/>\n<meta property=\"article:modified_time\" content=\"2024-06-20T19:31:27+00:00\" \/>\n<meta property=\"og:image\" content=\"https:\/\/rioonwatch.org.br\/wp-content\/uploads\/2012\/04\/RoomForDebateCover1.jpg\" \/>\n\t<meta property=\"og:image:width\" content=\"300\" \/>\n\t<meta property=\"og:image:height\" content=\"211\" \/>\n\t<meta property=\"og:image:type\" content=\"image\/jpeg\" \/>\n<meta name=\"author\" content=\"Admin\" \/>\n<meta name=\"twitter:card\" content=\"summary_large_image\" \/>\n<meta name=\"twitter:label1\" content=\"Escrito por\" \/>\n\t<meta name=\"twitter:data1\" content=\"Admin\" \/>\n\t<meta name=\"twitter:label2\" content=\"Est. tempo de leitura\" \/>\n\t<meta name=\"twitter:data2\" content=\"4 minutos\" \/>\n<script type=\"application\/ld+json\" class=\"yoast-schema-graph\">{\"@context\":\"https:\/\/schema.org\",\"@graph\":[{\"@type\":\"Article\",\"@id\":\"https:\/\/rioonwatch.org.br\/?p=3023#article\",\"isPartOf\":{\"@id\":\"https:\/\/rioonwatch.org.br\/?p=3023\"},\"author\":{\"name\":\"Admin\",\"@id\":\"https:\/\/rioonwatch.org.br\/#\/schema\/person\/11d64c290506f9df50c71b850c473f68\"},\"headline\":\"Uma Oportunidade Perdida no Rio\",\"datePublished\":\"2012-04-03T14:13:35+00:00\",\"dateModified\":\"2024-06-20T19:31:27+00:00\",\"mainEntityOfPage\":{\"@id\":\"https:\/\/rioonwatch.org.br\/?p=3023\"},\"wordCount\":731,\"publisher\":{\"@id\":\"https:\/\/rioonwatch.org.br\/#organization\"},\"image\":{\"@id\":\"https:\/\/rioonwatch.org.br\/?p=3023#primaryimage\"},\"thumbnailUrl\":\"https:\/\/rioonwatch.org.br\/wp-content\/uploads\/2012\/04\/RoomForDebateCover1.jpg\",\"keywords\":[\"Copa do Mundo\",\"gentrifica\u00e7\u00e3o\",\"Megaeventos\",\"Olimp\u00edadas\",\"Remo\u00e7\u00e3o\"],\"articleSection\":[\"#OlhoNaGentrifica\u00e7\u00e3o\",\"#OlhoNasRemo\u00e7\u00f5es\",\"#Rio2016\",\"Pol\u00edticas\",\"Solu\u00e7\u00f5es\"],\"inLanguage\":\"pt-BR\"},{\"@type\":\"WebPage\",\"@id\":\"https:\/\/rioonwatch.org.br\/?p=3023\",\"url\":\"https:\/\/rioonwatch.org.br\/?p=3023\",\"name\":\"Uma Oportunidade Perdida no Rio - RioOnWatch\",\"isPartOf\":{\"@id\":\"https:\/\/rioonwatch.org.br\/#website\"},\"primaryImageOfPage\":{\"@id\":\"https:\/\/rioonwatch.org.br\/?p=3023#primaryimage\"},\"image\":{\"@id\":\"https:\/\/rioonwatch.org.br\/?p=3023#primaryimage\"},\"thumbnailUrl\":\"https:\/\/rioonwatch.org.br\/wp-content\/uploads\/2012\/04\/RoomForDebateCover1.jpg\",\"datePublished\":\"2012-04-03T14:13:35+00:00\",\"dateModified\":\"2024-06-20T19:31:27+00:00\",\"breadcrumb\":{\"@id\":\"https:\/\/rioonwatch.org.br\/?p=3023#breadcrumb\"},\"inLanguage\":\"pt-BR\",\"potentialAction\":[{\"@type\":\"ReadAction\",\"target\":[\"https:\/\/rioonwatch.org.br\/?p=3023\"]}]},{\"@type\":\"ImageObject\",\"inLanguage\":\"pt-BR\",\"@id\":\"https:\/\/rioonwatch.org.br\/?p=3023#primaryimage\",\"url\":\"https:\/\/rioonwatch.org.br\/wp-content\/uploads\/2012\/04\/RoomForDebateCover1.jpg\",\"contentUrl\":\"https:\/\/rioonwatch.org.br\/wp-content\/uploads\/2012\/04\/RoomForDebateCover1.jpg\",\"width\":300,\"height\":211},{\"@type\":\"BreadcrumbList\",\"@id\":\"https:\/\/rioonwatch.org.br\/?p=3023#breadcrumb\",\"itemListElement\":[{\"@type\":\"ListItem\",\"position\":1,\"name\":\"In\u00edcio\",\"item\":\"https:\/\/rioonwatch.org.br\/\"},{\"@type\":\"ListItem\",\"position\":2,\"name\":\"Uma Oportunidade Perdida no Rio\"}]},{\"@type\":\"WebSite\",\"@id\":\"https:\/\/rioonwatch.org.br\/#website\",\"url\":\"https:\/\/rioonwatch.org.br\/\",\"name\":\"RioOnWatch\",\"description\":\"relatos das favelas cariocas\",\"publisher\":{\"@id\":\"https:\/\/rioonwatch.org.br\/#organization\"},\"potentialAction\":[{\"@type\":\"SearchAction\",\"target\":{\"@type\":\"EntryPoint\",\"urlTemplate\":\"https:\/\/rioonwatch.org.br\/?s={search_term_string}\"},\"query-input\":{\"@type\":\"PropertyValueSpecification\",\"valueRequired\":true,\"valueName\":\"search_term_string\"}}],\"inLanguage\":\"pt-BR\"},{\"@type\":\"Organization\",\"@id\":\"https:\/\/rioonwatch.org.br\/#organization\",\"name\":\"RioOnWatch\",\"url\":\"https:\/\/rioonwatch.org.br\/\",\"logo\":{\"@type\":\"ImageObject\",\"inLanguage\":\"pt-BR\",\"@id\":\"https:\/\/rioonwatch.org.br\/#\/schema\/logo\/image\/\",\"url\":\"https:\/\/rioonwatch.org.br\/wp-content\/uploads\/2021\/06\/RioOnWatchcabecalhoPT11anos-2.png\",\"contentUrl\":\"https:\/\/rioonwatch.org.br\/wp-content\/uploads\/2021\/06\/RioOnWatchcabecalhoPT11anos-2.png\",\"width\":779,\"height\":277,\"caption\":\"RioOnWatch\"},\"image\":{\"@id\":\"https:\/\/rioonwatch.org.br\/#\/schema\/logo\/image\/\"}},{\"@type\":\"Person\",\"@id\":\"https:\/\/rioonwatch.org.br\/#\/schema\/person\/11d64c290506f9df50c71b850c473f68\",\"name\":\"Admin\",\"image\":{\"@type\":\"ImageObject\",\"inLanguage\":\"pt-BR\",\"@id\":\"https:\/\/rioonwatch.org.br\/#\/schema\/person\/image\/\",\"url\":\"https:\/\/secure.gravatar.com\/avatar\/56211ac74568383903349a1485e3c325?s=96&d=blank&r=g\",\"contentUrl\":\"https:\/\/secure.gravatar.com\/avatar\/56211ac74568383903349a1485e3c325?s=96&d=blank&r=g\",\"caption\":\"Admin\"},\"url\":\"https:\/\/rioonwatch.org.br\/?author=129\"}]}<\/script>\n<!-- \/ Yoast SEO plugin. -->","yoast_head_json":{"title":"Uma Oportunidade Perdida no Rio - RioOnWatch","robots":{"index":"index","follow":"follow","max-snippet":"max-snippet:-1","max-image-preview":"max-image-preview:large","max-video-preview":"max-video-preview:-1"},"canonical":"https:\/\/rioonwatch.org.br\/?p=3023","og_locale":"pt_BR","og_type":"article","og_title":"Uma Oportunidade Perdida no Rio - RioOnWatch","og_description":"Click Here for English Diretora Executiva da ComCat, Theresa\u00a0Williamson, foi debatedora convidada do\u00a0f\u00f3rum de debate do The New York Times\u00a0sobre o legado dos megaeventos. Veja aqui a tradu\u00e7\u00e3o da mat\u00e9ria do debate: O Rio de [...]","og_url":"https:\/\/rioonwatch.org.br\/?p=3023","og_site_name":"RioOnWatch","article_published_time":"2012-04-03T14:13:35+00:00","article_modified_time":"2024-06-20T19:31:27+00:00","og_image":[{"width":300,"height":211,"url":"https:\/\/rioonwatch.org.br\/wp-content\/uploads\/2012\/04\/RoomForDebateCover1.jpg","type":"image\/jpeg"}],"author":"Admin","twitter_card":"summary_large_image","twitter_misc":{"Escrito por":"Admin","Est. tempo de leitura":"4 minutos"},"schema":{"@context":"https:\/\/schema.org","@graph":[{"@type":"Article","@id":"https:\/\/rioonwatch.org.br\/?p=3023#article","isPartOf":{"@id":"https:\/\/rioonwatch.org.br\/?p=3023"},"author":{"name":"Admin","@id":"https:\/\/rioonwatch.org.br\/#\/schema\/person\/11d64c290506f9df50c71b850c473f68"},"headline":"Uma Oportunidade Perdida no Rio","datePublished":"2012-04-03T14:13:35+00:00","dateModified":"2024-06-20T19:31:27+00:00","mainEntityOfPage":{"@id":"https:\/\/rioonwatch.org.br\/?p=3023"},"wordCount":731,"publisher":{"@id":"https:\/\/rioonwatch.org.br\/#organization"},"image":{"@id":"https:\/\/rioonwatch.org.br\/?p=3023#primaryimage"},"thumbnailUrl":"https:\/\/rioonwatch.org.br\/wp-content\/uploads\/2012\/04\/RoomForDebateCover1.jpg","keywords":["Copa do Mundo","gentrifica\u00e7\u00e3o","Megaeventos","Olimp\u00edadas","Remo\u00e7\u00e3o"],"articleSection":["#OlhoNaGentrifica\u00e7\u00e3o","#OlhoNasRemo\u00e7\u00f5es","#Rio2016","Pol\u00edticas","Solu\u00e7\u00f5es"],"inLanguage":"pt-BR"},{"@type":"WebPage","@id":"https:\/\/rioonwatch.org.br\/?p=3023","url":"https:\/\/rioonwatch.org.br\/?p=3023","name":"Uma Oportunidade Perdida no Rio - RioOnWatch","isPartOf":{"@id":"https:\/\/rioonwatch.org.br\/#website"},"primaryImageOfPage":{"@id":"https:\/\/rioonwatch.org.br\/?p=3023#primaryimage"},"image":{"@id":"https:\/\/rioonwatch.org.br\/?p=3023#primaryimage"},"thumbnailUrl":"https:\/\/rioonwatch.org.br\/wp-content\/uploads\/2012\/04\/RoomForDebateCover1.jpg","datePublished":"2012-04-03T14:13:35+00:00","dateModified":"2024-06-20T19:31:27+00:00","breadcrumb":{"@id":"https:\/\/rioonwatch.org.br\/?p=3023#breadcrumb"},"inLanguage":"pt-BR","potentialAction":[{"@type":"ReadAction","target":["https:\/\/rioonwatch.org.br\/?p=3023"]}]},{"@type":"ImageObject","inLanguage":"pt-BR","@id":"https:\/\/rioonwatch.org.br\/?p=3023#primaryimage","url":"https:\/\/rioonwatch.org.br\/wp-content\/uploads\/2012\/04\/RoomForDebateCover1.jpg","contentUrl":"https:\/\/rioonwatch.org.br\/wp-content\/uploads\/2012\/04\/RoomForDebateCover1.jpg","width":300,"height":211},{"@type":"BreadcrumbList","@id":"https:\/\/rioonwatch.org.br\/?p=3023#breadcrumb","itemListElement":[{"@type":"ListItem","position":1,"name":"In\u00edcio","item":"https:\/\/rioonwatch.org.br\/"},{"@type":"ListItem","position":2,"name":"Uma Oportunidade Perdida no Rio"}]},{"@type":"WebSite","@id":"https:\/\/rioonwatch.org.br\/#website","url":"https:\/\/rioonwatch.org.br\/","name":"RioOnWatch","description":"relatos das favelas cariocas","publisher":{"@id":"https:\/\/rioonwatch.org.br\/#organization"},"potentialAction":[{"@type":"SearchAction","target":{"@type":"EntryPoint","urlTemplate":"https:\/\/rioonwatch.org.br\/?s={search_term_string}"},"query-input":{"@type":"PropertyValueSpecification","valueRequired":true,"valueName":"search_term_string"}}],"inLanguage":"pt-BR"},{"@type":"Organization","@id":"https:\/\/rioonwatch.org.br\/#organization","name":"RioOnWatch","url":"https:\/\/rioonwatch.org.br\/","logo":{"@type":"ImageObject","inLanguage":"pt-BR","@id":"https:\/\/rioonwatch.org.br\/#\/schema\/logo\/image\/","url":"https:\/\/rioonwatch.org.br\/wp-content\/uploads\/2021\/06\/RioOnWatchcabecalhoPT11anos-2.png","contentUrl":"https:\/\/rioonwatch.org.br\/wp-content\/uploads\/2021\/06\/RioOnWatchcabecalhoPT11anos-2.png","width":779,"height":277,"caption":"RioOnWatch"},"image":{"@id":"https:\/\/rioonwatch.org.br\/#\/schema\/logo\/image\/"}},{"@type":"Person","@id":"https:\/\/rioonwatch.org.br\/#\/schema\/person\/11d64c290506f9df50c71b850c473f68","name":"Admin","image":{"@type":"ImageObject","inLanguage":"pt-BR","@id":"https:\/\/rioonwatch.org.br\/#\/schema\/person\/image\/","url":"https:\/\/secure.gravatar.com\/avatar\/56211ac74568383903349a1485e3c325?s=96&d=blank&r=g","contentUrl":"https:\/\/secure.gravatar.com\/avatar\/56211ac74568383903349a1485e3c325?s=96&d=blank&r=g","caption":"Admin"},"url":"https:\/\/rioonwatch.org.br\/?author=129"}]}},"_links":{"self":[{"href":"https:\/\/rioonwatch.org.br\/index.php?rest_route=\/wp\/v2\/posts\/3023"}],"collection":[{"href":"https:\/\/rioonwatch.org.br\/index.php?rest_route=\/wp\/v2\/posts"}],"about":[{"href":"https:\/\/rioonwatch.org.br\/index.php?rest_route=\/wp\/v2\/types\/post"}],"author":[{"embeddable":true,"href":"https:\/\/rioonwatch.org.br\/index.php?rest_route=\/wp\/v2\/users\/129"}],"replies":[{"embeddable":true,"href":"https:\/\/rioonwatch.org.br\/index.php?rest_route=%2Fwp%2Fv2%2Fcomments&post=3023"}],"version-history":[{"count":50,"href":"https:\/\/rioonwatch.org.br\/index.php?rest_route=\/wp\/v2\/posts\/3023\/revisions"}],"predecessor-version":[{"id":74357,"href":"https:\/\/rioonwatch.org.br\/index.php?rest_route=\/wp\/v2\/posts\/3023\/revisions\/74357"}],"wp:featuredmedia":[{"embeddable":true,"href":"https:\/\/rioonwatch.org.br\/index.php?rest_route=\/wp\/v2\/media\/3028"}],"wp:attachment":[{"href":"https:\/\/rioonwatch.org.br\/index.php?rest_route=%2Fwp%2Fv2%2Fmedia&parent=3023"}],"wp:term":[{"taxonomy":"category","embeddable":true,"href":"https:\/\/rioonwatch.org.br\/index.php?rest_route=%2Fwp%2Fv2%2Fcategories&post=3023"},{"taxonomy":"post_tag","embeddable":true,"href":"https:\/\/rioonwatch.org.br\/index.php?rest_route=%2Fwp%2Fv2%2Ftags&post=3023"},{"taxonomy":"writer","embeddable":true,"href":"https:\/\/rioonwatch.org.br\/index.php?rest_route=%2Fwp%2Fv2%2Fwriter&post=3023"},{"taxonomy":"translator","embeddable":true,"href":"https:\/\/rioonwatch.org.br\/index.php?rest_route=%2Fwp%2Fv2%2Ftranslator&post=3023"},{"taxonomy":"source","embeddable":true,"href":"https:\/\/rioonwatch.org.br\/index.php?rest_route=%2Fwp%2Fv2%2Fsource&post=3023"},{"taxonomy":"ilustrador","embeddable":true,"href":"https:\/\/rioonwatch.org.br\/index.php?rest_route=%2Fwp%2Fv2%2Filustrador&post=3023"},{"taxonomy":"fotografo","embeddable":true,"href":"https:\/\/rioonwatch.org.br\/index.php?rest_route=%2Fwp%2Fv2%2Ffotografo&post=3023"}],"curies":[{"name":"wp","href":"https:\/\/api.w.org\/{rel}","templated":true}]}}