{"id":30248,"date":"2017-12-19T15:42:36","date_gmt":"2017-12-19T18:42:36","guid":{"rendered":"http:\/\/rioonwatch.org.br\/?p=30248"},"modified":"2025-08-29T08:47:54","modified_gmt":"2025-08-29T11:47:54","slug":"rolebilidade-da-favela-e-foco-do-12o-circulando-no-alemao","status":"publish","type":"post","link":"https:\/\/rioonwatch.org.br\/?p=30248","title":{"rendered":"&#8216;Rol\u00e9bilidade&#8217; da Favela \u00e9 Foco do 13\u00ba Circulando no Alem\u00e3o"},"content":{"rendered":"<p style=\"text-align: right;\"><em><strong><a href=\"http:\/\/bit.ly\/2BP7QFb\" target=\"_blank\" rel=\"noopener noreferrer\">Click Here for English<img decoding=\"async\" width=\"20\" height=\"20\" class=\"alignright wp-image-15790\" src=\"http:\/\/rioonwatch.org.br\/wp-content\/uploads\/2012\/08\/EN-standard-e1439583104716.jpg\" \/><\/a><\/strong><\/em><\/p>\n<p>Seguindo o evento do ano passado <a href=\"http:\/\/bit.ly\/2hSFCi4\" target=\"_blank\" rel=\"noopener\">focado na &#8216;reinventividade&#8217; da favela<\/a>, aconteceu no dia 9 de dezembro a 13\u00aa edi\u00e7\u00e3o do evento \u201c<a href=\"http:\/\/bit.ly\/2CZMtkz\" target=\"_blank\" rel=\"noopener\">Circulando \u2013 Di\u00e1logo e Comunica\u00e7\u00e3o na Favela<\/a>\u201d no <a href=\"http:\/\/bit.ly\/U0MiGm\" target=\"_blank\" rel=\"noopener\">Complexo do Alem\u00e3o<\/a>, <a href=\"http:\/\/bit.ly\/WximDf\" target=\"_blank\" rel=\"noopener\">Zona Norte<\/a>, promovido pelo <a href=\"http:\/\/bit.ly\/2a2Cjo6\" target=\"_blank\" rel=\"noopener\">Instituto Ra\u00edzes em Movimento<\/a>. O tema central deste ano foi a\u00a0<a href=\"http:\/\/bit.ly\/1WkJojx\" target=\"_blank\" rel=\"noopener\">mobilidade<\/a>, ou como escolheram chamar os organizadores de forma mais adequada \u00e0 linguagem do morador:\u00a0<a href=\"http:\/\/bit.ly\/LYZ10v\" target=\"_blank\" rel=\"noopener\">rol\u00e9bilidade<\/a>. O evento promove lutas por direitos e transforma\u00e7\u00e3o social por meio da arte, da <a href=\"http:\/\/bit.ly\/1NzHxSq\" target=\"_blank\" rel=\"noopener\">cultura<\/a>, da troca de conhecimentos, da experi\u00eancia com o outro&#8211;que passa pelo encontro no Alem\u00e3o desses atores atuando em rede pela cidade.<\/p>\n<p><a href=\"http:\/\/rioonwatch.org.br\/wp-content\/uploads\/2017\/12\/circulando3.jpg\"><img fetchpriority=\"high\" decoding=\"async\" class=\"aligncenter wp-image-30260 size-content\" title=\"Foto: Instituto Ra\u00edzes em Movimento.\" src=\"http:\/\/rioonwatch.org.br\/wp-content\/uploads\/2017\/12\/circulando3-e1513638054919-620x264.jpg\" alt=\"\" width=\"620\" height=\"264\" srcset=\"https:\/\/rioonwatch.org.br\/wp-content\/uploads\/2017\/12\/circulando3-e1513638054919-620x264.jpg 620w, https:\/\/rioonwatch.org.br\/wp-content\/uploads\/2017\/12\/circulando3-e1513638054919-617x264.jpg 617w, https:\/\/rioonwatch.org.br\/wp-content\/uploads\/2017\/12\/circulando3-e1513638054919.jpg 638w\" sizes=\"(max-width: 620px) 100vw, 620px\" \/><\/a><\/p>\n<p>&#8220;A coisa mais importante do evento \u00e9 a ocupa\u00e7\u00e3o do espa\u00e7o da rua. Ele prioriza a rua, tudo acontece na rua. E assim convida n\u00e3o s\u00f3 os moradores a ocuparem esse espa\u00e7o, mas toda a cidade. \u00c9 uma forma de mostrar que a favela \u00e9 o espa\u00e7o de todos. De mostrar a import\u00e2ncia de circular pela favela, o que eles est\u00e3o chamando de rolebilidade. \u00c9 perceber que favela \u00e9 cidade e cidade \u00e9 favela. Ainda que a favela seja pouco circulada, pouco compreendida, marcada por estere\u00f3tipos <a href=\"http:\/\/bit.ly\/1ZVXkRS\" target=\"_blank\" rel=\"noopener\">criados pela m\u00eddia<\/a>&#8220;, colocou Edilano Cavalcante, morador de <a href=\"http:\/\/bit.ly\/ZC9b6z\" target=\"_blank\" rel=\"noopener\">Manguinhos<\/a>.<\/p>\n<p>Durante o evento, houve exibi\u00e7\u00e3o seguida de bate papo do filme &#8220;<em><a href=\"http:\/\/bit.ly\/2BJIOJU\" target=\"_blank\" rel=\"noopener\">Quando Voc\u00ea Chegou Meu Santo J\u00e1 Estava<\/a><\/em>&#8220;, produzido como resultado final do projeto <a href=\"http:\/\/bit.ly\/2CBLk1T\" target=\"_blank\" rel=\"noopener\">Faveladoc.com<\/a> desse ano, que resgata hist\u00f3rias de religi\u00f5es de matriz africana no Alem\u00e3o por meio das rela\u00e7\u00f5es afetivas dos personagens com o territ\u00f3rio e a religi\u00e3o e suas interliga\u00e7\u00f5es entre si e com a <a href=\"http:\/\/bit.ly\/1OcSEDn\" target=\"_blank\" rel=\"noopener\">mem\u00f3ria<\/a>\u00a0local. Tamb\u00e9m foi exibido o filme \u201c<em><a href=\"http:\/\/bit.ly\/2vteVrJ\" target=\"_blank\" rel=\"noopener\">Trajetos<\/a>\u201d<\/em>, produzido pelo <a href=\"http:\/\/bit.ly\/2vIomH2\" target=\"_blank\" rel=\"noopener\">Canal Pl\u00e1<\/a>, de <a href=\"http:\/\/bit.ly\/1xgiXjq\" target=\"_blank\" rel=\"noopener\">Nova Igua\u00e7u<\/a>, que conta hist\u00f3rias e afetos nas longas rotas dos <a href=\"http:\/\/bit.ly\/1yzeVVK\" target=\"_blank\" rel=\"noopener\">transportes p\u00fablicos<\/a> da cidade, mostrando um lado positivo da mobilidade a despeito de suas defici\u00eancias.<\/p>\n<p>Foram exibidos, ainda, curtas sobre mobilidade urbana feitos por grupos de comunica\u00e7\u00e3o popular em parceria com a <a href=\"http:\/\/bit.ly\/2dIaCD9\" target=\"_blank\" rel=\"noopener\">Casa Fluminense<\/a>, que inclu\u00edram \u201c<em>Motot\u00e1xi do Azul<\/em>\u201d, produzido pelo coletivo multim\u00eddia\u00a0<a href=\"http:\/\/bit.ly\/1Aq7NJ2\" target=\"_blank\" rel=\"noopener\">Favela em Foco<\/a>, \u201c<em>Sobre Dormentes, Estamos Acordadas<\/em>\u201d, produzido pela <a href=\"http:\/\/bit.ly\/2AVq7zq\" target=\"_blank\" rel=\"noopener\">Fac\u00e7\u00e3o Feminista Cineclube<\/a> sobre a experi\u00eancia feminina no transporte p\u00fablico, \u201c<em>Bilhete<\/em>\u201d, produzido por Wesley Brasil investigando os interesses envolvidos nas tramita\u00e7\u00f5es do Bilhete \u00danico, e \u201c<em>Conversa Afiada<\/em>\u201d, produzido pelo <a href=\"http:\/\/bit.ly\/GUXh5D\" target=\"_blank\" rel=\"noopener\">Instituto Ra\u00edzes em Movimento<\/a>.<\/p>\n<p><a href=\"http:\/\/rioonwatch.org.br\/wp-content\/uploads\/2017\/12\/circulandoaline-e1513637506768.jpg\"><img decoding=\"async\" class=\"aligncenter wp-image-30255 size-content\" title=\"Equipe da Casa Fluminense com os comunicadores comunit\u00e1rios apoiados. Foto: Aline Souza.\" src=\"http:\/\/rioonwatch.org.br\/wp-content\/uploads\/2017\/12\/circulandoaline-e1513637506768-620x264.jpg\" alt=\"\" width=\"620\" height=\"264\" srcset=\"https:\/\/rioonwatch.org.br\/wp-content\/uploads\/2017\/12\/circulandoaline-e1513637506768-620x264.jpg 620w, https:\/\/rioonwatch.org.br\/wp-content\/uploads\/2017\/12\/circulandoaline-e1513637506768-768x327.jpg 768w, https:\/\/rioonwatch.org.br\/wp-content\/uploads\/2017\/12\/circulandoaline-e1513637506768.jpg 853w\" sizes=\"(max-width: 620px) 100vw, 620px\" \/><\/a><\/p>\n<p>No debate que sucedeu os filmes, com a presen\u00e7a dos seus respectivos realizadores, Luiz Baltar, do <a href=\"http:\/\/bit.ly\/1Aq7NJ2\" target=\"_blank\" rel=\"noopener\"><em>Favela em Foco<\/em><\/a>, disse que o apoio a coletivos de <a href=\"http:\/\/bit.ly\/1jEgxaJ\" target=\"_blank\" rel=\"noopener\">comunica\u00e7\u00e3o comunit\u00e1ria<\/a> \u00e9 fundamental, pois incentiva um jornalismo independente que tem um papel hist\u00f3rico de <a href=\"http:\/\/bit.ly\/1piRAgk\" target=\"_blank\" rel=\"noopener\">resist\u00eancia<\/a> e que possui legitimidade para falar das quest\u00f5es do territ\u00f3rio, al\u00e9m de ter base coletiva. A Casa Fluminense liderou uma roda de conversa no local sobre <a href=\"http:\/\/bit.ly\/1SgXd1Q\" target=\"_blank\" rel=\"noopener\">pol\u00edticas p\u00fablicas<\/a> para mobilidade e planejamento urbano no Rio de Janeiro.<\/p>\n<p>Tamb\u00e9m fez parte da programa\u00e7\u00e3o o <a href=\"http:\/\/bit.ly\/2D0eUPF\" target=\"_blank\" rel=\"noopener\">I Festival Leopoldina Org\u00e2nica<\/a>, promovendo a\u00e7\u00f5es de tratamento de res\u00edduos, produ\u00e7\u00e3o de alimentos e agroecologia, e estavam sendo exibidos e vendidos livros que cont\u00eam importantes registros acerca da hist\u00f3ria da favela (como iniciativa do <a href=\"http:\/\/bit.ly\/2D7ujgY\" target=\"_blank\" rel=\"noopener\">CEPEDOCA<\/a>, o Centro de Pesquisa, Documenta\u00e7\u00e3o e Mem\u00f3ria do Complexo do Alem\u00e3o) e alimentos org\u00e2nicos, como forma de conscientiza\u00e7\u00e3o sobre a import\u00e2ncia destes alimentos. Durante todo o dia aconteceram ainda interven\u00e7\u00f5es musicais, teatrais, po\u00e9ticas e de grafite. Dona Jandira, de 87 anos de idade, e morando 70 deles no Alem\u00e3o, teve sua imagem grafitada como forma de homenagem no dia.<\/p>\n<p><a href=\"http:\/\/rioonwatch.org.br\/wp-content\/uploads\/2017\/12\/jandirabrum.jpg\"><img loading=\"lazy\" decoding=\"async\" class=\"aligncenter wp-image-30256 size-content\" title=\"Dona Jandira, homenageada, com Alan Brum, do Instituto Ra\u00edzes em Movimento.\" src=\"http:\/\/rioonwatch.org.br\/wp-content\/uploads\/2017\/12\/jandirabrum-620x264.jpg\" alt=\"\" width=\"620\" height=\"264\" srcset=\"https:\/\/rioonwatch.org.br\/wp-content\/uploads\/2017\/12\/jandirabrum-620x264.jpg 620w, https:\/\/rioonwatch.org.br\/wp-content\/uploads\/2017\/12\/jandirabrum-940x400.jpg 940w\" sizes=\"(max-width: 620px) 100vw, 620px\" \/><\/a><\/p>\n<!-- AddThis Advanced Settings generic via filter on the_content --><!-- AddThis Share Buttons generic via filter on the_content -->","protected":false},"excerpt":{"rendered":"<div class=\"mh-excerpt\"><p>Click Here for English Seguindo o evento do ano passado focado na &#8216;reinventividade&#8217; da favela, aconteceu no dia 9 de dezembro a 13\u00aa edi\u00e7\u00e3o do evento \u201cCirculando \u2013 Di\u00e1logo e Comunica\u00e7\u00e3o na Favela\u201d no Complexo <a class=\"mh-excerpt-more\" href=\"https:\/\/rioonwatch.org.br\/?p=30248\" title=\"&#8216;Rol\u00e9bilidade&#8217; da Favela \u00e9 Foco do 13\u00ba Circulando no Alem\u00e3o\">[&#8230;]<\/a><!-- AddThis Advanced Settings generic via filter on get_the_excerpt --><!-- AddThis Share Buttons generic via filter on get_the_excerpt --><\/p>\n<\/div>","protected":false},"author":152,"featured_media":30257,"comment_status":"closed","ping_status":"closed","sticky":false,"template":"","format":"standard","meta":{"_acf_changed":false,"_monsterinsights_skip_tracking":false,"_monsterinsights_sitenote_active":false,"_monsterinsights_sitenote_note":"","_monsterinsights_sitenote_category":0,"footnotes":""},"categories":[1621,1627,1615,1616,1612,342],"tags":[386,1597,948,217,1530,81,421,811,922,1368,2173,636,469,560,1760,961,41,838,126,1517,375,370,218],"writer":[1994],"translator":[],"source":[],"ilustrador":[],"fotografo":[],"class_list":{"0":"post-30248","1":"post","2":"type-post","3":"status-publish","4":"format-standard","5":"has-post-thumbnail","7":"category-destaque","8":"category-relato-de-evento","9":"category-cultura-da-favela","10":"category-qualidades-da-favela","11":"category-sociedade-civil","12":"category-solucoes","13":"tag-estigma","14":"tag-casa-fluminense","15":"tag-coletivo","16":"tag-complexo-do-alemao","17":"tag-midia-comunitaria","18":"tag-cultura","19":"tag-cultura-da-favela","20":"tag-espaco-publico","21":"tag-evento","22":"tag-filme","23":"tag-leopoldina","24":"tag-manguinhos","25":"tag-memoria","26":"tag-mobilidade","27":"tag-narrativa-midiatica","28":"tag-nova-iguacu","29":"tag-organicos","30":"tag-politica-publica","31":"tag-preconceito","32":"tag-raizes-em-movimento","33":"tag-terceira-idade","34":"tag-transporte-publico","35":"tag-zona-norte","36":"writer-luisa-fenizola"},"acf":[],"yoast_head":"<!-- This site is optimized with the Yoast SEO plugin v25.6 - https:\/\/yoast.com\/wordpress\/plugins\/seo\/ -->\n<title>&#039;Rol\u00e9bilidade&#039; da Favela \u00e9 Foco do 13\u00ba Circulando no Alem\u00e3o - RioOnWatch<\/title>\n<meta name=\"robots\" content=\"index, follow, max-snippet:-1, max-image-preview:large, max-video-preview:-1\" \/>\n<link rel=\"canonical\" href=\"https:\/\/rioonwatch.org.br\/?p=30248\" \/>\n<meta property=\"og:locale\" content=\"pt_BR\" \/>\n<meta property=\"og:type\" content=\"article\" \/>\n<meta property=\"og:title\" content=\"&#039;Rol\u00e9bilidade&#039; da Favela \u00e9 Foco do 13\u00ba Circulando no Alem\u00e3o - RioOnWatch\" \/>\n<meta property=\"og:description\" content=\"Click Here for English Seguindo o evento do ano passado focado na &#8216;reinventividade&#8217; da favela, aconteceu no dia 9 de dezembro a 13\u00aa edi\u00e7\u00e3o do evento \u201cCirculando \u2013 Di\u00e1logo e Comunica\u00e7\u00e3o na Favela\u201d no Complexo [...]\" \/>\n<meta property=\"og:url\" content=\"https:\/\/rioonwatch.org.br\/?p=30248\" \/>\n<meta property=\"og:site_name\" content=\"RioOnWatch\" \/>\n<meta property=\"article:published_time\" content=\"2017-12-19T18:42:36+00:00\" \/>\n<meta property=\"article:modified_time\" content=\"2025-08-29T11:47:54+00:00\" \/>\n<meta property=\"og:image\" content=\"https:\/\/rioonwatch.org.br\/wp-content\/uploads\/2017\/12\/circulando.jpg\" \/>\n\t<meta property=\"og:image:width\" content=\"1536\" \/>\n\t<meta property=\"og:image:height\" content=\"1198\" \/>\n\t<meta property=\"og:image:type\" content=\"image\/jpeg\" \/>\n<meta name=\"author\" content=\"Luisa Fenizola\" \/>\n<meta name=\"twitter:card\" content=\"summary_large_image\" \/>\n<meta name=\"twitter:label1\" content=\"Escrito por\" \/>\n\t<meta name=\"twitter:data1\" content=\"Luisa Fenizola\" \/>\n\t<meta name=\"twitter:label2\" content=\"Est. tempo de leitura\" \/>\n\t<meta name=\"twitter:data2\" content=\"3 minutos\" \/>\n<script type=\"application\/ld+json\" class=\"yoast-schema-graph\">{\"@context\":\"https:\/\/schema.org\",\"@graph\":[{\"@type\":\"Article\",\"@id\":\"https:\/\/rioonwatch.org.br\/?p=30248#article\",\"isPartOf\":{\"@id\":\"https:\/\/rioonwatch.org.br\/?p=30248\"},\"author\":{\"name\":\"Luisa Fenizola\",\"@id\":\"https:\/\/rioonwatch.org.br\/#\/schema\/person\/f443c6b55bb6e80842280318076491c5\"},\"headline\":\"&#8216;Rol\u00e9bilidade&#8217; da Favela \u00e9 Foco do 13\u00ba Circulando no Alem\u00e3o\",\"datePublished\":\"2017-12-19T18:42:36+00:00\",\"dateModified\":\"2025-08-29T11:47:54+00:00\",\"mainEntityOfPage\":{\"@id\":\"https:\/\/rioonwatch.org.br\/?p=30248\"},\"wordCount\":611,\"publisher\":{\"@id\":\"https:\/\/rioonwatch.org.br\/#organization\"},\"image\":{\"@id\":\"https:\/\/rioonwatch.org.br\/?p=30248#primaryimage\"},\"thumbnailUrl\":\"https:\/\/rioonwatch.org.br\/wp-content\/uploads\/2017\/12\/circulando.jpg\",\"keywords\":[\"#StopFavelaStigma\",\"Casa Fluminense\",\"coletivo\",\"Complexo do Alem\u00e3o\",\"Comunica\u00e7\u00e3o Comunit\u00e1ria\",\"cultura\",\"cultura da favela\",\"espa\u00e7o p\u00fablico\",\"evento\",\"filme\",\"Leopoldina\",\"Manguinhos\",\"Mem\u00f3rias Faveladas\",\"mobilidade\",\"narrativa midi\u00e1tica\",\"Nova Igua\u00e7u\",\"org\u00e2nico\",\"pol\u00edtica p\u00fablica\",\"preconceito\",\"Ra\u00edzes em Movimento\",\"terceira idade\",\"transporte p\u00fablico\",\"Zona Norte\"],\"articleSection\":[\"*Destaque\",\"Cobertura de Eventos\",\"Cultura da Favela\",\"Qualidades da Favela\",\"Sociedade Civil\",\"Solu\u00e7\u00f5es\"],\"inLanguage\":\"pt-BR\"},{\"@type\":\"WebPage\",\"@id\":\"https:\/\/rioonwatch.org.br\/?p=30248\",\"url\":\"https:\/\/rioonwatch.org.br\/?p=30248\",\"name\":\"'Rol\u00e9bilidade' da Favela \u00e9 Foco do 13\u00ba Circulando no Alem\u00e3o - RioOnWatch\",\"isPartOf\":{\"@id\":\"https:\/\/rioonwatch.org.br\/#website\"},\"primaryImageOfPage\":{\"@id\":\"https:\/\/rioonwatch.org.br\/?p=30248#primaryimage\"},\"image\":{\"@id\":\"https:\/\/rioonwatch.org.br\/?p=30248#primaryimage\"},\"thumbnailUrl\":\"https:\/\/rioonwatch.org.br\/wp-content\/uploads\/2017\/12\/circulando.jpg\",\"datePublished\":\"2017-12-19T18:42:36+00:00\",\"dateModified\":\"2025-08-29T11:47:54+00:00\",\"breadcrumb\":{\"@id\":\"https:\/\/rioonwatch.org.br\/?p=30248#breadcrumb\"},\"inLanguage\":\"pt-BR\",\"potentialAction\":[{\"@type\":\"ReadAction\",\"target\":[\"https:\/\/rioonwatch.org.br\/?p=30248\"]}]},{\"@type\":\"ImageObject\",\"inLanguage\":\"pt-BR\",\"@id\":\"https:\/\/rioonwatch.org.br\/?p=30248#primaryimage\",\"url\":\"https:\/\/rioonwatch.org.br\/wp-content\/uploads\/2017\/12\/circulando.jpg\",\"contentUrl\":\"https:\/\/rioonwatch.org.br\/wp-content\/uploads\/2017\/12\/circulando.jpg\",\"width\":1536,\"height\":1198},{\"@type\":\"BreadcrumbList\",\"@id\":\"https:\/\/rioonwatch.org.br\/?p=30248#breadcrumb\",\"itemListElement\":[{\"@type\":\"ListItem\",\"position\":1,\"name\":\"In\u00edcio\",\"item\":\"https:\/\/rioonwatch.org.br\/\"},{\"@type\":\"ListItem\",\"position\":2,\"name\":\"&#8216;Rol\u00e9bilidade&#8217; da Favela \u00e9 Foco do 13\u00ba Circulando no Alem\u00e3o\"}]},{\"@type\":\"WebSite\",\"@id\":\"https:\/\/rioonwatch.org.br\/#website\",\"url\":\"https:\/\/rioonwatch.org.br\/\",\"name\":\"RioOnWatch\",\"description\":\"relatos das favelas cariocas\",\"publisher\":{\"@id\":\"https:\/\/rioonwatch.org.br\/#organization\"},\"potentialAction\":[{\"@type\":\"SearchAction\",\"target\":{\"@type\":\"EntryPoint\",\"urlTemplate\":\"https:\/\/rioonwatch.org.br\/?s={search_term_string}\"},\"query-input\":{\"@type\":\"PropertyValueSpecification\",\"valueRequired\":true,\"valueName\":\"search_term_string\"}}],\"inLanguage\":\"pt-BR\"},{\"@type\":\"Organization\",\"@id\":\"https:\/\/rioonwatch.org.br\/#organization\",\"name\":\"RioOnWatch\",\"url\":\"https:\/\/rioonwatch.org.br\/\",\"logo\":{\"@type\":\"ImageObject\",\"inLanguage\":\"pt-BR\",\"@id\":\"https:\/\/rioonwatch.org.br\/#\/schema\/logo\/image\/\",\"url\":\"https:\/\/rioonwatch.org.br\/wp-content\/uploads\/2021\/06\/RioOnWatchcabecalhoPT11anos-2.png\",\"contentUrl\":\"https:\/\/rioonwatch.org.br\/wp-content\/uploads\/2021\/06\/RioOnWatchcabecalhoPT11anos-2.png\",\"width\":779,\"height\":277,\"caption\":\"RioOnWatch\"},\"image\":{\"@id\":\"https:\/\/rioonwatch.org.br\/#\/schema\/logo\/image\/\"}},{\"@type\":\"Person\",\"@id\":\"https:\/\/rioonwatch.org.br\/#\/schema\/person\/f443c6b55bb6e80842280318076491c5\",\"name\":\"Luisa Fenizola\",\"image\":{\"@type\":\"ImageObject\",\"inLanguage\":\"pt-BR\",\"@id\":\"https:\/\/rioonwatch.org.br\/#\/schema\/person\/image\/\",\"url\":\"https:\/\/secure.gravatar.com\/avatar\/a3d551110162b9f876cbbdaaecf75663?s=96&d=blank&r=g\",\"contentUrl\":\"https:\/\/secure.gravatar.com\/avatar\/a3d551110162b9f876cbbdaaecf75663?s=96&d=blank&r=g\",\"caption\":\"Luisa Fenizola\"},\"url\":\"https:\/\/rioonwatch.org.br\/?author=152\"}]}<\/script>\n<!-- \/ Yoast SEO plugin. -->","yoast_head_json":{"title":"'Rol\u00e9bilidade' da Favela \u00e9 Foco do 13\u00ba Circulando no Alem\u00e3o - RioOnWatch","robots":{"index":"index","follow":"follow","max-snippet":"max-snippet:-1","max-image-preview":"max-image-preview:large","max-video-preview":"max-video-preview:-1"},"canonical":"https:\/\/rioonwatch.org.br\/?p=30248","og_locale":"pt_BR","og_type":"article","og_title":"'Rol\u00e9bilidade' da Favela \u00e9 Foco do 13\u00ba Circulando no Alem\u00e3o - RioOnWatch","og_description":"Click Here for English Seguindo o evento do ano passado focado na &#8216;reinventividade&#8217; da favela, aconteceu no dia 9 de dezembro a 13\u00aa edi\u00e7\u00e3o do evento \u201cCirculando \u2013 Di\u00e1logo e Comunica\u00e7\u00e3o na Favela\u201d no Complexo [...]","og_url":"https:\/\/rioonwatch.org.br\/?p=30248","og_site_name":"RioOnWatch","article_published_time":"2017-12-19T18:42:36+00:00","article_modified_time":"2025-08-29T11:47:54+00:00","og_image":[{"width":1536,"height":1198,"url":"https:\/\/rioonwatch.org.br\/wp-content\/uploads\/2017\/12\/circulando.jpg","type":"image\/jpeg"}],"author":"Luisa Fenizola","twitter_card":"summary_large_image","twitter_misc":{"Escrito por":"Luisa Fenizola","Est. tempo de leitura":"3 minutos"},"schema":{"@context":"https:\/\/schema.org","@graph":[{"@type":"Article","@id":"https:\/\/rioonwatch.org.br\/?p=30248#article","isPartOf":{"@id":"https:\/\/rioonwatch.org.br\/?p=30248"},"author":{"name":"Luisa Fenizola","@id":"https:\/\/rioonwatch.org.br\/#\/schema\/person\/f443c6b55bb6e80842280318076491c5"},"headline":"&#8216;Rol\u00e9bilidade&#8217; da Favela \u00e9 Foco do 13\u00ba Circulando no Alem\u00e3o","datePublished":"2017-12-19T18:42:36+00:00","dateModified":"2025-08-29T11:47:54+00:00","mainEntityOfPage":{"@id":"https:\/\/rioonwatch.org.br\/?p=30248"},"wordCount":611,"publisher":{"@id":"https:\/\/rioonwatch.org.br\/#organization"},"image":{"@id":"https:\/\/rioonwatch.org.br\/?p=30248#primaryimage"},"thumbnailUrl":"https:\/\/rioonwatch.org.br\/wp-content\/uploads\/2017\/12\/circulando.jpg","keywords":["#StopFavelaStigma","Casa Fluminense","coletivo","Complexo do Alem\u00e3o","Comunica\u00e7\u00e3o Comunit\u00e1ria","cultura","cultura da favela","espa\u00e7o p\u00fablico","evento","filme","Leopoldina","Manguinhos","Mem\u00f3rias Faveladas","mobilidade","narrativa midi\u00e1tica","Nova Igua\u00e7u","org\u00e2nico","pol\u00edtica p\u00fablica","preconceito","Ra\u00edzes em Movimento","terceira idade","transporte p\u00fablico","Zona Norte"],"articleSection":["*Destaque","Cobertura de Eventos","Cultura da Favela","Qualidades da Favela","Sociedade Civil","Solu\u00e7\u00f5es"],"inLanguage":"pt-BR"},{"@type":"WebPage","@id":"https:\/\/rioonwatch.org.br\/?p=30248","url":"https:\/\/rioonwatch.org.br\/?p=30248","name":"'Rol\u00e9bilidade' da Favela \u00e9 Foco do 13\u00ba Circulando no Alem\u00e3o - RioOnWatch","isPartOf":{"@id":"https:\/\/rioonwatch.org.br\/#website"},"primaryImageOfPage":{"@id":"https:\/\/rioonwatch.org.br\/?p=30248#primaryimage"},"image":{"@id":"https:\/\/rioonwatch.org.br\/?p=30248#primaryimage"},"thumbnailUrl":"https:\/\/rioonwatch.org.br\/wp-content\/uploads\/2017\/12\/circulando.jpg","datePublished":"2017-12-19T18:42:36+00:00","dateModified":"2025-08-29T11:47:54+00:00","breadcrumb":{"@id":"https:\/\/rioonwatch.org.br\/?p=30248#breadcrumb"},"inLanguage":"pt-BR","potentialAction":[{"@type":"ReadAction","target":["https:\/\/rioonwatch.org.br\/?p=30248"]}]},{"@type":"ImageObject","inLanguage":"pt-BR","@id":"https:\/\/rioonwatch.org.br\/?p=30248#primaryimage","url":"https:\/\/rioonwatch.org.br\/wp-content\/uploads\/2017\/12\/circulando.jpg","contentUrl":"https:\/\/rioonwatch.org.br\/wp-content\/uploads\/2017\/12\/circulando.jpg","width":1536,"height":1198},{"@type":"BreadcrumbList","@id":"https:\/\/rioonwatch.org.br\/?p=30248#breadcrumb","itemListElement":[{"@type":"ListItem","position":1,"name":"In\u00edcio","item":"https:\/\/rioonwatch.org.br\/"},{"@type":"ListItem","position":2,"name":"&#8216;Rol\u00e9bilidade&#8217; da Favela \u00e9 Foco do 13\u00ba Circulando no Alem\u00e3o"}]},{"@type":"WebSite","@id":"https:\/\/rioonwatch.org.br\/#website","url":"https:\/\/rioonwatch.org.br\/","name":"RioOnWatch","description":"relatos das favelas cariocas","publisher":{"@id":"https:\/\/rioonwatch.org.br\/#organization"},"potentialAction":[{"@type":"SearchAction","target":{"@type":"EntryPoint","urlTemplate":"https:\/\/rioonwatch.org.br\/?s={search_term_string}"},"query-input":{"@type":"PropertyValueSpecification","valueRequired":true,"valueName":"search_term_string"}}],"inLanguage":"pt-BR"},{"@type":"Organization","@id":"https:\/\/rioonwatch.org.br\/#organization","name":"RioOnWatch","url":"https:\/\/rioonwatch.org.br\/","logo":{"@type":"ImageObject","inLanguage":"pt-BR","@id":"https:\/\/rioonwatch.org.br\/#\/schema\/logo\/image\/","url":"https:\/\/rioonwatch.org.br\/wp-content\/uploads\/2021\/06\/RioOnWatchcabecalhoPT11anos-2.png","contentUrl":"https:\/\/rioonwatch.org.br\/wp-content\/uploads\/2021\/06\/RioOnWatchcabecalhoPT11anos-2.png","width":779,"height":277,"caption":"RioOnWatch"},"image":{"@id":"https:\/\/rioonwatch.org.br\/#\/schema\/logo\/image\/"}},{"@type":"Person","@id":"https:\/\/rioonwatch.org.br\/#\/schema\/person\/f443c6b55bb6e80842280318076491c5","name":"Luisa Fenizola","image":{"@type":"ImageObject","inLanguage":"pt-BR","@id":"https:\/\/rioonwatch.org.br\/#\/schema\/person\/image\/","url":"https:\/\/secure.gravatar.com\/avatar\/a3d551110162b9f876cbbdaaecf75663?s=96&d=blank&r=g","contentUrl":"https:\/\/secure.gravatar.com\/avatar\/a3d551110162b9f876cbbdaaecf75663?s=96&d=blank&r=g","caption":"Luisa Fenizola"},"url":"https:\/\/rioonwatch.org.br\/?author=152"}]}},"_links":{"self":[{"href":"https:\/\/rioonwatch.org.br\/index.php?rest_route=\/wp\/v2\/posts\/30248"}],"collection":[{"href":"https:\/\/rioonwatch.org.br\/index.php?rest_route=\/wp\/v2\/posts"}],"about":[{"href":"https:\/\/rioonwatch.org.br\/index.php?rest_route=\/wp\/v2\/types\/post"}],"author":[{"embeddable":true,"href":"https:\/\/rioonwatch.org.br\/index.php?rest_route=\/wp\/v2\/users\/152"}],"replies":[{"embeddable":true,"href":"https:\/\/rioonwatch.org.br\/index.php?rest_route=%2Fwp%2Fv2%2Fcomments&post=30248"}],"version-history":[{"count":20,"href":"https:\/\/rioonwatch.org.br\/index.php?rest_route=\/wp\/v2\/posts\/30248\/revisions"}],"predecessor-version":[{"id":30478,"href":"https:\/\/rioonwatch.org.br\/index.php?rest_route=\/wp\/v2\/posts\/30248\/revisions\/30478"}],"wp:featuredmedia":[{"embeddable":true,"href":"https:\/\/rioonwatch.org.br\/index.php?rest_route=\/wp\/v2\/media\/30257"}],"wp:attachment":[{"href":"https:\/\/rioonwatch.org.br\/index.php?rest_route=%2Fwp%2Fv2%2Fmedia&parent=30248"}],"wp:term":[{"taxonomy":"category","embeddable":true,"href":"https:\/\/rioonwatch.org.br\/index.php?rest_route=%2Fwp%2Fv2%2Fcategories&post=30248"},{"taxonomy":"post_tag","embeddable":true,"href":"https:\/\/rioonwatch.org.br\/index.php?rest_route=%2Fwp%2Fv2%2Ftags&post=30248"},{"taxonomy":"writer","embeddable":true,"href":"https:\/\/rioonwatch.org.br\/index.php?rest_route=%2Fwp%2Fv2%2Fwriter&post=30248"},{"taxonomy":"translator","embeddable":true,"href":"https:\/\/rioonwatch.org.br\/index.php?rest_route=%2Fwp%2Fv2%2Ftranslator&post=30248"},{"taxonomy":"source","embeddable":true,"href":"https:\/\/rioonwatch.org.br\/index.php?rest_route=%2Fwp%2Fv2%2Fsource&post=30248"},{"taxonomy":"ilustrador","embeddable":true,"href":"https:\/\/rioonwatch.org.br\/index.php?rest_route=%2Fwp%2Fv2%2Filustrador&post=30248"},{"taxonomy":"fotografo","embeddable":true,"href":"https:\/\/rioonwatch.org.br\/index.php?rest_route=%2Fwp%2Fv2%2Ffotografo&post=30248"}],"curies":[{"name":"wp","href":"https:\/\/api.w.org\/{rel}","templated":true}]}}