{"id":30299,"date":"2018-02-02T10:51:34","date_gmt":"2018-02-02T13:51:34","guid":{"rendered":"http:\/\/rioonwatch.org.br\/?p=30299"},"modified":"2024-06-20T13:32:27","modified_gmt":"2024-06-20T16:32:27","slug":"e-agora-as-boas-noticias-por-que-os-meios-de-comunicacao-estao-adotando-um-ponto-de-vista-mais-positivo","status":"publish","type":"post","link":"https:\/\/rioonwatch.org.br\/?p=30299","title":{"rendered":"E Agora, as Boas Not\u00edcias: Os Meios de Comunica\u00e7\u00e3o Adotam um Ponto de Vista Mais Positivo"},"content":{"rendered":"<p style=\"text-align: right;\"><em><strong><a href=\"http:\/\/bit.ly\/2jBxBA5\" target=\"_blank\" rel=\"noopener noreferrer\">Click Here for English<img decoding=\"async\" width=\"20\" height=\"20\" class=\"alignright wp-image-15790\" src=\"http:\/\/rioonwatch.org.br\/wp-content\/uploads\/2012\/08\/EN-standard-e1439583104716.jpg\" alt=\"\" \/><\/a><\/strong><\/em><\/p>\n<p><em>Leia\u00a0a mat\u00e9ria original por\u00a0<a class=\"tone-colour\" href=\"http:\/\/bit.ly\/2oPREk8\" target=\"_blank\" rel=\"author noopener\" data-link-name=\"auto tag link\">Laura Oliver<\/a> em ingl\u00eas no The Guardian\u00a0<a href=\"http:\/\/bit.ly\/2jBxBA5\" target=\"_blank\" rel=\"noopener\">aqui<\/a>.\u00a0O RioOnWatch traduz mat\u00e9rias do ingl\u00eas para que brasileiros possam ter acesso e acompanhar\u00a0temas ou an\u00e1lises cobertos fora do pa\u00eds que nem sempre s\u00e3o cobertos no Brasil.\u00a0<\/em><\/p>\n<p><span style=\"font-weight: 400;\">Um n\u00famero crescente de ag\u00eancias de not\u00edcias est\u00e3o percebendo que, nesse mundo dif\u00edcil, <a href=\"http:\/\/bit.ly\/2neW6Vx\" target=\"_blank\" rel=\"noopener\">os leitores querem ter um pouco de esperan\u00e7a<\/a>.<\/span><\/p>\n<p><span style=\"font-weight: 400;\">Tumulto pol\u00edtico, crimes, ataques terroristas, mis\u00e9ria, trag\u00e9dia: not\u00edcias sempre tendem a apelar pelo lado negativo.<\/span><\/p>\n<p><span style=\"font-weight: 400;\">Mas gradativamente um crescente n\u00famero de ag\u00eancias&#8211;incluindo o <\/span><a href=\"http:\/\/bit.ly\/2B177zG\" target=\"_blank\" rel=\"noopener\"><em><span style=\"font-weight: 400;\">the Guardian<\/span><\/em><\/a><em><span style=\"font-weight: 400;\">&#8212;<\/span><\/em><span style=\"font-weight: 400;\">est\u00e1 investindo em uma gest\u00e3o mais positiva e construtiva de not\u00edcias, um <a href=\"http:\/\/bit.ly\/2oPSfm0\" target=\"_blank\" rel=\"noopener\">jornalismo que foca em resolver problemas<\/a> e encorajar o p\u00fablico a tomar atitudes. <\/span><\/p>\n<p><span style=\"font-weight: 400;\">Por qu\u00ea? De onde vem essa tend\u00eancia? E, mais importante, existe diferen\u00e7a de impacto em leitores e jornalistas esgotados por todos os fatos alarmantes que acontecem no mundo?<\/span><\/p>\n<p><span style=\"font-weight: 400;\">As not\u00edcias se concentram em acontecimentos negativos h\u00e1 muito tempo porque isso aciona o nosso reflexo de medo e, consequentemente, \u00e9 um atrativo mais f\u00e1cil para a nossa aten\u00e7\u00e3o, de acordo com Tom Stafford, professor de psicologia e ci\u00eancia cognitiva na Universidade de Sheffield. <\/span><\/p>\n<p><span style=\"font-weight: 400;\">\u201cIndica que existe algo pelo qual vale a pena se preocupar&#8211;talvez algo que signifique que devemos mudar nossos platnos ou reagir de alguma maneira\u201d, ele diz. \u201c\u00c9 por isso que ficamos mais atentos a not\u00edcias ruins, pois significam que algo n\u00e3o est\u00e1 indo bem e que talvez tenhamos que agir&#8221;.<\/span><\/p>\n<p><span style=\"font-weight: 400;\">Mas uma grande quantidade de not\u00edcias ruins deixa o leitor com \u201ca escolha entre a eterna vigil\u00e2ncia (e ansiedade), ou a desconex\u00e3o\u201d, completa Tom. <\/span><\/p>\n<p><span style=\"font-weight: 400;\">Se\u00e1n Dagan Wood, editor da revista <\/span><a href=\"http:\/\/bit.ly\/2D5DZsd\" target=\"_blank\" rel=\"noopener\"><em><span style=\"font-weight: 400;\">Positive News<\/span><\/em><\/a><span style=\"font-weight: 400;\">, acredita que a balan\u00e7a pesou demais para o lado das not\u00edcias ruins, visto que a imprensa j\u00e1 presume que as ruins gerar\u00e3o audi\u00eancia automaticamente.<\/span><\/p>\n<p><span style=\"font-weight: 400;\">\u201cA ind\u00fastria geralmente \u00e9 bem intencionada ao focar em not\u00edcias ruins, uma vez que este \u00e9 o resultado do compromisso [do jornalismo] com o monitoramento da sociedade\u201d, diz ele. \u201cMas, para a imprensa como um todo, essa mentalidade foi longe demais\u201d.<\/span><\/p>\n<p><span style=\"font-weight: 400;\">\u201cUm fator importante sobre nossa tend\u00eancia por not\u00edcias ruins \u00e9 que, por natureza, somos atra\u00eddos a prestar aten\u00e7\u00e3o a amea\u00e7as e informa\u00e7\u00f5es alarmantes, e a imprensa capitaliza sobre isso.\u201d <\/span><\/p>\n<p><span style=\"font-weight: 400;\">Mas ele acrescenta: \u201c\u00c9 o grande elefante na sala de reda\u00e7\u00e3o: as pessoas s\u00e3o alimentadas pela negatividade da imprensa\u201d.<\/span><\/p>\n<p><span style=\"font-weight: 400;\">Pessoas continuam lendo not\u00edcias ruins, como mostram os dados para sites de not\u00edcias internacionais, mas existem sinais promissores do interesse em um jornalismo construtivo e focado em encontrar <a href=\"http:\/\/bit.ly\/2aegPFT\" target=\"_blank\" rel=\"noopener\">solu\u00e7\u00f5es<\/a>.<\/span><\/p>\n<p><span style=\"font-weight: 400;\">Arianna Huffington <\/span><a href=\"http:\/\/bbc.in\/2D67Xg1\" target=\"_blank\" rel=\"noopener\"><span style=\"font-weight: 400;\">disse<\/span><\/a><span style=\"font-weight: 400;\"> que os conte\u00fados sobre boas not\u00edcias no seu site,<em>\u00a0The<\/em>\u00a0<em>Huffington Post,<\/em> t\u00eam mais chances de serem compartilhados do que outras hist\u00f3rias. Para ilustrar, Jessica Prois, editora executiva dos editorias\u00a0<\/span><em><a href=\"http:\/\/bit.ly\/2ATF2OH\" target=\"_blank\" rel=\"noopener\"><span style=\"font-weight: 400;\">Good News<\/span><\/a><\/em>\u00a0<span style=\"font-weight: 400;\">e <\/span><a href=\"http:\/\/bit.ly\/2kNopsW\" target=\"_blank\" rel=\"noopener\"><span style=\"font-weight: 400;\"><em>Impact<\/em><\/span><\/a><span style=\"font-weight: 400;\">, disse: \u201cUm leitor de uma mat\u00e9ria em <em>Good News<\/em> \u00e9 duas vezes mais propenso a compartilhar e comentar, do que em um artigo comum do <em>Huffington Post<\/em>&#8230; Compartilhar hist\u00f3rias que t\u00eam como base propor solu\u00e7\u00f5es cria um movimento de que &#8216;estamos todos juntos&#8217;, especialmente em um momento onde <\/span><a href=\"http:\/\/theatln.tc\/2D7DMF6\" target=\"_blank\" rel=\"noopener\"><span style=\"font-weight: 400;\">incont\u00e1veis estudos<\/span><\/a><span style=\"font-weight: 400;\"> dizem que a tecnologia e o <em>Facebook<\/em> nos fazem sentir mais isolados e solit\u00e1rios\u201d.<\/span><\/p>\n<p><span style=\"font-weight: 400;\">Depois de mencionar v\u00e1rios exemplos onde o p\u00fablico reagiu com <\/span><a href=\"http:\/\/bit.ly\/2oMjBcy\" target=\"_blank\" rel=\"noopener\"><span style=\"font-weight: 400;\">doa\u00e7\u00f5es a uma causa<\/span><\/a>\u00a0<span style=\"font-weight: 400;\">ou ao <\/span><a href=\"http:\/\/bit.ly\/2CGgkxz\" target=\"_blank\" rel=\"noopener\"><span style=\"font-weight: 400;\">lan\u00e7amento de campanhas<\/span><\/a><span style=\"font-weight: 400;\">\u00a0de problemas levantados em uma mat\u00e9ria,\u00a0Jessica acrescenta: \u201cMinhas mat\u00e9rias favoritas s\u00e3o sobre quaisquer hist\u00f3rias onde a gente consiga levar nossos leitores a agir de forma concreta\u201d.<\/span><\/p>\n<figure id=\"img-2\" class=\"element element-image img--landscape fig--narrow-caption fig--has-shares \" data-component=\"image\" data-media-id=\"db09a93570658b5fe2249540f062d70009ee882a\">\n<div class=\"u-responsive-ratio\">\n<figure id=\"attachment_30329\" aria-describedby=\"caption-attachment-30329\" style=\"width: 620px\" class=\"wp-caption aligncenter\"><a href=\"http:\/\/rioonwatch.org.br\/wp-content\/uploads\/2017\/12\/5616.jpg\"><img fetchpriority=\"high\" decoding=\"async\" class=\"wp-image-30329 size-medium\" title=\" A organiza\u00e7\u00e3o beneficente Help Refugees UK (Ajude refugiados UK) ergue barracas doadas pelo p\u00fablico depois que um inc\u00eandio destruiu abrigos de refugiados em Calais. Foto: Antonio Olmos for the Observer\" src=\"http:\/\/rioonwatch.org.br\/wp-content\/uploads\/2017\/12\/5616-620x372.jpg\" alt=\"\" width=\"620\" height=\"372\" srcset=\"https:\/\/rioonwatch.org.br\/wp-content\/uploads\/2017\/12\/5616-620x372.jpg 620w, https:\/\/rioonwatch.org.br\/wp-content\/uploads\/2017\/12\/5616-440x264.jpg 440w, https:\/\/rioonwatch.org.br\/wp-content\/uploads\/2017\/12\/5616-768x461.jpg 768w, https:\/\/rioonwatch.org.br\/wp-content\/uploads\/2017\/12\/5616-1024x614.jpg 1024w, https:\/\/rioonwatch.org.br\/wp-content\/uploads\/2017\/12\/5616.jpg 1225w\" sizes=\"(max-width: 620px) 100vw, 620px\" \/><\/a><figcaption id=\"caption-attachment-30329\" class=\"wp-caption-text\">A organiza\u00e7\u00e3o beneficente Help Refugees UK (Ajude Refugiados RU) ergue barracas doadas pelo p\u00fablico depois que um inc\u00eandio destruiu abrigos de refugiados em Calais. Foto: Antonio Olmos para <em>The Observer<\/em><\/figcaption><\/figure>\n<\/div>\n<\/figure>\n<p><span style=\"font-weight: 400;\">A pesquisa da Dra. Denise Baden, professora adjunta na <\/span><a href=\"http:\/\/bit.ly\/2BB0Bkj\" target=\"_blank\" rel=\"noopener\"><span style=\"font-weight: 400;\">Southampton Business School<\/span><\/a><span style=\"font-weight: 400;\">, da Universidade de Southampton, descobriu que quanto mais negatividade as pessoas sentem depois de consumir not\u00edcias ruins, menor \u00e9 a tend\u00eancia em dar opini\u00e3o ou agir para melhorar o mundo a sua volta. <\/span><\/p>\n<p><span style=\"font-weight: 400;\">Um <\/span><a href=\"http:\/\/bit.ly\/2Bz3SjP\" target=\"_blank\" rel=\"noopener\"><span style=\"font-weight: 400;\">estudo<\/span><\/a> <span style=\"font-weight: 400;\">feito pelo <\/span><a href=\"http:\/\/bit.ly\/2kzbniA\" target=\"_blank\" rel=\"noopener\"><i><span style=\"font-weight: 400;\">Solutions Journalism Network<\/span><\/i><\/a><span style=\"font-weight: 400;\">\u00a0(Rede de Jornalismo de Solu\u00e7\u00f5es) e pelo <\/span><i><a href=\"http:\/\/bit.ly\/2oKvsb8\" target=\"_blank\" rel=\"noopener\">Engaging News Project<\/a> (<\/i>Projeto de Not\u00edcias Engajantes)<strong>\u00a0<\/strong><span style=\"font-weight: 400;\">na Universidade do Texas sobre a rea\u00e7\u00e3o do p\u00fablico ao <a href=\"http:\/\/bit.ly\/2yZKrxN\" target=\"_blank\" rel=\"noopener\">jornalismo de solu\u00e7\u00f5es<\/a> sugere que, ao fim de uma mat\u00e9ria, leitores estavam mais inclinados a procurar mat\u00e9rias de ag\u00eancias de not\u00edcias que produzem esse tipo de reportagem (positiva). <\/span><\/p>\n<p><span style=\"font-weight: 400;\">Essa demanda, de associa\u00e7\u00e3o de positividade \u00e0 marca e o h\u00e1bito de compartilhar e agir inspirado pelo consumo de um jornalismo construtivo, apresenta uma oportunidade de construir rela\u00e7\u00f5es mais profundas com o p\u00fablico, diz Wood, e o potencial de beneficiar financeiramente estes produtores de not\u00edcias. Uma <\/span><a href=\"http:\/\/bit.ly\/2BhzQV5\" target=\"_blank\" rel=\"noopener\"><span style=\"font-weight: 400;\">campanha de financiamento collaborativo<\/span><\/a><span style=\"font-weight: 400;\"> pela <em>Positive News<\/em><\/span> <span style=\"font-weight: 400;\">em 2015 arrecadou 263.000,00 libras (R$1.308.457,00) em 30 dias, de 1.500 pessoas em 33 pa\u00edses. <\/span><\/p>\n<p><span style=\"font-weight: 400;\">Tentativas anteriores de oferecer uma cobertura mais positiva pelas ag\u00eancias de not\u00edcias falharam pela tend\u00eancia em tratar essas hist\u00f3rias como puramente reconfortantes ou como contos de her\u00f3is, diz S\u00e9an, que acredita que um maior rigor jornal\u00edstico esteja sendo aplicado a essa \u00e1rea. <\/span><\/p>\n<p><span style=\"font-weight: 400;\">Jessica concorda. Ela diz: \u201cDentro da esfera de imprensa tradicional, escrever sobre solu\u00e7\u00f5es e boas not\u00edcias na realidade requer, excepcionalmente, altos padr\u00f5es. \u00c9 necess\u00e1rio ter reportagem, pesquisa e escrita extremamente apuradas em raz\u00e3o da desconfian\u00e7a dos leitores, e estamos trabalhando contra uma narrativa estabelecida de que o mundo pode ser um lugar terr\u00edvel e que a imprensa o deve noticiar dessa forma&#8221;.<\/span><\/p>\n<p><span style=\"font-weight: 400;\">\u201c\u00c9 claro que temos a responsabilidade de noticiar a verdade e n\u00e3o podemos ignorar a realidade, mas acho que tamb\u00e9m podemos ajudar a normalizar a ideia de que as pessoas no mundo geralmente s\u00e3o boas. Porque elas s\u00e3o.\u201d<\/span><\/p>\n<!-- AddThis Advanced Settings generic via filter on the_content --><!-- AddThis Share Buttons generic via filter on the_content -->","protected":false},"excerpt":{"rendered":"<div class=\"mh-excerpt\"><p>Click Here for English Leia\u00a0a mat\u00e9ria original por\u00a0Laura Oliver em ingl\u00eas no The Guardian\u00a0aqui.\u00a0O RioOnWatch traduz mat\u00e9rias do ingl\u00eas para que brasileiros possam ter acesso e acompanhar\u00a0temas ou an\u00e1lises cobertos fora do pa\u00eds que nem <a class=\"mh-excerpt-more\" href=\"https:\/\/rioonwatch.org.br\/?p=30299\" title=\"E Agora, as Boas Not\u00edcias: Os Meios de Comunica\u00e7\u00e3o Adotam um Ponto de Vista Mais Positivo\">[&#8230;]<\/a><!-- AddThis Advanced Settings generic via filter on get_the_excerpt --><!-- AddThis Share Buttons generic via filter on get_the_excerpt --><\/p>\n<\/div>","protected":false},"author":129,"featured_media":30301,"comment_status":"closed","ping_status":"closed","sticky":false,"template":"","format":"standard","meta":{"_acf_changed":false,"_monsterinsights_skip_tracking":false,"_monsterinsights_sitenote_active":false,"_monsterinsights_sitenote_note":"","_monsterinsights_sitenote_category":0,"footnotes":""},"categories":[1621,1632,342,1634],"tags":[688,1167,1166,1760,1347,1168],"writer":[2259],"translator":[1503],"source":[547],"ilustrador":[],"fotografo":[],"class_list":{"0":"post-30299","1":"post","2":"type-post","3":"status-publish","4":"format-standard","5":"has-post-thumbnail","7":"category-destaque","8":"category-pesquisa-e-analise","9":"category-solucoes","10":"category-traducoes","11":"tag-empoderamento","12":"tag-grande-midia","13":"tag-jornalismo","14":"tag-narrativa-midiatica","15":"tag-solucao","16":"tag-traducao","17":"writer-laura-oliver","18":"translator-ana-lidia-guerrero","19":"source-the-guardian"},"acf":[],"yoast_head":"<!-- This site is optimized with the Yoast SEO plugin v25.6 - https:\/\/yoast.com\/wordpress\/plugins\/seo\/ -->\n<title>E Agora, as Boas Not\u00edcias: Os Meios de Comunica\u00e7\u00e3o Adotam um Ponto de Vista Mais Positivo - RioOnWatch<\/title>\n<meta name=\"robots\" content=\"index, follow, max-snippet:-1, max-image-preview:large, max-video-preview:-1\" \/>\n<link rel=\"canonical\" href=\"https:\/\/rioonwatch.org.br\/?p=30299\" \/>\n<meta property=\"og:locale\" content=\"pt_BR\" \/>\n<meta property=\"og:type\" content=\"article\" \/>\n<meta property=\"og:title\" content=\"E Agora, as Boas Not\u00edcias: Os Meios de Comunica\u00e7\u00e3o Adotam um Ponto de Vista Mais Positivo - RioOnWatch\" \/>\n<meta property=\"og:description\" content=\"Click Here for English Leia\u00a0a mat\u00e9ria original por\u00a0Laura Oliver em ingl\u00eas no The Guardian\u00a0aqui.\u00a0O RioOnWatch traduz mat\u00e9rias do ingl\u00eas para que brasileiros possam ter acesso e acompanhar\u00a0temas ou an\u00e1lises cobertos fora do pa\u00eds que nem [...]\" \/>\n<meta property=\"og:url\" content=\"https:\/\/rioonwatch.org.br\/?p=30299\" \/>\n<meta property=\"og:site_name\" content=\"RioOnWatch\" \/>\n<meta property=\"article:published_time\" content=\"2018-02-02T13:51:34+00:00\" \/>\n<meta property=\"article:modified_time\" content=\"2024-06-20T16:32:27+00:00\" \/>\n<meta property=\"og:image\" content=\"https:\/\/rioonwatch.org.br\/wp-content\/uploads\/2017\/12\/2548.jpg\" \/>\n\t<meta property=\"og:image:width\" content=\"1920\" \/>\n\t<meta property=\"og:image:height\" content=\"1152\" \/>\n\t<meta property=\"og:image:type\" content=\"image\/jpeg\" \/>\n<meta name=\"author\" content=\"Admin\" \/>\n<meta name=\"twitter:card\" content=\"summary_large_image\" \/>\n<meta name=\"twitter:label1\" content=\"Escrito por\" \/>\n\t<meta name=\"twitter:data1\" content=\"Admin\" \/>\n\t<meta name=\"twitter:label2\" content=\"Est. tempo de leitura\" \/>\n\t<meta name=\"twitter:data2\" content=\"5 minutos\" \/>\n<script type=\"application\/ld+json\" class=\"yoast-schema-graph\">{\"@context\":\"https:\/\/schema.org\",\"@graph\":[{\"@type\":\"Article\",\"@id\":\"https:\/\/rioonwatch.org.br\/?p=30299#article\",\"isPartOf\":{\"@id\":\"https:\/\/rioonwatch.org.br\/?p=30299\"},\"author\":{\"name\":\"Admin\",\"@id\":\"https:\/\/rioonwatch.org.br\/#\/schema\/person\/11d64c290506f9df50c71b850c473f68\"},\"headline\":\"E Agora, as Boas Not\u00edcias: Os Meios de Comunica\u00e7\u00e3o Adotam um Ponto de Vista Mais Positivo\",\"datePublished\":\"2018-02-02T13:51:34+00:00\",\"dateModified\":\"2024-06-20T16:32:27+00:00\",\"mainEntityOfPage\":{\"@id\":\"https:\/\/rioonwatch.org.br\/?p=30299\"},\"wordCount\":1021,\"publisher\":{\"@id\":\"https:\/\/rioonwatch.org.br\/#organization\"},\"image\":{\"@id\":\"https:\/\/rioonwatch.org.br\/?p=30299#primaryimage\"},\"thumbnailUrl\":\"https:\/\/rioonwatch.org.br\/wp-content\/uploads\/2017\/12\/2548.jpg\",\"keywords\":[\"empoderamento\",\"grande m\u00eddia\",\"jornalismo\",\"narrativa midi\u00e1tica\",\"solu\u00e7\u00e3o\",\"tradu\u00e7\u00e3o\"],\"articleSection\":[\"*Destaque\",\"Dados e Pesquisa\",\"Solu\u00e7\u00f5es\",\"Traduzidas do Ingl\u00eas\"],\"inLanguage\":\"pt-BR\"},{\"@type\":\"WebPage\",\"@id\":\"https:\/\/rioonwatch.org.br\/?p=30299\",\"url\":\"https:\/\/rioonwatch.org.br\/?p=30299\",\"name\":\"E Agora, as Boas Not\u00edcias: Os Meios de Comunica\u00e7\u00e3o Adotam um Ponto de Vista Mais Positivo - RioOnWatch\",\"isPartOf\":{\"@id\":\"https:\/\/rioonwatch.org.br\/#website\"},\"primaryImageOfPage\":{\"@id\":\"https:\/\/rioonwatch.org.br\/?p=30299#primaryimage\"},\"image\":{\"@id\":\"https:\/\/rioonwatch.org.br\/?p=30299#primaryimage\"},\"thumbnailUrl\":\"https:\/\/rioonwatch.org.br\/wp-content\/uploads\/2017\/12\/2548.jpg\",\"datePublished\":\"2018-02-02T13:51:34+00:00\",\"dateModified\":\"2024-06-20T16:32:27+00:00\",\"breadcrumb\":{\"@id\":\"https:\/\/rioonwatch.org.br\/?p=30299#breadcrumb\"},\"inLanguage\":\"pt-BR\",\"potentialAction\":[{\"@type\":\"ReadAction\",\"target\":[\"https:\/\/rioonwatch.org.br\/?p=30299\"]}]},{\"@type\":\"ImageObject\",\"inLanguage\":\"pt-BR\",\"@id\":\"https:\/\/rioonwatch.org.br\/?p=30299#primaryimage\",\"url\":\"https:\/\/rioonwatch.org.br\/wp-content\/uploads\/2017\/12\/2548.jpg\",\"contentUrl\":\"https:\/\/rioonwatch.org.br\/wp-content\/uploads\/2017\/12\/2548.jpg\",\"width\":1920,\"height\":1152},{\"@type\":\"BreadcrumbList\",\"@id\":\"https:\/\/rioonwatch.org.br\/?p=30299#breadcrumb\",\"itemListElement\":[{\"@type\":\"ListItem\",\"position\":1,\"name\":\"In\u00edcio\",\"item\":\"https:\/\/rioonwatch.org.br\/\"},{\"@type\":\"ListItem\",\"position\":2,\"name\":\"E Agora, as Boas Not\u00edcias: Os Meios de Comunica\u00e7\u00e3o Adotam um Ponto de Vista Mais Positivo\"}]},{\"@type\":\"WebSite\",\"@id\":\"https:\/\/rioonwatch.org.br\/#website\",\"url\":\"https:\/\/rioonwatch.org.br\/\",\"name\":\"RioOnWatch\",\"description\":\"relatos das favelas cariocas\",\"publisher\":{\"@id\":\"https:\/\/rioonwatch.org.br\/#organization\"},\"potentialAction\":[{\"@type\":\"SearchAction\",\"target\":{\"@type\":\"EntryPoint\",\"urlTemplate\":\"https:\/\/rioonwatch.org.br\/?s={search_term_string}\"},\"query-input\":{\"@type\":\"PropertyValueSpecification\",\"valueRequired\":true,\"valueName\":\"search_term_string\"}}],\"inLanguage\":\"pt-BR\"},{\"@type\":\"Organization\",\"@id\":\"https:\/\/rioonwatch.org.br\/#organization\",\"name\":\"RioOnWatch\",\"url\":\"https:\/\/rioonwatch.org.br\/\",\"logo\":{\"@type\":\"ImageObject\",\"inLanguage\":\"pt-BR\",\"@id\":\"https:\/\/rioonwatch.org.br\/#\/schema\/logo\/image\/\",\"url\":\"https:\/\/rioonwatch.org.br\/wp-content\/uploads\/2021\/06\/RioOnWatchcabecalhoPT11anos-2.png\",\"contentUrl\":\"https:\/\/rioonwatch.org.br\/wp-content\/uploads\/2021\/06\/RioOnWatchcabecalhoPT11anos-2.png\",\"width\":779,\"height\":277,\"caption\":\"RioOnWatch\"},\"image\":{\"@id\":\"https:\/\/rioonwatch.org.br\/#\/schema\/logo\/image\/\"}},{\"@type\":\"Person\",\"@id\":\"https:\/\/rioonwatch.org.br\/#\/schema\/person\/11d64c290506f9df50c71b850c473f68\",\"name\":\"Admin\",\"image\":{\"@type\":\"ImageObject\",\"inLanguage\":\"pt-BR\",\"@id\":\"https:\/\/rioonwatch.org.br\/#\/schema\/person\/image\/\",\"url\":\"https:\/\/secure.gravatar.com\/avatar\/56211ac74568383903349a1485e3c325?s=96&d=blank&r=g\",\"contentUrl\":\"https:\/\/secure.gravatar.com\/avatar\/56211ac74568383903349a1485e3c325?s=96&d=blank&r=g\",\"caption\":\"Admin\"},\"url\":\"https:\/\/rioonwatch.org.br\/?author=129\"}]}<\/script>\n<!-- \/ Yoast SEO plugin. -->","yoast_head_json":{"title":"E Agora, as Boas Not\u00edcias: Os Meios de Comunica\u00e7\u00e3o Adotam um Ponto de Vista Mais Positivo - RioOnWatch","robots":{"index":"index","follow":"follow","max-snippet":"max-snippet:-1","max-image-preview":"max-image-preview:large","max-video-preview":"max-video-preview:-1"},"canonical":"https:\/\/rioonwatch.org.br\/?p=30299","og_locale":"pt_BR","og_type":"article","og_title":"E Agora, as Boas Not\u00edcias: Os Meios de Comunica\u00e7\u00e3o Adotam um Ponto de Vista Mais Positivo - RioOnWatch","og_description":"Click Here for English Leia\u00a0a mat\u00e9ria original por\u00a0Laura Oliver em ingl\u00eas no The Guardian\u00a0aqui.\u00a0O RioOnWatch traduz mat\u00e9rias do ingl\u00eas para que brasileiros possam ter acesso e acompanhar\u00a0temas ou an\u00e1lises cobertos fora do pa\u00eds que nem [...]","og_url":"https:\/\/rioonwatch.org.br\/?p=30299","og_site_name":"RioOnWatch","article_published_time":"2018-02-02T13:51:34+00:00","article_modified_time":"2024-06-20T16:32:27+00:00","og_image":[{"width":1920,"height":1152,"url":"https:\/\/rioonwatch.org.br\/wp-content\/uploads\/2017\/12\/2548.jpg","type":"image\/jpeg"}],"author":"Admin","twitter_card":"summary_large_image","twitter_misc":{"Escrito por":"Admin","Est. tempo de leitura":"5 minutos"},"schema":{"@context":"https:\/\/schema.org","@graph":[{"@type":"Article","@id":"https:\/\/rioonwatch.org.br\/?p=30299#article","isPartOf":{"@id":"https:\/\/rioonwatch.org.br\/?p=30299"},"author":{"name":"Admin","@id":"https:\/\/rioonwatch.org.br\/#\/schema\/person\/11d64c290506f9df50c71b850c473f68"},"headline":"E Agora, as Boas Not\u00edcias: Os Meios de Comunica\u00e7\u00e3o Adotam um Ponto de Vista Mais Positivo","datePublished":"2018-02-02T13:51:34+00:00","dateModified":"2024-06-20T16:32:27+00:00","mainEntityOfPage":{"@id":"https:\/\/rioonwatch.org.br\/?p=30299"},"wordCount":1021,"publisher":{"@id":"https:\/\/rioonwatch.org.br\/#organization"},"image":{"@id":"https:\/\/rioonwatch.org.br\/?p=30299#primaryimage"},"thumbnailUrl":"https:\/\/rioonwatch.org.br\/wp-content\/uploads\/2017\/12\/2548.jpg","keywords":["empoderamento","grande m\u00eddia","jornalismo","narrativa midi\u00e1tica","solu\u00e7\u00e3o","tradu\u00e7\u00e3o"],"articleSection":["*Destaque","Dados e Pesquisa","Solu\u00e7\u00f5es","Traduzidas do Ingl\u00eas"],"inLanguage":"pt-BR"},{"@type":"WebPage","@id":"https:\/\/rioonwatch.org.br\/?p=30299","url":"https:\/\/rioonwatch.org.br\/?p=30299","name":"E Agora, as Boas Not\u00edcias: Os Meios de Comunica\u00e7\u00e3o Adotam um Ponto de Vista Mais Positivo - RioOnWatch","isPartOf":{"@id":"https:\/\/rioonwatch.org.br\/#website"},"primaryImageOfPage":{"@id":"https:\/\/rioonwatch.org.br\/?p=30299#primaryimage"},"image":{"@id":"https:\/\/rioonwatch.org.br\/?p=30299#primaryimage"},"thumbnailUrl":"https:\/\/rioonwatch.org.br\/wp-content\/uploads\/2017\/12\/2548.jpg","datePublished":"2018-02-02T13:51:34+00:00","dateModified":"2024-06-20T16:32:27+00:00","breadcrumb":{"@id":"https:\/\/rioonwatch.org.br\/?p=30299#breadcrumb"},"inLanguage":"pt-BR","potentialAction":[{"@type":"ReadAction","target":["https:\/\/rioonwatch.org.br\/?p=30299"]}]},{"@type":"ImageObject","inLanguage":"pt-BR","@id":"https:\/\/rioonwatch.org.br\/?p=30299#primaryimage","url":"https:\/\/rioonwatch.org.br\/wp-content\/uploads\/2017\/12\/2548.jpg","contentUrl":"https:\/\/rioonwatch.org.br\/wp-content\/uploads\/2017\/12\/2548.jpg","width":1920,"height":1152},{"@type":"BreadcrumbList","@id":"https:\/\/rioonwatch.org.br\/?p=30299#breadcrumb","itemListElement":[{"@type":"ListItem","position":1,"name":"In\u00edcio","item":"https:\/\/rioonwatch.org.br\/"},{"@type":"ListItem","position":2,"name":"E Agora, as Boas Not\u00edcias: Os Meios de Comunica\u00e7\u00e3o Adotam um Ponto de Vista Mais Positivo"}]},{"@type":"WebSite","@id":"https:\/\/rioonwatch.org.br\/#website","url":"https:\/\/rioonwatch.org.br\/","name":"RioOnWatch","description":"relatos das favelas cariocas","publisher":{"@id":"https:\/\/rioonwatch.org.br\/#organization"},"potentialAction":[{"@type":"SearchAction","target":{"@type":"EntryPoint","urlTemplate":"https:\/\/rioonwatch.org.br\/?s={search_term_string}"},"query-input":{"@type":"PropertyValueSpecification","valueRequired":true,"valueName":"search_term_string"}}],"inLanguage":"pt-BR"},{"@type":"Organization","@id":"https:\/\/rioonwatch.org.br\/#organization","name":"RioOnWatch","url":"https:\/\/rioonwatch.org.br\/","logo":{"@type":"ImageObject","inLanguage":"pt-BR","@id":"https:\/\/rioonwatch.org.br\/#\/schema\/logo\/image\/","url":"https:\/\/rioonwatch.org.br\/wp-content\/uploads\/2021\/06\/RioOnWatchcabecalhoPT11anos-2.png","contentUrl":"https:\/\/rioonwatch.org.br\/wp-content\/uploads\/2021\/06\/RioOnWatchcabecalhoPT11anos-2.png","width":779,"height":277,"caption":"RioOnWatch"},"image":{"@id":"https:\/\/rioonwatch.org.br\/#\/schema\/logo\/image\/"}},{"@type":"Person","@id":"https:\/\/rioonwatch.org.br\/#\/schema\/person\/11d64c290506f9df50c71b850c473f68","name":"Admin","image":{"@type":"ImageObject","inLanguage":"pt-BR","@id":"https:\/\/rioonwatch.org.br\/#\/schema\/person\/image\/","url":"https:\/\/secure.gravatar.com\/avatar\/56211ac74568383903349a1485e3c325?s=96&d=blank&r=g","contentUrl":"https:\/\/secure.gravatar.com\/avatar\/56211ac74568383903349a1485e3c325?s=96&d=blank&r=g","caption":"Admin"},"url":"https:\/\/rioonwatch.org.br\/?author=129"}]}},"_links":{"self":[{"href":"https:\/\/rioonwatch.org.br\/index.php?rest_route=\/wp\/v2\/posts\/30299"}],"collection":[{"href":"https:\/\/rioonwatch.org.br\/index.php?rest_route=\/wp\/v2\/posts"}],"about":[{"href":"https:\/\/rioonwatch.org.br\/index.php?rest_route=\/wp\/v2\/types\/post"}],"author":[{"embeddable":true,"href":"https:\/\/rioonwatch.org.br\/index.php?rest_route=\/wp\/v2\/users\/129"}],"replies":[{"embeddable":true,"href":"https:\/\/rioonwatch.org.br\/index.php?rest_route=%2Fwp%2Fv2%2Fcomments&post=30299"}],"version-history":[{"count":24,"href":"https:\/\/rioonwatch.org.br\/index.php?rest_route=\/wp\/v2\/posts\/30299\/revisions"}],"predecessor-version":[{"id":31008,"href":"https:\/\/rioonwatch.org.br\/index.php?rest_route=\/wp\/v2\/posts\/30299\/revisions\/31008"}],"wp:featuredmedia":[{"embeddable":true,"href":"https:\/\/rioonwatch.org.br\/index.php?rest_route=\/wp\/v2\/media\/30301"}],"wp:attachment":[{"href":"https:\/\/rioonwatch.org.br\/index.php?rest_route=%2Fwp%2Fv2%2Fmedia&parent=30299"}],"wp:term":[{"taxonomy":"category","embeddable":true,"href":"https:\/\/rioonwatch.org.br\/index.php?rest_route=%2Fwp%2Fv2%2Fcategories&post=30299"},{"taxonomy":"post_tag","embeddable":true,"href":"https:\/\/rioonwatch.org.br\/index.php?rest_route=%2Fwp%2Fv2%2Ftags&post=30299"},{"taxonomy":"writer","embeddable":true,"href":"https:\/\/rioonwatch.org.br\/index.php?rest_route=%2Fwp%2Fv2%2Fwriter&post=30299"},{"taxonomy":"translator","embeddable":true,"href":"https:\/\/rioonwatch.org.br\/index.php?rest_route=%2Fwp%2Fv2%2Ftranslator&post=30299"},{"taxonomy":"source","embeddable":true,"href":"https:\/\/rioonwatch.org.br\/index.php?rest_route=%2Fwp%2Fv2%2Fsource&post=30299"},{"taxonomy":"ilustrador","embeddable":true,"href":"https:\/\/rioonwatch.org.br\/index.php?rest_route=%2Fwp%2Fv2%2Filustrador&post=30299"},{"taxonomy":"fotografo","embeddable":true,"href":"https:\/\/rioonwatch.org.br\/index.php?rest_route=%2Fwp%2Fv2%2Ffotografo&post=30299"}],"curies":[{"name":"wp","href":"https:\/\/api.w.org\/{rel}","templated":true}]}}