{"id":30367,"date":"2018-01-15T12:41:25","date_gmt":"2018-01-15T15:41:25","guid":{"rendered":"http:\/\/rioonwatch.org.br\/?p=30367"},"modified":"2018-09-04T20:58:33","modified_gmt":"2018-09-04T23:58:33","slug":"dez-licoes-da-asa-branca-sobre-prevencao-de-crimes-atraves-do-design-ambiental-cpted","status":"publish","type":"post","link":"https:\/\/rioonwatch.org.br\/?p=30367","title":{"rendered":"Dez Li\u00e7\u00f5es da Asa Branca sobre Preven\u00e7\u00e3o de Crimes Atrav\u00e9s do Design Ambiental (CPTED)"},"content":{"rendered":"<p style=\"text-align: right;\"><em><strong><a href=\"http:\/\/bit.ly\/2Byt7p1\" target=\"_blank\" rel=\"noopener noreferrer\">Click Here for English<img decoding=\"async\" width=\"20\" height=\"20\" class=\"alignright wp-image-15790\" src=\"http:\/\/rioonwatch.org.br\/wp-content\/uploads\/2012\/08\/EN-standard-e1439583104716.jpg\" alt=\"\" \/><\/a><\/strong><\/em><\/p>\n<p><i>Esta \u00e9 a \u00faltima mat\u00e9ria de uma\u00a0<\/i><a href=\"http:\/\/bit.ly\/2zxm5Ab\" target=\"_blank\" rel=\"noopener\"><i>s\u00e9rie de quatro partes<\/i><\/a><i>\u00a0sobre a\u00a0<\/i><em>Preven\u00e7\u00e3o de Crimes Atrav\u00e9s do Design Ambiental (CPTED)<\/em>.<\/p>\n<p><span style=\"font-weight: 400;\">Fundada em 1986, a comunidade\u00a0<\/span><a href=\"http:\/\/bit.ly\/UKOXUX\" target=\"_blank\" rel=\"noopener\"><span style=\"font-weight: 400;\">Asa Branca <\/span><\/a><span style=\"font-weight: 400;\">est\u00e1 situada pr\u00f3xima \u00e0\u00a0<\/span><span style=\"font-weight: 400;\"><a href=\"http:\/\/bit.ly\/19BBUhf\" target=\"_blank\" rel=\"noopener\">Barra da Tijuca<\/a>, <a href=\"http:\/\/bit.ly\/11tBmFR\" target=\"_blank\" rel=\"noopener\">Zona Oeste<\/a><\/span><span style=\"font-weight: 400;\">, a uma curta dist\u00e2ncia do principal local dos <\/span><a href=\"http:\/\/bit.ly\/PkLXlQ\" target=\"_blank\" rel=\"noopener\"><span style=\"font-weight: 400;\">Jogos Ol\u00edmpicos<\/span><\/a><span style=\"font-weight: 400;\"> de 2016. A comunidade tem conquistado sua reputa\u00e7\u00e3o devido \u00e0\u00a0<\/span><span style=\"font-weight: 400;\">l<\/span><span style=\"font-weight: 400;\">ideran\u00e7a eficaz da associa\u00e7\u00e3o de moradores<\/span><span style=\"font-weight: 400;\">, ao <a href=\"http:\/\/bit.ly\/1NB2GLJ\" target=\"_blank\" rel=\"noopener\">sentimento acolhedor<\/a>, trabalho em grupo <a href=\"http:\/\/bit.ly\/MQAubZ\" target=\"_blank\" rel=\"noopener\">com comunidades vizinhas<\/a>, ao\u00a0<\/span><span style=\"font-weight: 400;\"><a href=\"http:\/\/bit.ly\/1NHYYky\" target=\"_blank\" rel=\"noopener\">planejamento conduzido pela comunidade<\/a>,<\/span>\u00a0aos\u00a0<a href=\"http:\/\/bit.ly\/28LsiKp\" target=\"_blank\" rel=\"noopener\">problemas resolvidos internamente no bairro<\/a>\u00a0e a <a href=\"http:\/\/bit.ly\/2bu6FAD\" target=\"_blank\" rel=\"noopener\">sustentabilidade da favela<\/a>.<\/p>\n<p><span style=\"font-weight: 400;\">Enquanto a<\/span> <a href=\"http:\/\/bit.ly\/2z6qVQ6\" target=\"_blank\" rel=\"noopener\"><span style=\"font-weight: 400;\">situa\u00e7\u00e3o da seguran\u00e7a do Rio se agrava<\/span><\/a><span style=\"font-weight: 400;\">, a Asa Branca conseguiu manter a paz habitual, enquanto livre de interven\u00e7\u00e3o policial. Isso n\u00e3o se deve \u00e0 pura sorte, mas sim a implementa\u00e7\u00e3o de solu\u00e7\u00f5es criativas dos moradores nos \u00faltimos vinte anos. Os moradores constru\u00edram, juntos, um ambiente protegido por eles mesmos.<\/span><\/p>\n<p><span style=\"font-weight: 400;\">Atrav\u00e9s da combina\u00e7\u00e3o de interven\u00e7\u00f5es f\u00edsicas e programas sociais, Asa Branca se tornou um \u00f3timo exemplo da implementa\u00e7\u00e3o do conceito nomeado\u00a0<\/span><a href=\"http:\/\/bit.ly\/2xjSyV9\" target=\"_blank\" rel=\"noopener\"><span style=\"font-weight: 400;\">Preven\u00e7\u00e3o de Crimes Atrav\u00e9s do Design Ambiental<\/span><\/a><span style=\"font-weight: 400;\"> (<\/span><i><span style=\"font-weight: 400;\">Crime Prevention Through Environmental Design\u00a0<\/span><\/i><span style=\"font-weight: 400;\">ou CPTED, na sigla em ingl\u00eas<\/span><span style=\"font-weight: 400;\">) em uma comunidade. O caso da Asa Branca \u00e9 especial n\u00e3o apenas pelo sucesso em manter a comunidade segura, mas tamb\u00e9m porque foi desenvolvido e implementado pelos moradores. <\/span><\/p>\n<h2><span style=\"font-weight: 400;\">Aqui est\u00e3o dez li\u00e7\u00f5es valiosas da favela da Asa Branca:<\/span><\/h2>\n<h3>1. <b>N\u00e3o espere o governo intervir<\/b><\/h3>\n<p><a href=\"http:\/\/rioonwatch.org.br\/wp-content\/uploads\/2017\/12\/IMG_2333.jpg\"><img fetchpriority=\"high\" decoding=\"async\" class=\"aligncenter wp-image-30374 size-content\" title=\"Carlos Alberto Costa, conhecido como &quot;Bezerra&quot;.\" src=\"http:\/\/rioonwatch.org.br\/wp-content\/uploads\/2017\/12\/IMG_2333-620x264.jpg\" alt=\"\" width=\"620\" height=\"264\" srcset=\"https:\/\/rioonwatch.org.br\/wp-content\/uploads\/2017\/12\/IMG_2333-620x264.jpg 620w, https:\/\/rioonwatch.org.br\/wp-content\/uploads\/2017\/12\/IMG_2333-940x400.jpg 940w\" sizes=\"(max-width: 620px) 100vw, 620px\" \/><\/a><\/p>\n<p><span style=\"font-weight: 400;\">\u201cO governo gasta dinheiro para combater o crime e usa a\u00e7\u00f5es paliativas para combater traficantes, mas <em>prevenir<\/em> o crime n\u00e3o \u00e9 parte importante do trabalho deles\u201d, diz <\/span><a href=\"http:\/\/bit.ly\/1NHYYky\" target=\"_blank\" rel=\"noopener\"><span style=\"font-weight: 400;\">Carlos Alberto Costa<\/span><\/a><span style=\"font-weight: 400;\">, conhecido na comunidade como \u201cBezerra\u201d, meu guia ao pesquisar essa mat\u00e9ria. Bezerra \u00e9 ex-presidente da associa\u00e7\u00e3o de moradores e mesmo depois do t\u00e9rmino de seu mandato, ele continua a demonstrar uma enorme paix\u00e3o pela comunidade. Ele foi um dos primeiros ocupantes da Asa Branca, e desde a sua cria\u00e7\u00e3o, a comunidade se encarregou das suas pr\u00f3prias necessidades de <a href=\"http:\/\/bit.ly\/1fRNcBs\" target=\"_blank\" rel=\"noopener\">seguran\u00e7a<\/a><\/span><span style=\"font-weight: 400;\">. \u201cAs pra\u00e7as e as ruas aqui, eram todas mal iluminadas\u201d, ele reflete. Sabendo que a ajuda do governo n\u00e3o iria chegar, os moradores, liderados por Bezerra, <\/span><span style=\"font-weight: 400;\"><a href=\"http:\/\/bit.ly\/1NHYYky\" target=\"_blank\" rel=\"noopener\">tomaram uma atitude para transform\u00e1-la em uma comunidade mais habit\u00e1vel<\/a>.<\/span><span style=\"font-weight: 400;\"> O l\u00edder argumenta que quando o governo interv\u00e9m, seus projetos geralmente s\u00e3o ineficazes: \u201cO governo vem com <\/span><span style=\"font-weight: 400;\">seus <a href=\"http:\/\/bit.ly\/29T9kjb\" target=\"_blank\" rel=\"noopener\">pr\u00f3prios projetos<\/a> <\/span><span style=\"font-weight: 400;\">e maneiras, e nem sempre aceita o que os moradores precisam ou querem\u201d. Para a Asa Branca, \u00e9 a <a href=\"http:\/\/bit.ly\/2eGCKY6\" target=\"_blank\" rel=\"noopener\">natureza comunit\u00e1ria da condu\u00e7\u00e3o<\/a> d<\/span><span style=\"font-weight: 400;\">os projetos, que os tornam especialmente eficazes.<\/span><\/p>\n<h3>2.\u00a0<b>Incorporar programas sociais para crian\u00e7as<\/b><\/h3>\n<p><a href=\"http:\/\/rioonwatch.org.br\/wp-content\/uploads\/2017\/12\/35235937492_c40ab58eee_k.jpg\"><img decoding=\"async\" class=\"aligncenter wp-image-30377 size-content\" title=\"Crian\u00e7as de Asa Branca participam de uma atividade de grupo.\" src=\"http:\/\/rioonwatch.org.br\/wp-content\/uploads\/2017\/12\/35235937492_c40ab58eee_k-620x264.jpg\" alt=\"\" width=\"620\" height=\"264\" srcset=\"https:\/\/rioonwatch.org.br\/wp-content\/uploads\/2017\/12\/35235937492_c40ab58eee_k-620x264.jpg 620w, https:\/\/rioonwatch.org.br\/wp-content\/uploads\/2017\/12\/35235937492_c40ab58eee_k-940x400.jpg 940w\" sizes=\"(max-width: 620px) 100vw, 620px\" \/><\/a><\/p>\n<p><span style=\"font-weight: 400;\">A associa\u00e7\u00e3o de moradores tem atendido crian\u00e7as com uma variedade de atividades&#8211;<\/span><a href=\"http:\/\/bit.ly\/1fCNKhk\" target=\"_blank\" rel=\"noopener\"><span style=\"font-weight: 400;\">capoeira<\/span><\/a><span style=\"font-weight: 400;\">, zumba, <\/span><a href=\"http:\/\/bit.ly\/2c9m5pZ\" target=\"_blank\" rel=\"noopener\"><span style=\"font-weight: 400;\">teatro<\/span><\/a><span style=\"font-weight: 400;\"> e <\/span><a href=\"http:\/\/bit.ly\/2p09C3p\" target=\"_blank\" rel=\"noopener\"><span style=\"font-weight: 400;\">futebol<\/span><\/a><span style=\"font-weight: 400;\"> entre muitos outros. Apesar de admitir ser um principiante em teatro, o pr\u00f3prio Bezerra deu aulas do tema e at\u00e9 mesmo escreveu uma pe\u00e7a para que as crian\u00e7as atuassem. Enquanto ele conta ao <\/span><i><span style=\"font-weight: 400;\">RioOnWatch<\/span><\/i><span style=\"font-weight: 400;\"> sobre os projetos de teatro, chega Ney, o vice-presidente da associa\u00e7\u00e3o de moradores, falando animadamente sobre o campo de futebol. \u201cN\u00e3o \u00e9 s\u00f3 pra jogar, mas para treinar as crian\u00e7as para se tornarem muito boas. N\u00f3s queremos oferecer estrutura para elas\u201d, diz Bezerra. Esses programas e aulas acontecem inteiramente gra\u00e7as a volunt\u00e1rios, inclusive o vice-presidente, que \u00e9 <\/span><a href=\"http:\/\/bit.ly\/2cWdZlH\" target=\"_blank\" rel=\"noopener\"><span style=\"font-weight: 400;\">mototaxista<\/span><\/a><span style=\"font-weight: 400;\"> durante o dia. O objetivo \u00e9 dar \u00e0s crian\u00e7as algo produtivo pra fazer enquanto desenvolvem suas habilidades sociais, mantendo-as fora de qualquer atividade que possa prejudic\u00e1-las ou \u00e0 comunidade. <\/span><\/p>\n<h3>3.\u00a0<b>Incentivar a confian\u00e7a e a boa conviv\u00eancia entre os moradores<\/b><\/h3>\n<p><a href=\"http:\/\/rioonwatch.org.br\/wp-content\/uploads\/2017\/12\/35402276425_b89560363f_k.jpg\"><img loading=\"lazy\" decoding=\"async\" class=\"aligncenter wp-image-30473 size-content\" title=\"Reuni\u00e3o de moradores na Asa Branca\" src=\"http:\/\/rioonwatch.org.br\/wp-content\/uploads\/2017\/12\/35402276425_b89560363f_k-620x264.jpg\" alt=\"\" width=\"620\" height=\"264\" srcset=\"https:\/\/rioonwatch.org.br\/wp-content\/uploads\/2017\/12\/35402276425_b89560363f_k-620x264.jpg 620w, https:\/\/rioonwatch.org.br\/wp-content\/uploads\/2017\/12\/35402276425_b89560363f_k-940x400.jpg 940w\" sizes=\"(max-width: 620px) 100vw, 620px\" \/><\/a><\/p>\n<p><span style=\"font-weight: 400;\">Uma qualidade que os moradores t\u00eam em abund\u00e2ncia \u00e9 a <\/span><a href=\"http:\/\/bit.ly\/1DLIFlK\" target=\"_blank\" rel=\"noopener\"><span style=\"font-weight: 400;\">solidariedade<\/span><\/a><span style=\"font-weight: 400;\">. A comunidade \u00e9 descrita pelos moradores como uma \u201cgrande fam\u00edlia\u201d. Nas ruas, todos conhecem o Bezerra e ele aborda todos com um grande sorriso e um cumprimento. Perguntado sobre como criar essas rela\u00e7\u00f5es, ele responde que cria espa\u00e7os de respeito e conversa, promovendo debates sobre assuntos variados como\u00a0<\/span><a href=\"http:\/\/bit.ly\/1KiFeTl\" target=\"_blank\" rel=\"noopener\"><span style=\"font-weight: 400;\">racismo<\/span><\/a><span style=\"font-weight: 400;\">, seguran\u00e7a e qualquer problema que afete a comunidade. Ele aponta para as ruas e diz: \u201cQuando teve o jogo do Flamengo e do Botafogo h\u00e1 alguns dias, as ruas ficaram cheias de gente vendo o jogo juntas, gritando, caminhando e conversando\u201d.<\/span><\/p>\n<h3>4. Assegurar<b>\u00a0a visibilidade dos espa\u00e7os p\u00fablicos externos de dentro das casas<\/b><\/h3>\n<p><a href=\"http:\/\/rioonwatch.org.br\/wp-content\/uploads\/2017\/12\/Asa-Branca-street.jpg\"><img loading=\"lazy\" decoding=\"async\" class=\"aligncenter wp-image-30485 size-content\" title=\"Uma rua da Asa Branca\" src=\"http:\/\/rioonwatch.org.br\/wp-content\/uploads\/2017\/12\/Asa-Branca-street-620x264.jpg\" alt=\"\" width=\"620\" height=\"264\" srcset=\"https:\/\/rioonwatch.org.br\/wp-content\/uploads\/2017\/12\/Asa-Branca-street-620x264.jpg 620w, https:\/\/rioonwatch.org.br\/wp-content\/uploads\/2017\/12\/Asa-Branca-street-940x400.jpg 940w\" sizes=\"(max-width: 620px) 100vw, 620px\" \/><\/a><\/p>\n<p><span style=\"font-weight: 400;\">Na Asa Branca, quase n\u00e3o existem paredes grandes sem uma janela. Existem janelas olhando para as ruas em todas as dire\u00e7\u00f5es, e as ruas mais estreitas s\u00e3o t\u00e3o retil\u00edneas que \u00e9 poss\u00edvel olhar a rua toda de uma \u00fanica janela. A vegeta\u00e7\u00e3o do bairro est\u00e1 quase toda dentro de vasos, e as plantas n\u00e3o s\u00e3o grandes o suficiente para bloquear a vis\u00e3o. Cometer um crime nessas ruas \u00e9 dif\u00edcil, especialmente quando as janelas est\u00e3o ocupadas de moradores vendo uns aos outros. <\/span><\/p>\n<h3>5.\u00a0<b>Controle de acesso \u00e0 comunidade<\/b><\/h3>\n<p><a href=\"http:\/\/rioonwatch.org.br\/wp-content\/uploads\/2017\/12\/Asa-Branca-gate.jpg\"><img loading=\"lazy\" decoding=\"async\" class=\"aligncenter wp-image-30488 size-content\" title=\"Port\u00e3o na Asa Branca\" src=\"http:\/\/rioonwatch.org.br\/wp-content\/uploads\/2017\/12\/Asa-Branca-gate-620x264.jpg\" alt=\"\" width=\"620\" height=\"264\" srcset=\"https:\/\/rioonwatch.org.br\/wp-content\/uploads\/2017\/12\/Asa-Branca-gate-620x264.jpg 620w, https:\/\/rioonwatch.org.br\/wp-content\/uploads\/2017\/12\/Asa-Branca-gate-940x400.jpg 940w\" sizes=\"(max-width: 620px) 100vw, 620px\" \/><\/a><\/p>\n<p><span style=\"font-weight: 400;\">Asa Branca \u00e9 dividida em tr\u00eas partes, e os moradores t\u00eam trabalhado ativamente para prevenir o crime desde o primeiro dia construindo cada uma dessas partes em torno de uma rua&#8211;orientada para pedestres&#8211;perpendicular \u00e0 via p\u00fablica principal, mas sem vielas ou ruas transversais com sa\u00eddas adicionais, de forma que n\u00e3o h\u00e1 onde se esconder ou fugir. Recentemente, duas dessas partes foram gradeadas. Tendo somente estes acessos, os port\u00f5es podem ser monitorados por volunt\u00e1rios da comunidade. Eles s\u00e3o abertos \u00e0s seis da manh\u00e3 e fechados \u00e0s oito da noite diariamente. Apenas moradores podem entrar quando os port\u00f5es est\u00e3o fechados, criando uma forma de controle sobre quem tem acesso e dificultando a entrada de qualquer invasor que tenha a inten\u00e7\u00e3o de cometer um crime. Esse controle \u00e9 refor\u00e7ado por c\u00e2meras instaladas nos locais de entrada, <\/span><span style=\"font-weight: 400;\">que <a href=\"http:\/\/bit.ly\/28LsiKp\" target=\"_blank\" rel=\"noopener\">moradores decidiram instalar em 2016<\/a>\u00a0<\/span><span style=\"font-weight: 400;\">devido a inseguran\u00e7a nos arredores dos Jogos Ol\u00edmpicos. Servindo como um grupo de controle n\u00e3o intencional no experimento do CPTED na comunidade, a terceira parte do bairro possui muitos locais de acesso inseguros, o que Bezerra acredita que contribui para maiores taxas de crime e sensa\u00e7\u00e3o de inseguran\u00e7a. A comunidade n\u00e3o teve recursos suficientes para instalar grades e c\u00e2meras na terceira parte, mas ele acredita que esses complementos melhorariam significativamente a quest\u00e3o da seguran\u00e7a.<\/span><\/p>\n<h3>6.\u00a0<b>Incorporar pr\u00e9dios de uso misto na comunidade<\/b><\/h3>\n<p><a href=\"http:\/\/rioonwatch.org.br\/wp-content\/uploads\/2017\/12\/mixed-use-2.jpg\"><img loading=\"lazy\" decoding=\"async\" class=\"aligncenter wp-image-30521 size-content\" title=\"Com\u00e9rcio em uma casa de uma fam\u00edlia\" src=\"http:\/\/rioonwatch.org.br\/wp-content\/uploads\/2017\/12\/mixed-use-2-620x264.jpg\" alt=\"\" width=\"620\" height=\"264\" srcset=\"https:\/\/rioonwatch.org.br\/wp-content\/uploads\/2017\/12\/mixed-use-2-620x264.jpg 620w, https:\/\/rioonwatch.org.br\/wp-content\/uploads\/2017\/12\/mixed-use-2-940x400.jpg 940w\" sizes=\"(max-width: 620px) 100vw, 620px\" \/><\/a><\/p>\n<p><span style=\"font-weight: 400;\">Os port\u00f5es da Asa Branca n\u00e3o s\u00e3o monitorados somente por c\u00e2meras, mas por comerciantes cujas lojas ficam de frente \u00e0s ruas atr\u00e1s dos port\u00f5es. Ainda que Asa Branca seja, a princ\u00edpio, uma comunidade residencial, existem lanchonetes, lojas de suprimentos e uma variedade de outros <\/span><a href=\"http:\/\/bit.ly\/2l1kLfk\" target=\"_blank\" rel=\"noopener\"><span style=\"font-weight: 400;\">neg\u00f3cios geridos por moradores<\/span><\/a>\u00a0<span style=\"font-weight: 400;\">espalhados pela comunidade, que muitas vezes usam os pisos t\u00e9rreos das suas casas para estabelecerem um com\u00e9rcio. Todas essas lojas possuem um design aberto voltado para a rua sem nenhuma porta ou parede bloqueando a vis\u00e3o durante o hor\u00e1rio de funcionamento. As pessoas socializam nesses <a href=\"http:\/\/bit.ly\/1jZVyaS\" target=\"_blank\" rel=\"noopener\">espa\u00e7os semi-p\u00fablicos<\/a>, construindo rela\u00e7\u00f5es com outros moradores enquanto os comerciantes agem como facilitadores da conviv\u00eancia do bairro. Essas atividades colocam em pr\u00e1tica o conceito de \u201c<a href=\"http:\/\/bit.ly\/2zg9Jbg\" target=\"_blank\" rel=\"noopener\">vigil\u00e2ncia natural<\/a>\u201d do CPTED, atrav\u00e9s do qual moradores previnem o crime com a sua presen\u00e7a. Isso \u00e9 mais eficaz em <a href=\"http:\/\/bit.ly\/1uRzOcM\" target=\"_blank\" rel=\"noopener\">um lugar como Asa Branca<\/a> onde os v\u00ednculos entre moradores s\u00e3o particularmente fortes. <\/span><\/p>\n<h3>7.<b>\u00a0Incentivar a vida vibrante nas ruas<\/b><\/h3>\n<p><a href=\"http:\/\/rioonwatch.org.br\/wp-content\/uploads\/2017\/12\/Webp.net-resizeimage-1.jpg\"><img loading=\"lazy\" decoding=\"async\" class=\"aligncenter wp-image-30514 size-content\" title=\"Vida na Asa Branca\" src=\"http:\/\/rioonwatch.org.br\/wp-content\/uploads\/2017\/12\/Webp.net-resizeimage-1-620x264.jpg\" alt=\"\" width=\"620\" height=\"264\" srcset=\"https:\/\/rioonwatch.org.br\/wp-content\/uploads\/2017\/12\/Webp.net-resizeimage-1-620x264.jpg 620w, https:\/\/rioonwatch.org.br\/wp-content\/uploads\/2017\/12\/Webp.net-resizeimage-1-940x400.jpg 940w\" sizes=\"(max-width: 620px) 100vw, 620px\" \/><\/a><\/p>\n<p><span style=\"font-weight: 400;\">Assim como as ruas ficaram repletas de moradores animados durante a partida de futebol que Bezerra descreve, as ruas na Asa Branca est\u00e3o sempre cheias de crian\u00e7as correndo e homens e mulheres conversando e rindo. Essas cenas s\u00e3o resultado do cuidadoso planejamento e da facilita\u00e7\u00e3o, pelos programas que incentivam as crian\u00e7as a socializarem e brincarem, por festas de rua que re\u00fanem a comunidade e por bares e lanchonetes onde conhecidos tornam-se amigos. \u201cCrian\u00e7a brincando na rua \u00e9 um sinal de que as coisas aqui est\u00e3o bem\u201d, diz Bezerra, completando: \u201cAs crian\u00e7as s\u00e3o a vida da comunidade\u201d. E quanto mais atividades na rua, maior \u00e9 o n\u00famero de olhares nas ruas que protegem a comunidade.<\/span><\/p>\n<h3>8. <b>Planejar e engajar a vizinhan\u00e7a ao n\u00edvel local<\/b><\/h3>\n<p><a href=\"http:\/\/rioonwatch.org.br\/wp-content\/uploads\/2017\/12\/Condominium-next-to-Asa-Branca.jpg\"><img loading=\"lazy\" decoding=\"async\" class=\"aligncenter wp-image-30516 size-content\" title=\"Condom\u00ednio pr\u00f3ximo \u00e0 Asa Branca\" src=\"http:\/\/rioonwatch.org.br\/wp-content\/uploads\/2017\/12\/Condominium-next-to-Asa-Branca-620x264.jpg\" alt=\"\" width=\"620\" height=\"264\" srcset=\"https:\/\/rioonwatch.org.br\/wp-content\/uploads\/2017\/12\/Condominium-next-to-Asa-Branca-620x264.jpg 620w, https:\/\/rioonwatch.org.br\/wp-content\/uploads\/2017\/12\/Condominium-next-to-Asa-Branca-940x400.jpg 940w\" sizes=\"(max-width: 620px) 100vw, 620px\" \/><\/a><\/p>\n<p><span style=\"font-weight: 400;\">Uma das vantagens da Asa Branca \u00e9 o seu tamanho. Confinada em tr\u00eas \u00e1reas pequenas, n\u00e3o existem becos complexos em\u00a0zigue-zague pela comunidade como existe em muitas outras favelas. E ao contr\u00e1rio dos<\/span> <a href=\"http:\/\/bit.ly\/2apHJGB\" target=\"_blank\" rel=\"noopener\"><span style=\"font-weight: 400;\">complexos de apartamentos em larga-escala<\/span><\/a><span style=\"font-weight: 400;\">\u00a0vizinhos, onde moradores t\u00eam pouca facilidade ou incentivo de socializar com outros moradores, a Asa Branca facilitou a cria\u00e7\u00e3o de conex\u00f5es entre os moradores. Em vez de ficarem amontoados em elevadores e corredores apertados, os moradores passam uns pelos outros em ruas bem iluminadas onde carros podem passar mas s\u00e3o os pedestres e as crian\u00e7as em bicicletas os usu\u00e1rios principais. A decis\u00e3o de dividir a comunidade em tr\u00eas partes tamb\u00e9m permitiu o desenvolvimento de tr\u00eas sub-comunidades, fazendo de cada parte uma \u00e1rea residencial mais \u00edntima.<\/span><\/p>\n<h3>9. <b>Facilitar projetos de design e implementa\u00e7\u00e3o conduzidos <em>por<\/em> moradores<\/b><\/h3>\n<p><a href=\"http:\/\/rioonwatch.org.br\/wp-content\/uploads\/2017\/12\/35015525940_ab63fd2be6_k.jpg\"><img loading=\"lazy\" decoding=\"async\" class=\"aligncenter wp-image-30517 size-content\" title=\"A Associa\u00e7\u00e3o de Moradores da Asa Branca, que desempenhou um papel crucial ao facilitar o planejamento conduzido pelos moradores.\" src=\"http:\/\/rioonwatch.org.br\/wp-content\/uploads\/2017\/12\/35015525940_ab63fd2be6_k-620x264.jpg\" alt=\"\" width=\"620\" height=\"264\" srcset=\"https:\/\/rioonwatch.org.br\/wp-content\/uploads\/2017\/12\/35015525940_ab63fd2be6_k-620x264.jpg 620w, https:\/\/rioonwatch.org.br\/wp-content\/uploads\/2017\/12\/35015525940_ab63fd2be6_k-940x400.jpg 940w\" sizes=\"(max-width: 620px) 100vw, 620px\" \/><\/a><\/p>\n<p><span style=\"font-weight: 400;\">A Asa Branca tem sido planejada pelos moradores desde que foi criada, e atrav\u00e9s dos saberes e esfor\u00e7os coletivos, os moradores planejaram uma comunidade segura. Mas t\u00e3o importante quanto o design em si, o planejamento participativo da comunidade, assim como o trabalho em conjunto para a constru\u00e7\u00e3o de seu pr\u00f3prio sistema de saneamento no come\u00e7o dos anos 2000, gerou um forte sentido de comunidade. Devido ao fato de serem deles as ideias e o design para o bairro, os moradores sentem <\/span><a href=\"http:\/\/bit.ly\/18XWyPf\" target=\"_blank\" rel=\"noopener\"><span style=\"font-weight: 400;\">orgulho<\/span><\/a>\u00a0<span style=\"font-weight: 400;\">e uma sensa\u00e7\u00e3o de posse do espa\u00e7o. J\u00e1 que a Asa Branca \u00e9 lar de sua \u201cgrande fam\u00edlia\u201d, os moradores cuidam do lugar e das pessoas que o ocupam. Para que o planejamento de interven\u00e7\u00f5es funcione, <\/span><span style=\"font-weight: 400;\">os <a href=\"http:\/\/bit.ly\/2eGCKY6\" target=\"_blank\" rel=\"noopener\">moradores devem ser uma parte integral de seu desenvolvimento<\/a>.<\/span><\/p>\n<h3>10. <b>Continuar exigindo servi\u00e7os necess\u00e1rios<\/b><\/h3>\n<p><a href=\"http:\/\/rioonwatch.org.br\/wp-content\/uploads\/2017\/12\/35015613440_39f4b64ffe_k.jpg\"><img loading=\"lazy\" decoding=\"async\" class=\"aligncenter wp-image-30518 size-content\" title=\"Crian\u00e7as na Asa Branca\" src=\"http:\/\/rioonwatch.org.br\/wp-content\/uploads\/2017\/12\/35015613440_39f4b64ffe_k-620x264.jpg\" alt=\"\" width=\"620\" height=\"264\" srcset=\"https:\/\/rioonwatch.org.br\/wp-content\/uploads\/2017\/12\/35015613440_39f4b64ffe_k-620x264.jpg 620w, https:\/\/rioonwatch.org.br\/wp-content\/uploads\/2017\/12\/35015613440_39f4b64ffe_k-940x400.jpg 940w\" sizes=\"(max-width: 620px) 100vw, 620px\" \/><\/a><\/p>\n<p><span style=\"font-weight: 400;\">\u00c9 claro, nem tudo pode ser resolvido atrav\u00e9s do planejamento comunit\u00e1rio. A comunidade precisa de melhor acesso \u00e0 <\/span><a href=\"http:\/\/bit.ly\/1acNApR\" target=\"_blank\" rel=\"noopener\"><span style=\"font-weight: 400;\">educa\u00e7\u00e3o<\/span><\/a><span style=\"font-weight: 400;\">, j\u00e1 que n\u00e3o existem escolas na Asa Branca e a escola mais pr\u00f3xima fica h\u00e1 dois quil\u00f4metros de dist\u00e2ncia. Com crian\u00e7as a partir dos quatro anos tendo que pegar <\/span><a href=\"http:\/\/bit.ly\/1MUX0u9\" target=\"_blank\" rel=\"noopener\"><span style=\"font-weight: 400;\">transporte p\u00fablico<\/span><\/a><span style=\"font-weight: 400;\"> para chegar \u00e0 escola, os adultos t\u00eam que escolher entre fazer o trajeto com seus filhos ou mand\u00e1-los em vans particulares, ambas op\u00e7\u00f5es caras para uma comunidade de baixa-renda. Bezerra enfatiza que a educa\u00e7\u00e3o \u00e9 parte crucial na preven\u00e7\u00e3o do crime e da viol\u00eancia na comunidade: \u201cEduca\u00e7\u00e3o \u00e9 a chave para ensinar o respeito \u00e0s crian\u00e7as, especialmente respeito pela fam\u00edlia\u201d. Melhor acesso a educa\u00e7\u00e3o e transporte p\u00fablicos requer melhores pol\u00edticas e programas do governo que sirvam a favelas como a Asa Branca. Por enquanto, esse senso de respeito que permeia a comunidade \u00e9 o que mant\u00e9m a grande fam\u00edlia Asa Branca unida e mais segura. <\/span><\/p>\n<p><i>Esta \u00e9 a \u00faltima mat\u00e9ria de uma\u00a0<\/i><i>s\u00e9rie de quatro partes<\/i><i>\u00a0sobre<\/i><em>\u00a0CPTED. N\u00e3o perca as outras partes da s\u00e9rie <a href=\"http:\/\/bit.ly\/2zxm5Ab\" target=\"_blank\" rel=\"noopener\">aqui<\/a>.<\/em><\/p>\n<p><em>Mayu Takeda \u00e9 mestranda em planejamento urbano na Harvard Graduate School of Design.<\/em><\/p>\n<!-- AddThis Advanced Settings generic via filter on the_content --><!-- AddThis Share Buttons generic via filter on the_content -->","protected":false},"excerpt":{"rendered":"<div class=\"mh-excerpt\"><p>Click Here for English Esta \u00e9 a \u00faltima mat\u00e9ria de uma\u00a0s\u00e9rie de quatro partes\u00a0sobre a\u00a0Preven\u00e7\u00e3o de Crimes Atrav\u00e9s do Design Ambiental (CPTED). Fundada em 1986, a comunidade\u00a0Asa Branca est\u00e1 situada pr\u00f3xima \u00e0\u00a0Barra da Tijuca, Zona <a class=\"mh-excerpt-more\" href=\"https:\/\/rioonwatch.org.br\/?p=30367\" title=\"Dez Li\u00e7\u00f5es da Asa Branca sobre Preven\u00e7\u00e3o de Crimes Atrav\u00e9s do Design Ambiental (CPTED)\">[&#8230;]<\/a><!-- AddThis Advanced Settings generic via filter on get_the_excerpt --><!-- AddThis Share Buttons generic via filter on get_the_excerpt --><\/p>\n<\/div>","protected":false},"author":129,"featured_media":30373,"comment_status":"closed","ping_status":"closed","sticky":false,"template":"","format":"standard","meta":{"_acf_changed":false,"_monsterinsights_skip_tracking":false,"_monsterinsights_sitenote_active":false,"_monsterinsights_sitenote_note":"","_monsterinsights_sitenote_category":0,"footnotes":""},"categories":[1618,1615,1632,1626,345,1616,342,1639],"tags":[321,655,837,698,2226,2420,316,811,1795,2470,758,304,812,672,2236,1347,476,184],"writer":[2225],"translator":[1503],"source":[],"ilustrador":[],"fotografo":[],"class_list":{"0":"post-30367","1":"post","2":"type-post","3":"status-publish","4":"format-standard","5":"has-post-thumbnail","7":"category-olhonaparticipacao","8":"category-cultura-da-favela","9":"category-pesquisa-e-analise","10":"category-por-observadores-internacionais","11":"category-favela-e","12":"category-qualidades-da-favela","13":"category-solucoes","14":"category-sustentabilidade","15":"tag-asa-branca","16":"tag-associacao-de-moradores","17":"tag-auto-planejamento","18":"tag-comercio-comunitario","19":"tag-cpted","20":"tag-design-participativo","21":"tag-educacao","22":"tag-espaco-publico","23":"tag-lideranca-comunitaria","24":"tag-listicle","25":"tag-orgulho-comunitario","26":"tag-participacao","27":"tag-planejamento-urbano","28":"tag-seguranca-publica","29":"tag-serie-cpted","30":"tag-solucao","31":"tag-solucao-comunitaria","32":"tag-zona-oeste","33":"writer-mayu-takeda","34":"translator-ana-lidia-guerrero"},"acf":[],"yoast_head":"<!-- This site is optimized with the Yoast SEO plugin v25.6 - https:\/\/yoast.com\/wordpress\/plugins\/seo\/ -->\n<title>Dez Li\u00e7\u00f5es da Asa Branca sobre Preven\u00e7\u00e3o de Crimes Atrav\u00e9s do Design Ambiental (CPTED) - RioOnWatch<\/title>\n<meta name=\"robots\" content=\"index, follow, max-snippet:-1, max-image-preview:large, max-video-preview:-1\" \/>\n<link rel=\"canonical\" href=\"https:\/\/rioonwatch.org.br\/?p=30367\" \/>\n<meta property=\"og:locale\" content=\"pt_BR\" \/>\n<meta property=\"og:type\" content=\"article\" \/>\n<meta property=\"og:title\" content=\"Dez Li\u00e7\u00f5es da Asa Branca sobre Preven\u00e7\u00e3o de Crimes Atrav\u00e9s do Design Ambiental (CPTED) - RioOnWatch\" \/>\n<meta property=\"og:description\" content=\"Click Here for English Esta \u00e9 a \u00faltima mat\u00e9ria de uma\u00a0s\u00e9rie de quatro partes\u00a0sobre a\u00a0Preven\u00e7\u00e3o de Crimes Atrav\u00e9s do Design Ambiental (CPTED). Fundada em 1986, a comunidade\u00a0Asa Branca est\u00e1 situada pr\u00f3xima \u00e0\u00a0Barra da Tijuca, Zona [...]\" \/>\n<meta property=\"og:url\" content=\"https:\/\/rioonwatch.org.br\/?p=30367\" \/>\n<meta property=\"og:site_name\" content=\"RioOnWatch\" \/>\n<meta property=\"article:published_time\" content=\"2018-01-15T15:41:25+00:00\" \/>\n<meta property=\"article:modified_time\" content=\"2018-09-04T23:58:33+00:00\" \/>\n<meta property=\"og:image\" content=\"https:\/\/rioonwatch.org.br\/wp-content\/uploads\/2017\/12\/CPTED-Asa-Branca-scaled.jpg\" \/>\n\t<meta property=\"og:image:width\" content=\"2560\" \/>\n\t<meta property=\"og:image:height\" content=\"1920\" \/>\n\t<meta property=\"og:image:type\" content=\"image\/jpeg\" \/>\n<meta name=\"author\" content=\"Admin\" \/>\n<meta name=\"twitter:card\" content=\"summary_large_image\" \/>\n<meta name=\"twitter:label1\" content=\"Escrito por\" \/>\n\t<meta name=\"twitter:data1\" content=\"Admin\" \/>\n\t<meta name=\"twitter:label2\" content=\"Est. tempo de leitura\" \/>\n\t<meta name=\"twitter:data2\" content=\"9 minutos\" \/>\n<script type=\"application\/ld+json\" class=\"yoast-schema-graph\">{\"@context\":\"https:\/\/schema.org\",\"@graph\":[{\"@type\":\"Article\",\"@id\":\"https:\/\/rioonwatch.org.br\/?p=30367#article\",\"isPartOf\":{\"@id\":\"https:\/\/rioonwatch.org.br\/?p=30367\"},\"author\":{\"name\":\"Admin\",\"@id\":\"https:\/\/rioonwatch.org.br\/#\/schema\/person\/11d64c290506f9df50c71b850c473f68\"},\"headline\":\"Dez Li\u00e7\u00f5es da Asa Branca sobre Preven\u00e7\u00e3o de Crimes Atrav\u00e9s do Design Ambiental (CPTED)\",\"datePublished\":\"2018-01-15T15:41:25+00:00\",\"dateModified\":\"2018-09-04T23:58:33+00:00\",\"mainEntityOfPage\":{\"@id\":\"https:\/\/rioonwatch.org.br\/?p=30367\"},\"wordCount\":1882,\"publisher\":{\"@id\":\"https:\/\/rioonwatch.org.br\/#organization\"},\"image\":{\"@id\":\"https:\/\/rioonwatch.org.br\/?p=30367#primaryimage\"},\"thumbnailUrl\":\"https:\/\/rioonwatch.org.br\/wp-content\/uploads\/2017\/12\/CPTED-Asa-Branca-scaled.jpg\",\"keywords\":[\"Asa Branca\",\"Associa\u00e7\u00e3o de Moradores\",\"auto-planejamento\",\"com\u00e9rcio comunit\u00e1rio\",\"CPTED\",\"design participativo\",\"educa\u00e7\u00e3o\",\"espa\u00e7o p\u00fablico\",\"lideran\u00e7a comunit\u00e1ria\",\"listicle\",\"orgulho comunit\u00e1rio\",\"participa\u00e7\u00e3o\",\"planejamento urbano\",\"seguran\u00e7a p\u00fablica\",\"S\u00e9rie: CPTED\",\"solu\u00e7\u00e3o\",\"solu\u00e7\u00e3o comunit\u00e1ria\",\"Zona Oeste\"],\"articleSection\":[\"#OlhoNaParticipa\u00e7\u00e3o\",\"Cultura da Favela\",\"Dados e Pesquisa\",\"Escrito por Aliados\",\"Favela \u00e9\",\"Qualidades da Favela\",\"Solu\u00e7\u00f5es\",\"Sustentabilidade\"],\"inLanguage\":\"pt-BR\"},{\"@type\":\"WebPage\",\"@id\":\"https:\/\/rioonwatch.org.br\/?p=30367\",\"url\":\"https:\/\/rioonwatch.org.br\/?p=30367\",\"name\":\"Dez Li\u00e7\u00f5es da Asa Branca sobre Preven\u00e7\u00e3o de Crimes Atrav\u00e9s do Design Ambiental (CPTED) - RioOnWatch\",\"isPartOf\":{\"@id\":\"https:\/\/rioonwatch.org.br\/#website\"},\"primaryImageOfPage\":{\"@id\":\"https:\/\/rioonwatch.org.br\/?p=30367#primaryimage\"},\"image\":{\"@id\":\"https:\/\/rioonwatch.org.br\/?p=30367#primaryimage\"},\"thumbnailUrl\":\"https:\/\/rioonwatch.org.br\/wp-content\/uploads\/2017\/12\/CPTED-Asa-Branca-scaled.jpg\",\"datePublished\":\"2018-01-15T15:41:25+00:00\",\"dateModified\":\"2018-09-04T23:58:33+00:00\",\"breadcrumb\":{\"@id\":\"https:\/\/rioonwatch.org.br\/?p=30367#breadcrumb\"},\"inLanguage\":\"pt-BR\",\"potentialAction\":[{\"@type\":\"ReadAction\",\"target\":[\"https:\/\/rioonwatch.org.br\/?p=30367\"]}]},{\"@type\":\"ImageObject\",\"inLanguage\":\"pt-BR\",\"@id\":\"https:\/\/rioonwatch.org.br\/?p=30367#primaryimage\",\"url\":\"https:\/\/rioonwatch.org.br\/wp-content\/uploads\/2017\/12\/CPTED-Asa-Branca-scaled.jpg\",\"contentUrl\":\"https:\/\/rioonwatch.org.br\/wp-content\/uploads\/2017\/12\/CPTED-Asa-Branca-scaled.jpg\",\"width\":2560,\"height\":1920},{\"@type\":\"BreadcrumbList\",\"@id\":\"https:\/\/rioonwatch.org.br\/?p=30367#breadcrumb\",\"itemListElement\":[{\"@type\":\"ListItem\",\"position\":1,\"name\":\"In\u00edcio\",\"item\":\"https:\/\/rioonwatch.org.br\/\"},{\"@type\":\"ListItem\",\"position\":2,\"name\":\"Dez Li\u00e7\u00f5es da Asa Branca sobre Preven\u00e7\u00e3o de Crimes Atrav\u00e9s do Design Ambiental (CPTED)\"}]},{\"@type\":\"WebSite\",\"@id\":\"https:\/\/rioonwatch.org.br\/#website\",\"url\":\"https:\/\/rioonwatch.org.br\/\",\"name\":\"RioOnWatch\",\"description\":\"relatos das favelas cariocas\",\"publisher\":{\"@id\":\"https:\/\/rioonwatch.org.br\/#organization\"},\"potentialAction\":[{\"@type\":\"SearchAction\",\"target\":{\"@type\":\"EntryPoint\",\"urlTemplate\":\"https:\/\/rioonwatch.org.br\/?s={search_term_string}\"},\"query-input\":{\"@type\":\"PropertyValueSpecification\",\"valueRequired\":true,\"valueName\":\"search_term_string\"}}],\"inLanguage\":\"pt-BR\"},{\"@type\":\"Organization\",\"@id\":\"https:\/\/rioonwatch.org.br\/#organization\",\"name\":\"RioOnWatch\",\"url\":\"https:\/\/rioonwatch.org.br\/\",\"logo\":{\"@type\":\"ImageObject\",\"inLanguage\":\"pt-BR\",\"@id\":\"https:\/\/rioonwatch.org.br\/#\/schema\/logo\/image\/\",\"url\":\"https:\/\/rioonwatch.org.br\/wp-content\/uploads\/2021\/06\/RioOnWatchcabecalhoPT11anos-2.png\",\"contentUrl\":\"https:\/\/rioonwatch.org.br\/wp-content\/uploads\/2021\/06\/RioOnWatchcabecalhoPT11anos-2.png\",\"width\":779,\"height\":277,\"caption\":\"RioOnWatch\"},\"image\":{\"@id\":\"https:\/\/rioonwatch.org.br\/#\/schema\/logo\/image\/\"}},{\"@type\":\"Person\",\"@id\":\"https:\/\/rioonwatch.org.br\/#\/schema\/person\/11d64c290506f9df50c71b850c473f68\",\"name\":\"Admin\",\"image\":{\"@type\":\"ImageObject\",\"inLanguage\":\"pt-BR\",\"@id\":\"https:\/\/rioonwatch.org.br\/#\/schema\/person\/image\/\",\"url\":\"https:\/\/secure.gravatar.com\/avatar\/56211ac74568383903349a1485e3c325?s=96&d=blank&r=g\",\"contentUrl\":\"https:\/\/secure.gravatar.com\/avatar\/56211ac74568383903349a1485e3c325?s=96&d=blank&r=g\",\"caption\":\"Admin\"},\"url\":\"https:\/\/rioonwatch.org.br\/?author=129\"}]}<\/script>\n<!-- \/ Yoast SEO plugin. -->","yoast_head_json":{"title":"Dez Li\u00e7\u00f5es da Asa Branca sobre Preven\u00e7\u00e3o de Crimes Atrav\u00e9s do Design Ambiental (CPTED) - RioOnWatch","robots":{"index":"index","follow":"follow","max-snippet":"max-snippet:-1","max-image-preview":"max-image-preview:large","max-video-preview":"max-video-preview:-1"},"canonical":"https:\/\/rioonwatch.org.br\/?p=30367","og_locale":"pt_BR","og_type":"article","og_title":"Dez Li\u00e7\u00f5es da Asa Branca sobre Preven\u00e7\u00e3o de Crimes Atrav\u00e9s do Design Ambiental (CPTED) - RioOnWatch","og_description":"Click Here for English Esta \u00e9 a \u00faltima mat\u00e9ria de uma\u00a0s\u00e9rie de quatro partes\u00a0sobre a\u00a0Preven\u00e7\u00e3o de Crimes Atrav\u00e9s do Design Ambiental (CPTED). Fundada em 1986, a comunidade\u00a0Asa Branca est\u00e1 situada pr\u00f3xima \u00e0\u00a0Barra da Tijuca, Zona [...]","og_url":"https:\/\/rioonwatch.org.br\/?p=30367","og_site_name":"RioOnWatch","article_published_time":"2018-01-15T15:41:25+00:00","article_modified_time":"2018-09-04T23:58:33+00:00","og_image":[{"width":2560,"height":1920,"url":"https:\/\/rioonwatch.org.br\/wp-content\/uploads\/2017\/12\/CPTED-Asa-Branca-scaled.jpg","type":"image\/jpeg"}],"author":"Admin","twitter_card":"summary_large_image","twitter_misc":{"Escrito por":"Admin","Est. tempo de leitura":"9 minutos"},"schema":{"@context":"https:\/\/schema.org","@graph":[{"@type":"Article","@id":"https:\/\/rioonwatch.org.br\/?p=30367#article","isPartOf":{"@id":"https:\/\/rioonwatch.org.br\/?p=30367"},"author":{"name":"Admin","@id":"https:\/\/rioonwatch.org.br\/#\/schema\/person\/11d64c290506f9df50c71b850c473f68"},"headline":"Dez Li\u00e7\u00f5es da Asa Branca sobre Preven\u00e7\u00e3o de Crimes Atrav\u00e9s do Design Ambiental (CPTED)","datePublished":"2018-01-15T15:41:25+00:00","dateModified":"2018-09-04T23:58:33+00:00","mainEntityOfPage":{"@id":"https:\/\/rioonwatch.org.br\/?p=30367"},"wordCount":1882,"publisher":{"@id":"https:\/\/rioonwatch.org.br\/#organization"},"image":{"@id":"https:\/\/rioonwatch.org.br\/?p=30367#primaryimage"},"thumbnailUrl":"https:\/\/rioonwatch.org.br\/wp-content\/uploads\/2017\/12\/CPTED-Asa-Branca-scaled.jpg","keywords":["Asa Branca","Associa\u00e7\u00e3o de Moradores","auto-planejamento","com\u00e9rcio comunit\u00e1rio","CPTED","design participativo","educa\u00e7\u00e3o","espa\u00e7o p\u00fablico","lideran\u00e7a comunit\u00e1ria","listicle","orgulho comunit\u00e1rio","participa\u00e7\u00e3o","planejamento urbano","seguran\u00e7a p\u00fablica","S\u00e9rie: CPTED","solu\u00e7\u00e3o","solu\u00e7\u00e3o comunit\u00e1ria","Zona Oeste"],"articleSection":["#OlhoNaParticipa\u00e7\u00e3o","Cultura da Favela","Dados e Pesquisa","Escrito por Aliados","Favela \u00e9","Qualidades da Favela","Solu\u00e7\u00f5es","Sustentabilidade"],"inLanguage":"pt-BR"},{"@type":"WebPage","@id":"https:\/\/rioonwatch.org.br\/?p=30367","url":"https:\/\/rioonwatch.org.br\/?p=30367","name":"Dez Li\u00e7\u00f5es da Asa Branca sobre Preven\u00e7\u00e3o de Crimes Atrav\u00e9s do Design Ambiental (CPTED) - RioOnWatch","isPartOf":{"@id":"https:\/\/rioonwatch.org.br\/#website"},"primaryImageOfPage":{"@id":"https:\/\/rioonwatch.org.br\/?p=30367#primaryimage"},"image":{"@id":"https:\/\/rioonwatch.org.br\/?p=30367#primaryimage"},"thumbnailUrl":"https:\/\/rioonwatch.org.br\/wp-content\/uploads\/2017\/12\/CPTED-Asa-Branca-scaled.jpg","datePublished":"2018-01-15T15:41:25+00:00","dateModified":"2018-09-04T23:58:33+00:00","breadcrumb":{"@id":"https:\/\/rioonwatch.org.br\/?p=30367#breadcrumb"},"inLanguage":"pt-BR","potentialAction":[{"@type":"ReadAction","target":["https:\/\/rioonwatch.org.br\/?p=30367"]}]},{"@type":"ImageObject","inLanguage":"pt-BR","@id":"https:\/\/rioonwatch.org.br\/?p=30367#primaryimage","url":"https:\/\/rioonwatch.org.br\/wp-content\/uploads\/2017\/12\/CPTED-Asa-Branca-scaled.jpg","contentUrl":"https:\/\/rioonwatch.org.br\/wp-content\/uploads\/2017\/12\/CPTED-Asa-Branca-scaled.jpg","width":2560,"height":1920},{"@type":"BreadcrumbList","@id":"https:\/\/rioonwatch.org.br\/?p=30367#breadcrumb","itemListElement":[{"@type":"ListItem","position":1,"name":"In\u00edcio","item":"https:\/\/rioonwatch.org.br\/"},{"@type":"ListItem","position":2,"name":"Dez Li\u00e7\u00f5es da Asa Branca sobre Preven\u00e7\u00e3o de Crimes Atrav\u00e9s do Design Ambiental (CPTED)"}]},{"@type":"WebSite","@id":"https:\/\/rioonwatch.org.br\/#website","url":"https:\/\/rioonwatch.org.br\/","name":"RioOnWatch","description":"relatos das favelas cariocas","publisher":{"@id":"https:\/\/rioonwatch.org.br\/#organization"},"potentialAction":[{"@type":"SearchAction","target":{"@type":"EntryPoint","urlTemplate":"https:\/\/rioonwatch.org.br\/?s={search_term_string}"},"query-input":{"@type":"PropertyValueSpecification","valueRequired":true,"valueName":"search_term_string"}}],"inLanguage":"pt-BR"},{"@type":"Organization","@id":"https:\/\/rioonwatch.org.br\/#organization","name":"RioOnWatch","url":"https:\/\/rioonwatch.org.br\/","logo":{"@type":"ImageObject","inLanguage":"pt-BR","@id":"https:\/\/rioonwatch.org.br\/#\/schema\/logo\/image\/","url":"https:\/\/rioonwatch.org.br\/wp-content\/uploads\/2021\/06\/RioOnWatchcabecalhoPT11anos-2.png","contentUrl":"https:\/\/rioonwatch.org.br\/wp-content\/uploads\/2021\/06\/RioOnWatchcabecalhoPT11anos-2.png","width":779,"height":277,"caption":"RioOnWatch"},"image":{"@id":"https:\/\/rioonwatch.org.br\/#\/schema\/logo\/image\/"}},{"@type":"Person","@id":"https:\/\/rioonwatch.org.br\/#\/schema\/person\/11d64c290506f9df50c71b850c473f68","name":"Admin","image":{"@type":"ImageObject","inLanguage":"pt-BR","@id":"https:\/\/rioonwatch.org.br\/#\/schema\/person\/image\/","url":"https:\/\/secure.gravatar.com\/avatar\/56211ac74568383903349a1485e3c325?s=96&d=blank&r=g","contentUrl":"https:\/\/secure.gravatar.com\/avatar\/56211ac74568383903349a1485e3c325?s=96&d=blank&r=g","caption":"Admin"},"url":"https:\/\/rioonwatch.org.br\/?author=129"}]}},"_links":{"self":[{"href":"https:\/\/rioonwatch.org.br\/index.php?rest_route=\/wp\/v2\/posts\/30367"}],"collection":[{"href":"https:\/\/rioonwatch.org.br\/index.php?rest_route=\/wp\/v2\/posts"}],"about":[{"href":"https:\/\/rioonwatch.org.br\/index.php?rest_route=\/wp\/v2\/types\/post"}],"author":[{"embeddable":true,"href":"https:\/\/rioonwatch.org.br\/index.php?rest_route=\/wp\/v2\/users\/129"}],"replies":[{"embeddable":true,"href":"https:\/\/rioonwatch.org.br\/index.php?rest_route=%2Fwp%2Fv2%2Fcomments&post=30367"}],"version-history":[{"count":31,"href":"https:\/\/rioonwatch.org.br\/index.php?rest_route=\/wp\/v2\/posts\/30367\/revisions"}],"predecessor-version":[{"id":30760,"href":"https:\/\/rioonwatch.org.br\/index.php?rest_route=\/wp\/v2\/posts\/30367\/revisions\/30760"}],"wp:featuredmedia":[{"embeddable":true,"href":"https:\/\/rioonwatch.org.br\/index.php?rest_route=\/wp\/v2\/media\/30373"}],"wp:attachment":[{"href":"https:\/\/rioonwatch.org.br\/index.php?rest_route=%2Fwp%2Fv2%2Fmedia&parent=30367"}],"wp:term":[{"taxonomy":"category","embeddable":true,"href":"https:\/\/rioonwatch.org.br\/index.php?rest_route=%2Fwp%2Fv2%2Fcategories&post=30367"},{"taxonomy":"post_tag","embeddable":true,"href":"https:\/\/rioonwatch.org.br\/index.php?rest_route=%2Fwp%2Fv2%2Ftags&post=30367"},{"taxonomy":"writer","embeddable":true,"href":"https:\/\/rioonwatch.org.br\/index.php?rest_route=%2Fwp%2Fv2%2Fwriter&post=30367"},{"taxonomy":"translator","embeddable":true,"href":"https:\/\/rioonwatch.org.br\/index.php?rest_route=%2Fwp%2Fv2%2Ftranslator&post=30367"},{"taxonomy":"source","embeddable":true,"href":"https:\/\/rioonwatch.org.br\/index.php?rest_route=%2Fwp%2Fv2%2Fsource&post=30367"},{"taxonomy":"ilustrador","embeddable":true,"href":"https:\/\/rioonwatch.org.br\/index.php?rest_route=%2Fwp%2Fv2%2Filustrador&post=30367"},{"taxonomy":"fotografo","embeddable":true,"href":"https:\/\/rioonwatch.org.br\/index.php?rest_route=%2Fwp%2Fv2%2Ffotografo&post=30367"}],"curies":[{"name":"wp","href":"https:\/\/api.w.org\/{rel}","templated":true}]}}