{"id":30475,"date":"2018-03-05T10:07:57","date_gmt":"2018-03-05T13:07:57","guid":{"rendered":"http:\/\/rioonwatch.org.br\/?p=30475"},"modified":"2024-06-20T16:24:07","modified_gmt":"2024-06-20T19:24:07","slug":"nem-todos-tem-um-preco-parte-2-apresentando-a-vila-autodromo","status":"publish","type":"post","link":"https:\/\/rioonwatch.org.br\/?p=30475","title":{"rendered":"Nem Todos T\u00eam Um Pre\u00e7o, Parte 2: Apresentando a Vila Aut\u00f3dromo"},"content":{"rendered":"<p style=\"text-align: right;\"><em><strong><a href=\"http:\/\/bit.ly\/2M971Pn\" target=\"_blank\" rel=\"noopener noreferrer\">Click Here for English<img decoding=\"async\" width=\"20\" height=\"20\" class=\"alignright wp-image-15790\" src=\"http:\/\/rioonwatch.org.br\/wp-content\/uploads\/2012\/08\/EN-standard-e1439583104716.jpg\" \/><\/a><\/strong><\/em><\/p>\n<p><em>Esta \u00e9 a segunda mat\u00e9ria de uma <a href=\"http:\/\/bit.ly\/HistoriaDaVila\" target=\"_blank\" rel=\"noopener\">s\u00e9rie de sete<\/a> que comp\u00f5e o cap\u00edtulo intitulado &#8216;Nem Todos T\u00eam Um Pre\u00e7o&#8217;, que conta a hist\u00f3ria de luta da Vila Aut\u00f3dromo. Escrito por Theresa Williamson, diretora executiva da\u00a0<a href=\"http:\/\/bit.ly\/1YPn1Cn\" target=\"_blank\" rel=\"noopener\">Comunidades Catalisadoras,<\/a>* o cap\u00edtulo faz parte do livro\u00a0<a href=\"http:\/\/brook.gs\/2wFH2oa\" target=\"_blank\" rel=\"noopener\">Rio 2016: Olympic Myths, Hard Realities<\/a> (Rio 2016: Mitos Ol\u00edmpicos, Duras Realidades) organizado pelo economista\u00a0<a href=\"http:\/\/bit.ly\/2kWQoqf\" target=\"_blank\" rel=\"noopener\">Andrew Zimbalist<\/a>. Como o livro foi publicado somente em ingl\u00eas, pedimos permiss\u00e3o e agradecemos \u00e0 editora\u00a0Brookings por nos permitir publicar o cap\u00edtulo na \u00edntegra em portugu\u00eas.\u00a0Leia nossa resenha do livro\u00a0<\/em><em>Rio 2016 <a href=\"http:\/\/bit.ly\/2FdsgcC\" target=\"_blank\" rel=\"noopener\">aqui<\/a>.<\/em><\/p>\n<p>\u00c9 nesse contexto complexo (veja a <a href=\"http:\/\/bit.ly\/2F8Ck9a\" target=\"_blank\" rel=\"noopener\">parte 1<\/a>) que se desenvolve a inspiradora e rica hist\u00f3ria da pequena favela <a href=\"http:\/\/bit.ly\/Nfddvg\" target=\"_blank\" rel=\"noopener\">Vila Aut\u00f3dromo<\/a>, que surpreendeu por ser t\u00e3o forte frente \u00e0 escala dos ataques que se disp\u00f4s a enfrentar.<strong>\u00a0<\/strong>Como \u00e9 o caso de praticamente todas as favelas, a comunidade vincula a sua funda\u00e7\u00e3o \u00e0 uma oportunidade de emprego ou subsist\u00eancia, neste caso gerada \u00e0 beira da <a href=\"http:\/\/bit.ly\/2Ccxhka\" target=\"_blank\" rel=\"noopener\">Lagoa de Jacarepagu\u00e1<\/a>. Ocupada por pescadores em 1967, h\u00e1 cinquenta anos, a pequena favela, localizada h\u00e1 aproximadamente oito quil\u00f4metros a sudoeste da <a href=\"http:\/\/bit.ly\/10BzE4e\" target=\"_blank\" rel=\"noopener\">Cidade de Deus<\/a>, teve seu in\u00edcio apenas um ano ap\u00f3s a funda\u00e7\u00e3o de sua afamada\u00a0compatriota regional (Cidade de Deus \u00e9 talvez o melhor exemplo de uma favela que ficou famosa devido \u00e0 viol\u00eancia sensacionalizada, com o filme de 2002 de mesmo nome). Mas enquanto a Cidade de Deus foi ocupada inicialmente como habita\u00e7\u00e3o p\u00fablica&#8211;a horas de dist\u00e2ncia dos centros empregat\u00edcios da \u00e9poca, repleta de pessoas removidas pelo regime militar, aglomeradas contra sua vontade apesar de se originarem de comunidades diferentes&#8211;a Vila Aut\u00f3dromo foi estabelecida por um pequeno grupo de pescadores que escolheram o local para subsistir e morar,<a href=\"#_ftnb\" name=\"_ftnrefb\"><sup>1<\/sup><\/a> sem se preocupar com a falta de desenvolvimento na regi\u00e3o naquela \u00e9poca. Na realidade, a regi\u00e3o inteira se caracterizava pelo que muitos enxergavam como p\u00e2ntanos impenetr\u00e1veis.<\/p>\n<p><a href=\"http:\/\/rioonwatch.org.br\/wp-content\/uploads\/2017\/12\/Autodromo-1967-Blog-Jacarepagua\u0301-Cultural.jpg\"><img fetchpriority=\"high\" decoding=\"async\" class=\"alignright wp-image-30497 size-full\" title=\"Imagem hist\u00f3rica do Aut\u00f3dromo. Foto: Blog Jacarepagu\u00e1 Cultural.\" src=\"http:\/\/rioonwatch.org.br\/wp-content\/uploads\/2017\/12\/Autodromo-1967-Blog-Jacarepagua\u0301-Cultural.jpg\" alt=\"\" width=\"320\" height=\"227\" \/><\/a><\/p>\n<p>Em 1971, trabalhadores vieram \u00e0 regi\u00e3o construir o <a href=\"http:\/\/bit.ly\/2BmkkTS\" target=\"_blank\" rel=\"noopener\">Aut\u00f3dromo Internacional Nelson Piquet<\/a>, a pista de F\u00f3rmula Um do Rio de Janeiro, que ocuparia a maior parte da pen\u00ednsula em que se localizava a Vila Aut\u00f3dromo. Foi ent\u00e3o que a pequena comunidade ganhou seu nome, Vila Aut\u00f3dromo, enquanto esses trabalhadores se juntavam aos pescadores originais e expandiam o tamanho da comunidade. Novamente, a favela se expandiu devido a empregos, como costuma acontecer.<\/p>\n<p>Ao longo das d\u00e9cadas subsequentes, a Vila Aut\u00f3dromo se consolidou em uma favela com 700 fam\u00edlias, preenchendo todos os potenciais lotes dispon\u00edveis entre a lagoa de um lado, o aut\u00f3dromo de um segundo lado e um canal de um terceiro lado. Os ocupantes originais acabaram por vender o que eram lotes consideravelmente grandes, permitindo que algumas casas ocupassem, d\u00e9cadas depois, 400 metros quadrados de terra na beira da lagoa, ou no que veio a ser a \u00e1rea central da favela, mais pr\u00f3xima \u00e0 Avenida Embaixador Abelardo Bueno. Em alguns casos, lotes grandes permitiram a expans\u00e3o de fam\u00edlias, de uma pequena casa para duas ou tr\u00eas no mesmo local, levando diversas gera\u00e7\u00f5es de uma mesma fam\u00edlia a usufru\u00edrem de suas casas individuais localizadas em um lote com \u00e1rvores e espa\u00e7o que permitia uma ativa vida privada ao ar livre no interior do lote. Outros expandiram suas casas para lares individuais um tanto grandes. Alguns utilizam o espa\u00e7o ao ar livre para plantar \u00e1rvores frut\u00edferas, abrir oficinas mec\u00e2nicas para carros de F\u00f3rmula Um, ou <a href=\"http:\/\/bit.ly\/1LiYCRR\" target=\"_blank\" rel=\"noopener\">estabelecer terreiros de candombl\u00e9<\/a> para rituais espirituais afro-brasileiros que requerem uma intensa rela\u00e7\u00e3o com a terra. J\u00e1 outros abriram com\u00e9rcios em frente ou abaixo de suas casas, e foram estabelecidas igrejas, tanto cat\u00f3licas quanto evang\u00e9licas. Com o passar do tempo, muitos tamb\u00e9m subdividiram seus terrenos, ent\u00e3o a comunidade tamb\u00e9m abrigava algumas moradias pequenas e mais prec\u00e1rias, pertencentes aos que haviam se mudado mais recentemente e iniciavam o processo de desenvolvimento cont\u00ednuo que caracteriza a consolida\u00e7\u00e3o de favelas e o desenvolvimento informal. Enquanto isso, um pequeno grupo de pescadores seguia vivendo na e da \u00e1gua por d\u00e9cadas.<\/p>\n<p><a href=\"http:\/\/rioonwatch.org.br\/wp-content\/uploads\/2017\/12\/v_aut\u00f3dromo_rio.png\"><img decoding=\"async\" class=\"aligncenter wp-image-30533 size-content\" title=\"Vista a\u00e9rea da Vila Aut\u00f3dromo. Foto do comunidadevilaautodromo.blogspot.com.br\/\" src=\"http:\/\/rioonwatch.org.br\/wp-content\/uploads\/2017\/12\/v_aut\u00f3dromo_rio-620x264.png\" alt=\"\" width=\"620\" height=\"264\" srcset=\"https:\/\/rioonwatch.org.br\/wp-content\/uploads\/2017\/12\/v_aut\u00f3dromo_rio-620x264.png 620w, https:\/\/rioonwatch.org.br\/wp-content\/uploads\/2017\/12\/v_aut\u00f3dromo_rio-940x400.png 940w\" sizes=\"(max-width: 620px) 100vw, 620px\" \/><\/a><\/p>\n<p>Cerca de vinte e cinco anos ap\u00f3s ser fundada, nos anos 90, a Vila Aut\u00f3dromo <a href=\"http:\/\/bit.ly\/2kI0M5R\" target=\"_blank\" rel=\"noopener\">enfrentou sua primeira batalha<\/a> contra remo\u00e7\u00f5es. Isso ocorreu quando a <a href=\"http:\/\/bit.ly\/19BBUhf\" target=\"_blank\" rel=\"noopener\">Barra da Tijuca<\/a>, emergente \u00e1rea vizinha, come\u00e7ou a expandir em dire\u00e7\u00e3o aos p\u00e2ntanos pr\u00f3ximos. A Barra da Tijuca foi uma <a href=\"http:\/\/bit.ly\/1SJMiJI\" target=\"_blank\" rel=\"noopener\">resposta de empreendedores imobili\u00e1rios<\/a> aos altos \u00edndices de criminalidade na rica Zona Sul da cidade e \u00e0 redemocratiza\u00e7\u00e3o ap\u00f3s a queda do regime militar: a regi\u00e3o inteira se desenvolveu desde os anos 80 na forma de milhares de <a href=\"http:\/\/bit.ly\/2apHJGB\" target=\"_blank\" rel=\"noopener\">condom\u00ednios fechados<\/a> embalados para a exclusividade e exclus\u00e3o. O pretexto para a remo\u00e7\u00e3o na \u00e9poca era ambiental. O Rio sediaria a ECO 92 (Confer\u00eancia das Na\u00e7\u00f5es Unidas sobre o Meio Ambiente e o Desenvolvimento de 1992) e a administra\u00e7\u00e3o municipal usou isso como justificativa para remo\u00e7\u00e3o da favela, que seria uma amea\u00e7a ambiental e visual \u00e0 regi\u00e3o.<\/p>\n<p>Moradores se organizaram via a altamente ativa Associa\u00e7\u00e3o de Moradores, Pescadores e Amigos da Vila Aut\u00f3dromo, ou AMPAVA. A recente cl\u00e1usula de usucapi\u00e3o da Constitui\u00e7\u00e3o Federal,<a href=\"#_ftn1\" name=\"_ftnref1\"><sup>[a]<\/sup><\/a> junto \u00e0 similar determina\u00e7\u00e3o da Constitui\u00e7\u00e3o de 1989 do Estado do Rio de que a terra tem que cumprir uma fun\u00e7\u00e3o social, foram essenciais para a vit\u00f3ria da comunidade. A comunidade trabalhou com defensores p\u00fablicos e, no in\u00edcio dos anos 90, foi poss\u00edvel assegurar duas concess\u00f5es de governadores do Rio. Chamadas de <a href=\"http:\/\/bit.ly\/2kI0M5R\" target=\"_blank\" rel=\"noopener\">Concess\u00e3o de Direito Real de Uso<\/a>, estas concess\u00f5es foram providenciadas pelo governo estadual porque a pen\u00ednsula em que se localizava a Vila Aut\u00f3dromo era terra de propriedade do Estado. A concess\u00e3o mais robusta, entregue em 1998, dava direito \u00e0 ocupa\u00e7\u00e3o por noventa e nove anos, renov\u00e1veis por mais noventa e nove.<\/p>\n<p><a href=\"http:\/\/rioonwatch.org.br\/wp-content\/uploads\/2017\/12\/Vila-Autodromo3.jpg\"><img loading=\"lazy\" decoding=\"async\" class=\"aligncenter wp-image-30542 size-content\" title=\"Uma rua da Vila Aut\u00f3dromo antes da remo\u00e7\u00e3o\" src=\"http:\/\/rioonwatch.org.br\/wp-content\/uploads\/2017\/12\/Vila-Autodromo3-620x264.jpg\" alt=\"\" width=\"620\" height=\"264\" \/><\/a><\/p>\n<p>A Vila Aut\u00f3dromo ent\u00e3o seguiu com seu desenvolvimento autogerido por mais duas d\u00e9cadas, consolidando-se cada vez mais com o passar dos anos, sendo seus moradores relativamente bem empregados, dadas as oportunidades de emprego associadas ao boom da regi\u00e3o da Barra da Tijuca nessa \u00e9poca. Durante esse per\u00edodo, a comunidade tamb\u00e9m lutou por saneamento b\u00e1sico, asfaltamento de vias e outras urbaniza\u00e7\u00f5es. Mas em momento algum houve investimento da prefeitura, apesar do status oficial da comunidade \u00e0 \u00e9poca. O \u00fanico investimento feito por uma autoridade p\u00fablica foi quando um candidato pol\u00edtico em campanha eleitoral deu recursos para um pequeno parquinho infantil, em uma tentativa de atrair votos. Os equipamentos de baixa qualidade foram, a partir de ent\u00e3o, conservados pelos moradores.<\/p>\n<p>Uma data se destaca na hist\u00f3ria da Vila Aut\u00f3dromo mais do que qualquer outra. Em 2 de outubro de 2009, o Comit\u00ea Ol\u00edmpico Internacional (COI) escolheu a cidade que ganharia a candidatura para sediar os <a href=\"http:\/\/bit.ly\/PkLXlQ\" target=\"_blank\" rel=\"noopener\">Jogos Ol\u00edmpicos<\/a> de 2016. O Rio, <a href=\"http:\/\/bit.ly\/2kYyOCh\" target=\"_blank\" rel=\"noopener\">diferentemente de Chicago<\/a>, n\u00e3o sofreu nenhum protesto em resposta \u00e0 candidatura. E junto a outros <a href=\"http:\/\/bit.ly\/2dPeuQQ\" target=\"_blank\" rel=\"noopener\">elementos de planejamento e proje\u00e7\u00e3o que foram \u201ccorrigidos\u201d<\/a> em rela\u00e7\u00e3o \u00e0s suas tr\u00eas candidaturas anteriores, o Rio pareceu uma op\u00e7\u00e3o s\u00f3lida. Na <a href=\"http:\/\/bit.ly\/1mNsDyk\" target=\"_blank\" rel=\"noopener\">Zona Sul<\/a>, foi organizada uma celebra\u00e7\u00e3o, promovida pelo governo na praia de <a href=\"http:\/\/bit.ly\/1H6bGrX\" target=\"_blank\" rel=\"noopener\">Copacabana<\/a>, que reuniu 100.000 pessoas. Quando a cidade do Rio foi declarada a &#8216;vencedora&#8217;, a multid\u00e3o ficou euf\u00f3rica de um jeito que s\u00f3 uma cidade festeira, marcada por tr\u00eas d\u00e9cadas de estagna\u00e7\u00e3o econ\u00f4mica, poderia ficar ao finalmente vislumbrar a vida p\u00f3s-limbo. A emo\u00e7\u00e3o e a esperan\u00e7a eram palp\u00e1veis em toda a cidade.<\/p>\n<p><a href=\"http:\/\/rioonwatch.org.br\/wp-content\/uploads\/2017\/12\/Rio-Olympic-Bid-New-York-Times.jpg\"><img loading=\"lazy\" decoding=\"async\" class=\"aligncenter wp-image-30498 size-content\" title=\"Pessoas comemoram escolha do Rio de Janeiro como cidade sede das Olimp\u00edadas em evento em Copacabana. Foto: New York Times.\" src=\"http:\/\/rioonwatch.org.br\/wp-content\/uploads\/2017\/12\/Rio-Olympic-Bid-New-York-Times-600x264.jpg\" alt=\"Pessoas comemoram escolha do Rio de Janeiro como cidade sede das Olimp\u00edadas em evento em Copacabana. Foto: New York Times.\" width=\"600\" height=\"264\" \/><\/a><\/p>\n<p>Enquanto isso, no mesmo dia mais tarde, a artes\u00e3 e diretora da associa\u00e7\u00e3o de moradores da Vila Aut\u00f3dromo, Jane Nascimento, <a href=\"http:\/\/bit.ly\/19UK9Xq\" target=\"_blank\" rel=\"noopener\">cochilava em frente \u00e0 sua televis\u00e3o<\/a>. Em um estado sonolento, ela ouviu uma coletiva de imprensa que acontecia naquele momento. O prefeito do Rio de Janeiro, <a href=\"http:\/\/bit.ly\/1k4eA6c\" target=\"_blank\" rel=\"noopener\">Eduardo Paes<\/a>, eleito apenas um ano antes, respondia a perguntas sobre a candidatura bem sucedida do Rio. Em uma de suas respostas, ele anunciou que a Vila Aut\u00f3dromo seria &#8220;a \u00fanica comunidade removida&#8221; para os Jogos Ol\u00edmpicos.<a href=\"#_ftn2\" name=\"_ftnref2\"><sup>[b]<\/sup><\/a><\/p>\n<p><a href=\"http:\/\/rioonwatch.org.br\/wp-content\/uploads\/2017\/12\/D-Jane2.jpg\"><img loading=\"lazy\" decoding=\"async\" class=\"aligncenter wp-image-30543 size-content\" title=\"Dona Jane sendo entrevistada.\" src=\"http:\/\/rioonwatch.org.br\/wp-content\/uploads\/2017\/12\/D-Jane2-620x264.jpg\" alt=\"\" width=\"620\" height=\"264\" srcset=\"https:\/\/rioonwatch.org.br\/wp-content\/uploads\/2017\/12\/D-Jane2-620x264.jpg 620w, https:\/\/rioonwatch.org.br\/wp-content\/uploads\/2017\/12\/D-Jane2-940x400.jpg 940w\" sizes=\"(max-width: 620px) 100vw, 620px\" \/><\/a><\/p>\n<p>Jane j\u00e1 havia lutado contra amea\u00e7as de remo\u00e7\u00e3o antes. Al\u00e9m das amea\u00e7as do in\u00edcio dos anos 90, a <a href=\"http:\/\/bit.ly\/2CVHdOj\" target=\"_blank\" rel=\"noopener\">Vila Aut\u00f3dromo tamb\u00e9m resistiu \u00e0 remo\u00e7\u00e3o durante os preparativos para os Jogos Panamericanos de 2007<\/a>, ali perto. A declara\u00e7\u00e3o do prefeito a abalou profundamente, e novamente, Jane, junto a Altair Guimar\u00e3es&#8211;diretor popularmente eleito da AMPAVA&#8211;outros diretores e membros dedicados da comunidade vindos de todos os cantos da favela, come\u00e7aram a se organizar e a buscar o apoio da defensoria p\u00fablica, para prote\u00e7\u00e3o legal.<\/p>\n<h3><em><a href=\"http:\/\/bit.ly\/VilaNo3\" target=\"_blank\" rel=\"noopener\">Clique aqui para Parte 3<\/a>.<\/em><\/h3>\n<p><em>Esta \u00e9 a segunda mat\u00e9ria de uma <a href=\"http:\/\/bit.ly\/HistoriaDaVila\" target=\"_blank\" rel=\"noopener\">s\u00e9rie de sete<\/a> que comp\u00f5e o cap\u00edtulo intitulado &#8216;Nem Todos T\u00eam Um Pre\u00e7o&#8217;, que conta a hist\u00f3ria de luta da Vila Aut\u00f3dromo. Escrito por Theresa Williamson, diretora executiva da\u00a0<a href=\"http:\/\/bit.ly\/1YPn1Cn\" target=\"_blank\" rel=\"noopener\">Comunidades Catalisadoras,<\/a>* o cap\u00edtulo faz parte do livro\u00a0<a href=\"http:\/\/brook.gs\/2wFH2oa\" target=\"_blank\" rel=\"noopener\">Rio 2016: Olympic Myths, Hard Realities<\/a> (Rio 2016: Mitos Ol\u00edmpicos, Duras Realidades) organizado pelo economista\u00a0<a href=\"http:\/\/bit.ly\/2kWQoqf\" target=\"_blank\" rel=\"noopener\">Andrew Zimbalist<\/a>. Como o livro foi publicado somente em ingl\u00eas, pedimos permiss\u00e3o e agradecemos \u00e0 editora\u00a0Brookings por nos permitir publicar o cap\u00edtulo na \u00edntegra em portugu\u00eas.\u00a0Leia nossa resenha do livro\u00a0<\/em><em>Rio 2016 <a href=\"http:\/\/bit.ly\/2FdsgcC\" target=\"_blank\" rel=\"noopener\">aqui<\/a>.<\/em><\/p>\n<p><strong>Notas<\/strong><\/p>\n<p><a href=\"#_ftnref1\" name=\"_ftn1\">[a]<\/a>\u00a0<span style=\"font-weight: 400;\">Usucapi\u00e3o refere-se a situa\u00e7\u00f5es em que uma \u00e1rea \u00e9 ocupada por um per\u00edodo pr\u00e9-estabelecido sem contesta\u00e7\u00e3o, e portanto \u00e9 permitido que se d\u00ea entrada em um processo para aquisi\u00e7\u00e3o da terra. A constitui\u00e7\u00e3o brasileira estipula esse per\u00edodo de tempo em <a href=\"http:\/\/bit.ly\/2BXGMWS\" target=\"_blank\" rel=\"noopener\">cinco anos para \u00e1reas urbanas<\/a> de at\u00e9 250 metros quadrados. Usucapi\u00e3o <a href=\"http:\/\/bit.ly\/1Qy2n7N\" target=\"_blank\" rel=\"noopener\">nasceu na Inglaterra<\/a> no s\u00e9culo 17.<\/span><\/p>\n<p><a href=\"#_ftnref2\" name=\"_ftn2\">[b]<\/a>\u00a0<span style=\"font-weight: 400;\">Por\u00e9m, por tr\u00e1s dos panos, a administra\u00e7\u00e3o de Paes j\u00e1 estava <a href=\"http:\/\/bit.ly\/19i8fLo\" target=\"_blank\" rel=\"noopener\">preparando o terreno p\u00fablico<\/a> para o relan\u00e7amento das pol\u00edticas de remo\u00e7\u00e3o dos anos 60, trabalhando para remover o que ele classificou como \u201co tabu\u201d das remo\u00e7\u00f5es em favelas. Em 12 de abril de 2009, apenas tr\u00eas meses ap\u00f3s o in\u00edcio de sua administra\u00e7\u00e3o, <\/span><i><span style=\"font-weight: 400;\">O Globo,<\/span><\/i><span style=\"font-weight: 400;\">\u00a0associado com a direita pol\u00edtica do Rio desde a ditadura militar, publicou o \u00faltimo de v\u00e1rios artigos, esse na capa, <a href=\"https:\/\/glo.bo\/2I3HvWK\" target=\"_blank\" rel=\"noopener\">declarando<\/a>, \u201cA partir dos anos 80, a express\u00e3o remo\u00e7\u00e3o de favelas passou a ser estigmatizada como uma pr\u00e1tica autorit\u00e1ria do passado.&#8221;\u00a0<\/span><span style=\"font-weight: 400;\">Chuvas torrenciais nos dias anteriores levaram a diversos deslizamentos de terra em favelas, que <a href=\"https:\/\/glo.bo\/2v5O5ZU\" target=\"_blank\" rel=\"noopener\">foram usadas como pretexto<\/a> para essa campanha<\/span><span style=\"font-weight: 400;\">.<\/span><\/p>\n<p><strong>Demais Refer\u00eancias Bibliogr\u00e1ficas<\/strong><\/p>\n<ol>\n<li><span style=\"font-weight: 400;\">BARBASSA, Juliana. <\/span><a href=\"http:\/\/bit.ly\/2a5tTYT\" target=\"_blank\" rel=\"noopener\"><b>Dancing with the devil in the City of God<\/b><\/a><span style=\"font-weight: 400;\">. Nova Iorque: Touchstone, 2015. 220 p.<\/span><\/li>\n<\/ol>\n<hr \/>\n<h3><em>S\u00e9rie Completa:\u00a0<a href=\"http:\/\/bit.ly\/HistoriaDaVila\" target=\"_blank\" rel=\"noopener\">Nem Todos T\u00eam Um Pre\u00e7o: Hist\u00f3ria da Luta da Vila Aut\u00f3dromo<\/a><\/em><\/h3>\n<p>Parte 1: <a href=\"http:\/\/bit.ly\/VilaNo1\" target=\"_blank\" rel=\"noopener\">(Re)Introduzindo Favelas<\/a><br \/>\nParte 2:\u00a0<a href=\"http:\/\/bit.ly\/VilaNo2\" target=\"_blank\" rel=\"noopener\">Apresentando a Vila Aut\u00f3dromo<\/a><br \/>\nParte 3:\u00a0<a href=\"http:\/\/bit.ly\/VilaNo3\" target=\"_blank\" rel=\"noopener\">A Ascen\u00e7\u00e3o da Vila Aut\u00f3dromo Como S\u00edmbolo de Resist\u00eancia Ol\u00edmpica (2010-2012)<\/a><br \/>\nParte 4:\u00a0<a href=\"http:\/\/bit.ly\/VilaNo4\" target=\"_blank\" rel=\"noopener\">Intimida\u00e7\u00e3o e Virada Crucial na Luta da Vila (2013-2014) [V\u00cdDEO]<\/a><br \/>\nParte 5:\u00a0<a href=\"http:\/\/bit.ly\/VilaNo5\" target=\"_blank\" rel=\"noopener\">Prefeitura Parte para a Desapropria\u00e7\u00e3o e Viol\u00eancia (2014-2016) [V\u00cdDEO]<\/a><br \/>\nParte 6: <a href=\"http:\/\/bit.ly\/VilaNo6\" target=\"_blank\" rel=\"noopener\">Conclus\u00e3o<\/a><a href=\"http:\/\/bit.ly\/VilaNo6\" target=\"_blank\" rel=\"noopener\">\u2014<\/a><a href=\"http:\/\/bit.ly\/VilaNo6\" target=\"_blank\" rel=\"noopener\">Vila Aut\u00f3dromo no Contexto das Remo\u00e7\u00f5es Ol\u00edmpicas do Rio<\/a><br \/>\nParte 7: <a href=\"http:\/\/bit.ly\/VilaNo7\" target=\"_blank\" rel=\"noopener\">Linha do Tempo da Vila Aut\u00f3dromo<\/a><\/p>\n<p>*<em>RioOnWatch<\/em>\u00a0\u00e9 um projeto da ONG Comunidades Catalisadoras.<\/p>\n<!-- AddThis Advanced Settings generic via filter on the_content --><!-- AddThis Share Buttons generic via filter on the_content -->","protected":false},"excerpt":{"rendered":"<div class=\"mh-excerpt\"><p>Click Here for English Esta \u00e9 a segunda mat\u00e9ria de uma s\u00e9rie de sete que comp\u00f5e o cap\u00edtulo intitulado &#8216;Nem Todos T\u00eam Um Pre\u00e7o&#8217;, que conta a hist\u00f3ria de luta da Vila Aut\u00f3dromo. Escrito por <a class=\"mh-excerpt-more\" href=\"https:\/\/rioonwatch.org.br\/?p=30475\" title=\"Nem Todos T\u00eam Um Pre\u00e7o, Parte 2: Apresentando a Vila Aut\u00f3dromo\">[&#8230;]<\/a><!-- AddThis Advanced Settings generic via filter on get_the_excerpt --><!-- AddThis Share Buttons generic via filter on get_the_excerpt --><\/p>\n<\/div>","protected":false},"author":158,"featured_media":31615,"comment_status":"closed","ping_status":"closed","sticky":false,"template":"","format":"standard","meta":{"_acf_changed":false,"_monsterinsights_skip_tracking":false,"_monsterinsights_sitenote_active":false,"_monsterinsights_sitenote_note":"","_monsterinsights_sitenote_category":0,"footnotes":""},"categories":[1614,1635,1621,1632,1631],"tags":[1910,274,424,550,396,909,128,465,1317,1240,469,78,82,14,432,2289,2288,339,55,184],"writer":[284],"translator":[2202],"source":[],"ilustrador":[],"fotografo":[],"class_list":{"0":"post-30475","1":"post","2":"type-post","3":"status-publish","4":"format-standard","5":"has-post-thumbnail","7":"category-olhonasremocoes","8":"category-1635","9":"category-destaque","10":"category-pesquisa-e-analise","11":"category-entendendo-o-rio","12":"tag-auto-construcao","13":"tag-barra-da-tijuca","14":"tag-direito-a-moradia","15":"tag-direito-a-terra","16":"tag-especulacao-imobiliaria","17":"tag-habitacao-acessivel","18":"tag-historia","19":"tag-lagoa-de-jacarepagua","20":"tag-livro","21":"tag-megaeventos","22":"tag-memoria","23":"tag-olimpiadas","24":"tag-regularizacao-fundiaria","25":"tag-remocao","26":"tag-resistencia","27":"tag-serie","28":"tag-serie-nem-todos-tem-um-preco","29":"tag-usucapiao","30":"tag-vila-autodromo","31":"tag-zona-oeste","32":"writer-theresa-williamson","33":"translator-clara-ferraz"},"acf":[],"yoast_head":"<!-- This site is optimized with the Yoast SEO plugin v25.6 - https:\/\/yoast.com\/wordpress\/plugins\/seo\/ -->\n<title>Nem Todos T\u00eam Um Pre\u00e7o, Parte 2: Apresentando a Vila Aut\u00f3dromo - RioOnWatch<\/title>\n<meta name=\"robots\" content=\"index, follow, max-snippet:-1, max-image-preview:large, max-video-preview:-1\" \/>\n<link rel=\"canonical\" href=\"https:\/\/rioonwatch.org.br\/?p=30475\" \/>\n<meta property=\"og:locale\" content=\"pt_BR\" \/>\n<meta property=\"og:type\" content=\"article\" \/>\n<meta property=\"og:title\" content=\"Nem Todos T\u00eam Um Pre\u00e7o, Parte 2: Apresentando a Vila Aut\u00f3dromo - RioOnWatch\" \/>\n<meta property=\"og:description\" content=\"Click Here for English Esta \u00e9 a segunda mat\u00e9ria de uma s\u00e9rie de sete que comp\u00f5e o cap\u00edtulo intitulado &#8216;Nem Todos T\u00eam Um Pre\u00e7o&#8217;, que conta a hist\u00f3ria de luta da Vila Aut\u00f3dromo. Escrito por [...]\" \/>\n<meta property=\"og:url\" content=\"https:\/\/rioonwatch.org.br\/?p=30475\" \/>\n<meta property=\"og:site_name\" content=\"RioOnWatch\" \/>\n<meta property=\"article:published_time\" content=\"2018-03-05T13:07:57+00:00\" \/>\n<meta property=\"article:modified_time\" content=\"2024-06-20T19:24:07+00:00\" \/>\n<meta property=\"og:image\" content=\"https:\/\/rioonwatch.org.br\/wp-content\/uploads\/2018\/03\/View-from-Vila-Autodromo-1525x629.png\" \/>\n\t<meta property=\"og:image:width\" content=\"1525\" \/>\n\t<meta property=\"og:image:height\" content=\"629\" \/>\n\t<meta property=\"og:image:type\" content=\"image\/png\" \/>\n<meta name=\"author\" content=\"Clara Ferraz\" \/>\n<meta name=\"twitter:card\" content=\"summary_large_image\" \/>\n<meta name=\"twitter:label1\" content=\"Escrito por\" \/>\n\t<meta name=\"twitter:data1\" content=\"Clara Ferraz\" \/>\n\t<meta name=\"twitter:label2\" content=\"Est. tempo de leitura\" \/>\n\t<meta name=\"twitter:data2\" content=\"9 minutos\" \/>\n<script type=\"application\/ld+json\" class=\"yoast-schema-graph\">{\"@context\":\"https:\/\/schema.org\",\"@graph\":[{\"@type\":\"Article\",\"@id\":\"https:\/\/rioonwatch.org.br\/?p=30475#article\",\"isPartOf\":{\"@id\":\"https:\/\/rioonwatch.org.br\/?p=30475\"},\"author\":{\"name\":\"Clara Ferraz\",\"@id\":\"https:\/\/rioonwatch.org.br\/#\/schema\/person\/51419201ecd6399f425faa71e4df4bb4\"},\"headline\":\"Nem Todos T\u00eam Um Pre\u00e7o, Parte 2: Apresentando a Vila Aut\u00f3dromo\",\"datePublished\":\"2018-03-05T13:07:57+00:00\",\"dateModified\":\"2024-06-20T19:24:07+00:00\",\"mainEntityOfPage\":{\"@id\":\"https:\/\/rioonwatch.org.br\/?p=30475\"},\"wordCount\":1902,\"publisher\":{\"@id\":\"https:\/\/rioonwatch.org.br\/#organization\"},\"image\":{\"@id\":\"https:\/\/rioonwatch.org.br\/?p=30475#primaryimage\"},\"thumbnailUrl\":\"https:\/\/rioonwatch.org.br\/wp-content\/uploads\/2018\/03\/View-from-Vila-Autodromo.png\",\"keywords\":[\"autoconstru\u00e7\u00e3o\",\"Barra da Tijuca\",\"Direito \u00e0 Moradia\",\"direito \u00e0 terra\",\"especula\u00e7\u00e3o imobili\u00e1ria\",\"habita\u00e7\u00e3o acess\u00edvel\",\"hist\u00f3ria\",\"Lagoa de Jacarepagu\u00e1\",\"livro\",\"Megaeventos\",\"Mem\u00f3rias Faveladas\",\"Olimp\u00edadas\",\"regulariza\u00e7\u00e3o fundi\u00e1ria\",\"Remo\u00e7\u00e3o\",\"resist\u00eancia\",\"S\u00e9rie\",\"S\u00e9rie: Nem Todos T\u00eam Um Pre\u00e7o\",\"usucapi\u00e3o\",\"Vila Aut\u00f3dromo\",\"Zona Oeste\"],\"articleSection\":[\"#OlhoNasRemo\u00e7\u00f5es\",\"#Rio2016\",\"*Destaque\",\"Dados e Pesquisa\",\"Entendendo o Rio\"],\"inLanguage\":\"pt-BR\"},{\"@type\":\"WebPage\",\"@id\":\"https:\/\/rioonwatch.org.br\/?p=30475\",\"url\":\"https:\/\/rioonwatch.org.br\/?p=30475\",\"name\":\"Nem Todos T\u00eam Um Pre\u00e7o, Parte 2: Apresentando a Vila Aut\u00f3dromo - RioOnWatch\",\"isPartOf\":{\"@id\":\"https:\/\/rioonwatch.org.br\/#website\"},\"primaryImageOfPage\":{\"@id\":\"https:\/\/rioonwatch.org.br\/?p=30475#primaryimage\"},\"image\":{\"@id\":\"https:\/\/rioonwatch.org.br\/?p=30475#primaryimage\"},\"thumbnailUrl\":\"https:\/\/rioonwatch.org.br\/wp-content\/uploads\/2018\/03\/View-from-Vila-Autodromo.png\",\"datePublished\":\"2018-03-05T13:07:57+00:00\",\"dateModified\":\"2024-06-20T19:24:07+00:00\",\"breadcrumb\":{\"@id\":\"https:\/\/rioonwatch.org.br\/?p=30475#breadcrumb\"},\"inLanguage\":\"pt-BR\",\"potentialAction\":[{\"@type\":\"ReadAction\",\"target\":[\"https:\/\/rioonwatch.org.br\/?p=30475\"]}]},{\"@type\":\"ImageObject\",\"inLanguage\":\"pt-BR\",\"@id\":\"https:\/\/rioonwatch.org.br\/?p=30475#primaryimage\",\"url\":\"https:\/\/rioonwatch.org.br\/wp-content\/uploads\/2018\/03\/View-from-Vila-Autodromo.png\",\"contentUrl\":\"https:\/\/rioonwatch.org.br\/wp-content\/uploads\/2018\/03\/View-from-Vila-Autodromo.png\",\"width\":1675,\"height\":691},{\"@type\":\"BreadcrumbList\",\"@id\":\"https:\/\/rioonwatch.org.br\/?p=30475#breadcrumb\",\"itemListElement\":[{\"@type\":\"ListItem\",\"position\":1,\"name\":\"In\u00edcio\",\"item\":\"https:\/\/rioonwatch.org.br\/\"},{\"@type\":\"ListItem\",\"position\":2,\"name\":\"Nem Todos T\u00eam Um Pre\u00e7o, Parte 2: Apresentando a Vila Aut\u00f3dromo\"}]},{\"@type\":\"WebSite\",\"@id\":\"https:\/\/rioonwatch.org.br\/#website\",\"url\":\"https:\/\/rioonwatch.org.br\/\",\"name\":\"RioOnWatch\",\"description\":\"relatos das favelas cariocas\",\"publisher\":{\"@id\":\"https:\/\/rioonwatch.org.br\/#organization\"},\"potentialAction\":[{\"@type\":\"SearchAction\",\"target\":{\"@type\":\"EntryPoint\",\"urlTemplate\":\"https:\/\/rioonwatch.org.br\/?s={search_term_string}\"},\"query-input\":{\"@type\":\"PropertyValueSpecification\",\"valueRequired\":true,\"valueName\":\"search_term_string\"}}],\"inLanguage\":\"pt-BR\"},{\"@type\":\"Organization\",\"@id\":\"https:\/\/rioonwatch.org.br\/#organization\",\"name\":\"RioOnWatch\",\"url\":\"https:\/\/rioonwatch.org.br\/\",\"logo\":{\"@type\":\"ImageObject\",\"inLanguage\":\"pt-BR\",\"@id\":\"https:\/\/rioonwatch.org.br\/#\/schema\/logo\/image\/\",\"url\":\"https:\/\/rioonwatch.org.br\/wp-content\/uploads\/2021\/06\/RioOnWatchcabecalhoPT11anos-2.png\",\"contentUrl\":\"https:\/\/rioonwatch.org.br\/wp-content\/uploads\/2021\/06\/RioOnWatchcabecalhoPT11anos-2.png\",\"width\":779,\"height\":277,\"caption\":\"RioOnWatch\"},\"image\":{\"@id\":\"https:\/\/rioonwatch.org.br\/#\/schema\/logo\/image\/\"}},{\"@type\":\"Person\",\"@id\":\"https:\/\/rioonwatch.org.br\/#\/schema\/person\/51419201ecd6399f425faa71e4df4bb4\",\"name\":\"Clara Ferraz\",\"image\":{\"@type\":\"ImageObject\",\"inLanguage\":\"pt-BR\",\"@id\":\"https:\/\/rioonwatch.org.br\/#\/schema\/person\/image\/\",\"url\":\"https:\/\/secure.gravatar.com\/avatar\/8aaa457da6c4a1f8ae706c36cfbad5c4?s=96&d=blank&r=g\",\"contentUrl\":\"https:\/\/secure.gravatar.com\/avatar\/8aaa457da6c4a1f8ae706c36cfbad5c4?s=96&d=blank&r=g\",\"caption\":\"Clara Ferraz\"},\"url\":\"https:\/\/rioonwatch.org.br\/?author=158\"}]}<\/script>\n<!-- \/ Yoast SEO plugin. -->","yoast_head_json":{"title":"Nem Todos T\u00eam Um Pre\u00e7o, Parte 2: Apresentando a Vila Aut\u00f3dromo - RioOnWatch","robots":{"index":"index","follow":"follow","max-snippet":"max-snippet:-1","max-image-preview":"max-image-preview:large","max-video-preview":"max-video-preview:-1"},"canonical":"https:\/\/rioonwatch.org.br\/?p=30475","og_locale":"pt_BR","og_type":"article","og_title":"Nem Todos T\u00eam Um Pre\u00e7o, Parte 2: Apresentando a Vila Aut\u00f3dromo - RioOnWatch","og_description":"Click Here for English Esta \u00e9 a segunda mat\u00e9ria de uma s\u00e9rie de sete que comp\u00f5e o cap\u00edtulo intitulado &#8216;Nem Todos T\u00eam Um Pre\u00e7o&#8217;, que conta a hist\u00f3ria de luta da Vila Aut\u00f3dromo. Escrito por [...]","og_url":"https:\/\/rioonwatch.org.br\/?p=30475","og_site_name":"RioOnWatch","article_published_time":"2018-03-05T13:07:57+00:00","article_modified_time":"2024-06-20T19:24:07+00:00","og_image":[{"width":1525,"height":629,"url":"https:\/\/rioonwatch.org.br\/wp-content\/uploads\/2018\/03\/View-from-Vila-Autodromo-1525x629.png","type":"image\/png"}],"author":"Clara Ferraz","twitter_card":"summary_large_image","twitter_misc":{"Escrito por":"Clara Ferraz","Est. tempo de leitura":"9 minutos"},"schema":{"@context":"https:\/\/schema.org","@graph":[{"@type":"Article","@id":"https:\/\/rioonwatch.org.br\/?p=30475#article","isPartOf":{"@id":"https:\/\/rioonwatch.org.br\/?p=30475"},"author":{"name":"Clara Ferraz","@id":"https:\/\/rioonwatch.org.br\/#\/schema\/person\/51419201ecd6399f425faa71e4df4bb4"},"headline":"Nem Todos T\u00eam Um Pre\u00e7o, Parte 2: Apresentando a Vila Aut\u00f3dromo","datePublished":"2018-03-05T13:07:57+00:00","dateModified":"2024-06-20T19:24:07+00:00","mainEntityOfPage":{"@id":"https:\/\/rioonwatch.org.br\/?p=30475"},"wordCount":1902,"publisher":{"@id":"https:\/\/rioonwatch.org.br\/#organization"},"image":{"@id":"https:\/\/rioonwatch.org.br\/?p=30475#primaryimage"},"thumbnailUrl":"https:\/\/rioonwatch.org.br\/wp-content\/uploads\/2018\/03\/View-from-Vila-Autodromo.png","keywords":["autoconstru\u00e7\u00e3o","Barra da Tijuca","Direito \u00e0 Moradia","direito \u00e0 terra","especula\u00e7\u00e3o imobili\u00e1ria","habita\u00e7\u00e3o acess\u00edvel","hist\u00f3ria","Lagoa de Jacarepagu\u00e1","livro","Megaeventos","Mem\u00f3rias Faveladas","Olimp\u00edadas","regulariza\u00e7\u00e3o fundi\u00e1ria","Remo\u00e7\u00e3o","resist\u00eancia","S\u00e9rie","S\u00e9rie: Nem Todos T\u00eam Um Pre\u00e7o","usucapi\u00e3o","Vila Aut\u00f3dromo","Zona Oeste"],"articleSection":["#OlhoNasRemo\u00e7\u00f5es","#Rio2016","*Destaque","Dados e Pesquisa","Entendendo o Rio"],"inLanguage":"pt-BR"},{"@type":"WebPage","@id":"https:\/\/rioonwatch.org.br\/?p=30475","url":"https:\/\/rioonwatch.org.br\/?p=30475","name":"Nem Todos T\u00eam Um Pre\u00e7o, Parte 2: Apresentando a Vila Aut\u00f3dromo - RioOnWatch","isPartOf":{"@id":"https:\/\/rioonwatch.org.br\/#website"},"primaryImageOfPage":{"@id":"https:\/\/rioonwatch.org.br\/?p=30475#primaryimage"},"image":{"@id":"https:\/\/rioonwatch.org.br\/?p=30475#primaryimage"},"thumbnailUrl":"https:\/\/rioonwatch.org.br\/wp-content\/uploads\/2018\/03\/View-from-Vila-Autodromo.png","datePublished":"2018-03-05T13:07:57+00:00","dateModified":"2024-06-20T19:24:07+00:00","breadcrumb":{"@id":"https:\/\/rioonwatch.org.br\/?p=30475#breadcrumb"},"inLanguage":"pt-BR","potentialAction":[{"@type":"ReadAction","target":["https:\/\/rioonwatch.org.br\/?p=30475"]}]},{"@type":"ImageObject","inLanguage":"pt-BR","@id":"https:\/\/rioonwatch.org.br\/?p=30475#primaryimage","url":"https:\/\/rioonwatch.org.br\/wp-content\/uploads\/2018\/03\/View-from-Vila-Autodromo.png","contentUrl":"https:\/\/rioonwatch.org.br\/wp-content\/uploads\/2018\/03\/View-from-Vila-Autodromo.png","width":1675,"height":691},{"@type":"BreadcrumbList","@id":"https:\/\/rioonwatch.org.br\/?p=30475#breadcrumb","itemListElement":[{"@type":"ListItem","position":1,"name":"In\u00edcio","item":"https:\/\/rioonwatch.org.br\/"},{"@type":"ListItem","position":2,"name":"Nem Todos T\u00eam Um Pre\u00e7o, Parte 2: Apresentando a Vila Aut\u00f3dromo"}]},{"@type":"WebSite","@id":"https:\/\/rioonwatch.org.br\/#website","url":"https:\/\/rioonwatch.org.br\/","name":"RioOnWatch","description":"relatos das favelas cariocas","publisher":{"@id":"https:\/\/rioonwatch.org.br\/#organization"},"potentialAction":[{"@type":"SearchAction","target":{"@type":"EntryPoint","urlTemplate":"https:\/\/rioonwatch.org.br\/?s={search_term_string}"},"query-input":{"@type":"PropertyValueSpecification","valueRequired":true,"valueName":"search_term_string"}}],"inLanguage":"pt-BR"},{"@type":"Organization","@id":"https:\/\/rioonwatch.org.br\/#organization","name":"RioOnWatch","url":"https:\/\/rioonwatch.org.br\/","logo":{"@type":"ImageObject","inLanguage":"pt-BR","@id":"https:\/\/rioonwatch.org.br\/#\/schema\/logo\/image\/","url":"https:\/\/rioonwatch.org.br\/wp-content\/uploads\/2021\/06\/RioOnWatchcabecalhoPT11anos-2.png","contentUrl":"https:\/\/rioonwatch.org.br\/wp-content\/uploads\/2021\/06\/RioOnWatchcabecalhoPT11anos-2.png","width":779,"height":277,"caption":"RioOnWatch"},"image":{"@id":"https:\/\/rioonwatch.org.br\/#\/schema\/logo\/image\/"}},{"@type":"Person","@id":"https:\/\/rioonwatch.org.br\/#\/schema\/person\/51419201ecd6399f425faa71e4df4bb4","name":"Clara Ferraz","image":{"@type":"ImageObject","inLanguage":"pt-BR","@id":"https:\/\/rioonwatch.org.br\/#\/schema\/person\/image\/","url":"https:\/\/secure.gravatar.com\/avatar\/8aaa457da6c4a1f8ae706c36cfbad5c4?s=96&d=blank&r=g","contentUrl":"https:\/\/secure.gravatar.com\/avatar\/8aaa457da6c4a1f8ae706c36cfbad5c4?s=96&d=blank&r=g","caption":"Clara Ferraz"},"url":"https:\/\/rioonwatch.org.br\/?author=158"}]}},"_links":{"self":[{"href":"https:\/\/rioonwatch.org.br\/index.php?rest_route=\/wp\/v2\/posts\/30475"}],"collection":[{"href":"https:\/\/rioonwatch.org.br\/index.php?rest_route=\/wp\/v2\/posts"}],"about":[{"href":"https:\/\/rioonwatch.org.br\/index.php?rest_route=\/wp\/v2\/types\/post"}],"author":[{"embeddable":true,"href":"https:\/\/rioonwatch.org.br\/index.php?rest_route=\/wp\/v2\/users\/158"}],"replies":[{"embeddable":true,"href":"https:\/\/rioonwatch.org.br\/index.php?rest_route=%2Fwp%2Fv2%2Fcomments&post=30475"}],"version-history":[{"count":36,"href":"https:\/\/rioonwatch.org.br\/index.php?rest_route=\/wp\/v2\/posts\/30475\/revisions"}],"predecessor-version":[{"id":36202,"href":"https:\/\/rioonwatch.org.br\/index.php?rest_route=\/wp\/v2\/posts\/30475\/revisions\/36202"}],"wp:featuredmedia":[{"embeddable":true,"href":"https:\/\/rioonwatch.org.br\/index.php?rest_route=\/wp\/v2\/media\/31615"}],"wp:attachment":[{"href":"https:\/\/rioonwatch.org.br\/index.php?rest_route=%2Fwp%2Fv2%2Fmedia&parent=30475"}],"wp:term":[{"taxonomy":"category","embeddable":true,"href":"https:\/\/rioonwatch.org.br\/index.php?rest_route=%2Fwp%2Fv2%2Fcategories&post=30475"},{"taxonomy":"post_tag","embeddable":true,"href":"https:\/\/rioonwatch.org.br\/index.php?rest_route=%2Fwp%2Fv2%2Ftags&post=30475"},{"taxonomy":"writer","embeddable":true,"href":"https:\/\/rioonwatch.org.br\/index.php?rest_route=%2Fwp%2Fv2%2Fwriter&post=30475"},{"taxonomy":"translator","embeddable":true,"href":"https:\/\/rioonwatch.org.br\/index.php?rest_route=%2Fwp%2Fv2%2Ftranslator&post=30475"},{"taxonomy":"source","embeddable":true,"href":"https:\/\/rioonwatch.org.br\/index.php?rest_route=%2Fwp%2Fv2%2Fsource&post=30475"},{"taxonomy":"ilustrador","embeddable":true,"href":"https:\/\/rioonwatch.org.br\/index.php?rest_route=%2Fwp%2Fv2%2Filustrador&post=30475"},{"taxonomy":"fotografo","embeddable":true,"href":"https:\/\/rioonwatch.org.br\/index.php?rest_route=%2Fwp%2Fv2%2Ffotografo&post=30475"}],"curies":[{"name":"wp","href":"https:\/\/api.w.org\/{rel}","templated":true}]}}