{"id":3051,"date":"2012-05-08T09:00:50","date_gmt":"2012-05-08T12:00:50","guid":{"rendered":"http:\/\/rioonwatch.org.br\/?p=3051"},"modified":"2026-04-14T10:01:16","modified_gmt":"2026-04-14T13:01:16","slug":"a-situacao-dramatica-da-favela-metro-mangueira","status":"publish","type":"post","link":"https:\/\/rioonwatch.org.br\/?p=3051","title":{"rendered":"A Remo\u00e7\u00e3o Lenta e Sofrida da Favela Metr\u00f4-Mangueira"},"content":{"rendered":"<p><a href=\"http:\/\/rioonwatch.org.br\/?attachment_id=3059\" rel=\"attachment wp-att-3059\"><img fetchpriority=\"high\" decoding=\"async\" class=\"size-medium wp-image-3059 alignright\" title=\"Casas demolidas e abandonadas deixam 300 fam\u00edlias que restam no local correndo v\u00e1rios perigos\" src=\"http:\/\/rioonwatch.org.br\/wp-content\/uploads\/2012\/05\/7154873024_b3f2208d29_n-300x225.jpg\" alt=\"\" width=\"300\" height=\"225\" srcset=\"https:\/\/rioonwatch.org.br\/wp-content\/uploads\/2012\/05\/7154873024_b3f2208d29_n-300x225.jpg 300w, https:\/\/rioonwatch.org.br\/wp-content\/uploads\/2012\/05\/7154873024_b3f2208d29_n-174x131.jpg 174w, https:\/\/rioonwatch.org.br\/wp-content\/uploads\/2012\/05\/7154873024_b3f2208d29_n-70x53.jpg 70w, https:\/\/rioonwatch.org.br\/wp-content\/uploads\/2012\/05\/7154873024_b3f2208d29_n.jpg 320w\" sizes=\"(max-width: 300px) 100vw, 300px\" \/><\/a>A comunidade Metr\u00f4-Mangueira existe h\u00e1 34 anos, desde a constru\u00e7\u00e3o da esta\u00e7\u00e3o do Metr\u00f4 do Maracan\u00e3. Nordestinos vindos para trabalhar na obra foram os primeiros a construir seus barracos l\u00e1. Se chama Metr\u00f4-Mangueira por ocupar o espa\u00e7o exatamente entre a esta\u00e7\u00e3o do metr\u00f4 e a Mangueira.<\/p>\n<p>A comunidade foi crescendo, at\u00e9 chegar em aproximadamente 700 fam\u00edlias. Nunca houve tr\u00e1fico ou mil\u00edcia. Todos com quem conversamos, inclusive v\u00e1rios que j\u00e1 foram removidos e voltaram para trabalhar, falaram bem da comunidade, dizendo que a vida l\u00e1 era melhor do que nos condom\u00ednios para onde foram levados.<\/p>\n<p>Em outubro\/novembro de 2010: a Prefeitura entrou intimidando moradores dizendo que tinham que sair de l\u00e1. Motivo: &#8220;limpar&#8221; a \u00e1rea para a Copa. 107 n\u00e3o resistiram e foram nessa primeira leva, para o Condom\u00ednio Varese do Minha Casa Minha Vida em Cosmos (70km de dist\u00e2ncia da comunidade, ou 2 horas de trem).\u00a0Os que ficaram resistiram com ajuda da Defensoria do Estado do Rio e Pastoral das Favelas.<\/p>\n<p><iframe src=\"http:\/\/www.youtube.com\/embed\/OepmBNJ9kJA\" width=\"560\" height=\"315\" frameborder=\"0\"><\/iframe><\/p>\n<p>Enquanto isso, a Prefeitura entrou na comunidade e a marretada derrubou as casas dos primeiros 107 que sairam, deixando buracos enormes na comunidade que desde ent\u00e3o atraem usu\u00e1rios de drogas, prostitui\u00e7\u00e3o, focos de dengue, e assaltos.<\/p>\n<p>Por conta dos problemas atra\u00eddos pela demoli\u00e7\u00e3o das casas, os moradores toparam ser realocados em sequ\u00eancia, mas com ajuda da Defensoria insistiram que s\u00f3 sairiam se fosse para um condom\u00ednio pr\u00f3ximo. Com isso, uma segunda leva de por volta 300 fam\u00edlia foram realocadas para o Condom\u00ednio Mangueira I do Minha Casa Minha Vida constru\u00eddo na mesma regi\u00e3o, dentro da Mangueira, no in\u00edcio de 2011.<\/p>\n<p><a href=\"http:\/\/rioonwatch.org.br\/?attachment_id=3060\" rel=\"attachment wp-att-3060\"><img decoding=\"async\" class=\"size-medium wp-image-3060 alignright\" title=\"Moradores restantes vivendo em condi\u00e7\u00f5es prec\u00e1rias e sem seguran\u00e7a\" src=\"http:\/\/rioonwatch.org.br\/wp-content\/uploads\/2012\/05\/7155135116_950cf28041-225x300.jpg\" alt=\"\" width=\"225\" height=\"300\" \/><\/a> Ao longo do \u00faltimo ano, o restante dos moradores (por volta de 300 fam\u00edlias) esperam o reassentamento pr\u00f3ximo neste mesmo esquema. A maioria ser\u00e3o levados para Mangueira II que est\u00e1 sendo construido, mas demorando muito. O restante ser\u00e1 levado para um outro condom\u00ednio que est\u00e1 sendo constru\u00eddo na \u00e1rea da pr\u00f3xima esta\u00e7\u00e3o de Triagem.<\/p>\n<p>Relatamos nossa preocupa\u00e7\u00e3o que (1) o Mangueira II demore a sair do papel, deixando essas 300 fam\u00edlias correndo mais risco ainda, e (2) o Mangueira II ficando pronto, deixar\u00e1 uma pequena parcela de moradores na comunidade esperando o t\u00e9rmino da constru\u00e7\u00e3o do condom\u00ednio em Triagem, que certamente ir\u00e1 demorar bem mais.<\/p>\n<p>\u00c9 fundamental que os moradores sejam todos reassentados em condom\u00ednios PR\u00d3XIMOS logo e SIMULTANEAMENTE, e que se garanta a SEGURAN\u00c7A da comunidade enquanto isso.<\/p>\n<p>O que tem acontecido na Favela do Metr\u00f4 \u00e9 um esc\u00e2ndalo local e internacional. N\u00e3o \u00e9 a toa que a imprensa internacional, grupos de direitos humanos, a ONU, e outros t\u00eam coberto amplamente o caso. Infelizmente, o mesmo n\u00e3o vem sendo feito pela imprensa nacional.<\/p>\n<p>Veja um slideshow da situa\u00e7\u00e3o atual na comunidade Metr\u00f4-Mangueira:<\/p>\n<p><object width=\"400\" height=\"300\" classid=\"clsid:d27cdb6e-ae6d-11cf-96b8-444553540000\" codebase=\"http:\/\/download.macromedia.com\/pub\/shockwave\/cabs\/flash\/swflash.cab#version=6,0,40,0\"><param name=\"flashvars\" value=\"offsite=true&amp;lang=en-us&amp;page_show_url=%2Fphotos%2Fcatcomm%2Fsets%2F72157629628757718%2Fshow%2F&amp;page_show_back_url=%2Fphotos%2Fcatcomm%2Fsets%2F72157629628757718%2F&amp;set_id=72157629628757718&amp;jump_to=\" \/><param name=\"allowFullScreen\" value=\"true\" \/><param name=\"src\" value=\"http:\/\/www.flickr.com\/apps\/slideshow\/show.swf?v=109615\" \/><param name=\"allowfullscreen\" value=\"true\" \/><embed width=\"620\" height=\"465\" type=\"application\/x-shockwave-flash\" src=\"http:\/\/www.flickr.com\/apps\/slideshow\/show.swf?v=109615\" flashvars=\"offsite=true&amp;lang=en-us&amp;page_show_url=%2Fphotos%2Fcatcomm%2Fsets%2F72157629628757718%2Fshow%2F&amp;page_show_back_url=%2Fphotos%2Fcatcomm%2Fsets%2F72157629628757718%2F&amp;set_id=72157629628757718&amp;jump_to=\" allowfullscreen=\"allowfullscreen\" allowfullscreen=\"allowfullscreen\" \/><\/object><\/p>\n<!-- AddThis Advanced Settings generic via filter on the_content --><!-- AddThis Share Buttons generic via filter on the_content -->","protected":false},"excerpt":{"rendered":"<div class=\"mh-excerpt\"><p>A comunidade Metr\u00f4-Mangueira existe h\u00e1 34 anos, desde a constru\u00e7\u00e3o da esta\u00e7\u00e3o do Metr\u00f4 do Maracan\u00e3. Nordestinos vindos para trabalhar na obra foram os primeiros a construir seus barracos l\u00e1. Se chama Metr\u00f4-Mangueira por ocupar <a class=\"mh-excerpt-more\" href=\"https:\/\/rioonwatch.org.br\/?p=3051\" title=\"A Remo\u00e7\u00e3o Lenta e Sofrida da Favela Metr\u00f4-Mangueira\">[&#8230;]<\/a><!-- AddThis Advanced Settings generic via filter on get_the_excerpt --><!-- AddThis Share Buttons generic via filter on get_the_excerpt --><\/p>\n<\/div>","protected":false},"author":129,"featured_media":28303,"comment_status":"open","ping_status":"closed","sticky":false,"template":"","format":"standard","meta":{"_acf_changed":false,"_monsterinsights_skip_tracking":false,"_monsterinsights_sitenote_active":false,"_monsterinsights_sitenote_note":"","_monsterinsights_sitenote_category":0,"footnotes":""},"categories":[1614,1635,346],"tags":[389,88,2548,466,1240,393,86,14,218],"writer":[284],"translator":[],"source":[],"ilustrador":[],"fotografo":[],"class_list":{"0":"post-3051","1":"post","2":"type-post","3":"status-publish","4":"format-standard","5":"has-post-thumbnail","7":"category-olhonasremocoes","8":"category-1635","9":"category-denuncias","10":"tag-copa-do-mundo","11":"tag-direitos-humanos","12":"tag-igreja-catolica","13":"tag-maracana","14":"tag-megaeventos","15":"tag-metro-mangueira","16":"tag-pastoral-de-favelas","17":"tag-remocao","18":"tag-zona-norte","19":"writer-theresa-williamson"},"acf":[],"yoast_head":"<!-- This site is optimized with the Yoast SEO plugin v25.6 - https:\/\/yoast.com\/wordpress\/plugins\/seo\/ -->\n<title>A Remo\u00e7\u00e3o Lenta e Sofrida da Favela Metr\u00f4-Mangueira - RioOnWatch<\/title>\n<meta name=\"robots\" content=\"index, follow, max-snippet:-1, max-image-preview:large, max-video-preview:-1\" \/>\n<link rel=\"canonical\" href=\"https:\/\/rioonwatch.org.br\/?p=3051\" \/>\n<meta property=\"og:locale\" content=\"pt_BR\" \/>\n<meta property=\"og:type\" content=\"article\" \/>\n<meta property=\"og:title\" content=\"A Remo\u00e7\u00e3o Lenta e Sofrida da Favela Metr\u00f4-Mangueira - RioOnWatch\" \/>\n<meta property=\"og:description\" content=\"A comunidade Metr\u00f4-Mangueira existe h\u00e1 34 anos, desde a constru\u00e7\u00e3o da esta\u00e7\u00e3o do Metr\u00f4 do Maracan\u00e3. Nordestinos vindos para trabalhar na obra foram os primeiros a construir seus barracos l\u00e1. Se chama Metr\u00f4-Mangueira por ocupar [...]\" \/>\n<meta property=\"og:url\" content=\"https:\/\/rioonwatch.org.br\/?p=3051\" \/>\n<meta property=\"og:site_name\" content=\"RioOnWatch\" \/>\n<meta property=\"article:published_time\" content=\"2012-05-08T12:00:50+00:00\" \/>\n<meta property=\"article:modified_time\" content=\"2026-04-14T13:01:16+00:00\" \/>\n<meta property=\"og:image\" content=\"https:\/\/rioonwatch.org.br\/wp-content\/uploads\/2012\/05\/Metro.jpg\" \/>\n\t<meta property=\"og:image:width\" content=\"2048\" \/>\n\t<meta property=\"og:image:height\" content=\"1536\" \/>\n\t<meta property=\"og:image:type\" content=\"image\/jpeg\" \/>\n<meta name=\"author\" content=\"Admin\" \/>\n<meta name=\"twitter:card\" content=\"summary_large_image\" \/>\n<meta name=\"twitter:label1\" content=\"Escrito por\" \/>\n\t<meta name=\"twitter:data1\" content=\"Admin\" \/>\n\t<meta name=\"twitter:label2\" content=\"Est. tempo de leitura\" \/>\n\t<meta name=\"twitter:data2\" content=\"2 minutos\" \/>\n<script type=\"application\/ld+json\" class=\"yoast-schema-graph\">{\"@context\":\"https:\/\/schema.org\",\"@graph\":[{\"@type\":\"Article\",\"@id\":\"https:\/\/rioonwatch.org.br\/?p=3051#article\",\"isPartOf\":{\"@id\":\"https:\/\/rioonwatch.org.br\/?p=3051\"},\"author\":{\"name\":\"Admin\",\"@id\":\"https:\/\/rioonwatch.org.br\/#\/schema\/person\/11d64c290506f9df50c71b850c473f68\"},\"headline\":\"A Remo\u00e7\u00e3o Lenta e Sofrida da Favela Metr\u00f4-Mangueira\",\"datePublished\":\"2012-05-08T12:00:50+00:00\",\"dateModified\":\"2026-04-14T13:01:16+00:00\",\"mainEntityOfPage\":{\"@id\":\"https:\/\/rioonwatch.org.br\/?p=3051\"},\"wordCount\":489,\"commentCount\":0,\"publisher\":{\"@id\":\"https:\/\/rioonwatch.org.br\/#organization\"},\"image\":{\"@id\":\"https:\/\/rioonwatch.org.br\/?p=3051#primaryimage\"},\"thumbnailUrl\":\"https:\/\/rioonwatch.org.br\/wp-content\/uploads\/2012\/05\/Metro.jpg\",\"keywords\":[\"Copa do Mundo\",\"Direitos Humanos\",\"Igreja Cat\u00f3lica\",\"Maracan\u00e3\",\"Megaeventos\",\"Metr\u00f4-Mangueira\",\"Pastoral das Favelas\",\"Remo\u00e7\u00e3o\",\"Zona Norte\"],\"articleSection\":[\"#OlhoNasRemo\u00e7\u00f5es\",\"#Rio2016\",\"Den\u00fancias\"],\"inLanguage\":\"pt-BR\",\"potentialAction\":[{\"@type\":\"CommentAction\",\"name\":\"Comment\",\"target\":[\"https:\/\/rioonwatch.org.br\/?p=3051#respond\"]}]},{\"@type\":\"WebPage\",\"@id\":\"https:\/\/rioonwatch.org.br\/?p=3051\",\"url\":\"https:\/\/rioonwatch.org.br\/?p=3051\",\"name\":\"A Remo\u00e7\u00e3o Lenta e Sofrida da Favela Metr\u00f4-Mangueira - RioOnWatch\",\"isPartOf\":{\"@id\":\"https:\/\/rioonwatch.org.br\/#website\"},\"primaryImageOfPage\":{\"@id\":\"https:\/\/rioonwatch.org.br\/?p=3051#primaryimage\"},\"image\":{\"@id\":\"https:\/\/rioonwatch.org.br\/?p=3051#primaryimage\"},\"thumbnailUrl\":\"https:\/\/rioonwatch.org.br\/wp-content\/uploads\/2012\/05\/Metro.jpg\",\"datePublished\":\"2012-05-08T12:00:50+00:00\",\"dateModified\":\"2026-04-14T13:01:16+00:00\",\"breadcrumb\":{\"@id\":\"https:\/\/rioonwatch.org.br\/?p=3051#breadcrumb\"},\"inLanguage\":\"pt-BR\",\"potentialAction\":[{\"@type\":\"ReadAction\",\"target\":[\"https:\/\/rioonwatch.org.br\/?p=3051\"]}]},{\"@type\":\"ImageObject\",\"inLanguage\":\"pt-BR\",\"@id\":\"https:\/\/rioonwatch.org.br\/?p=3051#primaryimage\",\"url\":\"https:\/\/rioonwatch.org.br\/wp-content\/uploads\/2012\/05\/Metro.jpg\",\"contentUrl\":\"https:\/\/rioonwatch.org.br\/wp-content\/uploads\/2012\/05\/Metro.jpg\",\"width\":2048,\"height\":1536},{\"@type\":\"BreadcrumbList\",\"@id\":\"https:\/\/rioonwatch.org.br\/?p=3051#breadcrumb\",\"itemListElement\":[{\"@type\":\"ListItem\",\"position\":1,\"name\":\"In\u00edcio\",\"item\":\"https:\/\/rioonwatch.org.br\/\"},{\"@type\":\"ListItem\",\"position\":2,\"name\":\"A Remo\u00e7\u00e3o Lenta e Sofrida da Favela Metr\u00f4-Mangueira\"}]},{\"@type\":\"WebSite\",\"@id\":\"https:\/\/rioonwatch.org.br\/#website\",\"url\":\"https:\/\/rioonwatch.org.br\/\",\"name\":\"RioOnWatch\",\"description\":\"relatos das favelas cariocas\",\"publisher\":{\"@id\":\"https:\/\/rioonwatch.org.br\/#organization\"},\"potentialAction\":[{\"@type\":\"SearchAction\",\"target\":{\"@type\":\"EntryPoint\",\"urlTemplate\":\"https:\/\/rioonwatch.org.br\/?s={search_term_string}\"},\"query-input\":{\"@type\":\"PropertyValueSpecification\",\"valueRequired\":true,\"valueName\":\"search_term_string\"}}],\"inLanguage\":\"pt-BR\"},{\"@type\":\"Organization\",\"@id\":\"https:\/\/rioonwatch.org.br\/#organization\",\"name\":\"RioOnWatch\",\"url\":\"https:\/\/rioonwatch.org.br\/\",\"logo\":{\"@type\":\"ImageObject\",\"inLanguage\":\"pt-BR\",\"@id\":\"https:\/\/rioonwatch.org.br\/#\/schema\/logo\/image\/\",\"url\":\"https:\/\/rioonwatch.org.br\/wp-content\/uploads\/2021\/06\/RioOnWatchcabecalhoPT11anos-2.png\",\"contentUrl\":\"https:\/\/rioonwatch.org.br\/wp-content\/uploads\/2021\/06\/RioOnWatchcabecalhoPT11anos-2.png\",\"width\":779,\"height\":277,\"caption\":\"RioOnWatch\"},\"image\":{\"@id\":\"https:\/\/rioonwatch.org.br\/#\/schema\/logo\/image\/\"}},{\"@type\":\"Person\",\"@id\":\"https:\/\/rioonwatch.org.br\/#\/schema\/person\/11d64c290506f9df50c71b850c473f68\",\"name\":\"Admin\",\"image\":{\"@type\":\"ImageObject\",\"inLanguage\":\"pt-BR\",\"@id\":\"https:\/\/rioonwatch.org.br\/#\/schema\/person\/image\/\",\"url\":\"https:\/\/secure.gravatar.com\/avatar\/56211ac74568383903349a1485e3c325?s=96&d=blank&r=g\",\"contentUrl\":\"https:\/\/secure.gravatar.com\/avatar\/56211ac74568383903349a1485e3c325?s=96&d=blank&r=g\",\"caption\":\"Admin\"},\"url\":\"https:\/\/rioonwatch.org.br\/?author=129\"}]}<\/script>\n<!-- \/ Yoast SEO plugin. -->","yoast_head_json":{"title":"A Remo\u00e7\u00e3o Lenta e Sofrida da Favela Metr\u00f4-Mangueira - RioOnWatch","robots":{"index":"index","follow":"follow","max-snippet":"max-snippet:-1","max-image-preview":"max-image-preview:large","max-video-preview":"max-video-preview:-1"},"canonical":"https:\/\/rioonwatch.org.br\/?p=3051","og_locale":"pt_BR","og_type":"article","og_title":"A Remo\u00e7\u00e3o Lenta e Sofrida da Favela Metr\u00f4-Mangueira - RioOnWatch","og_description":"A comunidade Metr\u00f4-Mangueira existe h\u00e1 34 anos, desde a constru\u00e7\u00e3o da esta\u00e7\u00e3o do Metr\u00f4 do Maracan\u00e3. Nordestinos vindos para trabalhar na obra foram os primeiros a construir seus barracos l\u00e1. Se chama Metr\u00f4-Mangueira por ocupar [...]","og_url":"https:\/\/rioonwatch.org.br\/?p=3051","og_site_name":"RioOnWatch","article_published_time":"2012-05-08T12:00:50+00:00","article_modified_time":"2026-04-14T13:01:16+00:00","og_image":[{"width":2048,"height":1536,"url":"https:\/\/rioonwatch.org.br\/wp-content\/uploads\/2012\/05\/Metro.jpg","type":"image\/jpeg"}],"author":"Admin","twitter_card":"summary_large_image","twitter_misc":{"Escrito por":"Admin","Est. tempo de leitura":"2 minutos"},"schema":{"@context":"https:\/\/schema.org","@graph":[{"@type":"Article","@id":"https:\/\/rioonwatch.org.br\/?p=3051#article","isPartOf":{"@id":"https:\/\/rioonwatch.org.br\/?p=3051"},"author":{"name":"Admin","@id":"https:\/\/rioonwatch.org.br\/#\/schema\/person\/11d64c290506f9df50c71b850c473f68"},"headline":"A Remo\u00e7\u00e3o Lenta e Sofrida da Favela Metr\u00f4-Mangueira","datePublished":"2012-05-08T12:00:50+00:00","dateModified":"2026-04-14T13:01:16+00:00","mainEntityOfPage":{"@id":"https:\/\/rioonwatch.org.br\/?p=3051"},"wordCount":489,"commentCount":0,"publisher":{"@id":"https:\/\/rioonwatch.org.br\/#organization"},"image":{"@id":"https:\/\/rioonwatch.org.br\/?p=3051#primaryimage"},"thumbnailUrl":"https:\/\/rioonwatch.org.br\/wp-content\/uploads\/2012\/05\/Metro.jpg","keywords":["Copa do Mundo","Direitos Humanos","Igreja Cat\u00f3lica","Maracan\u00e3","Megaeventos","Metr\u00f4-Mangueira","Pastoral das Favelas","Remo\u00e7\u00e3o","Zona Norte"],"articleSection":["#OlhoNasRemo\u00e7\u00f5es","#Rio2016","Den\u00fancias"],"inLanguage":"pt-BR","potentialAction":[{"@type":"CommentAction","name":"Comment","target":["https:\/\/rioonwatch.org.br\/?p=3051#respond"]}]},{"@type":"WebPage","@id":"https:\/\/rioonwatch.org.br\/?p=3051","url":"https:\/\/rioonwatch.org.br\/?p=3051","name":"A Remo\u00e7\u00e3o Lenta e Sofrida da Favela Metr\u00f4-Mangueira - RioOnWatch","isPartOf":{"@id":"https:\/\/rioonwatch.org.br\/#website"},"primaryImageOfPage":{"@id":"https:\/\/rioonwatch.org.br\/?p=3051#primaryimage"},"image":{"@id":"https:\/\/rioonwatch.org.br\/?p=3051#primaryimage"},"thumbnailUrl":"https:\/\/rioonwatch.org.br\/wp-content\/uploads\/2012\/05\/Metro.jpg","datePublished":"2012-05-08T12:00:50+00:00","dateModified":"2026-04-14T13:01:16+00:00","breadcrumb":{"@id":"https:\/\/rioonwatch.org.br\/?p=3051#breadcrumb"},"inLanguage":"pt-BR","potentialAction":[{"@type":"ReadAction","target":["https:\/\/rioonwatch.org.br\/?p=3051"]}]},{"@type":"ImageObject","inLanguage":"pt-BR","@id":"https:\/\/rioonwatch.org.br\/?p=3051#primaryimage","url":"https:\/\/rioonwatch.org.br\/wp-content\/uploads\/2012\/05\/Metro.jpg","contentUrl":"https:\/\/rioonwatch.org.br\/wp-content\/uploads\/2012\/05\/Metro.jpg","width":2048,"height":1536},{"@type":"BreadcrumbList","@id":"https:\/\/rioonwatch.org.br\/?p=3051#breadcrumb","itemListElement":[{"@type":"ListItem","position":1,"name":"In\u00edcio","item":"https:\/\/rioonwatch.org.br\/"},{"@type":"ListItem","position":2,"name":"A Remo\u00e7\u00e3o Lenta e Sofrida da Favela Metr\u00f4-Mangueira"}]},{"@type":"WebSite","@id":"https:\/\/rioonwatch.org.br\/#website","url":"https:\/\/rioonwatch.org.br\/","name":"RioOnWatch","description":"relatos das favelas cariocas","publisher":{"@id":"https:\/\/rioonwatch.org.br\/#organization"},"potentialAction":[{"@type":"SearchAction","target":{"@type":"EntryPoint","urlTemplate":"https:\/\/rioonwatch.org.br\/?s={search_term_string}"},"query-input":{"@type":"PropertyValueSpecification","valueRequired":true,"valueName":"search_term_string"}}],"inLanguage":"pt-BR"},{"@type":"Organization","@id":"https:\/\/rioonwatch.org.br\/#organization","name":"RioOnWatch","url":"https:\/\/rioonwatch.org.br\/","logo":{"@type":"ImageObject","inLanguage":"pt-BR","@id":"https:\/\/rioonwatch.org.br\/#\/schema\/logo\/image\/","url":"https:\/\/rioonwatch.org.br\/wp-content\/uploads\/2021\/06\/RioOnWatchcabecalhoPT11anos-2.png","contentUrl":"https:\/\/rioonwatch.org.br\/wp-content\/uploads\/2021\/06\/RioOnWatchcabecalhoPT11anos-2.png","width":779,"height":277,"caption":"RioOnWatch"},"image":{"@id":"https:\/\/rioonwatch.org.br\/#\/schema\/logo\/image\/"}},{"@type":"Person","@id":"https:\/\/rioonwatch.org.br\/#\/schema\/person\/11d64c290506f9df50c71b850c473f68","name":"Admin","image":{"@type":"ImageObject","inLanguage":"pt-BR","@id":"https:\/\/rioonwatch.org.br\/#\/schema\/person\/image\/","url":"https:\/\/secure.gravatar.com\/avatar\/56211ac74568383903349a1485e3c325?s=96&d=blank&r=g","contentUrl":"https:\/\/secure.gravatar.com\/avatar\/56211ac74568383903349a1485e3c325?s=96&d=blank&r=g","caption":"Admin"},"url":"https:\/\/rioonwatch.org.br\/?author=129"}]}},"_links":{"self":[{"href":"https:\/\/rioonwatch.org.br\/index.php?rest_route=\/wp\/v2\/posts\/3051"}],"collection":[{"href":"https:\/\/rioonwatch.org.br\/index.php?rest_route=\/wp\/v2\/posts"}],"about":[{"href":"https:\/\/rioonwatch.org.br\/index.php?rest_route=\/wp\/v2\/types\/post"}],"author":[{"embeddable":true,"href":"https:\/\/rioonwatch.org.br\/index.php?rest_route=\/wp\/v2\/users\/129"}],"replies":[{"embeddable":true,"href":"https:\/\/rioonwatch.org.br\/index.php?rest_route=%2Fwp%2Fv2%2Fcomments&post=3051"}],"version-history":[{"count":50,"href":"https:\/\/rioonwatch.org.br\/index.php?rest_route=\/wp\/v2\/posts\/3051\/revisions"}],"predecessor-version":[{"id":28304,"href":"https:\/\/rioonwatch.org.br\/index.php?rest_route=\/wp\/v2\/posts\/3051\/revisions\/28304"}],"wp:featuredmedia":[{"embeddable":true,"href":"https:\/\/rioonwatch.org.br\/index.php?rest_route=\/wp\/v2\/media\/28303"}],"wp:attachment":[{"href":"https:\/\/rioonwatch.org.br\/index.php?rest_route=%2Fwp%2Fv2%2Fmedia&parent=3051"}],"wp:term":[{"taxonomy":"category","embeddable":true,"href":"https:\/\/rioonwatch.org.br\/index.php?rest_route=%2Fwp%2Fv2%2Fcategories&post=3051"},{"taxonomy":"post_tag","embeddable":true,"href":"https:\/\/rioonwatch.org.br\/index.php?rest_route=%2Fwp%2Fv2%2Ftags&post=3051"},{"taxonomy":"writer","embeddable":true,"href":"https:\/\/rioonwatch.org.br\/index.php?rest_route=%2Fwp%2Fv2%2Fwriter&post=3051"},{"taxonomy":"translator","embeddable":true,"href":"https:\/\/rioonwatch.org.br\/index.php?rest_route=%2Fwp%2Fv2%2Ftranslator&post=3051"},{"taxonomy":"source","embeddable":true,"href":"https:\/\/rioonwatch.org.br\/index.php?rest_route=%2Fwp%2Fv2%2Fsource&post=3051"},{"taxonomy":"ilustrador","embeddable":true,"href":"https:\/\/rioonwatch.org.br\/index.php?rest_route=%2Fwp%2Fv2%2Filustrador&post=3051"},{"taxonomy":"fotografo","embeddable":true,"href":"https:\/\/rioonwatch.org.br\/index.php?rest_route=%2Fwp%2Fv2%2Ffotografo&post=3051"}],"curies":[{"name":"wp","href":"https:\/\/api.w.org\/{rel}","templated":true}]}}