{"id":30549,"date":"2018-01-11T11:47:16","date_gmt":"2018-01-11T14:47:16","guid":{"rendered":"http:\/\/rioonwatch.org.br\/?p=30549"},"modified":"2024-09-05T13:13:45","modified_gmt":"2024-09-05T16:13:45","slug":"devas-artesas-da-mare-redefavelasustentavel-perfil","status":"publish","type":"post","link":"https:\/\/rioonwatch.org.br\/?p=30549","title":{"rendered":"Devas: Artes\u00e3s da Mar\u00e9 #RedeFavelaSustent\u00e1vel [PERFIL]"},"content":{"rendered":"<p style=\"text-align: right;\"><em><strong><a href=\"http:\/\/bit.ly\/2BvZnqx\" target=\"_blank\" rel=\"noopener noreferrer\">Click Here for English<img decoding=\"async\" width=\"20\" height=\"20\" class=\"alignright wp-image-15790\" src=\"http:\/\/rioonwatch.org.br\/wp-content\/uploads\/2012\/08\/EN-standard-e1439583104716.jpg\" alt=\"\" \/><\/a><\/strong><\/em><\/p>\n<blockquote><p><span style=\"text-decoration: underline;\"><strong>Iniciativa<\/strong><\/span>: Devas &#8211; Artes\u00e3s da Mar\u00e9<br \/>\n<span style=\"text-decoration: underline;\"><strong>Contato<\/strong><\/span>:<strong>\u00a0<\/strong><a href=\"http:\/\/bit.ly\/2Aa9grO\" target=\"_blank\" rel=\"noopener\">Facebook<\/a>\u00a0|\u00a0<a href=\"http:\/\/bit.ly\/2AhKTfk\" target=\"_blank\" rel=\"noopener\">Instagram<\/a>\u00a0|\u00a0<a href=\"mailto:devas@favelasustentavel.org\">Email<\/a><br \/>\n<span style=\"text-decoration: underline;\"><b>Ano de Funda\u00e7\u00e3o<\/b><\/span>: <span style=\"color: #333333;\">1996<\/span><br \/>\n<span style=\"text-decoration: underline;\"><strong>Comunidade<\/strong><\/span>: Nova Holanda, Complexo da Mar\u00e9<br \/>\n<span style=\"text-decoration: underline;\"><strong>Miss\u00e3o<\/strong><\/span>:\u00a0<span style=\"font-weight: 400;\">Construir cidadania para mulheres vivendo em situa\u00e7\u00f5es sociais prec\u00e1rias e com baixo n\u00edvel educacional, atrav\u00e9s da gera\u00e7\u00e3o de trabalho e renda, e a partir do com\u00e9rcio justo.<\/span><br \/>\n<span style=\"text-decoration: underline;\"><b>Eventos P\u00fablicos<\/b><\/span>:\u00a0<span style=\"font-weight: 400;\">Feira do Lavradio, Largo do Machado, Largo da Carioca, Cinel\u00e2ndia e Cidade Nova (em frente \u00e0 Prefeitura).<\/span><i><span style=\"font-weight: 400;\"><br \/>\n<\/span><\/i><span style=\"text-decoration: underline;\"><b>Como Contribuir<\/b><\/span>:\u00a0<span style=\"font-weight: 400;\">Devas est\u00e1 procurando por pessoas que possam desenvolver seu website, montar uma loja online e ensinar os membros do grupo como usar as redes sociais para aumentar a visibilidade do projeto. S\u00e3o bem-vindos contatos e informa\u00e7\u00f5es para apoiar os esfor\u00e7os do grupo e tamb\u00e9m para acessar o circuito do com\u00e9rcio justo na Europa.<\/span><\/p><\/blockquote>\n<p><span style=\"font-weight: 400;\">Passando pelo Largo do Machado ou na Cinel\u00e2ndia, no Rio de Janeiro, voc\u00ea pode encontrar o mercado de <a href=\"http:\/\/bit.ly\/2v5qhFK\" target=\"_blank\" rel=\"noopener\">economia solid\u00e1ria<\/a>,\u00a0<a href=\"http:\/\/bit.ly\/2tkKqpe\" target=\"_blank\" rel=\"noopener\">Rio EcoSol<\/a>. L\u00e1, uma expositora vende roupas feitas inteiramente por mulheres de uma favela no <a href=\"http:\/\/bit.ly\/10BvARw\" target=\"_blank\" rel=\"noopener\">Complexo da Mar\u00e9<\/a>, como parte de um programa social chamado Devas &#8211; Artes\u00e3s da Mar\u00e9. &#8220;Quando voc\u00ea compra um produto nosso, voc\u00ea est\u00e1 colaborando para a condi\u00e7\u00e3o de cidadania das mulheres que v\u00eam da <a href=\"http:\/\/bit.ly\/1sscKdX\" target=\"_blank\" rel=\"noopener\">Nova Holanda<\/a>&#8220;, diz a fundadora do projeto, Clarice Cavalcante.<\/span><\/p>\n<p><span style=\"font-weight: 400;\">O projeto Devas se iniciou h\u00e1 21 anos na Nova Holanda, e foi fundado para apoiar mulheres que sofriam de estresse psicol\u00f3gico devido \u00e0 viol\u00eancia, <a href=\"http:\/\/bit.ly\/2fIFT8R\" target=\"_blank\" rel=\"noopener\">fornecendo um meio de gerar renda em um espa\u00e7o de trabalho animado e saud\u00e1vel<\/a>. Clarice, psic\u00f3loga por forma\u00e7\u00e3o, explica que quando um tiroteio acontece, muitas pessoas sofrem consequ\u00eancias f\u00edsicas, como hipertens\u00e3o, dores de cabe\u00e7a e ataques de p\u00e2nico <a href=\"http:\/\/bit.ly\/2jTRAbr\" target=\"_blank\" rel=\"noopener\">devido ao estresse psicol\u00f3gico<\/a>. Estes efeitos f\u00edsicos se tornam um empecilho para a autoconfian\u00e7a e perspectivas de futuros trabalhos, que muitas vezes ainda s\u00e3o prejudicadas por condi\u00e7\u00f5es de trabalho injustas, especialmente para costura, mas tamb\u00e9m para empregos de baixa renda em geral. \u00c9 essa din\u00e2mica de exclus\u00e3o&#8211;a exclus\u00e3o de oportunidades de trabalho saud\u00e1veis e empoderadores&#8211;que o projeto Devas pretende quebrar, sobretudo com o objetivo de criar alternativas para a explora\u00e7\u00e3o generalizada dos trabalhadores da ind\u00fastria t\u00eaxtil.<\/span><\/p>\n<p><a href=\"http:\/\/rioonwatch.org.br\/wp-content\/uploads\/2017\/12\/Devas-Mar\u00e9-6.jpg\"><img fetchpriority=\"high\" decoding=\"async\" class=\"aligncenter wp-image-30554 size-content\" title=\"Tecidos na oficina\" src=\"http:\/\/rioonwatch.org.br\/wp-content\/uploads\/2017\/12\/Devas-Mar\u00e9-6-620x264.jpg\" alt=\"\" width=\"620\" height=\"264\" srcset=\"https:\/\/rioonwatch.org.br\/wp-content\/uploads\/2017\/12\/Devas-Mar\u00e9-6-620x264.jpg 620w, https:\/\/rioonwatch.org.br\/wp-content\/uploads\/2017\/12\/Devas-Mar\u00e9-6-940x400.jpg 940w\" sizes=\"(max-width: 620px) 100vw, 620px\" \/><\/a><\/p>\n<p><span style=\"font-weight: 400;\">No in\u00edcio, o projeto Devas oferecia aulas de costura nas escolas e nos <a href=\"http:\/\/bit.ly\/2repLmF\" target=\"_blank\" rel=\"noopener\">Centros Integrados de Educa\u00e7\u00e3o P\u00fablica<\/a> (CIEPs), j\u00e1 que o grupo n\u00e3o tinha qualquer material, dinheiro ou espa\u00e7o pr\u00f3prio para trabalhar. Pouco a pouco o grupo se envolveu nas discuss\u00f5es, por toda a cidade, sobre com\u00e9rcio justo e <a href=\"http:\/\/bit.ly\/2v5qhFK\" target=\"_blank\" rel=\"noopener\">economia solid\u00e1ria<\/a>, e participou do desenvolvimento do F\u00f3rum Municipal de Economia Solid\u00e1ria (FES-RJ). Clarice ressalta a import\u00e2ncia da transmiss\u00e3o de conhecimentos nestes est\u00e1gios iniciais:\u00a0&#8220;Falando voc\u00ea transmite [o que sabe] para uma outra pessoa que j\u00e1 est\u00e1 pensando &#8216;como posso fazer isso?'&#8221;\u00a0<\/span><span style=\"font-weight: 400;\">O grupo tamb\u00e9m recebeu financiamento e apoio de organiza\u00e7\u00f5es internacionais para o com\u00e9rcio justo, e em 2003 conseguiram um espa\u00e7o alugado pela Associa\u00e7\u00e3o de Moradores da Nova Holanda.<\/span><\/p>\n<p><a href=\"http:\/\/rioonwatch.org.br\/wp-content\/uploads\/2017\/12\/Mare.png\"><img decoding=\"async\" class=\"aligncenter wp-image-30556 size-content\" src=\"http:\/\/rioonwatch.org.br\/wp-content\/uploads\/2017\/12\/Mare-620x264.png\" alt=\"\" width=\"620\" height=\"264\" srcset=\"https:\/\/rioonwatch.org.br\/wp-content\/uploads\/2017\/12\/Mare-620x264.png 620w, https:\/\/rioonwatch.org.br\/wp-content\/uploads\/2017\/12\/Mare-940x400.png 940w\" sizes=\"(max-width: 620px) 100vw, 620px\" \/><\/a><\/p>\n<p><span style=\"font-weight: 400;\">Hoje, o Devas \u00e9 composto por nove participantes. Oito s\u00e3o mulheres, enquanto um homem trabalha no setor financeiro. O trabalho do grupo \u00e9 organizado de forma cuidadosa e transparente, de tal forma que cada trabalhadora saiba de antem\u00e3o o que vai ganhar por seu trabalho e as tarefas s\u00e3o distribu\u00eddas uniformemente de modo que todos os membros possam ganhar um sal\u00e1rio decente. Cada vestido, por exemplo, \u00e9 produzido de acordo com um plano que define quanto vai custar, quem ser\u00e1 o respons\u00e1vel e quanto cada uma ir\u00e1 receber por seu trabalho. Para cada pe\u00e7a de roupa vendida nas feiras, o grupo produz apenas uma pe\u00e7a nova para evitar o risco de falta de recursos para o pagamento das trabalhadoras. O valor da m\u00e3o de obra comp\u00f5e at\u00e9 60% do pre\u00e7o final do item, enquanto os 40% restantes s\u00e3o reinvestidos em materiais e no projeto em si. Todo este processo prioriza tanto a alta qualidade dos produtos como uma cultura de trabalho positiva e v\u00edvida para os participantes.<\/span><\/p>\n<p><span style=\"font-weight: 400;\">Clarice explica: \u201c<\/span>Estamos indo na contram\u00e3o [da<em>\u00a0<a href=\"http:\/\/bit.ly\/2lolUxH\" target=\"_blank\" rel=\"noopener\">fast fashion<\/a><\/em>], a gente faz coisas que duram muitos [anos], que o tecido \u00e9 bom&#8230; e assim fica uma coisa muito boa, \u00e9 bom para a gente e \u00e9 bom para quem compra&#8221;.<\/p>\n<p><span style=\"font-weight: 400;\">Gra\u00e7as \u00e0 cuidadosa organiza\u00e7\u00e3o do grupo, o projeto Devas est\u00e1 agora totalmente autofinanciado, embora esteja passando por um momento dif\u00edcil devido \u00e0 <a href=\"http:\/\/bit.ly\/2Cj2wtW\" target=\"_blank\" rel=\"noopener\">crise econ\u00f4mica<\/a>. Apesar da redu\u00e7\u00e3o das vendas, Clarice est\u00e1 determinada a procurar novas maneiras de atingir novos mercados por meio das m\u00eddias sociais e de uma loja online. Tamb\u00e9m est\u00e1 tentando atingir clientes na Europa, onde o mercado de com\u00e9rcio justo j\u00e1 est\u00e1 bem estabelecido. Alguns itens do Devas j\u00e1 foram vendidos na Europa e s\u00e3o populares entre estrangeiros que compram no Rio, mas o grupo ainda <a href=\"http:\/\/bit.ly\/1SoJsev\" target=\"_blank\" rel=\"noopener\">n\u00e3o possui conhecimentos e recursos digitais<\/a> suficientes para acessar esse largo mercado de forma cont\u00ednua. <\/span><\/p>\n<p><a href=\"http:\/\/rioonwatch.org.br\/wp-content\/uploads\/2017\/12\/At-fair.png\"><img loading=\"lazy\" decoding=\"async\" class=\"aligncenter wp-image-30557 size-content\" title=\"Roupa do Devas e trabalhadora solid\u00e1ria em uma feira.\" src=\"http:\/\/rioonwatch.org.br\/wp-content\/uploads\/2017\/12\/At-fair-620x264.png\" alt=\"\" width=\"620\" height=\"264\" srcset=\"https:\/\/rioonwatch.org.br\/wp-content\/uploads\/2017\/12\/At-fair-620x264.png 620w, https:\/\/rioonwatch.org.br\/wp-content\/uploads\/2017\/12\/At-fair-940x400.png 940w\" sizes=\"(max-width: 620px) 100vw, 620px\" \/><\/a><\/p>\n<p><span style=\"font-weight: 400;\">O Devas n\u00e3o produz apenas com\u00e9rcio justo e roupas de alta qualidade, pois tamb\u00e9m tem um <a href=\"http:\/\/bit.ly\/1nyefuU\" target=\"_blank\" rel=\"noopener\">impacto social<\/a> profundo na vida das trabalhadoras. Sonia, que trabalhou no Devas por seis anos, relembra: \u201c<\/span>Eu comecei a trabalhar em f\u00e1brica&#8230; e o trabalho de costureira n\u00e3o tem tanto valor, e \u00e9 um servi\u00e7o que tem que ficar sentada o dia todo, com uma postura que a gente pode ficar com dor de coluna&#8221;.\u00a0<span style=\"font-weight: 400;\">Outra participante, Ivanete, que tamb\u00e9m costumava trabalhar como costureira para uma empresa, explica: \u201c\u00c0s vezes voc\u00ea pode se pegar trabalhando at\u00e9 o amanhecer, e isto n\u00e3o vale a pena\u201d.<\/span><\/p>\n<p><span style=\"font-weight: 400;\">Ao contr\u00e1rio, elas explicam que com o Devas elas aprendem mais, ganham mais, trabalham em melhores condi\u00e7\u00f5es, colaborando juntas e se divertindo. Falando do seu lugar de trabalho, na Mar\u00e9, v\u00e1rias <a href=\"http:\/\/bit.ly\/2kkREmm\" target=\"_blank\" rel=\"noopener\">mulheres ressaltam os benef\u00edcios<\/a> de trabalhar perto de casa. \u00c0s vezes trabalham at\u00e9 mesmo de casa, para que possam tomar conta de suas fam\u00edlias. Algumas participantes, como Maria Luisa, trabalham com o Devas h\u00e1 quinze anos. Clarice explica que a maioria das trabalhadoras mudou muito por passarem pelo projeto colaborativo, com not\u00e1vel redu\u00e7\u00e3o nos sintomas psicossom\u00e1ticos devido ao estresse. Conforme as mulheres ganhavam <a href=\"http:\/\/bit.ly\/2eHBbGm\" target=\"_blank\" rel=\"noopener\">autoestima<\/a> e acreditavam em suas habilidades, v\u00e1rias delas retornaram \u00e0 escola para prosseguir com seus estudos. <\/span><\/p>\n<p><a href=\"http:\/\/rioonwatch.org.br\/wp-content\/uploads\/2017\/12\/Women-in-workshop.jpg\"><img loading=\"lazy\" decoding=\"async\" class=\"aligncenter wp-image-30558 size-content\" title=\"Mulheres trabalhando na oficina.\" src=\"http:\/\/rioonwatch.org.br\/wp-content\/uploads\/2017\/12\/Women-in-workshop-620x264.jpg\" alt=\"\" width=\"620\" height=\"264\" srcset=\"https:\/\/rioonwatch.org.br\/wp-content\/uploads\/2017\/12\/Women-in-workshop-620x264.jpg 620w, https:\/\/rioonwatch.org.br\/wp-content\/uploads\/2017\/12\/Women-in-workshop-940x400.jpg 940w\" sizes=\"(max-width: 620px) 100vw, 620px\" \/><\/a><\/p>\n<p><span style=\"font-weight: 400;\">Como todos os participantes dividem responsabilidades por meio de uma estrutura horizontal, n\u00e3o existe um l\u00edder \u00fanico que d\u00e1 as ordens. Todos aprendem sobre a ger\u00eancia e o funcionamento do neg\u00f3cio. Clarice explica que algumas mulheres inclusive utilizaram essas habilidades para come\u00e7ar <a href=\"http:\/\/bit.ly\/1Pt91fh\" target=\"_blank\" rel=\"noopener\">seus pr\u00f3prios neg\u00f3cios<\/a> e atividades, o que a deixa feliz, j\u00e1 que acredita na import\u00e2ncia deste trabalho para inspirar e ser reproduzido por outros. Refletindo sobre a alegria que ela mesmo sente por ver o impacto do projeto, ela diz: \u201c<\/span>Voc\u00ea sente que a pessoa mudou de vida. Mesmo sem mudar de lugar, de moradia, ela consegue ter uma melhor no\u00e7\u00e3o da vida&#8221;.<\/p>\n<h3>Veja o slideshow da oficina do Devas abaixo ou <a href=\"http:\/\/bit.ly\/2krRTAp\" target=\"_blank\" rel=\"noopener\">no Flickr<\/a>.<\/h3>\n<p><a title=\"Visit to Artes\u00e3s da Mar\u00e9, Mar\u00e9 10-25-2017\" href=\"https:\/\/www.flickr.com\/photos\/catcomm\/albums\/72157666196878639\" data-flickr-embed=\"true\"><img loading=\"lazy\" decoding=\"async\" class=\"aligncenter\" src=\"https:\/\/farm5.staticflickr.com\/4568\/26558389419_3311295168_z.jpg\" alt=\"Visit to Artes\u00e3s da Mar\u00e9, Mar\u00e9 10-25-2017\" width=\"620\" height=\"415\" \/><\/a><\/p>\n<p>*Devas &#8211; Artes\u00e3s da Mar\u00e9 \u00e9 um dos mais de 100 projetos comunit\u00e1rios mapeados pela\u00a0<a href=\"http:\/\/bit.ly\/1aI.gif\" rel=\"prettyPhoto\">Comunidades Catalisadoras<\/a>\u00a0(ComCat)\u2013a organiza\u00e7\u00e3o que publica o\u00a0<em>RioOnWatch\u2013<\/em>como parte do nosso programa paralelo \u2018<a href=\"http:\/\/bit.ly\/2zIHshe\" target=\"_blank\" rel=\"noopener\">Rede Favela Sustent\u00e1vel<\/a>\u2018 lan\u00e7ado em 2017 para reconhecer, apoiar, fortalecer e expandir as\u00a0<a href=\"http:\/\/www.bit.ly\/FavelaModelo\" target=\"_blank\" rel=\"noopener\">qualidades sustent\u00e1veis e movimentos comunit\u00e1rios inerentes \u00e0s<\/a>\u00a0favelas do Rio de Janeiro. Siga a\u00a0<a href=\"http:\/\/bit.ly\/FBRFS\" target=\"_blank\" rel=\"noopener\">Rede Favela Sustent\u00e1vel no Facebook<\/a>.<script async src=\"\/\/embedr.flickr.com\/assets\/client-code.js\" charset=\"utf-8\"><\/script><\/p>\n<!-- AddThis Advanced Settings generic via filter on the_content --><!-- AddThis Share Buttons generic via filter on the_content -->","protected":false},"excerpt":{"rendered":"<div class=\"mh-excerpt\"><p>Click Here for English Iniciativa: Devas &#8211; Artes\u00e3s da Mar\u00e9 Contato:\u00a0Facebook\u00a0|\u00a0Instagram\u00a0|\u00a0Email Ano de Funda\u00e7\u00e3o: 1996 Comunidade: Nova Holanda, Complexo da Mar\u00e9 Miss\u00e3o:\u00a0Construir cidadania para mulheres vivendo em situa\u00e7\u00f5es sociais prec\u00e1rias e com baixo n\u00edvel educacional, <a class=\"mh-excerpt-more\" href=\"https:\/\/rioonwatch.org.br\/?p=30549\" title=\"Devas: Artes\u00e3s da Mar\u00e9 #RedeFavelaSustent\u00e1vel [PERFIL]\">[&#8230;]<\/a><!-- AddThis Advanced Settings generic via filter on get_the_excerpt --><!-- AddThis Share Buttons generic via filter on get_the_excerpt --><\/p>\n<\/div>","protected":false},"author":129,"featured_media":30553,"comment_status":"closed","ping_status":"closed","sticky":false,"template":"","format":"standard","meta":{"_acf_changed":false,"_monsterinsights_skip_tracking":false,"_monsterinsights_sitenote_active":false,"_monsterinsights_sitenote_note":"","_monsterinsights_sitenote_category":0,"footnotes":""},"categories":[1621,1629,1626,1388,1616,342,1639],"tags":[1361,332,826,2196,688,731,42,1493,350,358,700,516,2074,2069,1347,476,578,218],"writer":[2209],"translator":[2032],"source":[],"ilustrador":[],"fotografo":[],"class_list":{"0":"post-30549","1":"post","2":"type-post","3":"status-publish","4":"format-standard","5":"has-post-thumbnail","7":"category-destaque","8":"category-entrevistas-e-perfis","9":"category-por-observadores-internacionais","10":"category-formas-de-apoiar","11":"category-qualidades-da-favela","12":"category-solucoes","13":"category-sustentabilidade","14":"tag-autoestima","15":"tag-complexo-da-mare","16":"tag-cooperativa","17":"tag-economia-solidaria","18":"tag-empoderamento","19":"tag-empreendedorismo","20":"tag-genero","21":"tag-negocio-comunitario","22":"tag-nova-holanda","23":"tag-organizacao-comunitaria","24":"tag-perfil","25":"tag-perfil-de-empreendedor","26":"tag-rede-favela-sustentavel","27":"tag-saude-mental","28":"tag-solucao","29":"tag-solucao-comunitaria","30":"tag-trabalho-e-renda","31":"tag-zona-norte","32":"writer-sophie-pizzimenti","33":"translator-bruno-ferreira"},"acf":[],"yoast_head":"<!-- This site is optimized with the Yoast SEO plugin v25.6 - https:\/\/yoast.com\/wordpress\/plugins\/seo\/ -->\n<title>Devas: Artes\u00e3s da Mar\u00e9 #RedeFavelaSustent\u00e1vel [PERFIL] - RioOnWatch<\/title>\n<meta name=\"robots\" content=\"index, follow, max-snippet:-1, max-image-preview:large, max-video-preview:-1\" \/>\n<link rel=\"canonical\" href=\"https:\/\/rioonwatch.org.br\/?p=30549\" \/>\n<meta property=\"og:locale\" content=\"pt_BR\" \/>\n<meta property=\"og:type\" content=\"article\" \/>\n<meta property=\"og:title\" content=\"Devas: Artes\u00e3s da Mar\u00e9 #RedeFavelaSustent\u00e1vel [PERFIL] - RioOnWatch\" \/>\n<meta property=\"og:description\" content=\"Click Here for English Iniciativa: Devas &#8211; Artes\u00e3s da Mar\u00e9 Contato:\u00a0Facebook\u00a0|\u00a0Instagram\u00a0|\u00a0Email Ano de Funda\u00e7\u00e3o: 1996 Comunidade: Nova Holanda, Complexo da Mar\u00e9 Miss\u00e3o:\u00a0Construir cidadania para mulheres vivendo em situa\u00e7\u00f5es sociais prec\u00e1rias e com baixo n\u00edvel educacional, [...]\" \/>\n<meta property=\"og:url\" content=\"https:\/\/rioonwatch.org.br\/?p=30549\" \/>\n<meta property=\"og:site_name\" content=\"RioOnWatch\" \/>\n<meta property=\"article:published_time\" content=\"2018-01-11T14:47:16+00:00\" \/>\n<meta property=\"article:modified_time\" content=\"2024-09-05T16:13:45+00:00\" \/>\n<meta property=\"og:image\" content=\"https:\/\/rioonwatch.org.br\/wp-content\/uploads\/2017\/12\/Devas-Mare\u0301-workshop-scaled.jpg\" \/>\n\t<meta property=\"og:image:width\" content=\"2560\" \/>\n\t<meta property=\"og:image:height\" content=\"1714\" \/>\n\t<meta property=\"og:image:type\" content=\"image\/jpeg\" \/>\n<meta name=\"author\" content=\"Admin\" \/>\n<meta name=\"twitter:card\" content=\"summary_large_image\" \/>\n<meta name=\"twitter:label1\" content=\"Escrito por\" \/>\n\t<meta name=\"twitter:data1\" content=\"Admin\" \/>\n\t<meta name=\"twitter:label2\" content=\"Est. tempo de leitura\" \/>\n\t<meta name=\"twitter:data2\" content=\"8 minutos\" \/>\n<script type=\"application\/ld+json\" class=\"yoast-schema-graph\">{\"@context\":\"https:\/\/schema.org\",\"@graph\":[{\"@type\":\"Article\",\"@id\":\"https:\/\/rioonwatch.org.br\/?p=30549#article\",\"isPartOf\":{\"@id\":\"https:\/\/rioonwatch.org.br\/?p=30549\"},\"author\":{\"name\":\"Admin\",\"@id\":\"https:\/\/rioonwatch.org.br\/#\/schema\/person\/11d64c290506f9df50c71b850c473f68\"},\"headline\":\"Devas: Artes\u00e3s da Mar\u00e9 #RedeFavelaSustent\u00e1vel [PERFIL]\",\"datePublished\":\"2018-01-11T14:47:16+00:00\",\"dateModified\":\"2024-09-05T16:13:45+00:00\",\"mainEntityOfPage\":{\"@id\":\"https:\/\/rioonwatch.org.br\/?p=30549\"},\"wordCount\":1273,\"publisher\":{\"@id\":\"https:\/\/rioonwatch.org.br\/#organization\"},\"image\":{\"@id\":\"https:\/\/rioonwatch.org.br\/?p=30549#primaryimage\"},\"thumbnailUrl\":\"https:\/\/rioonwatch.org.br\/wp-content\/uploads\/2017\/12\/Devas-Mare\u0301-workshop-scaled.jpg\",\"keywords\":[\"autoestima\",\"Complexo da Mar\u00e9\",\"cooperativa\",\"economia solid\u00e1ria\",\"empoderamento\",\"empreendedorismo\",\"g\u00eanero\",\"neg\u00f3cio comunit\u00e1rio\",\"Nova Holanda\",\"organiza\u00e7\u00e3o comunit\u00e1ria\",\"perfil\",\"perfil de empreendedor\",\"Perfis Integrantes da Rede Favela Sustent\u00e1vel\",\"sa\u00fade mental\",\"solu\u00e7\u00e3o\",\"solu\u00e7\u00e3o comunit\u00e1ria\",\"Trabalho e renda\",\"Zona Norte\"],\"articleSection\":[\"*Destaque\",\"Entrevistas e Perfis\",\"Escrito por Aliados\",\"Formas de Apoiar\",\"Qualidades da Favela\",\"Solu\u00e7\u00f5es\",\"Sustentabilidade\"],\"inLanguage\":\"pt-BR\"},{\"@type\":\"WebPage\",\"@id\":\"https:\/\/rioonwatch.org.br\/?p=30549\",\"url\":\"https:\/\/rioonwatch.org.br\/?p=30549\",\"name\":\"Devas: Artes\u00e3s da Mar\u00e9 #RedeFavelaSustent\u00e1vel [PERFIL] - RioOnWatch\",\"isPartOf\":{\"@id\":\"https:\/\/rioonwatch.org.br\/#website\"},\"primaryImageOfPage\":{\"@id\":\"https:\/\/rioonwatch.org.br\/?p=30549#primaryimage\"},\"image\":{\"@id\":\"https:\/\/rioonwatch.org.br\/?p=30549#primaryimage\"},\"thumbnailUrl\":\"https:\/\/rioonwatch.org.br\/wp-content\/uploads\/2017\/12\/Devas-Mare\u0301-workshop-scaled.jpg\",\"datePublished\":\"2018-01-11T14:47:16+00:00\",\"dateModified\":\"2024-09-05T16:13:45+00:00\",\"breadcrumb\":{\"@id\":\"https:\/\/rioonwatch.org.br\/?p=30549#breadcrumb\"},\"inLanguage\":\"pt-BR\",\"potentialAction\":[{\"@type\":\"ReadAction\",\"target\":[\"https:\/\/rioonwatch.org.br\/?p=30549\"]}]},{\"@type\":\"ImageObject\",\"inLanguage\":\"pt-BR\",\"@id\":\"https:\/\/rioonwatch.org.br\/?p=30549#primaryimage\",\"url\":\"https:\/\/rioonwatch.org.br\/wp-content\/uploads\/2017\/12\/Devas-Mare\u0301-workshop-scaled.jpg\",\"contentUrl\":\"https:\/\/rioonwatch.org.br\/wp-content\/uploads\/2017\/12\/Devas-Mare\u0301-workshop-scaled.jpg\",\"width\":2560,\"height\":1714},{\"@type\":\"BreadcrumbList\",\"@id\":\"https:\/\/rioonwatch.org.br\/?p=30549#breadcrumb\",\"itemListElement\":[{\"@type\":\"ListItem\",\"position\":1,\"name\":\"In\u00edcio\",\"item\":\"https:\/\/rioonwatch.org.br\/\"},{\"@type\":\"ListItem\",\"position\":2,\"name\":\"Devas: Artes\u00e3s da Mar\u00e9 #RedeFavelaSustent\u00e1vel [PERFIL]\"}]},{\"@type\":\"WebSite\",\"@id\":\"https:\/\/rioonwatch.org.br\/#website\",\"url\":\"https:\/\/rioonwatch.org.br\/\",\"name\":\"RioOnWatch\",\"description\":\"relatos das favelas cariocas\",\"publisher\":{\"@id\":\"https:\/\/rioonwatch.org.br\/#organization\"},\"potentialAction\":[{\"@type\":\"SearchAction\",\"target\":{\"@type\":\"EntryPoint\",\"urlTemplate\":\"https:\/\/rioonwatch.org.br\/?s={search_term_string}\"},\"query-input\":{\"@type\":\"PropertyValueSpecification\",\"valueRequired\":true,\"valueName\":\"search_term_string\"}}],\"inLanguage\":\"pt-BR\"},{\"@type\":\"Organization\",\"@id\":\"https:\/\/rioonwatch.org.br\/#organization\",\"name\":\"RioOnWatch\",\"url\":\"https:\/\/rioonwatch.org.br\/\",\"logo\":{\"@type\":\"ImageObject\",\"inLanguage\":\"pt-BR\",\"@id\":\"https:\/\/rioonwatch.org.br\/#\/schema\/logo\/image\/\",\"url\":\"https:\/\/rioonwatch.org.br\/wp-content\/uploads\/2021\/06\/RioOnWatchcabecalhoPT11anos-2.png\",\"contentUrl\":\"https:\/\/rioonwatch.org.br\/wp-content\/uploads\/2021\/06\/RioOnWatchcabecalhoPT11anos-2.png\",\"width\":779,\"height\":277,\"caption\":\"RioOnWatch\"},\"image\":{\"@id\":\"https:\/\/rioonwatch.org.br\/#\/schema\/logo\/image\/\"}},{\"@type\":\"Person\",\"@id\":\"https:\/\/rioonwatch.org.br\/#\/schema\/person\/11d64c290506f9df50c71b850c473f68\",\"name\":\"Admin\",\"image\":{\"@type\":\"ImageObject\",\"inLanguage\":\"pt-BR\",\"@id\":\"https:\/\/rioonwatch.org.br\/#\/schema\/person\/image\/\",\"url\":\"https:\/\/secure.gravatar.com\/avatar\/56211ac74568383903349a1485e3c325?s=96&d=blank&r=g\",\"contentUrl\":\"https:\/\/secure.gravatar.com\/avatar\/56211ac74568383903349a1485e3c325?s=96&d=blank&r=g\",\"caption\":\"Admin\"},\"url\":\"https:\/\/rioonwatch.org.br\/?author=129\"}]}<\/script>\n<!-- \/ Yoast SEO plugin. -->","yoast_head_json":{"title":"Devas: Artes\u00e3s da Mar\u00e9 #RedeFavelaSustent\u00e1vel [PERFIL] - RioOnWatch","robots":{"index":"index","follow":"follow","max-snippet":"max-snippet:-1","max-image-preview":"max-image-preview:large","max-video-preview":"max-video-preview:-1"},"canonical":"https:\/\/rioonwatch.org.br\/?p=30549","og_locale":"pt_BR","og_type":"article","og_title":"Devas: Artes\u00e3s da Mar\u00e9 #RedeFavelaSustent\u00e1vel [PERFIL] - RioOnWatch","og_description":"Click Here for English Iniciativa: Devas &#8211; Artes\u00e3s da Mar\u00e9 Contato:\u00a0Facebook\u00a0|\u00a0Instagram\u00a0|\u00a0Email Ano de Funda\u00e7\u00e3o: 1996 Comunidade: Nova Holanda, Complexo da Mar\u00e9 Miss\u00e3o:\u00a0Construir cidadania para mulheres vivendo em situa\u00e7\u00f5es sociais prec\u00e1rias e com baixo n\u00edvel educacional, [...]","og_url":"https:\/\/rioonwatch.org.br\/?p=30549","og_site_name":"RioOnWatch","article_published_time":"2018-01-11T14:47:16+00:00","article_modified_time":"2024-09-05T16:13:45+00:00","og_image":[{"width":2560,"height":1714,"url":"https:\/\/rioonwatch.org.br\/wp-content\/uploads\/2017\/12\/Devas-Mare\u0301-workshop-scaled.jpg","type":"image\/jpeg"}],"author":"Admin","twitter_card":"summary_large_image","twitter_misc":{"Escrito por":"Admin","Est. tempo de leitura":"8 minutos"},"schema":{"@context":"https:\/\/schema.org","@graph":[{"@type":"Article","@id":"https:\/\/rioonwatch.org.br\/?p=30549#article","isPartOf":{"@id":"https:\/\/rioonwatch.org.br\/?p=30549"},"author":{"name":"Admin","@id":"https:\/\/rioonwatch.org.br\/#\/schema\/person\/11d64c290506f9df50c71b850c473f68"},"headline":"Devas: Artes\u00e3s da Mar\u00e9 #RedeFavelaSustent\u00e1vel [PERFIL]","datePublished":"2018-01-11T14:47:16+00:00","dateModified":"2024-09-05T16:13:45+00:00","mainEntityOfPage":{"@id":"https:\/\/rioonwatch.org.br\/?p=30549"},"wordCount":1273,"publisher":{"@id":"https:\/\/rioonwatch.org.br\/#organization"},"image":{"@id":"https:\/\/rioonwatch.org.br\/?p=30549#primaryimage"},"thumbnailUrl":"https:\/\/rioonwatch.org.br\/wp-content\/uploads\/2017\/12\/Devas-Mare\u0301-workshop-scaled.jpg","keywords":["autoestima","Complexo da Mar\u00e9","cooperativa","economia solid\u00e1ria","empoderamento","empreendedorismo","g\u00eanero","neg\u00f3cio comunit\u00e1rio","Nova Holanda","organiza\u00e7\u00e3o comunit\u00e1ria","perfil","perfil de empreendedor","Perfis Integrantes da Rede Favela Sustent\u00e1vel","sa\u00fade mental","solu\u00e7\u00e3o","solu\u00e7\u00e3o comunit\u00e1ria","Trabalho e renda","Zona Norte"],"articleSection":["*Destaque","Entrevistas e Perfis","Escrito por Aliados","Formas de Apoiar","Qualidades da Favela","Solu\u00e7\u00f5es","Sustentabilidade"],"inLanguage":"pt-BR"},{"@type":"WebPage","@id":"https:\/\/rioonwatch.org.br\/?p=30549","url":"https:\/\/rioonwatch.org.br\/?p=30549","name":"Devas: Artes\u00e3s da Mar\u00e9 #RedeFavelaSustent\u00e1vel [PERFIL] - RioOnWatch","isPartOf":{"@id":"https:\/\/rioonwatch.org.br\/#website"},"primaryImageOfPage":{"@id":"https:\/\/rioonwatch.org.br\/?p=30549#primaryimage"},"image":{"@id":"https:\/\/rioonwatch.org.br\/?p=30549#primaryimage"},"thumbnailUrl":"https:\/\/rioonwatch.org.br\/wp-content\/uploads\/2017\/12\/Devas-Mare\u0301-workshop-scaled.jpg","datePublished":"2018-01-11T14:47:16+00:00","dateModified":"2024-09-05T16:13:45+00:00","breadcrumb":{"@id":"https:\/\/rioonwatch.org.br\/?p=30549#breadcrumb"},"inLanguage":"pt-BR","potentialAction":[{"@type":"ReadAction","target":["https:\/\/rioonwatch.org.br\/?p=30549"]}]},{"@type":"ImageObject","inLanguage":"pt-BR","@id":"https:\/\/rioonwatch.org.br\/?p=30549#primaryimage","url":"https:\/\/rioonwatch.org.br\/wp-content\/uploads\/2017\/12\/Devas-Mare\u0301-workshop-scaled.jpg","contentUrl":"https:\/\/rioonwatch.org.br\/wp-content\/uploads\/2017\/12\/Devas-Mare\u0301-workshop-scaled.jpg","width":2560,"height":1714},{"@type":"BreadcrumbList","@id":"https:\/\/rioonwatch.org.br\/?p=30549#breadcrumb","itemListElement":[{"@type":"ListItem","position":1,"name":"In\u00edcio","item":"https:\/\/rioonwatch.org.br\/"},{"@type":"ListItem","position":2,"name":"Devas: Artes\u00e3s da Mar\u00e9 #RedeFavelaSustent\u00e1vel [PERFIL]"}]},{"@type":"WebSite","@id":"https:\/\/rioonwatch.org.br\/#website","url":"https:\/\/rioonwatch.org.br\/","name":"RioOnWatch","description":"relatos das favelas cariocas","publisher":{"@id":"https:\/\/rioonwatch.org.br\/#organization"},"potentialAction":[{"@type":"SearchAction","target":{"@type":"EntryPoint","urlTemplate":"https:\/\/rioonwatch.org.br\/?s={search_term_string}"},"query-input":{"@type":"PropertyValueSpecification","valueRequired":true,"valueName":"search_term_string"}}],"inLanguage":"pt-BR"},{"@type":"Organization","@id":"https:\/\/rioonwatch.org.br\/#organization","name":"RioOnWatch","url":"https:\/\/rioonwatch.org.br\/","logo":{"@type":"ImageObject","inLanguage":"pt-BR","@id":"https:\/\/rioonwatch.org.br\/#\/schema\/logo\/image\/","url":"https:\/\/rioonwatch.org.br\/wp-content\/uploads\/2021\/06\/RioOnWatchcabecalhoPT11anos-2.png","contentUrl":"https:\/\/rioonwatch.org.br\/wp-content\/uploads\/2021\/06\/RioOnWatchcabecalhoPT11anos-2.png","width":779,"height":277,"caption":"RioOnWatch"},"image":{"@id":"https:\/\/rioonwatch.org.br\/#\/schema\/logo\/image\/"}},{"@type":"Person","@id":"https:\/\/rioonwatch.org.br\/#\/schema\/person\/11d64c290506f9df50c71b850c473f68","name":"Admin","image":{"@type":"ImageObject","inLanguage":"pt-BR","@id":"https:\/\/rioonwatch.org.br\/#\/schema\/person\/image\/","url":"https:\/\/secure.gravatar.com\/avatar\/56211ac74568383903349a1485e3c325?s=96&d=blank&r=g","contentUrl":"https:\/\/secure.gravatar.com\/avatar\/56211ac74568383903349a1485e3c325?s=96&d=blank&r=g","caption":"Admin"},"url":"https:\/\/rioonwatch.org.br\/?author=129"}]}},"_links":{"self":[{"href":"https:\/\/rioonwatch.org.br\/index.php?rest_route=\/wp\/v2\/posts\/30549"}],"collection":[{"href":"https:\/\/rioonwatch.org.br\/index.php?rest_route=\/wp\/v2\/posts"}],"about":[{"href":"https:\/\/rioonwatch.org.br\/index.php?rest_route=\/wp\/v2\/types\/post"}],"author":[{"embeddable":true,"href":"https:\/\/rioonwatch.org.br\/index.php?rest_route=\/wp\/v2\/users\/129"}],"replies":[{"embeddable":true,"href":"https:\/\/rioonwatch.org.br\/index.php?rest_route=%2Fwp%2Fv2%2Fcomments&post=30549"}],"version-history":[{"count":16,"href":"https:\/\/rioonwatch.org.br\/index.php?rest_route=\/wp\/v2\/posts\/30549\/revisions"}],"predecessor-version":[{"id":75467,"href":"https:\/\/rioonwatch.org.br\/index.php?rest_route=\/wp\/v2\/posts\/30549\/revisions\/75467"}],"wp:featuredmedia":[{"embeddable":true,"href":"https:\/\/rioonwatch.org.br\/index.php?rest_route=\/wp\/v2\/media\/30553"}],"wp:attachment":[{"href":"https:\/\/rioonwatch.org.br\/index.php?rest_route=%2Fwp%2Fv2%2Fmedia&parent=30549"}],"wp:term":[{"taxonomy":"category","embeddable":true,"href":"https:\/\/rioonwatch.org.br\/index.php?rest_route=%2Fwp%2Fv2%2Fcategories&post=30549"},{"taxonomy":"post_tag","embeddable":true,"href":"https:\/\/rioonwatch.org.br\/index.php?rest_route=%2Fwp%2Fv2%2Ftags&post=30549"},{"taxonomy":"writer","embeddable":true,"href":"https:\/\/rioonwatch.org.br\/index.php?rest_route=%2Fwp%2Fv2%2Fwriter&post=30549"},{"taxonomy":"translator","embeddable":true,"href":"https:\/\/rioonwatch.org.br\/index.php?rest_route=%2Fwp%2Fv2%2Ftranslator&post=30549"},{"taxonomy":"source","embeddable":true,"href":"https:\/\/rioonwatch.org.br\/index.php?rest_route=%2Fwp%2Fv2%2Fsource&post=30549"},{"taxonomy":"ilustrador","embeddable":true,"href":"https:\/\/rioonwatch.org.br\/index.php?rest_route=%2Fwp%2Fv2%2Filustrador&post=30549"},{"taxonomy":"fotografo","embeddable":true,"href":"https:\/\/rioonwatch.org.br\/index.php?rest_route=%2Fwp%2Fv2%2Ffotografo&post=30549"}],"curies":[{"name":"wp","href":"https:\/\/api.w.org\/{rel}","templated":true}]}}