{"id":30608,"date":"2018-01-03T11:11:20","date_gmt":"2018-01-03T14:11:20","guid":{"rendered":"http:\/\/rioonwatch.org.br\/?p=30608"},"modified":"2024-06-20T16:18:10","modified_gmt":"2024-06-20T19:18:10","slug":"as-melhores-e-piores-reportagens-internacionais-sobre-as-favelas-do-rio-em-2017","status":"publish","type":"post","link":"https:\/\/rioonwatch.org.br\/?p=30608","title":{"rendered":"Retrospectiva 2017: Melhores e Piores Reportagens Internacionais sobre as Favelas do Rio"},"content":{"rendered":"<p style=\"text-align: right;\"><em><strong><a href=\"http:\/\/bit.ly\/2lmxucJ\" target=\"_blank\" rel=\"noopener noreferrer\">Click Here for English<img decoding=\"async\" width=\"20\" height=\"20\" class=\"alignright wp-image-15790\" src=\"http:\/\/rioonwatch.org.br\/wp-content\/uploads\/2012\/08\/EN-standard-e1439583104716.jpg\" alt=\"\" \/><\/a><\/strong><\/em><\/p>\n<p><i>Esta \u00e9 a contribui\u00e7\u00e3o\u00a0mais recente da nossa s\u00e9rie de mat\u00e9rias analisando\u00a0as\u00a0<a href=\"http:\/\/bit.ly\/22UReDO\" target=\"_blank\" rel=\"noopener\">Melhores e Piores Reportagens Internacionais sobre Favelas do Rio<\/a>, que faz\u00a0<em>parte do debate promovido pelo RioOnWatch sobre a\u00a0<a href=\"http:\/\/bit.ly\/1ZVXkRS\" target=\"_blank\" rel=\"noopener\">narrativa<\/a>\u00a0e os\u00a0<a href=\"http:\/\/bit.ly\/1OKE065\" target=\"_blank\" rel=\"noopener\">retratos midi\u00e1ticos<\/a>\u00a0acerca das favelas cariocas<\/em>.<\/i><\/p>\n<p><span style=\"font-weight: 400;\">Ap\u00f3s sete anos de uma crescente cobertura,\u00a0em l\u00edngua inglesa, sobre favelas do Rio de Janeiro ter ocorrido em fun\u00e7\u00e3o das <a href=\"http:\/\/bit.ly\/PkLXlQ\" target=\"_blank\" rel=\"noopener\">Olimp\u00edadas de 2016<\/a>, talvez o aspecto mais not\u00e1vel em 2017 sobre a cobertura internacional de favelas seja a queda acentuada da quantidade. A demanda por not\u00edcias do Rio nas ag\u00eancias de not\u00edcias internacionais diminuiu, e muitos dos correspondentes estrangeiros e <em>freelancers<\/em> que se mudaram para a cidade antes dos megaeventos <a href=\"http:\/\/bit.ly\/2piMYQh\" target=\"_blank\" rel=\"noopener\">a deixaram<\/a>. Neste contexto, h\u00e1 sinais preocupantes de que maioria da cobertura jornal\u00edstica internacional sobre favelas esteja retornando\u00a0\u00e0s tend\u00eancias reativas, e fazendo reportagens sobre incidentes de viol\u00eancia. Este tipo de cobertura nem sempre \u00e9 o <a href=\"http:\/\/bit.ly\/VucFh6\" target=\"_blank\" rel=\"noopener\">jornalismo explicitamente estigmatizante e impreciso<\/a> que normalmente apresentamos em nossas piores an\u00e1lises de reportagens, mas uma <a href=\"http:\/\/bit.ly\/2gMPVYy\" target=\"_blank\" rel=\"noopener\">\u00eanfase desproporcional na viol\u00eancia<\/a> ainda \u00e9 uma forma insidiosa de estigmatiza\u00e7\u00e3o.<\/span><\/p>\n<p><span style=\"font-weight: 400;\">Por esta raz\u00e3o, a nossa abordagem sobre as reportagens de 2017 come\u00e7a com uma an\u00e1lise geral da cobertura que explodiu em torno de uma erup\u00e7\u00e3o de viol\u00eancia na <a href=\"http:\/\/bit.ly\/16w2zz1\" target=\"_blank\" rel=\"noopener\">Rocinha<\/a>, antes de desconstruir alguns dos piores exemplos de reportagens sobre favelas e comemorar algumas das melhores do ano. Em <a href=\"http:\/\/bit.ly\/SuwTVI\" target=\"_blank\" rel=\"noopener\">compara\u00e7\u00e3o com 2013<\/a>, quando nem conseguimos identificar boas coberturas de favela para destacar, 2017 trouxe uma s\u00e9rie de mat\u00e9rias que se destacaram por originalidade, an\u00e1lise aprofundada e conte\u00fado anti-estigma e oferecem alguma esperan\u00e7a de que a cobertura global de favelas esteja progredindo.<\/span><\/p>\n<h3><strong>Holofote sobre a Rocinha<\/strong><\/h3>\n<p><span style=\"font-weight: 400;\">Com a <a href=\"http:\/\/bit.ly\/16w2zz1\" target=\"_blank\" rel=\"noopener\">implanta\u00e7\u00e3o do ex\u00e9rcito na Rocinha<\/a> no dia 22 de setembro, ap\u00f3s cinco dias de tiroteios, textos e imagens da <em>AFP<\/em>, <em>AP<\/em> e <em>Reuters<\/em> foram republicados por jornais de todo o mundo. A <a href=\"http:\/\/bit.ly\/2gw49KA\" target=\"_blank\" rel=\"noopener\">morte de uma turista espanhola pelas m\u00e3os da pol\u00edcia<\/a> em outubro recebeu aten\u00e7\u00e3o semelhante, assim como a <a href=\"http:\/\/reut.rs\/2Bp008u\" target=\"_blank\" rel=\"noopener\">recente captura do traficante Marcelo Piloto<\/a>\u00a0vinculado \u00e0 disputa de poder na Rocinha. Os alertas do Google que monitoramos mostraram como cada cap\u00edtulo desta hist\u00f3ria reverberou durante semanas em aparentemente in\u00fameros sites. A grande maioria dessas plataformas n\u00e3o publicou mais nada sobre favelas este ano, deixando seus leitores com imagens de favelas centradas na viol\u00eancia de traficantes de drogas e perigos para os turistas.<\/span><\/p>\n<p><span style=\"font-weight: 400;\">Do lado positivo, a <em>AFP<\/em>, a <em>AP<\/em> e a <em>Reuters<\/em> evitaram amplamente os cansativos clich\u00eas descritivos que criticamos em an\u00e1lises anteriores. Na verdade, a <a href=\"http:\/\/bit.ly\/2kuHd14\" target=\"_blank\" rel=\"noopener\"><em>Reuters<\/em> informou<\/a> que &#8220;os bairros densos s\u00e3o lares principalmente de pessoas de classe trabalhadora, que sofreram d\u00e9cadas de abandono do governo, criando v\u00e1cuos preenchidos por fac\u00e7\u00f5es&#8221;. Enquanto a<em> Reuters<\/em> e o <a href=\"http:\/\/bit.ly\/2BSlQQQ\" target=\"_blank\" rel=\"noopener\"><em>AP<\/em><\/a> usaram a <a href=\"http:\/\/bit.ly\/2brHHyf\" target=\"_blank\" rel=\"noopener\">tradu\u00e7\u00e3o imprecisa de <em>&#8216;slum<\/em>&#8216;<\/a> (bairros s\u00f3rdidos) para se referir \u00e0s favelas, a <a href=\"http:\/\/bit.ly\/2fGpWPJ\" target=\"_blank\" rel=\"noopener\"><em>AFP<\/em> conseguiu evitar<\/a> termos problem\u00e1ticos, descrevendo a Rocinha como uma &#8220;comunidade estabelecida&#8221; e &#8220;uma cole\u00e7\u00e3o abundante de pequenas casas em encostas \u00edngremes&#8221;.<\/span><\/p>\n<p><span style=\"font-weight: 400;\">No entanto, nenhuma dessas reportagens, dos tr\u00eas ve\u00edculos, mencionou preocupa\u00e7\u00f5es sobre o uso das for\u00e7as armadas para ocupar, mesmo temporariamente, um bairro que j\u00e1 <a href=\"http:\/\/glo.bo\/15iJBsV\" target=\"_blank\" rel=\"noopener\">sofreu com a brutalidade policial e a viol\u00eancia<\/a>. E, ao longo de outras coberturas internacionais, os jornalistas informaram que os militares &#8220;<a href=\"http:\/\/bit.ly\/2Bpniet\" target=\"_blank\" rel=\"noopener\">restauraram a ordem<\/a>&#8221; e \u201c<a href=\"http:\/\/theatln.tc\/2xNNDQ0\" target=\"_blank\" rel=\"noopener\">recuperaram o controle<\/a>\u201d da favela, sem reconhecer a cr\u00edtica de muitos militantes das favelas de que os <a href=\"http:\/\/bit.ly\/2jYk46V\" target=\"_blank\" rel=\"noopener\">tanques posicionam os moradores como uma popula\u00e7\u00e3o \u2018inimiga\u2019<\/a>, e que o \u201c<\/span>Ex\u00e9rcito serve para tudo, menos proteger quem vive na Rocinha<span style=\"font-weight: 400;\">&#8220;, como <a href=\"http:\/\/bit.ly\/2hutjx6\" target=\"_blank\" rel=\"noopener\">escreveu um morador em setembro<\/a>. Tamb\u00e9m faltam na maioria das reportagens em ingl\u00eas, um reconhecimento de que as rea\u00e7\u00f5es do governo e da m\u00eddia aos tiroteios em favelas fora da <a href=\"http:\/\/bit.ly\/1mNsDyk\" target=\"_blank\" rel=\"noopener\">Zona Sul<\/a> s\u00e3o consideravelmente mais silenciosas. Todas essas preocupa\u00e7\u00f5es foram levantadas por moradores de favelas nas m\u00eddias sociais, mas as perspectivas dos moradores, em geral, foram extremamente ausentes da maior parte da cobertura internacional dos eventos dos \u00faltimos meses na Rocinha. Essa tend\u00eancia precisa mudar, pois a inclus\u00e3o de vozes da favela no debate de seguran\u00e7a p\u00fablica \u00e9 essencial para o <a href=\"http:\/\/bit.ly\/2AAxEaX\" target=\"_blank\" rel=\"noopener\">desenvolvimento de pol\u00edticas mais produtivas<\/a>.<\/span><\/p>\n<p><span style=\"font-weight: 400;\">Finalmente, em toda a cobertura da Rocinha, percebemos tradu\u00e7\u00f5es imprecisas para &#8216;favela&#8217; como &#8216;<em>shantytown<\/em>&#8216; (bairro de barracos) <a href=\"http:\/\/n.pr\/2BIwKGF\" target=\"_blank\" rel=\"noopener\">nesta reportagem da <em>NPR<\/em><\/a>, e &#8216;<em>slum<\/em>&#8216; <a href=\"http:\/\/on.wsj.com\/2ybXiS3\" target=\"_blank\" rel=\"noopener\">neste artigo do <em>Wall Street Journal<\/em><\/a>, que est\u00e3o voltando a us\u00e1-las em publica\u00e7\u00f5es que j\u00e1 as haviam abandonado anteriormente. Antes das Olimp\u00edadas, por exemplo, o <em>Wall Street Journal<\/em> adotou a frase &#8220;bairros da classe trabalhadora conhecidos como favelas&#8221;&#8211;que <a href=\"http:\/\/bit.ly\/2brHHyf\" target=\"_blank\" rel=\"noopener\">destacamos como um bom exemplo<\/a> de como traduzir &#8216;favela&#8217; para o p\u00fablico em l\u00edngua inglesa.<\/span><\/p>\n<h3><strong>Piores Reportagens<\/strong><\/h3>\n<p><span style=\"font-weight: 400;\">Na verdade, as piores reportagens sobre as favelas deste ano ficaram, principalmente, limitadas \u00e0s publica\u00e7\u00f5es das quais n\u00e3o esperamos outra coisa. O <a href=\"http:\/\/bit.ly\/2Bp22p4\" target=\"_blank\" rel=\"noopener\"><em>The Sun<\/em>\u00a0(tabloide brit\u00e2nico) usou os conflitos deste ano na Rocinha<\/a> para se referir aleatoriamente a uma celebridade, lembrando como a personalidade da TV brit\u00e2nica Joey Essex &#8220;pensou que [ele] morreria&#8221; quando visitou a Rocinha em 2014. &#8220;Seus medos se provaram bem fundamentados ap\u00f3s a grande opera\u00e7\u00e3o militar de ontem&#8221;, escreveu o jornalista, ignorando casualmente o passar do tempo, e o fato de que os tiroteios de setembro n\u00e3o representaram as condi\u00e7\u00f5es na Rocinha durante a maior parte deste ano, e muito menos a situa\u00e7\u00e3o em 2014, quando a seguran\u00e7a estava, de forma geral, mais est\u00e1vel nas favelas da Zona Sul.<\/span><\/p>\n<p><span style=\"font-weight: 400;\">Diversas publica\u00e7\u00f5es noticiaram quando Madonna recebeu cr\u00edticas nas m\u00eddias sociais por posar para uma foto com policiais fortemente armados na <a href=\"http:\/\/bit.ly\/UBMUVJ\" target=\"_blank\" rel=\"noopener\">Provid\u00eancia<\/a>. Mas o <em>Daily Mail<\/em> ultrapassou todos, <a href=\"http:\/\/dailym.ai\/2oWG86y\" target=\"_blank\" rel=\"noopener\">identificando erroneamente a favela como Rocinha<\/a> e, portanto, afirmando que Madonna visitou a mesma favela onde um turista espanhol acabara de ser morto e onde o ex\u00e9rcito foi implantado no m\u00eas anterior. A confus\u00e3o de duas das favelas mais conhecidas do Rio reflete o desprezo pela diversidade das favelas do Rio, que prepara o caminho para a fal\u00e1cia l\u00f3gica de que, se houver viol\u00eancia em uma favela, outras favelas tamb\u00e9m devem ser violentas.<\/span><\/p>\n<p><span style=\"font-weight: 400;\">O <a href=\"http:\/\/bit.ly\/2Aln5nZ\" target=\"_blank\" rel=\"noopener\"><em>High Times<\/em> conseguiu relatar<\/a> sobre a favela correta, mas na parte errada da cidade, dizendo em sua mat\u00e9ria que todas as favelas est\u00e3o no &#8220;norte da cidade&#8221;. O artigo rotula a Rocinha como &#8220;a mais notoriamente violenta das favelas do Rio de Janeiro&#8221;, que parece ser um r\u00f3tulo que alguns rep\u00f3rteres aplicam a qualquer favela que eles estejam escrevendo sobre naquele dia. O autor afirma que &#8220;o com\u00e9rcio de coca\u00edna \u00e9 praticamente a \u00fanica economia&#8221; na Rocinha e nas favelas vizinhas&#8211;isso em uma comunidade que possui <a href=\"http:\/\/bit.ly\/2lfjdPB\" target=\"_blank\" rel=\"noopener\">6529 empresas<\/a> funcionando. Qualquer um que visite uma favela sabe que essa afirma\u00e7\u00e3o \u00e9 falsa: a ampla gama de empresas em exibi\u00e7\u00e3o contribui para os <a href=\"http:\/\/bit.ly\/2BSvGiK\" target=\"_blank\" rel=\"noopener\">R$38,6 bilh\u00f5es em atividade comercial<\/a> que as favelas do Brasil est\u00e3o estimadas em gerar a cada ano.<\/span><\/p>\n<h3><strong>Melhores Reportagens<\/strong><\/h3>\n<p><span style=\"font-weight: 400;\">A reportagem multim\u00eddia inovadora da <em>AFP<\/em>, &#8220;<a href=\"http:\/\/bit.ly\/2C0FFBX\" target=\"_blank\" rel=\"noopener\">Stray Bullets&#8211;Violence and Broken Lives in Rio de Janeiro<\/a>&#8221; (Balas Perdidas&#8211;Viol\u00eancia e Vidas Destru\u00eddas no Rio de janeiro), apresenta entrevistas em v\u00eddeo com familiares de seis v\u00edtimas mortas por balas perdidas, e com duas pessoas feridas. Os v\u00eddeos s\u00e3o lindamente filmados, focados de perto nas pessoas que est\u00e3o falando, enquanto elas falam abertamente sobre sua dor e perda. As narrativas capturam a complexidade emocional, como a do policial que n\u00e3o sente orgulho de sua profiss\u00e3o desde que sua filha de dois anos foi morta, mas que quer voltar ao trabalho para &#8220;defender a sociedade o melhor poss\u00edvel&#8221;. O projeto tamb\u00e9m contextualiza essas hist\u00f3rias individuais com dados sobre tiroteios, feridos e \u00f3bitos nos bairros das fam\u00edlias em destaque, bem como no Rio. Embora a afirma\u00e7\u00e3o de que &#8220;os confrontos entre a pol\u00edcia e os traficantes de drogas fortemente armados podem entrar em erup\u00e7\u00e3o em todo o Rio de Janeiro, a qualquer hora e em qualquer lugar&#8221; corre o risco de minimizar a concentra\u00e7\u00e3o espacial de viol\u00eancia, que amea\u00e7a desproporcionalmente comunidades de baixa renda e predominantemente negras, esta reportagem d\u00e1 um foco produtivo e comovente para a viol\u00eancia urbana.<\/span><\/p>\n<p><span style=\"font-weight: 400;\">A mat\u00e9ria de Jo Griffin intitulada &#8220;<a href=\"http:\/\/bit.ly\/2q6GaEG\" target=\"_blank\" rel=\"noopener\">One man, one city, three evictions: the human cost of Rio\u2019s growth<\/a>&#8221; (Um homem, uma cidade, tr\u00eas remo\u00e7\u00f5es: o custo humano do crescimento do Rio) e o v\u00eddeo que acompanha exploram o fen\u00f4meno das <a href=\"http:\/\/bit.ly\/X51Qvb\" target=\"_blank\" rel=\"noopener\">remo\u00e7\u00f5es<\/a> ao longo de d\u00e9cadas no Rio, atrav\u00e9s da lente da hist\u00f3ria de um homem. Produzida para a <em>Place<\/em>, uma iniciativa da Funda\u00e7\u00e3o Thompson Reuters, a mat\u00e9ria se concentra em Altair Guimar\u00e3es, que foi despejado em 1969 da <a href=\"http:\/\/bit.ly\/2ChdbYK\" target=\"_blank\" rel=\"noopener\">Ilha dos Cai\u00e7aras<\/a> (na Zona Sul), no in\u00edcio da d\u00e9cada de 1990 da <a href=\"http:\/\/bit.ly\/10BzE4e\" target=\"_blank\" rel=\"noopener\">Cidade de Deus<\/a> e\u00a0<a href=\"http:\/\/bit.ly\/1O82HVF\" target=\"_blank\" rel=\"noopener\">finalmente, em 2015 da Vila Aut\u00f3dromo<\/a>. Al\u00e9m de contar uma tumultuada hist\u00f3ria humana, este mat\u00e9ria ressalta que a <a href=\"http:\/\/bit.ly\/2xDQE1E\" target=\"_blank\" rel=\"noopener\">recente onda de remo\u00e7\u00f5es<\/a> antes das Olimp\u00edadas deve ser entendida no contexto do padr\u00e3o hist\u00f3rico de remo\u00e7\u00f5es de favelas quando a prefeitura deseja liberar a <a href=\"http:\/\/bit.ly\/11tBtBo\" target=\"_blank\" rel=\"noopener\">terra para o desenvolvimento<\/a>. Tamb\u00e9m \u00e9 importante o contexto hist\u00f3rico para trazer \u00e0 luz as <a href=\"http:\/\/bit.ly\/2zPcWTe\" target=\"_blank\" rel=\"noopener\">atuais amea\u00e7as de remo\u00e7\u00f5es<\/a> que enfrentam comunidades de baixa renda.<\/span><\/p>\n<p><a href=\"http:\/\/rioonwatch.org.br\/wp-content\/uploads\/2017\/12\/Artisanal-beer-in-Alema\u0303o.jpg\"><img fetchpriority=\"high\" decoding=\"async\" class=\"aligncenter wp-image-30627 size-content\" title=\"Cerveja artesanal no Alem\u00e3o. Foto do Facebook, usada na mat\u00e9ria do Americas Quarterly.\" src=\"http:\/\/rioonwatch.org.br\/wp-content\/uploads\/2017\/12\/Artisanal-beer-in-Alema\u0303o-620x264.jpg\" alt=\"\" width=\"620\" height=\"264\" \/><\/a><\/p>\n<p><span style=\"font-weight: 400;\">O <em>Americas Quarterly<\/em> destacou-se este ano pela cobertura consistente, de alta qualidade e original, a respeito das favelas do Rio. O <a href=\"http:\/\/bit.ly\/2uWw9j8\" target=\"_blank\" rel=\"noopener\">perfil, feito por Soledad Dominguez, da MC Martina<\/a> do <a href=\"http:\/\/bit.ly\/U0MiGm\" target=\"_blank\" rel=\"noopener\">Complexo do Alem\u00e3o<\/a> reconhece &#8220;o racismo, a viol\u00eancia, a desigualdade&#8221; que ela confronta diariamente, mas contrasta com o orgulho que a rapper de 19 anos sente em rela\u00e7\u00e3o a sua comunidade, deixando os leitores com uma no\u00e7\u00e3o realista e complexa do bairro. A mat\u00e9ria de <a href=\"http:\/\/bit.ly\/2y4lZe8\" target=\"_blank\" rel=\"noopener\">Jill Langlois sobre o Bistr\u00f4 Esta\u00e7\u00e3o R&amp;R<\/a>, um bar que vende cerveja artesanal no Alem\u00e3o, \u00e9 repleto de conte\u00fados desconstrutores de estigmas. &#8220;Eu sempre digo que as pessoas que s\u00e3o pobres, pretas e faveladas s\u00e3o criadoras de empreendimentos&#8221;, afirma um dos propriet\u00e1rios do bar na mat\u00e9ria.<\/span><\/p>\n<p><span style=\"font-weight: 400;\">Regular em nossa lista das melhores reportagens, a s\u00e9rie &#8216;<a href=\"http:\/\/bit.ly\/29ZlNn5\" target=\"_blank\" rel=\"noopener\">View from the Rio Favelas<\/a>&#8216;\u00a0(Vista das Favelas do Rio) do <em>The Guardian<\/em> feita por autores de favelas retornou, devido ao marco de um ano p\u00f3s-Jogos com an\u00e1lises do <a href=\"http:\/\/bit.ly\/1ps41Xf\" target=\"_blank\" rel=\"noopener\">legado Ol\u00edmpico<\/a> do Rio realizadas por tr\u00eas jornalistas comunit\u00e1rios: Daiene Mendes do Complexo do Alem\u00e3o, Thais Cavalcante do <a href=\"http:\/\/bit.ly\/10BvARw\" target=\"_blank\" rel=\"noopener\">Complexo da Mar\u00e9<\/a> e Michel Silva da Rocinha. Os jornalistas continuaram sua tend\u00eancia de contextualizar a seguran\u00e7a e a viol\u00eancia em an\u00e1lises mais amplas em rela\u00e7\u00e3o as promessas de legado dos megaeventos ou a corrup\u00e7\u00e3o, e tamb\u00e9m a destacar os sucessos locais, como o crescente <a href=\"http:\/\/bit.ly\/1Pt91fh\" target=\"_blank\" rel=\"noopener\">empreendedorismo<\/a> ou o surgimento de um movimento da <a href=\"http:\/\/bit.ly\/2j1IcaE\" target=\"_blank\" rel=\"noopener\">juventude se organizando em torno de pol\u00edticas de drogas<\/a>. Este ano, o <em>The Guardian<\/em> tamb\u00e9m publicou uma quarta mat\u00e9ria de uma moradora de favela, a ativista da <a href=\"http:\/\/bit.ly\/2sdScBk\" target=\"_blank\" rel=\"noopener\">Vila Aut\u00f3dromo, Maria da Penha<\/a>, cuja conta pessoal de resistir \u00e0 remo\u00e7\u00e3o \u00e9 um testemunho essencial do custo real dos Jogos Ol\u00edmpicos do Rio.<\/span><\/p>\n<h3><strong>Men\u00e7\u00f5es Honrosas<\/strong><\/h3>\n<p><a href=\"http:\/\/rioonwatch.org.br\/wp-content\/uploads\/2017\/12\/Alema\u0303oNightShot.jpeg\"><img decoding=\"async\" class=\"aligncenter wp-image-30629 size-content\" title=\"Alem\u00e3o \u00e0 noite. Foto de Frederick Bernas para WIRED.\" src=\"http:\/\/rioonwatch.org.br\/wp-content\/uploads\/2017\/12\/Alema\u0303oNightShot-620x264.jpeg\" alt=\"\" width=\"620\" height=\"264\" \/><\/a><\/p>\n<p><span style=\"font-weight: 400;\">Com tantos meios de comunica\u00e7\u00e3o internacionais \u00e1vidos para cobrir a viol\u00eancia na Rocinha, os artigos que se destacaram por sua originalidade produtiva inclu\u00edram a <a href=\"http:\/\/bit.ly\/2y9PPTc\" target=\"_blank\" rel=\"noopener\">an\u00e1lise aprofundada de Misha Glenny<\/a> sobre &#8220;uma cidade no caos&#8221; para o <em>The Intercept<\/em>, a <a href=\"http:\/\/bit.ly\/2C9E7KK\" target=\"_blank\" rel=\"noopener\">cobertura de perto por Tiago Coelho para <em>Piau\u00ed<\/em><\/a> sobre como os tiroteios impediram alguns estudantes da Rocinha de fazer provas de vestibular, e o<a href=\"http:\/\/bit.ly\/2osZTTg\" target=\"_blank\" rel=\"noopener\"> olhar inteligente de Kiratiana Freelon<\/a> na <em>Next City<\/em>, sobre como os guias tur\u00edsticos das favelas est\u00e3o se organizando, apesar da amea\u00e7a por conta da deteriora\u00e7\u00e3o da seguran\u00e7a para o turismo das favelas. Enquanto isso, <a href=\"http:\/\/bit.ly\/2AaXNZY\" target=\"_blank\" rel=\"noopener\">Travis Waldron, do <em>HuffPost<\/em>, respondeu de forma construtiva<\/a> ao &#8220;esc\u00e2ndalo&#8221; da foto da Madonna na Provid\u00eancia, contextualizando-o em dados informativos sobre viol\u00eancia policial no Brasil.<\/span><\/p>\n<p><span style=\"font-weight: 400;\">Andrew Purcell e Mimi Whitefield produziram excelentes coberturas sobre m\u00eddias comunit\u00e1rias de favela\u00a0<a href=\"http:\/\/bit.ly\/2lS5q4a\" target=\"_blank\" rel=\"noopener\">para o <em>OpenDemocracy<\/em><\/a> e o <a href=\"http:\/\/hrld.us\/2kVaMeN\" target=\"_blank\" rel=\"noopener\"><em>Miami Herald<\/em><\/a>, respectivamente. A reportagem do <em>WIRED<\/em> sobre como &#8220;<a href=\"http:\/\/bit.ly\/2zB0tlz\" target=\"_blank\" rel=\"noopener\">as favelas do Rio coletam e produzem dados sobre crimes para manter as pessoas seguras<\/a>&#8221; ofereceu detalhes fascinantes sobre como os aplicativos de monitoramento de viol\u00eancia do Rio realmente funcionam. E o artigo de <a href=\"http:\/\/bit.ly\/2Brmdmk\" target=\"_blank\" rel=\"noopener\">Jennifer Chisholm para a <em>NACLA<\/em><\/a> explorou como algumas comunidades atualmente amea\u00e7adas de remo\u00e7\u00e3o est\u00e3o focando nas rela\u00e7\u00f5es sustent\u00e1veis que seus moradores t\u00eam com a terra, como argumento para a perman\u00eancia.<\/span><\/p>\n<p><span style=\"font-weight: 400;\">Finalmente, embora n\u00e3o seja uma reportagem focada nas favelas, gostar\u00edamos tamb\u00e9m de destacar a cobertura do legado Ol\u00edmpico por <a href=\"http:\/\/nyti.ms\/2xPSy3M\" target=\"_blank\" rel=\"noopener\">Anna Jean Kaiser para o <em>The New York Times<\/em><\/a>, e de <a href=\"http:\/\/bit.ly\/2rCNytt\" target=\"_blank\" rel=\"noopener\">Andrew Purcell para o<em> The Age<\/em><\/a>, bem como a explica\u00e7\u00e3o de <a href=\"http:\/\/bit.ly\/2f5cvIU\" target=\"_blank\" rel=\"noopener\">Juliana Barbassa no <em>Americas Quarterly<\/em><\/a> da raz\u00e3o dos Jogos Ol\u00edmpicos de Rio terem sido um &#8220;grande sucesso&#8221; para as elites que buscaram lucrar com eles. O <em>NPR<\/em> continuou a levar adiante as discuss\u00f5es sobre ra\u00e7a no Brasil com um podcast esclarecedor intitulado &#8220;<a href=\"http:\/\/n.pr\/2BRQ6vo\" target=\"_blank\" rel=\"noopener\">Brazil in Black and White<\/a>&#8221; (Brasil em Preto e Branco). Tamb\u00e9m recomendamos a <a href=\"http:\/\/bit.ly\/2tSXd09\" target=\"_blank\" rel=\"noopener\">vis\u00e3o aprofundada de Jonathan Watts<\/a> sobre o esc\u00e2ndalo do Lava Jato no <em>The Guardian<\/em>, que \u00e9 uma explica\u00e7\u00e3o \u00fatil de uma bagun\u00e7a incrivelmente complicada.<\/span><\/p>\n<!-- AddThis Advanced Settings generic via filter on the_content --><!-- AddThis Share Buttons generic via filter on the_content -->","protected":false},"excerpt":{"rendered":"<div class=\"mh-excerpt\"><p>Click Here for English Esta \u00e9 a contribui\u00e7\u00e3o\u00a0mais recente da nossa s\u00e9rie de mat\u00e9rias analisando\u00a0as\u00a0Melhores e Piores Reportagens Internacionais sobre Favelas do Rio, que faz\u00a0parte do debate promovido pelo RioOnWatch sobre a\u00a0narrativa\u00a0e os\u00a0retratos midi\u00e1ticos\u00a0acerca das <a class=\"mh-excerpt-more\" href=\"https:\/\/rioonwatch.org.br\/?p=30608\" title=\"Retrospectiva 2017: Melhores e Piores Reportagens Internacionais sobre as Favelas do Rio\">[&#8230;]<\/a><!-- AddThis Advanced Settings generic via filter on get_the_excerpt --><!-- AddThis Share Buttons generic via filter on get_the_excerpt --><\/p>\n<\/div>","protected":false},"author":129,"featured_media":30614,"comment_status":"closed","ping_status":"closed","sticky":false,"template":"","format":"standard","meta":{"_acf_changed":false,"_monsterinsights_skip_tracking":false,"_monsterinsights_sitenote_active":false,"_monsterinsights_sitenote_note":"","_monsterinsights_sitenote_category":0,"footnotes":""},"categories":[2051,1621,1632,1631,342],"tags":[386,1676,1530,1166,1760,16,1759,825,30,1144],"writer":[777],"translator":[1971],"source":[],"ilustrador":[],"fotografo":[],"class_list":{"0":"post-30608","1":"post","2":"type-post","3":"status-publish","4":"format-standard","5":"has-post-thumbnail","7":"category-olhonolegado","8":"category-destaque","9":"category-pesquisa-e-analise","10":"category-entendendo-o-rio","11":"category-solucoes","12":"tag-estigma","13":"tag-analise-cobertura-de-favelas","14":"tag-midia-comunitaria","15":"tag-jornalismo","16":"tag-narrativa-midiatica","17":"tag-rocinha","18":"tag-serie-melhores-e-piores-reportagens","19":"tag-turismo","20":"tag-violencia","21":"tag-violencia-urbana","22":"writer-rioonwatch","23":"translator-geovanna-giannini"},"acf":[],"yoast_head":"<!-- This site is optimized with the Yoast SEO plugin v25.6 - https:\/\/yoast.com\/wordpress\/plugins\/seo\/ -->\n<title>Retrospectiva 2017: Melhores e Piores Reportagens Internacionais sobre as Favelas do Rio - RioOnWatch<\/title>\n<meta name=\"robots\" content=\"index, follow, max-snippet:-1, max-image-preview:large, max-video-preview:-1\" \/>\n<link rel=\"canonical\" href=\"https:\/\/rioonwatch.org.br\/?p=30608\" \/>\n<meta property=\"og:locale\" content=\"pt_BR\" \/>\n<meta property=\"og:type\" content=\"article\" \/>\n<meta property=\"og:title\" content=\"Retrospectiva 2017: Melhores e Piores Reportagens Internacionais sobre as Favelas do Rio - RioOnWatch\" \/>\n<meta property=\"og:description\" content=\"Click Here for English Esta \u00e9 a contribui\u00e7\u00e3o\u00a0mais recente da nossa s\u00e9rie de mat\u00e9rias analisando\u00a0as\u00a0Melhores e Piores Reportagens Internacionais sobre Favelas do Rio, que faz\u00a0parte do debate promovido pelo RioOnWatch sobre a\u00a0narrativa\u00a0e os\u00a0retratos midi\u00e1ticos\u00a0acerca das [...]\" \/>\n<meta property=\"og:url\" content=\"https:\/\/rioonwatch.org.br\/?p=30608\" \/>\n<meta property=\"og:site_name\" content=\"RioOnWatch\" \/>\n<meta property=\"article:published_time\" content=\"2018-01-03T14:11:20+00:00\" \/>\n<meta property=\"article:modified_time\" content=\"2024-06-20T19:18:10+00:00\" \/>\n<meta property=\"og:image\" content=\"https:\/\/rioonwatch.org.br\/wp-content\/uploads\/2017\/12\/RocinhaSeptember26-e1513831917812.jpg\" \/>\n\t<meta property=\"og:image:width\" content=\"897\" \/>\n\t<meta property=\"og:image:height\" content=\"425\" \/>\n\t<meta property=\"og:image:type\" content=\"image\/jpeg\" \/>\n<meta name=\"author\" content=\"Admin\" \/>\n<meta name=\"twitter:card\" content=\"summary_large_image\" \/>\n<meta name=\"twitter:label1\" content=\"Escrito por\" \/>\n\t<meta name=\"twitter:data1\" content=\"Admin\" \/>\n\t<meta name=\"twitter:label2\" content=\"Est. tempo de leitura\" \/>\n\t<meta name=\"twitter:data2\" content=\"13 minutos\" \/>\n<script type=\"application\/ld+json\" class=\"yoast-schema-graph\">{\"@context\":\"https:\/\/schema.org\",\"@graph\":[{\"@type\":\"Article\",\"@id\":\"https:\/\/rioonwatch.org.br\/?p=30608#article\",\"isPartOf\":{\"@id\":\"https:\/\/rioonwatch.org.br\/?p=30608\"},\"author\":{\"name\":\"Admin\",\"@id\":\"https:\/\/rioonwatch.org.br\/#\/schema\/person\/11d64c290506f9df50c71b850c473f68\"},\"headline\":\"Retrospectiva 2017: Melhores e Piores Reportagens Internacionais sobre as Favelas do Rio\",\"datePublished\":\"2018-01-03T14:11:20+00:00\",\"dateModified\":\"2024-06-20T19:18:10+00:00\",\"mainEntityOfPage\":{\"@id\":\"https:\/\/rioonwatch.org.br\/?p=30608\"},\"wordCount\":2284,\"publisher\":{\"@id\":\"https:\/\/rioonwatch.org.br\/#organization\"},\"image\":{\"@id\":\"https:\/\/rioonwatch.org.br\/?p=30608#primaryimage\"},\"thumbnailUrl\":\"https:\/\/rioonwatch.org.br\/wp-content\/uploads\/2017\/12\/RocinhaSeptember26-e1513831917812.jpg\",\"keywords\":[\"#StopFavelaStigma\",\"an\u00e1lise cobertura de favelas\",\"Comunica\u00e7\u00e3o Comunit\u00e1ria\",\"jornalismo\",\"narrativa midi\u00e1tica\",\"Rocinha\",\"S\u00e9rie: Melhores e Piores Reportagens\",\"turismo\",\"viol\u00eancia\",\"viol\u00eancia urbana\"],\"articleSection\":[\"#OlhoNoLegado\",\"*Destaque\",\"Dados e Pesquisa\",\"Entendendo o Rio\",\"Solu\u00e7\u00f5es\"],\"inLanguage\":\"pt-BR\"},{\"@type\":\"WebPage\",\"@id\":\"https:\/\/rioonwatch.org.br\/?p=30608\",\"url\":\"https:\/\/rioonwatch.org.br\/?p=30608\",\"name\":\"Retrospectiva 2017: Melhores e Piores Reportagens Internacionais sobre as Favelas do Rio - RioOnWatch\",\"isPartOf\":{\"@id\":\"https:\/\/rioonwatch.org.br\/#website\"},\"primaryImageOfPage\":{\"@id\":\"https:\/\/rioonwatch.org.br\/?p=30608#primaryimage\"},\"image\":{\"@id\":\"https:\/\/rioonwatch.org.br\/?p=30608#primaryimage\"},\"thumbnailUrl\":\"https:\/\/rioonwatch.org.br\/wp-content\/uploads\/2017\/12\/RocinhaSeptember26-e1513831917812.jpg\",\"datePublished\":\"2018-01-03T14:11:20+00:00\",\"dateModified\":\"2024-06-20T19:18:10+00:00\",\"breadcrumb\":{\"@id\":\"https:\/\/rioonwatch.org.br\/?p=30608#breadcrumb\"},\"inLanguage\":\"pt-BR\",\"potentialAction\":[{\"@type\":\"ReadAction\",\"target\":[\"https:\/\/rioonwatch.org.br\/?p=30608\"]}]},{\"@type\":\"ImageObject\",\"inLanguage\":\"pt-BR\",\"@id\":\"https:\/\/rioonwatch.org.br\/?p=30608#primaryimage\",\"url\":\"https:\/\/rioonwatch.org.br\/wp-content\/uploads\/2017\/12\/RocinhaSeptember26-e1513831917812.jpg\",\"contentUrl\":\"https:\/\/rioonwatch.org.br\/wp-content\/uploads\/2017\/12\/RocinhaSeptember26-e1513831917812.jpg\",\"width\":897,\"height\":425},{\"@type\":\"BreadcrumbList\",\"@id\":\"https:\/\/rioonwatch.org.br\/?p=30608#breadcrumb\",\"itemListElement\":[{\"@type\":\"ListItem\",\"position\":1,\"name\":\"In\u00edcio\",\"item\":\"https:\/\/rioonwatch.org.br\/\"},{\"@type\":\"ListItem\",\"position\":2,\"name\":\"Retrospectiva 2017: Melhores e Piores Reportagens Internacionais sobre as Favelas do Rio\"}]},{\"@type\":\"WebSite\",\"@id\":\"https:\/\/rioonwatch.org.br\/#website\",\"url\":\"https:\/\/rioonwatch.org.br\/\",\"name\":\"RioOnWatch\",\"description\":\"relatos das favelas cariocas\",\"publisher\":{\"@id\":\"https:\/\/rioonwatch.org.br\/#organization\"},\"potentialAction\":[{\"@type\":\"SearchAction\",\"target\":{\"@type\":\"EntryPoint\",\"urlTemplate\":\"https:\/\/rioonwatch.org.br\/?s={search_term_string}\"},\"query-input\":{\"@type\":\"PropertyValueSpecification\",\"valueRequired\":true,\"valueName\":\"search_term_string\"}}],\"inLanguage\":\"pt-BR\"},{\"@type\":\"Organization\",\"@id\":\"https:\/\/rioonwatch.org.br\/#organization\",\"name\":\"RioOnWatch\",\"url\":\"https:\/\/rioonwatch.org.br\/\",\"logo\":{\"@type\":\"ImageObject\",\"inLanguage\":\"pt-BR\",\"@id\":\"https:\/\/rioonwatch.org.br\/#\/schema\/logo\/image\/\",\"url\":\"https:\/\/rioonwatch.org.br\/wp-content\/uploads\/2021\/06\/RioOnWatchcabecalhoPT11anos-2.png\",\"contentUrl\":\"https:\/\/rioonwatch.org.br\/wp-content\/uploads\/2021\/06\/RioOnWatchcabecalhoPT11anos-2.png\",\"width\":779,\"height\":277,\"caption\":\"RioOnWatch\"},\"image\":{\"@id\":\"https:\/\/rioonwatch.org.br\/#\/schema\/logo\/image\/\"}},{\"@type\":\"Person\",\"@id\":\"https:\/\/rioonwatch.org.br\/#\/schema\/person\/11d64c290506f9df50c71b850c473f68\",\"name\":\"Admin\",\"image\":{\"@type\":\"ImageObject\",\"inLanguage\":\"pt-BR\",\"@id\":\"https:\/\/rioonwatch.org.br\/#\/schema\/person\/image\/\",\"url\":\"https:\/\/secure.gravatar.com\/avatar\/56211ac74568383903349a1485e3c325?s=96&d=blank&r=g\",\"contentUrl\":\"https:\/\/secure.gravatar.com\/avatar\/56211ac74568383903349a1485e3c325?s=96&d=blank&r=g\",\"caption\":\"Admin\"},\"url\":\"https:\/\/rioonwatch.org.br\/?author=129\"}]}<\/script>\n<!-- \/ Yoast SEO plugin. -->","yoast_head_json":{"title":"Retrospectiva 2017: Melhores e Piores Reportagens Internacionais sobre as Favelas do Rio - RioOnWatch","robots":{"index":"index","follow":"follow","max-snippet":"max-snippet:-1","max-image-preview":"max-image-preview:large","max-video-preview":"max-video-preview:-1"},"canonical":"https:\/\/rioonwatch.org.br\/?p=30608","og_locale":"pt_BR","og_type":"article","og_title":"Retrospectiva 2017: Melhores e Piores Reportagens Internacionais sobre as Favelas do Rio - RioOnWatch","og_description":"Click Here for English Esta \u00e9 a contribui\u00e7\u00e3o\u00a0mais recente da nossa s\u00e9rie de mat\u00e9rias analisando\u00a0as\u00a0Melhores e Piores Reportagens Internacionais sobre Favelas do Rio, que faz\u00a0parte do debate promovido pelo RioOnWatch sobre a\u00a0narrativa\u00a0e os\u00a0retratos midi\u00e1ticos\u00a0acerca das [...]","og_url":"https:\/\/rioonwatch.org.br\/?p=30608","og_site_name":"RioOnWatch","article_published_time":"2018-01-03T14:11:20+00:00","article_modified_time":"2024-06-20T19:18:10+00:00","og_image":[{"width":897,"height":425,"url":"https:\/\/rioonwatch.org.br\/wp-content\/uploads\/2017\/12\/RocinhaSeptember26-e1513831917812.jpg","type":"image\/jpeg"}],"author":"Admin","twitter_card":"summary_large_image","twitter_misc":{"Escrito por":"Admin","Est. tempo de leitura":"13 minutos"},"schema":{"@context":"https:\/\/schema.org","@graph":[{"@type":"Article","@id":"https:\/\/rioonwatch.org.br\/?p=30608#article","isPartOf":{"@id":"https:\/\/rioonwatch.org.br\/?p=30608"},"author":{"name":"Admin","@id":"https:\/\/rioonwatch.org.br\/#\/schema\/person\/11d64c290506f9df50c71b850c473f68"},"headline":"Retrospectiva 2017: Melhores e Piores Reportagens Internacionais sobre as Favelas do Rio","datePublished":"2018-01-03T14:11:20+00:00","dateModified":"2024-06-20T19:18:10+00:00","mainEntityOfPage":{"@id":"https:\/\/rioonwatch.org.br\/?p=30608"},"wordCount":2284,"publisher":{"@id":"https:\/\/rioonwatch.org.br\/#organization"},"image":{"@id":"https:\/\/rioonwatch.org.br\/?p=30608#primaryimage"},"thumbnailUrl":"https:\/\/rioonwatch.org.br\/wp-content\/uploads\/2017\/12\/RocinhaSeptember26-e1513831917812.jpg","keywords":["#StopFavelaStigma","an\u00e1lise cobertura de favelas","Comunica\u00e7\u00e3o Comunit\u00e1ria","jornalismo","narrativa midi\u00e1tica","Rocinha","S\u00e9rie: Melhores e Piores Reportagens","turismo","viol\u00eancia","viol\u00eancia urbana"],"articleSection":["#OlhoNoLegado","*Destaque","Dados e Pesquisa","Entendendo o Rio","Solu\u00e7\u00f5es"],"inLanguage":"pt-BR"},{"@type":"WebPage","@id":"https:\/\/rioonwatch.org.br\/?p=30608","url":"https:\/\/rioonwatch.org.br\/?p=30608","name":"Retrospectiva 2017: Melhores e Piores Reportagens Internacionais sobre as Favelas do Rio - RioOnWatch","isPartOf":{"@id":"https:\/\/rioonwatch.org.br\/#website"},"primaryImageOfPage":{"@id":"https:\/\/rioonwatch.org.br\/?p=30608#primaryimage"},"image":{"@id":"https:\/\/rioonwatch.org.br\/?p=30608#primaryimage"},"thumbnailUrl":"https:\/\/rioonwatch.org.br\/wp-content\/uploads\/2017\/12\/RocinhaSeptember26-e1513831917812.jpg","datePublished":"2018-01-03T14:11:20+00:00","dateModified":"2024-06-20T19:18:10+00:00","breadcrumb":{"@id":"https:\/\/rioonwatch.org.br\/?p=30608#breadcrumb"},"inLanguage":"pt-BR","potentialAction":[{"@type":"ReadAction","target":["https:\/\/rioonwatch.org.br\/?p=30608"]}]},{"@type":"ImageObject","inLanguage":"pt-BR","@id":"https:\/\/rioonwatch.org.br\/?p=30608#primaryimage","url":"https:\/\/rioonwatch.org.br\/wp-content\/uploads\/2017\/12\/RocinhaSeptember26-e1513831917812.jpg","contentUrl":"https:\/\/rioonwatch.org.br\/wp-content\/uploads\/2017\/12\/RocinhaSeptember26-e1513831917812.jpg","width":897,"height":425},{"@type":"BreadcrumbList","@id":"https:\/\/rioonwatch.org.br\/?p=30608#breadcrumb","itemListElement":[{"@type":"ListItem","position":1,"name":"In\u00edcio","item":"https:\/\/rioonwatch.org.br\/"},{"@type":"ListItem","position":2,"name":"Retrospectiva 2017: Melhores e Piores Reportagens Internacionais sobre as Favelas do Rio"}]},{"@type":"WebSite","@id":"https:\/\/rioonwatch.org.br\/#website","url":"https:\/\/rioonwatch.org.br\/","name":"RioOnWatch","description":"relatos das favelas cariocas","publisher":{"@id":"https:\/\/rioonwatch.org.br\/#organization"},"potentialAction":[{"@type":"SearchAction","target":{"@type":"EntryPoint","urlTemplate":"https:\/\/rioonwatch.org.br\/?s={search_term_string}"},"query-input":{"@type":"PropertyValueSpecification","valueRequired":true,"valueName":"search_term_string"}}],"inLanguage":"pt-BR"},{"@type":"Organization","@id":"https:\/\/rioonwatch.org.br\/#organization","name":"RioOnWatch","url":"https:\/\/rioonwatch.org.br\/","logo":{"@type":"ImageObject","inLanguage":"pt-BR","@id":"https:\/\/rioonwatch.org.br\/#\/schema\/logo\/image\/","url":"https:\/\/rioonwatch.org.br\/wp-content\/uploads\/2021\/06\/RioOnWatchcabecalhoPT11anos-2.png","contentUrl":"https:\/\/rioonwatch.org.br\/wp-content\/uploads\/2021\/06\/RioOnWatchcabecalhoPT11anos-2.png","width":779,"height":277,"caption":"RioOnWatch"},"image":{"@id":"https:\/\/rioonwatch.org.br\/#\/schema\/logo\/image\/"}},{"@type":"Person","@id":"https:\/\/rioonwatch.org.br\/#\/schema\/person\/11d64c290506f9df50c71b850c473f68","name":"Admin","image":{"@type":"ImageObject","inLanguage":"pt-BR","@id":"https:\/\/rioonwatch.org.br\/#\/schema\/person\/image\/","url":"https:\/\/secure.gravatar.com\/avatar\/56211ac74568383903349a1485e3c325?s=96&d=blank&r=g","contentUrl":"https:\/\/secure.gravatar.com\/avatar\/56211ac74568383903349a1485e3c325?s=96&d=blank&r=g","caption":"Admin"},"url":"https:\/\/rioonwatch.org.br\/?author=129"}]}},"_links":{"self":[{"href":"https:\/\/rioonwatch.org.br\/index.php?rest_route=\/wp\/v2\/posts\/30608"}],"collection":[{"href":"https:\/\/rioonwatch.org.br\/index.php?rest_route=\/wp\/v2\/posts"}],"about":[{"href":"https:\/\/rioonwatch.org.br\/index.php?rest_route=\/wp\/v2\/types\/post"}],"author":[{"embeddable":true,"href":"https:\/\/rioonwatch.org.br\/index.php?rest_route=\/wp\/v2\/users\/129"}],"replies":[{"embeddable":true,"href":"https:\/\/rioonwatch.org.br\/index.php?rest_route=%2Fwp%2Fv2%2Fcomments&post=30608"}],"version-history":[{"count":30,"href":"https:\/\/rioonwatch.org.br\/index.php?rest_route=\/wp\/v2\/posts\/30608\/revisions"}],"predecessor-version":[{"id":72198,"href":"https:\/\/rioonwatch.org.br\/index.php?rest_route=\/wp\/v2\/posts\/30608\/revisions\/72198"}],"wp:featuredmedia":[{"embeddable":true,"href":"https:\/\/rioonwatch.org.br\/index.php?rest_route=\/wp\/v2\/media\/30614"}],"wp:attachment":[{"href":"https:\/\/rioonwatch.org.br\/index.php?rest_route=%2Fwp%2Fv2%2Fmedia&parent=30608"}],"wp:term":[{"taxonomy":"category","embeddable":true,"href":"https:\/\/rioonwatch.org.br\/index.php?rest_route=%2Fwp%2Fv2%2Fcategories&post=30608"},{"taxonomy":"post_tag","embeddable":true,"href":"https:\/\/rioonwatch.org.br\/index.php?rest_route=%2Fwp%2Fv2%2Ftags&post=30608"},{"taxonomy":"writer","embeddable":true,"href":"https:\/\/rioonwatch.org.br\/index.php?rest_route=%2Fwp%2Fv2%2Fwriter&post=30608"},{"taxonomy":"translator","embeddable":true,"href":"https:\/\/rioonwatch.org.br\/index.php?rest_route=%2Fwp%2Fv2%2Ftranslator&post=30608"},{"taxonomy":"source","embeddable":true,"href":"https:\/\/rioonwatch.org.br\/index.php?rest_route=%2Fwp%2Fv2%2Fsource&post=30608"},{"taxonomy":"ilustrador","embeddable":true,"href":"https:\/\/rioonwatch.org.br\/index.php?rest_route=%2Fwp%2Fv2%2Filustrador&post=30608"},{"taxonomy":"fotografo","embeddable":true,"href":"https:\/\/rioonwatch.org.br\/index.php?rest_route=%2Fwp%2Fv2%2Ffotografo&post=30608"}],"curies":[{"name":"wp","href":"https:\/\/api.w.org\/{rel}","templated":true}]}}