{"id":30675,"date":"2018-03-12T10:21:02","date_gmt":"2018-03-12T13:21:02","guid":{"rendered":"http:\/\/rioonwatch.org.br\/?p=30675"},"modified":"2024-06-20T16:24:06","modified_gmt":"2024-06-20T19:24:06","slug":"nem-todos-tem-um-preco-parte-3-a-ascensao-da-vila-autodromo-como-simbolo-de-resistencia-olimpica-2010-2012","status":"publish","type":"post","link":"https:\/\/rioonwatch.org.br\/?p=30675","title":{"rendered":"Nem Todos T\u00eam Um Pre\u00e7o, Parte 3: A Ascens\u00e3o da Vila Aut\u00f3dromo Como S\u00edmbolo de Resist\u00eancia Ol\u00edmpica [V\u00cdDEO]"},"content":{"rendered":"<p style=\"text-align: right;\"><em><strong><a href=\"http:\/\/bit.ly\/2OCFZ0m\" target=\"_blank\" rel=\"noopener noreferrer\">Click Here for English<img decoding=\"async\" width=\"20\" height=\"20\" class=\"alignright wp-image-15790\" src=\"http:\/\/rioonwatch.org.br\/wp-content\/uploads\/2012\/08\/EN-standard-e1439583104716.jpg\" \/><\/a><\/strong><\/em><\/p>\n<p><em>Esta \u00e9 a terceira mat\u00e9ria de uma\u00a0<a href=\"http:\/\/bit.ly\/HistoriaDaVila\" target=\"_blank\" rel=\"noopener\">s\u00e9rie de sete<\/a>\u00a0que comp\u00f5e o cap\u00edtulo intitulado \u2018Nem Todos T\u00eam Um Pre\u00e7o\u2019, que conta a hist\u00f3ria de luta da Vila Aut\u00f3dromo. Escrito por Theresa Williamson, diretora executiva da\u00a0<a href=\"http:\/\/bit.ly\/1YPn1Cn\" target=\"_blank\" rel=\"noopener\">Comunidades Catalisadoras,<\/a>* o cap\u00edtulo faz parte do livro\u00a0<a href=\"http:\/\/brook.gs\/2wFH2oa\" target=\"_blank\" rel=\"noopener\">Rio 2016: Olympic Myths, Hard Realities<\/a>\u00a0(Rio 2016: Mitos Ol\u00edmpicos, Duras Realidades) organizado pelo economista\u00a0<a href=\"http:\/\/bit.ly\/2kWQoqf\" target=\"_blank\" rel=\"noopener\">Andrew Zimbalist<\/a>. Como o livro foi publicado somente em ingl\u00eas, pedimos permiss\u00e3o e agradecemos \u00e0 editora\u00a0Brookings por nos permitir publicar o cap\u00edtulo na \u00edntegra em portugu\u00eas.\u00a0Leia nossa resenha do livro\u00a0<\/em><em>Rio 2016\u00a0<a href=\"http:\/\/bit.ly\/2FdsgcC\" target=\"_blank\" rel=\"noopener\">aqui<\/a>.<\/em><\/p>\n<p><span style=\"font-weight: 400;\">Duas semanas depois, (veja a\u00a0<a href=\"http:\/\/bit.ly\/2Fdp7gf\" target=\"_blank\" rel=\"noopener\">parte 2<\/a>) eu fiz a minha primeira visita \u00e0 <a href=\"http:\/\/bit.ly\/Nfddvg\" target=\"_blank\" rel=\"noopener\">Vila Aut\u00f3dromo<\/a>. <a href=\"http:\/\/bit.ly\/mZZc2V\" target=\"_blank\" rel=\"noopener\">Comunidades Catalisadoras<\/a>, a ONG que fundei em 2000 e que apoia mobiliza\u00e7\u00f5es em favelas e desenvolvimento de solu\u00e7\u00f5es locais, al\u00e9m de defender o planejamento urbano liderado por favelas, foi inspirada em parte pela comunidade <a href=\"http:\/\/bit.ly\/UKOXUX\" target=\"_blank\" rel=\"noopener\">Asa Branca<\/a>, a favela mais pr\u00f3xima \u00e0 Vila Aut\u00f3dromo, devido a seus extensos <a href=\"http:\/\/bit.ly\/1NHYYky\" target=\"_blank\" rel=\"noopener\">programas de planejamento comunit\u00e1rio<\/a>. Quando li no jornal que a Vila Aut\u00f3dromo estava destinada \u00e0 remo\u00e7\u00e3o, fiz contato com o presidente da Associa\u00e7\u00e3o de Moradores da Asa Branca e ele me apresentou ao Altair.<\/span><\/p>\n<p><span style=\"font-weight: 400;\">Em minha primeira visita \u00e0 Vila Aut\u00f3dromo, no in\u00edcio de novembro de 2010, Altair resumiu para mim a hist\u00f3ria da comunidade e sua incr\u00edvel luta pessoal contra a remo\u00e7\u00e3o&#8211;<a href=\"http:\/\/bit.ly\/2Frxm8u\" target=\"_blank\" rel=\"noopener\">Altair j\u00e1 havia sido removido de suas casas<\/a>, pelo governo, em duas outras favelas<\/span><span style=\"font-weight: 400;\">&#8211;e caminhou comigo pela comunidade tranquila, agrad\u00e1vel e de cunho familiar. Altair explicou que escolheu a Vila Aut\u00f3dromo em parte pela sua paz e tranquilidade quando foi removido da <a href=\"http:\/\/bit.ly\/10BzE4e\" target=\"_blank\" rel=\"noopener\">Cidade de Deus<\/a> nos anos 90.<\/span><\/p>\n<p><span style=\"font-weight: 400;\"><a href=\"http:\/\/rioonwatch.org.br\/wp-content\/uploads\/2018\/01\/altair2.jpg\"><img fetchpriority=\"high\" decoding=\"async\" class=\"aligncenter wp-image-30684 size-content\" title=\"Altair em sua casa atual. Foto: Nicky Milne\/Thomson Reuters Foundation\" src=\"http:\/\/rioonwatch.org.br\/wp-content\/uploads\/2018\/01\/altair2-620x264.jpg\" alt=\"\" width=\"620\" height=\"264\" \/><\/a><\/span><\/p>\n<p><span style=\"font-weight: 400;\">Enquanto and\u00e1vamos, Altair chamou aten\u00e7\u00e3o para umas finas vigas de a\u00e7o refor\u00e7adas rec\u00e9m compradas e cuidadosamente empilhadas na sede da associa\u00e7\u00e3o de moradores. Ele explicou que as vigas foram adquiridas gra\u00e7as a campanhas de arrecada\u00e7\u00e3o semanais que a comunidade vinha promovendo, e que elas permitiriam que a associa\u00e7\u00e3o fizesse uma cobertura para a quadra de futebol no terreno, assegurando um espa\u00e7o coberto para eventos comunit\u00e1rios. O outro sonho deles para o terreno, ele me contou, era ter uma creche comunit\u00e1ria. Algum dia, ele disse, o terreno abrigaria a associa\u00e7\u00e3o, um campo de futebol e sal\u00e3o para eventos cobertos e uma creche.<\/span><\/p>\n<p><span style=\"font-weight: 400;\">Este sonho teve que ser deixado de lado nos meses e anos seguintes, e aquelas vigas de a\u00e7o enferrujaram \u00e0 medida que a associa\u00e7\u00e3o de moradores e uma larga gama de moradores deixaram de viver suas vidas rotineiras e passaram a se dedicar a resistir \u00e0 campanha de remo\u00e7\u00e3o da Prefeitura do Rio. Tendo se inteirado de seu destino iminente pela m\u00eddia&#8211;e n\u00e3o pela boca de autoridades municipais&#8211;os moradores ficaram confusos. Mapas de planejamento submetidos ao Comit\u00ea Ol\u00edmpico Internacional (COI) pela prefeitura no processo de candidatura e depois&#8211;os que foram aprovados pela empresa de arquitetura AECOM para os trabalhos finais&#8211;<a href=\"http:\/\/bit.ly\/1M39Oi4\" target=\"_blank\" rel=\"noopener\">mantinham a Vila Aut\u00f3dromo em seu lugar<\/a>.<\/span><span style=\"font-weight: 400;\">\u00a0Afinal de contas, a favela n\u00e3o se localizava no terreno destinado aos Jogos Rio 2016&#8211;o terreno do Aut\u00f3dromo Nelson Piquet&#8211;mas em uma \u00e1rea adjacente. Mas o principal ve\u00edculo de comunica\u00e7\u00e3o do Rio, o jornal <\/span><i><span style=\"font-weight: 400;\">O Globo<\/span><\/i><span style=\"font-weight: 400;\">, publicava ocasionalmente sobre a pendente remo\u00e7\u00e3o da comunidade &#8220;para os Jogos&#8221;. Autoridades municipais, em suas visitas cada vez mais frequentes \u00e0 comunidade, afirmavam o mesmo.<\/span><\/p>\n<p><span style=\"font-weight: 400;\">Sem tempo a perder, moradores da Vila Aut\u00f3dromo come\u00e7aram a se organizar. No in\u00edcio de 2010, membros da associa\u00e7\u00e3o se encontravam semanalmente com advogados do <a href=\"http:\/\/bit.ly\/2epzbUk\" target=\"_blank\" rel=\"noopener\">N\u00facleo de Terras e Habita\u00e7\u00e3o<\/a> (NUTH) da <a href=\"http:\/\/bit.ly\/1kcl02n\" target=\"_blank\" rel=\"noopener\">Defensoria P\u00fablica do Rio de Janeiro<\/a>, que representavam a comunidade. O NUTH estava pisando em terra firme ao afirmar os direitos da comunidade, j\u00e1 que a Vila Aut\u00f3dromo era uma das poucas favelas em que moradores tinham documenta\u00e7\u00e3o por escrito concedendo direito ao uso da terra. Em 2005, a Vila Aut\u00f3dromo tamb\u00e9m foi designada uma <a href=\"http:\/\/bit.ly\/2izP6C1\" target=\"_blank\" rel=\"noopener\">\u00c1rea de Especial Interesse Social<\/a> (AEIS) via a Lei Municipal Complementar 74\/2005, um <a href=\"http:\/\/bit.ly\/2gc3EDS\" target=\"_blank\" rel=\"noopener\">reconhecimento do papel da comunidade<\/a> como local de moradia acess\u00edvel, protegendo-a da especula\u00e7\u00e3o imobili\u00e1ria e declarando-a uma \u00e1rea priorit\u00e1ria para investimentos em infraestrutura e servi\u00e7os p\u00fablicos.<\/span><span style=\"font-weight: 400;\">\u00a0Com essas bases legais \u00e0 m\u00e3o, a defesa da comunidade estava t\u00e3o s\u00f3lida, quanto se \u00e9 poss\u00edvel para qualquer favela no Rio de Janeiro.<\/span><\/p>\n<p><span style=\"font-weight: 400;\">Al\u00e9m de <\/span><span style=\"font-weight: 400;\">abrir um processo contra a Prefeitura do Rio, o NUTH preparou e enviou um documento de oitenta p\u00e1ginas ao COI, descrevendo as viola\u00e7\u00f5es de direitos humanos e viola\u00e7\u00f5es legais, de modo geral, observadas na Vila Aut\u00f3dromo. O documento pretendeu deixar o COI ciente diretamente e imediatamente sobre a natureza preocupante do comportamento demonstrado pela administra\u00e7\u00e3o do <a href=\"http:\/\/bit.ly\/1k4eA6c\" target=\"_blank\" rel=\"noopener\">Prefeito Eduardo Paes<\/a> em rela\u00e7\u00e3o \u00e0 Vila Aut\u00f3dromo, suas ramifica\u00e7\u00f5es legais e o contexto do que estava em jogo. A hist\u00f3ria e a natureza da comunidade estavam em risco. No fim de 2010, o COI respondeu com um questionamento direto ao governador do Estado do Rio de Janeiro, <a href=\"http:\/\/bit.ly\/1kyUVb3\" target=\"_blank\" rel=\"noopener\">S\u00e9rgio Cabral<\/a>, que \u201cresolveu\u201d o problema dissolvendo o NUTH, <a href=\"http:\/\/bit.ly\/2eBHHgL\" target=\"_blank\" rel=\"noopener\">transferindo todos os defensores p\u00fablicos<\/a> do grupo para outras locais do estado e <a href=\"http:\/\/bit.ly\/2fviFBj\" target=\"_blank\" rel=\"noopener\">temporariamente fechando o n\u00facleo<\/a>.<a href=\"#_ftnb\" name=\"_ftnrefb\"><sup>1<\/sup><\/a><\/span><\/p>\n<p><span style=\"font-weight: 400;\">Ao longo de 2011, funcion\u00e1rios municipais visitavam a comunidade com cada vez mais frequ\u00eancia e tentavam bater, individualmente, na porta de cada morador, mas eram barrados na entrada da comunidade por moradores organizados que insistiam que qualquer negocia\u00e7\u00e3o deveria ser feita coletivamente. A t\u00e1tica municipal <a href=\"http:\/\/bit.ly\/1DNRvh2\" target=\"_blank\" rel=\"noopener\">de \u201cdividir para conquistar\u201d<\/a> j\u00e1 estava, a essa altura, <a href=\"http:\/\/bit.ly\/NWiZ6e\" target=\"_blank\" rel=\"noopener\">bem documentada<\/a> em comunidades que passaram por remo\u00e7\u00f5es repentinas em 2010 e foram pegas sem preparo para reagirem, como <a href=\"http:\/\/bit.ly\/14vgDEk\" target=\"_blank\" rel=\"noopener\">Recreio II<\/a> e <a href=\"http:\/\/bit.ly\/13uRoVx\" target=\"_blank\" rel=\"noopener\">Favela do Metr\u00f4<\/a>.<\/span><span style=\"font-weight: 400;\">\u00a0Funcion\u00e1rios municipais foram portanto ineficientes ao chegar na Vila Aut\u00f3dromo com suas tentativas de abordar lares individualmente ap\u00f3s esse per\u00edodo.<\/span><\/p>\n<p><span style=\"font-weight: 400;\"><a href=\"http:\/\/rioonwatch.org.br\/wp-content\/uploads\/2018\/01\/moradores-bloqueiam-a-entrada-da-comunidade.jpg\"><img decoding=\"async\" class=\"aligncenter wp-image-30685 size-content\" title=\"Moradores bloqueiam a entrada da comunidade\" src=\"http:\/\/rioonwatch.org.br\/wp-content\/uploads\/2018\/01\/moradores-bloqueiam-a-entrada-da-comunidade-620x264.jpg\" alt=\"\" width=\"620\" height=\"264\" \/><\/a><\/span><\/p>\n<p><span style=\"font-weight: 400;\">Enquanto alguns moradores se mantinham em vig\u00edlia, barrando a entrada de agentes municipais, outros assumiam pap\u00e9is de mobiliza\u00e7\u00e3o externa. J\u00e1 no in\u00edcio, <a href=\"http:\/\/bit.ly\/19UK9Xq\" target=\"_blank\" rel=\"noopener\">Jane<\/a>, Altair e <a href=\"http:\/\/bit.ly\/2oZXLAj\" target=\"_blank\" rel=\"noopener\">Inalva Mendes Brito<\/a> foram um time de mobilizadores estrelar, todos inteiramente dedicados \u00e0 perman\u00eancia da comunidade, mas cada um caracterizado por um conjunto de habilidades e de p\u00fablico \u00fanicos. Jane, uma militante de fala mansa, m\u00e3e de duas adolescentes, era excepcional na forma\u00e7\u00e3o de conex\u00f5es emocionais e frequentemente deixava a comunidade para estar em reuni\u00f5es com grupos de direitos humanos, de igrejas e com redes mais amplas de comunidades sendo removidas. Altair se manteve firme<\/span><span style=\"font-weight: 400;\"> na associa\u00e7\u00e3o de moradores, estando l\u00e1 quase sempre que n\u00e3o estivesse em seu emprego de pedreiro, frequentemente acompanhado por <a href=\"http:\/\/bit.ly\/2a08mWc\" target=\"_blank\" rel=\"noopener\">sua jovem filha Naomy<\/a>, recepcionando visitantes e compartilhando sua hist\u00f3ria de repetidas remo\u00e7\u00f5es e, portanto, sua determina\u00e7\u00e3o absoluta em n\u00e3o permitir que o mesmo acontecesse na Vila Aut\u00f3dromo. Inalva, uma professora que construiu sua casa ao longo de d\u00e9cadas, at\u00e9 ser uma das maiores da comunidade com uma horta de frutas org\u00e2nicas perto da lagoa, foi uma palestrante requisitada em universidades, escolas e confer\u00eancias acad\u00eamicas. Todos trabalhavam juntos para organizar reuni\u00f5es com toda a comunidade, se engajar com os advogados do NUTH e tomar decis\u00f5es estrat\u00e9gicas de modo geral.<\/span><\/p>\n<p><a href=\"http:\/\/rioonwatch.org.br\/wp-content\/uploads\/2018\/03\/Inalva-Brito-em-seu-jardim-do-lado-da-Lagoa..png\"><img loading=\"lazy\" decoding=\"async\" class=\"aligncenter wp-image-31762 size-content\" title=\"Inalva Brito em seu jardim na beira da Lagoa de Jacarepagu\u00e1. Foto por Chloe Elmer.\" src=\"http:\/\/rioonwatch.org.br\/wp-content\/uploads\/2018\/03\/Inalva-Brito-em-seu-jardim-do-lado-da-Lagoa.-620x264.png\" alt=\"Inalva Brito em seu jardim na beira da Lagoa de Jacarepagu\u00e1. Foto por Chloe Elmer.\" width=\"620\" height=\"264\" srcset=\"https:\/\/rioonwatch.org.br\/wp-content\/uploads\/2018\/03\/Inalva-Brito-em-seu-jardim-do-lado-da-Lagoa.-620x264.png 620w, https:\/\/rioonwatch.org.br\/wp-content\/uploads\/2018\/03\/Inalva-Brito-em-seu-jardim-do-lado-da-Lagoa.-940x400.png 940w\" sizes=\"(max-width: 620px) 100vw, 620px\" \/><\/a><\/p>\n<p><span style=\"font-weight: 400;\">Ao longo de 2011, a determina\u00e7\u00e3o do governo em remover a Vila Aut\u00f3dromo tornou-se expl\u00edcita. N\u00e3o somente pelo desmonte do NUTH pelo governador mas pela constante reinterpreta\u00e7\u00e3o da \u201c<a href=\"http:\/\/bit.ly\/2oU8BYh\" target=\"_blank\" rel=\"noopener\">necessidade\u201d de remover<\/a> a Vila Aut\u00f3dromo. <a href=\"http:\/\/bit.ly\/2EruSCb\" target=\"_blank\" rel=\"noopener\">As justificativas para a remo\u00e7\u00e3o oscilavam<\/a> constantemente, o que se manteve nos anos subsequentes.<\/span><span style=\"font-weight: 400;\">\u00a0Inicialmente, em 2009, foi dito que a comunidade ocupava o futuro centro de m\u00eddia necess\u00e1rio para os Jogos. Quando o local do futuro centro de m\u00eddia foi alterado, a nova justifica\u00e7\u00e3o tornou-se o \u201cper\u00edmetro de seguran\u00e7a\u201d em torno do Parque Ol\u00edmpico. A comunidade, a partir de aconselhamento legal, rapidamente se defendeu dessa justifica\u00e7\u00e3o, citando os alt\u00edssimos condom\u00ednios sendo constru\u00eddos em frente ao futuro Parque Ol\u00edmpico como sendo um risco bem mais alto. E de fato, estatisticamente eles estavam certos: as centenas de condom\u00ednios de pr\u00e9dios altos naquele terreno n\u00e3o apenas eram mais dif\u00edceis de policiar, como tamb\u00e9m ofereciam plataformas altas de onde seria poss\u00edvel executar amea\u00e7as. No entanto, a Vila Aut\u00f3dromo, em suas quase cinco d\u00e9cadas, havia coexistido ao lado de corridas de F\u00f3rmula Um e grandes eventos como o Rock in Rio (no terreno vizinho) sem nenhum incidente criminal.<\/span><\/p>\n<p><span style=\"font-weight: 400;\">Nesse mesmo momento em que ficaram desamparados enquanto esperavam o restabelecimento e prepara\u00e7\u00e3o de um novo grupo de advogados no NUTH, os l\u00edderes da resist\u00eancia da Vila Aut\u00f3dromo come\u00e7aram a trabalhar com urbanistas parceiros da\u00a0<a href=\"http:\/\/bit.ly\/2AImSvj\" target=\"_blank\" rel=\"noopener\">UFRJ<\/a>\u00a0e da <a href=\"http:\/\/bit.ly\/2tPZTig\" target=\"_blank\" rel=\"noopener\">UFF<\/a>. Eles solicitaram ajuda em resposta a um coment\u00e1rio feito em 2010 pelo Prefeito Eduardo Paes em que ele desafiou a comunidade a \u201ccriar um plano alternativo (\u00e0 remo\u00e7\u00e3o)\u201d.<\/span><\/p>\n<p><a href=\"http:\/\/rioonwatch.org.br\/wp-content\/uploads\/2018\/01\/altair3.jpg\"><img loading=\"lazy\" decoding=\"async\" class=\"aligncenter wp-image-30688 size-content\" title=\"Altair enquanto l\u00edder da Associa\u00e7\u00e3o de Moradores.\" src=\"http:\/\/rioonwatch.org.br\/wp-content\/uploads\/2018\/01\/altair3-620x264.jpg\" alt=\"\" width=\"620\" height=\"264\" \/><\/a><\/p>\n<p><span style=\"font-weight: 400;\">Por\u00e9m, no que se constituiu como a pr\u00f3xima jogada da prefeitura, o ent\u00e3o Secret\u00e1rio de Habita\u00e7\u00e3o do Rio de Janeiro, <a href=\"http:\/\/bit.ly\/sLzWaZ\" target=\"_blank\" rel=\"noopener\">Jorge Bittar, convocou uma reuni\u00e3o<\/a> na Vila Aut\u00f3dromo\u00a0em um domingo, 16 de outubro de 2011, n\u00e3o para negocia\u00e7\u00f5es, mas <a href=\"http:\/\/bit.ly\/nX9NWa\" target=\"_blank\" rel=\"noopener\">para fazer um comunicado<\/a>.<\/span><span style=\"font-weight: 400;\">\u00a0Nenhuma autoridade municipal de alto escal\u00e3o havia entrado na comunidade desde a declara\u00e7\u00e3o de sua remo\u00e7\u00e3o dois anos antes. E nem foi o caso de Bittar, pois sua equipe montou o \u201ccirco\u201d (a reuni\u00e3o literalmente aconteceu em uma tenda de circo) do lado de fora da entrada da comunidade naquela manh\u00e3.<\/span><\/p>\n<p><span style=\"font-weight: 400;\">Citando simplesmente de forma vaga <a href=\"http:\/\/bit.ly\/nX9NWa\" target=\"_blank\" rel=\"noopener\">\u201cn\u00f3s precisamos dessa \u00e1rea para as Olimp\u00edadas<\/a>\u201d, Bittar compartilhou uma minuciosa apresenta\u00e7\u00e3o de Power Point com um grande p\u00fablico de bem mais de cem moradores e igual n\u00famero de apoiadores e jornalistas, mostrando croquis e plantas baixas chamativas do empreendimento habitacional <a href=\"http:\/\/bit.ly\/1dpuC3i\" target=\"_blank\" rel=\"noopener\">Parque Carioca<\/a> que seria constru\u00eddo especialmente para abrigar os moradores da Vila Aut\u00f3dromo.<\/span><span style=\"font-weight: 400;\">\u00a0Uma piscina azul turquesa com um tobog\u00e3 foi prometida e recebeu muita aten\u00e7\u00e3o nos folhetos brilhosos. Um mapa mostrava que o complexo habitacional ficaria a apenas um quil\u00f4metro de dist\u00e2ncia, na movimentada Estrada dos Bandeirantes. As imagens dos apartamentos <a href=\"http:\/\/bit.ly\/2nAkpf0\" target=\"_blank\" rel=\"noopener\">inclu\u00edam eletrodom\u00e9sticos super modernos<\/a>, incluindo uma m\u00e1quina de caf\u00e9 expresso.<\/span><span style=\"font-weight: 400;\">\u00a0A apresenta\u00e7\u00e3o claramente pretendeu seduzir moradores enquanto convencia de que isso era um neg\u00f3cio fechado. Ele ent\u00e3o abriu espa\u00e7o para perguntas e rea\u00e7\u00f5es.<\/span><\/p>\n<p><span style=\"font-weight: 400;\">Moradores se levantaram, um atr\u00e1s do outro, fazendo uma s\u00e9rie de perguntas. Alguns simplesmente queriam mais informa\u00e7\u00f5es sobre as figuras e mapas. Outros compartilharam depoimentos profundos sobre por que n\u00e3o levariam a proposta da prefeitura em considera\u00e7\u00e3o e resistiriam at\u00e9 o fim, citando as defesas jur\u00eddicas da comunidade. Alguns ainda se levantaram e responderam raivosamente a seus vizinhos resistentes, dizendo estarem ansiosos para saber mais e dispostos a aceitar a proposta da prefeitura. Eu reconheci esses moradores&#8211;no geral, eram os que viviam na \u00e1rea mais nova e prec\u00e1ria da comunidade, pr\u00f3xima a onde a lagoa e o canal se encontravam. Estes moradores, que chegavam a no m\u00e1ximo 10 por cento da comunidade, de fato tinham raz\u00f5es para achar a proposta da prefeitura melhor do que sua condi\u00e7\u00e3o atual, e eles n\u00e3o se sentiam representados pela associa\u00e7\u00e3o de moradores.<\/span><\/p>\n<p><span style=\"font-weight: 400;\">Nos meses anteriores, por\u00e9m, com apoio do <a href=\"http:\/\/bit.ly\/2ALTDqs\" target=\"_blank\" rel=\"noopener\">N\u00facleo Experimental de Planejamento Conflitual<\/a> (NEPLAC), do <a href=\"http:\/\/bit.ly\/2lM821L\" target=\"_blank\" rel=\"noopener\">Instituto de Pesquisa e Planejamento Urbano e Regional<\/a> (IPPUR) da UFRJ e do <a href=\"http:\/\/bit.ly\/2uP7Tfo\" target=\"_blank\" rel=\"noopener\">N\u00facleo de Estudos e Projetos Habitacionais e Urbanos<\/a> (NEPHU) da UFF, a AMPAVA e estes especialistas vinham realizando uma s\u00e9rie de reuni\u00f5es p\u00fablicas na comunidade, com alto \u00edndice de presen\u00e7a, debatendo, desenvolvendo e aprimorando um plano alternativo que permitiria a total urbaniza\u00e7\u00e3o da comunidade e sua integra\u00e7\u00e3o com o p\u00f3lo Ol\u00edmpico ao lado. Chamado de <a href=\"http:\/\/bit.ly\/2CY414d\" target=\"_blank\" rel=\"noopener\">Plano Popular da Vila Aut\u00f3dromo<\/a>, o primeiro relat\u00f3rio, com trinta e duas p\u00e1ginas, foi finalizado em dezembro de 2011 e lan\u00e7ado em meados de 2012, e demonstrava como, por R$13.526.000, a comunidade inteira poderia ser urbanizada, incluindo o fornecimento de habita\u00e7\u00e3o a pre\u00e7os acess\u00edveis no local para aqueles que estavam vivendo em moradias mais prec\u00e1rias, al\u00e9m de acabamentos finais nos lares j\u00e1 estabelecidos, integra\u00e7\u00e3o de esgoto, ilumina\u00e7\u00e3o e asfalto e o estabelecimento da creche e da quadra de futebol coberta t\u00e3o desejadas, sendo tudo fora dos limites do Parque Ol\u00edmpico.<\/span><\/p>\n<p><img loading=\"lazy\" decoding=\"async\" class=\"aligncenter wp-image-30686 size-content\" title=\"Exemplar f\u00edsico do Plano Popular da Vila Aut\u00f3dromo.\" src=\"http:\/\/rioonwatch.org.br\/wp-content\/uploads\/2018\/01\/plano-popular-620x264.jpg\" alt=\"\" width=\"620\" height=\"264\" \/><\/p>\n<p><span style=\"font-weight: 400;\">Enquanto isso, a secretaria de Bittar, a <a href=\"http:\/\/bit.ly\/O1FJbG\" target=\"_blank\" rel=\"noopener\">Secretaria Municipal de Habita\u00e7\u00e3o<\/a> (SMH)&#8211;que ficou conhecida internacionalmente por marcar casas para remo\u00e7\u00e3o, de forma quase nazista, sem aviso pr\u00e9vio, com o famoso &#8220;SMH&#8221; e uma numera\u00e7\u00e3o&#8211;viu como uma oportunidade a demonstra\u00e7\u00e3o p\u00fablica de vulnerabilidade, no evento em outubro. Agora, a SMH argumentava que a comunidade n\u00e3o poderia bloquear o acesso da secretaria para visitas as casas individuais pois alguns moradores claramente estavam interessados na op\u00e7\u00e3o de habita\u00e7\u00e3o p\u00fablica. Ent\u00e3o nas semanas e meses seguintes, enquanto planejadores urbanos de universidades federais realizavam reuni\u00f5es abertas para debater o Plano Popular, que inclu\u00eda moradia popular na pr\u00f3pria comunidade para as fam\u00edlias mais vulner\u00e1veis, funcion\u00e1rios da SMH come\u00e7aram a ir de porta em porta coletando informa\u00e7\u00f5es de moradores supostamente interessados na op\u00e7\u00e3o de habita\u00e7\u00e3o p\u00fablica.<\/span><\/p>\n<p><span style=\"font-weight: 400;\">A SMH <a href=\"http:\/\/bit.ly\/2mmKekF\" target=\"_blank\" rel=\"noopener\">notadamente enviava grupos grandes e intimidadores<\/a> de funcion\u00e1rios de porta em porta, muitas vezes <a href=\"http:\/\/bit.ly\/1IpW5pM\" target=\"_blank\" rel=\"noopener\">pressionando moradores<\/a> a permitirem que entrassem, dizendo que se a informa\u00e7\u00e3o n\u00e3o fosse coletada eles n\u00e3o teriam acesso \u00e0 eventual compensa\u00e7\u00e3o no caso de reassentamento, ou alegavam que estavam registrando moradores para o <a href=\"http:\/\/bit.ly\/1bVmvbP\" target=\"_blank\" rel=\"noopener\">Bolsa Fam\u00edlia<\/a> ou simplesmente fazendo <a href=\"http:\/\/bit.ly\/2HsLStj\" target=\"_blank\" rel=\"noopener\">perguntas sobre o tamanho da casa para anotar<\/a> algo em suas planilhas.<\/span><span style=\"font-weight: 400;\">\u00a0Esse processo se estendeu por meses, ao longo de 2012 at\u00e9 <a href=\"http:\/\/bit.ly\/13xbIXo\" target=\"_blank\" rel=\"noopener\">2013<\/a>, enquanto um grande grupo de moradores, cada vez mais, organizava sua resist\u00eancia.<\/span><\/p>\n<p><span style=\"font-weight: 400;\">Enquanto isso, em 2012 a Vila Aut\u00f3dromo come\u00e7ou a receber aten\u00e7\u00e3o da m\u00eddia internacional. O primeiro grande momento de visibilidade foi no<\/span><i><span style=\"font-weight: 400;\"> The New York Times<\/span><\/i><span style=\"font-weight: 400;\">, em mar\u00e7o, sob o t\u00edtulo <\/span><i><span style=\"font-weight: 400;\"><a href=\"http:\/\/nyti.ms\/Wq0Z8P\" target=\"_blank\" rel=\"noopener\">Slum Dwellers Are Defying Brazil\u2019s Grand Design for the Olympics<\/a><\/span><\/i><span style=\"font-weight: 400;\">\u00a0(Moradores de Favelas Desafiam o Grande Projeto Ol\u00edmpico do Brasil).<\/span><span style=\"font-weight: 400;\">\u00a0Surgiu ent\u00e3o o que viria a ser uma das narrativas chave da cobertura dos Jogos Ol\u00edmpicos Rio 2016: como esta pequena e pac\u00edfica favela resistiu aos maiores interesses empresariais, interesses representados n\u00e3o somente pelo COI, mas especialmente pelas mega construtoras que investiam no Parque Ol\u00edmpico ao lado, com enormes subs\u00eddios governamentais e que ap\u00f3s os Jogos seriam os grandes beneficiados, herdando o que um dia havia sido um valioso terreno p\u00fablico. Ap\u00f3s 2016, o Parque Ol\u00edmpico seria convertido em moradia de luxo e magnatas como <a href=\"http:\/\/bit.ly\/2mm68Fl\" target=\"_blank\" rel=\"noopener\">Marcelo Odebrecht<\/a> e <a href=\"http:\/\/bit.ly\/1TbcpQ3\" target=\"_blank\" rel=\"noopener\">Carlos Carvalho<\/a> lucrariam com isso.<\/span><\/p>\n<h3><em><a href=\"http:\/\/bit.ly\/VilaNo4\" target=\"_blank\" rel=\"noopener\">Clique aqui para a Parte 4<\/a>.<\/em><\/h3>\n<p><em>Esta \u00e9 a terceira mat\u00e9ria de uma\u00a0<a href=\"http:\/\/bit.ly\/HistoriaDaVila\" target=\"_blank\" rel=\"noopener\">s\u00e9rie de sete<\/a>\u00a0que comp\u00f5e o cap\u00edtulo intitulado \u2018Nem Todos T\u00eam Um Pre\u00e7o\u2019, que conta a hist\u00f3ria de luta da Vila Aut\u00f3dromo. Escrito por Theresa Williamson, diretora executiva da\u00a0<a href=\"http:\/\/bit.ly\/1YPn1Cn\" target=\"_blank\" rel=\"noopener\">Comunidades Catalisadoras,<\/a>* o cap\u00edtulo faz parte do livro\u00a0<a href=\"http:\/\/brook.gs\/2wFH2oa\" target=\"_blank\" rel=\"noopener\">Rio 2016: Olympic Myths, Hard Realities<\/a>\u00a0(Rio 2016: Mitos Ol\u00edmpicos, Duras Realidades) organizado pelo economista\u00a0<a href=\"http:\/\/bit.ly\/2kWQoqf\" target=\"_blank\" rel=\"noopener\">Andrew Zimbalist<\/a>. Como o livro foi publicado somente em ingl\u00eas, pedimos permiss\u00e3o e agradecemos \u00e0 editora\u00a0Brookings por nos permitir publicar o cap\u00edtulo na \u00edntegra em portugu\u00eas.\u00a0Leia nossa resenha do livro\u00a0<\/em><em>Rio 2016\u00a0<a href=\"http:\/\/bit.ly\/2FdsgcC\" target=\"_blank\" rel=\"noopener\">aqui<\/a>.<\/em><\/p>\n<p><a href=\"#_ftnrefb\" name=\"_ftnb\"> <\/a><\/p>\n<p><strong>Refer\u00eancias Bibliogr\u00e1ficas<\/strong><\/p>\n<p>[1]\u00a0<span style=\"font-weight: 400;\">MENDES, Alexandre F.; COCCO, Giuseppe. A resist\u00eancia \u00e0 remo\u00e7\u00e3o de favelas no Rio de Janeiro: institui\u00e7\u00f5es do comum e resist\u00eancias urbanas &#8211; a hist\u00f3ria do N\u00facleo de Terra e Habita\u00e7\u00e3o e a luta contra a remo\u00e7\u00e3o de favelas no Rio de Janeiro (2007\u20132011). Rio de Janeiro: Editora Revan, 2016.<\/span><\/p>\n<h3><strong>V\u00eddeos Referenciados no Texto Acima<\/strong>:<iframe src=\"https:\/\/www.youtube.com\/embed\/-E_SqKhcc4A\" width=\"560\" height=\"315\" frameborder=\"0\" allowfullscreen=\"allowfullscreen\"><\/iframe><\/h3>\n<p><iframe src=\"https:\/\/www.youtube.com\/embed\/4vsjlt2xdqs\" width=\"560\" height=\"315\" frameborder=\"0\" allowfullscreen=\"allowfullscreen\"><\/iframe><\/p>\n<p><iframe src=\"https:\/\/www.youtube.com\/embed\/KEa9rSYQH60\" width=\"560\" height=\"315\" frameborder=\"0\" allowfullscreen=\"allowfullscreen\"><\/iframe><\/p>\n<p><iframe src=\"https:\/\/www.youtube.com\/embed\/QxTE2U9IlMs\" width=\"560\" height=\"315\" frameborder=\"0\" allowfullscreen=\"allowfullscreen\"><\/iframe><\/p>\n<p><iframe src=\"https:\/\/www.youtube.com\/embed\/6vI6KD41Gsw\" width=\"560\" height=\"315\" frameborder=\"0\" allowfullscreen=\"allowfullscreen\"><\/iframe><\/p>\n<p><iframe src=\"https:\/\/www.youtube.com\/embed\/JWReNfbiXXI\" width=\"560\" height=\"315\" frameborder=\"0\" allowfullscreen=\"allowfullscreen\"><\/iframe><\/p>\n<hr \/>\n<h3><em>S\u00e9rie Completa:\u00a0<a href=\"http:\/\/bit.ly\/HistoriaDaVila\" target=\"_blank\" rel=\"noopener\">Nem Todos T\u00eam Um Pre\u00e7o: Hist\u00f3ria da Luta da Vila Aut\u00f3dromo<\/a><\/em><\/h3>\n<p>Parte 1: <a href=\"http:\/\/bit.ly\/VilaNo1\" target=\"_blank\" rel=\"noopener\">(Re)Introduzindo Favelas<\/a><br \/>\nParte 2:\u00a0<a href=\"http:\/\/bit.ly\/VilaNo2\" target=\"_blank\" rel=\"noopener\">Apresentando a Vila Aut\u00f3dromo<\/a><br \/>\nParte 3:\u00a0<a href=\"http:\/\/bit.ly\/VilaNo3\" target=\"_blank\" rel=\"noopener\">A Ascen\u00e7\u00e3o da Vila Aut\u00f3dromo Como S\u00edmbolo de Resist\u00eancia Ol\u00edmpica (2010-2012)<\/a><br \/>\nParte 4:\u00a0<a href=\"http:\/\/bit.ly\/VilaNo4\" target=\"_blank\" rel=\"noopener\">Intimida\u00e7\u00e3o e Virada Crucial na Luta da Vila (2013-2014) [V\u00cdDEO]<\/a><br \/>\nParte 5:\u00a0<a href=\"http:\/\/bit.ly\/VilaNo5\" target=\"_blank\" rel=\"noopener\">Prefeitura Parte para a Desapropria\u00e7\u00e3o e Viol\u00eancia (2014-2016) [V\u00cdDEO]<\/a><br \/>\nParte 6: <a href=\"http:\/\/bit.ly\/VilaNo6\" target=\"_blank\" rel=\"noopener\">Conclus\u00e3o<\/a><a href=\"http:\/\/bit.ly\/VilaNo6\" target=\"_blank\" rel=\"noopener\">\u2014<\/a><a href=\"http:\/\/bit.ly\/VilaNo6\" target=\"_blank\" rel=\"noopener\">Vila Aut\u00f3dromo no Contexto das Remo\u00e7\u00f5es Ol\u00edmpicas do Rio<\/a><br \/>\nParte 7: <a href=\"http:\/\/bit.ly\/VilaNo7\" target=\"_blank\" rel=\"noopener\">Linha do Tempo da Vila Aut\u00f3dromo<\/a><\/p>\n<!-- AddThis Advanced Settings generic via filter on the_content --><!-- AddThis Share Buttons generic via filter on the_content -->","protected":false},"excerpt":{"rendered":"<div class=\"mh-excerpt\"><p>Click Here for English Esta \u00e9 a terceira mat\u00e9ria de uma\u00a0s\u00e9rie de sete\u00a0que comp\u00f5e o cap\u00edtulo intitulado \u2018Nem Todos T\u00eam Um Pre\u00e7o\u2019, que conta a hist\u00f3ria de luta da Vila Aut\u00f3dromo. Escrito por Theresa Williamson, <a class=\"mh-excerpt-more\" href=\"https:\/\/rioonwatch.org.br\/?p=30675\" title=\"Nem Todos T\u00eam Um Pre\u00e7o, Parte 3: A Ascens\u00e3o da Vila Aut\u00f3dromo Como S\u00edmbolo de Resist\u00eancia Ol\u00edmpica [V\u00cdDEO]\">[&#8230;]<\/a><!-- AddThis Advanced Settings generic via filter on get_the_excerpt --><!-- AddThis Share Buttons generic via filter on get_the_excerpt --><\/p>\n<\/div>","protected":false},"author":152,"featured_media":31654,"comment_status":"closed","ping_status":"closed","sticky":false,"template":"","format":"standard","meta":{"_acf_changed":false,"_monsterinsights_skip_tracking":false,"_monsterinsights_sitenote_active":false,"_monsterinsights_sitenote_note":"","_monsterinsights_sitenote_category":0,"footnotes":""},"categories":[1614,2051,1635,1621,1632,346,1612,1634,1638],"tags":[2056,321,655,274,554,589,90,484,437,128,1575,722,1240,2216,78,680,801,14,432,258,786,2289,2288,1367,2153,2193,55,441,184],"writer":[284],"translator":[2202],"source":[],"ilustrador":[],"fotografo":[],"class_list":{"0":"post-30675","1":"post","2":"type-post","3":"status-publish","4":"format-standard","5":"has-post-thumbnail","7":"category-olhonasremocoes","8":"category-olhonolegado","9":"category-1635","10":"category-destaque","11":"category-pesquisa-e-analise","12":"category-denuncias","13":"category-sociedade-civil","14":"category-traducoes","15":"category-video","16":"tag-aeis-zeis","17":"tag-asa-branca","18":"tag-associacao-de-moradores","19":"tag-barra-da-tijuca","20":"tag-cidade-de-deus","21":"tag-coi","22":"tag-defensoria-publica","23":"tag-prefeito-eduardo-paes","24":"tag-favela-do-metro","25":"tag-historia","26":"tag-ippur","27":"tag-legado","28":"tag-megaeventos","29":"tag-nuth","30":"tag-olimpiadas","31":"tag-parque-carioca","32":"tag-plano-popular","33":"tag-remocao","34":"tag-resistencia","35":"tag-smh","36":"tag-governador-sergio-cabral","37":"tag-serie","38":"tag-serie-nem-todos-tem-um-preco","39":"tag-taticas-de-remocao-dividir-para-conquistar","40":"tag-uff","41":"tag-ufrj","42":"tag-vila-autodromo","43":"tag-vila-recreio-ii","44":"tag-zona-oeste","45":"writer-theresa-williamson","46":"translator-clara-ferraz"},"acf":[],"yoast_head":"<!-- This site is optimized with the Yoast SEO plugin v25.6 - https:\/\/yoast.com\/wordpress\/plugins\/seo\/ -->\n<title>Nem Todos T\u00eam Um Pre\u00e7o, Parte 3: A Ascens\u00e3o da Vila Aut\u00f3dromo Como S\u00edmbolo de Resist\u00eancia Ol\u00edmpica [V\u00cdDEO] - RioOnWatch<\/title>\n<meta name=\"robots\" content=\"index, follow, max-snippet:-1, max-image-preview:large, max-video-preview:-1\" \/>\n<link rel=\"canonical\" href=\"https:\/\/rioonwatch.org.br\/?p=30675\" \/>\n<meta property=\"og:locale\" content=\"pt_BR\" \/>\n<meta property=\"og:type\" content=\"article\" \/>\n<meta property=\"og:title\" content=\"Nem Todos T\u00eam Um Pre\u00e7o, Parte 3: A Ascens\u00e3o da Vila Aut\u00f3dromo Como S\u00edmbolo de Resist\u00eancia Ol\u00edmpica [V\u00cdDEO] - RioOnWatch\" \/>\n<meta property=\"og:description\" content=\"Click Here for English Esta \u00e9 a terceira mat\u00e9ria de uma\u00a0s\u00e9rie de sete\u00a0que comp\u00f5e o cap\u00edtulo intitulado \u2018Nem Todos T\u00eam Um Pre\u00e7o\u2019, que conta a hist\u00f3ria de luta da Vila Aut\u00f3dromo. Escrito por Theresa Williamson, [...]\" \/>\n<meta property=\"og:url\" content=\"https:\/\/rioonwatch.org.br\/?p=30675\" \/>\n<meta property=\"og:site_name\" content=\"RioOnWatch\" \/>\n<meta property=\"article:published_time\" content=\"2018-03-12T13:21:02+00:00\" \/>\n<meta property=\"article:modified_time\" content=\"2024-06-20T19:24:06+00:00\" \/>\n<meta property=\"og:image\" content=\"https:\/\/rioonwatch.org.br\/wp-content\/uploads\/2018\/03\/Placas-na-entrada-da-Vila-Autodromo-2000x1500.jpg\" \/>\n\t<meta property=\"og:image:width\" content=\"2000\" \/>\n\t<meta property=\"og:image:height\" content=\"1500\" \/>\n\t<meta property=\"og:image:type\" content=\"image\/jpeg\" \/>\n<meta name=\"author\" content=\"Luisa Fenizola\" \/>\n<meta name=\"twitter:card\" content=\"summary_large_image\" \/>\n<meta name=\"twitter:label1\" content=\"Escrito por\" \/>\n\t<meta name=\"twitter:data1\" content=\"Luisa Fenizola\" \/>\n\t<meta name=\"twitter:label2\" content=\"Est. tempo de leitura\" \/>\n\t<meta name=\"twitter:data2\" content=\"14 minutos\" \/>\n<script type=\"application\/ld+json\" class=\"yoast-schema-graph\">{\"@context\":\"https:\/\/schema.org\",\"@graph\":[{\"@type\":\"Article\",\"@id\":\"https:\/\/rioonwatch.org.br\/?p=30675#article\",\"isPartOf\":{\"@id\":\"https:\/\/rioonwatch.org.br\/?p=30675\"},\"author\":{\"name\":\"Luisa Fenizola\",\"@id\":\"https:\/\/rioonwatch.org.br\/#\/schema\/person\/f443c6b55bb6e80842280318076491c5\"},\"headline\":\"Nem Todos T\u00eam Um Pre\u00e7o, Parte 3: A Ascens\u00e3o da Vila Aut\u00f3dromo Como S\u00edmbolo de Resist\u00eancia Ol\u00edmpica [V\u00cdDEO]\",\"datePublished\":\"2018-03-12T13:21:02+00:00\",\"dateModified\":\"2024-06-20T19:24:06+00:00\",\"mainEntityOfPage\":{\"@id\":\"https:\/\/rioonwatch.org.br\/?p=30675\"},\"wordCount\":2809,\"publisher\":{\"@id\":\"https:\/\/rioonwatch.org.br\/#organization\"},\"image\":{\"@id\":\"https:\/\/rioonwatch.org.br\/?p=30675#primaryimage\"},\"thumbnailUrl\":\"https:\/\/rioonwatch.org.br\/wp-content\/uploads\/2018\/03\/Placas-na-entrada-da-Vila-Autodromo.jpg\",\"keywords\":[\"AEIS \/ ZEIS\",\"Asa Branca\",\"Associa\u00e7\u00e3o de Moradores\",\"Barra da Tijuca\",\"Cidade de Deus\",\"COI\",\"Defensoria P\u00fablica\",\"Eduardo Paes\",\"Favela do Metr\u00f4\",\"hist\u00f3ria\",\"IPPUR\",\"Legado Ol\u00edmpico\",\"Megaeventos\",\"NUTH\",\"Olimp\u00edadas\",\"Parque Carioca\",\"Plano Popular\",\"Remo\u00e7\u00e3o\",\"resist\u00eancia\",\"Secretaria Municipal de Habita\u00e7\u00e3o (SMH)\",\"S\u00e9rgio Cabral\",\"S\u00e9rie\",\"S\u00e9rie: Nem Todos T\u00eam Um Pre\u00e7o\",\"T\u00e1ticas de remo\u00e7\u00e3o: dividir para conquistar\",\"UFF\",\"UFRJ\",\"Vila Aut\u00f3dromo\",\"Vila Recreio II\",\"Zona Oeste\"],\"articleSection\":[\"#OlhoNasRemo\u00e7\u00f5es\",\"#OlhoNoLegado\",\"#Rio2016\",\"*Destaque\",\"Dados e Pesquisa\",\"Den\u00fancias\",\"Sociedade Civil\",\"Traduzidas do Ingl\u00eas\",\"V\u00eddeo\"],\"inLanguage\":\"pt-BR\"},{\"@type\":\"WebPage\",\"@id\":\"https:\/\/rioonwatch.org.br\/?p=30675\",\"url\":\"https:\/\/rioonwatch.org.br\/?p=30675\",\"name\":\"Nem Todos T\u00eam Um Pre\u00e7o, Parte 3: A Ascens\u00e3o da Vila Aut\u00f3dromo Como S\u00edmbolo de Resist\u00eancia Ol\u00edmpica [V\u00cdDEO] - RioOnWatch\",\"isPartOf\":{\"@id\":\"https:\/\/rioonwatch.org.br\/#website\"},\"primaryImageOfPage\":{\"@id\":\"https:\/\/rioonwatch.org.br\/?p=30675#primaryimage\"},\"image\":{\"@id\":\"https:\/\/rioonwatch.org.br\/?p=30675#primaryimage\"},\"thumbnailUrl\":\"https:\/\/rioonwatch.org.br\/wp-content\/uploads\/2018\/03\/Placas-na-entrada-da-Vila-Autodromo.jpg\",\"datePublished\":\"2018-03-12T13:21:02+00:00\",\"dateModified\":\"2024-06-20T19:24:06+00:00\",\"breadcrumb\":{\"@id\":\"https:\/\/rioonwatch.org.br\/?p=30675#breadcrumb\"},\"inLanguage\":\"pt-BR\",\"potentialAction\":[{\"@type\":\"ReadAction\",\"target\":[\"https:\/\/rioonwatch.org.br\/?p=30675\"]}]},{\"@type\":\"ImageObject\",\"inLanguage\":\"pt-BR\",\"@id\":\"https:\/\/rioonwatch.org.br\/?p=30675#primaryimage\",\"url\":\"https:\/\/rioonwatch.org.br\/wp-content\/uploads\/2018\/03\/Placas-na-entrada-da-Vila-Autodromo.jpg\",\"contentUrl\":\"https:\/\/rioonwatch.org.br\/wp-content\/uploads\/2018\/03\/Placas-na-entrada-da-Vila-Autodromo.jpg\",\"width\":2048,\"height\":1536},{\"@type\":\"BreadcrumbList\",\"@id\":\"https:\/\/rioonwatch.org.br\/?p=30675#breadcrumb\",\"itemListElement\":[{\"@type\":\"ListItem\",\"position\":1,\"name\":\"In\u00edcio\",\"item\":\"https:\/\/rioonwatch.org.br\/\"},{\"@type\":\"ListItem\",\"position\":2,\"name\":\"Nem Todos T\u00eam Um Pre\u00e7o, Parte 3: A Ascens\u00e3o da Vila Aut\u00f3dromo Como S\u00edmbolo de Resist\u00eancia Ol\u00edmpica [V\u00cdDEO]\"}]},{\"@type\":\"WebSite\",\"@id\":\"https:\/\/rioonwatch.org.br\/#website\",\"url\":\"https:\/\/rioonwatch.org.br\/\",\"name\":\"RioOnWatch\",\"description\":\"relatos das favelas cariocas\",\"publisher\":{\"@id\":\"https:\/\/rioonwatch.org.br\/#organization\"},\"potentialAction\":[{\"@type\":\"SearchAction\",\"target\":{\"@type\":\"EntryPoint\",\"urlTemplate\":\"https:\/\/rioonwatch.org.br\/?s={search_term_string}\"},\"query-input\":{\"@type\":\"PropertyValueSpecification\",\"valueRequired\":true,\"valueName\":\"search_term_string\"}}],\"inLanguage\":\"pt-BR\"},{\"@type\":\"Organization\",\"@id\":\"https:\/\/rioonwatch.org.br\/#organization\",\"name\":\"RioOnWatch\",\"url\":\"https:\/\/rioonwatch.org.br\/\",\"logo\":{\"@type\":\"ImageObject\",\"inLanguage\":\"pt-BR\",\"@id\":\"https:\/\/rioonwatch.org.br\/#\/schema\/logo\/image\/\",\"url\":\"https:\/\/rioonwatch.org.br\/wp-content\/uploads\/2021\/06\/RioOnWatchcabecalhoPT11anos-2.png\",\"contentUrl\":\"https:\/\/rioonwatch.org.br\/wp-content\/uploads\/2021\/06\/RioOnWatchcabecalhoPT11anos-2.png\",\"width\":779,\"height\":277,\"caption\":\"RioOnWatch\"},\"image\":{\"@id\":\"https:\/\/rioonwatch.org.br\/#\/schema\/logo\/image\/\"}},{\"@type\":\"Person\",\"@id\":\"https:\/\/rioonwatch.org.br\/#\/schema\/person\/f443c6b55bb6e80842280318076491c5\",\"name\":\"Luisa Fenizola\",\"image\":{\"@type\":\"ImageObject\",\"inLanguage\":\"pt-BR\",\"@id\":\"https:\/\/rioonwatch.org.br\/#\/schema\/person\/image\/\",\"url\":\"https:\/\/secure.gravatar.com\/avatar\/a3d551110162b9f876cbbdaaecf75663?s=96&d=blank&r=g\",\"contentUrl\":\"https:\/\/secure.gravatar.com\/avatar\/a3d551110162b9f876cbbdaaecf75663?s=96&d=blank&r=g\",\"caption\":\"Luisa Fenizola\"},\"url\":\"https:\/\/rioonwatch.org.br\/?author=152\"}]}<\/script>\n<!-- \/ Yoast SEO plugin. -->","yoast_head_json":{"title":"Nem Todos T\u00eam Um Pre\u00e7o, Parte 3: A Ascens\u00e3o da Vila Aut\u00f3dromo Como S\u00edmbolo de Resist\u00eancia Ol\u00edmpica [V\u00cdDEO] - RioOnWatch","robots":{"index":"index","follow":"follow","max-snippet":"max-snippet:-1","max-image-preview":"max-image-preview:large","max-video-preview":"max-video-preview:-1"},"canonical":"https:\/\/rioonwatch.org.br\/?p=30675","og_locale":"pt_BR","og_type":"article","og_title":"Nem Todos T\u00eam Um Pre\u00e7o, Parte 3: A Ascens\u00e3o da Vila Aut\u00f3dromo Como S\u00edmbolo de Resist\u00eancia Ol\u00edmpica [V\u00cdDEO] - RioOnWatch","og_description":"Click Here for English Esta \u00e9 a terceira mat\u00e9ria de uma\u00a0s\u00e9rie de sete\u00a0que comp\u00f5e o cap\u00edtulo intitulado \u2018Nem Todos T\u00eam Um Pre\u00e7o\u2019, que conta a hist\u00f3ria de luta da Vila Aut\u00f3dromo. Escrito por Theresa Williamson, [...]","og_url":"https:\/\/rioonwatch.org.br\/?p=30675","og_site_name":"RioOnWatch","article_published_time":"2018-03-12T13:21:02+00:00","article_modified_time":"2024-06-20T19:24:06+00:00","og_image":[{"width":2000,"height":1500,"url":"https:\/\/rioonwatch.org.br\/wp-content\/uploads\/2018\/03\/Placas-na-entrada-da-Vila-Autodromo-2000x1500.jpg","type":"image\/jpeg"}],"author":"Luisa Fenizola","twitter_card":"summary_large_image","twitter_misc":{"Escrito por":"Luisa Fenizola","Est. tempo de leitura":"14 minutos"},"schema":{"@context":"https:\/\/schema.org","@graph":[{"@type":"Article","@id":"https:\/\/rioonwatch.org.br\/?p=30675#article","isPartOf":{"@id":"https:\/\/rioonwatch.org.br\/?p=30675"},"author":{"name":"Luisa Fenizola","@id":"https:\/\/rioonwatch.org.br\/#\/schema\/person\/f443c6b55bb6e80842280318076491c5"},"headline":"Nem Todos T\u00eam Um Pre\u00e7o, Parte 3: A Ascens\u00e3o da Vila Aut\u00f3dromo Como S\u00edmbolo de Resist\u00eancia Ol\u00edmpica [V\u00cdDEO]","datePublished":"2018-03-12T13:21:02+00:00","dateModified":"2024-06-20T19:24:06+00:00","mainEntityOfPage":{"@id":"https:\/\/rioonwatch.org.br\/?p=30675"},"wordCount":2809,"publisher":{"@id":"https:\/\/rioonwatch.org.br\/#organization"},"image":{"@id":"https:\/\/rioonwatch.org.br\/?p=30675#primaryimage"},"thumbnailUrl":"https:\/\/rioonwatch.org.br\/wp-content\/uploads\/2018\/03\/Placas-na-entrada-da-Vila-Autodromo.jpg","keywords":["AEIS \/ ZEIS","Asa Branca","Associa\u00e7\u00e3o de Moradores","Barra da Tijuca","Cidade de Deus","COI","Defensoria P\u00fablica","Eduardo Paes","Favela do Metr\u00f4","hist\u00f3ria","IPPUR","Legado Ol\u00edmpico","Megaeventos","NUTH","Olimp\u00edadas","Parque Carioca","Plano Popular","Remo\u00e7\u00e3o","resist\u00eancia","Secretaria Municipal de Habita\u00e7\u00e3o (SMH)","S\u00e9rgio Cabral","S\u00e9rie","S\u00e9rie: Nem Todos T\u00eam Um Pre\u00e7o","T\u00e1ticas de remo\u00e7\u00e3o: dividir para conquistar","UFF","UFRJ","Vila Aut\u00f3dromo","Vila Recreio II","Zona Oeste"],"articleSection":["#OlhoNasRemo\u00e7\u00f5es","#OlhoNoLegado","#Rio2016","*Destaque","Dados e Pesquisa","Den\u00fancias","Sociedade Civil","Traduzidas do Ingl\u00eas","V\u00eddeo"],"inLanguage":"pt-BR"},{"@type":"WebPage","@id":"https:\/\/rioonwatch.org.br\/?p=30675","url":"https:\/\/rioonwatch.org.br\/?p=30675","name":"Nem Todos T\u00eam Um Pre\u00e7o, Parte 3: A Ascens\u00e3o da Vila Aut\u00f3dromo Como S\u00edmbolo de Resist\u00eancia Ol\u00edmpica [V\u00cdDEO] - RioOnWatch","isPartOf":{"@id":"https:\/\/rioonwatch.org.br\/#website"},"primaryImageOfPage":{"@id":"https:\/\/rioonwatch.org.br\/?p=30675#primaryimage"},"image":{"@id":"https:\/\/rioonwatch.org.br\/?p=30675#primaryimage"},"thumbnailUrl":"https:\/\/rioonwatch.org.br\/wp-content\/uploads\/2018\/03\/Placas-na-entrada-da-Vila-Autodromo.jpg","datePublished":"2018-03-12T13:21:02+00:00","dateModified":"2024-06-20T19:24:06+00:00","breadcrumb":{"@id":"https:\/\/rioonwatch.org.br\/?p=30675#breadcrumb"},"inLanguage":"pt-BR","potentialAction":[{"@type":"ReadAction","target":["https:\/\/rioonwatch.org.br\/?p=30675"]}]},{"@type":"ImageObject","inLanguage":"pt-BR","@id":"https:\/\/rioonwatch.org.br\/?p=30675#primaryimage","url":"https:\/\/rioonwatch.org.br\/wp-content\/uploads\/2018\/03\/Placas-na-entrada-da-Vila-Autodromo.jpg","contentUrl":"https:\/\/rioonwatch.org.br\/wp-content\/uploads\/2018\/03\/Placas-na-entrada-da-Vila-Autodromo.jpg","width":2048,"height":1536},{"@type":"BreadcrumbList","@id":"https:\/\/rioonwatch.org.br\/?p=30675#breadcrumb","itemListElement":[{"@type":"ListItem","position":1,"name":"In\u00edcio","item":"https:\/\/rioonwatch.org.br\/"},{"@type":"ListItem","position":2,"name":"Nem Todos T\u00eam Um Pre\u00e7o, Parte 3: A Ascens\u00e3o da Vila Aut\u00f3dromo Como S\u00edmbolo de Resist\u00eancia Ol\u00edmpica [V\u00cdDEO]"}]},{"@type":"WebSite","@id":"https:\/\/rioonwatch.org.br\/#website","url":"https:\/\/rioonwatch.org.br\/","name":"RioOnWatch","description":"relatos das favelas cariocas","publisher":{"@id":"https:\/\/rioonwatch.org.br\/#organization"},"potentialAction":[{"@type":"SearchAction","target":{"@type":"EntryPoint","urlTemplate":"https:\/\/rioonwatch.org.br\/?s={search_term_string}"},"query-input":{"@type":"PropertyValueSpecification","valueRequired":true,"valueName":"search_term_string"}}],"inLanguage":"pt-BR"},{"@type":"Organization","@id":"https:\/\/rioonwatch.org.br\/#organization","name":"RioOnWatch","url":"https:\/\/rioonwatch.org.br\/","logo":{"@type":"ImageObject","inLanguage":"pt-BR","@id":"https:\/\/rioonwatch.org.br\/#\/schema\/logo\/image\/","url":"https:\/\/rioonwatch.org.br\/wp-content\/uploads\/2021\/06\/RioOnWatchcabecalhoPT11anos-2.png","contentUrl":"https:\/\/rioonwatch.org.br\/wp-content\/uploads\/2021\/06\/RioOnWatchcabecalhoPT11anos-2.png","width":779,"height":277,"caption":"RioOnWatch"},"image":{"@id":"https:\/\/rioonwatch.org.br\/#\/schema\/logo\/image\/"}},{"@type":"Person","@id":"https:\/\/rioonwatch.org.br\/#\/schema\/person\/f443c6b55bb6e80842280318076491c5","name":"Luisa Fenizola","image":{"@type":"ImageObject","inLanguage":"pt-BR","@id":"https:\/\/rioonwatch.org.br\/#\/schema\/person\/image\/","url":"https:\/\/secure.gravatar.com\/avatar\/a3d551110162b9f876cbbdaaecf75663?s=96&d=blank&r=g","contentUrl":"https:\/\/secure.gravatar.com\/avatar\/a3d551110162b9f876cbbdaaecf75663?s=96&d=blank&r=g","caption":"Luisa Fenizola"},"url":"https:\/\/rioonwatch.org.br\/?author=152"}]}},"_links":{"self":[{"href":"https:\/\/rioonwatch.org.br\/index.php?rest_route=\/wp\/v2\/posts\/30675"}],"collection":[{"href":"https:\/\/rioonwatch.org.br\/index.php?rest_route=\/wp\/v2\/posts"}],"about":[{"href":"https:\/\/rioonwatch.org.br\/index.php?rest_route=\/wp\/v2\/types\/post"}],"author":[{"embeddable":true,"href":"https:\/\/rioonwatch.org.br\/index.php?rest_route=\/wp\/v2\/users\/152"}],"replies":[{"embeddable":true,"href":"https:\/\/rioonwatch.org.br\/index.php?rest_route=%2Fwp%2Fv2%2Fcomments&post=30675"}],"version-history":[{"count":30,"href":"https:\/\/rioonwatch.org.br\/index.php?rest_route=\/wp\/v2\/posts\/30675\/revisions"}],"predecessor-version":[{"id":36203,"href":"https:\/\/rioonwatch.org.br\/index.php?rest_route=\/wp\/v2\/posts\/30675\/revisions\/36203"}],"wp:featuredmedia":[{"embeddable":true,"href":"https:\/\/rioonwatch.org.br\/index.php?rest_route=\/wp\/v2\/media\/31654"}],"wp:attachment":[{"href":"https:\/\/rioonwatch.org.br\/index.php?rest_route=%2Fwp%2Fv2%2Fmedia&parent=30675"}],"wp:term":[{"taxonomy":"category","embeddable":true,"href":"https:\/\/rioonwatch.org.br\/index.php?rest_route=%2Fwp%2Fv2%2Fcategories&post=30675"},{"taxonomy":"post_tag","embeddable":true,"href":"https:\/\/rioonwatch.org.br\/index.php?rest_route=%2Fwp%2Fv2%2Ftags&post=30675"},{"taxonomy":"writer","embeddable":true,"href":"https:\/\/rioonwatch.org.br\/index.php?rest_route=%2Fwp%2Fv2%2Fwriter&post=30675"},{"taxonomy":"translator","embeddable":true,"href":"https:\/\/rioonwatch.org.br\/index.php?rest_route=%2Fwp%2Fv2%2Ftranslator&post=30675"},{"taxonomy":"source","embeddable":true,"href":"https:\/\/rioonwatch.org.br\/index.php?rest_route=%2Fwp%2Fv2%2Fsource&post=30675"},{"taxonomy":"ilustrador","embeddable":true,"href":"https:\/\/rioonwatch.org.br\/index.php?rest_route=%2Fwp%2Fv2%2Filustrador&post=30675"},{"taxonomy":"fotografo","embeddable":true,"href":"https:\/\/rioonwatch.org.br\/index.php?rest_route=%2Fwp%2Fv2%2Ffotografo&post=30675"}],"curies":[{"name":"wp","href":"https:\/\/api.w.org\/{rel}","templated":true}]}}