{"id":30699,"date":"2018-03-26T03:00:02","date_gmt":"2018-03-26T06:00:02","guid":{"rendered":"http:\/\/rioonwatch.org.br\/?p=30699"},"modified":"2026-04-14T10:00:49","modified_gmt":"2026-04-14T13:00:49","slug":"nem-todos-tem-um-preco-parte-4-a-ascensao-da-vila-autodromo-como-simbolo-video","status":"publish","type":"post","link":"https:\/\/rioonwatch.org.br\/?p=30699","title":{"rendered":"Nem Todos T\u00eam Um Pre\u00e7o, Parte 4: Intimida\u00e7\u00e3o e Virada Crucial na Luta da Vila [V\u00cdDEO]"},"content":{"rendered":"<p style=\"text-align: right;\"><em><strong><a href=\"http:\/\/bit.ly\/2wmMcpr\" target=\"_blank\" rel=\"noopener noreferrer\">Click Here for English<img decoding=\"async\" width=\"20\" height=\"20\" class=\"alignright wp-image-15790\" src=\"http:\/\/rioonwatch.org.br\/wp-content\/uploads\/2012\/08\/EN-standard-e1439583104716.jpg\" \/><\/a><\/strong><\/em><\/p>\n<p><em>Esta \u00e9 a quarta mat\u00e9ria de uma\u00a0<a href=\"http:\/\/bit.ly\/HistoriaDaVila\" target=\"_blank\" rel=\"noopener\">s\u00e9rie de sete<\/a>\u00a0que comp\u00f5e o cap\u00edtulo intitulado \u2018Nem Todos T\u00eam Um Pre\u00e7o\u2019, que conta a hist\u00f3ria de luta da Vila Aut\u00f3dromo. Escrito por Theresa Williamson, diretora executiva da\u00a0<a href=\"http:\/\/bit.ly\/1YPn1Cn\" target=\"_blank\" rel=\"noopener\">Comunidades Catalisadoras,<\/a>* o cap\u00edtulo faz parte do livro\u00a0<a href=\"http:\/\/brook.gs\/2wFH2oa\" target=\"_blank\" rel=\"noopener\">Rio 2016: Olympic Myths, Hard Realities<\/a>\u00a0(Rio 2016: Mitos Ol\u00edmpicos, Duras Realidades) organizado pelo economista\u00a0<a href=\"http:\/\/bit.ly\/2kWQoqf\" target=\"_blank\" rel=\"noopener\">Andrew Zimbalist<\/a>. Como o livro foi publicado somente em ingl\u00eas, pedimos permiss\u00e3o e agradecemos \u00e0 editora\u00a0Brookings por nos permitir publicar o cap\u00edtulo na \u00edntegra em portugu\u00eas.\u00a0Leia nossa resenha do livro\u00a0<\/em><em>Rio 2016\u00a0<a href=\"http:\/\/bit.ly\/2FdsgcC\" target=\"_blank\" rel=\"noopener\">aqui<\/a>.<\/em><\/p>\n<p><span style=\"font-weight: 400;\">At\u00e9 o final de 2012 todos os ingredientes estavam reunidos para o que se passaria ao longo do crucial ano por vir. A resist\u00eancia da <a href=\"http:\/\/bit.ly\/Nfddvg\" target=\"_blank\" rel=\"noopener\">Vila Aut\u00f3dromo<\/a>, com bases s\u00f3lidas, seguiu crescendo no in\u00edcio de 2013. O convincente <a href=\"http:\/\/bit.ly\/2CY414d\" target=\"_blank\" rel=\"noopener\">Plano Popular<\/a> estava sendo distribu\u00eddo, uma forte rede de l\u00edderes comunit\u00e1rios se reunia e se mobilizava, uma diversa gama de parceiros se engajava, a m\u00eddia global come\u00e7ava a prestar aten\u00e7\u00e3o e a batalha judicial da comunidade seguia resolutamente sem solu\u00e7\u00e3o. Legalmente, o prefeito n\u00e3o poderia remover a comunidade sem consentimento ou justificativa para a desapropria\u00e7\u00e3o. E dada a visibilidade e a mobiliza\u00e7\u00e3o da comunidade, uma remo\u00e7\u00e3o rel\u00e2mpago estava, cada vez mais, fora de quest\u00e3o politicamente.<\/span><\/p>\n<p><span style=\"font-weight: 400;\">Em abril de 2013, o professor de planejamento urbano <a href=\"http:\/\/bit.ly\/2ATleGf\" target=\"_blank\" rel=\"noopener\">Lawrence Vale<\/a> do <a href=\"http:\/\/bit.ly\/1jgwx1A\" target=\"_blank\" rel=\"noopener\">Instituto de Tecnologia de Massachusetts<\/a> (Massachusetts Institute of Technology<\/span> <span style=\"font-weight: 400;\">ou MIT) publicou o primeiro sum\u00e1rio extenso da luta da Vila Aut\u00f3dromo, comparando-a com o que ocorreu nas Olimp\u00edadas de Atlanta, na publica\u00e7\u00e3o <\/span><i><span style=\"font-weight: 400;\">Places, The Design Observer. Intitulada\u00a0\u201c<a href=\"http:\/\/bit.ly\/1xC6Z6s\" target=\"_blank\" rel=\"noopener\" data-saferedirecturl=\"https:\/\/www.google.com\/url?hl=pt-BR&amp;q=http:\/\/bit.ly\/1xC6Z6s&amp;source=gmail&amp;ust=1516914009046000&amp;usg=AFQjCNHPUmGm0UawfYMWvG_fUCiwQ6UVlQ\">O Decatlo das Remo\u00e7\u00f5es: Desafios Ol\u00edmpicos para encontrar im\u00f3veis a pre\u00e7os acess\u00edveis \u2014 de Atlanta ao Rio de Janeiro<\/a>&#8220;<\/span><\/i><span style=\"font-weight: 400;\">, a publica\u00e7\u00e3o da mat\u00e9ria deixou claro o alcance internacional e a reputa\u00e7\u00e3o da resist\u00eancia da Vila Aut\u00f3dromo.<\/span><span style=\"font-weight: 400;\">\u00a0Nesse mesmo m\u00eas, a Vila Aut\u00f3dromo fez sua comovente argumenta\u00e7\u00e3o no canal australiano\u00a0<\/span><i><span style=\"font-weight: 400;\">Special Broadcasting Service<\/span><\/i><span style=\"font-weight: 400;\"> (SBS) a partir do curto document\u00e1rio \u201c<\/span><a href=\"http:\/\/bit.ly\/2nAkpf0\" target=\"_blank\" rel=\"noopener\"><i><span style=\"font-weight: 400;\">Reshaping Rio<\/span><\/i><\/a><span style=\"font-weight: 400;\">\u201d (&#8220;Remodelando o Rio&#8221;).<\/span><\/p>\n<p><span style=\"font-weight: 400;\">A essa altura, o prefeito de uma cidade em uma democracia avan\u00e7ada possivelmente pararia e negociaria coletivamente ou reconheceria o estrago pol\u00edtico que poderia ser causado com a insist\u00eancia na remo\u00e7\u00e3o de uma comunidade pequena e amplamente apoiada como essa, e mudaria de estrat\u00e9gia. Mas no Rio, o Prefeito <a href=\"http:\/\/bit.ly\/1k4eA6c\" target=\"_blank\" rel=\"noopener\">Eduardo Paes<\/a> se firmou na sua abordagem, obviamente dedicado \u00e0s demandas, por tr\u00e1s dos panos, de magnatas do mercado imobili\u00e1rio respons\u00e1veis pela constru\u00e7\u00e3o do Parque Ol\u00edmpico que seriam os benefici\u00e1rios finais dessa remo\u00e7\u00e3o.<\/span><\/p>\n<p><a href=\"http:\/\/rioonwatch.org.br\/wp-content\/uploads\/2018\/01\/prefeiturapressiona.jpg\"><img fetchpriority=\"high\" decoding=\"async\" class=\"aligncenter wp-image-30704 size-content\" title=\"Agentes da prefeitura pressionam moradores.\" src=\"http:\/\/rioonwatch.org.br\/wp-content\/uploads\/2018\/01\/prefeiturapressiona-620x264.jpg\" alt=\"\" width=\"620\" height=\"264\" srcset=\"https:\/\/rioonwatch.org.br\/wp-content\/uploads\/2018\/01\/prefeiturapressiona-620x264.jpg 620w, https:\/\/rioonwatch.org.br\/wp-content\/uploads\/2018\/01\/prefeiturapressiona-940x400.jpg 940w\" sizes=\"(max-width: 620px) 100vw, 620px\" \/><\/a><\/p>\n<p><span style=\"font-weight: 400;\">O que havia se iniciado no final de 2011 s\u00f3 se intensificou at\u00e9 os primeiros meses de 2013, quando a Secretaria Municipal de Habita\u00e7\u00e3o expandiu, de porta em porta, a press\u00e3o sobre a comunidade.\u00a0<\/span><span style=\"font-weight: 400;\">Funcion\u00e1rios da <a href=\"http:\/\/bit.ly\/2pFU8Pr\" target=\"_blank\" rel=\"noopener\">prefeitura usaram diversos meios para preencherem formul\u00e1rios<\/a> em que listavam tudo, desde nomes e endere\u00e7os dos moradores ao grau de interesse no reassentamento e o qu\u00e3o grandes eram suas casas. Alguns moradores <a href=\"http:\/\/bit.ly\/13xbIXo\" target=\"_blank\" rel=\"noopener\">relataram terem se recusado a falar<\/a> com esses funcion\u00e1rios, enquanto outros disseram que <a href=\"http:\/\/bit.ly\/2Dl3aYl\" target=\"_blank\" rel=\"noopener\">parentes passaram informa\u00e7\u00f5es sem perceber<\/a> o que estava em jogo ou at\u00e9 que responderam por medo de serem deixados de fora de uma eventual realoca\u00e7\u00e3o for\u00e7ada.<\/span><\/p>\n<p><span style=\"font-weight: 400;\">O prop\u00f3sito desse processo de coleta de dados extenso e altamente duvidoso, ficou claro, em 1 de julho de 2013 no <a href=\"http:\/\/bit.ly\/2Dj1mSp\" target=\"_blank\" rel=\"noopener\">OsteRio<\/a>, uma s\u00e9rie de debates exclusivos promovidos pelo <a href=\"http:\/\/bit.ly\/2mD7JX4\" target=\"_blank\" rel=\"noopener\">Instituto de Estudos de Trabalho e Sociedade<\/a> (IETS), um respeitado centro carioca de estudos sobre trabalho e economia urbana. No evento, o prefeito anunciou para um p\u00fablico de uns sessenta executivos, jornalistas, pesquisadores e ONGs que 70% dos moradores da Vila Aut\u00f3dromo queriam sair de l\u00e1. A inclus\u00e3o de seus nomes aos formul\u00e1rios de pesquisa, independente de suas raz\u00f5es para tal, foi usada como declara\u00e7\u00e3o da disposi\u00e7\u00e3o dos moradores para, ou at\u00e9 mesmo desejo de reassentamento, segundo a declara\u00e7\u00e3o do prefeito.<\/span><\/p>\n<p><span style=\"font-weight: 400;\">Moradores da Vila Aut\u00f3dromo reagiram <a href=\"http:\/\/bit.ly\/13e0FNm\" target=\"_blank\" rel=\"noopener\">organizando um grande protesto<\/a> em 20 de julho de 2013.<\/span><span style=\"font-weight: 400;\">\u00a0Em seguida, as narrativas concorrentes estavam prestes a entrar em choque quando, no in\u00edcio de agosto, o Prefeito Eduardo Paes convocou uma reuni\u00e3o com os l\u00edderes da Vila Aut\u00f3dromo, os secret\u00e1rios municipais de meio ambiente e de habita\u00e7\u00e3o, os subprefeitos da <a href=\"http:\/\/bit.ly\/19BBUhf\" target=\"_blank\" rel=\"noopener\">Barra da Tijuca<\/a> e de <a href=\"http:\/\/bit.ly\/1HgPTzq\" target=\"_blank\" rel=\"noopener\">Jacarepagu\u00e1<\/a>, um representante da Empresa Ol\u00edmpica Municipal e o procurador geral do munic\u00edpio.<\/span><\/p>\n<p><a href=\"http:\/\/rioonwatch.org.br\/wp-content\/uploads\/2018\/01\/protestoVA.jpg\"><img decoding=\"async\" class=\"aligncenter wp-image-30703 size-content\" title=\"Protesto de moradores e apoiadores em frente ao Parque Carioca.\" src=\"http:\/\/rioonwatch.org.br\/wp-content\/uploads\/2018\/01\/protestoVA-620x264.jpg\" alt=\"\" width=\"620\" height=\"264\" \/><\/a><\/p>\n<p><span style=\"font-weight: 400;\">Na reuni\u00e3o de 9 de agosto de 2013, a Vila Aut\u00f3dromo estava representada por uma s\u00e9rie de l\u00edderes comunit\u00e1rios e moradores, defensores p\u00fablicos, a <a href=\"http:\/\/bit.ly\/2k3wxsa\" target=\"_blank\" rel=\"noopener\">Pastoral das Favelas<\/a> e parceiros t\u00e9cnicos da <a href=\"http:\/\/bit.ly\/2AImSvj\" target=\"_blank\" rel=\"noopener\">UFRJ<\/a> e da <a href=\"http:\/\/bit.ly\/2tPZTig\" target=\"_blank\" rel=\"noopener\">UFF<\/a> que auxiliaram na cria\u00e7\u00e3o do Plano Popular. Os l\u00edderes sa\u00edram da reuni\u00e3o <a href=\"http:\/\/bit.ly\/1d6tAuf\" target=\"_blank\" rel=\"noopener\">esperan\u00e7osos, se sentindo vitoriosos<\/a>, ap\u00f3s o prefeito admitir publicamente os erros no tratamento \u00e0 comunidade e concordar em abrir uma rodada de negocia\u00e7\u00f5es coletivas para urbanizar e garantir &#8220;a perman\u00eancia da Vila Aut\u00f3dromo&#8221;, afirmando que eventuais casos de reassentamento seriam realizados somente &#8220;na pr\u00f3pria \u00e1rea, caso o morador assim o deseje<\/span><i><span style=\"font-weight: 400;\">\u201d.<\/span><\/i><\/p>\n<p><span style=\"font-weight: 400;\">Ao longo do m\u00eas, e no in\u00edcio de setembro, um grupo de trabalho composto por moradores e seus assessores t\u00e9cnicos universit\u00e1rios trabalharam com o secret\u00e1rio de meio ambiente, o secret\u00e1rio de habita\u00e7\u00e3o e arquitetos municipais em uma s\u00e9rie de reuni\u00f5es semanais para encontrar um plano de urbaniza\u00e7\u00e3o com que todos concordassem. O grupo de trabalho da Vila Aut\u00f3dromo foi claro em seu compromisso de n\u00e3o permitir remo\u00e7\u00f5es e utilizou o Plano Popular elaborado coletivamente como base para a negocia\u00e7\u00e3o. Autoridades municipais, por\u00e9m, foram a essas reuni\u00f5es com planos completamente diferentes, que requereriam remo\u00e7\u00f5es significativas, dos quais n\u00e3o abriam m\u00e3o. Eles se recusavam a falar de outros detalhes sem que os outros concordassem com algumas remo\u00e7\u00f5es. Em consequ\u00eancia, os l\u00edderes comunit\u00e1rios n\u00e3o negociaram mais. Eles conheciam a t\u00e1tica da prefeitura bastante comum em outras comunidades de <a href=\"http:\/\/bit.ly\/13e0FNm\" target=\"_blank\" rel=\"noopener\">usar remo\u00e7\u00f5es dispersas para iniciar remo\u00e7\u00f5es mais amplas<\/a>.<\/span><span style=\"font-weight: 400;\">\u00a0Nesses casos, a demoli\u00e7\u00e3o de algumas casas resultava num efeito domin\u00f3 em que moradores assustados desistiam um por um e comunidades inteiras, por fim, se desmantelavam. Partindo de posi\u00e7\u00f5es t\u00e3o divergentes, as reuni\u00f5es se tornaram inconsequentes, e em meados de setembro ficou claro para membros da comunidade que o prefeito havia feito suas declara\u00e7\u00f5es p\u00fablicas de m\u00e1 f\u00e9, &#8220;<a href=\"http:\/\/bit.ly\/1FM0mN6\" target=\"_blank\" rel=\"noopener\">para ingl\u00eas ver<\/a>&#8220;.<a href=\"#_ftn1\" name=\"_ftnref1\"><sup>[a]<\/sup><\/a><\/span><\/p>\n<p><span style=\"font-weight: 400;\">Dentro de duas semanas do encerramento das negocia\u00e7\u00f5es, aproximadamente cem moradores da Vila Aut\u00f3dromo receberam um convite do prefeito para uma reuni\u00e3o fechada a ser realizada ali perto, no centro de conven\u00e7\u00f5es RioCentro, em 6 de outubro de 2013. Esses cem moradores decididamente n\u00e3o eram os moradores eleitos para representar a comunidade nas negocia\u00e7\u00f5es p\u00fablicas. Tamb\u00e9m n\u00e3o faziam parte dos centenas de moradores em resist\u00eancia. Estava claro que os dados dos funcion\u00e1rios da <a href=\"http:\/\/bit.ly\/O1FJbG\" target=\"_blank\" rel=\"noopener\">SMH<\/a> sobre quem estava disposto a negociar formou a base para quem seria convidado a participar do grande evento. A prefeitura selecionou apenas aqueles dispostos a negociar, e o prefeito se encontraria somente com eles.<\/span><\/p>\n<p><a href=\"http:\/\/rioonwatch.org.br\/wp-content\/uploads\/2018\/01\/02-aguardando-entrada-Ariel-Subira.jpg\"><img loading=\"lazy\" decoding=\"async\" class=\"aligncenter wp-image-30706 size-content\" title=\"Moradora deixada do lado de fora da reuni\u00e3o. Foto: Ariel Subira.\" src=\"http:\/\/rioonwatch.org.br\/wp-content\/uploads\/2018\/01\/02-aguardando-entrada-Ariel-Subira-620x264.jpg\" alt=\"\" width=\"620\" height=\"264\" srcset=\"https:\/\/rioonwatch.org.br\/wp-content\/uploads\/2018\/01\/02-aguardando-entrada-Ariel-Subira-620x264.jpg 620w, https:\/\/rioonwatch.org.br\/wp-content\/uploads\/2018\/01\/02-aguardando-entrada-Ariel-Subira-940x400.jpg 940w\" sizes=\"(max-width: 620px) 100vw, 620px\" \/><\/a><\/p>\n<p><span style=\"font-weight: 400;\">A pequena divis\u00e3o na comunidade exposta no evento de Bittar no final de 2011, provou-se portanto catastr\u00f3fica para a comunidade como um todo dois anos depois. <a href=\"http:\/\/bit.ly\/1foRuUu\" target=\"_blank\" rel=\"noopener\">Domingo de manh\u00e3, centenas de moradores da Vila Aut\u00f3dromo<\/a> que n\u00e3o haviam sido convidados para a reuni\u00e3o, junto \u00e0 mesma quantidade de jornalistas e apoiadores, invadiram o Riocentro, passando por uma cerca que rodeava um posto avan\u00e7ado de seguran\u00e7a, atravessando uma piscina e finalmente acessando o pr\u00e9dio, onde foram barrados antes de entrarem no grande sal\u00e3o <a href=\"http:\/\/bit.ly\/1foRuUu\" target=\"_blank\" rel=\"noopener\">onde Paes se dirigia aos moradores convidados h\u00e1 mais de meia hora<\/a>.<\/span><span style=\"font-weight: 400;\">\u00a0A entrada n\u00e3o foi barrada somente para moradores da comunidade que n\u00e3o haviam sido convidados e seus l\u00edderes eleitos, mas tamb\u00e9m para a <\/span><i><span style=\"font-weight: 400;\">BBC<\/span><\/i><span style=\"font-weight: 400;\"> e os jornalistas alternativos e independentes presentes.<\/span><\/p>\n<p><span style=\"font-weight: 400;\">Enquanto isso, o prefeito teve uma audi\u00eancia privada de quase uma hora com os cem moradores e seus familiares. O \u00fanico meio de comunica\u00e7\u00e3o permitido na sala foi a<\/span><i><span style=\"font-weight: 400;\">\u00a0Globo<\/span><\/i><span style=\"font-weight: 400;\">, e executivos das construtoras do Parque Ol\u00edmpico tamb\u00e9m estavam presentes. Ap\u00f3s diversos moradores da Vila Aut\u00f3dromo, inconformados com a ideia de uma reuni\u00e3o fechada como essa decidir seus futuros, serem feridos por seguran\u00e7as particulares em suas tentativas de entrar na reuni\u00e3o, o prefeito finalmente liberou a entrada dos moradores, de uma urbanista da UFF que os auxiliava e de alguns poucos jornalistas profissionais. Todos os outros apoiadores e meios de comunica\u00e7\u00e3o foram obrigados a permanecer do lado de fora.<\/span><\/p>\n<p><a href=\"http:\/\/rioonwatch.org.br\/wp-content\/uploads\/2018\/01\/tobog\u00e3parquecarioca.jpg\"><img loading=\"lazy\" decoding=\"async\" class=\"aligncenter wp-image-30705 size-content\" title=\"Projeto do Parque Carioca, incluindo tobog\u00e3.\" src=\"http:\/\/rioonwatch.org.br\/wp-content\/uploads\/2018\/01\/tobog\u00e3parquecarioca-500x264.jpg\" alt=\"\" width=\"500\" height=\"264\" \/><\/a><\/p>\n<p><span style=\"font-weight: 400;\">L\u00e1 dentro, aqueles que receberam convites tiveram prioridade na fala ao microfone, e poucos outros tiveram a oportunidade de falar. Durante sua longa apresenta\u00e7\u00e3o destacando os planos de realocar a comunidade no <a href=\"http:\/\/bit.ly\/1dpuC3i\" target=\"_blank\" rel=\"noopener\">Parque Carioca<\/a>&#8211;o projeto de habita\u00e7\u00e3o p\u00fablica com o tobog\u00e3 feito &#8220;especialmente para a Vila Aut\u00f3dromo&#8221;&#8211;\u00a0o prefeito <a href=\"http:\/\/bit.ly\/2m4W8B8\" target=\"_blank\" rel=\"noopener\">Paes fez declara\u00e7\u00f5es que divergiam<\/a> de suas declara\u00e7\u00f5es anteriores e de protocolos padr\u00e3o em rela\u00e7\u00e3o a regras de habita\u00e7\u00e3o p\u00fablica.<\/span><span style=\"font-weight: 400;\">\u00a0<a href=\"http:\/\/bit.ly\/2ofccBd\" target=\"_blank\" rel=\"noopener\">Ele declarou<\/a>, por exemplo, que donos de diversos im\u00f3veis na Vila Aut\u00f3dromo seriam compensados com v\u00e1rios im\u00f3veis, apesar de que habita\u00e7\u00e3o p\u00fablica deve ser distribu\u00edda com base na necessidade, e n\u00e3o na especula\u00e7\u00e3o. Ele tamb\u00e9m declarou que moradores poderiam vender suas unidades imediatamente, sendo que normalmente h\u00e1 uma obrigatoriedade de perman\u00eancia de dez anos, e que pessoas que alugavam im\u00f3veis na Vila Aut\u00f3dromo receberiam apartamentos no Parque Carioca, sendo que essas pessoas normalmente n\u00e3o recebem nenhum tipo de indeniza\u00e7\u00e3o durante uma remo\u00e7\u00e3o. Por fim, ele declarou que moradores de casas mais valiosas poderiam optar pela compensa\u00e7\u00e3o a pre\u00e7o de mercado. Os moradores que pediram por urbaniza\u00e7\u00e3o conforme o Plano Popular ouviram do prefeito que deveriam se <a href=\"http:\/\/bit.ly\/2DTtg3o\" target=\"_blank\" rel=\"noopener\">dirigir \u00e0 administra\u00e7\u00e3o regional da prefeitura para<\/a> se cadastrarem para reassentamento ou indeniza\u00e7\u00e3o.<\/span><\/p>\n<p><span style=\"font-weight: 400;\">A essa altura, estava claro que o prefeito se encontrava entre a cruz e a espada. Seus interesses pessoais e as promessas pol\u00edticas feitas a empreendedores imobili\u00e1rios claramente eram seu \u00fanico compromisso, mas o sistema judicial n\u00e3o finalizava o processo favoravelmente \u00e0 prefeitura e logo chegaria a hora de cumprir o combinado com as construtoras. Caso contr\u00e1rio, n\u00e3o teria havido necessidade de negociar de forma individual com moradores&#8211;ele poderia ter mantido sua promessa feita em agosto de reassentar somente aqueles que quisessem e urbanizar o restante da comunidade. Se o objetivo era remover a comunidade inteira, sua \u00fanica op\u00e7\u00e3o era encontrar algo que poderia ser considerado \u201cuma realoca\u00e7\u00e3o consensual\u201d, portanto, identificar e convencer as fam\u00edlias que n\u00e3o participaram da ampla resist\u00eancia comunit\u00e1ria e que viviam em condi\u00e7\u00f5es prec\u00e1rias a sa\u00edrem primeiro, seria sua estrat\u00e9gia mais vi\u00e1vel.<\/span><\/p>\n<p><a href=\"http:\/\/rioonwatch.org.br\/wp-content\/uploads\/2018\/01\/Premio-620x264.jpg\"><img loading=\"lazy\" decoding=\"async\" class=\"aligncenter wp-image-30707 size-full\" title=\"Entrega do pr\u00eamio Deutsche Bank Urban Age Award.\" src=\"http:\/\/rioonwatch.org.br\/wp-content\/uploads\/2018\/01\/Premio-620x264.jpg\" alt=\"\" width=\"620\" height=\"264\" \/><\/a><\/p>\n<p><span style=\"font-weight: 400;\">Ent\u00e3o, a partir dessa reuni\u00e3o, e apesar do Plano Popular da Vila Aut\u00f3dromo ter sido escolhido entre 170 projetos do Rio de Janeiro como <a href=\"http:\/\/bit.ly\/1ccQTyp\" target=\"_blank\" rel=\"noopener\">ganhador do conceituado Deutsche Bank Urban Age Award<\/a>,<\/span><span style=\"font-weight: 400;\">\u00a0a prefeitura entrou em uma fase que misturava diversas formas de intimida\u00e7\u00e3o e negocia\u00e7\u00f5es fam\u00edlia por fam\u00edlia, detectando o que as convenceria a se mudar ao inv\u00e9s de urbanizar seu bairro. <a href=\"http:\/\/bit.ly\/217wryH\" target=\"_blank\" rel=\"noopener\">A administra\u00e7\u00e3o chegou at\u00e9 a forjar um protesto<\/a>\u00a0<\/span><i><span style=\"font-weight: 400;\">em prol<\/span><\/i><span style=\"font-weight: 400;\">\u00a0do reassentamento, contratando dois \u00f4nibus para levar vinte moradores para a prefeitura onde &#8220;protestaram&#8221; para serem designados para habita\u00e7\u00e3o p\u00fablica.<\/span><span style=\"font-weight: 400;\">\u00a0Nesta mesma noite, mobilizadores comunit\u00e1rios promoviam uma reuni\u00e3o com quase 200 moradores que assinaram um compromisso com a perman\u00eancia.<\/span><\/p>\n<p><span style=\"font-weight: 400;\">E foi assim que as fam\u00edlias&#8211;uma por uma&#8211;que viviam em situa\u00e7\u00f5es mais prec\u00e1rias, atra\u00eddas por an\u00fancios lustrosos, foram as primeiras a partirem, recebendo apartamentos no Parque Carioca. Quando suas casas foram demolidas, o medo come\u00e7ou a se instaurar entre vizinhos, e uma leva ap\u00f3s a outra de moradores aceitou n\u00edveis variados de indeniza\u00e7\u00e3o ao longo de 2014, com a principal leva saindo em seguida ao acordo feito para a sa\u00edda da Igreja Evang\u00e9lica. A Igreja Evang\u00e9lica aceitou uma oferta bem grande para mudar de local, o que levou seus seguidores a sairem tamb\u00e9m. As ofertas come\u00e7aram com apenas um apartamento mas, pouco depois, as fam\u00edlias come\u00e7aram a receber dois, tr\u00eas ou mais apartamentos. Quando ningu\u00e9m mais aceitava apartamentos, a prefeitura come\u00e7ou a oferecer <a href=\"https:\/\/glo.bo\/2DvziZx\" target=\"_blank\" rel=\"noopener\">compensa\u00e7\u00f5es financeiras que aumentaram<\/a> de dezenas de milhares de reais ao \u00e1pice de R$3 milh\u00f5es, dados a um coronel que tinha terras l\u00e1.<\/span><span style=\"font-weight: 400;\">\u00a0Essas ofertas, no contexto de uma comunidade que se desintegrava sob escavadeiras, poeira, servi\u00e7os suspensos e outras formas de coa\u00e7\u00e3o, levou at\u00e9 alguns que se declaravam inteiramente comprometidos com a perman\u00eancia a irem embora.<\/span><\/p>\n<h3><em><a href=\"http:\/\/bit.ly\/VilaNo5\" target=\"_blank\" rel=\"noopener\">Clique aqui para a Parte 5<\/a>.<\/em><\/h3>\n<p><em>Esta \u00e9 a quarta mat\u00e9ria de uma\u00a0<a href=\"http:\/\/bit.ly\/HistoriaDaVila\" target=\"_blank\" rel=\"noopener\">s\u00e9rie de sete<\/a>\u00a0que comp\u00f5e o cap\u00edtulo intitulado \u2018Nem Todos T\u00eam Um Pre\u00e7o\u2019, que conta a hist\u00f3ria de luta da Vila Aut\u00f3dromo. Escrito por Theresa Williamson, diretora executiva da\u00a0<a href=\"http:\/\/bit.ly\/1YPn1Cn\" target=\"_blank\" rel=\"noopener\">Comunidades Catalisadoras,<\/a>* o cap\u00edtulo faz parte do livro\u00a0<a href=\"http:\/\/brook.gs\/2wFH2oa\" target=\"_blank\" rel=\"noopener\">Rio 2016: Olympic Myths, Hard Realities<\/a>\u00a0(Rio 2016: Mitos Ol\u00edmpicos, Duras Realidades) organizado pelo economista\u00a0<a href=\"http:\/\/bit.ly\/2kWQoqf\" target=\"_blank\" rel=\"noopener\">Andrew Zimbalist<\/a>. Como o livro foi publicado somente em ingl\u00eas, pedimos permiss\u00e3o e agradecemos \u00e0 editora\u00a0Brookings por nos permitir publicar o cap\u00edtulo na \u00edntegra em portugu\u00eas.\u00a0Leia nossa resenha do livro\u00a0<\/em><em>Rio 2016\u00a0<a href=\"http:\/\/bit.ly\/2FdsgcC\" target=\"_blank\" rel=\"noopener\">aqui<\/a>.<\/em><\/p>\n<h4>Notas<\/h4>\n<p><a href=\"#_ftnref1\" name=\"_ftn1\">[a]<\/a>\u00a0<span style=\"font-weight: 400;\">A express\u00e3o surgiu no in\u00edcio do s\u00e9culo XIX no Brasil, refletindo uma tend\u00eancia cultural de se fazer promessas p\u00fablicas vazias<\/span><span style=\"font-weight: 400;\">\u2014inclusive na cria\u00e7\u00e3o de leis\u2014quando n\u00e3o h\u00e1 real inten\u00e7\u00e3o de implementa\u00e7\u00e3o, e apenas para ganhar tempo, esconder motiva\u00e7\u00f5es reais, ou de alguma forma permitir que medidas impopulares sejam postas em pr\u00e1tica, como foi feito tamb\u00e9m com os <a href=\"http:\/\/bit.ly\/2F8Ck9a\" target=\"_blank\" rel=\"noopener\">soldados de Canudos que receberam a promessa<\/a> de terras no Rio.<\/span><\/p>\n<h3><strong>V\u00eddeos Referenciados no Texto Acima<\/strong>:<\/h3>\n<p><iframe src=\"https:\/\/www.youtube.com\/embed\/KEa9rSYQH60\" width=\"560\" height=\"315\" frameborder=\"0\" allowfullscreen=\"allowfullscreen\"><\/iframe><\/p>\n<p><iframe src=\"https:\/\/www.youtube.com\/embed\/QxTE2U9IlMs\" width=\"560\" height=\"315\" frameborder=\"0\" allowfullscreen=\"allowfullscreen\"><\/iframe><\/p>\n<p><iframe src=\"https:\/\/www.youtube.com\/embed\/6vI6KD41Gsw\" width=\"560\" height=\"315\" frameborder=\"0\" allowfullscreen=\"allowfullscreen\"><\/iframe><\/p>\n<p><iframe src=\"https:\/\/www.youtube.com\/embed\/JWReNfbiXXI\" width=\"560\" height=\"315\" frameborder=\"0\" allowfullscreen=\"allowfullscreen\"><\/iframe><\/p>\n<p><iframe src=\"https:\/\/www.youtube.com\/embed\/h5OVxTIwMak\" width=\"560\" height=\"315\" frameborder=\"0\" allowfullscreen=\"allowfullscreen\"><\/iframe><\/p>\n<hr \/>\n<h3><em>S\u00e9rie Completa:\u00a0<a href=\"http:\/\/bit.ly\/HistoriaDaVila\" target=\"_blank\" rel=\"noopener\">Nem Todos T\u00eam Um Pre\u00e7o: Hist\u00f3ria da Luta da Vila Aut\u00f3dromo<\/a><\/em><\/h3>\n<p>Parte 1: <a href=\"http:\/\/bit.ly\/VilaNo1\" target=\"_blank\" rel=\"noopener\">(Re)Introduzindo Favelas<\/a><br \/>\nParte 2:\u00a0<a href=\"http:\/\/bit.ly\/VilaNo2\" target=\"_blank\" rel=\"noopener\">Apresentando a Vila Aut\u00f3dromo<\/a><br \/>\nParte 3:\u00a0<a href=\"http:\/\/bit.ly\/VilaNo3\" target=\"_blank\" rel=\"noopener\">A Ascen\u00e7\u00e3o da Vila Aut\u00f3dromo Como S\u00edmbolo de Resist\u00eancia Ol\u00edmpica (2010-2012)<\/a><br \/>\nParte 4:\u00a0<a href=\"http:\/\/bit.ly\/VilaNo4\" target=\"_blank\" rel=\"noopener\">Intimida\u00e7\u00e3o e Virada Crucial na Luta da Vila (2013-2014) [V\u00cdDEO]<\/a><br \/>\nParte 5:\u00a0<a href=\"http:\/\/bit.ly\/VilaNo5\" target=\"_blank\" rel=\"noopener\">Prefeitura Parte para a Desapropria\u00e7\u00e3o e Viol\u00eancia (2014-2016) [V\u00cdDEO]<\/a><br \/>\nParte 6: <a href=\"http:\/\/bit.ly\/VilaNo6\" target=\"_blank\" rel=\"noopener\">Conclus\u00e3o<\/a><a href=\"http:\/\/bit.ly\/VilaNo6\" target=\"_blank\" rel=\"noopener\">\u2014<\/a><a href=\"http:\/\/bit.ly\/VilaNo6\" target=\"_blank\" rel=\"noopener\">Vila Aut\u00f3dromo no Contexto das Remo\u00e7\u00f5es Ol\u00edmpicas do Rio<\/a><br \/>\nParte 7: <a href=\"http:\/\/bit.ly\/VilaNo7\" target=\"_blank\" rel=\"noopener\">Linha do Tempo da Vila Aut\u00f3dromo<\/a><\/p>\n<!-- AddThis Advanced Settings generic via filter on the_content --><!-- AddThis Share Buttons generic via filter on the_content -->","protected":false},"excerpt":{"rendered":"<div class=\"mh-excerpt\"><p>Click Here for English Esta \u00e9 a quarta mat\u00e9ria de uma\u00a0s\u00e9rie de sete\u00a0que comp\u00f5e o cap\u00edtulo intitulado \u2018Nem Todos T\u00eam Um Pre\u00e7o\u2019, que conta a hist\u00f3ria de luta da Vila Aut\u00f3dromo. Escrito por Theresa Williamson, <a class=\"mh-excerpt-more\" href=\"https:\/\/rioonwatch.org.br\/?p=30699\" title=\"Nem Todos T\u00eam Um Pre\u00e7o, Parte 4: Intimida\u00e7\u00e3o e Virada Crucial na Luta da Vila [V\u00cdDEO]\">[&#8230;]<\/a><!-- AddThis Advanced Settings generic via filter on get_the_excerpt --><!-- AddThis Share Buttons generic via filter on get_the_excerpt --><\/p>\n<\/div>","protected":false},"author":152,"featured_media":30708,"comment_status":"closed","ping_status":"closed","sticky":false,"template":"","format":"standard","meta":{"_acf_changed":false,"_monsterinsights_skip_tracking":false,"_monsterinsights_sitenote_active":false,"_monsterinsights_sitenote_note":"","_monsterinsights_sitenote_category":0,"footnotes":""},"categories":[1614,2051,1635,1621,1632,346],"tags":[274,484,2548,447,722,1240,78,86,801,14,258,2288,1367,2263,2153,2193,55],"writer":[284],"translator":[2202],"source":[],"ilustrador":[],"fotografo":[],"class_list":{"0":"post-30699","1":"post","2":"type-post","3":"status-publish","4":"format-standard","5":"has-post-thumbnail","7":"category-olhonasremocoes","8":"category-olhonolegado","9":"category-1635","10":"category-destaque","11":"category-pesquisa-e-analise","12":"category-denuncias","13":"tag-barra-da-tijuca","14":"tag-prefeito-eduardo-paes","15":"tag-igreja-catolica","16":"tag-jacarepagua","17":"tag-legado","18":"tag-megaeventos","19":"tag-olimpiadas","20":"tag-pastoral-de-favelas","21":"tag-plano-popular","22":"tag-remocao","23":"tag-smh","24":"tag-serie-nem-todos-tem-um-preco","25":"tag-taticas-de-remocao-dividir-para-conquistar","26":"tag-taticas-de-remocao-intimidacao","27":"tag-uff","28":"tag-ufrj","29":"tag-vila-autodromo","30":"writer-theresa-williamson","31":"translator-clara-ferraz"},"acf":[],"yoast_head":"<!-- This site is optimized with the Yoast SEO plugin v25.6 - https:\/\/yoast.com\/wordpress\/plugins\/seo\/ -->\n<title>Nem Todos T\u00eam Um Pre\u00e7o, Parte 4: Intimida\u00e7\u00e3o e Virada Crucial na Luta da Vila [V\u00cdDEO] - RioOnWatch<\/title>\n<meta name=\"robots\" content=\"index, follow, max-snippet:-1, max-image-preview:large, max-video-preview:-1\" \/>\n<link rel=\"canonical\" href=\"https:\/\/rioonwatch.org.br\/?p=30699\" \/>\n<meta property=\"og:locale\" content=\"pt_BR\" \/>\n<meta property=\"og:type\" content=\"article\" \/>\n<meta property=\"og:title\" content=\"Nem Todos T\u00eam Um Pre\u00e7o, Parte 4: Intimida\u00e7\u00e3o e Virada Crucial na Luta da Vila [V\u00cdDEO] - RioOnWatch\" \/>\n<meta property=\"og:description\" content=\"Click Here for English Esta \u00e9 a quarta mat\u00e9ria de uma\u00a0s\u00e9rie de sete\u00a0que comp\u00f5e o cap\u00edtulo intitulado \u2018Nem Todos T\u00eam Um Pre\u00e7o\u2019, que conta a hist\u00f3ria de luta da Vila Aut\u00f3dromo. Escrito por Theresa Williamson, [...]\" \/>\n<meta property=\"og:url\" content=\"https:\/\/rioonwatch.org.br\/?p=30699\" \/>\n<meta property=\"og:site_name\" content=\"RioOnWatch\" \/>\n<meta property=\"article:published_time\" content=\"2018-03-26T06:00:02+00:00\" \/>\n<meta property=\"article:modified_time\" content=\"2026-04-14T13:00:49+00:00\" \/>\n<meta property=\"og:image\" content=\"https:\/\/rioonwatch.org.br\/wp-content\/uploads\/2018\/01\/04-Jane-quer-entrar-Ariel-Subira.jpg\" \/>\n\t<meta property=\"og:image:width\" content=\"1000\" \/>\n\t<meta property=\"og:image:height\" content=\"667\" \/>\n\t<meta property=\"og:image:type\" content=\"image\/jpeg\" \/>\n<meta name=\"author\" content=\"Luisa Fenizola\" \/>\n<meta name=\"twitter:card\" content=\"summary_large_image\" \/>\n<meta name=\"twitter:label1\" content=\"Escrito por\" \/>\n\t<meta name=\"twitter:data1\" content=\"Luisa Fenizola\" \/>\n\t<meta name=\"twitter:label2\" content=\"Est. tempo de leitura\" \/>\n\t<meta name=\"twitter:data2\" content=\"12 minutos\" \/>\n<script type=\"application\/ld+json\" class=\"yoast-schema-graph\">{\"@context\":\"https:\/\/schema.org\",\"@graph\":[{\"@type\":\"Article\",\"@id\":\"https:\/\/rioonwatch.org.br\/?p=30699#article\",\"isPartOf\":{\"@id\":\"https:\/\/rioonwatch.org.br\/?p=30699\"},\"author\":{\"name\":\"Luisa Fenizola\",\"@id\":\"https:\/\/rioonwatch.org.br\/#\/schema\/person\/f443c6b55bb6e80842280318076491c5\"},\"headline\":\"Nem Todos T\u00eam Um Pre\u00e7o, Parte 4: Intimida\u00e7\u00e3o e Virada Crucial na Luta da Vila [V\u00cdDEO]\",\"datePublished\":\"2018-03-26T06:00:02+00:00\",\"dateModified\":\"2026-04-14T13:00:49+00:00\",\"mainEntityOfPage\":{\"@id\":\"https:\/\/rioonwatch.org.br\/?p=30699\"},\"wordCount\":2510,\"publisher\":{\"@id\":\"https:\/\/rioonwatch.org.br\/#organization\"},\"image\":{\"@id\":\"https:\/\/rioonwatch.org.br\/?p=30699#primaryimage\"},\"thumbnailUrl\":\"https:\/\/rioonwatch.org.br\/wp-content\/uploads\/2018\/01\/04-Jane-quer-entrar-Ariel-Subira.jpg\",\"keywords\":[\"Barra da Tijuca\",\"Eduardo Paes\",\"Igreja Cat\u00f3lica\",\"Jacarepagu\u00e1\",\"Legado Ol\u00edmpico\",\"Megaeventos\",\"Olimp\u00edadas\",\"Pastoral das Favelas\",\"Plano Popular\",\"Remo\u00e7\u00e3o\",\"Secretaria Municipal de Habita\u00e7\u00e3o (SMH)\",\"S\u00e9rie: Nem Todos T\u00eam Um Pre\u00e7o\",\"T\u00e1ticas de remo\u00e7\u00e3o: dividir para conquistar\",\"T\u00e1ticas de remo\u00e7\u00e3o: intimida\u00e7\u00e3o\",\"UFF\",\"UFRJ\",\"Vila Aut\u00f3dromo\"],\"articleSection\":[\"#OlhoNasRemo\u00e7\u00f5es\",\"#OlhoNoLegado\",\"#Rio2016\",\"*Destaque\",\"Dados e Pesquisa\",\"Den\u00fancias\"],\"inLanguage\":\"pt-BR\"},{\"@type\":\"WebPage\",\"@id\":\"https:\/\/rioonwatch.org.br\/?p=30699\",\"url\":\"https:\/\/rioonwatch.org.br\/?p=30699\",\"name\":\"Nem Todos T\u00eam Um Pre\u00e7o, Parte 4: Intimida\u00e7\u00e3o e Virada Crucial na Luta da Vila [V\u00cdDEO] - RioOnWatch\",\"isPartOf\":{\"@id\":\"https:\/\/rioonwatch.org.br\/#website\"},\"primaryImageOfPage\":{\"@id\":\"https:\/\/rioonwatch.org.br\/?p=30699#primaryimage\"},\"image\":{\"@id\":\"https:\/\/rioonwatch.org.br\/?p=30699#primaryimage\"},\"thumbnailUrl\":\"https:\/\/rioonwatch.org.br\/wp-content\/uploads\/2018\/01\/04-Jane-quer-entrar-Ariel-Subira.jpg\",\"datePublished\":\"2018-03-26T06:00:02+00:00\",\"dateModified\":\"2026-04-14T13:00:49+00:00\",\"breadcrumb\":{\"@id\":\"https:\/\/rioonwatch.org.br\/?p=30699#breadcrumb\"},\"inLanguage\":\"pt-BR\",\"potentialAction\":[{\"@type\":\"ReadAction\",\"target\":[\"https:\/\/rioonwatch.org.br\/?p=30699\"]}]},{\"@type\":\"ImageObject\",\"inLanguage\":\"pt-BR\",\"@id\":\"https:\/\/rioonwatch.org.br\/?p=30699#primaryimage\",\"url\":\"https:\/\/rioonwatch.org.br\/wp-content\/uploads\/2018\/01\/04-Jane-quer-entrar-Ariel-Subira.jpg\",\"contentUrl\":\"https:\/\/rioonwatch.org.br\/wp-content\/uploads\/2018\/01\/04-Jane-quer-entrar-Ariel-Subira.jpg\",\"width\":1000,\"height\":667},{\"@type\":\"BreadcrumbList\",\"@id\":\"https:\/\/rioonwatch.org.br\/?p=30699#breadcrumb\",\"itemListElement\":[{\"@type\":\"ListItem\",\"position\":1,\"name\":\"In\u00edcio\",\"item\":\"https:\/\/rioonwatch.org.br\/\"},{\"@type\":\"ListItem\",\"position\":2,\"name\":\"Nem Todos T\u00eam Um Pre\u00e7o, Parte 4: Intimida\u00e7\u00e3o e Virada Crucial na Luta da Vila [V\u00cdDEO]\"}]},{\"@type\":\"WebSite\",\"@id\":\"https:\/\/rioonwatch.org.br\/#website\",\"url\":\"https:\/\/rioonwatch.org.br\/\",\"name\":\"RioOnWatch\",\"description\":\"relatos das favelas cariocas\",\"publisher\":{\"@id\":\"https:\/\/rioonwatch.org.br\/#organization\"},\"potentialAction\":[{\"@type\":\"SearchAction\",\"target\":{\"@type\":\"EntryPoint\",\"urlTemplate\":\"https:\/\/rioonwatch.org.br\/?s={search_term_string}\"},\"query-input\":{\"@type\":\"PropertyValueSpecification\",\"valueRequired\":true,\"valueName\":\"search_term_string\"}}],\"inLanguage\":\"pt-BR\"},{\"@type\":\"Organization\",\"@id\":\"https:\/\/rioonwatch.org.br\/#organization\",\"name\":\"RioOnWatch\",\"url\":\"https:\/\/rioonwatch.org.br\/\",\"logo\":{\"@type\":\"ImageObject\",\"inLanguage\":\"pt-BR\",\"@id\":\"https:\/\/rioonwatch.org.br\/#\/schema\/logo\/image\/\",\"url\":\"https:\/\/rioonwatch.org.br\/wp-content\/uploads\/2021\/06\/RioOnWatchcabecalhoPT11anos-2.png\",\"contentUrl\":\"https:\/\/rioonwatch.org.br\/wp-content\/uploads\/2021\/06\/RioOnWatchcabecalhoPT11anos-2.png\",\"width\":779,\"height\":277,\"caption\":\"RioOnWatch\"},\"image\":{\"@id\":\"https:\/\/rioonwatch.org.br\/#\/schema\/logo\/image\/\"}},{\"@type\":\"Person\",\"@id\":\"https:\/\/rioonwatch.org.br\/#\/schema\/person\/f443c6b55bb6e80842280318076491c5\",\"name\":\"Luisa Fenizola\",\"image\":{\"@type\":\"ImageObject\",\"inLanguage\":\"pt-BR\",\"@id\":\"https:\/\/rioonwatch.org.br\/#\/schema\/person\/image\/\",\"url\":\"https:\/\/secure.gravatar.com\/avatar\/a3d551110162b9f876cbbdaaecf75663?s=96&d=blank&r=g\",\"contentUrl\":\"https:\/\/secure.gravatar.com\/avatar\/a3d551110162b9f876cbbdaaecf75663?s=96&d=blank&r=g\",\"caption\":\"Luisa Fenizola\"},\"url\":\"https:\/\/rioonwatch.org.br\/?author=152\"}]}<\/script>\n<!-- \/ Yoast SEO plugin. -->","yoast_head_json":{"title":"Nem Todos T\u00eam Um Pre\u00e7o, Parte 4: Intimida\u00e7\u00e3o e Virada Crucial na Luta da Vila [V\u00cdDEO] - RioOnWatch","robots":{"index":"index","follow":"follow","max-snippet":"max-snippet:-1","max-image-preview":"max-image-preview:large","max-video-preview":"max-video-preview:-1"},"canonical":"https:\/\/rioonwatch.org.br\/?p=30699","og_locale":"pt_BR","og_type":"article","og_title":"Nem Todos T\u00eam Um Pre\u00e7o, Parte 4: Intimida\u00e7\u00e3o e Virada Crucial na Luta da Vila [V\u00cdDEO] - RioOnWatch","og_description":"Click Here for English Esta \u00e9 a quarta mat\u00e9ria de uma\u00a0s\u00e9rie de sete\u00a0que comp\u00f5e o cap\u00edtulo intitulado \u2018Nem Todos T\u00eam Um Pre\u00e7o\u2019, que conta a hist\u00f3ria de luta da Vila Aut\u00f3dromo. Escrito por Theresa Williamson, [...]","og_url":"https:\/\/rioonwatch.org.br\/?p=30699","og_site_name":"RioOnWatch","article_published_time":"2018-03-26T06:00:02+00:00","article_modified_time":"2026-04-14T13:00:49+00:00","og_image":[{"width":1000,"height":667,"url":"https:\/\/rioonwatch.org.br\/wp-content\/uploads\/2018\/01\/04-Jane-quer-entrar-Ariel-Subira.jpg","type":"image\/jpeg"}],"author":"Luisa Fenizola","twitter_card":"summary_large_image","twitter_misc":{"Escrito por":"Luisa Fenizola","Est. tempo de leitura":"12 minutos"},"schema":{"@context":"https:\/\/schema.org","@graph":[{"@type":"Article","@id":"https:\/\/rioonwatch.org.br\/?p=30699#article","isPartOf":{"@id":"https:\/\/rioonwatch.org.br\/?p=30699"},"author":{"name":"Luisa Fenizola","@id":"https:\/\/rioonwatch.org.br\/#\/schema\/person\/f443c6b55bb6e80842280318076491c5"},"headline":"Nem Todos T\u00eam Um Pre\u00e7o, Parte 4: Intimida\u00e7\u00e3o e Virada Crucial na Luta da Vila [V\u00cdDEO]","datePublished":"2018-03-26T06:00:02+00:00","dateModified":"2026-04-14T13:00:49+00:00","mainEntityOfPage":{"@id":"https:\/\/rioonwatch.org.br\/?p=30699"},"wordCount":2510,"publisher":{"@id":"https:\/\/rioonwatch.org.br\/#organization"},"image":{"@id":"https:\/\/rioonwatch.org.br\/?p=30699#primaryimage"},"thumbnailUrl":"https:\/\/rioonwatch.org.br\/wp-content\/uploads\/2018\/01\/04-Jane-quer-entrar-Ariel-Subira.jpg","keywords":["Barra da Tijuca","Eduardo Paes","Igreja Cat\u00f3lica","Jacarepagu\u00e1","Legado Ol\u00edmpico","Megaeventos","Olimp\u00edadas","Pastoral das Favelas","Plano Popular","Remo\u00e7\u00e3o","Secretaria Municipal de Habita\u00e7\u00e3o (SMH)","S\u00e9rie: Nem Todos T\u00eam Um Pre\u00e7o","T\u00e1ticas de remo\u00e7\u00e3o: dividir para conquistar","T\u00e1ticas de remo\u00e7\u00e3o: intimida\u00e7\u00e3o","UFF","UFRJ","Vila Aut\u00f3dromo"],"articleSection":["#OlhoNasRemo\u00e7\u00f5es","#OlhoNoLegado","#Rio2016","*Destaque","Dados e Pesquisa","Den\u00fancias"],"inLanguage":"pt-BR"},{"@type":"WebPage","@id":"https:\/\/rioonwatch.org.br\/?p=30699","url":"https:\/\/rioonwatch.org.br\/?p=30699","name":"Nem Todos T\u00eam Um Pre\u00e7o, Parte 4: Intimida\u00e7\u00e3o e Virada Crucial na Luta da Vila [V\u00cdDEO] - RioOnWatch","isPartOf":{"@id":"https:\/\/rioonwatch.org.br\/#website"},"primaryImageOfPage":{"@id":"https:\/\/rioonwatch.org.br\/?p=30699#primaryimage"},"image":{"@id":"https:\/\/rioonwatch.org.br\/?p=30699#primaryimage"},"thumbnailUrl":"https:\/\/rioonwatch.org.br\/wp-content\/uploads\/2018\/01\/04-Jane-quer-entrar-Ariel-Subira.jpg","datePublished":"2018-03-26T06:00:02+00:00","dateModified":"2026-04-14T13:00:49+00:00","breadcrumb":{"@id":"https:\/\/rioonwatch.org.br\/?p=30699#breadcrumb"},"inLanguage":"pt-BR","potentialAction":[{"@type":"ReadAction","target":["https:\/\/rioonwatch.org.br\/?p=30699"]}]},{"@type":"ImageObject","inLanguage":"pt-BR","@id":"https:\/\/rioonwatch.org.br\/?p=30699#primaryimage","url":"https:\/\/rioonwatch.org.br\/wp-content\/uploads\/2018\/01\/04-Jane-quer-entrar-Ariel-Subira.jpg","contentUrl":"https:\/\/rioonwatch.org.br\/wp-content\/uploads\/2018\/01\/04-Jane-quer-entrar-Ariel-Subira.jpg","width":1000,"height":667},{"@type":"BreadcrumbList","@id":"https:\/\/rioonwatch.org.br\/?p=30699#breadcrumb","itemListElement":[{"@type":"ListItem","position":1,"name":"In\u00edcio","item":"https:\/\/rioonwatch.org.br\/"},{"@type":"ListItem","position":2,"name":"Nem Todos T\u00eam Um Pre\u00e7o, Parte 4: Intimida\u00e7\u00e3o e Virada Crucial na Luta da Vila [V\u00cdDEO]"}]},{"@type":"WebSite","@id":"https:\/\/rioonwatch.org.br\/#website","url":"https:\/\/rioonwatch.org.br\/","name":"RioOnWatch","description":"relatos das favelas cariocas","publisher":{"@id":"https:\/\/rioonwatch.org.br\/#organization"},"potentialAction":[{"@type":"SearchAction","target":{"@type":"EntryPoint","urlTemplate":"https:\/\/rioonwatch.org.br\/?s={search_term_string}"},"query-input":{"@type":"PropertyValueSpecification","valueRequired":true,"valueName":"search_term_string"}}],"inLanguage":"pt-BR"},{"@type":"Organization","@id":"https:\/\/rioonwatch.org.br\/#organization","name":"RioOnWatch","url":"https:\/\/rioonwatch.org.br\/","logo":{"@type":"ImageObject","inLanguage":"pt-BR","@id":"https:\/\/rioonwatch.org.br\/#\/schema\/logo\/image\/","url":"https:\/\/rioonwatch.org.br\/wp-content\/uploads\/2021\/06\/RioOnWatchcabecalhoPT11anos-2.png","contentUrl":"https:\/\/rioonwatch.org.br\/wp-content\/uploads\/2021\/06\/RioOnWatchcabecalhoPT11anos-2.png","width":779,"height":277,"caption":"RioOnWatch"},"image":{"@id":"https:\/\/rioonwatch.org.br\/#\/schema\/logo\/image\/"}},{"@type":"Person","@id":"https:\/\/rioonwatch.org.br\/#\/schema\/person\/f443c6b55bb6e80842280318076491c5","name":"Luisa Fenizola","image":{"@type":"ImageObject","inLanguage":"pt-BR","@id":"https:\/\/rioonwatch.org.br\/#\/schema\/person\/image\/","url":"https:\/\/secure.gravatar.com\/avatar\/a3d551110162b9f876cbbdaaecf75663?s=96&d=blank&r=g","contentUrl":"https:\/\/secure.gravatar.com\/avatar\/a3d551110162b9f876cbbdaaecf75663?s=96&d=blank&r=g","caption":"Luisa Fenizola"},"url":"https:\/\/rioonwatch.org.br\/?author=152"}]}},"_links":{"self":[{"href":"https:\/\/rioonwatch.org.br\/index.php?rest_route=\/wp\/v2\/posts\/30699"}],"collection":[{"href":"https:\/\/rioonwatch.org.br\/index.php?rest_route=\/wp\/v2\/posts"}],"about":[{"href":"https:\/\/rioonwatch.org.br\/index.php?rest_route=\/wp\/v2\/types\/post"}],"author":[{"embeddable":true,"href":"https:\/\/rioonwatch.org.br\/index.php?rest_route=\/wp\/v2\/users\/152"}],"replies":[{"embeddable":true,"href":"https:\/\/rioonwatch.org.br\/index.php?rest_route=%2Fwp%2Fv2%2Fcomments&post=30699"}],"version-history":[{"count":26,"href":"https:\/\/rioonwatch.org.br\/index.php?rest_route=\/wp\/v2\/posts\/30699\/revisions"}],"predecessor-version":[{"id":36205,"href":"https:\/\/rioonwatch.org.br\/index.php?rest_route=\/wp\/v2\/posts\/30699\/revisions\/36205"}],"wp:featuredmedia":[{"embeddable":true,"href":"https:\/\/rioonwatch.org.br\/index.php?rest_route=\/wp\/v2\/media\/30708"}],"wp:attachment":[{"href":"https:\/\/rioonwatch.org.br\/index.php?rest_route=%2Fwp%2Fv2%2Fmedia&parent=30699"}],"wp:term":[{"taxonomy":"category","embeddable":true,"href":"https:\/\/rioonwatch.org.br\/index.php?rest_route=%2Fwp%2Fv2%2Fcategories&post=30699"},{"taxonomy":"post_tag","embeddable":true,"href":"https:\/\/rioonwatch.org.br\/index.php?rest_route=%2Fwp%2Fv2%2Ftags&post=30699"},{"taxonomy":"writer","embeddable":true,"href":"https:\/\/rioonwatch.org.br\/index.php?rest_route=%2Fwp%2Fv2%2Fwriter&post=30699"},{"taxonomy":"translator","embeddable":true,"href":"https:\/\/rioonwatch.org.br\/index.php?rest_route=%2Fwp%2Fv2%2Ftranslator&post=30699"},{"taxonomy":"source","embeddable":true,"href":"https:\/\/rioonwatch.org.br\/index.php?rest_route=%2Fwp%2Fv2%2Fsource&post=30699"},{"taxonomy":"ilustrador","embeddable":true,"href":"https:\/\/rioonwatch.org.br\/index.php?rest_route=%2Fwp%2Fv2%2Filustrador&post=30699"},{"taxonomy":"fotografo","embeddable":true,"href":"https:\/\/rioonwatch.org.br\/index.php?rest_route=%2Fwp%2Fv2%2Ffotografo&post=30699"}],"curies":[{"name":"wp","href":"https:\/\/api.w.org\/{rel}","templated":true}]}}