{"id":30712,"date":"2018-01-14T11:17:27","date_gmt":"2018-01-14T14:17:27","guid":{"rendered":"http:\/\/rioonwatch.org.br\/?p=30712"},"modified":"2018-01-15T12:41:54","modified_gmt":"2018-01-15T15:41:54","slug":"centenas-protestam-muitos-lamentam-o-fechamento-da-casa-do-jongo-imagens","status":"publish","type":"post","link":"https:\/\/rioonwatch.org.br\/?p=30712","title":{"rendered":"Centenas Protestam, Lamentam o Fechamento da Casa do Jongo [IMAGENS]"},"content":{"rendered":"<p style=\"text-align: right;\"><em><strong><a href=\"http:\/\/bit.ly\/2Dk3EOl\" target=\"_blank\" rel=\"noopener noreferrer\">Click Here for English<img decoding=\"async\" width=\"20\" height=\"20\" class=\"alignright wp-image-15790\" src=\"http:\/\/rioonwatch.org.br\/wp-content\/uploads\/2012\/08\/EN-standard-e1439583104716.jpg\" \/><\/a><\/strong><\/em><\/p>\n<p>Ter\u00e7a-feira passada, 9 de janeiro, centenas de pessoas se reuniram na <a href=\"http:\/\/bit.ly\/1XBoPPw\" target=\"_blank\" rel=\"noopener\">Cinel\u00e2ndia<\/a>, no <a href=\"http:\/\/bit.ly\/1qX7nZG\" target=\"_blank\" rel=\"noopener\">Centro<\/a> do Rio de Janeiro, para protestar contra o fechamento da <a href=\"http:\/\/bit.ly\/2bDoqe0\" target=\"_blank\" rel=\"noopener\">Casa do Jongo da Serrinha<\/a>. O centro cultural est\u00e1 localizado em <a href=\"http:\/\/bit.ly\/1IAO1SP\" target=\"_blank\" rel=\"noopener\">Madureira<\/a>, na <a href=\"http:\/\/bit.ly\/WximDf\" target=\"_blank\" rel=\"noopener\">Zona Norte<\/a>, onde a favela da <a href=\"http:\/\/bit.ly\/2DoNvY0\" target=\"_blank\" rel=\"noopener\">Serrinha<\/a> tem <a href=\"http:\/\/bit.ly\/2e23WMf\" target=\"_blank\" rel=\"noopener\">nutrido e preservado as tradi\u00e7\u00f5es de dan\u00e7a e percuss\u00e3o afro-brasileira de jongo<\/a> h\u00e1 d\u00e9cadas. A Casa do Jongo hospedou aulas de percuss\u00e3o, canto, dan\u00e7a e esportes, al\u00e9m de exibi\u00e7\u00f5es de filmes, apresenta\u00e7\u00f5es e outros eventos culturais. Embora o pr\u00f3prio centro tenha apenas alguns anos de idade, o grupo Jongo da Serrinha foi reconhecido pelo Instituto do Patrim\u00f4nio Hist\u00f3rico e Art\u00edstico Nacional (IPHAN) em 2005 por dedicar 50 anos a preservar o jongo como importante patrim\u00f4nio cultural.<\/p>\n<p>O Jongo da Serrinha recebeu financiamento municipal desde 2000, e a administra\u00e7\u00e3o anterior havia expandido esse apoio para financiar a Casa. Ap\u00f3s o seu primeiro ano no cargo, o governo do <a href=\"http:\/\/bit.ly\/CrivellaROW\" target=\"_blank\" rel=\"noopener\">bispo evang\u00e9lico<\/a> e agora <a href=\"http:\/\/bit.ly\/2cIlnDw\" target=\"_blank\" rel=\"noopener\">Prefeito Crivella<\/a>\u00a0tem sido\u00a0<a href=\"http:\/\/bit.ly\/2w0skXa\" target=\"_blank\" rel=\"noopener\">associado amplamente a impor seus valores religiosos<\/a> atrav\u00e9s do financiamento e retirada de financiamento de express\u00f5es tradicionais de cultura, at\u00e9 mesmo do carnaval. Como parte deste movimento, a Prefeitura\u00a0<a href=\"https:\/\/glo.bo\/2EvyK4W\" target=\"_blank\" rel=\"noopener\">anunciou em outubro do ano passado<\/a> que acabaria com o financiamento para o Jongo da Serrinha, e a Casa <a href=\"https:\/\/glo.bo\/2lQpfGE\" target=\"_blank\" rel=\"noopener\">foi obrigada a fechar as portas<\/a> indefinidamente no in\u00edcio deste m\u00eas.<\/p>\n<p>O fot\u00f3grafo Ellis Rua capturou as cenas dos protestos de ter\u00e7a-feira para o <em>RioOnWatch<\/em>:<\/p>\n<p><span class=\"Apple-style-span\" style=\"font-size: 35px; letter-spacing: -1px; line-height: 35px;\">A Multid\u00e3o<\/span><\/p>\n<p>A multid\u00e3o cerca uma mulher e um menino dan\u00e7ando jongo, uma dan\u00e7a tradicional do sudeste do Brasil, datada \u00e0 \u00e9poca da escravid\u00e3o, com influ\u00eancia do oeste da \u00c1frica.<\/p>\n<p><a href=\"http:\/\/rioonwatch.org.br\/wp-content\/uploads\/2018\/01\/ROWJONGO2.jpg\"><img fetchpriority=\"high\" decoding=\"async\" class=\"aligncenter wp-image-30720 size-full\" title=\"Foto de Ellis Rua\" src=\"http:\/\/rioonwatch.org.br\/wp-content\/uploads\/2018\/01\/ROWJONGO2.jpg\" alt=\"\" width=\"1800\" height=\"1200\" srcset=\"https:\/\/rioonwatch.org.br\/wp-content\/uploads\/2018\/01\/ROWJONGO2.jpg 1800w, https:\/\/rioonwatch.org.br\/wp-content\/uploads\/2018\/01\/ROWJONGO2-396x264.jpg 396w, https:\/\/rioonwatch.org.br\/wp-content\/uploads\/2018\/01\/ROWJONGO2-620x413.jpg 620w, https:\/\/rioonwatch.org.br\/wp-content\/uploads\/2018\/01\/ROWJONGO2-768x512.jpg 768w, https:\/\/rioonwatch.org.br\/wp-content\/uploads\/2018\/01\/ROWJONGO2-1024x683.jpg 1024w\" sizes=\"(max-width: 1800px) 100vw, 1800px\" \/><\/a><\/p>\n<p><span class=\"Apple-style-span\" style=\"font-size: 35px; letter-spacing: -1px; line-height: 35px;\">Transfixado<\/span><\/p>\n<p>Menino assiste de cima, do alto dos degraus do pr\u00e9dio da Prefeitura, na Pra\u00e7a Floriano (Cinel\u00e2ndia), no Centro do Rio de Janeiro.<\/p>\n<p><a href=\"http:\/\/rioonwatch.org.br\/wp-content\/uploads\/2018\/01\/ROWJONGO3.jpg\"><img decoding=\"async\" class=\"aligncenter wp-image-30723 size-full\" title=\"Foto de Ellis Rua\" src=\"http:\/\/rioonwatch.org.br\/wp-content\/uploads\/2018\/01\/ROWJONGO3.jpg\" alt=\"\" width=\"1800\" height=\"1200\" srcset=\"https:\/\/rioonwatch.org.br\/wp-content\/uploads\/2018\/01\/ROWJONGO3.jpg 1800w, https:\/\/rioonwatch.org.br\/wp-content\/uploads\/2018\/01\/ROWJONGO3-396x264.jpg 396w, https:\/\/rioonwatch.org.br\/wp-content\/uploads\/2018\/01\/ROWJONGO3-620x413.jpg 620w, https:\/\/rioonwatch.org.br\/wp-content\/uploads\/2018\/01\/ROWJONGO3-768x512.jpg 768w, https:\/\/rioonwatch.org.br\/wp-content\/uploads\/2018\/01\/ROWJONGO3-1024x683.jpg 1024w\" sizes=\"(max-width: 1800px) 100vw, 1800px\" \/><\/a><\/p>\n<p><span class=\"Apple-style-span\" style=\"font-size: 35px; letter-spacing: -1px; line-height: 35px;\">Mulheres Guerreiras Ic\u00f4nicas<\/span><\/p>\n<p>Maria de Lourdes Mendes, de 97 anos, o membro mais antigo do grupo, que inclui v\u00e1rias mulheres poderosas de mais de 90 anos, bate palmas enquanto percussionistas tocam durante o c\u00edrculo do jongo.<\/p>\n<p><a href=\"http:\/\/rioonwatch.org.br\/wp-content\/uploads\/2018\/01\/ROWJONGO4.jpg\"><img loading=\"lazy\" decoding=\"async\" class=\"aligncenter wp-image-30717 size-full\" title=\"Foto de Ellis Rua\" src=\"http:\/\/rioonwatch.org.br\/wp-content\/uploads\/2018\/01\/ROWJONGO4.jpg\" alt=\"\" width=\"1800\" height=\"1060\" srcset=\"https:\/\/rioonwatch.org.br\/wp-content\/uploads\/2018\/01\/ROWJONGO4.jpg 1800w, https:\/\/rioonwatch.org.br\/wp-content\/uploads\/2018\/01\/ROWJONGO4-448x264.jpg 448w, https:\/\/rioonwatch.org.br\/wp-content\/uploads\/2018\/01\/ROWJONGO4-620x365.jpg 620w, https:\/\/rioonwatch.org.br\/wp-content\/uploads\/2018\/01\/ROWJONGO4-768x452.jpg 768w, https:\/\/rioonwatch.org.br\/wp-content\/uploads\/2018\/01\/ROWJONGO4-1024x603.jpg 1024w\" sizes=\"(max-width: 1800px) 100vw, 1800px\" \/><\/a><\/p>\n<p><span class=\"Apple-style-span\" style=\"font-size: 35px; letter-spacing: -1px; line-height: 35px;\">Giros e Voltas<\/span><\/p>\n<p>Uma mulher rodopia enquanto dan\u00e7a com seu parceiro.<\/p>\n<p><a href=\"http:\/\/rioonwatch.org.br\/wp-content\/uploads\/2018\/01\/ROWJONGO5.jpg\"><img loading=\"lazy\" decoding=\"async\" class=\"aligncenter size-full wp-image-30716\" src=\"http:\/\/rioonwatch.org.br\/wp-content\/uploads\/2018\/01\/ROWJONGO5.jpg\" alt=\"\" width=\"1800\" height=\"1200\" \/><\/a><\/p>\n<p><span class=\"Apple-style-span\" style=\"font-size: 35px; letter-spacing: -1px; line-height: 35px;\">Sem Idade<\/span><\/p>\n<p>Crian\u00e7as pequenas param para observar os dan\u00e7arinos e m\u00fasicos.<\/p>\n<p><a href=\"http:\/\/rioonwatch.org.br\/wp-content\/uploads\/2018\/01\/ROWJONGO1.jpg\"><img loading=\"lazy\" decoding=\"async\" class=\"aligncenter size-full wp-image-30724\" src=\"http:\/\/rioonwatch.org.br\/wp-content\/uploads\/2018\/01\/ROWJONGO1.jpg\" alt=\"\" width=\"1800\" height=\"1200\" srcset=\"https:\/\/rioonwatch.org.br\/wp-content\/uploads\/2018\/01\/ROWJONGO1.jpg 1800w, https:\/\/rioonwatch.org.br\/wp-content\/uploads\/2018\/01\/ROWJONGO1-396x264.jpg 396w, https:\/\/rioonwatch.org.br\/wp-content\/uploads\/2018\/01\/ROWJONGO1-620x413.jpg 620w, https:\/\/rioonwatch.org.br\/wp-content\/uploads\/2018\/01\/ROWJONGO1-768x512.jpg 768w, https:\/\/rioonwatch.org.br\/wp-content\/uploads\/2018\/01\/ROWJONGO1-1024x683.jpg 1024w\" sizes=\"(max-width: 1800px) 100vw, 1800px\" \/><\/a><\/p>\n<p><span class=\"Apple-style-span\" style=\"font-size: 35px; letter-spacing: -1px; line-height: 35px;\">Poderosa<\/span><\/p>\n<p>Flavia Sousa, atriz e fundadora da Associa\u00e7\u00e3o Cultural Grupo Afrolaje, \u00e9 entrevistada por uma rep\u00f3rter.<\/p>\n<p><a href=\"http:\/\/rioonwatch.org.br\/wp-content\/uploads\/2018\/01\/ROWJONGO6.jpg\"><img loading=\"lazy\" decoding=\"async\" class=\"aligncenter wp-image-30722 size-full\" title=\"Foto de Ellis Rua\" src=\"http:\/\/rioonwatch.org.br\/wp-content\/uploads\/2018\/01\/ROWJONGO6.jpg\" alt=\"\" width=\"1800\" height=\"1200\" srcset=\"https:\/\/rioonwatch.org.br\/wp-content\/uploads\/2018\/01\/ROWJONGO6.jpg 1800w, https:\/\/rioonwatch.org.br\/wp-content\/uploads\/2018\/01\/ROWJONGO6-396x264.jpg 396w, https:\/\/rioonwatch.org.br\/wp-content\/uploads\/2018\/01\/ROWJONGO6-620x413.jpg 620w, https:\/\/rioonwatch.org.br\/wp-content\/uploads\/2018\/01\/ROWJONGO6-768x512.jpg 768w, https:\/\/rioonwatch.org.br\/wp-content\/uploads\/2018\/01\/ROWJONGO6-1024x683.jpg 1024w\" sizes=\"(max-width: 1800px) 100vw, 1800px\" \/><\/a><\/p>\n<p><span class=\"Apple-style-span\" style=\"font-size: 35px; letter-spacing: -1px; line-height: 35px;\">Ao Menos um Vislumbre<\/span><\/p>\n<p>Uma menina fica perto da cintura de sua m\u00e3e enquanto a noite chega ao fim.<\/p>\n<p><a href=\"http:\/\/rioonwatch.org.br\/wp-content\/uploads\/2018\/01\/ROWJONGO8.jpg\"><img loading=\"lazy\" decoding=\"async\" class=\"aligncenter wp-image-30715 size-full\" title=\"Foto de Ellis Rua\" src=\"http:\/\/rioonwatch.org.br\/wp-content\/uploads\/2018\/01\/ROWJONGO8.jpg\" alt=\"\" width=\"1800\" height=\"1200\" srcset=\"https:\/\/rioonwatch.org.br\/wp-content\/uploads\/2018\/01\/ROWJONGO8.jpg 1800w, https:\/\/rioonwatch.org.br\/wp-content\/uploads\/2018\/01\/ROWJONGO8-396x264.jpg 396w, https:\/\/rioonwatch.org.br\/wp-content\/uploads\/2018\/01\/ROWJONGO8-620x413.jpg 620w, https:\/\/rioonwatch.org.br\/wp-content\/uploads\/2018\/01\/ROWJONGO8-768x512.jpg 768w, https:\/\/rioonwatch.org.br\/wp-content\/uploads\/2018\/01\/ROWJONGO8-1024x683.jpg 1024w\" sizes=\"(max-width: 1800px) 100vw, 1800px\" \/><\/a><\/p>\n<p><span class=\"Apple-style-span\" style=\"font-size: 35px; letter-spacing: -1px; line-height: 35px;\">Representa\u00e7\u00e3o<\/span><\/p>\n<p>Uma mulher olha para o c\u00edrculo de jongo.<\/p>\n<p><a href=\"http:\/\/rioonwatch.org.br\/wp-content\/uploads\/2018\/01\/ROWJONGO7.jpg\"><img loading=\"lazy\" decoding=\"async\" class=\"aligncenter wp-image-30721 size-full\" title=\"Foto de Ellis Rua\" src=\"http:\/\/rioonwatch.org.br\/wp-content\/uploads\/2018\/01\/ROWJONGO7.jpg\" alt=\"\" width=\"1402\" height=\"1200\" srcset=\"https:\/\/rioonwatch.org.br\/wp-content\/uploads\/2018\/01\/ROWJONGO7.jpg 1402w, https:\/\/rioonwatch.org.br\/wp-content\/uploads\/2018\/01\/ROWJONGO7-308x264.jpg 308w, https:\/\/rioonwatch.org.br\/wp-content\/uploads\/2018\/01\/ROWJONGO7-620x531.jpg 620w, https:\/\/rioonwatch.org.br\/wp-content\/uploads\/2018\/01\/ROWJONGO7-768x657.jpg 768w, https:\/\/rioonwatch.org.br\/wp-content\/uploads\/2018\/01\/ROWJONGO7-1024x876.jpg 1024w\" sizes=\"(max-width: 1402px) 100vw, 1402px\" \/><\/a><\/p>\n<p><span class=\"Apple-style-span\" style=\"font-size: 35px; letter-spacing: -1px; line-height: 35px;\">Centen\u00e1ria<\/span><\/p>\n<p>Maria de Lourdes Mendes, de 97 anos, o membro mais antigo do grupo, fala com uma equipe de c\u00e2meras.<\/p>\n<p><a href=\"http:\/\/rioonwatch.org.br\/wp-content\/uploads\/2018\/01\/ROWJONGO9.jpg\"><img loading=\"lazy\" decoding=\"async\" class=\"aligncenter size-full wp-image-30719\" src=\"http:\/\/rioonwatch.org.br\/wp-content\/uploads\/2018\/01\/ROWJONGO9.jpg\" alt=\"\" width=\"800\" height=\"1200\" srcset=\"https:\/\/rioonwatch.org.br\/wp-content\/uploads\/2018\/01\/ROWJONGO9.jpg 800w, https:\/\/rioonwatch.org.br\/wp-content\/uploads\/2018\/01\/ROWJONGO9-176x264.jpg 176w, https:\/\/rioonwatch.org.br\/wp-content\/uploads\/2018\/01\/ROWJONGO9-413x620.jpg 413w, https:\/\/rioonwatch.org.br\/wp-content\/uploads\/2018\/01\/ROWJONGO9-768x1152.jpg 768w, https:\/\/rioonwatch.org.br\/wp-content\/uploads\/2018\/01\/ROWJONGO9-683x1024.jpg 683w\" sizes=\"(max-width: 800px) 100vw, 800px\" \/><\/a><\/p>\n<p><span class=\"Apple-style-span\" style=\"font-size: 35px; letter-spacing: -1px; line-height: 35px;\">Esperan\u00e7a<\/span><\/p>\n<p>Um percussionista olha para o c\u00e9u quando a noite chega ao fim.<\/p>\n<p><a href=\"http:\/\/rioonwatch.org.br\/wp-content\/uploads\/2018\/01\/ROWJONGO10.jpg\"><img loading=\"lazy\" decoding=\"async\" class=\"aligncenter wp-image-30718 size-full\" title=\"Foto de Ellis Rua\" src=\"http:\/\/rioonwatch.org.br\/wp-content\/uploads\/2018\/01\/ROWJONGO10.jpg\" alt=\"\" width=\"1800\" height=\"1200\" srcset=\"https:\/\/rioonwatch.org.br\/wp-content\/uploads\/2018\/01\/ROWJONGO10.jpg 1800w, https:\/\/rioonwatch.org.br\/wp-content\/uploads\/2018\/01\/ROWJONGO10-396x264.jpg 396w, https:\/\/rioonwatch.org.br\/wp-content\/uploads\/2018\/01\/ROWJONGO10-620x413.jpg 620w, https:\/\/rioonwatch.org.br\/wp-content\/uploads\/2018\/01\/ROWJONGO10-768x512.jpg 768w, https:\/\/rioonwatch.org.br\/wp-content\/uploads\/2018\/01\/ROWJONGO10-1024x683.jpg 1024w\" sizes=\"(max-width: 1800px) 100vw, 1800px\" \/><\/a><\/p>\n<!-- AddThis Advanced Settings generic via filter on the_content --><!-- AddThis Share Buttons generic via filter on the_content -->","protected":false},"excerpt":{"rendered":"<div class=\"mh-excerpt\"><p>Click Here for English Ter\u00e7a-feira passada, 9 de janeiro, centenas de pessoas se reuniram na Cinel\u00e2ndia, no Centro do Rio de Janeiro, para protestar contra o fechamento da Casa do Jongo da Serrinha. O centro <a class=\"mh-excerpt-more\" href=\"https:\/\/rioonwatch.org.br\/?p=30712\" title=\"Centenas Protestam, Lamentam o Fechamento da Casa do Jongo [IMAGENS]\">[&#8230;]<\/a><!-- AddThis Advanced Settings generic via filter on get_the_excerpt --><!-- AddThis Share Buttons generic via filter on get_the_excerpt --><\/p>\n<\/div>","protected":false},"author":147,"featured_media":30716,"comment_status":"closed","ping_status":"closed","sticky":false,"template":"","format":"standard","meta":{"_acf_changed":false,"_monsterinsights_skip_tracking":false,"_monsterinsights_sitenote_active":false,"_monsterinsights_sitenote_note":"","_monsterinsights_sitenote_category":0,"footnotes":""},"categories":[2089,1621,1627,1615,1633,1612],"tags":[81,513,421,336,1912,1717,1982,20,763,432,2010,218],"writer":[2265],"translator":[1971],"source":[],"ilustrador":[],"fotografo":[],"class_list":{"0":"post-30712","1":"post","2":"type-post","3":"status-publish","4":"format-standard","5":"has-post-thumbnail","7":"category-monitoramento","8":"category-destaque","9":"category-relato-de-evento","10":"category-cultura-da-favela","11":"category-foto-reportagens","12":"category-sociedade-civil","13":"tag-cultura","14":"tag-cultura-afro-brasileira","15":"tag-cultura-da-favela","16":"tag-danca","17":"tag-jongo","18":"tag-madureira","19":"tag-marcelo-crivella","20":"tag-musica","21":"tag-protesto","22":"tag-resistencia","23":"tag-serrinha","24":"tag-zona-norte","25":"writer-ellis-rua","26":"translator-geovanna-giannini"},"acf":[],"yoast_head":"<!-- This site is optimized with the Yoast SEO plugin v25.6 - https:\/\/yoast.com\/wordpress\/plugins\/seo\/ -->\n<title>Centenas Protestam, Lamentam o Fechamento da Casa do Jongo [IMAGENS] - RioOnWatch<\/title>\n<meta name=\"robots\" content=\"index, follow, max-snippet:-1, max-image-preview:large, max-video-preview:-1\" \/>\n<link rel=\"canonical\" href=\"https:\/\/rioonwatch.org.br\/?p=30712\" \/>\n<meta property=\"og:locale\" content=\"pt_BR\" \/>\n<meta property=\"og:type\" content=\"article\" \/>\n<meta property=\"og:title\" content=\"Centenas Protestam, Lamentam o Fechamento da Casa do Jongo [IMAGENS] - RioOnWatch\" \/>\n<meta property=\"og:description\" content=\"Click Here for English Ter\u00e7a-feira passada, 9 de janeiro, centenas de pessoas se reuniram na Cinel\u00e2ndia, no Centro do Rio de Janeiro, para protestar contra o fechamento da Casa do Jongo da Serrinha. O centro [...]\" \/>\n<meta property=\"og:url\" content=\"https:\/\/rioonwatch.org.br\/?p=30712\" \/>\n<meta property=\"og:site_name\" content=\"RioOnWatch\" \/>\n<meta property=\"article:published_time\" content=\"2018-01-14T14:17:27+00:00\" \/>\n<meta property=\"article:modified_time\" content=\"2018-01-15T15:41:54+00:00\" \/>\n<meta property=\"og:image\" content=\"https:\/\/rioonwatch.org.br\/wp-content\/uploads\/2018\/01\/ROWJONGO5-e1515783002512.jpg\" \/>\n\t<meta property=\"og:image:width\" content=\"1795\" \/>\n\t<meta property=\"og:image:height\" content=\"976\" \/>\n\t<meta property=\"og:image:type\" content=\"image\/jpeg\" \/>\n<meta name=\"author\" content=\"Cerianne Robertson\" \/>\n<meta name=\"twitter:card\" content=\"summary_large_image\" \/>\n<meta name=\"twitter:label1\" content=\"Escrito por\" \/>\n\t<meta name=\"twitter:data1\" content=\"Cerianne Robertson\" \/>\n\t<meta name=\"twitter:label2\" content=\"Est. tempo de leitura\" \/>\n\t<meta name=\"twitter:data2\" content=\"2 minutos\" \/>\n<script type=\"application\/ld+json\" class=\"yoast-schema-graph\">{\"@context\":\"https:\/\/schema.org\",\"@graph\":[{\"@type\":\"Article\",\"@id\":\"https:\/\/rioonwatch.org.br\/?p=30712#article\",\"isPartOf\":{\"@id\":\"https:\/\/rioonwatch.org.br\/?p=30712\"},\"author\":{\"name\":\"Cerianne Robertson\",\"@id\":\"https:\/\/rioonwatch.org.br\/#\/schema\/person\/b639ec2683435de5a982b61e05770a3d\"},\"headline\":\"Centenas Protestam, Lamentam o Fechamento da Casa do Jongo [IMAGENS]\",\"datePublished\":\"2018-01-14T14:17:27+00:00\",\"dateModified\":\"2018-01-15T15:41:54+00:00\",\"mainEntityOfPage\":{\"@id\":\"https:\/\/rioonwatch.org.br\/?p=30712\"},\"wordCount\":476,\"publisher\":{\"@id\":\"https:\/\/rioonwatch.org.br\/#organization\"},\"image\":{\"@id\":\"https:\/\/rioonwatch.org.br\/?p=30712#primaryimage\"},\"thumbnailUrl\":\"https:\/\/rioonwatch.org.br\/wp-content\/uploads\/2018\/01\/ROWJONGO5-e1515783002512.jpg\",\"keywords\":[\"cultura\",\"Cultura Afro-brasileira\",\"cultura da favela\",\"dan\u00e7a\",\"jongo\",\"Madureira\",\"Marcelo Crivella\",\"m\u00fasica\",\"protesto\",\"resist\u00eancia\",\"Serrinha\",\"Zona Norte\"],\"articleSection\":[\"#Monitoramento\",\"*Destaque\",\"Cobertura de Eventos\",\"Cultura da Favela\",\"Fotorreportagens\",\"Sociedade Civil\"],\"inLanguage\":\"pt-BR\"},{\"@type\":\"WebPage\",\"@id\":\"https:\/\/rioonwatch.org.br\/?p=30712\",\"url\":\"https:\/\/rioonwatch.org.br\/?p=30712\",\"name\":\"Centenas Protestam, Lamentam o Fechamento da Casa do Jongo [IMAGENS] - RioOnWatch\",\"isPartOf\":{\"@id\":\"https:\/\/rioonwatch.org.br\/#website\"},\"primaryImageOfPage\":{\"@id\":\"https:\/\/rioonwatch.org.br\/?p=30712#primaryimage\"},\"image\":{\"@id\":\"https:\/\/rioonwatch.org.br\/?p=30712#primaryimage\"},\"thumbnailUrl\":\"https:\/\/rioonwatch.org.br\/wp-content\/uploads\/2018\/01\/ROWJONGO5-e1515783002512.jpg\",\"datePublished\":\"2018-01-14T14:17:27+00:00\",\"dateModified\":\"2018-01-15T15:41:54+00:00\",\"breadcrumb\":{\"@id\":\"https:\/\/rioonwatch.org.br\/?p=30712#breadcrumb\"},\"inLanguage\":\"pt-BR\",\"potentialAction\":[{\"@type\":\"ReadAction\",\"target\":[\"https:\/\/rioonwatch.org.br\/?p=30712\"]}]},{\"@type\":\"ImageObject\",\"inLanguage\":\"pt-BR\",\"@id\":\"https:\/\/rioonwatch.org.br\/?p=30712#primaryimage\",\"url\":\"https:\/\/rioonwatch.org.br\/wp-content\/uploads\/2018\/01\/ROWJONGO5-e1515783002512.jpg\",\"contentUrl\":\"https:\/\/rioonwatch.org.br\/wp-content\/uploads\/2018\/01\/ROWJONGO5-e1515783002512.jpg\",\"width\":1795,\"height\":976},{\"@type\":\"BreadcrumbList\",\"@id\":\"https:\/\/rioonwatch.org.br\/?p=30712#breadcrumb\",\"itemListElement\":[{\"@type\":\"ListItem\",\"position\":1,\"name\":\"In\u00edcio\",\"item\":\"https:\/\/rioonwatch.org.br\/\"},{\"@type\":\"ListItem\",\"position\":2,\"name\":\"Centenas Protestam, Lamentam o Fechamento da Casa do Jongo [IMAGENS]\"}]},{\"@type\":\"WebSite\",\"@id\":\"https:\/\/rioonwatch.org.br\/#website\",\"url\":\"https:\/\/rioonwatch.org.br\/\",\"name\":\"RioOnWatch\",\"description\":\"relatos das favelas cariocas\",\"publisher\":{\"@id\":\"https:\/\/rioonwatch.org.br\/#organization\"},\"potentialAction\":[{\"@type\":\"SearchAction\",\"target\":{\"@type\":\"EntryPoint\",\"urlTemplate\":\"https:\/\/rioonwatch.org.br\/?s={search_term_string}\"},\"query-input\":{\"@type\":\"PropertyValueSpecification\",\"valueRequired\":true,\"valueName\":\"search_term_string\"}}],\"inLanguage\":\"pt-BR\"},{\"@type\":\"Organization\",\"@id\":\"https:\/\/rioonwatch.org.br\/#organization\",\"name\":\"RioOnWatch\",\"url\":\"https:\/\/rioonwatch.org.br\/\",\"logo\":{\"@type\":\"ImageObject\",\"inLanguage\":\"pt-BR\",\"@id\":\"https:\/\/rioonwatch.org.br\/#\/schema\/logo\/image\/\",\"url\":\"https:\/\/rioonwatch.org.br\/wp-content\/uploads\/2021\/06\/RioOnWatchcabecalhoPT11anos-2.png\",\"contentUrl\":\"https:\/\/rioonwatch.org.br\/wp-content\/uploads\/2021\/06\/RioOnWatchcabecalhoPT11anos-2.png\",\"width\":779,\"height\":277,\"caption\":\"RioOnWatch\"},\"image\":{\"@id\":\"https:\/\/rioonwatch.org.br\/#\/schema\/logo\/image\/\"}},{\"@type\":\"Person\",\"@id\":\"https:\/\/rioonwatch.org.br\/#\/schema\/person\/b639ec2683435de5a982b61e05770a3d\",\"name\":\"Cerianne Robertson\",\"image\":{\"@type\":\"ImageObject\",\"inLanguage\":\"pt-BR\",\"@id\":\"https:\/\/rioonwatch.org.br\/#\/schema\/person\/image\/\",\"url\":\"https:\/\/secure.gravatar.com\/avatar\/b2495baf6047713d9cf5eb43059071e1?s=96&d=blank&r=g\",\"contentUrl\":\"https:\/\/secure.gravatar.com\/avatar\/b2495baf6047713d9cf5eb43059071e1?s=96&d=blank&r=g\",\"caption\":\"Cerianne Robertson\"},\"url\":\"https:\/\/rioonwatch.org.br\/?author=147\"}]}<\/script>\n<!-- \/ Yoast SEO plugin. -->","yoast_head_json":{"title":"Centenas Protestam, Lamentam o Fechamento da Casa do Jongo [IMAGENS] - RioOnWatch","robots":{"index":"index","follow":"follow","max-snippet":"max-snippet:-1","max-image-preview":"max-image-preview:large","max-video-preview":"max-video-preview:-1"},"canonical":"https:\/\/rioonwatch.org.br\/?p=30712","og_locale":"pt_BR","og_type":"article","og_title":"Centenas Protestam, Lamentam o Fechamento da Casa do Jongo [IMAGENS] - RioOnWatch","og_description":"Click Here for English Ter\u00e7a-feira passada, 9 de janeiro, centenas de pessoas se reuniram na Cinel\u00e2ndia, no Centro do Rio de Janeiro, para protestar contra o fechamento da Casa do Jongo da Serrinha. O centro [...]","og_url":"https:\/\/rioonwatch.org.br\/?p=30712","og_site_name":"RioOnWatch","article_published_time":"2018-01-14T14:17:27+00:00","article_modified_time":"2018-01-15T15:41:54+00:00","og_image":[{"width":1795,"height":976,"url":"https:\/\/rioonwatch.org.br\/wp-content\/uploads\/2018\/01\/ROWJONGO5-e1515783002512.jpg","type":"image\/jpeg"}],"author":"Cerianne Robertson","twitter_card":"summary_large_image","twitter_misc":{"Escrito por":"Cerianne Robertson","Est. tempo de leitura":"2 minutos"},"schema":{"@context":"https:\/\/schema.org","@graph":[{"@type":"Article","@id":"https:\/\/rioonwatch.org.br\/?p=30712#article","isPartOf":{"@id":"https:\/\/rioonwatch.org.br\/?p=30712"},"author":{"name":"Cerianne Robertson","@id":"https:\/\/rioonwatch.org.br\/#\/schema\/person\/b639ec2683435de5a982b61e05770a3d"},"headline":"Centenas Protestam, Lamentam o Fechamento da Casa do Jongo [IMAGENS]","datePublished":"2018-01-14T14:17:27+00:00","dateModified":"2018-01-15T15:41:54+00:00","mainEntityOfPage":{"@id":"https:\/\/rioonwatch.org.br\/?p=30712"},"wordCount":476,"publisher":{"@id":"https:\/\/rioonwatch.org.br\/#organization"},"image":{"@id":"https:\/\/rioonwatch.org.br\/?p=30712#primaryimage"},"thumbnailUrl":"https:\/\/rioonwatch.org.br\/wp-content\/uploads\/2018\/01\/ROWJONGO5-e1515783002512.jpg","keywords":["cultura","Cultura Afro-brasileira","cultura da favela","dan\u00e7a","jongo","Madureira","Marcelo Crivella","m\u00fasica","protesto","resist\u00eancia","Serrinha","Zona Norte"],"articleSection":["#Monitoramento","*Destaque","Cobertura de Eventos","Cultura da Favela","Fotorreportagens","Sociedade Civil"],"inLanguage":"pt-BR"},{"@type":"WebPage","@id":"https:\/\/rioonwatch.org.br\/?p=30712","url":"https:\/\/rioonwatch.org.br\/?p=30712","name":"Centenas Protestam, Lamentam o Fechamento da Casa do Jongo [IMAGENS] - RioOnWatch","isPartOf":{"@id":"https:\/\/rioonwatch.org.br\/#website"},"primaryImageOfPage":{"@id":"https:\/\/rioonwatch.org.br\/?p=30712#primaryimage"},"image":{"@id":"https:\/\/rioonwatch.org.br\/?p=30712#primaryimage"},"thumbnailUrl":"https:\/\/rioonwatch.org.br\/wp-content\/uploads\/2018\/01\/ROWJONGO5-e1515783002512.jpg","datePublished":"2018-01-14T14:17:27+00:00","dateModified":"2018-01-15T15:41:54+00:00","breadcrumb":{"@id":"https:\/\/rioonwatch.org.br\/?p=30712#breadcrumb"},"inLanguage":"pt-BR","potentialAction":[{"@type":"ReadAction","target":["https:\/\/rioonwatch.org.br\/?p=30712"]}]},{"@type":"ImageObject","inLanguage":"pt-BR","@id":"https:\/\/rioonwatch.org.br\/?p=30712#primaryimage","url":"https:\/\/rioonwatch.org.br\/wp-content\/uploads\/2018\/01\/ROWJONGO5-e1515783002512.jpg","contentUrl":"https:\/\/rioonwatch.org.br\/wp-content\/uploads\/2018\/01\/ROWJONGO5-e1515783002512.jpg","width":1795,"height":976},{"@type":"BreadcrumbList","@id":"https:\/\/rioonwatch.org.br\/?p=30712#breadcrumb","itemListElement":[{"@type":"ListItem","position":1,"name":"In\u00edcio","item":"https:\/\/rioonwatch.org.br\/"},{"@type":"ListItem","position":2,"name":"Centenas Protestam, Lamentam o Fechamento da Casa do Jongo [IMAGENS]"}]},{"@type":"WebSite","@id":"https:\/\/rioonwatch.org.br\/#website","url":"https:\/\/rioonwatch.org.br\/","name":"RioOnWatch","description":"relatos das favelas cariocas","publisher":{"@id":"https:\/\/rioonwatch.org.br\/#organization"},"potentialAction":[{"@type":"SearchAction","target":{"@type":"EntryPoint","urlTemplate":"https:\/\/rioonwatch.org.br\/?s={search_term_string}"},"query-input":{"@type":"PropertyValueSpecification","valueRequired":true,"valueName":"search_term_string"}}],"inLanguage":"pt-BR"},{"@type":"Organization","@id":"https:\/\/rioonwatch.org.br\/#organization","name":"RioOnWatch","url":"https:\/\/rioonwatch.org.br\/","logo":{"@type":"ImageObject","inLanguage":"pt-BR","@id":"https:\/\/rioonwatch.org.br\/#\/schema\/logo\/image\/","url":"https:\/\/rioonwatch.org.br\/wp-content\/uploads\/2021\/06\/RioOnWatchcabecalhoPT11anos-2.png","contentUrl":"https:\/\/rioonwatch.org.br\/wp-content\/uploads\/2021\/06\/RioOnWatchcabecalhoPT11anos-2.png","width":779,"height":277,"caption":"RioOnWatch"},"image":{"@id":"https:\/\/rioonwatch.org.br\/#\/schema\/logo\/image\/"}},{"@type":"Person","@id":"https:\/\/rioonwatch.org.br\/#\/schema\/person\/b639ec2683435de5a982b61e05770a3d","name":"Cerianne Robertson","image":{"@type":"ImageObject","inLanguage":"pt-BR","@id":"https:\/\/rioonwatch.org.br\/#\/schema\/person\/image\/","url":"https:\/\/secure.gravatar.com\/avatar\/b2495baf6047713d9cf5eb43059071e1?s=96&d=blank&r=g","contentUrl":"https:\/\/secure.gravatar.com\/avatar\/b2495baf6047713d9cf5eb43059071e1?s=96&d=blank&r=g","caption":"Cerianne Robertson"},"url":"https:\/\/rioonwatch.org.br\/?author=147"}]}},"_links":{"self":[{"href":"https:\/\/rioonwatch.org.br\/index.php?rest_route=\/wp\/v2\/posts\/30712"}],"collection":[{"href":"https:\/\/rioonwatch.org.br\/index.php?rest_route=\/wp\/v2\/posts"}],"about":[{"href":"https:\/\/rioonwatch.org.br\/index.php?rest_route=\/wp\/v2\/types\/post"}],"author":[{"embeddable":true,"href":"https:\/\/rioonwatch.org.br\/index.php?rest_route=\/wp\/v2\/users\/147"}],"replies":[{"embeddable":true,"href":"https:\/\/rioonwatch.org.br\/index.php?rest_route=%2Fwp%2Fv2%2Fcomments&post=30712"}],"version-history":[{"count":7,"href":"https:\/\/rioonwatch.org.br\/index.php?rest_route=\/wp\/v2\/posts\/30712\/revisions"}],"predecessor-version":[{"id":30732,"href":"https:\/\/rioonwatch.org.br\/index.php?rest_route=\/wp\/v2\/posts\/30712\/revisions\/30732"}],"wp:featuredmedia":[{"embeddable":true,"href":"https:\/\/rioonwatch.org.br\/index.php?rest_route=\/wp\/v2\/media\/30716"}],"wp:attachment":[{"href":"https:\/\/rioonwatch.org.br\/index.php?rest_route=%2Fwp%2Fv2%2Fmedia&parent=30712"}],"wp:term":[{"taxonomy":"category","embeddable":true,"href":"https:\/\/rioonwatch.org.br\/index.php?rest_route=%2Fwp%2Fv2%2Fcategories&post=30712"},{"taxonomy":"post_tag","embeddable":true,"href":"https:\/\/rioonwatch.org.br\/index.php?rest_route=%2Fwp%2Fv2%2Ftags&post=30712"},{"taxonomy":"writer","embeddable":true,"href":"https:\/\/rioonwatch.org.br\/index.php?rest_route=%2Fwp%2Fv2%2Fwriter&post=30712"},{"taxonomy":"translator","embeddable":true,"href":"https:\/\/rioonwatch.org.br\/index.php?rest_route=%2Fwp%2Fv2%2Ftranslator&post=30712"},{"taxonomy":"source","embeddable":true,"href":"https:\/\/rioonwatch.org.br\/index.php?rest_route=%2Fwp%2Fv2%2Fsource&post=30712"},{"taxonomy":"ilustrador","embeddable":true,"href":"https:\/\/rioonwatch.org.br\/index.php?rest_route=%2Fwp%2Fv2%2Filustrador&post=30712"},{"taxonomy":"fotografo","embeddable":true,"href":"https:\/\/rioonwatch.org.br\/index.php?rest_route=%2Fwp%2Fv2%2Ffotografo&post=30712"}],"curies":[{"name":"wp","href":"https:\/\/api.w.org\/{rel}","templated":true}]}}