{"id":30788,"date":"2018-01-20T12:41:45","date_gmt":"2018-01-20T15:41:45","guid":{"rendered":"http:\/\/rioonwatch.org.br\/?p=30788"},"modified":"2024-06-20T13:36:23","modified_gmt":"2024-06-20T16:36:23","slug":"oquedizemasredes-sobre-as-operacoes-policiais-no-jacarezinho","status":"publish","type":"post","link":"https:\/\/rioonwatch.org.br\/?p=30788","title":{"rendered":"#OQueDizemAsRedes Sobre as Opera\u00e7\u00f5es Policiais no Jacarezinho"},"content":{"rendered":"<p style=\"text-align: right;\"><em><strong><a href=\"http:\/\/bit.ly\/2n5qSQD\" target=\"_blank\" rel=\"noopener noreferrer\">Click Here for English<img decoding=\"async\" width=\"20\" height=\"20\" class=\"alignright wp-image-15790\" src=\"http:\/\/rioonwatch.org.br\/wp-content\/uploads\/2012\/08\/EN-standard-e1439583104716.jpg\" \/><\/a><\/strong><\/em><\/p>\n<p><em>Mat\u00e9ria da s\u00e9rie <a href=\"http:\/\/bit.ly\/2mWUr7d\" target=\"_blank\" rel=\"noopener\">#OQueDizemAsRedes<\/a> que traz pontos de vista publicados nas redes sociais, de moradores e ativistas de favela sobre eventos e temas que surgem na sociedade.<\/em><\/p>\n<p>Ap\u00f3s a morte de um delegado da Pol\u00edcia Civil no dia 12 de janeiro no <a href=\"http:\/\/bit.ly\/19t7wK0\" target=\"_blank\" rel=\"noopener\">Jacarezinho<\/a>, na <a href=\"http:\/\/bit.ly\/WximDf\" target=\"_blank\" rel=\"noopener\">Zona Norte<\/a> do Rio de Janeiro, a Pol\u00edcia Civil, que mobilizou equipes de 31 delegacias, juntamente com agentes das pol\u00edcias Militar e Federal, <a href=\"https:\/\/glo.bo\/2mW2th8\" target=\"_blank\" rel=\"noopener\">vem realizando opera\u00e7\u00f5es diariamente<\/a> na favela e nas comunidades vizinhas em busca dos suspeitos. <a href=\"http:\/\/bit.ly\/2DvgsEc\" target=\"_blank\" rel=\"noopener\">Helic\u00f3pteros da Pol\u00edcia Civil dispararam em movimento<\/a>, com altas chances de errar o alvo. <a href=\"http:\/\/bit.ly\/2DrZnLx\" target=\"_blank\" rel=\"noopener\">15 pessoas foram presas na quinta-feira<\/a>, dia 18, pelo Ex\u00e9rcito, por suspeita de envolvimento no assassinato, ap\u00f3s as for\u00e7as conjuntas conseguirem um mandato coletivo de busca e apreens\u00e3o.<\/p>\n<p><a href=\"http:\/\/rioonwatch.org.br\/wp-content\/uploads\/2018\/01\/Helicopter-over-Jacarezinho.jpg\"><img fetchpriority=\"high\" decoding=\"async\" class=\"alignright wp-image-30794 size-thumbnail\" title=\"Helic\u00f3ptero durante opera\u00e7\u00e3o no Jacarezinho. Foto de defezap\" src=\"http:\/\/rioonwatch.org.br\/wp-content\/uploads\/2018\/01\/Helicopter-over-Jacarezinho-299x264.jpg\" alt=\"\" width=\"299\" height=\"264\" srcset=\"https:\/\/rioonwatch.org.br\/wp-content\/uploads\/2018\/01\/Helicopter-over-Jacarezinho-299x264.jpg 299w, https:\/\/rioonwatch.org.br\/wp-content\/uploads\/2018\/01\/Helicopter-over-Jacarezinho.jpg 406w\" sizes=\"(max-width: 299px) 100vw, 299px\" \/><\/a>A p\u00e1gina do Facebook do aplicativo DefeZap <a href=\"http:\/\/bit.ly\/2DxVUec\" target=\"_blank\" rel=\"noopener\">relatou o recebimento de materiais que denunciavam<\/a> a opera\u00e7\u00e3o, incluindo o emprego dos helic\u00f3pteros de forma question\u00e1vel, e o seu encaminhamento como den\u00fancia \u00e0s inst\u00e2ncias respons\u00e1veis. &#8220;Dezenas de cidad\u00e3os t\u00eam relatado tal pr\u00e1tica, a maioria mulheres, m\u00e3es preocupadas com seus filhos brincando nas ruas, correndo s\u00e9rio risco de se tornarem v\u00edtimas de tais disparos,&#8221; disse. Como eles colocam, n\u00e3o se trata de um fato isolado, e mais preocupante ainda por se dar em uma \u00e1rea densamente povoada.<\/p>\n<p>Michel Silva, um comunicador comunit\u00e1rio da <a href=\"http:\/\/bit.ly\/16w2zz1\" target=\"_blank\" rel=\"noopener\">Rocinha<\/a>, <a href=\"http:\/\/bit.ly\/2DvnwAM\" target=\"_blank\" rel=\"noopener\">destacou a dimens\u00e3o do investimento<\/a> feito nas pol\u00edticas de <a href=\"http:\/\/bit.ly\/1fRNcBs\" target=\"_blank\" rel=\"noopener\">seguran\u00e7a p\u00fablica<\/a>, sugerindo que o impacto seria muito maior se o valor fosse repassado para programas de <a href=\"http:\/\/bit.ly\/1NzHxSq\" target=\"_blank\" rel=\"noopener\">cultura<\/a> protagonizado por moradores. Lembrando as\u00a0<a href=\"http:\/\/bit.ly\/2hutjx6\" target=\"_blank\" rel=\"noopener\">opera\u00e7\u00f5es militares na Rocinha em setembro<\/a>, Michel escreveu:<\/p>\n<blockquote><p>&#8220;Quando as For\u00e7as Armadas cercaram a Rocinha em setembro do ano passado foi um alvoro\u00e7o. Depois de sete dias ocupada, eles foram embora e retornaram em outubro. Ficaram mais dois dias.\u00a0E quanto custou todas essas opera\u00e7\u00f5es de GLO (Garantia da Lei e da Ordem) na Rocinha? R$7.086.389,75. Teve algum resultado efetivo? N\u00e3o. Desse montante, a Marinha do Brasil recebeu: R$2.335.997,32; Ex\u00e9rcito Brasileiro: R$3.473.000,00; e For\u00e7a A\u00e9rea Brasileira: R$1.277.392,43. Imagina toda essa grana na m\u00e3o dos favelados fazedores de cultura? Isso me deixa muito indignado.&#8221;<\/p><\/blockquote>\n<p>Integrante do <a href=\"http:\/\/bit.ly\/1CLd514\" target=\"_blank\" rel=\"noopener\">Coletivo Papo Reto<\/a>, Thain\u00e3 de Medeiros, <a href=\"http:\/\/bit.ly\/2DwVIfy\" target=\"_blank\" rel=\"noopener\">ao refletir sobre o post de Michel<\/a>, questiona quem est\u00e1 lucrando com todo esse dinheiro. &#8220;Se o investimento continua sendo feito, algu\u00e9m est\u00e1 lucrando. Se toda essa grana est\u00e1 sendo investida, quem vende arma deve estar sorrindo.&#8221;<\/p>\n<p>A p\u00e1gina da campanha \u201c<a href=\"http:\/\/bit.ly\/2jYk46V\" target=\"_blank\" rel=\"noopener\">Caveir\u00e3o N\u00e3o \u2013 Favelas Pela Vida e Contra a Opera\u00e7\u00e3o<\/a>\u201d questiona\u00a0<a href=\"http:\/\/bit.ly\/2DsclZH\" target=\"_blank\" rel=\"noopener\">a guerra \u00e0s drogas erroneamente empreendida contra os moradores<\/a> de favelas, que por consequ\u00eancia n\u00e3o podem viver em paz. &#8220;Quem paga pela falsa &#8216;<a href=\"http:\/\/bit.ly\/1TkAKCu\" target=\"_blank\" rel=\"noopener\">guerra as drogas<\/a>&#8216; \u00e9 sempre a popula\u00e7\u00e3o. Farsa! Sabemos que os <a href=\"http:\/\/bit.ly\/2gxGAoo\" target=\"_blank\" rel=\"noopener\">verdadeiros traficantes est\u00e3o nas grandes mans\u00f5es<\/a> da <a href=\"http:\/\/bit.ly\/1mNsDyk\" target=\"_blank\" rel=\"noopener\">Zona Sul<\/a>! S\u00e3o pol\u00edticos e megaempres\u00e1rios, que compram o sil\u00eancio das autoridades, dos ju\u00edzes etc.&#8221;<\/p>\n<p><a href=\"http:\/\/rioonwatch.org.br\/wp-content\/uploads\/2018\/01\/Light-in-Jacarezinho.jpg\"><img decoding=\"async\" class=\"aligncenter wp-image-30793 size-content\" title=\"Ve\u00edculo de Light no Jacarezinho. Foto: Reprodu\u00e7\u00e3o Twitter \/ @lightclientes\" src=\"http:\/\/rioonwatch.org.br\/wp-content\/uploads\/2018\/01\/Light-in-Jacarezinho-620x264.jpg\" alt=\"\" width=\"620\" height=\"264\" \/><\/a><\/p>\n<p>O jornal <em>Fala Manguinhos<\/em> fez sucessivas <a href=\"http:\/\/bit.ly\/2Dq1HDj\" target=\"_blank\" rel=\"noopener\">postagens atualizando os moradores<\/a> de\u00a0<a href=\"http:\/\/bit.ly\/ZC9b6z\" target=\"_blank\" rel=\"noopener\">Manguinhos<\/a>, vizinha do Jacarezinho, sobre o andamento das opera\u00e7\u00f5es, que abarca ainda as comunidades de <a href=\"http:\/\/bit.ly\/2DrLmOK\" target=\"_blank\" rel=\"noopener\">Arar\u00e1<\/a> e <a href=\"http:\/\/bit.ly\/1EzAHdz\" target=\"_blank\" rel=\"noopener\">Mandela<\/a>.<\/p>\n<p>Al\u00e9m do perigo das balas perdidas e da arbitrariedade e potencial viol\u00eancia protagonizada por policiais, a Ag\u00eancia de Not\u00edcias das Favelas\u00a0<a href=\"http:\/\/bit.ly\/2DsclZH\" target=\"_blank\" rel=\"noopener\">destaca os preju\u00edzos que incluem danos \u00e0 rede el\u00e9trica<\/a>, que segundo a <a href=\"http:\/\/bit.ly\/1lqbsRD\" target=\"_blank\" rel=\"noopener\">Light<\/a> s\u00f3 poder\u00e1 ser consertado quando uma situa\u00e7\u00e3o de seguran\u00e7a for reestabelecida.<\/p>\n<p>Fot\u00f3grafo do Jacarezinho, L\u00e9o Lima, contrastou a imagem dominante da viol\u00eancia na favela na grande m\u00eddia com um <a href=\"http:\/\/bit.ly\/2DlXHji\" target=\"_blank\" rel=\"noopener\">v\u00eddeo de crian\u00e7as rindo e curtindo o cinema<\/a> na rua na pr\u00f3pria favela (abaixo).\u00a0L\u00e9o refletiu: &#8220;JACAREZINHO, LUGAR MAIS VIOLENTO DO RJ. Assim diz os jornais e a televis\u00e3o. A gente sem espelho acredita e compartilha muitas vezes que acaba se tornando a \u00fanica verdade.&#8221; Em contraste, o v\u00eddeo mostra um outro lado. O videoclipe \u00e9 da p\u00e1gina &#8216;<a href=\"http:\/\/bit.ly\/2FZhmr4\" target=\"_blank\" rel=\"noopener\">Favela que me viu Crescer<\/a>&#8216;, <a href=\"http:\/\/bit.ly\/2CZb8Ff\" target=\"_blank\" rel=\"noopener\">filme produzido por Cafun\u00e9 na Laje<\/a> que se trata da favela e a hist\u00f3ria dela do ponto de vista dos moradores.<\/p>\n<p><iframe style=\"border: none; overflow: hidden;\" src=\"https:\/\/www.facebook.com\/plugins\/video.php?href=https%3A%2F%2Fwww.facebook.com%2Ffavelaquemeviucrescer%2Fvideos%2F250099065528048%2F&amp;show_text=0&amp;width=560\" width=\"560\" height=\"315\" frameborder=\"0\" scrolling=\"no\" allowfullscreen=\"allowfullscreen\"><\/iframe><\/p>\n<!-- AddThis Advanced Settings generic via filter on the_content --><!-- AddThis Share Buttons generic via filter on the_content -->","protected":false},"excerpt":{"rendered":"<div class=\"mh-excerpt\"><p>Click Here for English Mat\u00e9ria da s\u00e9rie #OQueDizemAsRedes que traz pontos de vista publicados nas redes sociais, de moradores e ativistas de favela sobre eventos e temas que surgem na sociedade. Ap\u00f3s a morte de <a class=\"mh-excerpt-more\" href=\"https:\/\/rioonwatch.org.br\/?p=30788\" title=\"#OQueDizemAsRedes Sobre as Opera\u00e7\u00f5es Policiais no Jacarezinho\">[&#8230;]<\/a><!-- AddThis Advanced Settings generic via filter on get_the_excerpt --><!-- AddThis Share Buttons generic via filter on get_the_excerpt --><\/p>\n<\/div>","protected":false},"author":147,"featured_media":30805,"comment_status":"closed","ping_status":"closed","sticky":false,"template":"","format":"standard","meta":{"_acf_changed":false,"_monsterinsights_skip_tracking":false,"_monsterinsights_sitenote_active":false,"_monsterinsights_sitenote_note":"","_monsterinsights_sitenote_category":0,"footnotes":""},"categories":[2089,1621,346,1613,1620],"tags":[943,1530,1386,1535,2174,2253,1418,599,636,1093,1707,1849,774,1033,1511,16,672,52],"writer":[1994],"translator":[],"source":[],"ilustrador":[],"fotografo":[],"class_list":{"0":"post-30788","1":"post","2":"type-post","3":"status-publish","4":"format-standard","5":"has-post-thumbnail","7":"category-monitoramento","8":"category-destaque","9":"category-denuncias","10":"category-midia-comunitaria","11":"category-olhonaupp","12":"tag-oquedizemasredes","13":"tag-midia-comunitaria","14":"tag-critica-a-politica","15":"tag-facebook","16":"tag-fala-manguinhos","17":"tag-guerra-as-drogas","18":"tag-coletivo-papo-reto","19":"tag-jacarezinho","20":"tag-manguinhos","21":"tag-mandela","22":"tag-parque-arara","23":"tag-policia-federal","24":"tag-policia-militar","25":"tag-politica","26":"tag-politica-de-seguranca","27":"tag-rocinha","28":"tag-seguranca-publica","29":"tag-violencia-policial","30":"writer-luisa-fenizola"},"acf":[],"yoast_head":"<!-- This site is optimized with the Yoast SEO plugin v25.6 - https:\/\/yoast.com\/wordpress\/plugins\/seo\/ -->\n<title>#OQueDizemAsRedes Sobre as Opera\u00e7\u00f5es Policiais no Jacarezinho - RioOnWatch<\/title>\n<meta name=\"robots\" content=\"index, follow, max-snippet:-1, max-image-preview:large, max-video-preview:-1\" \/>\n<link rel=\"canonical\" href=\"https:\/\/rioonwatch.org.br\/?p=30788\" \/>\n<meta property=\"og:locale\" content=\"pt_BR\" \/>\n<meta property=\"og:type\" content=\"article\" \/>\n<meta property=\"og:title\" content=\"#OQueDizemAsRedes Sobre as Opera\u00e7\u00f5es Policiais no Jacarezinho - RioOnWatch\" \/>\n<meta property=\"og:description\" content=\"Click Here for English Mat\u00e9ria da s\u00e9rie #OQueDizemAsRedes que traz pontos de vista publicados nas redes sociais, de moradores e ativistas de favela sobre eventos e temas que surgem na sociedade. Ap\u00f3s a morte de [...]\" \/>\n<meta property=\"og:url\" content=\"https:\/\/rioonwatch.org.br\/?p=30788\" \/>\n<meta property=\"og:site_name\" content=\"RioOnWatch\" \/>\n<meta property=\"article:published_time\" content=\"2018-01-20T15:41:45+00:00\" \/>\n<meta property=\"article:modified_time\" content=\"2024-06-20T16:36:23+00:00\" \/>\n<meta property=\"og:image\" content=\"https:\/\/rioonwatch.org.br\/wp-content\/uploads\/2018\/01\/Defezap.jpg\" \/>\n\t<meta property=\"og:image:width\" content=\"679\" \/>\n\t<meta property=\"og:image:height\" content=\"322\" \/>\n\t<meta property=\"og:image:type\" content=\"image\/jpeg\" \/>\n<meta name=\"author\" content=\"Cerianne Robertson\" \/>\n<meta name=\"twitter:card\" content=\"summary_large_image\" \/>\n<meta name=\"twitter:label1\" content=\"Escrito por\" \/>\n\t<meta name=\"twitter:data1\" content=\"Cerianne Robertson\" \/>\n\t<meta name=\"twitter:label2\" content=\"Est. tempo de leitura\" \/>\n\t<meta name=\"twitter:data2\" content=\"4 minutos\" \/>\n<script type=\"application\/ld+json\" class=\"yoast-schema-graph\">{\"@context\":\"https:\/\/schema.org\",\"@graph\":[{\"@type\":\"Article\",\"@id\":\"https:\/\/rioonwatch.org.br\/?p=30788#article\",\"isPartOf\":{\"@id\":\"https:\/\/rioonwatch.org.br\/?p=30788\"},\"author\":{\"name\":\"Cerianne Robertson\",\"@id\":\"https:\/\/rioonwatch.org.br\/#\/schema\/person\/b639ec2683435de5a982b61e05770a3d\"},\"headline\":\"#OQueDizemAsRedes Sobre as Opera\u00e7\u00f5es Policiais no Jacarezinho\",\"datePublished\":\"2018-01-20T15:41:45+00:00\",\"dateModified\":\"2024-06-20T16:36:23+00:00\",\"mainEntityOfPage\":{\"@id\":\"https:\/\/rioonwatch.org.br\/?p=30788\"},\"wordCount\":712,\"publisher\":{\"@id\":\"https:\/\/rioonwatch.org.br\/#organization\"},\"image\":{\"@id\":\"https:\/\/rioonwatch.org.br\/?p=30788#primaryimage\"},\"thumbnailUrl\":\"https:\/\/rioonwatch.org.br\/wp-content\/uploads\/2018\/01\/Defezap.jpg\",\"keywords\":[\"#OQueDizemAsRedes\",\"Comunica\u00e7\u00e3o Comunit\u00e1ria\",\"cr\u00edtica \u00e0 pol\u00edtica\",\"Facebook\",\"Fala Manguinhos\",\"guerra \u00e0s drogas\",\"Instituto Papo Reto\",\"Jacarezinho\",\"Manguinhos\",\"Nelson Mandela\",\"Parque Arar\u00e1\",\"Pol\u00edcia Federal\",\"Pol\u00edcia Militar\",\"pol\u00edtica\",\"pol\u00edtica de seguran\u00e7a\",\"Rocinha\",\"seguran\u00e7a p\u00fablica\",\"viol\u00eancia policial\"],\"articleSection\":[\"#Monitoramento\",\"*Destaque\",\"Den\u00fancias\",\"M\u00eddia Comunit\u00e1ria\",\"Seguran\u00e7a P\u00fablica\"],\"inLanguage\":\"pt-BR\"},{\"@type\":\"WebPage\",\"@id\":\"https:\/\/rioonwatch.org.br\/?p=30788\",\"url\":\"https:\/\/rioonwatch.org.br\/?p=30788\",\"name\":\"#OQueDizemAsRedes Sobre as Opera\u00e7\u00f5es Policiais no Jacarezinho - RioOnWatch\",\"isPartOf\":{\"@id\":\"https:\/\/rioonwatch.org.br\/#website\"},\"primaryImageOfPage\":{\"@id\":\"https:\/\/rioonwatch.org.br\/?p=30788#primaryimage\"},\"image\":{\"@id\":\"https:\/\/rioonwatch.org.br\/?p=30788#primaryimage\"},\"thumbnailUrl\":\"https:\/\/rioonwatch.org.br\/wp-content\/uploads\/2018\/01\/Defezap.jpg\",\"datePublished\":\"2018-01-20T15:41:45+00:00\",\"dateModified\":\"2024-06-20T16:36:23+00:00\",\"breadcrumb\":{\"@id\":\"https:\/\/rioonwatch.org.br\/?p=30788#breadcrumb\"},\"inLanguage\":\"pt-BR\",\"potentialAction\":[{\"@type\":\"ReadAction\",\"target\":[\"https:\/\/rioonwatch.org.br\/?p=30788\"]}]},{\"@type\":\"ImageObject\",\"inLanguage\":\"pt-BR\",\"@id\":\"https:\/\/rioonwatch.org.br\/?p=30788#primaryimage\",\"url\":\"https:\/\/rioonwatch.org.br\/wp-content\/uploads\/2018\/01\/Defezap.jpg\",\"contentUrl\":\"https:\/\/rioonwatch.org.br\/wp-content\/uploads\/2018\/01\/Defezap.jpg\",\"width\":679,\"height\":322},{\"@type\":\"BreadcrumbList\",\"@id\":\"https:\/\/rioonwatch.org.br\/?p=30788#breadcrumb\",\"itemListElement\":[{\"@type\":\"ListItem\",\"position\":1,\"name\":\"In\u00edcio\",\"item\":\"https:\/\/rioonwatch.org.br\/\"},{\"@type\":\"ListItem\",\"position\":2,\"name\":\"#OQueDizemAsRedes Sobre as Opera\u00e7\u00f5es Policiais no Jacarezinho\"}]},{\"@type\":\"WebSite\",\"@id\":\"https:\/\/rioonwatch.org.br\/#website\",\"url\":\"https:\/\/rioonwatch.org.br\/\",\"name\":\"RioOnWatch\",\"description\":\"relatos das favelas cariocas\",\"publisher\":{\"@id\":\"https:\/\/rioonwatch.org.br\/#organization\"},\"potentialAction\":[{\"@type\":\"SearchAction\",\"target\":{\"@type\":\"EntryPoint\",\"urlTemplate\":\"https:\/\/rioonwatch.org.br\/?s={search_term_string}\"},\"query-input\":{\"@type\":\"PropertyValueSpecification\",\"valueRequired\":true,\"valueName\":\"search_term_string\"}}],\"inLanguage\":\"pt-BR\"},{\"@type\":\"Organization\",\"@id\":\"https:\/\/rioonwatch.org.br\/#organization\",\"name\":\"RioOnWatch\",\"url\":\"https:\/\/rioonwatch.org.br\/\",\"logo\":{\"@type\":\"ImageObject\",\"inLanguage\":\"pt-BR\",\"@id\":\"https:\/\/rioonwatch.org.br\/#\/schema\/logo\/image\/\",\"url\":\"https:\/\/rioonwatch.org.br\/wp-content\/uploads\/2021\/06\/RioOnWatchcabecalhoPT11anos-2.png\",\"contentUrl\":\"https:\/\/rioonwatch.org.br\/wp-content\/uploads\/2021\/06\/RioOnWatchcabecalhoPT11anos-2.png\",\"width\":779,\"height\":277,\"caption\":\"RioOnWatch\"},\"image\":{\"@id\":\"https:\/\/rioonwatch.org.br\/#\/schema\/logo\/image\/\"}},{\"@type\":\"Person\",\"@id\":\"https:\/\/rioonwatch.org.br\/#\/schema\/person\/b639ec2683435de5a982b61e05770a3d\",\"name\":\"Cerianne Robertson\",\"image\":{\"@type\":\"ImageObject\",\"inLanguage\":\"pt-BR\",\"@id\":\"https:\/\/rioonwatch.org.br\/#\/schema\/person\/image\/\",\"url\":\"https:\/\/secure.gravatar.com\/avatar\/b2495baf6047713d9cf5eb43059071e1?s=96&d=blank&r=g\",\"contentUrl\":\"https:\/\/secure.gravatar.com\/avatar\/b2495baf6047713d9cf5eb43059071e1?s=96&d=blank&r=g\",\"caption\":\"Cerianne Robertson\"},\"url\":\"https:\/\/rioonwatch.org.br\/?author=147\"}]}<\/script>\n<!-- \/ Yoast SEO plugin. -->","yoast_head_json":{"title":"#OQueDizemAsRedes Sobre as Opera\u00e7\u00f5es Policiais no Jacarezinho - RioOnWatch","robots":{"index":"index","follow":"follow","max-snippet":"max-snippet:-1","max-image-preview":"max-image-preview:large","max-video-preview":"max-video-preview:-1"},"canonical":"https:\/\/rioonwatch.org.br\/?p=30788","og_locale":"pt_BR","og_type":"article","og_title":"#OQueDizemAsRedes Sobre as Opera\u00e7\u00f5es Policiais no Jacarezinho - RioOnWatch","og_description":"Click Here for English Mat\u00e9ria da s\u00e9rie #OQueDizemAsRedes que traz pontos de vista publicados nas redes sociais, de moradores e ativistas de favela sobre eventos e temas que surgem na sociedade. Ap\u00f3s a morte de [...]","og_url":"https:\/\/rioonwatch.org.br\/?p=30788","og_site_name":"RioOnWatch","article_published_time":"2018-01-20T15:41:45+00:00","article_modified_time":"2024-06-20T16:36:23+00:00","og_image":[{"width":679,"height":322,"url":"https:\/\/rioonwatch.org.br\/wp-content\/uploads\/2018\/01\/Defezap.jpg","type":"image\/jpeg"}],"author":"Cerianne Robertson","twitter_card":"summary_large_image","twitter_misc":{"Escrito por":"Cerianne Robertson","Est. tempo de leitura":"4 minutos"},"schema":{"@context":"https:\/\/schema.org","@graph":[{"@type":"Article","@id":"https:\/\/rioonwatch.org.br\/?p=30788#article","isPartOf":{"@id":"https:\/\/rioonwatch.org.br\/?p=30788"},"author":{"name":"Cerianne Robertson","@id":"https:\/\/rioonwatch.org.br\/#\/schema\/person\/b639ec2683435de5a982b61e05770a3d"},"headline":"#OQueDizemAsRedes Sobre as Opera\u00e7\u00f5es Policiais no Jacarezinho","datePublished":"2018-01-20T15:41:45+00:00","dateModified":"2024-06-20T16:36:23+00:00","mainEntityOfPage":{"@id":"https:\/\/rioonwatch.org.br\/?p=30788"},"wordCount":712,"publisher":{"@id":"https:\/\/rioonwatch.org.br\/#organization"},"image":{"@id":"https:\/\/rioonwatch.org.br\/?p=30788#primaryimage"},"thumbnailUrl":"https:\/\/rioonwatch.org.br\/wp-content\/uploads\/2018\/01\/Defezap.jpg","keywords":["#OQueDizemAsRedes","Comunica\u00e7\u00e3o Comunit\u00e1ria","cr\u00edtica \u00e0 pol\u00edtica","Facebook","Fala Manguinhos","guerra \u00e0s drogas","Instituto Papo Reto","Jacarezinho","Manguinhos","Nelson Mandela","Parque Arar\u00e1","Pol\u00edcia Federal","Pol\u00edcia Militar","pol\u00edtica","pol\u00edtica de seguran\u00e7a","Rocinha","seguran\u00e7a p\u00fablica","viol\u00eancia policial"],"articleSection":["#Monitoramento","*Destaque","Den\u00fancias","M\u00eddia Comunit\u00e1ria","Seguran\u00e7a P\u00fablica"],"inLanguage":"pt-BR"},{"@type":"WebPage","@id":"https:\/\/rioonwatch.org.br\/?p=30788","url":"https:\/\/rioonwatch.org.br\/?p=30788","name":"#OQueDizemAsRedes Sobre as Opera\u00e7\u00f5es Policiais no Jacarezinho - RioOnWatch","isPartOf":{"@id":"https:\/\/rioonwatch.org.br\/#website"},"primaryImageOfPage":{"@id":"https:\/\/rioonwatch.org.br\/?p=30788#primaryimage"},"image":{"@id":"https:\/\/rioonwatch.org.br\/?p=30788#primaryimage"},"thumbnailUrl":"https:\/\/rioonwatch.org.br\/wp-content\/uploads\/2018\/01\/Defezap.jpg","datePublished":"2018-01-20T15:41:45+00:00","dateModified":"2024-06-20T16:36:23+00:00","breadcrumb":{"@id":"https:\/\/rioonwatch.org.br\/?p=30788#breadcrumb"},"inLanguage":"pt-BR","potentialAction":[{"@type":"ReadAction","target":["https:\/\/rioonwatch.org.br\/?p=30788"]}]},{"@type":"ImageObject","inLanguage":"pt-BR","@id":"https:\/\/rioonwatch.org.br\/?p=30788#primaryimage","url":"https:\/\/rioonwatch.org.br\/wp-content\/uploads\/2018\/01\/Defezap.jpg","contentUrl":"https:\/\/rioonwatch.org.br\/wp-content\/uploads\/2018\/01\/Defezap.jpg","width":679,"height":322},{"@type":"BreadcrumbList","@id":"https:\/\/rioonwatch.org.br\/?p=30788#breadcrumb","itemListElement":[{"@type":"ListItem","position":1,"name":"In\u00edcio","item":"https:\/\/rioonwatch.org.br\/"},{"@type":"ListItem","position":2,"name":"#OQueDizemAsRedes Sobre as Opera\u00e7\u00f5es Policiais no Jacarezinho"}]},{"@type":"WebSite","@id":"https:\/\/rioonwatch.org.br\/#website","url":"https:\/\/rioonwatch.org.br\/","name":"RioOnWatch","description":"relatos das favelas cariocas","publisher":{"@id":"https:\/\/rioonwatch.org.br\/#organization"},"potentialAction":[{"@type":"SearchAction","target":{"@type":"EntryPoint","urlTemplate":"https:\/\/rioonwatch.org.br\/?s={search_term_string}"},"query-input":{"@type":"PropertyValueSpecification","valueRequired":true,"valueName":"search_term_string"}}],"inLanguage":"pt-BR"},{"@type":"Organization","@id":"https:\/\/rioonwatch.org.br\/#organization","name":"RioOnWatch","url":"https:\/\/rioonwatch.org.br\/","logo":{"@type":"ImageObject","inLanguage":"pt-BR","@id":"https:\/\/rioonwatch.org.br\/#\/schema\/logo\/image\/","url":"https:\/\/rioonwatch.org.br\/wp-content\/uploads\/2021\/06\/RioOnWatchcabecalhoPT11anos-2.png","contentUrl":"https:\/\/rioonwatch.org.br\/wp-content\/uploads\/2021\/06\/RioOnWatchcabecalhoPT11anos-2.png","width":779,"height":277,"caption":"RioOnWatch"},"image":{"@id":"https:\/\/rioonwatch.org.br\/#\/schema\/logo\/image\/"}},{"@type":"Person","@id":"https:\/\/rioonwatch.org.br\/#\/schema\/person\/b639ec2683435de5a982b61e05770a3d","name":"Cerianne Robertson","image":{"@type":"ImageObject","inLanguage":"pt-BR","@id":"https:\/\/rioonwatch.org.br\/#\/schema\/person\/image\/","url":"https:\/\/secure.gravatar.com\/avatar\/b2495baf6047713d9cf5eb43059071e1?s=96&d=blank&r=g","contentUrl":"https:\/\/secure.gravatar.com\/avatar\/b2495baf6047713d9cf5eb43059071e1?s=96&d=blank&r=g","caption":"Cerianne Robertson"},"url":"https:\/\/rioonwatch.org.br\/?author=147"}]}},"_links":{"self":[{"href":"https:\/\/rioonwatch.org.br\/index.php?rest_route=\/wp\/v2\/posts\/30788"}],"collection":[{"href":"https:\/\/rioonwatch.org.br\/index.php?rest_route=\/wp\/v2\/posts"}],"about":[{"href":"https:\/\/rioonwatch.org.br\/index.php?rest_route=\/wp\/v2\/types\/post"}],"author":[{"embeddable":true,"href":"https:\/\/rioonwatch.org.br\/index.php?rest_route=\/wp\/v2\/users\/147"}],"replies":[{"embeddable":true,"href":"https:\/\/rioonwatch.org.br\/index.php?rest_route=%2Fwp%2Fv2%2Fcomments&post=30788"}],"version-history":[{"count":17,"href":"https:\/\/rioonwatch.org.br\/index.php?rest_route=\/wp\/v2\/posts\/30788\/revisions"}],"predecessor-version":[{"id":30844,"href":"https:\/\/rioonwatch.org.br\/index.php?rest_route=\/wp\/v2\/posts\/30788\/revisions\/30844"}],"wp:featuredmedia":[{"embeddable":true,"href":"https:\/\/rioonwatch.org.br\/index.php?rest_route=\/wp\/v2\/media\/30805"}],"wp:attachment":[{"href":"https:\/\/rioonwatch.org.br\/index.php?rest_route=%2Fwp%2Fv2%2Fmedia&parent=30788"}],"wp:term":[{"taxonomy":"category","embeddable":true,"href":"https:\/\/rioonwatch.org.br\/index.php?rest_route=%2Fwp%2Fv2%2Fcategories&post=30788"},{"taxonomy":"post_tag","embeddable":true,"href":"https:\/\/rioonwatch.org.br\/index.php?rest_route=%2Fwp%2Fv2%2Ftags&post=30788"},{"taxonomy":"writer","embeddable":true,"href":"https:\/\/rioonwatch.org.br\/index.php?rest_route=%2Fwp%2Fv2%2Fwriter&post=30788"},{"taxonomy":"translator","embeddable":true,"href":"https:\/\/rioonwatch.org.br\/index.php?rest_route=%2Fwp%2Fv2%2Ftranslator&post=30788"},{"taxonomy":"source","embeddable":true,"href":"https:\/\/rioonwatch.org.br\/index.php?rest_route=%2Fwp%2Fv2%2Fsource&post=30788"},{"taxonomy":"ilustrador","embeddable":true,"href":"https:\/\/rioonwatch.org.br\/index.php?rest_route=%2Fwp%2Fv2%2Filustrador&post=30788"},{"taxonomy":"fotografo","embeddable":true,"href":"https:\/\/rioonwatch.org.br\/index.php?rest_route=%2Fwp%2Fv2%2Ffotografo&post=30788"}],"curies":[{"name":"wp","href":"https:\/\/api.w.org\/{rel}","templated":true}]}}