{"id":30822,"date":"2018-02-01T12:42:31","date_gmt":"2018-02-01T15:42:31","guid":{"rendered":"http:\/\/rioonwatch.org.br\/?p=30822"},"modified":"2018-02-22T12:56:11","modified_gmt":"2018-02-22T15:56:11","slug":"o-que-esperar-da-politica-brasileira-em-2018-parte-1-polarizacao-e-checagem-de-fatos","status":"publish","type":"post","link":"https:\/\/rioonwatch.org.br\/?p=30822","title":{"rendered":"O Que Esperar da Pol\u00edtica Brasileira em 2018? Parte 1: Polariza\u00e7\u00e3o, &#8216;Fake News&#8217; e Checagem de Fatos"},"content":{"rendered":"<p style=\"text-align: right;\"><em><strong><a href=\"http:\/\/bit.ly\/2CeXG3T\" target=\"_blank\" rel=\"noopener noreferrer\">Click Here for English<img decoding=\"async\" width=\"20\" height=\"20\" class=\"alignright wp-image-15790\" src=\"http:\/\/rioonwatch.org.br\/wp-content\/uploads\/2012\/08\/EN-standard-e1439583104716.jpg\" \/><\/a><\/strong><\/em><\/p>\n<p><i>Esta \u00e9 a primeira mat\u00e9ria de uma\u00a0<\/i><a href=\"http:\/\/bit.ly\/EleicoesRio2018\" target=\"_blank\" rel=\"noopener\"><i>s\u00e9rie<\/i><\/a><i>\u00a0sobre o cen\u00e1rio pol\u00edtico brasileiro para 2018.<\/i><\/p>\n<p>O ano de 2018 promete ser agitado para o cen\u00e1rio pol\u00edtico brasileiro, com impactos muito concretos para a popula\u00e7\u00e3o, principalmente para suas parcelas mais vulner\u00e1veis e dependentes de servi\u00e7os p\u00fablicos. Esse ano, no dia 07 de outubro, ocorre o 1\u00ba turno das elei\u00e7\u00f5es. Os brasileiros votar\u00e3o para eleger um presidente, 27 governadores, 54 senadores<a href=\"#_ftn1\" name=\"_ftnref1\"><sup>[a]<\/sup><\/a> (2 para cada estado), 513 deputados federais (46 representando o estado do Rio) e 1060 deputados estaduais (70 representado o Rio).<\/p>\n<h3>Polariza\u00e7\u00e3o<\/h3>\n<p>Se h\u00e1 uma certeza para essas elei\u00e7\u00f5es, ser\u00e1 a <a href=\"http:\/\/bit.ly\/2fF2im5\" target=\"_blank\" rel=\"noopener\">polariza\u00e7\u00e3o<\/a>, j\u00e1 percebida nas\u00a0<em>timelines<\/em> e nas conversas de bares e alimentada pela grande m\u00eddia. Essa polariza\u00e7\u00e3o concretiza-se n\u00e3o s\u00f3 em posi\u00e7\u00f5es pol\u00edticas mais radicais, como tamb\u00e9m em a\u00e7\u00f5es mais extremas, o que tem um potencial perigos\u00edssimo de disseminar \u00f3dio e incitar a viol\u00eancia. Analistas a atribuem a diversos fatores, incluindo o desencanto com a pol\u00edtica, devido a frequentes e generalizadas den\u00fancias de corrup\u00e7\u00e3o e pris\u00f5es, e a prolifera\u00e7\u00e3o de <a href=\"http:\/\/bit.ly\/2DsShD1\" target=\"_blank\" rel=\"noopener\">muros vis\u00edveis e invis\u00edveis que impedem o encontro<\/a> com a diferen\u00e7a. A polariza\u00e7\u00e3o tamb\u00e9m passa pela crise econ\u00f4mica, que aumenta o ressentimento dos pobres em rela\u00e7\u00e3o aos ricos e, curiosamente, tamb\u00e9m dos ricos em rela\u00e7\u00e3o aos pobres. Esse ressentimento ocorre de forma ainda mais acentuada porque na \u00faltima d\u00e9cada, popula\u00e7\u00f5es de baixa renda sa\u00edram da linha da pobreza ou passaram a acessar bens e servi\u00e7os semelhantes aos deles, como educa\u00e7\u00e3o superior <a href=\"http:\/\/bit.ly\/2rZoDnB\" target=\"_blank\" rel=\"noopener\">e viagens de avi\u00e3o<\/a>, levando a ataques frequentes a pol\u00edticas e programas como o <a href=\"http:\/\/bit.ly\/1bVmvbP\" target=\"_blank\" rel=\"noopener\">Bolsa Fam\u00edlia<\/a>\u00a0e o governo que o implementou. Assim, ao mesmo tempo que h\u00e1 clamores pela moraliza\u00e7\u00e3o&#8211;n\u00e3o s\u00f3 da pol\u00edtica, mas da fam\u00edlia&#8211;h\u00e1 alertas mais b\u00e1sicos: a desigualdade est\u00e1 aumentando. E o Brasil <a href=\"http:\/\/bit.ly\/2n8v1U9\" target=\"_blank\" rel=\"noopener\">arrisca voltar ao mapa da fome<\/a>.<\/p>\n<p>A polariza\u00e7\u00e3o fecha o espa\u00e7o para o debate pol\u00edtico, porque ambos os lados se agarram mais fortemente a suas opini\u00f5es e n\u00e3o est\u00e3o dispostos a relativiz\u00e1-las. Assim, cresce o peso de votos de setores que antes da polariza\u00e7\u00e3o votariam de forma mais heterog\u00eanea, de acordo com posicionamentos pol\u00edticos e n\u00e3o identit\u00e1rios, mas agora votam como grupo. \u00c9 o caso, por exemplo, de\u00a0<a href=\"http:\/\/bit.ly\/2DF31lb\" target=\"_blank\" rel=\"noopener\">evang\u00e9licos<\/a>, que somam quase um ter\u00e7o da popula\u00e7\u00e3o e tendem a votar em candidatos de direita, e de <a href=\"http:\/\/bit.ly\/2nbCgL9\" target=\"_blank\" rel=\"noopener\">LGBTQIs<\/a>, que tendem a votar em candidatos de esquerda.<\/p>\n<p><a href=\"http:\/\/rioonwatch.org.br\/wp-content\/uploads\/2018\/01\/foto-divulga\u00e7\u00e3o-IURD.jpg\"><img fetchpriority=\"high\" decoding=\"async\" class=\"aligncenter wp-image-30876 size-content\" title=\"Pol\u00edticos na inaugura\u00e7\u00e3o do Templo de Salom\u00e3o, da Igreja Universal do Reino de Deus. Foto: Divulga\u00e7\u00e3o IURD.\" src=\"http:\/\/rioonwatch.org.br\/wp-content\/uploads\/2018\/01\/foto-divulga\u00e7\u00e3o-IURD-620x264.jpg\" alt=\"\" width=\"620\" height=\"264\" \/><\/a><\/p>\n<h3><em>Fake news<\/em> e checagem de fatos<\/h3>\n<p>Nessa \u00e9poca de polariza\u00e7\u00f5es, torna-se essencial o combate \u00e0s chamadas<a href=\"http:\/\/bit.ly\/2GAbAMQ\" target=\"_blank\" rel=\"noopener\"><em> fake news<\/em><\/a>&#8211;not\u00edcias falsamente plantadas que ganham for\u00e7a pelo compartilhamento quase instant\u00e2neo nas redes sociais. Neste contexto, opositores pol\u00edticos, diante do cen\u00e1rio de radicaliza\u00e7\u00e3o criado pelo\u00a0<em>fake news<\/em>, permitem-se lan\u00e7ar m\u00e3o de exageros e at\u00e9 mesmo informa\u00e7\u00f5es deliberadamente falsas para deslegitimar o outro lado e angariar mais apoiadores.<\/p>\n<p>Surge necessidade ainda maior diante desse cen\u00e1rio pela <a href=\"http:\/\/bit.ly\/2GaLCzn\" target=\"_blank\" rel=\"noopener\">checagem de fatos<\/a>, fen\u00f4meno global da \u00e9poca da circula\u00e7\u00e3o da informa\u00e7\u00e3o, que ganha ainda mais for\u00e7a na checagem de discursos e promessas de pol\u00edticos na \u00e9poca das elei\u00e7\u00f5es. Foi o que aconteceu na \u00faltima elei\u00e7\u00e3o para prefeito no Rio, no qual a <a href=\"http:\/\/bit.ly\/2F75zpa\" target=\"_blank\" rel=\"noopener\">Ag\u00eancia Lupa<\/a>, o site <a href=\"http:\/\/bit.ly\/2E1PdPn\" target=\"_blank\" rel=\"noopener\">Aos Fatos<\/a>, o <a href=\"http:\/\/bit.ly\/2DwcuIk\" target=\"_blank\" rel=\"noopener\">Detector de Mentiras<\/a>\u00a0do <a href=\"http:\/\/bit.ly\/2qABIiE\" target=\"_blank\" rel=\"noopener\">Meu Rio<\/a>, e o <a href=\"http:\/\/bit.ly\/2BqCnqY\" target=\"_blank\" rel=\"noopener\">Truco<\/a>\u00a0da <a href=\"http:\/\/bit.ly\/2Dt7ST9\" target=\"_blank\" rel=\"noopener\">Ag\u00eancia P\u00fablica<\/a>, fizeram, <a href=\"http:\/\/bit.ly\/2h1uU8w\" target=\"_blank\" rel=\"noopener\">conjunta<\/a> e separadamente, esfor\u00e7os para apontar mentiras e exageros em discursos pol\u00edticos. Al\u00e9m de dificultar a circula\u00e7\u00e3o de <em>fake news<\/em>, visa combater a manipula\u00e7\u00e3o pol\u00edtica por parte dos candidatos com dados falsos, imprecisos ou incompletos.<\/p>\n<p>Al\u00e9m das ag\u00eancias de jornalismo de checagem e editoriais de checagem em jornais de alta circula\u00e7\u00e3o, que re\u00fanem especialistas e jornalistas para verificar discursos e not\u00edcias, existem experi\u00eancias com\u00a0<a href=\"http:\/\/bit.ly\/2DTB0Hy\" target=\"_blank\" rel=\"noopener\">programas automatizados<\/a> que fazem esse trabalho de maneira mais abrangente, como extens\u00f5es para o navegador que sinalizam not\u00edcias falsas. Al\u00e9m disso, o Aos Fatos promete a aplica\u00e7\u00e3o de uma nova tecnologia, um <a href=\"http:\/\/bit.ly\/2GaM3tv\" target=\"_blank\" rel=\"noopener\">Bot<\/a> (ou rob\u00f4 com intelig\u00eancia artificial, que conversar\u00e1 como se fosse um usu\u00e1rio normal) chamado <a href=\"http:\/\/bit.ly\/2G4B6JM\" target=\"_blank\" rel=\"noopener\">F\u00e1tima<\/a>. O Bot atuar\u00e1 via Messenger do Facebook, empresa que apoia a iniciativa, para apontar not\u00edcias falsas e ensinar os usu\u00e1rios a eles mesmos checarem informa\u00e7\u00f5es.<\/p>\n<p><a href=\"http:\/\/rioonwatch.org.br\/wp-content\/uploads\/2018\/01\/fatima.jpg\"><img decoding=\"async\" class=\"aligncenter size-content wp-image-30877\" src=\"http:\/\/rioonwatch.org.br\/wp-content\/uploads\/2018\/01\/fatima-620x264.jpg\" alt=\"\" width=\"620\" height=\"264\" srcset=\"https:\/\/rioonwatch.org.br\/wp-content\/uploads\/2018\/01\/fatima-620x264.jpg 620w, https:\/\/rioonwatch.org.br\/wp-content\/uploads\/2018\/01\/fatima-940x400.jpg 940w\" sizes=\"(max-width: 620px) 100vw, 620px\" \/><\/a><\/p>\n<p>Outro projeto apoiado pelo Facebook para esse fim ser\u00e1 o \u201c<a href=\"http:\/\/bit.ly\/2E8KLi9\" target=\"_blank\" rel=\"noopener\">Vaza, Falsiane<\/a>\u201d, curso online gratuito voltado a jovens e educadores. Esse papel educativo \u00e9 uma frente essencial para a erradica\u00e7\u00e3o das not\u00edcias falsas por meio do encorajamento ao clique na mat\u00e9ria e \u00e0 verifica\u00e7\u00e3o de fontes antes do compartilhamento. Isso \u00e9 especialmente importante diante das bolhas criadas pelas redes sociais, que, por meio de algoritmos, fazem aparecer com mais frequ\u00eancia para um usu\u00e1rio <a href=\"http:\/\/bit.ly\/2n703fO\" target=\"_blank\" rel=\"noopener\">conte\u00fado alinhado com o que ele j\u00e1 costuma consumir<\/a>. Tais iniciativas educacionais tamb\u00e9m s\u00e3o essenciais frente ao uso dessas mesmas tecnologias para disseminar not\u00edcias falsas com rapidez e para <a href=\"http:\/\/bbc.in\/2DFgPfn\" target=\"_blank\" rel=\"noopener\" data-saferedirecturl=\"https:\/\/www.google.com\/url?hl=en&amp;q=http:\/\/bbc.in\/2DFgPfn&amp;source=gmail&amp;ust=1517586154697000&amp;usg=AFQjCNF-lkxzLoSVQsEAmAYiNc8lLxsIWA\">direcionar conte\u00fados<\/a>\u00a0e\u00a0popularizar <a href=\"http:\/\/bit.ly\/2BpoJEL\" target=\"_blank\" rel=\"noopener\">candidaturas<\/a>,\u00a0eliminando totalmente o contato com a diferen\u00e7a e\u00a0<a href=\"http:\/\/bit.ly\/2E4ec4A\" target=\"_blank\" rel=\"noopener\" data-saferedirecturl=\"https:\/\/www.google.com\/url?hl=en&amp;q=http:\/\/bit.ly\/2E4ec4A&amp;source=gmail&amp;ust=1517586154697000&amp;usg=AFQjCNGlLiLOW5FtS9K0J9Jdgc0WYjU6ig\">aprofundando a polariza\u00e7\u00e3o<\/a>. Esse esfor\u00e7o de educa\u00e7\u00e3o e seus mecanismos associados s\u00e3o importantes para que o potencial de capilaridade e alcance das redes sociais seja empregado para a informa\u00e7\u00e3o e n\u00e3o para a <a href=\"http:\/\/bit.ly\/2rzr8Nr\" target=\"_blank\" rel=\"noopener\">desinforma\u00e7\u00e3o<\/a>.<\/p>\n<p>O setor p\u00fablico tamb\u00e9m est\u00e1 empreendendo esfor\u00e7os para regular os efeitos das novas tecnologias. No ano passado come\u00e7ou a funcionar um <a href=\"http:\/\/bit.ly\/2GfXcJA\" target=\"_blank\" rel=\"noopener\">Conselho Consultivo sobre Internet e Elei\u00e7\u00f5es<\/a>, focado sobretudo nas\u00a0<a href=\"http:\/\/bit.ly\/2rwguXA\" target=\"_blank\" rel=\"noopener\">desvantagens dos rob\u00f4s e das\u00a0<em>fake news<\/em><\/a>, com 11\u00a0integrantes, incluindo representantes da Justi\u00e7a Eleitoral, do governo federal, do Ex\u00e9rcito e da sociedade civil. J\u00e1 no in\u00edcio desse ano foi estabelecido um\u00a0<a href=\"http:\/\/bit.ly\/2n92fCH\" target=\"_blank\" rel=\"noopener\">grupo de trabalho liderado pelo Tribunal Superior Eleitoral<\/a> para criar um projeto de lei de combate \u00e0s\u00a0<em>fake news<\/em>.<\/p>\n<h3>Quais ser\u00e3o os impactos das elei\u00e7\u00f5es para a popula\u00e7\u00e3o?<\/h3>\n<p>A elei\u00e7\u00e3o de um representante do Executivo, como o governador e o presidente, n\u00e3o \u00e9 somente dele, mas de um posicionamento pol\u00edtico. Esse posicionamento n\u00e3o \u00e9 necessariamente partid\u00e1rio, mas est\u00e1 sujeito \u00e0 forma\u00e7\u00e3o de alian\u00e7as, que ir\u00e3o determinar os nomes que assumir\u00e3o as pastas das secretarias e minist\u00e9rios relacionados a esses cargos, e mesmo quais secretarias e minist\u00e9rios existir\u00e3o.\u00a0A gest\u00e3o de Temer, por exemplo, <a href=\"http:\/\/bit.ly\/2n61k63\" target=\"_blank\" rel=\"noopener\">extinguiu<\/a> o <a href=\"http:\/\/bit.ly\/2FyYgXx\" target=\"_blank\" rel=\"noopener\">Minist\u00e9rio das Mulheres, da Igualdade Racial, da Juventude e dos Direitos Humanos<\/a>, que representava ganhos sociais significativos, e <a href=\"http:\/\/bit.ly\/2BpeeRH\" target=\"_blank\" rel=\"noopener\">transferiu seus recursos para a pr\u00f3pria Presid\u00eancia<\/a> da Rep\u00fablica, no valor de R$12,9 milh\u00f5es. Al\u00e9m disso, uniu momentaneamente o importante Minist\u00e9rio do Desenvolvimento Social, respons\u00e1vel pela seguran\u00e7a alimentar e por pol\u00edticas como <a href=\"http:\/\/bit.ly\/2E2iPyF\" target=\"_blank\" rel=\"noopener\">Fome Zero<\/a> e Bolsa Fam\u00edlia, ao Minist\u00e9rio de Desenvolvimento Agr\u00e1rio. A extin\u00e7\u00e3o de minist\u00e9rios e secretarias que representam importantes ganhos sociais s\u00e3o sempre um risco, que se torna maior ainda em um contexto de crise econ\u00f4mica e fal\u00eancia das contas p\u00fablicas.<\/p>\n<p>Al\u00e9m disso, cabe ao presidente eleito gerir sobre a continuidade, a operacionaliza\u00e7\u00e3o e a atribui\u00e7\u00e3o de recursos a programas sociais, como o Bolsa Fam\u00edlia (por exemplo, ano passado foi <a href=\"http:\/\/bit.ly\/2x7j6t7\" target=\"_blank\" rel=\"noopener\">anunciado um aumento ainda n\u00e3o posto em pr\u00e1tica<\/a>\u00a0no valor repassado para moradores da <a href=\"http:\/\/bit.ly\/10BzE4e\" target=\"_blank\" rel=\"noopener\">Cidade de Deus<\/a>, <a href=\"http:\/\/bit.ly\/1g63Krv\" target=\"_blank\" rel=\"noopener\">Vila Kennedy<\/a>, <a href=\"http:\/\/bit.ly\/U0MiGm\" target=\"_blank\" rel=\"noopener\">Complexos do Alem\u00e3o<\/a>, Penha e <a href=\"http:\/\/bit.ly\/10BvARw\" target=\"_blank\" rel=\"noopener\">Mar\u00e9<\/a>, como forma de combater a crise da seguran\u00e7a do Rio)\u00a0e o Programa de Financiamento Estudantil,\u00a0<a href=\"http:\/\/bit.ly\/2Gb6Gpr\" target=\"_blank\" rel=\"noopener\">FIES<\/a>\u00a0(que <a href=\"http:\/\/bbc.in\/2GboJff\" target=\"_blank\" rel=\"noopener\">ficou sem repassar recursos<\/a> para estudantes universit\u00e1rios durante quatro meses na gest\u00e3o Temer). Tamb\u00e9m \u00e9 o caso do <a href=\"http:\/\/bit.ly\/Y4U9oJ\" target=\"_blank\" rel=\"noopener\">Minha Casa Minha Vida<\/a>, que, devido a cortes de gastos e paralisa\u00e7\u00f5es nas contrata\u00e7\u00f5es,\u00a0<a href=\"https:\/\/glo.bo\/2mTMPDa\" target=\"_blank\" rel=\"noopener\">s\u00f3 empenhou 0,5% dos recursos destinados<\/a> ao programa entre janeiro e outubro em empreendimentos faixa 1, isto \u00e9, de mais baixa renda, para fam\u00edlias com renda mensal de at\u00e9 R$1.800. Isso ocorreu porque <a href=\"http:\/\/bbc.in\/2GboJff\" target=\"_blank\" rel=\"noopener\">\u00e9 a faixa que custa mais caro para a Uni\u00e3o<\/a>, que custeia at\u00e9 90% do im\u00f3vel.<\/p>\n<p>J\u00e1 a escolha dos membros do Legislativo eleitos tem grande impacto sobre a popula\u00e7\u00e3o, pois s\u00e3o eles que prop\u00f5em, aprovam ou vetam leis que podem impactar, e muito, a vida de moradores de favelas. Foi o caso no ano passado da aprova\u00e7\u00e3o da <a href=\"http:\/\/bit.ly\/2oyufTE\" target=\"_blank\" rel=\"noopener\">Lei da Regulariza\u00e7\u00e3o Fundi\u00e1ria<\/a>, que permitir\u00e1 a titula\u00e7\u00e3o, e portanto a cobran\u00e7a de imposto, sobre as lajes, e a potencial reforma da previd\u00eancia e a flexibiliza\u00e7\u00e3o do estatuto do desarmamento, ainda em tramita\u00e7\u00e3o.<\/p>\n<p><i>Esta \u00e9 a primeira mat\u00e9ria de uma\u00a0<\/i><a href=\"http:\/\/bit.ly\/EleicoesRio2018\" target=\"_blank\" rel=\"noopener\"><i>s\u00e9rie<\/i><\/a><i>\u00a0sobre o cen\u00e1rio pol\u00edtico brasileiro para 2018.<\/i><\/p>\n<h3>Notas<\/h3>\n<p><a href=\"#_ftnref1\" name=\"_ftn1\">[a]<\/a>\u00a0O total de senadores \u00e9 81, 3 por estado, e o tempo de mandato de um senador \u00e9 de 8 anos. Em uma elei\u00e7\u00e3o renova-se 1\/3 das cadeiras e, na seguinte, os outros 2\/3. Assim, nas \u00faltimas elei\u00e7\u00f5es foram eleitos 27 (1 por estado) e nessa ser\u00e3o eleitos 54 (2 por estado).<\/p>\n<!-- AddThis Advanced Settings generic via filter on the_content --><!-- AddThis Share Buttons generic via filter on the_content -->","protected":false},"excerpt":{"rendered":"<div class=\"mh-excerpt\"><p>Click Here for English Esta \u00e9 a primeira mat\u00e9ria de uma\u00a0s\u00e9rie\u00a0sobre o cen\u00e1rio pol\u00edtico brasileiro para 2018. O ano de 2018 promete ser agitado para o cen\u00e1rio pol\u00edtico brasileiro, com impactos muito concretos para a <a class=\"mh-excerpt-more\" href=\"https:\/\/rioonwatch.org.br\/?p=30822\" title=\"O Que Esperar da Pol\u00edtica Brasileira em 2018? Parte 1: Polariza\u00e7\u00e3o, &#8216;Fake News&#8217; e Checagem de Fatos\">[&#8230;]<\/a><!-- AddThis Advanced Settings generic via filter on get_the_excerpt --><!-- AddThis Share Buttons generic via filter on get_the_excerpt --><\/p>\n<\/div>","protected":false},"author":152,"featured_media":30879,"comment_status":"closed","ping_status":"closed","sticky":false,"template":"","format":"standard","meta":{"_acf_changed":false,"_monsterinsights_skip_tracking":false,"_monsterinsights_sitenote_active":false,"_monsterinsights_sitenote_note":"","_monsterinsights_sitenote_category":0,"footnotes":""},"categories":[2089,1618,1621,1632,344],"tags":[1852,893,554,332,217,479,474,1163,457,2271,638,1162,1398,1833,246,304,498,1033,1472,2273,544],"writer":[1994],"translator":[],"source":[],"ilustrador":[],"fotografo":[],"class_list":{"0":"post-30822","1":"post","2":"type-post","3":"status-publish","4":"format-standard","5":"has-post-thumbnail","7":"category-monitoramento","8":"category-olhonaparticipacao","9":"category-destaque","10":"category-pesquisa-e-analise","11":"category-politicas","12":"tag-alerj","13":"tag-bolsa-familia","14":"tag-cidade-de-deus","15":"tag-complexo-da-mare","16":"tag-complexo-do-alemao","17":"tag-democracia","18":"tag-democracia-participativa","19":"tag-presidente-dilma-rousseff","20":"tag-eleicoes","21":"tag-fake-news","22":"tag-governo-do-estado","23":"tag-governo-federal","24":"tag-lgbt","25":"tag-michel-temer","26":"tag-minha-casa-minha-vida","27":"tag-participacao","28":"tag-penha","29":"tag-politica","30":"tag-reforma-politica","31":"tag-serie-monitoramento-2018","32":"tag-vila-kennedy","33":"writer-luisa-fenizola"},"acf":[],"yoast_head":"<!-- This site is optimized with the Yoast SEO plugin v25.6 - https:\/\/yoast.com\/wordpress\/plugins\/seo\/ -->\n<title>O Que Esperar da Pol\u00edtica Brasileira em 2018? Parte 1: Polariza\u00e7\u00e3o, &#039;Fake News&#039; e Checagem de Fatos - RioOnWatch<\/title>\n<meta name=\"robots\" content=\"index, follow, max-snippet:-1, max-image-preview:large, max-video-preview:-1\" \/>\n<link rel=\"canonical\" href=\"https:\/\/rioonwatch.org.br\/?p=30822\" \/>\n<meta property=\"og:locale\" content=\"pt_BR\" \/>\n<meta property=\"og:type\" content=\"article\" \/>\n<meta property=\"og:title\" content=\"O Que Esperar da Pol\u00edtica Brasileira em 2018? Parte 1: Polariza\u00e7\u00e3o, &#039;Fake News&#039; e Checagem de Fatos - RioOnWatch\" \/>\n<meta property=\"og:description\" content=\"Click Here for English Esta \u00e9 a primeira mat\u00e9ria de uma\u00a0s\u00e9rie\u00a0sobre o cen\u00e1rio pol\u00edtico brasileiro para 2018. O ano de 2018 promete ser agitado para o cen\u00e1rio pol\u00edtico brasileiro, com impactos muito concretos para a [...]\" \/>\n<meta property=\"og:url\" content=\"https:\/\/rioonwatch.org.br\/?p=30822\" \/>\n<meta property=\"og:site_name\" content=\"RioOnWatch\" \/>\n<meta property=\"article:published_time\" content=\"2018-02-01T15:42:31+00:00\" \/>\n<meta property=\"article:modified_time\" content=\"2018-02-22T15:56:11+00:00\" \/>\n<meta property=\"og:image\" content=\"https:\/\/rioonwatch.org.br\/wp-content\/uploads\/2018\/01\/fake-news2.jpg\" \/>\n\t<meta property=\"og:image:width\" content=\"950\" \/>\n\t<meta property=\"og:image:height\" content=\"534\" \/>\n\t<meta property=\"og:image:type\" content=\"image\/jpeg\" \/>\n<meta name=\"author\" content=\"Luisa Fenizola\" \/>\n<meta name=\"twitter:card\" content=\"summary_large_image\" \/>\n<meta name=\"twitter:label1\" content=\"Escrito por\" \/>\n\t<meta name=\"twitter:data1\" content=\"Luisa Fenizola\" \/>\n\t<meta name=\"twitter:label2\" content=\"Est. tempo de leitura\" \/>\n\t<meta name=\"twitter:data2\" content=\"8 minutos\" \/>\n<script type=\"application\/ld+json\" class=\"yoast-schema-graph\">{\"@context\":\"https:\/\/schema.org\",\"@graph\":[{\"@type\":\"Article\",\"@id\":\"https:\/\/rioonwatch.org.br\/?p=30822#article\",\"isPartOf\":{\"@id\":\"https:\/\/rioonwatch.org.br\/?p=30822\"},\"author\":{\"name\":\"Luisa Fenizola\",\"@id\":\"https:\/\/rioonwatch.org.br\/#\/schema\/person\/f443c6b55bb6e80842280318076491c5\"},\"headline\":\"O Que Esperar da Pol\u00edtica Brasileira em 2018? Parte 1: Polariza\u00e7\u00e3o, &#8216;Fake News&#8217; e Checagem de Fatos\",\"datePublished\":\"2018-02-01T15:42:31+00:00\",\"dateModified\":\"2018-02-22T15:56:11+00:00\",\"mainEntityOfPage\":{\"@id\":\"https:\/\/rioonwatch.org.br\/?p=30822\"},\"wordCount\":1538,\"publisher\":{\"@id\":\"https:\/\/rioonwatch.org.br\/#organization\"},\"image\":{\"@id\":\"https:\/\/rioonwatch.org.br\/?p=30822#primaryimage\"},\"thumbnailUrl\":\"https:\/\/rioonwatch.org.br\/wp-content\/uploads\/2018\/01\/fake-news2.jpg\",\"keywords\":[\"Alerj\",\"Bolsa Fam\u00edlia\",\"Cidade de Deus\",\"Complexo da Mar\u00e9\",\"Complexo do Alem\u00e3o\",\"Democracia\",\"democracia participativa\",\"Dilma Rousseff\",\"Elei\u00e7\u00f5es\",\"Fake news\",\"Governo do Estado\",\"Governo Federal\",\"LGBTQIAPN+\",\"Michel Temer\",\"Minha Casa Minha Vida\",\"participa\u00e7\u00e3o\",\"Penha\",\"pol\u00edtica\",\"reforma pol\u00edtica\",\"S\u00e9rie: Monitoramento 2018\",\"Vila Kennedy\"],\"articleSection\":[\"#Monitoramento\",\"#OlhoNaParticipa\u00e7\u00e3o\",\"*Destaque\",\"Dados e Pesquisa\",\"Pol\u00edticas\"],\"inLanguage\":\"pt-BR\"},{\"@type\":\"WebPage\",\"@id\":\"https:\/\/rioonwatch.org.br\/?p=30822\",\"url\":\"https:\/\/rioonwatch.org.br\/?p=30822\",\"name\":\"O Que Esperar da Pol\u00edtica Brasileira em 2018? Parte 1: Polariza\u00e7\u00e3o, 'Fake News' e Checagem de Fatos - RioOnWatch\",\"isPartOf\":{\"@id\":\"https:\/\/rioonwatch.org.br\/#website\"},\"primaryImageOfPage\":{\"@id\":\"https:\/\/rioonwatch.org.br\/?p=30822#primaryimage\"},\"image\":{\"@id\":\"https:\/\/rioonwatch.org.br\/?p=30822#primaryimage\"},\"thumbnailUrl\":\"https:\/\/rioonwatch.org.br\/wp-content\/uploads\/2018\/01\/fake-news2.jpg\",\"datePublished\":\"2018-02-01T15:42:31+00:00\",\"dateModified\":\"2018-02-22T15:56:11+00:00\",\"breadcrumb\":{\"@id\":\"https:\/\/rioonwatch.org.br\/?p=30822#breadcrumb\"},\"inLanguage\":\"pt-BR\",\"potentialAction\":[{\"@type\":\"ReadAction\",\"target\":[\"https:\/\/rioonwatch.org.br\/?p=30822\"]}]},{\"@type\":\"ImageObject\",\"inLanguage\":\"pt-BR\",\"@id\":\"https:\/\/rioonwatch.org.br\/?p=30822#primaryimage\",\"url\":\"https:\/\/rioonwatch.org.br\/wp-content\/uploads\/2018\/01\/fake-news2.jpg\",\"contentUrl\":\"https:\/\/rioonwatch.org.br\/wp-content\/uploads\/2018\/01\/fake-news2.jpg\",\"width\":950,\"height\":534},{\"@type\":\"BreadcrumbList\",\"@id\":\"https:\/\/rioonwatch.org.br\/?p=30822#breadcrumb\",\"itemListElement\":[{\"@type\":\"ListItem\",\"position\":1,\"name\":\"In\u00edcio\",\"item\":\"https:\/\/rioonwatch.org.br\/\"},{\"@type\":\"ListItem\",\"position\":2,\"name\":\"O Que Esperar da Pol\u00edtica Brasileira em 2018? Parte 1: Polariza\u00e7\u00e3o, &#8216;Fake News&#8217; e Checagem de Fatos\"}]},{\"@type\":\"WebSite\",\"@id\":\"https:\/\/rioonwatch.org.br\/#website\",\"url\":\"https:\/\/rioonwatch.org.br\/\",\"name\":\"RioOnWatch\",\"description\":\"relatos das favelas cariocas\",\"publisher\":{\"@id\":\"https:\/\/rioonwatch.org.br\/#organization\"},\"potentialAction\":[{\"@type\":\"SearchAction\",\"target\":{\"@type\":\"EntryPoint\",\"urlTemplate\":\"https:\/\/rioonwatch.org.br\/?s={search_term_string}\"},\"query-input\":{\"@type\":\"PropertyValueSpecification\",\"valueRequired\":true,\"valueName\":\"search_term_string\"}}],\"inLanguage\":\"pt-BR\"},{\"@type\":\"Organization\",\"@id\":\"https:\/\/rioonwatch.org.br\/#organization\",\"name\":\"RioOnWatch\",\"url\":\"https:\/\/rioonwatch.org.br\/\",\"logo\":{\"@type\":\"ImageObject\",\"inLanguage\":\"pt-BR\",\"@id\":\"https:\/\/rioonwatch.org.br\/#\/schema\/logo\/image\/\",\"url\":\"https:\/\/rioonwatch.org.br\/wp-content\/uploads\/2021\/06\/RioOnWatchcabecalhoPT11anos-2.png\",\"contentUrl\":\"https:\/\/rioonwatch.org.br\/wp-content\/uploads\/2021\/06\/RioOnWatchcabecalhoPT11anos-2.png\",\"width\":779,\"height\":277,\"caption\":\"RioOnWatch\"},\"image\":{\"@id\":\"https:\/\/rioonwatch.org.br\/#\/schema\/logo\/image\/\"}},{\"@type\":\"Person\",\"@id\":\"https:\/\/rioonwatch.org.br\/#\/schema\/person\/f443c6b55bb6e80842280318076491c5\",\"name\":\"Luisa Fenizola\",\"image\":{\"@type\":\"ImageObject\",\"inLanguage\":\"pt-BR\",\"@id\":\"https:\/\/rioonwatch.org.br\/#\/schema\/person\/image\/\",\"url\":\"https:\/\/secure.gravatar.com\/avatar\/a3d551110162b9f876cbbdaaecf75663?s=96&d=blank&r=g\",\"contentUrl\":\"https:\/\/secure.gravatar.com\/avatar\/a3d551110162b9f876cbbdaaecf75663?s=96&d=blank&r=g\",\"caption\":\"Luisa Fenizola\"},\"url\":\"https:\/\/rioonwatch.org.br\/?author=152\"}]}<\/script>\n<!-- \/ Yoast SEO plugin. -->","yoast_head_json":{"title":"O Que Esperar da Pol\u00edtica Brasileira em 2018? Parte 1: Polariza\u00e7\u00e3o, 'Fake News' e Checagem de Fatos - RioOnWatch","robots":{"index":"index","follow":"follow","max-snippet":"max-snippet:-1","max-image-preview":"max-image-preview:large","max-video-preview":"max-video-preview:-1"},"canonical":"https:\/\/rioonwatch.org.br\/?p=30822","og_locale":"pt_BR","og_type":"article","og_title":"O Que Esperar da Pol\u00edtica Brasileira em 2018? Parte 1: Polariza\u00e7\u00e3o, 'Fake News' e Checagem de Fatos - RioOnWatch","og_description":"Click Here for English Esta \u00e9 a primeira mat\u00e9ria de uma\u00a0s\u00e9rie\u00a0sobre o cen\u00e1rio pol\u00edtico brasileiro para 2018. O ano de 2018 promete ser agitado para o cen\u00e1rio pol\u00edtico brasileiro, com impactos muito concretos para a [...]","og_url":"https:\/\/rioonwatch.org.br\/?p=30822","og_site_name":"RioOnWatch","article_published_time":"2018-02-01T15:42:31+00:00","article_modified_time":"2018-02-22T15:56:11+00:00","og_image":[{"width":950,"height":534,"url":"https:\/\/rioonwatch.org.br\/wp-content\/uploads\/2018\/01\/fake-news2.jpg","type":"image\/jpeg"}],"author":"Luisa Fenizola","twitter_card":"summary_large_image","twitter_misc":{"Escrito por":"Luisa Fenizola","Est. tempo de leitura":"8 minutos"},"schema":{"@context":"https:\/\/schema.org","@graph":[{"@type":"Article","@id":"https:\/\/rioonwatch.org.br\/?p=30822#article","isPartOf":{"@id":"https:\/\/rioonwatch.org.br\/?p=30822"},"author":{"name":"Luisa Fenizola","@id":"https:\/\/rioonwatch.org.br\/#\/schema\/person\/f443c6b55bb6e80842280318076491c5"},"headline":"O Que Esperar da Pol\u00edtica Brasileira em 2018? Parte 1: Polariza\u00e7\u00e3o, &#8216;Fake News&#8217; e Checagem de Fatos","datePublished":"2018-02-01T15:42:31+00:00","dateModified":"2018-02-22T15:56:11+00:00","mainEntityOfPage":{"@id":"https:\/\/rioonwatch.org.br\/?p=30822"},"wordCount":1538,"publisher":{"@id":"https:\/\/rioonwatch.org.br\/#organization"},"image":{"@id":"https:\/\/rioonwatch.org.br\/?p=30822#primaryimage"},"thumbnailUrl":"https:\/\/rioonwatch.org.br\/wp-content\/uploads\/2018\/01\/fake-news2.jpg","keywords":["Alerj","Bolsa Fam\u00edlia","Cidade de Deus","Complexo da Mar\u00e9","Complexo do Alem\u00e3o","Democracia","democracia participativa","Dilma Rousseff","Elei\u00e7\u00f5es","Fake news","Governo do Estado","Governo Federal","LGBTQIAPN+","Michel Temer","Minha Casa Minha Vida","participa\u00e7\u00e3o","Penha","pol\u00edtica","reforma pol\u00edtica","S\u00e9rie: Monitoramento 2018","Vila Kennedy"],"articleSection":["#Monitoramento","#OlhoNaParticipa\u00e7\u00e3o","*Destaque","Dados e Pesquisa","Pol\u00edticas"],"inLanguage":"pt-BR"},{"@type":"WebPage","@id":"https:\/\/rioonwatch.org.br\/?p=30822","url":"https:\/\/rioonwatch.org.br\/?p=30822","name":"O Que Esperar da Pol\u00edtica Brasileira em 2018? Parte 1: Polariza\u00e7\u00e3o, 'Fake News' e Checagem de Fatos - RioOnWatch","isPartOf":{"@id":"https:\/\/rioonwatch.org.br\/#website"},"primaryImageOfPage":{"@id":"https:\/\/rioonwatch.org.br\/?p=30822#primaryimage"},"image":{"@id":"https:\/\/rioonwatch.org.br\/?p=30822#primaryimage"},"thumbnailUrl":"https:\/\/rioonwatch.org.br\/wp-content\/uploads\/2018\/01\/fake-news2.jpg","datePublished":"2018-02-01T15:42:31+00:00","dateModified":"2018-02-22T15:56:11+00:00","breadcrumb":{"@id":"https:\/\/rioonwatch.org.br\/?p=30822#breadcrumb"},"inLanguage":"pt-BR","potentialAction":[{"@type":"ReadAction","target":["https:\/\/rioonwatch.org.br\/?p=30822"]}]},{"@type":"ImageObject","inLanguage":"pt-BR","@id":"https:\/\/rioonwatch.org.br\/?p=30822#primaryimage","url":"https:\/\/rioonwatch.org.br\/wp-content\/uploads\/2018\/01\/fake-news2.jpg","contentUrl":"https:\/\/rioonwatch.org.br\/wp-content\/uploads\/2018\/01\/fake-news2.jpg","width":950,"height":534},{"@type":"BreadcrumbList","@id":"https:\/\/rioonwatch.org.br\/?p=30822#breadcrumb","itemListElement":[{"@type":"ListItem","position":1,"name":"In\u00edcio","item":"https:\/\/rioonwatch.org.br\/"},{"@type":"ListItem","position":2,"name":"O Que Esperar da Pol\u00edtica Brasileira em 2018? Parte 1: Polariza\u00e7\u00e3o, &#8216;Fake News&#8217; e Checagem de Fatos"}]},{"@type":"WebSite","@id":"https:\/\/rioonwatch.org.br\/#website","url":"https:\/\/rioonwatch.org.br\/","name":"RioOnWatch","description":"relatos das favelas cariocas","publisher":{"@id":"https:\/\/rioonwatch.org.br\/#organization"},"potentialAction":[{"@type":"SearchAction","target":{"@type":"EntryPoint","urlTemplate":"https:\/\/rioonwatch.org.br\/?s={search_term_string}"},"query-input":{"@type":"PropertyValueSpecification","valueRequired":true,"valueName":"search_term_string"}}],"inLanguage":"pt-BR"},{"@type":"Organization","@id":"https:\/\/rioonwatch.org.br\/#organization","name":"RioOnWatch","url":"https:\/\/rioonwatch.org.br\/","logo":{"@type":"ImageObject","inLanguage":"pt-BR","@id":"https:\/\/rioonwatch.org.br\/#\/schema\/logo\/image\/","url":"https:\/\/rioonwatch.org.br\/wp-content\/uploads\/2021\/06\/RioOnWatchcabecalhoPT11anos-2.png","contentUrl":"https:\/\/rioonwatch.org.br\/wp-content\/uploads\/2021\/06\/RioOnWatchcabecalhoPT11anos-2.png","width":779,"height":277,"caption":"RioOnWatch"},"image":{"@id":"https:\/\/rioonwatch.org.br\/#\/schema\/logo\/image\/"}},{"@type":"Person","@id":"https:\/\/rioonwatch.org.br\/#\/schema\/person\/f443c6b55bb6e80842280318076491c5","name":"Luisa Fenizola","image":{"@type":"ImageObject","inLanguage":"pt-BR","@id":"https:\/\/rioonwatch.org.br\/#\/schema\/person\/image\/","url":"https:\/\/secure.gravatar.com\/avatar\/a3d551110162b9f876cbbdaaecf75663?s=96&d=blank&r=g","contentUrl":"https:\/\/secure.gravatar.com\/avatar\/a3d551110162b9f876cbbdaaecf75663?s=96&d=blank&r=g","caption":"Luisa Fenizola"},"url":"https:\/\/rioonwatch.org.br\/?author=152"}]}},"_links":{"self":[{"href":"https:\/\/rioonwatch.org.br\/index.php?rest_route=\/wp\/v2\/posts\/30822"}],"collection":[{"href":"https:\/\/rioonwatch.org.br\/index.php?rest_route=\/wp\/v2\/posts"}],"about":[{"href":"https:\/\/rioonwatch.org.br\/index.php?rest_route=\/wp\/v2\/types\/post"}],"author":[{"embeddable":true,"href":"https:\/\/rioonwatch.org.br\/index.php?rest_route=\/wp\/v2\/users\/152"}],"replies":[{"embeddable":true,"href":"https:\/\/rioonwatch.org.br\/index.php?rest_route=%2Fwp%2Fv2%2Fcomments&post=30822"}],"version-history":[{"count":19,"href":"https:\/\/rioonwatch.org.br\/index.php?rest_route=\/wp\/v2\/posts\/30822\/revisions"}],"predecessor-version":[{"id":31377,"href":"https:\/\/rioonwatch.org.br\/index.php?rest_route=\/wp\/v2\/posts\/30822\/revisions\/31377"}],"wp:featuredmedia":[{"embeddable":true,"href":"https:\/\/rioonwatch.org.br\/index.php?rest_route=\/wp\/v2\/media\/30879"}],"wp:attachment":[{"href":"https:\/\/rioonwatch.org.br\/index.php?rest_route=%2Fwp%2Fv2%2Fmedia&parent=30822"}],"wp:term":[{"taxonomy":"category","embeddable":true,"href":"https:\/\/rioonwatch.org.br\/index.php?rest_route=%2Fwp%2Fv2%2Fcategories&post=30822"},{"taxonomy":"post_tag","embeddable":true,"href":"https:\/\/rioonwatch.org.br\/index.php?rest_route=%2Fwp%2Fv2%2Ftags&post=30822"},{"taxonomy":"writer","embeddable":true,"href":"https:\/\/rioonwatch.org.br\/index.php?rest_route=%2Fwp%2Fv2%2Fwriter&post=30822"},{"taxonomy":"translator","embeddable":true,"href":"https:\/\/rioonwatch.org.br\/index.php?rest_route=%2Fwp%2Fv2%2Ftranslator&post=30822"},{"taxonomy":"source","embeddable":true,"href":"https:\/\/rioonwatch.org.br\/index.php?rest_route=%2Fwp%2Fv2%2Fsource&post=30822"},{"taxonomy":"ilustrador","embeddable":true,"href":"https:\/\/rioonwatch.org.br\/index.php?rest_route=%2Fwp%2Fv2%2Filustrador&post=30822"},{"taxonomy":"fotografo","embeddable":true,"href":"https:\/\/rioonwatch.org.br\/index.php?rest_route=%2Fwp%2Fv2%2Ffotografo&post=30822"}],"curies":[{"name":"wp","href":"https:\/\/api.w.org\/{rel}","templated":true}]}}