{"id":30872,"date":"2018-02-05T12:09:08","date_gmt":"2018-02-05T15:09:08","guid":{"rendered":"http:\/\/rioonwatch.org.br\/?p=30872"},"modified":"2018-03-01T12:27:29","modified_gmt":"2018-03-01T15:27:29","slug":"o-que-esperar-da-politica-brasileira-em-2018-parte-2-movimentos-candidaturas-alternativas","status":"publish","type":"post","link":"https:\/\/rioonwatch.org.br\/?p=30872","title":{"rendered":"O Que Esperar da Pol\u00edtica Brasileira em 2018? Parte 2: Movimentos, Candidaturas Alternativas"},"content":{"rendered":"<p style=\"text-align: right;\"><em><strong><a href=\"http:\/\/bit.ly\/2oIjj3b\" target=\"_blank\" rel=\"noopener noreferrer\">Click Here for English<img decoding=\"async\" width=\"20\" height=\"20\" class=\"alignright wp-image-15790\" src=\"http:\/\/rioonwatch.org.br\/wp-content\/uploads\/2012\/08\/EN-standard-e1439583104716.jpg\" \/><\/a><\/strong><\/em><\/p>\n<p><i>Esta \u00e9 a segunda mat\u00e9ria de uma\u00a0<\/i><a href=\"http:\/\/bit.ly\/EleicoesRio2018\" target=\"_blank\" rel=\"noopener\"><i>s\u00e9rie<\/i><\/a><i>\u00a0sobre o cen\u00e1rio pol\u00edtico brasileiro para 2018.<\/i><\/p>\n<p>A quem representa\u00a0um <a href=\"http:\/\/bit.ly\/2DICZ0i\" target=\"_blank\" rel=\"noopener\">Congresso formado por 80% de homens brancos<\/a>, em um pa\u00eds no qual metade da popula\u00e7\u00e3o \u00e9 de mulheres e de pretos e pardos? N\u00e3o s\u00f3 s\u00e3o homens brancos, mas\u00a0predominantemente <a href=\"http:\/\/bit.ly\/2F2UG7W\" target=\"_blank\" rel=\"noopener\">acima dos 50 anos e donos<\/a> de patrim\u00f4nios gigantescos.<\/p>\n<p>Diante desse cen\u00e1rio, e em \u00e9pocas de polariza\u00e7\u00e3o pol\u00edtica e de um v\u00e1cuo de poder provocado por acusa\u00e7\u00f5es generalizadas e baixas aprova\u00e7\u00f5es de governos de todas as orienta\u00e7\u00f5es pol\u00edticas, surgem diversos movimentos sob a t\u00f4nica da renova\u00e7\u00e3o pol\u00edtica.<\/p>\n<p>Tamb\u00e9m emergem candidaturas alternativas, que rompem com a l\u00f3gica bin\u00e1ria de esquerda-direita e que s\u00e3o mais representativas da diversidade dos eleitores. E surgem\u00a0<a href=\"http:\/\/bit.ly\/2rBLPbA\" target=\"_blank\" rel=\"noopener\">mandatos coletivos<\/a>, que, se eleitos, dispersam a formula\u00e7\u00e3o de propostas de governo e a tomada de decis\u00e3o por diversos indiv\u00edduos espalhados por grupos de trabalho, em vez de centralizar as atribui\u00e7\u00f5es do cargo na figura de uma pessoa.<\/p>\n<p>A ideia \u00e9 romper com a tradi\u00e7\u00e3o de corrup\u00e7\u00e3o na pol\u00edtica e de que pol\u00edtica n\u00e3o se discute. Esses esfor\u00e7os buscam trazer novas formas de fazer pol\u00edtica que superem desigualdades, aprofundem a democracia, estimulem a participa\u00e7\u00e3o e reduzam as possibilidades de corrup\u00e7\u00e3o.<\/p>\n<p>Ainda que incipientes, esses movimentos incluem <a href=\"http:\/\/bit.ly\/2cZ6UAh\" target=\"_blank\" rel=\"noopener\">partidos<\/a> registrados e n\u00e3o registrados, movimentos apartid\u00e1rios de <em>advocacy<\/em> e projetos de educa\u00e7\u00e3o pol\u00edtica, dentre outros.\u00a0Diante de uma Constitui\u00e7\u00e3o que n\u00e3o permite candidaturas independentes de partidos, no caso desses movimentos n\u00e3o partid\u00e1rios visarem o lan\u00e7amento de candidaturas, os candidatos ter\u00e3o que se filiar a um partido que aceite que eles mantenham a agenda do seu movimento original, ao mesmo tempo que tenham voz nas decis\u00f5es do partido. Alguns partidos j\u00e1 se demonstraram dispostos a acolher <a href=\"http:\/\/bit.ly\/2n932o5\" target=\"_blank\" rel=\"noopener\">candidaturas c\u00edvicas<\/a>\u00a0em sua legenda&#8211;a <a href=\"http:\/\/bit.ly\/2d2nKC5\" target=\"_blank\" rel=\"noopener\">Rede<\/a>, inclusive, <a href=\"http:\/\/bit.ly\/2DEqHpG\" target=\"_blank\" rel=\"noopener\">prev\u00ea tais candidaturas em seu estatuto<\/a> e as incentiva. Alguns exemplos desses movimentos podem ser encontrados a seguir.<\/p>\n<h3>Frente Favela Brasil<\/h3>\n<p><a href=\"http:\/\/rioonwatch.org.br\/wp-content\/uploads\/2018\/02\/Frente-Favela-Brasil.jpg\" target=\"_blank\" rel=\"noopener\"><img fetchpriority=\"high\" decoding=\"async\" class=\"aligncenter wp-image-31001 size-content\" title=\"Foto da Revista Forum: http:\/\/bit.ly\/2EgUPrD\" src=\"http:\/\/rioonwatch.org.br\/wp-content\/uploads\/2018\/02\/Frente-Favela-Brasil-620x264.jpg\" alt=\"Foto da Revista Forum: http:\/\/bit.ly\/2EgUPrD\" width=\"620\" height=\"264\" srcset=\"https:\/\/rioonwatch.org.br\/wp-content\/uploads\/2018\/02\/Frente-Favela-Brasil-620x264.jpg 620w, https:\/\/rioonwatch.org.br\/wp-content\/uploads\/2018\/02\/Frente-Favela-Brasil-940x400.jpg 940w\" sizes=\"(max-width: 620px) 100vw, 620px\" \/><\/a><\/p>\n<p>O <a href=\"http:\/\/bit.ly\/2n6aHCz\" target=\"_blank\" rel=\"noopener\">Frente Favela Brasil<\/a>\u00a0\u00e9 um partido ainda n\u00e3o regulamentado que surge inspirado na luta pelo protagonismo e pelo reconhecimento da dignidade da pessoa negra, dos moradores de favelas, dos pobres do campo e das periferias do Brasil. <a href=\"http:\/\/bit.ly\/2DsWO8I\" target=\"_blank\" rel=\"noopener\">Defende uma democracia participativa<\/a>, que prev\u00ea a participa\u00e7\u00e3o direta da popula\u00e7\u00e3o nas tomadas de decis\u00e3o via plebiscitos, referendos, audi\u00eancias p\u00fablicas, redes sociais, entre outros, visando conferir representatividade aos segmentos da popula\u00e7\u00e3o que n\u00e3o est\u00e3o representados na pol\u00edtica tradicional e, assim, caminhar rumo \u00e0 redu\u00e7\u00e3o de desigualdade e \u00e0 justi\u00e7a social. Por isso, pretende atrair para os quadros do partido n\u00e3o pol\u00edticos j\u00e1 em exerc\u00edcio, mas <a href=\"http:\/\/bit.ly\/2Dt4cAT\" target=\"_blank\" rel=\"noopener\">negros e moradores de favelas at\u00e9 ent\u00e3o de fora<\/a> da pol\u00edtica.<\/p>\n<p>Foi fundado por <a href=\"http:\/\/bit.ly\/2Dt4cAT\" target=\"_blank\" rel=\"noopener\">Celso Athayde<\/a>, tamb\u00e9m fundador da ONG Central \u00danica de Favelas (<a href=\"http:\/\/bit.ly\/2qi8Fjs\" target=\"_blank\" rel=\"noopener\">CUFA<\/a>) e da <a href=\"http:\/\/bit.ly\/2Dw3wdT\" target=\"_blank\" rel=\"noopener\">Favela Holding<\/a>, que re\u00fane empres\u00e1rios dispostos a investir em favelas. O partido define a si mesmo como &#8220;moderado&#8221; e &#8220;nem de esquerda nem de direita&#8221;, mas recebe cr\u00edticas por um poss\u00edvel car\u00e1ter pouco representativo de verdade das necessidades dos moradores de favelas em sua infinita diversidade. Pretende lan\u00e7ar candidatos nas pr\u00f3ximas elei\u00e7\u00f5es <a href=\"http:\/\/bit.ly\/2EqBX76\" target=\"_blank\" rel=\"noopener\">se conseguirem o n\u00famero m\u00ednimo de assinaturas<\/a> de eleitores necess\u00e1rio para se regulamentarem como partido, mas ainda n\u00e3o foi notificado publicamente a identidade dos poss\u00edveis candidatos.<\/p>\n<p>&#8220;Diferente dos outros movimentos, que t\u00eam bons objetivos, mas n\u00e3o dialogam muito com a galera da periferia, do sub\u00farbio, da favela&#8211;que n\u00e3o se v\u00ea representada no Congresso&#8211;, o FFB j\u00e1 no seu nascimento contradiz o sistema pol\u00edtico vigente. Sua regulamenta\u00e7\u00e3o \u00e9 extremamente necess\u00e1ria para que se fa\u00e7am presentes no sistema pol\u00edtico institucional pautas que s\u00e3o urgentes h\u00e1 d\u00e9cadas, mas que n\u00e3o s\u00e3o trazidas \u00e0 frente por falta de representatividade, por falta de gente que saiba o que \u00e9 ser preto e da periferia&#8221;, diz Luan Ribeiro, morador da Aboli\u00e7\u00e3o e professor da rede municipal do Rio de Janeiro que participou de algumas reuni\u00f5es de cria\u00e7\u00e3o do partido.<\/p>\n<h3>Acredito<\/h3>\n<p><a href=\"http:\/\/rioonwatch.org.br\/wp-content\/uploads\/2018\/01\/acredito-e1517421595344.jpg\" target=\"_blank\" rel=\"noopener\"><img decoding=\"async\" class=\"aligncenter wp-image-30967 size-content\" title=\"Equipe do Acredito\" src=\"http:\/\/rioonwatch.org.br\/wp-content\/uploads\/2018\/01\/acredito-e1517421595344-620x264.jpg\" alt=\"Equipe do Acredito\" width=\"620\" height=\"264\" srcset=\"https:\/\/rioonwatch.org.br\/wp-content\/uploads\/2018\/01\/acredito-e1517421595344-620x264.jpg 620w, https:\/\/rioonwatch.org.br\/wp-content\/uploads\/2018\/01\/acredito-e1517421595344-618x264.jpg 618w, https:\/\/rioonwatch.org.br\/wp-content\/uploads\/2018\/01\/acredito-e1517421595344-768x328.jpg 768w, https:\/\/rioonwatch.org.br\/wp-content\/uploads\/2018\/01\/acredito-e1517421595344-1024x438.jpg 1024w, https:\/\/rioonwatch.org.br\/wp-content\/uploads\/2018\/01\/acredito-e1517421595344-940x400.jpg 940w, https:\/\/rioonwatch.org.br\/wp-content\/uploads\/2018\/01\/acredito-e1517421595344.jpg 2048w\" sizes=\"(max-width: 620px) 100vw, 620px\" \/><\/a><\/p>\n<p>O <a href=\"http:\/\/bit.ly\/2F92ZPQ\" target=\"_blank\" rel=\"noopener\">Acredito<\/a>\u00a0\u00e9 um movimento suprapartid\u00e1rio fundado por jovens em sua maioria de periferia que ganharam bolsas para estudar em universidades americanas de prest\u00edgio. Visa reaproximar o cidad\u00e3o da pol\u00edtica e trazer novos nomes para o Congresso, de forma que ele reflita a cara do brasileiro, para superar desigualdades.\u00a0Segundo sua metodologia, isso ser\u00e1 feito pela difus\u00e3o da informa\u00e7\u00e3o, pela gera\u00e7\u00e3o de conte\u00fado did\u00e1tico, pela sua distribui\u00e7\u00e3o na internet, e pela realiza\u00e7\u00e3o de debates em todo o pa\u00eds, de forma a combater a polariza\u00e7\u00e3o e criar um di\u00e1logo mais qualificado, al\u00e9m de apoiar novas lideran\u00e7as pol\u00edticas, dando forma\u00e7\u00e3o e visibilidade a elas. A meta \u00e9 apoiar 30 candidaturas de pessoas que nunca exerceram mandato, respeitando a paridade de g\u00eanero, e <a href=\"http:\/\/bit.ly\/2nvrLCj\" target=\"_blank\" rel=\"noopener\">construir uma agenda participativa e plural<\/a> no Executivo e no Congresso.<\/p>\n<h3>Quero Pr\u00e9vias<\/h3>\n<p><a href=\"http:\/\/rioonwatch.org.br\/wp-content\/uploads\/2018\/01\/previas.jpg\"><img loading=\"lazy\" decoding=\"async\" class=\"aligncenter size-content wp-image-30885\" src=\"http:\/\/rioonwatch.org.br\/wp-content\/uploads\/2018\/01\/previas-620x264.jpg\" alt=\"\" width=\"620\" height=\"264\" srcset=\"https:\/\/rioonwatch.org.br\/wp-content\/uploads\/2018\/01\/previas-620x264.jpg 620w, https:\/\/rioonwatch.org.br\/wp-content\/uploads\/2018\/01\/previas-940x400.jpg 940w\" sizes=\"(max-width: 620px) 100vw, 620px\" \/><\/a><\/p>\n<p>O\u00a0<a href=\"http:\/\/bit.ly\/2DExbF2\" target=\"_blank\" rel=\"noopener\">Quero Pr\u00e9vias<\/a> \u00e9 um movimento que advoga pela realiza\u00e7\u00e3o de <a href=\"http:\/\/bit.ly\/2FbiAyh\" target=\"_blank\" rel=\"noopener\">pr\u00e9vias<\/a>, isto \u00e9, para que haja uma inst\u00e2ncia de vota\u00e7\u00e3o dentro dos partidos para escolher os candidatos que ir\u00e3o ent\u00e3o disputar um cargo, de forma a aproximar o cidad\u00e3o da pol\u00edtica, envolv\u00ea-lo por mais tempo e mais profundamente com o processo eleitoral, e estimular o surgimento de novas lideran\u00e7as mais representativas e com maior sustenta\u00e7\u00e3o social do que um candidato escolhido pela burocracia partid\u00e1ria.<\/p>\n<h3>Agora!<\/h3>\n<p><a href=\"http:\/\/rioonwatch.org.br\/wp-content\/uploads\/2018\/01\/agora.jpg\" target=\"_blank\" rel=\"noopener\"><img loading=\"lazy\" decoding=\"async\" class=\"aligncenter wp-image-30884 size-content\" title=\"Reuni\u00e3o do Agora!\" src=\"http:\/\/rioonwatch.org.br\/wp-content\/uploads\/2018\/01\/agora-620x264.jpg\" alt=\"Reuni\u00e3o do Agora!\" width=\"620\" height=\"264\" srcset=\"https:\/\/rioonwatch.org.br\/wp-content\/uploads\/2018\/01\/agora-620x264.jpg 620w, https:\/\/rioonwatch.org.br\/wp-content\/uploads\/2018\/01\/agora-940x400.jpg 940w\" sizes=\"(max-width: 620px) 100vw, 620px\" \/><\/a><\/p>\n<p>O <a href=\"http:\/\/bit.ly\/2DAW59G\" target=\"_blank\" rel=\"noopener\">Agora!<\/a> \u00e9 um movimento apartid\u00e1rio formado por 90 membros, dentre profissionais t\u00e9cnicos e acad\u00eamicos, <a href=\"http:\/\/bit.ly\/2DWVXy0\" target=\"_blank\" rel=\"noopener\">em sua maioria<\/a> &#8220;brancos, que fazem parte da elite intelectual e econ\u00f4mica do pa\u00eds&#8221;, o mais famoso dos quais \u00e9 o apresentador de TV Luciano Huck. Uma exce\u00e7\u00e3o \u00e0 m\u00e9dia do Agora! \u00e9 a\u00a0l\u00edder ind\u00edgena\u00a0Anapuaka Tupinamb\u00e1. O movimento concentra em &#8220;escutar, pensar, falar, engajar e agir,&#8221; e visa renovar a pol\u00edtica e combater a desigualdade, por meio de uma disputa de 15 a 20 vagas no Legislativo. Ilona Szab\u00f3, presidente do Instituto Igarap\u00e9 e uma das fundadoras do movimento, <a href=\"http:\/\/bit.ly\/2DWVXy0\" target=\"_blank\" rel=\"noopener\">afirma<\/a> que &#8220;\u00f3bvio que a gente faz parte de uma elite, mas a maior parte dos nossos membros vem de fam\u00edlias de classe m\u00e9dia ou baixa. Tem gente que vem de comunidade. S\u00e3o pessoas que batalharam muito, tiveram acesso \u00e0 educa\u00e7\u00e3o, mas por conta desse desn\u00edvel (de oportunidades) se encontram na classe A e B&#8230; Temos poucos membros com perfil de fam\u00edlias ricas, mas mesmos fizeram a sua pr\u00f3pria hist\u00f3ria&#8221;.<\/p>\n<h3>Renova Brasil<\/h3>\n<p>O <a href=\"http:\/\/bit.ly\/2DuXluI\" target=\"_blank\" rel=\"noopener\">Renova Brasil<\/a> \u00e9 um projeto da sociedade civil de acelera\u00e7\u00e3o de novas lideran\u00e7as. Visa permitir o acesso do &#8220;cidad\u00e3o comum&#8221; ao Congresso por meio de forma\u00e7\u00e3o pol\u00edtica e mentoria. Ap\u00f3s um per\u00edodo de aplica\u00e7\u00f5es aberto \u00e0 todos os brasileiros, houve um processo de sele\u00e7\u00e3o intenso, no fim do qual o Renova selecionou 100 <a href=\"http:\/\/bit.ly\/2s4Htd2\" target=\"_blank\" rel=\"noopener\">bolsistas<\/a> &#8220;de todos os cantos do pa\u00eds com vis\u00f5es, ideologias e causas diversas, seguindo o princ\u00edpio do di\u00e1logo, da diversidade e da converg\u00eancia de ideias. Entre os crit\u00e9rios eliminat\u00f3rios estava o pensamento extremista ou qualquer hist\u00f3rico de comportamento anti\u00e9tico&#8221;. Sua vis\u00e3o de Brasil inclui a prioriza\u00e7\u00e3o do indiv\u00edduo frente a m\u00e1quina p\u00fablica, a gest\u00e3o sustent\u00e1vel dos recursos, o combate \u00e0 corrup\u00e7\u00e3o e o respeito \u00e0s liberdades individuais.<\/p>\n<h3>Rede de A\u00e7\u00e3o Pol\u00edtica pela Sustentabilidade<\/h3>\n<p>J\u00e1 a\u00a0<a href=\"http:\/\/bit.ly\/2DxRxAJ\" target=\"_blank\" rel=\"noopener\">Rede de A\u00e7\u00e3o Pol\u00edtica pela Sustentabilidade<\/a> (RAPS) \u00e9 uma rede de empreendedorismo c\u00edvico que visa, al\u00e9m de conectar l\u00edderes potenciais e empreendedores comprometidos, dar forma\u00e7\u00e3o pol\u00edtica principalmente \u00e0queles que j\u00e1 t\u00eam atua\u00e7\u00e3o pol\u00edtica, ainda que n\u00e3o partid\u00e1ria ou institucional, mas t\u00eam a inten\u00e7\u00e3o de se candidatar a cargos eletivos e t\u00eam compromisso \u00e0s diretrizes do movimento, como \u00e9tica e sustentabilidade. Nas elei\u00e7\u00f5es de 2016, <a href=\"http:\/\/bit.ly\/2nxeOZN\" target=\"_blank\" rel=\"noopener\">elegeram vinte e tr\u00eas\u00a0l\u00edderes da RAPS<\/a>&#8211;catorze vereadores e nove prefeitos.<\/p>\n<h3>Converg\u00eancia<\/h3>\n<p>O movimento <a href=\"http:\/\/bit.ly\/2E72k1G\" target=\"_blank\" rel=\"noopener\">Converg\u00eancia<\/a>\u00a0visa formar uma frente pol\u00edtica ampla em torno de uma agenda comum, pautada em quest\u00f5es de apoio transversal que superam polariza\u00e7\u00f5es como\u00a0transpar\u00eancia, efici\u00eancia no gasto p\u00fablico e saneamento b\u00e1sico universal. Ele prop\u00f5e um plano de governo pautado na dire\u00e7\u00e3o geral que os cidad\u00e3os desejam para o Rio e que atraia diversos atores e movimentos pela renova\u00e7\u00e3o pol\u00edtica. O plano est\u00e1 em elabora\u00e7\u00e3o, e passar\u00e1 por especialistas que ir\u00e3o avali\u00e1-lo sob o ponto de vista pol\u00edtico, t\u00e9cnico, social, ideol\u00f3gico, e popular. A inten\u00e7\u00e3o \u00e9 de que essas avalia\u00e7\u00f5es garantir\u00e3o que as propostas s\u00e3o vi\u00e1veis, a partir da vis\u00e3o de lideran\u00e7as perif\u00e9ricas de todo o estado para garantir que o plano est\u00e1 alinhado com as necessidades da ponta, e disponibilizado na internet para recolher sugest\u00f5es de todos os interessados de forma mais ampla.<\/p>\n<h3>Livres<\/h3>\n<p>O\u00a0<a href=\"http:\/\/bit.ly\/2E0DYcF\" target=\"_blank\" rel=\"noopener\" data-saferedirecturl=\"https:\/\/www.google.com\/url?hl=en&amp;q=http:\/\/bit.ly\/2E0DYcF&amp;source=gmail&amp;ust=1517933501614000&amp;usg=AFQjCNFW_sHOQbFhjU1tz8UzzyfOiRpZCQ\">Livres<\/a>\u00a0\u00e9 um <em>start-up<\/em> que nasceu dentro do\u00a0<a href=\"http:\/\/bit.ly\/2nyK0Hf\" target=\"_blank\" rel=\"noopener\" data-saferedirecturl=\"https:\/\/www.google.com\/url?hl=en&amp;q=http:\/\/bit.ly\/2nyK0Hf&amp;source=gmail&amp;ust=1517933501614000&amp;usg=AFQjCNH8xDEjfMs2spOY0ZT6RpaGshtjdA\">Partido Social Liberal<\/a>\u00a0e prega uma pol\u00edtica que valorize a liberdade e a dignidade humana, o que inclui valores como a supera\u00e7\u00e3o da desigualdade via inser\u00e7\u00e3o no mercado, a liberdade de express\u00e3o, a valoriza\u00e7\u00e3o do empreendedorismo, a descriminaliza\u00e7\u00e3o gradual das drogas, a redu\u00e7\u00e3o de impostos e o direito \u00e0 propriedade e, parece, at\u00e9 o\u00a0<a href=\"http:\/\/bit.ly\/2GFuGRQ\" target=\"_blank\" rel=\"noopener\" data-saferedirecturl=\"https:\/\/www.google.com\/url?hl=en&amp;q=http:\/\/bit.ly\/2GFuGRQ&amp;source=gmail&amp;ust=1517933501614000&amp;usg=AFQjCNHuDeK7QQcO1noP2vwo_eVd-Vdo-Q\">direito ao armamento<\/a>. Ele define-se como liberal e de combate a populismos de esquerda e de direita. O movimento\u00a0<a href=\"http:\/\/bit.ly\/2nw5q8z\" target=\"_blank\" rel=\"noopener\" data-saferedirecturl=\"https:\/\/www.google.com\/url?hl=en&amp;q=http:\/\/bit.ly\/2nw5q8z&amp;source=gmail&amp;ust=1517933501614000&amp;usg=AFQjCNH7tLwQ1rihYHUDP9P_nJrf6Xj7Gw\">anunciou sua sa\u00edda do PSL<\/a>\u00a0ap\u00f3s a chegada de\u00a0<a href=\"http:\/\/bit.ly\/2dnahGR\" target=\"_blank\" rel=\"noopener\" data-saferedirecturl=\"https:\/\/www.google.com\/url?hl=en&amp;q=http:\/\/bit.ly\/2dnahGR&amp;source=gmail&amp;ust=1517933501614000&amp;usg=AFQjCNFe58AvSvea0I0sW1yUYR8uhFTVmg\">Jair Bolsonaro<\/a>\u00a0e ir\u00e1 agora atuar por meio de sua\u00a0<a href=\"http:\/\/bit.ly\/2DUQQS6\" target=\"_blank\" rel=\"noopener\" data-saferedirecturl=\"https:\/\/www.google.com\/url?hl=en&amp;q=http:\/\/bit.ly\/2DUQQS6&amp;source=gmail&amp;ust=1517933501614000&amp;usg=AFQjCNFcCintak2z6dCCNYW6bS7vRRdhVw\">Funda\u00e7\u00e3o Indigo de Pol\u00edticas P\u00fablicas<\/a>, estimulando\u00a0projetos que testem pol\u00edticas p\u00fablicas e proponham reformas pol\u00edticas. Seus membros, assim, concorrer\u00e3o sob diferentes legendas a sua escolha, membros esses que s\u00e3o\u00a0<a href=\"http:\/\/bit.ly\/2nBqXvA\" target=\"_blank\" rel=\"noopener\" data-saferedirecturl=\"https:\/\/www.google.com\/url?hl=en&amp;q=http:\/\/bit.ly\/2nBqXvA&amp;source=gmail&amp;ust=1517933501614000&amp;usg=AFQjCNGIxWZORMBhjvHSgb5ecyrolpA7fg\">predominantemente homens brancos<\/a>.<\/p>\n<h3>Muitas e Bancada Ativista<\/h3>\n<p><a href=\"http:\/\/rioonwatch.org.br\/wp-content\/uploads\/2018\/02\/1475520320845.jpg\"><img loading=\"lazy\" decoding=\"async\" class=\"aligncenter wp-image-30978 size-content\" title=\"\u00c1urea Coralina (PSOL) Foto: Patrick Arley\" src=\"http:\/\/rioonwatch.org.br\/wp-content\/uploads\/2018\/02\/1475520320845-620x264.jpg\" alt=\"\" width=\"620\" height=\"264\" \/><\/a><\/p>\n<p>O <a href=\"http:\/\/bit.ly\/2s2LFdy\" target=\"_blank\" rel=\"noopener\">Muitas<\/a> e a <a href=\"http:\/\/bit.ly\/2GBdpce\" target=\"_blank\" rel=\"noopener\">Bancada Ativista<\/a> s\u00e3o duas experi\u00eancias pol\u00edticas que ocorreram nas cidades de Belo Horizonte e S\u00e3o Paulo, respectivamente, para promover a ocupa\u00e7\u00e3o participativa dos espa\u00e7os de poder por aqueles que costumam estar exclu\u00eddos deles, promovendo oxigena\u00e7\u00e3o e diversidade. Fizeram isso por meio de candidaturas coletivas de mulheres, negros, ind\u00edgenas, LGBTQIs, entre outros, ao cargo de vereador, lan\u00e7adas dentro do <a href=\"http:\/\/bit.ly\/2yOSfq4\" target=\"_blank\" rel=\"noopener\">PSOL<\/a> e da <a href=\"http:\/\/bit.ly\/2GQEnwW\" target=\"_blank\" rel=\"noopener\">Rede Sustentabilidade<\/a>. Levantam bandeiras diversas nas causas sociais, pol\u00edticas, econ\u00f4micas e ambientais, mas com foco no combate \u00e0 desigualdade. Conseguiram eleger uma vereadora por S\u00e3o Paulo e duas por Belo Horizonte (onde inclusive tiveram a <a href=\"http:\/\/bit.ly\/2GF4Du3\" target=\"_blank\" rel=\"noopener\">candidata mais votada<\/a>) e pode ser que venham com candidatos ao Legislativo nessas elei\u00e7\u00f5es.<\/p>\n<h3>Todo Jovem \u00e9 Rio<\/h3>\n<p><a href=\"http:\/\/rioonwatch.org.br\/wp-content\/uploads\/2018\/01\/reuni\u00e3o-todo-jovem2.jpg\"><img loading=\"lazy\" decoding=\"async\" class=\"aligncenter wp-image-30887 size-content\" title=\"Atividade do Festival Todo Jovem \u00e9 Rio. Foto: Facebook Ag\u00eancia de Redes para a Juventude.\" src=\"http:\/\/rioonwatch.org.br\/wp-content\/uploads\/2018\/01\/reuni\u00e3o-todo-jovem2-620x264.jpg\" alt=\"\" width=\"620\" height=\"264\" srcset=\"https:\/\/rioonwatch.org.br\/wp-content\/uploads\/2018\/01\/reuni\u00e3o-todo-jovem2-620x264.jpg 620w, https:\/\/rioonwatch.org.br\/wp-content\/uploads\/2018\/01\/reuni\u00e3o-todo-jovem2-940x400.jpg 940w\" sizes=\"(max-width: 620px) 100vw, 620px\" \/><\/a><\/p>\n<p>Finalmente, o\u00a0<a href=\"http:\/\/bbc.in\/2D4cSNT\" target=\"_blank\" rel=\"noopener\">Todo Jovem \u00e9 Rio<\/a>\u00a0\u00e9 um projeto da <a href=\"http:\/\/bit.ly\/12akQim\" target=\"_blank\" rel=\"noopener\">Ag\u00eancia Redes Para Juventude<\/a> que visa a pol\u00edtica municipal, e n\u00e3o o Congresso, diferente dos outros, e tem um horizonte temporal muito mais distante que as pr\u00f3ximas elei\u00e7\u00f5es. Ele convida jovens de periferias da cidade do Rio de Janeiro a se imaginarem prefeitos do Rio daqui a 20 anos, de forma a\u00a0pensar o futuro da cidade a partir da periferia.\u00a0Assim, busca formar lideran\u00e7as jovens de origem popular e criar uma rede de casas que sejam espa\u00e7os pol\u00edticos, que sejam refer\u00eancia em seus territ\u00f3rios para direitos e oportunidades. Enquanto isso, a forma\u00e7\u00e3o oferecida abrange capacita\u00e7\u00e3o em como agir politicamente no dia a dia, desde como contatar a prefeitura para fazer reivindica\u00e7\u00f5es, at\u00e9 como ocupar um espa\u00e7o p\u00fablico.<\/p>\n<h3>Conclus\u00e3o<\/h3>\n<p>Reflexos da vontade da popula\u00e7\u00e3o e da sociedade civil por mudan\u00e7as dram\u00e1ticas na pol\u00edtica brasileira, esses movimentos representam novos ares que podem vir a representar mudan\u00e7as profundas. Por\u00e9m, ainda mais nessa fase inicial, \u00e9 importante avaliar tais movimentos de forma cr\u00edtica quanto ao cumprimento interno das propostas que eles projetam para a pol\u00edtica, inclusive em torno da diversidade e do combate \u00e0 corrup\u00e7\u00e3o. &#8220;Uma coisa \u00e9 quem toma decis\u00e3o, outra \u00e9 quem banca e influencia a decis\u00e3o, outra \u00e9 quem \u00e9 o garoto propaganda do movimento, e outra quem \u00e9 o &#8216;case&#8217; que aparece pra contar a hist\u00f3ria deles. \u00c9 preciso separar bem as coisas. Por isso \u00e9 importante analisar de onde vem o financiamento, quais os crit\u00e9rios para utiliza\u00e7\u00e3o dele, para a sele\u00e7\u00e3o de pessoas que ir\u00e3o compor as iniciativas e como \u00e9 a governan\u00e7a da tomada de decis\u00e3o interna, por exemplo&#8221;, disse Paulo Loiola,\u00a0mestre em Administra\u00e7\u00e3o P\u00fablica e s\u00f3cio da consultoria em pol\u00edticas p\u00fablicas\u00a0<a href=\"http:\/\/bit.ly\/2rRc65I\" target=\"_blank\" rel=\"noopener\">Humana Sustent\u00e1vel<\/a>. &#8220;Esses movimentos ainda precisam avan\u00e7ar em processos internos para demonstrar que est\u00e3o efetivamente trazendo renova\u00e7\u00e3o. Ainda que haja muita boa vontade neles, transpar\u00eancia sobre a quest\u00e3o financeira e de governan\u00e7a s\u00e3o essenciais para diminuir a probabilidade de coopta\u00e7\u00e3o&#8221;, completou.<\/p>\n<p><i>Esta \u00e9 a segunda mat\u00e9ria de uma\u00a0<\/i><a href=\"http:\/\/bit.ly\/EleicoesRio2018\" target=\"_blank\" rel=\"noopener\"><i>s\u00e9rie<\/i><\/a><i>\u00a0sobre o cen\u00e1rio pol\u00edtico brasileiro para 2018.<\/i><\/p>\n<!-- AddThis Advanced Settings generic via filter on the_content --><!-- AddThis Share Buttons generic via filter on the_content -->","protected":false},"excerpt":{"rendered":"<div class=\"mh-excerpt\"><p>Click Here for English Esta \u00e9 a segunda mat\u00e9ria de uma\u00a0s\u00e9rie\u00a0sobre o cen\u00e1rio pol\u00edtico brasileiro para 2018. A quem representa\u00a0um Congresso formado por 80% de homens brancos, em um pa\u00eds no qual metade da popula\u00e7\u00e3o <a class=\"mh-excerpt-more\" href=\"https:\/\/rioonwatch.org.br\/?p=30872\" title=\"O Que Esperar da Pol\u00edtica Brasileira em 2018? Parte 2: Movimentos, Candidaturas Alternativas\">[&#8230;]<\/a><!-- AddThis Advanced Settings generic via filter on get_the_excerpt --><!-- AddThis Share Buttons generic via filter on get_the_excerpt --><\/p>\n<\/div>","protected":false},"author":152,"featured_media":30888,"comment_status":"closed","ping_status":"closed","sticky":false,"template":"","format":"standard","meta":{"_acf_changed":false,"_monsterinsights_skip_tracking":false,"_monsterinsights_sitenote_active":false,"_monsterinsights_sitenote_note":"","_monsterinsights_sitenote_category":0,"footnotes":""},"categories":[2089,1618,1621,1632,344,1612,342],"tags":[2274,1117,479,474,1643,457,2277,42,1398,1403,304,1033,1989,936,2276,1472,2289,2273,1347],"writer":[1994],"translator":[],"source":[],"ilustrador":[],"fotografo":[],"class_list":{"0":"post-30872","1":"post","2":"type-post","3":"status-publish","4":"format-standard","5":"has-post-thumbnail","7":"category-monitoramento","8":"category-olhonaparticipacao","9":"category-destaque","10":"category-pesquisa-e-analise","11":"category-politicas","12":"category-sociedade-civil","13":"category-solucoes","14":"tag-abolicao","15":"tag-agencia-de-redes-para-juventude","16":"tag-democracia","17":"tag-democracia-participativa","18":"tag-diversidade","19":"tag-eleicoes","20":"tag-favela-frente-brasil","21":"tag-genero","22":"tag-lgbt","23":"tag-movimento-negro","24":"tag-participacao","25":"tag-politica","26":"tag-psol","27":"tag-raca","28":"tag-rede-sustentabilidade","29":"tag-reforma-politica","30":"tag-serie","31":"tag-serie-monitoramento-2018","32":"tag-solucao","33":"writer-luisa-fenizola"},"acf":[],"yoast_head":"<!-- This site is optimized with the Yoast SEO plugin v25.6 - https:\/\/yoast.com\/wordpress\/plugins\/seo\/ -->\n<title>O Que Esperar da Pol\u00edtica Brasileira em 2018? Parte 2: Movimentos, Candidaturas Alternativas - RioOnWatch<\/title>\n<meta name=\"robots\" content=\"index, follow, max-snippet:-1, max-image-preview:large, max-video-preview:-1\" \/>\n<link rel=\"canonical\" href=\"https:\/\/rioonwatch.org.br\/?p=30872\" \/>\n<meta property=\"og:locale\" content=\"pt_BR\" \/>\n<meta property=\"og:type\" content=\"article\" \/>\n<meta property=\"og:title\" content=\"O Que Esperar da Pol\u00edtica Brasileira em 2018? Parte 2: Movimentos, Candidaturas Alternativas - RioOnWatch\" \/>\n<meta property=\"og:description\" content=\"Click Here for English Esta \u00e9 a segunda mat\u00e9ria de uma\u00a0s\u00e9rie\u00a0sobre o cen\u00e1rio pol\u00edtico brasileiro para 2018. A quem representa\u00a0um Congresso formado por 80% de homens brancos, em um pa\u00eds no qual metade da popula\u00e7\u00e3o [...]\" \/>\n<meta property=\"og:url\" content=\"https:\/\/rioonwatch.org.br\/?p=30872\" \/>\n<meta property=\"og:site_name\" content=\"RioOnWatch\" \/>\n<meta property=\"article:published_time\" content=\"2018-02-05T15:09:08+00:00\" \/>\n<meta property=\"article:modified_time\" content=\"2018-03-01T15:27:29+00:00\" \/>\n<meta property=\"og:image\" content=\"https:\/\/rioonwatch.org.br\/wp-content\/uploads\/2018\/01\/reuni\u00e3o-todo-jovem4.jpg\" \/>\n\t<meta property=\"og:image:width\" content=\"2048\" \/>\n\t<meta property=\"og:image:height\" content=\"1364\" \/>\n\t<meta property=\"og:image:type\" content=\"image\/jpeg\" \/>\n<meta name=\"author\" content=\"Luisa Fenizola\" \/>\n<meta name=\"twitter:card\" content=\"summary_large_image\" \/>\n<meta name=\"twitter:label1\" content=\"Escrito por\" \/>\n\t<meta name=\"twitter:data1\" content=\"Luisa Fenizola\" \/>\n\t<meta name=\"twitter:label2\" content=\"Est. tempo de leitura\" \/>\n\t<meta name=\"twitter:data2\" content=\"11 minutos\" \/>\n<script type=\"application\/ld+json\" class=\"yoast-schema-graph\">{\"@context\":\"https:\/\/schema.org\",\"@graph\":[{\"@type\":\"Article\",\"@id\":\"https:\/\/rioonwatch.org.br\/?p=30872#article\",\"isPartOf\":{\"@id\":\"https:\/\/rioonwatch.org.br\/?p=30872\"},\"author\":{\"name\":\"Luisa Fenizola\",\"@id\":\"https:\/\/rioonwatch.org.br\/#\/schema\/person\/f443c6b55bb6e80842280318076491c5\"},\"headline\":\"O Que Esperar da Pol\u00edtica Brasileira em 2018? Parte 2: Movimentos, Candidaturas Alternativas\",\"datePublished\":\"2018-02-05T15:09:08+00:00\",\"dateModified\":\"2018-03-01T15:27:29+00:00\",\"mainEntityOfPage\":{\"@id\":\"https:\/\/rioonwatch.org.br\/?p=30872\"},\"wordCount\":2210,\"publisher\":{\"@id\":\"https:\/\/rioonwatch.org.br\/#organization\"},\"image\":{\"@id\":\"https:\/\/rioonwatch.org.br\/?p=30872#primaryimage\"},\"thumbnailUrl\":\"https:\/\/rioonwatch.org.br\/wp-content\/uploads\/2018\/01\/reuni\u00e3o-todo-jovem4.jpg\",\"keywords\":[\"Aboli\u00e7\u00e3o\",\"Ag\u00eancia de Redes para Juventude\",\"Democracia\",\"democracia participativa\",\"diversidade\",\"Elei\u00e7\u00f5es\",\"Favela Frente Brasil\",\"g\u00eanero\",\"LGBTQIAPN+\",\"Movimento negro\",\"participa\u00e7\u00e3o\",\"pol\u00edtica\",\"PSOL\",\"ra\u00e7a\",\"Rede Sustentabilidade\",\"reforma pol\u00edtica\",\"S\u00e9rie\",\"S\u00e9rie: Monitoramento 2018\",\"solu\u00e7\u00e3o\"],\"articleSection\":[\"#Monitoramento\",\"#OlhoNaParticipa\u00e7\u00e3o\",\"*Destaque\",\"Dados e Pesquisa\",\"Pol\u00edticas\",\"Sociedade Civil\",\"Solu\u00e7\u00f5es\"],\"inLanguage\":\"pt-BR\"},{\"@type\":\"WebPage\",\"@id\":\"https:\/\/rioonwatch.org.br\/?p=30872\",\"url\":\"https:\/\/rioonwatch.org.br\/?p=30872\",\"name\":\"O Que Esperar da Pol\u00edtica Brasileira em 2018? Parte 2: Movimentos, Candidaturas Alternativas - RioOnWatch\",\"isPartOf\":{\"@id\":\"https:\/\/rioonwatch.org.br\/#website\"},\"primaryImageOfPage\":{\"@id\":\"https:\/\/rioonwatch.org.br\/?p=30872#primaryimage\"},\"image\":{\"@id\":\"https:\/\/rioonwatch.org.br\/?p=30872#primaryimage\"},\"thumbnailUrl\":\"https:\/\/rioonwatch.org.br\/wp-content\/uploads\/2018\/01\/reuni\u00e3o-todo-jovem4.jpg\",\"datePublished\":\"2018-02-05T15:09:08+00:00\",\"dateModified\":\"2018-03-01T15:27:29+00:00\",\"breadcrumb\":{\"@id\":\"https:\/\/rioonwatch.org.br\/?p=30872#breadcrumb\"},\"inLanguage\":\"pt-BR\",\"potentialAction\":[{\"@type\":\"ReadAction\",\"target\":[\"https:\/\/rioonwatch.org.br\/?p=30872\"]}]},{\"@type\":\"ImageObject\",\"inLanguage\":\"pt-BR\",\"@id\":\"https:\/\/rioonwatch.org.br\/?p=30872#primaryimage\",\"url\":\"https:\/\/rioonwatch.org.br\/wp-content\/uploads\/2018\/01\/reuni\u00e3o-todo-jovem4.jpg\",\"contentUrl\":\"https:\/\/rioonwatch.org.br\/wp-content\/uploads\/2018\/01\/reuni\u00e3o-todo-jovem4.jpg\",\"width\":2048,\"height\":1364},{\"@type\":\"BreadcrumbList\",\"@id\":\"https:\/\/rioonwatch.org.br\/?p=30872#breadcrumb\",\"itemListElement\":[{\"@type\":\"ListItem\",\"position\":1,\"name\":\"In\u00edcio\",\"item\":\"https:\/\/rioonwatch.org.br\/\"},{\"@type\":\"ListItem\",\"position\":2,\"name\":\"O Que Esperar da Pol\u00edtica Brasileira em 2018? Parte 2: Movimentos, Candidaturas Alternativas\"}]},{\"@type\":\"WebSite\",\"@id\":\"https:\/\/rioonwatch.org.br\/#website\",\"url\":\"https:\/\/rioonwatch.org.br\/\",\"name\":\"RioOnWatch\",\"description\":\"relatos das favelas cariocas\",\"publisher\":{\"@id\":\"https:\/\/rioonwatch.org.br\/#organization\"},\"potentialAction\":[{\"@type\":\"SearchAction\",\"target\":{\"@type\":\"EntryPoint\",\"urlTemplate\":\"https:\/\/rioonwatch.org.br\/?s={search_term_string}\"},\"query-input\":{\"@type\":\"PropertyValueSpecification\",\"valueRequired\":true,\"valueName\":\"search_term_string\"}}],\"inLanguage\":\"pt-BR\"},{\"@type\":\"Organization\",\"@id\":\"https:\/\/rioonwatch.org.br\/#organization\",\"name\":\"RioOnWatch\",\"url\":\"https:\/\/rioonwatch.org.br\/\",\"logo\":{\"@type\":\"ImageObject\",\"inLanguage\":\"pt-BR\",\"@id\":\"https:\/\/rioonwatch.org.br\/#\/schema\/logo\/image\/\",\"url\":\"https:\/\/rioonwatch.org.br\/wp-content\/uploads\/2021\/06\/RioOnWatchcabecalhoPT11anos-2.png\",\"contentUrl\":\"https:\/\/rioonwatch.org.br\/wp-content\/uploads\/2021\/06\/RioOnWatchcabecalhoPT11anos-2.png\",\"width\":779,\"height\":277,\"caption\":\"RioOnWatch\"},\"image\":{\"@id\":\"https:\/\/rioonwatch.org.br\/#\/schema\/logo\/image\/\"}},{\"@type\":\"Person\",\"@id\":\"https:\/\/rioonwatch.org.br\/#\/schema\/person\/f443c6b55bb6e80842280318076491c5\",\"name\":\"Luisa Fenizola\",\"image\":{\"@type\":\"ImageObject\",\"inLanguage\":\"pt-BR\",\"@id\":\"https:\/\/rioonwatch.org.br\/#\/schema\/person\/image\/\",\"url\":\"https:\/\/secure.gravatar.com\/avatar\/a3d551110162b9f876cbbdaaecf75663?s=96&d=blank&r=g\",\"contentUrl\":\"https:\/\/secure.gravatar.com\/avatar\/a3d551110162b9f876cbbdaaecf75663?s=96&d=blank&r=g\",\"caption\":\"Luisa Fenizola\"},\"url\":\"https:\/\/rioonwatch.org.br\/?author=152\"}]}<\/script>\n<!-- \/ Yoast SEO plugin. -->","yoast_head_json":{"title":"O Que Esperar da Pol\u00edtica Brasileira em 2018? Parte 2: Movimentos, Candidaturas Alternativas - RioOnWatch","robots":{"index":"index","follow":"follow","max-snippet":"max-snippet:-1","max-image-preview":"max-image-preview:large","max-video-preview":"max-video-preview:-1"},"canonical":"https:\/\/rioonwatch.org.br\/?p=30872","og_locale":"pt_BR","og_type":"article","og_title":"O Que Esperar da Pol\u00edtica Brasileira em 2018? Parte 2: Movimentos, Candidaturas Alternativas - RioOnWatch","og_description":"Click Here for English Esta \u00e9 a segunda mat\u00e9ria de uma\u00a0s\u00e9rie\u00a0sobre o cen\u00e1rio pol\u00edtico brasileiro para 2018. A quem representa\u00a0um Congresso formado por 80% de homens brancos, em um pa\u00eds no qual metade da popula\u00e7\u00e3o [...]","og_url":"https:\/\/rioonwatch.org.br\/?p=30872","og_site_name":"RioOnWatch","article_published_time":"2018-02-05T15:09:08+00:00","article_modified_time":"2018-03-01T15:27:29+00:00","og_image":[{"width":2048,"height":1364,"url":"https:\/\/rioonwatch.org.br\/wp-content\/uploads\/2018\/01\/reuni\u00e3o-todo-jovem4.jpg","type":"image\/jpeg"}],"author":"Luisa Fenizola","twitter_card":"summary_large_image","twitter_misc":{"Escrito por":"Luisa Fenizola","Est. tempo de leitura":"11 minutos"},"schema":{"@context":"https:\/\/schema.org","@graph":[{"@type":"Article","@id":"https:\/\/rioonwatch.org.br\/?p=30872#article","isPartOf":{"@id":"https:\/\/rioonwatch.org.br\/?p=30872"},"author":{"name":"Luisa Fenizola","@id":"https:\/\/rioonwatch.org.br\/#\/schema\/person\/f443c6b55bb6e80842280318076491c5"},"headline":"O Que Esperar da Pol\u00edtica Brasileira em 2018? Parte 2: Movimentos, Candidaturas Alternativas","datePublished":"2018-02-05T15:09:08+00:00","dateModified":"2018-03-01T15:27:29+00:00","mainEntityOfPage":{"@id":"https:\/\/rioonwatch.org.br\/?p=30872"},"wordCount":2210,"publisher":{"@id":"https:\/\/rioonwatch.org.br\/#organization"},"image":{"@id":"https:\/\/rioonwatch.org.br\/?p=30872#primaryimage"},"thumbnailUrl":"https:\/\/rioonwatch.org.br\/wp-content\/uploads\/2018\/01\/reuni\u00e3o-todo-jovem4.jpg","keywords":["Aboli\u00e7\u00e3o","Ag\u00eancia de Redes para Juventude","Democracia","democracia participativa","diversidade","Elei\u00e7\u00f5es","Favela Frente Brasil","g\u00eanero","LGBTQIAPN+","Movimento negro","participa\u00e7\u00e3o","pol\u00edtica","PSOL","ra\u00e7a","Rede Sustentabilidade","reforma pol\u00edtica","S\u00e9rie","S\u00e9rie: Monitoramento 2018","solu\u00e7\u00e3o"],"articleSection":["#Monitoramento","#OlhoNaParticipa\u00e7\u00e3o","*Destaque","Dados e Pesquisa","Pol\u00edticas","Sociedade Civil","Solu\u00e7\u00f5es"],"inLanguage":"pt-BR"},{"@type":"WebPage","@id":"https:\/\/rioonwatch.org.br\/?p=30872","url":"https:\/\/rioonwatch.org.br\/?p=30872","name":"O Que Esperar da Pol\u00edtica Brasileira em 2018? Parte 2: Movimentos, Candidaturas Alternativas - RioOnWatch","isPartOf":{"@id":"https:\/\/rioonwatch.org.br\/#website"},"primaryImageOfPage":{"@id":"https:\/\/rioonwatch.org.br\/?p=30872#primaryimage"},"image":{"@id":"https:\/\/rioonwatch.org.br\/?p=30872#primaryimage"},"thumbnailUrl":"https:\/\/rioonwatch.org.br\/wp-content\/uploads\/2018\/01\/reuni\u00e3o-todo-jovem4.jpg","datePublished":"2018-02-05T15:09:08+00:00","dateModified":"2018-03-01T15:27:29+00:00","breadcrumb":{"@id":"https:\/\/rioonwatch.org.br\/?p=30872#breadcrumb"},"inLanguage":"pt-BR","potentialAction":[{"@type":"ReadAction","target":["https:\/\/rioonwatch.org.br\/?p=30872"]}]},{"@type":"ImageObject","inLanguage":"pt-BR","@id":"https:\/\/rioonwatch.org.br\/?p=30872#primaryimage","url":"https:\/\/rioonwatch.org.br\/wp-content\/uploads\/2018\/01\/reuni\u00e3o-todo-jovem4.jpg","contentUrl":"https:\/\/rioonwatch.org.br\/wp-content\/uploads\/2018\/01\/reuni\u00e3o-todo-jovem4.jpg","width":2048,"height":1364},{"@type":"BreadcrumbList","@id":"https:\/\/rioonwatch.org.br\/?p=30872#breadcrumb","itemListElement":[{"@type":"ListItem","position":1,"name":"In\u00edcio","item":"https:\/\/rioonwatch.org.br\/"},{"@type":"ListItem","position":2,"name":"O Que Esperar da Pol\u00edtica Brasileira em 2018? Parte 2: Movimentos, Candidaturas Alternativas"}]},{"@type":"WebSite","@id":"https:\/\/rioonwatch.org.br\/#website","url":"https:\/\/rioonwatch.org.br\/","name":"RioOnWatch","description":"relatos das favelas cariocas","publisher":{"@id":"https:\/\/rioonwatch.org.br\/#organization"},"potentialAction":[{"@type":"SearchAction","target":{"@type":"EntryPoint","urlTemplate":"https:\/\/rioonwatch.org.br\/?s={search_term_string}"},"query-input":{"@type":"PropertyValueSpecification","valueRequired":true,"valueName":"search_term_string"}}],"inLanguage":"pt-BR"},{"@type":"Organization","@id":"https:\/\/rioonwatch.org.br\/#organization","name":"RioOnWatch","url":"https:\/\/rioonwatch.org.br\/","logo":{"@type":"ImageObject","inLanguage":"pt-BR","@id":"https:\/\/rioonwatch.org.br\/#\/schema\/logo\/image\/","url":"https:\/\/rioonwatch.org.br\/wp-content\/uploads\/2021\/06\/RioOnWatchcabecalhoPT11anos-2.png","contentUrl":"https:\/\/rioonwatch.org.br\/wp-content\/uploads\/2021\/06\/RioOnWatchcabecalhoPT11anos-2.png","width":779,"height":277,"caption":"RioOnWatch"},"image":{"@id":"https:\/\/rioonwatch.org.br\/#\/schema\/logo\/image\/"}},{"@type":"Person","@id":"https:\/\/rioonwatch.org.br\/#\/schema\/person\/f443c6b55bb6e80842280318076491c5","name":"Luisa Fenizola","image":{"@type":"ImageObject","inLanguage":"pt-BR","@id":"https:\/\/rioonwatch.org.br\/#\/schema\/person\/image\/","url":"https:\/\/secure.gravatar.com\/avatar\/a3d551110162b9f876cbbdaaecf75663?s=96&d=blank&r=g","contentUrl":"https:\/\/secure.gravatar.com\/avatar\/a3d551110162b9f876cbbdaaecf75663?s=96&d=blank&r=g","caption":"Luisa Fenizola"},"url":"https:\/\/rioonwatch.org.br\/?author=152"}]}},"_links":{"self":[{"href":"https:\/\/rioonwatch.org.br\/index.php?rest_route=\/wp\/v2\/posts\/30872"}],"collection":[{"href":"https:\/\/rioonwatch.org.br\/index.php?rest_route=\/wp\/v2\/posts"}],"about":[{"href":"https:\/\/rioonwatch.org.br\/index.php?rest_route=\/wp\/v2\/types\/post"}],"author":[{"embeddable":true,"href":"https:\/\/rioonwatch.org.br\/index.php?rest_route=\/wp\/v2\/users\/152"}],"replies":[{"embeddable":true,"href":"https:\/\/rioonwatch.org.br\/index.php?rest_route=%2Fwp%2Fv2%2Fcomments&post=30872"}],"version-history":[{"count":30,"href":"https:\/\/rioonwatch.org.br\/index.php?rest_route=\/wp\/v2\/posts\/30872\/revisions"}],"predecessor-version":[{"id":31527,"href":"https:\/\/rioonwatch.org.br\/index.php?rest_route=\/wp\/v2\/posts\/30872\/revisions\/31527"}],"wp:featuredmedia":[{"embeddable":true,"href":"https:\/\/rioonwatch.org.br\/index.php?rest_route=\/wp\/v2\/media\/30888"}],"wp:attachment":[{"href":"https:\/\/rioonwatch.org.br\/index.php?rest_route=%2Fwp%2Fv2%2Fmedia&parent=30872"}],"wp:term":[{"taxonomy":"category","embeddable":true,"href":"https:\/\/rioonwatch.org.br\/index.php?rest_route=%2Fwp%2Fv2%2Fcategories&post=30872"},{"taxonomy":"post_tag","embeddable":true,"href":"https:\/\/rioonwatch.org.br\/index.php?rest_route=%2Fwp%2Fv2%2Ftags&post=30872"},{"taxonomy":"writer","embeddable":true,"href":"https:\/\/rioonwatch.org.br\/index.php?rest_route=%2Fwp%2Fv2%2Fwriter&post=30872"},{"taxonomy":"translator","embeddable":true,"href":"https:\/\/rioonwatch.org.br\/index.php?rest_route=%2Fwp%2Fv2%2Ftranslator&post=30872"},{"taxonomy":"source","embeddable":true,"href":"https:\/\/rioonwatch.org.br\/index.php?rest_route=%2Fwp%2Fv2%2Fsource&post=30872"},{"taxonomy":"ilustrador","embeddable":true,"href":"https:\/\/rioonwatch.org.br\/index.php?rest_route=%2Fwp%2Fv2%2Filustrador&post=30872"},{"taxonomy":"fotografo","embeddable":true,"href":"https:\/\/rioonwatch.org.br\/index.php?rest_route=%2Fwp%2Fv2%2Ffotografo&post=30872"}],"curies":[{"name":"wp","href":"https:\/\/api.w.org\/{rel}","templated":true}]}}