{"id":31057,"date":"2018-02-08T19:05:10","date_gmt":"2018-02-08T22:05:10","guid":{"rendered":"http:\/\/rioonwatch.org.br\/?p=31057"},"modified":"2024-05-24T12:40:15","modified_gmt":"2024-05-24T15:40:15","slug":"o-que-uma-piscina-inflavel-pode-dizer-sobre-a-desigualdade-carioca","status":"publish","type":"post","link":"https:\/\/rioonwatch.org.br\/?p=31057","title":{"rendered":"O Que uma Piscina Infl\u00e1vel Pode Dizer Sobre a Desigualdade Carioca?"},"content":{"rendered":"<p style=\"text-align: right;\"><em><strong><a href=\"http:\/\/bit.ly\/2G6XvW3\" target=\"_blank\" rel=\"noopener noreferrer\">Click Here for English<img decoding=\"async\" width=\"20\" height=\"20\" class=\"alignright wp-image-15790\" src=\"http:\/\/rioonwatch.org.br\/wp-content\/uploads\/2012\/08\/EN-standard-e1439583104716.jpg\" \/><\/a><\/strong><\/em><\/p>\n<p><span style=\"font-weight: 400;\">No s\u00e1bado, dia 3 de fevereiro, enquanto os foli\u00f5es cariocas tomavam as ruas da cidade no clima pr\u00e9-carnavalesco, um grupo se reuniu <a href=\"http:\/\/bit.ly\/2DzvUvW\" target=\"_blank\" rel=\"noopener\">em frente \u00e0 sede do jornal <em>Meia Hora<\/em> para realiza\u00e7\u00e3o de um\u00a0piscina\u00e7o<\/a><\/span><span style=\"font-weight: 400;\">. O ato l\u00fadico foi realizado em <\/span><a href=\"http:\/\/bit.ly\/2n0QVJB\" target=\"_blank\" rel=\"noopener\"><span style=\"font-weight: 400;\">rep\u00fadio \u00e0 capa do <\/span><i><span style=\"font-weight: 400;\">Meia Hora<\/span><\/i><\/a> <span style=\"font-weight: 400;\">de 21 de janeiro, que trazia uma imagem de crian\u00e7as brincando em piscinas de pl\u00e1stico junto \u00e0 manchete \u201cPiscinas Suspeitas na Mar\u00e9\u201d. O evento foi organizado por ativistas de diversas favelas que se uniram para denunciar a <a href=\"http:\/\/bit.ly\/2buISj2\" target=\"_blank\" rel=\"noopener\">criminaliza\u00e7\u00e3o da favela<\/a>.<\/span><\/p>\n<p><span style=\"font-weight: 400;\">\u201cA gente n\u00e3o pode aceitar m\u00eddias como essas que colocam a gente na capa para criminalizar os nossos corpos\u201d, explicou <a href=\"http:\/\/bit.ly\/24KePW5\" target=\"_blank\" rel=\"noopener\">Gizele Martins<\/a>, moradora do <\/span><a href=\"http:\/\/bit.ly\/10BvARw\" target=\"_blank\" rel=\"noopener\"><span style=\"font-weight: 400;\">Complexo da Mar\u00e9<\/span><\/a><span style=\"font-weight: 400;\"> e uma da organizadoras do evento. \u201cA gente tem que repudiar cada capa, cada mat\u00e9ria racista que jornais comerciais como esse fazem com os nossos corpos. Preto, pobre e favelado pode se divertir sim.\u201d<\/span><\/p>\n<p><span style=\"font-weight: 400;\">Na fala de abertura do ato, <a href=\"http:\/\/bit.ly\/2B1M933\" target=\"_blank\" rel=\"noopener\">Thain\u00e3 Medeiros<\/a>, morador do <a href=\"http:\/\/bit.ly\/U0MiGm\" target=\"_blank\" rel=\"noopener\">Complexo do Alem\u00e3o<\/a> e integrante do <\/span><a href=\"http:\/\/bit.ly\/1CLd514\" target=\"_blank\" rel=\"noopener\"><span style=\"font-weight: 400;\">Coletivo Papo Reto<\/span><\/a><span style=\"font-weight: 400;\">, compartilhou sua indigna\u00e7\u00e3o: \u201cO <em>Meia Hora<\/em> fez uma mat\u00e9ria criminalizando a presen\u00e7a de piscinas na Mar\u00e9, uma realidade que \u00e9 comum a todas as favelas. A galera tem piscina, n\u00e3o \u00e9 um produto caro de se comprar. N\u00e3o \u00e9 absurdo que se tenha.\u201d <\/span><\/p>\n<p><a href=\"http:\/\/rioonwatch.org.br\/wp-content\/uploads\/2018\/02\/IMG_20180203_153833521-e1520891724416.jpg\"><img fetchpriority=\"high\" decoding=\"async\" class=\"aligncenter wp-image-31795 size-medium\" title=\"Manifestantes seguram cartaz com cr\u00edtica \u00e1cida ao jornal Meia Hora.\" src=\"http:\/\/rioonwatch.org.br\/wp-content\/uploads\/2018\/02\/IMG_20180203_153833521-e1520891724416-620x263.jpg\" alt=\"\" width=\"620\" height=\"263\" \/><\/a><\/p>\n<p><span style=\"font-weight: 400;\">A mat\u00e9ria do <\/span><i><span style=\"font-weight: 400;\">Meia Hora<\/span><\/i><span style=\"font-weight: 400;\"> alegava que as piscinas retratadas na foto teriam sido compradas pelo tr\u00e1fico, uma suposi\u00e7\u00e3o irrespons\u00e1vel frente ao fato de que a <\/span><a href=\"http:\/\/bit.ly\/2GhfxWE\" target=\"_blank\" rel=\"noopener\"><span style=\"font-weight: 400;\">Pol\u00edcia Civil declara n\u00e3o haver qualquer investiga\u00e7\u00e3o em curso para determinar a origem das piscinas<\/span><\/a><span style=\"font-weight: 400;\">. Os organizadores do piscina\u00e7o informaram que a foto, que estima-se ter sido tirada em 2016, foi compartilhada primeiro nas p\u00e1ginas\u00a0<\/span><a href=\"http:\/\/bit.ly\/2sdWsS1\" target=\"_blank\" rel=\"noopener\"><span style=\"font-weight: 400;\">Favela Nova Holanda<\/span><\/a><span style=\"font-weight: 400;\"> e <\/span><a href=\"http:\/\/bit.ly\/2Bdz1eu\" target=\"_blank\" rel=\"noopener\"><span style=\"font-weight: 400;\">Mar\u00e9 Vive<\/span><\/a><span style=\"font-weight: 400;\">, populares entre moradores do Complexo da Mar\u00e9. A mat\u00e9ria do <em>Meia Hora<\/em> n\u00e3o \u00e9 assinada por nenhum jornalista e a foto n\u00e3o tem qualquer atribui\u00e7\u00e3o.<\/span><\/p>\n<p><span style=\"font-weight: 400;\"><a href=\"http:\/\/bit.ly\/2BvSJ1S\" target=\"_blank\" rel=\"noopener\">Comentando uma postagem no Facebook sobre o assunto<\/a>, um morador da <a href=\"http:\/\/bit.ly\/1sscKdX\" target=\"_blank\" rel=\"noopener\">Nova Holanda<\/a>, comunidade integrante do Complexo da Mar\u00e9, tamb\u00e9m fez seu rep\u00fadio. \u201cEssa segunda piscina \u00e9 l\u00e1 de casa e n\u00e3o teve 1 real do tr\u00e1fico, [eles] t\u00eam que superar a frustra\u00e7\u00e3o de que um pobre n\u00e3o pode ter piscina. Vai ter piscina sim, e se falar muito eu compro um mini tobog\u00e3.&#8221;<\/span><\/p>\n<p><span style=\"font-weight: 400;\">Thain\u00e3 ainda ressaltou que o evento, que precisou de recursos financeiros para contrata\u00e7\u00e3o de carro pipa e compra de piscinas, foi realizado com doa\u00e7\u00f5es arrecadadas a partir de uma <a href=\"http:\/\/bit.ly\/2C3d0Mh\" target=\"_blank\" rel=\"noopener\">postagem na p\u00e1gina do evento no Facebook<\/a><\/span><span style=\"font-weight: 400;\">.<\/span><\/p>\n<p><a href=\"http:\/\/rioonwatch.org.br\/wp-content\/uploads\/2018\/02\/IMG_20180203_153534045.jpg\"><img decoding=\"async\" class=\"aligncenter wp-image-31073 size-content\" title=\"Manifestantes cantam Rap da Felicidade de punho erguido\" src=\"http:\/\/rioonwatch.org.br\/wp-content\/uploads\/2018\/02\/IMG_20180203_153534045-620x264.jpg\" alt=\"\" width=\"620\" height=\"264\" srcset=\"https:\/\/rioonwatch.org.br\/wp-content\/uploads\/2018\/02\/IMG_20180203_153534045-620x264.jpg 620w, https:\/\/rioonwatch.org.br\/wp-content\/uploads\/2018\/02\/IMG_20180203_153534045-940x400.jpg 940w\" sizes=\"(max-width: 620px) 100vw, 620px\" \/><\/a><\/p>\n<p><span style=\"font-weight: 400;\">As falas de abertura do ato foram seguidas do entoar, de <\/span><a href=\"http:\/\/bit.ly\/2Er7xnW\" target=\"_blank\" rel=\"noopener\"><span style=\"font-weight: 400;\">punhos erguidos no ar<\/span><\/a><span style=\"font-weight: 400;\">, o cl\u00e1ssico <a href=\"http:\/\/bit.ly\/2GYcC5p\" target=\"_blank\" rel=\"noopener\">Rap da Felicidade<\/a>, do Cidinho e Doca. \u201cFavela \u00e9 isso aqui, \u00e9 pot\u00eancia, \u00e9 a gente se reunindo, sobrevivendo e resistindo, por mais que tentem nos exterminar\u201d, declarou Marcelle Decoth\u00e9, do <a href=\"http:\/\/bit.ly\/1pK8M6N\" target=\"_blank\" rel=\"noopener\">F\u00f3rum de Juventudes do Rio de Janeiro<\/a>.<\/span><\/p>\n<p><span style=\"font-weight: 400;\">Transeuntes que passaram pelo ato se depararam com pessoas se divertindo em piscinas infl\u00e1veis, tomando cerveja, comendo frango assado e ouvindo uma boa m\u00fasica. Em meio \u00e0 divers\u00e3o,<\/span><span style=\"font-weight: 400;\">\u00a0os presentes discutiram o efeito da <a href=\"http:\/\/bit.ly\/1VVj5Ae\" target=\"_blank\" rel=\"noopener\">grande m\u00eddia<\/a> sobre a vida dos moradores de favela. \u201cEu sempre digo que a m\u00eddia comercial tem um dono, que s\u00e3o os ricos. Ela tem um prop\u00f3sito de ser mesmo racista, de criminalizar mesmo, de colocar a popula\u00e7\u00e3o contra os movimentos sociais, a popula\u00e7\u00e3o contra ela pr\u00f3pria\u201d, refletiu Gizele.<\/span><\/p>\n<p><span style=\"font-weight: 400;\">\u201cA grande m\u00eddia hoje intensifica a criminaliza\u00e7\u00e3o, intensifica o exterm\u00ednio, intensifica todo esse processo di\u00e1rio que qualquer pessoa que mora em favela e periferia sofre atualmente. A grande m\u00eddia serve ao Estado\u201d, complementou Marcelle.\u00a0<\/span><span style=\"font-weight: 400;\">\u201cA gente precisa refletir sobre quem v\u00ea uma imagem de uma piscina na favela e fala que aquilo \u00e9 a mando do tr\u00e1fico. Que mentalidade, que realidade, que viv\u00eancia essa pessoa tem?&#8221;<\/span><\/p>\n<p><a href=\"http:\/\/rioonwatch.org.br\/wp-content\/uploads\/2018\/02\/Piscina\u00e7o-Carro-da-pol\u00edcia.jpg\"><img loading=\"lazy\" decoding=\"async\" class=\"aligncenter wp-image-31074 size-content\" title=\"Carro da pol\u00edcia esteve a postos desde o in\u00edcio do ato.\" src=\"http:\/\/rioonwatch.org.br\/wp-content\/uploads\/2018\/02\/Piscina\u00e7o-Carro-da-pol\u00edcia-620x264.jpg\" alt=\"\" width=\"620\" height=\"264\" srcset=\"https:\/\/rioonwatch.org.br\/wp-content\/uploads\/2018\/02\/Piscina\u00e7o-Carro-da-pol\u00edcia-620x264.jpg 620w, https:\/\/rioonwatch.org.br\/wp-content\/uploads\/2018\/02\/Piscina\u00e7o-Carro-da-pol\u00edcia-940x400.jpg 940w\" sizes=\"(max-width: 620px) 100vw, 620px\" \/><\/a><\/p>\n<p><span style=\"font-weight: 400;\">Gizele, que \u00e9 jornalista, contrastou a atua\u00e7\u00e3o da m\u00eddia comercial com o jornalismo feito por moradores. \u201cA nossa comunica\u00e7\u00e3o \u00e9 de auto estima, de reconstru\u00e7\u00e3o e de constru\u00e7\u00e3o da nossa hist\u00f3ria. Ent\u00e3o a gente tem que refor\u00e7ar a comunica\u00e7\u00e3o da favela, produzir mais meios de <a href=\"http:\/\/bit.ly\/1jEgxaJ\" target=\"_blank\" rel=\"noopener\">comunica\u00e7\u00e3o comunit\u00e1ria<\/a> e fortalecer os que j\u00e1 existem.\u201d<\/span><\/p>\n<p><span style=\"font-weight: 400;\">Marcelle concordou: \u201cEu s\u00f3 acredito na comunica\u00e7\u00e3o que vem de dentro. Nada sobre n\u00f3s sem n\u00f3s\u201d.<\/span><\/p>\n<p><span style=\"font-weight: 400;\">Um fato que n\u00e3o passou despercebido pelos presentes, foi a presen\u00e7a da <a href=\"http:\/\/bit.ly\/1mtYvXK\" target=\"_blank\" rel=\"noopener\">Pol\u00edcia Militar<\/a> desde o in\u00edcio do ato. Quando chegaram os primeiros manifestantes, o carro j\u00e1 estava a postos ao lado da entrada do jornal.<\/span><\/p>\n<p><span style=\"font-weight: 400;\">\u201cOnde tem favela tem pol\u00edcia\u201d, observou Gizele.<\/span><\/p>\n<p><span style=\"font-weight: 400;\">O evento chegou ao fim com um ato simb\u00f3lico. Os presentes tingiram a \u00e1gua da piscina de vermelho cor de sangue e a derramaram em frente \u00e0 reda\u00e7\u00e3o do jornal, evidenciando a responsabilidade da m\u00eddia com respeito ao exterm\u00ednio de moradores de favela.<\/span><\/p>\n<p><span style=\"font-weight: 400;\">Enquanto isso, na redes sociais, os dois pesos e duas medidas com que a m\u00eddia trata o lazer na favela e no asfalto foi evidenciado por internautas que criaram capas sat\u00edricas. Alegando que \u00e1reas de lazer da <a href=\"http:\/\/bit.ly\/1mNsDyk\" target=\"_blank\" rel=\"noopener\">Zona Sul<\/a> teriam sido financiadas pelo tr\u00e1fico, as capas traziam manchetes como &#8220;<a href=\"http:\/\/bit.ly\/2EbyEzX\" target=\"_blank\" rel=\"noopener\">V\u00f4lei suspeito em Copacabana<\/a>&#8220;, \u201c<a href=\"http:\/\/bit.ly\/2scACyz\" target=\"_blank\" rel=\"noopener\">Bicicletas suspeitas na Lagoa<\/a>\u201d e &#8220;<a href=\"http:\/\/bit.ly\/2EoIj9t\" target=\"_blank\" rel=\"noopener\">Parquinho suspeito no Leblon<\/a>&#8220;.<\/span><\/p>\n<p><span style=\"font-weight: 400;\">A cr\u00edtica \u00e0 diferen\u00e7a de tratamento se fez ainda mais relevante quando no dia 5 de fevereiro, dois dias ap\u00f3s o piscina\u00e7o, a capa do jornal <a href=\"http:\/\/bit.ly\/1VtRpVb\" target=\"_blank\" rel=\"noopener\"><em>O Globo<\/em><\/a> estampou uma foto de foli\u00f5es em uma piscina infl\u00e1vel sob a manchete \u201cPara se refrescar no fogo da folia\u201d. Para agravar a situa\u00e7\u00e3o, uma das pessoa retratadas estava vestida como a cantora <a href=\"http:\/\/bit.ly\/2rvI9bp\" target=\"_blank\" rel=\"noopener\">Anitta em seu clipe \u2018Vai Malandra\u2019<\/a>.<\/span><\/p>\n<p>https:\/\/www.facebook.com\/photo.php?fbid=383726662088399&#038;set=a.130167400777661.1073741830.100013532056337&#038;type=3&#038;theater<\/p>\n<p>E no dia 6 de fevereiro, dia em que ocorreu uma <a href=\"http:\/\/bit.ly\/2FTb3V6\" target=\"_blank\" rel=\"noopener\">opera\u00e7\u00e3o policial que deixou dois mortos no Complexo da Mar\u00e9<\/a>, diversas pessoa compartilharam a imagem de uma piscina que foi rasgada por policiais. <a href=\"http:\/\/bit.ly\/2sgifZh\" target=\"_blank\" rel=\"noopener\">A p\u00e1gina Mar\u00e9 Vive compartilhou a imagem<\/a> junto \u00e0 legenda: &#8220;Os policiais acabaram de rasgar uma piscina comprada coletivamente por moradores na <a href=\"http:\/\/bit.ly\/29y251c\" target=\"_blank\" rel=\"noopener\">Vila do Jo\u00e3o<\/a>. E quem vai pagar o preju\u00edzo? [&#8230;] \u00c9 isso que o Estado consegue colocar nos nossos cora\u00e7\u00f5es: \u00f3dio. Esse \u00e9 o resultado da mat\u00e9ria do jornal <em>Meia Hora<\/em>!!!&#8221;<\/p>\n<p><span style=\"font-weight: 400;\">Para al\u00e9m do piscina\u00e7o e das manifesta\u00e7\u00f5es virtuais, os organizadores do evento declararam que pretendem tomar medidas formais para denunciar a reportagem irrespons\u00e1vel do jornal <\/span><i><span style=\"font-weight: 400;\">Meia Hora<\/span><\/i><span style=\"font-weight: 400;\">. Contempla-se uma a\u00e7\u00e3o no Minist\u00e9rio P\u00fablico e uma den\u00fancia \u00e0 Comiss\u00e3o de \u00c9tica dos Jornalistas. <\/span><\/p>\n<!-- AddThis Advanced Settings generic via filter on the_content --><!-- AddThis Share Buttons generic via filter on the_content -->","protected":false},"excerpt":{"rendered":"<div class=\"mh-excerpt\"><p>Click Here for English No s\u00e1bado, dia 3 de fevereiro, enquanto os foli\u00f5es cariocas tomavam as ruas da cidade no clima pr\u00e9-carnavalesco, um grupo se reuniu em frente \u00e0 sede do jornal Meia Hora para <a class=\"mh-excerpt-more\" href=\"https:\/\/rioonwatch.org.br\/?p=31057\" title=\"O Que uma Piscina Infl\u00e1vel Pode Dizer Sobre a Desigualdade Carioca?\">[&#8230;]<\/a><!-- AddThis Advanced Settings generic via filter on get_the_excerpt --><!-- AddThis Share Buttons generic via filter on get_the_excerpt --><\/p>\n<\/div>","protected":false},"author":158,"featured_media":31796,"comment_status":"closed","ping_status":"closed","sticky":false,"template":"","format":"standard","meta":{"_acf_changed":false,"_monsterinsights_skip_tracking":false,"_monsterinsights_sitenote_active":false,"_monsterinsights_sitenote_note":"","_monsterinsights_sitenote_category":0,"footnotes":""},"categories":[1621,1627,1615,346],"tags":[386,1676,3253,332,217,1530,1239,922,662,1167,1418,719,379,1151,1760,350,358,774,763,432,1081],"writer":[2035],"translator":[],"source":[],"ilustrador":[],"fotografo":[],"class_list":{"0":"post-31057","1":"post","2":"type-post","3":"status-publish","4":"format-standard","5":"has-post-thumbnail","7":"category-destaque","8":"category-relato-de-evento","9":"category-cultura-da-favela","10":"category-denuncias","11":"tag-estigma","12":"tag-analise-cobertura-de-favelas","13":"tag-antirracismo","14":"tag-complexo-da-mare","15":"tag-complexo-do-alemao","16":"tag-midia-comunitaria","17":"tag-criminalizacao-da-pobreza","18":"tag-evento","19":"tag-forum-de-juventude-do-rio-de-janeiro","20":"tag-grande-midia","21":"tag-coletivo-papo-reto","22":"tag-lazer","23":"tag-midia-social","24":"tag-organizacao","25":"tag-narrativa-midiatica","26":"tag-nova-holanda","27":"tag-organizacao-comunitaria","28":"tag-policia-militar","29":"tag-protesto","30":"tag-resistencia","31":"tag-vila-do-joao","32":"writer-clara-ferraz"},"acf":[],"yoast_head":"<!-- This site is optimized with the Yoast SEO plugin v25.6 - https:\/\/yoast.com\/wordpress\/plugins\/seo\/ -->\n<title>O Que uma Piscina Infl\u00e1vel Pode Dizer Sobre a Desigualdade Carioca? - RioOnWatch<\/title>\n<meta name=\"robots\" content=\"index, follow, max-snippet:-1, max-image-preview:large, max-video-preview:-1\" \/>\n<link rel=\"canonical\" href=\"https:\/\/rioonwatch.org.br\/?p=31057\" \/>\n<meta property=\"og:locale\" content=\"pt_BR\" \/>\n<meta property=\"og:type\" content=\"article\" \/>\n<meta property=\"og:title\" content=\"O Que uma Piscina Infl\u00e1vel Pode Dizer Sobre a Desigualdade Carioca? - RioOnWatch\" \/>\n<meta property=\"og:description\" content=\"Click Here for English No s\u00e1bado, dia 3 de fevereiro, enquanto os foli\u00f5es cariocas tomavam as ruas da cidade no clima pr\u00e9-carnavalesco, um grupo se reuniu em frente \u00e0 sede do jornal Meia Hora para [...]\" \/>\n<meta property=\"og:url\" content=\"https:\/\/rioonwatch.org.br\/?p=31057\" \/>\n<meta property=\"og:site_name\" content=\"RioOnWatch\" \/>\n<meta property=\"article:published_time\" content=\"2018-02-08T22:05:10+00:00\" \/>\n<meta property=\"article:modified_time\" content=\"2024-05-24T15:40:15+00:00\" \/>\n<meta property=\"og:image\" content=\"https:\/\/rioonwatch.org.br\/wp-content\/uploads\/2018\/02\/IMG_20180203_154936603_HDR-e1520891634191.jpg\" \/>\n\t<meta property=\"og:image:width\" content=\"620\" \/>\n\t<meta property=\"og:image:height\" content=\"263\" \/>\n\t<meta property=\"og:image:type\" content=\"image\/jpeg\" \/>\n<meta name=\"author\" content=\"Clara Ferraz\" \/>\n<meta name=\"twitter:card\" content=\"summary_large_image\" \/>\n<meta name=\"twitter:label1\" content=\"Escrito por\" \/>\n\t<meta name=\"twitter:data1\" content=\"Clara Ferraz\" \/>\n\t<meta name=\"twitter:label2\" content=\"Est. tempo de leitura\" \/>\n\t<meta name=\"twitter:data2\" content=\"6 minutos\" \/>\n<script type=\"application\/ld+json\" class=\"yoast-schema-graph\">{\"@context\":\"https:\/\/schema.org\",\"@graph\":[{\"@type\":\"Article\",\"@id\":\"https:\/\/rioonwatch.org.br\/?p=31057#article\",\"isPartOf\":{\"@id\":\"https:\/\/rioonwatch.org.br\/?p=31057\"},\"author\":{\"name\":\"Clara Ferraz\",\"@id\":\"https:\/\/rioonwatch.org.br\/#\/schema\/person\/51419201ecd6399f425faa71e4df4bb4\"},\"headline\":\"O Que uma Piscina Infl\u00e1vel Pode Dizer Sobre a Desigualdade Carioca?\",\"datePublished\":\"2018-02-08T22:05:10+00:00\",\"dateModified\":\"2024-05-24T15:40:15+00:00\",\"mainEntityOfPage\":{\"@id\":\"https:\/\/rioonwatch.org.br\/?p=31057\"},\"wordCount\":1131,\"publisher\":{\"@id\":\"https:\/\/rioonwatch.org.br\/#organization\"},\"image\":{\"@id\":\"https:\/\/rioonwatch.org.br\/?p=31057#primaryimage\"},\"thumbnailUrl\":\"https:\/\/rioonwatch.org.br\/wp-content\/uploads\/2018\/02\/IMG_20180203_154936603_HDR-e1520891634191.jpg\",\"keywords\":[\"#StopFavelaStigma\",\"an\u00e1lise cobertura de favelas\",\"Antirracismo\",\"Complexo da Mar\u00e9\",\"Complexo do Alem\u00e3o\",\"Comunica\u00e7\u00e3o Comunit\u00e1ria\",\"criminaliza\u00e7\u00e3o da pobreza\",\"evento\",\"Forum de Juventudes do Rio de Janeiro\",\"grande m\u00eddia\",\"Instituto Papo Reto\",\"lazer\",\"m\u00eddia social\",\"mobiliza\u00e7\u00e3o\",\"narrativa midi\u00e1tica\",\"Nova Holanda\",\"organiza\u00e7\u00e3o comunit\u00e1ria\",\"Pol\u00edcia Militar\",\"protesto\",\"resist\u00eancia\",\"Vila do Jo\u00e3o\"],\"articleSection\":[\"*Destaque\",\"Cobertura de Eventos\",\"Cultura da Favela\",\"Den\u00fancias\"],\"inLanguage\":\"pt-BR\"},{\"@type\":\"WebPage\",\"@id\":\"https:\/\/rioonwatch.org.br\/?p=31057\",\"url\":\"https:\/\/rioonwatch.org.br\/?p=31057\",\"name\":\"O Que uma Piscina Infl\u00e1vel Pode Dizer Sobre a Desigualdade Carioca? - RioOnWatch\",\"isPartOf\":{\"@id\":\"https:\/\/rioonwatch.org.br\/#website\"},\"primaryImageOfPage\":{\"@id\":\"https:\/\/rioonwatch.org.br\/?p=31057#primaryimage\"},\"image\":{\"@id\":\"https:\/\/rioonwatch.org.br\/?p=31057#primaryimage\"},\"thumbnailUrl\":\"https:\/\/rioonwatch.org.br\/wp-content\/uploads\/2018\/02\/IMG_20180203_154936603_HDR-e1520891634191.jpg\",\"datePublished\":\"2018-02-08T22:05:10+00:00\",\"dateModified\":\"2024-05-24T15:40:15+00:00\",\"breadcrumb\":{\"@id\":\"https:\/\/rioonwatch.org.br\/?p=31057#breadcrumb\"},\"inLanguage\":\"pt-BR\",\"potentialAction\":[{\"@type\":\"ReadAction\",\"target\":[\"https:\/\/rioonwatch.org.br\/?p=31057\"]}]},{\"@type\":\"ImageObject\",\"inLanguage\":\"pt-BR\",\"@id\":\"https:\/\/rioonwatch.org.br\/?p=31057#primaryimage\",\"url\":\"https:\/\/rioonwatch.org.br\/wp-content\/uploads\/2018\/02\/IMG_20180203_154936603_HDR-e1520891634191.jpg\",\"contentUrl\":\"https:\/\/rioonwatch.org.br\/wp-content\/uploads\/2018\/02\/IMG_20180203_154936603_HDR-e1520891634191.jpg\",\"width\":620,\"height\":263},{\"@type\":\"BreadcrumbList\",\"@id\":\"https:\/\/rioonwatch.org.br\/?p=31057#breadcrumb\",\"itemListElement\":[{\"@type\":\"ListItem\",\"position\":1,\"name\":\"In\u00edcio\",\"item\":\"https:\/\/rioonwatch.org.br\/\"},{\"@type\":\"ListItem\",\"position\":2,\"name\":\"O Que uma Piscina Infl\u00e1vel Pode Dizer Sobre a Desigualdade Carioca?\"}]},{\"@type\":\"WebSite\",\"@id\":\"https:\/\/rioonwatch.org.br\/#website\",\"url\":\"https:\/\/rioonwatch.org.br\/\",\"name\":\"RioOnWatch\",\"description\":\"relatos das favelas cariocas\",\"publisher\":{\"@id\":\"https:\/\/rioonwatch.org.br\/#organization\"},\"potentialAction\":[{\"@type\":\"SearchAction\",\"target\":{\"@type\":\"EntryPoint\",\"urlTemplate\":\"https:\/\/rioonwatch.org.br\/?s={search_term_string}\"},\"query-input\":{\"@type\":\"PropertyValueSpecification\",\"valueRequired\":true,\"valueName\":\"search_term_string\"}}],\"inLanguage\":\"pt-BR\"},{\"@type\":\"Organization\",\"@id\":\"https:\/\/rioonwatch.org.br\/#organization\",\"name\":\"RioOnWatch\",\"url\":\"https:\/\/rioonwatch.org.br\/\",\"logo\":{\"@type\":\"ImageObject\",\"inLanguage\":\"pt-BR\",\"@id\":\"https:\/\/rioonwatch.org.br\/#\/schema\/logo\/image\/\",\"url\":\"https:\/\/rioonwatch.org.br\/wp-content\/uploads\/2021\/06\/RioOnWatchcabecalhoPT11anos-2.png\",\"contentUrl\":\"https:\/\/rioonwatch.org.br\/wp-content\/uploads\/2021\/06\/RioOnWatchcabecalhoPT11anos-2.png\",\"width\":779,\"height\":277,\"caption\":\"RioOnWatch\"},\"image\":{\"@id\":\"https:\/\/rioonwatch.org.br\/#\/schema\/logo\/image\/\"}},{\"@type\":\"Person\",\"@id\":\"https:\/\/rioonwatch.org.br\/#\/schema\/person\/51419201ecd6399f425faa71e4df4bb4\",\"name\":\"Clara Ferraz\",\"image\":{\"@type\":\"ImageObject\",\"inLanguage\":\"pt-BR\",\"@id\":\"https:\/\/rioonwatch.org.br\/#\/schema\/person\/image\/\",\"url\":\"https:\/\/secure.gravatar.com\/avatar\/8aaa457da6c4a1f8ae706c36cfbad5c4?s=96&d=blank&r=g\",\"contentUrl\":\"https:\/\/secure.gravatar.com\/avatar\/8aaa457da6c4a1f8ae706c36cfbad5c4?s=96&d=blank&r=g\",\"caption\":\"Clara Ferraz\"},\"url\":\"https:\/\/rioonwatch.org.br\/?author=158\"}]}<\/script>\n<!-- \/ Yoast SEO plugin. -->","yoast_head_json":{"title":"O Que uma Piscina Infl\u00e1vel Pode Dizer Sobre a Desigualdade Carioca? - RioOnWatch","robots":{"index":"index","follow":"follow","max-snippet":"max-snippet:-1","max-image-preview":"max-image-preview:large","max-video-preview":"max-video-preview:-1"},"canonical":"https:\/\/rioonwatch.org.br\/?p=31057","og_locale":"pt_BR","og_type":"article","og_title":"O Que uma Piscina Infl\u00e1vel Pode Dizer Sobre a Desigualdade Carioca? - RioOnWatch","og_description":"Click Here for English No s\u00e1bado, dia 3 de fevereiro, enquanto os foli\u00f5es cariocas tomavam as ruas da cidade no clima pr\u00e9-carnavalesco, um grupo se reuniu em frente \u00e0 sede do jornal Meia Hora para [...]","og_url":"https:\/\/rioonwatch.org.br\/?p=31057","og_site_name":"RioOnWatch","article_published_time":"2018-02-08T22:05:10+00:00","article_modified_time":"2024-05-24T15:40:15+00:00","og_image":[{"width":620,"height":263,"url":"https:\/\/rioonwatch.org.br\/wp-content\/uploads\/2018\/02\/IMG_20180203_154936603_HDR-e1520891634191.jpg","type":"image\/jpeg"}],"author":"Clara Ferraz","twitter_card":"summary_large_image","twitter_misc":{"Escrito por":"Clara Ferraz","Est. tempo de leitura":"6 minutos"},"schema":{"@context":"https:\/\/schema.org","@graph":[{"@type":"Article","@id":"https:\/\/rioonwatch.org.br\/?p=31057#article","isPartOf":{"@id":"https:\/\/rioonwatch.org.br\/?p=31057"},"author":{"name":"Clara Ferraz","@id":"https:\/\/rioonwatch.org.br\/#\/schema\/person\/51419201ecd6399f425faa71e4df4bb4"},"headline":"O Que uma Piscina Infl\u00e1vel Pode Dizer Sobre a Desigualdade Carioca?","datePublished":"2018-02-08T22:05:10+00:00","dateModified":"2024-05-24T15:40:15+00:00","mainEntityOfPage":{"@id":"https:\/\/rioonwatch.org.br\/?p=31057"},"wordCount":1131,"publisher":{"@id":"https:\/\/rioonwatch.org.br\/#organization"},"image":{"@id":"https:\/\/rioonwatch.org.br\/?p=31057#primaryimage"},"thumbnailUrl":"https:\/\/rioonwatch.org.br\/wp-content\/uploads\/2018\/02\/IMG_20180203_154936603_HDR-e1520891634191.jpg","keywords":["#StopFavelaStigma","an\u00e1lise cobertura de favelas","Antirracismo","Complexo da Mar\u00e9","Complexo do Alem\u00e3o","Comunica\u00e7\u00e3o Comunit\u00e1ria","criminaliza\u00e7\u00e3o da pobreza","evento","Forum de Juventudes do Rio de Janeiro","grande m\u00eddia","Instituto Papo Reto","lazer","m\u00eddia social","mobiliza\u00e7\u00e3o","narrativa midi\u00e1tica","Nova Holanda","organiza\u00e7\u00e3o comunit\u00e1ria","Pol\u00edcia Militar","protesto","resist\u00eancia","Vila do Jo\u00e3o"],"articleSection":["*Destaque","Cobertura de Eventos","Cultura da Favela","Den\u00fancias"],"inLanguage":"pt-BR"},{"@type":"WebPage","@id":"https:\/\/rioonwatch.org.br\/?p=31057","url":"https:\/\/rioonwatch.org.br\/?p=31057","name":"O Que uma Piscina Infl\u00e1vel Pode Dizer Sobre a Desigualdade Carioca? - RioOnWatch","isPartOf":{"@id":"https:\/\/rioonwatch.org.br\/#website"},"primaryImageOfPage":{"@id":"https:\/\/rioonwatch.org.br\/?p=31057#primaryimage"},"image":{"@id":"https:\/\/rioonwatch.org.br\/?p=31057#primaryimage"},"thumbnailUrl":"https:\/\/rioonwatch.org.br\/wp-content\/uploads\/2018\/02\/IMG_20180203_154936603_HDR-e1520891634191.jpg","datePublished":"2018-02-08T22:05:10+00:00","dateModified":"2024-05-24T15:40:15+00:00","breadcrumb":{"@id":"https:\/\/rioonwatch.org.br\/?p=31057#breadcrumb"},"inLanguage":"pt-BR","potentialAction":[{"@type":"ReadAction","target":["https:\/\/rioonwatch.org.br\/?p=31057"]}]},{"@type":"ImageObject","inLanguage":"pt-BR","@id":"https:\/\/rioonwatch.org.br\/?p=31057#primaryimage","url":"https:\/\/rioonwatch.org.br\/wp-content\/uploads\/2018\/02\/IMG_20180203_154936603_HDR-e1520891634191.jpg","contentUrl":"https:\/\/rioonwatch.org.br\/wp-content\/uploads\/2018\/02\/IMG_20180203_154936603_HDR-e1520891634191.jpg","width":620,"height":263},{"@type":"BreadcrumbList","@id":"https:\/\/rioonwatch.org.br\/?p=31057#breadcrumb","itemListElement":[{"@type":"ListItem","position":1,"name":"In\u00edcio","item":"https:\/\/rioonwatch.org.br\/"},{"@type":"ListItem","position":2,"name":"O Que uma Piscina Infl\u00e1vel Pode Dizer Sobre a Desigualdade Carioca?"}]},{"@type":"WebSite","@id":"https:\/\/rioonwatch.org.br\/#website","url":"https:\/\/rioonwatch.org.br\/","name":"RioOnWatch","description":"relatos das favelas cariocas","publisher":{"@id":"https:\/\/rioonwatch.org.br\/#organization"},"potentialAction":[{"@type":"SearchAction","target":{"@type":"EntryPoint","urlTemplate":"https:\/\/rioonwatch.org.br\/?s={search_term_string}"},"query-input":{"@type":"PropertyValueSpecification","valueRequired":true,"valueName":"search_term_string"}}],"inLanguage":"pt-BR"},{"@type":"Organization","@id":"https:\/\/rioonwatch.org.br\/#organization","name":"RioOnWatch","url":"https:\/\/rioonwatch.org.br\/","logo":{"@type":"ImageObject","inLanguage":"pt-BR","@id":"https:\/\/rioonwatch.org.br\/#\/schema\/logo\/image\/","url":"https:\/\/rioonwatch.org.br\/wp-content\/uploads\/2021\/06\/RioOnWatchcabecalhoPT11anos-2.png","contentUrl":"https:\/\/rioonwatch.org.br\/wp-content\/uploads\/2021\/06\/RioOnWatchcabecalhoPT11anos-2.png","width":779,"height":277,"caption":"RioOnWatch"},"image":{"@id":"https:\/\/rioonwatch.org.br\/#\/schema\/logo\/image\/"}},{"@type":"Person","@id":"https:\/\/rioonwatch.org.br\/#\/schema\/person\/51419201ecd6399f425faa71e4df4bb4","name":"Clara Ferraz","image":{"@type":"ImageObject","inLanguage":"pt-BR","@id":"https:\/\/rioonwatch.org.br\/#\/schema\/person\/image\/","url":"https:\/\/secure.gravatar.com\/avatar\/8aaa457da6c4a1f8ae706c36cfbad5c4?s=96&d=blank&r=g","contentUrl":"https:\/\/secure.gravatar.com\/avatar\/8aaa457da6c4a1f8ae706c36cfbad5c4?s=96&d=blank&r=g","caption":"Clara Ferraz"},"url":"https:\/\/rioonwatch.org.br\/?author=158"}]}},"_links":{"self":[{"href":"https:\/\/rioonwatch.org.br\/index.php?rest_route=\/wp\/v2\/posts\/31057"}],"collection":[{"href":"https:\/\/rioonwatch.org.br\/index.php?rest_route=\/wp\/v2\/posts"}],"about":[{"href":"https:\/\/rioonwatch.org.br\/index.php?rest_route=\/wp\/v2\/types\/post"}],"author":[{"embeddable":true,"href":"https:\/\/rioonwatch.org.br\/index.php?rest_route=\/wp\/v2\/users\/158"}],"replies":[{"embeddable":true,"href":"https:\/\/rioonwatch.org.br\/index.php?rest_route=%2Fwp%2Fv2%2Fcomments&post=31057"}],"version-history":[{"count":21,"href":"https:\/\/rioonwatch.org.br\/index.php?rest_route=\/wp\/v2\/posts\/31057\/revisions"}],"predecessor-version":[{"id":31799,"href":"https:\/\/rioonwatch.org.br\/index.php?rest_route=\/wp\/v2\/posts\/31057\/revisions\/31799"}],"wp:featuredmedia":[{"embeddable":true,"href":"https:\/\/rioonwatch.org.br\/index.php?rest_route=\/wp\/v2\/media\/31796"}],"wp:attachment":[{"href":"https:\/\/rioonwatch.org.br\/index.php?rest_route=%2Fwp%2Fv2%2Fmedia&parent=31057"}],"wp:term":[{"taxonomy":"category","embeddable":true,"href":"https:\/\/rioonwatch.org.br\/index.php?rest_route=%2Fwp%2Fv2%2Fcategories&post=31057"},{"taxonomy":"post_tag","embeddable":true,"href":"https:\/\/rioonwatch.org.br\/index.php?rest_route=%2Fwp%2Fv2%2Ftags&post=31057"},{"taxonomy":"writer","embeddable":true,"href":"https:\/\/rioonwatch.org.br\/index.php?rest_route=%2Fwp%2Fv2%2Fwriter&post=31057"},{"taxonomy":"translator","embeddable":true,"href":"https:\/\/rioonwatch.org.br\/index.php?rest_route=%2Fwp%2Fv2%2Ftranslator&post=31057"},{"taxonomy":"source","embeddable":true,"href":"https:\/\/rioonwatch.org.br\/index.php?rest_route=%2Fwp%2Fv2%2Fsource&post=31057"},{"taxonomy":"ilustrador","embeddable":true,"href":"https:\/\/rioonwatch.org.br\/index.php?rest_route=%2Fwp%2Fv2%2Filustrador&post=31057"},{"taxonomy":"fotografo","embeddable":true,"href":"https:\/\/rioonwatch.org.br\/index.php?rest_route=%2Fwp%2Fv2%2Ffotografo&post=31057"}],"curies":[{"name":"wp","href":"https:\/\/api.w.org\/{rel}","templated":true}]}}