{"id":31107,"date":"2018-02-09T11:52:45","date_gmt":"2018-02-09T14:52:45","guid":{"rendered":"http:\/\/rioonwatch.org.br\/?p=31107"},"modified":"2018-06-23T12:26:26","modified_gmt":"2018-06-23T15:26:26","slug":"oquedizemasredes-sobre-as-fatais-operacoes-policiais-de-terca-na-mare","status":"publish","type":"post","link":"https:\/\/rioonwatch.org.br\/?p=31107","title":{"rendered":"#OQueDizemAsRedes Sobre as Fatais Opera\u00e7\u00f5es Policiais de Ter\u00e7a na Mar\u00e9"},"content":{"rendered":"<p style=\"text-align: right;\"><em><strong><a href=\"http:\/\/bit.ly\/2C4Wrzu\" target=\"_blank\" rel=\"noopener noreferrer\">Click Here for English<img decoding=\"async\" width=\"20\" height=\"20\" class=\"alignright wp-image-15790\" src=\"http:\/\/rioonwatch.org.br\/wp-content\/uploads\/2012\/08\/EN-standard-e1439583104716.jpg\" alt=\"\" \/><\/a><\/strong><\/em><\/p>\n<p><em>Mat\u00e9ria da s\u00e9rie\u00a0<a href=\"http:\/\/bit.ly\/2mWUr7d\" target=\"_blank\" rel=\"noopener\">#OQueDizemAsRedes<\/a>\u00a0que traz pontos de vista publicados nas redes sociais, de moradores e ativistas de favela sobre eventos e temas que surgem na sociedade.<\/em><\/p>\n<p>Tiroteios ecoaram em todo o <a href=\"http:\/\/bit.ly\/2jQgHwX\" target=\"_blank\" rel=\"noopener\">Complexo da Mar\u00e9<\/a>\u00a0na ter\u00e7a-feira, 6 de fevereiro, enquanto a pol\u00edcia realizava opera\u00e7\u00f5es massivas em oito das favelas de Mar\u00e9. As opera\u00e7\u00f5es deixaram\u00a0<a href=\"http:\/\/bit.ly\/2FTb3V6\" target=\"_blank\" rel=\"noopener\">pelo menos dois mortos<\/a>.<\/p>\n<p>Jeremias Moraes da Silva, de 13 anos, foi baleado no regresso de um jogo de futebol na favela <a href=\"http:\/\/bit.ly\/1sscKdX\" target=\"_blank\" rel=\"noopener\">Nova Holanda<\/a>. Ele foi declarado morto ao chegar no Hospital Souza Aguiar.<\/p>\n<p>&#8220;Toda vez que volta \u00e0s aulas na comunidade \u00e9 isso&#8221;,\u00a0<a href=\"https:\/\/glo.bo\/2BdTQXd\" target=\"_blank\" rel=\"noopener\">a m\u00e3e de Jeremias disse \u00e0 <em>TV Globo<\/em><\/a>. &#8220;Volta \u00e0s aulas, come\u00e7a opera\u00e7\u00e3o. Parece que eles combinam. Meu filho de 13 anos, servo do Senhor, um menino de ouro, estava aprendendo a tocar viol\u00e3o. Eu tinha cinco filhos, Senhor, agora s\u00f3 tenho quatro.&#8221;<\/p>\n<p><a href=\"http:\/\/rioonwatch.org.br\/wp-content\/uploads\/2018\/02\/Jeremias-killed-by-police-in-mare.jpeg\"><img fetchpriority=\"high\" decoding=\"async\" class=\"aligncenter wp-image-31116 size-content\" title=\"Jeremias morto pela pol\u00edcia na opera\u00e7\u00e3o na Mar\u00e9 (foto distribu\u00edda nas m\u00eddias sociais).\" src=\"http:\/\/rioonwatch.org.br\/wp-content\/uploads\/2018\/02\/Jeremias-killed-by-police-in-mare-620x264.jpeg\" alt=\"\" width=\"620\" height=\"264\" srcset=\"https:\/\/rioonwatch.org.br\/wp-content\/uploads\/2018\/02\/Jeremias-killed-by-police-in-mare-620x264.jpeg 620w, https:\/\/rioonwatch.org.br\/wp-content\/uploads\/2018\/02\/Jeremias-killed-by-police-in-mare-940x400.jpeg 940w\" sizes=\"(max-width: 620px) 100vw, 620px\" \/><\/a><\/p>\n<p>O Batalh\u00e3o de Opera\u00e7\u00f5es Especiais (<a href=\"http:\/\/bit.ly\/17Rt28e\" target=\"_blank\" rel=\"noopener\">Bope<\/a>), a <a href=\"http:\/\/bit.ly\/1RSGRdy\" target=\"_blank\" rel=\"noopener\">Tropa de Choque<\/a> e o Batalh\u00e3o de A\u00e7\u00e3o com C\u00e3es (BAC)\u00a0 entraram na Mar\u00e9 por volta das 6h, supostamente em uma resposta de vingan\u00e7a a uma falsa den\u00fancia de sequestro de policiais. As opera\u00e7\u00f5es do dia&#8211;realizadas na semana em que as crian\u00e7as retornam \u00e0 escola das f\u00e9rias de ver\u00e3o&#8211;resultaram no fechamento de 20 escolas, 13 creches e sete espa\u00e7os de desenvolvimento infantil, <a href=\"https:\/\/glo.bo\/2BdTQXd\" target=\"_blank\" rel=\"noopener\">de acordo com o\u00a0<em>Globo<\/em><\/a>.<\/p>\n<p>Organiza\u00e7\u00f5es da sociedade civil, ativistas e jornalistas comunit\u00e1rios do Rio imediatamente postaram nas <a href=\"http:\/\/bit.ly\/20uyjxr\">redes sociais<\/a> den\u00fancias sobre os ataques do dia e a forma como os <a href=\"http:\/\/bit.ly\/1OKE065\">principais meios de comunica\u00e7\u00e3o<\/a> os cobriram inicialmente os acontecimentos.<\/p>\n<p><a href=\"http:\/\/rioonwatch.org.br\/wp-content\/uploads\/2018\/02\/MV-Post.png\"><img decoding=\"async\" class=\"size-full wp-image-31124 alignright\" src=\"http:\/\/rioonwatch.org.br\/wp-content\/uploads\/2018\/02\/MV-Post.png\" alt=\"\" width=\"353\" height=\"467\" srcset=\"https:\/\/rioonwatch.org.br\/wp-content\/uploads\/2018\/02\/MV-Post.png 353w, https:\/\/rioonwatch.org.br\/wp-content\/uploads\/2018\/02\/MV-Post-200x264.png 200w\" sizes=\"(max-width: 353px) 100vw, 353px\" \/><\/a>Em uma <a href=\"http:\/\/bit.ly\/2BepALP\" target=\"_blank\" rel=\"noopener\">postagem relativamente cedo no dia<\/a>, o\u00a0<a href=\"http:\/\/bit.ly\/2bgCHfb\" target=\"_blank\" rel=\"noopener\">Mar\u00e9 Vive<\/a> apontou para a falta de cobertura at\u00e9 aquele momento e a disparidade entre o tratamento dado \u00e0 Mar\u00e9 e aos bairros da classe m\u00e9dia da cidade: &#8220;J\u00e1 estamos indo para dez horas de opera\u00e7\u00e3o policial aqui na Mar\u00e9. Os tiros n\u00e3o cessam, confrontos de grosso calibre em praticamente todo o Complexo. Estamos encurralados por esse estado assassino, que diz n\u00e3o ter dinheiro pras coisas b\u00e1sicas dos cidad\u00e3os, <a href=\"http:\/\/bit.ly\/2sFYLtG\" target=\"_blank\" rel=\"noopener\">mas investe pesado na guerra aos pobres<\/a>. J\u00e1 temos mais de 3 pessoas baleadas. E uma delas corre s\u00e9rio risco de falecer (edit: 2 pessoas morreram\u00a0<span class=\"text_exposed_show\">na opera\u00e7\u00e3o).\u00a0Sem como\u00e7\u00e3o p\u00fablica, sem nota nos jornais online ou impressos. Sem chamada ao vivo pra ver a situa\u00e7\u00e3o de quem sofre com esse absurdo.\u00a0Enquanto a burguesia do privil\u00e9gio continua se programando pro <a href=\"http:\/\/bit.ly\/1O9OJZW\" target=\"_blank\" rel=\"noopener\">carnaval<\/a> a gente t\u00e1 aqui, invis\u00edvel, lutando pra ficar vivo&#8221;.\u00a0<\/span><\/p>\n<p>Quando o jornalista Michel Silva da <a href=\"http:\/\/bit.ly\/16w2zz1\" target=\"_blank\" rel=\"noopener\">Rocinha<\/a> apontou para as <a href=\"http:\/\/bit.ly\/2seLgoo\" target=\"_blank\" rel=\"noopener\">m\u00faltiplas mortes associadas \u00e0s opera\u00e7\u00f5es<\/a>, um comentarista perguntou: &#8220;Saiu na m\u00eddia? Vai sair? Quero ver tudo isso aparecendo nos jornais, <a href=\"http:\/\/bit.ly\/2qeF3Yx\" target=\"_blank\" rel=\"noopener\">como aparece quando um turista \u00e9 morto ou baleado<\/a>!&#8221;<\/p>\n<p><a href=\"http:\/\/rioonwatch.org.br\/wp-content\/uploads\/2018\/02\/Caveirao-Nao-Post.png\"><img loading=\"lazy\" decoding=\"async\" class=\"alignright wp-image-31126\" src=\"http:\/\/rioonwatch.org.br\/wp-content\/uploads\/2018\/02\/Caveirao-Nao-Post.png\" alt=\"\" width=\"354\" height=\"209\" srcset=\"https:\/\/rioonwatch.org.br\/wp-content\/uploads\/2018\/02\/Caveirao-Nao-Post.png 499w, https:\/\/rioonwatch.org.br\/wp-content\/uploads\/2018\/02\/Caveirao-Nao-Post-447x264.png 447w\" sizes=\"(max-width: 354px) 100vw, 354px\" \/><\/a>A campanha\u00a0<a href=\"http:\/\/bit.ly\/2jYk46V\" target=\"_blank\" rel=\"noopener\">Caveir\u00e3o N\u00e3o: Favelas Pela Vida e Contra as Opera\u00e7\u00f5es<\/a>\u00a0detalhou <a href=\"http:\/\/bit.ly\/2GVr2TY\" target=\"_blank\" rel=\"noopener\">os efeitos mais amplos<\/a> deste tipo de incurs\u00e3o policial, escrevendo: &#8220;Hoje, desde \u00e0s 6h, umas 8 favelas da Mar\u00e9 est\u00e3o sofrendo com os tiroteios produzidos pela incurs\u00e3o da pol\u00edcia, especialmente o Bope e a Core. S\u00e3o 50 mil pessoas afetadas pela viol\u00eancia de Estado. Hoje, in\u00edcio das aulas, centenas de crian\u00e7as mareenses que iriam para as aulas, tiveram seu cotidiano interrompido. Postos de sa\u00fade tamb\u00e9m se encontram fechados. Outras centenas de pessoas n\u00e3o puderam i<span class=\"text_exposed_show\">r \u00e1s suas consultas m\u00e9dicas. Em pleno momento de desemprego alto, recebemos v\u00e1rios relatos de pessoas dizendo que teriam entrevistas de emprego e outras informando que j\u00e1 estavam arrumadas para sair de casa e ir trabalhar, mas ningu\u00e9m p\u00f4de ou n\u00e3o estava podendo sair de casa, j\u00e1 que a opera\u00e7\u00e3o ainda n\u00e3o acabou. A pol\u00edcia segue aterrorizando, matando, invadindo, deixando os nossos corpos controlados&#8221;.<\/span><\/p>\n<p><a href=\"http:\/\/rioonwatch.org.br\/wp-content\/uploads\/2018\/02\/mare.jpg\"><img loading=\"lazy\" decoding=\"async\" class=\"alignright wp-image-31129\" src=\"http:\/\/rioonwatch.org.br\/wp-content\/uploads\/2018\/02\/mare.jpg\" alt=\"\" width=\"240\" height=\"300\" srcset=\"https:\/\/rioonwatch.org.br\/wp-content\/uploads\/2018\/02\/mare.jpg 768w, https:\/\/rioonwatch.org.br\/wp-content\/uploads\/2018\/02\/mare-211x264.jpg 211w, https:\/\/rioonwatch.org.br\/wp-content\/uploads\/2018\/02\/mare-496x620.jpg 496w\" sizes=\"(max-width: 240px) 100vw, 240px\" \/><\/a>Outros chamaram a aten\u00e7\u00e3o para o foco desproporcional no fechamento de rodovias nas manchetes iniciais e nas reportagens da grande m\u00eddia, como <a href=\"https:\/\/glo.bo\/2EM6JaV\" target=\"_blank\" rel=\"noopener\"><em>O Globo<\/em><\/a> e <a href=\"http:\/\/bit.ly\/2FTb3V6\" target=\"_blank\" rel=\"noopener\"><em>R7<\/em><\/a>, e a aparente preocupa\u00e7\u00e3o com o transtorno no tr\u00e2nsito sobre a vida humana, <a href=\"http:\/\/bit.ly\/2EqU4ME\" target=\"_blank\" rel=\"noopener\">at\u00e9 mesmo em not\u00edcias internacionais<\/a>. Thain\u00e3 de Medeiros do <a href=\"http:\/\/bit.ly\/2hI4Qo4\" target=\"_blank\" rel=\"noopener\">Coletivo Papo Reto<\/a> escreveu <a href=\"http:\/\/bit.ly\/2GWJ6x4\" target=\"_blank\" rel=\"noopener\">sarcasticamente<\/a>: &#8220;A cidade est\u00e1 com sorte, engarrafamento foi a \u00fanica coisa que aconteceu at\u00e9 agora!&#8221; Ele e v\u00e1rios outros ativistas compartilhavam a imagem \u00e0 direita, que diz: &#8220;F***-SE que a Linha Vermelha e Amarela est\u00e3o fechadas. E as crian\u00e7as que foram mortas?&#8221;<\/p>\n<p>Uma menina de tr\u00eas anos <a href=\"https:\/\/glo.bo\/2BZNGqp\" target=\"_blank\" rel=\"noopener\">tamb\u00e9m foi assassinada<\/a> em uma tentativa de assalto no in\u00edcio do dia no bairro de Anchieta, na Zona Norte. Na manh\u00e3 de quarta-feira, 7 de fevereiro, as duas crian\u00e7as mortas apareceram nas primeiras p\u00e1ginas dos principais jornais brasileiros. A manchete do\u00a0<em>Extra <\/em>anunciava\u00a0o Rio como<em>\u00a0<\/em>&#8220;a cidade das crian\u00e7as sem futuro&#8221;, enquanto <em>O Dia<\/em> questionou o que aconteceu com o <a href=\"http:\/\/bit.ly\/2DeqA4Z\" target=\"_blank\" rel=\"noopener\">plano de seguran\u00e7a federal para o Rio<\/a>, que estava programado para ser implementado na segunda-feira.<\/p>\n<p><a href=\"http:\/\/rioonwatch.org.br\/wp-content\/uploads\/2018\/02\/27787193_10210511640931974_1500625629_o.jpg\"><img loading=\"lazy\" decoding=\"async\" class=\"aligncenter wp-image-31131 size-content\" title=\"As p\u00e1ginas do Globo, Extra, O Dia apresentam as duas crian\u00e7as mortas na ter\u00e7a-feira, 6 de fevereiro.\" src=\"http:\/\/rioonwatch.org.br\/wp-content\/uploads\/2018\/02\/27787193_10210511640931974_1500625629_o-620x264.jpg\" alt=\"\" width=\"620\" height=\"264\" srcset=\"https:\/\/rioonwatch.org.br\/wp-content\/uploads\/2018\/02\/27787193_10210511640931974_1500625629_o-620x264.jpg 620w, https:\/\/rioonwatch.org.br\/wp-content\/uploads\/2018\/02\/27787193_10210511640931974_1500625629_o-940x400.jpg 940w\" sizes=\"(max-width: 620px) 100vw, 620px\" \/><\/a><\/p>\n<!-- AddThis Advanced Settings generic via filter on the_content --><!-- AddThis Share Buttons generic via filter on the_content -->","protected":false},"excerpt":{"rendered":"<div class=\"mh-excerpt\"><p>Click Here for English Mat\u00e9ria da s\u00e9rie\u00a0#OQueDizemAsRedes\u00a0que traz pontos de vista publicados nas redes sociais, de moradores e ativistas de favela sobre eventos e temas que surgem na sociedade. Tiroteios ecoaram em todo o Complexo <a class=\"mh-excerpt-more\" href=\"https:\/\/rioonwatch.org.br\/?p=31107\" title=\"#OQueDizemAsRedes Sobre as Fatais Opera\u00e7\u00f5es Policiais de Ter\u00e7a na Mar\u00e9\">[&#8230;]<\/a><!-- AddThis Advanced Settings generic via filter on get_the_excerpt --><!-- AddThis Share Buttons generic via filter on get_the_excerpt --><\/p>\n<\/div>","protected":false},"author":129,"featured_media":31113,"comment_status":"closed","ping_status":"closed","sticky":false,"template":"","format":"standard","meta":{"_acf_changed":false,"_monsterinsights_skip_tracking":false,"_monsterinsights_sitenote_active":false,"_monsterinsights_sitenote_note":"","_monsterinsights_sitenote_category":0,"footnotes":""},"categories":[1621,346,1626,1613],"tags":[943,1676,332,217,1530,876,88,1167,1418,113,2013,2012,350,774,672,2394,920,52,1144,218],"writer":[2249],"translator":[273],"source":[],"ilustrador":[],"fotografo":[],"class_list":{"0":"post-31107","1":"post","2":"type-post","3":"status-publish","4":"format-standard","5":"has-post-thumbnail","7":"category-destaque","8":"category-denuncias","9":"category-por-observadores-internacionais","10":"category-midia-comunitaria","11":"tag-oquedizemasredes","12":"tag-analise-cobertura-de-favelas","13":"tag-complexo-da-mare","14":"tag-complexo-do-alemao","15":"tag-midia-comunitaria","16":"tag-direitos-da-crianca","17":"tag-direitos-humanos","18":"tag-grande-midia","19":"tag-coletivo-papo-reto","20":"tag-juventude","21":"tag-linha-amarela","22":"tag-linha-vermelha","23":"tag-nova-holanda","24":"tag-policia-militar","25":"tag-seguranca-publica","26":"tag-vinganca","27":"tag-violencia-de-estado","28":"tag-violencia-policial","29":"tag-violencia-urbana","30":"tag-zona-norte","31":"writer-edmund-ruge","32":"translator-roseli-franco"},"acf":[],"yoast_head":"<!-- This site is optimized with the Yoast SEO plugin v25.6 - https:\/\/yoast.com\/wordpress\/plugins\/seo\/ -->\n<title>#OQueDizemAsRedes Sobre as Fatais Opera\u00e7\u00f5es Policiais de Ter\u00e7a na Mar\u00e9 - RioOnWatch<\/title>\n<meta name=\"robots\" content=\"index, follow, max-snippet:-1, max-image-preview:large, max-video-preview:-1\" \/>\n<link rel=\"canonical\" href=\"https:\/\/rioonwatch.org.br\/?p=31107\" \/>\n<meta property=\"og:locale\" content=\"pt_BR\" \/>\n<meta property=\"og:type\" content=\"article\" \/>\n<meta property=\"og:title\" content=\"#OQueDizemAsRedes Sobre as Fatais Opera\u00e7\u00f5es Policiais de Ter\u00e7a na Mar\u00e9 - RioOnWatch\" \/>\n<meta property=\"og:description\" content=\"Click Here for English Mat\u00e9ria da s\u00e9rie\u00a0#OQueDizemAsRedes\u00a0que traz pontos de vista publicados nas redes sociais, de moradores e ativistas de favela sobre eventos e temas que surgem na sociedade. Tiroteios ecoaram em todo o Complexo [...]\" \/>\n<meta property=\"og:url\" content=\"https:\/\/rioonwatch.org.br\/?p=31107\" \/>\n<meta property=\"og:site_name\" content=\"RioOnWatch\" \/>\n<meta property=\"article:published_time\" content=\"2018-02-09T14:52:45+00:00\" \/>\n<meta property=\"article:modified_time\" content=\"2018-06-23T15:26:26+00:00\" \/>\n<meta property=\"og:image\" content=\"https:\/\/rioonwatch.org.br\/wp-content\/uploads\/2018\/02\/MareVive-image-e1517979356663.jpg\" \/>\n\t<meta property=\"og:image:width\" content=\"700\" \/>\n\t<meta property=\"og:image:height\" content=\"348\" \/>\n\t<meta property=\"og:image:type\" content=\"image\/jpeg\" \/>\n<meta name=\"author\" content=\"Admin\" \/>\n<meta name=\"twitter:card\" content=\"summary_large_image\" \/>\n<meta name=\"twitter:label1\" content=\"Escrito por\" \/>\n\t<meta name=\"twitter:data1\" content=\"Admin\" \/>\n\t<meta name=\"twitter:label2\" content=\"Est. tempo de leitura\" \/>\n\t<meta name=\"twitter:data2\" content=\"4 minutos\" \/>\n<script type=\"application\/ld+json\" class=\"yoast-schema-graph\">{\"@context\":\"https:\/\/schema.org\",\"@graph\":[{\"@type\":\"Article\",\"@id\":\"https:\/\/rioonwatch.org.br\/?p=31107#article\",\"isPartOf\":{\"@id\":\"https:\/\/rioonwatch.org.br\/?p=31107\"},\"author\":{\"name\":\"Admin\",\"@id\":\"https:\/\/rioonwatch.org.br\/#\/schema\/person\/11d64c290506f9df50c71b850c473f68\"},\"headline\":\"#OQueDizemAsRedes Sobre as Fatais Opera\u00e7\u00f5es Policiais de Ter\u00e7a na Mar\u00e9\",\"datePublished\":\"2018-02-09T14:52:45+00:00\",\"dateModified\":\"2018-06-23T15:26:26+00:00\",\"mainEntityOfPage\":{\"@id\":\"https:\/\/rioonwatch.org.br\/?p=31107\"},\"wordCount\":843,\"publisher\":{\"@id\":\"https:\/\/rioonwatch.org.br\/#organization\"},\"image\":{\"@id\":\"https:\/\/rioonwatch.org.br\/?p=31107#primaryimage\"},\"thumbnailUrl\":\"https:\/\/rioonwatch.org.br\/wp-content\/uploads\/2018\/02\/MareVive-image-e1517979356663.jpg\",\"keywords\":[\"#OQueDizemAsRedes\",\"an\u00e1lise cobertura de favelas\",\"Complexo da Mar\u00e9\",\"Complexo do Alem\u00e3o\",\"Comunica\u00e7\u00e3o Comunit\u00e1ria\",\"direitos da crian\u00e7a\",\"Direitos Humanos\",\"grande m\u00eddia\",\"Instituto Papo Reto\",\"juventude\",\"Linha Amarela\",\"Linha Vermelha\",\"Nova Holanda\",\"Pol\u00edcia Militar\",\"seguran\u00e7a p\u00fablica\",\"vingan\u00e7a\",\"viol\u00eancia de Estado\",\"viol\u00eancia policial\",\"viol\u00eancia urbana\",\"Zona Norte\"],\"articleSection\":[\"*Destaque\",\"Den\u00fancias\",\"Escrito por Aliados\",\"M\u00eddia Comunit\u00e1ria\"],\"inLanguage\":\"pt-BR\"},{\"@type\":\"WebPage\",\"@id\":\"https:\/\/rioonwatch.org.br\/?p=31107\",\"url\":\"https:\/\/rioonwatch.org.br\/?p=31107\",\"name\":\"#OQueDizemAsRedes Sobre as Fatais Opera\u00e7\u00f5es Policiais de Ter\u00e7a na Mar\u00e9 - RioOnWatch\",\"isPartOf\":{\"@id\":\"https:\/\/rioonwatch.org.br\/#website\"},\"primaryImageOfPage\":{\"@id\":\"https:\/\/rioonwatch.org.br\/?p=31107#primaryimage\"},\"image\":{\"@id\":\"https:\/\/rioonwatch.org.br\/?p=31107#primaryimage\"},\"thumbnailUrl\":\"https:\/\/rioonwatch.org.br\/wp-content\/uploads\/2018\/02\/MareVive-image-e1517979356663.jpg\",\"datePublished\":\"2018-02-09T14:52:45+00:00\",\"dateModified\":\"2018-06-23T15:26:26+00:00\",\"breadcrumb\":{\"@id\":\"https:\/\/rioonwatch.org.br\/?p=31107#breadcrumb\"},\"inLanguage\":\"pt-BR\",\"potentialAction\":[{\"@type\":\"ReadAction\",\"target\":[\"https:\/\/rioonwatch.org.br\/?p=31107\"]}]},{\"@type\":\"ImageObject\",\"inLanguage\":\"pt-BR\",\"@id\":\"https:\/\/rioonwatch.org.br\/?p=31107#primaryimage\",\"url\":\"https:\/\/rioonwatch.org.br\/wp-content\/uploads\/2018\/02\/MareVive-image-e1517979356663.jpg\",\"contentUrl\":\"https:\/\/rioonwatch.org.br\/wp-content\/uploads\/2018\/02\/MareVive-image-e1517979356663.jpg\",\"width\":700,\"height\":348},{\"@type\":\"BreadcrumbList\",\"@id\":\"https:\/\/rioonwatch.org.br\/?p=31107#breadcrumb\",\"itemListElement\":[{\"@type\":\"ListItem\",\"position\":1,\"name\":\"In\u00edcio\",\"item\":\"https:\/\/rioonwatch.org.br\/\"},{\"@type\":\"ListItem\",\"position\":2,\"name\":\"#OQueDizemAsRedes Sobre as Fatais Opera\u00e7\u00f5es Policiais de Ter\u00e7a na Mar\u00e9\"}]},{\"@type\":\"WebSite\",\"@id\":\"https:\/\/rioonwatch.org.br\/#website\",\"url\":\"https:\/\/rioonwatch.org.br\/\",\"name\":\"RioOnWatch\",\"description\":\"relatos das favelas cariocas\",\"publisher\":{\"@id\":\"https:\/\/rioonwatch.org.br\/#organization\"},\"potentialAction\":[{\"@type\":\"SearchAction\",\"target\":{\"@type\":\"EntryPoint\",\"urlTemplate\":\"https:\/\/rioonwatch.org.br\/?s={search_term_string}\"},\"query-input\":{\"@type\":\"PropertyValueSpecification\",\"valueRequired\":true,\"valueName\":\"search_term_string\"}}],\"inLanguage\":\"pt-BR\"},{\"@type\":\"Organization\",\"@id\":\"https:\/\/rioonwatch.org.br\/#organization\",\"name\":\"RioOnWatch\",\"url\":\"https:\/\/rioonwatch.org.br\/\",\"logo\":{\"@type\":\"ImageObject\",\"inLanguage\":\"pt-BR\",\"@id\":\"https:\/\/rioonwatch.org.br\/#\/schema\/logo\/image\/\",\"url\":\"https:\/\/rioonwatch.org.br\/wp-content\/uploads\/2021\/06\/RioOnWatchcabecalhoPT11anos-2.png\",\"contentUrl\":\"https:\/\/rioonwatch.org.br\/wp-content\/uploads\/2021\/06\/RioOnWatchcabecalhoPT11anos-2.png\",\"width\":779,\"height\":277,\"caption\":\"RioOnWatch\"},\"image\":{\"@id\":\"https:\/\/rioonwatch.org.br\/#\/schema\/logo\/image\/\"}},{\"@type\":\"Person\",\"@id\":\"https:\/\/rioonwatch.org.br\/#\/schema\/person\/11d64c290506f9df50c71b850c473f68\",\"name\":\"Admin\",\"image\":{\"@type\":\"ImageObject\",\"inLanguage\":\"pt-BR\",\"@id\":\"https:\/\/rioonwatch.org.br\/#\/schema\/person\/image\/\",\"url\":\"https:\/\/secure.gravatar.com\/avatar\/56211ac74568383903349a1485e3c325?s=96&d=blank&r=g\",\"contentUrl\":\"https:\/\/secure.gravatar.com\/avatar\/56211ac74568383903349a1485e3c325?s=96&d=blank&r=g\",\"caption\":\"Admin\"},\"url\":\"https:\/\/rioonwatch.org.br\/?author=129\"}]}<\/script>\n<!-- \/ Yoast SEO plugin. -->","yoast_head_json":{"title":"#OQueDizemAsRedes Sobre as Fatais Opera\u00e7\u00f5es Policiais de Ter\u00e7a na Mar\u00e9 - RioOnWatch","robots":{"index":"index","follow":"follow","max-snippet":"max-snippet:-1","max-image-preview":"max-image-preview:large","max-video-preview":"max-video-preview:-1"},"canonical":"https:\/\/rioonwatch.org.br\/?p=31107","og_locale":"pt_BR","og_type":"article","og_title":"#OQueDizemAsRedes Sobre as Fatais Opera\u00e7\u00f5es Policiais de Ter\u00e7a na Mar\u00e9 - RioOnWatch","og_description":"Click Here for English Mat\u00e9ria da s\u00e9rie\u00a0#OQueDizemAsRedes\u00a0que traz pontos de vista publicados nas redes sociais, de moradores e ativistas de favela sobre eventos e temas que surgem na sociedade. Tiroteios ecoaram em todo o Complexo [...]","og_url":"https:\/\/rioonwatch.org.br\/?p=31107","og_site_name":"RioOnWatch","article_published_time":"2018-02-09T14:52:45+00:00","article_modified_time":"2018-06-23T15:26:26+00:00","og_image":[{"width":700,"height":348,"url":"https:\/\/rioonwatch.org.br\/wp-content\/uploads\/2018\/02\/MareVive-image-e1517979356663.jpg","type":"image\/jpeg"}],"author":"Admin","twitter_card":"summary_large_image","twitter_misc":{"Escrito por":"Admin","Est. tempo de leitura":"4 minutos"},"schema":{"@context":"https:\/\/schema.org","@graph":[{"@type":"Article","@id":"https:\/\/rioonwatch.org.br\/?p=31107#article","isPartOf":{"@id":"https:\/\/rioonwatch.org.br\/?p=31107"},"author":{"name":"Admin","@id":"https:\/\/rioonwatch.org.br\/#\/schema\/person\/11d64c290506f9df50c71b850c473f68"},"headline":"#OQueDizemAsRedes Sobre as Fatais Opera\u00e7\u00f5es Policiais de Ter\u00e7a na Mar\u00e9","datePublished":"2018-02-09T14:52:45+00:00","dateModified":"2018-06-23T15:26:26+00:00","mainEntityOfPage":{"@id":"https:\/\/rioonwatch.org.br\/?p=31107"},"wordCount":843,"publisher":{"@id":"https:\/\/rioonwatch.org.br\/#organization"},"image":{"@id":"https:\/\/rioonwatch.org.br\/?p=31107#primaryimage"},"thumbnailUrl":"https:\/\/rioonwatch.org.br\/wp-content\/uploads\/2018\/02\/MareVive-image-e1517979356663.jpg","keywords":["#OQueDizemAsRedes","an\u00e1lise cobertura de favelas","Complexo da Mar\u00e9","Complexo do Alem\u00e3o","Comunica\u00e7\u00e3o Comunit\u00e1ria","direitos da crian\u00e7a","Direitos Humanos","grande m\u00eddia","Instituto Papo Reto","juventude","Linha Amarela","Linha Vermelha","Nova Holanda","Pol\u00edcia Militar","seguran\u00e7a p\u00fablica","vingan\u00e7a","viol\u00eancia de Estado","viol\u00eancia policial","viol\u00eancia urbana","Zona Norte"],"articleSection":["*Destaque","Den\u00fancias","Escrito por Aliados","M\u00eddia Comunit\u00e1ria"],"inLanguage":"pt-BR"},{"@type":"WebPage","@id":"https:\/\/rioonwatch.org.br\/?p=31107","url":"https:\/\/rioonwatch.org.br\/?p=31107","name":"#OQueDizemAsRedes Sobre as Fatais Opera\u00e7\u00f5es Policiais de Ter\u00e7a na Mar\u00e9 - RioOnWatch","isPartOf":{"@id":"https:\/\/rioonwatch.org.br\/#website"},"primaryImageOfPage":{"@id":"https:\/\/rioonwatch.org.br\/?p=31107#primaryimage"},"image":{"@id":"https:\/\/rioonwatch.org.br\/?p=31107#primaryimage"},"thumbnailUrl":"https:\/\/rioonwatch.org.br\/wp-content\/uploads\/2018\/02\/MareVive-image-e1517979356663.jpg","datePublished":"2018-02-09T14:52:45+00:00","dateModified":"2018-06-23T15:26:26+00:00","breadcrumb":{"@id":"https:\/\/rioonwatch.org.br\/?p=31107#breadcrumb"},"inLanguage":"pt-BR","potentialAction":[{"@type":"ReadAction","target":["https:\/\/rioonwatch.org.br\/?p=31107"]}]},{"@type":"ImageObject","inLanguage":"pt-BR","@id":"https:\/\/rioonwatch.org.br\/?p=31107#primaryimage","url":"https:\/\/rioonwatch.org.br\/wp-content\/uploads\/2018\/02\/MareVive-image-e1517979356663.jpg","contentUrl":"https:\/\/rioonwatch.org.br\/wp-content\/uploads\/2018\/02\/MareVive-image-e1517979356663.jpg","width":700,"height":348},{"@type":"BreadcrumbList","@id":"https:\/\/rioonwatch.org.br\/?p=31107#breadcrumb","itemListElement":[{"@type":"ListItem","position":1,"name":"In\u00edcio","item":"https:\/\/rioonwatch.org.br\/"},{"@type":"ListItem","position":2,"name":"#OQueDizemAsRedes Sobre as Fatais Opera\u00e7\u00f5es Policiais de Ter\u00e7a na Mar\u00e9"}]},{"@type":"WebSite","@id":"https:\/\/rioonwatch.org.br\/#website","url":"https:\/\/rioonwatch.org.br\/","name":"RioOnWatch","description":"relatos das favelas cariocas","publisher":{"@id":"https:\/\/rioonwatch.org.br\/#organization"},"potentialAction":[{"@type":"SearchAction","target":{"@type":"EntryPoint","urlTemplate":"https:\/\/rioonwatch.org.br\/?s={search_term_string}"},"query-input":{"@type":"PropertyValueSpecification","valueRequired":true,"valueName":"search_term_string"}}],"inLanguage":"pt-BR"},{"@type":"Organization","@id":"https:\/\/rioonwatch.org.br\/#organization","name":"RioOnWatch","url":"https:\/\/rioonwatch.org.br\/","logo":{"@type":"ImageObject","inLanguage":"pt-BR","@id":"https:\/\/rioonwatch.org.br\/#\/schema\/logo\/image\/","url":"https:\/\/rioonwatch.org.br\/wp-content\/uploads\/2021\/06\/RioOnWatchcabecalhoPT11anos-2.png","contentUrl":"https:\/\/rioonwatch.org.br\/wp-content\/uploads\/2021\/06\/RioOnWatchcabecalhoPT11anos-2.png","width":779,"height":277,"caption":"RioOnWatch"},"image":{"@id":"https:\/\/rioonwatch.org.br\/#\/schema\/logo\/image\/"}},{"@type":"Person","@id":"https:\/\/rioonwatch.org.br\/#\/schema\/person\/11d64c290506f9df50c71b850c473f68","name":"Admin","image":{"@type":"ImageObject","inLanguage":"pt-BR","@id":"https:\/\/rioonwatch.org.br\/#\/schema\/person\/image\/","url":"https:\/\/secure.gravatar.com\/avatar\/56211ac74568383903349a1485e3c325?s=96&d=blank&r=g","contentUrl":"https:\/\/secure.gravatar.com\/avatar\/56211ac74568383903349a1485e3c325?s=96&d=blank&r=g","caption":"Admin"},"url":"https:\/\/rioonwatch.org.br\/?author=129"}]}},"_links":{"self":[{"href":"https:\/\/rioonwatch.org.br\/index.php?rest_route=\/wp\/v2\/posts\/31107"}],"collection":[{"href":"https:\/\/rioonwatch.org.br\/index.php?rest_route=\/wp\/v2\/posts"}],"about":[{"href":"https:\/\/rioonwatch.org.br\/index.php?rest_route=\/wp\/v2\/types\/post"}],"author":[{"embeddable":true,"href":"https:\/\/rioonwatch.org.br\/index.php?rest_route=\/wp\/v2\/users\/129"}],"replies":[{"embeddable":true,"href":"https:\/\/rioonwatch.org.br\/index.php?rest_route=%2Fwp%2Fv2%2Fcomments&post=31107"}],"version-history":[{"count":24,"href":"https:\/\/rioonwatch.org.br\/index.php?rest_route=\/wp\/v2\/posts\/31107\/revisions"}],"predecessor-version":[{"id":31148,"href":"https:\/\/rioonwatch.org.br\/index.php?rest_route=\/wp\/v2\/posts\/31107\/revisions\/31148"}],"wp:featuredmedia":[{"embeddable":true,"href":"https:\/\/rioonwatch.org.br\/index.php?rest_route=\/wp\/v2\/media\/31113"}],"wp:attachment":[{"href":"https:\/\/rioonwatch.org.br\/index.php?rest_route=%2Fwp%2Fv2%2Fmedia&parent=31107"}],"wp:term":[{"taxonomy":"category","embeddable":true,"href":"https:\/\/rioonwatch.org.br\/index.php?rest_route=%2Fwp%2Fv2%2Fcategories&post=31107"},{"taxonomy":"post_tag","embeddable":true,"href":"https:\/\/rioonwatch.org.br\/index.php?rest_route=%2Fwp%2Fv2%2Ftags&post=31107"},{"taxonomy":"writer","embeddable":true,"href":"https:\/\/rioonwatch.org.br\/index.php?rest_route=%2Fwp%2Fv2%2Fwriter&post=31107"},{"taxonomy":"translator","embeddable":true,"href":"https:\/\/rioonwatch.org.br\/index.php?rest_route=%2Fwp%2Fv2%2Ftranslator&post=31107"},{"taxonomy":"source","embeddable":true,"href":"https:\/\/rioonwatch.org.br\/index.php?rest_route=%2Fwp%2Fv2%2Fsource&post=31107"},{"taxonomy":"ilustrador","embeddable":true,"href":"https:\/\/rioonwatch.org.br\/index.php?rest_route=%2Fwp%2Fv2%2Filustrador&post=31107"},{"taxonomy":"fotografo","embeddable":true,"href":"https:\/\/rioonwatch.org.br\/index.php?rest_route=%2Fwp%2Fv2%2Ffotografo&post=31107"}],"curies":[{"name":"wp","href":"https:\/\/api.w.org\/{rel}","templated":true}]}}