{"id":31198,"date":"2018-02-11T10:21:31","date_gmt":"2018-02-11T13:21:31","guid":{"rendered":"http:\/\/rioonwatch.org.br\/?p=31198"},"modified":"2018-02-16T10:38:32","modified_gmt":"2018-02-16T13:38:32","slug":"neste-carnaval-aumentam-as-evidencias-da-guerra-de-crivella-contra-a-cultura-popular-afro-brasileira","status":"publish","type":"post","link":"https:\/\/rioonwatch.org.br\/?p=31198","title":{"rendered":"Neste Carnaval Aumentam Evid\u00eancias da Guerra Crivella x Cultura Popular Afro-Brasileira"},"content":{"rendered":"<p style=\"text-align: right;\"><em><strong><a href=\"http:\/\/bit.ly\/2EgAdwC\" target=\"_blank\" rel=\"noopener noreferrer\">Click Here for English<img decoding=\"async\" width=\"20\" height=\"20\" class=\"alignright wp-image-15790\" src=\"http:\/\/rioonwatch.org.br\/wp-content\/uploads\/2012\/08\/EN-standard-e1439583104716.jpg\" \/><\/a><\/strong><\/em><\/p>\n<p><span style=\"font-weight: 400;\">Uma explos\u00e3o de cor. Glitter, lantejoulas, penas, m\u00fasica contagiante e, claro, samba sinalizam o come\u00e7o do <a href=\"http:\/\/bit.ly\/2G0Ppyp\" target=\"_blank\" rel=\"noopener\">carnaval de 2018 do Rio de Janeiro<\/a>. Mas este ano o <a href=\"http:\/\/bit.ly\/1O9OJZW\" target=\"_blank\" rel=\"noopener\">carnaval<\/a> tem uma diferen\u00e7a\u2014a enorme falta de financiamento. <a href=\"http:\/\/bit.ly\/2cIlnDw\" target=\"_blank\" rel=\"noopener\">Prefeito Marcelo Crivella<\/a> reduziu o financiamento para o ic\u00f4nico desfile e festival de samba deste ano. O <a href=\"http:\/\/bit.ly\/CrivellaROW\" target=\"_blank\" rel=\"noopener\">bispo evang\u00e9lico<\/a> \u00e9 acusado de manter\u00a0<a href=\"https:\/\/glo.bo\/2Ehr2jC\" target=\"_blank\" rel=\"noopener\">sentimentos profundamente negativos em rela\u00e7\u00e3o \u00e0s religi\u00f5es africanas<\/a> e de\u00a0<a href=\"http:\/\/bit.ly\/2G2J0md\" target=\"_blank\" rel=\"noopener\">botar na mira a cultura afro-brasileira<\/a>, que fazem parte da origem do carnaval do Rio.<\/span><\/p>\n<p><span style=\"font-weight: 400;\">O <a href=\"http:\/\/bit.ly\/1wD7WsD\" target=\"_blank\" rel=\"noopener\">samba<\/a>\u00a0comemorou o <a href=\"http:\/\/bit.ly\/2nR2zHm\" target=\"_blank\" rel=\"noopener\">seu centen\u00e1rio no ano passado<\/a> (marcado pela grava\u00e7\u00e3o do cl\u00e1ssico &#8220;<a href=\"http:\/\/bit.ly\/2BPi23n\" target=\"_blank\" rel=\"noopener\">Pelo Telefone<\/a>&#8220;), mas hoje, como aconteceu h\u00e1 100 anos, os ritmos contagiantes s\u00e3o sujeitos a restri\u00e7\u00f5es r\u00edgidas e s\u00e3o muitas vezes criminalizados, com eventos em toda a cidade sendo interrompidos pela pol\u00edcia ou encerrados por completo.<\/span><\/p>\n<p><span style=\"font-weight: 400;\">Rio de Janeiro \u00e9 o epicentro do samba, seu lar cultural. As letras de samba muitas vezes retratam as profundas <a href=\"http:\/\/bit.ly\/1owRf9p\" target=\"_blank\" rel=\"noopener\">desigualdades<\/a> e opress\u00f5es experimentadas por muitos moradores da cidade, como tamb\u00e9m pelas manifesta\u00e7\u00f5es da cultura africana. Uma cultura passada por gera\u00e7\u00f5es, desde que\u00a0<a href=\"http:\/\/glo.bo\/1acKVUO\" target=\"_blank\" rel=\"noopener\">2 milh\u00f5es de seus antepassados chegaram ao porto do Rio<\/a> e outros no Brasil, para um total de 4,8 milh\u00f5es de africanos escravizados trazidos para a na\u00e7\u00e3o (<a href=\"http:\/\/bit.ly\/2gUSg3q\" target=\"_blank\" rel=\"noopener\">10 vezes<\/a> o n\u00famero que chegou nos Estados Unidos).<\/span><\/p>\n<p><span style=\"font-weight: 400;\">O tradicional desfile de escolas de samba no <a href=\"http:\/\/bit.ly\/2xz3YGn\" target=\"_blank\" rel=\"noopener\">Samb\u00f3dromo<\/a> do Rio \u00e9 o evento de maior destaque a ser afetado pela complicada rela\u00e7\u00e3o de Crivella com a cultura popular afro-brasileira. Os ensaios t\u00e9cnicos, que geralmente atraem cerca de 50 mil pessoas, foram <a href=\"http:\/\/bit.ly\/2EU7Rcy\" target=\"_blank\" rel=\"noopener\">cancelados este ano devido \u00e0 falta de financiamento<\/a>. Esses ensaios d\u00e3o aos cidad\u00e3os de baixa renda do Rio a oportunidade de ver escolas lend\u00e1rias como <a href=\"http:\/\/bit.ly\/1oJhQAI\" target=\"_blank\" rel=\"noopener\">Salgueiro<\/a>, <a href=\"http:\/\/bit.ly\/2H53tbn\" target=\"_blank\" rel=\"noopener\">Portela<\/a> e <a href=\"http:\/\/bit.ly\/2Ehr8aD\" target=\"_blank\" rel=\"noopener\">Mangueira<\/a>, quando n\u00e3o podem comprar os bilhetes caros para o desfile oficial. Os ensaios s\u00e3o obrigat\u00f3rios para o programa do carnaval desde 2002, e permitem \u00e0s escolas de samba testar luz e som, al\u00e9m de executar seus passos na pista do Samb\u00f3dromo.<\/span><\/p>\n<p><span style=\"font-weight: 400;\">O <a href=\"http:\/\/abr.ai\/2H4jQ7W\" target=\"_blank\" rel=\"noopener\">corte de financiamento p\u00fablico \u00e9 uma queda gigantesca de 50%<\/a> no apoio \u00e0s principais escolas de samba, com cada escola recebendo R$1 milh\u00e3o a menos do que os R$2 milh\u00f5es anuais. Crivella sugeriu que a Liga das Escolas de Samba (Liesa) buscasse investimentos privados para conter o d\u00e9ficit, apesar do financiamento &#8220;privado&#8221; do carnaval do Rio comumente envolver investimentos pesados <a href=\"https:\/\/glo.bo\/2G3eiJw\" target=\"_blank\" rel=\"noopener\">do crime organizado<\/a>.<\/span><\/p>\n<p><span style=\"font-weight: 400;\">As escolas de samba se sentem tra\u00eddas por Crivella, que durante sua campanha <a href=\"https:\/\/glo.bo\/2EfsOS7\" target=\"_blank\" rel=\"noopener\">prometeu manter o apoio<\/a> que as administra\u00e7\u00f5es anteriores deram aos desfiles, e at\u00e9 insinuou aumentar o apoio. Em um comunicado, <a href=\"http:\/\/bit.ly\/2H4knqs\" target=\"_blank\" rel=\"noopener\">o \u00f3rg\u00e3o municipal respons\u00e1vel pelos desfiles, Riotur, disse que<\/a> &#8220;o desenvolvimento de mecanismos para atrair investimentos do setor privado para realizar o desfile de escolas de samba est\u00e1 em estudo&#8221;. Segundo Crivella, isso entrar\u00e1 em vigor para o desfile de 2019. &#8220;Teremos um carnaval espetacular no pr\u00f3ximo ano, com mais fundos privados do que p\u00fablicos&#8221;, <a href=\"http:\/\/bit.ly\/2nPkPB9\" target=\"_blank\" rel=\"noopener\">afirmou o prefeito<\/a>.<\/span><\/p>\n<p><span style=\"font-weight: 400;\">Mas, infelizmente, a repress\u00e3o \u00e0 cultura n\u00e3o p\u00e1ra por a\u00ed. A diversa cultura musical afro-brasileira do Rio de Janeiro, incluindo o samba de rua, vivenciou uma s\u00e9rie de fechamentos e proibi\u00e7\u00f5es nos \u00faltimos meses. Os incidentes em que a <a href=\"http:\/\/bit.ly\/2G1BVSK\" target=\"_blank\" rel=\"noopener\">pol\u00edcia encerrou ou tentou encerrar<\/a> eventos\u00a0incluem ensaios de blocos de carnaval de rua no Aterro do Flamengo em outubro, e outros eventos nas Zonas Oeste e Norte do Rio, como o <a href=\"http:\/\/bit.ly\/2a1aI4G\" target=\"_blank\" rel=\"noopener\">Arena Carioca Dicr\u00f3<\/a>, na Penha. O popular grupo <a href=\"http:\/\/bit.ly\/2DxtA9B\" target=\"_blank\" rel=\"noopener\">Passinho Carioca<\/a> planejou terminar sua temporada na Arena com um grande show, mas o <a href=\"http:\/\/bit.ly\/2rvI9bp\" target=\"_blank\" rel=\"noopener\">evento foi cancelado<\/a> por ordem da Pol\u00edcia Militar. Produtores e participantes regulares afirmam que n\u00e3o houve justificativa ou aviso para a a\u00e7\u00e3o.<\/span><\/p>\n<p><span style=\"font-weight: 400;\">Esses fechamentos aconteceram depois que um <a href=\"http:\/\/bit.ly\/2H2DLUJ\" target=\"_blank\" rel=\"noopener\">novo decreto<\/a> foi introduzido pela prefeitura em maio do ano passado, que torna mais dif\u00edcil para eventos de rua obterem uma licen\u00e7a. <a href=\"http:\/\/bit.ly\/2nWsEEp\" target=\"_blank\" rel=\"noopener\">Em um v\u00eddeo postado em seu site<\/a>, o Prefeito Crivella negou que o prop\u00f3sito do decreto era proibir atividades religiosas afro-brasileiras na cidade. &#8220;Isso [seria] completamente inconstitucional e mesmo que n\u00e3o fosse, eu n\u00e3o faria isso&#8221;, disse ele. Ap\u00f3s uma onda de cr\u00edticas, <a href=\"https:\/\/glo.bo\/2EeVLh4\" target=\"_blank\" rel=\"noopener\">um tribunal decidiu que o decreto \u00e9, de fato, inconstitucional<\/a>.<\/span><\/p>\n<p><span style=\"font-weight: 400;\">Felipe Duarte \u00e9 um produtor de samba e organiza eventos de rodas de samba em toda a cidade. Ele notou um enorme aumento no n\u00famero de encerramentos e seu evento na Pra\u00e7a Tiradentes, <a href=\"http:\/\/bit.ly\/2G1Jkll\" target=\"_blank\" rel=\"noopener\">Pede Teresa<\/a>, foi encerrado pela pol\u00edcia.<\/span><\/p>\n<p><a href=\"http:\/\/rioonwatch.org.br\/wp-content\/uploads\/2018\/02\/Pede-Teresa.jpg\"><img fetchpriority=\"high\" decoding=\"async\" class=\"aligncenter wp-image-31203 size-content\" title=\"Pede Teresa, um evento de samba de rua que recentemente enfrentou a repress\u00e3o da pol\u00edcia e da prefeitura.\" src=\"http:\/\/rioonwatch.org.br\/wp-content\/uploads\/2018\/02\/Pede-Teresa-620x264.jpg\" alt=\"\" width=\"620\" height=\"264\" \/><\/a><\/p>\n<p><span style=\"font-weight: 400;\">&#8220;Al\u00e9m de Pede Teresa, ocorreram problemas em eventos no <a href=\"http:\/\/bit.ly\/1QjUIq7\" target=\"_blank\" rel=\"noopener\">Parque Madureira<\/a>, <a href=\"http:\/\/bit.ly\/29y4HuI\" target=\"_blank\" rel=\"noopener\">Pedra do Sal<\/a>, e tamb\u00e9m Tambores de Olokun. Cada um com uma justificativa diferente, no entanto, sempre envolvendo a prefeitura ou a pol\u00edcia. No nosso caso, a <a href=\"http:\/\/bit.ly\/1mtYvXK\" target=\"_blank\" rel=\"noopener\">Pol\u00edcia Militar<\/a> afirmou que nossa roda de samba estimulou o crescimento da viol\u00eancia na \u00e1rea, devido ao fluxo de pessoas ap\u00f3s o evento, atraindo os ladr\u00f5es a lucrar com essa situa\u00e7\u00e3o. Obviamente, a cultura n\u00e3o pode ser culpada pela viol\u00eancia. A responsabilidade cabe ao Estado, que deve nos proteger, nos respeitar e nos preparar para quaisquer exig\u00eancias de seguran\u00e7a&#8221;.<\/span><\/p>\n<p><span style=\"font-weight: 400;\">Duarte afirma que informa\u00e7\u00f5es adicionais provenientes da Pol\u00edcia Militar mostraram que 75% do crime nessa localidade ocorre ap\u00f3s as 4:30 da manh\u00e3. &#8220;N\u00e3o houve uma justificativa plaus\u00edvel para a proibi\u00e7\u00e3o, tendo em vista que nosso samba termina \u00e0s 00:30. Ficamos extremamente frustrados com esta situa\u00e7\u00e3o&#8221;.<\/span><\/p>\n<p><span style=\"font-weight: 400;\">Mas pode haver uma luz no fim do t\u00fanel. Uma nova lei foi aprovada no ano passado\u2014a <a href=\"http:\/\/bit.ly\/2o01VH5\" target=\"_blank\" rel=\"noopener\">Lei Gamarra<\/a>, que recebeu o nome de Pablo Amaral, conhecido como Gamarra, um conhecido e respeitado m\u00fasico de samba que <a href=\"https:\/\/glo.bo\/2ETgYtQ\" target=\"_blank\" rel=\"noopener\">faleceu repentinamente<\/a> no ano passado com apenas 37 anos. Reconhecendo o valor cultural do samba, a lei exige a preserva\u00e7\u00e3o e a promo\u00e7\u00e3o do g\u00eanero. Duarte tem esperan\u00e7a, mas sabe que isso n\u00e3o ser\u00e1 uma panaceia: &#8220;Certamente, a lei ajudar\u00e1. Meu desejo \u00e9 que esta lei preserve a mem\u00f3ria de Pablo e garanta a soberania do samba do Rio, como ele sempre defendeu. Que o samba possa seguir o caminho que Gamarra ajudou a construir, e o de muitos outros sambistas que est\u00e3o escrevendo essa hist\u00f3ria&#8221;.<\/span><\/p>\n<p><span style=\"font-weight: 400;\">Ele continuou: &#8220;Esta situa\u00e7\u00e3o \u00e9 extremamente importante. Os m\u00fasicos de samba est\u00e3o demandando, buscando prote\u00e7\u00e3o, conscientiza\u00e7\u00e3o e apoio. Como um sambista e amante da cultura popular, sou um daqueles que repreende o gerenciamento da cidade de [Crivella] e tamb\u00e9m acredito que os interesses religiosos podem interferir em algumas de suas decis\u00f5es&#8221;. Segundo uma <a href=\"https:\/\/glo.bo\/2sgPw6Y\" target=\"_blank\" rel=\"noopener\">pesquisa realizada em outubro pelo Instituto DataFolha<\/a>, o \u00edndice de aprova\u00e7\u00e3o de Crivella entre os cidad\u00e3os do Rio \u00e9 de apenas 16%, enquanto 40% desaprovam o prefeito evang\u00e9lico.<\/span><\/p>\n<p><a href=\"http:\/\/rioonwatch.org.br\/wp-content\/uploads\/2018\/02\/Protesto-fechamento-Casa-do-Jongo.jpg\"><img decoding=\"async\" class=\"aligncenter wp-image-31204 size-full\" title=\"Roda de jongo na Cinel\u00e2ndia em protesto ao fechamento da Casa do Jogo. Foto: Ellis Rua.\" src=\"http:\/\/rioonwatch.org.br\/wp-content\/uploads\/2018\/02\/Protesto-fechamento-Casa-do-Jongo.jpg\" alt=\"\" width=\"620\" height=\"264\" \/><\/a><\/p>\n<p><span style=\"font-weight: 400;\">Um dos impactos mais recentes da repress\u00e3o de Crivella a atividades religiosas e culturais foi o <a href=\"http:\/\/bit.ly\/2Dv0PdE\" target=\"_blank\" rel=\"noopener\">encerramento por tempo indeterminado da Casa do Jongo<\/a> da Serrinha no m\u00eas passado. A casa cultural tradicional no bairro de <a href=\"http:\/\/bit.ly\/1IAO1SP\" target=\"_blank\" rel=\"noopener\">Madureira<\/a>, que abriga classes populares de dan\u00e7a e rodas de <a href=\"http:\/\/bit.ly\/2boThOg\" target=\"_blank\" rel=\"noopener\">jongo<\/a> afro-brasileiros, foi for\u00e7ada a fechar porque o financiamento da prefeitura foi cortado. A Casa do Jongo n\u00e3o \u00e9 apenas um espa\u00e7o cultural\u2014muitos a consideram o cora\u00e7\u00e3o da comunidade. Os cortes de financiamento feitos pela administra\u00e7\u00e3o Crivella n\u00e3o s\u00e3o apenas para parar festas de rua ou o tradicional desfile de samba\u2014eles s\u00e3o direcionados sistematicamente a projetos culturais afro-brasileiros que s\u00e3o a for\u00e7a vital da cidade.<\/span><\/p>\n<p><span style=\"font-weight: 400;\"><a href=\"https:\/\/glo.bo\/2Bj8m06\" target=\"_blank\" rel=\"noopener\">Crivella comparecer\u00e1 relutantemente<\/a> ao desfile de carnaval deste ano. Enquanto isso, al\u00e9m das manifesta\u00e7\u00f5es culturais, os direitos humanos tamb\u00e9m est\u00e3o sendo impactados pelo antagonismo do prefeito: a <a href=\"http:\/\/bit.ly\/2yzTnNy\" target=\"_blank\" rel=\"noopener\">crescente intoler\u00e2ncia com os praticantes<\/a> de religi\u00f5es afro-brasileiras e a sua cultura est\u00e3o levando \u00e0 <a href=\"http:\/\/bit.ly\/2zb4ltS\" target=\"_blank\" rel=\"noopener\">persegui\u00e7\u00e3o de seus seguidores<\/a>, com esses grupos se preparando para uma viol\u00eancia mais devastadora no pr\u00f3ximo ano.<\/span><\/p>\n<p><span style=\"font-weight: 400;\">Crivella est\u00e1 no cargo h\u00e1 apenas um ano, enquanto a cultura afro-brasileira tem sido um alicerce da vida no Rio de Janeiro desde a funda\u00e7\u00e3o da cidade.<\/span><\/p>\n<!-- AddThis Advanced Settings generic via filter on the_content --><!-- AddThis Share Buttons generic via filter on the_content -->","protected":false},"excerpt":{"rendered":"<div class=\"mh-excerpt\"><p>Click Here for English Uma explos\u00e3o de cor. Glitter, lantejoulas, penas, m\u00fasica contagiante e, claro, samba sinalizam o come\u00e7o do carnaval de 2018 do Rio de Janeiro. Mas este ano o carnaval tem uma diferen\u00e7a\u2014a <a class=\"mh-excerpt-more\" href=\"https:\/\/rioonwatch.org.br\/?p=31198\" title=\"Neste Carnaval Aumentam Evid\u00eancias da Guerra Crivella x Cultura Popular Afro-Brasileira\">[&#8230;]<\/a><!-- AddThis Advanced Settings generic via filter on get_the_excerpt --><!-- AddThis Share Buttons generic via filter on get_the_excerpt --><\/p>\n<\/div>","protected":false},"author":158,"featured_media":31202,"comment_status":"closed","ping_status":"closed","sticky":false,"template":"","format":"standard","meta":{"_acf_changed":false,"_monsterinsights_skip_tracking":false,"_monsterinsights_sitenote_active":false,"_monsterinsights_sitenote_note":"","_monsterinsights_sitenote_category":0,"footnotes":""},"categories":[2089,1621,1615,346,1626,344],"tags":[1541,214,81,513,421,514,128,1912,1717,607,1982,20,1844,774,2286,126,1297,839,1412,936,125,754,650,2084,2010,218],"writer":[2285],"translator":[1971],"source":[],"ilustrador":[],"fotografo":[],"class_list":{"0":"post-31198","1":"post","2":"type-post","3":"status-publish","4":"format-standard","5":"has-post-thumbnail","7":"category-monitoramento","8":"category-destaque","9":"category-cultura-da-favela","10":"category-denuncias","11":"category-por-observadores-internacionais","12":"category-politicas","13":"tag-candomble","14":"tag-carnaval","15":"tag-cultura","16":"tag-cultura-afro-brasileira","17":"tag-cultura-da-favela","18":"tag-escravidao","19":"tag-historia","20":"tag-jongo","21":"tag-madureira","22":"tag-mangueira","23":"tag-marcelo-crivella","24":"tag-musica","25":"tag-pedra-do-sal","26":"tag-policia-militar","27":"tag-praca-tiradentes","28":"tag-preconceito","29":"tag-preservacao-historica","30":"tag-prioridades-publicas-equivocadas","31":"tag-producao-cultural","32":"tag-raca","33":"tag-religiao","34":"tag-salgueiro","35":"tag-samba","36":"tag-sambodromo","37":"tag-serrinha","38":"tag-zona-norte","39":"writer-rachel-louise-brabbins","40":"translator-geovanna-giannini"},"acf":[],"yoast_head":"<!-- This site is optimized with the Yoast SEO plugin v25.6 - https:\/\/yoast.com\/wordpress\/plugins\/seo\/ -->\n<title>Neste Carnaval Aumentam Evid\u00eancias da Guerra Crivella x Cultura Popular Afro-Brasileira - RioOnWatch<\/title>\n<meta name=\"robots\" content=\"index, follow, max-snippet:-1, max-image-preview:large, max-video-preview:-1\" \/>\n<link rel=\"canonical\" href=\"https:\/\/rioonwatch.org.br\/?p=31198\" \/>\n<meta property=\"og:locale\" content=\"pt_BR\" \/>\n<meta property=\"og:type\" content=\"article\" \/>\n<meta property=\"og:title\" content=\"Neste Carnaval Aumentam Evid\u00eancias da Guerra Crivella x Cultura Popular Afro-Brasileira - RioOnWatch\" \/>\n<meta property=\"og:description\" content=\"Click Here for English Uma explos\u00e3o de cor. Glitter, lantejoulas, penas, m\u00fasica contagiante e, claro, samba sinalizam o come\u00e7o do carnaval de 2018 do Rio de Janeiro. Mas este ano o carnaval tem uma diferen\u00e7a\u2014a [...]\" \/>\n<meta property=\"og:url\" content=\"https:\/\/rioonwatch.org.br\/?p=31198\" \/>\n<meta property=\"og:site_name\" content=\"RioOnWatch\" \/>\n<meta property=\"article:published_time\" content=\"2018-02-11T13:21:31+00:00\" \/>\n<meta property=\"article:modified_time\" content=\"2018-02-16T13:38:32+00:00\" \/>\n<meta property=\"og:image\" content=\"https:\/\/rioonwatch.org.br\/wp-content\/uploads\/2018\/02\/Desfile-de-Escola-de-Samba-1.png\" \/>\n\t<meta property=\"og:image:width\" content=\"1100\" \/>\n\t<meta property=\"og:image:height\" content=\"675\" \/>\n\t<meta property=\"og:image:type\" content=\"image\/png\" \/>\n<meta name=\"author\" content=\"Clara Ferraz\" \/>\n<meta name=\"twitter:card\" content=\"summary_large_image\" \/>\n<meta name=\"twitter:label1\" content=\"Escrito por\" \/>\n\t<meta name=\"twitter:data1\" content=\"Clara Ferraz\" \/>\n\t<meta name=\"twitter:label2\" content=\"Est. tempo de leitura\" \/>\n\t<meta name=\"twitter:data2\" content=\"7 minutos\" \/>\n<script type=\"application\/ld+json\" class=\"yoast-schema-graph\">{\"@context\":\"https:\/\/schema.org\",\"@graph\":[{\"@type\":\"Article\",\"@id\":\"https:\/\/rioonwatch.org.br\/?p=31198#article\",\"isPartOf\":{\"@id\":\"https:\/\/rioonwatch.org.br\/?p=31198\"},\"author\":{\"name\":\"Clara Ferraz\",\"@id\":\"https:\/\/rioonwatch.org.br\/#\/schema\/person\/51419201ecd6399f425faa71e4df4bb4\"},\"headline\":\"Neste Carnaval Aumentam Evid\u00eancias da Guerra Crivella x Cultura Popular Afro-Brasileira\",\"datePublished\":\"2018-02-11T13:21:31+00:00\",\"dateModified\":\"2018-02-16T13:38:32+00:00\",\"mainEntityOfPage\":{\"@id\":\"https:\/\/rioonwatch.org.br\/?p=31198\"},\"wordCount\":1377,\"publisher\":{\"@id\":\"https:\/\/rioonwatch.org.br\/#organization\"},\"image\":{\"@id\":\"https:\/\/rioonwatch.org.br\/?p=31198#primaryimage\"},\"thumbnailUrl\":\"https:\/\/rioonwatch.org.br\/wp-content\/uploads\/2018\/02\/Desfile-de-Escola-de-Samba-1.png\",\"keywords\":[\"Candombl\u00e9\",\"carnaval\",\"cultura\",\"Cultura Afro-brasileira\",\"cultura da favela\",\"escravid\u00e3o\",\"hist\u00f3ria\",\"jongo\",\"Madureira\",\"Mangueira\",\"Marcelo Crivella\",\"m\u00fasica\",\"Pedra do Sal\",\"Pol\u00edcia Militar\",\"Pra\u00e7a Tiradentes\",\"preconceito\",\"preserva\u00e7\u00e3o hist\u00f3rica\",\"prioridades p\u00fablicas equivocadas\",\"produ\u00e7\u00e3o cultural\",\"ra\u00e7a\",\"religi\u00e3o\",\"Salgueiro\",\"samba\",\"samb\u00f3dromo\",\"Serrinha\",\"Zona Norte\"],\"articleSection\":[\"#Monitoramento\",\"*Destaque\",\"Cultura da Favela\",\"Den\u00fancias\",\"Escrito por Aliados\",\"Pol\u00edticas\"],\"inLanguage\":\"pt-BR\"},{\"@type\":\"WebPage\",\"@id\":\"https:\/\/rioonwatch.org.br\/?p=31198\",\"url\":\"https:\/\/rioonwatch.org.br\/?p=31198\",\"name\":\"Neste Carnaval Aumentam Evid\u00eancias da Guerra Crivella x Cultura Popular Afro-Brasileira - RioOnWatch\",\"isPartOf\":{\"@id\":\"https:\/\/rioonwatch.org.br\/#website\"},\"primaryImageOfPage\":{\"@id\":\"https:\/\/rioonwatch.org.br\/?p=31198#primaryimage\"},\"image\":{\"@id\":\"https:\/\/rioonwatch.org.br\/?p=31198#primaryimage\"},\"thumbnailUrl\":\"https:\/\/rioonwatch.org.br\/wp-content\/uploads\/2018\/02\/Desfile-de-Escola-de-Samba-1.png\",\"datePublished\":\"2018-02-11T13:21:31+00:00\",\"dateModified\":\"2018-02-16T13:38:32+00:00\",\"breadcrumb\":{\"@id\":\"https:\/\/rioonwatch.org.br\/?p=31198#breadcrumb\"},\"inLanguage\":\"pt-BR\",\"potentialAction\":[{\"@type\":\"ReadAction\",\"target\":[\"https:\/\/rioonwatch.org.br\/?p=31198\"]}]},{\"@type\":\"ImageObject\",\"inLanguage\":\"pt-BR\",\"@id\":\"https:\/\/rioonwatch.org.br\/?p=31198#primaryimage\",\"url\":\"https:\/\/rioonwatch.org.br\/wp-content\/uploads\/2018\/02\/Desfile-de-Escola-de-Samba-1.png\",\"contentUrl\":\"https:\/\/rioonwatch.org.br\/wp-content\/uploads\/2018\/02\/Desfile-de-Escola-de-Samba-1.png\",\"width\":1100,\"height\":675},{\"@type\":\"BreadcrumbList\",\"@id\":\"https:\/\/rioonwatch.org.br\/?p=31198#breadcrumb\",\"itemListElement\":[{\"@type\":\"ListItem\",\"position\":1,\"name\":\"In\u00edcio\",\"item\":\"https:\/\/rioonwatch.org.br\/\"},{\"@type\":\"ListItem\",\"position\":2,\"name\":\"Neste Carnaval Aumentam Evid\u00eancias da Guerra Crivella x Cultura Popular Afro-Brasileira\"}]},{\"@type\":\"WebSite\",\"@id\":\"https:\/\/rioonwatch.org.br\/#website\",\"url\":\"https:\/\/rioonwatch.org.br\/\",\"name\":\"RioOnWatch\",\"description\":\"relatos das favelas cariocas\",\"publisher\":{\"@id\":\"https:\/\/rioonwatch.org.br\/#organization\"},\"potentialAction\":[{\"@type\":\"SearchAction\",\"target\":{\"@type\":\"EntryPoint\",\"urlTemplate\":\"https:\/\/rioonwatch.org.br\/?s={search_term_string}\"},\"query-input\":{\"@type\":\"PropertyValueSpecification\",\"valueRequired\":true,\"valueName\":\"search_term_string\"}}],\"inLanguage\":\"pt-BR\"},{\"@type\":\"Organization\",\"@id\":\"https:\/\/rioonwatch.org.br\/#organization\",\"name\":\"RioOnWatch\",\"url\":\"https:\/\/rioonwatch.org.br\/\",\"logo\":{\"@type\":\"ImageObject\",\"inLanguage\":\"pt-BR\",\"@id\":\"https:\/\/rioonwatch.org.br\/#\/schema\/logo\/image\/\",\"url\":\"https:\/\/rioonwatch.org.br\/wp-content\/uploads\/2021\/06\/RioOnWatchcabecalhoPT11anos-2.png\",\"contentUrl\":\"https:\/\/rioonwatch.org.br\/wp-content\/uploads\/2021\/06\/RioOnWatchcabecalhoPT11anos-2.png\",\"width\":779,\"height\":277,\"caption\":\"RioOnWatch\"},\"image\":{\"@id\":\"https:\/\/rioonwatch.org.br\/#\/schema\/logo\/image\/\"}},{\"@type\":\"Person\",\"@id\":\"https:\/\/rioonwatch.org.br\/#\/schema\/person\/51419201ecd6399f425faa71e4df4bb4\",\"name\":\"Clara Ferraz\",\"image\":{\"@type\":\"ImageObject\",\"inLanguage\":\"pt-BR\",\"@id\":\"https:\/\/rioonwatch.org.br\/#\/schema\/person\/image\/\",\"url\":\"https:\/\/secure.gravatar.com\/avatar\/8aaa457da6c4a1f8ae706c36cfbad5c4?s=96&d=blank&r=g\",\"contentUrl\":\"https:\/\/secure.gravatar.com\/avatar\/8aaa457da6c4a1f8ae706c36cfbad5c4?s=96&d=blank&r=g\",\"caption\":\"Clara Ferraz\"},\"url\":\"https:\/\/rioonwatch.org.br\/?author=158\"}]}<\/script>\n<!-- \/ Yoast SEO plugin. -->","yoast_head_json":{"title":"Neste Carnaval Aumentam Evid\u00eancias da Guerra Crivella x Cultura Popular Afro-Brasileira - RioOnWatch","robots":{"index":"index","follow":"follow","max-snippet":"max-snippet:-1","max-image-preview":"max-image-preview:large","max-video-preview":"max-video-preview:-1"},"canonical":"https:\/\/rioonwatch.org.br\/?p=31198","og_locale":"pt_BR","og_type":"article","og_title":"Neste Carnaval Aumentam Evid\u00eancias da Guerra Crivella x Cultura Popular Afro-Brasileira - RioOnWatch","og_description":"Click Here for English Uma explos\u00e3o de cor. Glitter, lantejoulas, penas, m\u00fasica contagiante e, claro, samba sinalizam o come\u00e7o do carnaval de 2018 do Rio de Janeiro. Mas este ano o carnaval tem uma diferen\u00e7a\u2014a [...]","og_url":"https:\/\/rioonwatch.org.br\/?p=31198","og_site_name":"RioOnWatch","article_published_time":"2018-02-11T13:21:31+00:00","article_modified_time":"2018-02-16T13:38:32+00:00","og_image":[{"width":1100,"height":675,"url":"https:\/\/rioonwatch.org.br\/wp-content\/uploads\/2018\/02\/Desfile-de-Escola-de-Samba-1.png","type":"image\/png"}],"author":"Clara Ferraz","twitter_card":"summary_large_image","twitter_misc":{"Escrito por":"Clara Ferraz","Est. tempo de leitura":"7 minutos"},"schema":{"@context":"https:\/\/schema.org","@graph":[{"@type":"Article","@id":"https:\/\/rioonwatch.org.br\/?p=31198#article","isPartOf":{"@id":"https:\/\/rioonwatch.org.br\/?p=31198"},"author":{"name":"Clara Ferraz","@id":"https:\/\/rioonwatch.org.br\/#\/schema\/person\/51419201ecd6399f425faa71e4df4bb4"},"headline":"Neste Carnaval Aumentam Evid\u00eancias da Guerra Crivella x Cultura Popular Afro-Brasileira","datePublished":"2018-02-11T13:21:31+00:00","dateModified":"2018-02-16T13:38:32+00:00","mainEntityOfPage":{"@id":"https:\/\/rioonwatch.org.br\/?p=31198"},"wordCount":1377,"publisher":{"@id":"https:\/\/rioonwatch.org.br\/#organization"},"image":{"@id":"https:\/\/rioonwatch.org.br\/?p=31198#primaryimage"},"thumbnailUrl":"https:\/\/rioonwatch.org.br\/wp-content\/uploads\/2018\/02\/Desfile-de-Escola-de-Samba-1.png","keywords":["Candombl\u00e9","carnaval","cultura","Cultura Afro-brasileira","cultura da favela","escravid\u00e3o","hist\u00f3ria","jongo","Madureira","Mangueira","Marcelo Crivella","m\u00fasica","Pedra do Sal","Pol\u00edcia Militar","Pra\u00e7a Tiradentes","preconceito","preserva\u00e7\u00e3o hist\u00f3rica","prioridades p\u00fablicas equivocadas","produ\u00e7\u00e3o cultural","ra\u00e7a","religi\u00e3o","Salgueiro","samba","samb\u00f3dromo","Serrinha","Zona Norte"],"articleSection":["#Monitoramento","*Destaque","Cultura da Favela","Den\u00fancias","Escrito por Aliados","Pol\u00edticas"],"inLanguage":"pt-BR"},{"@type":"WebPage","@id":"https:\/\/rioonwatch.org.br\/?p=31198","url":"https:\/\/rioonwatch.org.br\/?p=31198","name":"Neste Carnaval Aumentam Evid\u00eancias da Guerra Crivella x Cultura Popular Afro-Brasileira - RioOnWatch","isPartOf":{"@id":"https:\/\/rioonwatch.org.br\/#website"},"primaryImageOfPage":{"@id":"https:\/\/rioonwatch.org.br\/?p=31198#primaryimage"},"image":{"@id":"https:\/\/rioonwatch.org.br\/?p=31198#primaryimage"},"thumbnailUrl":"https:\/\/rioonwatch.org.br\/wp-content\/uploads\/2018\/02\/Desfile-de-Escola-de-Samba-1.png","datePublished":"2018-02-11T13:21:31+00:00","dateModified":"2018-02-16T13:38:32+00:00","breadcrumb":{"@id":"https:\/\/rioonwatch.org.br\/?p=31198#breadcrumb"},"inLanguage":"pt-BR","potentialAction":[{"@type":"ReadAction","target":["https:\/\/rioonwatch.org.br\/?p=31198"]}]},{"@type":"ImageObject","inLanguage":"pt-BR","@id":"https:\/\/rioonwatch.org.br\/?p=31198#primaryimage","url":"https:\/\/rioonwatch.org.br\/wp-content\/uploads\/2018\/02\/Desfile-de-Escola-de-Samba-1.png","contentUrl":"https:\/\/rioonwatch.org.br\/wp-content\/uploads\/2018\/02\/Desfile-de-Escola-de-Samba-1.png","width":1100,"height":675},{"@type":"BreadcrumbList","@id":"https:\/\/rioonwatch.org.br\/?p=31198#breadcrumb","itemListElement":[{"@type":"ListItem","position":1,"name":"In\u00edcio","item":"https:\/\/rioonwatch.org.br\/"},{"@type":"ListItem","position":2,"name":"Neste Carnaval Aumentam Evid\u00eancias da Guerra Crivella x Cultura Popular Afro-Brasileira"}]},{"@type":"WebSite","@id":"https:\/\/rioonwatch.org.br\/#website","url":"https:\/\/rioonwatch.org.br\/","name":"RioOnWatch","description":"relatos das favelas cariocas","publisher":{"@id":"https:\/\/rioonwatch.org.br\/#organization"},"potentialAction":[{"@type":"SearchAction","target":{"@type":"EntryPoint","urlTemplate":"https:\/\/rioonwatch.org.br\/?s={search_term_string}"},"query-input":{"@type":"PropertyValueSpecification","valueRequired":true,"valueName":"search_term_string"}}],"inLanguage":"pt-BR"},{"@type":"Organization","@id":"https:\/\/rioonwatch.org.br\/#organization","name":"RioOnWatch","url":"https:\/\/rioonwatch.org.br\/","logo":{"@type":"ImageObject","inLanguage":"pt-BR","@id":"https:\/\/rioonwatch.org.br\/#\/schema\/logo\/image\/","url":"https:\/\/rioonwatch.org.br\/wp-content\/uploads\/2021\/06\/RioOnWatchcabecalhoPT11anos-2.png","contentUrl":"https:\/\/rioonwatch.org.br\/wp-content\/uploads\/2021\/06\/RioOnWatchcabecalhoPT11anos-2.png","width":779,"height":277,"caption":"RioOnWatch"},"image":{"@id":"https:\/\/rioonwatch.org.br\/#\/schema\/logo\/image\/"}},{"@type":"Person","@id":"https:\/\/rioonwatch.org.br\/#\/schema\/person\/51419201ecd6399f425faa71e4df4bb4","name":"Clara Ferraz","image":{"@type":"ImageObject","inLanguage":"pt-BR","@id":"https:\/\/rioonwatch.org.br\/#\/schema\/person\/image\/","url":"https:\/\/secure.gravatar.com\/avatar\/8aaa457da6c4a1f8ae706c36cfbad5c4?s=96&d=blank&r=g","contentUrl":"https:\/\/secure.gravatar.com\/avatar\/8aaa457da6c4a1f8ae706c36cfbad5c4?s=96&d=blank&r=g","caption":"Clara Ferraz"},"url":"https:\/\/rioonwatch.org.br\/?author=158"}]}},"_links":{"self":[{"href":"https:\/\/rioonwatch.org.br\/index.php?rest_route=\/wp\/v2\/posts\/31198"}],"collection":[{"href":"https:\/\/rioonwatch.org.br\/index.php?rest_route=\/wp\/v2\/posts"}],"about":[{"href":"https:\/\/rioonwatch.org.br\/index.php?rest_route=\/wp\/v2\/types\/post"}],"author":[{"embeddable":true,"href":"https:\/\/rioonwatch.org.br\/index.php?rest_route=\/wp\/v2\/users\/158"}],"replies":[{"embeddable":true,"href":"https:\/\/rioonwatch.org.br\/index.php?rest_route=%2Fwp%2Fv2%2Fcomments&post=31198"}],"version-history":[{"count":13,"href":"https:\/\/rioonwatch.org.br\/index.php?rest_route=\/wp\/v2\/posts\/31198\/revisions"}],"predecessor-version":[{"id":31274,"href":"https:\/\/rioonwatch.org.br\/index.php?rest_route=\/wp\/v2\/posts\/31198\/revisions\/31274"}],"wp:featuredmedia":[{"embeddable":true,"href":"https:\/\/rioonwatch.org.br\/index.php?rest_route=\/wp\/v2\/media\/31202"}],"wp:attachment":[{"href":"https:\/\/rioonwatch.org.br\/index.php?rest_route=%2Fwp%2Fv2%2Fmedia&parent=31198"}],"wp:term":[{"taxonomy":"category","embeddable":true,"href":"https:\/\/rioonwatch.org.br\/index.php?rest_route=%2Fwp%2Fv2%2Fcategories&post=31198"},{"taxonomy":"post_tag","embeddable":true,"href":"https:\/\/rioonwatch.org.br\/index.php?rest_route=%2Fwp%2Fv2%2Ftags&post=31198"},{"taxonomy":"writer","embeddable":true,"href":"https:\/\/rioonwatch.org.br\/index.php?rest_route=%2Fwp%2Fv2%2Fwriter&post=31198"},{"taxonomy":"translator","embeddable":true,"href":"https:\/\/rioonwatch.org.br\/index.php?rest_route=%2Fwp%2Fv2%2Ftranslator&post=31198"},{"taxonomy":"source","embeddable":true,"href":"https:\/\/rioonwatch.org.br\/index.php?rest_route=%2Fwp%2Fv2%2Fsource&post=31198"},{"taxonomy":"ilustrador","embeddable":true,"href":"https:\/\/rioonwatch.org.br\/index.php?rest_route=%2Fwp%2Fv2%2Filustrador&post=31198"},{"taxonomy":"fotografo","embeddable":true,"href":"https:\/\/rioonwatch.org.br\/index.php?rest_route=%2Fwp%2Fv2%2Ffotografo&post=31198"}],"curies":[{"name":"wp","href":"https:\/\/api.w.org\/{rel}","templated":true}]}}