{"id":31217,"date":"2018-02-16T10:36:54","date_gmt":"2018-02-16T13:36:54","guid":{"rendered":"http:\/\/rioonwatch.org.br\/?p=31217"},"modified":"2018-02-20T11:32:54","modified_gmt":"2018-02-20T14:32:54","slug":"moradores-da-rocinha-vidigal-e-chacara-do-ceu-se-manifestam-pacificamente-por-paz-e-respeito","status":"publish","type":"post","link":"https:\/\/rioonwatch.org.br\/?p=31217","title":{"rendered":"Moradores da Rocinha, Vidigal e Ch\u00e1cara do C\u00e9u se Manifestam Pacificamente por Paz e Respeito"},"content":{"rendered":"<p style=\"text-align: right;\"><em><strong><a href=\"http:\/\/bit.ly\/2HwiVgL\" target=\"_blank\" rel=\"noopener noreferrer\">Click Here for English<img decoding=\"async\" width=\"20\" height=\"20\" class=\"alignright wp-image-15790\" src=\"http:\/\/rioonwatch.org.br\/wp-content\/uploads\/2012\/08\/EN-standard-e1439583104716.jpg\" \/><\/a><\/strong><\/em><\/p>\n<p>No dia 6 de fevereiro \u00e0s 17h, manifestantes da Rocinha se reuniram na frente do Centro de Cidadania Rinaldo de Lamare, na <a href=\"http:\/\/bit.ly\/16w2zz1\" target=\"_blank\" rel=\"noopener\">Rocinha<\/a>, <a href=\"http:\/\/bit.ly\/1mNsDyk\" target=\"_blank\" rel=\"noopener\">Zona Sul<\/a>. Na mesma hora, moradores do <a href=\"http:\/\/bit.ly\/XuDNKV\" target=\"_blank\" rel=\"noopener\">Vidigal<\/a> e da <a href=\"http:\/\/bit.ly\/1fBSPqB\" target=\"_blank\" rel=\"noopener\">Ch\u00e1cara do C\u00e9u<\/a> se reuniam na Pra\u00e7a do Vidigal. Os dois grupos se juntaram, formando a\u00a0<a href=\"http:\/\/bit.ly\/2EG9xsC\" target=\"_blank\" rel=\"noopener\">Manifesta\u00e7\u00e3o Pac\u00edfica &#8211; Favela da Rocinha e Vidigal<\/a>, um cortejo que seguiu a Avenida Niemayer at\u00e9 a casa do <a href=\"http:\/\/bit.ly\/1R3CDy8\" target=\"_blank\" rel=\"noopener\">Governador Pez\u00e3o<\/a> na Rua Rainha Guilhermina no <a href=\"http:\/\/bit.ly\/1OKB9XY\" target=\"_blank\" rel=\"noopener\">Leblon<\/a>.<\/p>\n<p>Chegando no local da concentra\u00e7\u00e3o, uma observa\u00e7\u00e3o n\u00e3o p\u00f4de passar despercebida: o n\u00famero de <a href=\"http:\/\/bit.ly\/1mtYvXK\" target=\"_blank\" rel=\"noopener\">policiais militares<\/a> parecia igual ou at\u00e9 superior ao n\u00famero de pessoas reunidas para a manifesta\u00e7\u00e3o pac\u00edfica. Um policial nos informou que estava para chegar mais policiais especialmente para a manifesta\u00e7\u00e3o, e que seriam mais de quarenta ao total. Para Denis Neves, um dos moradores que teve a iniciativa da manifesta\u00e7\u00e3o, o clima de tens\u00e3o e de viol\u00eancia que o Rio vive, explica porque vieram menos pessoas do que o esperado para a manifesta\u00e7\u00e3o. Nessa mesma tarde, a <a href=\"http:\/\/bit.ly\/2uqhaij\" target=\"_blank\" rel=\"noopener\">Linha Vermelha<\/a> e a <a href=\"http:\/\/bit.ly\/2usnWA1\" target=\"_blank\" rel=\"noopener\">Linha Amarela<\/a> estavam fechadas e a <a href=\"http:\/\/bit.ly\/2Ef7mc3\" target=\"_blank\" rel=\"noopener\">Mar\u00e9 vivia mais um dia de viol\u00eancia<\/a>.<\/p>\n<p>Mas os participantes n\u00e3o perderam a determina\u00e7\u00e3o de sair pelas ruas e de fazer ouvir o que eles tinham para dizer. Para Denis, \u201ca ideia \u00e9 servir de alavanca&#8211;neste momento que a Rocinha e o Rio de Janeiro passam, e que as favelas e as pessoas pobres vivem&#8211;para uma mensagem de paz\u201d. V\u00e1rios cartazes expressavam a mensagem principal de que os moradores da Rocinha e do Vidigal n\u00e3o podem mais ficar calados:<\/p>\n<p><a href=\"http:\/\/rioonwatch.org.br\/wp-content\/uploads\/2018\/02\/cartaz-ok.jpg\"><img fetchpriority=\"high\" decoding=\"async\" class=\"aligncenter size-medium wp-image-31253\" src=\"http:\/\/rioonwatch.org.br\/wp-content\/uploads\/2018\/02\/cartaz-ok-620x464.jpg\" alt=\"\" width=\"620\" height=\"464\" srcset=\"https:\/\/rioonwatch.org.br\/wp-content\/uploads\/2018\/02\/cartaz-ok-620x464.jpg 620w, https:\/\/rioonwatch.org.br\/wp-content\/uploads\/2018\/02\/cartaz-ok-353x264.jpg 353w, https:\/\/rioonwatch.org.br\/wp-content\/uploads\/2018\/02\/cartaz-ok-768x575.jpg 768w, https:\/\/rioonwatch.org.br\/wp-content\/uploads\/2018\/02\/cartaz-ok-174x131.jpg 174w, https:\/\/rioonwatch.org.br\/wp-content\/uploads\/2018\/02\/cartaz-ok-300x225.jpg 300w, https:\/\/rioonwatch.org.br\/wp-content\/uploads\/2018\/02\/cartaz-ok-70x53.jpg 70w, https:\/\/rioonwatch.org.br\/wp-content\/uploads\/2018\/02\/cartaz-ok.jpg 970w\" sizes=\"(max-width: 620px) 100vw, 620px\" \/><\/a><\/p>\n<p>Os moradores vieram denunciar a grave situa\u00e7\u00e3o que vivem, com a UPA e a Cl\u00ednica da Fam\u00edlia em greve, a <a href=\"http:\/\/bit.ly\/2DEghqU\" target=\"_blank\" rel=\"noopener\">Biblioteca Parque<\/a> e a ciclovia fechadas, a viol\u00eancia cont\u00ednua, a falta de luz, \u00e1gua e saneamento.<\/p>\n<p>\u201cA gente quer a paz, a gente quer <a href=\"http:\/\/bit.ly\/1wt8EWG\" target=\"_blank\" rel=\"noopener\">poder ir e vir<\/a>, ter o direito de ficar nas nossas casas, viver tranquilos, sair para trabalhar e voltar em paz&#8221;,\u00a0 explica Francisca Oliveira, moradora da Rocinha h\u00e1 50 anos e conhecida como Chica da Rocinha. <a href=\"https:\/\/glo.bo\/2ErOhTX\" target=\"_blank\" rel=\"noopener\">Desde 17 de setembro de 2017<\/a>, os 200.000\u00a0<a href=\"http:\/\/bit.ly\/2EJebWv\" target=\"_blank\" rel=\"noopener\">moradores da Rocinha vivem com medo e inseguran\u00e7a sofrendo tiroteios di\u00e1rios<\/a>. Uma outra moradora se expressou no microfone, acompanhando a passeata pela Avenida Niemayer: \u201cH\u00e1 meses estamos sofrendo e dizem que \u00e9 guerra mas n\u00e3o estamos em guerra: n\u00f3s estamos sofrendo um processo de <a href=\"http:\/\/bit.ly\/1mZ17i5\" target=\"_blank\" rel=\"noopener\">criminaliza\u00e7\u00e3o do Estado<\/a> encima da favela, essa \u00e9 a realidade. O Estado quer acabar com a favela, com nosso espa\u00e7o, nosso movimento de pessoas, de identidade. N\u00f3s queremos paz. Chega, chega de fazer viol\u00eancia, chega de invadir nossas casas e quebrar e levar o que \u00e9 nosso&#8221;. Tamb\u00e9m podia se escutar: &#8220;N\u00f3s n\u00e3o temos fac\u00e7\u00e3o, nossa fac\u00e7\u00e3o s\u00e3o os moradores&#8221;; &#8220;s\u00f3 a gente na favela sabe que tiros foram esses&#8221;; &#8220;isso aqui \u00e9 favela, n\u00e3o \u00e9 bagun\u00e7a n\u00e3o&#8221;.<\/p>\n<p><a href=\"http:\/\/rioonwatch.org.br\/wp-content\/uploads\/2018\/02\/Rocinha.jpg\"><img decoding=\"async\" class=\"aligncenter wp-image-31250 size-medium\" title=\" Francisca Oliveira, moradora da Rocinha, no local de concentra\u00e7\u00e3o da manifesta\u00e7\u00e3o\" src=\"http:\/\/rioonwatch.org.br\/wp-content\/uploads\/2018\/02\/Rocinha-620x456.jpg\" alt=\"\" width=\"620\" height=\"456\" srcset=\"https:\/\/rioonwatch.org.br\/wp-content\/uploads\/2018\/02\/Rocinha-620x456.jpg 620w, https:\/\/rioonwatch.org.br\/wp-content\/uploads\/2018\/02\/Rocinha-359x264.jpg 359w, https:\/\/rioonwatch.org.br\/wp-content\/uploads\/2018\/02\/Rocinha.jpg 768w\" sizes=\"(max-width: 620px) 100vw, 620px\" \/><\/a><\/p>\n<p>A passeata chegou por volta das 20:30h na Pra\u00e7a do Vidigal incentivando os seus moradores a se juntarem: &#8220;Vem pra rua Vidigal!&#8221; Na Pra\u00e7a do Vidigal, os manifestantes marcaram um minuto de sil\u00eancio em mem\u00f3ria as <a href=\"https:\/\/glo.bo\/2Hit2FW\" target=\"_blank\" rel=\"noopener\">duas v\u00edtimas do acidente de caminh\u00e3o<\/a> que ocorreu no dia anterior. O mal estado das vias e a precariedade dos meios de locomo\u00e7\u00e3o na favela s\u00e3o mais uma preocupa\u00e7\u00e3o que os moradores t\u00eam que enfrentar diariamente. Para a Chica da Rocinha, \u201ca viol\u00eancia \u00e9 um resultado da falta de compet\u00eancia e de responsabilidade dos governantes. Se todos os governantes cumprissem com seus deveres, eu acredito que a viol\u00eancia n\u00e3o chegaria a esse ponto.\u00a0A gente quer respeito, exige respeito, principalmente daqueles que s\u00e3o eleitos por n\u00f3s&#8221;.<\/p>\n<p><a href=\"http:\/\/rioonwatch.org.br\/wp-content\/uploads\/2018\/02\/WhatsApp-Image-2018-02-09-at-14.47.44.jpeg\"><img loading=\"lazy\" decoding=\"async\" class=\"aligncenter size-content wp-image-31218\" src=\"http:\/\/rioonwatch.org.br\/wp-content\/uploads\/2018\/02\/WhatsApp-Image-2018-02-09-at-14.47.44-620x264.jpeg\" alt=\"\" width=\"620\" height=\"264\" srcset=\"https:\/\/rioonwatch.org.br\/wp-content\/uploads\/2018\/02\/WhatsApp-Image-2018-02-09-at-14.47.44-620x264.jpeg 620w, https:\/\/rioonwatch.org.br\/wp-content\/uploads\/2018\/02\/WhatsApp-Image-2018-02-09-at-14.47.44-940x400.jpeg 940w\" sizes=\"(max-width: 620px) 100vw, 620px\" \/><\/a><\/p>\n<p>Com essas mensagens a manifesta\u00e7\u00e3o chegou na rua do Governador Pez\u00e3o no Leblon: \u201cPez\u00e3o, vem nos atender, vem falar conosco, voc\u00ea teve no Vidigal buscando os votos, foi muito bem recebido na Rocinha, no Vidigal e na Ch\u00e1cara do C\u00e9u. Estamos pedindo \u00e9 respeito pela nossa popula\u00e7\u00e3o\u201d. A manifesta\u00e7\u00e3o termina com o ato teatral do <a href=\"http:\/\/bit.ly\/2CnLxFd\" target=\"_blank\" rel=\"noopener\">Bando Cultural Favelados<\/a> na frente do pr\u00e9dio do Governador Pez\u00e3o na Rua Rainha Guilhermina. Os jovens atuantes mostraram cenas de viol\u00eancia e preconceito que comp\u00f5em as suas vidas di\u00e1rias, contra negros, meninas e mulheres moradores de favela. A manifesta\u00e7\u00e3o pac\u00edfica se concluiu na frente do pr\u00e9dio do governador com a esperan\u00e7a que nesse ano de elei\u00e7\u00f5es os moradores da Rocinha, do Vidigal, da Ch\u00e1cara do C\u00e9u e todas as favelas do Rio escolham candidatos que realmente os representem e n\u00e3o se deixem enganar novamente por promessas eleitorais.<\/p>\n<p><a href=\"http:\/\/rioonwatch.org.br\/wp-content\/uploads\/2018\/02\/C\u00f3pia-7-de-WhatsApp-Image-2018-02-09-at-14.41.22.jpeg\"><img loading=\"lazy\" decoding=\"async\" class=\"aligncenter wp-image-31223 size-content\" title=\"Ato do Bando Cultural Favelados na frente do pr\u00e9dio do governador Pez\u00e3o\" src=\"http:\/\/rioonwatch.org.br\/wp-content\/uploads\/2018\/02\/C\u00f3pia-7-de-WhatsApp-Image-2018-02-09-at-14.41.22-620x264.jpeg\" alt=\"\" width=\"620\" height=\"264\" srcset=\"https:\/\/rioonwatch.org.br\/wp-content\/uploads\/2018\/02\/C\u00f3pia-7-de-WhatsApp-Image-2018-02-09-at-14.41.22-620x264.jpeg 620w, https:\/\/rioonwatch.org.br\/wp-content\/uploads\/2018\/02\/C\u00f3pia-7-de-WhatsApp-Image-2018-02-09-at-14.41.22-940x400.jpeg 940w\" sizes=\"(max-width: 620px) 100vw, 620px\" \/><\/a><\/p>\n<!-- AddThis Advanced Settings generic via filter on the_content --><!-- AddThis Share Buttons generic via filter on the_content -->","protected":false},"excerpt":{"rendered":"<div class=\"mh-excerpt\"><p>Click Here for English No dia 6 de fevereiro \u00e0s 17h, manifestantes da Rocinha se reuniram na frente do Centro de Cidadania Rinaldo de Lamare, na Rocinha, Zona Sul. Na mesma hora, moradores do Vidigal <a class=\"mh-excerpt-more\" href=\"https:\/\/rioonwatch.org.br\/?p=31217\" title=\"Moradores da Rocinha, Vidigal e Ch\u00e1cara do C\u00e9u se Manifestam Pacificamente por Paz e Respeito\">[&#8230;]<\/a><!-- AddThis Advanced Settings generic via filter on get_the_excerpt --><!-- AddThis Share Buttons generic via filter on get_the_excerpt --><\/p>\n<\/div>","protected":false},"author":157,"featured_media":31275,"comment_status":"closed","ping_status":"closed","sticky":false,"template":"","format":"standard","meta":{"_acf_changed":false,"_monsterinsights_skip_tracking":false,"_monsterinsights_sitenote_active":false,"_monsterinsights_sitenote_note":"","_monsterinsights_sitenote_category":0,"footnotes":""},"categories":[1621,1627,346,1620,1612,342],"tags":[510,2185,1066,1853,750,332,1239,937,457,480,932,635,417,763,16,492,294,786,335,864,354,1364,30,920,383],"writer":[2243],"translator":[],"source":[],"ilustrador":[],"fotografo":[],"class_list":{"0":"post-31217","1":"post","2":"type-post","3":"status-publish","4":"format-standard","5":"has-post-thumbnail","7":"category-destaque","8":"category-relato-de-evento","9":"category-denuncias","10":"category-olhonaupp","11":"category-sociedade-civil","12":"category-solucoes","13":"tag-agua","14":"tag-biblioteca-parque","15":"tag-chacara-do-ceu","16":"tag-ciclovia","17":"tag-clinica-da-familia","18":"tag-complexo-da-mare","19":"tag-criminalizacao-da-pobreza","20":"tag-direito-de-ir-e-vir","21":"tag-eleicoes","22":"tag-eleitoreiro","23":"tag-leblon","24":"tag-light","25":"tag-negligencia-do-estado","26":"tag-protesto","27":"tag-rocinha","28":"tag-saneamento","29":"tag-saude","30":"tag-governador-sergio-cabral","31":"tag-teatro","32":"tag-upa","33":"tag-vidigal","34":"tag-violacoes","35":"tag-violencia","36":"tag-violencia-de-estado","37":"tag-zona-sul","38":"writer-tania-de-oliveira"},"acf":[],"yoast_head":"<!-- This site is optimized with the Yoast SEO plugin v25.6 - https:\/\/yoast.com\/wordpress\/plugins\/seo\/ -->\n<title>Moradores da Rocinha, Vidigal e Ch\u00e1cara do C\u00e9u se Manifestam Pacificamente por Paz e Respeito - RioOnWatch<\/title>\n<meta name=\"robots\" content=\"index, follow, max-snippet:-1, max-image-preview:large, max-video-preview:-1\" \/>\n<link rel=\"canonical\" href=\"https:\/\/rioonwatch.org.br\/?p=31217\" \/>\n<meta property=\"og:locale\" content=\"pt_BR\" \/>\n<meta property=\"og:type\" content=\"article\" \/>\n<meta property=\"og:title\" content=\"Moradores da Rocinha, Vidigal e Ch\u00e1cara do C\u00e9u se Manifestam Pacificamente por Paz e Respeito - RioOnWatch\" \/>\n<meta property=\"og:description\" content=\"Click Here for English No dia 6 de fevereiro \u00e0s 17h, manifestantes da Rocinha se reuniram na frente do Centro de Cidadania Rinaldo de Lamare, na Rocinha, Zona Sul. Na mesma hora, moradores do Vidigal [...]\" \/>\n<meta property=\"og:url\" content=\"https:\/\/rioonwatch.org.br\/?p=31217\" \/>\n<meta property=\"og:site_name\" content=\"RioOnWatch\" \/>\n<meta property=\"article:published_time\" content=\"2018-02-16T13:36:54+00:00\" \/>\n<meta property=\"article:modified_time\" content=\"2018-02-20T14:32:54+00:00\" \/>\n<meta property=\"og:image\" content=\"https:\/\/rioonwatch.org.br\/wp-content\/uploads\/2018\/02\/Protesto-paz-Vidigal-Rocinha.png\" \/>\n\t<meta property=\"og:image:width\" content=\"928\" \/>\n\t<meta property=\"og:image:height\" content=\"371\" \/>\n\t<meta property=\"og:image:type\" content=\"image\/png\" \/>\n<meta name=\"author\" content=\"Tania De Oliveira\" \/>\n<meta name=\"twitter:card\" content=\"summary_large_image\" \/>\n<meta name=\"twitter:label1\" content=\"Escrito por\" \/>\n\t<meta name=\"twitter:data1\" content=\"Tania De Oliveira\" \/>\n\t<meta name=\"twitter:label2\" content=\"Est. tempo de leitura\" \/>\n\t<meta name=\"twitter:data2\" content=\"4 minutos\" \/>\n<script type=\"application\/ld+json\" class=\"yoast-schema-graph\">{\"@context\":\"https:\/\/schema.org\",\"@graph\":[{\"@type\":\"Article\",\"@id\":\"https:\/\/rioonwatch.org.br\/?p=31217#article\",\"isPartOf\":{\"@id\":\"https:\/\/rioonwatch.org.br\/?p=31217\"},\"author\":{\"name\":\"Tania De Oliveira\",\"@id\":\"https:\/\/rioonwatch.org.br\/#\/schema\/person\/956a332d1ffeb21ab5bb83f55ceda5f4\"},\"headline\":\"Moradores da Rocinha, Vidigal e Ch\u00e1cara do C\u00e9u se Manifestam Pacificamente por Paz e Respeito\",\"datePublished\":\"2018-02-16T13:36:54+00:00\",\"dateModified\":\"2018-02-20T14:32:54+00:00\",\"mainEntityOfPage\":{\"@id\":\"https:\/\/rioonwatch.org.br\/?p=31217\"},\"wordCount\":820,\"publisher\":{\"@id\":\"https:\/\/rioonwatch.org.br\/#organization\"},\"image\":{\"@id\":\"https:\/\/rioonwatch.org.br\/?p=31217#primaryimage\"},\"thumbnailUrl\":\"https:\/\/rioonwatch.org.br\/wp-content\/uploads\/2018\/02\/Protesto-paz-Vidigal-Rocinha.png\",\"keywords\":[\"\u00e1gua\",\"Biblioteca Parque\",\"Ch\u00e1cara do C\u00e9u\",\"ciclovia\",\"Cl\u00ednica da Fam\u00edlia\",\"Complexo da Mar\u00e9\",\"criminaliza\u00e7\u00e3o da pobreza\",\"direito de ir e vir\",\"Elei\u00e7\u00f5es\",\"eleitoralismo\",\"Leblon\",\"Light\",\"Neglig\u00eancia do Estado\",\"protesto\",\"Rocinha\",\"saneamento\",\"sa\u00fade\",\"S\u00e9rgio Cabral\",\"teatro\",\"UPA\",\"Vidigal\",\"viola\u00e7\u00f5es\",\"viol\u00eancia\",\"viol\u00eancia de Estado\",\"Zona Sul\"],\"articleSection\":[\"*Destaque\",\"Cobertura de Eventos\",\"Den\u00fancias\",\"Seguran\u00e7a P\u00fablica\",\"Sociedade Civil\",\"Solu\u00e7\u00f5es\"],\"inLanguage\":\"pt-BR\"},{\"@type\":\"WebPage\",\"@id\":\"https:\/\/rioonwatch.org.br\/?p=31217\",\"url\":\"https:\/\/rioonwatch.org.br\/?p=31217\",\"name\":\"Moradores da Rocinha, Vidigal e Ch\u00e1cara do C\u00e9u se Manifestam Pacificamente por Paz e Respeito - RioOnWatch\",\"isPartOf\":{\"@id\":\"https:\/\/rioonwatch.org.br\/#website\"},\"primaryImageOfPage\":{\"@id\":\"https:\/\/rioonwatch.org.br\/?p=31217#primaryimage\"},\"image\":{\"@id\":\"https:\/\/rioonwatch.org.br\/?p=31217#primaryimage\"},\"thumbnailUrl\":\"https:\/\/rioonwatch.org.br\/wp-content\/uploads\/2018\/02\/Protesto-paz-Vidigal-Rocinha.png\",\"datePublished\":\"2018-02-16T13:36:54+00:00\",\"dateModified\":\"2018-02-20T14:32:54+00:00\",\"breadcrumb\":{\"@id\":\"https:\/\/rioonwatch.org.br\/?p=31217#breadcrumb\"},\"inLanguage\":\"pt-BR\",\"potentialAction\":[{\"@type\":\"ReadAction\",\"target\":[\"https:\/\/rioonwatch.org.br\/?p=31217\"]}]},{\"@type\":\"ImageObject\",\"inLanguage\":\"pt-BR\",\"@id\":\"https:\/\/rioonwatch.org.br\/?p=31217#primaryimage\",\"url\":\"https:\/\/rioonwatch.org.br\/wp-content\/uploads\/2018\/02\/Protesto-paz-Vidigal-Rocinha.png\",\"contentUrl\":\"https:\/\/rioonwatch.org.br\/wp-content\/uploads\/2018\/02\/Protesto-paz-Vidigal-Rocinha.png\",\"width\":928,\"height\":371},{\"@type\":\"BreadcrumbList\",\"@id\":\"https:\/\/rioonwatch.org.br\/?p=31217#breadcrumb\",\"itemListElement\":[{\"@type\":\"ListItem\",\"position\":1,\"name\":\"In\u00edcio\",\"item\":\"https:\/\/rioonwatch.org.br\/\"},{\"@type\":\"ListItem\",\"position\":2,\"name\":\"Moradores da Rocinha, Vidigal e Ch\u00e1cara do C\u00e9u se Manifestam Pacificamente por Paz e Respeito\"}]},{\"@type\":\"WebSite\",\"@id\":\"https:\/\/rioonwatch.org.br\/#website\",\"url\":\"https:\/\/rioonwatch.org.br\/\",\"name\":\"RioOnWatch\",\"description\":\"relatos das favelas cariocas\",\"publisher\":{\"@id\":\"https:\/\/rioonwatch.org.br\/#organization\"},\"potentialAction\":[{\"@type\":\"SearchAction\",\"target\":{\"@type\":\"EntryPoint\",\"urlTemplate\":\"https:\/\/rioonwatch.org.br\/?s={search_term_string}\"},\"query-input\":{\"@type\":\"PropertyValueSpecification\",\"valueRequired\":true,\"valueName\":\"search_term_string\"}}],\"inLanguage\":\"pt-BR\"},{\"@type\":\"Organization\",\"@id\":\"https:\/\/rioonwatch.org.br\/#organization\",\"name\":\"RioOnWatch\",\"url\":\"https:\/\/rioonwatch.org.br\/\",\"logo\":{\"@type\":\"ImageObject\",\"inLanguage\":\"pt-BR\",\"@id\":\"https:\/\/rioonwatch.org.br\/#\/schema\/logo\/image\/\",\"url\":\"https:\/\/rioonwatch.org.br\/wp-content\/uploads\/2021\/06\/RioOnWatchcabecalhoPT11anos-2.png\",\"contentUrl\":\"https:\/\/rioonwatch.org.br\/wp-content\/uploads\/2021\/06\/RioOnWatchcabecalhoPT11anos-2.png\",\"width\":779,\"height\":277,\"caption\":\"RioOnWatch\"},\"image\":{\"@id\":\"https:\/\/rioonwatch.org.br\/#\/schema\/logo\/image\/\"}},{\"@type\":\"Person\",\"@id\":\"https:\/\/rioonwatch.org.br\/#\/schema\/person\/956a332d1ffeb21ab5bb83f55ceda5f4\",\"name\":\"Tania De Oliveira\",\"image\":{\"@type\":\"ImageObject\",\"inLanguage\":\"pt-BR\",\"@id\":\"https:\/\/rioonwatch.org.br\/#\/schema\/person\/image\/\",\"url\":\"https:\/\/secure.gravatar.com\/avatar\/023ae5a9d17ce348a9c2c9024062edef?s=96&d=blank&r=g\",\"contentUrl\":\"https:\/\/secure.gravatar.com\/avatar\/023ae5a9d17ce348a9c2c9024062edef?s=96&d=blank&r=g\",\"caption\":\"Tania De Oliveira\"},\"url\":\"https:\/\/rioonwatch.org.br\/?author=157\"}]}<\/script>\n<!-- \/ Yoast SEO plugin. -->","yoast_head_json":{"title":"Moradores da Rocinha, Vidigal e Ch\u00e1cara do C\u00e9u se Manifestam Pacificamente por Paz e Respeito - RioOnWatch","robots":{"index":"index","follow":"follow","max-snippet":"max-snippet:-1","max-image-preview":"max-image-preview:large","max-video-preview":"max-video-preview:-1"},"canonical":"https:\/\/rioonwatch.org.br\/?p=31217","og_locale":"pt_BR","og_type":"article","og_title":"Moradores da Rocinha, Vidigal e Ch\u00e1cara do C\u00e9u se Manifestam Pacificamente por Paz e Respeito - RioOnWatch","og_description":"Click Here for English No dia 6 de fevereiro \u00e0s 17h, manifestantes da Rocinha se reuniram na frente do Centro de Cidadania Rinaldo de Lamare, na Rocinha, Zona Sul. Na mesma hora, moradores do Vidigal [...]","og_url":"https:\/\/rioonwatch.org.br\/?p=31217","og_site_name":"RioOnWatch","article_published_time":"2018-02-16T13:36:54+00:00","article_modified_time":"2018-02-20T14:32:54+00:00","og_image":[{"width":928,"height":371,"url":"https:\/\/rioonwatch.org.br\/wp-content\/uploads\/2018\/02\/Protesto-paz-Vidigal-Rocinha.png","type":"image\/png"}],"author":"Tania De Oliveira","twitter_card":"summary_large_image","twitter_misc":{"Escrito por":"Tania De Oliveira","Est. tempo de leitura":"4 minutos"},"schema":{"@context":"https:\/\/schema.org","@graph":[{"@type":"Article","@id":"https:\/\/rioonwatch.org.br\/?p=31217#article","isPartOf":{"@id":"https:\/\/rioonwatch.org.br\/?p=31217"},"author":{"name":"Tania De Oliveira","@id":"https:\/\/rioonwatch.org.br\/#\/schema\/person\/956a332d1ffeb21ab5bb83f55ceda5f4"},"headline":"Moradores da Rocinha, Vidigal e Ch\u00e1cara do C\u00e9u se Manifestam Pacificamente por Paz e Respeito","datePublished":"2018-02-16T13:36:54+00:00","dateModified":"2018-02-20T14:32:54+00:00","mainEntityOfPage":{"@id":"https:\/\/rioonwatch.org.br\/?p=31217"},"wordCount":820,"publisher":{"@id":"https:\/\/rioonwatch.org.br\/#organization"},"image":{"@id":"https:\/\/rioonwatch.org.br\/?p=31217#primaryimage"},"thumbnailUrl":"https:\/\/rioonwatch.org.br\/wp-content\/uploads\/2018\/02\/Protesto-paz-Vidigal-Rocinha.png","keywords":["\u00e1gua","Biblioteca Parque","Ch\u00e1cara do C\u00e9u","ciclovia","Cl\u00ednica da Fam\u00edlia","Complexo da Mar\u00e9","criminaliza\u00e7\u00e3o da pobreza","direito de ir e vir","Elei\u00e7\u00f5es","eleitoralismo","Leblon","Light","Neglig\u00eancia do Estado","protesto","Rocinha","saneamento","sa\u00fade","S\u00e9rgio Cabral","teatro","UPA","Vidigal","viola\u00e7\u00f5es","viol\u00eancia","viol\u00eancia de Estado","Zona Sul"],"articleSection":["*Destaque","Cobertura de Eventos","Den\u00fancias","Seguran\u00e7a P\u00fablica","Sociedade Civil","Solu\u00e7\u00f5es"],"inLanguage":"pt-BR"},{"@type":"WebPage","@id":"https:\/\/rioonwatch.org.br\/?p=31217","url":"https:\/\/rioonwatch.org.br\/?p=31217","name":"Moradores da Rocinha, Vidigal e Ch\u00e1cara do C\u00e9u se Manifestam Pacificamente por Paz e Respeito - RioOnWatch","isPartOf":{"@id":"https:\/\/rioonwatch.org.br\/#website"},"primaryImageOfPage":{"@id":"https:\/\/rioonwatch.org.br\/?p=31217#primaryimage"},"image":{"@id":"https:\/\/rioonwatch.org.br\/?p=31217#primaryimage"},"thumbnailUrl":"https:\/\/rioonwatch.org.br\/wp-content\/uploads\/2018\/02\/Protesto-paz-Vidigal-Rocinha.png","datePublished":"2018-02-16T13:36:54+00:00","dateModified":"2018-02-20T14:32:54+00:00","breadcrumb":{"@id":"https:\/\/rioonwatch.org.br\/?p=31217#breadcrumb"},"inLanguage":"pt-BR","potentialAction":[{"@type":"ReadAction","target":["https:\/\/rioonwatch.org.br\/?p=31217"]}]},{"@type":"ImageObject","inLanguage":"pt-BR","@id":"https:\/\/rioonwatch.org.br\/?p=31217#primaryimage","url":"https:\/\/rioonwatch.org.br\/wp-content\/uploads\/2018\/02\/Protesto-paz-Vidigal-Rocinha.png","contentUrl":"https:\/\/rioonwatch.org.br\/wp-content\/uploads\/2018\/02\/Protesto-paz-Vidigal-Rocinha.png","width":928,"height":371},{"@type":"BreadcrumbList","@id":"https:\/\/rioonwatch.org.br\/?p=31217#breadcrumb","itemListElement":[{"@type":"ListItem","position":1,"name":"In\u00edcio","item":"https:\/\/rioonwatch.org.br\/"},{"@type":"ListItem","position":2,"name":"Moradores da Rocinha, Vidigal e Ch\u00e1cara do C\u00e9u se Manifestam Pacificamente por Paz e Respeito"}]},{"@type":"WebSite","@id":"https:\/\/rioonwatch.org.br\/#website","url":"https:\/\/rioonwatch.org.br\/","name":"RioOnWatch","description":"relatos das favelas cariocas","publisher":{"@id":"https:\/\/rioonwatch.org.br\/#organization"},"potentialAction":[{"@type":"SearchAction","target":{"@type":"EntryPoint","urlTemplate":"https:\/\/rioonwatch.org.br\/?s={search_term_string}"},"query-input":{"@type":"PropertyValueSpecification","valueRequired":true,"valueName":"search_term_string"}}],"inLanguage":"pt-BR"},{"@type":"Organization","@id":"https:\/\/rioonwatch.org.br\/#organization","name":"RioOnWatch","url":"https:\/\/rioonwatch.org.br\/","logo":{"@type":"ImageObject","inLanguage":"pt-BR","@id":"https:\/\/rioonwatch.org.br\/#\/schema\/logo\/image\/","url":"https:\/\/rioonwatch.org.br\/wp-content\/uploads\/2021\/06\/RioOnWatchcabecalhoPT11anos-2.png","contentUrl":"https:\/\/rioonwatch.org.br\/wp-content\/uploads\/2021\/06\/RioOnWatchcabecalhoPT11anos-2.png","width":779,"height":277,"caption":"RioOnWatch"},"image":{"@id":"https:\/\/rioonwatch.org.br\/#\/schema\/logo\/image\/"}},{"@type":"Person","@id":"https:\/\/rioonwatch.org.br\/#\/schema\/person\/956a332d1ffeb21ab5bb83f55ceda5f4","name":"Tania De Oliveira","image":{"@type":"ImageObject","inLanguage":"pt-BR","@id":"https:\/\/rioonwatch.org.br\/#\/schema\/person\/image\/","url":"https:\/\/secure.gravatar.com\/avatar\/023ae5a9d17ce348a9c2c9024062edef?s=96&d=blank&r=g","contentUrl":"https:\/\/secure.gravatar.com\/avatar\/023ae5a9d17ce348a9c2c9024062edef?s=96&d=blank&r=g","caption":"Tania De Oliveira"},"url":"https:\/\/rioonwatch.org.br\/?author=157"}]}},"_links":{"self":[{"href":"https:\/\/rioonwatch.org.br\/index.php?rest_route=\/wp\/v2\/posts\/31217"}],"collection":[{"href":"https:\/\/rioonwatch.org.br\/index.php?rest_route=\/wp\/v2\/posts"}],"about":[{"href":"https:\/\/rioonwatch.org.br\/index.php?rest_route=\/wp\/v2\/types\/post"}],"author":[{"embeddable":true,"href":"https:\/\/rioonwatch.org.br\/index.php?rest_route=\/wp\/v2\/users\/157"}],"replies":[{"embeddable":true,"href":"https:\/\/rioonwatch.org.br\/index.php?rest_route=%2Fwp%2Fv2%2Fcomments&post=31217"}],"version-history":[{"count":25,"href":"https:\/\/rioonwatch.org.br\/index.php?rest_route=\/wp\/v2\/posts\/31217\/revisions"}],"predecessor-version":[{"id":31359,"href":"https:\/\/rioonwatch.org.br\/index.php?rest_route=\/wp\/v2\/posts\/31217\/revisions\/31359"}],"wp:featuredmedia":[{"embeddable":true,"href":"https:\/\/rioonwatch.org.br\/index.php?rest_route=\/wp\/v2\/media\/31275"}],"wp:attachment":[{"href":"https:\/\/rioonwatch.org.br\/index.php?rest_route=%2Fwp%2Fv2%2Fmedia&parent=31217"}],"wp:term":[{"taxonomy":"category","embeddable":true,"href":"https:\/\/rioonwatch.org.br\/index.php?rest_route=%2Fwp%2Fv2%2Fcategories&post=31217"},{"taxonomy":"post_tag","embeddable":true,"href":"https:\/\/rioonwatch.org.br\/index.php?rest_route=%2Fwp%2Fv2%2Ftags&post=31217"},{"taxonomy":"writer","embeddable":true,"href":"https:\/\/rioonwatch.org.br\/index.php?rest_route=%2Fwp%2Fv2%2Fwriter&post=31217"},{"taxonomy":"translator","embeddable":true,"href":"https:\/\/rioonwatch.org.br\/index.php?rest_route=%2Fwp%2Fv2%2Ftranslator&post=31217"},{"taxonomy":"source","embeddable":true,"href":"https:\/\/rioonwatch.org.br\/index.php?rest_route=%2Fwp%2Fv2%2Fsource&post=31217"},{"taxonomy":"ilustrador","embeddable":true,"href":"https:\/\/rioonwatch.org.br\/index.php?rest_route=%2Fwp%2Fv2%2Filustrador&post=31217"},{"taxonomy":"fotografo","embeddable":true,"href":"https:\/\/rioonwatch.org.br\/index.php?rest_route=%2Fwp%2Fv2%2Ffotografo&post=31217"}],"curies":[{"name":"wp","href":"https:\/\/api.w.org\/{rel}","templated":true}]}}