{"id":31315,"date":"2018-02-22T13:32:25","date_gmt":"2018-02-22T16:32:25","guid":{"rendered":"http:\/\/rioonwatch.org.br\/?p=31315"},"modified":"2018-07-24T15:40:43","modified_gmt":"2018-07-24T18:40:43","slug":"cerro-cora-moradores-em-movimento-redefavelasustentavel-perfil","status":"publish","type":"post","link":"https:\/\/rioonwatch.org.br\/?p=31315","title":{"rendered":"Cerro Cor\u00e1 Moradores em Movimento #RedeFavelaSustent\u00e1vel [PERFIL]"},"content":{"rendered":"<p style=\"text-align: right;\"><em><strong><a href=\"http:\/\/bit.ly\/2GexOD8\" target=\"_blank\" rel=\"noopener noreferrer\">Click Here for English<img decoding=\"async\" width=\"20\" height=\"20\" class=\"alignright wp-image-15790\" src=\"http:\/\/rioonwatch.org.br\/wp-content\/uploads\/2012\/08\/EN-standard-e1439583104716.jpg\" \/><\/a><\/strong><\/em><\/p>\n<blockquote><p><span style=\"text-decoration: underline;\"><b>Iniciativas<\/b><\/span><span style=\"font-weight: 400;\">: Biblioteca Comunit\u00e1ria, Mem\u00f3rias do Cerro Cor\u00e1, e Pr\u00e9-Vestibular Popular Cerro Cor\u00e1<\/span><br \/>\n<b><span style=\"text-decoration: underline;\">Contato<\/span><\/b>: Facebook:\u00a0<a class=\"_64-f\" href=\"http:\/\/bit.ly\/2y4WBFQ\" target=\"_blank\" rel=\"noopener\">Cerro Cor\u00e1 Moradores em Movimento<\/a><span style=\"font-weight: 400;\">,\u00a0<\/span><a class=\"_64-f\" href=\"http:\/\/bit.ly\/2zfFOnr\" target=\"_blank\" rel=\"noopener\">Mem\u00f3rias do Cerro Cor\u00e1<\/a>,<span style=\"font-weight: 400;\">\u00a0<\/span><a class=\"_64-f\" href=\"http:\/\/bit.ly\/2CFfZ1X\" target=\"_blank\" rel=\"noopener\">Pr\u00e9-Vestibular Popular Cerro Cor\u00e1<\/a>\u00a0| <a href=\"mailto:cerrocora@favelasustentavel.org\">Email<\/a><b><br \/>\n<\/b><span style=\"text-decoration: underline;\"><b>Ano de Funda\u00e7\u00e3o<\/b><\/span><span style=\"font-weight: 400;\">: 2013<\/span><span style=\"font-weight: 400;\"><br \/>\n<\/span><span style=\"text-decoration: underline;\"><b>Comunidade<\/b><\/span><span style=\"font-weight: 400;\">: Cerro Cor\u00e1<\/span><span style=\"font-weight: 400;\"><br \/>\n<\/span><span style=\"text-decoration: underline;\"><b>Miss\u00e3o<\/b><\/span><span style=\"font-weight: 400;\">:\u00a0<\/span><span style=\"font-weight: 400;\">Preservar a mem\u00f3ria dessa favela, organizar e realizar a\u00e7\u00f5es e lutas relacionadas com direitos humanos e cultura popular na favela, no intuito de buscar a garantia de direitos, fazer o debate pol\u00edtico com a popula\u00e7\u00e3o local e mobilizar a favela em torno de objetivos comuns dos moradores.<br \/>\n<\/span><span style=\"text-decoration: underline;\"><b>Eventos P\u00fablicos<\/b><\/span><span style=\"font-weight: 400;\">: O cursinho Pr\u00e9-Vestibular abre 30 vagas todos os anos para moradores, de todas as idades, de Cerro Cor\u00e1 e comunidades pr\u00f3ximas.<\/span><\/p><\/blockquote>\n<p><a href=\"http:\/\/bit.ly\/1IIwrcP\" target=\"_blank\" rel=\"noopener\"><span style=\"font-weight: 400;\">Cerro Cor\u00e1<\/span><\/a><span style=\"font-weight: 400;\"> \u00e9 uma pequena favela localizada no topo do bairro do Cosme Velho na <\/span><a href=\"http:\/\/bit.ly\/1mNsDyk\" target=\"_blank\" rel=\"noopener\"><span style=\"font-weight: 400;\">Zona Sul<\/span><\/a><span style=\"font-weight: 400;\"> do Rio, e abaixo do morro do Corcovado. Em 2010 o censo registrou l\u00e1 <\/span><a href=\"http:\/\/bit.ly\/2EQfcbL\" target=\"_blank\" rel=\"noopener\"><span style=\"font-weight: 400;\">apenas 708 pessoas e 200 moradias<\/span><\/a><span style=\"font-weight: 400;\">. Mas o tamanho do Cerro Cor\u00e1 n\u00e3o impediu que os moradores fossem bem-sucedidos na luta pelo desenvolvimento da comunidade. Com esse objetivo em mente, um grupo de moradores e colaboradores de outras partes da cidade se juntaram para formar o <\/span><span style=\"font-weight: 400;\"><a href=\"http:\/\/bit.ly\/2y4WBFQ\" target=\"_blank\" rel=\"noopener\">Cerro Cor\u00e1 Moradores em Movimento<\/a>.<\/span><\/p>\n<p><span style=\"font-weight: 400;\">Em 2013, eles come\u00e7aram um projeto de museu chamado <\/span><a href=\"http:\/\/bit.ly\/2zgQ0vU\" target=\"_blank\" rel=\"noopener\"><span style=\"font-weight: 400;\">Mem\u00f3rias do Cerro Cor\u00e1<\/span><\/a><span style=\"font-weight: 400;\">\u00a0seguindo uma <\/span><a href=\"http:\/\/bit.ly\/V0UrTq\"><span style=\"font-weight: 400;\">tend\u00eancia em favelas do Rio<\/span><\/a><span style=\"font-weight: 400;\">. Em 2014, o grupo ocupou a Associa\u00e7\u00e3o de Moradores, que estava fora de funcionamento, e constru\u00edram e fundaram uma biblioteca comunit\u00e1ria no local. Naquele ano, a <\/span><i><span style=\"font-weight: 400;\">Ag\u00eancia de Not\u00edcias das Favelas<\/span><\/i><span style=\"font-weight: 400;\">\u00a0<a href=\"http:\/\/bit.ly\/1DwBlHP\" target=\"_blank\" rel=\"noopener\">fez uma mat\u00e9ria<\/a> sobre essas iniciativas que foi<\/span><i><span style=\"font-weight: 400;\">\u00a0<\/span><\/i><a href=\"http:\/\/bit.ly\/1zAElfL\" target=\"_blank\" rel=\"noopener\"><span style=\"font-weight: 400;\">traduzida para o ingl\u00eas<\/span><\/a>\u00a0no\u00a0<em>RioOnWatch<\/em><span style=\"font-weight: 400;\">. Por\u00e9m, tr\u00eas anos se passaram e o grupo continua ativo. Em 2016, foi criado o <\/span><a href=\"http:\/\/bit.ly\/2CFfZ1X\" target=\"_blank\" rel=\"noopener\"><span style=\"font-weight: 400;\">Pr\u00e9-Vestibular Popular Cerro Cor\u00e1<\/span><\/a><span style=\"font-weight: 400;\">. Pr\u00e9-Vestibulares s\u00e3o ainda mais cr\u00edticos para moradores de favela, que de forma geral s\u00e3o limitados \u00e0\u00a0<\/span><a href=\"http:\/\/bit.ly\/2l0pM9h\" target=\"_blank\" rel=\"noopener\"><span style=\"font-weight: 400;\">educa\u00e7\u00e3o p\u00fablica inadequada ou de baixa qualidade<\/span><\/a>\u00a0<span style=\"font-weight: 400;\">e, em consequ\u00eancia, encontram-se exclu\u00eddos de universidades.<\/span><\/p>\n<p><a href=\"http:\/\/rioonwatch.org.br\/wp-content\/uploads\/2018\/02\/Cerro-Cor\u00e1-Moradores-em-Movimento-Group-Shot.jpg\"><img fetchpriority=\"high\" decoding=\"async\" class=\"aligncenter wp-image-31331 size-content\" title=\"Foto do grupo do Cerro Cor\u00e1 Moradores em Movimento \" src=\"http:\/\/rioonwatch.org.br\/wp-content\/uploads\/2018\/02\/Cerro-Cor\u00e1-Moradores-em-Movimento-Group-Shot-620x264.jpg\" alt=\"\" width=\"620\" height=\"264\" srcset=\"https:\/\/rioonwatch.org.br\/wp-content\/uploads\/2018\/02\/Cerro-Cor\u00e1-Moradores-em-Movimento-Group-Shot-620x264.jpg 620w, https:\/\/rioonwatch.org.br\/wp-content\/uploads\/2018\/02\/Cerro-Cor\u00e1-Moradores-em-Movimento-Group-Shot-940x400.jpg 940w\" sizes=\"(max-width: 620px) 100vw, 620px\" \/><\/a><\/p>\n<p><span style=\"font-weight: 400;\">O <em>RioOnWatch<\/em> visitou o Cerro Cor\u00e1 para conversar com Ricardo Rodrigues, um membro fundador do Moradores em Movimento e saber mais a respeito dos projetos do grupo. Depois de passar por um aglomerado de turistas esperando para pegar o bondinho at\u00e9 o Cristo Redentor, e subir a rua \u00edngreme <\/span><span style=\"font-weight: 400;\">de <a href=\"http:\/\/bit.ly\/2cWdZlH\" target=\"_blank\" rel=\"noopener\">motot\u00e1xi<\/a>\u00a0<\/span><span style=\"font-weight: 400;\">at\u00e9 o Cerro Cor\u00e1, Ricardo mostrou o caminho at\u00e9 o pr\u00e9dio da Associa\u00e7\u00e3o de Moradores. <\/span><\/p>\n<p><span style=\"font-weight: 400;\">\u201cSou nascido e criado no\u00a0<a href=\"http:\/\/bit.ly\/XuDNKV\" target=\"_blank\" rel=\"noopener\">Vidigal<\/a> mesmo. Mas eu moro aqui desde 2001<\/span><span style=\"font-weight: 400;\">\u201d, ele diz, explicando que sempre teve fam\u00edlia no Cerro Cor\u00e1. Nos \u00faltimos cinco anos, Ricardo trabalhou no <\/span><a href=\"http:\/\/bit.ly\/2COIXNR\" target=\"_blank\" rel=\"noopener\"><span style=\"font-weight: 400;\">SESI\/SENAI<\/span><\/a><span style=\"font-weight: 400;\">, uma rede de treinamento industrial e de servi\u00e7os sociais, recrutando moradores de favelas para os cursos oferecidos. &#8220;Meu escrit\u00f3rio \u00e9 no morro.&#8221;<\/span><\/p>\n<p><span style=\"font-weight: 400;\">Ele conta como o Moradores em Movimento se formou. Um grupo composto principalmente por jovens se reunia pelas vielas do Cerro Cor\u00e1 para discutir solu\u00e7\u00f5es para os problemas da comunidade. O grupo viu que, como s\u00e3o fortemente estigmatizadas, as favelas precisavam estar sempre <\/span><a href=\"http:\/\/bit.ly\/1fyuEdI\" target=\"_blank\" rel=\"noopener\"><span style=\"font-weight: 400;\">exigindo seu \u201cdireito de mem\u00f3ria\u201d e ter orgulho <\/span><\/a><span style=\"font-weight: 400;\">de suas origens. <\/span><\/p>\n<p><a href=\"http:\/\/rioonwatch.org.br\/wp-content\/uploads\/2018\/02\/Cerro-Cora.png\"><img decoding=\"async\" class=\"aligncenter wp-image-31334 size-content\" title=\"Cerro Cor\u00e1 no mapa.\" src=\"http:\/\/rioonwatch.org.br\/wp-content\/uploads\/2018\/02\/Cerro-Cora-620x264.png\" alt=\"\" width=\"620\" height=\"264\" srcset=\"https:\/\/rioonwatch.org.br\/wp-content\/uploads\/2018\/02\/Cerro-Cora-620x264.png 620w, https:\/\/rioonwatch.org.br\/wp-content\/uploads\/2018\/02\/Cerro-Cora-940x400.png 940w\" sizes=\"(max-width: 620px) 100vw, 620px\" \/><\/a><\/p>\n<p><span style=\"font-weight: 400;\">&#8220;O fato de saber nossa <a href=\"http:\/\/bit.ly\/1PXkANu\" target=\"_blank\" rel=\"noopener\">hist\u00f3ria<\/a>\u00a0\u00e9 muito importante para saber aonde voc\u00ea est\u00e1, quem foram os nossos her\u00f3is. O sentimento de patriotismo que o brasileiro tem, de defender a bandeira, aquela palha\u00e7ada toda\u2026 A gente n\u00e3o consegue se identificar com os nomes da rua a\u00ed [no asfalto]: Delfim Moreira, Vargas&#8221;,\u00a0<\/span><span style=\"font-weight: 400;\">explica Ricardo. Estes \u00edcones brancos da hist\u00f3ria brasileira significam pouco para as favelas predominantemente afro-brasileiras, como Cerro Cor\u00e1, muitas vezes esquecidas pelos pol\u00edticos e menosprezadas no discurso popular.<\/span><\/p>\n<p><span style=\"font-weight: 400;\">Conhecendo melhor seu passado, membros do Moradores em Movimento descobriram que durante o s\u00e9culo 19, Cerro Cor\u00e1 havia sido uma fazenda administrada por antigos escravos que ainda trabalhavam sem pagamento e viviam nos locais das\u00a0<\/span><a href=\"http:\/\/bit.ly\/2BEaRu7\" target=\"_blank\" rel=\"noopener\"><span style=\"font-weight: 400;\">senzalas<\/span><\/a><span style=\"font-weight: 400;\">. Em 1909, as fazendas foram demolidas e a madeira foi usada para construir casas para v\u00e1rios daqueles trabalhadores afro-brasileiros e suas fam\u00edlias.<\/span><\/p>\n<p><span style=\"font-weight: 400;\">Compartilhar essa hist\u00f3ria significava afirmar <\/span><span style=\"font-weight: 400;\">a<\/span> <span style=\"font-weight: 400;\"><a href=\"http:\/\/bit.ly\/2xVnUGG\" target=\"_blank\" rel=\"noopener\">negritude e a escravid\u00e3o africana nas ra\u00edzes<\/a> da comunidade<\/span><span style=\"font-weight: 400;\">. \u201cNem existe o \u2018resgate\u2019 da <a href=\"http:\/\/bit.ly\/1OcSEDn\" target=\"_blank\" rel=\"noopener\">mem\u00f3ria<\/a> por que a mem\u00f3ria n\u00e3o est\u00e1 sequestrada<\/span><span style=\"font-weight: 400;\">\u201d, diz Ricardo, \u201c<\/span><span style=\"font-weight: 400;\">Mas existe afirma\u00e7\u00e3o dela, do poder que ela tem. Quando voc\u00ea diz para a crian\u00e7a negra que a \u00c1frica \u00e9 super importante, que a favela \u00e9 super importante&#8221;.<\/span><\/p>\n<p><a href=\"http:\/\/rioonwatch.org.br\/wp-content\/uploads\/2018\/02\/Photo-from-Memorias-de-Cerro-Cor\u00e1-Exhibit-e1515273901720.jpg\"><img loading=\"lazy\" decoding=\"async\" class=\"aligncenter wp-image-31337 size-content\" title=\"Foto fornecida por um morador Cerro Cor\u00e1 para a Exposi\u00e7\u00e3o Mem\u00f3rias do Cerro Cor\u00e1 em 2013. Foto da p\u00e1gina de Mem\u00f3rias do Cerro Cor\u00e1\" src=\"http:\/\/rioonwatch.org.br\/wp-content\/uploads\/2018\/02\/Photo-from-Memorias-de-Cerro-Cor\u00e1-Exhibit-e1515273901720-620x264.jpg\" alt=\"\" width=\"620\" height=\"264\" \/><\/a><\/p>\n<p><span style=\"font-weight: 400;\">Conforme a tradi\u00e7\u00e3o <\/span><span style=\"font-weight: 400;\">da <a href=\"http:\/\/bit.ly\/2r8iRxL\" target=\"_blank\" rel=\"noopener\">&#8216;nova&#8217; museologia ou museologia &#8216;social&#8217;<\/a><\/span><span style=\"font-weight: 400;\">, o museu do grupo, \u201cMem\u00f3rias do Cerro Cor\u00e1\u201d, n\u00e3o possui estrutura f\u00edsica com exibi\u00e7\u00f5es fixas. Em vez disso, ela toma a forma de diferentes a\u00e7\u00f5es de pesquisa hist\u00f3rica, valoriza\u00e7\u00e3o e compartilhamento.<\/span><\/p>\n<p><span style=\"font-weight: 400;\">A maior parte da estrutura do Cerr\u00f3 Cor\u00e1 foi formada depois de 1964, quando trabalhadores vieram construir o T\u00fanel Rebou\u00e7as, uma das principais vias de tr\u00e1fego do Rio, que passa diretamente embaixo da favela. Durante esse per\u00edodo, uma igreja cat\u00f3lica local comprou as terras da regi\u00e3o, o que permitiu que at\u00e9 hoje muitos moradores tenham a propriedade de suas casas. Isso foi feito para proteger o Cerro Cor\u00e1 da onda de <a href=\"http:\/\/bit.ly\/1ODiDRd\" target=\"_blank\" rel=\"noopener\">remo\u00e7\u00f5es<\/a><\/span><span style=\"font-weight: 400;\">\u00a0que amea\u00e7avam as favelas durante a ditadura<\/span><span style=\"font-weight: 400;\">. <\/span><\/p>\n<p><span style=\"font-weight: 400;\">O grupo Moradores em Movimento recolheu e escaneou fotos de moradores para uma exibi\u00e7\u00e3o em 2013. Ricardo explica que a exist\u00eancia de recursos digitais significa que o privil\u00e9gio da mem\u00f3ria hist\u00f3rica finalmente se estendeu \u00e0s favelas, exclu\u00eddas da hist\u00f3ria oficial e com acesso limitado a c\u00e2meras e equipamentos de grava\u00e7\u00e3o.<\/span><\/p>\n<p><a href=\"http:\/\/rioonwatch.org.br\/wp-content\/uploads\/2018\/02\/Jeferson-Dias-Reads-to-Kids-at-Cerro-Cor\u00e1-Library.jpg\"><img loading=\"lazy\" decoding=\"async\" class=\"aligncenter wp-image-31342 size-content\" title=\"Jeferson Dias l\u00ea para crian\u00e7as na Biblioteca Comunit\u00e1ria Cerro Cor\u00e1. Foto da p\u00e1gina do Cerro Cor\u00e1 Moradores em Movimento\" src=\"http:\/\/rioonwatch.org.br\/wp-content\/uploads\/2018\/02\/Jeferson-Dias-Reads-to-Kids-at-Cerro-Cor\u00e1-Library-620x264.jpg\" alt=\"\" width=\"620\" height=\"264\" srcset=\"https:\/\/rioonwatch.org.br\/wp-content\/uploads\/2018\/02\/Jeferson-Dias-Reads-to-Kids-at-Cerro-Cor\u00e1-Library-620x264.jpg 620w, https:\/\/rioonwatch.org.br\/wp-content\/uploads\/2018\/02\/Jeferson-Dias-Reads-to-Kids-at-Cerro-Cor\u00e1-Library-940x400.jpg 940w\" sizes=\"(max-width: 620px) 100vw, 620px\" \/><\/a><\/p>\n<p><span style=\"font-weight: 400;\">Ao conhecerem seu passado, os organizadores do Moradores em Movimento tamb\u00e9m se preocuparam com o futuro. As conversas entre eles normalmente giram em torno da gera\u00e7\u00e3o de oportunidades para as crian\u00e7as.\u00a0<\/span><span style=\"font-weight: 400;\">&#8220;A ideia da biblioteca [comunit\u00e1ria] surge por causa da gente ver <a href=\"http:\/\/bit.ly\/2EPcLK9\" target=\"_blank\" rel=\"noopener\">o poder do tr\u00e1fico evoluindo<\/a>, a sedu\u00e7\u00e3o do tr\u00e1fico sendo muito maior que qualquer bem: como a escola. Era uma forma da gente tentar frear isso a\u00ed&#8221;,\u00a0disse Ricardo.<\/span><\/p>\n<p><span style=\"font-weight: 400;\">O grupo fez parceria com o <\/span><a href=\"http:\/\/bit.ly\/2CI5j2H\" target=\"_blank\" rel=\"noopener\"><span style=\"font-weight: 400;\">Conex\u00e3o Leitura<\/span><\/a><span style=\"font-weight: 400;\">, uma ONG que ajuda na instala\u00e7\u00e3o de bibliotecas comunit\u00e1rias. Eles coletaram doa\u00e7\u00f5es de livros, desenvolveram um sistema de cataloga\u00e7\u00e3o e abriram um espa\u00e7o de \u201clazer liter\u00e1rio\u201d no pr\u00e9dio da Associa\u00e7\u00e3o de Moradores.<\/span><\/p>\n<p><a href=\"http:\/\/rioonwatch.org.br\/wp-content\/uploads\/2018\/02\/Ricardo-Rodrigues-in-Cerro-Cor\u00e1-Community-Library-e1515274418184.jpg\"><img loading=\"lazy\" decoding=\"async\" class=\"aligncenter wp-image-31344 size-content\" title=\"Ricardo Rodrigues na Biblioteca Comunit\u00e1ria Cerro Cor\u00e1\" src=\"http:\/\/rioonwatch.org.br\/wp-content\/uploads\/2018\/02\/Ricardo-Rodrigues-in-Cerro-Cor\u00e1-Community-Library-e1515274418184-620x264.jpg\" alt=\"\" width=\"620\" height=\"264\" srcset=\"https:\/\/rioonwatch.org.br\/wp-content\/uploads\/2018\/02\/Ricardo-Rodrigues-in-Cerro-Cor\u00e1-Community-Library-e1515274418184-620x264.jpg 620w, https:\/\/rioonwatch.org.br\/wp-content\/uploads\/2018\/02\/Ricardo-Rodrigues-in-Cerro-Cor\u00e1-Community-Library-e1515274418184-940x400.jpg 940w\" sizes=\"(max-width: 620px) 100vw, 620px\" \/><\/a><\/p>\n<p><span style=\"font-weight: 400;\">O Pr\u00e9-Vestibular era, <\/span><a href=\"http:\/\/bit.ly\/2D1Xenb\" target=\"_blank\" rel=\"noopener\"><span style=\"font-weight: 400;\">logicamente, o pr\u00f3ximo passo para expandir as oportunidades<\/span><\/a> <span style=\"font-weight: 400;\">na educa\u00e7\u00e3o no Cerro Cor\u00e1, onde n\u00e3o h\u00e1 escolas por causa de seu tamanho limitado. Os professores do curso s\u00e3o volunt\u00e1rios, alguns do Moradores em Movimento e outros vindos de fora da comunidade. Para pagar a taxa de inscri\u00e7\u00e3o das provas, o grupo utiliza uma variedade de t\u00e9cnicas de arrecada\u00e7\u00e3o de fundos. Eles sortearam uma cesta de alimentos, <\/span><a href=\"http:\/\/bit.ly\/2Cz8DtB\" target=\"_blank\" rel=\"noopener\"><span style=\"font-weight: 400;\">organizaram um financiamento coletivo<\/span> <span style=\"font-weight: 400;\">online<\/span><\/a><span style=\"font-weight: 400;\">, e come\u00e7aram a vender camisetas da \u201cfavela carioca\u201d com o desenho feito pelo Ricardo.<\/span><\/p>\n<p><span style=\"font-weight: 400;\">Jeferson Dias, que tamb\u00e9m faz parte do Moradores em Movimento e foi aluno no primeiro ano do cursinho, em 2016, foi aprovado na UERJ. <\/span><a href=\"http:\/\/bit.ly\/2AAftgk\" target=\"_blank\" rel=\"noopener\"><span style=\"font-weight: 400;\">Ele disse ao <\/span><i><span style=\"font-weight: 400;\">Brasil de Fato<\/span><\/i><\/a><i><span style=\"font-weight: 400;\">, <\/span><\/i><span style=\"font-weight: 400;\">\u201c<\/span><span style=\"font-weight: 400;\">A realidade de um aluno de escola p\u00fablica, pobre e morador de favela \u00e9 muito diferente de quem tem acesso aos melhores col\u00e9gios. Por isso, \u00e9 um trabalho de conscientiza\u00e7\u00e3o que o cursinho faz tamb\u00e9m. As pessoas se sentem mais independentes com as aulas&#8221;.<\/span><\/p>\n<p><span style=\"font-weight: 400;\">Desde de 2017, seis moradores do Cerro Cor\u00e1 entraram na UERJ gra\u00e7as ao curso. Ricardo \u00e9 um deles. Ele quer estudar artes visuais, seguindo seu interesse pelo grafite e pela pintura. <\/span><\/p>\n<p><span style=\"font-weight: 400;\">Infelizmente, a <\/span><a href=\"https:\/\/glo.bo\/2EEQa3E\" target=\"_blank\" rel=\"noopener\"><span style=\"font-weight: 400;\">UERJ fechou suas portas em julho de 2017<\/span><\/a> <span style=\"font-weight: 400;\">e os professores entraram em greve em outubro. A crise financeira no estado do Rio de Janeiro deixou professores universit\u00e1rios sem sal\u00e1rios e 30.000 estudantes sem aulas. O fechamento afetou ainda mais os estudantes pobres e de favela visto que a UERJ \u00e9 uma institui\u00e7\u00e3o p\u00fablica frequentada por muitos estudantes das classes trabalhadoras. Com o fim da greve em janeiro, <\/span><span style=\"font-weight: 400;\">a <a href=\"https:\/\/glo.bo\/2F7stg6\" target=\"_blank\" rel=\"noopener\">universidade s\u00f3 agora retorna \u00e0s aulas<\/a><\/span><span style=\"font-weight: 400;\">, mas restam d\u00favidas a respeito do impacto desse fechamento nos alunos.<\/span><\/p>\n<p><span style=\"font-weight: 400;\">Apesar desse contratempo, o Pr\u00e9-Vestibular Popular Cerro Cor\u00e1 segue em frente. \u201c<\/span><span style=\"font-weight: 400;\">O fato de n\u00f3s termos alunos com 50% do p\u00e9 dentro da UERJ \u00e9 legal, porque no futuro a gente poder\u00e1 ter professores. Ter crian\u00e7as se espelhando nos professores que s\u00e3o vizinhos delas. Eu acho que isso j\u00e1 \u00e9 um plano de futuro bem s\u00f3lido\u2026 \u00c9 diferente das crian\u00e7as se espelhando no vizinho que \u00e9 pedreiro, que \u00e9 vigilante noturno\u2026 do que a crian\u00e7a que se espelha no vizinho que \u00e9 juiz, que \u00e9 professor, que \u00e9 m\u00e9dico, que \u00e9 engenheiro&#8221;.<\/span><\/p>\n<p><a href=\"http:\/\/rioonwatch.org.br\/wp-content\/uploads\/2018\/02\/Cerro-Cor\u00e1-Moradores-em-Movimento-Tshirt.jpg\"><img loading=\"lazy\" decoding=\"async\" class=\"aligncenter wp-image-31347 size-content\" title=\"Um dos desenhos nas camisas feitos por Ricardo Rodrigues para o Cerro Cor\u00e1 Moradores em Movimento. Foto de Cerro Cor\u00e1 Moradores em Movimento P\u00e1gina de Facebook\" src=\"http:\/\/rioonwatch.org.br\/wp-content\/uploads\/2018\/02\/Cerro-Cor\u00e1-Moradores-em-Movimento-Tshirt-620x264.jpg\" alt=\"\" width=\"620\" height=\"264\" srcset=\"https:\/\/rioonwatch.org.br\/wp-content\/uploads\/2018\/02\/Cerro-Cor\u00e1-Moradores-em-Movimento-Tshirt-620x264.jpg 620w, https:\/\/rioonwatch.org.br\/wp-content\/uploads\/2018\/02\/Cerro-Cor\u00e1-Moradores-em-Movimento-Tshirt-940x400.jpg 940w\" sizes=\"(max-width: 620px) 100vw, 620px\" \/><\/a><\/p>\n<p><span style=\"font-weight: 400;\">Ricardo conta que o Cerro Cor\u00e1 Moradores em Movimento \u00e9 composto atualmente apenas por nove membros regulares, incluindo ele mesmo. Mas se o sucesso anterior for algum indicativo para o que o futuro lhes reserva, esse pequeno grupo continuar\u00e1 a causar impacto significativo na comunidade.<\/span><\/p>\n<p><span style=\"font-weight: 400;\">&#8220;A gente \u00e9 favelado&#8221;, ele afirma. &#8220;A gente \u00e9 favelado e vive em comunidade. O mal que acontece para voc\u00ea, acontece para mim. Se falta \u00e1gua para voc\u00ea, falta \u00e1gua para mim. Ent\u00e3o isso \u00e9 bem comum, ou mal comum, mas n\u00e3o pode ser morador e se depreciar&#8221;. Autoafirma\u00e7\u00e3o, orgulho e progresso marcam as conquistas do Cerro Cor\u00e1 Moradores em Movimento.<\/span><\/p>\n<p><iframe title=\"Benfeitoria Cerro Cor\u00e1 Moradores em Movimento (HD)\" width=\"500\" height=\"281\" src=\"https:\/\/www.youtube.com\/embed\/k4wtO6jh_8Q?feature=oembed\" frameborder=\"0\" allow=\"accelerometer; autoplay; clipboard-write; encrypted-media; gyroscope; picture-in-picture; web-share\" referrerpolicy=\"strict-origin-when-cross-origin\" allowfullscreen><\/iframe><\/p>\n<p>*Cerro Cor\u00e1 Moiradores em Movimento \u00e9 um dos mais de 100 projetos comunit\u00e1rios mapeados pela\u00a0<a href=\"http:\/\/bit.ly\/1aI.gif\" rel=\"prettyPhoto\">Comunidades Catalisadoras<\/a>\u00a0(ComCat)\u2013a organiza\u00e7\u00e3o que publica o\u00a0<em>RioOnWatch\u2013<\/em>como parte do nosso programa paralelo &#8216;<a href=\"http:\/\/bit.ly\/2zIHshe\" target=\"_blank\" rel=\"noopener\">Rede Favela Sustent\u00e1vel<\/a>&#8216; lan\u00e7ado em 2017 para reconhecer, apoiar, fortalecer e expandir as\u00a0<a href=\"http:\/\/www.bit.ly\/FavelaModelo\" target=\"_blank\" rel=\"noopener\">qualidades sustent\u00e1veis e movimentos comunit\u00e1rios inerentes \u00e0s<\/a>\u00a0favelas do Rio de Janeiro. Siga a\u00a0<a href=\"http:\/\/bit.ly\/FBRFS\" target=\"_blank\" rel=\"noopener\">Rede Favela Sustent\u00e1vel no Facebook<\/a>.<\/p>\n<!-- AddThis Advanced Settings generic via filter on the_content --><!-- AddThis Share Buttons generic via filter on the_content -->","protected":false},"excerpt":{"rendered":"<div class=\"mh-excerpt\"><p>Click Here for English Iniciativas: Biblioteca Comunit\u00e1ria, Mem\u00f3rias do Cerro Cor\u00e1, e Pr\u00e9-Vestibular Popular Cerro Cor\u00e1 Contato: Facebook:\u00a0Cerro Cor\u00e1 Moradores em Movimento,\u00a0Mem\u00f3rias do Cerro Cor\u00e1,\u00a0Pr\u00e9-Vestibular Popular Cerro Cor\u00e1\u00a0| Email Ano de Funda\u00e7\u00e3o: 2013 Comunidade: Cerro <a class=\"mh-excerpt-more\" href=\"https:\/\/rioonwatch.org.br\/?p=31315\" title=\"Cerro Cor\u00e1 Moradores em Movimento #RedeFavelaSustent\u00e1vel [PERFIL]\">[&#8230;]<\/a><!-- AddThis Advanced Settings generic via filter on get_the_excerpt --><!-- AddThis Share Buttons generic via filter on get_the_excerpt --><\/p>\n<\/div>","protected":false},"author":129,"featured_media":31317,"comment_status":"closed","ping_status":"closed","sticky":false,"template":"","format":"standard","meta":{"_acf_changed":false,"_monsterinsights_skip_tracking":false,"_monsterinsights_sitenote_active":false,"_monsterinsights_sitenote_note":"","_monsterinsights_sitenote_category":0,"footnotes":""},"categories":[1621,1629,1626,1388,1616,1612,342,1639],"tags":[2402,1005,1014,513,2070,550,316,514,128,419,469,2188,758,2074,900,562,2037,383],"writer":[2198],"translator":[1503],"source":[],"ilustrador":[],"fotografo":[],"class_list":{"0":"post-31315","1":"post","2":"type-post","3":"status-publish","4":"format-standard","5":"has-post-thumbnail","7":"category-destaque","8":"category-entrevistas-e-perfis","9":"category-por-observadores-internacionais","10":"category-formas-de-apoiar","11":"category-qualidades-da-favela","12":"category-sociedade-civil","13":"category-solucoes","14":"category-sustentabilidade","15":"tag-acesso-a-universidade","16":"tag-biblioteca","17":"tag-cerro-cora","18":"tag-cultura-afro-brasileira","19":"tag-direito-a-educacao","20":"tag-direito-a-terra","21":"tag-educacao","22":"tag-escravidao","23":"tag-historia","24":"tag-igreja","25":"tag-memoria","26":"tag-museologia-social","27":"tag-orgulho-comunitario","28":"tag-rede-favela-sustentavel","29":"tag-titulacao-de-terras","30":"tag-trafico-de-drogas","31":"tag-uerj","32":"tag-zona-sul","33":"writer-lucas-smolcic-larson","34":"translator-ana-lidia-guerrero"},"acf":[],"yoast_head":"<!-- This site is optimized with the Yoast SEO plugin v25.6 - https:\/\/yoast.com\/wordpress\/plugins\/seo\/ -->\n<title>Cerro Cor\u00e1 Moradores em Movimento #RedeFavelaSustent\u00e1vel [PERFIL] - RioOnWatch<\/title>\n<meta name=\"robots\" content=\"index, follow, max-snippet:-1, max-image-preview:large, max-video-preview:-1\" \/>\n<link rel=\"canonical\" href=\"https:\/\/rioonwatch.org.br\/?p=31315\" \/>\n<meta property=\"og:locale\" content=\"pt_BR\" \/>\n<meta property=\"og:type\" content=\"article\" \/>\n<meta property=\"og:title\" content=\"Cerro Cor\u00e1 Moradores em Movimento #RedeFavelaSustent\u00e1vel [PERFIL] - RioOnWatch\" \/>\n<meta property=\"og:description\" content=\"Click Here for English Iniciativas: Biblioteca Comunit\u00e1ria, Mem\u00f3rias do Cerro Cor\u00e1, e Pr\u00e9-Vestibular Popular Cerro Cor\u00e1 Contato: Facebook:\u00a0Cerro Cor\u00e1 Moradores em Movimento,\u00a0Mem\u00f3rias do Cerro Cor\u00e1,\u00a0Pr\u00e9-Vestibular Popular Cerro Cor\u00e1\u00a0| Email Ano de Funda\u00e7\u00e3o: 2013 Comunidade: Cerro [...]\" \/>\n<meta property=\"og:url\" content=\"https:\/\/rioonwatch.org.br\/?p=31315\" \/>\n<meta property=\"og:site_name\" content=\"RioOnWatch\" \/>\n<meta property=\"article:published_time\" content=\"2018-02-22T16:32:25+00:00\" \/>\n<meta property=\"article:modified_time\" content=\"2018-07-24T18:40:43+00:00\" \/>\n<meta property=\"og:image\" content=\"https:\/\/rioonwatch.org.br\/wp-content\/uploads\/2018\/02\/Cerro-Cor\u00e1-scaled.jpg\" \/>\n\t<meta property=\"og:image:width\" content=\"2560\" \/>\n\t<meta property=\"og:image:height\" content=\"1254\" \/>\n\t<meta property=\"og:image:type\" content=\"image\/jpeg\" \/>\n<meta name=\"author\" content=\"Admin\" \/>\n<meta name=\"twitter:card\" content=\"summary_large_image\" \/>\n<meta name=\"twitter:label1\" content=\"Escrito por\" \/>\n\t<meta name=\"twitter:data1\" content=\"Admin\" \/>\n\t<meta name=\"twitter:label2\" content=\"Est. tempo de leitura\" \/>\n\t<meta name=\"twitter:data2\" content=\"8 minutos\" \/>\n<script type=\"application\/ld+json\" class=\"yoast-schema-graph\">{\"@context\":\"https:\/\/schema.org\",\"@graph\":[{\"@type\":\"Article\",\"@id\":\"https:\/\/rioonwatch.org.br\/?p=31315#article\",\"isPartOf\":{\"@id\":\"https:\/\/rioonwatch.org.br\/?p=31315\"},\"author\":{\"name\":\"Admin\",\"@id\":\"https:\/\/rioonwatch.org.br\/#\/schema\/person\/11d64c290506f9df50c71b850c473f68\"},\"headline\":\"Cerro Cor\u00e1 Moradores em Movimento #RedeFavelaSustent\u00e1vel [PERFIL]\",\"datePublished\":\"2018-02-22T16:32:25+00:00\",\"dateModified\":\"2018-07-24T18:40:43+00:00\",\"mainEntityOfPage\":{\"@id\":\"https:\/\/rioonwatch.org.br\/?p=31315\"},\"wordCount\":1614,\"publisher\":{\"@id\":\"https:\/\/rioonwatch.org.br\/#organization\"},\"image\":{\"@id\":\"https:\/\/rioonwatch.org.br\/?p=31315#primaryimage\"},\"thumbnailUrl\":\"https:\/\/rioonwatch.org.br\/wp-content\/uploads\/2018\/02\/Cerro-Cor\u00e1-scaled.jpg\",\"keywords\":[\"acesso \u00e0 universidade\",\"Bibliotecas\",\"Cerro Cor\u00e1\",\"Cultura Afro-brasileira\",\"direito \u00e0 educa\u00e7\u00e3o\",\"direito \u00e0 terra\",\"educa\u00e7\u00e3o\",\"escravid\u00e3o\",\"hist\u00f3ria\",\"igreja\",\"Mem\u00f3rias Faveladas\",\"museologia social\",\"orgulho comunit\u00e1rio\",\"Perfis Integrantes da Rede Favela Sustent\u00e1vel\",\"titula\u00e7\u00e3o de terras\",\"tr\u00e1fico de drogas\",\"UERJ\",\"Zona Sul\"],\"articleSection\":[\"*Destaque\",\"Entrevistas e Perfis\",\"Escrito por Aliados\",\"Formas de Apoiar\",\"Qualidades da Favela\",\"Sociedade Civil\",\"Solu\u00e7\u00f5es\",\"Sustentabilidade\"],\"inLanguage\":\"pt-BR\"},{\"@type\":\"WebPage\",\"@id\":\"https:\/\/rioonwatch.org.br\/?p=31315\",\"url\":\"https:\/\/rioonwatch.org.br\/?p=31315\",\"name\":\"Cerro Cor\u00e1 Moradores em Movimento #RedeFavelaSustent\u00e1vel [PERFIL] - RioOnWatch\",\"isPartOf\":{\"@id\":\"https:\/\/rioonwatch.org.br\/#website\"},\"primaryImageOfPage\":{\"@id\":\"https:\/\/rioonwatch.org.br\/?p=31315#primaryimage\"},\"image\":{\"@id\":\"https:\/\/rioonwatch.org.br\/?p=31315#primaryimage\"},\"thumbnailUrl\":\"https:\/\/rioonwatch.org.br\/wp-content\/uploads\/2018\/02\/Cerro-Cor\u00e1-scaled.jpg\",\"datePublished\":\"2018-02-22T16:32:25+00:00\",\"dateModified\":\"2018-07-24T18:40:43+00:00\",\"breadcrumb\":{\"@id\":\"https:\/\/rioonwatch.org.br\/?p=31315#breadcrumb\"},\"inLanguage\":\"pt-BR\",\"potentialAction\":[{\"@type\":\"ReadAction\",\"target\":[\"https:\/\/rioonwatch.org.br\/?p=31315\"]}]},{\"@type\":\"ImageObject\",\"inLanguage\":\"pt-BR\",\"@id\":\"https:\/\/rioonwatch.org.br\/?p=31315#primaryimage\",\"url\":\"https:\/\/rioonwatch.org.br\/wp-content\/uploads\/2018\/02\/Cerro-Cor\u00e1-scaled.jpg\",\"contentUrl\":\"https:\/\/rioonwatch.org.br\/wp-content\/uploads\/2018\/02\/Cerro-Cor\u00e1-scaled.jpg\",\"width\":2560,\"height\":1254},{\"@type\":\"BreadcrumbList\",\"@id\":\"https:\/\/rioonwatch.org.br\/?p=31315#breadcrumb\",\"itemListElement\":[{\"@type\":\"ListItem\",\"position\":1,\"name\":\"In\u00edcio\",\"item\":\"https:\/\/rioonwatch.org.br\/\"},{\"@type\":\"ListItem\",\"position\":2,\"name\":\"Cerro Cor\u00e1 Moradores em Movimento #RedeFavelaSustent\u00e1vel [PERFIL]\"}]},{\"@type\":\"WebSite\",\"@id\":\"https:\/\/rioonwatch.org.br\/#website\",\"url\":\"https:\/\/rioonwatch.org.br\/\",\"name\":\"RioOnWatch\",\"description\":\"relatos das favelas cariocas\",\"publisher\":{\"@id\":\"https:\/\/rioonwatch.org.br\/#organization\"},\"potentialAction\":[{\"@type\":\"SearchAction\",\"target\":{\"@type\":\"EntryPoint\",\"urlTemplate\":\"https:\/\/rioonwatch.org.br\/?s={search_term_string}\"},\"query-input\":{\"@type\":\"PropertyValueSpecification\",\"valueRequired\":true,\"valueName\":\"search_term_string\"}}],\"inLanguage\":\"pt-BR\"},{\"@type\":\"Organization\",\"@id\":\"https:\/\/rioonwatch.org.br\/#organization\",\"name\":\"RioOnWatch\",\"url\":\"https:\/\/rioonwatch.org.br\/\",\"logo\":{\"@type\":\"ImageObject\",\"inLanguage\":\"pt-BR\",\"@id\":\"https:\/\/rioonwatch.org.br\/#\/schema\/logo\/image\/\",\"url\":\"https:\/\/rioonwatch.org.br\/wp-content\/uploads\/2021\/06\/RioOnWatchcabecalhoPT11anos-2.png\",\"contentUrl\":\"https:\/\/rioonwatch.org.br\/wp-content\/uploads\/2021\/06\/RioOnWatchcabecalhoPT11anos-2.png\",\"width\":779,\"height\":277,\"caption\":\"RioOnWatch\"},\"image\":{\"@id\":\"https:\/\/rioonwatch.org.br\/#\/schema\/logo\/image\/\"}},{\"@type\":\"Person\",\"@id\":\"https:\/\/rioonwatch.org.br\/#\/schema\/person\/11d64c290506f9df50c71b850c473f68\",\"name\":\"Admin\",\"image\":{\"@type\":\"ImageObject\",\"inLanguage\":\"pt-BR\",\"@id\":\"https:\/\/rioonwatch.org.br\/#\/schema\/person\/image\/\",\"url\":\"https:\/\/secure.gravatar.com\/avatar\/56211ac74568383903349a1485e3c325?s=96&d=blank&r=g\",\"contentUrl\":\"https:\/\/secure.gravatar.com\/avatar\/56211ac74568383903349a1485e3c325?s=96&d=blank&r=g\",\"caption\":\"Admin\"},\"url\":\"https:\/\/rioonwatch.org.br\/?author=129\"}]}<\/script>\n<!-- \/ Yoast SEO plugin. -->","yoast_head_json":{"title":"Cerro Cor\u00e1 Moradores em Movimento #RedeFavelaSustent\u00e1vel [PERFIL] - RioOnWatch","robots":{"index":"index","follow":"follow","max-snippet":"max-snippet:-1","max-image-preview":"max-image-preview:large","max-video-preview":"max-video-preview:-1"},"canonical":"https:\/\/rioonwatch.org.br\/?p=31315","og_locale":"pt_BR","og_type":"article","og_title":"Cerro Cor\u00e1 Moradores em Movimento #RedeFavelaSustent\u00e1vel [PERFIL] - RioOnWatch","og_description":"Click Here for English Iniciativas: Biblioteca Comunit\u00e1ria, Mem\u00f3rias do Cerro Cor\u00e1, e Pr\u00e9-Vestibular Popular Cerro Cor\u00e1 Contato: Facebook:\u00a0Cerro Cor\u00e1 Moradores em Movimento,\u00a0Mem\u00f3rias do Cerro Cor\u00e1,\u00a0Pr\u00e9-Vestibular Popular Cerro Cor\u00e1\u00a0| Email Ano de Funda\u00e7\u00e3o: 2013 Comunidade: Cerro [...]","og_url":"https:\/\/rioonwatch.org.br\/?p=31315","og_site_name":"RioOnWatch","article_published_time":"2018-02-22T16:32:25+00:00","article_modified_time":"2018-07-24T18:40:43+00:00","og_image":[{"width":2560,"height":1254,"url":"https:\/\/rioonwatch.org.br\/wp-content\/uploads\/2018\/02\/Cerro-Cor\u00e1-scaled.jpg","type":"image\/jpeg"}],"author":"Admin","twitter_card":"summary_large_image","twitter_misc":{"Escrito por":"Admin","Est. tempo de leitura":"8 minutos"},"schema":{"@context":"https:\/\/schema.org","@graph":[{"@type":"Article","@id":"https:\/\/rioonwatch.org.br\/?p=31315#article","isPartOf":{"@id":"https:\/\/rioonwatch.org.br\/?p=31315"},"author":{"name":"Admin","@id":"https:\/\/rioonwatch.org.br\/#\/schema\/person\/11d64c290506f9df50c71b850c473f68"},"headline":"Cerro Cor\u00e1 Moradores em Movimento #RedeFavelaSustent\u00e1vel [PERFIL]","datePublished":"2018-02-22T16:32:25+00:00","dateModified":"2018-07-24T18:40:43+00:00","mainEntityOfPage":{"@id":"https:\/\/rioonwatch.org.br\/?p=31315"},"wordCount":1614,"publisher":{"@id":"https:\/\/rioonwatch.org.br\/#organization"},"image":{"@id":"https:\/\/rioonwatch.org.br\/?p=31315#primaryimage"},"thumbnailUrl":"https:\/\/rioonwatch.org.br\/wp-content\/uploads\/2018\/02\/Cerro-Cor\u00e1-scaled.jpg","keywords":["acesso \u00e0 universidade","Bibliotecas","Cerro Cor\u00e1","Cultura Afro-brasileira","direito \u00e0 educa\u00e7\u00e3o","direito \u00e0 terra","educa\u00e7\u00e3o","escravid\u00e3o","hist\u00f3ria","igreja","Mem\u00f3rias Faveladas","museologia social","orgulho comunit\u00e1rio","Perfis Integrantes da Rede Favela Sustent\u00e1vel","titula\u00e7\u00e3o de terras","tr\u00e1fico de drogas","UERJ","Zona Sul"],"articleSection":["*Destaque","Entrevistas e Perfis","Escrito por Aliados","Formas de Apoiar","Qualidades da Favela","Sociedade Civil","Solu\u00e7\u00f5es","Sustentabilidade"],"inLanguage":"pt-BR"},{"@type":"WebPage","@id":"https:\/\/rioonwatch.org.br\/?p=31315","url":"https:\/\/rioonwatch.org.br\/?p=31315","name":"Cerro Cor\u00e1 Moradores em Movimento #RedeFavelaSustent\u00e1vel [PERFIL] - RioOnWatch","isPartOf":{"@id":"https:\/\/rioonwatch.org.br\/#website"},"primaryImageOfPage":{"@id":"https:\/\/rioonwatch.org.br\/?p=31315#primaryimage"},"image":{"@id":"https:\/\/rioonwatch.org.br\/?p=31315#primaryimage"},"thumbnailUrl":"https:\/\/rioonwatch.org.br\/wp-content\/uploads\/2018\/02\/Cerro-Cor\u00e1-scaled.jpg","datePublished":"2018-02-22T16:32:25+00:00","dateModified":"2018-07-24T18:40:43+00:00","breadcrumb":{"@id":"https:\/\/rioonwatch.org.br\/?p=31315#breadcrumb"},"inLanguage":"pt-BR","potentialAction":[{"@type":"ReadAction","target":["https:\/\/rioonwatch.org.br\/?p=31315"]}]},{"@type":"ImageObject","inLanguage":"pt-BR","@id":"https:\/\/rioonwatch.org.br\/?p=31315#primaryimage","url":"https:\/\/rioonwatch.org.br\/wp-content\/uploads\/2018\/02\/Cerro-Cor\u00e1-scaled.jpg","contentUrl":"https:\/\/rioonwatch.org.br\/wp-content\/uploads\/2018\/02\/Cerro-Cor\u00e1-scaled.jpg","width":2560,"height":1254},{"@type":"BreadcrumbList","@id":"https:\/\/rioonwatch.org.br\/?p=31315#breadcrumb","itemListElement":[{"@type":"ListItem","position":1,"name":"In\u00edcio","item":"https:\/\/rioonwatch.org.br\/"},{"@type":"ListItem","position":2,"name":"Cerro Cor\u00e1 Moradores em Movimento #RedeFavelaSustent\u00e1vel [PERFIL]"}]},{"@type":"WebSite","@id":"https:\/\/rioonwatch.org.br\/#website","url":"https:\/\/rioonwatch.org.br\/","name":"RioOnWatch","description":"relatos das favelas cariocas","publisher":{"@id":"https:\/\/rioonwatch.org.br\/#organization"},"potentialAction":[{"@type":"SearchAction","target":{"@type":"EntryPoint","urlTemplate":"https:\/\/rioonwatch.org.br\/?s={search_term_string}"},"query-input":{"@type":"PropertyValueSpecification","valueRequired":true,"valueName":"search_term_string"}}],"inLanguage":"pt-BR"},{"@type":"Organization","@id":"https:\/\/rioonwatch.org.br\/#organization","name":"RioOnWatch","url":"https:\/\/rioonwatch.org.br\/","logo":{"@type":"ImageObject","inLanguage":"pt-BR","@id":"https:\/\/rioonwatch.org.br\/#\/schema\/logo\/image\/","url":"https:\/\/rioonwatch.org.br\/wp-content\/uploads\/2021\/06\/RioOnWatchcabecalhoPT11anos-2.png","contentUrl":"https:\/\/rioonwatch.org.br\/wp-content\/uploads\/2021\/06\/RioOnWatchcabecalhoPT11anos-2.png","width":779,"height":277,"caption":"RioOnWatch"},"image":{"@id":"https:\/\/rioonwatch.org.br\/#\/schema\/logo\/image\/"}},{"@type":"Person","@id":"https:\/\/rioonwatch.org.br\/#\/schema\/person\/11d64c290506f9df50c71b850c473f68","name":"Admin","image":{"@type":"ImageObject","inLanguage":"pt-BR","@id":"https:\/\/rioonwatch.org.br\/#\/schema\/person\/image\/","url":"https:\/\/secure.gravatar.com\/avatar\/56211ac74568383903349a1485e3c325?s=96&d=blank&r=g","contentUrl":"https:\/\/secure.gravatar.com\/avatar\/56211ac74568383903349a1485e3c325?s=96&d=blank&r=g","caption":"Admin"},"url":"https:\/\/rioonwatch.org.br\/?author=129"}]}},"_links":{"self":[{"href":"https:\/\/rioonwatch.org.br\/index.php?rest_route=\/wp\/v2\/posts\/31315"}],"collection":[{"href":"https:\/\/rioonwatch.org.br\/index.php?rest_route=\/wp\/v2\/posts"}],"about":[{"href":"https:\/\/rioonwatch.org.br\/index.php?rest_route=\/wp\/v2\/types\/post"}],"author":[{"embeddable":true,"href":"https:\/\/rioonwatch.org.br\/index.php?rest_route=\/wp\/v2\/users\/129"}],"replies":[{"embeddable":true,"href":"https:\/\/rioonwatch.org.br\/index.php?rest_route=%2Fwp%2Fv2%2Fcomments&post=31315"}],"version-history":[{"count":34,"href":"https:\/\/rioonwatch.org.br\/index.php?rest_route=\/wp\/v2\/posts\/31315\/revisions"}],"predecessor-version":[{"id":34913,"href":"https:\/\/rioonwatch.org.br\/index.php?rest_route=\/wp\/v2\/posts\/31315\/revisions\/34913"}],"wp:featuredmedia":[{"embeddable":true,"href":"https:\/\/rioonwatch.org.br\/index.php?rest_route=\/wp\/v2\/media\/31317"}],"wp:attachment":[{"href":"https:\/\/rioonwatch.org.br\/index.php?rest_route=%2Fwp%2Fv2%2Fmedia&parent=31315"}],"wp:term":[{"taxonomy":"category","embeddable":true,"href":"https:\/\/rioonwatch.org.br\/index.php?rest_route=%2Fwp%2Fv2%2Fcategories&post=31315"},{"taxonomy":"post_tag","embeddable":true,"href":"https:\/\/rioonwatch.org.br\/index.php?rest_route=%2Fwp%2Fv2%2Ftags&post=31315"},{"taxonomy":"writer","embeddable":true,"href":"https:\/\/rioonwatch.org.br\/index.php?rest_route=%2Fwp%2Fv2%2Fwriter&post=31315"},{"taxonomy":"translator","embeddable":true,"href":"https:\/\/rioonwatch.org.br\/index.php?rest_route=%2Fwp%2Fv2%2Ftranslator&post=31315"},{"taxonomy":"source","embeddable":true,"href":"https:\/\/rioonwatch.org.br\/index.php?rest_route=%2Fwp%2Fv2%2Fsource&post=31315"},{"taxonomy":"ilustrador","embeddable":true,"href":"https:\/\/rioonwatch.org.br\/index.php?rest_route=%2Fwp%2Fv2%2Filustrador&post=31315"},{"taxonomy":"fotografo","embeddable":true,"href":"https:\/\/rioonwatch.org.br\/index.php?rest_route=%2Fwp%2Fv2%2Ffotografo&post=31315"}],"curies":[{"name":"wp","href":"https:\/\/api.w.org\/{rel}","templated":true}]}}