{"id":31352,"date":"2018-03-01T16:44:57","date_gmt":"2018-03-01T19:44:57","guid":{"rendered":"http:\/\/rioonwatch.org.br\/?p=31352"},"modified":"2018-04-04T12:02:20","modified_gmt":"2018-04-04T15:02:20","slug":"negocio-criativo-diferencial-que-movimenta-empreendedorismo-na-mare","status":"publish","type":"post","link":"https:\/\/rioonwatch.org.br\/?p=31352","title":{"rendered":"Neg\u00f3cio Criativo: Diferencial que Movimenta Empreendedorismo na Mar\u00e9"},"content":{"rendered":"<p style=\"text-align: right;\"><em><strong><a href=\"http:\/\/bit.ly\/2IoRLZ1\" target=\"_blank\" rel=\"noopener noreferrer\">Click Here for English<img decoding=\"async\" width=\"20\" height=\"20\" class=\"alignright wp-image-15790\" src=\"http:\/\/rioonwatch.org.br\/wp-content\/uploads\/2012\/08\/EN-standard-e1439583104716.jpg\" \/><\/a><\/strong><\/em><\/p>\n<p><span style=\"font-weight: 400;\">Nas favelas do Rio de Janeiro, moradores empreendendo com o pr\u00f3prio neg\u00f3cio suprem as necessidades locais de seus vizinhos. S\u00f3 no conjunto de favelas da <a href=\"http:\/\/bit.ly\/10BvARw\" target=\"_blank\" rel=\"noopener\">Mar\u00e9<\/a>, s\u00e3o <a href=\"http:\/\/bit.ly\/2FBUbmE\" target=\"_blank\" rel=\"noopener\">mais de 140.000 pessoas divididas em 17 favelas<\/a>. Cada uma dessas favelas tem seu com\u00e9rcio de pequeno e m\u00e9dio porte centralizado nas ruas principais, al\u00e9m das chamadas \u201ctendinhas\u201d espalhadas pelos becos e vielas. H\u00e1 quem trabalhe sozinho na pr\u00f3pria casa e tenha apenas uma placa pendurada na porta, como costureiras e sapateiros, por exemplo.<\/span><\/p>\n<p><span style=\"font-weight: 400;\">E essa <a href=\"http:\/\/bit.ly\/1thvCMW\" target=\"_blank\" rel=\"noopener\">informalidade<\/a> nos neg\u00f3cios tem impacto direto na economia nacional: <a href=\"http:\/\/bit.ly\/2EQYL2v\" target=\"_blank\" rel=\"noopener\">R$12,3 bilh\u00f5es s\u00e3o movimentados todos os anos<\/a> por moradores de favelas da cidade, segundo pesquisa do Instituto Data Popular em 2014.<\/span><\/p>\n<p><a href=\"http:\/\/rioonwatch.org.br\/wp-content\/uploads\/2018\/02\/Loja-de-pipas-na-Mar\u00e9.jpg\"><img fetchpriority=\"high\" decoding=\"async\" class=\"aligncenter wp-image-31461 size-content\" title=\"Tenda de pipas na Mar\u00e9. Guia de Empreendedores | Foto: Elis\u00e2ngela Leite\" src=\"http:\/\/rioonwatch.org.br\/wp-content\/uploads\/2018\/02\/Loja-de-pipas-na-Mar\u00e9-620x264.jpg\" alt=\"\" width=\"620\" height=\"264\" srcset=\"https:\/\/rioonwatch.org.br\/wp-content\/uploads\/2018\/02\/Loja-de-pipas-na-Mar\u00e9-620x264.jpg 620w, https:\/\/rioonwatch.org.br\/wp-content\/uploads\/2018\/02\/Loja-de-pipas-na-Mar\u00e9-940x400.jpg 940w\" sizes=\"(max-width: 620px) 100vw, 620px\" \/><\/a><\/p>\n<p><span style=\"font-weight: 400;\">Um desses profissionais \u00e9 <a href=\"http:\/\/bit.ly\/2GV21r2\" target=\"_blank\" rel=\"noopener\">Simone Lauar<\/a>, 40 anos, moradora do <a href=\"http:\/\/bit.ly\/2F4H5gM\" target=\"_blank\" rel=\"noopener\">Salsa e Merengue<\/a> e vegetariana, encontrou uma forma de ter seu pr\u00f3prio neg\u00f3cio aumentando sua renda familiar enquanto melhora a qualidade de vida das pessoas. Ela cozinha e prepara pratos saud\u00e1veis na casa de clientes e vende por um pre\u00e7o baixo. Um aprendizado compartilhado: incentiva h\u00e1bitos saud\u00e1veis porque os vive. Ela emagreceu com sua mudan\u00e7a de vida e em paralelo, pretende continuar expandindo seu neg\u00f3cio. \u201cBusco clientes e dou alternativas mais baratas para que as pessoas possam comer comida saud\u00e1vel sem pesar no bolso\u201d, conta ela que vive uma rotina de trabalho diferente dos cozinheiros tradicionais.<\/span><\/p>\n<p><span style=\"font-weight: 400;\">Como moradora, n\u00e3o v\u00ea dificuldades em manter seu empreendimento, que se baseia<\/span><span style=\"font-weight: 400;\"> em seu produto feito de forma artesanal, com receitas exclusivas e sua fama pelo bairro. <\/span><span style=\"font-weight: 400;\">Assim como o servi\u00e7o de Simone, outros 3.000 empreendimentos locais existem na Mar\u00e9. Estas iniciativas <a href=\"http:\/\/bit.ly\/29hcGep\" target=\"_blank\" rel=\"noopener\">geram mais de 9.000 empregos<\/a> para moradores do territ\u00f3rio e de outros locais tamb\u00e9m, segundo o Censo de Empreendimentos Econ\u00f4micos da Mar\u00e9.<\/span><\/p>\n<p><span style=\"font-weight: 400;\">Uma das iniciativas n\u00e3o contabilizadas, mas que faz sucesso na Mar\u00e9 \u00e9 a dupla <a href=\"http:\/\/bit.ly\/2oiW8fL\" target=\"_blank\" rel=\"noopener\">Alves Fotografia<\/a>, que j\u00e1 coleciona cinco anos de experi\u00eancia mesmo com fot\u00f3grafas t\u00e3o jovens: Giselle Alves, 25 e Isabelle Alves, 22 anos. Elas realizam ensaios fotogr\u00e1ficos de rec\u00e9m-nascidos e crian\u00e7as pequenas e cobram um pre\u00e7o justo e acess\u00edvel. \u201cFotografamos com muito amor e isso faz com que queiramos levar o nosso trabalho ao alcance de todos\u201d, conta.<\/span><\/p>\n<p><span style=\"font-weight: 400;\">Nessa trajet\u00f3ria, elas trazem provas de que todo sonho se constr\u00f3i com esfor\u00e7o e que \u00e9 preciso arriscar a cada desafio. \u201cNo come\u00e7o era um improviso total, t\u00ednhamos apenas alguns acess\u00f3rios e uma placa de madeira retirada de um m\u00f3vel velho, cabos de luz pendurados em vassouras para ilumina\u00e7\u00e3o e j\u00e1 conquist\u00e1vamos clientes. Cada click \u00e9 um pedacinho do nosso sonho se realizando&#8221;.<\/span><\/p>\n<p><a href=\"http:\/\/rioonwatch.org.br\/wp-content\/uploads\/2018\/02\/Giselle-Isabelle3-1.jpg\"><img decoding=\"async\" class=\"aligncenter wp-image-31468 size-content\" title=\"A dupla Alves Fotografia - Giselle Alves e Isabelle Alves\" src=\"http:\/\/rioonwatch.org.br\/wp-content\/uploads\/2018\/02\/Giselle-Isabelle3-1-620x264.jpg\" alt=\"\" width=\"620\" height=\"264\" srcset=\"https:\/\/rioonwatch.org.br\/wp-content\/uploads\/2018\/02\/Giselle-Isabelle3-1-620x264.jpg 620w, https:\/\/rioonwatch.org.br\/wp-content\/uploads\/2018\/02\/Giselle-Isabelle3-1-940x400.jpg 940w\" sizes=\"(max-width: 620px) 100vw, 620px\" \/><\/a><\/p>\n<h3><b>Transformar desafios em oportunidades <\/b><\/h3>\n<p><span style=\"font-weight: 400;\">Segundo a Analista do Sebrae, Fabiana Xavier Ramos, o principal motivo para moradores da Mar\u00e9 e de outras favelas, como <a href=\"http:\/\/bit.ly\/10BzE4e\" target=\"_blank\" rel=\"noopener\">Cidade de Deus<\/a>, <a href=\"http:\/\/bit.ly\/16w2zz1\" target=\"_blank\" rel=\"noopener\">Rocinha<\/a> e <a href=\"http:\/\/bit.ly\/U0MiGm\" target=\"_blank\" rel=\"noopener\">Alem\u00e3o<\/a>, criarem novos empreendimentos \u00e9 a necessidade, por\u00e9m &#8220;o ramo no qual o morador empreender\u00e1 tem rela\u00e7\u00e3o com suas habilidades e experi\u00eancias anteriores&#8221;, conta ela. Fabiana percebe isso ao implementar o projeto <a href=\"http:\/\/bit.ly\/2BUhngn\" target=\"_blank\" rel=\"noopener\">Empreendedorismo em Comunidades<\/a>, que capacita pessoas em territ\u00f3rios populares para aprender sobre gest\u00e3o financeira, venda, marketing, entre outros temas. A atua\u00e7\u00e3o do programa \u00e9 feita de acordo com o mapeamento e percep\u00e7\u00e3o de que h\u00e1 uma economia local aquecida, essa que historicamente se mant\u00e9m por necessidade e criatividade. <\/span><\/p>\n<p><span style=\"font-weight: 400;\">No caminho da informalidade, existem dificuldades: no trabalho aut\u00f4nomo, sem v\u00ednculo com a CLT, n\u00e3o h\u00e1 remunera\u00e7\u00e3o nas f\u00e9rias, horas extras, 13\u00ba sal\u00e1rio, fundo de garantia do tempo de servi\u00e7o (FGTS) ou at\u00e9 mesmo direito \u00e0 aposentadoria. Por\u00e9m, houve um <a href=\"http:\/\/bit.ly\/2ovAUfz\" target=\"_blank\" rel=\"noopener\">crescimento do setor informal<\/a> com o atual cen\u00e1rio da crise econ\u00f4mica. O setor informal acaba sendo um amortecedor econ\u00f4mico fundamental em momentos de crise.<\/span><\/p>\n<p><span style=\"font-weight: 400;\">E ainda mais, com a reforma trabalhista, aprovada\u00a0pelo Congresso Nacional&#8211;em vigor desde novembro de 2017&#8211;o trabalhador formal <a href=\"http:\/\/bit.ly\/2oAUnKU\" target=\"_blank\" rel=\"noopener\">ficou fragilizado<\/a>, por ter\u00a0<a href=\"http:\/\/bit.ly\/2GPxavU\" target=\"_blank\" rel=\"noopener\">direitos suprimidos<\/a>.\u00a0Neste cen\u00e1rio, a pr\u00e1tica empreendedora de favela que deixou de ser amadora h\u00e1 muito tempo, faz com que os profissionais do setor informal desconfiem cada vez mais do trabalho formal.<\/span><\/p>\n<p><em>A jornalista\u00a0comunit\u00e1ria\u00a0<a href=\"http:\/\/bit.ly\/1RLfvW3\" target=\"_blank\" rel=\"noopener\" data-saferedirecturl=\"https:\/\/www.google.com\/url?hl=en&amp;q=http:\/\/bit.ly\/1RLfvW3&amp;source=gmail&amp;ust=1520020709810000&amp;usg=AFQjCNEkzFhTghz5eRPWXzEoor-t2HezHw\">Tha\u00eds Cavalcante<\/a>\u00a0foi nascida e criada na Nova Holanda, uma das favelas da Mar\u00e9. Ao atuar como comunicadora comunit\u00e1ria em sua comunidade, decidiu cursar jornalismo na universidade e acredita no poder da informa\u00e7\u00e3o para mudar para melhor sua realidade.<\/em><\/p>\n<!-- AddThis Advanced Settings generic via filter on the_content --><!-- AddThis Share Buttons generic via filter on the_content -->","protected":false},"excerpt":{"rendered":"<div class=\"mh-excerpt\"><p>Click Here for English Nas favelas do Rio de Janeiro, moradores empreendendo com o pr\u00f3prio neg\u00f3cio suprem as necessidades locais de seus vizinhos. S\u00f3 no conjunto de favelas da Mar\u00e9, s\u00e3o mais de 140.000 pessoas <a class=\"mh-excerpt-more\" href=\"https:\/\/rioonwatch.org.br\/?p=31352\" title=\"Neg\u00f3cio Criativo: Diferencial que Movimenta Empreendedorismo na Mar\u00e9\">[&#8230;]<\/a><!-- AddThis Advanced Settings generic via filter on get_the_excerpt --><!-- AddThis Share Buttons generic via filter on get_the_excerpt --><\/p>\n<\/div>","protected":false},"author":129,"featured_media":31460,"comment_status":"closed","ping_status":"closed","sticky":false,"template":"","format":"standard","meta":{"_acf_changed":false,"_monsterinsights_skip_tracking":false,"_monsterinsights_sitenote_active":false,"_monsterinsights_sitenote_note":"","_monsterinsights_sitenote_category":0,"footnotes":""},"categories":[1621,1615,1631,1625,1616,342],"tags":[299,554,698,506,332,217,421,687,731,1103,574,2072,16,2290,2183,1347,578,218],"writer":[1294],"translator":[],"source":[],"ilustrador":[],"fotografo":[],"class_list":{"0":"post-31352","1":"post","2":"type-post","3":"status-publish","4":"format-standard","5":"has-post-thumbnail","7":"category-destaque","8":"category-cultura-da-favela","9":"category-entendendo-o-rio","10":"category-por-correspondentes-comunitarios","11":"category-qualidades-da-favela","12":"category-solucoes","13":"tag-alimentacao","14":"tag-cidade-de-deus","15":"tag-comercio-comunitario","16":"tag-comercio-local","17":"tag-complexo-da-mare","18":"tag-complexo-do-alemao","19":"tag-cultura-da-favela","20":"tag-economia","21":"tag-empreendedorismo","22":"tag-informalidade","23":"tag-microempreendedor","24":"tag-qualidades-da-informalidade","25":"tag-rocinha","26":"tag-salsa-e-merengue","27":"tag-sebrae","28":"tag-solucao","29":"tag-trabalho-e-renda","30":"tag-zona-norte","31":"writer-thais-cavalcante"},"acf":[],"yoast_head":"<!-- This site is optimized with the Yoast SEO plugin v25.6 - https:\/\/yoast.com\/wordpress\/plugins\/seo\/ -->\n<title>Neg\u00f3cio Criativo: Diferencial que Movimenta Empreendedorismo na Mar\u00e9 - RioOnWatch<\/title>\n<meta name=\"robots\" content=\"index, follow, max-snippet:-1, max-image-preview:large, max-video-preview:-1\" \/>\n<link rel=\"canonical\" href=\"https:\/\/rioonwatch.org.br\/?p=31352\" \/>\n<meta property=\"og:locale\" content=\"pt_BR\" \/>\n<meta property=\"og:type\" content=\"article\" \/>\n<meta property=\"og:title\" content=\"Neg\u00f3cio Criativo: Diferencial que Movimenta Empreendedorismo na Mar\u00e9 - RioOnWatch\" \/>\n<meta property=\"og:description\" content=\"Click Here for English Nas favelas do Rio de Janeiro, moradores empreendendo com o pr\u00f3prio neg\u00f3cio suprem as necessidades locais de seus vizinhos. S\u00f3 no conjunto de favelas da Mar\u00e9, s\u00e3o mais de 140.000 pessoas [...]\" \/>\n<meta property=\"og:url\" content=\"https:\/\/rioonwatch.org.br\/?p=31352\" \/>\n<meta property=\"og:site_name\" content=\"RioOnWatch\" \/>\n<meta property=\"article:published_time\" content=\"2018-03-01T19:44:57+00:00\" \/>\n<meta property=\"article:modified_time\" content=\"2018-04-04T15:02:20+00:00\" \/>\n<meta property=\"og:image\" content=\"https:\/\/rioonwatch.org.br\/wp-content\/uploads\/2018\/02\/bastidores-ensaio-newborn-1ok.jpg\" \/>\n\t<meta property=\"og:image:width\" content=\"1080\" \/>\n\t<meta property=\"og:image:height\" content=\"1012\" \/>\n\t<meta property=\"og:image:type\" content=\"image\/jpeg\" \/>\n<meta name=\"author\" content=\"Admin\" \/>\n<meta name=\"twitter:card\" content=\"summary_large_image\" \/>\n<meta name=\"twitter:label1\" content=\"Escrito por\" \/>\n\t<meta name=\"twitter:data1\" content=\"Admin\" \/>\n\t<meta name=\"twitter:label2\" content=\"Est. tempo de leitura\" \/>\n\t<meta name=\"twitter:data2\" content=\"4 minutos\" \/>\n<script type=\"application\/ld+json\" class=\"yoast-schema-graph\">{\"@context\":\"https:\/\/schema.org\",\"@graph\":[{\"@type\":\"Article\",\"@id\":\"https:\/\/rioonwatch.org.br\/?p=31352#article\",\"isPartOf\":{\"@id\":\"https:\/\/rioonwatch.org.br\/?p=31352\"},\"author\":{\"name\":\"Admin\",\"@id\":\"https:\/\/rioonwatch.org.br\/#\/schema\/person\/11d64c290506f9df50c71b850c473f68\"},\"headline\":\"Neg\u00f3cio Criativo: Diferencial que Movimenta Empreendedorismo na Mar\u00e9\",\"datePublished\":\"2018-03-01T19:44:57+00:00\",\"dateModified\":\"2018-04-04T15:02:20+00:00\",\"mainEntityOfPage\":{\"@id\":\"https:\/\/rioonwatch.org.br\/?p=31352\"},\"wordCount\":751,\"publisher\":{\"@id\":\"https:\/\/rioonwatch.org.br\/#organization\"},\"image\":{\"@id\":\"https:\/\/rioonwatch.org.br\/?p=31352#primaryimage\"},\"thumbnailUrl\":\"https:\/\/rioonwatch.org.br\/wp-content\/uploads\/2018\/02\/bastidores-ensaio-newborn-1ok.jpg\",\"keywords\":[\"alimenta\u00e7\u00e3o\",\"Cidade de Deus\",\"com\u00e9rcio comunit\u00e1rio\",\"com\u00e9rcio local\",\"Complexo da Mar\u00e9\",\"Complexo do Alem\u00e3o\",\"cultura da favela\",\"economia\",\"empreendedorismo\",\"informalidade\",\"microempreendedor\",\"qualidades da informalidade\",\"Rocinha\",\"Salsa e Merengue\",\"Sebrae\",\"solu\u00e7\u00e3o\",\"Trabalho e renda\",\"Zona Norte\"],\"articleSection\":[\"*Destaque\",\"Cultura da Favela\",\"Entendendo o Rio\",\"Escrito por Comunicadores Populares\",\"Qualidades da Favela\",\"Solu\u00e7\u00f5es\"],\"inLanguage\":\"pt-BR\"},{\"@type\":\"WebPage\",\"@id\":\"https:\/\/rioonwatch.org.br\/?p=31352\",\"url\":\"https:\/\/rioonwatch.org.br\/?p=31352\",\"name\":\"Neg\u00f3cio Criativo: Diferencial que Movimenta Empreendedorismo na Mar\u00e9 - RioOnWatch\",\"isPartOf\":{\"@id\":\"https:\/\/rioonwatch.org.br\/#website\"},\"primaryImageOfPage\":{\"@id\":\"https:\/\/rioonwatch.org.br\/?p=31352#primaryimage\"},\"image\":{\"@id\":\"https:\/\/rioonwatch.org.br\/?p=31352#primaryimage\"},\"thumbnailUrl\":\"https:\/\/rioonwatch.org.br\/wp-content\/uploads\/2018\/02\/bastidores-ensaio-newborn-1ok.jpg\",\"datePublished\":\"2018-03-01T19:44:57+00:00\",\"dateModified\":\"2018-04-04T15:02:20+00:00\",\"breadcrumb\":{\"@id\":\"https:\/\/rioonwatch.org.br\/?p=31352#breadcrumb\"},\"inLanguage\":\"pt-BR\",\"potentialAction\":[{\"@type\":\"ReadAction\",\"target\":[\"https:\/\/rioonwatch.org.br\/?p=31352\"]}]},{\"@type\":\"ImageObject\",\"inLanguage\":\"pt-BR\",\"@id\":\"https:\/\/rioonwatch.org.br\/?p=31352#primaryimage\",\"url\":\"https:\/\/rioonwatch.org.br\/wp-content\/uploads\/2018\/02\/bastidores-ensaio-newborn-1ok.jpg\",\"contentUrl\":\"https:\/\/rioonwatch.org.br\/wp-content\/uploads\/2018\/02\/bastidores-ensaio-newborn-1ok.jpg\",\"width\":1080,\"height\":1012},{\"@type\":\"BreadcrumbList\",\"@id\":\"https:\/\/rioonwatch.org.br\/?p=31352#breadcrumb\",\"itemListElement\":[{\"@type\":\"ListItem\",\"position\":1,\"name\":\"In\u00edcio\",\"item\":\"https:\/\/rioonwatch.org.br\/\"},{\"@type\":\"ListItem\",\"position\":2,\"name\":\"Neg\u00f3cio Criativo: Diferencial que Movimenta Empreendedorismo na Mar\u00e9\"}]},{\"@type\":\"WebSite\",\"@id\":\"https:\/\/rioonwatch.org.br\/#website\",\"url\":\"https:\/\/rioonwatch.org.br\/\",\"name\":\"RioOnWatch\",\"description\":\"relatos das favelas cariocas\",\"publisher\":{\"@id\":\"https:\/\/rioonwatch.org.br\/#organization\"},\"potentialAction\":[{\"@type\":\"SearchAction\",\"target\":{\"@type\":\"EntryPoint\",\"urlTemplate\":\"https:\/\/rioonwatch.org.br\/?s={search_term_string}\"},\"query-input\":{\"@type\":\"PropertyValueSpecification\",\"valueRequired\":true,\"valueName\":\"search_term_string\"}}],\"inLanguage\":\"pt-BR\"},{\"@type\":\"Organization\",\"@id\":\"https:\/\/rioonwatch.org.br\/#organization\",\"name\":\"RioOnWatch\",\"url\":\"https:\/\/rioonwatch.org.br\/\",\"logo\":{\"@type\":\"ImageObject\",\"inLanguage\":\"pt-BR\",\"@id\":\"https:\/\/rioonwatch.org.br\/#\/schema\/logo\/image\/\",\"url\":\"https:\/\/rioonwatch.org.br\/wp-content\/uploads\/2021\/06\/RioOnWatchcabecalhoPT11anos-2.png\",\"contentUrl\":\"https:\/\/rioonwatch.org.br\/wp-content\/uploads\/2021\/06\/RioOnWatchcabecalhoPT11anos-2.png\",\"width\":779,\"height\":277,\"caption\":\"RioOnWatch\"},\"image\":{\"@id\":\"https:\/\/rioonwatch.org.br\/#\/schema\/logo\/image\/\"}},{\"@type\":\"Person\",\"@id\":\"https:\/\/rioonwatch.org.br\/#\/schema\/person\/11d64c290506f9df50c71b850c473f68\",\"name\":\"Admin\",\"image\":{\"@type\":\"ImageObject\",\"inLanguage\":\"pt-BR\",\"@id\":\"https:\/\/rioonwatch.org.br\/#\/schema\/person\/image\/\",\"url\":\"https:\/\/secure.gravatar.com\/avatar\/56211ac74568383903349a1485e3c325?s=96&d=blank&r=g\",\"contentUrl\":\"https:\/\/secure.gravatar.com\/avatar\/56211ac74568383903349a1485e3c325?s=96&d=blank&r=g\",\"caption\":\"Admin\"},\"url\":\"https:\/\/rioonwatch.org.br\/?author=129\"}]}<\/script>\n<!-- \/ Yoast SEO plugin. -->","yoast_head_json":{"title":"Neg\u00f3cio Criativo: Diferencial que Movimenta Empreendedorismo na Mar\u00e9 - RioOnWatch","robots":{"index":"index","follow":"follow","max-snippet":"max-snippet:-1","max-image-preview":"max-image-preview:large","max-video-preview":"max-video-preview:-1"},"canonical":"https:\/\/rioonwatch.org.br\/?p=31352","og_locale":"pt_BR","og_type":"article","og_title":"Neg\u00f3cio Criativo: Diferencial que Movimenta Empreendedorismo na Mar\u00e9 - RioOnWatch","og_description":"Click Here for English Nas favelas do Rio de Janeiro, moradores empreendendo com o pr\u00f3prio neg\u00f3cio suprem as necessidades locais de seus vizinhos. S\u00f3 no conjunto de favelas da Mar\u00e9, s\u00e3o mais de 140.000 pessoas [...]","og_url":"https:\/\/rioonwatch.org.br\/?p=31352","og_site_name":"RioOnWatch","article_published_time":"2018-03-01T19:44:57+00:00","article_modified_time":"2018-04-04T15:02:20+00:00","og_image":[{"width":1080,"height":1012,"url":"https:\/\/rioonwatch.org.br\/wp-content\/uploads\/2018\/02\/bastidores-ensaio-newborn-1ok.jpg","type":"image\/jpeg"}],"author":"Admin","twitter_card":"summary_large_image","twitter_misc":{"Escrito por":"Admin","Est. tempo de leitura":"4 minutos"},"schema":{"@context":"https:\/\/schema.org","@graph":[{"@type":"Article","@id":"https:\/\/rioonwatch.org.br\/?p=31352#article","isPartOf":{"@id":"https:\/\/rioonwatch.org.br\/?p=31352"},"author":{"name":"Admin","@id":"https:\/\/rioonwatch.org.br\/#\/schema\/person\/11d64c290506f9df50c71b850c473f68"},"headline":"Neg\u00f3cio Criativo: Diferencial que Movimenta Empreendedorismo na Mar\u00e9","datePublished":"2018-03-01T19:44:57+00:00","dateModified":"2018-04-04T15:02:20+00:00","mainEntityOfPage":{"@id":"https:\/\/rioonwatch.org.br\/?p=31352"},"wordCount":751,"publisher":{"@id":"https:\/\/rioonwatch.org.br\/#organization"},"image":{"@id":"https:\/\/rioonwatch.org.br\/?p=31352#primaryimage"},"thumbnailUrl":"https:\/\/rioonwatch.org.br\/wp-content\/uploads\/2018\/02\/bastidores-ensaio-newborn-1ok.jpg","keywords":["alimenta\u00e7\u00e3o","Cidade de Deus","com\u00e9rcio comunit\u00e1rio","com\u00e9rcio local","Complexo da Mar\u00e9","Complexo do Alem\u00e3o","cultura da favela","economia","empreendedorismo","informalidade","microempreendedor","qualidades da informalidade","Rocinha","Salsa e Merengue","Sebrae","solu\u00e7\u00e3o","Trabalho e renda","Zona Norte"],"articleSection":["*Destaque","Cultura da Favela","Entendendo o Rio","Escrito por Comunicadores Populares","Qualidades da Favela","Solu\u00e7\u00f5es"],"inLanguage":"pt-BR"},{"@type":"WebPage","@id":"https:\/\/rioonwatch.org.br\/?p=31352","url":"https:\/\/rioonwatch.org.br\/?p=31352","name":"Neg\u00f3cio Criativo: Diferencial que Movimenta Empreendedorismo na Mar\u00e9 - RioOnWatch","isPartOf":{"@id":"https:\/\/rioonwatch.org.br\/#website"},"primaryImageOfPage":{"@id":"https:\/\/rioonwatch.org.br\/?p=31352#primaryimage"},"image":{"@id":"https:\/\/rioonwatch.org.br\/?p=31352#primaryimage"},"thumbnailUrl":"https:\/\/rioonwatch.org.br\/wp-content\/uploads\/2018\/02\/bastidores-ensaio-newborn-1ok.jpg","datePublished":"2018-03-01T19:44:57+00:00","dateModified":"2018-04-04T15:02:20+00:00","breadcrumb":{"@id":"https:\/\/rioonwatch.org.br\/?p=31352#breadcrumb"},"inLanguage":"pt-BR","potentialAction":[{"@type":"ReadAction","target":["https:\/\/rioonwatch.org.br\/?p=31352"]}]},{"@type":"ImageObject","inLanguage":"pt-BR","@id":"https:\/\/rioonwatch.org.br\/?p=31352#primaryimage","url":"https:\/\/rioonwatch.org.br\/wp-content\/uploads\/2018\/02\/bastidores-ensaio-newborn-1ok.jpg","contentUrl":"https:\/\/rioonwatch.org.br\/wp-content\/uploads\/2018\/02\/bastidores-ensaio-newborn-1ok.jpg","width":1080,"height":1012},{"@type":"BreadcrumbList","@id":"https:\/\/rioonwatch.org.br\/?p=31352#breadcrumb","itemListElement":[{"@type":"ListItem","position":1,"name":"In\u00edcio","item":"https:\/\/rioonwatch.org.br\/"},{"@type":"ListItem","position":2,"name":"Neg\u00f3cio Criativo: Diferencial que Movimenta Empreendedorismo na Mar\u00e9"}]},{"@type":"WebSite","@id":"https:\/\/rioonwatch.org.br\/#website","url":"https:\/\/rioonwatch.org.br\/","name":"RioOnWatch","description":"relatos das favelas cariocas","publisher":{"@id":"https:\/\/rioonwatch.org.br\/#organization"},"potentialAction":[{"@type":"SearchAction","target":{"@type":"EntryPoint","urlTemplate":"https:\/\/rioonwatch.org.br\/?s={search_term_string}"},"query-input":{"@type":"PropertyValueSpecification","valueRequired":true,"valueName":"search_term_string"}}],"inLanguage":"pt-BR"},{"@type":"Organization","@id":"https:\/\/rioonwatch.org.br\/#organization","name":"RioOnWatch","url":"https:\/\/rioonwatch.org.br\/","logo":{"@type":"ImageObject","inLanguage":"pt-BR","@id":"https:\/\/rioonwatch.org.br\/#\/schema\/logo\/image\/","url":"https:\/\/rioonwatch.org.br\/wp-content\/uploads\/2021\/06\/RioOnWatchcabecalhoPT11anos-2.png","contentUrl":"https:\/\/rioonwatch.org.br\/wp-content\/uploads\/2021\/06\/RioOnWatchcabecalhoPT11anos-2.png","width":779,"height":277,"caption":"RioOnWatch"},"image":{"@id":"https:\/\/rioonwatch.org.br\/#\/schema\/logo\/image\/"}},{"@type":"Person","@id":"https:\/\/rioonwatch.org.br\/#\/schema\/person\/11d64c290506f9df50c71b850c473f68","name":"Admin","image":{"@type":"ImageObject","inLanguage":"pt-BR","@id":"https:\/\/rioonwatch.org.br\/#\/schema\/person\/image\/","url":"https:\/\/secure.gravatar.com\/avatar\/56211ac74568383903349a1485e3c325?s=96&d=blank&r=g","contentUrl":"https:\/\/secure.gravatar.com\/avatar\/56211ac74568383903349a1485e3c325?s=96&d=blank&r=g","caption":"Admin"},"url":"https:\/\/rioonwatch.org.br\/?author=129"}]}},"_links":{"self":[{"href":"https:\/\/rioonwatch.org.br\/index.php?rest_route=\/wp\/v2\/posts\/31352"}],"collection":[{"href":"https:\/\/rioonwatch.org.br\/index.php?rest_route=\/wp\/v2\/posts"}],"about":[{"href":"https:\/\/rioonwatch.org.br\/index.php?rest_route=\/wp\/v2\/types\/post"}],"author":[{"embeddable":true,"href":"https:\/\/rioonwatch.org.br\/index.php?rest_route=\/wp\/v2\/users\/129"}],"replies":[{"embeddable":true,"href":"https:\/\/rioonwatch.org.br\/index.php?rest_route=%2Fwp%2Fv2%2Fcomments&post=31352"}],"version-history":[{"count":31,"href":"https:\/\/rioonwatch.org.br\/index.php?rest_route=\/wp\/v2\/posts\/31352\/revisions"}],"predecessor-version":[{"id":32183,"href":"https:\/\/rioonwatch.org.br\/index.php?rest_route=\/wp\/v2\/posts\/31352\/revisions\/32183"}],"wp:featuredmedia":[{"embeddable":true,"href":"https:\/\/rioonwatch.org.br\/index.php?rest_route=\/wp\/v2\/media\/31460"}],"wp:attachment":[{"href":"https:\/\/rioonwatch.org.br\/index.php?rest_route=%2Fwp%2Fv2%2Fmedia&parent=31352"}],"wp:term":[{"taxonomy":"category","embeddable":true,"href":"https:\/\/rioonwatch.org.br\/index.php?rest_route=%2Fwp%2Fv2%2Fcategories&post=31352"},{"taxonomy":"post_tag","embeddable":true,"href":"https:\/\/rioonwatch.org.br\/index.php?rest_route=%2Fwp%2Fv2%2Ftags&post=31352"},{"taxonomy":"writer","embeddable":true,"href":"https:\/\/rioonwatch.org.br\/index.php?rest_route=%2Fwp%2Fv2%2Fwriter&post=31352"},{"taxonomy":"translator","embeddable":true,"href":"https:\/\/rioonwatch.org.br\/index.php?rest_route=%2Fwp%2Fv2%2Ftranslator&post=31352"},{"taxonomy":"source","embeddable":true,"href":"https:\/\/rioonwatch.org.br\/index.php?rest_route=%2Fwp%2Fv2%2Fsource&post=31352"},{"taxonomy":"ilustrador","embeddable":true,"href":"https:\/\/rioonwatch.org.br\/index.php?rest_route=%2Fwp%2Fv2%2Filustrador&post=31352"},{"taxonomy":"fotografo","embeddable":true,"href":"https:\/\/rioonwatch.org.br\/index.php?rest_route=%2Fwp%2Fv2%2Ffotografo&post=31352"}],"curies":[{"name":"wp","href":"https:\/\/api.w.org\/{rel}","templated":true}]}}