{"id":31443,"date":"2018-02-27T12:02:28","date_gmt":"2018-02-27T15:02:28","guid":{"rendered":"http:\/\/rioonwatch.org.br\/?p=31443"},"modified":"2018-07-18T18:36:23","modified_gmt":"2018-07-18T21:36:23","slug":"o-que-esperar-da-politica-brasileira-em-2018-parte-3-seguranca-publica-e-intervencao","status":"publish","type":"post","link":"https:\/\/rioonwatch.org.br\/?p=31443","title":{"rendered":"O Que Esperar da Pol\u00edtica Brasileira em 2018? Parte 3: Seguran\u00e7a P\u00fablica e Interven\u00e7\u00e3o"},"content":{"rendered":"<p style=\"text-align: right;\"><em><strong><a href=\"http:\/\/bit.ly\/2FbDxtg\" target=\"_blank\" rel=\"noopener noreferrer\">Click Here for English<img decoding=\"async\" width=\"20\" height=\"20\" class=\"alignright wp-image-15790\" src=\"http:\/\/rioonwatch.org.br\/wp-content\/uploads\/2012\/08\/EN-standard-e1439583104716.jpg\" \/><\/a><\/strong><\/em><\/p>\n<p><i>Esta \u00e9 a terceira mat\u00e9ria de uma\u00a0<\/i><a href=\"http:\/\/bit.ly\/EleicoesRio2018\" target=\"_blank\" rel=\"noopener\"><i>s\u00e9rie<\/i><\/a><i>\u00a0sobre o cen\u00e1rio pol\u00edtico brasileiro para 2018.<\/i><\/p>\n<p>No dia 16 de fevereiro o governo federal autorizou uma chamada interven\u00e7\u00e3o federal, de car\u00e1ter militar, no Rio de Janeiro, at\u00e9 o dia 31 de dezembro desse ano. A atua\u00e7\u00e3o de militares na seguran\u00e7a p\u00fablica do Rio n\u00e3o \u00e9 novidade. As <a href=\"https:\/\/glo.bo\/2EVLsL5\" target=\"_blank\" rel=\"noopener\">for\u00e7as armadas atuaram no Alem\u00e3o em 2010<\/a> como parte da estrat\u00e9gia que culminou na <a href=\"http:\/\/bit.ly\/R5ueio\" target=\"_blank\" rel=\"noopener\">Unidade de Pol\u00edcia Pacificadora<\/a> (UPP)\u00a0na comunidade, atuaram na cidade durante os megaeventos, e\u00a0<a href=\"https:\/\/glo.bo\/2sT3onW\" target=\"_blank\" rel=\"noopener\">atuaram por 14 meses na Mar\u00e9<\/a> entre 2014 e 2015 a um custo de R$600 milh\u00f5es.<\/p>\n<p>Al\u00e9m destes casos, nos dias que antecederam o carnaval de 2017 um contingente de 9.000 militares esteve nas ruas do Rio, solicitados pelo Governador Pez\u00e3o, que alegou \u201c<a href=\"https:\/\/glo.bo\/2CIxWbC\" target=\"_blank\" rel=\"noopener\">necessidade por conta do aumento no n\u00famero de pessoas na cidade<\/a>\u201d.\u00a0J\u00e1 em julho de 2017 o ent\u00e3o ministro da defesa, <a href=\"http:\/\/bit.ly\/2Fy9mgX\" target=\"_blank\" rel=\"noopener\">Raul Jungmann<\/a>, havia anunciado que as for\u00e7as armadas iriam \u201c<a href=\"https:\/\/glo.bo\/2Clix5J\" target=\"_blank\" rel=\"noopener\">ajudar na seguran\u00e7a p\u00fablica<\/a>\u201d no Rio at\u00e9 o final de 2018. Em setembro e outubro, moradores da Rocinha tiveram que conviver com repetidas ocupa\u00e7\u00f5es por parte do ex\u00e9rcito, que <a href=\"http:\/\/bit.ly\/2F44Vws\" target=\"_blank\" rel=\"noopener\">se estendeu at\u00e9 quatro favelas na Baixada<\/a>. Em novembro, uma opera\u00e7\u00e3o do Ex\u00e9rcito com a Pol\u00edcia Civil culminou na <a href=\"http:\/\/bit.ly\/2oqQvwY\" target=\"_blank\" rel=\"noopener\">chacina de oito pessoas<\/a>\u00a0no Complexo do Salgueiro, em <a href=\"http:\/\/bit.ly\/1Iuqpxq\" target=\"_blank\" rel=\"noopener\">S\u00e3o Gon\u00e7alo<\/a>. Em janeiro desse ano, cerca de 3.000 militares se somaram aos policiais em uma <a href=\"http:\/\/bit.ly\/2DRYBVV\" target=\"_blank\" rel=\"noopener\">a\u00e7\u00e3o conjunta no Jacarezinho<\/a> que durou mais de uma semana.<\/p>\n<p><a href=\"http:\/\/rioonwatch.org.br\/wp-content\/uploads\/2018\/02\/ex\u00e9rcito.jpg\"><img fetchpriority=\"high\" decoding=\"async\" class=\"aligncenter wp-image-31477 size-full\" title=\"Ex\u00e9rcito em uma favela do Rio. Foto: Luciano Belford\/Agif\/Estad\u00e3o Conte\u00fado\" src=\"http:\/\/rioonwatch.org.br\/wp-content\/uploads\/2018\/02\/ex\u00e9rcito.jpg\" alt=\"\" width=\"615\" height=\"300\" srcset=\"https:\/\/rioonwatch.org.br\/wp-content\/uploads\/2018\/02\/ex\u00e9rcito.jpg 615w, https:\/\/rioonwatch.org.br\/wp-content\/uploads\/2018\/02\/ex\u00e9rcito-541x264.jpg 541w\" sizes=\"(max-width: 615px) 100vw, 615px\" \/><\/a><\/p>\n<p>Diferente das decis\u00f5es anteriores, no entanto, a autoriza\u00e7\u00e3o de interven\u00e7\u00e3o torna a possibilidade de a\u00e7\u00e3o das for\u00e7as armadas cont\u00ednua e n\u00e3o pontual. Cada atua\u00e7\u00e3o n\u00e3o precisa de um decreto presidencial para acionar o dispositivo de <a href=\"http:\/\/bit.ly\/2oyqbA1\" target=\"_blank\" rel=\"noopener\">Garantia da Lei e da Ordem (GLO)<\/a>, mecanismo da constitui\u00e7\u00e3o que permite a\u00e7\u00e3o das for\u00e7as armadas para apoiar a seguran\u00e7a p\u00fablica em caso de agravamento da inseguran\u00e7a e insufici\u00eancia das for\u00e7as policias. A partir desse decreto, n\u00e3o s\u00f3 a execu\u00e7\u00e3o, mas o planejamento da seguran\u00e7a p\u00fablica do Estado do Rio de Janeiro passam a estar subordinados ao <a href=\"http:\/\/bit.ly\/2BSiKfl\" target=\"_blank\" rel=\"noopener\">General Walter Souza Braga Netto<\/a>, interventor federal que responde diretamente ao presidente e que assume a Secretaria de Seguran\u00e7a do estado, as pol\u00edcias <a href=\"http:\/\/bit.ly\/1mtYvXK\" target=\"_blank\" rel=\"noopener\">Militar<\/a> e Civil, o Corpo de Bombeiros, a Administra\u00e7\u00e3o Penitenci\u00e1ria e inclusive aqueles <a href=\"http:\/\/bit.ly\/2HNJ9vA\" target=\"_blank\" rel=\"noopener\">encargos do governador que tenham rela\u00e7\u00e3o direta ou indireta com a seguran\u00e7a p\u00fablica<\/a>. A atua\u00e7\u00e3o das for\u00e7as armadas deixa, portanto, de estar subordinada ao governo do estado. E as normas estaduais que conflitem com medidas tomadas pelo interventor ficam sem efeito, de forma que os militares ter\u00e3o liberdade total de a\u00e7\u00e3o.<\/p>\n<p>Apesar de j\u00e1 ter sido aprovado pelo Congresso e j\u00e1 haverem tropas nas ruas (agindo na favela Kelson&#8217;s na <a href=\"http:\/\/bit.ly\/WximDf\" target=\"_blank\" rel=\"noopener\">Zona Norte<\/a>\u00a0e\u00a0<a href=\"http:\/\/bit.ly\/1g63Krv\" target=\"_blank\" rel=\"noopener\">Vila Kennedy<\/a>\u00a0na <a href=\"http:\/\/bit.ly\/11tBmFR\" target=\"_blank\" rel=\"noopener\">Zona Oeste<\/a>, al\u00e9m de uma a\u00e7\u00e3o na Penitenci\u00e1ria Milton Dias Moreira em <a href=\"http:\/\/bit.ly\/2ceVTuy\" target=\"_blank\" rel=\"noopener\">Japeri<\/a>), o pr\u00f3prio Braga Netto <a href=\"http:\/\/bit.ly\/2ovCywI\" target=\"_blank\" rel=\"noopener\">disse em sua primeira coletiva de imprensa<\/a> que ainda \u00e9 necess\u00e1rio fazer estudos e planejar a interven\u00e7\u00e3o.\u00a0Al\u00e9m da falta de planejamento, faltam dados que sustentem a necessidade da interven\u00e7\u00e3o. A interven\u00e7\u00e3o foi justificada com base em um suposto surto de viol\u00eancia durante o carnaval, ainda que a diretora do <a href=\"http:\/\/bit.ly\/18tND4S\" target=\"_blank\" rel=\"noopener\">Instituto de Seguran\u00e7a P\u00fablica<\/a> (ISP) tenha <a href=\"http:\/\/bit.ly\/2CjKKtE\" target=\"_blank\" rel=\"noopener\">desmentido tal surto<\/a>, atribuindo a sensa\u00e7\u00e3o de inseguran\u00e7a a uma <a href=\"http:\/\/bit.ly\/1ZVXkRS\" target=\"_blank\" rel=\"noopener\">narrativa alimentada pela grande m\u00eddia<\/a> que n\u00e3o \u00e9 refletida nos indicadores. A decis\u00e3o pela interven\u00e7\u00e3o nesses moldes \u00e9 in\u00e9dita desde a redemocratiza\u00e7\u00e3o do pa\u00eds, e teme-se que abra precedentes mais distantes para a atua\u00e7\u00e3o de militares em esferas al\u00e9m da seguran\u00e7a, e mais pr\u00f3ximos para o aprofundamento da militariza\u00e7\u00e3o e recrudescimento da viol\u00eancia.<\/p>\n<p><a href=\"http:\/\/rioonwatch.org.br\/wp-content\/uploads\/2018\/02\/braga-netto.jpeg\"><img decoding=\"async\" class=\"aligncenter wp-image-31476 size-content\" title=\"General Braga Netto. Foto: Marcelo Camargo\/Ag\u00eancia Brasil.\" src=\"http:\/\/rioonwatch.org.br\/wp-content\/uploads\/2018\/02\/braga-netto-620x264.jpeg\" alt=\"\" width=\"620\" height=\"264\" \/><\/a><\/p>\n<h3>Impacto para os moradores de favelas e periferias<\/h3>\n<p>A sensa\u00e7\u00e3o imediata de seguran\u00e7a, al\u00e9m de ser seletiva e <a href=\"http:\/\/bit.ly\/2ohg2b5\" target=\"_blank\" rel=\"noopener\">n\u00e3o resolver quest\u00f5es<\/a> mais profundas da pol\u00edtica de seguran\u00e7a como a <a href=\"http:\/\/bit.ly\/2BPRfmE\" target=\"_blank\" rel=\"noopener\">circula\u00e7\u00e3o de armas<\/a> e a pol\u00edtica de guerra \u00e0s drogas, vem \u00e0s custas da <a href=\"http:\/\/bit.ly\/2EWqxHY\" target=\"_blank\" rel=\"noopener\">inseguran\u00e7a de uma parcela significativa da popula\u00e7\u00e3o<\/a>: a negra e favelada. Se sob a a\u00e7\u00e3o da pol\u00edcia casas j\u00e1 eram invadidas sem mandados, pessoas eram presas arbitrariamente e inclusive desaparecidas, teme-se o que poder\u00e1 acontecer sob a a\u00e7\u00e3o das for\u00e7as armadas, treinadas para atuar em cen\u00e1rios de guerra. Mesmo antes da interven\u00e7\u00e3o entrar em vigor, moradores de favelas j\u00e1 est\u00e3o tendo suas liberdades violadas, como o direito de ir e vir. Na Vila Kennedy, militares j\u00e1 est\u00e3o realizando &#8220;fichamento&#8221; de moradores, tirando fotos de seus rostos e identidades, e <a href=\"http:\/\/bit.ly\/2EY4vaP\" target=\"_blank\" rel=\"noopener\">atrasando o seu deslocamento para o trabalho<\/a>.\u00a0Al\u00e9m disso, o ent\u00e3o Ministro da Defesa, Raul Jungmann, declarou que <a href=\"http:\/\/bit.ly\/2C6wjsF\" target=\"_blank\" rel=\"noopener\">seriam concedidos mandados coletivos de busca e apreens\u00e3o<\/a>, mandados esses que tratam todos os moradores como suspeitos e d\u00e3o carta branca para que os militares adentrem n\u00e3o uma casa espec\u00edfica sob suspeita, mas qualquer casa em uma rua, regi\u00e3o ou bairro, aprofundando a possibilidade de a\u00e7\u00f5es arbitr\u00e1rias e viola\u00e7\u00f5es de direitos.<\/p>\n<p>Al\u00e9m disso, h\u00e1 um potencial perigoso de que viola\u00e7\u00f5es contra a vida de moradores sejam tratadas com impunidade. Isso porque, diferente da pol\u00edcia, os homic\u00eddios causados por membros das for\u00e7as armadas passam a ser julgados pela Justi\u00e7a Militar, inclusive durante opera\u00e7\u00f5es de GLO e no cumprimento de atribui\u00e7\u00f5es estabelecidas pelo presidente da Rep\u00fablica, como prev\u00ea a Lei 13.491,\u00a0<a href=\"http:\/\/bit.ly\/2BTBcEi\" target=\"_blank\" rel=\"noopener\">aprovada em outubro do ano passado<\/a>, inicialmente concebida provisoriamente para cobrir os crimes dolosos que ocorressem durante os Jogos Ol\u00edmpicos. Mas \u00e9 preciso lembrar que n\u00e3o se tratam de homic\u00eddios em cen\u00e1rios de guerras internacionais, mas em um cen\u00e1rio urbano, cometidos contra a pr\u00f3pria popula\u00e7\u00e3o.\u00a0Diante desse cen\u00e1rio, os <a href=\"http:\/\/bit.ly\/2sTVACI\" target=\"_blank\" rel=\"noopener\">moradores est\u00e3o alertando uns aos outros<\/a> para n\u00e3o sa\u00edrem sem documentos, para carregarem nota fiscal das coisas que possuem, para preferirem guarda-chuvas pequenos e n\u00e3o longos que possam ser confundidos com armas de fogo.<\/p>\n<p><a href=\"http:\/\/rioonwatch.org.br\/wp-content\/uploads\/2018\/02\/danilo-verpa-folha-press.jpg\"><img loading=\"lazy\" decoding=\"async\" class=\"aligncenter wp-image-31475 size-content\" title=\"Policial confere RG de morador na Vila Kennedy. Foto: Danilo Verpa\/Folhapress.\" src=\"http:\/\/rioonwatch.org.br\/wp-content\/uploads\/2018\/02\/danilo-verpa-folha-press-615x264.jpg\" alt=\"\" width=\"615\" height=\"264\" \/><\/a><\/p>\n<p>&#8220;Precisamos de um discurso \u00fanico n\u00e3o contra a a\u00e7\u00e3o de ningu\u00e9m, mas em defesa dos direitos da favela. N\u00e3o podemos abrir m\u00e3o do direito de ir e vir&#8221;, disse <a href=\"http:\/\/bit.ly\/2F3BrPu\" target=\"_blank\" rel=\"noopener\">Itamar Silva<\/a>, ativista morador do\u00a0<a href=\"http:\/\/bit.ly\/YZD9al\" target=\"_blank\" rel=\"noopener\">Santa Marta<\/a>\u00a0e diretor do\u00a0iBase, <a href=\"http:\/\/bit.ly\/2Frat1L\" target=\"_blank\" rel=\"noopener\">durante um evento<\/a> organizado pela <a href=\"http:\/\/bit.ly\/2EO9BDg\" target=\"_blank\" rel=\"noopener\">Federa\u00e7\u00e3o das Associa\u00e7\u00f5es de Favelas do Rio de Janeiro<\/a>\u00a0(FAFERJ). Diante da percep\u00e7\u00e3o compartilhada de que existem nas favelas aqueles que s\u00e3o a favor da interven\u00e7\u00e3o, ele coloca o desafio para os ativistas de favelas: &#8220;Como eu dialogo com o meu vizinho, com quem eu cresci? Qual a narrativa que a gente vai disputar nos nossos territ\u00f3rios?&#8221;. A resposta parece passar por uma s\u00e9rie de a\u00e7\u00f5es propostas ao final do evento, que incluem a conscientiza\u00e7\u00e3o e informa\u00e7\u00e3o da popula\u00e7\u00e3o por meio de assembleias locais e do trabalho dos comunicadores populares. Al\u00e9m disso, tamb\u00e9m foram propostos o enfrentamento jur\u00eddico da interven\u00e7\u00e3o por meio de advogados populares, incluindo o combate ao mandato coletivo e a cria\u00e7\u00e3o de uma comiss\u00e3o para dialogar com o interventor, al\u00e9m da transforma\u00e7\u00e3o das UPPs em Unidades de Pol\u00edticas P\u00fablicas.<\/p>\n<p>Enquanto alguns moradores <a href=\"http:\/\/bit.ly\/2oySZIT\" target=\"_blank\" rel=\"noopener\">celebram a resposta en\u00e9rgica do governo federal<\/a> contra uma viol\u00eancia que sentem na pele, muitos mostram-se c\u00e9ticos n\u00e3o s\u00f3 quanto a quem se destina essa prote\u00e7\u00e3o, mas quanto ao pr\u00f3prio custo-benef\u00edcio das a\u00e7\u00f5es.\u00a0A <a href=\"http:\/\/bit.ly\/2Frat1L\" target=\"_blank\" rel=\"noopener\">FAFERJ clama<\/a> que os custos da interven\u00e7\u00e3o sejam reinvestidos na forma de &#8220;escolas e creches, hospitais, projetos de gera\u00e7\u00e3o de emprego e renda e pol\u00edticas sociais voltadas principalmente para juventude&#8221;, o que eles chamam de uma interven\u00e7\u00e3o social. Isso \u00e9 especialmente importante se considerarmos que os 14 meses de ocupa\u00e7\u00e3o do Ex\u00e9rcito na Mar\u00e9 custaram aos cofres p\u00fablicos R$600 milh\u00f5es, enquanto <a href=\"http:\/\/bit.ly\/2sSRzdZ\" target=\"_blank\" rel=\"noopener\">ao longo de 6 anos o investimento em projetos sociais na comunidade foi de apenas a metade<\/a>, R$300 milh\u00f5es.\u00a0&#8220;Precisamos de uma interven\u00e7\u00e3o que nos traga a vida e n\u00e3o a morte&#8221;, <a href=\"http:\/\/bit.ly\/2CdTKQT\" target=\"_blank\" rel=\"noopener\">diz a nota oficial<\/a> da FAFERJ.\u00a0&#8220;Isso tudo \u00e9 pra ingl\u00eas ver. Depois da elei\u00e7\u00e3o eles saem rapidinho. N\u00e3o precisa de interven\u00e7\u00e3o nenhuma pra que entrem nas nossas casas e atirem nos nossos filhos, a pol\u00edcia j\u00e1 faz isso&#8221;, disse uma moradora do <a href=\"http:\/\/bit.ly\/U0MiGm\" target=\"_blank\" rel=\"noopener\">Complexo do Alem\u00e3o<\/a> que preferiu n\u00e3o ser identificada.<\/p>\n<p><a href=\"http:\/\/rioonwatch.org.br\/wp-content\/uploads\/2018\/02\/faferj.jpg\"><img loading=\"lazy\" decoding=\"async\" class=\"aligncenter wp-image-31478 size-content\" title=\"Reuni\u00e3o na FAFERJ. Foto: FAFERJ.\" src=\"http:\/\/rioonwatch.org.br\/wp-content\/uploads\/2018\/02\/faferj-620x264.jpg\" alt=\"\" width=\"620\" height=\"264\" srcset=\"https:\/\/rioonwatch.org.br\/wp-content\/uploads\/2018\/02\/faferj-620x264.jpg 620w, https:\/\/rioonwatch.org.br\/wp-content\/uploads\/2018\/02\/faferj-940x400.jpg 940w\" sizes=\"(max-width: 620px) 100vw, 620px\" \/><\/a><\/p>\n<p>Para monitorar as a\u00e7\u00f5es das For\u00e7as Armadas e inibir essas viola\u00e7\u00f5es, est\u00e3o sendo criadas iniciativas como o <a href=\"http:\/\/bit.ly\/2ESReRB\" target=\"_blank\" rel=\"noopener\">Observat\u00f3rio da Interven\u00e7\u00e3o<\/a> do <a href=\"http:\/\/bit.ly\/2vt1taw\" target=\"_blank\" rel=\"noopener\">CESeC<\/a> (Centro de Estudos de Seguran\u00e7a e Cidadania), o <a href=\"http:\/\/bit.ly\/2GPkzZP\" target=\"_blank\" rel=\"noopener\">Observat\u00f3rio Jur\u00eddico<\/a>\u00a0da <a href=\"http:\/\/bit.ly\/2CoJRzW\" target=\"_blank\" rel=\"noopener\">OAB-RJ<\/a>, e o <a href=\"http:\/\/bit.ly\/2HN5yJq\" target=\"_blank\" rel=\"noopener\">Observat\u00f3rio Legislativo da Interven\u00e7\u00e3o Federal da Seguran\u00e7a P\u00fablica do Estado do Rio<\/a> (OLERJ), criado pelo presidente da C\u00e2mara dos Deputados, Rodrigo Maia, para garantir a transpar\u00eancia dos dados das a\u00e7\u00f5es no contexto da interven\u00e7\u00e3o. Quanto a esse \u00faltimo, no entanto, questiona-se a imparcialidade que ter\u00e1 para fazer den\u00fancias, visto que n\u00e3o ser\u00e1 uma entidade externa, mas composto por\u00a0servidores federais, al\u00e9m do que sua cria\u00e7\u00e3o precede um passo ainda mais imediato, que \u00e9 a apresenta\u00e7\u00e3o do planejamento da interven\u00e7\u00e3o.<\/p>\n<h3>Impacto para a pol\u00edtica e as elei\u00e7\u00f5es<\/h3>\n<p>H\u00e1 a percep\u00e7\u00e3o que a interven\u00e7\u00e3o federal \u00e9 a nova aposta de seguran\u00e7a p\u00fablica diante da fal\u00eancia das UPPs. A escolha pelo Rio de Janeiro (apesar de outros estados da federa\u00e7\u00e3o serem tamb\u00e9m palco de profundas inseguran\u00e7as, inclusive nas fronteiras, onde o emprego das for\u00e7as armadas \u00e9 justificado para controlar a entrada de armas e de drogas) pode ser atribu\u00edda a esse hist\u00f3rico de grandes projetos de seguran\u00e7a p\u00fablica, inclusive com a participa\u00e7\u00e3o das for\u00e7as armadas, e a sua proje\u00e7\u00e3o nacional e internacional, gra\u00e7as \u00e0 m\u00eddia.<\/p>\n<p>Para Michel Temer, que goza de baix\u00edssimos n\u00edveis de popularidade, a cria\u00e7\u00e3o de uma amea\u00e7a e a consequente oferta de uma resposta en\u00e9rgica \u00e0quele que \u00e9 visto como um dos principais problemas do pa\u00eds, o da seguran\u00e7a, \u00e9 uma manobra ousada que pode lhe garantir alguma legitima\u00e7\u00e3o. Al\u00e9m disso, desvia aten\u00e7\u00e3o de sua principal bandeira, a Reforma da Previd\u00eancia (que, diferente de uma interven\u00e7\u00e3o militar, \u00e9 extremamente impopular por mexer com as aposentadorias), ao mesmo tempo em que cria um mecanismo legal para que ela possa ser aprovada rapidamente. Isso porque n\u00e3o podem ser votadas emendas \u00e0 Constitui\u00e7\u00e3o enquanto um estado estiver sob interven\u00e7\u00e3o, mas Temer <a href=\"https:\/\/glo.bo\/2HPokjs\" target=\"_blank\" rel=\"noopener\">declarou que ir\u00e1 suspender o decreto da interven\u00e7\u00e3o<\/a> (mas na pr\u00e1tica continuar\u00e1 funcionado sob uma GLO) para que haja a vota\u00e7\u00e3o e, se aprovada, ser\u00e1 emitido um novo decreto de interven\u00e7\u00e3o, o que lhe dar\u00e1 tempo para articular o apoio a sua medida e poder para inviabilizar qualquer resist\u00eancia a ela depois de aprovada. Finalmente, a solu\u00e7\u00e3o militar pode ter o efeito de permitir que o candidato apoiado pelo governo atual\u00a0<a href=\"http:\/\/bit.ly\/2GMbMYI\" target=\"_blank\" rel=\"noopener\">capture o eleitorado potencial de Bolsonaro<\/a>, assumindo para si uma pauta de centro-direita em defesa da lei e da ordem.<\/p>\n<p>Ainda no \u00e2mbito federal, o planejamento da interven\u00e7\u00e3o j\u00e1 levou \u00e0 <a href=\"https:\/\/glo.bo\/2FxuP9G\" target=\"_blank\" rel=\"noopener\">cria\u00e7\u00e3o do Minist\u00e9rio da Seguran\u00e7a P\u00fablica<\/a>, sob a dire\u00e7\u00e3o de Raul Jungmann, at\u00e9 ent\u00e3o o Ministro da Defesa, \u00e0 frente das a\u00e7\u00f5es militares na cidade do Rio e 2017 e de um plano integrado de seguran\u00e7a p\u00fablica, <a href=\"https:\/\/glo.bo\/2ColTot\" target=\"_blank\" rel=\"noopener\">que seria\u00a0lan\u00e7ado no in\u00edcio do m\u00eas<\/a>, mas que n\u00e3o saiu do papel. O rec\u00e9m-criado minist\u00e9rio ser\u00e1 respons\u00e1vel pela integra\u00e7\u00e3o dos servi\u00e7os de seguran\u00e7a p\u00fablica e pelas <a href=\"http:\/\/bit.ly\/2HOfK4b\" target=\"_blank\" rel=\"noopener\">Pol\u00edcia Federal<\/a>, Pol\u00edcia Rodovi\u00e1ria Federal, Departamento Penitenci\u00e1rio Nacional e Secretaria Nacional de Seguran\u00e7a P\u00fablica, hoje subordinada ao Minist\u00e9rio da Justi\u00e7a. Assim, n\u00e3o se sobrepor\u00e1 \u00e0 atua\u00e7\u00e3o das Secretarias Estaduais de Seguran\u00e7a, que s\u00e3o respons\u00e1veis pelas pol\u00edcias militar e civil. O cargo que Jungmann deixa vago no Minist\u00e9rio da Defesa ser\u00e1 ocupado pelo General Joaquim Silva e Luna&#8211;<a href=\"http:\/\/bit.ly\/2CnoiPY\" target=\"_blank\" rel=\"noopener\">primeira vez que um militar assume o Minist\u00e9rio<\/a> desde sua cria\u00e7\u00e3o em 1999.<\/p>\n<p><a href=\"http:\/\/rioonwatch.org.br\/wp-content\/uploads\/2018\/02\/Jungmann.jpg\"><img loading=\"lazy\" decoding=\"async\" class=\"wp-image-31479 size-content aligncenter\" title=\"Jungmann assume Minist\u00e9rio da Seguran\u00e7a P\u00fablica. Foto: Fabio Motta\/Estad\u00e3o\" src=\"http:\/\/rioonwatch.org.br\/wp-content\/uploads\/2018\/02\/Jungmann-620x264.jpg\" alt=\"\" width=\"620\" height=\"264\" srcset=\"https:\/\/rioonwatch.org.br\/wp-content\/uploads\/2018\/02\/Jungmann-620x264.jpg 620w, https:\/\/rioonwatch.org.br\/wp-content\/uploads\/2018\/02\/Jungmann-940x400.jpg 940w\" sizes=\"(max-width: 620px) 100vw, 620px\" \/><\/a><\/p>\n<p>O tamb\u00e9m impopular governador do estado, Pez\u00e3o, respons\u00e1vel pelas pol\u00edticas de seguran\u00e7a p\u00fablica no Rio de Janeiro, a partir do decreto abre m\u00e3o de suas responsabilidades na \u00e1rea, delegando-as ao Ex\u00e9rcito, na esperan\u00e7a de que ela produza efeitos r\u00e1pidos. Assim, no curto prazo, deslocar\u00e1 a aten\u00e7\u00e3o dos erros de gest\u00e3o e gera governabilidade e, no longo prazo, poder\u00e1 garantir a sua reelei\u00e7\u00e3o. H\u00e1 ainda boatos que o pr\u00f3prio <a href=\"https:\/\/glo.bo\/2BRXF4H\" target=\"_blank\" rel=\"noopener\">Jungmann pretenda disputar o governo do estado<\/a>, de forma que o sucesso da interven\u00e7\u00e3o fortaleceria a sua candidatura<\/p>\n<p>J\u00e1 o Prefeito Marcelo Crivella&#8211;que estava ausente no momento da declara\u00e7\u00e3o da interven\u00e7\u00e3o <a href=\"http:\/\/bit.ly\/2FxAZGT\" target=\"_blank\" rel=\"noopener\">em uma miss\u00e3o na Europa<\/a> para buscar tecnologias de seguran\u00e7a (miss\u00e3o essa que foi desmentida), que <a href=\"https:\/\/glo.bo\/2EUDG8a\" target=\"_blank\" rel=\"noopener\">n\u00e3o compareceu \u00e0 reuni\u00e3o de cria\u00e7\u00e3o do OLERJ<\/a>, e para quem a <a href=\"http:\/\/bit.ly\/2tPJMzV\" target=\"_blank\" rel=\"noopener\">seguran\u00e7a p\u00fablica se faz na orla da cidade<\/a>\u00a0orientada para o turismo&#8211;poder\u00e1 tamb\u00e9m colher os frutos de um aumento na sensa\u00e7\u00e3o superficial de seguran\u00e7a, especialmente sentida nos bairros mais ricos da cidade. A interven\u00e7\u00e3o, no entanto, \u00e9 um plano para o estado do Rio de Janeiro, n\u00e3o para a cidade. Isso significa que, ao mesmo tempo que a atua\u00e7\u00e3o dos militares nos pontos mais abastados possa apenas deslocar a atividade criminal para outros munic\u00edpios, como aconteceu com as UPPs, h\u00e1 um potencial de a\u00e7\u00e3o truculenta das for\u00e7as armadas em locais para onde os olhos do p\u00fablico n\u00e3o se lan\u00e7am e que a m\u00eddia n\u00e3o noticia. Essas duas realidades t\u00eam potencial de se manifestar ainda mais cruelmente em munic\u00edpios como os da <a href=\"http:\/\/bit.ly\/1IgJzSA\" target=\"_blank\" rel=\"noopener\">Baixada<\/a> e em S\u00e3o Gon\u00e7alo, que j\u00e1 contam com <a href=\"http:\/\/bit.ly\/2uXyzh4\" target=\"_blank\" rel=\"noopener\">alt\u00edssimos \u00edndices de homic\u00eddio<\/a>.<\/p>\n<p><i>Esta \u00e9 a terceira mat\u00e9ria de uma\u00a0<\/i><a href=\"http:\/\/bit.ly\/EleicoesRio2018\" target=\"_blank\" rel=\"noopener\"><i>s\u00e9rie<\/i><\/a><i>\u00a0sobre o cen\u00e1rio pol\u00edtico brasileiro para 2018.<\/i><\/p>\n<!-- AddThis Advanced Settings generic via filter on the_content --><!-- AddThis Share Buttons generic via filter on the_content -->","protected":false},"excerpt":{"rendered":"<div class=\"mh-excerpt\"><p>Click Here for English Esta \u00e9 a terceira mat\u00e9ria de uma\u00a0s\u00e9rie\u00a0sobre o cen\u00e1rio pol\u00edtico brasileiro para 2018. No dia 16 de fevereiro o governo federal autorizou uma chamada interven\u00e7\u00e3o federal, de car\u00e1ter militar, no Rio <a class=\"mh-excerpt-more\" href=\"https:\/\/rioonwatch.org.br\/?p=31443\" title=\"O Que Esperar da Pol\u00edtica Brasileira em 2018? Parte 3: Seguran\u00e7a P\u00fablica e Interven\u00e7\u00e3o\">[&#8230;]<\/a><!-- AddThis Advanced Settings generic via filter on get_the_excerpt --><!-- AddThis Share Buttons generic via filter on get_the_excerpt --><\/p>\n<\/div>","protected":false},"author":152,"featured_media":31480,"comment_status":"closed","ping_status":"closed","sticky":false,"template":"","format":"standard","meta":{"_acf_changed":false,"_monsterinsights_skip_tracking":false,"_monsterinsights_sitenote_active":false,"_monsterinsights_sitenote_note":"","_monsterinsights_sitenote_category":0,"footnotes":""},"categories":[1632,1631,344,1620],"tags":[959,787,332,217,1239,1023,480,539,1512,1024,599,1584,1982,1833,1760,2151,1108,774,1511,231,2115,279,672,2273,92,544,52,218,184],"writer":[1994],"translator":[],"source":[],"ilustrador":[],"fotografo":[],"class_list":{"0":"post-31443","1":"post","2":"type-post","3":"status-publish","4":"format-standard","5":"has-post-thumbnail","7":"category-pesquisa-e-analise","8":"category-entendendo-o-rio","9":"category-politicas","10":"category-olhonaupp","11":"tag-baixada-fluminense","12":"tag-chacina","13":"tag-complexo-da-mare","14":"tag-complexo-do-alemao","15":"tag-criminalizacao-da-pobreza","16":"tag-ditadura-militar","17":"tag-eleitoreiro","18":"tag-faferj","19":"tag-governador-pezao","20":"tag-intimidacao-policial","21":"tag-jacarezinho","22":"tag-japeri","23":"tag-marcelo-crivella","24":"tag-michel-temer","25":"tag-narrativa-midiatica","26":"tag-oab","27":"tag-ocupacao-militar","28":"tag-policia-militar","29":"tag-politica-de-seguranca","30":"tag-sao-goncalo","31":"tag-secretaria-de-seguranca","32":"tag-seguranca","33":"tag-seguranca-publica","34":"tag-serie-monitoramento-2018","35":"tag-upp","36":"tag-vila-kennedy","37":"tag-violencia-policial","38":"tag-zona-norte","39":"tag-zona-oeste","40":"writer-luisa-fenizola"},"acf":[],"yoast_head":"<!-- This site is optimized with the Yoast SEO plugin v25.6 - https:\/\/yoast.com\/wordpress\/plugins\/seo\/ -->\n<title>O Que Esperar da Pol\u00edtica Brasileira em 2018? Parte 3: Seguran\u00e7a P\u00fablica e Interven\u00e7\u00e3o - RioOnWatch<\/title>\n<meta name=\"robots\" content=\"index, follow, max-snippet:-1, max-image-preview:large, max-video-preview:-1\" \/>\n<link rel=\"canonical\" href=\"https:\/\/rioonwatch.org.br\/?p=31443\" \/>\n<meta property=\"og:locale\" content=\"pt_BR\" \/>\n<meta property=\"og:type\" content=\"article\" \/>\n<meta property=\"og:title\" content=\"O Que Esperar da Pol\u00edtica Brasileira em 2018? Parte 3: Seguran\u00e7a P\u00fablica e Interven\u00e7\u00e3o - RioOnWatch\" \/>\n<meta property=\"og:description\" content=\"Click Here for English Esta \u00e9 a terceira mat\u00e9ria de uma\u00a0s\u00e9rie\u00a0sobre o cen\u00e1rio pol\u00edtico brasileiro para 2018. No dia 16 de fevereiro o governo federal autorizou uma chamada interven\u00e7\u00e3o federal, de car\u00e1ter militar, no Rio [...]\" \/>\n<meta property=\"og:url\" content=\"https:\/\/rioonwatch.org.br\/?p=31443\" \/>\n<meta property=\"og:site_name\" content=\"RioOnWatch\" \/>\n<meta property=\"article:published_time\" content=\"2018-02-27T15:02:28+00:00\" \/>\n<meta property=\"article:modified_time\" content=\"2018-07-18T21:36:23+00:00\" \/>\n<meta property=\"og:image\" content=\"https:\/\/rioonwatch.org.br\/wp-content\/uploads\/2018\/02\/Ex\u00e9rcito20no20Complexo20da20Mar\u00e9.jpg\" \/>\n\t<meta property=\"og:image:width\" content=\"640\" \/>\n\t<meta property=\"og:image:height\" content=\"399\" \/>\n\t<meta property=\"og:image:type\" content=\"image\/jpeg\" \/>\n<meta name=\"author\" content=\"Luisa Fenizola\" \/>\n<meta name=\"twitter:card\" content=\"summary_large_image\" \/>\n<meta name=\"twitter:label1\" content=\"Escrito por\" \/>\n\t<meta name=\"twitter:data1\" content=\"Luisa Fenizola\" \/>\n\t<meta name=\"twitter:label2\" content=\"Est. tempo de leitura\" \/>\n\t<meta name=\"twitter:data2\" content=\"12 minutos\" \/>\n<script type=\"application\/ld+json\" class=\"yoast-schema-graph\">{\"@context\":\"https:\/\/schema.org\",\"@graph\":[{\"@type\":\"Article\",\"@id\":\"https:\/\/rioonwatch.org.br\/?p=31443#article\",\"isPartOf\":{\"@id\":\"https:\/\/rioonwatch.org.br\/?p=31443\"},\"author\":{\"name\":\"Luisa Fenizola\",\"@id\":\"https:\/\/rioonwatch.org.br\/#\/schema\/person\/f443c6b55bb6e80842280318076491c5\"},\"headline\":\"O Que Esperar da Pol\u00edtica Brasileira em 2018? Parte 3: Seguran\u00e7a P\u00fablica e Interven\u00e7\u00e3o\",\"datePublished\":\"2018-02-27T15:02:28+00:00\",\"dateModified\":\"2018-07-18T21:36:23+00:00\",\"mainEntityOfPage\":{\"@id\":\"https:\/\/rioonwatch.org.br\/?p=31443\"},\"wordCount\":2427,\"publisher\":{\"@id\":\"https:\/\/rioonwatch.org.br\/#organization\"},\"image\":{\"@id\":\"https:\/\/rioonwatch.org.br\/?p=31443#primaryimage\"},\"thumbnailUrl\":\"https:\/\/rioonwatch.org.br\/wp-content\/uploads\/2018\/02\/Ex\u00e9rcito20no20Complexo20da20Mar\u00e9.jpg\",\"keywords\":[\"Baixada Fluminense\",\"chacina\",\"Complexo da Mar\u00e9\",\"Complexo do Alem\u00e3o\",\"criminaliza\u00e7\u00e3o da pobreza\",\"Ditadura Militar\",\"eleitoralismo\",\"FAFERJ\",\"Governador Pez\u00e3o\",\"intimida\u00e7\u00e3o policial\",\"Jacarezinho\",\"Japeri\",\"Marcelo Crivella\",\"Michel Temer\",\"narrativa midi\u00e1tica\",\"OAB\",\"ocupa\u00e7\u00e3o militar\",\"Pol\u00edcia Militar\",\"pol\u00edtica de seguran\u00e7a\",\"S\u00e3o Gon\u00e7alo\",\"Secretaria de Seguran\u00e7a\",\"seguran\u00e7a\",\"seguran\u00e7a p\u00fablica\",\"S\u00e9rie: Monitoramento 2018\",\"UPP\",\"Vila Kennedy\",\"viol\u00eancia policial\",\"Zona Norte\",\"Zona Oeste\"],\"articleSection\":[\"Dados e Pesquisa\",\"Entendendo o Rio\",\"Pol\u00edticas\",\"Seguran\u00e7a P\u00fablica\"],\"inLanguage\":\"pt-BR\"},{\"@type\":\"WebPage\",\"@id\":\"https:\/\/rioonwatch.org.br\/?p=31443\",\"url\":\"https:\/\/rioonwatch.org.br\/?p=31443\",\"name\":\"O Que Esperar da Pol\u00edtica Brasileira em 2018? Parte 3: Seguran\u00e7a P\u00fablica e Interven\u00e7\u00e3o - RioOnWatch\",\"isPartOf\":{\"@id\":\"https:\/\/rioonwatch.org.br\/#website\"},\"primaryImageOfPage\":{\"@id\":\"https:\/\/rioonwatch.org.br\/?p=31443#primaryimage\"},\"image\":{\"@id\":\"https:\/\/rioonwatch.org.br\/?p=31443#primaryimage\"},\"thumbnailUrl\":\"https:\/\/rioonwatch.org.br\/wp-content\/uploads\/2018\/02\/Ex\u00e9rcito20no20Complexo20da20Mar\u00e9.jpg\",\"datePublished\":\"2018-02-27T15:02:28+00:00\",\"dateModified\":\"2018-07-18T21:36:23+00:00\",\"breadcrumb\":{\"@id\":\"https:\/\/rioonwatch.org.br\/?p=31443#breadcrumb\"},\"inLanguage\":\"pt-BR\",\"potentialAction\":[{\"@type\":\"ReadAction\",\"target\":[\"https:\/\/rioonwatch.org.br\/?p=31443\"]}]},{\"@type\":\"ImageObject\",\"inLanguage\":\"pt-BR\",\"@id\":\"https:\/\/rioonwatch.org.br\/?p=31443#primaryimage\",\"url\":\"https:\/\/rioonwatch.org.br\/wp-content\/uploads\/2018\/02\/Ex\u00e9rcito20no20Complexo20da20Mar\u00e9.jpg\",\"contentUrl\":\"https:\/\/rioonwatch.org.br\/wp-content\/uploads\/2018\/02\/Ex\u00e9rcito20no20Complexo20da20Mar\u00e9.jpg\",\"width\":640,\"height\":399},{\"@type\":\"BreadcrumbList\",\"@id\":\"https:\/\/rioonwatch.org.br\/?p=31443#breadcrumb\",\"itemListElement\":[{\"@type\":\"ListItem\",\"position\":1,\"name\":\"In\u00edcio\",\"item\":\"https:\/\/rioonwatch.org.br\/\"},{\"@type\":\"ListItem\",\"position\":2,\"name\":\"O Que Esperar da Pol\u00edtica Brasileira em 2018? Parte 3: Seguran\u00e7a P\u00fablica e Interven\u00e7\u00e3o\"}]},{\"@type\":\"WebSite\",\"@id\":\"https:\/\/rioonwatch.org.br\/#website\",\"url\":\"https:\/\/rioonwatch.org.br\/\",\"name\":\"RioOnWatch\",\"description\":\"relatos das favelas cariocas\",\"publisher\":{\"@id\":\"https:\/\/rioonwatch.org.br\/#organization\"},\"potentialAction\":[{\"@type\":\"SearchAction\",\"target\":{\"@type\":\"EntryPoint\",\"urlTemplate\":\"https:\/\/rioonwatch.org.br\/?s={search_term_string}\"},\"query-input\":{\"@type\":\"PropertyValueSpecification\",\"valueRequired\":true,\"valueName\":\"search_term_string\"}}],\"inLanguage\":\"pt-BR\"},{\"@type\":\"Organization\",\"@id\":\"https:\/\/rioonwatch.org.br\/#organization\",\"name\":\"RioOnWatch\",\"url\":\"https:\/\/rioonwatch.org.br\/\",\"logo\":{\"@type\":\"ImageObject\",\"inLanguage\":\"pt-BR\",\"@id\":\"https:\/\/rioonwatch.org.br\/#\/schema\/logo\/image\/\",\"url\":\"https:\/\/rioonwatch.org.br\/wp-content\/uploads\/2021\/06\/RioOnWatchcabecalhoPT11anos-2.png\",\"contentUrl\":\"https:\/\/rioonwatch.org.br\/wp-content\/uploads\/2021\/06\/RioOnWatchcabecalhoPT11anos-2.png\",\"width\":779,\"height\":277,\"caption\":\"RioOnWatch\"},\"image\":{\"@id\":\"https:\/\/rioonwatch.org.br\/#\/schema\/logo\/image\/\"}},{\"@type\":\"Person\",\"@id\":\"https:\/\/rioonwatch.org.br\/#\/schema\/person\/f443c6b55bb6e80842280318076491c5\",\"name\":\"Luisa Fenizola\",\"image\":{\"@type\":\"ImageObject\",\"inLanguage\":\"pt-BR\",\"@id\":\"https:\/\/rioonwatch.org.br\/#\/schema\/person\/image\/\",\"url\":\"https:\/\/secure.gravatar.com\/avatar\/a3d551110162b9f876cbbdaaecf75663?s=96&d=blank&r=g\",\"contentUrl\":\"https:\/\/secure.gravatar.com\/avatar\/a3d551110162b9f876cbbdaaecf75663?s=96&d=blank&r=g\",\"caption\":\"Luisa Fenizola\"},\"url\":\"https:\/\/rioonwatch.org.br\/?author=152\"}]}<\/script>\n<!-- \/ Yoast SEO plugin. -->","yoast_head_json":{"title":"O Que Esperar da Pol\u00edtica Brasileira em 2018? Parte 3: Seguran\u00e7a P\u00fablica e Interven\u00e7\u00e3o - RioOnWatch","robots":{"index":"index","follow":"follow","max-snippet":"max-snippet:-1","max-image-preview":"max-image-preview:large","max-video-preview":"max-video-preview:-1"},"canonical":"https:\/\/rioonwatch.org.br\/?p=31443","og_locale":"pt_BR","og_type":"article","og_title":"O Que Esperar da Pol\u00edtica Brasileira em 2018? Parte 3: Seguran\u00e7a P\u00fablica e Interven\u00e7\u00e3o - RioOnWatch","og_description":"Click Here for English Esta \u00e9 a terceira mat\u00e9ria de uma\u00a0s\u00e9rie\u00a0sobre o cen\u00e1rio pol\u00edtico brasileiro para 2018. No dia 16 de fevereiro o governo federal autorizou uma chamada interven\u00e7\u00e3o federal, de car\u00e1ter militar, no Rio [...]","og_url":"https:\/\/rioonwatch.org.br\/?p=31443","og_site_name":"RioOnWatch","article_published_time":"2018-02-27T15:02:28+00:00","article_modified_time":"2018-07-18T21:36:23+00:00","og_image":[{"width":640,"height":399,"url":"https:\/\/rioonwatch.org.br\/wp-content\/uploads\/2018\/02\/Ex\u00e9rcito20no20Complexo20da20Mar\u00e9.jpg","type":"image\/jpeg"}],"author":"Luisa Fenizola","twitter_card":"summary_large_image","twitter_misc":{"Escrito por":"Luisa Fenizola","Est. tempo de leitura":"12 minutos"},"schema":{"@context":"https:\/\/schema.org","@graph":[{"@type":"Article","@id":"https:\/\/rioonwatch.org.br\/?p=31443#article","isPartOf":{"@id":"https:\/\/rioonwatch.org.br\/?p=31443"},"author":{"name":"Luisa Fenizola","@id":"https:\/\/rioonwatch.org.br\/#\/schema\/person\/f443c6b55bb6e80842280318076491c5"},"headline":"O Que Esperar da Pol\u00edtica Brasileira em 2018? Parte 3: Seguran\u00e7a P\u00fablica e Interven\u00e7\u00e3o","datePublished":"2018-02-27T15:02:28+00:00","dateModified":"2018-07-18T21:36:23+00:00","mainEntityOfPage":{"@id":"https:\/\/rioonwatch.org.br\/?p=31443"},"wordCount":2427,"publisher":{"@id":"https:\/\/rioonwatch.org.br\/#organization"},"image":{"@id":"https:\/\/rioonwatch.org.br\/?p=31443#primaryimage"},"thumbnailUrl":"https:\/\/rioonwatch.org.br\/wp-content\/uploads\/2018\/02\/Ex\u00e9rcito20no20Complexo20da20Mar\u00e9.jpg","keywords":["Baixada Fluminense","chacina","Complexo da Mar\u00e9","Complexo do Alem\u00e3o","criminaliza\u00e7\u00e3o da pobreza","Ditadura Militar","eleitoralismo","FAFERJ","Governador Pez\u00e3o","intimida\u00e7\u00e3o policial","Jacarezinho","Japeri","Marcelo Crivella","Michel Temer","narrativa midi\u00e1tica","OAB","ocupa\u00e7\u00e3o militar","Pol\u00edcia Militar","pol\u00edtica de seguran\u00e7a","S\u00e3o Gon\u00e7alo","Secretaria de Seguran\u00e7a","seguran\u00e7a","seguran\u00e7a p\u00fablica","S\u00e9rie: Monitoramento 2018","UPP","Vila Kennedy","viol\u00eancia policial","Zona Norte","Zona Oeste"],"articleSection":["Dados e Pesquisa","Entendendo o Rio","Pol\u00edticas","Seguran\u00e7a P\u00fablica"],"inLanguage":"pt-BR"},{"@type":"WebPage","@id":"https:\/\/rioonwatch.org.br\/?p=31443","url":"https:\/\/rioonwatch.org.br\/?p=31443","name":"O Que Esperar da Pol\u00edtica Brasileira em 2018? Parte 3: Seguran\u00e7a P\u00fablica e Interven\u00e7\u00e3o - RioOnWatch","isPartOf":{"@id":"https:\/\/rioonwatch.org.br\/#website"},"primaryImageOfPage":{"@id":"https:\/\/rioonwatch.org.br\/?p=31443#primaryimage"},"image":{"@id":"https:\/\/rioonwatch.org.br\/?p=31443#primaryimage"},"thumbnailUrl":"https:\/\/rioonwatch.org.br\/wp-content\/uploads\/2018\/02\/Ex\u00e9rcito20no20Complexo20da20Mar\u00e9.jpg","datePublished":"2018-02-27T15:02:28+00:00","dateModified":"2018-07-18T21:36:23+00:00","breadcrumb":{"@id":"https:\/\/rioonwatch.org.br\/?p=31443#breadcrumb"},"inLanguage":"pt-BR","potentialAction":[{"@type":"ReadAction","target":["https:\/\/rioonwatch.org.br\/?p=31443"]}]},{"@type":"ImageObject","inLanguage":"pt-BR","@id":"https:\/\/rioonwatch.org.br\/?p=31443#primaryimage","url":"https:\/\/rioonwatch.org.br\/wp-content\/uploads\/2018\/02\/Ex\u00e9rcito20no20Complexo20da20Mar\u00e9.jpg","contentUrl":"https:\/\/rioonwatch.org.br\/wp-content\/uploads\/2018\/02\/Ex\u00e9rcito20no20Complexo20da20Mar\u00e9.jpg","width":640,"height":399},{"@type":"BreadcrumbList","@id":"https:\/\/rioonwatch.org.br\/?p=31443#breadcrumb","itemListElement":[{"@type":"ListItem","position":1,"name":"In\u00edcio","item":"https:\/\/rioonwatch.org.br\/"},{"@type":"ListItem","position":2,"name":"O Que Esperar da Pol\u00edtica Brasileira em 2018? Parte 3: Seguran\u00e7a P\u00fablica e Interven\u00e7\u00e3o"}]},{"@type":"WebSite","@id":"https:\/\/rioonwatch.org.br\/#website","url":"https:\/\/rioonwatch.org.br\/","name":"RioOnWatch","description":"relatos das favelas cariocas","publisher":{"@id":"https:\/\/rioonwatch.org.br\/#organization"},"potentialAction":[{"@type":"SearchAction","target":{"@type":"EntryPoint","urlTemplate":"https:\/\/rioonwatch.org.br\/?s={search_term_string}"},"query-input":{"@type":"PropertyValueSpecification","valueRequired":true,"valueName":"search_term_string"}}],"inLanguage":"pt-BR"},{"@type":"Organization","@id":"https:\/\/rioonwatch.org.br\/#organization","name":"RioOnWatch","url":"https:\/\/rioonwatch.org.br\/","logo":{"@type":"ImageObject","inLanguage":"pt-BR","@id":"https:\/\/rioonwatch.org.br\/#\/schema\/logo\/image\/","url":"https:\/\/rioonwatch.org.br\/wp-content\/uploads\/2021\/06\/RioOnWatchcabecalhoPT11anos-2.png","contentUrl":"https:\/\/rioonwatch.org.br\/wp-content\/uploads\/2021\/06\/RioOnWatchcabecalhoPT11anos-2.png","width":779,"height":277,"caption":"RioOnWatch"},"image":{"@id":"https:\/\/rioonwatch.org.br\/#\/schema\/logo\/image\/"}},{"@type":"Person","@id":"https:\/\/rioonwatch.org.br\/#\/schema\/person\/f443c6b55bb6e80842280318076491c5","name":"Luisa Fenizola","image":{"@type":"ImageObject","inLanguage":"pt-BR","@id":"https:\/\/rioonwatch.org.br\/#\/schema\/person\/image\/","url":"https:\/\/secure.gravatar.com\/avatar\/a3d551110162b9f876cbbdaaecf75663?s=96&d=blank&r=g","contentUrl":"https:\/\/secure.gravatar.com\/avatar\/a3d551110162b9f876cbbdaaecf75663?s=96&d=blank&r=g","caption":"Luisa Fenizola"},"url":"https:\/\/rioonwatch.org.br\/?author=152"}]}},"_links":{"self":[{"href":"https:\/\/rioonwatch.org.br\/index.php?rest_route=\/wp\/v2\/posts\/31443"}],"collection":[{"href":"https:\/\/rioonwatch.org.br\/index.php?rest_route=\/wp\/v2\/posts"}],"about":[{"href":"https:\/\/rioonwatch.org.br\/index.php?rest_route=\/wp\/v2\/types\/post"}],"author":[{"embeddable":true,"href":"https:\/\/rioonwatch.org.br\/index.php?rest_route=\/wp\/v2\/users\/152"}],"replies":[{"embeddable":true,"href":"https:\/\/rioonwatch.org.br\/index.php?rest_route=%2Fwp%2Fv2%2Fcomments&post=31443"}],"version-history":[{"count":22,"href":"https:\/\/rioonwatch.org.br\/index.php?rest_route=\/wp\/v2\/posts\/31443\/revisions"}],"predecessor-version":[{"id":34825,"href":"https:\/\/rioonwatch.org.br\/index.php?rest_route=\/wp\/v2\/posts\/31443\/revisions\/34825"}],"wp:featuredmedia":[{"embeddable":true,"href":"https:\/\/rioonwatch.org.br\/index.php?rest_route=\/wp\/v2\/media\/31480"}],"wp:attachment":[{"href":"https:\/\/rioonwatch.org.br\/index.php?rest_route=%2Fwp%2Fv2%2Fmedia&parent=31443"}],"wp:term":[{"taxonomy":"category","embeddable":true,"href":"https:\/\/rioonwatch.org.br\/index.php?rest_route=%2Fwp%2Fv2%2Fcategories&post=31443"},{"taxonomy":"post_tag","embeddable":true,"href":"https:\/\/rioonwatch.org.br\/index.php?rest_route=%2Fwp%2Fv2%2Ftags&post=31443"},{"taxonomy":"writer","embeddable":true,"href":"https:\/\/rioonwatch.org.br\/index.php?rest_route=%2Fwp%2Fv2%2Fwriter&post=31443"},{"taxonomy":"translator","embeddable":true,"href":"https:\/\/rioonwatch.org.br\/index.php?rest_route=%2Fwp%2Fv2%2Ftranslator&post=31443"},{"taxonomy":"source","embeddable":true,"href":"https:\/\/rioonwatch.org.br\/index.php?rest_route=%2Fwp%2Fv2%2Fsource&post=31443"},{"taxonomy":"ilustrador","embeddable":true,"href":"https:\/\/rioonwatch.org.br\/index.php?rest_route=%2Fwp%2Fv2%2Filustrador&post=31443"},{"taxonomy":"fotografo","embeddable":true,"href":"https:\/\/rioonwatch.org.br\/index.php?rest_route=%2Fwp%2Fv2%2Ffotografo&post=31443"}],"curies":[{"name":"wp","href":"https:\/\/api.w.org\/{rel}","templated":true}]}}