{"id":31532,"date":"2018-03-02T07:00:37","date_gmt":"2018-03-02T10:00:37","guid":{"rendered":"http:\/\/rioonwatch.org.br\/?p=31532"},"modified":"2024-06-20T13:32:27","modified_gmt":"2024-06-20T16:32:27","slug":"asredes-denunciam-de-imediato-a-intervencao-militar-e-impactos-negativos-sobre-as-favelas","status":"publish","type":"post","link":"https:\/\/rioonwatch.org.br\/?p=31532","title":{"rendered":"#AsRedes Denunciam de Imediato a Interven\u00e7\u00e3o Militar e Impactos Negativos Sobre as Favelas"},"content":{"rendered":"<p style=\"text-align: right;\"><em><strong><a href=\"http:\/\/bit.ly\/2oJrDjd\" target=\"_blank\" rel=\"noopener noreferrer\">Click Here for English<img decoding=\"async\" width=\"20\" height=\"20\" class=\"alignright wp-image-15790\" src=\"http:\/\/rioonwatch.org.br\/wp-content\/uploads\/2012\/08\/EN-standard-e1439583104716.jpg\" \/><\/a><\/strong><\/em><\/p>\n<p><em>Mat\u00e9ria da s\u00e9rie\u00a0<a href=\"http:\/\/bit.ly\/2mWUr7d\" target=\"_blank\" rel=\"noopener\">#OQueDizemAsRedes<\/a>\u00a0que traz pontos de vista publicados nas redes sociais, de moradores e ativistas de favela sobre eventos e temas que surgem na sociedade. Esta \u00e9<\/em><i><span style=\"font-weight: 400;\">\u00a0a primeira da nossa s\u00e9rie especial com rea\u00e7\u00f5es \u00e0 interven\u00e7\u00e3o militar federal no Rio de Janeiro.<\/span><\/i><\/p>\n<p><span style=\"font-weight: 400;\">Na sexta-feira, 16 de fevereiro, o Presidente Michel Temer <\/span><span style=\"font-weight: 400;\"><a href=\"http:\/\/bit.ly\/2EJQNsN\" target=\"_blank\" rel=\"noopener\">decretou<\/a> uma interven\u00e7\u00e3o federal<\/span> <span style=\"font-weight: 400;\">no estado do Rio de Janeiro, <\/span><span style=\"font-weight: 400;\"><a href=\"https:\/\/glo.bo\/2F0Zi2O\" target=\"_blank\" rel=\"noopener\">passando todos os assuntos<\/a> de seguran\u00e7a p\u00fablica do estado para as m\u00e3os<\/span> <span style=\"font-weight: 400;\">do General do Ex\u00e9rcito Walter Braga Netto. Relembrando a ocupa\u00e7\u00e3o militar prolongada no <\/span><a href=\"http:\/\/bit.ly\/1qwYRu4\" target=\"_blank\" rel=\"noopener\"><span style=\"font-weight: 400;\">Complexo da Mar\u00e9 de 2014 a 2015<\/span><\/a><span style=\"font-weight: 400;\">, assim como o seu papel em\u00a0<\/span><a href=\"http:\/\/bit.ly\/2hutjx6\" target=\"_blank\" rel=\"noopener\"><span style=\"font-weight: 400;\">opera\u00e7\u00f5es em favelas como a Rocinha<\/span><\/a><span style=\"font-weight: 400;\"> e <\/span><span style=\"font-weight: 400;\">o <\/span><a href=\"http:\/\/bit.ly\/2AM8m5g\" target=\"_blank\" rel=\"noopener\"><span style=\"font-weight: 400;\">Complexo do Salgueiro<\/span><\/a> <span style=\"font-weight: 400;\">em <a href=\"http:\/\/bit.ly\/1Iuqpxq\" target=\"_blank\" rel=\"noopener\">S\u00e3o Gon\u00e7alo<\/a><\/span><span style=\"font-weight: 400;\">, moradores e ativistas de favela em todo o Rio reagiram imediatamente, <\/span><a href=\"http:\/\/bit.ly\/2Frat1L\" target=\"_blank\" rel=\"noopener\"><span style=\"font-weight: 400;\">lan\u00e7ando f\u00f3runs, pain\u00e9is e debates<\/span><\/a><span style=\"font-weight: 400;\">,\u00a0<\/span><span style=\"font-weight: 400;\">que focaram<\/span><span style=\"font-weight: 400;\">\u00a0em como proteger <\/span><span style=\"font-weight: 400;\">os <a href=\"http:\/\/bit.ly\/1iqdzi3\" target=\"_blank\" rel=\"noopener\">direitos humanos<\/a><\/span><span style=\"font-weight: 400;\"> nas favelas durante a interven\u00e7\u00e3o iminente.<\/span><\/p>\n<p><a href=\"http:\/\/rioonwatch.org.br\/wp-content\/uploads\/2018\/03\/Mare-Vive-post.png\"><img fetchpriority=\"high\" decoding=\"async\" class=\"wp-image-31538 alignright\" src=\"http:\/\/rioonwatch.org.br\/wp-content\/uploads\/2018\/03\/Mare-Vive-post.png\" alt=\"\" width=\"300\" height=\"267\" srcset=\"https:\/\/rioonwatch.org.br\/wp-content\/uploads\/2018\/03\/Mare-Vive-post.png 1072w, https:\/\/rioonwatch.org.br\/wp-content\/uploads\/2018\/03\/Mare-Vive-post-297x264.png 297w, https:\/\/rioonwatch.org.br\/wp-content\/uploads\/2018\/03\/Mare-Vive-post-620x552.png 620w, https:\/\/rioonwatch.org.br\/wp-content\/uploads\/2018\/03\/Mare-Vive-post-768x683.png 768w, https:\/\/rioonwatch.org.br\/wp-content\/uploads\/2018\/03\/Mare-Vive-post-1024x911.png 1024w\" sizes=\"(max-width: 300px) 100vw, 300px\" \/><\/a><span style=\"font-weight: 400;\">Determinados a prevenir, documentar, e denunciar abusos, os ativistas comunit\u00e1rios e seus aliados t\u00eam estado vigilantes nas m\u00eddias sociais. <\/span><span style=\"font-weight: 400;\">O coletivo <\/span><a href=\"http:\/\/bit.ly\/2hmyYmP\" target=\"_blank\" rel=\"noopener\"><span style=\"font-weight: 400;\">Mar\u00e9 Vive<\/span><\/a>\u00a0<span style=\"font-weight: 400;\">do <a href=\"http:\/\/bit.ly\/10BvARw\" target=\"_blank\" rel=\"noopener\">Complexo da Mar\u00e9<\/a><\/span><span style=\"font-weight: 400;\"> foi uma das <\/span><a href=\"http:\/\/bit.ly\/2CQUeYM\" target=\"_blank\" rel=\"noopener\"><span style=\"font-weight: 400;\">v\u00e1rias vozes que soou o alarme<\/span><\/a><span style=\"font-weight: 400;\"> quando os representantes do governo exploraram a ideia de mandados de busca e apreens\u00e3o coletivos:\u00a0<\/span>\u201cVamos se preparar porque os direitos humanos e a constitui\u00e7\u00e3o federal v\u00e3o pro lixo nessa interven\u00e7\u00e3o federal. Ser\u00e1 que esse mandato coletivo serve pros Complexos da Barra, Ipanema, Leblon e S\u00e3o Conrado?\u201d<\/p>\n<p><span style=\"font-weight: 400;\">Ap\u00f3s a press\u00e3o da sociedade civil por grupos como o Mar\u00e9 Vive e a indigna\u00e7\u00e3o p\u00fablica geral, o governo federal <\/span><a href=\"http:\/\/bit.ly\/2F1wFyA\" target=\"_blank\" rel=\"noopener\"><span style=\"font-weight: 400;\">desistiu da proposta dos mandados de pris\u00e3o coletivos<\/span><\/a><span style=\"font-weight: 400;\"> e adotou uma ret\u00f3rica mais cautelosa sobre os mandados de busca coletivos, deixando em aberto a op\u00e7\u00e3o que <\/span><span style=\"font-weight: 400;\">estes \u00faltimos <a href=\"http:\/\/bit.ly\/2t6XsIc\" target=\"_blank\" rel=\"noopener\">poderiam ser usados caso-a-caso<\/a><\/span><span style=\"font-weight: 400;\">.<\/span><span style=\"font-weight: 400;\"> No entanto, buscas mais flagrantes j\u00e1 ocorreram. No dia 20 de fevereiro, as <\/span><a href=\"http:\/\/bit.ly\/2HU2T0z\" target=\"_blank\" rel=\"noopener\"><span style=\"font-weight: 400;\">for\u00e7as armadas revistaram as mochilas de crian\u00e7as<\/span><\/a><span style=\"font-weight: 400;\"> como parte de uma opera\u00e7\u00e3o na favela Kelson&#8217;s na <\/span><a href=\"http:\/\/bit.ly\/WximDf\" target=\"_blank\" rel=\"noopener\"><span style=\"font-weight: 400;\">Zona Norte<\/span><\/a><span style=\"font-weight: 400;\"> do Rio. A foto na capa da <em>Folha de S\u00e3o Paulo<\/em> (abaixo) pelo fot\u00f3grafo, da <em>AP<\/em>, Leio Correa espalhou-se rapidamente no dia seguinte.<\/span><span style=\"font-weight: 400;\">A moradora do <\/span><a href=\"http:\/\/bit.ly\/1nEeBwu\"><span style=\"font-weight: 400;\">Complexo do Alem\u00e3o<\/span><\/a> <span style=\"font-weight: 400;\">e fundadora do Favela Art <\/span><a href=\"http:\/\/bit.ly\/1LwVyjk\" target=\"_blank\" rel=\"noopener\"><span style=\"font-weight: 400;\">Mariluce Mari\u00e1 de Souza<\/span><\/a> <span style=\"font-weight: 400;\">compartilhou <a href=\"http:\/\/bit.ly\/2FLyPUl\" target=\"_blank\" rel=\"noopener\">o\u00a0<\/a><\/span><span style=\"font-weight: 400;\">quadrinho entitulado &#8220;Inconstitucional&#8221;, abaixo<\/span><span style=\"font-weight: 400;\">,<\/span><span style=\"font-weight: 400;\"> com o seguinte di\u00e1logo:<\/span>\u00a0\u201c&#8217;Achou algum elemento perigoso, soldado?!&#8217; &#8216;Sim comandante!! Achei LIVROS!&#8217;\u201d<\/p>\n<p><a href=\"http:\/\/rioonwatch.org.br\/wp-content\/uploads\/2018\/03\/Unconstitutional.png\"><img decoding=\"async\" class=\"aligncenter size-medium wp-image-31543\" src=\"http:\/\/rioonwatch.org.br\/wp-content\/uploads\/2018\/03\/Unconstitutional-620x410.png\" alt=\"\" width=\"620\" height=\"410\" srcset=\"https:\/\/rioonwatch.org.br\/wp-content\/uploads\/2018\/03\/Unconstitutional-620x410.png 620w, https:\/\/rioonwatch.org.br\/wp-content\/uploads\/2018\/03\/Unconstitutional-399x264.png 399w, https:\/\/rioonwatch.org.br\/wp-content\/uploads\/2018\/03\/Unconstitutional-768x508.png 768w, https:\/\/rioonwatch.org.br\/wp-content\/uploads\/2018\/03\/Unconstitutional-1024x678.png 1024w, https:\/\/rioonwatch.org.br\/wp-content\/uploads\/2018\/03\/Unconstitutional.png 1732w\" sizes=\"(max-width: 620px) 100vw, 620px\" \/><\/a><\/p>\n<p><span style=\"font-weight: 400;\">Os militares come\u00e7aram a <\/span><a href=\"https:\/\/glo.bo\/2GRbD6f\" target=\"_blank\" rel=\"noopener\"><span style=\"font-weight: 400;\">fotografar e &#8216;fichar&#8217; moradores de favelas<\/span><\/a> <span style=\"font-weight: 400;\">como parte de uma opera\u00e7\u00e3o nas favelas da <\/span><a href=\"http:\/\/bit.ly\/1g63Krv\" target=\"_blank\" rel=\"noopener\"><span style=\"font-weight: 400;\">Vila Kennedy<\/span><\/a><span style=\"font-weight: 400;\">, Coreia, e <\/span><a href=\"http:\/\/bit.ly\/1npmeGe\" target=\"_blank\" rel=\"noopener\"><span style=\"font-weight: 400;\">Vila Alian\u00e7a<\/span><\/a><span style=\"font-weight: 400;\">, na <\/span><a href=\"http:\/\/bit.ly\/11tBmFR\" target=\"_blank\" rel=\"noopener\"><span style=\"font-weight: 400;\">Zona Oeste<\/span><\/a> <span style=\"font-weight: 400;\">do Rio, no dia 23 de fevereiro. As not\u00edcias deste processo incomum&#8211;uma <\/span><a href=\"http:\/\/bit.ly\/2oGcvDa\"><span style=\"font-weight: 400;\">medida declarada inconstitucional<\/span><\/a><span style=\"font-weight: 400;\"> pela Ordem dos Advogados do Brasil (OAB-RJ) e pela Defensoria P\u00fablica&#8211;e as imagens dos militares fotografando os moradores das favelas invadiram as m\u00eddias sociais:<\/span><\/p>\n<p><a href=\"http:\/\/rioonwatch.org.br\/wp-content\/uploads\/2018\/03\/Mare-Vive-post-2.png\"><img loading=\"lazy\" decoding=\"async\" class=\"aligncenter wp-image-31544\" src=\"http:\/\/rioonwatch.org.br\/wp-content\/uploads\/2018\/03\/Mare-Vive-post-2.png\" alt=\"\" width=\"619\" height=\"290\" srcset=\"https:\/\/rioonwatch.org.br\/wp-content\/uploads\/2018\/03\/Mare-Vive-post-2.png 2239w, https:\/\/rioonwatch.org.br\/wp-content\/uploads\/2018\/03\/Mare-Vive-post-2-563x264.png 563w, https:\/\/rioonwatch.org.br\/wp-content\/uploads\/2018\/03\/Mare-Vive-post-2-620x290.png 620w, https:\/\/rioonwatch.org.br\/wp-content\/uploads\/2018\/03\/Mare-Vive-post-2-768x360.png 768w, https:\/\/rioonwatch.org.br\/wp-content\/uploads\/2018\/03\/Mare-Vive-post-2-1024x480.png 1024w\" sizes=\"(max-width: 619px) 100vw, 619px\" \/><\/a><\/p>\n<p><span style=\"font-weight: 400;\">A p\u00e1gina comunit\u00e1ria da Vila Kennedy no Facebook,\u00a0<\/span><a href=\"http:\/\/bit.ly\/2FeeSaE\" target=\"_blank\" rel=\"noopener\"><span style=\"font-weight: 400;\">VOZ da Vila Kennedy<\/span><\/a> <span style=\"font-weight: 400;\">marcou a p\u00e1gina do ex\u00e9rcito brasileiro <\/span><span style=\"font-weight: 400;\"><a href=\"http:\/\/bit.ly\/2CQ4MHJ\" target=\"_blank\" rel=\"noopener\">e relatou<\/a>:<\/span> \u201cV\u00e1rias pessoas foram abordadas no meio da rua e fotografadas junto com seus documentos de identifica\u00e7\u00e3o, incluindo homens, mulheres e at\u00e9 idosos.\u00a0Perguntamos ao\u00a0Ex\u00e9rcito Brasileiro:\u00a0<span class=\"text_exposed_show\">Tirar Fotos de RG e dos cidad\u00e3os, feitas por celulares particulares de soldados \u00e9 uma pr\u00e1tica comum? Se quiserem identificar os moradores deveriam trazer um sistema pr\u00f3prio de identifica\u00e7\u00e3o do Ex\u00e9rcito. [Tirar] Fotos em celulares particulares \u00e9 contra a lei. N\u00e3o somos contra a Opera\u00e7\u00e3o Militar, somos contra os excessos cometidos nela&#8221;.<\/span><\/p>\n<p><a href=\"http:\/\/rioonwatch.org.br\/wp-content\/uploads\/2018\/03\/Vila-Kennedy-post-1.png\"><img loading=\"lazy\" decoding=\"async\" class=\"aligncenter wp-image-31546 size-medium\" src=\"http:\/\/rioonwatch.org.br\/wp-content\/uploads\/2018\/03\/Vila-Kennedy-post-1-620x292.png\" alt=\"\" width=\"620\" height=\"292\" srcset=\"https:\/\/rioonwatch.org.br\/wp-content\/uploads\/2018\/03\/Vila-Kennedy-post-1-620x292.png 620w, https:\/\/rioonwatch.org.br\/wp-content\/uploads\/2018\/03\/Vila-Kennedy-post-1-561x264.png 561w, https:\/\/rioonwatch.org.br\/wp-content\/uploads\/2018\/03\/Vila-Kennedy-post-1-768x361.png 768w, https:\/\/rioonwatch.org.br\/wp-content\/uploads\/2018\/03\/Vila-Kennedy-post-1-1024x482.png 1024w\" sizes=\"(max-width: 620px) 100vw, 620px\" \/><\/a><\/p>\n<p><span style=\"font-weight: 400;\">O historiador e ativista Frans\u00e9rgio Goulart, de <\/span><a href=\"http:\/\/bit.ly\/1sksV07\" target=\"_blank\" rel=\"noopener\"><span style=\"font-weight: 400;\">Manguinhos<\/span><\/a><span style=\"font-weight: 400;\">, imaginou a indigna\u00e7\u00e3o que resultaria se algo similar acontecesse na <\/span><a href=\"http:\/\/bit.ly\/1mNsDyk\" target=\"_blank\" rel=\"noopener\"><span style=\"font-weight: 400;\">Zona Sul<\/span><\/a><span style=\"font-weight: 400;\">,\u00a0<\/span><a href=\"http:\/\/bit.ly\/2oI9qCA\" target=\"_blank\" rel=\"noopener\"><span style=\"font-weight: 400;\">escrevendo no Facebook<\/span><\/a><span style=\"font-weight: 400;\">:\u00a0<\/span>\u201cE se essa imagem e a\u00e7\u00e3o da Interven\u00e7\u00e3o militar acontecesse com moradores de um condom\u00ednio da Zona Sul ou da <a href=\"http:\/\/bit.ly\/19BBUhf\" target=\"_blank\" rel=\"noopener\">Barra da Tijuca<\/a>?&#8221;<\/p>\n<p><a href=\"http:\/\/rioonwatch.org.br\/wp-content\/uploads\/2018\/03\/Fransergio-Goulart-post.png\"><img loading=\"lazy\" decoding=\"async\" class=\"aligncenter size-medium wp-image-31548\" src=\"http:\/\/rioonwatch.org.br\/wp-content\/uploads\/2018\/03\/Fransergio-Goulart-post-620x537.png\" alt=\"\" width=\"620\" height=\"537\" srcset=\"https:\/\/rioonwatch.org.br\/wp-content\/uploads\/2018\/03\/Fransergio-Goulart-post-620x537.png 620w, https:\/\/rioonwatch.org.br\/wp-content\/uploads\/2018\/03\/Fransergio-Goulart-post-305x264.png 305w, https:\/\/rioonwatch.org.br\/wp-content\/uploads\/2018\/03\/Fransergio-Goulart-post-768x665.png 768w, https:\/\/rioonwatch.org.br\/wp-content\/uploads\/2018\/03\/Fransergio-Goulart-post-1024x887.png 1024w, https:\/\/rioonwatch.org.br\/wp-content\/uploads\/2018\/03\/Fransergio-Goulart-post.png 1220w\" sizes=\"(max-width: 620px) 100vw, 620px\" \/><\/a><\/p>\n<p><span style=\"font-weight: 400;\">Outros apontaram o financiamento desproporcional do governo com as opera\u00e7\u00f5es militares comparado aos gastos sociais. Compartilhando um relat\u00f3rio mostrando que os custos da ocupa\u00e7\u00e3o militar da Mar\u00e9 durante 15 meses <\/span><a href=\"http:\/\/bit.ly\/1fbDosz\" target=\"_blank\" rel=\"noopener\"><span style=\"font-weight: 400;\">foram quase o dobro dos gastos sociais da Prefeitura<\/span><\/a><span style=\"font-weight: 400;\">\u00a0na Mar\u00e9 durante seis anos, a moradora de Manguinhos e representante da\u00a0<\/span><a href=\"http:\/\/bit.ly\/2FKEAS8\" target=\"_blank\" rel=\"noopener\"><span style=\"font-weight: 400;\">Redes Contra a Viol\u00eancia<\/span><\/a>,\u00a0<span style=\"font-weight: 400;\">Ana Paula Oliveira <a href=\"http:\/\/bit.ly\/2HSbelk\" target=\"_blank\" rel=\"noopener\">perguntou<\/a><\/span><span style=\"font-weight: 400;\">:\u00a0<\/span>\u201cNa SA\u00daDE e na EDUCA\u00c7\u00c3O eles n\u00e3o querem investir, porque ser\u00e1?? T\u00e1 bem claro que n\u00e3o \u00e9 por falta de dinheiro n\u00e9?&#8221;<\/p>\n<p><a href=\"http:\/\/rioonwatch.org.br\/wp-content\/uploads\/2018\/03\/Ana-Paula-Oliveira-post-1.png\"><img loading=\"lazy\" decoding=\"async\" class=\"wp-image-31554 alignright\" src=\"http:\/\/rioonwatch.org.br\/wp-content\/uploads\/2018\/03\/Ana-Paula-Oliveira-post-1.png\" alt=\"\" width=\"300\" height=\"325\" srcset=\"https:\/\/rioonwatch.org.br\/wp-content\/uploads\/2018\/03\/Ana-Paula-Oliveira-post-1.png 1046w, https:\/\/rioonwatch.org.br\/wp-content\/uploads\/2018\/03\/Ana-Paula-Oliveira-post-1-244x264.png 244w, https:\/\/rioonwatch.org.br\/wp-content\/uploads\/2018\/03\/Ana-Paula-Oliveira-post-1-572x620.png 572w, https:\/\/rioonwatch.org.br\/wp-content\/uploads\/2018\/03\/Ana-Paula-Oliveira-post-1-768x832.png 768w, https:\/\/rioonwatch.org.br\/wp-content\/uploads\/2018\/03\/Ana-Paula-Oliveira-post-1-945x1024.png 945w\" sizes=\"(max-width: 300px) 100vw, 300px\" \/><\/a><span style=\"font-weight: 400;\">Em um debate no programa de TV,\u00a0<em>Globo Comunidade<\/em>, <\/span><a href=\"http:\/\/bit.ly\/2F4FI5I\" target=\"_blank\" rel=\"noopener\"><span style=\"font-weight: 400;\">compartilhado no Facebook<\/span><\/a><span style=\"font-weight: 400;\"> pelo coletivo de m\u00eddia do Alem\u00e3o <em>Voz das Comunidades<\/em>, o fot\u00f3grafo comunit\u00e1rio Betinho Casas Novas ecoou Ana Paula, dizendo<\/span>: \u201cAs favelas sofrem interven\u00e7\u00e3o federal, sofrem interven\u00e7\u00e3o das for\u00e7as militares h\u00e1 bastante tempo&#8230; Antes dessa interven\u00e7\u00e3o na \u00e1rea de seguran\u00e7a deveria ter interven\u00e7\u00e3o em outros setores: a educa\u00e7\u00e3o, a sa\u00fade, a cultura que \u00e9 o que a gente precisa&#8230;&#8221;<\/p>\n<p><span style=\"font-weight: 400;\">Ao resistir \u00e0 <\/span><span style=\"font-weight: 400;\"><a href=\"http:\/\/bit.ly\/2oAptDj\" target=\"_blank\" rel=\"noopener\">primeira interven\u00e7\u00e3o federal<\/a> na seguran\u00e7a do Estado<\/span><span style=\"font-weight: 400;\"> desde a ditadura, defensores nas favelas do Rio n\u00e3o enfrentam uma tarefa f\u00e1cil. As primeiras duas semanas da interven\u00e7\u00e3o indicam, no entanto, que <\/span><span style=\"font-weight: 400;\">a <a href=\"http:\/\/bit.ly\/2mWUr7d\" target=\"_blank\" rel=\"noopener\">presen\u00e7a vibrante e ativa<\/a> nas m\u00eddias sociais<\/span> <span style=\"font-weight: 400;\">de moradores das favelas impactadas ser\u00e1 uma for\u00e7a poderosa contra os abusos de direitos humanos. Encorajada por esta uni\u00e3o sem precedentes, a jornalista comunit\u00e1ria, Gizele Martins, da Mar\u00e9,\u00a0<\/span><a href=\"http:\/\/bit.ly\/2FbXyTM\" target=\"_blank\" rel=\"noopener\"><span style=\"font-weight: 400;\">escreveu no Facebook<\/span><\/a><span style=\"font-weight: 400;\">:<\/span>\u00a0\u201c\u00c9 a primeira vez na minha vida que vejo os mais diversos movimentos sociais falando em &#8211; um momento s\u00f3 &#8211; e se juntando para lutar contra a <a href=\"http:\/\/bit.ly\/1MARQme\" target=\"_blank\" rel=\"noopener\">militariza\u00e7\u00e3o nas favelas<\/a>. Geral sempre falou, mas hoje t\u00e1 geral neste momento juntando for\u00e7as! Vamos juntxs! Favela vive! Chega de militariza\u00e7\u00e3o!&#8221;<\/p>\n<p><a href=\"http:\/\/rioonwatch.org.br\/wp-content\/uploads\/2018\/03\/Gizele-Martins-post.png\"><img loading=\"lazy\" decoding=\"async\" class=\"aligncenter wp-image-31552\" src=\"http:\/\/rioonwatch.org.br\/wp-content\/uploads\/2018\/03\/Gizele-Martins-post.png\" alt=\"\" width=\"616\" height=\"205\" srcset=\"https:\/\/rioonwatch.org.br\/wp-content\/uploads\/2018\/03\/Gizele-Martins-post.png 1479w, https:\/\/rioonwatch.org.br\/wp-content\/uploads\/2018\/03\/Gizele-Martins-post-620x206.png 620w, https:\/\/rioonwatch.org.br\/wp-content\/uploads\/2018\/03\/Gizele-Martins-post-768x255.png 768w, https:\/\/rioonwatch.org.br\/wp-content\/uploads\/2018\/03\/Gizele-Martins-post-1024x341.png 1024w\" sizes=\"(max-width: 616px) 100vw, 616px\" \/><\/a><\/p>\n<!-- AddThis Advanced Settings generic via filter on the_content --><!-- AddThis Share Buttons generic via filter on the_content -->","protected":false},"excerpt":{"rendered":"<div class=\"mh-excerpt\"><p>Click Here for English Mat\u00e9ria da s\u00e9rie\u00a0#OQueDizemAsRedes\u00a0que traz pontos de vista publicados nas redes sociais, de moradores e ativistas de favela sobre eventos e temas que surgem na sociedade. Esta \u00e9\u00a0a primeira da nossa s\u00e9rie <a class=\"mh-excerpt-more\" href=\"https:\/\/rioonwatch.org.br\/?p=31532\" title=\"#AsRedes Denunciam de Imediato a Interven\u00e7\u00e3o Militar e Impactos Negativos Sobre as Favelas\">[&#8230;]<\/a><!-- AddThis Advanced Settings generic via filter on get_the_excerpt --><!-- AddThis Share Buttons generic via filter on get_the_excerpt --><\/p>\n<\/div>","protected":false},"author":129,"featured_media":31534,"comment_status":"closed","ping_status":"closed","sticky":false,"template":"","format":"standard","meta":{"_acf_changed":false,"_monsterinsights_skip_tracking":false,"_monsterinsights_sitenote_active":false,"_monsterinsights_sitenote_note":"","_monsterinsights_sitenote_category":0,"footnotes":""},"categories":[1621,346,1626,1613,344,1612],"tags":[943,332,217,2291,2293,90,88,2393,1166,2292,636,379,1108,774,839,283,432,16,231,672,230,544,1364,920,2003,218,184],"writer":[2249],"translator":[1875],"source":[],"ilustrador":[],"fotografo":[],"class_list":{"0":"post-31532","1":"post","2":"type-post","3":"status-publish","4":"format-standard","5":"has-post-thumbnail","7":"category-destaque","8":"category-denuncias","9":"category-por-observadores-internacionais","10":"category-midia-comunitaria","11":"category-politicas","12":"category-sociedade-civil","13":"tag-oquedizemasredes","14":"tag-complexo-da-mare","15":"tag-complexo-do-alemao","16":"tag-complexo-do-salgueiro","17":"tag-coreia","18":"tag-defensoria-publica","19":"tag-direitos-humanos","20":"tag-forcas-armadas","21":"tag-jornalismo","22":"tag-kelsons","23":"tag-manguinhos","24":"tag-midia-social","25":"tag-ocupacao-militar","26":"tag-policia-militar","27":"tag-prioridades-publicas-equivocadas","28":"tag-rede-contra-violencia","29":"tag-resistencia","30":"tag-rocinha","31":"tag-sao-goncalo","32":"tag-seguranca-publica","33":"tag-vila-alianca","34":"tag-vila-kennedy","35":"tag-violacoes","36":"tag-violencia-de-estado","37":"tag-voz-das-comunidades","38":"tag-zona-norte","39":"tag-zona-oeste","40":"writer-edmund-ruge","41":"translator-marina-hennies"},"acf":[],"yoast_head":"<!-- This site is optimized with the Yoast SEO plugin v25.6 - https:\/\/yoast.com\/wordpress\/plugins\/seo\/ -->\n<title>#AsRedes Denunciam de Imediato a Interven\u00e7\u00e3o Militar e Impactos Negativos Sobre as Favelas - RioOnWatch<\/title>\n<meta name=\"robots\" content=\"index, follow, max-snippet:-1, max-image-preview:large, max-video-preview:-1\" \/>\n<link rel=\"canonical\" href=\"https:\/\/rioonwatch.org.br\/?p=31532\" \/>\n<meta property=\"og:locale\" content=\"pt_BR\" \/>\n<meta property=\"og:type\" content=\"article\" \/>\n<meta property=\"og:title\" content=\"#AsRedes Denunciam de Imediato a Interven\u00e7\u00e3o Militar e Impactos Negativos Sobre as Favelas - RioOnWatch\" \/>\n<meta property=\"og:description\" content=\"Click Here for English Mat\u00e9ria da s\u00e9rie\u00a0#OQueDizemAsRedes\u00a0que traz pontos de vista publicados nas redes sociais, de moradores e ativistas de favela sobre eventos e temas que surgem na sociedade. Esta \u00e9\u00a0a primeira da nossa s\u00e9rie [...]\" \/>\n<meta property=\"og:url\" content=\"https:\/\/rioonwatch.org.br\/?p=31532\" \/>\n<meta property=\"og:site_name\" content=\"RioOnWatch\" \/>\n<meta property=\"article:published_time\" content=\"2018-03-02T10:00:37+00:00\" \/>\n<meta property=\"article:modified_time\" content=\"2024-06-20T16:32:27+00:00\" \/>\n<meta property=\"og:image\" content=\"https:\/\/rioonwatch.org.br\/wp-content\/uploads\/2018\/03\/Military-search.-Ta\u0302nia-Re\u0302go-Age\u0302ncia-Brasil.jpg\" \/>\n\t<meta property=\"og:image:width\" content=\"2048\" \/>\n\t<meta property=\"og:image:height\" content=\"1365\" \/>\n\t<meta property=\"og:image:type\" content=\"image\/jpeg\" \/>\n<meta name=\"author\" content=\"Admin\" \/>\n<meta name=\"twitter:card\" content=\"summary_large_image\" \/>\n<meta name=\"twitter:label1\" content=\"Escrito por\" \/>\n\t<meta name=\"twitter:data1\" content=\"Admin\" \/>\n\t<meta name=\"twitter:label2\" content=\"Est. tempo de leitura\" \/>\n\t<meta name=\"twitter:data2\" content=\"7 minutos\" \/>\n<script type=\"application\/ld+json\" class=\"yoast-schema-graph\">{\"@context\":\"https:\/\/schema.org\",\"@graph\":[{\"@type\":\"Article\",\"@id\":\"https:\/\/rioonwatch.org.br\/?p=31532#article\",\"isPartOf\":{\"@id\":\"https:\/\/rioonwatch.org.br\/?p=31532\"},\"author\":{\"name\":\"Admin\",\"@id\":\"https:\/\/rioonwatch.org.br\/#\/schema\/person\/11d64c290506f9df50c71b850c473f68\"},\"headline\":\"#AsRedes Denunciam de Imediato a Interven\u00e7\u00e3o Militar e Impactos Negativos Sobre as Favelas\",\"datePublished\":\"2018-03-02T10:00:37+00:00\",\"dateModified\":\"2024-06-20T16:32:27+00:00\",\"mainEntityOfPage\":{\"@id\":\"https:\/\/rioonwatch.org.br\/?p=31532\"},\"wordCount\":956,\"publisher\":{\"@id\":\"https:\/\/rioonwatch.org.br\/#organization\"},\"image\":{\"@id\":\"https:\/\/rioonwatch.org.br\/?p=31532#primaryimage\"},\"thumbnailUrl\":\"https:\/\/rioonwatch.org.br\/wp-content\/uploads\/2018\/03\/Military-search.-Ta\u0302nia-Re\u0302go-Age\u0302ncia-Brasil.jpg\",\"keywords\":[\"#OQueDizemAsRedes\",\"Complexo da Mar\u00e9\",\"Complexo do Alem\u00e3o\",\"Complexo do Salgueiro\",\"Coreia (Mesquita)\",\"Defensoria P\u00fablica\",\"Direitos Humanos\",\"For\u00e7as Armadas\",\"jornalismo\",\"Kelson's\",\"Manguinhos\",\"m\u00eddia social\",\"ocupa\u00e7\u00e3o militar\",\"Pol\u00edcia Militar\",\"prioridades p\u00fablicas equivocadas\",\"Rede Contra Viol\u00eancia\",\"resist\u00eancia\",\"Rocinha\",\"S\u00e3o Gon\u00e7alo\",\"seguran\u00e7a p\u00fablica\",\"Vila Alian\u00e7a\",\"Vila Kennedy\",\"viola\u00e7\u00f5es\",\"viol\u00eancia de Estado\",\"Voz das Comunidades\",\"Zona Norte\",\"Zona Oeste\"],\"articleSection\":[\"*Destaque\",\"Den\u00fancias\",\"Escrito por Aliados\",\"M\u00eddia Comunit\u00e1ria\",\"Pol\u00edticas\",\"Sociedade Civil\"],\"inLanguage\":\"pt-BR\"},{\"@type\":\"WebPage\",\"@id\":\"https:\/\/rioonwatch.org.br\/?p=31532\",\"url\":\"https:\/\/rioonwatch.org.br\/?p=31532\",\"name\":\"#AsRedes Denunciam de Imediato a Interven\u00e7\u00e3o Militar e Impactos Negativos Sobre as Favelas - RioOnWatch\",\"isPartOf\":{\"@id\":\"https:\/\/rioonwatch.org.br\/#website\"},\"primaryImageOfPage\":{\"@id\":\"https:\/\/rioonwatch.org.br\/?p=31532#primaryimage\"},\"image\":{\"@id\":\"https:\/\/rioonwatch.org.br\/?p=31532#primaryimage\"},\"thumbnailUrl\":\"https:\/\/rioonwatch.org.br\/wp-content\/uploads\/2018\/03\/Military-search.-Ta\u0302nia-Re\u0302go-Age\u0302ncia-Brasil.jpg\",\"datePublished\":\"2018-03-02T10:00:37+00:00\",\"dateModified\":\"2024-06-20T16:32:27+00:00\",\"breadcrumb\":{\"@id\":\"https:\/\/rioonwatch.org.br\/?p=31532#breadcrumb\"},\"inLanguage\":\"pt-BR\",\"potentialAction\":[{\"@type\":\"ReadAction\",\"target\":[\"https:\/\/rioonwatch.org.br\/?p=31532\"]}]},{\"@type\":\"ImageObject\",\"inLanguage\":\"pt-BR\",\"@id\":\"https:\/\/rioonwatch.org.br\/?p=31532#primaryimage\",\"url\":\"https:\/\/rioonwatch.org.br\/wp-content\/uploads\/2018\/03\/Military-search.-Ta\u0302nia-Re\u0302go-Age\u0302ncia-Brasil.jpg\",\"contentUrl\":\"https:\/\/rioonwatch.org.br\/wp-content\/uploads\/2018\/03\/Military-search.-Ta\u0302nia-Re\u0302go-Age\u0302ncia-Brasil.jpg\",\"width\":2048,\"height\":1365},{\"@type\":\"BreadcrumbList\",\"@id\":\"https:\/\/rioonwatch.org.br\/?p=31532#breadcrumb\",\"itemListElement\":[{\"@type\":\"ListItem\",\"position\":1,\"name\":\"In\u00edcio\",\"item\":\"https:\/\/rioonwatch.org.br\/\"},{\"@type\":\"ListItem\",\"position\":2,\"name\":\"#AsRedes Denunciam de Imediato a Interven\u00e7\u00e3o Militar e Impactos Negativos Sobre as Favelas\"}]},{\"@type\":\"WebSite\",\"@id\":\"https:\/\/rioonwatch.org.br\/#website\",\"url\":\"https:\/\/rioonwatch.org.br\/\",\"name\":\"RioOnWatch\",\"description\":\"relatos das favelas cariocas\",\"publisher\":{\"@id\":\"https:\/\/rioonwatch.org.br\/#organization\"},\"potentialAction\":[{\"@type\":\"SearchAction\",\"target\":{\"@type\":\"EntryPoint\",\"urlTemplate\":\"https:\/\/rioonwatch.org.br\/?s={search_term_string}\"},\"query-input\":{\"@type\":\"PropertyValueSpecification\",\"valueRequired\":true,\"valueName\":\"search_term_string\"}}],\"inLanguage\":\"pt-BR\"},{\"@type\":\"Organization\",\"@id\":\"https:\/\/rioonwatch.org.br\/#organization\",\"name\":\"RioOnWatch\",\"url\":\"https:\/\/rioonwatch.org.br\/\",\"logo\":{\"@type\":\"ImageObject\",\"inLanguage\":\"pt-BR\",\"@id\":\"https:\/\/rioonwatch.org.br\/#\/schema\/logo\/image\/\",\"url\":\"https:\/\/rioonwatch.org.br\/wp-content\/uploads\/2021\/06\/RioOnWatchcabecalhoPT11anos-2.png\",\"contentUrl\":\"https:\/\/rioonwatch.org.br\/wp-content\/uploads\/2021\/06\/RioOnWatchcabecalhoPT11anos-2.png\",\"width\":779,\"height\":277,\"caption\":\"RioOnWatch\"},\"image\":{\"@id\":\"https:\/\/rioonwatch.org.br\/#\/schema\/logo\/image\/\"}},{\"@type\":\"Person\",\"@id\":\"https:\/\/rioonwatch.org.br\/#\/schema\/person\/11d64c290506f9df50c71b850c473f68\",\"name\":\"Admin\",\"image\":{\"@type\":\"ImageObject\",\"inLanguage\":\"pt-BR\",\"@id\":\"https:\/\/rioonwatch.org.br\/#\/schema\/person\/image\/\",\"url\":\"https:\/\/secure.gravatar.com\/avatar\/56211ac74568383903349a1485e3c325?s=96&d=blank&r=g\",\"contentUrl\":\"https:\/\/secure.gravatar.com\/avatar\/56211ac74568383903349a1485e3c325?s=96&d=blank&r=g\",\"caption\":\"Admin\"},\"url\":\"https:\/\/rioonwatch.org.br\/?author=129\"}]}<\/script>\n<!-- \/ Yoast SEO plugin. -->","yoast_head_json":{"title":"#AsRedes Denunciam de Imediato a Interven\u00e7\u00e3o Militar e Impactos Negativos Sobre as Favelas - RioOnWatch","robots":{"index":"index","follow":"follow","max-snippet":"max-snippet:-1","max-image-preview":"max-image-preview:large","max-video-preview":"max-video-preview:-1"},"canonical":"https:\/\/rioonwatch.org.br\/?p=31532","og_locale":"pt_BR","og_type":"article","og_title":"#AsRedes Denunciam de Imediato a Interven\u00e7\u00e3o Militar e Impactos Negativos Sobre as Favelas - RioOnWatch","og_description":"Click Here for English Mat\u00e9ria da s\u00e9rie\u00a0#OQueDizemAsRedes\u00a0que traz pontos de vista publicados nas redes sociais, de moradores e ativistas de favela sobre eventos e temas que surgem na sociedade. Esta \u00e9\u00a0a primeira da nossa s\u00e9rie [...]","og_url":"https:\/\/rioonwatch.org.br\/?p=31532","og_site_name":"RioOnWatch","article_published_time":"2018-03-02T10:00:37+00:00","article_modified_time":"2024-06-20T16:32:27+00:00","og_image":[{"width":2048,"height":1365,"url":"https:\/\/rioonwatch.org.br\/wp-content\/uploads\/2018\/03\/Military-search.-Ta\u0302nia-Re\u0302go-Age\u0302ncia-Brasil.jpg","type":"image\/jpeg"}],"author":"Admin","twitter_card":"summary_large_image","twitter_misc":{"Escrito por":"Admin","Est. tempo de leitura":"7 minutos"},"schema":{"@context":"https:\/\/schema.org","@graph":[{"@type":"Article","@id":"https:\/\/rioonwatch.org.br\/?p=31532#article","isPartOf":{"@id":"https:\/\/rioonwatch.org.br\/?p=31532"},"author":{"name":"Admin","@id":"https:\/\/rioonwatch.org.br\/#\/schema\/person\/11d64c290506f9df50c71b850c473f68"},"headline":"#AsRedes Denunciam de Imediato a Interven\u00e7\u00e3o Militar e Impactos Negativos Sobre as Favelas","datePublished":"2018-03-02T10:00:37+00:00","dateModified":"2024-06-20T16:32:27+00:00","mainEntityOfPage":{"@id":"https:\/\/rioonwatch.org.br\/?p=31532"},"wordCount":956,"publisher":{"@id":"https:\/\/rioonwatch.org.br\/#organization"},"image":{"@id":"https:\/\/rioonwatch.org.br\/?p=31532#primaryimage"},"thumbnailUrl":"https:\/\/rioonwatch.org.br\/wp-content\/uploads\/2018\/03\/Military-search.-Ta\u0302nia-Re\u0302go-Age\u0302ncia-Brasil.jpg","keywords":["#OQueDizemAsRedes","Complexo da Mar\u00e9","Complexo do Alem\u00e3o","Complexo do Salgueiro","Coreia (Mesquita)","Defensoria P\u00fablica","Direitos Humanos","For\u00e7as Armadas","jornalismo","Kelson's","Manguinhos","m\u00eddia social","ocupa\u00e7\u00e3o militar","Pol\u00edcia Militar","prioridades p\u00fablicas equivocadas","Rede Contra Viol\u00eancia","resist\u00eancia","Rocinha","S\u00e3o Gon\u00e7alo","seguran\u00e7a p\u00fablica","Vila Alian\u00e7a","Vila Kennedy","viola\u00e7\u00f5es","viol\u00eancia de Estado","Voz das Comunidades","Zona Norte","Zona Oeste"],"articleSection":["*Destaque","Den\u00fancias","Escrito por Aliados","M\u00eddia Comunit\u00e1ria","Pol\u00edticas","Sociedade Civil"],"inLanguage":"pt-BR"},{"@type":"WebPage","@id":"https:\/\/rioonwatch.org.br\/?p=31532","url":"https:\/\/rioonwatch.org.br\/?p=31532","name":"#AsRedes Denunciam de Imediato a Interven\u00e7\u00e3o Militar e Impactos Negativos Sobre as Favelas - RioOnWatch","isPartOf":{"@id":"https:\/\/rioonwatch.org.br\/#website"},"primaryImageOfPage":{"@id":"https:\/\/rioonwatch.org.br\/?p=31532#primaryimage"},"image":{"@id":"https:\/\/rioonwatch.org.br\/?p=31532#primaryimage"},"thumbnailUrl":"https:\/\/rioonwatch.org.br\/wp-content\/uploads\/2018\/03\/Military-search.-Ta\u0302nia-Re\u0302go-Age\u0302ncia-Brasil.jpg","datePublished":"2018-03-02T10:00:37+00:00","dateModified":"2024-06-20T16:32:27+00:00","breadcrumb":{"@id":"https:\/\/rioonwatch.org.br\/?p=31532#breadcrumb"},"inLanguage":"pt-BR","potentialAction":[{"@type":"ReadAction","target":["https:\/\/rioonwatch.org.br\/?p=31532"]}]},{"@type":"ImageObject","inLanguage":"pt-BR","@id":"https:\/\/rioonwatch.org.br\/?p=31532#primaryimage","url":"https:\/\/rioonwatch.org.br\/wp-content\/uploads\/2018\/03\/Military-search.-Ta\u0302nia-Re\u0302go-Age\u0302ncia-Brasil.jpg","contentUrl":"https:\/\/rioonwatch.org.br\/wp-content\/uploads\/2018\/03\/Military-search.-Ta\u0302nia-Re\u0302go-Age\u0302ncia-Brasil.jpg","width":2048,"height":1365},{"@type":"BreadcrumbList","@id":"https:\/\/rioonwatch.org.br\/?p=31532#breadcrumb","itemListElement":[{"@type":"ListItem","position":1,"name":"In\u00edcio","item":"https:\/\/rioonwatch.org.br\/"},{"@type":"ListItem","position":2,"name":"#AsRedes Denunciam de Imediato a Interven\u00e7\u00e3o Militar e Impactos Negativos Sobre as Favelas"}]},{"@type":"WebSite","@id":"https:\/\/rioonwatch.org.br\/#website","url":"https:\/\/rioonwatch.org.br\/","name":"RioOnWatch","description":"relatos das favelas cariocas","publisher":{"@id":"https:\/\/rioonwatch.org.br\/#organization"},"potentialAction":[{"@type":"SearchAction","target":{"@type":"EntryPoint","urlTemplate":"https:\/\/rioonwatch.org.br\/?s={search_term_string}"},"query-input":{"@type":"PropertyValueSpecification","valueRequired":true,"valueName":"search_term_string"}}],"inLanguage":"pt-BR"},{"@type":"Organization","@id":"https:\/\/rioonwatch.org.br\/#organization","name":"RioOnWatch","url":"https:\/\/rioonwatch.org.br\/","logo":{"@type":"ImageObject","inLanguage":"pt-BR","@id":"https:\/\/rioonwatch.org.br\/#\/schema\/logo\/image\/","url":"https:\/\/rioonwatch.org.br\/wp-content\/uploads\/2021\/06\/RioOnWatchcabecalhoPT11anos-2.png","contentUrl":"https:\/\/rioonwatch.org.br\/wp-content\/uploads\/2021\/06\/RioOnWatchcabecalhoPT11anos-2.png","width":779,"height":277,"caption":"RioOnWatch"},"image":{"@id":"https:\/\/rioonwatch.org.br\/#\/schema\/logo\/image\/"}},{"@type":"Person","@id":"https:\/\/rioonwatch.org.br\/#\/schema\/person\/11d64c290506f9df50c71b850c473f68","name":"Admin","image":{"@type":"ImageObject","inLanguage":"pt-BR","@id":"https:\/\/rioonwatch.org.br\/#\/schema\/person\/image\/","url":"https:\/\/secure.gravatar.com\/avatar\/56211ac74568383903349a1485e3c325?s=96&d=blank&r=g","contentUrl":"https:\/\/secure.gravatar.com\/avatar\/56211ac74568383903349a1485e3c325?s=96&d=blank&r=g","caption":"Admin"},"url":"https:\/\/rioonwatch.org.br\/?author=129"}]}},"_links":{"self":[{"href":"https:\/\/rioonwatch.org.br\/index.php?rest_route=\/wp\/v2\/posts\/31532"}],"collection":[{"href":"https:\/\/rioonwatch.org.br\/index.php?rest_route=\/wp\/v2\/posts"}],"about":[{"href":"https:\/\/rioonwatch.org.br\/index.php?rest_route=\/wp\/v2\/types\/post"}],"author":[{"embeddable":true,"href":"https:\/\/rioonwatch.org.br\/index.php?rest_route=\/wp\/v2\/users\/129"}],"replies":[{"embeddable":true,"href":"https:\/\/rioonwatch.org.br\/index.php?rest_route=%2Fwp%2Fv2%2Fcomments&post=31532"}],"version-history":[{"count":33,"href":"https:\/\/rioonwatch.org.br\/index.php?rest_route=\/wp\/v2\/posts\/31532\/revisions"}],"predecessor-version":[{"id":65200,"href":"https:\/\/rioonwatch.org.br\/index.php?rest_route=\/wp\/v2\/posts\/31532\/revisions\/65200"}],"wp:featuredmedia":[{"embeddable":true,"href":"https:\/\/rioonwatch.org.br\/index.php?rest_route=\/wp\/v2\/media\/31534"}],"wp:attachment":[{"href":"https:\/\/rioonwatch.org.br\/index.php?rest_route=%2Fwp%2Fv2%2Fmedia&parent=31532"}],"wp:term":[{"taxonomy":"category","embeddable":true,"href":"https:\/\/rioonwatch.org.br\/index.php?rest_route=%2Fwp%2Fv2%2Fcategories&post=31532"},{"taxonomy":"post_tag","embeddable":true,"href":"https:\/\/rioonwatch.org.br\/index.php?rest_route=%2Fwp%2Fv2%2Ftags&post=31532"},{"taxonomy":"writer","embeddable":true,"href":"https:\/\/rioonwatch.org.br\/index.php?rest_route=%2Fwp%2Fv2%2Fwriter&post=31532"},{"taxonomy":"translator","embeddable":true,"href":"https:\/\/rioonwatch.org.br\/index.php?rest_route=%2Fwp%2Fv2%2Ftranslator&post=31532"},{"taxonomy":"source","embeddable":true,"href":"https:\/\/rioonwatch.org.br\/index.php?rest_route=%2Fwp%2Fv2%2Fsource&post=31532"},{"taxonomy":"ilustrador","embeddable":true,"href":"https:\/\/rioonwatch.org.br\/index.php?rest_route=%2Fwp%2Fv2%2Filustrador&post=31532"},{"taxonomy":"fotografo","embeddable":true,"href":"https:\/\/rioonwatch.org.br\/index.php?rest_route=%2Fwp%2Fv2%2Ffotografo&post=31532"}],"curies":[{"name":"wp","href":"https:\/\/api.w.org\/{rel}","templated":true}]}}