{"id":31616,"date":"2018-03-06T11:19:26","date_gmt":"2018-03-06T14:19:26","guid":{"rendered":"http:\/\/rioonwatch.org.br\/?p=31616"},"modified":"2018-03-08T13:47:46","modified_gmt":"2018-03-08T16:47:46","slug":"encontro-favelas-em-foto-compartilha-na-memoria-da-providencia-imagens","status":"publish","type":"post","link":"https:\/\/rioonwatch.org.br\/?p=31616","title":{"rendered":"Encontro &#8216;Favelas em Foto&#8217; Compartilha da Mem\u00f3ria da Provid\u00eancia [IMAGENS]"},"content":{"rendered":"<p style=\"text-align: right;\"><em><strong><a href=\"http:\/\/bit.ly\/2Hg29BL\" target=\"_blank\" rel=\"noopener noreferrer\">Click Here for English<img decoding=\"async\" width=\"20\" height=\"20\" class=\"alignright wp-image-15790\" src=\"http:\/\/rioonwatch.org.br\/wp-content\/uploads\/2012\/08\/EN-standard-e1439583104716.jpg\" \/><\/a><\/strong><\/em><\/p>\n<p><span style=\"font-weight: 400;\">No s\u00e1bado, 3 de mar\u00e7o, o evento <a href=\"http:\/\/bit.ly\/2tivl95\" target=\"_blank\" rel=\"noopener\">Favelas em Foto\u2014Imagens por Direitos<\/a> juntou moradores do <a href=\"http:\/\/bit.ly\/UBMUVJ\" target=\"_blank\" rel=\"noopener\">Morro da Provid\u00eancia<\/a> e fot\u00f3grafos da regi\u00e3o para uma troca sobre a pr\u00e1tica fotogr\u00e1fica e o papel da fotografia na cria\u00e7\u00e3o de hist\u00f3rias da primeira favela. Reunidos em uma igreja ao lado da <a href=\"http:\/\/bit.ly\/2j1KWmB\" target=\"_blank\" rel=\"noopener\">esta\u00e7\u00e3o de telef\u00e9rico desativada<\/a>, os participantes usaram imagens de fot\u00f3grafos profissionais e registros hist\u00f3ricos como ponto de partida para conversas sobre a <a href=\"http:\/\/bit.ly\/1OcSEDn\" target=\"_blank\" rel=\"noopener\">mem\u00f3ria<\/a> da Provid\u00eancia.\u00a0<\/span><\/p>\n<p><a href=\"http:\/\/rioonwatch.org.br\/wp-content\/uploads\/2018\/03\/FavelasEmFotosProvide\u0302ncia-Geral-Foto_RenanOtto.jpg\"><img fetchpriority=\"high\" decoding=\"async\" class=\"aligncenter wp-image-31633 size-large\" title=\"Refletindo sobre as fotografias \u00e0 mostra, Mestre Ben\u00e9 falou da hist\u00f3ria da Provid\u00eancia. Foto: Renan Otto\" src=\"http:\/\/rioonwatch.org.br\/wp-content\/uploads\/2018\/03\/FavelasEmFotosProvide\u0302ncia-Geral-Foto_RenanOtto-1024x682.jpg\" alt=\"\" width=\"620\" height=\"413\" srcset=\"https:\/\/rioonwatch.org.br\/wp-content\/uploads\/2018\/03\/FavelasEmFotosProvide\u0302ncia-Geral-Foto_RenanOtto-1024x682.jpg 1024w, https:\/\/rioonwatch.org.br\/wp-content\/uploads\/2018\/03\/FavelasEmFotosProvide\u0302ncia-Geral-Foto_RenanOtto-396x264.jpg 396w, https:\/\/rioonwatch.org.br\/wp-content\/uploads\/2018\/03\/FavelasEmFotosProvide\u0302ncia-Geral-Foto_RenanOtto-620x413.jpg 620w, https:\/\/rioonwatch.org.br\/wp-content\/uploads\/2018\/03\/FavelasEmFotosProvide\u0302ncia-Geral-Foto_RenanOtto-768x512.jpg 768w, https:\/\/rioonwatch.org.br\/wp-content\/uploads\/2018\/03\/FavelasEmFotosProvide\u0302ncia-Geral-Foto_RenanOtto.jpg 1181w\" sizes=\"(max-width: 620px) 100vw, 620px\" \/><\/a><\/p>\n<p><span style=\"font-weight: 400;\"><a href=\"http:\/\/bit.ly\/2Fifqxi\" target=\"_blank\" rel=\"noopener\">Moradores compartilharam<\/a> lembran\u00e7as variadas, ora dolorosas, ora afetuosas. Algumas antigas, remetendo ao <a href=\"http:\/\/bit.ly\/2cUojex\" target=\"_blank\" rel=\"noopener\">estabelecimento da favela h\u00e1 120 anos<\/a>, outras recentes, sobre pol\u00edticas p\u00fablicas, racismo,\u00a0partidas de futebol, remo\u00e7\u00f5es e personagens memor\u00e1veis do morro.<\/span><\/p>\n<p><a href=\"http:\/\/rioonwatch.org.br\/wp-content\/uploads\/2018\/03\/FavelasEmFotosProvide\u0302ncia-Alessandra-Foto_RenanOtto.jpg\"><img decoding=\"async\" class=\"aligncenter wp-image-31627 size-large\" title=\"Alessandra Lima, moradora, falou da luta contra as remo\u00e7\u00f5es. Foto: Renan Otto\" src=\"http:\/\/rioonwatch.org.br\/wp-content\/uploads\/2018\/03\/FavelasEmFotosProvide\u0302ncia-Alessandra-Foto_RenanOtto-1024x682.jpg\" alt=\"\" width=\"620\" height=\"413\" srcset=\"https:\/\/rioonwatch.org.br\/wp-content\/uploads\/2018\/03\/FavelasEmFotosProvide\u0302ncia-Alessandra-Foto_RenanOtto-1024x682.jpg 1024w, https:\/\/rioonwatch.org.br\/wp-content\/uploads\/2018\/03\/FavelasEmFotosProvide\u0302ncia-Alessandra-Foto_RenanOtto-396x264.jpg 396w, https:\/\/rioonwatch.org.br\/wp-content\/uploads\/2018\/03\/FavelasEmFotosProvide\u0302ncia-Alessandra-Foto_RenanOtto-620x413.jpg 620w, https:\/\/rioonwatch.org.br\/wp-content\/uploads\/2018\/03\/FavelasEmFotosProvide\u0302ncia-Alessandra-Foto_RenanOtto-768x512.jpg 768w, https:\/\/rioonwatch.org.br\/wp-content\/uploads\/2018\/03\/FavelasEmFotosProvide\u0302ncia-Alessandra-Foto_RenanOtto.jpg 1181w\" sizes=\"(max-width: 620px) 100vw, 620px\" \/><\/a><\/p>\n<p>Um dos participantes, <a href=\"http:\/\/bit.ly\/1Fhf4uE\" target=\"_blank\" rel=\"noopener\">Diego Deus<\/a>, refletiu sobre como suas experi\u00eancias crescendo no morro o levaram a se tornar fot\u00f3grafo.<\/p>\n<p><a href=\"http:\/\/rioonwatch.org.br\/wp-content\/uploads\/2018\/03\/FavelasEmFotosProvide\u0302ncia-Diego-Deus-Foto_RenanOtto.jpg\"><img loading=\"lazy\" decoding=\"async\" class=\"aligncenter wp-image-31630 size-large\" title=\"Diego Deus compartilhou sua hist\u00f3ria com os participantes. Foto: Renan Otto\" src=\"http:\/\/rioonwatch.org.br\/wp-content\/uploads\/2018\/03\/FavelasEmFotosProvide\u0302ncia-Diego-Deus-Foto_RenanOtto-1024x682.jpg\" alt=\"\" width=\"620\" height=\"413\" srcset=\"https:\/\/rioonwatch.org.br\/wp-content\/uploads\/2018\/03\/FavelasEmFotosProvide\u0302ncia-Diego-Deus-Foto_RenanOtto-1024x682.jpg 1024w, https:\/\/rioonwatch.org.br\/wp-content\/uploads\/2018\/03\/FavelasEmFotosProvide\u0302ncia-Diego-Deus-Foto_RenanOtto-396x264.jpg 396w, https:\/\/rioonwatch.org.br\/wp-content\/uploads\/2018\/03\/FavelasEmFotosProvide\u0302ncia-Diego-Deus-Foto_RenanOtto-620x413.jpg 620w, https:\/\/rioonwatch.org.br\/wp-content\/uploads\/2018\/03\/FavelasEmFotosProvide\u0302ncia-Diego-Deus-Foto_RenanOtto-768x512.jpg 768w, https:\/\/rioonwatch.org.br\/wp-content\/uploads\/2018\/03\/FavelasEmFotosProvide\u0302ncia-Diego-Deus-Foto_RenanOtto.jpg 1181w\" sizes=\"(max-width: 620px) 100vw, 620px\" \/><\/a><\/p>\n<p>Al\u00e9m dos adultos, as crian\u00e7as participaram de todas as etapas do encontro. Observaram as fotos, compartilharam suas impress\u00f5es e at\u00e9 fotografaram o evento.<\/p>\n<p><a href=\"http:\/\/rioonwatch.org.br\/wp-content\/uploads\/2018\/03\/FavelasEmFotosProvide\u0302ncia-Foto_Luis-Baltar.jpg\"><img loading=\"lazy\" decoding=\"async\" class=\"aligncenter wp-image-31632 size-medium\" title=\"Participante mirim d\u00e1 seu relato. Foto: Luiz Baltar.\" src=\"http:\/\/rioonwatch.org.br\/wp-content\/uploads\/2018\/03\/FavelasEmFotosProvide\u0302ncia-Foto_Luis-Baltar-620x413.jpg\" alt=\"\" width=\"620\" height=\"413\" srcset=\"https:\/\/rioonwatch.org.br\/wp-content\/uploads\/2018\/03\/FavelasEmFotosProvide\u0302ncia-Foto_Luis-Baltar-620x413.jpg 620w, https:\/\/rioonwatch.org.br\/wp-content\/uploads\/2018\/03\/FavelasEmFotosProvide\u0302ncia-Foto_Luis-Baltar-396x264.jpg 396w, https:\/\/rioonwatch.org.br\/wp-content\/uploads\/2018\/03\/FavelasEmFotosProvide\u0302ncia-Foto_Luis-Baltar-768x512.jpg 768w, https:\/\/rioonwatch.org.br\/wp-content\/uploads\/2018\/03\/FavelasEmFotosProvide\u0302ncia-Foto_Luis-Baltar.jpg 960w\" sizes=\"(max-width: 620px) 100vw, 620px\" \/><\/a><\/p>\n<p><span style=\"font-weight: 400;\">Daniel Oliveira, de 7 anos e cria do morro, registrou diversos momentos do encontro, como o sorriso de um dos participantes.<\/span><\/p>\n<p><a href=\"http:\/\/rioonwatch.org.br\/wp-content\/uploads\/2018\/03\/FavelasEmFotosProvide\u0302ncia-Foto_DanielOliveira.jpg\"><img loading=\"lazy\" decoding=\"async\" class=\"aligncenter wp-image-31631 size-medium\" title=\"O fot\u00f3grafo Davy Alexandrisky pelas lentes de Daniel. Foto: Daniel Oliveira\" src=\"http:\/\/rioonwatch.org.br\/wp-content\/uploads\/2018\/03\/FavelasEmFotosProvide\u0302ncia-Foto_DanielOliveira-620x413.jpg\" alt=\"\" width=\"620\" height=\"413\" srcset=\"https:\/\/rioonwatch.org.br\/wp-content\/uploads\/2018\/03\/FavelasEmFotosProvide\u0302ncia-Foto_DanielOliveira-620x413.jpg 620w, https:\/\/rioonwatch.org.br\/wp-content\/uploads\/2018\/03\/FavelasEmFotosProvide\u0302ncia-Foto_DanielOliveira-396x264.jpg 396w, https:\/\/rioonwatch.org.br\/wp-content\/uploads\/2018\/03\/FavelasEmFotosProvide\u0302ncia-Foto_DanielOliveira-768x512.jpg 768w, https:\/\/rioonwatch.org.br\/wp-content\/uploads\/2018\/03\/FavelasEmFotosProvide\u0302ncia-Foto_DanielOliveira.jpg 960w\" sizes=\"(max-width: 620px) 100vw, 620px\" \/><\/a><\/p>\n<p><span style=\"font-weight: 400;\">Na parte da tarde, o evento trouxe falas de fot\u00f3grafos da regi\u00e3o. Henrique Zizo apresentou o trabalho do <a href=\"http:\/\/bit.ly\/2oRss9P\" target=\"_blank\" rel=\"noopener\">Coletivo Foto Expandida<\/a>, que promove oficinas de fotografia na <a href=\"http:\/\/bit.ly\/1cVBDvL\" target=\"_blank\" rel=\"noopener\">Zona Portu\u00e1ria<\/a> do Rio. &#8220;\u00c9 um projeto sobre o processo de cria\u00e7\u00e3o da imagem&#8221;, disse ele. Explicou que no in\u00edcio das oficinas, muitos participantes n\u00e3o se interessam pelas imagens produzidas, normalmente capturadas por uma <a href=\"http:\/\/bit.ly\/2oJWfCe\" target=\"_blank\" rel=\"noopener\">c\u00e2mera pinhole<\/a>. Mas que ao passarem por todas as etapas de cria\u00e7\u00e3o, que inclui a impress\u00e3o das fotos em uma sala escura, os participantes desenvolvem um apre\u00e7o enorme pelos registros.<\/span><\/p>\n<p><a href=\"http:\/\/rioonwatch.org.br\/wp-content\/uploads\/2018\/03\/FavelasEmFotosProvide\u0302ncia-Zizo-Foto_LuizBaltar.jpg\"><img loading=\"lazy\" decoding=\"async\" class=\"aligncenter wp-image-31635 size-medium\" title=\"Zizo apresentando o Coletivo Fotografia Expandida. Foto: Luiz Baltar.\" src=\"http:\/\/rioonwatch.org.br\/wp-content\/uploads\/2018\/03\/FavelasEmFotosProvide\u0302ncia-Zizo-Foto_LuizBaltar-620x413.jpg\" alt=\"\" width=\"620\" height=\"413\" srcset=\"https:\/\/rioonwatch.org.br\/wp-content\/uploads\/2018\/03\/FavelasEmFotosProvide\u0302ncia-Zizo-Foto_LuizBaltar-620x413.jpg 620w, https:\/\/rioonwatch.org.br\/wp-content\/uploads\/2018\/03\/FavelasEmFotosProvide\u0302ncia-Zizo-Foto_LuizBaltar-396x264.jpg 396w, https:\/\/rioonwatch.org.br\/wp-content\/uploads\/2018\/03\/FavelasEmFotosProvide\u0302ncia-Zizo-Foto_LuizBaltar-768x512.jpg 768w, https:\/\/rioonwatch.org.br\/wp-content\/uploads\/2018\/03\/FavelasEmFotosProvide\u0302ncia-Zizo-Foto_LuizBaltar.jpg 960w\" sizes=\"(max-width: 620px) 100vw, 620px\" \/><\/a><\/p>\n<p><span style=\"font-weight: 400;\"><a href=\"http:\/\/bit.ly\/2oLplkq\" target=\"_blank\" rel=\"noopener\">Maur\u00edcio Hora<\/a>, fot\u00f3grafo renomado da Provid\u00eancia e respons\u00e1vel pela <a href=\"http:\/\/bit.ly\/2cnUreU\" target=\"_blank\" rel=\"noopener\">Casa Amarela<\/a>, refletiu sobre <a href=\"http:\/\/bit.ly\/1Fhf4uE\" target=\"_blank\" rel=\"noopener\">sua pr\u00e1tica fotogr\u00e1fica<\/a>. Falou do foco de sua arte na documenta\u00e7\u00e3o e das dificuldades em fotografar na favela devido \u00e0 presen\u00e7a dos poderes armados (paralelo e estatal). Tamb\u00e9m refletiu sobre a inacessibilidade da fotografia para os moradores. &#8220;A comunidade participa muito pouco. A fotografia \u00e9 muito filos\u00f3fica e intelectualizada.&#8221;<\/span><\/p>\n<p><a href=\"http:\/\/rioonwatch.org.br\/wp-content\/uploads\/2018\/03\/FavelasEmFotosProvide\u0302ncia-Mauricio-Hora-Foto_Luis-Baltar-e1520277245838.jpg\"><img loading=\"lazy\" decoding=\"async\" class=\"aligncenter wp-image-31634 size-medium\" title=\"Maur\u00edcio Hora falou de seu trabalho documental sobre a Provid\u00eancia. Foto: Renan Otto\" src=\"http:\/\/rioonwatch.org.br\/wp-content\/uploads\/2018\/03\/FavelasEmFotosProvide\u0302ncia-Mauricio-Hora-Foto_Luis-Baltar-e1520277245838-620x372.jpg\" alt=\"\" width=\"620\" height=\"372\" srcset=\"https:\/\/rioonwatch.org.br\/wp-content\/uploads\/2018\/03\/FavelasEmFotosProvide\u0302ncia-Mauricio-Hora-Foto_Luis-Baltar-e1520277245838-620x372.jpg 620w, https:\/\/rioonwatch.org.br\/wp-content\/uploads\/2018\/03\/FavelasEmFotosProvide\u0302ncia-Mauricio-Hora-Foto_Luis-Baltar-e1520277245838-440x264.jpg 440w, https:\/\/rioonwatch.org.br\/wp-content\/uploads\/2018\/03\/FavelasEmFotosProvide\u0302ncia-Mauricio-Hora-Foto_Luis-Baltar-e1520277245838-768x461.jpg 768w, https:\/\/rioonwatch.org.br\/wp-content\/uploads\/2018\/03\/FavelasEmFotosProvide\u0302ncia-Mauricio-Hora-Foto_Luis-Baltar-e1520277245838.jpg 828w\" sizes=\"(max-width: 620px) 100vw, 620px\" \/><\/a><\/p>\n<p><span style=\"font-weight: 400;\">J\u00e1 Aline Mendes, tamb\u00e9m moradora, falou de seu esfor\u00e7o de reunir o acervo fotogr\u00e1fico de Sebasti\u00e3o Pires, que segundo ela, &#8220;fotografou o per\u00edodo de ouro da Provid\u00eancia&#8221;. Ti\u00e3o, como \u00e9 mais conhecido, registrava batizados, primeiras comunh\u00f5es, confraterniza\u00e7\u00f5es nos botecos e toda sorte de evento cotidiano do morro. &#8220;Boa parte da hist\u00f3ria das fam\u00edlias da Provid\u00eancia foi registrada pelo Ti\u00e3o&#8221;, explicou. O acervo do fot\u00f3grafo foi exibido no <a href=\"http:\/\/bit.ly\/2wgaEtV\">Museu de Arte do Rio (MAR)<\/a>, na exposi\u00e7\u00e3o <a href=\"http:\/\/bit.ly\/2I1vbq1\" target=\"_blank\" rel=\"noopener\">Constela\u00e7\u00e3o de Ti\u00e3o<\/a>, e permanece no museu, para fins de preserva\u00e7\u00e3o. Mas Aline fez quest\u00e3o de refor\u00e7ar: &#8220;O lugar do acervo \u00e9 aqui. Ele pertence \u00e0 Provid\u00eancia&#8221;.<\/span><\/p>\n<p><a href=\"http:\/\/rioonwatch.org.br\/wp-content\/uploads\/2018\/03\/FavelasEmFotosProvide\u0302ncia-Aline-Mendes-Foto_Luis-Baltar.jpg\"><img loading=\"lazy\" decoding=\"async\" class=\"aligncenter wp-image-31628 size-medium\" title=\"Aline Mendes falou do fot\u00f3grafo Ti\u00e3o Pires. Foto: Luiz Baltar\" src=\"http:\/\/rioonwatch.org.br\/wp-content\/uploads\/2018\/03\/FavelasEmFotosProvide\u0302ncia-Aline-Mendes-Foto_Luis-Baltar-620x413.jpg\" alt=\"\" width=\"620\" height=\"413\" srcset=\"https:\/\/rioonwatch.org.br\/wp-content\/uploads\/2018\/03\/FavelasEmFotosProvide\u0302ncia-Aline-Mendes-Foto_Luis-Baltar-620x413.jpg 620w, https:\/\/rioonwatch.org.br\/wp-content\/uploads\/2018\/03\/FavelasEmFotosProvide\u0302ncia-Aline-Mendes-Foto_Luis-Baltar-396x264.jpg 396w, https:\/\/rioonwatch.org.br\/wp-content\/uploads\/2018\/03\/FavelasEmFotosProvide\u0302ncia-Aline-Mendes-Foto_Luis-Baltar-768x512.jpg 768w, https:\/\/rioonwatch.org.br\/wp-content\/uploads\/2018\/03\/FavelasEmFotosProvide\u0302ncia-Aline-Mendes-Foto_Luis-Baltar.jpg 960w\" sizes=\"(max-width: 620px) 100vw, 620px\" \/><\/a><\/p>\n<p><span style=\"font-weight: 400;\">As trocas iniciadas no s\u00e1bado ter\u00e3o continuidade na Provid\u00eancia e em outras favelas cariocas. Na Provid\u00eancia, o fot\u00f3grafo F\u00e1bio Caff\u00e9 ir\u00e1 conduzir, em abril, uma oficina de fotografia para moradores. Interessados podem se inscrever pelo email favelaemfoto@gmail.com<\/span><span style=\"font-weight: 400;\">. E entre abril e maio a s\u00e9rie de encontros Favelas em Foto ter\u00e1 edi\u00e7\u00f5es na <a href=\"http:\/\/bit.ly\/1g63Krv\" target=\"_blank\" rel=\"noopener\">Vila Kennedy<\/a>, <a href=\"http:\/\/bit.ly\/1sksV07\" target=\"_blank\" rel=\"noopener\">Manguinhos<\/a> e <a href=\"http:\/\/bit.ly\/YZD9al\" target=\"_blank\" rel=\"noopener\">Santa Marta<\/a>. O evento final ser\u00e1 em junho e reunir\u00e1 o conte\u00fado discutido em cada uma das favelas para gerar uma reflex\u00e3o geral. Os encontros s\u00e3o uma realiza\u00e7\u00e3o\u00a0do <a href=\"http:\/\/bit.ly\/1Aq7NJ2\" target=\"_blank\" rel=\"noopener\">Favela em Foco<\/a>\u00a0e da <a href=\"http:\/\/bit.ly\/2D1XXCU\" target=\"_blank\" rel=\"noopener\">Funda\u00e7\u00e3o Rosa Luxemburgo<\/a>.<\/span><\/p>\n<!-- AddThis Advanced Settings generic via filter on the_content --><!-- AddThis Share Buttons generic via filter on the_content -->","protected":false},"excerpt":{"rendered":"<div class=\"mh-excerpt\"><p>Click Here for English No s\u00e1bado, 3 de mar\u00e7o, o evento Favelas em Foto\u2014Imagens por Direitos juntou moradores do Morro da Provid\u00eancia e fot\u00f3grafos da regi\u00e3o para uma troca sobre a pr\u00e1tica fotogr\u00e1fica e o <a class=\"mh-excerpt-more\" href=\"https:\/\/rioonwatch.org.br\/?p=31616\" title=\"Encontro &#8216;Favelas em Foto&#8217; Compartilha da Mem\u00f3ria da Provid\u00eancia [IMAGENS]\">[&#8230;]<\/a><!-- AddThis Advanced Settings generic via filter on get_the_excerpt --><!-- AddThis Share Buttons generic via filter on get_the_excerpt --><\/p>\n<\/div>","protected":false},"author":158,"featured_media":31629,"comment_status":"closed","ping_status":"closed","sticky":false,"template":"","format":"standard","meta":{"_acf_changed":false,"_monsterinsights_skip_tracking":false,"_monsterinsights_sitenote_active":false,"_monsterinsights_sitenote_note":"","_monsterinsights_sitenote_category":0,"footnotes":""},"categories":[1621,1627,1615,1633,1613,342],"tags":[334,1446,259,922,1743,83,636,469,257,2175,1297,494,180,262,544],"writer":[2035],"translator":[],"source":[],"ilustrador":[],"fotografo":[],"class_list":{"0":"post-31616","1":"post","2":"type-post","3":"status-publish","4":"format-standard","5":"has-post-thumbnail","7":"category-destaque","8":"category-relato-de-evento","9":"category-cultura-da-favela","10":"category-foto-reportagens","11":"category-midia-comunitaria","12":"category-solucoes","13":"tag-arte","14":"tag-capacitacao","15":"tag-centro","16":"tag-evento","17":"tag-favela-em-foco","18":"tag-fotografia","19":"tag-manguinhos","20":"tag-memoria","21":"tag-providencia","22":"tag-museu-de-arte-do-rio","23":"tag-preservacao-historica","24":"tag-regiao-do-porto","25":"tag-santa-marta","26":"tag-teleferico","27":"tag-vila-kennedy","28":"writer-clara-ferraz"},"acf":[],"yoast_head":"<!-- This site is optimized with the Yoast SEO plugin v25.6 - https:\/\/yoast.com\/wordpress\/plugins\/seo\/ -->\n<title>Encontro &#039;Favelas em Foto&#039; Compartilha da Mem\u00f3ria da Provid\u00eancia [IMAGENS] - RioOnWatch<\/title>\n<meta name=\"robots\" content=\"index, follow, max-snippet:-1, max-image-preview:large, max-video-preview:-1\" \/>\n<link rel=\"canonical\" href=\"https:\/\/rioonwatch.org.br\/?p=31616\" \/>\n<meta property=\"og:locale\" content=\"pt_BR\" \/>\n<meta property=\"og:type\" content=\"article\" \/>\n<meta property=\"og:title\" content=\"Encontro &#039;Favelas em Foto&#039; Compartilha da Mem\u00f3ria da Provid\u00eancia [IMAGENS] - RioOnWatch\" \/>\n<meta property=\"og:description\" content=\"Click Here for English No s\u00e1bado, 3 de mar\u00e7o, o evento Favelas em Foto\u2014Imagens por Direitos juntou moradores do Morro da Provid\u00eancia e fot\u00f3grafos da regi\u00e3o para uma troca sobre a pr\u00e1tica fotogr\u00e1fica e o [...]\" \/>\n<meta property=\"og:url\" content=\"https:\/\/rioonwatch.org.br\/?p=31616\" \/>\n<meta property=\"og:site_name\" content=\"RioOnWatch\" \/>\n<meta property=\"article:published_time\" content=\"2018-03-06T14:19:26+00:00\" \/>\n<meta property=\"article:modified_time\" content=\"2018-03-08T16:47:46+00:00\" \/>\n<meta property=\"og:image\" content=\"https:\/\/rioonwatch.org.br\/wp-content\/uploads\/2018\/03\/FavelasEmFotosProvide\u0302ncia-Daniel-Foto_RenanOtto.jpg\" \/>\n\t<meta property=\"og:image:width\" content=\"1181\" \/>\n\t<meta property=\"og:image:height\" content=\"787\" \/>\n\t<meta property=\"og:image:type\" content=\"image\/jpeg\" \/>\n<meta name=\"author\" content=\"Clara Ferraz\" \/>\n<meta name=\"twitter:card\" content=\"summary_large_image\" \/>\n<meta name=\"twitter:label1\" content=\"Escrito por\" \/>\n\t<meta name=\"twitter:data1\" content=\"Clara Ferraz\" \/>\n\t<meta name=\"twitter:label2\" content=\"Est. tempo de leitura\" \/>\n\t<meta name=\"twitter:data2\" content=\"3 minutos\" \/>\n<script type=\"application\/ld+json\" class=\"yoast-schema-graph\">{\"@context\":\"https:\/\/schema.org\",\"@graph\":[{\"@type\":\"Article\",\"@id\":\"https:\/\/rioonwatch.org.br\/?p=31616#article\",\"isPartOf\":{\"@id\":\"https:\/\/rioonwatch.org.br\/?p=31616\"},\"author\":{\"name\":\"Clara Ferraz\",\"@id\":\"https:\/\/rioonwatch.org.br\/#\/schema\/person\/51419201ecd6399f425faa71e4df4bb4\"},\"headline\":\"Encontro &#8216;Favelas em Foto&#8217; Compartilha da Mem\u00f3ria da Provid\u00eancia [IMAGENS]\",\"datePublished\":\"2018-03-06T14:19:26+00:00\",\"dateModified\":\"2018-03-08T16:47:46+00:00\",\"mainEntityOfPage\":{\"@id\":\"https:\/\/rioonwatch.org.br\/?p=31616\"},\"wordCount\":606,\"publisher\":{\"@id\":\"https:\/\/rioonwatch.org.br\/#organization\"},\"image\":{\"@id\":\"https:\/\/rioonwatch.org.br\/?p=31616#primaryimage\"},\"thumbnailUrl\":\"https:\/\/rioonwatch.org.br\/wp-content\/uploads\/2018\/03\/FavelasEmFotosProvide\u0302ncia-Daniel-Foto_RenanOtto.jpg\",\"keywords\":[\"arte\",\"capacita\u00e7\u00e3o\",\"Centro\",\"evento\",\"Favela em Foco\",\"fotografia\",\"Manguinhos\",\"Mem\u00f3rias Faveladas\",\"Morro da Provid\u00eancia\",\"Museu de Arte do Rio\",\"preserva\u00e7\u00e3o hist\u00f3rica\",\"Regi\u00e3o do Porto\",\"Santa Marta\",\"telef\u00e9rico\",\"Vila Kennedy\"],\"articleSection\":[\"*Destaque\",\"Cobertura de Eventos\",\"Cultura da Favela\",\"Fotorreportagens\",\"M\u00eddia Comunit\u00e1ria\",\"Solu\u00e7\u00f5es\"],\"inLanguage\":\"pt-BR\"},{\"@type\":\"WebPage\",\"@id\":\"https:\/\/rioonwatch.org.br\/?p=31616\",\"url\":\"https:\/\/rioonwatch.org.br\/?p=31616\",\"name\":\"Encontro 'Favelas em Foto' Compartilha da Mem\u00f3ria da Provid\u00eancia [IMAGENS] - RioOnWatch\",\"isPartOf\":{\"@id\":\"https:\/\/rioonwatch.org.br\/#website\"},\"primaryImageOfPage\":{\"@id\":\"https:\/\/rioonwatch.org.br\/?p=31616#primaryimage\"},\"image\":{\"@id\":\"https:\/\/rioonwatch.org.br\/?p=31616#primaryimage\"},\"thumbnailUrl\":\"https:\/\/rioonwatch.org.br\/wp-content\/uploads\/2018\/03\/FavelasEmFotosProvide\u0302ncia-Daniel-Foto_RenanOtto.jpg\",\"datePublished\":\"2018-03-06T14:19:26+00:00\",\"dateModified\":\"2018-03-08T16:47:46+00:00\",\"breadcrumb\":{\"@id\":\"https:\/\/rioonwatch.org.br\/?p=31616#breadcrumb\"},\"inLanguage\":\"pt-BR\",\"potentialAction\":[{\"@type\":\"ReadAction\",\"target\":[\"https:\/\/rioonwatch.org.br\/?p=31616\"]}]},{\"@type\":\"ImageObject\",\"inLanguage\":\"pt-BR\",\"@id\":\"https:\/\/rioonwatch.org.br\/?p=31616#primaryimage\",\"url\":\"https:\/\/rioonwatch.org.br\/wp-content\/uploads\/2018\/03\/FavelasEmFotosProvide\u0302ncia-Daniel-Foto_RenanOtto.jpg\",\"contentUrl\":\"https:\/\/rioonwatch.org.br\/wp-content\/uploads\/2018\/03\/FavelasEmFotosProvide\u0302ncia-Daniel-Foto_RenanOtto.jpg\",\"width\":1181,\"height\":787},{\"@type\":\"BreadcrumbList\",\"@id\":\"https:\/\/rioonwatch.org.br\/?p=31616#breadcrumb\",\"itemListElement\":[{\"@type\":\"ListItem\",\"position\":1,\"name\":\"In\u00edcio\",\"item\":\"https:\/\/rioonwatch.org.br\/\"},{\"@type\":\"ListItem\",\"position\":2,\"name\":\"Encontro &#8216;Favelas em Foto&#8217; Compartilha da Mem\u00f3ria da Provid\u00eancia [IMAGENS]\"}]},{\"@type\":\"WebSite\",\"@id\":\"https:\/\/rioonwatch.org.br\/#website\",\"url\":\"https:\/\/rioonwatch.org.br\/\",\"name\":\"RioOnWatch\",\"description\":\"relatos das favelas cariocas\",\"publisher\":{\"@id\":\"https:\/\/rioonwatch.org.br\/#organization\"},\"potentialAction\":[{\"@type\":\"SearchAction\",\"target\":{\"@type\":\"EntryPoint\",\"urlTemplate\":\"https:\/\/rioonwatch.org.br\/?s={search_term_string}\"},\"query-input\":{\"@type\":\"PropertyValueSpecification\",\"valueRequired\":true,\"valueName\":\"search_term_string\"}}],\"inLanguage\":\"pt-BR\"},{\"@type\":\"Organization\",\"@id\":\"https:\/\/rioonwatch.org.br\/#organization\",\"name\":\"RioOnWatch\",\"url\":\"https:\/\/rioonwatch.org.br\/\",\"logo\":{\"@type\":\"ImageObject\",\"inLanguage\":\"pt-BR\",\"@id\":\"https:\/\/rioonwatch.org.br\/#\/schema\/logo\/image\/\",\"url\":\"https:\/\/rioonwatch.org.br\/wp-content\/uploads\/2021\/06\/RioOnWatchcabecalhoPT11anos-2.png\",\"contentUrl\":\"https:\/\/rioonwatch.org.br\/wp-content\/uploads\/2021\/06\/RioOnWatchcabecalhoPT11anos-2.png\",\"width\":779,\"height\":277,\"caption\":\"RioOnWatch\"},\"image\":{\"@id\":\"https:\/\/rioonwatch.org.br\/#\/schema\/logo\/image\/\"}},{\"@type\":\"Person\",\"@id\":\"https:\/\/rioonwatch.org.br\/#\/schema\/person\/51419201ecd6399f425faa71e4df4bb4\",\"name\":\"Clara Ferraz\",\"image\":{\"@type\":\"ImageObject\",\"inLanguage\":\"pt-BR\",\"@id\":\"https:\/\/rioonwatch.org.br\/#\/schema\/person\/image\/\",\"url\":\"https:\/\/secure.gravatar.com\/avatar\/8aaa457da6c4a1f8ae706c36cfbad5c4?s=96&d=blank&r=g\",\"contentUrl\":\"https:\/\/secure.gravatar.com\/avatar\/8aaa457da6c4a1f8ae706c36cfbad5c4?s=96&d=blank&r=g\",\"caption\":\"Clara Ferraz\"},\"url\":\"https:\/\/rioonwatch.org.br\/?author=158\"}]}<\/script>\n<!-- \/ Yoast SEO plugin. -->","yoast_head_json":{"title":"Encontro 'Favelas em Foto' Compartilha da Mem\u00f3ria da Provid\u00eancia [IMAGENS] - RioOnWatch","robots":{"index":"index","follow":"follow","max-snippet":"max-snippet:-1","max-image-preview":"max-image-preview:large","max-video-preview":"max-video-preview:-1"},"canonical":"https:\/\/rioonwatch.org.br\/?p=31616","og_locale":"pt_BR","og_type":"article","og_title":"Encontro 'Favelas em Foto' Compartilha da Mem\u00f3ria da Provid\u00eancia [IMAGENS] - RioOnWatch","og_description":"Click Here for English No s\u00e1bado, 3 de mar\u00e7o, o evento Favelas em Foto\u2014Imagens por Direitos juntou moradores do Morro da Provid\u00eancia e fot\u00f3grafos da regi\u00e3o para uma troca sobre a pr\u00e1tica fotogr\u00e1fica e o [...]","og_url":"https:\/\/rioonwatch.org.br\/?p=31616","og_site_name":"RioOnWatch","article_published_time":"2018-03-06T14:19:26+00:00","article_modified_time":"2018-03-08T16:47:46+00:00","og_image":[{"width":1181,"height":787,"url":"https:\/\/rioonwatch.org.br\/wp-content\/uploads\/2018\/03\/FavelasEmFotosProvide\u0302ncia-Daniel-Foto_RenanOtto.jpg","type":"image\/jpeg"}],"author":"Clara Ferraz","twitter_card":"summary_large_image","twitter_misc":{"Escrito por":"Clara Ferraz","Est. tempo de leitura":"3 minutos"},"schema":{"@context":"https:\/\/schema.org","@graph":[{"@type":"Article","@id":"https:\/\/rioonwatch.org.br\/?p=31616#article","isPartOf":{"@id":"https:\/\/rioonwatch.org.br\/?p=31616"},"author":{"name":"Clara Ferraz","@id":"https:\/\/rioonwatch.org.br\/#\/schema\/person\/51419201ecd6399f425faa71e4df4bb4"},"headline":"Encontro &#8216;Favelas em Foto&#8217; Compartilha da Mem\u00f3ria da Provid\u00eancia [IMAGENS]","datePublished":"2018-03-06T14:19:26+00:00","dateModified":"2018-03-08T16:47:46+00:00","mainEntityOfPage":{"@id":"https:\/\/rioonwatch.org.br\/?p=31616"},"wordCount":606,"publisher":{"@id":"https:\/\/rioonwatch.org.br\/#organization"},"image":{"@id":"https:\/\/rioonwatch.org.br\/?p=31616#primaryimage"},"thumbnailUrl":"https:\/\/rioonwatch.org.br\/wp-content\/uploads\/2018\/03\/FavelasEmFotosProvide\u0302ncia-Daniel-Foto_RenanOtto.jpg","keywords":["arte","capacita\u00e7\u00e3o","Centro","evento","Favela em Foco","fotografia","Manguinhos","Mem\u00f3rias Faveladas","Morro da Provid\u00eancia","Museu de Arte do Rio","preserva\u00e7\u00e3o hist\u00f3rica","Regi\u00e3o do Porto","Santa Marta","telef\u00e9rico","Vila Kennedy"],"articleSection":["*Destaque","Cobertura de Eventos","Cultura da Favela","Fotorreportagens","M\u00eddia Comunit\u00e1ria","Solu\u00e7\u00f5es"],"inLanguage":"pt-BR"},{"@type":"WebPage","@id":"https:\/\/rioonwatch.org.br\/?p=31616","url":"https:\/\/rioonwatch.org.br\/?p=31616","name":"Encontro 'Favelas em Foto' Compartilha da Mem\u00f3ria da Provid\u00eancia [IMAGENS] - RioOnWatch","isPartOf":{"@id":"https:\/\/rioonwatch.org.br\/#website"},"primaryImageOfPage":{"@id":"https:\/\/rioonwatch.org.br\/?p=31616#primaryimage"},"image":{"@id":"https:\/\/rioonwatch.org.br\/?p=31616#primaryimage"},"thumbnailUrl":"https:\/\/rioonwatch.org.br\/wp-content\/uploads\/2018\/03\/FavelasEmFotosProvide\u0302ncia-Daniel-Foto_RenanOtto.jpg","datePublished":"2018-03-06T14:19:26+00:00","dateModified":"2018-03-08T16:47:46+00:00","breadcrumb":{"@id":"https:\/\/rioonwatch.org.br\/?p=31616#breadcrumb"},"inLanguage":"pt-BR","potentialAction":[{"@type":"ReadAction","target":["https:\/\/rioonwatch.org.br\/?p=31616"]}]},{"@type":"ImageObject","inLanguage":"pt-BR","@id":"https:\/\/rioonwatch.org.br\/?p=31616#primaryimage","url":"https:\/\/rioonwatch.org.br\/wp-content\/uploads\/2018\/03\/FavelasEmFotosProvide\u0302ncia-Daniel-Foto_RenanOtto.jpg","contentUrl":"https:\/\/rioonwatch.org.br\/wp-content\/uploads\/2018\/03\/FavelasEmFotosProvide\u0302ncia-Daniel-Foto_RenanOtto.jpg","width":1181,"height":787},{"@type":"BreadcrumbList","@id":"https:\/\/rioonwatch.org.br\/?p=31616#breadcrumb","itemListElement":[{"@type":"ListItem","position":1,"name":"In\u00edcio","item":"https:\/\/rioonwatch.org.br\/"},{"@type":"ListItem","position":2,"name":"Encontro &#8216;Favelas em Foto&#8217; Compartilha da Mem\u00f3ria da Provid\u00eancia [IMAGENS]"}]},{"@type":"WebSite","@id":"https:\/\/rioonwatch.org.br\/#website","url":"https:\/\/rioonwatch.org.br\/","name":"RioOnWatch","description":"relatos das favelas cariocas","publisher":{"@id":"https:\/\/rioonwatch.org.br\/#organization"},"potentialAction":[{"@type":"SearchAction","target":{"@type":"EntryPoint","urlTemplate":"https:\/\/rioonwatch.org.br\/?s={search_term_string}"},"query-input":{"@type":"PropertyValueSpecification","valueRequired":true,"valueName":"search_term_string"}}],"inLanguage":"pt-BR"},{"@type":"Organization","@id":"https:\/\/rioonwatch.org.br\/#organization","name":"RioOnWatch","url":"https:\/\/rioonwatch.org.br\/","logo":{"@type":"ImageObject","inLanguage":"pt-BR","@id":"https:\/\/rioonwatch.org.br\/#\/schema\/logo\/image\/","url":"https:\/\/rioonwatch.org.br\/wp-content\/uploads\/2021\/06\/RioOnWatchcabecalhoPT11anos-2.png","contentUrl":"https:\/\/rioonwatch.org.br\/wp-content\/uploads\/2021\/06\/RioOnWatchcabecalhoPT11anos-2.png","width":779,"height":277,"caption":"RioOnWatch"},"image":{"@id":"https:\/\/rioonwatch.org.br\/#\/schema\/logo\/image\/"}},{"@type":"Person","@id":"https:\/\/rioonwatch.org.br\/#\/schema\/person\/51419201ecd6399f425faa71e4df4bb4","name":"Clara Ferraz","image":{"@type":"ImageObject","inLanguage":"pt-BR","@id":"https:\/\/rioonwatch.org.br\/#\/schema\/person\/image\/","url":"https:\/\/secure.gravatar.com\/avatar\/8aaa457da6c4a1f8ae706c36cfbad5c4?s=96&d=blank&r=g","contentUrl":"https:\/\/secure.gravatar.com\/avatar\/8aaa457da6c4a1f8ae706c36cfbad5c4?s=96&d=blank&r=g","caption":"Clara Ferraz"},"url":"https:\/\/rioonwatch.org.br\/?author=158"}]}},"_links":{"self":[{"href":"https:\/\/rioonwatch.org.br\/index.php?rest_route=\/wp\/v2\/posts\/31616"}],"collection":[{"href":"https:\/\/rioonwatch.org.br\/index.php?rest_route=\/wp\/v2\/posts"}],"about":[{"href":"https:\/\/rioonwatch.org.br\/index.php?rest_route=\/wp\/v2\/types\/post"}],"author":[{"embeddable":true,"href":"https:\/\/rioonwatch.org.br\/index.php?rest_route=\/wp\/v2\/users\/158"}],"replies":[{"embeddable":true,"href":"https:\/\/rioonwatch.org.br\/index.php?rest_route=%2Fwp%2Fv2%2Fcomments&post=31616"}],"version-history":[{"count":23,"href":"https:\/\/rioonwatch.org.br\/index.php?rest_route=\/wp\/v2\/posts\/31616\/revisions"}],"predecessor-version":[{"id":31670,"href":"https:\/\/rioonwatch.org.br\/index.php?rest_route=\/wp\/v2\/posts\/31616\/revisions\/31670"}],"wp:featuredmedia":[{"embeddable":true,"href":"https:\/\/rioonwatch.org.br\/index.php?rest_route=\/wp\/v2\/media\/31629"}],"wp:attachment":[{"href":"https:\/\/rioonwatch.org.br\/index.php?rest_route=%2Fwp%2Fv2%2Fmedia&parent=31616"}],"wp:term":[{"taxonomy":"category","embeddable":true,"href":"https:\/\/rioonwatch.org.br\/index.php?rest_route=%2Fwp%2Fv2%2Fcategories&post=31616"},{"taxonomy":"post_tag","embeddable":true,"href":"https:\/\/rioonwatch.org.br\/index.php?rest_route=%2Fwp%2Fv2%2Ftags&post=31616"},{"taxonomy":"writer","embeddable":true,"href":"https:\/\/rioonwatch.org.br\/index.php?rest_route=%2Fwp%2Fv2%2Fwriter&post=31616"},{"taxonomy":"translator","embeddable":true,"href":"https:\/\/rioonwatch.org.br\/index.php?rest_route=%2Fwp%2Fv2%2Ftranslator&post=31616"},{"taxonomy":"source","embeddable":true,"href":"https:\/\/rioonwatch.org.br\/index.php?rest_route=%2Fwp%2Fv2%2Fsource&post=31616"},{"taxonomy":"ilustrador","embeddable":true,"href":"https:\/\/rioonwatch.org.br\/index.php?rest_route=%2Fwp%2Fv2%2Filustrador&post=31616"},{"taxonomy":"fotografo","embeddable":true,"href":"https:\/\/rioonwatch.org.br\/index.php?rest_route=%2Fwp%2Fv2%2Ffotografo&post=31616"}],"curies":[{"name":"wp","href":"https:\/\/api.w.org\/{rel}","templated":true}]}}